{"id":174440,"date":"2023-07-14T08:40:54","date_gmt":"2023-07-14T06:40:54","guid":{"rendered":"https:\/\/candas365.es\/noticias\/?p=174440"},"modified":"2023-07-14T08:40:54","modified_gmt":"2023-07-14T06:40:54","slug":"alerta-hoy-viernes-en-asturias-por-altas-temperaturas","status":"publish","type":"post","link":"https:\/\/candas365.es\/noticias\/alerta-hoy-viernes-en-asturias-por-altas-temperaturas\/","title":{"rendered":"Alerta hoy viernes en Asturias por altas temperaturas"},"content":{"rendered":"<p><strong>Hoy viernes en Asturias<\/strong> tendremos activado el nivel de alerta 2 (riesgo medio) del Plan Nacional de Actuaciones Preventivas de los Efectos de los Excesos de <a href=\"https:\/\/candas365.es\/noticias\/category\/el-tiempo\/\"><span style=\"color: #ff6600;\"><strong>Temperatura<\/strong><\/span><\/a> sobre la Salud 2023, <strong>ante las estimaciones de la Agencia Estatal de Meteorolog\u00eda (Aemet), que pronostica que en los pr\u00f3ximos d\u00edas se alcanzar\u00e1n los 30 grados en la comunidad.<\/strong><\/p>\n<figure id=\"attachment_174441\" aria-describedby=\"caption-attachment-174441\" style=\"width: 637px\" class=\"wp-caption aligncenter\"><img fetchpriority=\"high\" decoding=\"async\" class=\"wp-image-174441 size-large\" src=\"https:\/\/candas365.es\/noticias\/wp-content\/uploads\/2023\/07\/Candas-Asturias-637x480.jpg\" alt=\"Cand\u00e1s Asturias\" width=\"637\" height=\"480\" srcset=\"https:\/\/candas365.es\/noticias\/wp-content\/uploads\/2023\/07\/Candas-Asturias-637x480.jpg 637w, https:\/\/candas365.es\/noticias\/wp-content\/uploads\/2023\/07\/Candas-Asturias-360x271.jpg 360w, https:\/\/candas365.es\/noticias\/wp-content\/uploads\/2023\/07\/Candas-Asturias-768x578.jpg 768w, https:\/\/candas365.es\/noticias\/wp-content\/uploads\/2023\/07\/Candas-Asturias-150x113.jpg 150w, https:\/\/candas365.es\/noticias\/wp-content\/uploads\/2023\/07\/Candas-Asturias-450x339.jpg 450w, https:\/\/candas365.es\/noticias\/wp-content\/uploads\/2023\/07\/Candas-Asturias.jpg 887w\" sizes=\"(max-width: 637px) 100vw, 637px\" \/><figcaption id=\"caption-attachment-174441\" class=\"wp-caption-text\">Foto: Cand\u00e1s 365<\/figcaption><\/figure>\n<p><strong>Las autoridades sanitarias aconsejan a la ciudadan\u00eda protegerse de las radiaciones solares, hidratarse y evitar el consumo de bebidas alcoh\u00f3licas<\/strong>. Adem\u00e1s, insisten en la necesidad de cuidar especialmente de la poblaci\u00f3n m\u00e1s vulnerable al calor: las personas que sufren enfermedades cr\u00f3nicas, las que trabajan al aire libre, los mayores y los ni\u00f1os y ni\u00f1as. Tambi\u00e9n recomiendan que se mantengan en fr\u00edo los alimentos, ya que el calor aumenta el riesgo de infecciones alimentarias.<\/p>\n<p>La Direcci\u00f3n General de Salud P\u00fablica ya ha remitido a los centros sanitarios, a la Consejer\u00eda de Derechos Sociales y Bienestar y la Federaci\u00f3n Asturiana de Concejos (FACC) la documentaci\u00f3n oportuna sobre la declaraci\u00f3n de la alerta por altas temperaturas, que incluye las siguientes recomendaciones sanitarias:<\/p>\n<ul>\n<li>Beber agua y l\u00edquidos con frecuencia, aunque no sienta sed y con independencia de la actividad f\u00edsica que realice.<\/li>\n<li>Evitar las bebidas con cafe\u00edna, alcohol o mucho az\u00facar, ya que pueden favorecer la deshidrataci\u00f3n.<\/li>\n<li>Prestar especial atenci\u00f3n a beb\u00e9s y menores, lactantes y mujeres gestantes, as\u00ed como a personas mayores o con enfermedades que puedan agravarse con el calor (enfermedades cardiacas, renales, diabetes, hipertensi\u00f3n, obesidad, c\u00e1ncer, patolog\u00edas que dificultan la movilidad, demencia y otras enfermedades mentales, etc\u00e9tera).<\/li>\n<li>Permanecer el mayor tiempo posible en lugares frescos, a la sombra o climatizados, y refrescarse cada vez que sea necesario.<\/li>\n<li>Reducir la actividad f\u00edsica y evitar los deportes al aire libre en las horas centrales del d\u00eda.<\/li>\n<li>Usar ropa ligera, holgada y que deje transpirar.<\/li>\n<li>No dejar a ninguna persona en un veh\u00edculo estacionado y cerrado (especialmente a menores, mayores o personas con enfermedades cr\u00f3nicas).<\/li>\n<li>Consultar a un profesional sanitario ante s\u00edntomas que se prolonguen durante m\u00e1s de una hora y puedan estar relacionados con las altas temperaturas.<\/li>\n<li>Mantener las medicinas en un lugar fresco, porque el calor puede alterar su composici\u00f3n y sus efectos.<\/li>\n<li>Hacer comidas ligeras que ayuden a reponer las sales perdidas por el sudor (ensaladas, frutas, verduras, zumos, etc\u00e9tera).<\/li>\n<\/ul>\n<p>El Plan Nacional de Actuaciones Preventivas de los Efectos de los Excesos de Temperatura sobre la Salud se activa cada a\u00f1o de mayo a septiembre e incluye, entre otras medidas, la publicaci\u00f3n de un informe semanal sobre la situaci\u00f3n de riesgo en el portal web de Salud, que se puede consultar en el <a href=\"https:\/\/ddei5-0-ctp.trendmicro.com:443\/wis\/clicktime\/v1\/query?url=https%3a%2f%2facortar.link%2fy0yXw9&amp;umid=EDAC147F-005E-E306-924A-58B1B026B8EB&amp;auth=4ceff9107ab9c25786f1a828bbcb8ff8204474b0-70dbd7343ad437478aa7d73b32fc302562bace7d\" target=\"_blank\" rel=\"noopener\"><span style=\"color: #ff6600;\"><strong>pulsando aqu\u00ed<\/strong><\/span><\/a>.<\/p>\n<p>Las autoridades sanitarias monitorizan a diario las temperaturas y las previsiones meteorol\u00f3gicas de la Agencia Estatal de Meteorolog\u00eda con cinco d\u00edas de antelaci\u00f3n. Tambi\u00e9n vigilan la mortalidad que se produce durante este periodo. El plan tiene como objetivo disminuir la morbilidad y la mortalidad asociada a temperaturas elevadas, ya que se ha observado que tres o m\u00e1s d\u00edas consecutivos de mucho calor pueden ir acompa\u00f1ados de un incremento en esas cifras.<\/p>\n<p>La asignaci\u00f3n de los niveles de alerta se realiza teniendo en cuenta los umbrales establecidos para el Principado, que sit\u00faan las temperaturas m\u00e1ximas en los 26 grados.<\/p>\n","protected":false},"excerpt":{"rendered":"<p>Hoy viernes en Asturias tendremos activado el nivel de alerta 2 (riesgo medio) del Plan Nacional de Actuaciones Preventivas de los Efectos de los Excesos de Temperatura sobre la Salud 2023, ante las estimaciones de la Agencia Estatal de Meteorolog\u00eda (Aemet), que pronostica que en los pr\u00f3ximos d\u00edas se alcanzar\u00e1n los 30 grados en la<\/p>\n","protected":false},"author":1,"featured_media":174441,"comment_status":"closed","ping_status":"closed","sticky":false,"template":"","format":"standard","meta":{"footnotes":""},"categories":[316,358],"tags":[380,429],"class_list":{"0":"post-174440","1":"post","2":"type-post","3":"status-publish","4":"format-standard","5":"has-post-thumbnail","7":"category-destacadas","8":"category-el-tiempo","9":"tag-asturias","10":"tag-el-tiempo"},"aioseo_notices":[],"aioseo_head":"\n\t\t<!-- All in One SEO Pro 4.9.6.2 - aioseo.com -->\n\t<meta name=\"description\" content=\"Hoy viernes en Asturias tendremos activado el nivel de alerta 2 (riesgo medio) del Plan Nacional de Actuaciones Preventivas de los Efectos de los Excesos\" \/>\n\t<meta name=\"robots\" content=\"max-image-preview:large\" \/>\n\t<meta name=\"author\" content=\"Cand\u00e1s 365\"\/>\n\t<meta name=\"google-site-verification\" content=\"UA-32230408-1\" \/>\n\t<meta name=\"msvalidate.01\" content=\"354F3CDFB2DA171B47FBE9ABF1F88D5\" \/>\n\t<meta name=\"keywords\" content=\"destacadas,el tiempo\" \/>\n\t<link rel=\"canonical\" href=\"https:\/\/candas365.es\/noticias\/alerta-hoy-viernes-en-asturias-por-altas-temperaturas\/\" \/>\n\t<meta name=\"generator\" content=\"All in One SEO Pro (AIOSEO) 4.9.6.2\" \/>\n\t\t<meta property=\"og:locale\" content=\"es_ES\" \/>\n\t\t<meta property=\"og:site_name\" content=\"Cand\u00e1s 365\" \/>\n\t\t<meta property=\"og:type\" content=\"article\" \/>\n\t\t<meta property=\"og:title\" content=\"Alerta hoy viernes en Asturias por altas temperaturas | Cand\u00e1s 365\" \/>\n\t\t<meta property=\"og:description\" content=\"Hoy viernes en Asturias tendremos activado el nivel de alerta 2 (riesgo medio) del Plan Nacional de Actuaciones Preventivas de los Efectos de los Excesos\" \/>\n\t\t<meta property=\"og:url\" content=\"https:\/\/candas365.es\/noticias\/alerta-hoy-viernes-en-asturias-por-altas-temperaturas\/\" \/>\n\t\t<meta property=\"og:image\" content=\"https:\/\/candas365.es\/noticias\/wp-content\/uploads\/2023\/07\/Candas-Asturias.jpg\" \/>\n\t\t<meta property=\"og:image:secure_url\" content=\"https:\/\/candas365.es\/noticias\/wp-content\/uploads\/2023\/07\/Candas-Asturias.jpg\" \/>\n\t\t<meta property=\"og:image:width\" content=\"887\" \/>\n\t\t<meta property=\"og:image:height\" content=\"668\" \/>\n\t\t<meta property=\"article:published_time\" content=\"2023-07-14T06:40:54+00:00\" \/>\n\t\t<meta property=\"article:modified_time\" content=\"2023-07-14T06:40:54+00:00\" \/>\n\t\t<meta property=\"article:publisher\" content=\"https:\/\/www.facebook.com\/Nachofdezber\" \/>\n\t\t<meta property=\"article:author\" content=\"https:\/\/www.facebook.com\/carrenoactualidad\" \/>\n\t\t<meta name=\"twitter:card\" content=\"summary_large_image\" \/>\n\t\t<meta name=\"twitter:site\" content=\"@NabercoDigital\" \/>\n\t\t<meta name=\"twitter:title\" content=\"Alerta hoy viernes en Asturias por altas temperaturas | Cand\u00e1s 365\" \/>\n\t\t<meta name=\"twitter:description\" content=\"Hoy viernes en Asturias tendremos activado el nivel de alerta 2 (riesgo medio) del Plan Nacional de Actuaciones Preventivas de los Efectos de los Excesos\" \/>\n\t\t<meta name=\"twitter:creator\" content=\"@nbasturias\" \/>\n\t\t<meta name=\"twitter:image\" content=\"https:\/\/candas365.es\/noticias\/wp-content\/uploads\/2023\/07\/Candas-Asturias.jpg\" \/>\n\t\t<meta name=\"twitter:label1\" content=\"Escrito por\" \/>\n\t\t<meta name=\"twitter:data1\" content=\"Cand\u00e1s 365\" \/>\n\t\t<meta name=\"twitter:label2\" content=\"Tiempo de lectura estimado\" \/>\n\t\t<meta name=\"twitter:data2\" content=\"3 minutos\" \/>\n\t\t<script type=\"application\/ld+json\" class=\"aioseo-schema\">\n\t\t\t{\"@context\":\"https:\\\/\\\/schema.org\",\"@graph\":[{\"@type\":\"BreadcrumbList\",\"@id\":\"https:\\\/\\\/candas365.es\\\/noticias\\\/alerta-hoy-viernes-en-asturias-por-altas-temperaturas\\\/#breadcrumblist\",\"itemListElement\":[{\"@type\":\"ListItem\",\"@id\":\"https:\\\/\\\/candas365.es\\\/noticias#listItem\",\"position\":1,\"name\":\"Home\",\"item\":\"https:\\\/\\\/candas365.es\\\/noticias\",\"nextItem\":{\"@type\":\"ListItem\",\"@id\":\"https:\\\/\\\/candas365.es\\\/noticias\\\/category\\\/destacadas\\\/#listItem\",\"name\":\"Destacadas\"}},{\"@type\":\"ListItem\",\"@id\":\"https:\\\/\\\/candas365.es\\\/noticias\\\/category\\\/destacadas\\\/#listItem\",\"position\":2,\"name\":\"Destacadas\",\"item\":\"https:\\\/\\\/candas365.es\\\/noticias\\\/category\\\/destacadas\\\/\",\"nextItem\":{\"@type\":\"ListItem\",\"@id\":\"https:\\\/\\\/candas365.es\\\/noticias\\\/alerta-hoy-viernes-en-asturias-por-altas-temperaturas\\\/#listItem\",\"name\":\"Alerta hoy viernes en Asturias por altas temperaturas\"},\"previousItem\":{\"@type\":\"ListItem\",\"@id\":\"https:\\\/\\\/candas365.es\\\/noticias#listItem\",\"name\":\"Home\"}},{\"@type\":\"ListItem\",\"@id\":\"https:\\\/\\\/candas365.es\\\/noticias\\\/alerta-hoy-viernes-en-asturias-por-altas-temperaturas\\\/#listItem\",\"position\":3,\"name\":\"Alerta hoy viernes en Asturias por altas temperaturas\",\"previousItem\":{\"@type\":\"ListItem\",\"@id\":\"https:\\\/\\\/candas365.es\\\/noticias\\\/category\\\/destacadas\\\/#listItem\",\"name\":\"Destacadas\"}}]},{\"@type\":\"NewsArticle\",\"@id\":\"https:\\\/\\\/candas365.es\\\/noticias\\\/alerta-hoy-viernes-en-asturias-por-altas-temperaturas\\\/#newsarticle\",\"name\":\"Alerta hoy viernes en Asturias por altas temperaturas | Cand\\u00e1s 365\",\"headline\":\"Alerta hoy viernes en Asturias por altas temperaturas\",\"author\":{\"@id\":\"https:\\\/\\\/candas365.es\\\/noticias\\\/author\\\/admin\\\/#author\"},\"publisher\":{\"@id\":\"https:\\\/\\\/candas365.es\\\/noticias\\\/#organization\"},\"image\":{\"@type\":\"ImageObject\",\"url\":\"https:\\\/\\\/candas365.es\\\/noticias\\\/wp-content\\\/uploads\\\/2023\\\/07\\\/Candas-Asturias.jpg\",\"width\":887,\"height\":668,\"caption\":\"Foto: Cand\\u00e1s 365\"},\"datePublished\":\"2023-07-14T08:40:54+02:00\",\"dateModified\":\"2023-07-14T08:40:54+02:00\",\"inLanguage\":\"es-ES\",\"mainEntityOfPage\":{\"@id\":\"https:\\\/\\\/candas365.es\\\/noticias\\\/alerta-hoy-viernes-en-asturias-por-altas-temperaturas\\\/#webpage\"},\"isPartOf\":{\"@id\":\"https:\\\/\\\/candas365.es\\\/noticias\\\/alerta-hoy-viernes-en-asturias-por-altas-temperaturas\\\/#webpage\"},\"articleSection\":\"Destacadas, El tiempo, Asturias, El tiempo\",\"dateline\":\"Publicado el julio 14, 2023.\"},{\"@type\":\"Organization\",\"@id\":\"https:\\\/\\\/candas365.es\\\/noticias\\\/#organization\",\"name\":\"Cand\\u00e1s 365\",\"description\":\"Cand\\u00e1s 365 es un diario digital independiente, fundado en 2012, con base en Asturias. Informamos con rigor sobre actualidad, sociedad, cultura y ocio, con una mirada local y global.\",\"url\":\"https:\\\/\\\/candas365.es\\\/noticias\\\/\",\"email\":\"info@candas365.es\",\"telephone\":\"+34652131393\",\"foundingDate\":\"2012-06-10\",\"logo\":{\"@type\":\"ImageObject\",\"url\":\"https:\\\/\\\/candas365.es\\\/noticias\\\/wp-content\\\/uploads\\\/2024\\\/09\\\/Candas-365-Redes.jpg\",\"@id\":\"https:\\\/\\\/candas365.es\\\/noticias\\\/alerta-hoy-viernes-en-asturias-por-altas-temperaturas\\\/#organizationLogo\",\"width\":1152,\"height\":864,\"caption\":\"Cand\\u00e1s 365 Redes\"},\"image\":{\"@id\":\"https:\\\/\\\/candas365.es\\\/noticias\\\/alerta-hoy-viernes-en-asturias-por-altas-temperaturas\\\/#organizationLogo\"},\"sameAs\":[\"https:\\\/\\\/www.facebook.com\\\/Nachofdezber\",\"https:\\\/\\\/x.com\\\/NabercoDigital\",\"https:\\\/\\\/www.instagram.com\\\/nachofdezber\\\/\",\"https:\\\/\\\/www.youtube.com\\\/channel\\\/UCZP-2wLEB9Rv6erhFmqVnvg\"],\"address\":{\"@id\":\"https:\\\/\\\/candas365.es\\\/noticias\\\/#postaladdress\",\"@type\":\"PostalAddress\",\"streetAddress\":\"san antonio 4, san antonio 4\",\"postalCode\":\"33430\",\"addressLocality\":\"Cand\\u00e1s\",\"addressRegion\":\"Asturias\",\"addressCountry\":\"ES\"}},{\"@type\":\"Person\",\"@id\":\"https:\\\/\\\/candas365.es\\\/noticias\\\/author\\\/admin\\\/#author\",\"url\":\"https:\\\/\\\/candas365.es\\\/noticias\\\/author\\\/admin\\\/\",\"name\":\"Cand\\u00e1s 365\",\"image\":{\"@type\":\"ImageObject\",\"@id\":\"https:\\\/\\\/candas365.es\\\/noticias\\\/alerta-hoy-viernes-en-asturias-por-altas-temperaturas\\\/#authorImage\",\"url\":\"https:\\\/\\\/secure.gravatar.com\\\/avatar\\\/496a8e03d0c493ede1718b7934145dbdf8d89be1036b0eec9544e1094c9de390?s=96&d=mm&r=g\",\"width\":96,\"height\":96,\"caption\":\"Cand\\u00e1s 365\"},\"sameAs\":[\"https:\\\/\\\/www.facebook.com\\\/carrenoactualidad\",\"https:\\\/\\\/twitter.com\\\/nbasturias\",\"https:\\\/\\\/www.instagram.com\\\/nachofdezber\\\/\",\"https:\\\/\\\/www.youtube.com\\\/channel\\\/UCZP-2wLEB9Rv6erhFmqVnvg\"]},{\"@type\":\"WebPage\",\"@id\":\"https:\\\/\\\/candas365.es\\\/noticias\\\/alerta-hoy-viernes-en-asturias-por-altas-temperaturas\\\/#webpage\",\"url\":\"https:\\\/\\\/candas365.es\\\/noticias\\\/alerta-hoy-viernes-en-asturias-por-altas-temperaturas\\\/\",\"name\":\"Alerta hoy viernes en Asturias por altas temperaturas | Cand\\u00e1s 365\",\"description\":\"Hoy viernes en Asturias tendremos activado el nivel de alerta 2 (riesgo medio) del Plan Nacional de Actuaciones Preventivas de los Efectos de los Excesos\",\"inLanguage\":\"es-ES\",\"isPartOf\":{\"@id\":\"https:\\\/\\\/candas365.es\\\/noticias\\\/#website\"},\"breadcrumb\":{\"@id\":\"https:\\\/\\\/candas365.es\\\/noticias\\\/alerta-hoy-viernes-en-asturias-por-altas-temperaturas\\\/#breadcrumblist\"},\"author\":{\"@id\":\"https:\\\/\\\/candas365.es\\\/noticias\\\/author\\\/admin\\\/#author\"},\"creator\":{\"@id\":\"https:\\\/\\\/candas365.es\\\/noticias\\\/author\\\/admin\\\/#author\"},\"image\":{\"@type\":\"ImageObject\",\"url\":\"https:\\\/\\\/candas365.es\\\/noticias\\\/wp-content\\\/uploads\\\/2023\\\/07\\\/Candas-Asturias.jpg\",\"@id\":\"https:\\\/\\\/candas365.es\\\/noticias\\\/alerta-hoy-viernes-en-asturias-por-altas-temperaturas\\\/#mainImage\",\"width\":887,\"height\":668,\"caption\":\"Foto: Cand\\u00e1s 365\"},\"primaryImageOfPage\":{\"@id\":\"https:\\\/\\\/candas365.es\\\/noticias\\\/alerta-hoy-viernes-en-asturias-por-altas-temperaturas\\\/#mainImage\"},\"datePublished\":\"2023-07-14T08:40:54+02:00\",\"dateModified\":\"2023-07-14T08:40:54+02:00\"},{\"@type\":\"WebSite\",\"@id\":\"https:\\\/\\\/candas365.es\\\/noticias\\\/#website\",\"url\":\"https:\\\/\\\/candas365.es\\\/noticias\\\/\",\"name\":\"Cand\\u00e1s 365\",\"alternateName\":\"Cand\\u00e1s 365 Noticias\",\"description\":\"Actualidad desde Carre\\u00f1o para el mundo\",\"inLanguage\":\"es-ES\",\"publisher\":{\"@id\":\"https:\\\/\\\/candas365.es\\\/noticias\\\/#organization\"}}]}\n\t\t<\/script>\n\t\t<!-- All in One SEO Pro -->\r\n\t\t<title>Alerta hoy viernes en Asturias por altas temperaturas | Cand\u00e1s 365<\/title>\n\n","aioseo_head_json":{"title":"Alerta hoy viernes en Asturias por altas temperaturas | Cand\u00e1s 365","description":"Hoy viernes en Asturias tendremos activado el nivel de alerta 2 (riesgo medio) del Plan Nacional de Actuaciones Preventivas de los Efectos de los Excesos","canonical_url":"https:\/\/candas365.es\/noticias\/alerta-hoy-viernes-en-asturias-por-altas-temperaturas\/","robots":"max-image-preview:large","keywords":"destacadas,el tiempo","webmasterTools":{"google-site-verification":"UA-32230408-1","msvalidate.01":"354F3CDFB2DA171B47FBE9ABF1F88D5","miscellaneous":""},"schema":{"@context":"https:\/\/schema.org","@graph":[{"@type":"BreadcrumbList","@id":"https:\/\/candas365.es\/noticias\/alerta-hoy-viernes-en-asturias-por-altas-temperaturas\/#breadcrumblist","itemListElement":[{"@type":"ListItem","@id":"https:\/\/candas365.es\/noticias#listItem","position":1,"name":"Home","item":"https:\/\/candas365.es\/noticias","nextItem":{"@type":"ListItem","@id":"https:\/\/candas365.es\/noticias\/category\/destacadas\/#listItem","name":"Destacadas"}},{"@type":"ListItem","@id":"https:\/\/candas365.es\/noticias\/category\/destacadas\/#listItem","position":2,"name":"Destacadas","item":"https:\/\/candas365.es\/noticias\/category\/destacadas\/","nextItem":{"@type":"ListItem","@id":"https:\/\/candas365.es\/noticias\/alerta-hoy-viernes-en-asturias-por-altas-temperaturas\/#listItem","name":"Alerta hoy viernes en Asturias por altas temperaturas"},"previousItem":{"@type":"ListItem","@id":"https:\/\/candas365.es\/noticias#listItem","name":"Home"}},{"@type":"ListItem","@id":"https:\/\/candas365.es\/noticias\/alerta-hoy-viernes-en-asturias-por-altas-temperaturas\/#listItem","position":3,"name":"Alerta hoy viernes en Asturias por altas temperaturas","previousItem":{"@type":"ListItem","@id":"https:\/\/candas365.es\/noticias\/category\/destacadas\/#listItem","name":"Destacadas"}}]},{"@type":"NewsArticle","@id":"https:\/\/candas365.es\/noticias\/alerta-hoy-viernes-en-asturias-por-altas-temperaturas\/#newsarticle","name":"Alerta hoy viernes en Asturias por altas temperaturas | Cand\u00e1s 365","headline":"Alerta hoy viernes en Asturias por altas temperaturas","author":{"@id":"https:\/\/candas365.es\/noticias\/author\/admin\/#author"},"publisher":{"@id":"https:\/\/candas365.es\/noticias\/#organization"},"image":{"@type":"ImageObject","url":"https:\/\/candas365.es\/noticias\/wp-content\/uploads\/2023\/07\/Candas-Asturias.jpg","width":887,"height":668,"caption":"Foto: Cand\u00e1s 365"},"datePublished":"2023-07-14T08:40:54+02:00","dateModified":"2023-07-14T08:40:54+02:00","inLanguage":"es-ES","mainEntityOfPage":{"@id":"https:\/\/candas365.es\/noticias\/alerta-hoy-viernes-en-asturias-por-altas-temperaturas\/#webpage"},"isPartOf":{"@id":"https:\/\/candas365.es\/noticias\/alerta-hoy-viernes-en-asturias-por-altas-temperaturas\/#webpage"},"articleSection":"Destacadas, El tiempo, Asturias, El tiempo","dateline":"Publicado el julio 14, 2023."},{"@type":"Organization","@id":"https:\/\/candas365.es\/noticias\/#organization","name":"Cand\u00e1s 365","description":"Cand\u00e1s 365 es un diario digital independiente, fundado en 2012, con base en Asturias. Informamos con rigor sobre actualidad, sociedad, cultura y ocio, con una mirada local y global.","url":"https:\/\/candas365.es\/noticias\/","email":"info@candas365.es","telephone":"+34652131393","foundingDate":"2012-06-10","logo":{"@type":"ImageObject","url":"https:\/\/candas365.es\/noticias\/wp-content\/uploads\/2024\/09\/Candas-365-Redes.jpg","@id":"https:\/\/candas365.es\/noticias\/alerta-hoy-viernes-en-asturias-por-altas-temperaturas\/#organizationLogo","width":1152,"height":864,"caption":"Cand\u00e1s 365 Redes"},"image":{"@id":"https:\/\/candas365.es\/noticias\/alerta-hoy-viernes-en-asturias-por-altas-temperaturas\/#organizationLogo"},"sameAs":["https:\/\/www.facebook.com\/Nachofdezber","https:\/\/x.com\/NabercoDigital","https:\/\/www.instagram.com\/nachofdezber\/","https:\/\/www.youtube.com\/channel\/UCZP-2wLEB9Rv6erhFmqVnvg"],"address":{"@id":"https:\/\/candas365.es\/noticias\/#postaladdress","@type":"PostalAddress","streetAddress":"san antonio 4, san antonio 4","postalCode":"33430","addressLocality":"Cand\u00e1s","addressRegion":"Asturias","addressCountry":"ES"}},{"@type":"Person","@id":"https:\/\/candas365.es\/noticias\/author\/admin\/#author","url":"https:\/\/candas365.es\/noticias\/author\/admin\/","name":"Cand\u00e1s 365","image":{"@type":"ImageObject","@id":"https:\/\/candas365.es\/noticias\/alerta-hoy-viernes-en-asturias-por-altas-temperaturas\/#authorImage","url":"https:\/\/secure.gravatar.com\/avatar\/496a8e03d0c493ede1718b7934145dbdf8d89be1036b0eec9544e1094c9de390?s=96&d=mm&r=g","width":96,"height":96,"caption":"Cand\u00e1s 365"},"sameAs":["https:\/\/www.facebook.com\/carrenoactualidad","https:\/\/twitter.com\/nbasturias","https:\/\/www.instagram.com\/nachofdezber\/","https:\/\/www.youtube.com\/channel\/UCZP-2wLEB9Rv6erhFmqVnvg"]},{"@type":"WebPage","@id":"https:\/\/candas365.es\/noticias\/alerta-hoy-viernes-en-asturias-por-altas-temperaturas\/#webpage","url":"https:\/\/candas365.es\/noticias\/alerta-hoy-viernes-en-asturias-por-altas-temperaturas\/","name":"Alerta hoy viernes en Asturias por altas temperaturas | Cand\u00e1s 365","description":"Hoy viernes en Asturias tendremos activado el nivel de alerta 2 (riesgo medio) del Plan Nacional de Actuaciones Preventivas de los Efectos de los Excesos","inLanguage":"es-ES","isPartOf":{"@id":"https:\/\/candas365.es\/noticias\/#website"},"breadcrumb":{"@id":"https:\/\/candas365.es\/noticias\/alerta-hoy-viernes-en-asturias-por-altas-temperaturas\/#breadcrumblist"},"author":{"@id":"https:\/\/candas365.es\/noticias\/author\/admin\/#author"},"creator":{"@id":"https:\/\/candas365.es\/noticias\/author\/admin\/#author"},"image":{"@type":"ImageObject","url":"https:\/\/candas365.es\/noticias\/wp-content\/uploads\/2023\/07\/Candas-Asturias.jpg","@id":"https:\/\/candas365.es\/noticias\/alerta-hoy-viernes-en-asturias-por-altas-temperaturas\/#mainImage","width":887,"height":668,"caption":"Foto: Cand\u00e1s 365"},"primaryImageOfPage":{"@id":"https:\/\/candas365.es\/noticias\/alerta-hoy-viernes-en-asturias-por-altas-temperaturas\/#mainImage"},"datePublished":"2023-07-14T08:40:54+02:00","dateModified":"2023-07-14T08:40:54+02:00"},{"@type":"WebSite","@id":"https:\/\/candas365.es\/noticias\/#website","url":"https:\/\/candas365.es\/noticias\/","name":"Cand\u00e1s 365","alternateName":"Cand\u00e1s 365 Noticias","description":"Actualidad desde Carre\u00f1o para el mundo","inLanguage":"es-ES","publisher":{"@id":"https:\/\/candas365.es\/noticias\/#organization"}}]},"og:locale":"es_ES","og:site_name":"Cand\u00e1s 365","og:type":"article","og:title":"Alerta hoy viernes en Asturias por altas temperaturas | Cand\u00e1s 365","og:description":"Hoy viernes en Asturias tendremos activado el nivel de alerta 2 (riesgo medio) del Plan Nacional de Actuaciones Preventivas de los Efectos de los Excesos","og:url":"https:\/\/candas365.es\/noticias\/alerta-hoy-viernes-en-asturias-por-altas-temperaturas\/","og:image":"https:\/\/candas365.es\/noticias\/wp-content\/uploads\/2023\/07\/Candas-Asturias.jpg","og:image:secure_url":"https:\/\/candas365.es\/noticias\/wp-content\/uploads\/2023\/07\/Candas-Asturias.jpg","og:image:width":887,"og:image:height":668,"article:published_time":"2023-07-14T06:40:54+00:00","article:modified_time":"2023-07-14T06:40:54+00:00","article:publisher":"https:\/\/www.facebook.com\/Nachofdezber","article:author":"https:\/\/www.facebook.com\/carrenoactualidad","twitter:card":"summary_large_image","twitter:site":"@NabercoDigital","twitter:title":"Alerta hoy viernes en Asturias por altas temperaturas | Cand\u00e1s 365","twitter:description":"Hoy viernes en Asturias tendremos activado el nivel de alerta 2 (riesgo medio) del Plan Nacional de Actuaciones Preventivas de los Efectos de los Excesos","twitter:creator":"@nbasturias","twitter:image":"https:\/\/candas365.es\/noticias\/wp-content\/uploads\/2023\/07\/Candas-Asturias.jpg","twitter:label1":"Escrito por","twitter:data1":"Cand\u00e1s 365","twitter:label2":"Tiempo de lectura estimado","twitter:data2":"3 minutos"},"aioseo_meta_data":{"post_id":"174440","title":null,"description":"Hoy viernes en Asturias tendremos activado el nivel de alerta 2 (riesgo medio) del Plan Nacional de Actuaciones Preventivas de los Efectos de los Excesos","keywords":[],"keyphrases":{"focus":{"keyphrase":"Asturias ","score":80,"analysis":{"keyphraseInTitle":{"score":3,"maxScore":9,"error":1},"keyphraseInDescription":{"score":9,"maxScore":9,"error":0},"keyphraseLength":{"score":9,"maxScore":9,"error":0,"length":1},"keyphraseInURL":{"score":1,"maxScore":5,"error":1},"keyphraseInIntroduction":{"score":9,"maxScore":9,"error":0},"keyphraseInSubHeadings":[],"keyphraseInImageAlt":{"score":9,"maxScore":9,"error":0}}},"additional":[{"keyphrase":"Asturias ","score":100,"analysis":{"keyphraseInDescription":{"score":9,"maxScore":9,"error":0},"keyphraseLength":{"score":9,"maxScore":9,"error":0,"length":1},"keyphraseInIntroduction":{"score":9,"maxScore":9,"error":0},"keyphraseInImageAlt":{"score":9,"maxScore":9,"error":0}}}]},"primary_term":null,"canonical_url":null,"og_title":null,"og_description":null,"og_object_type":"default","og_image_type":"default","og_image_url":null,"og_image_width":null,"og_image_height":null,"og_image_custom_url":null,"og_image_custom_fields":null,"og_video":"","og_custom_url":null,"og_article_section":null,"og_article_tags":[],"twitter_use_og":false,"twitter_card":"default","twitter_image_type":"default","twitter_image_url":null,"twitter_image_custom_url":null,"twitter_image_custom_fields":null,"twitter_title":null,"twitter_description":null,"schema":{"blockGraphs":[],"customGraphs":[],"default":{"data":{"Article":[],"Course":[],"Dataset":[],"FAQPage":[],"Movie":[],"Person":[],"Product":[],"ProductReview":[],"Car":[],"Recipe":[],"Service":[],"SoftwareApplication":[],"WebPage":[]},"graphName":"Article","isEnabled":true},"graphs":[]},"schema_type":"default","schema_type_options":null,"pillar_content":false,"robots_default":true,"robots_noindex":false,"robots_noarchive":false,"robots_nosnippet":false,"robots_nofollow":false,"robots_noimageindex":false,"robots_noodp":false,"robots_notranslate":false,"robots_max_snippet":"-1","robots_max_videopreview":"-1","robots_max_imagepreview":"large","priority":null,"frequency":"default","location":null,"local_seo":null,"seo_analyzer_scan_date":"2025-09-01 21:19:25","breadcrumb_settings":null,"limit_modified_date":false,"reviewed_by":null,"open_ai":"{\"title\":{\"suggestions\":[],\"usage\":0},\"description\":{\"suggestions\":[],\"usage\":0}}","ai":null,"created":"2023-07-14 06:30:32","updated":"2025-09-01 21:19:25"},"aioseo_breadcrumb":"<div class=\"aioseo-breadcrumbs\"><span class=\"aioseo-breadcrumb\">\n\t<a href=\"https:\/\/candas365.es\/noticias\" title=\"Home\">Home<\/a>\n<\/span><span class=\"aioseo-breadcrumb-separator\">&ndash;<\/span><span class=\"aioseo-breadcrumb\">\n\t<a href=\"https:\/\/candas365.es\/noticias\/category\/destacadas\/\" title=\"Destacadas\">Destacadas<\/a>\n<\/span><span class=\"aioseo-breadcrumb-separator\">&ndash;<\/span><span class=\"aioseo-breadcrumb\">\n\tAlerta hoy viernes en Asturias por altas temperaturas\n<\/span><\/div>","aioseo_breadcrumb_json":[{"label":"Home","link":"https:\/\/candas365.es\/noticias"},{"label":"Destacadas","link":"https:\/\/candas365.es\/noticias\/category\/destacadas\/"},{"label":"Alerta hoy viernes en Asturias por altas temperaturas","link":"https:\/\/candas365.es\/noticias\/alerta-hoy-viernes-en-asturias-por-altas-temperaturas\/"}],"_links":{"self":[{"href":"https:\/\/candas365.es\/noticias\/wp-json\/wp\/v2\/posts\/174440","targetHints":{"allow":["GET"]}}],"collection":[{"href":"https:\/\/candas365.es\/noticias\/wp-json\/wp\/v2\/posts"}],"about":[{"href":"https:\/\/candas365.es\/noticias\/wp-json\/wp\/v2\/types\/post"}],"author":[{"embeddable":true,"href":"https:\/\/candas365.es\/noticias\/wp-json\/wp\/v2\/users\/1"}],"replies":[{"embeddable":true,"href":"https:\/\/candas365.es\/noticias\/wp-json\/wp\/v2\/comments?post=174440"}],"version-history":[{"count":0,"href":"https:\/\/candas365.es\/noticias\/wp-json\/wp\/v2\/posts\/174440\/revisions"}],"wp:featuredmedia":[{"embeddable":true,"href":"https:\/\/candas365.es\/noticias\/wp-json\/wp\/v2\/media\/174441"}],"wp:attachment":[{"href":"https:\/\/candas365.es\/noticias\/wp-json\/wp\/v2\/media?parent=174440"}],"wp:term":[{"taxonomy":"category","embeddable":true,"href":"https:\/\/candas365.es\/noticias\/wp-json\/wp\/v2\/categories?post=174440"},{"taxonomy":"post_tag","embeddable":true,"href":"https:\/\/candas365.es\/noticias\/wp-json\/wp\/v2\/tags?post=174440"}],"curies":[{"name":"wp","href":"https:\/\/api.w.org\/{rel}","templated":true}]}}