{"id":174410,"date":"2023-07-12T22:37:40","date_gmt":"2023-07-12T20:37:40","guid":{"rendered":"https:\/\/candas365.es\/noticias\/?p=174410"},"modified":"2023-07-12T22:38:00","modified_gmt":"2023-07-12T20:38:00","slug":"rescatado-un-pescador-en-cangas-de-onis","status":"publish","type":"post","link":"https:\/\/candas365.es\/noticias\/rescatado-un-pescador-en-cangas-de-onis\/","title":{"rendered":"Rescatado un pescador en Cangas de On\u00eds"},"content":{"rendered":"<p>Hoy mi\u00e9rcoles un <a href=\"https:\/\/candas365.es\/noticias\/category\/sucesos\/\"><span style=\"color: #ff6600;\"><strong>pescador ha sido rescatado<\/strong><\/span><\/a> por efectivos de Bomberos de Asturias con base en el parque de Cangas de On\u00eds tras sufrir una ca\u00edda <strong>cuando bajaba a pescar<\/strong>, a unos 700 metros, <strong>aguas arriba del puente romano cangu\u00e9s<\/strong>.<\/p>\n<p><img fetchpriority=\"high\" decoding=\"async\" class=\"aligncenter wp-image-174411 size-full\" src=\"https:\/\/candas365.es\/noticias\/wp-content\/uploads\/2023\/07\/Urgente.jpg\" alt=\"Urgente\" width=\"640\" height=\"400\" srcset=\"https:\/\/candas365.es\/noticias\/wp-content\/uploads\/2023\/07\/Urgente.jpg 640w, https:\/\/candas365.es\/noticias\/wp-content\/uploads\/2023\/07\/Urgente-360x225.jpg 360w, https:\/\/candas365.es\/noticias\/wp-content\/uploads\/2023\/07\/Urgente-150x94.jpg 150w, https:\/\/candas365.es\/noticias\/wp-content\/uploads\/2023\/07\/Urgente-450x281.jpg 450w\" sizes=\"(max-width: 640px) 100vw, 640px\" \/><\/p>\n<p>El hombre, un var\u00f3n de 59 a\u00f1os de edad, presentaba seg\u00fan los datos facilitados por el SAMU (Servicio de Atenci\u00f3n M\u00e9dica Urgente) posible fractura de un tobillo. Fue trasladado al Hospital de Arriondas en la ambulancia de soporte vital b\u00e1sico de la zona. Hasta el lugar tambi\u00e9n se desplaz\u00f3 el equipo de Atenci\u00f3n Primaria.<\/p>\n<p>El herido tuvo que ser rescatado por los bomberos cangueses. <strong>Tras acceder hasta el herido, que se encontraba en un desnivel a unos 25 metros, los bomberos le inmovilizaron la pierna con una f\u00e9rula y lo evacuaron en la camilla nido hasta la ambulancia.<\/strong><\/p>\n<p>El Centro de Coordinaci\u00f3n de Emergencias del 112 Asturias recibi\u00f3 el aviso a las 12.12 horas. En la llamada, realizada por un familiar del afectado, indicaba que este le hab\u00eda llamado para decirle que se hab\u00eda ca\u00eddo cuando iba a pescar y se hab\u00eda roto una pierna.<\/p>\n<p>La Sala 112 del SEPA pas\u00f3 la llamada al SAMU y activ\u00f3 una dotaci\u00f3n de bomberos del parque cangu\u00e9s. Finalizada la intervenci\u00f3n regresaron a su base a las 13.06 horas.<\/p>\n","protected":false},"excerpt":{"rendered":"<p>Hoy mi\u00e9rcoles un pescador ha sido rescatado por efectivos de Bomberos de Asturias con base en el parque de Cangas de On\u00eds tras sufrir una ca\u00edda cuando bajaba a pescar, a unos 700 metros, aguas arriba del puente romano cangu\u00e9s. El hombre, un var\u00f3n de 59 a\u00f1os de edad, presentaba seg\u00fan los datos facilitados por<\/p>\n","protected":false},"author":1,"featured_media":174411,"comment_status":"closed","ping_status":"closed","sticky":false,"template":"","format":"standard","meta":{"footnotes":""},"categories":[487],"tags":[391],"class_list":{"0":"post-174410","1":"post","2":"type-post","3":"status-publish","4":"format-standard","5":"has-post-thumbnail","7":"category-sucesos","8":"tag-sucesos"},"aioseo_notices":[],"aioseo_head":"\n\t\t<!-- All in One SEO Pro 4.9.6.2 - aioseo.com -->\n\t<meta name=\"description\" content=\"Hoy mi\u00e9rcoles un pescador ha sido rescatado por efectivos de Bomberos de Asturias con base en el parque de Cangas de On\u00eds tras sufrir una ca\u00edda cuando bajaba\" \/>\n\t<meta name=\"robots\" content=\"max-image-preview:large\" \/>\n\t<meta name=\"author\" content=\"Cand\u00e1s 365\"\/>\n\t<meta name=\"google-site-verification\" content=\"UA-32230408-1\" \/>\n\t<meta name=\"msvalidate.01\" content=\"354F3CDFB2DA171B47FBE9ABF1F88D5\" \/>\n\t<meta name=\"keywords\" content=\"sucesos\" \/>\n\t<link rel=\"canonical\" href=\"https:\/\/candas365.es\/noticias\/rescatado-un-pescador-en-cangas-de-onis\/\" \/>\n\t<meta name=\"generator\" content=\"All in One SEO Pro (AIOSEO) 4.9.6.2\" \/>\n\t\t<meta property=\"og:locale\" content=\"es_ES\" \/>\n\t\t<meta property=\"og:site_name\" content=\"Cand\u00e1s 365\" \/>\n\t\t<meta property=\"og:type\" content=\"article\" \/>\n\t\t<meta property=\"og:title\" content=\"Rescatado un pescador en Cangas de On\u00eds | Cand\u00e1s 365\" \/>\n\t\t<meta property=\"og:description\" content=\"Hoy mi\u00e9rcoles un pescador ha sido rescatado por efectivos de Bomberos de Asturias con base en el parque de Cangas de On\u00eds tras sufrir una ca\u00edda cuando bajaba\" \/>\n\t\t<meta property=\"og:url\" content=\"https:\/\/candas365.es\/noticias\/rescatado-un-pescador-en-cangas-de-onis\/\" \/>\n\t\t<meta property=\"og:image\" content=\"https:\/\/candas365.es\/noticias\/wp-content\/uploads\/2023\/07\/Urgente.jpg\" \/>\n\t\t<meta property=\"og:image:secure_url\" content=\"https:\/\/candas365.es\/noticias\/wp-content\/uploads\/2023\/07\/Urgente.jpg\" \/>\n\t\t<meta property=\"og:image:width\" content=\"640\" \/>\n\t\t<meta property=\"og:image:height\" content=\"400\" \/>\n\t\t<meta property=\"article:published_time\" content=\"2023-07-12T20:37:40+00:00\" \/>\n\t\t<meta property=\"article:modified_time\" content=\"2023-07-12T20:38:00+00:00\" \/>\n\t\t<meta property=\"article:publisher\" content=\"https:\/\/www.facebook.com\/Nachofdezber\" \/>\n\t\t<meta property=\"article:author\" content=\"https:\/\/www.facebook.com\/carrenoactualidad\" \/>\n\t\t<meta name=\"twitter:card\" content=\"summary_large_image\" \/>\n\t\t<meta name=\"twitter:site\" content=\"@NabercoDigital\" \/>\n\t\t<meta name=\"twitter:title\" content=\"Rescatado un pescador en Cangas de On\u00eds | Cand\u00e1s 365\" \/>\n\t\t<meta name=\"twitter:description\" content=\"Hoy mi\u00e9rcoles un pescador ha sido rescatado por efectivos de Bomberos de Asturias con base en el parque de Cangas de On\u00eds tras sufrir una ca\u00edda cuando bajaba\" \/>\n\t\t<meta name=\"twitter:creator\" content=\"@nbasturias\" \/>\n\t\t<meta name=\"twitter:image\" content=\"https:\/\/candas365.es\/noticias\/wp-content\/uploads\/2023\/07\/Urgente.jpg\" \/>\n\t\t<meta name=\"twitter:label1\" content=\"Escrito por\" \/>\n\t\t<meta name=\"twitter:data1\" content=\"Cand\u00e1s 365\" \/>\n\t\t<meta name=\"twitter:label2\" content=\"Tiempo de lectura estimado\" \/>\n\t\t<meta name=\"twitter:data2\" content=\"1 minuto\" \/>\n\t\t<script type=\"application\/ld+json\" class=\"aioseo-schema\">\n\t\t\t{\"@context\":\"https:\\\/\\\/schema.org\",\"@graph\":[{\"@type\":\"BreadcrumbList\",\"@id\":\"https:\\\/\\\/candas365.es\\\/noticias\\\/rescatado-un-pescador-en-cangas-de-onis\\\/#breadcrumblist\",\"itemListElement\":[{\"@type\":\"ListItem\",\"@id\":\"https:\\\/\\\/candas365.es\\\/noticias#listItem\",\"position\":1,\"name\":\"Home\",\"item\":\"https:\\\/\\\/candas365.es\\\/noticias\",\"nextItem\":{\"@type\":\"ListItem\",\"@id\":\"https:\\\/\\\/candas365.es\\\/noticias\\\/category\\\/sucesos\\\/#listItem\",\"name\":\"Sucesos\"}},{\"@type\":\"ListItem\",\"@id\":\"https:\\\/\\\/candas365.es\\\/noticias\\\/category\\\/sucesos\\\/#listItem\",\"position\":2,\"name\":\"Sucesos\",\"item\":\"https:\\\/\\\/candas365.es\\\/noticias\\\/category\\\/sucesos\\\/\",\"nextItem\":{\"@type\":\"ListItem\",\"@id\":\"https:\\\/\\\/candas365.es\\\/noticias\\\/rescatado-un-pescador-en-cangas-de-onis\\\/#listItem\",\"name\":\"Rescatado un pescador en Cangas de On\\u00eds\"},\"previousItem\":{\"@type\":\"ListItem\",\"@id\":\"https:\\\/\\\/candas365.es\\\/noticias#listItem\",\"name\":\"Home\"}},{\"@type\":\"ListItem\",\"@id\":\"https:\\\/\\\/candas365.es\\\/noticias\\\/rescatado-un-pescador-en-cangas-de-onis\\\/#listItem\",\"position\":3,\"name\":\"Rescatado un pescador en Cangas de On\\u00eds\",\"previousItem\":{\"@type\":\"ListItem\",\"@id\":\"https:\\\/\\\/candas365.es\\\/noticias\\\/category\\\/sucesos\\\/#listItem\",\"name\":\"Sucesos\"}}]},{\"@type\":\"NewsArticle\",\"@id\":\"https:\\\/\\\/candas365.es\\\/noticias\\\/rescatado-un-pescador-en-cangas-de-onis\\\/#newsarticle\",\"name\":\"Rescatado un pescador en Cangas de On\\u00eds | Cand\\u00e1s 365\",\"headline\":\"Rescatado un pescador en Cangas de On\\u00eds\",\"author\":{\"@id\":\"https:\\\/\\\/candas365.es\\\/noticias\\\/author\\\/admin\\\/#author\"},\"publisher\":{\"@id\":\"https:\\\/\\\/candas365.es\\\/noticias\\\/#organization\"},\"image\":{\"@type\":\"ImageObject\",\"url\":\"https:\\\/\\\/candas365.es\\\/noticias\\\/wp-content\\\/uploads\\\/2023\\\/07\\\/Urgente.jpg\",\"width\":640,\"height\":400,\"caption\":\"Urgente\"},\"datePublished\":\"2023-07-12T22:37:40+02:00\",\"dateModified\":\"2023-07-12T22:38:00+02:00\",\"inLanguage\":\"es-ES\",\"mainEntityOfPage\":{\"@id\":\"https:\\\/\\\/candas365.es\\\/noticias\\\/rescatado-un-pescador-en-cangas-de-onis\\\/#webpage\"},\"isPartOf\":{\"@id\":\"https:\\\/\\\/candas365.es\\\/noticias\\\/rescatado-un-pescador-en-cangas-de-onis\\\/#webpage\"},\"articleSection\":\"Sucesos, sucesos\",\"dateline\":\"Publicado el julio 12, 2023.\"},{\"@type\":\"Organization\",\"@id\":\"https:\\\/\\\/candas365.es\\\/noticias\\\/#organization\",\"name\":\"Cand\\u00e1s 365\",\"description\":\"Cand\\u00e1s 365 es un diario digital independiente, fundado en 2012, con base en Asturias. Informamos con rigor sobre actualidad, sociedad, cultura y ocio, con una mirada local y global.\",\"url\":\"https:\\\/\\\/candas365.es\\\/noticias\\\/\",\"email\":\"info@candas365.es\",\"telephone\":\"+34652131393\",\"foundingDate\":\"2012-06-10\",\"logo\":{\"@type\":\"ImageObject\",\"url\":\"https:\\\/\\\/candas365.es\\\/noticias\\\/wp-content\\\/uploads\\\/2024\\\/09\\\/Candas-365-Redes.jpg\",\"@id\":\"https:\\\/\\\/candas365.es\\\/noticias\\\/rescatado-un-pescador-en-cangas-de-onis\\\/#organizationLogo\",\"width\":1152,\"height\":864,\"caption\":\"Cand\\u00e1s 365 Redes\"},\"image\":{\"@id\":\"https:\\\/\\\/candas365.es\\\/noticias\\\/rescatado-un-pescador-en-cangas-de-onis\\\/#organizationLogo\"},\"sameAs\":[\"https:\\\/\\\/www.facebook.com\\\/Nachofdezber\",\"https:\\\/\\\/x.com\\\/NabercoDigital\",\"https:\\\/\\\/www.instagram.com\\\/nachofdezber\\\/\",\"https:\\\/\\\/www.youtube.com\\\/channel\\\/UCZP-2wLEB9Rv6erhFmqVnvg\"],\"address\":{\"@id\":\"https:\\\/\\\/candas365.es\\\/noticias\\\/#postaladdress\",\"@type\":\"PostalAddress\",\"streetAddress\":\"san antonio 4, san antonio 4\",\"postalCode\":\"33430\",\"addressLocality\":\"Cand\\u00e1s\",\"addressRegion\":\"Asturias\",\"addressCountry\":\"ES\"}},{\"@type\":\"Person\",\"@id\":\"https:\\\/\\\/candas365.es\\\/noticias\\\/author\\\/admin\\\/#author\",\"url\":\"https:\\\/\\\/candas365.es\\\/noticias\\\/author\\\/admin\\\/\",\"name\":\"Cand\\u00e1s 365\",\"image\":{\"@type\":\"ImageObject\",\"@id\":\"https:\\\/\\\/candas365.es\\\/noticias\\\/rescatado-un-pescador-en-cangas-de-onis\\\/#authorImage\",\"url\":\"https:\\\/\\\/secure.gravatar.com\\\/avatar\\\/496a8e03d0c493ede1718b7934145dbdf8d89be1036b0eec9544e1094c9de390?s=96&d=mm&r=g\",\"width\":96,\"height\":96,\"caption\":\"Cand\\u00e1s 365\"},\"sameAs\":[\"https:\\\/\\\/www.facebook.com\\\/carrenoactualidad\",\"https:\\\/\\\/twitter.com\\\/nbasturias\",\"https:\\\/\\\/www.instagram.com\\\/nachofdezber\\\/\",\"https:\\\/\\\/www.youtube.com\\\/channel\\\/UCZP-2wLEB9Rv6erhFmqVnvg\"]},{\"@type\":\"WebPage\",\"@id\":\"https:\\\/\\\/candas365.es\\\/noticias\\\/rescatado-un-pescador-en-cangas-de-onis\\\/#webpage\",\"url\":\"https:\\\/\\\/candas365.es\\\/noticias\\\/rescatado-un-pescador-en-cangas-de-onis\\\/\",\"name\":\"Rescatado un pescador en Cangas de On\\u00eds | Cand\\u00e1s 365\",\"description\":\"Hoy mi\\u00e9rcoles un pescador ha sido rescatado por efectivos de Bomberos de Asturias con base en el parque de Cangas de On\\u00eds tras sufrir una ca\\u00edda cuando bajaba\",\"inLanguage\":\"es-ES\",\"isPartOf\":{\"@id\":\"https:\\\/\\\/candas365.es\\\/noticias\\\/#website\"},\"breadcrumb\":{\"@id\":\"https:\\\/\\\/candas365.es\\\/noticias\\\/rescatado-un-pescador-en-cangas-de-onis\\\/#breadcrumblist\"},\"author\":{\"@id\":\"https:\\\/\\\/candas365.es\\\/noticias\\\/author\\\/admin\\\/#author\"},\"creator\":{\"@id\":\"https:\\\/\\\/candas365.es\\\/noticias\\\/author\\\/admin\\\/#author\"},\"image\":{\"@type\":\"ImageObject\",\"url\":\"https:\\\/\\\/candas365.es\\\/noticias\\\/wp-content\\\/uploads\\\/2023\\\/07\\\/Urgente.jpg\",\"@id\":\"https:\\\/\\\/candas365.es\\\/noticias\\\/rescatado-un-pescador-en-cangas-de-onis\\\/#mainImage\",\"width\":640,\"height\":400,\"caption\":\"Urgente\"},\"primaryImageOfPage\":{\"@id\":\"https:\\\/\\\/candas365.es\\\/noticias\\\/rescatado-un-pescador-en-cangas-de-onis\\\/#mainImage\"},\"datePublished\":\"2023-07-12T22:37:40+02:00\",\"dateModified\":\"2023-07-12T22:38:00+02:00\"},{\"@type\":\"WebSite\",\"@id\":\"https:\\\/\\\/candas365.es\\\/noticias\\\/#website\",\"url\":\"https:\\\/\\\/candas365.es\\\/noticias\\\/\",\"name\":\"Cand\\u00e1s 365\",\"alternateName\":\"Cand\\u00e1s 365 Noticias\",\"description\":\"Actualidad desde Carre\\u00f1o para el mundo\",\"inLanguage\":\"es-ES\",\"publisher\":{\"@id\":\"https:\\\/\\\/candas365.es\\\/noticias\\\/#organization\"}}]}\n\t\t<\/script>\n\t\t<!-- All in One SEO Pro -->\r\n\t\t<title>Rescatado un pescador en Cangas de On\u00eds | Cand\u00e1s 365<\/title>\n\n","aioseo_head_json":{"title":"Rescatado un pescador en Cangas de On\u00eds | Cand\u00e1s 365","description":"Hoy mi\u00e9rcoles un pescador ha sido rescatado por efectivos de Bomberos de Asturias con base en el parque de Cangas de On\u00eds tras sufrir una ca\u00edda cuando bajaba","canonical_url":"https:\/\/candas365.es\/noticias\/rescatado-un-pescador-en-cangas-de-onis\/","robots":"max-image-preview:large","keywords":"sucesos","webmasterTools":{"google-site-verification":"UA-32230408-1","msvalidate.01":"354F3CDFB2DA171B47FBE9ABF1F88D5","miscellaneous":""},"schema":{"@context":"https:\/\/schema.org","@graph":[{"@type":"BreadcrumbList","@id":"https:\/\/candas365.es\/noticias\/rescatado-un-pescador-en-cangas-de-onis\/#breadcrumblist","itemListElement":[{"@type":"ListItem","@id":"https:\/\/candas365.es\/noticias#listItem","position":1,"name":"Home","item":"https:\/\/candas365.es\/noticias","nextItem":{"@type":"ListItem","@id":"https:\/\/candas365.es\/noticias\/category\/sucesos\/#listItem","name":"Sucesos"}},{"@type":"ListItem","@id":"https:\/\/candas365.es\/noticias\/category\/sucesos\/#listItem","position":2,"name":"Sucesos","item":"https:\/\/candas365.es\/noticias\/category\/sucesos\/","nextItem":{"@type":"ListItem","@id":"https:\/\/candas365.es\/noticias\/rescatado-un-pescador-en-cangas-de-onis\/#listItem","name":"Rescatado un pescador en Cangas de On\u00eds"},"previousItem":{"@type":"ListItem","@id":"https:\/\/candas365.es\/noticias#listItem","name":"Home"}},{"@type":"ListItem","@id":"https:\/\/candas365.es\/noticias\/rescatado-un-pescador-en-cangas-de-onis\/#listItem","position":3,"name":"Rescatado un pescador en Cangas de On\u00eds","previousItem":{"@type":"ListItem","@id":"https:\/\/candas365.es\/noticias\/category\/sucesos\/#listItem","name":"Sucesos"}}]},{"@type":"NewsArticle","@id":"https:\/\/candas365.es\/noticias\/rescatado-un-pescador-en-cangas-de-onis\/#newsarticle","name":"Rescatado un pescador en Cangas de On\u00eds | Cand\u00e1s 365","headline":"Rescatado un pescador en Cangas de On\u00eds","author":{"@id":"https:\/\/candas365.es\/noticias\/author\/admin\/#author"},"publisher":{"@id":"https:\/\/candas365.es\/noticias\/#organization"},"image":{"@type":"ImageObject","url":"https:\/\/candas365.es\/noticias\/wp-content\/uploads\/2023\/07\/Urgente.jpg","width":640,"height":400,"caption":"Urgente"},"datePublished":"2023-07-12T22:37:40+02:00","dateModified":"2023-07-12T22:38:00+02:00","inLanguage":"es-ES","mainEntityOfPage":{"@id":"https:\/\/candas365.es\/noticias\/rescatado-un-pescador-en-cangas-de-onis\/#webpage"},"isPartOf":{"@id":"https:\/\/candas365.es\/noticias\/rescatado-un-pescador-en-cangas-de-onis\/#webpage"},"articleSection":"Sucesos, sucesos","dateline":"Publicado el julio 12, 2023."},{"@type":"Organization","@id":"https:\/\/candas365.es\/noticias\/#organization","name":"Cand\u00e1s 365","description":"Cand\u00e1s 365 es un diario digital independiente, fundado en 2012, con base en Asturias. Informamos con rigor sobre actualidad, sociedad, cultura y ocio, con una mirada local y global.","url":"https:\/\/candas365.es\/noticias\/","email":"info@candas365.es","telephone":"+34652131393","foundingDate":"2012-06-10","logo":{"@type":"ImageObject","url":"https:\/\/candas365.es\/noticias\/wp-content\/uploads\/2024\/09\/Candas-365-Redes.jpg","@id":"https:\/\/candas365.es\/noticias\/rescatado-un-pescador-en-cangas-de-onis\/#organizationLogo","width":1152,"height":864,"caption":"Cand\u00e1s 365 Redes"},"image":{"@id":"https:\/\/candas365.es\/noticias\/rescatado-un-pescador-en-cangas-de-onis\/#organizationLogo"},"sameAs":["https:\/\/www.facebook.com\/Nachofdezber","https:\/\/x.com\/NabercoDigital","https:\/\/www.instagram.com\/nachofdezber\/","https:\/\/www.youtube.com\/channel\/UCZP-2wLEB9Rv6erhFmqVnvg"],"address":{"@id":"https:\/\/candas365.es\/noticias\/#postaladdress","@type":"PostalAddress","streetAddress":"san antonio 4, san antonio 4","postalCode":"33430","addressLocality":"Cand\u00e1s","addressRegion":"Asturias","addressCountry":"ES"}},{"@type":"Person","@id":"https:\/\/candas365.es\/noticias\/author\/admin\/#author","url":"https:\/\/candas365.es\/noticias\/author\/admin\/","name":"Cand\u00e1s 365","image":{"@type":"ImageObject","@id":"https:\/\/candas365.es\/noticias\/rescatado-un-pescador-en-cangas-de-onis\/#authorImage","url":"https:\/\/secure.gravatar.com\/avatar\/496a8e03d0c493ede1718b7934145dbdf8d89be1036b0eec9544e1094c9de390?s=96&d=mm&r=g","width":96,"height":96,"caption":"Cand\u00e1s 365"},"sameAs":["https:\/\/www.facebook.com\/carrenoactualidad","https:\/\/twitter.com\/nbasturias","https:\/\/www.instagram.com\/nachofdezber\/","https:\/\/www.youtube.com\/channel\/UCZP-2wLEB9Rv6erhFmqVnvg"]},{"@type":"WebPage","@id":"https:\/\/candas365.es\/noticias\/rescatado-un-pescador-en-cangas-de-onis\/#webpage","url":"https:\/\/candas365.es\/noticias\/rescatado-un-pescador-en-cangas-de-onis\/","name":"Rescatado un pescador en Cangas de On\u00eds | Cand\u00e1s 365","description":"Hoy mi\u00e9rcoles un pescador ha sido rescatado por efectivos de Bomberos de Asturias con base en el parque de Cangas de On\u00eds tras sufrir una ca\u00edda cuando bajaba","inLanguage":"es-ES","isPartOf":{"@id":"https:\/\/candas365.es\/noticias\/#website"},"breadcrumb":{"@id":"https:\/\/candas365.es\/noticias\/rescatado-un-pescador-en-cangas-de-onis\/#breadcrumblist"},"author":{"@id":"https:\/\/candas365.es\/noticias\/author\/admin\/#author"},"creator":{"@id":"https:\/\/candas365.es\/noticias\/author\/admin\/#author"},"image":{"@type":"ImageObject","url":"https:\/\/candas365.es\/noticias\/wp-content\/uploads\/2023\/07\/Urgente.jpg","@id":"https:\/\/candas365.es\/noticias\/rescatado-un-pescador-en-cangas-de-onis\/#mainImage","width":640,"height":400,"caption":"Urgente"},"primaryImageOfPage":{"@id":"https:\/\/candas365.es\/noticias\/rescatado-un-pescador-en-cangas-de-onis\/#mainImage"},"datePublished":"2023-07-12T22:37:40+02:00","dateModified":"2023-07-12T22:38:00+02:00"},{"@type":"WebSite","@id":"https:\/\/candas365.es\/noticias\/#website","url":"https:\/\/candas365.es\/noticias\/","name":"Cand\u00e1s 365","alternateName":"Cand\u00e1s 365 Noticias","description":"Actualidad desde Carre\u00f1o para el mundo","inLanguage":"es-ES","publisher":{"@id":"https:\/\/candas365.es\/noticias\/#organization"}}]},"og:locale":"es_ES","og:site_name":"Cand\u00e1s 365","og:type":"article","og:title":"Rescatado un pescador en Cangas de On\u00eds | Cand\u00e1s 365","og:description":"Hoy mi\u00e9rcoles un pescador ha sido rescatado por efectivos de Bomberos de Asturias con base en el parque de Cangas de On\u00eds tras sufrir una ca\u00edda cuando bajaba","og:url":"https:\/\/candas365.es\/noticias\/rescatado-un-pescador-en-cangas-de-onis\/","og:image":"https:\/\/candas365.es\/noticias\/wp-content\/uploads\/2023\/07\/Urgente.jpg","og:image:secure_url":"https:\/\/candas365.es\/noticias\/wp-content\/uploads\/2023\/07\/Urgente.jpg","og:image:width":640,"og:image:height":400,"article:published_time":"2023-07-12T20:37:40+00:00","article:modified_time":"2023-07-12T20:38:00+00:00","article:publisher":"https:\/\/www.facebook.com\/Nachofdezber","article:author":"https:\/\/www.facebook.com\/carrenoactualidad","twitter:card":"summary_large_image","twitter:site":"@NabercoDigital","twitter:title":"Rescatado un pescador en Cangas de On\u00eds | Cand\u00e1s 365","twitter:description":"Hoy mi\u00e9rcoles un pescador ha sido rescatado por efectivos de Bomberos de Asturias con base en el parque de Cangas de On\u00eds tras sufrir una ca\u00edda cuando bajaba","twitter:creator":"@nbasturias","twitter:image":"https:\/\/candas365.es\/noticias\/wp-content\/uploads\/2023\/07\/Urgente.jpg","twitter:label1":"Escrito por","twitter:data1":"Cand\u00e1s 365","twitter:label2":"Tiempo de lectura estimado","twitter:data2":"1 minuto"},"aioseo_meta_data":{"post_id":"174410","title":null,"description":"Hoy mi\u00e9rcoles un pescador ha sido rescatado por efectivos de Bomberos de Asturias con base en el parque de Cangas de On\u00eds tras sufrir una ca\u00edda cuando bajaba","keywords":[],"keyphrases":{"focus":{"keyphrase":"pescador","score":88,"analysis":{"keyphraseInTitle":{"score":9,"maxScore":9,"error":0},"keyphraseInDescription":{"score":9,"maxScore":9,"error":0},"keyphraseLength":{"score":9,"maxScore":9,"error":0,"length":1},"keyphraseInURL":{"score":5,"maxScore":5,"error":0},"keyphraseInIntroduction":{"score":9,"maxScore":9,"error":0},"keyphraseInSubHeadings":[],"keyphraseInImageAlt":{"score":3,"maxScore":9,"error":1}}},"additional":[{"keyphrase":"Cangas de On\u00eds","score":83,"analysis":{"keyphraseInDescription":{"score":9,"maxScore":9,"error":0},"keyphraseLength":{"score":9,"maxScore":9,"error":0,"length":3},"keyphraseInIntroduction":{"score":9,"maxScore":9,"error":0},"keyphraseInImageAlt":{"score":3,"maxScore":9,"error":1}}}]},"primary_term":null,"canonical_url":null,"og_title":null,"og_description":null,"og_object_type":"default","og_image_type":"default","og_image_url":null,"og_image_width":null,"og_image_height":null,"og_image_custom_url":null,"og_image_custom_fields":null,"og_video":"","og_custom_url":null,"og_article_section":null,"og_article_tags":[],"twitter_use_og":false,"twitter_card":"default","twitter_image_type":"default","twitter_image_url":null,"twitter_image_custom_url":null,"twitter_image_custom_fields":null,"twitter_title":null,"twitter_description":null,"schema":{"blockGraphs":[],"customGraphs":[],"default":{"data":{"Article":[],"Course":[],"Dataset":[],"FAQPage":[],"Movie":[],"Person":[],"Product":[],"ProductReview":[],"Car":[],"Recipe":[],"Service":[],"SoftwareApplication":[],"WebPage":[]},"graphName":"Article","isEnabled":true},"graphs":[]},"schema_type":"default","schema_type_options":null,"pillar_content":false,"robots_default":true,"robots_noindex":false,"robots_noarchive":false,"robots_nosnippet":false,"robots_nofollow":false,"robots_noimageindex":false,"robots_noodp":false,"robots_notranslate":false,"robots_max_snippet":"-1","robots_max_videopreview":"-1","robots_max_imagepreview":"large","priority":null,"frequency":"default","location":null,"local_seo":null,"seo_analyzer_scan_date":"2025-09-01 21:17:48","breadcrumb_settings":null,"limit_modified_date":false,"reviewed_by":null,"open_ai":"{\"title\":{\"suggestions\":[],\"usage\":0},\"description\":{\"suggestions\":[],\"usage\":0}}","ai":null,"created":"2023-07-12 20:34:22","updated":"2025-09-01 21:17:48"},"aioseo_breadcrumb":"<div class=\"aioseo-breadcrumbs\"><span class=\"aioseo-breadcrumb\">\n\t<a href=\"https:\/\/candas365.es\/noticias\" title=\"Home\">Home<\/a>\n<\/span><span class=\"aioseo-breadcrumb-separator\">&ndash;<\/span><span class=\"aioseo-breadcrumb\">\n\t<a href=\"https:\/\/candas365.es\/noticias\/category\/sucesos\/\" title=\"Sucesos\">Sucesos<\/a>\n<\/span><span class=\"aioseo-breadcrumb-separator\">&ndash;<\/span><span class=\"aioseo-breadcrumb\">\n\tRescatado un pescador en Cangas de On\u00eds\n<\/span><\/div>","aioseo_breadcrumb_json":[{"label":"Home","link":"https:\/\/candas365.es\/noticias"},{"label":"Sucesos","link":"https:\/\/candas365.es\/noticias\/category\/sucesos\/"},{"label":"Rescatado un pescador en Cangas de On\u00eds","link":"https:\/\/candas365.es\/noticias\/rescatado-un-pescador-en-cangas-de-onis\/"}],"_links":{"self":[{"href":"https:\/\/candas365.es\/noticias\/wp-json\/wp\/v2\/posts\/174410","targetHints":{"allow":["GET"]}}],"collection":[{"href":"https:\/\/candas365.es\/noticias\/wp-json\/wp\/v2\/posts"}],"about":[{"href":"https:\/\/candas365.es\/noticias\/wp-json\/wp\/v2\/types\/post"}],"author":[{"embeddable":true,"href":"https:\/\/candas365.es\/noticias\/wp-json\/wp\/v2\/users\/1"}],"replies":[{"embeddable":true,"href":"https:\/\/candas365.es\/noticias\/wp-json\/wp\/v2\/comments?post=174410"}],"version-history":[{"count":0,"href":"https:\/\/candas365.es\/noticias\/wp-json\/wp\/v2\/posts\/174410\/revisions"}],"wp:featuredmedia":[{"embeddable":true,"href":"https:\/\/candas365.es\/noticias\/wp-json\/wp\/v2\/media\/174411"}],"wp:attachment":[{"href":"https:\/\/candas365.es\/noticias\/wp-json\/wp\/v2\/media?parent=174410"}],"wp:term":[{"taxonomy":"category","embeddable":true,"href":"https:\/\/candas365.es\/noticias\/wp-json\/wp\/v2\/categories?post=174410"},{"taxonomy":"post_tag","embeddable":true,"href":"https:\/\/candas365.es\/noticias\/wp-json\/wp\/v2\/tags?post=174410"}],"curies":[{"name":"wp","href":"https:\/\/api.w.org\/{rel}","templated":true}]}}