{"id":174345,"date":"2023-06-24T20:59:52","date_gmt":"2023-06-24T18:59:52","guid":{"rendered":"https:\/\/candas365.es\/noticias\/?p=174345"},"modified":"2023-06-28T02:46:05","modified_gmt":"2023-06-28T00:46:05","slug":"asturias-on-high-temperature-alert","status":"publish","type":"post","link":"https:\/\/candas365.es\/noticias\/asturias-on-high-temperature-alert\/","title":{"rendered":"Asturias on high temperature alert"},"content":{"rendered":"<p>The Regional Ministry of Health of the Principality of <a href=\"https:\/\/candas365.es\/noticias\/category\/asturias\/\"><span style=\"color: #ff6600;\"><strong>Asturias<\/strong><\/span><\/a> has activated alert level 2 (medium risk) of the National Plan of Preventive Actions on the Effects of Excessive Temperatures on Health 2023, in view of the forecasts of the State Meteorological Agency (<a href=\"https:\/\/www.aemet.es\/es\/portada\" target=\"_blank\" rel=\"noopener\"><span style=\"color: #ff6600;\"><strong>Aemet<\/strong><\/span><\/a>), which establish maximum temperatures for today that will exceed 26 degrees. Specifically for this day it will reach 31.8 degrees.<\/p>\n<figure id=\"attachment_174346\" aria-describedby=\"caption-attachment-174346\" style=\"width: 642px\" class=\"wp-caption aligncenter\"><img fetchpriority=\"high\" decoding=\"async\" class=\"wp-image-174346 size-large\" src=\"https:\/\/candas365.es\/noticias\/wp-content\/uploads\/2023\/06\/Asturias-642x480.jpg\" alt=\"Asturias\" width=\"642\" height=\"480\" srcset=\"https:\/\/candas365.es\/noticias\/wp-content\/uploads\/2023\/06\/Asturias-642x480.jpg 642w, https:\/\/candas365.es\/noticias\/wp-content\/uploads\/2023\/06\/Asturias-360x269.jpg 360w, https:\/\/candas365.es\/noticias\/wp-content\/uploads\/2023\/06\/Asturias-768x574.jpg 768w, https:\/\/candas365.es\/noticias\/wp-content\/uploads\/2023\/06\/Asturias-150x112.jpg 150w, https:\/\/candas365.es\/noticias\/wp-content\/uploads\/2023\/06\/Asturias-450x336.jpg 450w, https:\/\/candas365.es\/noticias\/wp-content\/uploads\/2023\/06\/Asturias.jpg 903w\" sizes=\"(max-width: 642px) 100vw, 642px\" \/><figcaption id=\"caption-attachment-174346\" class=\"wp-caption-text\">Photo: Cand\u00e1s 365<\/figcaption><\/figure>\n<p>The health authorities are advising the entire population to protect themselves from solar radiation, to hydrate themselves and to avoid drinking alcoholic beverages. In addition, they insist on the protection of the population most vulnerable to the heat, that is, those who suffer from chronic illnesses or who work outdoors, and children.<\/p>\n<blockquote><p>They also recommend keeping food cold, as the heat increases the risk of food-borne infections.<\/p><\/blockquote>\n<p>The General Directorate of Public Health has already sent the documentation to health centres, the Regional Ministry of Social Rights and Welfare and the Asturian Federation of Councils (FACC), which includes the following health recommendations in this situation of high temperatures:<\/p>\n<ul>\n<li>Drink water and liquids frequently, even if you do not feel thirsty and regardless of your physical activity.<\/li>\n<li>Avoid caffeinated, alcoholic or very sugary drinks, as they can promote dehydration.<\/li>\n<li>Although anyone can suffer from a heat-related problem, pay special attention to babies and children, infants and pregnant women, as well as elderly people or people with illnesses that can be aggravated by heat (such as heart disease, kidney disease, diabetes, hypertension, obesity, cancer, pathologies that hinder mobility, dementia and other mental illnesses, as well as drug or alcohol abuse).<\/li>\n<li>Stay as long as possible in cool, shaded or air-conditioned places, and cool down whenever you need to.<\/li>\n<li>Try to reduce physical activity and avoid outdoor sports in the middle of the day.<br \/>\nWear light, loose-fitting, breathable clothing.<\/li>\n<li>Never leave anyone in a parked and locked vehicle (especially minors, elderly or chronically ill people).<\/li>\n<li>Consult your health care professional for symptoms that last more than one hour and that may be related to high temperatures.<\/li>\n<li>Keep your medicines in a cool place; heat can alter their composition and effects.<br \/>\nEat light meals to help replenish salts lost through sweating (salads, fruit, vegetables, juices, etc.).<\/li>\n<\/ul>\n<h2>National Heat Action Plan 2023<\/h2>\n<p>The National Plan of Preventive Actions against the Effects of Excessive Temperatures on Health is activated every summer between May and September and includes, among other measures, the publication of a weekly report on the risk situation on the website of the<a href=\"http:\/\/(https:\/\/ddei5-0-ctp.trendmicro.com:443\/wis\/clicktime\/v1\/query?url=https%3a%2f%2facortar.link%2fy0yXw9&amp;umid=3512C0C4-FEDD-7E05-AA5A-D0A24A410B1C&amp;auth=4ceff9107ab9c25786f1a828bbcb8ff8204474b0-f2e4889dbec425ec46e5eeddd9eef4b3c3317bc1).\" target=\"_blank\" rel=\"noopener\"><span style=\"color: #ff6600;\"><strong> Ministry of Health<\/strong><\/span><\/a><\/p>\n<p>The health authorities monitor daily temperatures and weather forecasts five days in advance from the State Meteorological Agency, and monitor mortality during this period. This plan aims to reduce morbidity and mortality associated with high temperatures, as it has been observed that three or more consecutive days of unusually high temperatures can be accompanied by an increase in these figures.<\/p>\n<p>The alert levels are assigned taking into account the thresholds established for the Principality, which place maximum temperatures at 26 degrees Celsius.<\/p>\n","protected":false},"excerpt":{"rendered":"<p>The Regional Ministry of Health of the Principality of Asturias has activated alert level 2 (medium risk) of the National Plan of Preventive Actions on the Effects of Excessive Temperatures on Health 2023, in view of the forecasts of the State Meteorological Agency (Aemet), which establish maximum temperatures for today that will exceed 26 degrees.<\/p>\n","protected":false},"author":1,"featured_media":174346,"comment_status":"closed","ping_status":"closed","sticky":false,"template":"","format":"standard","meta":{"footnotes":""},"categories":[536],"tags":[427],"class_list":{"0":"post-174345","1":"post","2":"type-post","3":"status-publish","4":"format-standard","5":"has-post-thumbnail","7":"category-candas-news","8":"tag-news"},"aioseo_notices":[],"aioseo_head":"\n\t\t<!-- All in One SEO Pro 4.9.6.2 - aioseo.com -->\n\t<meta name=\"description\" content=\"The Regional Ministry of Health of the Principality of Asturias has activated alert level 2 (medium risk) of the National Plan of Preventive Actions on the\" \/>\n\t<meta name=\"robots\" content=\"max-image-preview:large\" \/>\n\t<meta name=\"author\" content=\"Cand\u00e1s 365\"\/>\n\t<meta name=\"google-site-verification\" content=\"UA-32230408-1\" \/>\n\t<meta name=\"msvalidate.01\" content=\"354F3CDFB2DA171B47FBE9ABF1F88D5\" \/>\n\t<meta name=\"keywords\" content=\"news\" \/>\n\t<link rel=\"canonical\" href=\"https:\/\/candas365.es\/noticias\/asturias-on-high-temperature-alert\/\" \/>\n\t<meta name=\"generator\" content=\"All in One SEO Pro (AIOSEO) 4.9.6.2\" \/>\n\t\t<meta property=\"og:locale\" content=\"es_ES\" \/>\n\t\t<meta property=\"og:site_name\" content=\"Cand\u00e1s 365\" \/>\n\t\t<meta property=\"og:type\" content=\"article\" \/>\n\t\t<meta property=\"og:title\" content=\"Asturias on high temperature alert | Cand\u00e1s 365\" \/>\n\t\t<meta property=\"og:description\" content=\"The Regional Ministry of Health of the Principality of Asturias has activated alert level 2 (medium risk) of the National Plan of Preventive Actions on the\" \/>\n\t\t<meta property=\"og:url\" content=\"https:\/\/candas365.es\/noticias\/asturias-on-high-temperature-alert\/\" \/>\n\t\t<meta property=\"og:image\" content=\"https:\/\/candas365.es\/noticias\/wp-content\/uploads\/2023\/06\/Asturias.jpg\" \/>\n\t\t<meta property=\"og:image:secure_url\" content=\"https:\/\/candas365.es\/noticias\/wp-content\/uploads\/2023\/06\/Asturias.jpg\" \/>\n\t\t<meta property=\"og:image:width\" content=\"903\" \/>\n\t\t<meta property=\"og:image:height\" content=\"675\" \/>\n\t\t<meta property=\"article:published_time\" content=\"2023-06-24T18:59:52+00:00\" \/>\n\t\t<meta property=\"article:modified_time\" content=\"2023-06-28T00:46:05+00:00\" \/>\n\t\t<meta property=\"article:publisher\" content=\"https:\/\/www.facebook.com\/Nachofdezber\" \/>\n\t\t<meta property=\"article:author\" content=\"https:\/\/www.facebook.com\/carrenoactualidad\" \/>\n\t\t<meta name=\"twitter:card\" content=\"summary_large_image\" \/>\n\t\t<meta name=\"twitter:site\" content=\"@NabercoDigital\" \/>\n\t\t<meta name=\"twitter:title\" content=\"Asturias on high temperature alert | Cand\u00e1s 365\" \/>\n\t\t<meta name=\"twitter:description\" content=\"The Regional Ministry of Health of the Principality of Asturias has activated alert level 2 (medium risk) of the National Plan of Preventive Actions on the\" \/>\n\t\t<meta name=\"twitter:creator\" content=\"@nbasturias\" \/>\n\t\t<meta name=\"twitter:image\" content=\"https:\/\/candas365.es\/noticias\/wp-content\/uploads\/2023\/06\/Asturias.jpg\" \/>\n\t\t<meta name=\"twitter:label1\" content=\"Escrito por\" \/>\n\t\t<meta name=\"twitter:data1\" content=\"Cand\u00e1s 365\" \/>\n\t\t<meta name=\"twitter:label2\" content=\"Tiempo de lectura estimado\" \/>\n\t\t<meta name=\"twitter:data2\" content=\"3 minutos\" \/>\n\t\t<script type=\"application\/ld+json\" class=\"aioseo-schema\">\n\t\t\t{\"@context\":\"https:\\\/\\\/schema.org\",\"@graph\":[{\"@type\":\"BreadcrumbList\",\"@id\":\"https:\\\/\\\/candas365.es\\\/noticias\\\/asturias-on-high-temperature-alert\\\/#breadcrumblist\",\"itemListElement\":[{\"@type\":\"ListItem\",\"@id\":\"https:\\\/\\\/candas365.es\\\/noticias#listItem\",\"position\":1,\"name\":\"Home\",\"item\":\"https:\\\/\\\/candas365.es\\\/noticias\",\"nextItem\":{\"@type\":\"ListItem\",\"@id\":\"https:\\\/\\\/candas365.es\\\/noticias\\\/category\\\/candas-news\\\/#listItem\",\"name\":\"News\"}},{\"@type\":\"ListItem\",\"@id\":\"https:\\\/\\\/candas365.es\\\/noticias\\\/category\\\/candas-news\\\/#listItem\",\"position\":2,\"name\":\"News\",\"item\":\"https:\\\/\\\/candas365.es\\\/noticias\\\/category\\\/candas-news\\\/\",\"nextItem\":{\"@type\":\"ListItem\",\"@id\":\"https:\\\/\\\/candas365.es\\\/noticias\\\/asturias-on-high-temperature-alert\\\/#listItem\",\"name\":\"Asturias on high temperature alert\"},\"previousItem\":{\"@type\":\"ListItem\",\"@id\":\"https:\\\/\\\/candas365.es\\\/noticias#listItem\",\"name\":\"Home\"}},{\"@type\":\"ListItem\",\"@id\":\"https:\\\/\\\/candas365.es\\\/noticias\\\/asturias-on-high-temperature-alert\\\/#listItem\",\"position\":3,\"name\":\"Asturias on high temperature alert\",\"previousItem\":{\"@type\":\"ListItem\",\"@id\":\"https:\\\/\\\/candas365.es\\\/noticias\\\/category\\\/candas-news\\\/#listItem\",\"name\":\"News\"}}]},{\"@type\":\"NewsArticle\",\"@id\":\"https:\\\/\\\/candas365.es\\\/noticias\\\/asturias-on-high-temperature-alert\\\/#newsarticle\",\"name\":\"Asturias on high temperature alert | Cand\\u00e1s 365\",\"headline\":\"Asturias on high temperature alert\",\"author\":{\"@id\":\"https:\\\/\\\/candas365.es\\\/noticias\\\/author\\\/admin\\\/#author\"},\"publisher\":{\"@id\":\"https:\\\/\\\/candas365.es\\\/noticias\\\/#organization\"},\"image\":{\"@type\":\"ImageObject\",\"url\":\"https:\\\/\\\/candas365.es\\\/noticias\\\/wp-content\\\/uploads\\\/2023\\\/06\\\/Asturias.jpg\",\"width\":903,\"height\":675,\"caption\":\"Photo: Cand\\u00e1s 365\"},\"datePublished\":\"2023-06-24T20:59:52+02:00\",\"dateModified\":\"2023-06-28T02:46:05+02:00\",\"inLanguage\":\"es-ES\",\"mainEntityOfPage\":{\"@id\":\"https:\\\/\\\/candas365.es\\\/noticias\\\/asturias-on-high-temperature-alert\\\/#webpage\"},\"isPartOf\":{\"@id\":\"https:\\\/\\\/candas365.es\\\/noticias\\\/asturias-on-high-temperature-alert\\\/#webpage\"},\"articleSection\":\"News, news\",\"dateline\":\"Publicado el junio 24, 2023.\"},{\"@type\":\"Organization\",\"@id\":\"https:\\\/\\\/candas365.es\\\/noticias\\\/#organization\",\"name\":\"Cand\\u00e1s 365\",\"description\":\"Cand\\u00e1s 365 es un diario digital independiente, fundado en 2012, con base en Asturias. Informamos con rigor sobre actualidad, sociedad, cultura y ocio, con una mirada local y global.\",\"url\":\"https:\\\/\\\/candas365.es\\\/noticias\\\/\",\"email\":\"info@candas365.es\",\"telephone\":\"+34652131393\",\"foundingDate\":\"2012-06-10\",\"logo\":{\"@type\":\"ImageObject\",\"url\":\"https:\\\/\\\/candas365.es\\\/noticias\\\/wp-content\\\/uploads\\\/2024\\\/09\\\/Candas-365-Redes.jpg\",\"@id\":\"https:\\\/\\\/candas365.es\\\/noticias\\\/asturias-on-high-temperature-alert\\\/#organizationLogo\",\"width\":1152,\"height\":864,\"caption\":\"Cand\\u00e1s 365 Redes\"},\"image\":{\"@id\":\"https:\\\/\\\/candas365.es\\\/noticias\\\/asturias-on-high-temperature-alert\\\/#organizationLogo\"},\"sameAs\":[\"https:\\\/\\\/www.facebook.com\\\/Nachofdezber\",\"https:\\\/\\\/x.com\\\/NabercoDigital\",\"https:\\\/\\\/www.instagram.com\\\/nachofdezber\\\/\",\"https:\\\/\\\/www.youtube.com\\\/channel\\\/UCZP-2wLEB9Rv6erhFmqVnvg\"],\"address\":{\"@id\":\"https:\\\/\\\/candas365.es\\\/noticias\\\/#postaladdress\",\"@type\":\"PostalAddress\",\"streetAddress\":\"san antonio 4, san antonio 4\",\"postalCode\":\"33430\",\"addressLocality\":\"Cand\\u00e1s\",\"addressRegion\":\"Asturias\",\"addressCountry\":\"ES\"}},{\"@type\":\"Person\",\"@id\":\"https:\\\/\\\/candas365.es\\\/noticias\\\/author\\\/admin\\\/#author\",\"url\":\"https:\\\/\\\/candas365.es\\\/noticias\\\/author\\\/admin\\\/\",\"name\":\"Cand\\u00e1s 365\",\"image\":{\"@type\":\"ImageObject\",\"@id\":\"https:\\\/\\\/candas365.es\\\/noticias\\\/asturias-on-high-temperature-alert\\\/#authorImage\",\"url\":\"https:\\\/\\\/secure.gravatar.com\\\/avatar\\\/496a8e03d0c493ede1718b7934145dbdf8d89be1036b0eec9544e1094c9de390?s=96&d=mm&r=g\",\"width\":96,\"height\":96,\"caption\":\"Cand\\u00e1s 365\"},\"sameAs\":[\"https:\\\/\\\/www.facebook.com\\\/carrenoactualidad\",\"https:\\\/\\\/twitter.com\\\/nbasturias\",\"https:\\\/\\\/www.instagram.com\\\/nachofdezber\\\/\",\"https:\\\/\\\/www.youtube.com\\\/channel\\\/UCZP-2wLEB9Rv6erhFmqVnvg\"]},{\"@type\":\"WebPage\",\"@id\":\"https:\\\/\\\/candas365.es\\\/noticias\\\/asturias-on-high-temperature-alert\\\/#webpage\",\"url\":\"https:\\\/\\\/candas365.es\\\/noticias\\\/asturias-on-high-temperature-alert\\\/\",\"name\":\"Asturias on high temperature alert | Cand\\u00e1s 365\",\"description\":\"The Regional Ministry of Health of the Principality of Asturias has activated alert level 2 (medium risk) of the National Plan of Preventive Actions on the\",\"inLanguage\":\"es-ES\",\"isPartOf\":{\"@id\":\"https:\\\/\\\/candas365.es\\\/noticias\\\/#website\"},\"breadcrumb\":{\"@id\":\"https:\\\/\\\/candas365.es\\\/noticias\\\/asturias-on-high-temperature-alert\\\/#breadcrumblist\"},\"author\":{\"@id\":\"https:\\\/\\\/candas365.es\\\/noticias\\\/author\\\/admin\\\/#author\"},\"creator\":{\"@id\":\"https:\\\/\\\/candas365.es\\\/noticias\\\/author\\\/admin\\\/#author\"},\"image\":{\"@type\":\"ImageObject\",\"url\":\"https:\\\/\\\/candas365.es\\\/noticias\\\/wp-content\\\/uploads\\\/2023\\\/06\\\/Asturias.jpg\",\"@id\":\"https:\\\/\\\/candas365.es\\\/noticias\\\/asturias-on-high-temperature-alert\\\/#mainImage\",\"width\":903,\"height\":675,\"caption\":\"Photo: Cand\\u00e1s 365\"},\"primaryImageOfPage\":{\"@id\":\"https:\\\/\\\/candas365.es\\\/noticias\\\/asturias-on-high-temperature-alert\\\/#mainImage\"},\"datePublished\":\"2023-06-24T20:59:52+02:00\",\"dateModified\":\"2023-06-28T02:46:05+02:00\"},{\"@type\":\"WebSite\",\"@id\":\"https:\\\/\\\/candas365.es\\\/noticias\\\/#website\",\"url\":\"https:\\\/\\\/candas365.es\\\/noticias\\\/\",\"name\":\"Cand\\u00e1s 365\",\"alternateName\":\"Cand\\u00e1s 365 Noticias\",\"description\":\"Actualidad desde Carre\\u00f1o para el mundo\",\"inLanguage\":\"es-ES\",\"publisher\":{\"@id\":\"https:\\\/\\\/candas365.es\\\/noticias\\\/#organization\"}}]}\n\t\t<\/script>\n\t\t<!-- All in One SEO Pro -->\r\n\t\t<title>Asturias on high temperature alert | Cand\u00e1s 365<\/title>\n\n","aioseo_head_json":{"title":"Asturias on high temperature alert | Cand\u00e1s 365","description":"The Regional Ministry of Health of the Principality of Asturias has activated alert level 2 (medium risk) of the National Plan of Preventive Actions on the","canonical_url":"https:\/\/candas365.es\/noticias\/asturias-on-high-temperature-alert\/","robots":"max-image-preview:large","keywords":"news","webmasterTools":{"google-site-verification":"UA-32230408-1","msvalidate.01":"354F3CDFB2DA171B47FBE9ABF1F88D5","miscellaneous":""},"schema":{"@context":"https:\/\/schema.org","@graph":[{"@type":"BreadcrumbList","@id":"https:\/\/candas365.es\/noticias\/asturias-on-high-temperature-alert\/#breadcrumblist","itemListElement":[{"@type":"ListItem","@id":"https:\/\/candas365.es\/noticias#listItem","position":1,"name":"Home","item":"https:\/\/candas365.es\/noticias","nextItem":{"@type":"ListItem","@id":"https:\/\/candas365.es\/noticias\/category\/candas-news\/#listItem","name":"News"}},{"@type":"ListItem","@id":"https:\/\/candas365.es\/noticias\/category\/candas-news\/#listItem","position":2,"name":"News","item":"https:\/\/candas365.es\/noticias\/category\/candas-news\/","nextItem":{"@type":"ListItem","@id":"https:\/\/candas365.es\/noticias\/asturias-on-high-temperature-alert\/#listItem","name":"Asturias on high temperature alert"},"previousItem":{"@type":"ListItem","@id":"https:\/\/candas365.es\/noticias#listItem","name":"Home"}},{"@type":"ListItem","@id":"https:\/\/candas365.es\/noticias\/asturias-on-high-temperature-alert\/#listItem","position":3,"name":"Asturias on high temperature alert","previousItem":{"@type":"ListItem","@id":"https:\/\/candas365.es\/noticias\/category\/candas-news\/#listItem","name":"News"}}]},{"@type":"NewsArticle","@id":"https:\/\/candas365.es\/noticias\/asturias-on-high-temperature-alert\/#newsarticle","name":"Asturias on high temperature alert | Cand\u00e1s 365","headline":"Asturias on high temperature alert","author":{"@id":"https:\/\/candas365.es\/noticias\/author\/admin\/#author"},"publisher":{"@id":"https:\/\/candas365.es\/noticias\/#organization"},"image":{"@type":"ImageObject","url":"https:\/\/candas365.es\/noticias\/wp-content\/uploads\/2023\/06\/Asturias.jpg","width":903,"height":675,"caption":"Photo: Cand\u00e1s 365"},"datePublished":"2023-06-24T20:59:52+02:00","dateModified":"2023-06-28T02:46:05+02:00","inLanguage":"es-ES","mainEntityOfPage":{"@id":"https:\/\/candas365.es\/noticias\/asturias-on-high-temperature-alert\/#webpage"},"isPartOf":{"@id":"https:\/\/candas365.es\/noticias\/asturias-on-high-temperature-alert\/#webpage"},"articleSection":"News, news","dateline":"Publicado el junio 24, 2023."},{"@type":"Organization","@id":"https:\/\/candas365.es\/noticias\/#organization","name":"Cand\u00e1s 365","description":"Cand\u00e1s 365 es un diario digital independiente, fundado en 2012, con base en Asturias. Informamos con rigor sobre actualidad, sociedad, cultura y ocio, con una mirada local y global.","url":"https:\/\/candas365.es\/noticias\/","email":"info@candas365.es","telephone":"+34652131393","foundingDate":"2012-06-10","logo":{"@type":"ImageObject","url":"https:\/\/candas365.es\/noticias\/wp-content\/uploads\/2024\/09\/Candas-365-Redes.jpg","@id":"https:\/\/candas365.es\/noticias\/asturias-on-high-temperature-alert\/#organizationLogo","width":1152,"height":864,"caption":"Cand\u00e1s 365 Redes"},"image":{"@id":"https:\/\/candas365.es\/noticias\/asturias-on-high-temperature-alert\/#organizationLogo"},"sameAs":["https:\/\/www.facebook.com\/Nachofdezber","https:\/\/x.com\/NabercoDigital","https:\/\/www.instagram.com\/nachofdezber\/","https:\/\/www.youtube.com\/channel\/UCZP-2wLEB9Rv6erhFmqVnvg"],"address":{"@id":"https:\/\/candas365.es\/noticias\/#postaladdress","@type":"PostalAddress","streetAddress":"san antonio 4, san antonio 4","postalCode":"33430","addressLocality":"Cand\u00e1s","addressRegion":"Asturias","addressCountry":"ES"}},{"@type":"Person","@id":"https:\/\/candas365.es\/noticias\/author\/admin\/#author","url":"https:\/\/candas365.es\/noticias\/author\/admin\/","name":"Cand\u00e1s 365","image":{"@type":"ImageObject","@id":"https:\/\/candas365.es\/noticias\/asturias-on-high-temperature-alert\/#authorImage","url":"https:\/\/secure.gravatar.com\/avatar\/496a8e03d0c493ede1718b7934145dbdf8d89be1036b0eec9544e1094c9de390?s=96&d=mm&r=g","width":96,"height":96,"caption":"Cand\u00e1s 365"},"sameAs":["https:\/\/www.facebook.com\/carrenoactualidad","https:\/\/twitter.com\/nbasturias","https:\/\/www.instagram.com\/nachofdezber\/","https:\/\/www.youtube.com\/channel\/UCZP-2wLEB9Rv6erhFmqVnvg"]},{"@type":"WebPage","@id":"https:\/\/candas365.es\/noticias\/asturias-on-high-temperature-alert\/#webpage","url":"https:\/\/candas365.es\/noticias\/asturias-on-high-temperature-alert\/","name":"Asturias on high temperature alert | Cand\u00e1s 365","description":"The Regional Ministry of Health of the Principality of Asturias has activated alert level 2 (medium risk) of the National Plan of Preventive Actions on the","inLanguage":"es-ES","isPartOf":{"@id":"https:\/\/candas365.es\/noticias\/#website"},"breadcrumb":{"@id":"https:\/\/candas365.es\/noticias\/asturias-on-high-temperature-alert\/#breadcrumblist"},"author":{"@id":"https:\/\/candas365.es\/noticias\/author\/admin\/#author"},"creator":{"@id":"https:\/\/candas365.es\/noticias\/author\/admin\/#author"},"image":{"@type":"ImageObject","url":"https:\/\/candas365.es\/noticias\/wp-content\/uploads\/2023\/06\/Asturias.jpg","@id":"https:\/\/candas365.es\/noticias\/asturias-on-high-temperature-alert\/#mainImage","width":903,"height":675,"caption":"Photo: Cand\u00e1s 365"},"primaryImageOfPage":{"@id":"https:\/\/candas365.es\/noticias\/asturias-on-high-temperature-alert\/#mainImage"},"datePublished":"2023-06-24T20:59:52+02:00","dateModified":"2023-06-28T02:46:05+02:00"},{"@type":"WebSite","@id":"https:\/\/candas365.es\/noticias\/#website","url":"https:\/\/candas365.es\/noticias\/","name":"Cand\u00e1s 365","alternateName":"Cand\u00e1s 365 Noticias","description":"Actualidad desde Carre\u00f1o para el mundo","inLanguage":"es-ES","publisher":{"@id":"https:\/\/candas365.es\/noticias\/#organization"}}]},"og:locale":"es_ES","og:site_name":"Cand\u00e1s 365","og:type":"article","og:title":"Asturias on high temperature alert | Cand\u00e1s 365","og:description":"The Regional Ministry of Health of the Principality of Asturias has activated alert level 2 (medium risk) of the National Plan of Preventive Actions on the","og:url":"https:\/\/candas365.es\/noticias\/asturias-on-high-temperature-alert\/","og:image":"https:\/\/candas365.es\/noticias\/wp-content\/uploads\/2023\/06\/Asturias.jpg","og:image:secure_url":"https:\/\/candas365.es\/noticias\/wp-content\/uploads\/2023\/06\/Asturias.jpg","og:image:width":903,"og:image:height":675,"article:published_time":"2023-06-24T18:59:52+00:00","article:modified_time":"2023-06-28T00:46:05+00:00","article:publisher":"https:\/\/www.facebook.com\/Nachofdezber","article:author":"https:\/\/www.facebook.com\/carrenoactualidad","twitter:card":"summary_large_image","twitter:site":"@NabercoDigital","twitter:title":"Asturias on high temperature alert | Cand\u00e1s 365","twitter:description":"The Regional Ministry of Health of the Principality of Asturias has activated alert level 2 (medium risk) of the National Plan of Preventive Actions on the","twitter:creator":"@nbasturias","twitter:image":"https:\/\/candas365.es\/noticias\/wp-content\/uploads\/2023\/06\/Asturias.jpg","twitter:label1":"Escrito por","twitter:data1":"Cand\u00e1s 365","twitter:label2":"Tiempo de lectura estimado","twitter:data2":"3 minutos"},"aioseo_meta_data":{"post_id":"174345","title":null,"description":"The Regional Ministry of Health of the Principality of Asturias has activated alert level 2 (medium risk) of the National Plan of Preventive Actions on the","keywords":[],"keyphrases":{"focus":{"keyphrase":"Asturias","score":73,"analysis":{"keyphraseInTitle":{"score":3,"maxScore":9,"error":1},"keyphraseInDescription":{"score":9,"maxScore":9,"error":0},"keyphraseLength":{"score":9,"maxScore":9,"error":0,"length":1},"keyphraseInURL":{"score":1,"maxScore":5,"error":1},"keyphraseInIntroduction":{"score":9,"maxScore":9,"error":0},"keyphraseInSubHeadings":{"score":3,"maxScore":9,"error":1},"keyphraseInImageAlt":{"score":9,"maxScore":9,"error":0}}},"additional":[{"keyphrase":"Asturias","score":100,"analysis":{"keyphraseInDescription":{"score":9,"maxScore":9,"error":0},"keyphraseLength":{"score":9,"maxScore":9,"error":0,"length":1},"keyphraseInIntroduction":{"score":9,"maxScore":9,"error":0},"keyphraseInImageAlt":{"score":9,"maxScore":9,"error":0}}}]},"primary_term":null,"canonical_url":null,"og_title":null,"og_description":null,"og_object_type":"default","og_image_type":"default","og_image_url":null,"og_image_width":null,"og_image_height":null,"og_image_custom_url":null,"og_image_custom_fields":null,"og_video":"","og_custom_url":null,"og_article_section":null,"og_article_tags":[],"twitter_use_og":false,"twitter_card":"default","twitter_image_type":"default","twitter_image_url":null,"twitter_image_custom_url":null,"twitter_image_custom_fields":null,"twitter_title":null,"twitter_description":null,"schema":{"blockGraphs":[],"customGraphs":[],"default":{"data":{"Article":[],"Course":[],"Dataset":[],"FAQPage":[],"Movie":[],"Person":[],"Product":[],"ProductReview":[],"Car":[],"Recipe":[],"Service":[],"SoftwareApplication":[],"WebPage":[]},"graphName":"Article","isEnabled":true},"graphs":[]},"schema_type":"default","schema_type_options":null,"pillar_content":false,"robots_default":true,"robots_noindex":false,"robots_noarchive":false,"robots_nosnippet":false,"robots_nofollow":false,"robots_noimageindex":false,"robots_noodp":false,"robots_notranslate":false,"robots_max_snippet":"-1","robots_max_videopreview":"-1","robots_max_imagepreview":"large","priority":null,"frequency":"default","location":null,"local_seo":null,"seo_analyzer_scan_date":"2025-09-01 21:15:24","breadcrumb_settings":null,"limit_modified_date":false,"reviewed_by":null,"open_ai":"{\"title\":{\"suggestions\":[],\"usage\":0},\"description\":{\"suggestions\":[],\"usage\":0}}","ai":null,"created":"2023-06-24 18:53:54","updated":"2025-09-01 21:15:24"},"aioseo_breadcrumb":"<div class=\"aioseo-breadcrumbs\"><span class=\"aioseo-breadcrumb\">\n\t<a href=\"https:\/\/candas365.es\/noticias\" title=\"Home\">Home<\/a>\n<\/span><span class=\"aioseo-breadcrumb-separator\">&ndash;<\/span><span class=\"aioseo-breadcrumb\">\n\t<a href=\"https:\/\/candas365.es\/noticias\/category\/candas-news\/\" title=\"News\">News<\/a>\n<\/span><span class=\"aioseo-breadcrumb-separator\">&ndash;<\/span><span class=\"aioseo-breadcrumb\">\n\tAsturias on high temperature alert\n<\/span><\/div>","aioseo_breadcrumb_json":[{"label":"Home","link":"https:\/\/candas365.es\/noticias"},{"label":"News","link":"https:\/\/candas365.es\/noticias\/category\/candas-news\/"},{"label":"Asturias on high temperature alert","link":"https:\/\/candas365.es\/noticias\/asturias-on-high-temperature-alert\/"}],"_links":{"self":[{"href":"https:\/\/candas365.es\/noticias\/wp-json\/wp\/v2\/posts\/174345","targetHints":{"allow":["GET"]}}],"collection":[{"href":"https:\/\/candas365.es\/noticias\/wp-json\/wp\/v2\/posts"}],"about":[{"href":"https:\/\/candas365.es\/noticias\/wp-json\/wp\/v2\/types\/post"}],"author":[{"embeddable":true,"href":"https:\/\/candas365.es\/noticias\/wp-json\/wp\/v2\/users\/1"}],"replies":[{"embeddable":true,"href":"https:\/\/candas365.es\/noticias\/wp-json\/wp\/v2\/comments?post=174345"}],"version-history":[{"count":0,"href":"https:\/\/candas365.es\/noticias\/wp-json\/wp\/v2\/posts\/174345\/revisions"}],"wp:featuredmedia":[{"embeddable":true,"href":"https:\/\/candas365.es\/noticias\/wp-json\/wp\/v2\/media\/174346"}],"wp:attachment":[{"href":"https:\/\/candas365.es\/noticias\/wp-json\/wp\/v2\/media?parent=174345"}],"wp:term":[{"taxonomy":"category","embeddable":true,"href":"https:\/\/candas365.es\/noticias\/wp-json\/wp\/v2\/categories?post=174345"},{"taxonomy":"post_tag","embeddable":true,"href":"https:\/\/candas365.es\/noticias\/wp-json\/wp\/v2\/tags?post=174345"}],"curies":[{"name":"wp","href":"https:\/\/api.w.org\/{rel}","templated":true}]}}