{"id":174332,"date":"2023-06-24T04:30:18","date_gmt":"2023-06-24T02:30:18","guid":{"rendered":"https:\/\/candas365.es\/noticias\/?p=174332"},"modified":"2023-06-24T04:30:18","modified_gmt":"2023-06-24T02:30:18","slug":"candas-hoy-sabado-batira-record-de-temperatura","status":"publish","type":"post","link":"https:\/\/candas365.es\/noticias\/candas-hoy-sabado-batira-record-de-temperatura\/","title":{"rendered":"Cand\u00e1s hoy s\u00e1bado batir\u00e1 r\u00e9cord de temperatura"},"content":{"rendered":"<p>Hoy s\u00e1bado<strong> en <a href=\"https:\/\/candas365.es\/noticias\/category\/noticias-carreno\/\" target=\"_blank\" rel=\"noopener\"><span style=\"color: #ff6600;\">Cand\u00e1s<\/span><\/a> superaremos el r\u00e9cord de temperatura m\u00e1xima<\/strong> de un 24 de junio, seg\u00fan informan varias fuentes, con m\u00e1ximas de unos 27 grados seg\u00fan informan varias fuentes consultadas.<\/p>\n<figure id=\"attachment_174333\" aria-describedby=\"caption-attachment-174333\" style=\"width: 642px\" class=\"wp-caption aligncenter\"><img fetchpriority=\"high\" decoding=\"async\" class=\"wp-image-174333 size-large\" src=\"https:\/\/candas365.es\/noticias\/wp-content\/uploads\/2023\/06\/Candas-temperatura-642x480.jpg\" alt=\"Cand\u00e1s temperatura\" width=\"642\" height=\"480\" srcset=\"https:\/\/candas365.es\/noticias\/wp-content\/uploads\/2023\/06\/Candas-temperatura-642x480.jpg 642w, https:\/\/candas365.es\/noticias\/wp-content\/uploads\/2023\/06\/Candas-temperatura-360x269.jpg 360w, https:\/\/candas365.es\/noticias\/wp-content\/uploads\/2023\/06\/Candas-temperatura-768x574.jpg 768w, https:\/\/candas365.es\/noticias\/wp-content\/uploads\/2023\/06\/Candas-temperatura-150x112.jpg 150w, https:\/\/candas365.es\/noticias\/wp-content\/uploads\/2023\/06\/Candas-temperatura-450x336.jpg 450w, https:\/\/candas365.es\/noticias\/wp-content\/uploads\/2023\/06\/Candas-temperatura.jpg 903w\" sizes=\"(max-width: 642px) 100vw, 642px\" \/><figcaption id=\"caption-attachment-174333\" class=\"wp-caption-text\">Foto: Cand\u00e1s 365 \/ N.Berm\u00fadez<\/figcaption><\/figure>\n<p>En el <strong>m\u00e1ximo hist\u00f3rico un 24 de junio del a\u00f1o 2018<\/strong> tuvimos en nuestra villa marinera 25 grados, por tanto de ser ciertas las previsiones hoy ser\u00e1 d\u00eda de r\u00e9cord.<\/p>\n<p>Como dato curioso destacar que en el a\u00f1o 1997, <strong>un 24 de junio tuvimos una temperatura de 11 grados.<\/strong><\/p>\n<p><strong>M\u00e1s informaci\u00f3n sobre el tiempo para hoy <span style=\"color: #ff6600;\"><a style=\"color: #ff6600;\" href=\"https:\/\/www.aemet.es\/es\/eltiempo\/prediccion\/municipios\/carreno-candas-id33014\" target=\"_blank\" rel=\"noopener\">pulsando aqu\u00ed<\/a><\/span><\/strong>.<\/p>\n","protected":false},"excerpt":{"rendered":"<p>Hoy s\u00e1bado en Cand\u00e1s superaremos el r\u00e9cord de temperatura m\u00e1xima de un 24 de junio, seg\u00fan informan varias fuentes, con m\u00e1ximas de unos 27 grados seg\u00fan informan varias fuentes consultadas. En el m\u00e1ximo hist\u00f3rico un 24 de junio del a\u00f1o 2018 tuvimos en nuestra villa marinera 25 grados, por tanto de ser ciertas las previsiones<\/p>\n","protected":false},"author":1,"featured_media":174333,"comment_status":"closed","ping_status":"closed","sticky":false,"template":"","format":"standard","meta":{"footnotes":""},"categories":[316,2],"tags":[366,365,429],"class_list":{"0":"post-174332","1":"post","2":"type-post","3":"status-publish","4":"format-standard","5":"has-post-thumbnail","7":"category-destacadas","8":"category-noticias-carreno","9":"tag-candas","10":"tag-carreno","11":"tag-el-tiempo"},"aioseo_notices":[],"aioseo_head":"\n\t\t<!-- All in One SEO Pro 4.9.6.2 - aioseo.com -->\n\t<meta name=\"description\" content=\"Hoy s\u00e1bado en Cand\u00e1s superaremos el r\u00e9cord de temperatura m\u00e1xima de un 24 de junio, seg\u00fan informan varias fuentes, con m\u00e1ximas de unos 27 grados seg\u00fan\" \/>\n\t<meta name=\"robots\" content=\"max-image-preview:large\" \/>\n\t<meta name=\"author\" content=\"Cand\u00e1s 365\"\/>\n\t<meta name=\"google-site-verification\" content=\"UA-32230408-1\" \/>\n\t<meta name=\"msvalidate.01\" content=\"354F3CDFB2DA171B47FBE9ABF1F88D5\" \/>\n\t<meta name=\"keywords\" content=\"destacadas,noticias carre\u00f1o\" \/>\n\t<link rel=\"canonical\" href=\"https:\/\/candas365.es\/noticias\/candas-hoy-sabado-batira-record-de-temperatura\/\" \/>\n\t<meta name=\"generator\" content=\"All in One SEO Pro (AIOSEO) 4.9.6.2\" \/>\n\t\t<meta property=\"og:locale\" content=\"es_ES\" \/>\n\t\t<meta property=\"og:site_name\" content=\"Cand\u00e1s 365\" \/>\n\t\t<meta property=\"og:type\" content=\"article\" \/>\n\t\t<meta property=\"og:title\" content=\"Cand\u00e1s hoy s\u00e1bado batir\u00e1 r\u00e9cord de temperatura | Cand\u00e1s 365\" \/>\n\t\t<meta property=\"og:description\" content=\"Hoy s\u00e1bado en Cand\u00e1s superaremos el r\u00e9cord de temperatura m\u00e1xima de un 24 de junio, seg\u00fan informan varias fuentes, con m\u00e1ximas de unos 27 grados seg\u00fan\" \/>\n\t\t<meta property=\"og:url\" content=\"https:\/\/candas365.es\/noticias\/candas-hoy-sabado-batira-record-de-temperatura\/\" \/>\n\t\t<meta property=\"og:image\" content=\"https:\/\/candas365.es\/noticias\/wp-content\/uploads\/2023\/06\/Candas-temperatura.jpg\" \/>\n\t\t<meta property=\"og:image:secure_url\" content=\"https:\/\/candas365.es\/noticias\/wp-content\/uploads\/2023\/06\/Candas-temperatura.jpg\" \/>\n\t\t<meta property=\"og:image:width\" content=\"903\" \/>\n\t\t<meta property=\"og:image:height\" content=\"675\" \/>\n\t\t<meta property=\"article:published_time\" content=\"2023-06-24T02:30:18+00:00\" \/>\n\t\t<meta property=\"article:modified_time\" content=\"2023-06-24T02:30:18+00:00\" \/>\n\t\t<meta property=\"article:publisher\" content=\"https:\/\/www.facebook.com\/Nachofdezber\" \/>\n\t\t<meta property=\"article:author\" content=\"https:\/\/www.facebook.com\/carrenoactualidad\" \/>\n\t\t<meta name=\"twitter:card\" content=\"summary_large_image\" \/>\n\t\t<meta name=\"twitter:site\" content=\"@NabercoDigital\" \/>\n\t\t<meta name=\"twitter:title\" content=\"Cand\u00e1s hoy s\u00e1bado batir\u00e1 r\u00e9cord de temperatura | Cand\u00e1s 365\" \/>\n\t\t<meta name=\"twitter:description\" content=\"Hoy s\u00e1bado en Cand\u00e1s superaremos el r\u00e9cord de temperatura m\u00e1xima de un 24 de junio, seg\u00fan informan varias fuentes, con m\u00e1ximas de unos 27 grados seg\u00fan\" \/>\n\t\t<meta name=\"twitter:creator\" content=\"@nbasturias\" \/>\n\t\t<meta name=\"twitter:image\" content=\"https:\/\/candas365.es\/noticias\/wp-content\/uploads\/2023\/06\/Candas-temperatura.jpg\" \/>\n\t\t<meta name=\"twitter:label1\" content=\"Escrito por\" \/>\n\t\t<meta name=\"twitter:data1\" content=\"Cand\u00e1s 365\" \/>\n\t\t<meta name=\"twitter:label2\" content=\"Tiempo de lectura estimado\" \/>\n\t\t<meta name=\"twitter:data2\" content=\"1 minuto\" \/>\n\t\t<script type=\"application\/ld+json\" class=\"aioseo-schema\">\n\t\t\t{\"@context\":\"https:\\\/\\\/schema.org\",\"@graph\":[{\"@type\":\"BreadcrumbList\",\"@id\":\"https:\\\/\\\/candas365.es\\\/noticias\\\/candas-hoy-sabado-batira-record-de-temperatura\\\/#breadcrumblist\",\"itemListElement\":[{\"@type\":\"ListItem\",\"@id\":\"https:\\\/\\\/candas365.es\\\/noticias#listItem\",\"position\":1,\"name\":\"Home\",\"item\":\"https:\\\/\\\/candas365.es\\\/noticias\",\"nextItem\":{\"@type\":\"ListItem\",\"@id\":\"https:\\\/\\\/candas365.es\\\/noticias\\\/category\\\/noticias-carreno\\\/#listItem\",\"name\":\"Noticias Carre\\u00f1o\"}},{\"@type\":\"ListItem\",\"@id\":\"https:\\\/\\\/candas365.es\\\/noticias\\\/category\\\/noticias-carreno\\\/#listItem\",\"position\":2,\"name\":\"Noticias Carre\\u00f1o\",\"item\":\"https:\\\/\\\/candas365.es\\\/noticias\\\/category\\\/noticias-carreno\\\/\",\"nextItem\":{\"@type\":\"ListItem\",\"@id\":\"https:\\\/\\\/candas365.es\\\/noticias\\\/candas-hoy-sabado-batira-record-de-temperatura\\\/#listItem\",\"name\":\"Cand\\u00e1s hoy s\\u00e1bado batir\\u00e1 r\\u00e9cord de temperatura\"},\"previousItem\":{\"@type\":\"ListItem\",\"@id\":\"https:\\\/\\\/candas365.es\\\/noticias#listItem\",\"name\":\"Home\"}},{\"@type\":\"ListItem\",\"@id\":\"https:\\\/\\\/candas365.es\\\/noticias\\\/candas-hoy-sabado-batira-record-de-temperatura\\\/#listItem\",\"position\":3,\"name\":\"Cand\\u00e1s hoy s\\u00e1bado batir\\u00e1 r\\u00e9cord de temperatura\",\"previousItem\":{\"@type\":\"ListItem\",\"@id\":\"https:\\\/\\\/candas365.es\\\/noticias\\\/category\\\/noticias-carreno\\\/#listItem\",\"name\":\"Noticias Carre\\u00f1o\"}}]},{\"@type\":\"NewsArticle\",\"@id\":\"https:\\\/\\\/candas365.es\\\/noticias\\\/candas-hoy-sabado-batira-record-de-temperatura\\\/#newsarticle\",\"name\":\"Cand\\u00e1s hoy s\\u00e1bado batir\\u00e1 r\\u00e9cord de temperatura | Cand\\u00e1s 365\",\"headline\":\"Cand\\u00e1s hoy s\\u00e1bado batir\\u00e1 r\\u00e9cord de temperatura\",\"author\":{\"@id\":\"https:\\\/\\\/candas365.es\\\/noticias\\\/author\\\/admin\\\/#author\"},\"publisher\":{\"@id\":\"https:\\\/\\\/candas365.es\\\/noticias\\\/#organization\"},\"image\":{\"@type\":\"ImageObject\",\"url\":\"https:\\\/\\\/candas365.es\\\/noticias\\\/wp-content\\\/uploads\\\/2023\\\/06\\\/Candas-temperatura.jpg\",\"width\":903,\"height\":675,\"caption\":\"Foto: Cand\\u00e1s 365 \\\/ N.Berm\\u00fadez\"},\"datePublished\":\"2023-06-24T04:30:18+02:00\",\"dateModified\":\"2023-06-24T04:30:18+02:00\",\"inLanguage\":\"es-ES\",\"mainEntityOfPage\":{\"@id\":\"https:\\\/\\\/candas365.es\\\/noticias\\\/candas-hoy-sabado-batira-record-de-temperatura\\\/#webpage\"},\"isPartOf\":{\"@id\":\"https:\\\/\\\/candas365.es\\\/noticias\\\/candas-hoy-sabado-batira-record-de-temperatura\\\/#webpage\"},\"articleSection\":\"Destacadas, Noticias Carre\\u00f1o, Cand\\u00e1s, Carre\\u00f1o, El tiempo\",\"dateline\":\"Publicado el junio 24, 2023.\"},{\"@type\":\"Organization\",\"@id\":\"https:\\\/\\\/candas365.es\\\/noticias\\\/#organization\",\"name\":\"Cand\\u00e1s 365\",\"description\":\"Cand\\u00e1s 365 es un diario digital independiente, fundado en 2012, con base en Asturias. Informamos con rigor sobre actualidad, sociedad, cultura y ocio, con una mirada local y global.\",\"url\":\"https:\\\/\\\/candas365.es\\\/noticias\\\/\",\"email\":\"info@candas365.es\",\"telephone\":\"+34652131393\",\"foundingDate\":\"2012-06-10\",\"logo\":{\"@type\":\"ImageObject\",\"url\":\"https:\\\/\\\/candas365.es\\\/noticias\\\/wp-content\\\/uploads\\\/2024\\\/09\\\/Candas-365-Redes.jpg\",\"@id\":\"https:\\\/\\\/candas365.es\\\/noticias\\\/candas-hoy-sabado-batira-record-de-temperatura\\\/#organizationLogo\",\"width\":1152,\"height\":864,\"caption\":\"Cand\\u00e1s 365 Redes\"},\"image\":{\"@id\":\"https:\\\/\\\/candas365.es\\\/noticias\\\/candas-hoy-sabado-batira-record-de-temperatura\\\/#organizationLogo\"},\"sameAs\":[\"https:\\\/\\\/www.facebook.com\\\/Nachofdezber\",\"https:\\\/\\\/x.com\\\/NabercoDigital\",\"https:\\\/\\\/www.instagram.com\\\/nachofdezber\\\/\",\"https:\\\/\\\/www.youtube.com\\\/channel\\\/UCZP-2wLEB9Rv6erhFmqVnvg\"],\"address\":{\"@id\":\"https:\\\/\\\/candas365.es\\\/noticias\\\/#postaladdress\",\"@type\":\"PostalAddress\",\"streetAddress\":\"san antonio 4, san antonio 4\",\"postalCode\":\"33430\",\"addressLocality\":\"Cand\\u00e1s\",\"addressRegion\":\"Asturias\",\"addressCountry\":\"ES\"}},{\"@type\":\"Person\",\"@id\":\"https:\\\/\\\/candas365.es\\\/noticias\\\/author\\\/admin\\\/#author\",\"url\":\"https:\\\/\\\/candas365.es\\\/noticias\\\/author\\\/admin\\\/\",\"name\":\"Cand\\u00e1s 365\",\"image\":{\"@type\":\"ImageObject\",\"@id\":\"https:\\\/\\\/candas365.es\\\/noticias\\\/candas-hoy-sabado-batira-record-de-temperatura\\\/#authorImage\",\"url\":\"https:\\\/\\\/secure.gravatar.com\\\/avatar\\\/496a8e03d0c493ede1718b7934145dbdf8d89be1036b0eec9544e1094c9de390?s=96&d=mm&r=g\",\"width\":96,\"height\":96,\"caption\":\"Cand\\u00e1s 365\"},\"sameAs\":[\"https:\\\/\\\/www.facebook.com\\\/carrenoactualidad\",\"https:\\\/\\\/twitter.com\\\/nbasturias\",\"https:\\\/\\\/www.instagram.com\\\/nachofdezber\\\/\",\"https:\\\/\\\/www.youtube.com\\\/channel\\\/UCZP-2wLEB9Rv6erhFmqVnvg\"]},{\"@type\":\"WebPage\",\"@id\":\"https:\\\/\\\/candas365.es\\\/noticias\\\/candas-hoy-sabado-batira-record-de-temperatura\\\/#webpage\",\"url\":\"https:\\\/\\\/candas365.es\\\/noticias\\\/candas-hoy-sabado-batira-record-de-temperatura\\\/\",\"name\":\"Cand\\u00e1s hoy s\\u00e1bado batir\\u00e1 r\\u00e9cord de temperatura | Cand\\u00e1s 365\",\"description\":\"Hoy s\\u00e1bado en Cand\\u00e1s superaremos el r\\u00e9cord de temperatura m\\u00e1xima de un 24 de junio, seg\\u00fan informan varias fuentes, con m\\u00e1ximas de unos 27 grados seg\\u00fan\",\"inLanguage\":\"es-ES\",\"isPartOf\":{\"@id\":\"https:\\\/\\\/candas365.es\\\/noticias\\\/#website\"},\"breadcrumb\":{\"@id\":\"https:\\\/\\\/candas365.es\\\/noticias\\\/candas-hoy-sabado-batira-record-de-temperatura\\\/#breadcrumblist\"},\"author\":{\"@id\":\"https:\\\/\\\/candas365.es\\\/noticias\\\/author\\\/admin\\\/#author\"},\"creator\":{\"@id\":\"https:\\\/\\\/candas365.es\\\/noticias\\\/author\\\/admin\\\/#author\"},\"image\":{\"@type\":\"ImageObject\",\"url\":\"https:\\\/\\\/candas365.es\\\/noticias\\\/wp-content\\\/uploads\\\/2023\\\/06\\\/Candas-temperatura.jpg\",\"@id\":\"https:\\\/\\\/candas365.es\\\/noticias\\\/candas-hoy-sabado-batira-record-de-temperatura\\\/#mainImage\",\"width\":903,\"height\":675,\"caption\":\"Foto: Cand\\u00e1s 365 \\\/ N.Berm\\u00fadez\"},\"primaryImageOfPage\":{\"@id\":\"https:\\\/\\\/candas365.es\\\/noticias\\\/candas-hoy-sabado-batira-record-de-temperatura\\\/#mainImage\"},\"datePublished\":\"2023-06-24T04:30:18+02:00\",\"dateModified\":\"2023-06-24T04:30:18+02:00\"},{\"@type\":\"WebSite\",\"@id\":\"https:\\\/\\\/candas365.es\\\/noticias\\\/#website\",\"url\":\"https:\\\/\\\/candas365.es\\\/noticias\\\/\",\"name\":\"Cand\\u00e1s 365\",\"alternateName\":\"Cand\\u00e1s 365 Noticias\",\"description\":\"Actualidad desde Carre\\u00f1o para el mundo\",\"inLanguage\":\"es-ES\",\"publisher\":{\"@id\":\"https:\\\/\\\/candas365.es\\\/noticias\\\/#organization\"}}]}\n\t\t<\/script>\n\t\t<!-- All in One SEO Pro -->\r\n\t\t<title>Cand\u00e1s hoy s\u00e1bado batir\u00e1 r\u00e9cord de temperatura | Cand\u00e1s 365<\/title>\n\n","aioseo_head_json":{"title":"Cand\u00e1s hoy s\u00e1bado batir\u00e1 r\u00e9cord de temperatura | Cand\u00e1s 365","description":"Hoy s\u00e1bado en Cand\u00e1s superaremos el r\u00e9cord de temperatura m\u00e1xima de un 24 de junio, seg\u00fan informan varias fuentes, con m\u00e1ximas de unos 27 grados seg\u00fan","canonical_url":"https:\/\/candas365.es\/noticias\/candas-hoy-sabado-batira-record-de-temperatura\/","robots":"max-image-preview:large","keywords":"destacadas,noticias carre\u00f1o","webmasterTools":{"google-site-verification":"UA-32230408-1","msvalidate.01":"354F3CDFB2DA171B47FBE9ABF1F88D5","miscellaneous":""},"schema":{"@context":"https:\/\/schema.org","@graph":[{"@type":"BreadcrumbList","@id":"https:\/\/candas365.es\/noticias\/candas-hoy-sabado-batira-record-de-temperatura\/#breadcrumblist","itemListElement":[{"@type":"ListItem","@id":"https:\/\/candas365.es\/noticias#listItem","position":1,"name":"Home","item":"https:\/\/candas365.es\/noticias","nextItem":{"@type":"ListItem","@id":"https:\/\/candas365.es\/noticias\/category\/noticias-carreno\/#listItem","name":"Noticias Carre\u00f1o"}},{"@type":"ListItem","@id":"https:\/\/candas365.es\/noticias\/category\/noticias-carreno\/#listItem","position":2,"name":"Noticias Carre\u00f1o","item":"https:\/\/candas365.es\/noticias\/category\/noticias-carreno\/","nextItem":{"@type":"ListItem","@id":"https:\/\/candas365.es\/noticias\/candas-hoy-sabado-batira-record-de-temperatura\/#listItem","name":"Cand\u00e1s hoy s\u00e1bado batir\u00e1 r\u00e9cord de temperatura"},"previousItem":{"@type":"ListItem","@id":"https:\/\/candas365.es\/noticias#listItem","name":"Home"}},{"@type":"ListItem","@id":"https:\/\/candas365.es\/noticias\/candas-hoy-sabado-batira-record-de-temperatura\/#listItem","position":3,"name":"Cand\u00e1s hoy s\u00e1bado batir\u00e1 r\u00e9cord de temperatura","previousItem":{"@type":"ListItem","@id":"https:\/\/candas365.es\/noticias\/category\/noticias-carreno\/#listItem","name":"Noticias Carre\u00f1o"}}]},{"@type":"NewsArticle","@id":"https:\/\/candas365.es\/noticias\/candas-hoy-sabado-batira-record-de-temperatura\/#newsarticle","name":"Cand\u00e1s hoy s\u00e1bado batir\u00e1 r\u00e9cord de temperatura | Cand\u00e1s 365","headline":"Cand\u00e1s hoy s\u00e1bado batir\u00e1 r\u00e9cord de temperatura","author":{"@id":"https:\/\/candas365.es\/noticias\/author\/admin\/#author"},"publisher":{"@id":"https:\/\/candas365.es\/noticias\/#organization"},"image":{"@type":"ImageObject","url":"https:\/\/candas365.es\/noticias\/wp-content\/uploads\/2023\/06\/Candas-temperatura.jpg","width":903,"height":675,"caption":"Foto: Cand\u00e1s 365 \/ N.Berm\u00fadez"},"datePublished":"2023-06-24T04:30:18+02:00","dateModified":"2023-06-24T04:30:18+02:00","inLanguage":"es-ES","mainEntityOfPage":{"@id":"https:\/\/candas365.es\/noticias\/candas-hoy-sabado-batira-record-de-temperatura\/#webpage"},"isPartOf":{"@id":"https:\/\/candas365.es\/noticias\/candas-hoy-sabado-batira-record-de-temperatura\/#webpage"},"articleSection":"Destacadas, Noticias Carre\u00f1o, Cand\u00e1s, Carre\u00f1o, El tiempo","dateline":"Publicado el junio 24, 2023."},{"@type":"Organization","@id":"https:\/\/candas365.es\/noticias\/#organization","name":"Cand\u00e1s 365","description":"Cand\u00e1s 365 es un diario digital independiente, fundado en 2012, con base en Asturias. Informamos con rigor sobre actualidad, sociedad, cultura y ocio, con una mirada local y global.","url":"https:\/\/candas365.es\/noticias\/","email":"info@candas365.es","telephone":"+34652131393","foundingDate":"2012-06-10","logo":{"@type":"ImageObject","url":"https:\/\/candas365.es\/noticias\/wp-content\/uploads\/2024\/09\/Candas-365-Redes.jpg","@id":"https:\/\/candas365.es\/noticias\/candas-hoy-sabado-batira-record-de-temperatura\/#organizationLogo","width":1152,"height":864,"caption":"Cand\u00e1s 365 Redes"},"image":{"@id":"https:\/\/candas365.es\/noticias\/candas-hoy-sabado-batira-record-de-temperatura\/#organizationLogo"},"sameAs":["https:\/\/www.facebook.com\/Nachofdezber","https:\/\/x.com\/NabercoDigital","https:\/\/www.instagram.com\/nachofdezber\/","https:\/\/www.youtube.com\/channel\/UCZP-2wLEB9Rv6erhFmqVnvg"],"address":{"@id":"https:\/\/candas365.es\/noticias\/#postaladdress","@type":"PostalAddress","streetAddress":"san antonio 4, san antonio 4","postalCode":"33430","addressLocality":"Cand\u00e1s","addressRegion":"Asturias","addressCountry":"ES"}},{"@type":"Person","@id":"https:\/\/candas365.es\/noticias\/author\/admin\/#author","url":"https:\/\/candas365.es\/noticias\/author\/admin\/","name":"Cand\u00e1s 365","image":{"@type":"ImageObject","@id":"https:\/\/candas365.es\/noticias\/candas-hoy-sabado-batira-record-de-temperatura\/#authorImage","url":"https:\/\/secure.gravatar.com\/avatar\/496a8e03d0c493ede1718b7934145dbdf8d89be1036b0eec9544e1094c9de390?s=96&d=mm&r=g","width":96,"height":96,"caption":"Cand\u00e1s 365"},"sameAs":["https:\/\/www.facebook.com\/carrenoactualidad","https:\/\/twitter.com\/nbasturias","https:\/\/www.instagram.com\/nachofdezber\/","https:\/\/www.youtube.com\/channel\/UCZP-2wLEB9Rv6erhFmqVnvg"]},{"@type":"WebPage","@id":"https:\/\/candas365.es\/noticias\/candas-hoy-sabado-batira-record-de-temperatura\/#webpage","url":"https:\/\/candas365.es\/noticias\/candas-hoy-sabado-batira-record-de-temperatura\/","name":"Cand\u00e1s hoy s\u00e1bado batir\u00e1 r\u00e9cord de temperatura | Cand\u00e1s 365","description":"Hoy s\u00e1bado en Cand\u00e1s superaremos el r\u00e9cord de temperatura m\u00e1xima de un 24 de junio, seg\u00fan informan varias fuentes, con m\u00e1ximas de unos 27 grados seg\u00fan","inLanguage":"es-ES","isPartOf":{"@id":"https:\/\/candas365.es\/noticias\/#website"},"breadcrumb":{"@id":"https:\/\/candas365.es\/noticias\/candas-hoy-sabado-batira-record-de-temperatura\/#breadcrumblist"},"author":{"@id":"https:\/\/candas365.es\/noticias\/author\/admin\/#author"},"creator":{"@id":"https:\/\/candas365.es\/noticias\/author\/admin\/#author"},"image":{"@type":"ImageObject","url":"https:\/\/candas365.es\/noticias\/wp-content\/uploads\/2023\/06\/Candas-temperatura.jpg","@id":"https:\/\/candas365.es\/noticias\/candas-hoy-sabado-batira-record-de-temperatura\/#mainImage","width":903,"height":675,"caption":"Foto: Cand\u00e1s 365 \/ N.Berm\u00fadez"},"primaryImageOfPage":{"@id":"https:\/\/candas365.es\/noticias\/candas-hoy-sabado-batira-record-de-temperatura\/#mainImage"},"datePublished":"2023-06-24T04:30:18+02:00","dateModified":"2023-06-24T04:30:18+02:00"},{"@type":"WebSite","@id":"https:\/\/candas365.es\/noticias\/#website","url":"https:\/\/candas365.es\/noticias\/","name":"Cand\u00e1s 365","alternateName":"Cand\u00e1s 365 Noticias","description":"Actualidad desde Carre\u00f1o para el mundo","inLanguage":"es-ES","publisher":{"@id":"https:\/\/candas365.es\/noticias\/#organization"}}]},"og:locale":"es_ES","og:site_name":"Cand\u00e1s 365","og:type":"article","og:title":"Cand\u00e1s hoy s\u00e1bado batir\u00e1 r\u00e9cord de temperatura | Cand\u00e1s 365","og:description":"Hoy s\u00e1bado en Cand\u00e1s superaremos el r\u00e9cord de temperatura m\u00e1xima de un 24 de junio, seg\u00fan informan varias fuentes, con m\u00e1ximas de unos 27 grados seg\u00fan","og:url":"https:\/\/candas365.es\/noticias\/candas-hoy-sabado-batira-record-de-temperatura\/","og:image":"https:\/\/candas365.es\/noticias\/wp-content\/uploads\/2023\/06\/Candas-temperatura.jpg","og:image:secure_url":"https:\/\/candas365.es\/noticias\/wp-content\/uploads\/2023\/06\/Candas-temperatura.jpg","og:image:width":903,"og:image:height":675,"article:published_time":"2023-06-24T02:30:18+00:00","article:modified_time":"2023-06-24T02:30:18+00:00","article:publisher":"https:\/\/www.facebook.com\/Nachofdezber","article:author":"https:\/\/www.facebook.com\/carrenoactualidad","twitter:card":"summary_large_image","twitter:site":"@NabercoDigital","twitter:title":"Cand\u00e1s hoy s\u00e1bado batir\u00e1 r\u00e9cord de temperatura | Cand\u00e1s 365","twitter:description":"Hoy s\u00e1bado en Cand\u00e1s superaremos el r\u00e9cord de temperatura m\u00e1xima de un 24 de junio, seg\u00fan informan varias fuentes, con m\u00e1ximas de unos 27 grados seg\u00fan","twitter:creator":"@nbasturias","twitter:image":"https:\/\/candas365.es\/noticias\/wp-content\/uploads\/2023\/06\/Candas-temperatura.jpg","twitter:label1":"Escrito por","twitter:data1":"Cand\u00e1s 365","twitter:label2":"Tiempo de lectura estimado","twitter:data2":"1 minuto"},"aioseo_meta_data":{"post_id":"174332","title":null,"description":"Hoy s\u00e1bado en Cand\u00e1s superaremos el r\u00e9cord de temperatura m\u00e1xima de un 24 de junio, seg\u00fan informan varias fuentes, con m\u00e1ximas de unos 27 grados seg\u00fan","keywords":[],"keyphrases":{"focus":{"keyphrase":"Cand\u00e1s ","score":100,"analysis":{"keyphraseInTitle":{"score":9,"maxScore":9,"error":0},"keyphraseInDescription":{"score":9,"maxScore":9,"error":0},"keyphraseLength":{"score":9,"maxScore":9,"error":0,"length":1},"keyphraseInURL":{"score":5,"maxScore":5,"error":0},"keyphraseInIntroduction":{"score":9,"maxScore":9,"error":0},"keyphraseInSubHeadings":[],"keyphraseInImageAlt":{"score":9,"maxScore":9,"error":0}}},"additional":[{"keyphrase":"Cand\u00e1s ","score":100,"analysis":{"keyphraseInDescription":{"score":9,"maxScore":9,"error":0},"keyphraseLength":{"score":9,"maxScore":9,"error":0,"length":1},"keyphraseInIntroduction":{"score":9,"maxScore":9,"error":0},"keyphraseInImageAlt":{"score":9,"maxScore":9,"error":0}}},{"keyphrase":"temperatura","score":100,"analysis":{"keyphraseInDescription":{"score":9,"maxScore":9,"error":0},"keyphraseLength":{"score":9,"maxScore":9,"error":0,"length":1},"keyphraseInIntroduction":{"score":9,"maxScore":9,"error":0},"keyphraseInImageAlt":{"score":9,"maxScore":9,"error":0}}}]},"primary_term":null,"canonical_url":null,"og_title":null,"og_description":null,"og_object_type":"default","og_image_type":"default","og_image_url":null,"og_image_width":null,"og_image_height":null,"og_image_custom_url":null,"og_image_custom_fields":null,"og_video":"","og_custom_url":null,"og_article_section":null,"og_article_tags":[],"twitter_use_og":false,"twitter_card":"default","twitter_image_type":"default","twitter_image_url":null,"twitter_image_custom_url":null,"twitter_image_custom_fields":null,"twitter_title":null,"twitter_description":null,"schema":{"blockGraphs":[],"customGraphs":[],"default":{"data":{"Article":[],"Course":[],"Dataset":[],"FAQPage":[],"Movie":[],"Person":[],"Product":[],"ProductReview":[],"Car":[],"Recipe":[],"Service":[],"SoftwareApplication":[],"WebPage":[]},"graphName":"Article","isEnabled":true},"graphs":[]},"schema_type":"default","schema_type_options":null,"pillar_content":false,"robots_default":true,"robots_noindex":false,"robots_noarchive":false,"robots_nosnippet":false,"robots_nofollow":false,"robots_noimageindex":false,"robots_noodp":false,"robots_notranslate":false,"robots_max_snippet":"-1","robots_max_videopreview":"-1","robots_max_imagepreview":"large","priority":null,"frequency":"default","location":null,"local_seo":null,"seo_analyzer_scan_date":"2025-09-01 21:13:30","breadcrumb_settings":null,"limit_modified_date":false,"reviewed_by":null,"open_ai":"{\"title\":{\"suggestions\":[],\"usage\":0},\"description\":{\"suggestions\":[],\"usage\":0}}","ai":null,"created":"2023-06-24 02:15:11","updated":"2025-09-01 21:13:30"},"aioseo_breadcrumb":"<div class=\"aioseo-breadcrumbs\"><span class=\"aioseo-breadcrumb\">\n\t<a href=\"https:\/\/candas365.es\/noticias\" title=\"Home\">Home<\/a>\n<\/span><span class=\"aioseo-breadcrumb-separator\">&ndash;<\/span><span class=\"aioseo-breadcrumb\">\n\t<a href=\"https:\/\/candas365.es\/noticias\/category\/noticias-carreno\/\" title=\"Noticias Carre\u00f1o\">Noticias Carre\u00f1o<\/a>\n<\/span><span class=\"aioseo-breadcrumb-separator\">&ndash;<\/span><span class=\"aioseo-breadcrumb\">\n\tCand\u00e1s hoy s\u00e1bado batir\u00e1 r\u00e9cord de temperatura\n<\/span><\/div>","aioseo_breadcrumb_json":[{"label":"Home","link":"https:\/\/candas365.es\/noticias"},{"label":"Noticias Carre\u00f1o","link":"https:\/\/candas365.es\/noticias\/category\/noticias-carreno\/"},{"label":"Cand\u00e1s hoy s\u00e1bado batir\u00e1 r\u00e9cord de temperatura","link":"https:\/\/candas365.es\/noticias\/candas-hoy-sabado-batira-record-de-temperatura\/"}],"_links":{"self":[{"href":"https:\/\/candas365.es\/noticias\/wp-json\/wp\/v2\/posts\/174332","targetHints":{"allow":["GET"]}}],"collection":[{"href":"https:\/\/candas365.es\/noticias\/wp-json\/wp\/v2\/posts"}],"about":[{"href":"https:\/\/candas365.es\/noticias\/wp-json\/wp\/v2\/types\/post"}],"author":[{"embeddable":true,"href":"https:\/\/candas365.es\/noticias\/wp-json\/wp\/v2\/users\/1"}],"replies":[{"embeddable":true,"href":"https:\/\/candas365.es\/noticias\/wp-json\/wp\/v2\/comments?post=174332"}],"version-history":[{"count":0,"href":"https:\/\/candas365.es\/noticias\/wp-json\/wp\/v2\/posts\/174332\/revisions"}],"wp:featuredmedia":[{"embeddable":true,"href":"https:\/\/candas365.es\/noticias\/wp-json\/wp\/v2\/media\/174333"}],"wp:attachment":[{"href":"https:\/\/candas365.es\/noticias\/wp-json\/wp\/v2\/media?parent=174332"}],"wp:term":[{"taxonomy":"category","embeddable":true,"href":"https:\/\/candas365.es\/noticias\/wp-json\/wp\/v2\/categories?post=174332"},{"taxonomy":"post_tag","embeddable":true,"href":"https:\/\/candas365.es\/noticias\/wp-json\/wp\/v2\/tags?post=174332"}],"curies":[{"name":"wp","href":"https:\/\/api.w.org\/{rel}","templated":true}]}}