{"id":174289,"date":"2023-06-20T04:17:54","date_gmt":"2023-06-20T02:17:54","guid":{"rendered":"https:\/\/candas365.es\/noticias\/?p=174289"},"modified":"2023-06-20T04:17:54","modified_gmt":"2023-06-20T02:17:54","slug":"the-weather-in-spain-tuesday-20th-june-2023","status":"publish","type":"post","link":"https:\/\/candas365.es\/noticias\/the-weather-in-spain-tuesday-20th-june-2023\/","title":{"rendered":"The weather in Spain, Tuesday 20th June 2023"},"content":{"rendered":"<p><span style=\"color: #ff6600;\"><a style=\"color: #ff6600;\" href=\"https:\/\/www.aemet.es\/es\/\" target=\"_blank\" rel=\"noopener\"><strong>AEMET<\/strong><\/a><\/span> reports in its weather forecast for today, Tuesday 20 June in Spain, showers and thunderstorms that could become strong in the area of the eastern Cantabrian, high Ebro or western Pyrenees.<\/p>\n<figure id=\"attachment_174290\" aria-describedby=\"caption-attachment-174290\" style=\"width: 642px\" class=\"wp-caption aligncenter\"><img fetchpriority=\"high\" decoding=\"async\" class=\"wp-image-174290 size-large\" src=\"https:\/\/candas365.es\/noticias\/wp-content\/uploads\/2023\/06\/The-weather-in-Spain-Tuesday-20th-June-2023-642x480.jpg\" alt=\"The weather in Spain, Tuesday 20th June 2023\" width=\"642\" height=\"480\" srcset=\"https:\/\/candas365.es\/noticias\/wp-content\/uploads\/2023\/06\/The-weather-in-Spain-Tuesday-20th-June-2023-642x480.jpg 642w, https:\/\/candas365.es\/noticias\/wp-content\/uploads\/2023\/06\/The-weather-in-Spain-Tuesday-20th-June-2023-360x269.jpg 360w, https:\/\/candas365.es\/noticias\/wp-content\/uploads\/2023\/06\/The-weather-in-Spain-Tuesday-20th-June-2023-768x574.jpg 768w, https:\/\/candas365.es\/noticias\/wp-content\/uploads\/2023\/06\/The-weather-in-Spain-Tuesday-20th-June-2023-150x112.jpg 150w, https:\/\/candas365.es\/noticias\/wp-content\/uploads\/2023\/06\/The-weather-in-Spain-Tuesday-20th-June-2023-450x336.jpg 450w, https:\/\/candas365.es\/noticias\/wp-content\/uploads\/2023\/06\/The-weather-in-Spain-Tuesday-20th-June-2023.jpg 882w\" sizes=\"(max-width: 642px) 100vw, 642px\" \/><figcaption id=\"caption-attachment-174290\" class=\"wp-caption-text\">Photo: Cand\u00e1s 365 &#8211; N.Berm\u00fadez<\/figcaption><\/figure>\n<p>Tuesday in Spain will be an unstable day in the northern half and in the interior of the eastern third of the peninsula with a predominance of cloudy skies or with intervals of medium and high clouds. Scattered showers and thunderstorms are expected in the north and northwest of the peninsula, which will intensify and become more widespread in the afternoon, except in Galicia, where they will continue to be scattered and less intense. They could be heavy in the eastern Cantabrian, upper Ebro and western Pyrenees areas. Storms and rainfall are also expected in the early hours in the interior of the southeast of the peninsula and Albor\u00e1n, which in the afternoon will spread to other areas of the peninsula, especially in inland areas of the east, while they will gradually subside in the southeast. The exception will be the southwest quadrant of the peninsula, the Mediterranean coast and the Balearic Islands, with intervals of medium and high clouds without precipitation. In the Canary Islands, skies with intervals of low clouds and in the afternoon intervals of evolving clouds with probable showers in the islands of greater relief, with occasional showers in the rest of the islands.<\/p>\n<p>Fog and morning mist likely in inland areas in the northwest of the peninsula. Calima in the Balearic Islands, without ruling out the possibility of spreading to the east of the peninsula.<br \/>\nTemperatures will fall except in the eastern third of the Peninsula and areas of the Balearic Islands where they will tend to rise; increases that will extend in the maximums to the middle Ebro. Temperatures may reach 35 degrees in Mallorca.<\/p>\n<p>Westerly in the Strait of Gibraltar and Alboran, south-westerly winds on the north-western coasts of the peninsula, and light westerly winds in the Cantabrian Sea. Predominantly light south-westerly winds in the western half of the peninsula, and south and south-easterly in the eastern half. Variable wind, light or moderate in the Balearic Islands; and in the Canary Islands, light from the north.<\/p>\n","protected":false},"excerpt":{"rendered":"<p>AEMET reports in its weather forecast for today, Tuesday 20 June in Spain, showers and thunderstorms that could become strong in the area of the eastern Cantabrian, high Ebro or western Pyrenees. Tuesday in Spain will be an unstable day in the northern half and in the interior of the eastern third of the peninsula<\/p>\n","protected":false},"author":1,"featured_media":174290,"comment_status":"closed","ping_status":"closed","sticky":false,"template":"","format":"standard","meta":{"footnotes":""},"categories":[536],"tags":[427],"class_list":{"0":"post-174289","1":"post","2":"type-post","3":"status-publish","4":"format-standard","5":"has-post-thumbnail","7":"category-candas-news","8":"tag-news"},"aioseo_notices":[],"aioseo_head":"\n\t\t<!-- All in One SEO Pro 4.9.6.2 - aioseo.com -->\n\t<meta name=\"description\" content=\"AEMET reports in its weather forecast for today, Tuesday 20 June in Spain, showers and thunderstorms that could become strong in the area of the eastern\" \/>\n\t<meta name=\"robots\" content=\"max-image-preview:large\" \/>\n\t<meta name=\"author\" content=\"Cand\u00e1s 365\"\/>\n\t<meta name=\"google-site-verification\" content=\"UA-32230408-1\" \/>\n\t<meta name=\"msvalidate.01\" content=\"354F3CDFB2DA171B47FBE9ABF1F88D5\" \/>\n\t<meta name=\"keywords\" content=\"news\" \/>\n\t<link rel=\"canonical\" href=\"https:\/\/candas365.es\/noticias\/the-weather-in-spain-tuesday-20th-june-2023\/\" \/>\n\t<meta name=\"generator\" content=\"All in One SEO Pro (AIOSEO) 4.9.6.2\" \/>\n\t\t<meta property=\"og:locale\" content=\"es_ES\" \/>\n\t\t<meta property=\"og:site_name\" content=\"Cand\u00e1s 365\" \/>\n\t\t<meta property=\"og:type\" content=\"article\" \/>\n\t\t<meta property=\"og:title\" content=\"The weather in Spain, Tuesday 20th June 2023 | Cand\u00e1s 365\" \/>\n\t\t<meta property=\"og:description\" content=\"AEMET reports in its weather forecast for today, Tuesday 20 June in Spain, showers and thunderstorms that could become strong in the area of the eastern\" \/>\n\t\t<meta property=\"og:url\" content=\"https:\/\/candas365.es\/noticias\/the-weather-in-spain-tuesday-20th-june-2023\/\" \/>\n\t\t<meta property=\"og:image\" content=\"https:\/\/candas365.es\/noticias\/wp-content\/uploads\/2023\/06\/The-weather-in-Spain-Tuesday-20th-June-2023.jpg\" \/>\n\t\t<meta property=\"og:image:secure_url\" content=\"https:\/\/candas365.es\/noticias\/wp-content\/uploads\/2023\/06\/The-weather-in-Spain-Tuesday-20th-June-2023.jpg\" \/>\n\t\t<meta property=\"og:image:width\" content=\"882\" \/>\n\t\t<meta property=\"og:image:height\" content=\"659\" \/>\n\t\t<meta property=\"article:published_time\" content=\"2023-06-20T02:17:54+00:00\" \/>\n\t\t<meta property=\"article:modified_time\" content=\"2023-06-20T02:17:54+00:00\" \/>\n\t\t<meta property=\"article:publisher\" content=\"https:\/\/www.facebook.com\/Nachofdezber\" \/>\n\t\t<meta property=\"article:author\" content=\"https:\/\/www.facebook.com\/carrenoactualidad\" \/>\n\t\t<meta name=\"twitter:card\" content=\"summary_large_image\" \/>\n\t\t<meta name=\"twitter:site\" content=\"@NabercoDigital\" \/>\n\t\t<meta name=\"twitter:title\" content=\"The weather in Spain, Tuesday 20th June 2023 | Cand\u00e1s 365\" \/>\n\t\t<meta name=\"twitter:description\" content=\"AEMET reports in its weather forecast for today, Tuesday 20 June in Spain, showers and thunderstorms that could become strong in the area of the eastern\" \/>\n\t\t<meta name=\"twitter:creator\" content=\"@nbasturias\" \/>\n\t\t<meta name=\"twitter:image\" content=\"https:\/\/candas365.es\/noticias\/wp-content\/uploads\/2023\/06\/The-weather-in-Spain-Tuesday-20th-June-2023.jpg\" \/>\n\t\t<meta name=\"twitter:label1\" content=\"Escrito por\" \/>\n\t\t<meta name=\"twitter:data1\" content=\"Cand\u00e1s 365\" \/>\n\t\t<meta name=\"twitter:label2\" content=\"Tiempo de lectura estimado\" \/>\n\t\t<meta name=\"twitter:data2\" content=\"2 minutos\" \/>\n\t\t<script type=\"application\/ld+json\" class=\"aioseo-schema\">\n\t\t\t{\"@context\":\"https:\\\/\\\/schema.org\",\"@graph\":[{\"@type\":\"BreadcrumbList\",\"@id\":\"https:\\\/\\\/candas365.es\\\/noticias\\\/the-weather-in-spain-tuesday-20th-june-2023\\\/#breadcrumblist\",\"itemListElement\":[{\"@type\":\"ListItem\",\"@id\":\"https:\\\/\\\/candas365.es\\\/noticias#listItem\",\"position\":1,\"name\":\"Home\",\"item\":\"https:\\\/\\\/candas365.es\\\/noticias\",\"nextItem\":{\"@type\":\"ListItem\",\"@id\":\"https:\\\/\\\/candas365.es\\\/noticias\\\/category\\\/candas-news\\\/#listItem\",\"name\":\"News\"}},{\"@type\":\"ListItem\",\"@id\":\"https:\\\/\\\/candas365.es\\\/noticias\\\/category\\\/candas-news\\\/#listItem\",\"position\":2,\"name\":\"News\",\"item\":\"https:\\\/\\\/candas365.es\\\/noticias\\\/category\\\/candas-news\\\/\",\"nextItem\":{\"@type\":\"ListItem\",\"@id\":\"https:\\\/\\\/candas365.es\\\/noticias\\\/the-weather-in-spain-tuesday-20th-june-2023\\\/#listItem\",\"name\":\"The weather in Spain, Tuesday 20th June 2023\"},\"previousItem\":{\"@type\":\"ListItem\",\"@id\":\"https:\\\/\\\/candas365.es\\\/noticias#listItem\",\"name\":\"Home\"}},{\"@type\":\"ListItem\",\"@id\":\"https:\\\/\\\/candas365.es\\\/noticias\\\/the-weather-in-spain-tuesday-20th-june-2023\\\/#listItem\",\"position\":3,\"name\":\"The weather in Spain, Tuesday 20th June 2023\",\"previousItem\":{\"@type\":\"ListItem\",\"@id\":\"https:\\\/\\\/candas365.es\\\/noticias\\\/category\\\/candas-news\\\/#listItem\",\"name\":\"News\"}}]},{\"@type\":\"NewsArticle\",\"@id\":\"https:\\\/\\\/candas365.es\\\/noticias\\\/the-weather-in-spain-tuesday-20th-june-2023\\\/#newsarticle\",\"name\":\"The weather in Spain, Tuesday 20th June 2023 | Cand\\u00e1s 365\",\"headline\":\"The weather in Spain, Tuesday 20th June 2023\",\"author\":{\"@id\":\"https:\\\/\\\/candas365.es\\\/noticias\\\/author\\\/admin\\\/#author\"},\"publisher\":{\"@id\":\"https:\\\/\\\/candas365.es\\\/noticias\\\/#organization\"},\"image\":{\"@type\":\"ImageObject\",\"url\":\"https:\\\/\\\/candas365.es\\\/noticias\\\/wp-content\\\/uploads\\\/2023\\\/06\\\/The-weather-in-Spain-Tuesday-20th-June-2023.jpg\",\"width\":882,\"height\":659,\"caption\":\"Photo: Cand\\u00e1s 365 - N.Berm\\u00fadez\"},\"datePublished\":\"2023-06-20T04:17:54+02:00\",\"dateModified\":\"2023-06-20T04:17:54+02:00\",\"inLanguage\":\"es-ES\",\"mainEntityOfPage\":{\"@id\":\"https:\\\/\\\/candas365.es\\\/noticias\\\/the-weather-in-spain-tuesday-20th-june-2023\\\/#webpage\"},\"isPartOf\":{\"@id\":\"https:\\\/\\\/candas365.es\\\/noticias\\\/the-weather-in-spain-tuesday-20th-june-2023\\\/#webpage\"},\"articleSection\":\"News, news\",\"dateline\":\"Publicado el junio 20, 2023.\"},{\"@type\":\"Organization\",\"@id\":\"https:\\\/\\\/candas365.es\\\/noticias\\\/#organization\",\"name\":\"Cand\\u00e1s 365\",\"description\":\"Cand\\u00e1s 365 es un diario digital independiente, fundado en 2012, con base en Asturias. Informamos con rigor sobre actualidad, sociedad, cultura y ocio, con una mirada local y global.\",\"url\":\"https:\\\/\\\/candas365.es\\\/noticias\\\/\",\"email\":\"info@candas365.es\",\"telephone\":\"+34652131393\",\"foundingDate\":\"2012-06-10\",\"logo\":{\"@type\":\"ImageObject\",\"url\":\"https:\\\/\\\/candas365.es\\\/noticias\\\/wp-content\\\/uploads\\\/2024\\\/09\\\/Candas-365-Redes.jpg\",\"@id\":\"https:\\\/\\\/candas365.es\\\/noticias\\\/the-weather-in-spain-tuesday-20th-june-2023\\\/#organizationLogo\",\"width\":1152,\"height\":864,\"caption\":\"Cand\\u00e1s 365 Redes\"},\"image\":{\"@id\":\"https:\\\/\\\/candas365.es\\\/noticias\\\/the-weather-in-spain-tuesday-20th-june-2023\\\/#organizationLogo\"},\"sameAs\":[\"https:\\\/\\\/www.facebook.com\\\/Nachofdezber\",\"https:\\\/\\\/x.com\\\/NabercoDigital\",\"https:\\\/\\\/www.instagram.com\\\/nachofdezber\\\/\",\"https:\\\/\\\/www.youtube.com\\\/channel\\\/UCZP-2wLEB9Rv6erhFmqVnvg\"],\"address\":{\"@id\":\"https:\\\/\\\/candas365.es\\\/noticias\\\/#postaladdress\",\"@type\":\"PostalAddress\",\"streetAddress\":\"san antonio 4, san antonio 4\",\"postalCode\":\"33430\",\"addressLocality\":\"Cand\\u00e1s\",\"addressRegion\":\"Asturias\",\"addressCountry\":\"ES\"}},{\"@type\":\"Person\",\"@id\":\"https:\\\/\\\/candas365.es\\\/noticias\\\/author\\\/admin\\\/#author\",\"url\":\"https:\\\/\\\/candas365.es\\\/noticias\\\/author\\\/admin\\\/\",\"name\":\"Cand\\u00e1s 365\",\"image\":{\"@type\":\"ImageObject\",\"@id\":\"https:\\\/\\\/candas365.es\\\/noticias\\\/the-weather-in-spain-tuesday-20th-june-2023\\\/#authorImage\",\"url\":\"https:\\\/\\\/secure.gravatar.com\\\/avatar\\\/496a8e03d0c493ede1718b7934145dbdf8d89be1036b0eec9544e1094c9de390?s=96&d=mm&r=g\",\"width\":96,\"height\":96,\"caption\":\"Cand\\u00e1s 365\"},\"sameAs\":[\"https:\\\/\\\/www.facebook.com\\\/carrenoactualidad\",\"https:\\\/\\\/twitter.com\\\/nbasturias\",\"https:\\\/\\\/www.instagram.com\\\/nachofdezber\\\/\",\"https:\\\/\\\/www.youtube.com\\\/channel\\\/UCZP-2wLEB9Rv6erhFmqVnvg\"]},{\"@type\":\"WebPage\",\"@id\":\"https:\\\/\\\/candas365.es\\\/noticias\\\/the-weather-in-spain-tuesday-20th-june-2023\\\/#webpage\",\"url\":\"https:\\\/\\\/candas365.es\\\/noticias\\\/the-weather-in-spain-tuesday-20th-june-2023\\\/\",\"name\":\"The weather in Spain, Tuesday 20th June 2023 | Cand\\u00e1s 365\",\"description\":\"AEMET reports in its weather forecast for today, Tuesday 20 June in Spain, showers and thunderstorms that could become strong in the area of the eastern\",\"inLanguage\":\"es-ES\",\"isPartOf\":{\"@id\":\"https:\\\/\\\/candas365.es\\\/noticias\\\/#website\"},\"breadcrumb\":{\"@id\":\"https:\\\/\\\/candas365.es\\\/noticias\\\/the-weather-in-spain-tuesday-20th-june-2023\\\/#breadcrumblist\"},\"author\":{\"@id\":\"https:\\\/\\\/candas365.es\\\/noticias\\\/author\\\/admin\\\/#author\"},\"creator\":{\"@id\":\"https:\\\/\\\/candas365.es\\\/noticias\\\/author\\\/admin\\\/#author\"},\"image\":{\"@type\":\"ImageObject\",\"url\":\"https:\\\/\\\/candas365.es\\\/noticias\\\/wp-content\\\/uploads\\\/2023\\\/06\\\/The-weather-in-Spain-Tuesday-20th-June-2023.jpg\",\"@id\":\"https:\\\/\\\/candas365.es\\\/noticias\\\/the-weather-in-spain-tuesday-20th-june-2023\\\/#mainImage\",\"width\":882,\"height\":659,\"caption\":\"Photo: Cand\\u00e1s 365 - N.Berm\\u00fadez\"},\"primaryImageOfPage\":{\"@id\":\"https:\\\/\\\/candas365.es\\\/noticias\\\/the-weather-in-spain-tuesday-20th-june-2023\\\/#mainImage\"},\"datePublished\":\"2023-06-20T04:17:54+02:00\",\"dateModified\":\"2023-06-20T04:17:54+02:00\"},{\"@type\":\"WebSite\",\"@id\":\"https:\\\/\\\/candas365.es\\\/noticias\\\/#website\",\"url\":\"https:\\\/\\\/candas365.es\\\/noticias\\\/\",\"name\":\"Cand\\u00e1s 365\",\"alternateName\":\"Cand\\u00e1s 365 Noticias\",\"description\":\"Actualidad desde Carre\\u00f1o para el mundo\",\"inLanguage\":\"es-ES\",\"publisher\":{\"@id\":\"https:\\\/\\\/candas365.es\\\/noticias\\\/#organization\"}}]}\n\t\t<\/script>\n\t\t<!-- All in One SEO Pro -->\r\n\t\t<title>The weather in Spain, Tuesday 20th June 2023 | Cand\u00e1s 365<\/title>\n\n","aioseo_head_json":{"title":"The weather in Spain, Tuesday 20th June 2023 | Cand\u00e1s 365","description":"AEMET reports in its weather forecast for today, Tuesday 20 June in Spain, showers and thunderstorms that could become strong in the area of the eastern","canonical_url":"https:\/\/candas365.es\/noticias\/the-weather-in-spain-tuesday-20th-june-2023\/","robots":"max-image-preview:large","keywords":"news","webmasterTools":{"google-site-verification":"UA-32230408-1","msvalidate.01":"354F3CDFB2DA171B47FBE9ABF1F88D5","miscellaneous":""},"schema":{"@context":"https:\/\/schema.org","@graph":[{"@type":"BreadcrumbList","@id":"https:\/\/candas365.es\/noticias\/the-weather-in-spain-tuesday-20th-june-2023\/#breadcrumblist","itemListElement":[{"@type":"ListItem","@id":"https:\/\/candas365.es\/noticias#listItem","position":1,"name":"Home","item":"https:\/\/candas365.es\/noticias","nextItem":{"@type":"ListItem","@id":"https:\/\/candas365.es\/noticias\/category\/candas-news\/#listItem","name":"News"}},{"@type":"ListItem","@id":"https:\/\/candas365.es\/noticias\/category\/candas-news\/#listItem","position":2,"name":"News","item":"https:\/\/candas365.es\/noticias\/category\/candas-news\/","nextItem":{"@type":"ListItem","@id":"https:\/\/candas365.es\/noticias\/the-weather-in-spain-tuesday-20th-june-2023\/#listItem","name":"The weather in Spain, Tuesday 20th June 2023"},"previousItem":{"@type":"ListItem","@id":"https:\/\/candas365.es\/noticias#listItem","name":"Home"}},{"@type":"ListItem","@id":"https:\/\/candas365.es\/noticias\/the-weather-in-spain-tuesday-20th-june-2023\/#listItem","position":3,"name":"The weather in Spain, Tuesday 20th June 2023","previousItem":{"@type":"ListItem","@id":"https:\/\/candas365.es\/noticias\/category\/candas-news\/#listItem","name":"News"}}]},{"@type":"NewsArticle","@id":"https:\/\/candas365.es\/noticias\/the-weather-in-spain-tuesday-20th-june-2023\/#newsarticle","name":"The weather in Spain, Tuesday 20th June 2023 | Cand\u00e1s 365","headline":"The weather in Spain, Tuesday 20th June 2023","author":{"@id":"https:\/\/candas365.es\/noticias\/author\/admin\/#author"},"publisher":{"@id":"https:\/\/candas365.es\/noticias\/#organization"},"image":{"@type":"ImageObject","url":"https:\/\/candas365.es\/noticias\/wp-content\/uploads\/2023\/06\/The-weather-in-Spain-Tuesday-20th-June-2023.jpg","width":882,"height":659,"caption":"Photo: Cand\u00e1s 365 - N.Berm\u00fadez"},"datePublished":"2023-06-20T04:17:54+02:00","dateModified":"2023-06-20T04:17:54+02:00","inLanguage":"es-ES","mainEntityOfPage":{"@id":"https:\/\/candas365.es\/noticias\/the-weather-in-spain-tuesday-20th-june-2023\/#webpage"},"isPartOf":{"@id":"https:\/\/candas365.es\/noticias\/the-weather-in-spain-tuesday-20th-june-2023\/#webpage"},"articleSection":"News, news","dateline":"Publicado el junio 20, 2023."},{"@type":"Organization","@id":"https:\/\/candas365.es\/noticias\/#organization","name":"Cand\u00e1s 365","description":"Cand\u00e1s 365 es un diario digital independiente, fundado en 2012, con base en Asturias. Informamos con rigor sobre actualidad, sociedad, cultura y ocio, con una mirada local y global.","url":"https:\/\/candas365.es\/noticias\/","email":"info@candas365.es","telephone":"+34652131393","foundingDate":"2012-06-10","logo":{"@type":"ImageObject","url":"https:\/\/candas365.es\/noticias\/wp-content\/uploads\/2024\/09\/Candas-365-Redes.jpg","@id":"https:\/\/candas365.es\/noticias\/the-weather-in-spain-tuesday-20th-june-2023\/#organizationLogo","width":1152,"height":864,"caption":"Cand\u00e1s 365 Redes"},"image":{"@id":"https:\/\/candas365.es\/noticias\/the-weather-in-spain-tuesday-20th-june-2023\/#organizationLogo"},"sameAs":["https:\/\/www.facebook.com\/Nachofdezber","https:\/\/x.com\/NabercoDigital","https:\/\/www.instagram.com\/nachofdezber\/","https:\/\/www.youtube.com\/channel\/UCZP-2wLEB9Rv6erhFmqVnvg"],"address":{"@id":"https:\/\/candas365.es\/noticias\/#postaladdress","@type":"PostalAddress","streetAddress":"san antonio 4, san antonio 4","postalCode":"33430","addressLocality":"Cand\u00e1s","addressRegion":"Asturias","addressCountry":"ES"}},{"@type":"Person","@id":"https:\/\/candas365.es\/noticias\/author\/admin\/#author","url":"https:\/\/candas365.es\/noticias\/author\/admin\/","name":"Cand\u00e1s 365","image":{"@type":"ImageObject","@id":"https:\/\/candas365.es\/noticias\/the-weather-in-spain-tuesday-20th-june-2023\/#authorImage","url":"https:\/\/secure.gravatar.com\/avatar\/496a8e03d0c493ede1718b7934145dbdf8d89be1036b0eec9544e1094c9de390?s=96&d=mm&r=g","width":96,"height":96,"caption":"Cand\u00e1s 365"},"sameAs":["https:\/\/www.facebook.com\/carrenoactualidad","https:\/\/twitter.com\/nbasturias","https:\/\/www.instagram.com\/nachofdezber\/","https:\/\/www.youtube.com\/channel\/UCZP-2wLEB9Rv6erhFmqVnvg"]},{"@type":"WebPage","@id":"https:\/\/candas365.es\/noticias\/the-weather-in-spain-tuesday-20th-june-2023\/#webpage","url":"https:\/\/candas365.es\/noticias\/the-weather-in-spain-tuesday-20th-june-2023\/","name":"The weather in Spain, Tuesday 20th June 2023 | Cand\u00e1s 365","description":"AEMET reports in its weather forecast for today, Tuesday 20 June in Spain, showers and thunderstorms that could become strong in the area of the eastern","inLanguage":"es-ES","isPartOf":{"@id":"https:\/\/candas365.es\/noticias\/#website"},"breadcrumb":{"@id":"https:\/\/candas365.es\/noticias\/the-weather-in-spain-tuesday-20th-june-2023\/#breadcrumblist"},"author":{"@id":"https:\/\/candas365.es\/noticias\/author\/admin\/#author"},"creator":{"@id":"https:\/\/candas365.es\/noticias\/author\/admin\/#author"},"image":{"@type":"ImageObject","url":"https:\/\/candas365.es\/noticias\/wp-content\/uploads\/2023\/06\/The-weather-in-Spain-Tuesday-20th-June-2023.jpg","@id":"https:\/\/candas365.es\/noticias\/the-weather-in-spain-tuesday-20th-june-2023\/#mainImage","width":882,"height":659,"caption":"Photo: Cand\u00e1s 365 - N.Berm\u00fadez"},"primaryImageOfPage":{"@id":"https:\/\/candas365.es\/noticias\/the-weather-in-spain-tuesday-20th-june-2023\/#mainImage"},"datePublished":"2023-06-20T04:17:54+02:00","dateModified":"2023-06-20T04:17:54+02:00"},{"@type":"WebSite","@id":"https:\/\/candas365.es\/noticias\/#website","url":"https:\/\/candas365.es\/noticias\/","name":"Cand\u00e1s 365","alternateName":"Cand\u00e1s 365 Noticias","description":"Actualidad desde Carre\u00f1o para el mundo","inLanguage":"es-ES","publisher":{"@id":"https:\/\/candas365.es\/noticias\/#organization"}}]},"og:locale":"es_ES","og:site_name":"Cand\u00e1s 365","og:type":"article","og:title":"The weather in Spain, Tuesday 20th June 2023 | Cand\u00e1s 365","og:description":"AEMET reports in its weather forecast for today, Tuesday 20 June in Spain, showers and thunderstorms that could become strong in the area of the eastern","og:url":"https:\/\/candas365.es\/noticias\/the-weather-in-spain-tuesday-20th-june-2023\/","og:image":"https:\/\/candas365.es\/noticias\/wp-content\/uploads\/2023\/06\/The-weather-in-Spain-Tuesday-20th-June-2023.jpg","og:image:secure_url":"https:\/\/candas365.es\/noticias\/wp-content\/uploads\/2023\/06\/The-weather-in-Spain-Tuesday-20th-June-2023.jpg","og:image:width":882,"og:image:height":659,"article:published_time":"2023-06-20T02:17:54+00:00","article:modified_time":"2023-06-20T02:17:54+00:00","article:publisher":"https:\/\/www.facebook.com\/Nachofdezber","article:author":"https:\/\/www.facebook.com\/carrenoactualidad","twitter:card":"summary_large_image","twitter:site":"@NabercoDigital","twitter:title":"The weather in Spain, Tuesday 20th June 2023 | Cand\u00e1s 365","twitter:description":"AEMET reports in its weather forecast for today, Tuesday 20 June in Spain, showers and thunderstorms that could become strong in the area of the eastern","twitter:creator":"@nbasturias","twitter:image":"https:\/\/candas365.es\/noticias\/wp-content\/uploads\/2023\/06\/The-weather-in-Spain-Tuesday-20th-June-2023.jpg","twitter:label1":"Escrito por","twitter:data1":"Cand\u00e1s 365","twitter:label2":"Tiempo de lectura estimado","twitter:data2":"2 minutos"},"aioseo_meta_data":{"post_id":"174289","title":null,"description":"AEMET reports in its weather forecast for today, Tuesday 20 June in Spain, showers and thunderstorms that could become strong in the area of the eastern","keywords":[],"keyphrases":{"focus":{"keyphrase":"weather ","score":92,"analysis":{"keyphraseInTitle":{"score":9,"maxScore":9,"error":0},"keyphraseInDescription":{"score":9,"maxScore":9,"error":0},"keyphraseLength":{"score":9,"maxScore":9,"error":0,"length":1},"keyphraseInURL":{"score":1,"maxScore":5,"error":1},"keyphraseInIntroduction":{"score":9,"maxScore":9,"error":0},"keyphraseInSubHeadings":[],"keyphraseInImageAlt":{"score":9,"maxScore":9,"error":0}}},"additional":[{"keyphrase":"Tuesday 20 June in Spain","score":100,"analysis":{"keyphraseInDescription":{"score":9,"maxScore":9,"error":0},"keyphraseLength":{"score":9,"maxScore":9,"error":0,"length":4},"keyphraseInIntroduction":{"score":9,"maxScore":9,"error":0},"keyphraseInImageAlt":{"score":9,"maxScore":9,"error":0}}},{"keyphrase":"20 June in Spain","score":100,"analysis":{"keyphraseInDescription":{"score":9,"maxScore":9,"error":0},"keyphraseLength":{"score":9,"maxScore":9,"error":0,"length":3},"keyphraseInIntroduction":{"score":9,"maxScore":9,"error":0},"keyphraseInImageAlt":{"score":9,"maxScore":9,"error":0}}}]},"primary_term":null,"canonical_url":null,"og_title":null,"og_description":null,"og_object_type":"default","og_image_type":"default","og_image_url":null,"og_image_width":null,"og_image_height":null,"og_image_custom_url":null,"og_image_custom_fields":null,"og_video":"","og_custom_url":null,"og_article_section":null,"og_article_tags":[],"twitter_use_og":false,"twitter_card":"default","twitter_image_type":"default","twitter_image_url":null,"twitter_image_custom_url":null,"twitter_image_custom_fields":null,"twitter_title":null,"twitter_description":null,"schema":{"blockGraphs":[],"customGraphs":[],"default":{"data":{"Article":[],"Course":[],"Dataset":[],"FAQPage":[],"Movie":[],"Person":[],"Product":[],"ProductReview":[],"Car":[],"Recipe":[],"Service":[],"SoftwareApplication":[],"WebPage":[]},"graphName":"","isEnabled":true},"graphs":[]},"schema_type":"default","schema_type_options":null,"pillar_content":false,"robots_default":true,"robots_noindex":false,"robots_noarchive":false,"robots_nosnippet":false,"robots_nofollow":false,"robots_noimageindex":false,"robots_noodp":false,"robots_notranslate":false,"robots_max_snippet":"-1","robots_max_videopreview":"-1","robots_max_imagepreview":"large","priority":0,"frequency":"default","location":null,"local_seo":null,"seo_analyzer_scan_date":"2025-09-01 21:12:14","breadcrumb_settings":null,"limit_modified_date":false,"reviewed_by":null,"open_ai":"{\"title\":{\"suggestions\":[],\"usage\":0},\"description\":{\"suggestions\":[],\"usage\":0}}","ai":null,"created":"2023-06-20 02:03:43","updated":"2025-09-01 21:12:14"},"aioseo_breadcrumb":"<div class=\"aioseo-breadcrumbs\"><span class=\"aioseo-breadcrumb\">\n\t<a href=\"https:\/\/candas365.es\/noticias\" title=\"Home\">Home<\/a>\n<\/span><span class=\"aioseo-breadcrumb-separator\">&ndash;<\/span><span class=\"aioseo-breadcrumb\">\n\t<a href=\"https:\/\/candas365.es\/noticias\/category\/candas-news\/\" title=\"News\">News<\/a>\n<\/span><span class=\"aioseo-breadcrumb-separator\">&ndash;<\/span><span class=\"aioseo-breadcrumb\">\n\tThe weather in Spain, Tuesday 20th June 2023\n<\/span><\/div>","aioseo_breadcrumb_json":[{"label":"Home","link":"https:\/\/candas365.es\/noticias"},{"label":"News","link":"https:\/\/candas365.es\/noticias\/category\/candas-news\/"},{"label":"The weather in Spain, Tuesday 20th June 2023","link":"https:\/\/candas365.es\/noticias\/the-weather-in-spain-tuesday-20th-june-2023\/"}],"_links":{"self":[{"href":"https:\/\/candas365.es\/noticias\/wp-json\/wp\/v2\/posts\/174289","targetHints":{"allow":["GET"]}}],"collection":[{"href":"https:\/\/candas365.es\/noticias\/wp-json\/wp\/v2\/posts"}],"about":[{"href":"https:\/\/candas365.es\/noticias\/wp-json\/wp\/v2\/types\/post"}],"author":[{"embeddable":true,"href":"https:\/\/candas365.es\/noticias\/wp-json\/wp\/v2\/users\/1"}],"replies":[{"embeddable":true,"href":"https:\/\/candas365.es\/noticias\/wp-json\/wp\/v2\/comments?post=174289"}],"version-history":[{"count":0,"href":"https:\/\/candas365.es\/noticias\/wp-json\/wp\/v2\/posts\/174289\/revisions"}],"wp:featuredmedia":[{"embeddable":true,"href":"https:\/\/candas365.es\/noticias\/wp-json\/wp\/v2\/media\/174290"}],"wp:attachment":[{"href":"https:\/\/candas365.es\/noticias\/wp-json\/wp\/v2\/media?parent=174289"}],"wp:term":[{"taxonomy":"category","embeddable":true,"href":"https:\/\/candas365.es\/noticias\/wp-json\/wp\/v2\/categories?post=174289"},{"taxonomy":"post_tag","embeddable":true,"href":"https:\/\/candas365.es\/noticias\/wp-json\/wp\/v2\/tags?post=174289"}],"curies":[{"name":"wp","href":"https:\/\/api.w.org\/{rel}","templated":true}]}}