{"id":174267,"date":"2023-06-14T18:23:04","date_gmt":"2023-06-14T16:23:04","guid":{"rendered":"https:\/\/candas365.es\/noticias\/?p=174267"},"modified":"2023-06-14T18:23:04","modified_gmt":"2023-06-14T16:23:04","slug":"the-weather-in-candas-15th-june-2023","status":"publish","type":"post","link":"https:\/\/candas365.es\/noticias\/the-weather-in-candas-15th-june-2023\/","title":{"rendered":"The weather in Cand\u00e1s, 15th June 2023"},"content":{"rendered":"<p>During Thursday 15th June 2023 <a href=\"https:\/\/candas365.es\/noticias\/category\/candas-news\/\"><span style=\"color: #ff6600;\"><strong>in Cand\u00e1s<\/strong><\/span><\/a> we will have maximum temperatures of about 22 degrees and minimum temperatures of 17 degrees according to <span style=\"color: #ff6600;\"><a style=\"color: #ff6600;\" href=\"https:\/\/www.aemet.es\/es\/\"><strong>AEMET<\/strong><\/a><\/span> in its weather forecast.<\/p>\n<figure id=\"attachment_174268\" aria-describedby=\"caption-attachment-174268\" style=\"width: 650px\" class=\"wp-caption aligncenter\"><img fetchpriority=\"high\" decoding=\"async\" class=\"wp-image-174268 size-large\" src=\"https:\/\/candas365.es\/noticias\/wp-content\/uploads\/2023\/06\/The-weather-in-Candas-15th-June-2023-650x480.jpg\" alt=\"The weather in Cand\u00e1s, 15th June 2023\" width=\"650\" height=\"480\" srcset=\"https:\/\/candas365.es\/noticias\/wp-content\/uploads\/2023\/06\/The-weather-in-Candas-15th-June-2023-650x480.jpg 650w, https:\/\/candas365.es\/noticias\/wp-content\/uploads\/2023\/06\/The-weather-in-Candas-15th-June-2023-360x266.jpg 360w, https:\/\/candas365.es\/noticias\/wp-content\/uploads\/2023\/06\/The-weather-in-Candas-15th-June-2023-768x567.jpg 768w, https:\/\/candas365.es\/noticias\/wp-content\/uploads\/2023\/06\/The-weather-in-Candas-15th-June-2023-150x111.jpg 150w, https:\/\/candas365.es\/noticias\/wp-content\/uploads\/2023\/06\/The-weather-in-Candas-15th-June-2023-450x332.jpg 450w, https:\/\/candas365.es\/noticias\/wp-content\/uploads\/2023\/06\/The-weather-in-Candas-15th-June-2023.jpg 881w\" sizes=\"(max-width: 650px) 100vw, 650px\" \/><figcaption id=\"caption-attachment-174268\" class=\"wp-caption-text\">Foto: Cand\u00e1s 365 \/ N.Berm\u00fadez<\/figcaption><\/figure>\n<p>The day will start with clouds that will give way to cloudy and clear skies during the afternoon, no rain is expected in the Council of Carre\u00f1o and the wind will be northeast during the morning and east during the early hours of the afternoon, at the end of Thursday we will have high clouds and light wind from the east.<\/p>\n<p>In the rest of <a href=\"https:\/\/www.eldigitaldeasturias.com\/noticias\/\"><span style=\"color: #ff6600;\"><strong>Asturias<\/strong><\/span><\/a>, low cloudy intervals accompanied by mist and fog banks inland, tending to light clouds. In the mountain range, cloudy evolution from midday onwards, with the possibility of showers in the afternoon, weak and scattered. Slightly lower minimum temperatures and higher maximum temperatures. Light winds from variable directions.<\/p>\n","protected":false},"excerpt":{"rendered":"<p>During Thursday 15th June 2023 in Cand\u00e1s we will have maximum temperatures of about 22 degrees and minimum temperatures of 17 degrees according to AEMET in its weather forecast. The day will start with clouds that will give way to cloudy and clear skies during the afternoon, no rain is expected in the Council of<\/p>\n","protected":false},"author":1,"featured_media":174268,"comment_status":"closed","ping_status":"closed","sticky":false,"template":"","format":"standard","meta":{"footnotes":""},"categories":[536],"tags":[366,537],"class_list":{"0":"post-174267","1":"post","2":"type-post","3":"status-publish","4":"format-standard","5":"has-post-thumbnail","7":"category-candas-news","8":"tag-candas","9":"tag-candas-news"},"aioseo_notices":[],"aioseo_head":"\n\t\t<!-- All in One SEO Pro 4.9.6.2 - aioseo.com -->\n\t<meta name=\"description\" content=\"During Thursday 15th June 2023 in Cand\u00e1s we will have maximum temperatures of about 22 degrees and minimum temperatures of 17 degrees according to AEMET\" \/>\n\t<meta name=\"robots\" content=\"max-image-preview:large\" \/>\n\t<meta name=\"author\" content=\"Cand\u00e1s 365\"\/>\n\t<meta name=\"google-site-verification\" content=\"UA-32230408-1\" \/>\n\t<meta name=\"msvalidate.01\" content=\"354F3CDFB2DA171B47FBE9ABF1F88D5\" \/>\n\t<meta name=\"keywords\" content=\"news\" \/>\n\t<link rel=\"canonical\" href=\"https:\/\/candas365.es\/noticias\/the-weather-in-candas-15th-june-2023\/\" \/>\n\t<meta name=\"generator\" content=\"All in One SEO Pro (AIOSEO) 4.9.6.2\" \/>\n\t\t<meta property=\"og:locale\" content=\"es_ES\" \/>\n\t\t<meta property=\"og:site_name\" content=\"Cand\u00e1s 365\" \/>\n\t\t<meta property=\"og:type\" content=\"article\" \/>\n\t\t<meta property=\"og:title\" content=\"The weather in Cand\u00e1s, 15th June 2023 | Cand\u00e1s 365\" \/>\n\t\t<meta property=\"og:description\" content=\"During Thursday 15th June 2023 in Cand\u00e1s we will have maximum temperatures of about 22 degrees and minimum temperatures of 17 degrees according to AEMET\" \/>\n\t\t<meta property=\"og:url\" content=\"https:\/\/candas365.es\/noticias\/the-weather-in-candas-15th-june-2023\/\" \/>\n\t\t<meta property=\"og:image\" content=\"https:\/\/candas365.es\/noticias\/wp-content\/uploads\/2023\/06\/The-weather-in-Candas-15th-June-2023.jpg\" \/>\n\t\t<meta property=\"og:image:secure_url\" content=\"https:\/\/candas365.es\/noticias\/wp-content\/uploads\/2023\/06\/The-weather-in-Candas-15th-June-2023.jpg\" \/>\n\t\t<meta property=\"og:image:width\" content=\"881\" \/>\n\t\t<meta property=\"og:image:height\" content=\"650\" \/>\n\t\t<meta property=\"article:published_time\" content=\"2023-06-14T16:23:04+00:00\" \/>\n\t\t<meta property=\"article:modified_time\" content=\"2023-06-14T16:23:04+00:00\" \/>\n\t\t<meta property=\"article:publisher\" content=\"https:\/\/www.facebook.com\/Nachofdezber\" \/>\n\t\t<meta property=\"article:author\" content=\"https:\/\/www.facebook.com\/carrenoactualidad\" \/>\n\t\t<meta name=\"twitter:card\" content=\"summary_large_image\" \/>\n\t\t<meta name=\"twitter:site\" content=\"@NabercoDigital\" \/>\n\t\t<meta name=\"twitter:title\" content=\"The weather in Cand\u00e1s, 15th June 2023 | Cand\u00e1s 365\" \/>\n\t\t<meta name=\"twitter:description\" content=\"During Thursday 15th June 2023 in Cand\u00e1s we will have maximum temperatures of about 22 degrees and minimum temperatures of 17 degrees according to AEMET\" \/>\n\t\t<meta name=\"twitter:creator\" content=\"@nbasturias\" \/>\n\t\t<meta name=\"twitter:image\" content=\"https:\/\/candas365.es\/noticias\/wp-content\/uploads\/2023\/06\/The-weather-in-Candas-15th-June-2023.jpg\" \/>\n\t\t<meta name=\"twitter:label1\" content=\"Escrito por\" \/>\n\t\t<meta name=\"twitter:data1\" content=\"Cand\u00e1s 365\" \/>\n\t\t<meta name=\"twitter:label2\" content=\"Tiempo de lectura estimado\" \/>\n\t\t<meta name=\"twitter:data2\" content=\"1 minuto\" \/>\n\t\t<script type=\"application\/ld+json\" class=\"aioseo-schema\">\n\t\t\t{\"@context\":\"https:\\\/\\\/schema.org\",\"@graph\":[{\"@type\":\"BreadcrumbList\",\"@id\":\"https:\\\/\\\/candas365.es\\\/noticias\\\/the-weather-in-candas-15th-june-2023\\\/#breadcrumblist\",\"itemListElement\":[{\"@type\":\"ListItem\",\"@id\":\"https:\\\/\\\/candas365.es\\\/noticias#listItem\",\"position\":1,\"name\":\"Home\",\"item\":\"https:\\\/\\\/candas365.es\\\/noticias\",\"nextItem\":{\"@type\":\"ListItem\",\"@id\":\"https:\\\/\\\/candas365.es\\\/noticias\\\/category\\\/candas-news\\\/#listItem\",\"name\":\"News\"}},{\"@type\":\"ListItem\",\"@id\":\"https:\\\/\\\/candas365.es\\\/noticias\\\/category\\\/candas-news\\\/#listItem\",\"position\":2,\"name\":\"News\",\"item\":\"https:\\\/\\\/candas365.es\\\/noticias\\\/category\\\/candas-news\\\/\",\"nextItem\":{\"@type\":\"ListItem\",\"@id\":\"https:\\\/\\\/candas365.es\\\/noticias\\\/the-weather-in-candas-15th-june-2023\\\/#listItem\",\"name\":\"The weather in Cand\\u00e1s, 15th June 2023\"},\"previousItem\":{\"@type\":\"ListItem\",\"@id\":\"https:\\\/\\\/candas365.es\\\/noticias#listItem\",\"name\":\"Home\"}},{\"@type\":\"ListItem\",\"@id\":\"https:\\\/\\\/candas365.es\\\/noticias\\\/the-weather-in-candas-15th-june-2023\\\/#listItem\",\"position\":3,\"name\":\"The weather in Cand\\u00e1s, 15th June 2023\",\"previousItem\":{\"@type\":\"ListItem\",\"@id\":\"https:\\\/\\\/candas365.es\\\/noticias\\\/category\\\/candas-news\\\/#listItem\",\"name\":\"News\"}}]},{\"@type\":\"NewsArticle\",\"@id\":\"https:\\\/\\\/candas365.es\\\/noticias\\\/the-weather-in-candas-15th-june-2023\\\/#newsarticle\",\"name\":\"The weather in Cand\\u00e1s, 15th June 2023 | Cand\\u00e1s 365\",\"headline\":\"The weather in Cand\\u00e1s, 15th June 2023\",\"author\":{\"@id\":\"https:\\\/\\\/candas365.es\\\/noticias\\\/author\\\/admin\\\/#author\"},\"publisher\":{\"@id\":\"https:\\\/\\\/candas365.es\\\/noticias\\\/#organization\"},\"image\":{\"@type\":\"ImageObject\",\"url\":\"https:\\\/\\\/candas365.es\\\/noticias\\\/wp-content\\\/uploads\\\/2023\\\/06\\\/The-weather-in-Candas-15th-June-2023.jpg\",\"width\":881,\"height\":650,\"caption\":\"Foto: Cand\\u00e1s 365 \\\/ N.Berm\\u00fadez\"},\"datePublished\":\"2023-06-14T18:23:04+02:00\",\"dateModified\":\"2023-06-14T18:23:04+02:00\",\"inLanguage\":\"es-ES\",\"mainEntityOfPage\":{\"@id\":\"https:\\\/\\\/candas365.es\\\/noticias\\\/the-weather-in-candas-15th-june-2023\\\/#webpage\"},\"isPartOf\":{\"@id\":\"https:\\\/\\\/candas365.es\\\/noticias\\\/the-weather-in-candas-15th-june-2023\\\/#webpage\"},\"articleSection\":\"News, Cand\\u00e1s, Cand\\u00e1s News\",\"dateline\":\"Publicado el junio 14, 2023.\"},{\"@type\":\"Organization\",\"@id\":\"https:\\\/\\\/candas365.es\\\/noticias\\\/#organization\",\"name\":\"Cand\\u00e1s 365\",\"description\":\"Cand\\u00e1s 365 es un diario digital independiente, fundado en 2012, con base en Asturias. Informamos con rigor sobre actualidad, sociedad, cultura y ocio, con una mirada local y global.\",\"url\":\"https:\\\/\\\/candas365.es\\\/noticias\\\/\",\"email\":\"info@candas365.es\",\"telephone\":\"+34652131393\",\"foundingDate\":\"2012-06-10\",\"logo\":{\"@type\":\"ImageObject\",\"url\":\"https:\\\/\\\/candas365.es\\\/noticias\\\/wp-content\\\/uploads\\\/2024\\\/09\\\/Candas-365-Redes.jpg\",\"@id\":\"https:\\\/\\\/candas365.es\\\/noticias\\\/the-weather-in-candas-15th-june-2023\\\/#organizationLogo\",\"width\":1152,\"height\":864,\"caption\":\"Cand\\u00e1s 365 Redes\"},\"image\":{\"@id\":\"https:\\\/\\\/candas365.es\\\/noticias\\\/the-weather-in-candas-15th-june-2023\\\/#organizationLogo\"},\"sameAs\":[\"https:\\\/\\\/www.facebook.com\\\/Nachofdezber\",\"https:\\\/\\\/x.com\\\/NabercoDigital\",\"https:\\\/\\\/www.instagram.com\\\/nachofdezber\\\/\",\"https:\\\/\\\/www.youtube.com\\\/channel\\\/UCZP-2wLEB9Rv6erhFmqVnvg\"],\"address\":{\"@id\":\"https:\\\/\\\/candas365.es\\\/noticias\\\/#postaladdress\",\"@type\":\"PostalAddress\",\"streetAddress\":\"san antonio 4, san antonio 4\",\"postalCode\":\"33430\",\"addressLocality\":\"Cand\\u00e1s\",\"addressRegion\":\"Asturias\",\"addressCountry\":\"ES\"}},{\"@type\":\"Person\",\"@id\":\"https:\\\/\\\/candas365.es\\\/noticias\\\/author\\\/admin\\\/#author\",\"url\":\"https:\\\/\\\/candas365.es\\\/noticias\\\/author\\\/admin\\\/\",\"name\":\"Cand\\u00e1s 365\",\"image\":{\"@type\":\"ImageObject\",\"@id\":\"https:\\\/\\\/candas365.es\\\/noticias\\\/the-weather-in-candas-15th-june-2023\\\/#authorImage\",\"url\":\"https:\\\/\\\/secure.gravatar.com\\\/avatar\\\/496a8e03d0c493ede1718b7934145dbdf8d89be1036b0eec9544e1094c9de390?s=96&d=mm&r=g\",\"width\":96,\"height\":96,\"caption\":\"Cand\\u00e1s 365\"},\"sameAs\":[\"https:\\\/\\\/www.facebook.com\\\/carrenoactualidad\",\"https:\\\/\\\/twitter.com\\\/nbasturias\",\"https:\\\/\\\/www.instagram.com\\\/nachofdezber\\\/\",\"https:\\\/\\\/www.youtube.com\\\/channel\\\/UCZP-2wLEB9Rv6erhFmqVnvg\"]},{\"@type\":\"WebPage\",\"@id\":\"https:\\\/\\\/candas365.es\\\/noticias\\\/the-weather-in-candas-15th-june-2023\\\/#webpage\",\"url\":\"https:\\\/\\\/candas365.es\\\/noticias\\\/the-weather-in-candas-15th-june-2023\\\/\",\"name\":\"The weather in Cand\\u00e1s, 15th June 2023 | Cand\\u00e1s 365\",\"description\":\"During Thursday 15th June 2023 in Cand\\u00e1s we will have maximum temperatures of about 22 degrees and minimum temperatures of 17 degrees according to AEMET\",\"inLanguage\":\"es-ES\",\"isPartOf\":{\"@id\":\"https:\\\/\\\/candas365.es\\\/noticias\\\/#website\"},\"breadcrumb\":{\"@id\":\"https:\\\/\\\/candas365.es\\\/noticias\\\/the-weather-in-candas-15th-june-2023\\\/#breadcrumblist\"},\"author\":{\"@id\":\"https:\\\/\\\/candas365.es\\\/noticias\\\/author\\\/admin\\\/#author\"},\"creator\":{\"@id\":\"https:\\\/\\\/candas365.es\\\/noticias\\\/author\\\/admin\\\/#author\"},\"image\":{\"@type\":\"ImageObject\",\"url\":\"https:\\\/\\\/candas365.es\\\/noticias\\\/wp-content\\\/uploads\\\/2023\\\/06\\\/The-weather-in-Candas-15th-June-2023.jpg\",\"@id\":\"https:\\\/\\\/candas365.es\\\/noticias\\\/the-weather-in-candas-15th-june-2023\\\/#mainImage\",\"width\":881,\"height\":650,\"caption\":\"Foto: Cand\\u00e1s 365 \\\/ N.Berm\\u00fadez\"},\"primaryImageOfPage\":{\"@id\":\"https:\\\/\\\/candas365.es\\\/noticias\\\/the-weather-in-candas-15th-june-2023\\\/#mainImage\"},\"datePublished\":\"2023-06-14T18:23:04+02:00\",\"dateModified\":\"2023-06-14T18:23:04+02:00\"},{\"@type\":\"WebSite\",\"@id\":\"https:\\\/\\\/candas365.es\\\/noticias\\\/#website\",\"url\":\"https:\\\/\\\/candas365.es\\\/noticias\\\/\",\"name\":\"Cand\\u00e1s 365\",\"alternateName\":\"Cand\\u00e1s 365 Noticias\",\"description\":\"Actualidad desde Carre\\u00f1o para el mundo\",\"inLanguage\":\"es-ES\",\"publisher\":{\"@id\":\"https:\\\/\\\/candas365.es\\\/noticias\\\/#organization\"}}]}\n\t\t<\/script>\n\t\t<!-- All in One SEO Pro -->\r\n\t\t<title>The weather in Cand\u00e1s, 15th June 2023 | Cand\u00e1s 365<\/title>\n\n","aioseo_head_json":{"title":"The weather in Cand\u00e1s, 15th June 2023 | Cand\u00e1s 365","description":"During Thursday 15th June 2023 in Cand\u00e1s we will have maximum temperatures of about 22 degrees and minimum temperatures of 17 degrees according to AEMET","canonical_url":"https:\/\/candas365.es\/noticias\/the-weather-in-candas-15th-june-2023\/","robots":"max-image-preview:large","keywords":"news","webmasterTools":{"google-site-verification":"UA-32230408-1","msvalidate.01":"354F3CDFB2DA171B47FBE9ABF1F88D5","miscellaneous":""},"schema":{"@context":"https:\/\/schema.org","@graph":[{"@type":"BreadcrumbList","@id":"https:\/\/candas365.es\/noticias\/the-weather-in-candas-15th-june-2023\/#breadcrumblist","itemListElement":[{"@type":"ListItem","@id":"https:\/\/candas365.es\/noticias#listItem","position":1,"name":"Home","item":"https:\/\/candas365.es\/noticias","nextItem":{"@type":"ListItem","@id":"https:\/\/candas365.es\/noticias\/category\/candas-news\/#listItem","name":"News"}},{"@type":"ListItem","@id":"https:\/\/candas365.es\/noticias\/category\/candas-news\/#listItem","position":2,"name":"News","item":"https:\/\/candas365.es\/noticias\/category\/candas-news\/","nextItem":{"@type":"ListItem","@id":"https:\/\/candas365.es\/noticias\/the-weather-in-candas-15th-june-2023\/#listItem","name":"The weather in Cand\u00e1s, 15th June 2023"},"previousItem":{"@type":"ListItem","@id":"https:\/\/candas365.es\/noticias#listItem","name":"Home"}},{"@type":"ListItem","@id":"https:\/\/candas365.es\/noticias\/the-weather-in-candas-15th-june-2023\/#listItem","position":3,"name":"The weather in Cand\u00e1s, 15th June 2023","previousItem":{"@type":"ListItem","@id":"https:\/\/candas365.es\/noticias\/category\/candas-news\/#listItem","name":"News"}}]},{"@type":"NewsArticle","@id":"https:\/\/candas365.es\/noticias\/the-weather-in-candas-15th-june-2023\/#newsarticle","name":"The weather in Cand\u00e1s, 15th June 2023 | Cand\u00e1s 365","headline":"The weather in Cand\u00e1s, 15th June 2023","author":{"@id":"https:\/\/candas365.es\/noticias\/author\/admin\/#author"},"publisher":{"@id":"https:\/\/candas365.es\/noticias\/#organization"},"image":{"@type":"ImageObject","url":"https:\/\/candas365.es\/noticias\/wp-content\/uploads\/2023\/06\/The-weather-in-Candas-15th-June-2023.jpg","width":881,"height":650,"caption":"Foto: Cand\u00e1s 365 \/ N.Berm\u00fadez"},"datePublished":"2023-06-14T18:23:04+02:00","dateModified":"2023-06-14T18:23:04+02:00","inLanguage":"es-ES","mainEntityOfPage":{"@id":"https:\/\/candas365.es\/noticias\/the-weather-in-candas-15th-june-2023\/#webpage"},"isPartOf":{"@id":"https:\/\/candas365.es\/noticias\/the-weather-in-candas-15th-june-2023\/#webpage"},"articleSection":"News, Cand\u00e1s, Cand\u00e1s News","dateline":"Publicado el junio 14, 2023."},{"@type":"Organization","@id":"https:\/\/candas365.es\/noticias\/#organization","name":"Cand\u00e1s 365","description":"Cand\u00e1s 365 es un diario digital independiente, fundado en 2012, con base en Asturias. Informamos con rigor sobre actualidad, sociedad, cultura y ocio, con una mirada local y global.","url":"https:\/\/candas365.es\/noticias\/","email":"info@candas365.es","telephone":"+34652131393","foundingDate":"2012-06-10","logo":{"@type":"ImageObject","url":"https:\/\/candas365.es\/noticias\/wp-content\/uploads\/2024\/09\/Candas-365-Redes.jpg","@id":"https:\/\/candas365.es\/noticias\/the-weather-in-candas-15th-june-2023\/#organizationLogo","width":1152,"height":864,"caption":"Cand\u00e1s 365 Redes"},"image":{"@id":"https:\/\/candas365.es\/noticias\/the-weather-in-candas-15th-june-2023\/#organizationLogo"},"sameAs":["https:\/\/www.facebook.com\/Nachofdezber","https:\/\/x.com\/NabercoDigital","https:\/\/www.instagram.com\/nachofdezber\/","https:\/\/www.youtube.com\/channel\/UCZP-2wLEB9Rv6erhFmqVnvg"],"address":{"@id":"https:\/\/candas365.es\/noticias\/#postaladdress","@type":"PostalAddress","streetAddress":"san antonio 4, san antonio 4","postalCode":"33430","addressLocality":"Cand\u00e1s","addressRegion":"Asturias","addressCountry":"ES"}},{"@type":"Person","@id":"https:\/\/candas365.es\/noticias\/author\/admin\/#author","url":"https:\/\/candas365.es\/noticias\/author\/admin\/","name":"Cand\u00e1s 365","image":{"@type":"ImageObject","@id":"https:\/\/candas365.es\/noticias\/the-weather-in-candas-15th-june-2023\/#authorImage","url":"https:\/\/secure.gravatar.com\/avatar\/496a8e03d0c493ede1718b7934145dbdf8d89be1036b0eec9544e1094c9de390?s=96&d=mm&r=g","width":96,"height":96,"caption":"Cand\u00e1s 365"},"sameAs":["https:\/\/www.facebook.com\/carrenoactualidad","https:\/\/twitter.com\/nbasturias","https:\/\/www.instagram.com\/nachofdezber\/","https:\/\/www.youtube.com\/channel\/UCZP-2wLEB9Rv6erhFmqVnvg"]},{"@type":"WebPage","@id":"https:\/\/candas365.es\/noticias\/the-weather-in-candas-15th-june-2023\/#webpage","url":"https:\/\/candas365.es\/noticias\/the-weather-in-candas-15th-june-2023\/","name":"The weather in Cand\u00e1s, 15th June 2023 | Cand\u00e1s 365","description":"During Thursday 15th June 2023 in Cand\u00e1s we will have maximum temperatures of about 22 degrees and minimum temperatures of 17 degrees according to AEMET","inLanguage":"es-ES","isPartOf":{"@id":"https:\/\/candas365.es\/noticias\/#website"},"breadcrumb":{"@id":"https:\/\/candas365.es\/noticias\/the-weather-in-candas-15th-june-2023\/#breadcrumblist"},"author":{"@id":"https:\/\/candas365.es\/noticias\/author\/admin\/#author"},"creator":{"@id":"https:\/\/candas365.es\/noticias\/author\/admin\/#author"},"image":{"@type":"ImageObject","url":"https:\/\/candas365.es\/noticias\/wp-content\/uploads\/2023\/06\/The-weather-in-Candas-15th-June-2023.jpg","@id":"https:\/\/candas365.es\/noticias\/the-weather-in-candas-15th-june-2023\/#mainImage","width":881,"height":650,"caption":"Foto: Cand\u00e1s 365 \/ N.Berm\u00fadez"},"primaryImageOfPage":{"@id":"https:\/\/candas365.es\/noticias\/the-weather-in-candas-15th-june-2023\/#mainImage"},"datePublished":"2023-06-14T18:23:04+02:00","dateModified":"2023-06-14T18:23:04+02:00"},{"@type":"WebSite","@id":"https:\/\/candas365.es\/noticias\/#website","url":"https:\/\/candas365.es\/noticias\/","name":"Cand\u00e1s 365","alternateName":"Cand\u00e1s 365 Noticias","description":"Actualidad desde Carre\u00f1o para el mundo","inLanguage":"es-ES","publisher":{"@id":"https:\/\/candas365.es\/noticias\/#organization"}}]},"og:locale":"es_ES","og:site_name":"Cand\u00e1s 365","og:type":"article","og:title":"The weather in Cand\u00e1s, 15th June 2023 | Cand\u00e1s 365","og:description":"During Thursday 15th June 2023 in Cand\u00e1s we will have maximum temperatures of about 22 degrees and minimum temperatures of 17 degrees according to AEMET","og:url":"https:\/\/candas365.es\/noticias\/the-weather-in-candas-15th-june-2023\/","og:image":"https:\/\/candas365.es\/noticias\/wp-content\/uploads\/2023\/06\/The-weather-in-Candas-15th-June-2023.jpg","og:image:secure_url":"https:\/\/candas365.es\/noticias\/wp-content\/uploads\/2023\/06\/The-weather-in-Candas-15th-June-2023.jpg","og:image:width":881,"og:image:height":650,"article:published_time":"2023-06-14T16:23:04+00:00","article:modified_time":"2023-06-14T16:23:04+00:00","article:publisher":"https:\/\/www.facebook.com\/Nachofdezber","article:author":"https:\/\/www.facebook.com\/carrenoactualidad","twitter:card":"summary_large_image","twitter:site":"@NabercoDigital","twitter:title":"The weather in Cand\u00e1s, 15th June 2023 | Cand\u00e1s 365","twitter:description":"During Thursday 15th June 2023 in Cand\u00e1s we will have maximum temperatures of about 22 degrees and minimum temperatures of 17 degrees according to AEMET","twitter:creator":"@nbasturias","twitter:image":"https:\/\/candas365.es\/noticias\/wp-content\/uploads\/2023\/06\/The-weather-in-Candas-15th-June-2023.jpg","twitter:label1":"Escrito por","twitter:data1":"Cand\u00e1s 365","twitter:label2":"Tiempo de lectura estimado","twitter:data2":"1 minuto"},"aioseo_meta_data":{"post_id":"174267","title":null,"description":"During Thursday 15th June 2023 in Cand\u00e1s we will have maximum temperatures of about 22 degrees and minimum temperatures of 17 degrees according to AEMET","keywords":[],"keyphrases":{"focus":{"keyphrase":"Cand\u00e1s","score":100,"analysis":{"keyphraseInTitle":{"score":9,"maxScore":9,"error":0},"keyphraseInDescription":{"score":9,"maxScore":9,"error":0},"keyphraseLength":{"score":9,"maxScore":9,"error":0,"length":1},"keyphraseInURL":{"score":5,"maxScore":5,"error":0},"keyphraseInIntroduction":{"score":9,"maxScore":9,"error":0},"keyphraseInSubHeadings":[],"keyphraseInImageAlt":{"score":9,"maxScore":9,"error":0}}},"additional":[{"keyphrase":"Cand\u00e1s","score":100,"analysis":{"keyphraseInDescription":{"score":9,"maxScore":9,"error":0},"keyphraseLength":{"score":9,"maxScore":9,"error":0,"length":1},"keyphraseInIntroduction":{"score":9,"maxScore":9,"error":0},"keyphraseInImageAlt":{"score":9,"maxScore":9,"error":0}}}]},"primary_term":null,"canonical_url":null,"og_title":null,"og_description":null,"og_object_type":"default","og_image_type":"default","og_image_url":null,"og_image_width":null,"og_image_height":null,"og_image_custom_url":null,"og_image_custom_fields":null,"og_video":"","og_custom_url":null,"og_article_section":null,"og_article_tags":[],"twitter_use_og":false,"twitter_card":"default","twitter_image_type":"default","twitter_image_url":null,"twitter_image_custom_url":null,"twitter_image_custom_fields":null,"twitter_title":null,"twitter_description":null,"schema":{"blockGraphs":[],"customGraphs":[],"default":{"data":{"Article":[],"Course":[],"Dataset":[],"FAQPage":[],"Movie":[],"Person":[],"Product":[],"ProductReview":[],"Car":[],"Recipe":[],"Service":[],"SoftwareApplication":[],"WebPage":[]},"graphName":"","isEnabled":true},"graphs":[]},"schema_type":"default","schema_type_options":null,"pillar_content":false,"robots_default":true,"robots_noindex":false,"robots_noarchive":false,"robots_nosnippet":false,"robots_nofollow":false,"robots_noimageindex":false,"robots_noodp":false,"robots_notranslate":false,"robots_max_snippet":"-1","robots_max_videopreview":"-1","robots_max_imagepreview":"large","priority":0,"frequency":"default","location":null,"local_seo":null,"seo_analyzer_scan_date":"2025-09-01 21:09:17","breadcrumb_settings":null,"limit_modified_date":false,"reviewed_by":null,"open_ai":"{\"title\":{\"suggestions\":[],\"usage\":0},\"description\":{\"suggestions\":[],\"usage\":0}}","ai":null,"created":"2023-06-14 16:12:39","updated":"2025-09-01 21:09:17"},"aioseo_breadcrumb":"<div class=\"aioseo-breadcrumbs\"><span class=\"aioseo-breadcrumb\">\n\t<a href=\"https:\/\/candas365.es\/noticias\" title=\"Home\">Home<\/a>\n<\/span><span class=\"aioseo-breadcrumb-separator\">&ndash;<\/span><span class=\"aioseo-breadcrumb\">\n\t<a href=\"https:\/\/candas365.es\/noticias\/category\/candas-news\/\" title=\"News\">News<\/a>\n<\/span><span class=\"aioseo-breadcrumb-separator\">&ndash;<\/span><span class=\"aioseo-breadcrumb\">\n\tThe weather in Cand\u00e1s, 15th June 2023\n<\/span><\/div>","aioseo_breadcrumb_json":[{"label":"Home","link":"https:\/\/candas365.es\/noticias"},{"label":"News","link":"https:\/\/candas365.es\/noticias\/category\/candas-news\/"},{"label":"The weather in Cand\u00e1s, 15th June 2023","link":"https:\/\/candas365.es\/noticias\/the-weather-in-candas-15th-june-2023\/"}],"_links":{"self":[{"href":"https:\/\/candas365.es\/noticias\/wp-json\/wp\/v2\/posts\/174267","targetHints":{"allow":["GET"]}}],"collection":[{"href":"https:\/\/candas365.es\/noticias\/wp-json\/wp\/v2\/posts"}],"about":[{"href":"https:\/\/candas365.es\/noticias\/wp-json\/wp\/v2\/types\/post"}],"author":[{"embeddable":true,"href":"https:\/\/candas365.es\/noticias\/wp-json\/wp\/v2\/users\/1"}],"replies":[{"embeddable":true,"href":"https:\/\/candas365.es\/noticias\/wp-json\/wp\/v2\/comments?post=174267"}],"version-history":[{"count":0,"href":"https:\/\/candas365.es\/noticias\/wp-json\/wp\/v2\/posts\/174267\/revisions"}],"wp:featuredmedia":[{"embeddable":true,"href":"https:\/\/candas365.es\/noticias\/wp-json\/wp\/v2\/media\/174268"}],"wp:attachment":[{"href":"https:\/\/candas365.es\/noticias\/wp-json\/wp\/v2\/media?parent=174267"}],"wp:term":[{"taxonomy":"category","embeddable":true,"href":"https:\/\/candas365.es\/noticias\/wp-json\/wp\/v2\/categories?post=174267"},{"taxonomy":"post_tag","embeddable":true,"href":"https:\/\/candas365.es\/noticias\/wp-json\/wp\/v2\/tags?post=174267"}],"curies":[{"name":"wp","href":"https:\/\/api.w.org\/{rel}","templated":true}]}}