{"id":174189,"date":"2023-06-03T19:33:29","date_gmt":"2023-06-03T17:33:29","guid":{"rendered":"https:\/\/candas365.es\/noticias\/?p=174189"},"modified":"2023-06-03T19:33:29","modified_gmt":"2023-06-03T17:33:29","slug":"elecciones-23j-voto-presencial-o-por-correo","status":"publish","type":"post","link":"https:\/\/candas365.es\/noticias\/elecciones-23j-voto-presencial-o-por-correo\/","title":{"rendered":"Elecciones 23J: \u00bfVoto presencial o por correo?"},"content":{"rendered":"<p>Sin duda alguna la noticia de la semana, hasta el momento es la <strong>convocatoria de elecciones generales en Espa\u00f1a el pr\u00f3ximo 23 de julio<\/strong>, una fecha en la que muchas personas estar\u00e1n de <a href=\"https:\/\/candas365.es\/noticias\/category\/turismo\/\"><span style=\"color: #ff6600;\"><strong>vacaciones<\/strong><\/span><\/a> y que puede cambiar los planes de bastantes espa\u00f1oles.<\/p>\n<p><img fetchpriority=\"high\" decoding=\"async\" class=\"aligncenter wp-image-174190 size-full\" src=\"https:\/\/candas365.es\/noticias\/wp-content\/uploads\/2023\/06\/Elecciones-23J.jpg\" alt=\"Elecciones 23J\" width=\"640\" height=\"426\" srcset=\"https:\/\/candas365.es\/noticias\/wp-content\/uploads\/2023\/06\/Elecciones-23J.jpg 640w, https:\/\/candas365.es\/noticias\/wp-content\/uploads\/2023\/06\/Elecciones-23J-360x240.jpg 360w, https:\/\/candas365.es\/noticias\/wp-content\/uploads\/2023\/06\/Elecciones-23J-150x100.jpg 150w, https:\/\/candas365.es\/noticias\/wp-content\/uploads\/2023\/06\/Elecciones-23J-450x300.jpg 450w\" sizes=\"(max-width: 640px) 100vw, 640px\" \/><\/p>\n<p>La duda est\u00e1 en el aire. \u00bfY si me toca ir a una mesa electoral?, \u00bfahora como voto?. En el caso de que seas una de las muchas personas que ya ten\u00eda planificadas sus vacaciones te explicamos c\u00f3mo puedes votar por correo.<\/p>\n<h2>\u00bfCu\u00e1les son los plazos del voto por correo?<\/h2>\n<p><strong>El voto por correo se puede solicitar hasta el d\u00eda 13 de julio en cualquier oficina de Correos o de forma telem\u00e1tica en la web de Correos<\/strong>, sin necesidad de acudir presencialmente a una oficina. Para ello tendr\u00e1s que autentificar tu identidad con el <strong>DNI electr\u00f3nico o un certificado digital v\u00e1lido<\/strong>.<\/p>\n<h2>\u00bfC\u00f3mo votar por correo?<\/h2>\n<p>Deber\u00e1s recoger el impreso de solicitud en las oficinas de Correos o presentar v\u00eda web la solicitud de voto por correo con el DNI electr\u00f3nico o un certificado digital v\u00e1lido.<\/p>\n<p>En el impreso tienes que indicar la direcci\u00f3n postal a la que quieres que se env\u00ede la documentaci\u00f3n electoral (puede ser tu domicilio, tu lugar de trabajo o un apartado postal).<\/p>\n<blockquote><p>La Oficina del Censo Electoral te enviar\u00e1 la documentaci\u00f3n necesaria para votar a la direcci\u00f3n indicada a partir del 3 de julio.<\/p><\/blockquote>\n<p>Una vez que hayas recibido la documentaci\u00f3n, elige la papeleta de votaci\u00f3n e introd\u00facela en el sobre de votaci\u00f3n (o no incluyas papeleta si decides votar en blanco). Introduce el sobre de votaci\u00f3n y el certificado de inscripci\u00f3n en el censo dentro del sobre en el que est\u00e1 escrita la direcci\u00f3n de tu mesa electoral. <strong>No incluyas ning\u00fan documento acreditativo de tu identidad dentro del sobre de votaci\u00f3n, porque en este caso tu voto ser\u00eda considerado nulo por la mesa.<\/strong><\/p>\n<blockquote>\n<p style=\"text-align: left;\">Lleva este sobre a una oficina de Correos y env\u00edalo por correo certificado gratuito antes del 19 de julio.<\/p>\n<\/blockquote>\n<h2>\u00bfPuedes cambiar de opini\u00f3n y votar de forma presencial?<\/h2>\n<p>No. Si solicitas votar por correo y tu solicitud es aceptada, no podr\u00e1s votar de manera presencial en tu mesa electoral el 23 de julio.<\/p>\n<h2>\u00bfC\u00f3mo solicito el voto por correo si estoy de forma temporal o de vacaciones en el extranjero?<\/h2>\n<p>Si est\u00e1s temporalmente o de <a href=\"https:\/\/www.eldigitaldeasturias.com\/noticias\/category\/turismo\/\" target=\"_blank\" rel=\"noopener\"><span style=\"color: #ff6600;\"><strong>vacaciones en el extranjero<\/strong><\/span><\/a>, permanecer\u00e1s en esa situaci\u00f3n hasta el d\u00eda de la votaci\u00f3n y deseas ejercer tu derecho de sufragio tienes que:<\/p>\n<ul>\n<li>Cumplimentar el impreso de solicitud (puede recogerse en consulados o embajadas o descargarse en las webs del Ministerio del Interior o el Ministerio de Asuntos Exteriores) y presentar el impreso personalmente en el consulado o embajada hasta el 24 de junio, aunque se recomienda formular la petici\u00f3n lo antes posible.<\/li>\n<li>Para poder formular la solicitud deber\u00e1s estar inscrito en el registro de matr\u00edcula consular del pa\u00eds donde te encuentres como no residente. La solicitud y la inscripci\u00f3n en el registro de matr\u00edcula consular pueden realizarse en un mismo acto.<\/li>\n<\/ul>\n<p>La oficina del censo electoral iniciar\u00e1 el env\u00edo de la documentaci\u00f3n electoral a las direcciones indicadas en las solicitudes el 3 de julio. <strong>El voto debe remitirse por correo certificado no m\u00e1s tarde del d\u00eda 19 de julio.<\/strong><\/p>\n<p>Para que estos votos sean v\u00e1lidos, es indispensable que conste claramente en el sobre un matasellos u otra inscripci\u00f3n oficial de una oficina de correos del estado correspondiente, que certifique que se ha remitido dentro del plazo previsto.<\/p>\n<h2>\u00bfQui\u00e9n puede utilizar la aplicaci\u00f3n para la presentaci\u00f3n de la solicitud electr\u00f3nica de voto por correo?<\/h2>\n<ul>\n<li>Los electores residentes en Espa\u00f1a. Una vez presentada la solicitud v\u00eda web, si es aceptada por la Oficina del Censo Electoral, no podr\u00e1 votar en la mesa electoral el d\u00eda de la votaci\u00f3n.<\/li>\n<li>Los electores residentes en el extranjero que se encuentren temporalmente en Espa\u00f1a, con derecho de voto en las elecciones convocadas.<\/li>\n<\/ul>\n<p>No puede ser solicitados por los electores residentes en Espa\u00f1a que se encuentren temporalmente en el extranjero, ni por los electores residentes en el extranjero que lo soliciten desde su pa\u00eds de residencia.<\/p>\n","protected":false},"excerpt":{"rendered":"<p>Sin duda alguna la noticia de la semana, hasta el momento es la convocatoria de elecciones generales en Espa\u00f1a el pr\u00f3ximo 23 de julio, una fecha en la que muchas personas estar\u00e1n de vacaciones y que puede cambiar los planes de bastantes espa\u00f1oles. La duda est\u00e1 en el aire. \u00bfY si me toca ir a<\/p>\n","protected":false},"author":1,"featured_media":174190,"comment_status":"closed","ping_status":"closed","sticky":false,"template":"","format":"standard","meta":{"footnotes":""},"categories":[343,316],"tags":[538,413,466],"class_list":{"0":"post-174189","1":"post","2":"type-post","3":"status-publish","4":"format-standard","5":"has-post-thumbnail","7":"category-actualidad","8":"category-destacadas","9":"tag-23j","10":"tag-elecciones","11":"tag-espana"},"aioseo_notices":[],"aioseo_head":"\n\t\t<!-- All in One SEO Pro 4.9.6.2 - aioseo.com -->\n\t<meta name=\"description\" content=\"Sin duda alguna la noticia de la semana, hasta el momento es la convocatoria de elecciones generales en Espa\u00f1a el pr\u00f3ximo 23 de julio, una fecha en la que\" \/>\n\t<meta name=\"robots\" content=\"max-image-preview:large\" \/>\n\t<meta name=\"author\" content=\"Cand\u00e1s 365\"\/>\n\t<meta name=\"google-site-verification\" content=\"UA-32230408-1\" \/>\n\t<meta name=\"msvalidate.01\" content=\"354F3CDFB2DA171B47FBE9ABF1F88D5\" \/>\n\t<meta name=\"keywords\" content=\"actualidad,destacadas\" \/>\n\t<link rel=\"canonical\" href=\"https:\/\/candas365.es\/noticias\/elecciones-23j-voto-presencial-o-por-correo\/\" \/>\n\t<meta name=\"generator\" content=\"All in One SEO Pro (AIOSEO) 4.9.6.2\" \/>\n\t\t<meta property=\"og:locale\" content=\"es_ES\" \/>\n\t\t<meta property=\"og:site_name\" content=\"Cand\u00e1s 365\" \/>\n\t\t<meta property=\"og:type\" content=\"article\" \/>\n\t\t<meta property=\"og:title\" content=\"Elecciones 23J: \u00bfVoto presencial o por correo? | Cand\u00e1s 365\" \/>\n\t\t<meta property=\"og:description\" content=\"Sin duda alguna la noticia de la semana, hasta el momento es la convocatoria de elecciones generales en Espa\u00f1a el pr\u00f3ximo 23 de julio, una fecha en la que\" \/>\n\t\t<meta property=\"og:url\" content=\"https:\/\/candas365.es\/noticias\/elecciones-23j-voto-presencial-o-por-correo\/\" \/>\n\t\t<meta property=\"og:image\" content=\"https:\/\/candas365.es\/noticias\/wp-content\/uploads\/2023\/06\/Elecciones-23J.jpg\" \/>\n\t\t<meta property=\"og:image:secure_url\" content=\"https:\/\/candas365.es\/noticias\/wp-content\/uploads\/2023\/06\/Elecciones-23J.jpg\" \/>\n\t\t<meta property=\"og:image:width\" content=\"640\" \/>\n\t\t<meta property=\"og:image:height\" content=\"426\" \/>\n\t\t<meta property=\"article:published_time\" content=\"2023-06-03T17:33:29+00:00\" \/>\n\t\t<meta property=\"article:modified_time\" content=\"2023-06-03T17:33:29+00:00\" \/>\n\t\t<meta property=\"article:publisher\" content=\"https:\/\/www.facebook.com\/Nachofdezber\" \/>\n\t\t<meta property=\"article:author\" content=\"https:\/\/www.facebook.com\/carrenoactualidad\" \/>\n\t\t<meta name=\"twitter:card\" content=\"summary_large_image\" \/>\n\t\t<meta name=\"twitter:site\" content=\"@NabercoDigital\" \/>\n\t\t<meta name=\"twitter:title\" content=\"Elecciones 23J: \u00bfVoto presencial o por correo? | Cand\u00e1s 365\" \/>\n\t\t<meta name=\"twitter:description\" content=\"Sin duda alguna la noticia de la semana, hasta el momento es la convocatoria de elecciones generales en Espa\u00f1a el pr\u00f3ximo 23 de julio, una fecha en la que\" \/>\n\t\t<meta name=\"twitter:creator\" content=\"@nbasturias\" \/>\n\t\t<meta name=\"twitter:image\" content=\"https:\/\/candas365.es\/noticias\/wp-content\/uploads\/2023\/06\/Elecciones-23J.jpg\" \/>\n\t\t<meta name=\"twitter:label1\" content=\"Escrito por\" \/>\n\t\t<meta name=\"twitter:data1\" content=\"Cand\u00e1s 365\" \/>\n\t\t<meta name=\"twitter:label2\" content=\"Tiempo de lectura estimado\" \/>\n\t\t<meta name=\"twitter:data2\" content=\"4 minutos\" \/>\n\t\t<script type=\"application\/ld+json\" class=\"aioseo-schema\">\n\t\t\t{\"@context\":\"https:\\\/\\\/schema.org\",\"@graph\":[{\"@type\":\"BreadcrumbList\",\"@id\":\"https:\\\/\\\/candas365.es\\\/noticias\\\/elecciones-23j-voto-presencial-o-por-correo\\\/#breadcrumblist\",\"itemListElement\":[{\"@type\":\"ListItem\",\"@id\":\"https:\\\/\\\/candas365.es\\\/noticias#listItem\",\"position\":1,\"name\":\"Home\",\"item\":\"https:\\\/\\\/candas365.es\\\/noticias\",\"nextItem\":{\"@type\":\"ListItem\",\"@id\":\"https:\\\/\\\/candas365.es\\\/noticias\\\/category\\\/destacadas\\\/#listItem\",\"name\":\"Destacadas\"}},{\"@type\":\"ListItem\",\"@id\":\"https:\\\/\\\/candas365.es\\\/noticias\\\/category\\\/destacadas\\\/#listItem\",\"position\":2,\"name\":\"Destacadas\",\"item\":\"https:\\\/\\\/candas365.es\\\/noticias\\\/category\\\/destacadas\\\/\",\"nextItem\":{\"@type\":\"ListItem\",\"@id\":\"https:\\\/\\\/candas365.es\\\/noticias\\\/elecciones-23j-voto-presencial-o-por-correo\\\/#listItem\",\"name\":\"Elecciones 23J: \\u00bfVoto presencial o por correo?\"},\"previousItem\":{\"@type\":\"ListItem\",\"@id\":\"https:\\\/\\\/candas365.es\\\/noticias#listItem\",\"name\":\"Home\"}},{\"@type\":\"ListItem\",\"@id\":\"https:\\\/\\\/candas365.es\\\/noticias\\\/elecciones-23j-voto-presencial-o-por-correo\\\/#listItem\",\"position\":3,\"name\":\"Elecciones 23J: \\u00bfVoto presencial o por correo?\",\"previousItem\":{\"@type\":\"ListItem\",\"@id\":\"https:\\\/\\\/candas365.es\\\/noticias\\\/category\\\/destacadas\\\/#listItem\",\"name\":\"Destacadas\"}}]},{\"@type\":\"NewsArticle\",\"@id\":\"https:\\\/\\\/candas365.es\\\/noticias\\\/elecciones-23j-voto-presencial-o-por-correo\\\/#newsarticle\",\"name\":\"Elecciones 23J: \\u00bfVoto presencial o por correo? | Cand\\u00e1s 365\",\"headline\":\"Elecciones 23J: \\u00bfVoto presencial o por correo?\",\"author\":{\"@id\":\"https:\\\/\\\/candas365.es\\\/noticias\\\/author\\\/admin\\\/#author\"},\"publisher\":{\"@id\":\"https:\\\/\\\/candas365.es\\\/noticias\\\/#organization\"},\"image\":{\"@type\":\"ImageObject\",\"url\":\"https:\\\/\\\/candas365.es\\\/noticias\\\/wp-content\\\/uploads\\\/2023\\\/06\\\/Elecciones-23J.jpg\",\"width\":640,\"height\":426,\"caption\":\"Elecciones 23J\"},\"datePublished\":\"2023-06-03T19:33:29+02:00\",\"dateModified\":\"2023-06-03T19:33:29+02:00\",\"inLanguage\":\"es-ES\",\"mainEntityOfPage\":{\"@id\":\"https:\\\/\\\/candas365.es\\\/noticias\\\/elecciones-23j-voto-presencial-o-por-correo\\\/#webpage\"},\"isPartOf\":{\"@id\":\"https:\\\/\\\/candas365.es\\\/noticias\\\/elecciones-23j-voto-presencial-o-por-correo\\\/#webpage\"},\"articleSection\":\"Actualidad, Destacadas, 23J, Elecciones, Espa\\u00f1a\",\"dateline\":\"Publicado el junio 3, 2023.\"},{\"@type\":\"Organization\",\"@id\":\"https:\\\/\\\/candas365.es\\\/noticias\\\/#organization\",\"name\":\"Cand\\u00e1s 365\",\"description\":\"Cand\\u00e1s 365 es un diario digital independiente, fundado en 2012, con base en Asturias. Informamos con rigor sobre actualidad, sociedad, cultura y ocio, con una mirada local y global.\",\"url\":\"https:\\\/\\\/candas365.es\\\/noticias\\\/\",\"email\":\"info@candas365.es\",\"telephone\":\"+34652131393\",\"foundingDate\":\"2012-06-10\",\"logo\":{\"@type\":\"ImageObject\",\"url\":\"https:\\\/\\\/candas365.es\\\/noticias\\\/wp-content\\\/uploads\\\/2024\\\/09\\\/Candas-365-Redes.jpg\",\"@id\":\"https:\\\/\\\/candas365.es\\\/noticias\\\/elecciones-23j-voto-presencial-o-por-correo\\\/#organizationLogo\",\"width\":1152,\"height\":864,\"caption\":\"Cand\\u00e1s 365 Redes\"},\"image\":{\"@id\":\"https:\\\/\\\/candas365.es\\\/noticias\\\/elecciones-23j-voto-presencial-o-por-correo\\\/#organizationLogo\"},\"sameAs\":[\"https:\\\/\\\/www.facebook.com\\\/Nachofdezber\",\"https:\\\/\\\/x.com\\\/NabercoDigital\",\"https:\\\/\\\/www.instagram.com\\\/nachofdezber\\\/\",\"https:\\\/\\\/www.youtube.com\\\/channel\\\/UCZP-2wLEB9Rv6erhFmqVnvg\"],\"address\":{\"@id\":\"https:\\\/\\\/candas365.es\\\/noticias\\\/#postaladdress\",\"@type\":\"PostalAddress\",\"streetAddress\":\"san antonio 4, san antonio 4\",\"postalCode\":\"33430\",\"addressLocality\":\"Cand\\u00e1s\",\"addressRegion\":\"Asturias\",\"addressCountry\":\"ES\"}},{\"@type\":\"Person\",\"@id\":\"https:\\\/\\\/candas365.es\\\/noticias\\\/author\\\/admin\\\/#author\",\"url\":\"https:\\\/\\\/candas365.es\\\/noticias\\\/author\\\/admin\\\/\",\"name\":\"Cand\\u00e1s 365\",\"image\":{\"@type\":\"ImageObject\",\"@id\":\"https:\\\/\\\/candas365.es\\\/noticias\\\/elecciones-23j-voto-presencial-o-por-correo\\\/#authorImage\",\"url\":\"https:\\\/\\\/secure.gravatar.com\\\/avatar\\\/496a8e03d0c493ede1718b7934145dbdf8d89be1036b0eec9544e1094c9de390?s=96&d=mm&r=g\",\"width\":96,\"height\":96,\"caption\":\"Cand\\u00e1s 365\"},\"sameAs\":[\"https:\\\/\\\/www.facebook.com\\\/carrenoactualidad\",\"https:\\\/\\\/twitter.com\\\/nbasturias\",\"https:\\\/\\\/www.instagram.com\\\/nachofdezber\\\/\",\"https:\\\/\\\/www.youtube.com\\\/channel\\\/UCZP-2wLEB9Rv6erhFmqVnvg\"]},{\"@type\":\"WebPage\",\"@id\":\"https:\\\/\\\/candas365.es\\\/noticias\\\/elecciones-23j-voto-presencial-o-por-correo\\\/#webpage\",\"url\":\"https:\\\/\\\/candas365.es\\\/noticias\\\/elecciones-23j-voto-presencial-o-por-correo\\\/\",\"name\":\"Elecciones 23J: \\u00bfVoto presencial o por correo? | Cand\\u00e1s 365\",\"description\":\"Sin duda alguna la noticia de la semana, hasta el momento es la convocatoria de elecciones generales en Espa\\u00f1a el pr\\u00f3ximo 23 de julio, una fecha en la que\",\"inLanguage\":\"es-ES\",\"isPartOf\":{\"@id\":\"https:\\\/\\\/candas365.es\\\/noticias\\\/#website\"},\"breadcrumb\":{\"@id\":\"https:\\\/\\\/candas365.es\\\/noticias\\\/elecciones-23j-voto-presencial-o-por-correo\\\/#breadcrumblist\"},\"author\":{\"@id\":\"https:\\\/\\\/candas365.es\\\/noticias\\\/author\\\/admin\\\/#author\"},\"creator\":{\"@id\":\"https:\\\/\\\/candas365.es\\\/noticias\\\/author\\\/admin\\\/#author\"},\"image\":{\"@type\":\"ImageObject\",\"url\":\"https:\\\/\\\/candas365.es\\\/noticias\\\/wp-content\\\/uploads\\\/2023\\\/06\\\/Elecciones-23J.jpg\",\"@id\":\"https:\\\/\\\/candas365.es\\\/noticias\\\/elecciones-23j-voto-presencial-o-por-correo\\\/#mainImage\",\"width\":640,\"height\":426,\"caption\":\"Elecciones 23J\"},\"primaryImageOfPage\":{\"@id\":\"https:\\\/\\\/candas365.es\\\/noticias\\\/elecciones-23j-voto-presencial-o-por-correo\\\/#mainImage\"},\"datePublished\":\"2023-06-03T19:33:29+02:00\",\"dateModified\":\"2023-06-03T19:33:29+02:00\"},{\"@type\":\"WebSite\",\"@id\":\"https:\\\/\\\/candas365.es\\\/noticias\\\/#website\",\"url\":\"https:\\\/\\\/candas365.es\\\/noticias\\\/\",\"name\":\"Cand\\u00e1s 365\",\"alternateName\":\"Cand\\u00e1s 365 Noticias\",\"description\":\"Actualidad desde Carre\\u00f1o para el mundo\",\"inLanguage\":\"es-ES\",\"publisher\":{\"@id\":\"https:\\\/\\\/candas365.es\\\/noticias\\\/#organization\"}}]}\n\t\t<\/script>\n\t\t<!-- All in One SEO Pro -->\r\n\t\t<title>Elecciones 23J: \u00bfVoto presencial o por correo? | Cand\u00e1s 365<\/title>\n\n","aioseo_head_json":{"title":"Elecciones 23J: \u00bfVoto presencial o por correo? | Cand\u00e1s 365","description":"Sin duda alguna la noticia de la semana, hasta el momento es la convocatoria de elecciones generales en Espa\u00f1a el pr\u00f3ximo 23 de julio, una fecha en la que","canonical_url":"https:\/\/candas365.es\/noticias\/elecciones-23j-voto-presencial-o-por-correo\/","robots":"max-image-preview:large","keywords":"actualidad,destacadas","webmasterTools":{"google-site-verification":"UA-32230408-1","msvalidate.01":"354F3CDFB2DA171B47FBE9ABF1F88D5","miscellaneous":""},"schema":{"@context":"https:\/\/schema.org","@graph":[{"@type":"BreadcrumbList","@id":"https:\/\/candas365.es\/noticias\/elecciones-23j-voto-presencial-o-por-correo\/#breadcrumblist","itemListElement":[{"@type":"ListItem","@id":"https:\/\/candas365.es\/noticias#listItem","position":1,"name":"Home","item":"https:\/\/candas365.es\/noticias","nextItem":{"@type":"ListItem","@id":"https:\/\/candas365.es\/noticias\/category\/destacadas\/#listItem","name":"Destacadas"}},{"@type":"ListItem","@id":"https:\/\/candas365.es\/noticias\/category\/destacadas\/#listItem","position":2,"name":"Destacadas","item":"https:\/\/candas365.es\/noticias\/category\/destacadas\/","nextItem":{"@type":"ListItem","@id":"https:\/\/candas365.es\/noticias\/elecciones-23j-voto-presencial-o-por-correo\/#listItem","name":"Elecciones 23J: \u00bfVoto presencial o por correo?"},"previousItem":{"@type":"ListItem","@id":"https:\/\/candas365.es\/noticias#listItem","name":"Home"}},{"@type":"ListItem","@id":"https:\/\/candas365.es\/noticias\/elecciones-23j-voto-presencial-o-por-correo\/#listItem","position":3,"name":"Elecciones 23J: \u00bfVoto presencial o por correo?","previousItem":{"@type":"ListItem","@id":"https:\/\/candas365.es\/noticias\/category\/destacadas\/#listItem","name":"Destacadas"}}]},{"@type":"NewsArticle","@id":"https:\/\/candas365.es\/noticias\/elecciones-23j-voto-presencial-o-por-correo\/#newsarticle","name":"Elecciones 23J: \u00bfVoto presencial o por correo? | Cand\u00e1s 365","headline":"Elecciones 23J: \u00bfVoto presencial o por correo?","author":{"@id":"https:\/\/candas365.es\/noticias\/author\/admin\/#author"},"publisher":{"@id":"https:\/\/candas365.es\/noticias\/#organization"},"image":{"@type":"ImageObject","url":"https:\/\/candas365.es\/noticias\/wp-content\/uploads\/2023\/06\/Elecciones-23J.jpg","width":640,"height":426,"caption":"Elecciones 23J"},"datePublished":"2023-06-03T19:33:29+02:00","dateModified":"2023-06-03T19:33:29+02:00","inLanguage":"es-ES","mainEntityOfPage":{"@id":"https:\/\/candas365.es\/noticias\/elecciones-23j-voto-presencial-o-por-correo\/#webpage"},"isPartOf":{"@id":"https:\/\/candas365.es\/noticias\/elecciones-23j-voto-presencial-o-por-correo\/#webpage"},"articleSection":"Actualidad, Destacadas, 23J, Elecciones, Espa\u00f1a","dateline":"Publicado el junio 3, 2023."},{"@type":"Organization","@id":"https:\/\/candas365.es\/noticias\/#organization","name":"Cand\u00e1s 365","description":"Cand\u00e1s 365 es un diario digital independiente, fundado en 2012, con base en Asturias. Informamos con rigor sobre actualidad, sociedad, cultura y ocio, con una mirada local y global.","url":"https:\/\/candas365.es\/noticias\/","email":"info@candas365.es","telephone":"+34652131393","foundingDate":"2012-06-10","logo":{"@type":"ImageObject","url":"https:\/\/candas365.es\/noticias\/wp-content\/uploads\/2024\/09\/Candas-365-Redes.jpg","@id":"https:\/\/candas365.es\/noticias\/elecciones-23j-voto-presencial-o-por-correo\/#organizationLogo","width":1152,"height":864,"caption":"Cand\u00e1s 365 Redes"},"image":{"@id":"https:\/\/candas365.es\/noticias\/elecciones-23j-voto-presencial-o-por-correo\/#organizationLogo"},"sameAs":["https:\/\/www.facebook.com\/Nachofdezber","https:\/\/x.com\/NabercoDigital","https:\/\/www.instagram.com\/nachofdezber\/","https:\/\/www.youtube.com\/channel\/UCZP-2wLEB9Rv6erhFmqVnvg"],"address":{"@id":"https:\/\/candas365.es\/noticias\/#postaladdress","@type":"PostalAddress","streetAddress":"san antonio 4, san antonio 4","postalCode":"33430","addressLocality":"Cand\u00e1s","addressRegion":"Asturias","addressCountry":"ES"}},{"@type":"Person","@id":"https:\/\/candas365.es\/noticias\/author\/admin\/#author","url":"https:\/\/candas365.es\/noticias\/author\/admin\/","name":"Cand\u00e1s 365","image":{"@type":"ImageObject","@id":"https:\/\/candas365.es\/noticias\/elecciones-23j-voto-presencial-o-por-correo\/#authorImage","url":"https:\/\/secure.gravatar.com\/avatar\/496a8e03d0c493ede1718b7934145dbdf8d89be1036b0eec9544e1094c9de390?s=96&d=mm&r=g","width":96,"height":96,"caption":"Cand\u00e1s 365"},"sameAs":["https:\/\/www.facebook.com\/carrenoactualidad","https:\/\/twitter.com\/nbasturias","https:\/\/www.instagram.com\/nachofdezber\/","https:\/\/www.youtube.com\/channel\/UCZP-2wLEB9Rv6erhFmqVnvg"]},{"@type":"WebPage","@id":"https:\/\/candas365.es\/noticias\/elecciones-23j-voto-presencial-o-por-correo\/#webpage","url":"https:\/\/candas365.es\/noticias\/elecciones-23j-voto-presencial-o-por-correo\/","name":"Elecciones 23J: \u00bfVoto presencial o por correo? | Cand\u00e1s 365","description":"Sin duda alguna la noticia de la semana, hasta el momento es la convocatoria de elecciones generales en Espa\u00f1a el pr\u00f3ximo 23 de julio, una fecha en la que","inLanguage":"es-ES","isPartOf":{"@id":"https:\/\/candas365.es\/noticias\/#website"},"breadcrumb":{"@id":"https:\/\/candas365.es\/noticias\/elecciones-23j-voto-presencial-o-por-correo\/#breadcrumblist"},"author":{"@id":"https:\/\/candas365.es\/noticias\/author\/admin\/#author"},"creator":{"@id":"https:\/\/candas365.es\/noticias\/author\/admin\/#author"},"image":{"@type":"ImageObject","url":"https:\/\/candas365.es\/noticias\/wp-content\/uploads\/2023\/06\/Elecciones-23J.jpg","@id":"https:\/\/candas365.es\/noticias\/elecciones-23j-voto-presencial-o-por-correo\/#mainImage","width":640,"height":426,"caption":"Elecciones 23J"},"primaryImageOfPage":{"@id":"https:\/\/candas365.es\/noticias\/elecciones-23j-voto-presencial-o-por-correo\/#mainImage"},"datePublished":"2023-06-03T19:33:29+02:00","dateModified":"2023-06-03T19:33:29+02:00"},{"@type":"WebSite","@id":"https:\/\/candas365.es\/noticias\/#website","url":"https:\/\/candas365.es\/noticias\/","name":"Cand\u00e1s 365","alternateName":"Cand\u00e1s 365 Noticias","description":"Actualidad desde Carre\u00f1o para el mundo","inLanguage":"es-ES","publisher":{"@id":"https:\/\/candas365.es\/noticias\/#organization"}}]},"og:locale":"es_ES","og:site_name":"Cand\u00e1s 365","og:type":"article","og:title":"Elecciones 23J: \u00bfVoto presencial o por correo? | Cand\u00e1s 365","og:description":"Sin duda alguna la noticia de la semana, hasta el momento es la convocatoria de elecciones generales en Espa\u00f1a el pr\u00f3ximo 23 de julio, una fecha en la que","og:url":"https:\/\/candas365.es\/noticias\/elecciones-23j-voto-presencial-o-por-correo\/","og:image":"https:\/\/candas365.es\/noticias\/wp-content\/uploads\/2023\/06\/Elecciones-23J.jpg","og:image:secure_url":"https:\/\/candas365.es\/noticias\/wp-content\/uploads\/2023\/06\/Elecciones-23J.jpg","og:image:width":640,"og:image:height":426,"article:published_time":"2023-06-03T17:33:29+00:00","article:modified_time":"2023-06-03T17:33:29+00:00","article:publisher":"https:\/\/www.facebook.com\/Nachofdezber","article:author":"https:\/\/www.facebook.com\/carrenoactualidad","twitter:card":"summary_large_image","twitter:site":"@NabercoDigital","twitter:title":"Elecciones 23J: \u00bfVoto presencial o por correo? | Cand\u00e1s 365","twitter:description":"Sin duda alguna la noticia de la semana, hasta el momento es la convocatoria de elecciones generales en Espa\u00f1a el pr\u00f3ximo 23 de julio, una fecha en la que","twitter:creator":"@nbasturias","twitter:image":"https:\/\/candas365.es\/noticias\/wp-content\/uploads\/2023\/06\/Elecciones-23J.jpg","twitter:label1":"Escrito por","twitter:data1":"Cand\u00e1s 365","twitter:label2":"Tiempo de lectura estimado","twitter:data2":"4 minutos"},"aioseo_meta_data":{"post_id":"174189","title":null,"description":"Sin duda alguna la noticia de la semana, hasta el momento es la convocatoria de elecciones generales en Espa\u00f1a el pr\u00f3ximo 23 de julio, una fecha en la que","keywords":[],"keyphrases":{"focus":{"keyphrase":"elecciones","score":83,"analysis":{"keyphraseInTitle":{"score":9,"maxScore":9,"error":0},"keyphraseInDescription":{"score":9,"maxScore":9,"error":0},"keyphraseLength":{"score":9,"maxScore":9,"error":0,"length":1},"keyphraseInURL":{"score":1,"maxScore":5,"error":1},"keyphraseInIntroduction":{"score":9,"maxScore":9,"error":0},"keyphraseInSubHeadings":{"score":3,"maxScore":9,"error":1},"keyphraseInImageAlt":{"score":9,"maxScore":9,"error":0}}},"additional":[{"keyphrase":"23 de julio","score":100,"analysis":{"keyphraseInDescription":{"score":9,"maxScore":9,"error":0},"keyphraseLength":{"score":9,"maxScore":9,"error":0,"length":2},"keyphraseInIntroduction":{"score":9,"maxScore":9,"error":0},"keyphraseInImageAlt":{"score":9,"maxScore":9,"error":0}}},{"keyphrase":"elecciones ","score":100,"analysis":{"keyphraseInDescription":{"score":9,"maxScore":9,"error":0},"keyphraseLength":{"score":9,"maxScore":9,"error":0,"length":1},"keyphraseInIntroduction":{"score":9,"maxScore":9,"error":0},"keyphraseInImageAlt":{"score":9,"maxScore":9,"error":0}}}]},"primary_term":null,"canonical_url":null,"og_title":null,"og_description":null,"og_object_type":"default","og_image_type":"default","og_image_url":null,"og_image_width":null,"og_image_height":null,"og_image_custom_url":null,"og_image_custom_fields":null,"og_video":"","og_custom_url":null,"og_article_section":null,"og_article_tags":[],"twitter_use_og":false,"twitter_card":"default","twitter_image_type":"default","twitter_image_url":null,"twitter_image_custom_url":null,"twitter_image_custom_fields":null,"twitter_title":null,"twitter_description":null,"schema":{"blockGraphs":[],"customGraphs":[],"default":{"data":{"Article":[],"Course":[],"Dataset":[],"FAQPage":[],"Movie":[],"Person":[],"Product":[],"ProductReview":[],"Car":[],"Recipe":[],"Service":[],"SoftwareApplication":[],"WebPage":[]},"graphName":"","isEnabled":true},"graphs":[]},"schema_type":"default","schema_type_options":null,"pillar_content":false,"robots_default":true,"robots_noindex":false,"robots_noarchive":false,"robots_nosnippet":false,"robots_nofollow":false,"robots_noimageindex":false,"robots_noodp":false,"robots_notranslate":false,"robots_max_snippet":"-1","robots_max_videopreview":"-1","robots_max_imagepreview":"large","priority":null,"frequency":"default","location":null,"local_seo":null,"seo_analyzer_scan_date":"2025-09-01 21:07:18","breadcrumb_settings":null,"limit_modified_date":false,"reviewed_by":null,"open_ai":"{\"title\":{\"suggestions\":[],\"usage\":0},\"description\":{\"suggestions\":[],\"usage\":0}}","ai":null,"created":"2023-06-03 17:22:18","updated":"2025-09-01 21:07:18"},"aioseo_breadcrumb":"<div class=\"aioseo-breadcrumbs\"><span class=\"aioseo-breadcrumb\">\n\t<a href=\"https:\/\/candas365.es\/noticias\" title=\"Home\">Home<\/a>\n<\/span><span class=\"aioseo-breadcrumb-separator\">&ndash;<\/span><span class=\"aioseo-breadcrumb\">\n\t<a href=\"https:\/\/candas365.es\/noticias\/category\/destacadas\/\" title=\"Destacadas\">Destacadas<\/a>\n<\/span><span class=\"aioseo-breadcrumb-separator\">&ndash;<\/span><span class=\"aioseo-breadcrumb\">\n\tElecciones 23J: \u00bfVoto presencial o por correo?\n<\/span><\/div>","aioseo_breadcrumb_json":[{"label":"Home","link":"https:\/\/candas365.es\/noticias"},{"label":"Destacadas","link":"https:\/\/candas365.es\/noticias\/category\/destacadas\/"},{"label":"Elecciones 23J: \u00bfVoto presencial o por correo?","link":"https:\/\/candas365.es\/noticias\/elecciones-23j-voto-presencial-o-por-correo\/"}],"_links":{"self":[{"href":"https:\/\/candas365.es\/noticias\/wp-json\/wp\/v2\/posts\/174189","targetHints":{"allow":["GET"]}}],"collection":[{"href":"https:\/\/candas365.es\/noticias\/wp-json\/wp\/v2\/posts"}],"about":[{"href":"https:\/\/candas365.es\/noticias\/wp-json\/wp\/v2\/types\/post"}],"author":[{"embeddable":true,"href":"https:\/\/candas365.es\/noticias\/wp-json\/wp\/v2\/users\/1"}],"replies":[{"embeddable":true,"href":"https:\/\/candas365.es\/noticias\/wp-json\/wp\/v2\/comments?post=174189"}],"version-history":[{"count":0,"href":"https:\/\/candas365.es\/noticias\/wp-json\/wp\/v2\/posts\/174189\/revisions"}],"wp:featuredmedia":[{"embeddable":true,"href":"https:\/\/candas365.es\/noticias\/wp-json\/wp\/v2\/media\/174190"}],"wp:attachment":[{"href":"https:\/\/candas365.es\/noticias\/wp-json\/wp\/v2\/media?parent=174189"}],"wp:term":[{"taxonomy":"category","embeddable":true,"href":"https:\/\/candas365.es\/noticias\/wp-json\/wp\/v2\/categories?post=174189"},{"taxonomy":"post_tag","embeddable":true,"href":"https:\/\/candas365.es\/noticias\/wp-json\/wp\/v2\/tags?post=174189"}],"curies":[{"name":"wp","href":"https:\/\/api.w.org\/{rel}","templated":true}]}}