{"id":174178,"date":"2023-06-03T18:49:08","date_gmt":"2023-06-03T16:49:08","guid":{"rendered":"https:\/\/candas365.es\/noticias\/?p=174178"},"modified":"2023-06-03T18:49:08","modified_gmt":"2023-06-03T16:49:08","slug":"xi-encuentro-internacional-de-comunidades-de-aprendizaje","status":"publish","type":"post","link":"https:\/\/candas365.es\/noticias\/xi-encuentro-internacional-de-comunidades-de-aprendizaje\/","title":{"rendered":"XI Encuentro Internacional de Comunidades de Aprendizaje"},"content":{"rendered":"<p>Hoy s\u00e1bado en <a href=\"https:\/\/candas365.es\/noticias\/category\/asturias\/\"><span style=\"color: #ff6600;\"><strong>Asturias<\/strong><\/span><\/a>, la consejera de Educaci\u00f3n, Lydia Espina, ha participado en el acto inaugural del <strong>XI Encuentro Internacional de Comunidades de Aprendizaje<\/strong>, organizado por la Asociaci\u00f3n de Estudiantes de Biociencias de Espa\u00f1a (AEBE) y q<strong>ue re\u00fane en Oviedo a m\u00e1s de 700 asistentes.<\/strong><\/p>\n<figure id=\"attachment_174179\" aria-describedby=\"caption-attachment-174179\" style=\"width: 650px\" class=\"wp-caption aligncenter\"><img fetchpriority=\"high\" decoding=\"async\" class=\"wp-image-174179 size-large\" src=\"https:\/\/candas365.es\/noticias\/wp-content\/uploads\/2023\/06\/XI-Encuentro-Internacional-de-Comunidades-de-Aprendizaje-650x433.jpg\" alt=\"XI Encuentro Internacional de Comunidades de Aprendizaje\" width=\"650\" height=\"433\" srcset=\"https:\/\/candas365.es\/noticias\/wp-content\/uploads\/2023\/06\/XI-Encuentro-Internacional-de-Comunidades-de-Aprendizaje-650x433.jpg 650w, https:\/\/candas365.es\/noticias\/wp-content\/uploads\/2023\/06\/XI-Encuentro-Internacional-de-Comunidades-de-Aprendizaje-360x240.jpg 360w, https:\/\/candas365.es\/noticias\/wp-content\/uploads\/2023\/06\/XI-Encuentro-Internacional-de-Comunidades-de-Aprendizaje-768x511.jpg 768w, https:\/\/candas365.es\/noticias\/wp-content\/uploads\/2023\/06\/XI-Encuentro-Internacional-de-Comunidades-de-Aprendizaje-150x100.jpg 150w, https:\/\/candas365.es\/noticias\/wp-content\/uploads\/2023\/06\/XI-Encuentro-Internacional-de-Comunidades-de-Aprendizaje-450x299.jpg 450w, https:\/\/candas365.es\/noticias\/wp-content\/uploads\/2023\/06\/XI-Encuentro-Internacional-de-Comunidades-de-Aprendizaje.jpg 1067w\" sizes=\"(max-width: 650px) 100vw, 650px\" \/><figcaption id=\"caption-attachment-174179\" class=\"wp-caption-text\">FOTO: PRENSA GOBIERNO DE ASTURIAS<\/figcaption><\/figure>\n<p>Espina ha destacado la magnitud del encuentro tanto por su poder de convocatoria como por el contenido. <strong>\u201cInnovar significa trabajar por el futuro de nuestro sistema educativo. Debemos invertir en recursos para atender a la diversidad de nuestras aulas, pero tambi\u00e9n es imprescindible determinar c\u00f3mo se invierten esos recursos\u201d, ha afirmado<\/strong>, a la vez que ha advertido de que la era digital ha modificado las prioridades en apenas una d\u00e9cada.<\/p>\n","protected":false},"excerpt":{"rendered":"<p>Hoy s\u00e1bado en Asturias, la consejera de Educaci\u00f3n, Lydia Espina, ha participado en el acto inaugural del XI Encuentro Internacional de Comunidades de Aprendizaje, organizado por la Asociaci\u00f3n de Estudiantes de Biociencias de Espa\u00f1a (AEBE) y que re\u00fane en Oviedo a m\u00e1s de 700 asistentes. Espina ha destacado la magnitud del encuentro tanto por su<\/p>\n","protected":false},"author":1,"featured_media":174179,"comment_status":"closed","ping_status":"closed","sticky":false,"template":"","format":"standard","meta":{"footnotes":""},"categories":[7],"tags":[380,419],"class_list":{"0":"post-174178","1":"post","2":"type-post","3":"status-publish","4":"format-standard","5":"has-post-thumbnail","7":"category-asturias","8":"tag-asturias","9":"tag-educacion"},"aioseo_notices":[],"aioseo_head":"\n\t\t<!-- All in One SEO Pro 4.9.6.2 - aioseo.com -->\n\t<meta name=\"description\" content=\"Hoy s\u00e1bado en Asturias, la consejera de Educaci\u00f3n, Lydia Espina, ha participado en el acto inaugural del XI Encuentro Internacional de Comunidades de Aprendizaje\" \/>\n\t<meta name=\"robots\" content=\"max-image-preview:large\" \/>\n\t<meta name=\"author\" content=\"Cand\u00e1s 365\"\/>\n\t<meta name=\"google-site-verification\" content=\"UA-32230408-1\" \/>\n\t<meta name=\"msvalidate.01\" content=\"354F3CDFB2DA171B47FBE9ABF1F88D5\" \/>\n\t<meta name=\"keywords\" content=\"asturias\" \/>\n\t<link rel=\"canonical\" href=\"https:\/\/candas365.es\/noticias\/xi-encuentro-internacional-de-comunidades-de-aprendizaje\/\" \/>\n\t<meta name=\"generator\" content=\"All in One SEO Pro (AIOSEO) 4.9.6.2\" \/>\n\t\t<meta property=\"og:locale\" content=\"es_ES\" \/>\n\t\t<meta property=\"og:site_name\" content=\"Cand\u00e1s 365\" \/>\n\t\t<meta property=\"og:type\" content=\"article\" \/>\n\t\t<meta property=\"og:title\" content=\"XI Encuentro Internacional de Comunidades de Aprendizaje | Cand\u00e1s 365\" \/>\n\t\t<meta property=\"og:description\" content=\"Hoy s\u00e1bado en Asturias, la consejera de Educaci\u00f3n, Lydia Espina, ha participado en el acto inaugural del XI Encuentro Internacional de Comunidades de Aprendizaje\" \/>\n\t\t<meta property=\"og:url\" content=\"https:\/\/candas365.es\/noticias\/xi-encuentro-internacional-de-comunidades-de-aprendizaje\/\" \/>\n\t\t<meta property=\"og:image\" content=\"https:\/\/candas365.es\/noticias\/wp-content\/uploads\/2023\/06\/XI-Encuentro-Internacional-de-Comunidades-de-Aprendizaje.jpg\" \/>\n\t\t<meta property=\"og:image:secure_url\" content=\"https:\/\/candas365.es\/noticias\/wp-content\/uploads\/2023\/06\/XI-Encuentro-Internacional-de-Comunidades-de-Aprendizaje.jpg\" \/>\n\t\t<meta property=\"og:image:width\" content=\"1067\" \/>\n\t\t<meta property=\"og:image:height\" content=\"710\" \/>\n\t\t<meta property=\"article:published_time\" content=\"2023-06-03T16:49:08+00:00\" \/>\n\t\t<meta property=\"article:modified_time\" content=\"2023-06-03T16:49:08+00:00\" \/>\n\t\t<meta property=\"article:publisher\" content=\"https:\/\/www.facebook.com\/Nachofdezber\" \/>\n\t\t<meta property=\"article:author\" content=\"https:\/\/www.facebook.com\/carrenoactualidad\" \/>\n\t\t<meta name=\"twitter:card\" content=\"summary_large_image\" \/>\n\t\t<meta name=\"twitter:site\" content=\"@NabercoDigital\" \/>\n\t\t<meta name=\"twitter:title\" content=\"XI Encuentro Internacional de Comunidades de Aprendizaje | Cand\u00e1s 365\" \/>\n\t\t<meta name=\"twitter:description\" content=\"Hoy s\u00e1bado en Asturias, la consejera de Educaci\u00f3n, Lydia Espina, ha participado en el acto inaugural del XI Encuentro Internacional de Comunidades de Aprendizaje\" \/>\n\t\t<meta name=\"twitter:creator\" content=\"@nbasturias\" \/>\n\t\t<meta name=\"twitter:image\" content=\"https:\/\/candas365.es\/noticias\/wp-content\/uploads\/2023\/06\/XI-Encuentro-Internacional-de-Comunidades-de-Aprendizaje.jpg\" \/>\n\t\t<meta name=\"twitter:label1\" content=\"Escrito por\" \/>\n\t\t<meta name=\"twitter:data1\" content=\"Cand\u00e1s 365\" \/>\n\t\t<meta name=\"twitter:label2\" content=\"Tiempo de lectura estimado\" \/>\n\t\t<meta name=\"twitter:data2\" content=\"1 minuto\" \/>\n\t\t<script type=\"application\/ld+json\" class=\"aioseo-schema\">\n\t\t\t{\"@context\":\"https:\\\/\\\/schema.org\",\"@graph\":[{\"@type\":\"BreadcrumbList\",\"@id\":\"https:\\\/\\\/candas365.es\\\/noticias\\\/xi-encuentro-internacional-de-comunidades-de-aprendizaje\\\/#breadcrumblist\",\"itemListElement\":[{\"@type\":\"ListItem\",\"@id\":\"https:\\\/\\\/candas365.es\\\/noticias#listItem\",\"position\":1,\"name\":\"Home\",\"item\":\"https:\\\/\\\/candas365.es\\\/noticias\",\"nextItem\":{\"@type\":\"ListItem\",\"@id\":\"https:\\\/\\\/candas365.es\\\/noticias\\\/category\\\/asturias\\\/#listItem\",\"name\":\"Asturias\"}},{\"@type\":\"ListItem\",\"@id\":\"https:\\\/\\\/candas365.es\\\/noticias\\\/category\\\/asturias\\\/#listItem\",\"position\":2,\"name\":\"Asturias\",\"item\":\"https:\\\/\\\/candas365.es\\\/noticias\\\/category\\\/asturias\\\/\",\"nextItem\":{\"@type\":\"ListItem\",\"@id\":\"https:\\\/\\\/candas365.es\\\/noticias\\\/xi-encuentro-internacional-de-comunidades-de-aprendizaje\\\/#listItem\",\"name\":\"XI Encuentro Internacional de Comunidades de Aprendizaje\"},\"previousItem\":{\"@type\":\"ListItem\",\"@id\":\"https:\\\/\\\/candas365.es\\\/noticias#listItem\",\"name\":\"Home\"}},{\"@type\":\"ListItem\",\"@id\":\"https:\\\/\\\/candas365.es\\\/noticias\\\/xi-encuentro-internacional-de-comunidades-de-aprendizaje\\\/#listItem\",\"position\":3,\"name\":\"XI Encuentro Internacional de Comunidades de Aprendizaje\",\"previousItem\":{\"@type\":\"ListItem\",\"@id\":\"https:\\\/\\\/candas365.es\\\/noticias\\\/category\\\/asturias\\\/#listItem\",\"name\":\"Asturias\"}}]},{\"@type\":\"NewsArticle\",\"@id\":\"https:\\\/\\\/candas365.es\\\/noticias\\\/xi-encuentro-internacional-de-comunidades-de-aprendizaje\\\/#newsarticle\",\"name\":\"XI Encuentro Internacional de Comunidades de Aprendizaje | Cand\\u00e1s 365\",\"headline\":\"XI Encuentro Internacional de Comunidades de Aprendizaje\",\"author\":{\"@id\":\"https:\\\/\\\/candas365.es\\\/noticias\\\/author\\\/admin\\\/#author\"},\"publisher\":{\"@id\":\"https:\\\/\\\/candas365.es\\\/noticias\\\/#organization\"},\"image\":{\"@type\":\"ImageObject\",\"url\":\"https:\\\/\\\/candas365.es\\\/noticias\\\/wp-content\\\/uploads\\\/2023\\\/06\\\/XI-Encuentro-Internacional-de-Comunidades-de-Aprendizaje.jpg\",\"width\":1067,\"height\":710,\"caption\":\"FOTO: PRENSA GOBIERNO DE ASTURIAS\"},\"datePublished\":\"2023-06-03T18:49:08+02:00\",\"dateModified\":\"2023-06-03T18:49:08+02:00\",\"inLanguage\":\"es-ES\",\"mainEntityOfPage\":{\"@id\":\"https:\\\/\\\/candas365.es\\\/noticias\\\/xi-encuentro-internacional-de-comunidades-de-aprendizaje\\\/#webpage\"},\"isPartOf\":{\"@id\":\"https:\\\/\\\/candas365.es\\\/noticias\\\/xi-encuentro-internacional-de-comunidades-de-aprendizaje\\\/#webpage\"},\"articleSection\":\"Asturias, Asturias, educaci\\u00f3n\",\"dateline\":\"Publicado el junio 3, 2023.\"},{\"@type\":\"Organization\",\"@id\":\"https:\\\/\\\/candas365.es\\\/noticias\\\/#organization\",\"name\":\"Cand\\u00e1s 365\",\"description\":\"Cand\\u00e1s 365 es un diario digital independiente, fundado en 2012, con base en Asturias. Informamos con rigor sobre actualidad, sociedad, cultura y ocio, con una mirada local y global.\",\"url\":\"https:\\\/\\\/candas365.es\\\/noticias\\\/\",\"email\":\"info@candas365.es\",\"telephone\":\"+34652131393\",\"foundingDate\":\"2012-06-10\",\"logo\":{\"@type\":\"ImageObject\",\"url\":\"https:\\\/\\\/candas365.es\\\/noticias\\\/wp-content\\\/uploads\\\/2024\\\/09\\\/Candas-365-Redes.jpg\",\"@id\":\"https:\\\/\\\/candas365.es\\\/noticias\\\/xi-encuentro-internacional-de-comunidades-de-aprendizaje\\\/#organizationLogo\",\"width\":1152,\"height\":864,\"caption\":\"Cand\\u00e1s 365 Redes\"},\"image\":{\"@id\":\"https:\\\/\\\/candas365.es\\\/noticias\\\/xi-encuentro-internacional-de-comunidades-de-aprendizaje\\\/#organizationLogo\"},\"sameAs\":[\"https:\\\/\\\/www.facebook.com\\\/Nachofdezber\",\"https:\\\/\\\/x.com\\\/NabercoDigital\",\"https:\\\/\\\/www.instagram.com\\\/nachofdezber\\\/\",\"https:\\\/\\\/www.youtube.com\\\/channel\\\/UCZP-2wLEB9Rv6erhFmqVnvg\"],\"address\":{\"@id\":\"https:\\\/\\\/candas365.es\\\/noticias\\\/#postaladdress\",\"@type\":\"PostalAddress\",\"streetAddress\":\"san antonio 4, san antonio 4\",\"postalCode\":\"33430\",\"addressLocality\":\"Cand\\u00e1s\",\"addressRegion\":\"Asturias\",\"addressCountry\":\"ES\"}},{\"@type\":\"Person\",\"@id\":\"https:\\\/\\\/candas365.es\\\/noticias\\\/author\\\/admin\\\/#author\",\"url\":\"https:\\\/\\\/candas365.es\\\/noticias\\\/author\\\/admin\\\/\",\"name\":\"Cand\\u00e1s 365\",\"image\":{\"@type\":\"ImageObject\",\"@id\":\"https:\\\/\\\/candas365.es\\\/noticias\\\/xi-encuentro-internacional-de-comunidades-de-aprendizaje\\\/#authorImage\",\"url\":\"https:\\\/\\\/secure.gravatar.com\\\/avatar\\\/496a8e03d0c493ede1718b7934145dbdf8d89be1036b0eec9544e1094c9de390?s=96&d=mm&r=g\",\"width\":96,\"height\":96,\"caption\":\"Cand\\u00e1s 365\"},\"sameAs\":[\"https:\\\/\\\/www.facebook.com\\\/carrenoactualidad\",\"https:\\\/\\\/twitter.com\\\/nbasturias\",\"https:\\\/\\\/www.instagram.com\\\/nachofdezber\\\/\",\"https:\\\/\\\/www.youtube.com\\\/channel\\\/UCZP-2wLEB9Rv6erhFmqVnvg\"]},{\"@type\":\"WebPage\",\"@id\":\"https:\\\/\\\/candas365.es\\\/noticias\\\/xi-encuentro-internacional-de-comunidades-de-aprendizaje\\\/#webpage\",\"url\":\"https:\\\/\\\/candas365.es\\\/noticias\\\/xi-encuentro-internacional-de-comunidades-de-aprendizaje\\\/\",\"name\":\"XI Encuentro Internacional de Comunidades de Aprendizaje | Cand\\u00e1s 365\",\"description\":\"Hoy s\\u00e1bado en Asturias, la consejera de Educaci\\u00f3n, Lydia Espina, ha participado en el acto inaugural del XI Encuentro Internacional de Comunidades de Aprendizaje\",\"inLanguage\":\"es-ES\",\"isPartOf\":{\"@id\":\"https:\\\/\\\/candas365.es\\\/noticias\\\/#website\"},\"breadcrumb\":{\"@id\":\"https:\\\/\\\/candas365.es\\\/noticias\\\/xi-encuentro-internacional-de-comunidades-de-aprendizaje\\\/#breadcrumblist\"},\"author\":{\"@id\":\"https:\\\/\\\/candas365.es\\\/noticias\\\/author\\\/admin\\\/#author\"},\"creator\":{\"@id\":\"https:\\\/\\\/candas365.es\\\/noticias\\\/author\\\/admin\\\/#author\"},\"image\":{\"@type\":\"ImageObject\",\"url\":\"https:\\\/\\\/candas365.es\\\/noticias\\\/wp-content\\\/uploads\\\/2023\\\/06\\\/XI-Encuentro-Internacional-de-Comunidades-de-Aprendizaje.jpg\",\"@id\":\"https:\\\/\\\/candas365.es\\\/noticias\\\/xi-encuentro-internacional-de-comunidades-de-aprendizaje\\\/#mainImage\",\"width\":1067,\"height\":710,\"caption\":\"FOTO: PRENSA GOBIERNO DE ASTURIAS\"},\"primaryImageOfPage\":{\"@id\":\"https:\\\/\\\/candas365.es\\\/noticias\\\/xi-encuentro-internacional-de-comunidades-de-aprendizaje\\\/#mainImage\"},\"datePublished\":\"2023-06-03T18:49:08+02:00\",\"dateModified\":\"2023-06-03T18:49:08+02:00\"},{\"@type\":\"WebSite\",\"@id\":\"https:\\\/\\\/candas365.es\\\/noticias\\\/#website\",\"url\":\"https:\\\/\\\/candas365.es\\\/noticias\\\/\",\"name\":\"Cand\\u00e1s 365\",\"alternateName\":\"Cand\\u00e1s 365 Noticias\",\"description\":\"Actualidad desde Carre\\u00f1o para el mundo\",\"inLanguage\":\"es-ES\",\"publisher\":{\"@id\":\"https:\\\/\\\/candas365.es\\\/noticias\\\/#organization\"}}]}\n\t\t<\/script>\n\t\t<!-- All in One SEO Pro -->\r\n\t\t<title>XI Encuentro Internacional de Comunidades de Aprendizaje | Cand\u00e1s 365<\/title>\n\n","aioseo_head_json":{"title":"XI Encuentro Internacional de Comunidades de Aprendizaje | Cand\u00e1s 365","description":"Hoy s\u00e1bado en Asturias, la consejera de Educaci\u00f3n, Lydia Espina, ha participado en el acto inaugural del XI Encuentro Internacional de Comunidades de Aprendizaje","canonical_url":"https:\/\/candas365.es\/noticias\/xi-encuentro-internacional-de-comunidades-de-aprendizaje\/","robots":"max-image-preview:large","keywords":"asturias","webmasterTools":{"google-site-verification":"UA-32230408-1","msvalidate.01":"354F3CDFB2DA171B47FBE9ABF1F88D5","miscellaneous":""},"schema":{"@context":"https:\/\/schema.org","@graph":[{"@type":"BreadcrumbList","@id":"https:\/\/candas365.es\/noticias\/xi-encuentro-internacional-de-comunidades-de-aprendizaje\/#breadcrumblist","itemListElement":[{"@type":"ListItem","@id":"https:\/\/candas365.es\/noticias#listItem","position":1,"name":"Home","item":"https:\/\/candas365.es\/noticias","nextItem":{"@type":"ListItem","@id":"https:\/\/candas365.es\/noticias\/category\/asturias\/#listItem","name":"Asturias"}},{"@type":"ListItem","@id":"https:\/\/candas365.es\/noticias\/category\/asturias\/#listItem","position":2,"name":"Asturias","item":"https:\/\/candas365.es\/noticias\/category\/asturias\/","nextItem":{"@type":"ListItem","@id":"https:\/\/candas365.es\/noticias\/xi-encuentro-internacional-de-comunidades-de-aprendizaje\/#listItem","name":"XI Encuentro Internacional de Comunidades de Aprendizaje"},"previousItem":{"@type":"ListItem","@id":"https:\/\/candas365.es\/noticias#listItem","name":"Home"}},{"@type":"ListItem","@id":"https:\/\/candas365.es\/noticias\/xi-encuentro-internacional-de-comunidades-de-aprendizaje\/#listItem","position":3,"name":"XI Encuentro Internacional de Comunidades de Aprendizaje","previousItem":{"@type":"ListItem","@id":"https:\/\/candas365.es\/noticias\/category\/asturias\/#listItem","name":"Asturias"}}]},{"@type":"NewsArticle","@id":"https:\/\/candas365.es\/noticias\/xi-encuentro-internacional-de-comunidades-de-aprendizaje\/#newsarticle","name":"XI Encuentro Internacional de Comunidades de Aprendizaje | Cand\u00e1s 365","headline":"XI Encuentro Internacional de Comunidades de Aprendizaje","author":{"@id":"https:\/\/candas365.es\/noticias\/author\/admin\/#author"},"publisher":{"@id":"https:\/\/candas365.es\/noticias\/#organization"},"image":{"@type":"ImageObject","url":"https:\/\/candas365.es\/noticias\/wp-content\/uploads\/2023\/06\/XI-Encuentro-Internacional-de-Comunidades-de-Aprendizaje.jpg","width":1067,"height":710,"caption":"FOTO: PRENSA GOBIERNO DE ASTURIAS"},"datePublished":"2023-06-03T18:49:08+02:00","dateModified":"2023-06-03T18:49:08+02:00","inLanguage":"es-ES","mainEntityOfPage":{"@id":"https:\/\/candas365.es\/noticias\/xi-encuentro-internacional-de-comunidades-de-aprendizaje\/#webpage"},"isPartOf":{"@id":"https:\/\/candas365.es\/noticias\/xi-encuentro-internacional-de-comunidades-de-aprendizaje\/#webpage"},"articleSection":"Asturias, Asturias, educaci\u00f3n","dateline":"Publicado el junio 3, 2023."},{"@type":"Organization","@id":"https:\/\/candas365.es\/noticias\/#organization","name":"Cand\u00e1s 365","description":"Cand\u00e1s 365 es un diario digital independiente, fundado en 2012, con base en Asturias. Informamos con rigor sobre actualidad, sociedad, cultura y ocio, con una mirada local y global.","url":"https:\/\/candas365.es\/noticias\/","email":"info@candas365.es","telephone":"+34652131393","foundingDate":"2012-06-10","logo":{"@type":"ImageObject","url":"https:\/\/candas365.es\/noticias\/wp-content\/uploads\/2024\/09\/Candas-365-Redes.jpg","@id":"https:\/\/candas365.es\/noticias\/xi-encuentro-internacional-de-comunidades-de-aprendizaje\/#organizationLogo","width":1152,"height":864,"caption":"Cand\u00e1s 365 Redes"},"image":{"@id":"https:\/\/candas365.es\/noticias\/xi-encuentro-internacional-de-comunidades-de-aprendizaje\/#organizationLogo"},"sameAs":["https:\/\/www.facebook.com\/Nachofdezber","https:\/\/x.com\/NabercoDigital","https:\/\/www.instagram.com\/nachofdezber\/","https:\/\/www.youtube.com\/channel\/UCZP-2wLEB9Rv6erhFmqVnvg"],"address":{"@id":"https:\/\/candas365.es\/noticias\/#postaladdress","@type":"PostalAddress","streetAddress":"san antonio 4, san antonio 4","postalCode":"33430","addressLocality":"Cand\u00e1s","addressRegion":"Asturias","addressCountry":"ES"}},{"@type":"Person","@id":"https:\/\/candas365.es\/noticias\/author\/admin\/#author","url":"https:\/\/candas365.es\/noticias\/author\/admin\/","name":"Cand\u00e1s 365","image":{"@type":"ImageObject","@id":"https:\/\/candas365.es\/noticias\/xi-encuentro-internacional-de-comunidades-de-aprendizaje\/#authorImage","url":"https:\/\/secure.gravatar.com\/avatar\/496a8e03d0c493ede1718b7934145dbdf8d89be1036b0eec9544e1094c9de390?s=96&d=mm&r=g","width":96,"height":96,"caption":"Cand\u00e1s 365"},"sameAs":["https:\/\/www.facebook.com\/carrenoactualidad","https:\/\/twitter.com\/nbasturias","https:\/\/www.instagram.com\/nachofdezber\/","https:\/\/www.youtube.com\/channel\/UCZP-2wLEB9Rv6erhFmqVnvg"]},{"@type":"WebPage","@id":"https:\/\/candas365.es\/noticias\/xi-encuentro-internacional-de-comunidades-de-aprendizaje\/#webpage","url":"https:\/\/candas365.es\/noticias\/xi-encuentro-internacional-de-comunidades-de-aprendizaje\/","name":"XI Encuentro Internacional de Comunidades de Aprendizaje | Cand\u00e1s 365","description":"Hoy s\u00e1bado en Asturias, la consejera de Educaci\u00f3n, Lydia Espina, ha participado en el acto inaugural del XI Encuentro Internacional de Comunidades de Aprendizaje","inLanguage":"es-ES","isPartOf":{"@id":"https:\/\/candas365.es\/noticias\/#website"},"breadcrumb":{"@id":"https:\/\/candas365.es\/noticias\/xi-encuentro-internacional-de-comunidades-de-aprendizaje\/#breadcrumblist"},"author":{"@id":"https:\/\/candas365.es\/noticias\/author\/admin\/#author"},"creator":{"@id":"https:\/\/candas365.es\/noticias\/author\/admin\/#author"},"image":{"@type":"ImageObject","url":"https:\/\/candas365.es\/noticias\/wp-content\/uploads\/2023\/06\/XI-Encuentro-Internacional-de-Comunidades-de-Aprendizaje.jpg","@id":"https:\/\/candas365.es\/noticias\/xi-encuentro-internacional-de-comunidades-de-aprendizaje\/#mainImage","width":1067,"height":710,"caption":"FOTO: PRENSA GOBIERNO DE ASTURIAS"},"primaryImageOfPage":{"@id":"https:\/\/candas365.es\/noticias\/xi-encuentro-internacional-de-comunidades-de-aprendizaje\/#mainImage"},"datePublished":"2023-06-03T18:49:08+02:00","dateModified":"2023-06-03T18:49:08+02:00"},{"@type":"WebSite","@id":"https:\/\/candas365.es\/noticias\/#website","url":"https:\/\/candas365.es\/noticias\/","name":"Cand\u00e1s 365","alternateName":"Cand\u00e1s 365 Noticias","description":"Actualidad desde Carre\u00f1o para el mundo","inLanguage":"es-ES","publisher":{"@id":"https:\/\/candas365.es\/noticias\/#organization"}}]},"og:locale":"es_ES","og:site_name":"Cand\u00e1s 365","og:type":"article","og:title":"XI Encuentro Internacional de Comunidades de Aprendizaje | Cand\u00e1s 365","og:description":"Hoy s\u00e1bado en Asturias, la consejera de Educaci\u00f3n, Lydia Espina, ha participado en el acto inaugural del XI Encuentro Internacional de Comunidades de Aprendizaje","og:url":"https:\/\/candas365.es\/noticias\/xi-encuentro-internacional-de-comunidades-de-aprendizaje\/","og:image":"https:\/\/candas365.es\/noticias\/wp-content\/uploads\/2023\/06\/XI-Encuentro-Internacional-de-Comunidades-de-Aprendizaje.jpg","og:image:secure_url":"https:\/\/candas365.es\/noticias\/wp-content\/uploads\/2023\/06\/XI-Encuentro-Internacional-de-Comunidades-de-Aprendizaje.jpg","og:image:width":1067,"og:image:height":710,"article:published_time":"2023-06-03T16:49:08+00:00","article:modified_time":"2023-06-03T16:49:08+00:00","article:publisher":"https:\/\/www.facebook.com\/Nachofdezber","article:author":"https:\/\/www.facebook.com\/carrenoactualidad","twitter:card":"summary_large_image","twitter:site":"@NabercoDigital","twitter:title":"XI Encuentro Internacional de Comunidades de Aprendizaje | Cand\u00e1s 365","twitter:description":"Hoy s\u00e1bado en Asturias, la consejera de Educaci\u00f3n, Lydia Espina, ha participado en el acto inaugural del XI Encuentro Internacional de Comunidades de Aprendizaje","twitter:creator":"@nbasturias","twitter:image":"https:\/\/candas365.es\/noticias\/wp-content\/uploads\/2023\/06\/XI-Encuentro-Internacional-de-Comunidades-de-Aprendizaje.jpg","twitter:label1":"Escrito por","twitter:data1":"Cand\u00e1s 365","twitter:label2":"Tiempo de lectura estimado","twitter:data2":"1 minuto"},"aioseo_meta_data":{"post_id":"174178","title":null,"description":"Hoy s\u00e1bado en Asturias, la consejera de Educaci\u00f3n, Lydia Espina, ha participado en el acto inaugural del XI Encuentro Internacional de Comunidades de Aprendizaje","keywords":[],"keyphrases":{"focus":{"keyphrase":"Encuentro","score":92,"analysis":{"keyphraseInTitle":{"score":9,"maxScore":9,"error":0},"keyphraseInDescription":{"score":9,"maxScore":9,"error":0},"keyphraseLength":{"score":9,"maxScore":9,"error":0,"length":1},"keyphraseInURL":{"score":1,"maxScore":5,"error":1},"keyphraseInIntroduction":{"score":9,"maxScore":9,"error":0},"keyphraseInSubHeadings":[],"keyphraseInImageAlt":{"score":9,"maxScore":9,"error":0}}},"additional":[{"keyphrase":"Comunidades de Aprendizaje","score":100,"analysis":{"keyphraseInDescription":{"score":9,"maxScore":9,"error":0},"keyphraseLength":{"score":9,"maxScore":9,"error":0,"length":3},"keyphraseInIntroduction":{"score":9,"maxScore":9,"error":0},"keyphraseInImageAlt":{"score":9,"maxScore":9,"error":0}}}]},"primary_term":null,"canonical_url":null,"og_title":null,"og_description":null,"og_object_type":"default","og_image_type":"default","og_image_url":null,"og_image_width":null,"og_image_height":null,"og_image_custom_url":null,"og_image_custom_fields":null,"og_video":"","og_custom_url":null,"og_article_section":null,"og_article_tags":[],"twitter_use_og":false,"twitter_card":"default","twitter_image_type":"default","twitter_image_url":null,"twitter_image_custom_url":null,"twitter_image_custom_fields":null,"twitter_title":null,"twitter_description":null,"schema":{"blockGraphs":[],"customGraphs":[],"default":{"data":{"Article":[],"Course":[],"Dataset":[],"FAQPage":[],"Movie":[],"Person":[],"Product":[],"ProductReview":[],"Car":[],"Recipe":[],"Service":[],"SoftwareApplication":[],"WebPage":[]},"graphName":"","isEnabled":true},"graphs":[]},"schema_type":"default","schema_type_options":null,"pillar_content":false,"robots_default":true,"robots_noindex":false,"robots_noarchive":false,"robots_nosnippet":false,"robots_nofollow":false,"robots_noimageindex":false,"robots_noodp":false,"robots_notranslate":false,"robots_max_snippet":"-1","robots_max_videopreview":"-1","robots_max_imagepreview":"large","priority":null,"frequency":"default","location":null,"local_seo":null,"seo_analyzer_scan_date":"2025-09-01 21:05:37","breadcrumb_settings":null,"limit_modified_date":false,"reviewed_by":null,"open_ai":"{\"title\":{\"suggestions\":[],\"usage\":0},\"description\":{\"suggestions\":[],\"usage\":0}}","ai":null,"created":"2023-06-03 16:43:00","updated":"2025-09-01 21:05:37"},"aioseo_breadcrumb":"<div class=\"aioseo-breadcrumbs\"><span class=\"aioseo-breadcrumb\">\n\t<a href=\"https:\/\/candas365.es\/noticias\" title=\"Home\">Home<\/a>\n<\/span><span class=\"aioseo-breadcrumb-separator\">&ndash;<\/span><span class=\"aioseo-breadcrumb\">\n\t<a href=\"https:\/\/candas365.es\/noticias\/category\/asturias\/\" title=\"Asturias\">Asturias<\/a>\n<\/span><span class=\"aioseo-breadcrumb-separator\">&ndash;<\/span><span class=\"aioseo-breadcrumb\">\n\tXI Encuentro Internacional de Comunidades de Aprendizaje\n<\/span><\/div>","aioseo_breadcrumb_json":[{"label":"Home","link":"https:\/\/candas365.es\/noticias"},{"label":"Asturias","link":"https:\/\/candas365.es\/noticias\/category\/asturias\/"},{"label":"XI Encuentro Internacional de Comunidades de Aprendizaje","link":"https:\/\/candas365.es\/noticias\/xi-encuentro-internacional-de-comunidades-de-aprendizaje\/"}],"_links":{"self":[{"href":"https:\/\/candas365.es\/noticias\/wp-json\/wp\/v2\/posts\/174178","targetHints":{"allow":["GET"]}}],"collection":[{"href":"https:\/\/candas365.es\/noticias\/wp-json\/wp\/v2\/posts"}],"about":[{"href":"https:\/\/candas365.es\/noticias\/wp-json\/wp\/v2\/types\/post"}],"author":[{"embeddable":true,"href":"https:\/\/candas365.es\/noticias\/wp-json\/wp\/v2\/users\/1"}],"replies":[{"embeddable":true,"href":"https:\/\/candas365.es\/noticias\/wp-json\/wp\/v2\/comments?post=174178"}],"version-history":[{"count":0,"href":"https:\/\/candas365.es\/noticias\/wp-json\/wp\/v2\/posts\/174178\/revisions"}],"wp:featuredmedia":[{"embeddable":true,"href":"https:\/\/candas365.es\/noticias\/wp-json\/wp\/v2\/media\/174179"}],"wp:attachment":[{"href":"https:\/\/candas365.es\/noticias\/wp-json\/wp\/v2\/media?parent=174178"}],"wp:term":[{"taxonomy":"category","embeddable":true,"href":"https:\/\/candas365.es\/noticias\/wp-json\/wp\/v2\/categories?post=174178"},{"taxonomy":"post_tag","embeddable":true,"href":"https:\/\/candas365.es\/noticias\/wp-json\/wp\/v2\/tags?post=174178"}],"curies":[{"name":"wp","href":"https:\/\/api.w.org\/{rel}","templated":true}]}}