{"id":174169,"date":"2023-06-03T02:16:20","date_gmt":"2023-06-03T00:16:20","guid":{"rendered":"https:\/\/candas365.es\/noticias\/?p=174169"},"modified":"2023-06-03T02:16:20","modified_gmt":"2023-06-03T00:16:20","slug":"la-pena-furada-de-candas","status":"publish","type":"post","link":"https:\/\/candas365.es\/noticias\/la-pena-furada-de-candas\/","title":{"rendered":"La Pe\u00f1a Furada de Cand\u00e1s"},"content":{"rendered":"<p>En nuestra secci\u00f3n de <a href=\"https:\/\/candas365.es\/noticias\/category\/galeria-365\/\"><span style=\"color: #ff6600;\"><strong>fotos de Cand\u00e1s y Carre\u00f1o<\/strong><\/span><\/a>, os ofrecemos una imagen del pasado 29 de mayo de la costa y playa de Cand\u00e1s, en ella podemos ver la \u00abPe\u00f1a Furada\u00bb uno de los s\u00edmbolos m\u00e1s emblem\u00e1ticos de nuestra villa.<\/p>\n<figure id=\"attachment_174170\" aria-describedby=\"caption-attachment-174170\" style=\"width: 645px\" class=\"wp-caption aligncenter\"><img fetchpriority=\"high\" decoding=\"async\" class=\"wp-image-174170 size-large\" src=\"https:\/\/candas365.es\/noticias\/wp-content\/uploads\/2023\/06\/Pena-Furada-Candas-645x480.jpg\" alt=\"Pe\u00f1a Furada Cand\u00e1s\" width=\"645\" height=\"480\" srcset=\"https:\/\/candas365.es\/noticias\/wp-content\/uploads\/2023\/06\/Pena-Furada-Candas-645x480.jpg 645w, https:\/\/candas365.es\/noticias\/wp-content\/uploads\/2023\/06\/Pena-Furada-Candas-360x268.jpg 360w, https:\/\/candas365.es\/noticias\/wp-content\/uploads\/2023\/06\/Pena-Furada-Candas-768x571.jpg 768w, https:\/\/candas365.es\/noticias\/wp-content\/uploads\/2023\/06\/Pena-Furada-Candas-150x112.jpg 150w, https:\/\/candas365.es\/noticias\/wp-content\/uploads\/2023\/06\/Pena-Furada-Candas-450x335.jpg 450w, https:\/\/candas365.es\/noticias\/wp-content\/uploads\/2023\/06\/Pena-Furada-Candas.jpg 890w\" sizes=\"(max-width: 645px) 100vw, 645px\" \/><figcaption id=\"caption-attachment-174170\" class=\"wp-caption-text\">Foto: Cand\u00e1s 365 \/ N.Berm\u00fadez<\/figcaption><\/figure>\n<p>Recuerda que puedes ver cada d\u00eda en <strong><a href=\"https:\/\/www.facebook.com\/candas365digital\" target=\"_blank\" rel=\"noopener\"><span style=\"color: #ff6600;\">nuestro perfil de Facebook<\/span><\/a><\/strong>, fotos, videos y directos que compartimos con nuestros m\u00e1s de 29.000 seguidores.<\/p>\n","protected":false},"excerpt":{"rendered":"<p>En nuestra secci\u00f3n de fotos de Cand\u00e1s y Carre\u00f1o, os ofrecemos una imagen del pasado 29 de mayo de la costa y playa de Cand\u00e1s, en ella podemos ver la \u00abPe\u00f1a Furada\u00bb uno de los s\u00edmbolos m\u00e1s emblem\u00e1ticos de nuestra villa. Recuerda que puedes ver cada d\u00eda en nuestro perfil de Facebook, fotos, videos y<\/p>\n","protected":false},"author":1,"featured_media":174170,"comment_status":"closed","ping_status":"closed","sticky":false,"template":"","format":"image","meta":{"footnotes":""},"categories":[528],"tags":[366],"class_list":{"0":"post-174169","1":"post","2":"type-post","3":"status-publish","4":"format-image","5":"has-post-thumbnail","7":"category-galeria-365","8":"tag-candas","9":"post_format-post-format-image"},"aioseo_notices":[],"aioseo_head":"\n\t\t<!-- All in One SEO Pro 4.9.6.2 - aioseo.com -->\n\t<meta name=\"description\" content=\"En nuestra secci\u00f3n de fotos de Cand\u00e1s y Carre\u00f1o, os ofrecemos una imagen del pasado 29 de mayo de la costa y playa de Cand\u00e1s, en ella podemos ver la\" \/>\n\t<meta name=\"robots\" content=\"max-image-preview:large\" \/>\n\t<meta name=\"author\" content=\"Cand\u00e1s 365\"\/>\n\t<meta name=\"google-site-verification\" content=\"UA-32230408-1\" \/>\n\t<meta name=\"msvalidate.01\" content=\"354F3CDFB2DA171B47FBE9ABF1F88D5\" \/>\n\t<meta name=\"keywords\" content=\"galer\u00eda 365\" \/>\n\t<link rel=\"canonical\" href=\"https:\/\/candas365.es\/noticias\/la-pena-furada-de-candas\/\" \/>\n\t<meta name=\"generator\" content=\"All in One SEO Pro (AIOSEO) 4.9.6.2\" \/>\n\t\t<meta property=\"og:locale\" content=\"es_ES\" \/>\n\t\t<meta property=\"og:site_name\" content=\"Cand\u00e1s 365\" \/>\n\t\t<meta property=\"og:type\" content=\"article\" \/>\n\t\t<meta property=\"og:title\" content=\"La Pe\u00f1a Furada de Cand\u00e1s | Cand\u00e1s 365\" \/>\n\t\t<meta property=\"og:description\" content=\"En nuestra secci\u00f3n de fotos de Cand\u00e1s y Carre\u00f1o, os ofrecemos una imagen del pasado 29 de mayo de la costa y playa de Cand\u00e1s, en ella podemos ver la\" \/>\n\t\t<meta property=\"og:url\" content=\"https:\/\/candas365.es\/noticias\/la-pena-furada-de-candas\/\" \/>\n\t\t<meta property=\"og:image\" content=\"https:\/\/candas365.es\/noticias\/wp-content\/uploads\/2023\/06\/Pena-Furada-Candas.jpg\" \/>\n\t\t<meta property=\"og:image:secure_url\" content=\"https:\/\/candas365.es\/noticias\/wp-content\/uploads\/2023\/06\/Pena-Furada-Candas.jpg\" \/>\n\t\t<meta property=\"og:image:width\" content=\"890\" \/>\n\t\t<meta property=\"og:image:height\" content=\"662\" \/>\n\t\t<meta property=\"article:published_time\" content=\"2023-06-03T00:16:20+00:00\" \/>\n\t\t<meta property=\"article:modified_time\" content=\"2023-06-03T00:16:20+00:00\" \/>\n\t\t<meta property=\"article:publisher\" content=\"https:\/\/www.facebook.com\/Nachofdezber\" \/>\n\t\t<meta property=\"article:author\" content=\"https:\/\/www.facebook.com\/carrenoactualidad\" \/>\n\t\t<meta name=\"twitter:card\" content=\"summary_large_image\" \/>\n\t\t<meta name=\"twitter:site\" content=\"@NabercoDigital\" \/>\n\t\t<meta name=\"twitter:title\" content=\"La Pe\u00f1a Furada de Cand\u00e1s | Cand\u00e1s 365\" \/>\n\t\t<meta name=\"twitter:description\" content=\"En nuestra secci\u00f3n de fotos de Cand\u00e1s y Carre\u00f1o, os ofrecemos una imagen del pasado 29 de mayo de la costa y playa de Cand\u00e1s, en ella podemos ver la\" \/>\n\t\t<meta name=\"twitter:creator\" content=\"@nbasturias\" \/>\n\t\t<meta name=\"twitter:image\" content=\"https:\/\/candas365.es\/noticias\/wp-content\/uploads\/2023\/06\/Pena-Furada-Candas.jpg\" \/>\n\t\t<meta name=\"twitter:label1\" content=\"Escrito por\" \/>\n\t\t<meta name=\"twitter:data1\" content=\"Cand\u00e1s 365\" \/>\n\t\t<script type=\"application\/ld+json\" class=\"aioseo-schema\">\n\t\t\t{\"@context\":\"https:\\\/\\\/schema.org\",\"@graph\":[{\"@type\":\"BreadcrumbList\",\"@id\":\"https:\\\/\\\/candas365.es\\\/noticias\\\/la-pena-furada-de-candas\\\/#breadcrumblist\",\"itemListElement\":[{\"@type\":\"ListItem\",\"@id\":\"https:\\\/\\\/candas365.es\\\/noticias#listItem\",\"position\":1,\"name\":\"Home\",\"item\":\"https:\\\/\\\/candas365.es\\\/noticias\",\"nextItem\":{\"@type\":\"ListItem\",\"@id\":\"https:\\\/\\\/candas365.es\\\/noticias\\\/category\\\/galeria-365\\\/#listItem\",\"name\":\"Galer\\u00eda 365\"}},{\"@type\":\"ListItem\",\"@id\":\"https:\\\/\\\/candas365.es\\\/noticias\\\/category\\\/galeria-365\\\/#listItem\",\"position\":2,\"name\":\"Galer\\u00eda 365\",\"item\":\"https:\\\/\\\/candas365.es\\\/noticias\\\/category\\\/galeria-365\\\/\",\"nextItem\":{\"@type\":\"ListItem\",\"@id\":\"https:\\\/\\\/candas365.es\\\/noticias\\\/la-pena-furada-de-candas\\\/#listItem\",\"name\":\"La Pe\\u00f1a Furada de Cand\\u00e1s\"},\"previousItem\":{\"@type\":\"ListItem\",\"@id\":\"https:\\\/\\\/candas365.es\\\/noticias#listItem\",\"name\":\"Home\"}},{\"@type\":\"ListItem\",\"@id\":\"https:\\\/\\\/candas365.es\\\/noticias\\\/la-pena-furada-de-candas\\\/#listItem\",\"position\":3,\"name\":\"La Pe\\u00f1a Furada de Cand\\u00e1s\",\"previousItem\":{\"@type\":\"ListItem\",\"@id\":\"https:\\\/\\\/candas365.es\\\/noticias\\\/category\\\/galeria-365\\\/#listItem\",\"name\":\"Galer\\u00eda 365\"}}]},{\"@type\":\"NewsArticle\",\"@id\":\"https:\\\/\\\/candas365.es\\\/noticias\\\/la-pena-furada-de-candas\\\/#newsarticle\",\"name\":\"La Pe\\u00f1a Furada de Cand\\u00e1s | Cand\\u00e1s 365\",\"headline\":\"La Pe\\u00f1a Furada de Cand\\u00e1s\",\"author\":{\"@id\":\"https:\\\/\\\/candas365.es\\\/noticias\\\/author\\\/admin\\\/#author\"},\"publisher\":{\"@id\":\"https:\\\/\\\/candas365.es\\\/noticias\\\/#organization\"},\"image\":{\"@type\":\"ImageObject\",\"url\":\"https:\\\/\\\/candas365.es\\\/noticias\\\/wp-content\\\/uploads\\\/2023\\\/06\\\/Pena-Furada-Candas.jpg\",\"width\":890,\"height\":662,\"caption\":\"Foto: Cand\\u00e1s 365 \\\/ N.Berm\\u00fadez\"},\"datePublished\":\"2023-06-03T02:16:20+02:00\",\"dateModified\":\"2023-06-03T02:16:20+02:00\",\"inLanguage\":\"es-ES\",\"mainEntityOfPage\":{\"@id\":\"https:\\\/\\\/candas365.es\\\/noticias\\\/la-pena-furada-de-candas\\\/#webpage\"},\"isPartOf\":{\"@id\":\"https:\\\/\\\/candas365.es\\\/noticias\\\/la-pena-furada-de-candas\\\/#webpage\"},\"articleSection\":\"Galer\\u00eda 365, Cand\\u00e1s, Imagen\",\"dateline\":\"Publicado el junio 3, 2023.\"},{\"@type\":\"Organization\",\"@id\":\"https:\\\/\\\/candas365.es\\\/noticias\\\/#organization\",\"name\":\"Cand\\u00e1s 365\",\"description\":\"Cand\\u00e1s 365 es un diario digital independiente, fundado en 2012, con base en Asturias. Informamos con rigor sobre actualidad, sociedad, cultura y ocio, con una mirada local y global.\",\"url\":\"https:\\\/\\\/candas365.es\\\/noticias\\\/\",\"email\":\"info@candas365.es\",\"telephone\":\"+34652131393\",\"foundingDate\":\"2012-06-10\",\"logo\":{\"@type\":\"ImageObject\",\"url\":\"https:\\\/\\\/candas365.es\\\/noticias\\\/wp-content\\\/uploads\\\/2024\\\/09\\\/Candas-365-Redes.jpg\",\"@id\":\"https:\\\/\\\/candas365.es\\\/noticias\\\/la-pena-furada-de-candas\\\/#organizationLogo\",\"width\":1152,\"height\":864,\"caption\":\"Cand\\u00e1s 365 Redes\"},\"image\":{\"@id\":\"https:\\\/\\\/candas365.es\\\/noticias\\\/la-pena-furada-de-candas\\\/#organizationLogo\"},\"sameAs\":[\"https:\\\/\\\/www.facebook.com\\\/Nachofdezber\",\"https:\\\/\\\/x.com\\\/NabercoDigital\",\"https:\\\/\\\/www.instagram.com\\\/nachofdezber\\\/\",\"https:\\\/\\\/www.youtube.com\\\/channel\\\/UCZP-2wLEB9Rv6erhFmqVnvg\"],\"address\":{\"@id\":\"https:\\\/\\\/candas365.es\\\/noticias\\\/#postaladdress\",\"@type\":\"PostalAddress\",\"streetAddress\":\"san antonio 4, san antonio 4\",\"postalCode\":\"33430\",\"addressLocality\":\"Cand\\u00e1s\",\"addressRegion\":\"Asturias\",\"addressCountry\":\"ES\"}},{\"@type\":\"Person\",\"@id\":\"https:\\\/\\\/candas365.es\\\/noticias\\\/author\\\/admin\\\/#author\",\"url\":\"https:\\\/\\\/candas365.es\\\/noticias\\\/author\\\/admin\\\/\",\"name\":\"Cand\\u00e1s 365\",\"image\":{\"@type\":\"ImageObject\",\"@id\":\"https:\\\/\\\/candas365.es\\\/noticias\\\/la-pena-furada-de-candas\\\/#authorImage\",\"url\":\"https:\\\/\\\/secure.gravatar.com\\\/avatar\\\/496a8e03d0c493ede1718b7934145dbdf8d89be1036b0eec9544e1094c9de390?s=96&d=mm&r=g\",\"width\":96,\"height\":96,\"caption\":\"Cand\\u00e1s 365\"},\"sameAs\":[\"https:\\\/\\\/www.facebook.com\\\/carrenoactualidad\",\"https:\\\/\\\/twitter.com\\\/nbasturias\",\"https:\\\/\\\/www.instagram.com\\\/nachofdezber\\\/\",\"https:\\\/\\\/www.youtube.com\\\/channel\\\/UCZP-2wLEB9Rv6erhFmqVnvg\"]},{\"@type\":\"WebPage\",\"@id\":\"https:\\\/\\\/candas365.es\\\/noticias\\\/la-pena-furada-de-candas\\\/#webpage\",\"url\":\"https:\\\/\\\/candas365.es\\\/noticias\\\/la-pena-furada-de-candas\\\/\",\"name\":\"La Pe\\u00f1a Furada de Cand\\u00e1s | Cand\\u00e1s 365\",\"description\":\"En nuestra secci\\u00f3n de fotos de Cand\\u00e1s y Carre\\u00f1o, os ofrecemos una imagen del pasado 29 de mayo de la costa y playa de Cand\\u00e1s, en ella podemos ver la\",\"inLanguage\":\"es-ES\",\"isPartOf\":{\"@id\":\"https:\\\/\\\/candas365.es\\\/noticias\\\/#website\"},\"breadcrumb\":{\"@id\":\"https:\\\/\\\/candas365.es\\\/noticias\\\/la-pena-furada-de-candas\\\/#breadcrumblist\"},\"author\":{\"@id\":\"https:\\\/\\\/candas365.es\\\/noticias\\\/author\\\/admin\\\/#author\"},\"creator\":{\"@id\":\"https:\\\/\\\/candas365.es\\\/noticias\\\/author\\\/admin\\\/#author\"},\"image\":{\"@type\":\"ImageObject\",\"url\":\"https:\\\/\\\/candas365.es\\\/noticias\\\/wp-content\\\/uploads\\\/2023\\\/06\\\/Pena-Furada-Candas.jpg\",\"@id\":\"https:\\\/\\\/candas365.es\\\/noticias\\\/la-pena-furada-de-candas\\\/#mainImage\",\"width\":890,\"height\":662,\"caption\":\"Foto: Cand\\u00e1s 365 \\\/ N.Berm\\u00fadez\"},\"primaryImageOfPage\":{\"@id\":\"https:\\\/\\\/candas365.es\\\/noticias\\\/la-pena-furada-de-candas\\\/#mainImage\"},\"datePublished\":\"2023-06-03T02:16:20+02:00\",\"dateModified\":\"2023-06-03T02:16:20+02:00\"},{\"@type\":\"WebSite\",\"@id\":\"https:\\\/\\\/candas365.es\\\/noticias\\\/#website\",\"url\":\"https:\\\/\\\/candas365.es\\\/noticias\\\/\",\"name\":\"Cand\\u00e1s 365\",\"alternateName\":\"Cand\\u00e1s 365 Noticias\",\"description\":\"Actualidad desde Carre\\u00f1o para el mundo\",\"inLanguage\":\"es-ES\",\"publisher\":{\"@id\":\"https:\\\/\\\/candas365.es\\\/noticias\\\/#organization\"}}]}\n\t\t<\/script>\n\t\t<!-- All in One SEO Pro -->\r\n\t\t<title>La Pe\u00f1a Furada de Cand\u00e1s | Cand\u00e1s 365<\/title>\n\n","aioseo_head_json":{"title":"La Pe\u00f1a Furada de Cand\u00e1s | Cand\u00e1s 365","description":"En nuestra secci\u00f3n de fotos de Cand\u00e1s y Carre\u00f1o, os ofrecemos una imagen del pasado 29 de mayo de la costa y playa de Cand\u00e1s, en ella podemos ver la","canonical_url":"https:\/\/candas365.es\/noticias\/la-pena-furada-de-candas\/","robots":"max-image-preview:large","keywords":"galer\u00eda 365","webmasterTools":{"google-site-verification":"UA-32230408-1","msvalidate.01":"354F3CDFB2DA171B47FBE9ABF1F88D5","miscellaneous":""},"schema":{"@context":"https:\/\/schema.org","@graph":[{"@type":"BreadcrumbList","@id":"https:\/\/candas365.es\/noticias\/la-pena-furada-de-candas\/#breadcrumblist","itemListElement":[{"@type":"ListItem","@id":"https:\/\/candas365.es\/noticias#listItem","position":1,"name":"Home","item":"https:\/\/candas365.es\/noticias","nextItem":{"@type":"ListItem","@id":"https:\/\/candas365.es\/noticias\/category\/galeria-365\/#listItem","name":"Galer\u00eda 365"}},{"@type":"ListItem","@id":"https:\/\/candas365.es\/noticias\/category\/galeria-365\/#listItem","position":2,"name":"Galer\u00eda 365","item":"https:\/\/candas365.es\/noticias\/category\/galeria-365\/","nextItem":{"@type":"ListItem","@id":"https:\/\/candas365.es\/noticias\/la-pena-furada-de-candas\/#listItem","name":"La Pe\u00f1a Furada de Cand\u00e1s"},"previousItem":{"@type":"ListItem","@id":"https:\/\/candas365.es\/noticias#listItem","name":"Home"}},{"@type":"ListItem","@id":"https:\/\/candas365.es\/noticias\/la-pena-furada-de-candas\/#listItem","position":3,"name":"La Pe\u00f1a Furada de Cand\u00e1s","previousItem":{"@type":"ListItem","@id":"https:\/\/candas365.es\/noticias\/category\/galeria-365\/#listItem","name":"Galer\u00eda 365"}}]},{"@type":"NewsArticle","@id":"https:\/\/candas365.es\/noticias\/la-pena-furada-de-candas\/#newsarticle","name":"La Pe\u00f1a Furada de Cand\u00e1s | Cand\u00e1s 365","headline":"La Pe\u00f1a Furada de Cand\u00e1s","author":{"@id":"https:\/\/candas365.es\/noticias\/author\/admin\/#author"},"publisher":{"@id":"https:\/\/candas365.es\/noticias\/#organization"},"image":{"@type":"ImageObject","url":"https:\/\/candas365.es\/noticias\/wp-content\/uploads\/2023\/06\/Pena-Furada-Candas.jpg","width":890,"height":662,"caption":"Foto: Cand\u00e1s 365 \/ N.Berm\u00fadez"},"datePublished":"2023-06-03T02:16:20+02:00","dateModified":"2023-06-03T02:16:20+02:00","inLanguage":"es-ES","mainEntityOfPage":{"@id":"https:\/\/candas365.es\/noticias\/la-pena-furada-de-candas\/#webpage"},"isPartOf":{"@id":"https:\/\/candas365.es\/noticias\/la-pena-furada-de-candas\/#webpage"},"articleSection":"Galer\u00eda 365, Cand\u00e1s, Imagen","dateline":"Publicado el junio 3, 2023."},{"@type":"Organization","@id":"https:\/\/candas365.es\/noticias\/#organization","name":"Cand\u00e1s 365","description":"Cand\u00e1s 365 es un diario digital independiente, fundado en 2012, con base en Asturias. Informamos con rigor sobre actualidad, sociedad, cultura y ocio, con una mirada local y global.","url":"https:\/\/candas365.es\/noticias\/","email":"info@candas365.es","telephone":"+34652131393","foundingDate":"2012-06-10","logo":{"@type":"ImageObject","url":"https:\/\/candas365.es\/noticias\/wp-content\/uploads\/2024\/09\/Candas-365-Redes.jpg","@id":"https:\/\/candas365.es\/noticias\/la-pena-furada-de-candas\/#organizationLogo","width":1152,"height":864,"caption":"Cand\u00e1s 365 Redes"},"image":{"@id":"https:\/\/candas365.es\/noticias\/la-pena-furada-de-candas\/#organizationLogo"},"sameAs":["https:\/\/www.facebook.com\/Nachofdezber","https:\/\/x.com\/NabercoDigital","https:\/\/www.instagram.com\/nachofdezber\/","https:\/\/www.youtube.com\/channel\/UCZP-2wLEB9Rv6erhFmqVnvg"],"address":{"@id":"https:\/\/candas365.es\/noticias\/#postaladdress","@type":"PostalAddress","streetAddress":"san antonio 4, san antonio 4","postalCode":"33430","addressLocality":"Cand\u00e1s","addressRegion":"Asturias","addressCountry":"ES"}},{"@type":"Person","@id":"https:\/\/candas365.es\/noticias\/author\/admin\/#author","url":"https:\/\/candas365.es\/noticias\/author\/admin\/","name":"Cand\u00e1s 365","image":{"@type":"ImageObject","@id":"https:\/\/candas365.es\/noticias\/la-pena-furada-de-candas\/#authorImage","url":"https:\/\/secure.gravatar.com\/avatar\/496a8e03d0c493ede1718b7934145dbdf8d89be1036b0eec9544e1094c9de390?s=96&d=mm&r=g","width":96,"height":96,"caption":"Cand\u00e1s 365"},"sameAs":["https:\/\/www.facebook.com\/carrenoactualidad","https:\/\/twitter.com\/nbasturias","https:\/\/www.instagram.com\/nachofdezber\/","https:\/\/www.youtube.com\/channel\/UCZP-2wLEB9Rv6erhFmqVnvg"]},{"@type":"WebPage","@id":"https:\/\/candas365.es\/noticias\/la-pena-furada-de-candas\/#webpage","url":"https:\/\/candas365.es\/noticias\/la-pena-furada-de-candas\/","name":"La Pe\u00f1a Furada de Cand\u00e1s | Cand\u00e1s 365","description":"En nuestra secci\u00f3n de fotos de Cand\u00e1s y Carre\u00f1o, os ofrecemos una imagen del pasado 29 de mayo de la costa y playa de Cand\u00e1s, en ella podemos ver la","inLanguage":"es-ES","isPartOf":{"@id":"https:\/\/candas365.es\/noticias\/#website"},"breadcrumb":{"@id":"https:\/\/candas365.es\/noticias\/la-pena-furada-de-candas\/#breadcrumblist"},"author":{"@id":"https:\/\/candas365.es\/noticias\/author\/admin\/#author"},"creator":{"@id":"https:\/\/candas365.es\/noticias\/author\/admin\/#author"},"image":{"@type":"ImageObject","url":"https:\/\/candas365.es\/noticias\/wp-content\/uploads\/2023\/06\/Pena-Furada-Candas.jpg","@id":"https:\/\/candas365.es\/noticias\/la-pena-furada-de-candas\/#mainImage","width":890,"height":662,"caption":"Foto: Cand\u00e1s 365 \/ N.Berm\u00fadez"},"primaryImageOfPage":{"@id":"https:\/\/candas365.es\/noticias\/la-pena-furada-de-candas\/#mainImage"},"datePublished":"2023-06-03T02:16:20+02:00","dateModified":"2023-06-03T02:16:20+02:00"},{"@type":"WebSite","@id":"https:\/\/candas365.es\/noticias\/#website","url":"https:\/\/candas365.es\/noticias\/","name":"Cand\u00e1s 365","alternateName":"Cand\u00e1s 365 Noticias","description":"Actualidad desde Carre\u00f1o para el mundo","inLanguage":"es-ES","publisher":{"@id":"https:\/\/candas365.es\/noticias\/#organization"}}]},"og:locale":"es_ES","og:site_name":"Cand\u00e1s 365","og:type":"article","og:title":"La Pe\u00f1a Furada de Cand\u00e1s | Cand\u00e1s 365","og:description":"En nuestra secci\u00f3n de fotos de Cand\u00e1s y Carre\u00f1o, os ofrecemos una imagen del pasado 29 de mayo de la costa y playa de Cand\u00e1s, en ella podemos ver la","og:url":"https:\/\/candas365.es\/noticias\/la-pena-furada-de-candas\/","og:image":"https:\/\/candas365.es\/noticias\/wp-content\/uploads\/2023\/06\/Pena-Furada-Candas.jpg","og:image:secure_url":"https:\/\/candas365.es\/noticias\/wp-content\/uploads\/2023\/06\/Pena-Furada-Candas.jpg","og:image:width":890,"og:image:height":662,"article:published_time":"2023-06-03T00:16:20+00:00","article:modified_time":"2023-06-03T00:16:20+00:00","article:publisher":"https:\/\/www.facebook.com\/Nachofdezber","article:author":"https:\/\/www.facebook.com\/carrenoactualidad","twitter:card":"summary_large_image","twitter:site":"@NabercoDigital","twitter:title":"La Pe\u00f1a Furada de Cand\u00e1s | Cand\u00e1s 365","twitter:description":"En nuestra secci\u00f3n de fotos de Cand\u00e1s y Carre\u00f1o, os ofrecemos una imagen del pasado 29 de mayo de la costa y playa de Cand\u00e1s, en ella podemos ver la","twitter:creator":"@nbasturias","twitter:image":"https:\/\/candas365.es\/noticias\/wp-content\/uploads\/2023\/06\/Pena-Furada-Candas.jpg","twitter:label1":"Escrito por","twitter:data1":"Cand\u00e1s 365"},"aioseo_meta_data":{"post_id":"174169","title":null,"description":"En nuestra secci\u00f3n de fotos de Cand\u00e1s y Carre\u00f1o, os ofrecemos una imagen del pasado 29 de mayo de la costa y playa de Cand\u00e1s, en ella podemos ver la","keywords":[],"keyphrases":{"focus":{"keyphrase":"Cand\u00e1s","score":100,"analysis":{"keyphraseInTitle":{"score":9,"maxScore":9,"error":0},"keyphraseInDescription":{"score":9,"maxScore":9,"error":0},"keyphraseLength":{"score":9,"maxScore":9,"error":0,"length":1},"keyphraseInURL":{"score":5,"maxScore":5,"error":0},"keyphraseInIntroduction":{"score":9,"maxScore":9,"error":0},"keyphraseInSubHeadings":[],"keyphraseInImageAlt":{"score":9,"maxScore":9,"error":0}}},"additional":[{"keyphrase":"de Cand\u00e1s","score":83,"analysis":{"keyphraseInDescription":{"score":9,"maxScore":9,"error":0},"keyphraseLength":{"score":9,"maxScore":9,"error":0,"length":2},"keyphraseInIntroduction":{"score":9,"maxScore":9,"error":0},"keyphraseInImageAlt":{"score":3,"maxScore":9,"error":1}}},{"keyphrase":"Cand\u00e1s","score":100,"analysis":{"keyphraseInDescription":{"score":9,"maxScore":9,"error":0},"keyphraseLength":{"score":9,"maxScore":9,"error":0,"length":1},"keyphraseInIntroduction":{"score":9,"maxScore":9,"error":0},"keyphraseInImageAlt":{"score":9,"maxScore":9,"error":0}}}]},"primary_term":null,"canonical_url":null,"og_title":null,"og_description":null,"og_object_type":"default","og_image_type":"default","og_image_url":null,"og_image_width":null,"og_image_height":null,"og_image_custom_url":null,"og_image_custom_fields":null,"og_video":"","og_custom_url":null,"og_article_section":null,"og_article_tags":[],"twitter_use_og":false,"twitter_card":"default","twitter_image_type":"default","twitter_image_url":null,"twitter_image_custom_url":null,"twitter_image_custom_fields":null,"twitter_title":null,"twitter_description":null,"schema":{"blockGraphs":[],"customGraphs":[],"default":{"data":{"Article":[],"Course":[],"Dataset":[],"FAQPage":[],"Movie":[],"Person":[],"Product":[],"ProductReview":[],"Car":[],"Recipe":[],"Service":[],"SoftwareApplication":[],"WebPage":[]},"graphName":"","isEnabled":true},"graphs":[]},"schema_type":"default","schema_type_options":null,"pillar_content":false,"robots_default":true,"robots_noindex":false,"robots_noarchive":false,"robots_nosnippet":false,"robots_nofollow":false,"robots_noimageindex":false,"robots_noodp":false,"robots_notranslate":false,"robots_max_snippet":"-1","robots_max_videopreview":"-1","robots_max_imagepreview":"large","priority":null,"frequency":"default","location":null,"local_seo":null,"seo_analyzer_scan_date":"2025-09-01 21:05:32","breadcrumb_settings":null,"limit_modified_date":false,"reviewed_by":null,"open_ai":"{\"title\":{\"suggestions\":[],\"usage\":0},\"description\":{\"suggestions\":[],\"usage\":0}}","ai":null,"created":"2023-06-03 00:12:01","updated":"2025-09-01 21:05:32"},"aioseo_breadcrumb":"<div class=\"aioseo-breadcrumbs\"><span class=\"aioseo-breadcrumb\">\n\t<a href=\"https:\/\/candas365.es\/noticias\" title=\"Home\">Home<\/a>\n<\/span><span class=\"aioseo-breadcrumb-separator\">&ndash;<\/span><span class=\"aioseo-breadcrumb\">\n\t<a href=\"https:\/\/candas365.es\/noticias\/category\/galeria-365\/\" title=\"Galer\u00eda 365\">Galer\u00eda 365<\/a>\n<\/span><span class=\"aioseo-breadcrumb-separator\">&ndash;<\/span><span class=\"aioseo-breadcrumb\">\n\tLa Pe\u00f1a Furada de Cand\u00e1s\n<\/span><\/div>","aioseo_breadcrumb_json":[{"label":"Home","link":"https:\/\/candas365.es\/noticias"},{"label":"Galer\u00eda 365","link":"https:\/\/candas365.es\/noticias\/category\/galeria-365\/"},{"label":"La Pe\u00f1a Furada de Cand\u00e1s","link":"https:\/\/candas365.es\/noticias\/la-pena-furada-de-candas\/"}],"_links":{"self":[{"href":"https:\/\/candas365.es\/noticias\/wp-json\/wp\/v2\/posts\/174169","targetHints":{"allow":["GET"]}}],"collection":[{"href":"https:\/\/candas365.es\/noticias\/wp-json\/wp\/v2\/posts"}],"about":[{"href":"https:\/\/candas365.es\/noticias\/wp-json\/wp\/v2\/types\/post"}],"author":[{"embeddable":true,"href":"https:\/\/candas365.es\/noticias\/wp-json\/wp\/v2\/users\/1"}],"replies":[{"embeddable":true,"href":"https:\/\/candas365.es\/noticias\/wp-json\/wp\/v2\/comments?post=174169"}],"version-history":[{"count":0,"href":"https:\/\/candas365.es\/noticias\/wp-json\/wp\/v2\/posts\/174169\/revisions"}],"wp:featuredmedia":[{"embeddable":true,"href":"https:\/\/candas365.es\/noticias\/wp-json\/wp\/v2\/media\/174170"}],"wp:attachment":[{"href":"https:\/\/candas365.es\/noticias\/wp-json\/wp\/v2\/media?parent=174169"}],"wp:term":[{"taxonomy":"category","embeddable":true,"href":"https:\/\/candas365.es\/noticias\/wp-json\/wp\/v2\/categories?post=174169"},{"taxonomy":"post_tag","embeddable":true,"href":"https:\/\/candas365.es\/noticias\/wp-json\/wp\/v2\/tags?post=174169"}],"curies":[{"name":"wp","href":"https:\/\/api.w.org\/{rel}","templated":true}]}}