{"id":174147,"date":"2023-06-02T11:28:48","date_gmt":"2023-06-02T09:28:48","guid":{"rendered":"https:\/\/candas365.es\/noticias\/?p=174147"},"modified":"2023-06-02T11:28:48","modified_gmt":"2023-06-02T09:28:48","slug":"asturias-cerro-mayo-de-2023-con-58-489-personas-desempleadas","status":"publish","type":"post","link":"https:\/\/candas365.es\/noticias\/asturias-cerro-mayo-de-2023-con-58-489-personas-desempleadas\/","title":{"rendered":"Asturias cerr\u00f3 mayo de 2023 con 58.489 personas desempleadas"},"content":{"rendered":"<p>El Principado de <a href=\"https:\/\/candas365.es\/noticias\/category\/asturias\/\"><span style=\"color: #ff6600;\"><strong>Asturias<\/strong><\/span><\/a> cerr\u00f3 el mes de mayo 2023 con<strong> menos de 59.000 personas desempleadas<\/strong>, la cifra m\u00e1s reducida de los \u00faltimos 15 a\u00f1os para este mes. A<strong>dem\u00e1s, el Principado no bajaba de los 60.000 parados desde julio de 2022.<\/strong><\/p>\n<p><img fetchpriority=\"high\" decoding=\"async\" class=\"aligncenter wp-image-174148 size-full\" src=\"https:\/\/candas365.es\/noticias\/wp-content\/uploads\/2023\/06\/personas.jpg\" alt=\"personas\" width=\"640\" height=\"424\" srcset=\"https:\/\/candas365.es\/noticias\/wp-content\/uploads\/2023\/06\/personas.jpg 640w, https:\/\/candas365.es\/noticias\/wp-content\/uploads\/2023\/06\/personas-360x239.jpg 360w, https:\/\/candas365.es\/noticias\/wp-content\/uploads\/2023\/06\/personas-150x99.jpg 150w, https:\/\/candas365.es\/noticias\/wp-content\/uploads\/2023\/06\/personas-450x298.jpg 450w\" sizes=\"(max-width: 640px) 100vw, 640px\" \/><\/p>\n<p><strong>El empleo repunta con fuerza en la comunidad justo antes del inicio de la temporada de verano,<\/strong> que es el per\u00edodo en el que tradicionalmente se registran los niveles de paro m\u00e1s bajos del a\u00f1o.<strong> El mes pasado el desempleo se redujo en 1.860 personas (3,08%), muy por encima de la media nacional, del 1,77%, y finaliz\u00f3 con 58.489 personas desocupadas.<\/strong><\/p>\n<p>El descenso se produjo en ambos sexos, m\u00e1s entre las mujeres que entre los hombres; en todos los tramos de edad y en todos los sectores de actividad, especialmente en la industria y la construcci\u00f3n, con reducciones muy por encima de la media regional.<\/p>\n<p>En t\u00e9rminos interanuales, la evoluci\u00f3n tambi\u00e9n es favorable. El Principado registra en estos momentos 3.935 personas en paro menos que hace un a\u00f1o, lo que implica una disminuci\u00f3n del 6,30%. <strong>Adem\u00e1s, la comunidad encadena 26 meses de ca\u00edda interanual del desempleo<\/strong>.<\/p>\n<p>El paro desciende al tiempo que crece de manera significativa el empleo, seg\u00fan los datos oficiales de la Seguridad Social. <strong>En mayo, el n\u00famero de personas afiliadas aument\u00f3 en 2.178 (0,58%), hasta las 377.992. En la comparaci\u00f3n interanual, en estos momentos trabajan en Asturias 4.743 personas m\u00e1s que hace un a\u00f1o.<\/strong><\/p>\n<p>La evoluci\u00f3n positiva del <a href=\"https:\/\/www.eldigitaldeasturias.com\/noticias\/category\/negocios-y-empresas\/\" target=\"_blank\" rel=\"noopener\"><strong><span style=\"color: #ff6600;\">mercado laboral<\/span>,<\/strong><\/a> reflejada en la bajada del paro y el aumento de la ocupaci\u00f3n, se justifica en buena medida por el fuerte repunte de la contrataci\u00f3n, <strong>que creci\u00f3 el 14,30% el mes pasado, con 20.608 nuevos contratos, 2.579 m\u00e1s que los registrados en abril.<\/strong><\/p>\n<p><strong>Destaca especialmente el aumento del 9,09% en los contratos indefinidos<\/strong>, hasta un total de 6.962. Desde enero, se han suscrito 32.287 contratos indefinidos, lo que supone que uno de cada tres puestos de trabajo que se crean en Asturias tiene car\u00e1cter estable.<\/p>\n","protected":false},"excerpt":{"rendered":"<p>El Principado de Asturias cerr\u00f3 el mes de mayo 2023 con menos de 59.000 personas desempleadas, la cifra m\u00e1s reducida de los \u00faltimos 15 a\u00f1os para este mes. Adem\u00e1s, el Principado no bajaba de los 60.000 parados desde julio de 2022. El empleo repunta con fuerza en la comunidad justo antes del inicio de la<\/p>\n","protected":false},"author":1,"featured_media":174148,"comment_status":"closed","ping_status":"closed","sticky":false,"template":"","format":"standard","meta":{"footnotes":""},"categories":[7,316],"tags":[380,382],"class_list":{"0":"post-174147","1":"post","2":"type-post","3":"status-publish","4":"format-standard","5":"has-post-thumbnail","7":"category-asturias","8":"category-destacadas","9":"tag-asturias","10":"tag-empleo"},"aioseo_notices":[],"aioseo_head":"\n\t\t<!-- All in One SEO Pro 4.9.6.2 - aioseo.com -->\n\t<meta name=\"description\" content=\"El Principado de Asturias cerr\u00f3 el mes de mayo 2023 con menos de 59.000 personas desempleadas, la cifra m\u00e1s reducida de los \u00faltimos 15 a\u00f1os para este mes\" \/>\n\t<meta name=\"robots\" content=\"max-image-preview:large\" \/>\n\t<meta name=\"author\" content=\"Cand\u00e1s 365\"\/>\n\t<meta name=\"google-site-verification\" content=\"UA-32230408-1\" \/>\n\t<meta name=\"msvalidate.01\" content=\"354F3CDFB2DA171B47FBE9ABF1F88D5\" \/>\n\t<meta name=\"keywords\" content=\"asturias,destacadas\" \/>\n\t<link rel=\"canonical\" href=\"https:\/\/candas365.es\/noticias\/asturias-cerro-mayo-de-2023-con-58-489-personas-desempleadas\/\" \/>\n\t<meta name=\"generator\" content=\"All in One SEO Pro (AIOSEO) 4.9.6.2\" \/>\n\t\t<meta property=\"og:locale\" content=\"es_ES\" \/>\n\t\t<meta property=\"og:site_name\" content=\"Cand\u00e1s 365\" \/>\n\t\t<meta property=\"og:type\" content=\"article\" \/>\n\t\t<meta property=\"og:title\" content=\"Asturias cerr\u00f3 mayo de 2023 con 58.489 personas desempleadas | Cand\u00e1s 365\" \/>\n\t\t<meta property=\"og:description\" content=\"El Principado de Asturias cerr\u00f3 el mes de mayo 2023 con menos de 59.000 personas desempleadas, la cifra m\u00e1s reducida de los \u00faltimos 15 a\u00f1os para este mes\" \/>\n\t\t<meta property=\"og:url\" content=\"https:\/\/candas365.es\/noticias\/asturias-cerro-mayo-de-2023-con-58-489-personas-desempleadas\/\" \/>\n\t\t<meta property=\"og:image\" content=\"https:\/\/candas365.es\/noticias\/wp-content\/uploads\/2023\/06\/personas.jpg\" \/>\n\t\t<meta property=\"og:image:secure_url\" content=\"https:\/\/candas365.es\/noticias\/wp-content\/uploads\/2023\/06\/personas.jpg\" \/>\n\t\t<meta property=\"og:image:width\" content=\"640\" \/>\n\t\t<meta property=\"og:image:height\" content=\"424\" \/>\n\t\t<meta property=\"article:published_time\" content=\"2023-06-02T09:28:48+00:00\" \/>\n\t\t<meta property=\"article:modified_time\" content=\"2023-06-02T09:28:48+00:00\" \/>\n\t\t<meta property=\"article:publisher\" content=\"https:\/\/www.facebook.com\/Nachofdezber\" \/>\n\t\t<meta property=\"article:author\" content=\"https:\/\/www.facebook.com\/carrenoactualidad\" \/>\n\t\t<meta name=\"twitter:card\" content=\"summary_large_image\" \/>\n\t\t<meta name=\"twitter:site\" content=\"@NabercoDigital\" \/>\n\t\t<meta name=\"twitter:title\" content=\"Asturias cerr\u00f3 mayo de 2023 con 58.489 personas desempleadas | Cand\u00e1s 365\" \/>\n\t\t<meta name=\"twitter:description\" content=\"El Principado de Asturias cerr\u00f3 el mes de mayo 2023 con menos de 59.000 personas desempleadas, la cifra m\u00e1s reducida de los \u00faltimos 15 a\u00f1os para este mes\" \/>\n\t\t<meta name=\"twitter:creator\" content=\"@nbasturias\" \/>\n\t\t<meta name=\"twitter:image\" content=\"https:\/\/candas365.es\/noticias\/wp-content\/uploads\/2023\/06\/personas.jpg\" \/>\n\t\t<meta name=\"twitter:label1\" content=\"Escrito por\" \/>\n\t\t<meta name=\"twitter:data1\" content=\"Cand\u00e1s 365\" \/>\n\t\t<meta name=\"twitter:label2\" content=\"Tiempo de lectura estimado\" \/>\n\t\t<meta name=\"twitter:data2\" content=\"2 minutos\" \/>\n\t\t<script type=\"application\/ld+json\" class=\"aioseo-schema\">\n\t\t\t{\"@context\":\"https:\\\/\\\/schema.org\",\"@graph\":[{\"@type\":\"BreadcrumbList\",\"@id\":\"https:\\\/\\\/candas365.es\\\/noticias\\\/asturias-cerro-mayo-de-2023-con-58-489-personas-desempleadas\\\/#breadcrumblist\",\"itemListElement\":[{\"@type\":\"ListItem\",\"@id\":\"https:\\\/\\\/candas365.es\\\/noticias#listItem\",\"position\":1,\"name\":\"Home\",\"item\":\"https:\\\/\\\/candas365.es\\\/noticias\",\"nextItem\":{\"@type\":\"ListItem\",\"@id\":\"https:\\\/\\\/candas365.es\\\/noticias\\\/category\\\/asturias\\\/#listItem\",\"name\":\"Asturias\"}},{\"@type\":\"ListItem\",\"@id\":\"https:\\\/\\\/candas365.es\\\/noticias\\\/category\\\/asturias\\\/#listItem\",\"position\":2,\"name\":\"Asturias\",\"item\":\"https:\\\/\\\/candas365.es\\\/noticias\\\/category\\\/asturias\\\/\",\"nextItem\":{\"@type\":\"ListItem\",\"@id\":\"https:\\\/\\\/candas365.es\\\/noticias\\\/asturias-cerro-mayo-de-2023-con-58-489-personas-desempleadas\\\/#listItem\",\"name\":\"Asturias cerr\\u00f3 mayo de 2023 con 58.489 personas desempleadas\"},\"previousItem\":{\"@type\":\"ListItem\",\"@id\":\"https:\\\/\\\/candas365.es\\\/noticias#listItem\",\"name\":\"Home\"}},{\"@type\":\"ListItem\",\"@id\":\"https:\\\/\\\/candas365.es\\\/noticias\\\/asturias-cerro-mayo-de-2023-con-58-489-personas-desempleadas\\\/#listItem\",\"position\":3,\"name\":\"Asturias cerr\\u00f3 mayo de 2023 con 58.489 personas desempleadas\",\"previousItem\":{\"@type\":\"ListItem\",\"@id\":\"https:\\\/\\\/candas365.es\\\/noticias\\\/category\\\/asturias\\\/#listItem\",\"name\":\"Asturias\"}}]},{\"@type\":\"NewsArticle\",\"@id\":\"https:\\\/\\\/candas365.es\\\/noticias\\\/asturias-cerro-mayo-de-2023-con-58-489-personas-desempleadas\\\/#newsarticle\",\"name\":\"Asturias cerr\\u00f3 mayo de 2023 con 58.489 personas desempleadas | Cand\\u00e1s 365\",\"headline\":\"Asturias cerr\\u00f3 mayo de 2023 con 58.489 personas desempleadas\",\"author\":{\"@id\":\"https:\\\/\\\/candas365.es\\\/noticias\\\/author\\\/admin\\\/#author\"},\"publisher\":{\"@id\":\"https:\\\/\\\/candas365.es\\\/noticias\\\/#organization\"},\"image\":{\"@type\":\"ImageObject\",\"url\":\"https:\\\/\\\/candas365.es\\\/noticias\\\/wp-content\\\/uploads\\\/2023\\\/06\\\/personas.jpg\",\"width\":640,\"height\":424,\"caption\":\"personas\"},\"datePublished\":\"2023-06-02T11:28:48+02:00\",\"dateModified\":\"2023-06-02T11:28:48+02:00\",\"inLanguage\":\"es-ES\",\"mainEntityOfPage\":{\"@id\":\"https:\\\/\\\/candas365.es\\\/noticias\\\/asturias-cerro-mayo-de-2023-con-58-489-personas-desempleadas\\\/#webpage\"},\"isPartOf\":{\"@id\":\"https:\\\/\\\/candas365.es\\\/noticias\\\/asturias-cerro-mayo-de-2023-con-58-489-personas-desempleadas\\\/#webpage\"},\"articleSection\":\"Asturias, Destacadas, Asturias, empleo\",\"dateline\":\"Publicado el junio 2, 2023.\"},{\"@type\":\"Organization\",\"@id\":\"https:\\\/\\\/candas365.es\\\/noticias\\\/#organization\",\"name\":\"Cand\\u00e1s 365\",\"description\":\"Cand\\u00e1s 365 es un diario digital independiente, fundado en 2012, con base en Asturias. Informamos con rigor sobre actualidad, sociedad, cultura y ocio, con una mirada local y global.\",\"url\":\"https:\\\/\\\/candas365.es\\\/noticias\\\/\",\"email\":\"info@candas365.es\",\"telephone\":\"+34652131393\",\"foundingDate\":\"2012-06-10\",\"logo\":{\"@type\":\"ImageObject\",\"url\":\"https:\\\/\\\/candas365.es\\\/noticias\\\/wp-content\\\/uploads\\\/2024\\\/09\\\/Candas-365-Redes.jpg\",\"@id\":\"https:\\\/\\\/candas365.es\\\/noticias\\\/asturias-cerro-mayo-de-2023-con-58-489-personas-desempleadas\\\/#organizationLogo\",\"width\":1152,\"height\":864,\"caption\":\"Cand\\u00e1s 365 Redes\"},\"image\":{\"@id\":\"https:\\\/\\\/candas365.es\\\/noticias\\\/asturias-cerro-mayo-de-2023-con-58-489-personas-desempleadas\\\/#organizationLogo\"},\"sameAs\":[\"https:\\\/\\\/www.facebook.com\\\/Nachofdezber\",\"https:\\\/\\\/x.com\\\/NabercoDigital\",\"https:\\\/\\\/www.instagram.com\\\/nachofdezber\\\/\",\"https:\\\/\\\/www.youtube.com\\\/channel\\\/UCZP-2wLEB9Rv6erhFmqVnvg\"],\"address\":{\"@id\":\"https:\\\/\\\/candas365.es\\\/noticias\\\/#postaladdress\",\"@type\":\"PostalAddress\",\"streetAddress\":\"san antonio 4, san antonio 4\",\"postalCode\":\"33430\",\"addressLocality\":\"Cand\\u00e1s\",\"addressRegion\":\"Asturias\",\"addressCountry\":\"ES\"}},{\"@type\":\"Person\",\"@id\":\"https:\\\/\\\/candas365.es\\\/noticias\\\/author\\\/admin\\\/#author\",\"url\":\"https:\\\/\\\/candas365.es\\\/noticias\\\/author\\\/admin\\\/\",\"name\":\"Cand\\u00e1s 365\",\"image\":{\"@type\":\"ImageObject\",\"@id\":\"https:\\\/\\\/candas365.es\\\/noticias\\\/asturias-cerro-mayo-de-2023-con-58-489-personas-desempleadas\\\/#authorImage\",\"url\":\"https:\\\/\\\/secure.gravatar.com\\\/avatar\\\/496a8e03d0c493ede1718b7934145dbdf8d89be1036b0eec9544e1094c9de390?s=96&d=mm&r=g\",\"width\":96,\"height\":96,\"caption\":\"Cand\\u00e1s 365\"},\"sameAs\":[\"https:\\\/\\\/www.facebook.com\\\/carrenoactualidad\",\"https:\\\/\\\/twitter.com\\\/nbasturias\",\"https:\\\/\\\/www.instagram.com\\\/nachofdezber\\\/\",\"https:\\\/\\\/www.youtube.com\\\/channel\\\/UCZP-2wLEB9Rv6erhFmqVnvg\"]},{\"@type\":\"WebPage\",\"@id\":\"https:\\\/\\\/candas365.es\\\/noticias\\\/asturias-cerro-mayo-de-2023-con-58-489-personas-desempleadas\\\/#webpage\",\"url\":\"https:\\\/\\\/candas365.es\\\/noticias\\\/asturias-cerro-mayo-de-2023-con-58-489-personas-desempleadas\\\/\",\"name\":\"Asturias cerr\\u00f3 mayo de 2023 con 58.489 personas desempleadas | Cand\\u00e1s 365\",\"description\":\"El Principado de Asturias cerr\\u00f3 el mes de mayo 2023 con menos de 59.000 personas desempleadas, la cifra m\\u00e1s reducida de los \\u00faltimos 15 a\\u00f1os para este mes\",\"inLanguage\":\"es-ES\",\"isPartOf\":{\"@id\":\"https:\\\/\\\/candas365.es\\\/noticias\\\/#website\"},\"breadcrumb\":{\"@id\":\"https:\\\/\\\/candas365.es\\\/noticias\\\/asturias-cerro-mayo-de-2023-con-58-489-personas-desempleadas\\\/#breadcrumblist\"},\"author\":{\"@id\":\"https:\\\/\\\/candas365.es\\\/noticias\\\/author\\\/admin\\\/#author\"},\"creator\":{\"@id\":\"https:\\\/\\\/candas365.es\\\/noticias\\\/author\\\/admin\\\/#author\"},\"image\":{\"@type\":\"ImageObject\",\"url\":\"https:\\\/\\\/candas365.es\\\/noticias\\\/wp-content\\\/uploads\\\/2023\\\/06\\\/personas.jpg\",\"@id\":\"https:\\\/\\\/candas365.es\\\/noticias\\\/asturias-cerro-mayo-de-2023-con-58-489-personas-desempleadas\\\/#mainImage\",\"width\":640,\"height\":424,\"caption\":\"personas\"},\"primaryImageOfPage\":{\"@id\":\"https:\\\/\\\/candas365.es\\\/noticias\\\/asturias-cerro-mayo-de-2023-con-58-489-personas-desempleadas\\\/#mainImage\"},\"datePublished\":\"2023-06-02T11:28:48+02:00\",\"dateModified\":\"2023-06-02T11:28:48+02:00\"},{\"@type\":\"WebSite\",\"@id\":\"https:\\\/\\\/candas365.es\\\/noticias\\\/#website\",\"url\":\"https:\\\/\\\/candas365.es\\\/noticias\\\/\",\"name\":\"Cand\\u00e1s 365\",\"alternateName\":\"Cand\\u00e1s 365 Noticias\",\"description\":\"Actualidad desde Carre\\u00f1o para el mundo\",\"inLanguage\":\"es-ES\",\"publisher\":{\"@id\":\"https:\\\/\\\/candas365.es\\\/noticias\\\/#organization\"}}]}\n\t\t<\/script>\n\t\t<!-- All in One SEO Pro -->\r\n\t\t<title>Asturias cerr\u00f3 mayo de 2023 con 58.489 personas desempleadas | Cand\u00e1s 365<\/title>\n\n","aioseo_head_json":{"title":"Asturias cerr\u00f3 mayo de 2023 con 58.489 personas desempleadas | Cand\u00e1s 365","description":"El Principado de Asturias cerr\u00f3 el mes de mayo 2023 con menos de 59.000 personas desempleadas, la cifra m\u00e1s reducida de los \u00faltimos 15 a\u00f1os para este mes","canonical_url":"https:\/\/candas365.es\/noticias\/asturias-cerro-mayo-de-2023-con-58-489-personas-desempleadas\/","robots":"max-image-preview:large","keywords":"asturias,destacadas","webmasterTools":{"google-site-verification":"UA-32230408-1","msvalidate.01":"354F3CDFB2DA171B47FBE9ABF1F88D5","miscellaneous":""},"schema":{"@context":"https:\/\/schema.org","@graph":[{"@type":"BreadcrumbList","@id":"https:\/\/candas365.es\/noticias\/asturias-cerro-mayo-de-2023-con-58-489-personas-desempleadas\/#breadcrumblist","itemListElement":[{"@type":"ListItem","@id":"https:\/\/candas365.es\/noticias#listItem","position":1,"name":"Home","item":"https:\/\/candas365.es\/noticias","nextItem":{"@type":"ListItem","@id":"https:\/\/candas365.es\/noticias\/category\/asturias\/#listItem","name":"Asturias"}},{"@type":"ListItem","@id":"https:\/\/candas365.es\/noticias\/category\/asturias\/#listItem","position":2,"name":"Asturias","item":"https:\/\/candas365.es\/noticias\/category\/asturias\/","nextItem":{"@type":"ListItem","@id":"https:\/\/candas365.es\/noticias\/asturias-cerro-mayo-de-2023-con-58-489-personas-desempleadas\/#listItem","name":"Asturias cerr\u00f3 mayo de 2023 con 58.489 personas desempleadas"},"previousItem":{"@type":"ListItem","@id":"https:\/\/candas365.es\/noticias#listItem","name":"Home"}},{"@type":"ListItem","@id":"https:\/\/candas365.es\/noticias\/asturias-cerro-mayo-de-2023-con-58-489-personas-desempleadas\/#listItem","position":3,"name":"Asturias cerr\u00f3 mayo de 2023 con 58.489 personas desempleadas","previousItem":{"@type":"ListItem","@id":"https:\/\/candas365.es\/noticias\/category\/asturias\/#listItem","name":"Asturias"}}]},{"@type":"NewsArticle","@id":"https:\/\/candas365.es\/noticias\/asturias-cerro-mayo-de-2023-con-58-489-personas-desempleadas\/#newsarticle","name":"Asturias cerr\u00f3 mayo de 2023 con 58.489 personas desempleadas | Cand\u00e1s 365","headline":"Asturias cerr\u00f3 mayo de 2023 con 58.489 personas desempleadas","author":{"@id":"https:\/\/candas365.es\/noticias\/author\/admin\/#author"},"publisher":{"@id":"https:\/\/candas365.es\/noticias\/#organization"},"image":{"@type":"ImageObject","url":"https:\/\/candas365.es\/noticias\/wp-content\/uploads\/2023\/06\/personas.jpg","width":640,"height":424,"caption":"personas"},"datePublished":"2023-06-02T11:28:48+02:00","dateModified":"2023-06-02T11:28:48+02:00","inLanguage":"es-ES","mainEntityOfPage":{"@id":"https:\/\/candas365.es\/noticias\/asturias-cerro-mayo-de-2023-con-58-489-personas-desempleadas\/#webpage"},"isPartOf":{"@id":"https:\/\/candas365.es\/noticias\/asturias-cerro-mayo-de-2023-con-58-489-personas-desempleadas\/#webpage"},"articleSection":"Asturias, Destacadas, Asturias, empleo","dateline":"Publicado el junio 2, 2023."},{"@type":"Organization","@id":"https:\/\/candas365.es\/noticias\/#organization","name":"Cand\u00e1s 365","description":"Cand\u00e1s 365 es un diario digital independiente, fundado en 2012, con base en Asturias. Informamos con rigor sobre actualidad, sociedad, cultura y ocio, con una mirada local y global.","url":"https:\/\/candas365.es\/noticias\/","email":"info@candas365.es","telephone":"+34652131393","foundingDate":"2012-06-10","logo":{"@type":"ImageObject","url":"https:\/\/candas365.es\/noticias\/wp-content\/uploads\/2024\/09\/Candas-365-Redes.jpg","@id":"https:\/\/candas365.es\/noticias\/asturias-cerro-mayo-de-2023-con-58-489-personas-desempleadas\/#organizationLogo","width":1152,"height":864,"caption":"Cand\u00e1s 365 Redes"},"image":{"@id":"https:\/\/candas365.es\/noticias\/asturias-cerro-mayo-de-2023-con-58-489-personas-desempleadas\/#organizationLogo"},"sameAs":["https:\/\/www.facebook.com\/Nachofdezber","https:\/\/x.com\/NabercoDigital","https:\/\/www.instagram.com\/nachofdezber\/","https:\/\/www.youtube.com\/channel\/UCZP-2wLEB9Rv6erhFmqVnvg"],"address":{"@id":"https:\/\/candas365.es\/noticias\/#postaladdress","@type":"PostalAddress","streetAddress":"san antonio 4, san antonio 4","postalCode":"33430","addressLocality":"Cand\u00e1s","addressRegion":"Asturias","addressCountry":"ES"}},{"@type":"Person","@id":"https:\/\/candas365.es\/noticias\/author\/admin\/#author","url":"https:\/\/candas365.es\/noticias\/author\/admin\/","name":"Cand\u00e1s 365","image":{"@type":"ImageObject","@id":"https:\/\/candas365.es\/noticias\/asturias-cerro-mayo-de-2023-con-58-489-personas-desempleadas\/#authorImage","url":"https:\/\/secure.gravatar.com\/avatar\/496a8e03d0c493ede1718b7934145dbdf8d89be1036b0eec9544e1094c9de390?s=96&d=mm&r=g","width":96,"height":96,"caption":"Cand\u00e1s 365"},"sameAs":["https:\/\/www.facebook.com\/carrenoactualidad","https:\/\/twitter.com\/nbasturias","https:\/\/www.instagram.com\/nachofdezber\/","https:\/\/www.youtube.com\/channel\/UCZP-2wLEB9Rv6erhFmqVnvg"]},{"@type":"WebPage","@id":"https:\/\/candas365.es\/noticias\/asturias-cerro-mayo-de-2023-con-58-489-personas-desempleadas\/#webpage","url":"https:\/\/candas365.es\/noticias\/asturias-cerro-mayo-de-2023-con-58-489-personas-desempleadas\/","name":"Asturias cerr\u00f3 mayo de 2023 con 58.489 personas desempleadas | Cand\u00e1s 365","description":"El Principado de Asturias cerr\u00f3 el mes de mayo 2023 con menos de 59.000 personas desempleadas, la cifra m\u00e1s reducida de los \u00faltimos 15 a\u00f1os para este mes","inLanguage":"es-ES","isPartOf":{"@id":"https:\/\/candas365.es\/noticias\/#website"},"breadcrumb":{"@id":"https:\/\/candas365.es\/noticias\/asturias-cerro-mayo-de-2023-con-58-489-personas-desempleadas\/#breadcrumblist"},"author":{"@id":"https:\/\/candas365.es\/noticias\/author\/admin\/#author"},"creator":{"@id":"https:\/\/candas365.es\/noticias\/author\/admin\/#author"},"image":{"@type":"ImageObject","url":"https:\/\/candas365.es\/noticias\/wp-content\/uploads\/2023\/06\/personas.jpg","@id":"https:\/\/candas365.es\/noticias\/asturias-cerro-mayo-de-2023-con-58-489-personas-desempleadas\/#mainImage","width":640,"height":424,"caption":"personas"},"primaryImageOfPage":{"@id":"https:\/\/candas365.es\/noticias\/asturias-cerro-mayo-de-2023-con-58-489-personas-desempleadas\/#mainImage"},"datePublished":"2023-06-02T11:28:48+02:00","dateModified":"2023-06-02T11:28:48+02:00"},{"@type":"WebSite","@id":"https:\/\/candas365.es\/noticias\/#website","url":"https:\/\/candas365.es\/noticias\/","name":"Cand\u00e1s 365","alternateName":"Cand\u00e1s 365 Noticias","description":"Actualidad desde Carre\u00f1o para el mundo","inLanguage":"es-ES","publisher":{"@id":"https:\/\/candas365.es\/noticias\/#organization"}}]},"og:locale":"es_ES","og:site_name":"Cand\u00e1s 365","og:type":"article","og:title":"Asturias cerr\u00f3 mayo de 2023 con 58.489 personas desempleadas | Cand\u00e1s 365","og:description":"El Principado de Asturias cerr\u00f3 el mes de mayo 2023 con menos de 59.000 personas desempleadas, la cifra m\u00e1s reducida de los \u00faltimos 15 a\u00f1os para este mes","og:url":"https:\/\/candas365.es\/noticias\/asturias-cerro-mayo-de-2023-con-58-489-personas-desempleadas\/","og:image":"https:\/\/candas365.es\/noticias\/wp-content\/uploads\/2023\/06\/personas.jpg","og:image:secure_url":"https:\/\/candas365.es\/noticias\/wp-content\/uploads\/2023\/06\/personas.jpg","og:image:width":640,"og:image:height":424,"article:published_time":"2023-06-02T09:28:48+00:00","article:modified_time":"2023-06-02T09:28:48+00:00","article:publisher":"https:\/\/www.facebook.com\/Nachofdezber","article:author":"https:\/\/www.facebook.com\/carrenoactualidad","twitter:card":"summary_large_image","twitter:site":"@NabercoDigital","twitter:title":"Asturias cerr\u00f3 mayo de 2023 con 58.489 personas desempleadas | Cand\u00e1s 365","twitter:description":"El Principado de Asturias cerr\u00f3 el mes de mayo 2023 con menos de 59.000 personas desempleadas, la cifra m\u00e1s reducida de los \u00faltimos 15 a\u00f1os para este mes","twitter:creator":"@nbasturias","twitter:image":"https:\/\/candas365.es\/noticias\/wp-content\/uploads\/2023\/06\/personas.jpg","twitter:label1":"Escrito por","twitter:data1":"Cand\u00e1s 365","twitter:label2":"Tiempo de lectura estimado","twitter:data2":"2 minutos"},"aioseo_meta_data":{"post_id":"174147","title":null,"description":"El Principado de Asturias cerr\u00f3 el mes de mayo 2023 con menos de 59.000 personas desempleadas, la cifra m\u00e1s reducida de los \u00faltimos 15 a\u00f1os para este mes","keywords":[],"keyphrases":{"focus":{"keyphrase":"personas ","score":92,"analysis":{"keyphraseInTitle":{"score":9,"maxScore":9,"error":0},"keyphraseInDescription":{"score":9,"maxScore":9,"error":0},"keyphraseLength":{"score":9,"maxScore":9,"error":0,"length":1},"keyphraseInURL":{"score":1,"maxScore":5,"error":1},"keyphraseInIntroduction":{"score":9,"maxScore":9,"error":0},"keyphraseInSubHeadings":[],"keyphraseInImageAlt":{"score":9,"maxScore":9,"error":0}}},"additional":[{"keyphrase":"Asturias ","score":83,"analysis":{"keyphraseInDescription":{"score":9,"maxScore":9,"error":0},"keyphraseLength":{"score":9,"maxScore":9,"error":0,"length":1},"keyphraseInIntroduction":{"score":9,"maxScore":9,"error":0},"keyphraseInImageAlt":{"score":3,"maxScore":9,"error":1}}},{"keyphrase":"personas ","score":100,"analysis":{"keyphraseInDescription":{"score":9,"maxScore":9,"error":0},"keyphraseLength":{"score":9,"maxScore":9,"error":0,"length":1},"keyphraseInIntroduction":{"score":9,"maxScore":9,"error":0},"keyphraseInImageAlt":{"score":9,"maxScore":9,"error":0}}},{"keyphrase":"personas desempleadas","score":83,"analysis":{"keyphraseInDescription":{"score":9,"maxScore":9,"error":0},"keyphraseLength":{"score":9,"maxScore":9,"error":0,"length":2},"keyphraseInIntroduction":{"score":9,"maxScore":9,"error":0},"keyphraseInImageAlt":{"score":3,"maxScore":9,"error":1}}},{"keyphrase":"mayo 2023","score":83,"analysis":{"keyphraseInDescription":{"score":9,"maxScore":9,"error":0},"keyphraseLength":{"score":9,"maxScore":9,"error":0,"length":1},"keyphraseInIntroduction":{"score":9,"maxScore":9,"error":0},"keyphraseInImageAlt":{"score":3,"maxScore":9,"error":1}}}]},"primary_term":null,"canonical_url":null,"og_title":null,"og_description":null,"og_object_type":"default","og_image_type":"default","og_image_url":null,"og_image_width":null,"og_image_height":null,"og_image_custom_url":null,"og_image_custom_fields":null,"og_video":"","og_custom_url":null,"og_article_section":null,"og_article_tags":[],"twitter_use_og":false,"twitter_card":"default","twitter_image_type":"default","twitter_image_url":null,"twitter_image_custom_url":null,"twitter_image_custom_fields":null,"twitter_title":null,"twitter_description":null,"schema":{"blockGraphs":[],"customGraphs":[],"default":{"data":{"Article":[],"Course":[],"Dataset":[],"FAQPage":[],"Movie":[],"Person":[],"Product":[],"ProductReview":[],"Car":[],"Recipe":[],"Service":[],"SoftwareApplication":[],"WebPage":[]},"graphName":"","isEnabled":true},"graphs":[]},"schema_type":"default","schema_type_options":null,"pillar_content":false,"robots_default":true,"robots_noindex":false,"robots_noarchive":false,"robots_nosnippet":false,"robots_nofollow":false,"robots_noimageindex":false,"robots_noodp":false,"robots_notranslate":false,"robots_max_snippet":"-1","robots_max_videopreview":"-1","robots_max_imagepreview":"large","priority":null,"frequency":"default","location":null,"local_seo":null,"seo_analyzer_scan_date":"2025-09-01 21:05:16","breadcrumb_settings":null,"limit_modified_date":false,"reviewed_by":null,"open_ai":"{\"title\":{\"suggestions\":[],\"usage\":0},\"description\":{\"suggestions\":[],\"usage\":0}}","ai":null,"created":"2023-06-02 09:18:12","updated":"2025-09-01 21:05:16"},"aioseo_breadcrumb":"<div class=\"aioseo-breadcrumbs\"><span class=\"aioseo-breadcrumb\">\n\t<a href=\"https:\/\/candas365.es\/noticias\" title=\"Home\">Home<\/a>\n<\/span><span class=\"aioseo-breadcrumb-separator\">&ndash;<\/span><span class=\"aioseo-breadcrumb\">\n\t<a href=\"https:\/\/candas365.es\/noticias\/category\/asturias\/\" title=\"Asturias\">Asturias<\/a>\n<\/span><span class=\"aioseo-breadcrumb-separator\">&ndash;<\/span><span class=\"aioseo-breadcrumb\">\n\tAsturias cerr\u00f3 mayo de 2023 con 58.489 personas desempleadas\n<\/span><\/div>","aioseo_breadcrumb_json":[{"label":"Home","link":"https:\/\/candas365.es\/noticias"},{"label":"Asturias","link":"https:\/\/candas365.es\/noticias\/category\/asturias\/"},{"label":"Asturias cerr\u00f3 mayo de 2023 con 58.489 personas desempleadas","link":"https:\/\/candas365.es\/noticias\/asturias-cerro-mayo-de-2023-con-58-489-personas-desempleadas\/"}],"_links":{"self":[{"href":"https:\/\/candas365.es\/noticias\/wp-json\/wp\/v2\/posts\/174147","targetHints":{"allow":["GET"]}}],"collection":[{"href":"https:\/\/candas365.es\/noticias\/wp-json\/wp\/v2\/posts"}],"about":[{"href":"https:\/\/candas365.es\/noticias\/wp-json\/wp\/v2\/types\/post"}],"author":[{"embeddable":true,"href":"https:\/\/candas365.es\/noticias\/wp-json\/wp\/v2\/users\/1"}],"replies":[{"embeddable":true,"href":"https:\/\/candas365.es\/noticias\/wp-json\/wp\/v2\/comments?post=174147"}],"version-history":[{"count":0,"href":"https:\/\/candas365.es\/noticias\/wp-json\/wp\/v2\/posts\/174147\/revisions"}],"wp:featuredmedia":[{"embeddable":true,"href":"https:\/\/candas365.es\/noticias\/wp-json\/wp\/v2\/media\/174148"}],"wp:attachment":[{"href":"https:\/\/candas365.es\/noticias\/wp-json\/wp\/v2\/media?parent=174147"}],"wp:term":[{"taxonomy":"category","embeddable":true,"href":"https:\/\/candas365.es\/noticias\/wp-json\/wp\/v2\/categories?post=174147"},{"taxonomy":"post_tag","embeddable":true,"href":"https:\/\/candas365.es\/noticias\/wp-json\/wp\/v2\/tags?post=174147"}],"curies":[{"name":"wp","href":"https:\/\/api.w.org\/{rel}","templated":true}]}}