{"id":174065,"date":"2023-05-31T02:58:12","date_gmt":"2023-05-31T00:58:12","guid":{"rendered":"https:\/\/candas365.es\/noticias\/?p=174065"},"modified":"2023-05-31T02:58:12","modified_gmt":"2023-05-31T00:58:12","slug":"nos-roba-el-sueno-la-taza-tardia-de-cafe-por-las-noches","status":"publish","type":"post","link":"https:\/\/candas365.es\/noticias\/nos-roba-el-sueno-la-taza-tardia-de-cafe-por-las-noches\/","title":{"rendered":"\u00bfNos roba el sue\u00f1o la taza tard\u00eda de caf\u00e9 por las noches?"},"content":{"rendered":"<p>(dpa) &#8211; Muchas personas est\u00e1n convencidas de que luego de las 15 o 16 horas ya no pueden <a href=\"https:\/\/www.eldigitaldeasturias.com\/noticias\/category\/gastronomia\/\" target=\"_blank\" rel=\"noopener\"><span style=\"color: #ff6600;\"><strong>tomar caf\u00e9<\/strong><\/span><\/a>, porque de lo contrario su sue\u00f1o nocturno corre peligro.<\/p>\n<figure id=\"attachment_174066\" aria-describedby=\"caption-attachment-174066\" style=\"width: 650px\" class=\"wp-caption aligncenter\"><img fetchpriority=\"high\" decoding=\"async\" class=\"wp-image-174066 size-large\" src=\"https:\/\/candas365.es\/noticias\/wp-content\/uploads\/2023\/05\/cafe-650x440.jpg\" alt=\"caf\u00e9\" width=\"650\" height=\"440\" srcset=\"https:\/\/candas365.es\/noticias\/wp-content\/uploads\/2023\/05\/cafe-650x440.jpg 650w, https:\/\/candas365.es\/noticias\/wp-content\/uploads\/2023\/05\/cafe-360x243.jpg 360w, https:\/\/candas365.es\/noticias\/wp-content\/uploads\/2023\/05\/cafe-768x519.jpg 768w, https:\/\/candas365.es\/noticias\/wp-content\/uploads\/2023\/05\/cafe-150x101.jpg 150w, https:\/\/candas365.es\/noticias\/wp-content\/uploads\/2023\/05\/cafe-450x304.jpg 450w, https:\/\/candas365.es\/noticias\/wp-content\/uploads\/2023\/05\/cafe.jpg 995w\" sizes=\"(max-width: 650px) 100vw, 650px\" \/><figcaption id=\"caption-attachment-174066\" class=\"wp-caption-text\">Muchas personas toman la \u00faltima taza de caf\u00e9 del d\u00eda alrededor de las 16, porque temen tener problemas para conciliar el sue\u00f1o. Foto: Christin Klose\/dpa<\/figcaption><\/figure>\n<p>Esto puede ser bueno, comenta Harald Seitz del Centro Federal de Nutrici\u00f3n (BZfE) en Alemania. Sin embargo, aclara: <strong>\u00abEn el \u00e1rea de alimentaci\u00f3n en realidad no existen nunca relaciones monocausales\u00bb.<\/strong><\/p>\n<p>O sea que no se tratar\u00e1 solamente del caf\u00e9 si por las noches se complica conciliar el sue\u00f1o.<\/p>\n<p>Est\u00e1 claro que el ingrediente cafe\u00edna afecta al sistema nervioso central y mantiene despierto. Pero: \u00abLa cafe\u00edna tiene un efecto relativamente breve, de unas pocas horas\u00bb, afirma el profesor Johannes Wechsler, presidente de la Asociaci\u00f3n de Nutricionistas Alemanes (BDEM).<\/p>\n<p>En realidad, ni siquiera el caf\u00e9 por la noche tiene por qu\u00e9 robar el sue\u00f1o. Pero una taza de caf\u00e9 no es igual a otra. Tambi\u00e9n depende de las circunstancias en las que se la beba.<\/p>\n<p><strong>\u00abSi usted toma el caf\u00e9 a las seis de la tarde, antes de la comida, entonces el efecto a las nueve ya se pas\u00f3\u00bb, explica Wechsler.<\/strong> \u00abPero, si lo toma despu\u00e9s de comer, entonces posiblemente el efecto reci\u00e9n llegar\u00e1 durante la noche\u00bb.<\/p>\n<blockquote><p>Esto se debe a que, cuando se bebe \u00abencima\u00bb de una comida, el caf\u00e9 tarda un tiempo en absorberse en el intestino delgado.<\/p><\/blockquote>\n<p>El no poder dormir presuntamente tiene que ver mayormente con varios factores, y el caf\u00e9 con cafe\u00edna a un horario poco propicio puede ser uno de ellos.<\/p>\n<blockquote><p>\u00abSi por las noches se duerme bien o no es algo que depende de manera esencial del biorritmo individual en su conjunto\u00bb, subraya Seitz.<\/p><\/blockquote>\n<p>El \u00fanico consejo sensato es por lo tanto simplemente probar y ver qu\u00e9 funciona y qu\u00e9 no. Si no se tolera bien el caf\u00e9 por la noche, <strong>es mejor tomar una taza de caf\u00e9 expreso despu\u00e9s del almuerzo. Y si se desea beber caf\u00e9 a \u00faltima hora del d\u00eda, puede optarse por la versi\u00f3n descafeinada.<\/strong><\/p>\n","protected":false},"excerpt":{"rendered":"<p>(dpa) &#8211; Muchas personas est\u00e1n convencidas de que luego de las 15 o 16 horas ya no pueden tomar caf\u00e9, porque de lo contrario su sue\u00f1o nocturno corre peligro. Esto puede ser bueno, comenta Harald Seitz del Centro Federal de Nutrici\u00f3n (BZfE) en Alemania. Sin embargo, aclara: \u00abEn el \u00e1rea de alimentaci\u00f3n en realidad no<\/p>\n","protected":false},"author":1,"featured_media":174066,"comment_status":"closed","ping_status":"closed","sticky":false,"template":"","format":"standard","meta":{"footnotes":""},"categories":[143],"tags":[408],"class_list":{"0":"post-174065","1":"post","2":"type-post","3":"status-publish","4":"format-standard","5":"has-post-thumbnail","7":"category-sociedad","8":"tag-sociedad"},"aioseo_notices":[],"aioseo_head":"\n\t\t<!-- All in One SEO Pro 4.9.6.2 - aioseo.com -->\n\t<meta name=\"description\" content=\"(dpa) - Muchas personas est\u00e1n convencidas de que luego de las 15 o 16 horas ya no pueden tomar caf\u00e9, porque de lo contrario su sue\u00f1o nocturno corre peligro.\" \/>\n\t<meta name=\"robots\" content=\"max-image-preview:large\" \/>\n\t<meta name=\"author\" content=\"Cand\u00e1s 365\"\/>\n\t<meta name=\"google-site-verification\" content=\"UA-32230408-1\" \/>\n\t<meta name=\"msvalidate.01\" content=\"354F3CDFB2DA171B47FBE9ABF1F88D5\" \/>\n\t<meta name=\"keywords\" content=\"sociedad\" \/>\n\t<link rel=\"canonical\" href=\"https:\/\/candas365.es\/noticias\/nos-roba-el-sueno-la-taza-tardia-de-cafe-por-las-noches\/\" \/>\n\t<meta name=\"generator\" content=\"All in One SEO Pro (AIOSEO) 4.9.6.2\" \/>\n\t\t<meta property=\"og:locale\" content=\"es_ES\" \/>\n\t\t<meta property=\"og:site_name\" content=\"Cand\u00e1s 365\" \/>\n\t\t<meta property=\"og:type\" content=\"article\" \/>\n\t\t<meta property=\"og:title\" content=\"\u00bfNos roba el sue\u00f1o la taza tard\u00eda de caf\u00e9 por las noches? | Cand\u00e1s 365\" \/>\n\t\t<meta property=\"og:description\" content=\"(dpa) - Muchas personas est\u00e1n convencidas de que luego de las 15 o 16 horas ya no pueden tomar caf\u00e9, porque de lo contrario su sue\u00f1o nocturno corre peligro.\" \/>\n\t\t<meta property=\"og:url\" content=\"https:\/\/candas365.es\/noticias\/nos-roba-el-sueno-la-taza-tardia-de-cafe-por-las-noches\/\" \/>\n\t\t<meta property=\"og:image\" content=\"https:\/\/candas365.es\/noticias\/wp-content\/uploads\/2023\/05\/cafe.jpg\" \/>\n\t\t<meta property=\"og:image:secure_url\" content=\"https:\/\/candas365.es\/noticias\/wp-content\/uploads\/2023\/05\/cafe.jpg\" \/>\n\t\t<meta property=\"og:image:width\" content=\"995\" \/>\n\t\t<meta property=\"og:image:height\" content=\"673\" \/>\n\t\t<meta property=\"article:published_time\" content=\"2023-05-31T00:58:12+00:00\" \/>\n\t\t<meta property=\"article:modified_time\" content=\"2023-05-31T00:58:12+00:00\" \/>\n\t\t<meta property=\"article:publisher\" content=\"https:\/\/www.facebook.com\/Nachofdezber\" \/>\n\t\t<meta property=\"article:author\" content=\"https:\/\/www.facebook.com\/carrenoactualidad\" \/>\n\t\t<meta name=\"twitter:card\" content=\"summary_large_image\" \/>\n\t\t<meta name=\"twitter:site\" content=\"@NabercoDigital\" \/>\n\t\t<meta name=\"twitter:title\" content=\"\u00bfNos roba el sue\u00f1o la taza tard\u00eda de caf\u00e9 por las noches? | Cand\u00e1s 365\" \/>\n\t\t<meta name=\"twitter:description\" content=\"(dpa) - Muchas personas est\u00e1n convencidas de que luego de las 15 o 16 horas ya no pueden tomar caf\u00e9, porque de lo contrario su sue\u00f1o nocturno corre peligro.\" \/>\n\t\t<meta name=\"twitter:creator\" content=\"@nbasturias\" \/>\n\t\t<meta name=\"twitter:image\" content=\"https:\/\/candas365.es\/noticias\/wp-content\/uploads\/2023\/05\/cafe.jpg\" \/>\n\t\t<meta name=\"twitter:label1\" content=\"Escrito por\" \/>\n\t\t<meta name=\"twitter:data1\" content=\"Cand\u00e1s 365\" \/>\n\t\t<meta name=\"twitter:label2\" content=\"Tiempo de lectura estimado\" \/>\n\t\t<meta name=\"twitter:data2\" content=\"2 minutos\" \/>\n\t\t<script type=\"application\/ld+json\" class=\"aioseo-schema\">\n\t\t\t{\"@context\":\"https:\\\/\\\/schema.org\",\"@graph\":[{\"@type\":\"BreadcrumbList\",\"@id\":\"https:\\\/\\\/candas365.es\\\/noticias\\\/nos-roba-el-sueno-la-taza-tardia-de-cafe-por-las-noches\\\/#breadcrumblist\",\"itemListElement\":[{\"@type\":\"ListItem\",\"@id\":\"https:\\\/\\\/candas365.es\\\/noticias#listItem\",\"position\":1,\"name\":\"Home\",\"item\":\"https:\\\/\\\/candas365.es\\\/noticias\",\"nextItem\":{\"@type\":\"ListItem\",\"@id\":\"https:\\\/\\\/candas365.es\\\/noticias\\\/category\\\/sociedad\\\/#listItem\",\"name\":\"Sociedad\"}},{\"@type\":\"ListItem\",\"@id\":\"https:\\\/\\\/candas365.es\\\/noticias\\\/category\\\/sociedad\\\/#listItem\",\"position\":2,\"name\":\"Sociedad\",\"item\":\"https:\\\/\\\/candas365.es\\\/noticias\\\/category\\\/sociedad\\\/\",\"nextItem\":{\"@type\":\"ListItem\",\"@id\":\"https:\\\/\\\/candas365.es\\\/noticias\\\/nos-roba-el-sueno-la-taza-tardia-de-cafe-por-las-noches\\\/#listItem\",\"name\":\"\\u00bfNos roba el sue\\u00f1o la taza tard\\u00eda de caf\\u00e9 por las noches?\"},\"previousItem\":{\"@type\":\"ListItem\",\"@id\":\"https:\\\/\\\/candas365.es\\\/noticias#listItem\",\"name\":\"Home\"}},{\"@type\":\"ListItem\",\"@id\":\"https:\\\/\\\/candas365.es\\\/noticias\\\/nos-roba-el-sueno-la-taza-tardia-de-cafe-por-las-noches\\\/#listItem\",\"position\":3,\"name\":\"\\u00bfNos roba el sue\\u00f1o la taza tard\\u00eda de caf\\u00e9 por las noches?\",\"previousItem\":{\"@type\":\"ListItem\",\"@id\":\"https:\\\/\\\/candas365.es\\\/noticias\\\/category\\\/sociedad\\\/#listItem\",\"name\":\"Sociedad\"}}]},{\"@type\":\"NewsArticle\",\"@id\":\"https:\\\/\\\/candas365.es\\\/noticias\\\/nos-roba-el-sueno-la-taza-tardia-de-cafe-por-las-noches\\\/#newsarticle\",\"name\":\"\\u00bfNos roba el sue\\u00f1o la taza tard\\u00eda de caf\\u00e9 por las noches? | Cand\\u00e1s 365\",\"headline\":\"\\u00bfNos roba el sue\\u00f1o la taza tard\\u00eda de caf\\u00e9 por las noches?\",\"author\":{\"@id\":\"https:\\\/\\\/candas365.es\\\/noticias\\\/author\\\/admin\\\/#author\"},\"publisher\":{\"@id\":\"https:\\\/\\\/candas365.es\\\/noticias\\\/#organization\"},\"image\":{\"@type\":\"ImageObject\",\"url\":\"https:\\\/\\\/candas365.es\\\/noticias\\\/wp-content\\\/uploads\\\/2023\\\/05\\\/cafe.jpg\",\"width\":995,\"height\":673,\"caption\":\"Muchas personas toman la \\u00faltima taza de caf\\u00e9 del d\\u00eda alrededor de las 16, porque temen tener problemas para conciliar el sue\\u00f1o. Foto: Christin Klose\\\/dpa\"},\"datePublished\":\"2023-05-31T02:58:12+02:00\",\"dateModified\":\"2023-05-31T02:58:12+02:00\",\"inLanguage\":\"es-ES\",\"mainEntityOfPage\":{\"@id\":\"https:\\\/\\\/candas365.es\\\/noticias\\\/nos-roba-el-sueno-la-taza-tardia-de-cafe-por-las-noches\\\/#webpage\"},\"isPartOf\":{\"@id\":\"https:\\\/\\\/candas365.es\\\/noticias\\\/nos-roba-el-sueno-la-taza-tardia-de-cafe-por-las-noches\\\/#webpage\"},\"articleSection\":\"Sociedad, sociedad\",\"dateline\":\"Publicado el mayo 31, 2023.\"},{\"@type\":\"Organization\",\"@id\":\"https:\\\/\\\/candas365.es\\\/noticias\\\/#organization\",\"name\":\"Cand\\u00e1s 365\",\"description\":\"Cand\\u00e1s 365 es un diario digital independiente, fundado en 2012, con base en Asturias. Informamos con rigor sobre actualidad, sociedad, cultura y ocio, con una mirada local y global.\",\"url\":\"https:\\\/\\\/candas365.es\\\/noticias\\\/\",\"email\":\"info@candas365.es\",\"telephone\":\"+34652131393\",\"foundingDate\":\"2012-06-10\",\"logo\":{\"@type\":\"ImageObject\",\"url\":\"https:\\\/\\\/candas365.es\\\/noticias\\\/wp-content\\\/uploads\\\/2024\\\/09\\\/Candas-365-Redes.jpg\",\"@id\":\"https:\\\/\\\/candas365.es\\\/noticias\\\/nos-roba-el-sueno-la-taza-tardia-de-cafe-por-las-noches\\\/#organizationLogo\",\"width\":1152,\"height\":864,\"caption\":\"Cand\\u00e1s 365 Redes\"},\"image\":{\"@id\":\"https:\\\/\\\/candas365.es\\\/noticias\\\/nos-roba-el-sueno-la-taza-tardia-de-cafe-por-las-noches\\\/#organizationLogo\"},\"sameAs\":[\"https:\\\/\\\/www.facebook.com\\\/Nachofdezber\",\"https:\\\/\\\/x.com\\\/NabercoDigital\",\"https:\\\/\\\/www.instagram.com\\\/nachofdezber\\\/\",\"https:\\\/\\\/www.youtube.com\\\/channel\\\/UCZP-2wLEB9Rv6erhFmqVnvg\"],\"address\":{\"@id\":\"https:\\\/\\\/candas365.es\\\/noticias\\\/#postaladdress\",\"@type\":\"PostalAddress\",\"streetAddress\":\"san antonio 4, san antonio 4\",\"postalCode\":\"33430\",\"addressLocality\":\"Cand\\u00e1s\",\"addressRegion\":\"Asturias\",\"addressCountry\":\"ES\"}},{\"@type\":\"Person\",\"@id\":\"https:\\\/\\\/candas365.es\\\/noticias\\\/author\\\/admin\\\/#author\",\"url\":\"https:\\\/\\\/candas365.es\\\/noticias\\\/author\\\/admin\\\/\",\"name\":\"Cand\\u00e1s 365\",\"image\":{\"@type\":\"ImageObject\",\"@id\":\"https:\\\/\\\/candas365.es\\\/noticias\\\/nos-roba-el-sueno-la-taza-tardia-de-cafe-por-las-noches\\\/#authorImage\",\"url\":\"https:\\\/\\\/secure.gravatar.com\\\/avatar\\\/496a8e03d0c493ede1718b7934145dbdf8d89be1036b0eec9544e1094c9de390?s=96&d=mm&r=g\",\"width\":96,\"height\":96,\"caption\":\"Cand\\u00e1s 365\"},\"sameAs\":[\"https:\\\/\\\/www.facebook.com\\\/carrenoactualidad\",\"https:\\\/\\\/twitter.com\\\/nbasturias\",\"https:\\\/\\\/www.instagram.com\\\/nachofdezber\\\/\",\"https:\\\/\\\/www.youtube.com\\\/channel\\\/UCZP-2wLEB9Rv6erhFmqVnvg\"]},{\"@type\":\"WebPage\",\"@id\":\"https:\\\/\\\/candas365.es\\\/noticias\\\/nos-roba-el-sueno-la-taza-tardia-de-cafe-por-las-noches\\\/#webpage\",\"url\":\"https:\\\/\\\/candas365.es\\\/noticias\\\/nos-roba-el-sueno-la-taza-tardia-de-cafe-por-las-noches\\\/\",\"name\":\"\\u00bfNos roba el sue\\u00f1o la taza tard\\u00eda de caf\\u00e9 por las noches? | Cand\\u00e1s 365\",\"description\":\"(dpa) - Muchas personas est\\u00e1n convencidas de que luego de las 15 o 16 horas ya no pueden tomar caf\\u00e9, porque de lo contrario su sue\\u00f1o nocturno corre peligro.\",\"inLanguage\":\"es-ES\",\"isPartOf\":{\"@id\":\"https:\\\/\\\/candas365.es\\\/noticias\\\/#website\"},\"breadcrumb\":{\"@id\":\"https:\\\/\\\/candas365.es\\\/noticias\\\/nos-roba-el-sueno-la-taza-tardia-de-cafe-por-las-noches\\\/#breadcrumblist\"},\"author\":{\"@id\":\"https:\\\/\\\/candas365.es\\\/noticias\\\/author\\\/admin\\\/#author\"},\"creator\":{\"@id\":\"https:\\\/\\\/candas365.es\\\/noticias\\\/author\\\/admin\\\/#author\"},\"image\":{\"@type\":\"ImageObject\",\"url\":\"https:\\\/\\\/candas365.es\\\/noticias\\\/wp-content\\\/uploads\\\/2023\\\/05\\\/cafe.jpg\",\"@id\":\"https:\\\/\\\/candas365.es\\\/noticias\\\/nos-roba-el-sueno-la-taza-tardia-de-cafe-por-las-noches\\\/#mainImage\",\"width\":995,\"height\":673,\"caption\":\"Muchas personas toman la \\u00faltima taza de caf\\u00e9 del d\\u00eda alrededor de las 16, porque temen tener problemas para conciliar el sue\\u00f1o. Foto: Christin Klose\\\/dpa\"},\"primaryImageOfPage\":{\"@id\":\"https:\\\/\\\/candas365.es\\\/noticias\\\/nos-roba-el-sueno-la-taza-tardia-de-cafe-por-las-noches\\\/#mainImage\"},\"datePublished\":\"2023-05-31T02:58:12+02:00\",\"dateModified\":\"2023-05-31T02:58:12+02:00\"},{\"@type\":\"WebSite\",\"@id\":\"https:\\\/\\\/candas365.es\\\/noticias\\\/#website\",\"url\":\"https:\\\/\\\/candas365.es\\\/noticias\\\/\",\"name\":\"Cand\\u00e1s 365\",\"alternateName\":\"Cand\\u00e1s 365 Noticias\",\"description\":\"Actualidad desde Carre\\u00f1o para el mundo\",\"inLanguage\":\"es-ES\",\"publisher\":{\"@id\":\"https:\\\/\\\/candas365.es\\\/noticias\\\/#organization\"}}]}\n\t\t<\/script>\n\t\t<!-- All in One SEO Pro -->\r\n\t\t<title>\u00bfNos roba el sue\u00f1o la taza tard\u00eda de caf\u00e9 por las noches? | Cand\u00e1s 365<\/title>\n\n","aioseo_head_json":{"title":"\u00bfNos roba el sue\u00f1o la taza tard\u00eda de caf\u00e9 por las noches? | Cand\u00e1s 365","description":"(dpa) - Muchas personas est\u00e1n convencidas de que luego de las 15 o 16 horas ya no pueden tomar caf\u00e9, porque de lo contrario su sue\u00f1o nocturno corre peligro.","canonical_url":"https:\/\/candas365.es\/noticias\/nos-roba-el-sueno-la-taza-tardia-de-cafe-por-las-noches\/","robots":"max-image-preview:large","keywords":"sociedad","webmasterTools":{"google-site-verification":"UA-32230408-1","msvalidate.01":"354F3CDFB2DA171B47FBE9ABF1F88D5","miscellaneous":""},"schema":{"@context":"https:\/\/schema.org","@graph":[{"@type":"BreadcrumbList","@id":"https:\/\/candas365.es\/noticias\/nos-roba-el-sueno-la-taza-tardia-de-cafe-por-las-noches\/#breadcrumblist","itemListElement":[{"@type":"ListItem","@id":"https:\/\/candas365.es\/noticias#listItem","position":1,"name":"Home","item":"https:\/\/candas365.es\/noticias","nextItem":{"@type":"ListItem","@id":"https:\/\/candas365.es\/noticias\/category\/sociedad\/#listItem","name":"Sociedad"}},{"@type":"ListItem","@id":"https:\/\/candas365.es\/noticias\/category\/sociedad\/#listItem","position":2,"name":"Sociedad","item":"https:\/\/candas365.es\/noticias\/category\/sociedad\/","nextItem":{"@type":"ListItem","@id":"https:\/\/candas365.es\/noticias\/nos-roba-el-sueno-la-taza-tardia-de-cafe-por-las-noches\/#listItem","name":"\u00bfNos roba el sue\u00f1o la taza tard\u00eda de caf\u00e9 por las noches?"},"previousItem":{"@type":"ListItem","@id":"https:\/\/candas365.es\/noticias#listItem","name":"Home"}},{"@type":"ListItem","@id":"https:\/\/candas365.es\/noticias\/nos-roba-el-sueno-la-taza-tardia-de-cafe-por-las-noches\/#listItem","position":3,"name":"\u00bfNos roba el sue\u00f1o la taza tard\u00eda de caf\u00e9 por las noches?","previousItem":{"@type":"ListItem","@id":"https:\/\/candas365.es\/noticias\/category\/sociedad\/#listItem","name":"Sociedad"}}]},{"@type":"NewsArticle","@id":"https:\/\/candas365.es\/noticias\/nos-roba-el-sueno-la-taza-tardia-de-cafe-por-las-noches\/#newsarticle","name":"\u00bfNos roba el sue\u00f1o la taza tard\u00eda de caf\u00e9 por las noches? | Cand\u00e1s 365","headline":"\u00bfNos roba el sue\u00f1o la taza tard\u00eda de caf\u00e9 por las noches?","author":{"@id":"https:\/\/candas365.es\/noticias\/author\/admin\/#author"},"publisher":{"@id":"https:\/\/candas365.es\/noticias\/#organization"},"image":{"@type":"ImageObject","url":"https:\/\/candas365.es\/noticias\/wp-content\/uploads\/2023\/05\/cafe.jpg","width":995,"height":673,"caption":"Muchas personas toman la \u00faltima taza de caf\u00e9 del d\u00eda alrededor de las 16, porque temen tener problemas para conciliar el sue\u00f1o. Foto: Christin Klose\/dpa"},"datePublished":"2023-05-31T02:58:12+02:00","dateModified":"2023-05-31T02:58:12+02:00","inLanguage":"es-ES","mainEntityOfPage":{"@id":"https:\/\/candas365.es\/noticias\/nos-roba-el-sueno-la-taza-tardia-de-cafe-por-las-noches\/#webpage"},"isPartOf":{"@id":"https:\/\/candas365.es\/noticias\/nos-roba-el-sueno-la-taza-tardia-de-cafe-por-las-noches\/#webpage"},"articleSection":"Sociedad, sociedad","dateline":"Publicado el mayo 31, 2023."},{"@type":"Organization","@id":"https:\/\/candas365.es\/noticias\/#organization","name":"Cand\u00e1s 365","description":"Cand\u00e1s 365 es un diario digital independiente, fundado en 2012, con base en Asturias. Informamos con rigor sobre actualidad, sociedad, cultura y ocio, con una mirada local y global.","url":"https:\/\/candas365.es\/noticias\/","email":"info@candas365.es","telephone":"+34652131393","foundingDate":"2012-06-10","logo":{"@type":"ImageObject","url":"https:\/\/candas365.es\/noticias\/wp-content\/uploads\/2024\/09\/Candas-365-Redes.jpg","@id":"https:\/\/candas365.es\/noticias\/nos-roba-el-sueno-la-taza-tardia-de-cafe-por-las-noches\/#organizationLogo","width":1152,"height":864,"caption":"Cand\u00e1s 365 Redes"},"image":{"@id":"https:\/\/candas365.es\/noticias\/nos-roba-el-sueno-la-taza-tardia-de-cafe-por-las-noches\/#organizationLogo"},"sameAs":["https:\/\/www.facebook.com\/Nachofdezber","https:\/\/x.com\/NabercoDigital","https:\/\/www.instagram.com\/nachofdezber\/","https:\/\/www.youtube.com\/channel\/UCZP-2wLEB9Rv6erhFmqVnvg"],"address":{"@id":"https:\/\/candas365.es\/noticias\/#postaladdress","@type":"PostalAddress","streetAddress":"san antonio 4, san antonio 4","postalCode":"33430","addressLocality":"Cand\u00e1s","addressRegion":"Asturias","addressCountry":"ES"}},{"@type":"Person","@id":"https:\/\/candas365.es\/noticias\/author\/admin\/#author","url":"https:\/\/candas365.es\/noticias\/author\/admin\/","name":"Cand\u00e1s 365","image":{"@type":"ImageObject","@id":"https:\/\/candas365.es\/noticias\/nos-roba-el-sueno-la-taza-tardia-de-cafe-por-las-noches\/#authorImage","url":"https:\/\/secure.gravatar.com\/avatar\/496a8e03d0c493ede1718b7934145dbdf8d89be1036b0eec9544e1094c9de390?s=96&d=mm&r=g","width":96,"height":96,"caption":"Cand\u00e1s 365"},"sameAs":["https:\/\/www.facebook.com\/carrenoactualidad","https:\/\/twitter.com\/nbasturias","https:\/\/www.instagram.com\/nachofdezber\/","https:\/\/www.youtube.com\/channel\/UCZP-2wLEB9Rv6erhFmqVnvg"]},{"@type":"WebPage","@id":"https:\/\/candas365.es\/noticias\/nos-roba-el-sueno-la-taza-tardia-de-cafe-por-las-noches\/#webpage","url":"https:\/\/candas365.es\/noticias\/nos-roba-el-sueno-la-taza-tardia-de-cafe-por-las-noches\/","name":"\u00bfNos roba el sue\u00f1o la taza tard\u00eda de caf\u00e9 por las noches? | Cand\u00e1s 365","description":"(dpa) - Muchas personas est\u00e1n convencidas de que luego de las 15 o 16 horas ya no pueden tomar caf\u00e9, porque de lo contrario su sue\u00f1o nocturno corre peligro.","inLanguage":"es-ES","isPartOf":{"@id":"https:\/\/candas365.es\/noticias\/#website"},"breadcrumb":{"@id":"https:\/\/candas365.es\/noticias\/nos-roba-el-sueno-la-taza-tardia-de-cafe-por-las-noches\/#breadcrumblist"},"author":{"@id":"https:\/\/candas365.es\/noticias\/author\/admin\/#author"},"creator":{"@id":"https:\/\/candas365.es\/noticias\/author\/admin\/#author"},"image":{"@type":"ImageObject","url":"https:\/\/candas365.es\/noticias\/wp-content\/uploads\/2023\/05\/cafe.jpg","@id":"https:\/\/candas365.es\/noticias\/nos-roba-el-sueno-la-taza-tardia-de-cafe-por-las-noches\/#mainImage","width":995,"height":673,"caption":"Muchas personas toman la \u00faltima taza de caf\u00e9 del d\u00eda alrededor de las 16, porque temen tener problemas para conciliar el sue\u00f1o. Foto: Christin Klose\/dpa"},"primaryImageOfPage":{"@id":"https:\/\/candas365.es\/noticias\/nos-roba-el-sueno-la-taza-tardia-de-cafe-por-las-noches\/#mainImage"},"datePublished":"2023-05-31T02:58:12+02:00","dateModified":"2023-05-31T02:58:12+02:00"},{"@type":"WebSite","@id":"https:\/\/candas365.es\/noticias\/#website","url":"https:\/\/candas365.es\/noticias\/","name":"Cand\u00e1s 365","alternateName":"Cand\u00e1s 365 Noticias","description":"Actualidad desde Carre\u00f1o para el mundo","inLanguage":"es-ES","publisher":{"@id":"https:\/\/candas365.es\/noticias\/#organization"}}]},"og:locale":"es_ES","og:site_name":"Cand\u00e1s 365","og:type":"article","og:title":"\u00bfNos roba el sue\u00f1o la taza tard\u00eda de caf\u00e9 por las noches? | Cand\u00e1s 365","og:description":"(dpa) - Muchas personas est\u00e1n convencidas de que luego de las 15 o 16 horas ya no pueden tomar caf\u00e9, porque de lo contrario su sue\u00f1o nocturno corre peligro.","og:url":"https:\/\/candas365.es\/noticias\/nos-roba-el-sueno-la-taza-tardia-de-cafe-por-las-noches\/","og:image":"https:\/\/candas365.es\/noticias\/wp-content\/uploads\/2023\/05\/cafe.jpg","og:image:secure_url":"https:\/\/candas365.es\/noticias\/wp-content\/uploads\/2023\/05\/cafe.jpg","og:image:width":995,"og:image:height":673,"article:published_time":"2023-05-31T00:58:12+00:00","article:modified_time":"2023-05-31T00:58:12+00:00","article:publisher":"https:\/\/www.facebook.com\/Nachofdezber","article:author":"https:\/\/www.facebook.com\/carrenoactualidad","twitter:card":"summary_large_image","twitter:site":"@NabercoDigital","twitter:title":"\u00bfNos roba el sue\u00f1o la taza tard\u00eda de caf\u00e9 por las noches? | Cand\u00e1s 365","twitter:description":"(dpa) - Muchas personas est\u00e1n convencidas de que luego de las 15 o 16 horas ya no pueden tomar caf\u00e9, porque de lo contrario su sue\u00f1o nocturno corre peligro.","twitter:creator":"@nbasturias","twitter:image":"https:\/\/candas365.es\/noticias\/wp-content\/uploads\/2023\/05\/cafe.jpg","twitter:label1":"Escrito por","twitter:data1":"Cand\u00e1s 365","twitter:label2":"Tiempo de lectura estimado","twitter:data2":"2 minutos"},"aioseo_meta_data":{"post_id":"174065","title":null,"description":"(dpa) - Muchas personas est\u00e1n convencidas de que luego de las 15 o 16 horas ya no pueden tomar caf\u00e9, porque de lo contrario su sue\u00f1o nocturno corre peligro.","keywords":[],"keyphrases":{"focus":{"keyphrase":"caf\u00e9","score":92,"analysis":{"keyphraseInTitle":{"score":9,"maxScore":9,"error":0},"keyphraseInDescription":{"score":9,"maxScore":9,"error":0},"keyphraseLength":{"score":9,"maxScore":9,"error":0,"length":1},"keyphraseInURL":{"score":1,"maxScore":5,"error":1},"keyphraseInIntroduction":{"score":9,"maxScore":9,"error":0},"keyphraseInSubHeadings":[],"keyphraseInImageAlt":{"score":9,"maxScore":9,"error":0}}},"additional":[{"keyphrase":"tomar caf\u00e9","score":83,"analysis":{"keyphraseInDescription":{"score":9,"maxScore":9,"error":0},"keyphraseLength":{"score":9,"maxScore":9,"error":0,"length":2},"keyphraseInIntroduction":{"score":9,"maxScore":9,"error":0},"keyphraseInImageAlt":{"score":3,"maxScore":9,"error":1}}},{"keyphrase":"caf\u00e9","score":100,"analysis":{"keyphraseInDescription":{"score":9,"maxScore":9,"error":0},"keyphraseLength":{"score":9,"maxScore":9,"error":0,"length":1},"keyphraseInIntroduction":{"score":9,"maxScore":9,"error":0},"keyphraseInImageAlt":{"score":9,"maxScore":9,"error":0}}}]},"primary_term":null,"canonical_url":null,"og_title":null,"og_description":null,"og_object_type":"default","og_image_type":"default","og_image_url":null,"og_image_width":null,"og_image_height":null,"og_image_custom_url":null,"og_image_custom_fields":null,"og_video":"","og_custom_url":null,"og_article_section":null,"og_article_tags":[],"twitter_use_og":false,"twitter_card":"default","twitter_image_type":"default","twitter_image_url":null,"twitter_image_custom_url":null,"twitter_image_custom_fields":null,"twitter_title":null,"twitter_description":null,"schema":{"blockGraphs":[],"customGraphs":[],"default":{"data":{"Article":[],"Course":[],"Dataset":[],"FAQPage":[],"Movie":[],"Person":[],"Product":[],"ProductReview":[],"Car":[],"Recipe":[],"Service":[],"SoftwareApplication":[],"WebPage":[]},"graphName":"","isEnabled":true},"graphs":[]},"schema_type":"default","schema_type_options":null,"pillar_content":false,"robots_default":true,"robots_noindex":false,"robots_noarchive":false,"robots_nosnippet":false,"robots_nofollow":false,"robots_noimageindex":false,"robots_noodp":false,"robots_notranslate":false,"robots_max_snippet":"-1","robots_max_videopreview":"-1","robots_max_imagepreview":"large","priority":null,"frequency":"default","location":null,"local_seo":null,"seo_analyzer_scan_date":"2025-09-01 21:01:34","breadcrumb_settings":null,"limit_modified_date":false,"reviewed_by":null,"open_ai":"{\"title\":{\"suggestions\":[],\"usage\":0},\"description\":{\"suggestions\":[],\"usage\":0}}","ai":null,"created":"2023-05-31 00:51:35","updated":"2025-09-01 21:01:34"},"aioseo_breadcrumb":"<div class=\"aioseo-breadcrumbs\"><span class=\"aioseo-breadcrumb\">\n\t<a href=\"https:\/\/candas365.es\/noticias\" title=\"Home\">Home<\/a>\n<\/span><span class=\"aioseo-breadcrumb-separator\">&ndash;<\/span><span class=\"aioseo-breadcrumb\">\n\t<a href=\"https:\/\/candas365.es\/noticias\/category\/sociedad\/\" title=\"Sociedad\">Sociedad<\/a>\n<\/span><span class=\"aioseo-breadcrumb-separator\">&ndash;<\/span><span class=\"aioseo-breadcrumb\">\n\t\u00bfNos roba el sue\u00f1o la taza tard\u00eda de caf\u00e9 por las noches?\n<\/span><\/div>","aioseo_breadcrumb_json":[{"label":"Home","link":"https:\/\/candas365.es\/noticias"},{"label":"Sociedad","link":"https:\/\/candas365.es\/noticias\/category\/sociedad\/"},{"label":"\u00bfNos roba el sue\u00f1o la taza tard\u00eda de caf\u00e9 por las noches?","link":"https:\/\/candas365.es\/noticias\/nos-roba-el-sueno-la-taza-tardia-de-cafe-por-las-noches\/"}],"_links":{"self":[{"href":"https:\/\/candas365.es\/noticias\/wp-json\/wp\/v2\/posts\/174065","targetHints":{"allow":["GET"]}}],"collection":[{"href":"https:\/\/candas365.es\/noticias\/wp-json\/wp\/v2\/posts"}],"about":[{"href":"https:\/\/candas365.es\/noticias\/wp-json\/wp\/v2\/types\/post"}],"author":[{"embeddable":true,"href":"https:\/\/candas365.es\/noticias\/wp-json\/wp\/v2\/users\/1"}],"replies":[{"embeddable":true,"href":"https:\/\/candas365.es\/noticias\/wp-json\/wp\/v2\/comments?post=174065"}],"version-history":[{"count":0,"href":"https:\/\/candas365.es\/noticias\/wp-json\/wp\/v2\/posts\/174065\/revisions"}],"wp:featuredmedia":[{"embeddable":true,"href":"https:\/\/candas365.es\/noticias\/wp-json\/wp\/v2\/media\/174066"}],"wp:attachment":[{"href":"https:\/\/candas365.es\/noticias\/wp-json\/wp\/v2\/media?parent=174065"}],"wp:term":[{"taxonomy":"category","embeddable":true,"href":"https:\/\/candas365.es\/noticias\/wp-json\/wp\/v2\/categories?post=174065"},{"taxonomy":"post_tag","embeddable":true,"href":"https:\/\/candas365.es\/noticias\/wp-json\/wp\/v2\/tags?post=174065"}],"curies":[{"name":"wp","href":"https:\/\/api.w.org\/{rel}","templated":true}]}}