{"id":174056,"date":"2023-05-31T02:29:09","date_gmt":"2023-05-31T00:29:09","guid":{"rendered":"https:\/\/candas365.es\/noticias\/?p=174056"},"modified":"2023-05-31T02:29:09","modified_gmt":"2023-05-31T00:29:09","slug":"entrevista-con-sabine-votteler-como-lograr-una-reorientacion-profesional-exitosa-a-partir-de-los-50-anos","status":"publish","type":"post","link":"https:\/\/candas365.es\/noticias\/entrevista-con-sabine-votteler-como-lograr-una-reorientacion-profesional-exitosa-a-partir-de-los-50-anos\/","title":{"rendered":"Entrevista con Sabine Votteler: \u00bfC\u00f3mo lograr una reorientaci\u00f3n profesional exitosa a partir de los 50 a\u00f1os?"},"content":{"rendered":"<p>(dpa) &#8211; Cuando alcanzamos los 50 a\u00f1os, a\u00fan nos quedan varios a\u00f1os <span style=\"color: #ff6600;\"><a style=\"color: #ff6600;\" href=\"https:\/\/www.eldigitaldeasturias.com\/noticias\/category\/negocios-y-empresas\/\" target=\"_blank\" rel=\"noopener\"><strong>laborales<\/strong><\/a><\/span> por delante. Tal vez incluso se haya alcanzado una posici\u00f3n de liderazgo o se haya hecho carrera en un campo determinado.<\/p>\n<figure id=\"attachment_174057\" aria-describedby=\"caption-attachment-174057\" style=\"width: 650px\" class=\"wp-caption aligncenter\"><img fetchpriority=\"high\" decoding=\"async\" class=\"wp-image-174057 size-large\" src=\"https:\/\/candas365.es\/noticias\/wp-content\/uploads\/2023\/05\/Sabine-Votteler-650x433.jpg\" alt=\"Sabine Votteler\" width=\"650\" height=\"433\" srcset=\"https:\/\/candas365.es\/noticias\/wp-content\/uploads\/2023\/05\/Sabine-Votteler-650x433.jpg 650w, https:\/\/candas365.es\/noticias\/wp-content\/uploads\/2023\/05\/Sabine-Votteler-360x240.jpg 360w, https:\/\/candas365.es\/noticias\/wp-content\/uploads\/2023\/05\/Sabine-Votteler-768x512.jpg 768w, https:\/\/candas365.es\/noticias\/wp-content\/uploads\/2023\/05\/Sabine-Votteler-150x100.jpg 150w, https:\/\/candas365.es\/noticias\/wp-content\/uploads\/2023\/05\/Sabine-Votteler-450x300.jpg 450w, https:\/\/candas365.es\/noticias\/wp-content\/uploads\/2023\/05\/Sabine-Votteler.jpg 989w\" sizes=\"(max-width: 650px) 100vw, 650px\" \/><figcaption id=\"caption-attachment-174057\" class=\"wp-caption-text\">Sabine Votteler es coach para la reorientaci\u00f3n profesional. Foto: Christian Kasper\/dpa<\/figcaption><\/figure>\n<p>Sin embargo, a veces nos falta el atractivo de lo nuevo, o bien se desea contar con m\u00e1s libertades. O tal vez se aspira a cumplir una tarea que nos haga sentir realizados<strong>. \u00bfEs posible entonces comenzar de cero?<\/strong><\/p>\n<p>Sabine Votteler es coach y asesora a personas que, pese a sus logros profesionales, desean una nueva orientaci\u00f3n laboral. <strong>Durante la <a href=\"https:\/\/www.eldigitaldeasturias.com\/noticias\/category\/entrevistas\/\"><span style=\"color: #ff6600;\">entrevista<\/span><\/a>, aclara cu\u00e1ndo resulta conveniente esta reorientaci\u00f3n, incluso cuando ya no se es muy joven, y c\u00f3mo lograr hacerlo.<\/strong><\/p>\n<h3><strong>dpa: \u00bfC\u00f3mo es posible concretar ese paso en una nueva direcci\u00f3n durante la segunda mitad de nuestra vida laboral?<\/strong><\/h3>\n<p>Sabine Votteler: Trabajo sobre todo con empleados experimentados, en su mayor\u00eda procedentes de puestos directivos, que en alg\u00fan momento, en torno a los 40 o 50 a\u00f1os, llegaron al lugar donde siempre quisieron estar y entonces se preguntan: <strong>\u00bfY ahora, qu\u00e9? Suele ser una fase de la vida en la que cambian los valores y las prioridades. Relativamente muchos se convierten entonces en <a href=\"https:\/\/candas365.es\/noticias\/category\/canal-empresas\/\" target=\"_blank\" rel=\"noopener\"><span style=\"color: #ff6600;\">aut\u00f3nomos<\/span><\/a>.<\/strong><\/p>\n<blockquote><p>Cuando se busca dar el paso al trabajo independiente, esto normalmente puede iniciarse sin mayores problemas de manera paralela, o sea desarrollar un modelo de negocios junto al trabajo habitual.<\/p><\/blockquote>\n<p>Tambi\u00e9n existen cada vez m\u00e1s empleados que reducen sus horas, por ejemplo trabajando cuatro d\u00edas a la semana para su empleador y reserv\u00e1ndose el tiempo restante para su propio emprendimiento.<\/p>\n<p><strong>Mi meta es siempre dejarle en claro a la gente que hay escalas intermedias, y no todo es solamente blanco o negro.<\/strong> No resulta necesario hacer este corte duro, al que la mayor\u00eda de las personas le tiene much\u00edsimo miedo.<\/p>\n<h3><strong>dpa: \u00bfC\u00f3mo averiguar en qu\u00e9 direcci\u00f3n en concreto puede ir ese nuevo rumbo laboral?<\/strong><\/h3>\n<p>Votteler: Sobre todo, volviendo la mirada sobre uno mismo. Desde mi punto de vista, se trata de entender que hay muchos \u00abselves posibles\u00bb, o sea muchos yo. Y de hecho por lo general vivimos uno y alguna vez nos pusieron o bien nos colocamos nosotros mismos en una determinada senda profesional.<\/p>\n<p>Y caminamos por ese sendero, pero ya sin mirar hacia la derecha y la izquierda, a la vez que por lo general tampoco somos conscientes de que hay mucho m\u00e1s que est\u00e1 desaprovechado en nuestro interior.<\/p>\n<blockquote><p>Por lo tanto, se trata de descubrir cu\u00e1les son estas posibilidades, los \u00abselves posibles\u00bb, y ponerlos a prueba.<\/p><\/blockquote>\n<p>Esto puede hacerse, por ejemplo, realizando alguna actividad voluntaria o hablando con personas que se desempe\u00f1an en el \u00e1rea en que tambi\u00e9n podr\u00eda imaginarse trabajando. Es muy importante que todo esto no ocurra solo en su cabeza, sino que pueda experimentarlo por su propia cuenta.<\/p>\n<p>Muchos tambi\u00e9n suelen decirse: me vuelvo asesor, me vuelvo mentor o coach. Ah\u00ed estamos con el tema: la persona con conocimientos que empieza a ser atractiva para los dem\u00e1s porque aporta mucho know-how, experiencia y conocimiento vivencial y transmite esta experiencia.<\/p>\n<h3><strong>dpa: \u00bfCu\u00e1ndo tiene m\u00e1s sentido cambiar de empleador o de secci\u00f3n, en lugar de comenzar completamente de nuevo?<\/strong><\/h3>\n<p>Votteler: Esto depende de por qu\u00e9 en realidad se est\u00e1 pensando cambiar la situaci\u00f3n laboral. Puede tener que ver en realidad con los contenidos del puesto. Pero tambi\u00e9n conozco muchas personas que dicen: <strong>\u00abMire, el contenido sigue siendo apasionante, el tema me sigue interesando. Pero las condiciones marco cambiaron much\u00edsimo y eso ya no me conviene\u00bb.<\/strong><\/p>\n<p>Y, luego, tambi\u00e9n hay que contemplar lo siguiente: \u00bfqu\u00e9 me resulta realmente importante? \u00bfqu\u00e9 condiciones marco necesito? \u00bfcu\u00e1les son mis valores? Muy frecuentemente se trata de un conflicto de valores cuando el trabajo ya no funciona.<\/p>\n<p>Entonces tendr\u00e1 que comparar: <strong>\u00bflo que es importante para m\u00ed puede cumplirse en este \u00e1mbito, y si no es en este sector, quiz\u00e1 en otra parte de la empresa? \u00bfo tiene que ver con el \u00e1rea, quiz\u00e1 incluso con el tema? Este an\u00e1lisis determinar\u00e1 si debo tantear el terreno dentro de la compa\u00f1\u00eda o buscar otra cosa.<\/strong><\/p>\n<p>Cuando se afirma que uno quiere pasarse a un rubro completamente distinto, del 0 a 100, esto naturalmente no funciona. Para eso tengo que poder construir en base a mi experiencia. Pero, antes de agarrarse un \u00abburnout\u00bb, siempre se puede buscar ocupar un nuevo puesto, que por lo general tambi\u00e9n existe.<\/p>\n<h2>SABINE VOTTELER:<\/h2>\n<p>Durante 20 a\u00f1os se desempe\u00f1\u00f3 en un puesto directivo, antes de convertirse en empleada aut\u00f3noma en 2014. Actualmente trabaja como coach para reorientaci\u00f3n laboral en la ciudad alemana de Reutlingen.<\/p>\n<p><i class=\"lang-es\"><span class=\" readonly\" title=\"\">Por Jessica Kliem (dpa)<\/span><\/i><\/p>\n","protected":false},"excerpt":{"rendered":"<p>(dpa) &#8211; Cuando alcanzamos los 50 a\u00f1os, a\u00fan nos quedan varios a\u00f1os laborales por delante. Tal vez incluso se haya alcanzado una posici\u00f3n de liderazgo o se haya hecho carrera en un campo determinado. Sin embargo, a veces nos falta el atractivo de lo nuevo, o bien se desea contar con m\u00e1s libertades. O tal<\/p>\n","protected":false},"author":1,"featured_media":174057,"comment_status":"closed","ping_status":"closed","sticky":false,"template":"","format":"standard","meta":{"footnotes":""},"categories":[316,143],"tags":[382,434],"class_list":{"0":"post-174056","1":"post","2":"type-post","3":"status-publish","4":"format-standard","5":"has-post-thumbnail","7":"category-destacadas","8":"category-sociedad","9":"tag-empleo","10":"tag-entrevistas"},"aioseo_notices":[],"aioseo_head":"\n\t\t<!-- All in One SEO Pro 4.9.6.2 - aioseo.com -->\n\t<meta name=\"description\" content=\"(dpa) - Cuando alcanzamos los 50 a\u00f1os, a\u00fan nos quedan varios a\u00f1os laborales por delante. Tal vez incluso se haya alcanzado una posici\u00f3n de liderazgo\" \/>\n\t<meta name=\"robots\" content=\"max-image-preview:large\" \/>\n\t<meta name=\"author\" content=\"Cand\u00e1s 365\"\/>\n\t<meta name=\"google-site-verification\" content=\"UA-32230408-1\" \/>\n\t<meta name=\"msvalidate.01\" content=\"354F3CDFB2DA171B47FBE9ABF1F88D5\" \/>\n\t<meta name=\"keywords\" content=\"destacadas,sociedad\" \/>\n\t<link rel=\"canonical\" href=\"https:\/\/candas365.es\/noticias\/entrevista-con-sabine-votteler-como-lograr-una-reorientacion-profesional-exitosa-a-partir-de-los-50-anos\/\" \/>\n\t<meta name=\"generator\" content=\"All in One SEO Pro (AIOSEO) 4.9.6.2\" \/>\n\t\t<meta property=\"og:locale\" content=\"es_ES\" \/>\n\t\t<meta property=\"og:site_name\" content=\"Cand\u00e1s 365\" \/>\n\t\t<meta property=\"og:type\" content=\"article\" \/>\n\t\t<meta property=\"og:title\" content=\"Entrevista con Sabine Votteler: \u00bfC\u00f3mo lograr una reorientaci\u00f3n profesional exitosa a partir de los 50 a\u00f1os? | Cand\u00e1s 365\" \/>\n\t\t<meta property=\"og:description\" content=\"(dpa) - Cuando alcanzamos los 50 a\u00f1os, a\u00fan nos quedan varios a\u00f1os laborales por delante. Tal vez incluso se haya alcanzado una posici\u00f3n de liderazgo\" \/>\n\t\t<meta property=\"og:url\" content=\"https:\/\/candas365.es\/noticias\/entrevista-con-sabine-votteler-como-lograr-una-reorientacion-profesional-exitosa-a-partir-de-los-50-anos\/\" \/>\n\t\t<meta property=\"og:image\" content=\"https:\/\/candas365.es\/noticias\/wp-content\/uploads\/2023\/05\/Sabine-Votteler.jpg\" \/>\n\t\t<meta property=\"og:image:secure_url\" content=\"https:\/\/candas365.es\/noticias\/wp-content\/uploads\/2023\/05\/Sabine-Votteler.jpg\" \/>\n\t\t<meta property=\"og:image:width\" content=\"989\" \/>\n\t\t<meta property=\"og:image:height\" content=\"659\" \/>\n\t\t<meta property=\"article:published_time\" content=\"2023-05-31T00:29:09+00:00\" \/>\n\t\t<meta property=\"article:modified_time\" content=\"2023-05-31T00:29:09+00:00\" \/>\n\t\t<meta property=\"article:publisher\" content=\"https:\/\/www.facebook.com\/Nachofdezber\" \/>\n\t\t<meta property=\"article:author\" content=\"https:\/\/www.facebook.com\/carrenoactualidad\" \/>\n\t\t<meta name=\"twitter:card\" content=\"summary_large_image\" \/>\n\t\t<meta name=\"twitter:site\" content=\"@NabercoDigital\" \/>\n\t\t<meta name=\"twitter:title\" content=\"Entrevista con Sabine Votteler: \u00bfC\u00f3mo lograr una reorientaci\u00f3n profesional exitosa a partir de los 50 a\u00f1os? | Cand\u00e1s 365\" \/>\n\t\t<meta name=\"twitter:description\" content=\"(dpa) - Cuando alcanzamos los 50 a\u00f1os, a\u00fan nos quedan varios a\u00f1os laborales por delante. Tal vez incluso se haya alcanzado una posici\u00f3n de liderazgo\" \/>\n\t\t<meta name=\"twitter:creator\" content=\"@nbasturias\" \/>\n\t\t<meta name=\"twitter:image\" content=\"https:\/\/candas365.es\/noticias\/wp-content\/uploads\/2023\/05\/Sabine-Votteler.jpg\" \/>\n\t\t<meta name=\"twitter:label1\" content=\"Escrito por\" \/>\n\t\t<meta name=\"twitter:data1\" content=\"Cand\u00e1s 365\" \/>\n\t\t<meta name=\"twitter:label2\" content=\"Tiempo de lectura estimado\" \/>\n\t\t<meta name=\"twitter:data2\" content=\"4 minutos\" \/>\n\t\t<script type=\"application\/ld+json\" class=\"aioseo-schema\">\n\t\t\t{\"@context\":\"https:\\\/\\\/schema.org\",\"@graph\":[{\"@type\":\"BreadcrumbList\",\"@id\":\"https:\\\/\\\/candas365.es\\\/noticias\\\/entrevista-con-sabine-votteler-como-lograr-una-reorientacion-profesional-exitosa-a-partir-de-los-50-anos\\\/#breadcrumblist\",\"itemListElement\":[{\"@type\":\"ListItem\",\"@id\":\"https:\\\/\\\/candas365.es\\\/noticias#listItem\",\"position\":1,\"name\":\"Home\",\"item\":\"https:\\\/\\\/candas365.es\\\/noticias\",\"nextItem\":{\"@type\":\"ListItem\",\"@id\":\"https:\\\/\\\/candas365.es\\\/noticias\\\/category\\\/sociedad\\\/#listItem\",\"name\":\"Sociedad\"}},{\"@type\":\"ListItem\",\"@id\":\"https:\\\/\\\/candas365.es\\\/noticias\\\/category\\\/sociedad\\\/#listItem\",\"position\":2,\"name\":\"Sociedad\",\"item\":\"https:\\\/\\\/candas365.es\\\/noticias\\\/category\\\/sociedad\\\/\",\"nextItem\":{\"@type\":\"ListItem\",\"@id\":\"https:\\\/\\\/candas365.es\\\/noticias\\\/entrevista-con-sabine-votteler-como-lograr-una-reorientacion-profesional-exitosa-a-partir-de-los-50-anos\\\/#listItem\",\"name\":\"Entrevista con Sabine Votteler: \\u00bfC\\u00f3mo lograr una reorientaci\\u00f3n profesional exitosa a partir de los 50 a\\u00f1os?\"},\"previousItem\":{\"@type\":\"ListItem\",\"@id\":\"https:\\\/\\\/candas365.es\\\/noticias#listItem\",\"name\":\"Home\"}},{\"@type\":\"ListItem\",\"@id\":\"https:\\\/\\\/candas365.es\\\/noticias\\\/entrevista-con-sabine-votteler-como-lograr-una-reorientacion-profesional-exitosa-a-partir-de-los-50-anos\\\/#listItem\",\"position\":3,\"name\":\"Entrevista con Sabine Votteler: \\u00bfC\\u00f3mo lograr una reorientaci\\u00f3n profesional exitosa a partir de los 50 a\\u00f1os?\",\"previousItem\":{\"@type\":\"ListItem\",\"@id\":\"https:\\\/\\\/candas365.es\\\/noticias\\\/category\\\/sociedad\\\/#listItem\",\"name\":\"Sociedad\"}}]},{\"@type\":\"NewsArticle\",\"@id\":\"https:\\\/\\\/candas365.es\\\/noticias\\\/entrevista-con-sabine-votteler-como-lograr-una-reorientacion-profesional-exitosa-a-partir-de-los-50-anos\\\/#newsarticle\",\"name\":\"Entrevista con Sabine Votteler: \\u00bfC\\u00f3mo lograr una reorientaci\\u00f3n profesional exitosa a partir de los 50 a\\u00f1os? | Cand\\u00e1s 365\",\"headline\":\"Entrevista con Sabine Votteler: \\u00bfC\\u00f3mo lograr una reorientaci\\u00f3n profesional exitosa a partir de los 50 a\\u00f1os?\",\"author\":{\"@id\":\"https:\\\/\\\/candas365.es\\\/noticias\\\/author\\\/admin\\\/#author\"},\"publisher\":{\"@id\":\"https:\\\/\\\/candas365.es\\\/noticias\\\/#organization\"},\"image\":{\"@type\":\"ImageObject\",\"url\":\"https:\\\/\\\/candas365.es\\\/noticias\\\/wp-content\\\/uploads\\\/2023\\\/05\\\/Sabine-Votteler.jpg\",\"width\":989,\"height\":659,\"caption\":\"Sabine Votteler es coach para la reorientaci\\u00f3n profesional. Foto: Christian Kasper\\\/dpa\"},\"datePublished\":\"2023-05-31T02:29:09+02:00\",\"dateModified\":\"2023-05-31T02:29:09+02:00\",\"inLanguage\":\"es-ES\",\"mainEntityOfPage\":{\"@id\":\"https:\\\/\\\/candas365.es\\\/noticias\\\/entrevista-con-sabine-votteler-como-lograr-una-reorientacion-profesional-exitosa-a-partir-de-los-50-anos\\\/#webpage\"},\"isPartOf\":{\"@id\":\"https:\\\/\\\/candas365.es\\\/noticias\\\/entrevista-con-sabine-votteler-como-lograr-una-reorientacion-profesional-exitosa-a-partir-de-los-50-anos\\\/#webpage\"},\"articleSection\":\"Destacadas, Sociedad, empleo, entrevistas\",\"dateline\":\"Publicado el mayo 31, 2023.\"},{\"@type\":\"Organization\",\"@id\":\"https:\\\/\\\/candas365.es\\\/noticias\\\/#organization\",\"name\":\"Cand\\u00e1s 365\",\"description\":\"Cand\\u00e1s 365 es un diario digital independiente, fundado en 2012, con base en Asturias. Informamos con rigor sobre actualidad, sociedad, cultura y ocio, con una mirada local y global.\",\"url\":\"https:\\\/\\\/candas365.es\\\/noticias\\\/\",\"email\":\"info@candas365.es\",\"telephone\":\"+34652131393\",\"foundingDate\":\"2012-06-10\",\"logo\":{\"@type\":\"ImageObject\",\"url\":\"https:\\\/\\\/candas365.es\\\/noticias\\\/wp-content\\\/uploads\\\/2024\\\/09\\\/Candas-365-Redes.jpg\",\"@id\":\"https:\\\/\\\/candas365.es\\\/noticias\\\/entrevista-con-sabine-votteler-como-lograr-una-reorientacion-profesional-exitosa-a-partir-de-los-50-anos\\\/#organizationLogo\",\"width\":1152,\"height\":864,\"caption\":\"Cand\\u00e1s 365 Redes\"},\"image\":{\"@id\":\"https:\\\/\\\/candas365.es\\\/noticias\\\/entrevista-con-sabine-votteler-como-lograr-una-reorientacion-profesional-exitosa-a-partir-de-los-50-anos\\\/#organizationLogo\"},\"sameAs\":[\"https:\\\/\\\/www.facebook.com\\\/Nachofdezber\",\"https:\\\/\\\/x.com\\\/NabercoDigital\",\"https:\\\/\\\/www.instagram.com\\\/nachofdezber\\\/\",\"https:\\\/\\\/www.youtube.com\\\/channel\\\/UCZP-2wLEB9Rv6erhFmqVnvg\"],\"address\":{\"@id\":\"https:\\\/\\\/candas365.es\\\/noticias\\\/#postaladdress\",\"@type\":\"PostalAddress\",\"streetAddress\":\"san antonio 4, san antonio 4\",\"postalCode\":\"33430\",\"addressLocality\":\"Cand\\u00e1s\",\"addressRegion\":\"Asturias\",\"addressCountry\":\"ES\"}},{\"@type\":\"Person\",\"@id\":\"https:\\\/\\\/candas365.es\\\/noticias\\\/author\\\/admin\\\/#author\",\"url\":\"https:\\\/\\\/candas365.es\\\/noticias\\\/author\\\/admin\\\/\",\"name\":\"Cand\\u00e1s 365\",\"image\":{\"@type\":\"ImageObject\",\"@id\":\"https:\\\/\\\/candas365.es\\\/noticias\\\/entrevista-con-sabine-votteler-como-lograr-una-reorientacion-profesional-exitosa-a-partir-de-los-50-anos\\\/#authorImage\",\"url\":\"https:\\\/\\\/secure.gravatar.com\\\/avatar\\\/496a8e03d0c493ede1718b7934145dbdf8d89be1036b0eec9544e1094c9de390?s=96&d=mm&r=g\",\"width\":96,\"height\":96,\"caption\":\"Cand\\u00e1s 365\"},\"sameAs\":[\"https:\\\/\\\/www.facebook.com\\\/carrenoactualidad\",\"https:\\\/\\\/twitter.com\\\/nbasturias\",\"https:\\\/\\\/www.instagram.com\\\/nachofdezber\\\/\",\"https:\\\/\\\/www.youtube.com\\\/channel\\\/UCZP-2wLEB9Rv6erhFmqVnvg\"]},{\"@type\":\"WebPage\",\"@id\":\"https:\\\/\\\/candas365.es\\\/noticias\\\/entrevista-con-sabine-votteler-como-lograr-una-reorientacion-profesional-exitosa-a-partir-de-los-50-anos\\\/#webpage\",\"url\":\"https:\\\/\\\/candas365.es\\\/noticias\\\/entrevista-con-sabine-votteler-como-lograr-una-reorientacion-profesional-exitosa-a-partir-de-los-50-anos\\\/\",\"name\":\"Entrevista con Sabine Votteler: \\u00bfC\\u00f3mo lograr una reorientaci\\u00f3n profesional exitosa a partir de los 50 a\\u00f1os? | Cand\\u00e1s 365\",\"description\":\"(dpa) - Cuando alcanzamos los 50 a\\u00f1os, a\\u00fan nos quedan varios a\\u00f1os laborales por delante. Tal vez incluso se haya alcanzado una posici\\u00f3n de liderazgo\",\"inLanguage\":\"es-ES\",\"isPartOf\":{\"@id\":\"https:\\\/\\\/candas365.es\\\/noticias\\\/#website\"},\"breadcrumb\":{\"@id\":\"https:\\\/\\\/candas365.es\\\/noticias\\\/entrevista-con-sabine-votteler-como-lograr-una-reorientacion-profesional-exitosa-a-partir-de-los-50-anos\\\/#breadcrumblist\"},\"author\":{\"@id\":\"https:\\\/\\\/candas365.es\\\/noticias\\\/author\\\/admin\\\/#author\"},\"creator\":{\"@id\":\"https:\\\/\\\/candas365.es\\\/noticias\\\/author\\\/admin\\\/#author\"},\"image\":{\"@type\":\"ImageObject\",\"url\":\"https:\\\/\\\/candas365.es\\\/noticias\\\/wp-content\\\/uploads\\\/2023\\\/05\\\/Sabine-Votteler.jpg\",\"@id\":\"https:\\\/\\\/candas365.es\\\/noticias\\\/entrevista-con-sabine-votteler-como-lograr-una-reorientacion-profesional-exitosa-a-partir-de-los-50-anos\\\/#mainImage\",\"width\":989,\"height\":659,\"caption\":\"Sabine Votteler es coach para la reorientaci\\u00f3n profesional. Foto: Christian Kasper\\\/dpa\"},\"primaryImageOfPage\":{\"@id\":\"https:\\\/\\\/candas365.es\\\/noticias\\\/entrevista-con-sabine-votteler-como-lograr-una-reorientacion-profesional-exitosa-a-partir-de-los-50-anos\\\/#mainImage\"},\"datePublished\":\"2023-05-31T02:29:09+02:00\",\"dateModified\":\"2023-05-31T02:29:09+02:00\"},{\"@type\":\"WebSite\",\"@id\":\"https:\\\/\\\/candas365.es\\\/noticias\\\/#website\",\"url\":\"https:\\\/\\\/candas365.es\\\/noticias\\\/\",\"name\":\"Cand\\u00e1s 365\",\"alternateName\":\"Cand\\u00e1s 365 Noticias\",\"description\":\"Actualidad desde Carre\\u00f1o para el mundo\",\"inLanguage\":\"es-ES\",\"publisher\":{\"@id\":\"https:\\\/\\\/candas365.es\\\/noticias\\\/#organization\"}}]}\n\t\t<\/script>\n\t\t<!-- All in One SEO Pro -->\r\n\t\t<title>Entrevista con Sabine Votteler: \u00bfC\u00f3mo lograr una reorientaci\u00f3n profesional exitosa a partir de los 50 a\u00f1os? | Cand\u00e1s 365<\/title>\n\n","aioseo_head_json":{"title":"Entrevista con Sabine Votteler: \u00bfC\u00f3mo lograr una reorientaci\u00f3n profesional exitosa a partir de los 50 a\u00f1os? | Cand\u00e1s 365","description":"(dpa) - Cuando alcanzamos los 50 a\u00f1os, a\u00fan nos quedan varios a\u00f1os laborales por delante. Tal vez incluso se haya alcanzado una posici\u00f3n de liderazgo","canonical_url":"https:\/\/candas365.es\/noticias\/entrevista-con-sabine-votteler-como-lograr-una-reorientacion-profesional-exitosa-a-partir-de-los-50-anos\/","robots":"max-image-preview:large","keywords":"destacadas,sociedad","webmasterTools":{"google-site-verification":"UA-32230408-1","msvalidate.01":"354F3CDFB2DA171B47FBE9ABF1F88D5","miscellaneous":""},"schema":{"@context":"https:\/\/schema.org","@graph":[{"@type":"BreadcrumbList","@id":"https:\/\/candas365.es\/noticias\/entrevista-con-sabine-votteler-como-lograr-una-reorientacion-profesional-exitosa-a-partir-de-los-50-anos\/#breadcrumblist","itemListElement":[{"@type":"ListItem","@id":"https:\/\/candas365.es\/noticias#listItem","position":1,"name":"Home","item":"https:\/\/candas365.es\/noticias","nextItem":{"@type":"ListItem","@id":"https:\/\/candas365.es\/noticias\/category\/sociedad\/#listItem","name":"Sociedad"}},{"@type":"ListItem","@id":"https:\/\/candas365.es\/noticias\/category\/sociedad\/#listItem","position":2,"name":"Sociedad","item":"https:\/\/candas365.es\/noticias\/category\/sociedad\/","nextItem":{"@type":"ListItem","@id":"https:\/\/candas365.es\/noticias\/entrevista-con-sabine-votteler-como-lograr-una-reorientacion-profesional-exitosa-a-partir-de-los-50-anos\/#listItem","name":"Entrevista con Sabine Votteler: \u00bfC\u00f3mo lograr una reorientaci\u00f3n profesional exitosa a partir de los 50 a\u00f1os?"},"previousItem":{"@type":"ListItem","@id":"https:\/\/candas365.es\/noticias#listItem","name":"Home"}},{"@type":"ListItem","@id":"https:\/\/candas365.es\/noticias\/entrevista-con-sabine-votteler-como-lograr-una-reorientacion-profesional-exitosa-a-partir-de-los-50-anos\/#listItem","position":3,"name":"Entrevista con Sabine Votteler: \u00bfC\u00f3mo lograr una reorientaci\u00f3n profesional exitosa a partir de los 50 a\u00f1os?","previousItem":{"@type":"ListItem","@id":"https:\/\/candas365.es\/noticias\/category\/sociedad\/#listItem","name":"Sociedad"}}]},{"@type":"NewsArticle","@id":"https:\/\/candas365.es\/noticias\/entrevista-con-sabine-votteler-como-lograr-una-reorientacion-profesional-exitosa-a-partir-de-los-50-anos\/#newsarticle","name":"Entrevista con Sabine Votteler: \u00bfC\u00f3mo lograr una reorientaci\u00f3n profesional exitosa a partir de los 50 a\u00f1os? | Cand\u00e1s 365","headline":"Entrevista con Sabine Votteler: \u00bfC\u00f3mo lograr una reorientaci\u00f3n profesional exitosa a partir de los 50 a\u00f1os?","author":{"@id":"https:\/\/candas365.es\/noticias\/author\/admin\/#author"},"publisher":{"@id":"https:\/\/candas365.es\/noticias\/#organization"},"image":{"@type":"ImageObject","url":"https:\/\/candas365.es\/noticias\/wp-content\/uploads\/2023\/05\/Sabine-Votteler.jpg","width":989,"height":659,"caption":"Sabine Votteler es coach para la reorientaci\u00f3n profesional. Foto: Christian Kasper\/dpa"},"datePublished":"2023-05-31T02:29:09+02:00","dateModified":"2023-05-31T02:29:09+02:00","inLanguage":"es-ES","mainEntityOfPage":{"@id":"https:\/\/candas365.es\/noticias\/entrevista-con-sabine-votteler-como-lograr-una-reorientacion-profesional-exitosa-a-partir-de-los-50-anos\/#webpage"},"isPartOf":{"@id":"https:\/\/candas365.es\/noticias\/entrevista-con-sabine-votteler-como-lograr-una-reorientacion-profesional-exitosa-a-partir-de-los-50-anos\/#webpage"},"articleSection":"Destacadas, Sociedad, empleo, entrevistas","dateline":"Publicado el mayo 31, 2023."},{"@type":"Organization","@id":"https:\/\/candas365.es\/noticias\/#organization","name":"Cand\u00e1s 365","description":"Cand\u00e1s 365 es un diario digital independiente, fundado en 2012, con base en Asturias. Informamos con rigor sobre actualidad, sociedad, cultura y ocio, con una mirada local y global.","url":"https:\/\/candas365.es\/noticias\/","email":"info@candas365.es","telephone":"+34652131393","foundingDate":"2012-06-10","logo":{"@type":"ImageObject","url":"https:\/\/candas365.es\/noticias\/wp-content\/uploads\/2024\/09\/Candas-365-Redes.jpg","@id":"https:\/\/candas365.es\/noticias\/entrevista-con-sabine-votteler-como-lograr-una-reorientacion-profesional-exitosa-a-partir-de-los-50-anos\/#organizationLogo","width":1152,"height":864,"caption":"Cand\u00e1s 365 Redes"},"image":{"@id":"https:\/\/candas365.es\/noticias\/entrevista-con-sabine-votteler-como-lograr-una-reorientacion-profesional-exitosa-a-partir-de-los-50-anos\/#organizationLogo"},"sameAs":["https:\/\/www.facebook.com\/Nachofdezber","https:\/\/x.com\/NabercoDigital","https:\/\/www.instagram.com\/nachofdezber\/","https:\/\/www.youtube.com\/channel\/UCZP-2wLEB9Rv6erhFmqVnvg"],"address":{"@id":"https:\/\/candas365.es\/noticias\/#postaladdress","@type":"PostalAddress","streetAddress":"san antonio 4, san antonio 4","postalCode":"33430","addressLocality":"Cand\u00e1s","addressRegion":"Asturias","addressCountry":"ES"}},{"@type":"Person","@id":"https:\/\/candas365.es\/noticias\/author\/admin\/#author","url":"https:\/\/candas365.es\/noticias\/author\/admin\/","name":"Cand\u00e1s 365","image":{"@type":"ImageObject","@id":"https:\/\/candas365.es\/noticias\/entrevista-con-sabine-votteler-como-lograr-una-reorientacion-profesional-exitosa-a-partir-de-los-50-anos\/#authorImage","url":"https:\/\/secure.gravatar.com\/avatar\/496a8e03d0c493ede1718b7934145dbdf8d89be1036b0eec9544e1094c9de390?s=96&d=mm&r=g","width":96,"height":96,"caption":"Cand\u00e1s 365"},"sameAs":["https:\/\/www.facebook.com\/carrenoactualidad","https:\/\/twitter.com\/nbasturias","https:\/\/www.instagram.com\/nachofdezber\/","https:\/\/www.youtube.com\/channel\/UCZP-2wLEB9Rv6erhFmqVnvg"]},{"@type":"WebPage","@id":"https:\/\/candas365.es\/noticias\/entrevista-con-sabine-votteler-como-lograr-una-reorientacion-profesional-exitosa-a-partir-de-los-50-anos\/#webpage","url":"https:\/\/candas365.es\/noticias\/entrevista-con-sabine-votteler-como-lograr-una-reorientacion-profesional-exitosa-a-partir-de-los-50-anos\/","name":"Entrevista con Sabine Votteler: \u00bfC\u00f3mo lograr una reorientaci\u00f3n profesional exitosa a partir de los 50 a\u00f1os? | Cand\u00e1s 365","description":"(dpa) - Cuando alcanzamos los 50 a\u00f1os, a\u00fan nos quedan varios a\u00f1os laborales por delante. Tal vez incluso se haya alcanzado una posici\u00f3n de liderazgo","inLanguage":"es-ES","isPartOf":{"@id":"https:\/\/candas365.es\/noticias\/#website"},"breadcrumb":{"@id":"https:\/\/candas365.es\/noticias\/entrevista-con-sabine-votteler-como-lograr-una-reorientacion-profesional-exitosa-a-partir-de-los-50-anos\/#breadcrumblist"},"author":{"@id":"https:\/\/candas365.es\/noticias\/author\/admin\/#author"},"creator":{"@id":"https:\/\/candas365.es\/noticias\/author\/admin\/#author"},"image":{"@type":"ImageObject","url":"https:\/\/candas365.es\/noticias\/wp-content\/uploads\/2023\/05\/Sabine-Votteler.jpg","@id":"https:\/\/candas365.es\/noticias\/entrevista-con-sabine-votteler-como-lograr-una-reorientacion-profesional-exitosa-a-partir-de-los-50-anos\/#mainImage","width":989,"height":659,"caption":"Sabine Votteler es coach para la reorientaci\u00f3n profesional. Foto: Christian Kasper\/dpa"},"primaryImageOfPage":{"@id":"https:\/\/candas365.es\/noticias\/entrevista-con-sabine-votteler-como-lograr-una-reorientacion-profesional-exitosa-a-partir-de-los-50-anos\/#mainImage"},"datePublished":"2023-05-31T02:29:09+02:00","dateModified":"2023-05-31T02:29:09+02:00"},{"@type":"WebSite","@id":"https:\/\/candas365.es\/noticias\/#website","url":"https:\/\/candas365.es\/noticias\/","name":"Cand\u00e1s 365","alternateName":"Cand\u00e1s 365 Noticias","description":"Actualidad desde Carre\u00f1o para el mundo","inLanguage":"es-ES","publisher":{"@id":"https:\/\/candas365.es\/noticias\/#organization"}}]},"og:locale":"es_ES","og:site_name":"Cand\u00e1s 365","og:type":"article","og:title":"Entrevista con Sabine Votteler: \u00bfC\u00f3mo lograr una reorientaci\u00f3n profesional exitosa a partir de los 50 a\u00f1os? | Cand\u00e1s 365","og:description":"(dpa) - Cuando alcanzamos los 50 a\u00f1os, a\u00fan nos quedan varios a\u00f1os laborales por delante. Tal vez incluso se haya alcanzado una posici\u00f3n de liderazgo","og:url":"https:\/\/candas365.es\/noticias\/entrevista-con-sabine-votteler-como-lograr-una-reorientacion-profesional-exitosa-a-partir-de-los-50-anos\/","og:image":"https:\/\/candas365.es\/noticias\/wp-content\/uploads\/2023\/05\/Sabine-Votteler.jpg","og:image:secure_url":"https:\/\/candas365.es\/noticias\/wp-content\/uploads\/2023\/05\/Sabine-Votteler.jpg","og:image:width":989,"og:image:height":659,"article:published_time":"2023-05-31T00:29:09+00:00","article:modified_time":"2023-05-31T00:29:09+00:00","article:publisher":"https:\/\/www.facebook.com\/Nachofdezber","article:author":"https:\/\/www.facebook.com\/carrenoactualidad","twitter:card":"summary_large_image","twitter:site":"@NabercoDigital","twitter:title":"Entrevista con Sabine Votteler: \u00bfC\u00f3mo lograr una reorientaci\u00f3n profesional exitosa a partir de los 50 a\u00f1os? | Cand\u00e1s 365","twitter:description":"(dpa) - Cuando alcanzamos los 50 a\u00f1os, a\u00fan nos quedan varios a\u00f1os laborales por delante. Tal vez incluso se haya alcanzado una posici\u00f3n de liderazgo","twitter:creator":"@nbasturias","twitter:image":"https:\/\/candas365.es\/noticias\/wp-content\/uploads\/2023\/05\/Sabine-Votteler.jpg","twitter:label1":"Escrito por","twitter:data1":"Cand\u00e1s 365","twitter:label2":"Tiempo de lectura estimado","twitter:data2":"4 minutos"},"aioseo_meta_data":{"post_id":"174056","title":null,"description":"(dpa) - Cuando alcanzamos los 50 a\u00f1os, a\u00fan nos quedan varios a\u00f1os laborales por delante. Tal vez incluso se haya alcanzado una posici\u00f3n de liderazgo","keywords":[],"keyphrases":{"focus":{"keyphrase":"Sabine Votteler","score":63,"analysis":{"keyphraseInTitle":{"score":9,"maxScore":9,"error":0},"keyphraseInDescription":{"score":3,"maxScore":9,"error":1},"keyphraseLength":{"score":9,"maxScore":9,"error":0,"length":2},"keyphraseInURL":{"score":1,"maxScore":5,"error":1},"keyphraseInIntroduction":{"score":3,"maxScore":9,"error":1},"keyphraseInSubHeadings":{"score":3,"maxScore":9,"error":1},"keyphraseInImageAlt":{"score":9,"maxScore":9,"error":0}}},"additional":[{"keyphrase":"liderazgo ","score":83,"analysis":{"keyphraseInDescription":{"score":9,"maxScore":9,"error":0},"keyphraseLength":{"score":9,"maxScore":9,"error":0,"length":1},"keyphraseInIntroduction":{"score":9,"maxScore":9,"error":0},"keyphraseInImageAlt":{"score":3,"maxScore":9,"error":1}}},{"keyphrase":"50 a\u00f1os","score":83,"analysis":{"keyphraseInDescription":{"score":9,"maxScore":9,"error":0},"keyphraseLength":{"score":9,"maxScore":9,"error":0,"length":1},"keyphraseInIntroduction":{"score":9,"maxScore":9,"error":0},"keyphraseInImageAlt":{"score":3,"maxScore":9,"error":1}}},{"keyphrase":"Sabine Votteler","score":67,"analysis":{"keyphraseInDescription":{"score":3,"maxScore":9,"error":1},"keyphraseLength":{"score":9,"maxScore":9,"error":0,"length":2},"keyphraseInIntroduction":{"score":3,"maxScore":9,"error":1},"keyphraseInImageAlt":{"score":9,"maxScore":9,"error":0}}}]},"primary_term":null,"canonical_url":null,"og_title":null,"og_description":null,"og_object_type":"default","og_image_type":"default","og_image_url":null,"og_image_width":null,"og_image_height":null,"og_image_custom_url":null,"og_image_custom_fields":null,"og_video":"","og_custom_url":null,"og_article_section":null,"og_article_tags":[],"twitter_use_og":false,"twitter_card":"default","twitter_image_type":"default","twitter_image_url":null,"twitter_image_custom_url":null,"twitter_image_custom_fields":null,"twitter_title":null,"twitter_description":null,"schema":{"blockGraphs":[],"customGraphs":[],"default":{"data":{"Article":[],"Course":[],"Dataset":[],"FAQPage":[],"Movie":[],"Person":[],"Product":[],"ProductReview":[],"Car":[],"Recipe":[],"Service":[],"SoftwareApplication":[],"WebPage":[]},"graphName":"","isEnabled":true},"graphs":[]},"schema_type":"default","schema_type_options":null,"pillar_content":false,"robots_default":true,"robots_noindex":false,"robots_noarchive":false,"robots_nosnippet":false,"robots_nofollow":false,"robots_noimageindex":false,"robots_noodp":false,"robots_notranslate":false,"robots_max_snippet":"-1","robots_max_videopreview":"-1","robots_max_imagepreview":"large","priority":null,"frequency":"default","location":null,"local_seo":null,"seo_analyzer_scan_date":"2025-09-01 21:01:17","breadcrumb_settings":null,"limit_modified_date":false,"reviewed_by":null,"open_ai":"{\"title\":{\"suggestions\":[],\"usage\":0},\"description\":{\"suggestions\":[],\"usage\":0}}","ai":null,"created":"2023-05-31 00:17:17","updated":"2025-09-01 21:01:17"},"aioseo_breadcrumb":"<div class=\"aioseo-breadcrumbs\"><span class=\"aioseo-breadcrumb\">\n\t<a href=\"https:\/\/candas365.es\/noticias\" title=\"Home\">Home<\/a>\n<\/span><span class=\"aioseo-breadcrumb-separator\">&ndash;<\/span><span class=\"aioseo-breadcrumb\">\n\t<a href=\"https:\/\/candas365.es\/noticias\/category\/sociedad\/\" title=\"Sociedad\">Sociedad<\/a>\n<\/span><span class=\"aioseo-breadcrumb-separator\">&ndash;<\/span><span class=\"aioseo-breadcrumb\">\n\tEntrevista con Sabine Votteler: \u00bfC\u00f3mo lograr una reorientaci\u00f3n profesional exitosa a partir de los 50 a\u00f1os?\n<\/span><\/div>","aioseo_breadcrumb_json":[{"label":"Home","link":"https:\/\/candas365.es\/noticias"},{"label":"Sociedad","link":"https:\/\/candas365.es\/noticias\/category\/sociedad\/"},{"label":"Entrevista con Sabine Votteler: \u00bfC\u00f3mo lograr una reorientaci\u00f3n profesional exitosa a partir de los 50 a\u00f1os?","link":"https:\/\/candas365.es\/noticias\/entrevista-con-sabine-votteler-como-lograr-una-reorientacion-profesional-exitosa-a-partir-de-los-50-anos\/"}],"_links":{"self":[{"href":"https:\/\/candas365.es\/noticias\/wp-json\/wp\/v2\/posts\/174056","targetHints":{"allow":["GET"]}}],"collection":[{"href":"https:\/\/candas365.es\/noticias\/wp-json\/wp\/v2\/posts"}],"about":[{"href":"https:\/\/candas365.es\/noticias\/wp-json\/wp\/v2\/types\/post"}],"author":[{"embeddable":true,"href":"https:\/\/candas365.es\/noticias\/wp-json\/wp\/v2\/users\/1"}],"replies":[{"embeddable":true,"href":"https:\/\/candas365.es\/noticias\/wp-json\/wp\/v2\/comments?post=174056"}],"version-history":[{"count":0,"href":"https:\/\/candas365.es\/noticias\/wp-json\/wp\/v2\/posts\/174056\/revisions"}],"wp:featuredmedia":[{"embeddable":true,"href":"https:\/\/candas365.es\/noticias\/wp-json\/wp\/v2\/media\/174057"}],"wp:attachment":[{"href":"https:\/\/candas365.es\/noticias\/wp-json\/wp\/v2\/media?parent=174056"}],"wp:term":[{"taxonomy":"category","embeddable":true,"href":"https:\/\/candas365.es\/noticias\/wp-json\/wp\/v2\/categories?post=174056"},{"taxonomy":"post_tag","embeddable":true,"href":"https:\/\/candas365.es\/noticias\/wp-json\/wp\/v2\/tags?post=174056"}],"curies":[{"name":"wp","href":"https:\/\/api.w.org\/{rel}","templated":true}]}}