{"id":173893,"date":"2023-05-26T03:46:02","date_gmt":"2023-05-26T01:46:02","guid":{"rendered":"https:\/\/candas365.es\/noticias\/?p=173893"},"modified":"2023-05-26T03:46:02","modified_gmt":"2023-05-26T01:46:02","slug":"28m-el-pp-niega-que-vaya-a-impugnar-las-elecciones-en-melilla","status":"publish","type":"post","link":"https:\/\/candas365.es\/noticias\/28m-el-pp-niega-que-vaya-a-impugnar-las-elecciones-en-melilla\/","title":{"rendered":"28M: El PP niega que vaya a impugnar las elecciones en Melilla"},"content":{"rendered":"<p>(EP) &#8211; El PP de Melilla ha negado el jueves que vayan a impugnar las elecciones en la ciudad aut\u00f3noma del pr\u00f3ximo <a href=\"https:\/\/candas365.es\/noticias\/tag\/28m\/\" target=\"_blank\" rel=\"noopener\"><span style=\"color: #ff6600;\"><strong>28 de mayo<\/strong><\/span><\/a> porque \u00abhasta la fecha\u00bb no hay \u00abfundamentos ni argumentos\u00bb y ha recordado que impuls\u00f3 ante la Junta Electoral de Zona (JEZ) que se exigiera el DNI a la hora de entregar el voto por correo, al igual que se hace en las urnas.<\/p>\n<figure id=\"attachment_173894\" aria-describedby=\"caption-attachment-173894\" style=\"width: 650px\" class=\"wp-caption aligncenter\"><img fetchpriority=\"high\" decoding=\"async\" class=\"wp-image-173894 size-large\" src=\"https:\/\/candas365.es\/noticias\/wp-content\/uploads\/2023\/05\/PP-Melilla-650x429.jpg\" alt=\"PP Melilla\" width=\"650\" height=\"429\" srcset=\"https:\/\/candas365.es\/noticias\/wp-content\/uploads\/2023\/05\/PP-Melilla-650x429.jpg 650w, https:\/\/candas365.es\/noticias\/wp-content\/uploads\/2023\/05\/PP-Melilla-360x237.jpg 360w, https:\/\/candas365.es\/noticias\/wp-content\/uploads\/2023\/05\/PP-Melilla-768x506.jpg 768w, https:\/\/candas365.es\/noticias\/wp-content\/uploads\/2023\/05\/PP-Melilla-150x99.jpg 150w, https:\/\/candas365.es\/noticias\/wp-content\/uploads\/2023\/05\/PP-Melilla-450x297.jpg 450w, https:\/\/candas365.es\/noticias\/wp-content\/uploads\/2023\/05\/PP-Melilla.jpg 992w\" sizes=\"(max-width: 650px) 100vw, 650px\" \/><figcaption id=\"caption-attachment-173894\" class=\"wp-caption-text\">Foto: Ilies Amar &#8211; Europa Press<\/figcaption><\/figure>\n<p>\u00abNo existen fundamentos ni argumento alguno para plantear ni sostener una impugnaci\u00f3n electoral\u00bb que, seg\u00fan han recalcado, desde el Partido Popular no han \u00abdefendido ni apoyado en ning\u00fan momento\u00bb.<\/p>\n<p>En un comunicado, los &#8216;populares&#8217; han se\u00f1alado que \u00aben ning\u00fan momento\u00bb han planteado \u00abni comunicado p\u00fablicamente\u00bb que la intenci\u00f3n del PP sea \u00abimpugnar las elecciones auton\u00f3micas\u00bb que se celebrar\u00e1n el pr\u00f3ximo domingo. <strong>\u00abNuestra vocaci\u00f3n en todo este asunto ha sido velar por la democracia, la legalidad y, en definitiva, porque los melillenses puedan ejercer su derecho al voto en absoluta libertad y con las m\u00e1ximas garant\u00edas\u00bb, ha defendido.<\/strong><\/p>\n<p>En este contexto, donde se investiga un presunto fraude en el voto por correo en Melilla, el PP ha subrayado que impuls\u00f3 ante la JEZ, \u00aba fin de evitar un posible fraude electoral\u00bb, que se adoptara la \u00abexigencia del DNI\u00bb para la tramitaci\u00f3n del voto por correo, al igual que en urna.<\/p>\n<p>Respecto a esta petici\u00f3n, han criticado que el PSOE de Melilla \u00abrehus\u00f3 adoptar una postura de apoyo a esta exigencia\u00bb, evitando pronunciarse en ese sentido en sus alegaciones ante la Junta Electoral de Zona. T<strong>ambi\u00e9n ha recordado que Coalici\u00f3n por Melilla se opuso a la obligatoriedad del DNI y, pese a ello, \u00abla petici\u00f3n del PP fue ratificada por la JEC\u00bb.<\/strong><\/p>\n<p>Por \u00faltimo, la formaci\u00f3n ha destacado su intervenci\u00f3n con la que, seg\u00fan ha defendido, han conseguido \u00abdotar de todas las garant\u00edas al proceso electoral\u00bb. El PP tambi\u00e9n ha expresado su reconocimiento \u00aba la incansable labor de las Fuerzas y Cuerpos de Seguridad del Estado, que contin\u00faan velando por que podamos celebrar la fiesta de la democracia\u00bb.<\/p>\n<p>\u00abEl papel del Partido Popular en todo el proceso electoral ha sido absolutamente proactivo y garantista\u00bb, ha reiterado la formaci\u00f3n presidida en Melilla por Juan Jos\u00e9 Imbroda.<\/p>\n","protected":false},"excerpt":{"rendered":"<p>(EP) &#8211; El PP de Melilla ha negado el jueves que vayan a impugnar las elecciones en la ciudad aut\u00f3noma del pr\u00f3ximo 28 de mayo porque \u00abhasta la fecha\u00bb no hay \u00abfundamentos ni argumentos\u00bb y ha recordado que impuls\u00f3 ante la Junta Electoral de Zona (JEZ) que se exigiera el DNI a la hora de<\/p>\n","protected":false},"author":1,"featured_media":173894,"comment_status":"closed","ping_status":"closed","sticky":false,"template":"","format":"standard","meta":{"footnotes":""},"categories":[343],"tags":[533,413,466,480],"class_list":{"0":"post-173893","1":"post","2":"type-post","3":"status-publish","4":"format-standard","5":"has-post-thumbnail","7":"category-actualidad","8":"tag-28m","9":"tag-elecciones","10":"tag-espana","11":"tag-pp"},"aioseo_notices":[],"aioseo_head":"\n\t\t<!-- All in One SEO Pro 4.9.6.2 - aioseo.com -->\n\t<meta name=\"description\" content=\"(EP) - El PP de Melilla ha negado el jueves que vayan a impugnar las elecciones en la ciudad aut\u00f3noma del pr\u00f3ximo 28 de mayo porque &quot;hasta la fecha&quot;\" \/>\n\t<meta name=\"robots\" content=\"max-image-preview:large\" \/>\n\t<meta name=\"author\" content=\"Cand\u00e1s 365\"\/>\n\t<meta name=\"google-site-verification\" content=\"UA-32230408-1\" \/>\n\t<meta name=\"msvalidate.01\" content=\"354F3CDFB2DA171B47FBE9ABF1F88D5\" \/>\n\t<meta name=\"keywords\" content=\"actualidad\" \/>\n\t<link rel=\"canonical\" href=\"https:\/\/candas365.es\/noticias\/28m-el-pp-niega-que-vaya-a-impugnar-las-elecciones-en-melilla\/\" \/>\n\t<meta name=\"generator\" content=\"All in One SEO Pro (AIOSEO) 4.9.6.2\" \/>\n\t\t<meta property=\"og:locale\" content=\"es_ES\" \/>\n\t\t<meta property=\"og:site_name\" content=\"Cand\u00e1s 365\" \/>\n\t\t<meta property=\"og:type\" content=\"article\" \/>\n\t\t<meta property=\"og:title\" content=\"28M: El PP niega que vaya a impugnar las elecciones en Melilla | Cand\u00e1s 365\" \/>\n\t\t<meta property=\"og:description\" content=\"(EP) - El PP de Melilla ha negado el jueves que vayan a impugnar las elecciones en la ciudad aut\u00f3noma del pr\u00f3ximo 28 de mayo porque &quot;hasta la fecha&quot;\" \/>\n\t\t<meta property=\"og:url\" content=\"https:\/\/candas365.es\/noticias\/28m-el-pp-niega-que-vaya-a-impugnar-las-elecciones-en-melilla\/\" \/>\n\t\t<meta property=\"og:image\" content=\"https:\/\/candas365.es\/noticias\/wp-content\/uploads\/2023\/05\/PP-Melilla.jpg\" \/>\n\t\t<meta property=\"og:image:secure_url\" content=\"https:\/\/candas365.es\/noticias\/wp-content\/uploads\/2023\/05\/PP-Melilla.jpg\" \/>\n\t\t<meta property=\"og:image:width\" content=\"992\" \/>\n\t\t<meta property=\"og:image:height\" content=\"654\" \/>\n\t\t<meta property=\"article:published_time\" content=\"2023-05-26T01:46:02+00:00\" \/>\n\t\t<meta property=\"article:modified_time\" content=\"2023-05-26T01:46:02+00:00\" \/>\n\t\t<meta property=\"article:publisher\" content=\"https:\/\/www.facebook.com\/Nachofdezber\" \/>\n\t\t<meta property=\"article:author\" content=\"https:\/\/www.facebook.com\/carrenoactualidad\" \/>\n\t\t<meta name=\"twitter:card\" content=\"summary_large_image\" \/>\n\t\t<meta name=\"twitter:site\" content=\"@NabercoDigital\" \/>\n\t\t<meta name=\"twitter:title\" content=\"28M: El PP niega que vaya a impugnar las elecciones en Melilla | Cand\u00e1s 365\" \/>\n\t\t<meta name=\"twitter:description\" content=\"(EP) - El PP de Melilla ha negado el jueves que vayan a impugnar las elecciones en la ciudad aut\u00f3noma del pr\u00f3ximo 28 de mayo porque &quot;hasta la fecha&quot;\" \/>\n\t\t<meta name=\"twitter:creator\" content=\"@nbasturias\" \/>\n\t\t<meta name=\"twitter:image\" content=\"https:\/\/candas365.es\/noticias\/wp-content\/uploads\/2023\/05\/PP-Melilla.jpg\" \/>\n\t\t<meta name=\"twitter:label1\" content=\"Escrito por\" \/>\n\t\t<meta name=\"twitter:data1\" content=\"Cand\u00e1s 365\" \/>\n\t\t<meta name=\"twitter:label2\" content=\"Tiempo de lectura estimado\" \/>\n\t\t<meta name=\"twitter:data2\" content=\"2 minutos\" \/>\n\t\t<script type=\"application\/ld+json\" class=\"aioseo-schema\">\n\t\t\t{\"@context\":\"https:\\\/\\\/schema.org\",\"@graph\":[{\"@type\":\"BreadcrumbList\",\"@id\":\"https:\\\/\\\/candas365.es\\\/noticias\\\/28m-el-pp-niega-que-vaya-a-impugnar-las-elecciones-en-melilla\\\/#breadcrumblist\",\"itemListElement\":[{\"@type\":\"ListItem\",\"@id\":\"https:\\\/\\\/candas365.es\\\/noticias#listItem\",\"position\":1,\"name\":\"Home\",\"item\":\"https:\\\/\\\/candas365.es\\\/noticias\",\"nextItem\":{\"@type\":\"ListItem\",\"@id\":\"https:\\\/\\\/candas365.es\\\/noticias\\\/category\\\/actualidad\\\/#listItem\",\"name\":\"Actualidad\"}},{\"@type\":\"ListItem\",\"@id\":\"https:\\\/\\\/candas365.es\\\/noticias\\\/category\\\/actualidad\\\/#listItem\",\"position\":2,\"name\":\"Actualidad\",\"item\":\"https:\\\/\\\/candas365.es\\\/noticias\\\/category\\\/actualidad\\\/\",\"nextItem\":{\"@type\":\"ListItem\",\"@id\":\"https:\\\/\\\/candas365.es\\\/noticias\\\/28m-el-pp-niega-que-vaya-a-impugnar-las-elecciones-en-melilla\\\/#listItem\",\"name\":\"28M: El PP niega que vaya a impugnar las elecciones en Melilla\"},\"previousItem\":{\"@type\":\"ListItem\",\"@id\":\"https:\\\/\\\/candas365.es\\\/noticias#listItem\",\"name\":\"Home\"}},{\"@type\":\"ListItem\",\"@id\":\"https:\\\/\\\/candas365.es\\\/noticias\\\/28m-el-pp-niega-que-vaya-a-impugnar-las-elecciones-en-melilla\\\/#listItem\",\"position\":3,\"name\":\"28M: El PP niega que vaya a impugnar las elecciones en Melilla\",\"previousItem\":{\"@type\":\"ListItem\",\"@id\":\"https:\\\/\\\/candas365.es\\\/noticias\\\/category\\\/actualidad\\\/#listItem\",\"name\":\"Actualidad\"}}]},{\"@type\":\"NewsArticle\",\"@id\":\"https:\\\/\\\/candas365.es\\\/noticias\\\/28m-el-pp-niega-que-vaya-a-impugnar-las-elecciones-en-melilla\\\/#newsarticle\",\"name\":\"28M: El PP niega que vaya a impugnar las elecciones en Melilla | Cand\\u00e1s 365\",\"headline\":\"28M: El PP niega que vaya a impugnar las elecciones en Melilla\",\"author\":{\"@id\":\"https:\\\/\\\/candas365.es\\\/noticias\\\/author\\\/admin\\\/#author\"},\"publisher\":{\"@id\":\"https:\\\/\\\/candas365.es\\\/noticias\\\/#organization\"},\"image\":{\"@type\":\"ImageObject\",\"url\":\"https:\\\/\\\/candas365.es\\\/noticias\\\/wp-content\\\/uploads\\\/2023\\\/05\\\/PP-Melilla.jpg\",\"width\":992,\"height\":654,\"caption\":\"Foto: Ilies Amar - Europa Press\"},\"datePublished\":\"2023-05-26T03:46:02+02:00\",\"dateModified\":\"2023-05-26T03:46:02+02:00\",\"inLanguage\":\"es-ES\",\"mainEntityOfPage\":{\"@id\":\"https:\\\/\\\/candas365.es\\\/noticias\\\/28m-el-pp-niega-que-vaya-a-impugnar-las-elecciones-en-melilla\\\/#webpage\"},\"isPartOf\":{\"@id\":\"https:\\\/\\\/candas365.es\\\/noticias\\\/28m-el-pp-niega-que-vaya-a-impugnar-las-elecciones-en-melilla\\\/#webpage\"},\"articleSection\":\"Actualidad, 28M, Elecciones, Espa\\u00f1a, PP\",\"dateline\":\"Publicado el mayo 26, 2023.\"},{\"@type\":\"Organization\",\"@id\":\"https:\\\/\\\/candas365.es\\\/noticias\\\/#organization\",\"name\":\"Cand\\u00e1s 365\",\"description\":\"Cand\\u00e1s 365 es un diario digital independiente, fundado en 2012, con base en Asturias. Informamos con rigor sobre actualidad, sociedad, cultura y ocio, con una mirada local y global.\",\"url\":\"https:\\\/\\\/candas365.es\\\/noticias\\\/\",\"email\":\"info@candas365.es\",\"telephone\":\"+34652131393\",\"foundingDate\":\"2012-06-10\",\"logo\":{\"@type\":\"ImageObject\",\"url\":\"https:\\\/\\\/candas365.es\\\/noticias\\\/wp-content\\\/uploads\\\/2024\\\/09\\\/Candas-365-Redes.jpg\",\"@id\":\"https:\\\/\\\/candas365.es\\\/noticias\\\/28m-el-pp-niega-que-vaya-a-impugnar-las-elecciones-en-melilla\\\/#organizationLogo\",\"width\":1152,\"height\":864,\"caption\":\"Cand\\u00e1s 365 Redes\"},\"image\":{\"@id\":\"https:\\\/\\\/candas365.es\\\/noticias\\\/28m-el-pp-niega-que-vaya-a-impugnar-las-elecciones-en-melilla\\\/#organizationLogo\"},\"sameAs\":[\"https:\\\/\\\/www.facebook.com\\\/Nachofdezber\",\"https:\\\/\\\/x.com\\\/NabercoDigital\",\"https:\\\/\\\/www.instagram.com\\\/nachofdezber\\\/\",\"https:\\\/\\\/www.youtube.com\\\/channel\\\/UCZP-2wLEB9Rv6erhFmqVnvg\"],\"address\":{\"@id\":\"https:\\\/\\\/candas365.es\\\/noticias\\\/#postaladdress\",\"@type\":\"PostalAddress\",\"streetAddress\":\"san antonio 4, san antonio 4\",\"postalCode\":\"33430\",\"addressLocality\":\"Cand\\u00e1s\",\"addressRegion\":\"Asturias\",\"addressCountry\":\"ES\"}},{\"@type\":\"Person\",\"@id\":\"https:\\\/\\\/candas365.es\\\/noticias\\\/author\\\/admin\\\/#author\",\"url\":\"https:\\\/\\\/candas365.es\\\/noticias\\\/author\\\/admin\\\/\",\"name\":\"Cand\\u00e1s 365\",\"image\":{\"@type\":\"ImageObject\",\"@id\":\"https:\\\/\\\/candas365.es\\\/noticias\\\/28m-el-pp-niega-que-vaya-a-impugnar-las-elecciones-en-melilla\\\/#authorImage\",\"url\":\"https:\\\/\\\/secure.gravatar.com\\\/avatar\\\/496a8e03d0c493ede1718b7934145dbdf8d89be1036b0eec9544e1094c9de390?s=96&d=mm&r=g\",\"width\":96,\"height\":96,\"caption\":\"Cand\\u00e1s 365\"},\"sameAs\":[\"https:\\\/\\\/www.facebook.com\\\/carrenoactualidad\",\"https:\\\/\\\/twitter.com\\\/nbasturias\",\"https:\\\/\\\/www.instagram.com\\\/nachofdezber\\\/\",\"https:\\\/\\\/www.youtube.com\\\/channel\\\/UCZP-2wLEB9Rv6erhFmqVnvg\"]},{\"@type\":\"WebPage\",\"@id\":\"https:\\\/\\\/candas365.es\\\/noticias\\\/28m-el-pp-niega-que-vaya-a-impugnar-las-elecciones-en-melilla\\\/#webpage\",\"url\":\"https:\\\/\\\/candas365.es\\\/noticias\\\/28m-el-pp-niega-que-vaya-a-impugnar-las-elecciones-en-melilla\\\/\",\"name\":\"28M: El PP niega que vaya a impugnar las elecciones en Melilla | Cand\\u00e1s 365\",\"description\":\"(EP) - El PP de Melilla ha negado el jueves que vayan a impugnar las elecciones en la ciudad aut\\u00f3noma del pr\\u00f3ximo 28 de mayo porque \\\"hasta la fecha\\\"\",\"inLanguage\":\"es-ES\",\"isPartOf\":{\"@id\":\"https:\\\/\\\/candas365.es\\\/noticias\\\/#website\"},\"breadcrumb\":{\"@id\":\"https:\\\/\\\/candas365.es\\\/noticias\\\/28m-el-pp-niega-que-vaya-a-impugnar-las-elecciones-en-melilla\\\/#breadcrumblist\"},\"author\":{\"@id\":\"https:\\\/\\\/candas365.es\\\/noticias\\\/author\\\/admin\\\/#author\"},\"creator\":{\"@id\":\"https:\\\/\\\/candas365.es\\\/noticias\\\/author\\\/admin\\\/#author\"},\"image\":{\"@type\":\"ImageObject\",\"url\":\"https:\\\/\\\/candas365.es\\\/noticias\\\/wp-content\\\/uploads\\\/2023\\\/05\\\/PP-Melilla.jpg\",\"@id\":\"https:\\\/\\\/candas365.es\\\/noticias\\\/28m-el-pp-niega-que-vaya-a-impugnar-las-elecciones-en-melilla\\\/#mainImage\",\"width\":992,\"height\":654,\"caption\":\"Foto: Ilies Amar - Europa Press\"},\"primaryImageOfPage\":{\"@id\":\"https:\\\/\\\/candas365.es\\\/noticias\\\/28m-el-pp-niega-que-vaya-a-impugnar-las-elecciones-en-melilla\\\/#mainImage\"},\"datePublished\":\"2023-05-26T03:46:02+02:00\",\"dateModified\":\"2023-05-26T03:46:02+02:00\"},{\"@type\":\"WebSite\",\"@id\":\"https:\\\/\\\/candas365.es\\\/noticias\\\/#website\",\"url\":\"https:\\\/\\\/candas365.es\\\/noticias\\\/\",\"name\":\"Cand\\u00e1s 365\",\"alternateName\":\"Cand\\u00e1s 365 Noticias\",\"description\":\"Actualidad desde Carre\\u00f1o para el mundo\",\"inLanguage\":\"es-ES\",\"publisher\":{\"@id\":\"https:\\\/\\\/candas365.es\\\/noticias\\\/#organization\"}}]}\n\t\t<\/script>\n\t\t<!-- All in One SEO Pro -->\r\n\t\t<title>28M: El PP niega que vaya a impugnar las elecciones en Melilla | Cand\u00e1s 365<\/title>\n\n","aioseo_head_json":{"title":"28M: El PP niega que vaya a impugnar las elecciones en Melilla | Cand\u00e1s 365","description":"(EP) - El PP de Melilla ha negado el jueves que vayan a impugnar las elecciones en la ciudad aut\u00f3noma del pr\u00f3ximo 28 de mayo porque \"hasta la fecha\"","canonical_url":"https:\/\/candas365.es\/noticias\/28m-el-pp-niega-que-vaya-a-impugnar-las-elecciones-en-melilla\/","robots":"max-image-preview:large","keywords":"actualidad","webmasterTools":{"google-site-verification":"UA-32230408-1","msvalidate.01":"354F3CDFB2DA171B47FBE9ABF1F88D5","miscellaneous":""},"schema":{"@context":"https:\/\/schema.org","@graph":[{"@type":"BreadcrumbList","@id":"https:\/\/candas365.es\/noticias\/28m-el-pp-niega-que-vaya-a-impugnar-las-elecciones-en-melilla\/#breadcrumblist","itemListElement":[{"@type":"ListItem","@id":"https:\/\/candas365.es\/noticias#listItem","position":1,"name":"Home","item":"https:\/\/candas365.es\/noticias","nextItem":{"@type":"ListItem","@id":"https:\/\/candas365.es\/noticias\/category\/actualidad\/#listItem","name":"Actualidad"}},{"@type":"ListItem","@id":"https:\/\/candas365.es\/noticias\/category\/actualidad\/#listItem","position":2,"name":"Actualidad","item":"https:\/\/candas365.es\/noticias\/category\/actualidad\/","nextItem":{"@type":"ListItem","@id":"https:\/\/candas365.es\/noticias\/28m-el-pp-niega-que-vaya-a-impugnar-las-elecciones-en-melilla\/#listItem","name":"28M: El PP niega que vaya a impugnar las elecciones en Melilla"},"previousItem":{"@type":"ListItem","@id":"https:\/\/candas365.es\/noticias#listItem","name":"Home"}},{"@type":"ListItem","@id":"https:\/\/candas365.es\/noticias\/28m-el-pp-niega-que-vaya-a-impugnar-las-elecciones-en-melilla\/#listItem","position":3,"name":"28M: El PP niega que vaya a impugnar las elecciones en Melilla","previousItem":{"@type":"ListItem","@id":"https:\/\/candas365.es\/noticias\/category\/actualidad\/#listItem","name":"Actualidad"}}]},{"@type":"NewsArticle","@id":"https:\/\/candas365.es\/noticias\/28m-el-pp-niega-que-vaya-a-impugnar-las-elecciones-en-melilla\/#newsarticle","name":"28M: El PP niega que vaya a impugnar las elecciones en Melilla | Cand\u00e1s 365","headline":"28M: El PP niega que vaya a impugnar las elecciones en Melilla","author":{"@id":"https:\/\/candas365.es\/noticias\/author\/admin\/#author"},"publisher":{"@id":"https:\/\/candas365.es\/noticias\/#organization"},"image":{"@type":"ImageObject","url":"https:\/\/candas365.es\/noticias\/wp-content\/uploads\/2023\/05\/PP-Melilla.jpg","width":992,"height":654,"caption":"Foto: Ilies Amar - Europa Press"},"datePublished":"2023-05-26T03:46:02+02:00","dateModified":"2023-05-26T03:46:02+02:00","inLanguage":"es-ES","mainEntityOfPage":{"@id":"https:\/\/candas365.es\/noticias\/28m-el-pp-niega-que-vaya-a-impugnar-las-elecciones-en-melilla\/#webpage"},"isPartOf":{"@id":"https:\/\/candas365.es\/noticias\/28m-el-pp-niega-que-vaya-a-impugnar-las-elecciones-en-melilla\/#webpage"},"articleSection":"Actualidad, 28M, Elecciones, Espa\u00f1a, PP","dateline":"Publicado el mayo 26, 2023."},{"@type":"Organization","@id":"https:\/\/candas365.es\/noticias\/#organization","name":"Cand\u00e1s 365","description":"Cand\u00e1s 365 es un diario digital independiente, fundado en 2012, con base en Asturias. Informamos con rigor sobre actualidad, sociedad, cultura y ocio, con una mirada local y global.","url":"https:\/\/candas365.es\/noticias\/","email":"info@candas365.es","telephone":"+34652131393","foundingDate":"2012-06-10","logo":{"@type":"ImageObject","url":"https:\/\/candas365.es\/noticias\/wp-content\/uploads\/2024\/09\/Candas-365-Redes.jpg","@id":"https:\/\/candas365.es\/noticias\/28m-el-pp-niega-que-vaya-a-impugnar-las-elecciones-en-melilla\/#organizationLogo","width":1152,"height":864,"caption":"Cand\u00e1s 365 Redes"},"image":{"@id":"https:\/\/candas365.es\/noticias\/28m-el-pp-niega-que-vaya-a-impugnar-las-elecciones-en-melilla\/#organizationLogo"},"sameAs":["https:\/\/www.facebook.com\/Nachofdezber","https:\/\/x.com\/NabercoDigital","https:\/\/www.instagram.com\/nachofdezber\/","https:\/\/www.youtube.com\/channel\/UCZP-2wLEB9Rv6erhFmqVnvg"],"address":{"@id":"https:\/\/candas365.es\/noticias\/#postaladdress","@type":"PostalAddress","streetAddress":"san antonio 4, san antonio 4","postalCode":"33430","addressLocality":"Cand\u00e1s","addressRegion":"Asturias","addressCountry":"ES"}},{"@type":"Person","@id":"https:\/\/candas365.es\/noticias\/author\/admin\/#author","url":"https:\/\/candas365.es\/noticias\/author\/admin\/","name":"Cand\u00e1s 365","image":{"@type":"ImageObject","@id":"https:\/\/candas365.es\/noticias\/28m-el-pp-niega-que-vaya-a-impugnar-las-elecciones-en-melilla\/#authorImage","url":"https:\/\/secure.gravatar.com\/avatar\/496a8e03d0c493ede1718b7934145dbdf8d89be1036b0eec9544e1094c9de390?s=96&d=mm&r=g","width":96,"height":96,"caption":"Cand\u00e1s 365"},"sameAs":["https:\/\/www.facebook.com\/carrenoactualidad","https:\/\/twitter.com\/nbasturias","https:\/\/www.instagram.com\/nachofdezber\/","https:\/\/www.youtube.com\/channel\/UCZP-2wLEB9Rv6erhFmqVnvg"]},{"@type":"WebPage","@id":"https:\/\/candas365.es\/noticias\/28m-el-pp-niega-que-vaya-a-impugnar-las-elecciones-en-melilla\/#webpage","url":"https:\/\/candas365.es\/noticias\/28m-el-pp-niega-que-vaya-a-impugnar-las-elecciones-en-melilla\/","name":"28M: El PP niega que vaya a impugnar las elecciones en Melilla | Cand\u00e1s 365","description":"(EP) - El PP de Melilla ha negado el jueves que vayan a impugnar las elecciones en la ciudad aut\u00f3noma del pr\u00f3ximo 28 de mayo porque \"hasta la fecha\"","inLanguage":"es-ES","isPartOf":{"@id":"https:\/\/candas365.es\/noticias\/#website"},"breadcrumb":{"@id":"https:\/\/candas365.es\/noticias\/28m-el-pp-niega-que-vaya-a-impugnar-las-elecciones-en-melilla\/#breadcrumblist"},"author":{"@id":"https:\/\/candas365.es\/noticias\/author\/admin\/#author"},"creator":{"@id":"https:\/\/candas365.es\/noticias\/author\/admin\/#author"},"image":{"@type":"ImageObject","url":"https:\/\/candas365.es\/noticias\/wp-content\/uploads\/2023\/05\/PP-Melilla.jpg","@id":"https:\/\/candas365.es\/noticias\/28m-el-pp-niega-que-vaya-a-impugnar-las-elecciones-en-melilla\/#mainImage","width":992,"height":654,"caption":"Foto: Ilies Amar - Europa Press"},"primaryImageOfPage":{"@id":"https:\/\/candas365.es\/noticias\/28m-el-pp-niega-que-vaya-a-impugnar-las-elecciones-en-melilla\/#mainImage"},"datePublished":"2023-05-26T03:46:02+02:00","dateModified":"2023-05-26T03:46:02+02:00"},{"@type":"WebSite","@id":"https:\/\/candas365.es\/noticias\/#website","url":"https:\/\/candas365.es\/noticias\/","name":"Cand\u00e1s 365","alternateName":"Cand\u00e1s 365 Noticias","description":"Actualidad desde Carre\u00f1o para el mundo","inLanguage":"es-ES","publisher":{"@id":"https:\/\/candas365.es\/noticias\/#organization"}}]},"og:locale":"es_ES","og:site_name":"Cand\u00e1s 365","og:type":"article","og:title":"28M: El PP niega que vaya a impugnar las elecciones en Melilla | Cand\u00e1s 365","og:description":"(EP) - El PP de Melilla ha negado el jueves que vayan a impugnar las elecciones en la ciudad aut\u00f3noma del pr\u00f3ximo 28 de mayo porque &quot;hasta la fecha&quot;","og:url":"https:\/\/candas365.es\/noticias\/28m-el-pp-niega-que-vaya-a-impugnar-las-elecciones-en-melilla\/","og:image":"https:\/\/candas365.es\/noticias\/wp-content\/uploads\/2023\/05\/PP-Melilla.jpg","og:image:secure_url":"https:\/\/candas365.es\/noticias\/wp-content\/uploads\/2023\/05\/PP-Melilla.jpg","og:image:width":992,"og:image:height":654,"article:published_time":"2023-05-26T01:46:02+00:00","article:modified_time":"2023-05-26T01:46:02+00:00","article:publisher":"https:\/\/www.facebook.com\/Nachofdezber","article:author":"https:\/\/www.facebook.com\/carrenoactualidad","twitter:card":"summary_large_image","twitter:site":"@NabercoDigital","twitter:title":"28M: El PP niega que vaya a impugnar las elecciones en Melilla | Cand\u00e1s 365","twitter:description":"(EP) - El PP de Melilla ha negado el jueves que vayan a impugnar las elecciones en la ciudad aut\u00f3noma del pr\u00f3ximo 28 de mayo porque &quot;hasta la fecha&quot;","twitter:creator":"@nbasturias","twitter:image":"https:\/\/candas365.es\/noticias\/wp-content\/uploads\/2023\/05\/PP-Melilla.jpg","twitter:label1":"Escrito por","twitter:data1":"Cand\u00e1s 365","twitter:label2":"Tiempo de lectura estimado","twitter:data2":"2 minutos"},"aioseo_meta_data":{"post_id":"173893","title":null,"description":"(EP) - El PP de Melilla ha negado el jueves que vayan a impugnar las elecciones en la ciudad aut\u00f3noma del pr\u00f3ximo 28 de mayo porque \"hasta la fecha\"","keywords":[],"keyphrases":{"focus":{"keyphrase":"PP ","score":92,"analysis":{"keyphraseInTitle":{"score":9,"maxScore":9,"error":0},"keyphraseInDescription":{"score":9,"maxScore":9,"error":0},"keyphraseLength":{"score":9,"maxScore":9,"error":0,"length":1},"keyphraseInURL":{"score":1,"maxScore":5,"error":1},"keyphraseInIntroduction":{"score":9,"maxScore":9,"error":0},"keyphraseInSubHeadings":[],"keyphraseInImageAlt":{"score":9,"maxScore":9,"error":0}}},"additional":[{"keyphrase":"PP de Melilla ","score":100,"analysis":{"keyphraseInDescription":{"score":9,"maxScore":9,"error":0},"keyphraseLength":{"score":9,"maxScore":9,"error":0,"length":3},"keyphraseInIntroduction":{"score":9,"maxScore":9,"error":0},"keyphraseInImageAlt":{"score":9,"maxScore":9,"error":0}}},{"keyphrase":"Melilla ","score":100,"analysis":{"keyphraseInDescription":{"score":9,"maxScore":9,"error":0},"keyphraseLength":{"score":9,"maxScore":9,"error":0,"length":1},"keyphraseInIntroduction":{"score":9,"maxScore":9,"error":0},"keyphraseInImageAlt":{"score":9,"maxScore":9,"error":0}}},{"keyphrase":"PP ","score":100,"analysis":{"keyphraseInDescription":{"score":9,"maxScore":9,"error":0},"keyphraseLength":{"score":9,"maxScore":9,"error":0,"length":1},"keyphraseInIntroduction":{"score":9,"maxScore":9,"error":0},"keyphraseInImageAlt":{"score":9,"maxScore":9,"error":0}}}]},"primary_term":null,"canonical_url":null,"og_title":null,"og_description":null,"og_object_type":"default","og_image_type":"default","og_image_url":null,"og_image_width":null,"og_image_height":null,"og_image_custom_url":null,"og_image_custom_fields":null,"og_video":"","og_custom_url":null,"og_article_section":null,"og_article_tags":[],"twitter_use_og":false,"twitter_card":"default","twitter_image_type":"default","twitter_image_url":null,"twitter_image_custom_url":null,"twitter_image_custom_fields":null,"twitter_title":null,"twitter_description":null,"schema":{"blockGraphs":[],"customGraphs":[],"default":{"data":{"Article":[],"Course":[],"Dataset":[],"FAQPage":[],"Movie":[],"Person":[],"Product":[],"ProductReview":[],"Car":[],"Recipe":[],"Service":[],"SoftwareApplication":[],"WebPage":[]},"graphName":"","isEnabled":true},"graphs":[]},"schema_type":"default","schema_type_options":null,"pillar_content":false,"robots_default":true,"robots_noindex":false,"robots_noarchive":false,"robots_nosnippet":false,"robots_nofollow":false,"robots_noimageindex":false,"robots_noodp":false,"robots_notranslate":false,"robots_max_snippet":"-1","robots_max_videopreview":"-1","robots_max_imagepreview":"large","priority":null,"frequency":"default","location":null,"local_seo":null,"seo_analyzer_scan_date":"2025-09-01 20:52:32","breadcrumb_settings":null,"limit_modified_date":false,"reviewed_by":null,"open_ai":"{\"title\":{\"suggestions\":[],\"usage\":0},\"description\":{\"suggestions\":[],\"usage\":0}}","ai":null,"created":"2023-05-26 01:39:37","updated":"2025-09-01 20:52:32"},"aioseo_breadcrumb":"<div class=\"aioseo-breadcrumbs\"><span class=\"aioseo-breadcrumb\">\n\t<a href=\"https:\/\/candas365.es\/noticias\" title=\"Home\">Home<\/a>\n<\/span><span class=\"aioseo-breadcrumb-separator\">&ndash;<\/span><span class=\"aioseo-breadcrumb\">\n\t<a href=\"https:\/\/candas365.es\/noticias\/category\/actualidad\/\" title=\"Actualidad\">Actualidad<\/a>\n<\/span><span class=\"aioseo-breadcrumb-separator\">&ndash;<\/span><span class=\"aioseo-breadcrumb\">\n\t28M: El PP niega que vaya a impugnar las elecciones en Melilla\n<\/span><\/div>","aioseo_breadcrumb_json":[{"label":"Home","link":"https:\/\/candas365.es\/noticias"},{"label":"Actualidad","link":"https:\/\/candas365.es\/noticias\/category\/actualidad\/"},{"label":"28M: El PP niega que vaya a impugnar las elecciones en Melilla","link":"https:\/\/candas365.es\/noticias\/28m-el-pp-niega-que-vaya-a-impugnar-las-elecciones-en-melilla\/"}],"_links":{"self":[{"href":"https:\/\/candas365.es\/noticias\/wp-json\/wp\/v2\/posts\/173893","targetHints":{"allow":["GET"]}}],"collection":[{"href":"https:\/\/candas365.es\/noticias\/wp-json\/wp\/v2\/posts"}],"about":[{"href":"https:\/\/candas365.es\/noticias\/wp-json\/wp\/v2\/types\/post"}],"author":[{"embeddable":true,"href":"https:\/\/candas365.es\/noticias\/wp-json\/wp\/v2\/users\/1"}],"replies":[{"embeddable":true,"href":"https:\/\/candas365.es\/noticias\/wp-json\/wp\/v2\/comments?post=173893"}],"version-history":[{"count":0,"href":"https:\/\/candas365.es\/noticias\/wp-json\/wp\/v2\/posts\/173893\/revisions"}],"wp:featuredmedia":[{"embeddable":true,"href":"https:\/\/candas365.es\/noticias\/wp-json\/wp\/v2\/media\/173894"}],"wp:attachment":[{"href":"https:\/\/candas365.es\/noticias\/wp-json\/wp\/v2\/media?parent=173893"}],"wp:term":[{"taxonomy":"category","embeddable":true,"href":"https:\/\/candas365.es\/noticias\/wp-json\/wp\/v2\/categories?post=173893"},{"taxonomy":"post_tag","embeddable":true,"href":"https:\/\/candas365.es\/noticias\/wp-json\/wp\/v2\/tags?post=173893"}],"curies":[{"name":"wp","href":"https:\/\/api.w.org\/{rel}","templated":true}]}}