{"id":173873,"date":"2023-05-25T07:31:54","date_gmt":"2023-05-25T05:31:54","guid":{"rendered":"https:\/\/candas365.es\/noticias\/?p=173873"},"modified":"2023-05-25T07:31:54","modified_gmt":"2023-05-25T05:31:54","slug":"un-carguero-se-queda-varado-en-el-canal-de-suez","status":"publish","type":"post","link":"https:\/\/candas365.es\/noticias\/un-carguero-se-queda-varado-en-el-canal-de-suez\/","title":{"rendered":"Un carguero se queda varado en el Canal de Suez"},"content":{"rendered":"<p>(EP) &#8211; Un <strong>carguero se ha quedado varado en el Canal de Suez<\/strong>, Egipto, seg\u00fan ha informado este jueves la contratista de servicios Leth Agencies.<\/p>\n<p><img fetchpriority=\"high\" decoding=\"async\" class=\"aligncenter wp-image-173874 size-full\" src=\"https:\/\/candas365.es\/noticias\/wp-content\/uploads\/2023\/05\/Urgente-1.jpg\" alt=\"Urgente\" width=\"640\" height=\"400\" srcset=\"https:\/\/candas365.es\/noticias\/wp-content\/uploads\/2023\/05\/Urgente-1.jpg 640w, https:\/\/candas365.es\/noticias\/wp-content\/uploads\/2023\/05\/Urgente-1-360x225.jpg 360w, https:\/\/candas365.es\/noticias\/wp-content\/uploads\/2023\/05\/Urgente-1-150x94.jpg 150w, https:\/\/candas365.es\/noticias\/wp-content\/uploads\/2023\/05\/Urgente-1-450x281.jpg 450w\" sizes=\"(max-width: 640px) 100vw, 640px\" \/><\/p>\n<p>El barco, denominado <strong>Xin Hai Tong 23<\/strong>, ha encallado alrededor de las 04.00 horas (hora local), dejando atr\u00e1s al menos cuatro embarcaciones del convoy.<\/p>\n<p>Asimismo, <strong>los remolcadores del Canal de Suez se encuentran en este momento tratando de reflotar la embarcaci\u00f3n para evitar que se bloquee el paso de la ruta mar\u00edtima.<\/strong><\/p>\n<p>En 2021, otro carguero, el &#8216;Ever Given&#8217;, bloque\u00f3 el canal durante seis d\u00edas tras encallar durante una tormenta, provocando complicaciones que se extendieron al comercio a nivel mundial.<\/p>\n","protected":false},"excerpt":{"rendered":"<p>(EP) &#8211; Un carguero se ha quedado varado en el Canal de Suez, Egipto, seg\u00fan ha informado este jueves la contratista de servicios Leth Agencies. El barco, denominado Xin Hai Tong 23, ha encallado alrededor de las 04.00 horas (hora local), dejando atr\u00e1s al menos cuatro embarcaciones del convoy. Asimismo, los remolcadores del Canal de<\/p>\n","protected":false},"author":1,"featured_media":173874,"comment_status":"closed","ping_status":"closed","sticky":false,"template":"","format":"standard","meta":{"footnotes":""},"categories":[485],"tags":[418],"class_list":{"0":"post-173873","1":"post","2":"type-post","3":"status-publish","4":"format-standard","5":"has-post-thumbnail","7":"category-internacional","8":"tag-internacional"},"aioseo_notices":[],"aioseo_head":"\n\t\t<!-- All in One SEO Pro 4.9.6.2 - aioseo.com -->\n\t<meta name=\"description\" content=\"(EP) - Un carguero se ha quedado varado en el Canal de Suez, Egipto, seg\u00fan ha informado este jueves la contratista de servicios Leth Agencies.\" \/>\n\t<meta name=\"robots\" content=\"max-image-preview:large\" \/>\n\t<meta name=\"author\" content=\"Cand\u00e1s 365\"\/>\n\t<meta name=\"google-site-verification\" content=\"UA-32230408-1\" \/>\n\t<meta name=\"msvalidate.01\" content=\"354F3CDFB2DA171B47FBE9ABF1F88D5\" \/>\n\t<meta name=\"keywords\" content=\"internacional\" \/>\n\t<link rel=\"canonical\" href=\"https:\/\/candas365.es\/noticias\/un-carguero-se-queda-varado-en-el-canal-de-suez\/\" \/>\n\t<meta name=\"generator\" content=\"All in One SEO Pro (AIOSEO) 4.9.6.2\" \/>\n\t\t<meta property=\"og:locale\" content=\"es_ES\" \/>\n\t\t<meta property=\"og:site_name\" content=\"Cand\u00e1s 365\" \/>\n\t\t<meta property=\"og:type\" content=\"article\" \/>\n\t\t<meta property=\"og:title\" content=\"Un carguero se queda varado en el Canal de Suez | Cand\u00e1s 365\" \/>\n\t\t<meta property=\"og:description\" content=\"(EP) - Un carguero se ha quedado varado en el Canal de Suez, Egipto, seg\u00fan ha informado este jueves la contratista de servicios Leth Agencies.\" \/>\n\t\t<meta property=\"og:url\" content=\"https:\/\/candas365.es\/noticias\/un-carguero-se-queda-varado-en-el-canal-de-suez\/\" \/>\n\t\t<meta property=\"og:image\" content=\"https:\/\/candas365.es\/noticias\/wp-content\/uploads\/2023\/05\/Urgente-1.jpg\" \/>\n\t\t<meta property=\"og:image:secure_url\" content=\"https:\/\/candas365.es\/noticias\/wp-content\/uploads\/2023\/05\/Urgente-1.jpg\" \/>\n\t\t<meta property=\"og:image:width\" content=\"640\" \/>\n\t\t<meta property=\"og:image:height\" content=\"400\" \/>\n\t\t<meta property=\"article:published_time\" content=\"2023-05-25T05:31:54+00:00\" \/>\n\t\t<meta property=\"article:modified_time\" content=\"2023-05-25T05:31:54+00:00\" \/>\n\t\t<meta property=\"article:publisher\" content=\"https:\/\/www.facebook.com\/Nachofdezber\" \/>\n\t\t<meta property=\"article:author\" content=\"https:\/\/www.facebook.com\/carrenoactualidad\" \/>\n\t\t<meta name=\"twitter:card\" content=\"summary_large_image\" \/>\n\t\t<meta name=\"twitter:site\" content=\"@NabercoDigital\" \/>\n\t\t<meta name=\"twitter:title\" content=\"Un carguero se queda varado en el Canal de Suez | Cand\u00e1s 365\" \/>\n\t\t<meta name=\"twitter:description\" content=\"(EP) - Un carguero se ha quedado varado en el Canal de Suez, Egipto, seg\u00fan ha informado este jueves la contratista de servicios Leth Agencies.\" \/>\n\t\t<meta name=\"twitter:creator\" content=\"@nbasturias\" \/>\n\t\t<meta name=\"twitter:image\" content=\"https:\/\/candas365.es\/noticias\/wp-content\/uploads\/2023\/05\/Urgente-1.jpg\" \/>\n\t\t<meta name=\"twitter:label1\" content=\"Escrito por\" \/>\n\t\t<meta name=\"twitter:data1\" content=\"Cand\u00e1s 365\" \/>\n\t\t<meta name=\"twitter:label2\" content=\"Tiempo de lectura estimado\" \/>\n\t\t<meta name=\"twitter:data2\" content=\"1 minuto\" \/>\n\t\t<script type=\"application\/ld+json\" class=\"aioseo-schema\">\n\t\t\t{\"@context\":\"https:\\\/\\\/schema.org\",\"@graph\":[{\"@type\":\"BreadcrumbList\",\"@id\":\"https:\\\/\\\/candas365.es\\\/noticias\\\/un-carguero-se-queda-varado-en-el-canal-de-suez\\\/#breadcrumblist\",\"itemListElement\":[{\"@type\":\"ListItem\",\"@id\":\"https:\\\/\\\/candas365.es\\\/noticias#listItem\",\"position\":1,\"name\":\"Home\",\"item\":\"https:\\\/\\\/candas365.es\\\/noticias\",\"nextItem\":{\"@type\":\"ListItem\",\"@id\":\"https:\\\/\\\/candas365.es\\\/noticias\\\/category\\\/internacional\\\/#listItem\",\"name\":\"Internacional\"}},{\"@type\":\"ListItem\",\"@id\":\"https:\\\/\\\/candas365.es\\\/noticias\\\/category\\\/internacional\\\/#listItem\",\"position\":2,\"name\":\"Internacional\",\"item\":\"https:\\\/\\\/candas365.es\\\/noticias\\\/category\\\/internacional\\\/\",\"nextItem\":{\"@type\":\"ListItem\",\"@id\":\"https:\\\/\\\/candas365.es\\\/noticias\\\/un-carguero-se-queda-varado-en-el-canal-de-suez\\\/#listItem\",\"name\":\"Un carguero se queda varado en el Canal de Suez\"},\"previousItem\":{\"@type\":\"ListItem\",\"@id\":\"https:\\\/\\\/candas365.es\\\/noticias#listItem\",\"name\":\"Home\"}},{\"@type\":\"ListItem\",\"@id\":\"https:\\\/\\\/candas365.es\\\/noticias\\\/un-carguero-se-queda-varado-en-el-canal-de-suez\\\/#listItem\",\"position\":3,\"name\":\"Un carguero se queda varado en el Canal de Suez\",\"previousItem\":{\"@type\":\"ListItem\",\"@id\":\"https:\\\/\\\/candas365.es\\\/noticias\\\/category\\\/internacional\\\/#listItem\",\"name\":\"Internacional\"}}]},{\"@type\":\"NewsArticle\",\"@id\":\"https:\\\/\\\/candas365.es\\\/noticias\\\/un-carguero-se-queda-varado-en-el-canal-de-suez\\\/#newsarticle\",\"name\":\"Un carguero se queda varado en el Canal de Suez | Cand\\u00e1s 365\",\"headline\":\"Un carguero se queda varado en el Canal de Suez\",\"author\":{\"@id\":\"https:\\\/\\\/candas365.es\\\/noticias\\\/author\\\/admin\\\/#author\"},\"publisher\":{\"@id\":\"https:\\\/\\\/candas365.es\\\/noticias\\\/#organization\"},\"image\":{\"@type\":\"ImageObject\",\"url\":\"https:\\\/\\\/candas365.es\\\/noticias\\\/wp-content\\\/uploads\\\/2023\\\/05\\\/Urgente-1.jpg\",\"width\":640,\"height\":400,\"caption\":\"Urgente\"},\"datePublished\":\"2023-05-25T07:31:54+02:00\",\"dateModified\":\"2023-05-25T07:31:54+02:00\",\"inLanguage\":\"es-ES\",\"mainEntityOfPage\":{\"@id\":\"https:\\\/\\\/candas365.es\\\/noticias\\\/un-carguero-se-queda-varado-en-el-canal-de-suez\\\/#webpage\"},\"isPartOf\":{\"@id\":\"https:\\\/\\\/candas365.es\\\/noticias\\\/un-carguero-se-queda-varado-en-el-canal-de-suez\\\/#webpage\"},\"articleSection\":\"Internacional, Internacional\",\"dateline\":\"Publicado el mayo 25, 2023.\"},{\"@type\":\"Organization\",\"@id\":\"https:\\\/\\\/candas365.es\\\/noticias\\\/#organization\",\"name\":\"Cand\\u00e1s 365\",\"description\":\"Cand\\u00e1s 365 es un diario digital independiente, fundado en 2012, con base en Asturias. Informamos con rigor sobre actualidad, sociedad, cultura y ocio, con una mirada local y global.\",\"url\":\"https:\\\/\\\/candas365.es\\\/noticias\\\/\",\"email\":\"info@candas365.es\",\"telephone\":\"+34652131393\",\"foundingDate\":\"2012-06-10\",\"logo\":{\"@type\":\"ImageObject\",\"url\":\"https:\\\/\\\/candas365.es\\\/noticias\\\/wp-content\\\/uploads\\\/2024\\\/09\\\/Candas-365-Redes.jpg\",\"@id\":\"https:\\\/\\\/candas365.es\\\/noticias\\\/un-carguero-se-queda-varado-en-el-canal-de-suez\\\/#organizationLogo\",\"width\":1152,\"height\":864,\"caption\":\"Cand\\u00e1s 365 Redes\"},\"image\":{\"@id\":\"https:\\\/\\\/candas365.es\\\/noticias\\\/un-carguero-se-queda-varado-en-el-canal-de-suez\\\/#organizationLogo\"},\"sameAs\":[\"https:\\\/\\\/www.facebook.com\\\/Nachofdezber\",\"https:\\\/\\\/x.com\\\/NabercoDigital\",\"https:\\\/\\\/www.instagram.com\\\/nachofdezber\\\/\",\"https:\\\/\\\/www.youtube.com\\\/channel\\\/UCZP-2wLEB9Rv6erhFmqVnvg\"],\"address\":{\"@id\":\"https:\\\/\\\/candas365.es\\\/noticias\\\/#postaladdress\",\"@type\":\"PostalAddress\",\"streetAddress\":\"san antonio 4, san antonio 4\",\"postalCode\":\"33430\",\"addressLocality\":\"Cand\\u00e1s\",\"addressRegion\":\"Asturias\",\"addressCountry\":\"ES\"}},{\"@type\":\"Person\",\"@id\":\"https:\\\/\\\/candas365.es\\\/noticias\\\/author\\\/admin\\\/#author\",\"url\":\"https:\\\/\\\/candas365.es\\\/noticias\\\/author\\\/admin\\\/\",\"name\":\"Cand\\u00e1s 365\",\"image\":{\"@type\":\"ImageObject\",\"@id\":\"https:\\\/\\\/candas365.es\\\/noticias\\\/un-carguero-se-queda-varado-en-el-canal-de-suez\\\/#authorImage\",\"url\":\"https:\\\/\\\/secure.gravatar.com\\\/avatar\\\/496a8e03d0c493ede1718b7934145dbdf8d89be1036b0eec9544e1094c9de390?s=96&d=mm&r=g\",\"width\":96,\"height\":96,\"caption\":\"Cand\\u00e1s 365\"},\"sameAs\":[\"https:\\\/\\\/www.facebook.com\\\/carrenoactualidad\",\"https:\\\/\\\/twitter.com\\\/nbasturias\",\"https:\\\/\\\/www.instagram.com\\\/nachofdezber\\\/\",\"https:\\\/\\\/www.youtube.com\\\/channel\\\/UCZP-2wLEB9Rv6erhFmqVnvg\"]},{\"@type\":\"WebPage\",\"@id\":\"https:\\\/\\\/candas365.es\\\/noticias\\\/un-carguero-se-queda-varado-en-el-canal-de-suez\\\/#webpage\",\"url\":\"https:\\\/\\\/candas365.es\\\/noticias\\\/un-carguero-se-queda-varado-en-el-canal-de-suez\\\/\",\"name\":\"Un carguero se queda varado en el Canal de Suez | Cand\\u00e1s 365\",\"description\":\"(EP) - Un carguero se ha quedado varado en el Canal de Suez, Egipto, seg\\u00fan ha informado este jueves la contratista de servicios Leth Agencies.\",\"inLanguage\":\"es-ES\",\"isPartOf\":{\"@id\":\"https:\\\/\\\/candas365.es\\\/noticias\\\/#website\"},\"breadcrumb\":{\"@id\":\"https:\\\/\\\/candas365.es\\\/noticias\\\/un-carguero-se-queda-varado-en-el-canal-de-suez\\\/#breadcrumblist\"},\"author\":{\"@id\":\"https:\\\/\\\/candas365.es\\\/noticias\\\/author\\\/admin\\\/#author\"},\"creator\":{\"@id\":\"https:\\\/\\\/candas365.es\\\/noticias\\\/author\\\/admin\\\/#author\"},\"image\":{\"@type\":\"ImageObject\",\"url\":\"https:\\\/\\\/candas365.es\\\/noticias\\\/wp-content\\\/uploads\\\/2023\\\/05\\\/Urgente-1.jpg\",\"@id\":\"https:\\\/\\\/candas365.es\\\/noticias\\\/un-carguero-se-queda-varado-en-el-canal-de-suez\\\/#mainImage\",\"width\":640,\"height\":400,\"caption\":\"Urgente\"},\"primaryImageOfPage\":{\"@id\":\"https:\\\/\\\/candas365.es\\\/noticias\\\/un-carguero-se-queda-varado-en-el-canal-de-suez\\\/#mainImage\"},\"datePublished\":\"2023-05-25T07:31:54+02:00\",\"dateModified\":\"2023-05-25T07:31:54+02:00\"},{\"@type\":\"WebSite\",\"@id\":\"https:\\\/\\\/candas365.es\\\/noticias\\\/#website\",\"url\":\"https:\\\/\\\/candas365.es\\\/noticias\\\/\",\"name\":\"Cand\\u00e1s 365\",\"alternateName\":\"Cand\\u00e1s 365 Noticias\",\"description\":\"Actualidad desde Carre\\u00f1o para el mundo\",\"inLanguage\":\"es-ES\",\"publisher\":{\"@id\":\"https:\\\/\\\/candas365.es\\\/noticias\\\/#organization\"}}]}\n\t\t<\/script>\n\t\t<!-- All in One SEO Pro -->\r\n\t\t<title>Un carguero se queda varado en el Canal de Suez | Cand\u00e1s 365<\/title>\n\n","aioseo_head_json":{"title":"Un carguero se queda varado en el Canal de Suez | Cand\u00e1s 365","description":"(EP) - Un carguero se ha quedado varado en el Canal de Suez, Egipto, seg\u00fan ha informado este jueves la contratista de servicios Leth Agencies.","canonical_url":"https:\/\/candas365.es\/noticias\/un-carguero-se-queda-varado-en-el-canal-de-suez\/","robots":"max-image-preview:large","keywords":"internacional","webmasterTools":{"google-site-verification":"UA-32230408-1","msvalidate.01":"354F3CDFB2DA171B47FBE9ABF1F88D5","miscellaneous":""},"schema":{"@context":"https:\/\/schema.org","@graph":[{"@type":"BreadcrumbList","@id":"https:\/\/candas365.es\/noticias\/un-carguero-se-queda-varado-en-el-canal-de-suez\/#breadcrumblist","itemListElement":[{"@type":"ListItem","@id":"https:\/\/candas365.es\/noticias#listItem","position":1,"name":"Home","item":"https:\/\/candas365.es\/noticias","nextItem":{"@type":"ListItem","@id":"https:\/\/candas365.es\/noticias\/category\/internacional\/#listItem","name":"Internacional"}},{"@type":"ListItem","@id":"https:\/\/candas365.es\/noticias\/category\/internacional\/#listItem","position":2,"name":"Internacional","item":"https:\/\/candas365.es\/noticias\/category\/internacional\/","nextItem":{"@type":"ListItem","@id":"https:\/\/candas365.es\/noticias\/un-carguero-se-queda-varado-en-el-canal-de-suez\/#listItem","name":"Un carguero se queda varado en el Canal de Suez"},"previousItem":{"@type":"ListItem","@id":"https:\/\/candas365.es\/noticias#listItem","name":"Home"}},{"@type":"ListItem","@id":"https:\/\/candas365.es\/noticias\/un-carguero-se-queda-varado-en-el-canal-de-suez\/#listItem","position":3,"name":"Un carguero se queda varado en el Canal de Suez","previousItem":{"@type":"ListItem","@id":"https:\/\/candas365.es\/noticias\/category\/internacional\/#listItem","name":"Internacional"}}]},{"@type":"NewsArticle","@id":"https:\/\/candas365.es\/noticias\/un-carguero-se-queda-varado-en-el-canal-de-suez\/#newsarticle","name":"Un carguero se queda varado en el Canal de Suez | Cand\u00e1s 365","headline":"Un carguero se queda varado en el Canal de Suez","author":{"@id":"https:\/\/candas365.es\/noticias\/author\/admin\/#author"},"publisher":{"@id":"https:\/\/candas365.es\/noticias\/#organization"},"image":{"@type":"ImageObject","url":"https:\/\/candas365.es\/noticias\/wp-content\/uploads\/2023\/05\/Urgente-1.jpg","width":640,"height":400,"caption":"Urgente"},"datePublished":"2023-05-25T07:31:54+02:00","dateModified":"2023-05-25T07:31:54+02:00","inLanguage":"es-ES","mainEntityOfPage":{"@id":"https:\/\/candas365.es\/noticias\/un-carguero-se-queda-varado-en-el-canal-de-suez\/#webpage"},"isPartOf":{"@id":"https:\/\/candas365.es\/noticias\/un-carguero-se-queda-varado-en-el-canal-de-suez\/#webpage"},"articleSection":"Internacional, Internacional","dateline":"Publicado el mayo 25, 2023."},{"@type":"Organization","@id":"https:\/\/candas365.es\/noticias\/#organization","name":"Cand\u00e1s 365","description":"Cand\u00e1s 365 es un diario digital independiente, fundado en 2012, con base en Asturias. Informamos con rigor sobre actualidad, sociedad, cultura y ocio, con una mirada local y global.","url":"https:\/\/candas365.es\/noticias\/","email":"info@candas365.es","telephone":"+34652131393","foundingDate":"2012-06-10","logo":{"@type":"ImageObject","url":"https:\/\/candas365.es\/noticias\/wp-content\/uploads\/2024\/09\/Candas-365-Redes.jpg","@id":"https:\/\/candas365.es\/noticias\/un-carguero-se-queda-varado-en-el-canal-de-suez\/#organizationLogo","width":1152,"height":864,"caption":"Cand\u00e1s 365 Redes"},"image":{"@id":"https:\/\/candas365.es\/noticias\/un-carguero-se-queda-varado-en-el-canal-de-suez\/#organizationLogo"},"sameAs":["https:\/\/www.facebook.com\/Nachofdezber","https:\/\/x.com\/NabercoDigital","https:\/\/www.instagram.com\/nachofdezber\/","https:\/\/www.youtube.com\/channel\/UCZP-2wLEB9Rv6erhFmqVnvg"],"address":{"@id":"https:\/\/candas365.es\/noticias\/#postaladdress","@type":"PostalAddress","streetAddress":"san antonio 4, san antonio 4","postalCode":"33430","addressLocality":"Cand\u00e1s","addressRegion":"Asturias","addressCountry":"ES"}},{"@type":"Person","@id":"https:\/\/candas365.es\/noticias\/author\/admin\/#author","url":"https:\/\/candas365.es\/noticias\/author\/admin\/","name":"Cand\u00e1s 365","image":{"@type":"ImageObject","@id":"https:\/\/candas365.es\/noticias\/un-carguero-se-queda-varado-en-el-canal-de-suez\/#authorImage","url":"https:\/\/secure.gravatar.com\/avatar\/496a8e03d0c493ede1718b7934145dbdf8d89be1036b0eec9544e1094c9de390?s=96&d=mm&r=g","width":96,"height":96,"caption":"Cand\u00e1s 365"},"sameAs":["https:\/\/www.facebook.com\/carrenoactualidad","https:\/\/twitter.com\/nbasturias","https:\/\/www.instagram.com\/nachofdezber\/","https:\/\/www.youtube.com\/channel\/UCZP-2wLEB9Rv6erhFmqVnvg"]},{"@type":"WebPage","@id":"https:\/\/candas365.es\/noticias\/un-carguero-se-queda-varado-en-el-canal-de-suez\/#webpage","url":"https:\/\/candas365.es\/noticias\/un-carguero-se-queda-varado-en-el-canal-de-suez\/","name":"Un carguero se queda varado en el Canal de Suez | Cand\u00e1s 365","description":"(EP) - Un carguero se ha quedado varado en el Canal de Suez, Egipto, seg\u00fan ha informado este jueves la contratista de servicios Leth Agencies.","inLanguage":"es-ES","isPartOf":{"@id":"https:\/\/candas365.es\/noticias\/#website"},"breadcrumb":{"@id":"https:\/\/candas365.es\/noticias\/un-carguero-se-queda-varado-en-el-canal-de-suez\/#breadcrumblist"},"author":{"@id":"https:\/\/candas365.es\/noticias\/author\/admin\/#author"},"creator":{"@id":"https:\/\/candas365.es\/noticias\/author\/admin\/#author"},"image":{"@type":"ImageObject","url":"https:\/\/candas365.es\/noticias\/wp-content\/uploads\/2023\/05\/Urgente-1.jpg","@id":"https:\/\/candas365.es\/noticias\/un-carguero-se-queda-varado-en-el-canal-de-suez\/#mainImage","width":640,"height":400,"caption":"Urgente"},"primaryImageOfPage":{"@id":"https:\/\/candas365.es\/noticias\/un-carguero-se-queda-varado-en-el-canal-de-suez\/#mainImage"},"datePublished":"2023-05-25T07:31:54+02:00","dateModified":"2023-05-25T07:31:54+02:00"},{"@type":"WebSite","@id":"https:\/\/candas365.es\/noticias\/#website","url":"https:\/\/candas365.es\/noticias\/","name":"Cand\u00e1s 365","alternateName":"Cand\u00e1s 365 Noticias","description":"Actualidad desde Carre\u00f1o para el mundo","inLanguage":"es-ES","publisher":{"@id":"https:\/\/candas365.es\/noticias\/#organization"}}]},"og:locale":"es_ES","og:site_name":"Cand\u00e1s 365","og:type":"article","og:title":"Un carguero se queda varado en el Canal de Suez | Cand\u00e1s 365","og:description":"(EP) - Un carguero se ha quedado varado en el Canal de Suez, Egipto, seg\u00fan ha informado este jueves la contratista de servicios Leth Agencies.","og:url":"https:\/\/candas365.es\/noticias\/un-carguero-se-queda-varado-en-el-canal-de-suez\/","og:image":"https:\/\/candas365.es\/noticias\/wp-content\/uploads\/2023\/05\/Urgente-1.jpg","og:image:secure_url":"https:\/\/candas365.es\/noticias\/wp-content\/uploads\/2023\/05\/Urgente-1.jpg","og:image:width":640,"og:image:height":400,"article:published_time":"2023-05-25T05:31:54+00:00","article:modified_time":"2023-05-25T05:31:54+00:00","article:publisher":"https:\/\/www.facebook.com\/Nachofdezber","article:author":"https:\/\/www.facebook.com\/carrenoactualidad","twitter:card":"summary_large_image","twitter:site":"@NabercoDigital","twitter:title":"Un carguero se queda varado en el Canal de Suez | Cand\u00e1s 365","twitter:description":"(EP) - Un carguero se ha quedado varado en el Canal de Suez, Egipto, seg\u00fan ha informado este jueves la contratista de servicios Leth Agencies.","twitter:creator":"@nbasturias","twitter:image":"https:\/\/candas365.es\/noticias\/wp-content\/uploads\/2023\/05\/Urgente-1.jpg","twitter:label1":"Escrito por","twitter:data1":"Cand\u00e1s 365","twitter:label2":"Tiempo de lectura estimado","twitter:data2":"1 minuto"},"aioseo_meta_data":{"post_id":"173873","title":null,"description":"(EP) - Un carguero se ha quedado varado en el Canal de Suez, Egipto, seg\u00fan ha informado este jueves la contratista de servicios Leth Agencies.","keywords":[],"keyphrases":{"focus":{"keyphrase":"carguero","score":87,"analysis":{"keyphraseInTitle":{"score":9,"maxScore":9,"error":0},"keyphraseInDescription":{"score":9,"maxScore":9,"error":0},"keyphraseLength":{"score":9,"maxScore":9,"error":0,"length":1},"keyphraseInURL":[],"keyphraseInIntroduction":{"score":9,"maxScore":9,"error":0},"keyphraseInSubHeadings":[],"keyphraseInImageAlt":{"score":3,"maxScore":9,"error":1}}},"additional":[{"keyphrase":" Canal de Suez","score":100,"analysis":{"keyphraseInDescription":{"score":9,"maxScore":9,"error":0},"keyphraseLength":{"score":9,"maxScore":9,"error":0,"length":3},"keyphraseInIntroduction":{"score":9,"maxScore":9,"error":0},"keyphraseInImageAlt":{"score":9,"maxScore":9,"error":0}}}]},"primary_term":null,"canonical_url":null,"og_title":null,"og_description":null,"og_object_type":"default","og_image_type":"default","og_image_url":null,"og_image_width":null,"og_image_height":null,"og_image_custom_url":null,"og_image_custom_fields":null,"og_video":"","og_custom_url":null,"og_article_section":null,"og_article_tags":[],"twitter_use_og":false,"twitter_card":"default","twitter_image_type":"default","twitter_image_url":null,"twitter_image_custom_url":null,"twitter_image_custom_fields":null,"twitter_title":null,"twitter_description":null,"schema":{"blockGraphs":[],"customGraphs":[],"default":{"data":{"Article":[],"Course":[],"Dataset":[],"FAQPage":[],"Movie":[],"Person":[],"Product":[],"ProductReview":[],"Car":[],"Recipe":[],"Service":[],"SoftwareApplication":[],"WebPage":[]},"graphName":"","isEnabled":true},"graphs":[]},"schema_type":"default","schema_type_options":null,"pillar_content":false,"robots_default":true,"robots_noindex":false,"robots_noarchive":false,"robots_nosnippet":false,"robots_nofollow":false,"robots_noimageindex":false,"robots_noodp":false,"robots_notranslate":false,"robots_max_snippet":"-1","robots_max_videopreview":"-1","robots_max_imagepreview":"large","priority":null,"frequency":"default","location":null,"local_seo":null,"seo_analyzer_scan_date":"2025-09-01 20:51:10","breadcrumb_settings":null,"limit_modified_date":false,"reviewed_by":null,"open_ai":"{\"title\":{\"suggestions\":[],\"usage\":0},\"description\":{\"suggestions\":[],\"usage\":0}}","ai":null,"created":"2023-05-25 05:29:35","updated":"2025-09-01 20:51:10"},"aioseo_breadcrumb":"<div class=\"aioseo-breadcrumbs\"><span class=\"aioseo-breadcrumb\">\n\t<a href=\"https:\/\/candas365.es\/noticias\" title=\"Home\">Home<\/a>\n<\/span><span class=\"aioseo-breadcrumb-separator\">&ndash;<\/span><span class=\"aioseo-breadcrumb\">\n\t<a href=\"https:\/\/candas365.es\/noticias\/category\/internacional\/\" title=\"Internacional\">Internacional<\/a>\n<\/span><span class=\"aioseo-breadcrumb-separator\">&ndash;<\/span><span class=\"aioseo-breadcrumb\">\n\tUn carguero se queda varado en el Canal de Suez\n<\/span><\/div>","aioseo_breadcrumb_json":[{"label":"Home","link":"https:\/\/candas365.es\/noticias"},{"label":"Internacional","link":"https:\/\/candas365.es\/noticias\/category\/internacional\/"},{"label":"Un carguero se queda varado en el Canal de Suez","link":"https:\/\/candas365.es\/noticias\/un-carguero-se-queda-varado-en-el-canal-de-suez\/"}],"_links":{"self":[{"href":"https:\/\/candas365.es\/noticias\/wp-json\/wp\/v2\/posts\/173873","targetHints":{"allow":["GET"]}}],"collection":[{"href":"https:\/\/candas365.es\/noticias\/wp-json\/wp\/v2\/posts"}],"about":[{"href":"https:\/\/candas365.es\/noticias\/wp-json\/wp\/v2\/types\/post"}],"author":[{"embeddable":true,"href":"https:\/\/candas365.es\/noticias\/wp-json\/wp\/v2\/users\/1"}],"replies":[{"embeddable":true,"href":"https:\/\/candas365.es\/noticias\/wp-json\/wp\/v2\/comments?post=173873"}],"version-history":[{"count":0,"href":"https:\/\/candas365.es\/noticias\/wp-json\/wp\/v2\/posts\/173873\/revisions"}],"wp:featuredmedia":[{"embeddable":true,"href":"https:\/\/candas365.es\/noticias\/wp-json\/wp\/v2\/media\/173874"}],"wp:attachment":[{"href":"https:\/\/candas365.es\/noticias\/wp-json\/wp\/v2\/media?parent=173873"}],"wp:term":[{"taxonomy":"category","embeddable":true,"href":"https:\/\/candas365.es\/noticias\/wp-json\/wp\/v2\/categories?post=173873"},{"taxonomy":"post_tag","embeddable":true,"href":"https:\/\/candas365.es\/noticias\/wp-json\/wp\/v2\/tags?post=173873"}],"curies":[{"name":"wp","href":"https:\/\/api.w.org\/{rel}","templated":true}]}}