{"id":173826,"date":"2023-05-21T20:36:43","date_gmt":"2023-05-21T18:36:43","guid":{"rendered":"https:\/\/candas365.es\/noticias\/?p=173826"},"modified":"2023-05-21T20:36:43","modified_gmt":"2023-05-21T18:36:43","slug":"final-de-la-vuelta-a-la-montana-central-de-asturias-junior","status":"publish","type":"post","link":"https:\/\/candas365.es\/noticias\/final-de-la-vuelta-a-la-montana-central-de-asturias-junior\/","title":{"rendered":"Final de la Vuelta a la Monta\u00f1a Central de Asturias Junior"},"content":{"rendered":"<p>La edici\u00f3n 2023\u00a0 de la Vuelta a la Monta\u00f1a Central de Asturias Junio concluye con un bonito final en las calles de Pola de Lena donde el corredor murciano<strong> Luis A. Lajarin (Valverde Team \u2013 Ricardo Fuentes) fue el m\u00e1s listo en el grupo cabecero y con unos metros de ventaja se llevo la victoria en la etapa final<\/strong><\/p>\n<figure id=\"attachment_173827\" aria-describedby=\"caption-attachment-173827\" style=\"width: 603px\" class=\"wp-caption aligncenter\"><img fetchpriority=\"high\" decoding=\"async\" class=\"wp-image-173827 size-large\" src=\"https:\/\/candas365.es\/noticias\/wp-content\/uploads\/2023\/05\/Vuelta-a-la-Montana-Central-de-Asturias-Junior-603x480.jpg\" alt=\"Vuelta a la Monta\u00f1a Central de Asturias Junior\" width=\"603\" height=\"480\" srcset=\"https:\/\/candas365.es\/noticias\/wp-content\/uploads\/2023\/05\/Vuelta-a-la-Montana-Central-de-Asturias-Junior-603x480.jpg 603w, https:\/\/candas365.es\/noticias\/wp-content\/uploads\/2023\/05\/Vuelta-a-la-Montana-Central-de-Asturias-Junior-360x287.jpg 360w, https:\/\/candas365.es\/noticias\/wp-content\/uploads\/2023\/05\/Vuelta-a-la-Montana-Central-de-Asturias-Junior-150x119.jpg 150w, https:\/\/candas365.es\/noticias\/wp-content\/uploads\/2023\/05\/Vuelta-a-la-Montana-Central-de-Asturias-Junior-450x358.jpg 450w, https:\/\/candas365.es\/noticias\/wp-content\/uploads\/2023\/05\/Vuelta-a-la-Montana-Central-de-Asturias-Junior.jpg 673w\" sizes=\"(max-width: 603px) 100vw, 603px\" \/><figcaption id=\"caption-attachment-173827\" class=\"wp-caption-text\">Foto: David Y\u00e1\u00f1ez \/ LP<\/figcaption><\/figure>\n<p>Una etapa que se presentaba interesante ya que en apenas 1:30 segundos marchaban 5 corredores y que el equipo madrile\u00f1o del Eolo-Kometa supo controlar desde el primer momento. Solo surgieron dudas al final de la etapa, en el segundo ascenso al Alto de Carabanzo donde el joven prometedor de Benidorm,<\/p>\n<p>H\u00e9ctor \u00c1lvarez pon\u00eda su marcheta y romp\u00eda el gran grupo. Del alto a la l\u00ednea de meta, fue un continuo salto de corredores en busca de la victoria final pero el que se llevo el gato al agua fue el conjunto murciano del Valverde Team \u2013 Ricardo Fuentes, que hasta el momento estaba haciendo una vuelta mediocre quien se impon\u00eda por medio de Larajin.<\/p>\n<blockquote><p>Miguel Dom\u00ednguez (Eolo-Kometa Fundaci\u00f3n Contador) se lleva la victoria final de la Vuelta a la Monta\u00f1a Central de Asturias<\/p><\/blockquote>\n<p>Con esta \u00faltima etapa concluye una nueva edici\u00f3n de la Vuelta a la Monta\u00f1a Central con gran \u00e9xito organizativo y participativo y sobre todo con las esperanzas que la UCI (Uni\u00f3n Ciclista Internacional) de la puntuaci\u00f3n necesaria para incluir la vuelta en el calendario internacional<\/p>\n<p>Foto y texto: David Y\u00e1\u00f1ez<\/p>\n","protected":false},"excerpt":{"rendered":"<p>La edici\u00f3n 2023\u00a0 de la Vuelta a la Monta\u00f1a Central de Asturias Junio concluye con un bonito final en las calles de Pola de Lena donde el corredor murciano Luis A. Lajarin (Valverde Team \u2013 Ricardo Fuentes) fue el m\u00e1s listo en el grupo cabecero y con unos metros de ventaja se llevo la victoria<\/p>\n","protected":false},"author":1,"featured_media":173827,"comment_status":"closed","ping_status":"closed","sticky":false,"template":"","format":"standard","meta":{"footnotes":""},"categories":[319],"tags":[387],"class_list":{"0":"post-173826","1":"post","2":"type-post","3":"status-publish","4":"format-standard","5":"has-post-thumbnail","7":"category-deporte","8":"tag-deporte"},"aioseo_notices":[],"aioseo_head":"\n\t\t<!-- All in One SEO Pro 4.9.6.2 - aioseo.com -->\n\t<meta name=\"description\" content=\"La edici\u00f3n 2023 de la Vuelta a la Monta\u00f1a Central de Asturias Junio concluye con un bonito final en las calles de Pola de Lena donde el corredor murciano\" \/>\n\t<meta name=\"robots\" content=\"max-image-preview:large\" \/>\n\t<meta name=\"author\" content=\"Cand\u00e1s 365\"\/>\n\t<meta name=\"google-site-verification\" content=\"UA-32230408-1\" \/>\n\t<meta name=\"msvalidate.01\" content=\"354F3CDFB2DA171B47FBE9ABF1F88D5\" \/>\n\t<meta name=\"keywords\" content=\"deporte\" \/>\n\t<link rel=\"canonical\" href=\"https:\/\/candas365.es\/noticias\/final-de-la-vuelta-a-la-montana-central-de-asturias-junior\/\" \/>\n\t<meta name=\"generator\" content=\"All in One SEO Pro (AIOSEO) 4.9.6.2\" \/>\n\t\t<meta property=\"og:locale\" content=\"es_ES\" \/>\n\t\t<meta property=\"og:site_name\" content=\"Cand\u00e1s 365\" \/>\n\t\t<meta property=\"og:type\" content=\"article\" \/>\n\t\t<meta property=\"og:title\" content=\"Final de la Vuelta a la Monta\u00f1a Central de Asturias Junior | Cand\u00e1s 365\" \/>\n\t\t<meta property=\"og:description\" content=\"La edici\u00f3n 2023 de la Vuelta a la Monta\u00f1a Central de Asturias Junio concluye con un bonito final en las calles de Pola de Lena donde el corredor murciano\" \/>\n\t\t<meta property=\"og:url\" content=\"https:\/\/candas365.es\/noticias\/final-de-la-vuelta-a-la-montana-central-de-asturias-junior\/\" \/>\n\t\t<meta property=\"og:image\" content=\"https:\/\/candas365.es\/noticias\/wp-content\/uploads\/2023\/05\/Vuelta-a-la-Montana-Central-de-Asturias-Junior.jpg\" \/>\n\t\t<meta property=\"og:image:secure_url\" content=\"https:\/\/candas365.es\/noticias\/wp-content\/uploads\/2023\/05\/Vuelta-a-la-Montana-Central-de-Asturias-Junior.jpg\" \/>\n\t\t<meta property=\"og:image:width\" content=\"673\" \/>\n\t\t<meta property=\"og:image:height\" content=\"536\" \/>\n\t\t<meta property=\"article:published_time\" content=\"2023-05-21T18:36:43+00:00\" \/>\n\t\t<meta property=\"article:modified_time\" content=\"2023-05-21T18:36:43+00:00\" \/>\n\t\t<meta property=\"article:publisher\" content=\"https:\/\/www.facebook.com\/Nachofdezber\" \/>\n\t\t<meta property=\"article:author\" content=\"https:\/\/www.facebook.com\/carrenoactualidad\" \/>\n\t\t<meta name=\"twitter:card\" content=\"summary_large_image\" \/>\n\t\t<meta name=\"twitter:site\" content=\"@NabercoDigital\" \/>\n\t\t<meta name=\"twitter:title\" content=\"Final de la Vuelta a la Monta\u00f1a Central de Asturias Junior | Cand\u00e1s 365\" \/>\n\t\t<meta name=\"twitter:description\" content=\"La edici\u00f3n 2023 de la Vuelta a la Monta\u00f1a Central de Asturias Junio concluye con un bonito final en las calles de Pola de Lena donde el corredor murciano\" \/>\n\t\t<meta name=\"twitter:creator\" content=\"@nbasturias\" \/>\n\t\t<meta name=\"twitter:image\" content=\"https:\/\/candas365.es\/noticias\/wp-content\/uploads\/2023\/05\/Vuelta-a-la-Montana-Central-de-Asturias-Junior.jpg\" \/>\n\t\t<meta name=\"twitter:label1\" content=\"Escrito por\" \/>\n\t\t<meta name=\"twitter:data1\" content=\"Cand\u00e1s 365\" \/>\n\t\t<meta name=\"twitter:label2\" content=\"Tiempo de lectura estimado\" \/>\n\t\t<meta name=\"twitter:data2\" content=\"1 minuto\" \/>\n\t\t<script type=\"application\/ld+json\" class=\"aioseo-schema\">\n\t\t\t{\"@context\":\"https:\\\/\\\/schema.org\",\"@graph\":[{\"@type\":\"BreadcrumbList\",\"@id\":\"https:\\\/\\\/candas365.es\\\/noticias\\\/final-de-la-vuelta-a-la-montana-central-de-asturias-junior\\\/#breadcrumblist\",\"itemListElement\":[{\"@type\":\"ListItem\",\"@id\":\"https:\\\/\\\/candas365.es\\\/noticias#listItem\",\"position\":1,\"name\":\"Home\",\"item\":\"https:\\\/\\\/candas365.es\\\/noticias\",\"nextItem\":{\"@type\":\"ListItem\",\"@id\":\"https:\\\/\\\/candas365.es\\\/noticias\\\/category\\\/deporte\\\/#listItem\",\"name\":\"Deporte\"}},{\"@type\":\"ListItem\",\"@id\":\"https:\\\/\\\/candas365.es\\\/noticias\\\/category\\\/deporte\\\/#listItem\",\"position\":2,\"name\":\"Deporte\",\"item\":\"https:\\\/\\\/candas365.es\\\/noticias\\\/category\\\/deporte\\\/\",\"nextItem\":{\"@type\":\"ListItem\",\"@id\":\"https:\\\/\\\/candas365.es\\\/noticias\\\/final-de-la-vuelta-a-la-montana-central-de-asturias-junior\\\/#listItem\",\"name\":\"Final de la Vuelta a la Monta\\u00f1a Central de Asturias Junior\"},\"previousItem\":{\"@type\":\"ListItem\",\"@id\":\"https:\\\/\\\/candas365.es\\\/noticias#listItem\",\"name\":\"Home\"}},{\"@type\":\"ListItem\",\"@id\":\"https:\\\/\\\/candas365.es\\\/noticias\\\/final-de-la-vuelta-a-la-montana-central-de-asturias-junior\\\/#listItem\",\"position\":3,\"name\":\"Final de la Vuelta a la Monta\\u00f1a Central de Asturias Junior\",\"previousItem\":{\"@type\":\"ListItem\",\"@id\":\"https:\\\/\\\/candas365.es\\\/noticias\\\/category\\\/deporte\\\/#listItem\",\"name\":\"Deporte\"}}]},{\"@type\":\"NewsArticle\",\"@id\":\"https:\\\/\\\/candas365.es\\\/noticias\\\/final-de-la-vuelta-a-la-montana-central-de-asturias-junior\\\/#newsarticle\",\"name\":\"Final de la Vuelta a la Monta\\u00f1a Central de Asturias Junior | Cand\\u00e1s 365\",\"headline\":\"Final de la Vuelta a la Monta\\u00f1a Central de Asturias Junior\",\"author\":{\"@id\":\"https:\\\/\\\/candas365.es\\\/noticias\\\/author\\\/admin\\\/#author\"},\"publisher\":{\"@id\":\"https:\\\/\\\/candas365.es\\\/noticias\\\/#organization\"},\"image\":{\"@type\":\"ImageObject\",\"url\":\"https:\\\/\\\/candas365.es\\\/noticias\\\/wp-content\\\/uploads\\\/2023\\\/05\\\/Vuelta-a-la-Montana-Central-de-Asturias-Junior.jpg\",\"width\":673,\"height\":536,\"caption\":\"Foto: David Y\\u00e1\\u00f1ez \\\/ LP\"},\"datePublished\":\"2023-05-21T20:36:43+02:00\",\"dateModified\":\"2023-05-21T20:36:43+02:00\",\"inLanguage\":\"es-ES\",\"mainEntityOfPage\":{\"@id\":\"https:\\\/\\\/candas365.es\\\/noticias\\\/final-de-la-vuelta-a-la-montana-central-de-asturias-junior\\\/#webpage\"},\"isPartOf\":{\"@id\":\"https:\\\/\\\/candas365.es\\\/noticias\\\/final-de-la-vuelta-a-la-montana-central-de-asturias-junior\\\/#webpage\"},\"articleSection\":\"Deporte, deporte\",\"dateline\":\"Publicado el mayo 21, 2023.\"},{\"@type\":\"Organization\",\"@id\":\"https:\\\/\\\/candas365.es\\\/noticias\\\/#organization\",\"name\":\"Cand\\u00e1s 365\",\"description\":\"Cand\\u00e1s 365 es un diario digital independiente, fundado en 2012, con base en Asturias. Informamos con rigor sobre actualidad, sociedad, cultura y ocio, con una mirada local y global.\",\"url\":\"https:\\\/\\\/candas365.es\\\/noticias\\\/\",\"email\":\"info@candas365.es\",\"telephone\":\"+34652131393\",\"foundingDate\":\"2012-06-10\",\"logo\":{\"@type\":\"ImageObject\",\"url\":\"https:\\\/\\\/candas365.es\\\/noticias\\\/wp-content\\\/uploads\\\/2024\\\/09\\\/Candas-365-Redes.jpg\",\"@id\":\"https:\\\/\\\/candas365.es\\\/noticias\\\/final-de-la-vuelta-a-la-montana-central-de-asturias-junior\\\/#organizationLogo\",\"width\":1152,\"height\":864,\"caption\":\"Cand\\u00e1s 365 Redes\"},\"image\":{\"@id\":\"https:\\\/\\\/candas365.es\\\/noticias\\\/final-de-la-vuelta-a-la-montana-central-de-asturias-junior\\\/#organizationLogo\"},\"sameAs\":[\"https:\\\/\\\/www.facebook.com\\\/Nachofdezber\",\"https:\\\/\\\/x.com\\\/NabercoDigital\",\"https:\\\/\\\/www.instagram.com\\\/nachofdezber\\\/\",\"https:\\\/\\\/www.youtube.com\\\/channel\\\/UCZP-2wLEB9Rv6erhFmqVnvg\"],\"address\":{\"@id\":\"https:\\\/\\\/candas365.es\\\/noticias\\\/#postaladdress\",\"@type\":\"PostalAddress\",\"streetAddress\":\"san antonio 4, san antonio 4\",\"postalCode\":\"33430\",\"addressLocality\":\"Cand\\u00e1s\",\"addressRegion\":\"Asturias\",\"addressCountry\":\"ES\"}},{\"@type\":\"Person\",\"@id\":\"https:\\\/\\\/candas365.es\\\/noticias\\\/author\\\/admin\\\/#author\",\"url\":\"https:\\\/\\\/candas365.es\\\/noticias\\\/author\\\/admin\\\/\",\"name\":\"Cand\\u00e1s 365\",\"image\":{\"@type\":\"ImageObject\",\"@id\":\"https:\\\/\\\/candas365.es\\\/noticias\\\/final-de-la-vuelta-a-la-montana-central-de-asturias-junior\\\/#authorImage\",\"url\":\"https:\\\/\\\/secure.gravatar.com\\\/avatar\\\/496a8e03d0c493ede1718b7934145dbdf8d89be1036b0eec9544e1094c9de390?s=96&d=mm&r=g\",\"width\":96,\"height\":96,\"caption\":\"Cand\\u00e1s 365\"},\"sameAs\":[\"https:\\\/\\\/www.facebook.com\\\/carrenoactualidad\",\"https:\\\/\\\/twitter.com\\\/nbasturias\",\"https:\\\/\\\/www.instagram.com\\\/nachofdezber\\\/\",\"https:\\\/\\\/www.youtube.com\\\/channel\\\/UCZP-2wLEB9Rv6erhFmqVnvg\"]},{\"@type\":\"WebPage\",\"@id\":\"https:\\\/\\\/candas365.es\\\/noticias\\\/final-de-la-vuelta-a-la-montana-central-de-asturias-junior\\\/#webpage\",\"url\":\"https:\\\/\\\/candas365.es\\\/noticias\\\/final-de-la-vuelta-a-la-montana-central-de-asturias-junior\\\/\",\"name\":\"Final de la Vuelta a la Monta\\u00f1a Central de Asturias Junior | Cand\\u00e1s 365\",\"description\":\"La edici\\u00f3n 2023 de la Vuelta a la Monta\\u00f1a Central de Asturias Junio concluye con un bonito final en las calles de Pola de Lena donde el corredor murciano\",\"inLanguage\":\"es-ES\",\"isPartOf\":{\"@id\":\"https:\\\/\\\/candas365.es\\\/noticias\\\/#website\"},\"breadcrumb\":{\"@id\":\"https:\\\/\\\/candas365.es\\\/noticias\\\/final-de-la-vuelta-a-la-montana-central-de-asturias-junior\\\/#breadcrumblist\"},\"author\":{\"@id\":\"https:\\\/\\\/candas365.es\\\/noticias\\\/author\\\/admin\\\/#author\"},\"creator\":{\"@id\":\"https:\\\/\\\/candas365.es\\\/noticias\\\/author\\\/admin\\\/#author\"},\"image\":{\"@type\":\"ImageObject\",\"url\":\"https:\\\/\\\/candas365.es\\\/noticias\\\/wp-content\\\/uploads\\\/2023\\\/05\\\/Vuelta-a-la-Montana-Central-de-Asturias-Junior.jpg\",\"@id\":\"https:\\\/\\\/candas365.es\\\/noticias\\\/final-de-la-vuelta-a-la-montana-central-de-asturias-junior\\\/#mainImage\",\"width\":673,\"height\":536,\"caption\":\"Foto: David Y\\u00e1\\u00f1ez \\\/ LP\"},\"primaryImageOfPage\":{\"@id\":\"https:\\\/\\\/candas365.es\\\/noticias\\\/final-de-la-vuelta-a-la-montana-central-de-asturias-junior\\\/#mainImage\"},\"datePublished\":\"2023-05-21T20:36:43+02:00\",\"dateModified\":\"2023-05-21T20:36:43+02:00\"},{\"@type\":\"WebSite\",\"@id\":\"https:\\\/\\\/candas365.es\\\/noticias\\\/#website\",\"url\":\"https:\\\/\\\/candas365.es\\\/noticias\\\/\",\"name\":\"Cand\\u00e1s 365\",\"alternateName\":\"Cand\\u00e1s 365 Noticias\",\"description\":\"Actualidad desde Carre\\u00f1o para el mundo\",\"inLanguage\":\"es-ES\",\"publisher\":{\"@id\":\"https:\\\/\\\/candas365.es\\\/noticias\\\/#organization\"}}]}\n\t\t<\/script>\n\t\t<!-- All in One SEO Pro -->\r\n\t\t<title>Final de la Vuelta a la Monta\u00f1a Central de Asturias Junior | Cand\u00e1s 365<\/title>\n\n","aioseo_head_json":{"title":"Final de la Vuelta a la Monta\u00f1a Central de Asturias Junior | Cand\u00e1s 365","description":"La edici\u00f3n 2023 de la Vuelta a la Monta\u00f1a Central de Asturias Junio concluye con un bonito final en las calles de Pola de Lena donde el corredor murciano","canonical_url":"https:\/\/candas365.es\/noticias\/final-de-la-vuelta-a-la-montana-central-de-asturias-junior\/","robots":"max-image-preview:large","keywords":"deporte","webmasterTools":{"google-site-verification":"UA-32230408-1","msvalidate.01":"354F3CDFB2DA171B47FBE9ABF1F88D5","miscellaneous":""},"schema":{"@context":"https:\/\/schema.org","@graph":[{"@type":"BreadcrumbList","@id":"https:\/\/candas365.es\/noticias\/final-de-la-vuelta-a-la-montana-central-de-asturias-junior\/#breadcrumblist","itemListElement":[{"@type":"ListItem","@id":"https:\/\/candas365.es\/noticias#listItem","position":1,"name":"Home","item":"https:\/\/candas365.es\/noticias","nextItem":{"@type":"ListItem","@id":"https:\/\/candas365.es\/noticias\/category\/deporte\/#listItem","name":"Deporte"}},{"@type":"ListItem","@id":"https:\/\/candas365.es\/noticias\/category\/deporte\/#listItem","position":2,"name":"Deporte","item":"https:\/\/candas365.es\/noticias\/category\/deporte\/","nextItem":{"@type":"ListItem","@id":"https:\/\/candas365.es\/noticias\/final-de-la-vuelta-a-la-montana-central-de-asturias-junior\/#listItem","name":"Final de la Vuelta a la Monta\u00f1a Central de Asturias Junior"},"previousItem":{"@type":"ListItem","@id":"https:\/\/candas365.es\/noticias#listItem","name":"Home"}},{"@type":"ListItem","@id":"https:\/\/candas365.es\/noticias\/final-de-la-vuelta-a-la-montana-central-de-asturias-junior\/#listItem","position":3,"name":"Final de la Vuelta a la Monta\u00f1a Central de Asturias Junior","previousItem":{"@type":"ListItem","@id":"https:\/\/candas365.es\/noticias\/category\/deporte\/#listItem","name":"Deporte"}}]},{"@type":"NewsArticle","@id":"https:\/\/candas365.es\/noticias\/final-de-la-vuelta-a-la-montana-central-de-asturias-junior\/#newsarticle","name":"Final de la Vuelta a la Monta\u00f1a Central de Asturias Junior | Cand\u00e1s 365","headline":"Final de la Vuelta a la Monta\u00f1a Central de Asturias Junior","author":{"@id":"https:\/\/candas365.es\/noticias\/author\/admin\/#author"},"publisher":{"@id":"https:\/\/candas365.es\/noticias\/#organization"},"image":{"@type":"ImageObject","url":"https:\/\/candas365.es\/noticias\/wp-content\/uploads\/2023\/05\/Vuelta-a-la-Montana-Central-de-Asturias-Junior.jpg","width":673,"height":536,"caption":"Foto: David Y\u00e1\u00f1ez \/ LP"},"datePublished":"2023-05-21T20:36:43+02:00","dateModified":"2023-05-21T20:36:43+02:00","inLanguage":"es-ES","mainEntityOfPage":{"@id":"https:\/\/candas365.es\/noticias\/final-de-la-vuelta-a-la-montana-central-de-asturias-junior\/#webpage"},"isPartOf":{"@id":"https:\/\/candas365.es\/noticias\/final-de-la-vuelta-a-la-montana-central-de-asturias-junior\/#webpage"},"articleSection":"Deporte, deporte","dateline":"Publicado el mayo 21, 2023."},{"@type":"Organization","@id":"https:\/\/candas365.es\/noticias\/#organization","name":"Cand\u00e1s 365","description":"Cand\u00e1s 365 es un diario digital independiente, fundado en 2012, con base en Asturias. Informamos con rigor sobre actualidad, sociedad, cultura y ocio, con una mirada local y global.","url":"https:\/\/candas365.es\/noticias\/","email":"info@candas365.es","telephone":"+34652131393","foundingDate":"2012-06-10","logo":{"@type":"ImageObject","url":"https:\/\/candas365.es\/noticias\/wp-content\/uploads\/2024\/09\/Candas-365-Redes.jpg","@id":"https:\/\/candas365.es\/noticias\/final-de-la-vuelta-a-la-montana-central-de-asturias-junior\/#organizationLogo","width":1152,"height":864,"caption":"Cand\u00e1s 365 Redes"},"image":{"@id":"https:\/\/candas365.es\/noticias\/final-de-la-vuelta-a-la-montana-central-de-asturias-junior\/#organizationLogo"},"sameAs":["https:\/\/www.facebook.com\/Nachofdezber","https:\/\/x.com\/NabercoDigital","https:\/\/www.instagram.com\/nachofdezber\/","https:\/\/www.youtube.com\/channel\/UCZP-2wLEB9Rv6erhFmqVnvg"],"address":{"@id":"https:\/\/candas365.es\/noticias\/#postaladdress","@type":"PostalAddress","streetAddress":"san antonio 4, san antonio 4","postalCode":"33430","addressLocality":"Cand\u00e1s","addressRegion":"Asturias","addressCountry":"ES"}},{"@type":"Person","@id":"https:\/\/candas365.es\/noticias\/author\/admin\/#author","url":"https:\/\/candas365.es\/noticias\/author\/admin\/","name":"Cand\u00e1s 365","image":{"@type":"ImageObject","@id":"https:\/\/candas365.es\/noticias\/final-de-la-vuelta-a-la-montana-central-de-asturias-junior\/#authorImage","url":"https:\/\/secure.gravatar.com\/avatar\/496a8e03d0c493ede1718b7934145dbdf8d89be1036b0eec9544e1094c9de390?s=96&d=mm&r=g","width":96,"height":96,"caption":"Cand\u00e1s 365"},"sameAs":["https:\/\/www.facebook.com\/carrenoactualidad","https:\/\/twitter.com\/nbasturias","https:\/\/www.instagram.com\/nachofdezber\/","https:\/\/www.youtube.com\/channel\/UCZP-2wLEB9Rv6erhFmqVnvg"]},{"@type":"WebPage","@id":"https:\/\/candas365.es\/noticias\/final-de-la-vuelta-a-la-montana-central-de-asturias-junior\/#webpage","url":"https:\/\/candas365.es\/noticias\/final-de-la-vuelta-a-la-montana-central-de-asturias-junior\/","name":"Final de la Vuelta a la Monta\u00f1a Central de Asturias Junior | Cand\u00e1s 365","description":"La edici\u00f3n 2023 de la Vuelta a la Monta\u00f1a Central de Asturias Junio concluye con un bonito final en las calles de Pola de Lena donde el corredor murciano","inLanguage":"es-ES","isPartOf":{"@id":"https:\/\/candas365.es\/noticias\/#website"},"breadcrumb":{"@id":"https:\/\/candas365.es\/noticias\/final-de-la-vuelta-a-la-montana-central-de-asturias-junior\/#breadcrumblist"},"author":{"@id":"https:\/\/candas365.es\/noticias\/author\/admin\/#author"},"creator":{"@id":"https:\/\/candas365.es\/noticias\/author\/admin\/#author"},"image":{"@type":"ImageObject","url":"https:\/\/candas365.es\/noticias\/wp-content\/uploads\/2023\/05\/Vuelta-a-la-Montana-Central-de-Asturias-Junior.jpg","@id":"https:\/\/candas365.es\/noticias\/final-de-la-vuelta-a-la-montana-central-de-asturias-junior\/#mainImage","width":673,"height":536,"caption":"Foto: David Y\u00e1\u00f1ez \/ LP"},"primaryImageOfPage":{"@id":"https:\/\/candas365.es\/noticias\/final-de-la-vuelta-a-la-montana-central-de-asturias-junior\/#mainImage"},"datePublished":"2023-05-21T20:36:43+02:00","dateModified":"2023-05-21T20:36:43+02:00"},{"@type":"WebSite","@id":"https:\/\/candas365.es\/noticias\/#website","url":"https:\/\/candas365.es\/noticias\/","name":"Cand\u00e1s 365","alternateName":"Cand\u00e1s 365 Noticias","description":"Actualidad desde Carre\u00f1o para el mundo","inLanguage":"es-ES","publisher":{"@id":"https:\/\/candas365.es\/noticias\/#organization"}}]},"og:locale":"es_ES","og:site_name":"Cand\u00e1s 365","og:type":"article","og:title":"Final de la Vuelta a la Monta\u00f1a Central de Asturias Junior | Cand\u00e1s 365","og:description":"La edici\u00f3n 2023 de la Vuelta a la Monta\u00f1a Central de Asturias Junio concluye con un bonito final en las calles de Pola de Lena donde el corredor murciano","og:url":"https:\/\/candas365.es\/noticias\/final-de-la-vuelta-a-la-montana-central-de-asturias-junior\/","og:image":"https:\/\/candas365.es\/noticias\/wp-content\/uploads\/2023\/05\/Vuelta-a-la-Montana-Central-de-Asturias-Junior.jpg","og:image:secure_url":"https:\/\/candas365.es\/noticias\/wp-content\/uploads\/2023\/05\/Vuelta-a-la-Montana-Central-de-Asturias-Junior.jpg","og:image:width":673,"og:image:height":536,"article:published_time":"2023-05-21T18:36:43+00:00","article:modified_time":"2023-05-21T18:36:43+00:00","article:publisher":"https:\/\/www.facebook.com\/Nachofdezber","article:author":"https:\/\/www.facebook.com\/carrenoactualidad","twitter:card":"summary_large_image","twitter:site":"@NabercoDigital","twitter:title":"Final de la Vuelta a la Monta\u00f1a Central de Asturias Junior | Cand\u00e1s 365","twitter:description":"La edici\u00f3n 2023 de la Vuelta a la Monta\u00f1a Central de Asturias Junio concluye con un bonito final en las calles de Pola de Lena donde el corredor murciano","twitter:creator":"@nbasturias","twitter:image":"https:\/\/candas365.es\/noticias\/wp-content\/uploads\/2023\/05\/Vuelta-a-la-Montana-Central-de-Asturias-Junior.jpg","twitter:label1":"Escrito por","twitter:data1":"Cand\u00e1s 365","twitter:label2":"Tiempo de lectura estimado","twitter:data2":"1 minuto"},"aioseo_meta_data":{"post_id":"173826","title":null,"description":"La edici\u00f3n 2023 de la Vuelta a la Monta\u00f1a Central de Asturias Junio concluye con un bonito final en las calles de Pola de Lena donde el corredor murciano","keywords":[],"keyphrases":{"focus":{"keyphrase":"Asturias","score":92,"analysis":{"keyphraseInTitle":{"score":9,"maxScore":9,"error":0},"keyphraseInDescription":{"score":9,"maxScore":9,"error":0},"keyphraseLength":{"score":9,"maxScore":9,"error":0,"length":1},"keyphraseInURL":{"score":1,"maxScore":5,"error":1},"keyphraseInIntroduction":{"score":9,"maxScore":9,"error":0},"keyphraseInSubHeadings":[],"keyphraseInImageAlt":{"score":9,"maxScore":9,"error":0}}},"additional":[{"keyphrase":"Monta\u00f1a Central","score":100,"analysis":{"keyphraseInDescription":{"score":9,"maxScore":9,"error":0},"keyphraseLength":{"score":9,"maxScore":9,"error":0,"length":2},"keyphraseInIntroduction":{"score":9,"maxScore":9,"error":0},"keyphraseInImageAlt":{"score":9,"maxScore":9,"error":0}}}]},"primary_term":null,"canonical_url":null,"og_title":null,"og_description":null,"og_object_type":"default","og_image_type":"default","og_image_url":null,"og_image_width":null,"og_image_height":null,"og_image_custom_url":null,"og_image_custom_fields":null,"og_video":"","og_custom_url":null,"og_article_section":null,"og_article_tags":[],"twitter_use_og":false,"twitter_card":"default","twitter_image_type":"default","twitter_image_url":null,"twitter_image_custom_url":null,"twitter_image_custom_fields":null,"twitter_title":null,"twitter_description":null,"schema":{"blockGraphs":[],"customGraphs":[],"default":{"data":{"Article":[],"Course":[],"Dataset":[],"FAQPage":[],"Movie":[],"Person":[],"Product":[],"ProductReview":[],"Car":[],"Recipe":[],"Service":[],"SoftwareApplication":[],"WebPage":[]},"graphName":"","isEnabled":true},"graphs":[]},"schema_type":"default","schema_type_options":null,"pillar_content":false,"robots_default":true,"robots_noindex":false,"robots_noarchive":false,"robots_nosnippet":false,"robots_nofollow":false,"robots_noimageindex":false,"robots_noodp":false,"robots_notranslate":false,"robots_max_snippet":"-1","robots_max_videopreview":"-1","robots_max_imagepreview":"large","priority":null,"frequency":"default","location":null,"local_seo":null,"seo_analyzer_scan_date":"2025-09-01 20:48:24","breadcrumb_settings":null,"limit_modified_date":false,"reviewed_by":null,"open_ai":"{\"title\":{\"suggestions\":[],\"usage\":0},\"description\":{\"suggestions\":[],\"usage\":0}}","ai":null,"created":"2023-05-21 18:27:59","updated":"2025-09-01 20:48:24"},"aioseo_breadcrumb":"<div class=\"aioseo-breadcrumbs\"><span class=\"aioseo-breadcrumb\">\n\t<a href=\"https:\/\/candas365.es\/noticias\" title=\"Home\">Home<\/a>\n<\/span><span class=\"aioseo-breadcrumb-separator\">&ndash;<\/span><span class=\"aioseo-breadcrumb\">\n\t<a href=\"https:\/\/candas365.es\/noticias\/category\/deporte\/\" title=\"Deporte\">Deporte<\/a>\n<\/span><span class=\"aioseo-breadcrumb-separator\">&ndash;<\/span><span class=\"aioseo-breadcrumb\">\n\tFinal de la Vuelta a la Monta\u00f1a Central de Asturias Junior\n<\/span><\/div>","aioseo_breadcrumb_json":[{"label":"Home","link":"https:\/\/candas365.es\/noticias"},{"label":"Deporte","link":"https:\/\/candas365.es\/noticias\/category\/deporte\/"},{"label":"Final de la Vuelta a la Monta\u00f1a Central de Asturias Junior","link":"https:\/\/candas365.es\/noticias\/final-de-la-vuelta-a-la-montana-central-de-asturias-junior\/"}],"_links":{"self":[{"href":"https:\/\/candas365.es\/noticias\/wp-json\/wp\/v2\/posts\/173826","targetHints":{"allow":["GET"]}}],"collection":[{"href":"https:\/\/candas365.es\/noticias\/wp-json\/wp\/v2\/posts"}],"about":[{"href":"https:\/\/candas365.es\/noticias\/wp-json\/wp\/v2\/types\/post"}],"author":[{"embeddable":true,"href":"https:\/\/candas365.es\/noticias\/wp-json\/wp\/v2\/users\/1"}],"replies":[{"embeddable":true,"href":"https:\/\/candas365.es\/noticias\/wp-json\/wp\/v2\/comments?post=173826"}],"version-history":[{"count":0,"href":"https:\/\/candas365.es\/noticias\/wp-json\/wp\/v2\/posts\/173826\/revisions"}],"wp:featuredmedia":[{"embeddable":true,"href":"https:\/\/candas365.es\/noticias\/wp-json\/wp\/v2\/media\/173827"}],"wp:attachment":[{"href":"https:\/\/candas365.es\/noticias\/wp-json\/wp\/v2\/media?parent=173826"}],"wp:term":[{"taxonomy":"category","embeddable":true,"href":"https:\/\/candas365.es\/noticias\/wp-json\/wp\/v2\/categories?post=173826"},{"taxonomy":"post_tag","embeddable":true,"href":"https:\/\/candas365.es\/noticias\/wp-json\/wp\/v2\/tags?post=173826"}],"curies":[{"name":"wp","href":"https:\/\/api.w.org\/{rel}","templated":true}]}}