{"id":173820,"date":"2023-05-21T16:15:36","date_gmt":"2023-05-21T14:15:36","guid":{"rendered":"https:\/\/candas365.es\/noticias\/?p=173820"},"modified":"2023-05-21T16:15:36","modified_gmt":"2023-05-21T14:15:36","slug":"el-precio-de-la-luz-se-triplicara-el-lunes-23-de-mayo","status":"publish","type":"post","link":"https:\/\/candas365.es\/noticias\/el-precio-de-la-luz-se-triplicara-el-lunes-23-de-mayo\/","title":{"rendered":"El precio de la luz se triplicar\u00e1 el lunes 23 de mayo"},"content":{"rendered":"<p>(EP) &#8211; El<a href=\"https:\/\/candas365.es\/noticias\/category\/economia\/\"> <span style=\"color: #ff6600;\"><strong>precio promedio de la luz<\/strong><\/span><\/a> para los clientes de tarifa regulada vinculados al mercado mayorista <strong>subir\u00e1 este lunes un 181,88%<\/strong> con respecto a este domingo, hasta los 88,85 euros por megavatio hora (MWh).<\/p>\n<figure id=\"attachment_173821\" aria-describedby=\"caption-attachment-173821\" style=\"width: 650px\" class=\"wp-caption aligncenter\"><img fetchpriority=\"high\" decoding=\"async\" class=\"wp-image-173821 size-large\" src=\"https:\/\/candas365.es\/noticias\/wp-content\/uploads\/2023\/05\/precio-de-la-luz-650x430.jpg\" alt=\"precio de la luz\" width=\"650\" height=\"430\" srcset=\"https:\/\/candas365.es\/noticias\/wp-content\/uploads\/2023\/05\/precio-de-la-luz-650x430.jpg 650w, https:\/\/candas365.es\/noticias\/wp-content\/uploads\/2023\/05\/precio-de-la-luz-360x238.jpg 360w, https:\/\/candas365.es\/noticias\/wp-content\/uploads\/2023\/05\/precio-de-la-luz-768x508.jpg 768w, https:\/\/candas365.es\/noticias\/wp-content\/uploads\/2023\/05\/precio-de-la-luz-150x99.jpg 150w, https:\/\/candas365.es\/noticias\/wp-content\/uploads\/2023\/05\/precio-de-la-luz-450x298.jpg 450w, https:\/\/candas365.es\/noticias\/wp-content\/uploads\/2023\/05\/precio-de-la-luz.jpg 991w\" sizes=\"(max-width: 650px) 100vw, 650px\" \/><figcaption id=\"caption-attachment-173821\" class=\"wp-caption-text\">Foto: David Zorrakino &#8211; Europa Press<\/figcaption><\/figure>\n<p>Por franjas horarias, <strong>el precio m\u00ednimo, de 73,64 euros\/MWh, se dar\u00e1 entre las 15.00 y 16.00 horas, mientras que el precio m\u00e1ximo se registrar\u00e1 entre las 8.00 y 9.00 horas, cuando ser\u00e1 de 113,42 euros\/MWh.<\/strong><\/p>\n<p>A este precio medio del &#8216;pool&#8217; se sumar\u00eda la compensaci\u00f3n a las gasistas, que tiene que ser abonada por los <span style=\"color: #ff6600;\"><a style=\"color: #ff6600;\" href=\"https:\/\/www.eldigitaldeasturias.com\/noticias\/category\/economia\/\" target=\"_blank\" rel=\"noopener\"><strong>consumidores<\/strong><\/a> <\/span>beneficiarios de la medida, los consumidores de la tarifa regulada (PVPC) o los que, a pesar de estar en el mercado libre, tienen una tarifa indexada, pero para este lunes se situar\u00e1 nuevamente en 0 euros\/MWh, situaci\u00f3n que se repite desde el pasado 27 de febrero.<\/p>\n<blockquote><p>El precio medio de la luz en lo que va de mayo se sit\u00faa en 70 euros\/MWh, frente a los 188,90 euros\/MWh que registr\u00f3 en el mismo periodo del a\u00f1o pasado.<\/p><\/blockquote>\n<p><strong>La denominada &#8216;excepci\u00f3n ib\u00e9rica&#8217; se ha extendido hasta el pr\u00f3ximo 31 de diciembre, tras el acuerdo alcanzado por Espa\u00f1a y Portugal con la Comisi\u00f3n Europea<\/strong>. As\u00ed, se prolonga siete meses, hasta final de este a\u00f1o, y no se excluye que pueda prolongarse m\u00e1s tiempo si dicho marco tambi\u00e9n se prolonga.<\/p>\n<p>En concreto, el acuerdo no solamente representa una extensi\u00f3n de la excepci\u00f3n ib\u00e9rica que ya se aplicaba, sino que implica algunos ajustes para acomodarlo, como la referencia de precios, que hasta ahora se incrementaba en cinco euros al mes, y ahora ser\u00e1 m\u00e1s suave.<\/p>\n<p>En el acuerdo original, el citado precio de referencia para el gas ten\u00eda un valor medio de 48,8 euros\/MWh: era de 40 euros\/MWh durante seis meses, elev\u00e1ndose 5 euros\/MWh cada mes a partir de entonces. Ahora, se incrementar\u00e1 en 1,1 euros\/MWh desde abril, para concluir en 65 euros\/MWh. Para este mes de mayo, el l\u00edmite est\u00e1 fijado en 57,2 euros\/MWh.<\/p>\n<p>Actualmente, el mecanismo lleva sin tener efecto sobre los procesos de casaci\u00f3n marginal en los mercados mayoristas desde finales de febrero, debido al descenso del precio del gas natural por debajo de los umbrales fijados para su aplicaci\u00f3n, pero, en caso necesario, la pr\u00f3rroga permitir\u00e1 mantener un precio razonable, no tan dependiente de la evoluci\u00f3n del gas natural.<\/p>\n","protected":false},"excerpt":{"rendered":"<p>(EP) &#8211; El precio promedio de la luz para los clientes de tarifa regulada vinculados al mercado mayorista subir\u00e1 este lunes un 181,88% con respecto a este domingo, hasta los 88,85 euros por megavatio hora (MWh). Por franjas horarias, el precio m\u00ednimo, de 73,64 euros\/MWh, se dar\u00e1 entre las 15.00 y 16.00 horas, mientras que<\/p>\n","protected":false},"author":1,"featured_media":173821,"comment_status":"closed","ping_status":"closed","sticky":false,"template":"","format":"standard","meta":{"footnotes":""},"categories":[316,486],"tags":[437,466],"class_list":{"0":"post-173820","1":"post","2":"type-post","3":"status-publish","4":"format-standard","5":"has-post-thumbnail","7":"category-destacadas","8":"category-economia","9":"tag-economia","10":"tag-espana"},"aioseo_notices":[],"aioseo_head":"\n\t\t<!-- All in One SEO Pro 4.9.6.2 - aioseo.com -->\n\t<meta name=\"description\" content=\"(EP) - El precio promedio de la luz para los clientes de tarifa regulada vinculados al mercado mayorista subir\u00e1 este lunes un 181,88% con respecto\" \/>\n\t<meta name=\"robots\" content=\"max-image-preview:large\" \/>\n\t<meta name=\"author\" content=\"Cand\u00e1s 365\"\/>\n\t<meta name=\"google-site-verification\" content=\"UA-32230408-1\" \/>\n\t<meta name=\"msvalidate.01\" content=\"354F3CDFB2DA171B47FBE9ABF1F88D5\" \/>\n\t<meta name=\"keywords\" content=\"destacadas,econom\u00eda\" \/>\n\t<link rel=\"canonical\" href=\"https:\/\/candas365.es\/noticias\/el-precio-de-la-luz-se-triplicara-el-lunes-23-de-mayo\/\" \/>\n\t<meta name=\"generator\" content=\"All in One SEO Pro (AIOSEO) 4.9.6.2\" \/>\n\t\t<meta property=\"og:locale\" content=\"es_ES\" \/>\n\t\t<meta property=\"og:site_name\" content=\"Cand\u00e1s 365\" \/>\n\t\t<meta property=\"og:type\" content=\"article\" \/>\n\t\t<meta property=\"og:title\" content=\"El precio de la luz se triplicar\u00e1 el lunes 23 de mayo | Cand\u00e1s 365\" \/>\n\t\t<meta property=\"og:description\" content=\"(EP) - El precio promedio de la luz para los clientes de tarifa regulada vinculados al mercado mayorista subir\u00e1 este lunes un 181,88% con respecto\" \/>\n\t\t<meta property=\"og:url\" content=\"https:\/\/candas365.es\/noticias\/el-precio-de-la-luz-se-triplicara-el-lunes-23-de-mayo\/\" \/>\n\t\t<meta property=\"og:image\" content=\"https:\/\/candas365.es\/noticias\/wp-content\/uploads\/2023\/05\/precio-de-la-luz.jpg\" \/>\n\t\t<meta property=\"og:image:secure_url\" content=\"https:\/\/candas365.es\/noticias\/wp-content\/uploads\/2023\/05\/precio-de-la-luz.jpg\" \/>\n\t\t<meta property=\"og:image:width\" content=\"991\" \/>\n\t\t<meta property=\"og:image:height\" content=\"656\" \/>\n\t\t<meta property=\"article:published_time\" content=\"2023-05-21T14:15:36+00:00\" \/>\n\t\t<meta property=\"article:modified_time\" content=\"2023-05-21T14:15:36+00:00\" \/>\n\t\t<meta property=\"article:publisher\" content=\"https:\/\/www.facebook.com\/Nachofdezber\" \/>\n\t\t<meta property=\"article:author\" content=\"https:\/\/www.facebook.com\/carrenoactualidad\" \/>\n\t\t<meta name=\"twitter:card\" content=\"summary_large_image\" \/>\n\t\t<meta name=\"twitter:site\" content=\"@NabercoDigital\" \/>\n\t\t<meta name=\"twitter:title\" content=\"El precio de la luz se triplicar\u00e1 el lunes 23 de mayo | Cand\u00e1s 365\" \/>\n\t\t<meta name=\"twitter:description\" content=\"(EP) - El precio promedio de la luz para los clientes de tarifa regulada vinculados al mercado mayorista subir\u00e1 este lunes un 181,88% con respecto\" \/>\n\t\t<meta name=\"twitter:creator\" content=\"@nbasturias\" \/>\n\t\t<meta name=\"twitter:image\" content=\"https:\/\/candas365.es\/noticias\/wp-content\/uploads\/2023\/05\/precio-de-la-luz.jpg\" \/>\n\t\t<meta name=\"twitter:label1\" content=\"Escrito por\" \/>\n\t\t<meta name=\"twitter:data1\" content=\"Cand\u00e1s 365\" \/>\n\t\t<meta name=\"twitter:label2\" content=\"Tiempo de lectura estimado\" \/>\n\t\t<meta name=\"twitter:data2\" content=\"2 minutos\" \/>\n\t\t<script type=\"application\/ld+json\" class=\"aioseo-schema\">\n\t\t\t{\"@context\":\"https:\\\/\\\/schema.org\",\"@graph\":[{\"@type\":\"BreadcrumbList\",\"@id\":\"https:\\\/\\\/candas365.es\\\/noticias\\\/el-precio-de-la-luz-se-triplicara-el-lunes-23-de-mayo\\\/#breadcrumblist\",\"itemListElement\":[{\"@type\":\"ListItem\",\"@id\":\"https:\\\/\\\/candas365.es\\\/noticias#listItem\",\"position\":1,\"name\":\"Home\",\"item\":\"https:\\\/\\\/candas365.es\\\/noticias\",\"nextItem\":{\"@type\":\"ListItem\",\"@id\":\"https:\\\/\\\/candas365.es\\\/noticias\\\/category\\\/destacadas\\\/#listItem\",\"name\":\"Destacadas\"}},{\"@type\":\"ListItem\",\"@id\":\"https:\\\/\\\/candas365.es\\\/noticias\\\/category\\\/destacadas\\\/#listItem\",\"position\":2,\"name\":\"Destacadas\",\"item\":\"https:\\\/\\\/candas365.es\\\/noticias\\\/category\\\/destacadas\\\/\",\"nextItem\":{\"@type\":\"ListItem\",\"@id\":\"https:\\\/\\\/candas365.es\\\/noticias\\\/el-precio-de-la-luz-se-triplicara-el-lunes-23-de-mayo\\\/#listItem\",\"name\":\"El precio de la luz se triplicar\\u00e1 el lunes 23 de mayo\"},\"previousItem\":{\"@type\":\"ListItem\",\"@id\":\"https:\\\/\\\/candas365.es\\\/noticias#listItem\",\"name\":\"Home\"}},{\"@type\":\"ListItem\",\"@id\":\"https:\\\/\\\/candas365.es\\\/noticias\\\/el-precio-de-la-luz-se-triplicara-el-lunes-23-de-mayo\\\/#listItem\",\"position\":3,\"name\":\"El precio de la luz se triplicar\\u00e1 el lunes 23 de mayo\",\"previousItem\":{\"@type\":\"ListItem\",\"@id\":\"https:\\\/\\\/candas365.es\\\/noticias\\\/category\\\/destacadas\\\/#listItem\",\"name\":\"Destacadas\"}}]},{\"@type\":\"NewsArticle\",\"@id\":\"https:\\\/\\\/candas365.es\\\/noticias\\\/el-precio-de-la-luz-se-triplicara-el-lunes-23-de-mayo\\\/#newsarticle\",\"name\":\"El precio de la luz se triplicar\\u00e1 el lunes 23 de mayo | Cand\\u00e1s 365\",\"headline\":\"El precio de la luz se triplicar\\u00e1 el lunes 23 de mayo\",\"author\":{\"@id\":\"https:\\\/\\\/candas365.es\\\/noticias\\\/author\\\/admin\\\/#author\"},\"publisher\":{\"@id\":\"https:\\\/\\\/candas365.es\\\/noticias\\\/#organization\"},\"image\":{\"@type\":\"ImageObject\",\"url\":\"https:\\\/\\\/candas365.es\\\/noticias\\\/wp-content\\\/uploads\\\/2023\\\/05\\\/precio-de-la-luz.jpg\",\"width\":991,\"height\":656,\"caption\":\"Foto: David Zorrakino - Europa Press\"},\"datePublished\":\"2023-05-21T16:15:36+02:00\",\"dateModified\":\"2023-05-21T16:15:36+02:00\",\"inLanguage\":\"es-ES\",\"mainEntityOfPage\":{\"@id\":\"https:\\\/\\\/candas365.es\\\/noticias\\\/el-precio-de-la-luz-se-triplicara-el-lunes-23-de-mayo\\\/#webpage\"},\"isPartOf\":{\"@id\":\"https:\\\/\\\/candas365.es\\\/noticias\\\/el-precio-de-la-luz-se-triplicara-el-lunes-23-de-mayo\\\/#webpage\"},\"articleSection\":\"Destacadas, Econom\\u00eda, Econom\\u00eda, Espa\\u00f1a\",\"dateline\":\"Publicado el mayo 21, 2023.\"},{\"@type\":\"Organization\",\"@id\":\"https:\\\/\\\/candas365.es\\\/noticias\\\/#organization\",\"name\":\"Cand\\u00e1s 365\",\"description\":\"Cand\\u00e1s 365 es un diario digital independiente, fundado en 2012, con base en Asturias. Informamos con rigor sobre actualidad, sociedad, cultura y ocio, con una mirada local y global.\",\"url\":\"https:\\\/\\\/candas365.es\\\/noticias\\\/\",\"email\":\"info@candas365.es\",\"telephone\":\"+34652131393\",\"foundingDate\":\"2012-06-10\",\"logo\":{\"@type\":\"ImageObject\",\"url\":\"https:\\\/\\\/candas365.es\\\/noticias\\\/wp-content\\\/uploads\\\/2024\\\/09\\\/Candas-365-Redes.jpg\",\"@id\":\"https:\\\/\\\/candas365.es\\\/noticias\\\/el-precio-de-la-luz-se-triplicara-el-lunes-23-de-mayo\\\/#organizationLogo\",\"width\":1152,\"height\":864,\"caption\":\"Cand\\u00e1s 365 Redes\"},\"image\":{\"@id\":\"https:\\\/\\\/candas365.es\\\/noticias\\\/el-precio-de-la-luz-se-triplicara-el-lunes-23-de-mayo\\\/#organizationLogo\"},\"sameAs\":[\"https:\\\/\\\/www.facebook.com\\\/Nachofdezber\",\"https:\\\/\\\/x.com\\\/NabercoDigital\",\"https:\\\/\\\/www.instagram.com\\\/nachofdezber\\\/\",\"https:\\\/\\\/www.youtube.com\\\/channel\\\/UCZP-2wLEB9Rv6erhFmqVnvg\"],\"address\":{\"@id\":\"https:\\\/\\\/candas365.es\\\/noticias\\\/#postaladdress\",\"@type\":\"PostalAddress\",\"streetAddress\":\"san antonio 4, san antonio 4\",\"postalCode\":\"33430\",\"addressLocality\":\"Cand\\u00e1s\",\"addressRegion\":\"Asturias\",\"addressCountry\":\"ES\"}},{\"@type\":\"Person\",\"@id\":\"https:\\\/\\\/candas365.es\\\/noticias\\\/author\\\/admin\\\/#author\",\"url\":\"https:\\\/\\\/candas365.es\\\/noticias\\\/author\\\/admin\\\/\",\"name\":\"Cand\\u00e1s 365\",\"image\":{\"@type\":\"ImageObject\",\"@id\":\"https:\\\/\\\/candas365.es\\\/noticias\\\/el-precio-de-la-luz-se-triplicara-el-lunes-23-de-mayo\\\/#authorImage\",\"url\":\"https:\\\/\\\/secure.gravatar.com\\\/avatar\\\/496a8e03d0c493ede1718b7934145dbdf8d89be1036b0eec9544e1094c9de390?s=96&d=mm&r=g\",\"width\":96,\"height\":96,\"caption\":\"Cand\\u00e1s 365\"},\"sameAs\":[\"https:\\\/\\\/www.facebook.com\\\/carrenoactualidad\",\"https:\\\/\\\/twitter.com\\\/nbasturias\",\"https:\\\/\\\/www.instagram.com\\\/nachofdezber\\\/\",\"https:\\\/\\\/www.youtube.com\\\/channel\\\/UCZP-2wLEB9Rv6erhFmqVnvg\"]},{\"@type\":\"WebPage\",\"@id\":\"https:\\\/\\\/candas365.es\\\/noticias\\\/el-precio-de-la-luz-se-triplicara-el-lunes-23-de-mayo\\\/#webpage\",\"url\":\"https:\\\/\\\/candas365.es\\\/noticias\\\/el-precio-de-la-luz-se-triplicara-el-lunes-23-de-mayo\\\/\",\"name\":\"El precio de la luz se triplicar\\u00e1 el lunes 23 de mayo | Cand\\u00e1s 365\",\"description\":\"(EP) - El precio promedio de la luz para los clientes de tarifa regulada vinculados al mercado mayorista subir\\u00e1 este lunes un 181,88% con respecto\",\"inLanguage\":\"es-ES\",\"isPartOf\":{\"@id\":\"https:\\\/\\\/candas365.es\\\/noticias\\\/#website\"},\"breadcrumb\":{\"@id\":\"https:\\\/\\\/candas365.es\\\/noticias\\\/el-precio-de-la-luz-se-triplicara-el-lunes-23-de-mayo\\\/#breadcrumblist\"},\"author\":{\"@id\":\"https:\\\/\\\/candas365.es\\\/noticias\\\/author\\\/admin\\\/#author\"},\"creator\":{\"@id\":\"https:\\\/\\\/candas365.es\\\/noticias\\\/author\\\/admin\\\/#author\"},\"image\":{\"@type\":\"ImageObject\",\"url\":\"https:\\\/\\\/candas365.es\\\/noticias\\\/wp-content\\\/uploads\\\/2023\\\/05\\\/precio-de-la-luz.jpg\",\"@id\":\"https:\\\/\\\/candas365.es\\\/noticias\\\/el-precio-de-la-luz-se-triplicara-el-lunes-23-de-mayo\\\/#mainImage\",\"width\":991,\"height\":656,\"caption\":\"Foto: David Zorrakino - Europa Press\"},\"primaryImageOfPage\":{\"@id\":\"https:\\\/\\\/candas365.es\\\/noticias\\\/el-precio-de-la-luz-se-triplicara-el-lunes-23-de-mayo\\\/#mainImage\"},\"datePublished\":\"2023-05-21T16:15:36+02:00\",\"dateModified\":\"2023-05-21T16:15:36+02:00\"},{\"@type\":\"WebSite\",\"@id\":\"https:\\\/\\\/candas365.es\\\/noticias\\\/#website\",\"url\":\"https:\\\/\\\/candas365.es\\\/noticias\\\/\",\"name\":\"Cand\\u00e1s 365\",\"alternateName\":\"Cand\\u00e1s 365 Noticias\",\"description\":\"Actualidad desde Carre\\u00f1o para el mundo\",\"inLanguage\":\"es-ES\",\"publisher\":{\"@id\":\"https:\\\/\\\/candas365.es\\\/noticias\\\/#organization\"}}]}\n\t\t<\/script>\n\t\t<!-- All in One SEO Pro -->\r\n\t\t<title>El precio de la luz se triplicar\u00e1 el lunes 23 de mayo | Cand\u00e1s 365<\/title>\n\n","aioseo_head_json":{"title":"El precio de la luz se triplicar\u00e1 el lunes 23 de mayo | Cand\u00e1s 365","description":"(EP) - El precio promedio de la luz para los clientes de tarifa regulada vinculados al mercado mayorista subir\u00e1 este lunes un 181,88% con respecto","canonical_url":"https:\/\/candas365.es\/noticias\/el-precio-de-la-luz-se-triplicara-el-lunes-23-de-mayo\/","robots":"max-image-preview:large","keywords":"destacadas,econom\u00eda","webmasterTools":{"google-site-verification":"UA-32230408-1","msvalidate.01":"354F3CDFB2DA171B47FBE9ABF1F88D5","miscellaneous":""},"schema":{"@context":"https:\/\/schema.org","@graph":[{"@type":"BreadcrumbList","@id":"https:\/\/candas365.es\/noticias\/el-precio-de-la-luz-se-triplicara-el-lunes-23-de-mayo\/#breadcrumblist","itemListElement":[{"@type":"ListItem","@id":"https:\/\/candas365.es\/noticias#listItem","position":1,"name":"Home","item":"https:\/\/candas365.es\/noticias","nextItem":{"@type":"ListItem","@id":"https:\/\/candas365.es\/noticias\/category\/destacadas\/#listItem","name":"Destacadas"}},{"@type":"ListItem","@id":"https:\/\/candas365.es\/noticias\/category\/destacadas\/#listItem","position":2,"name":"Destacadas","item":"https:\/\/candas365.es\/noticias\/category\/destacadas\/","nextItem":{"@type":"ListItem","@id":"https:\/\/candas365.es\/noticias\/el-precio-de-la-luz-se-triplicara-el-lunes-23-de-mayo\/#listItem","name":"El precio de la luz se triplicar\u00e1 el lunes 23 de mayo"},"previousItem":{"@type":"ListItem","@id":"https:\/\/candas365.es\/noticias#listItem","name":"Home"}},{"@type":"ListItem","@id":"https:\/\/candas365.es\/noticias\/el-precio-de-la-luz-se-triplicara-el-lunes-23-de-mayo\/#listItem","position":3,"name":"El precio de la luz se triplicar\u00e1 el lunes 23 de mayo","previousItem":{"@type":"ListItem","@id":"https:\/\/candas365.es\/noticias\/category\/destacadas\/#listItem","name":"Destacadas"}}]},{"@type":"NewsArticle","@id":"https:\/\/candas365.es\/noticias\/el-precio-de-la-luz-se-triplicara-el-lunes-23-de-mayo\/#newsarticle","name":"El precio de la luz se triplicar\u00e1 el lunes 23 de mayo | Cand\u00e1s 365","headline":"El precio de la luz se triplicar\u00e1 el lunes 23 de mayo","author":{"@id":"https:\/\/candas365.es\/noticias\/author\/admin\/#author"},"publisher":{"@id":"https:\/\/candas365.es\/noticias\/#organization"},"image":{"@type":"ImageObject","url":"https:\/\/candas365.es\/noticias\/wp-content\/uploads\/2023\/05\/precio-de-la-luz.jpg","width":991,"height":656,"caption":"Foto: David Zorrakino - Europa Press"},"datePublished":"2023-05-21T16:15:36+02:00","dateModified":"2023-05-21T16:15:36+02:00","inLanguage":"es-ES","mainEntityOfPage":{"@id":"https:\/\/candas365.es\/noticias\/el-precio-de-la-luz-se-triplicara-el-lunes-23-de-mayo\/#webpage"},"isPartOf":{"@id":"https:\/\/candas365.es\/noticias\/el-precio-de-la-luz-se-triplicara-el-lunes-23-de-mayo\/#webpage"},"articleSection":"Destacadas, Econom\u00eda, Econom\u00eda, Espa\u00f1a","dateline":"Publicado el mayo 21, 2023."},{"@type":"Organization","@id":"https:\/\/candas365.es\/noticias\/#organization","name":"Cand\u00e1s 365","description":"Cand\u00e1s 365 es un diario digital independiente, fundado en 2012, con base en Asturias. Informamos con rigor sobre actualidad, sociedad, cultura y ocio, con una mirada local y global.","url":"https:\/\/candas365.es\/noticias\/","email":"info@candas365.es","telephone":"+34652131393","foundingDate":"2012-06-10","logo":{"@type":"ImageObject","url":"https:\/\/candas365.es\/noticias\/wp-content\/uploads\/2024\/09\/Candas-365-Redes.jpg","@id":"https:\/\/candas365.es\/noticias\/el-precio-de-la-luz-se-triplicara-el-lunes-23-de-mayo\/#organizationLogo","width":1152,"height":864,"caption":"Cand\u00e1s 365 Redes"},"image":{"@id":"https:\/\/candas365.es\/noticias\/el-precio-de-la-luz-se-triplicara-el-lunes-23-de-mayo\/#organizationLogo"},"sameAs":["https:\/\/www.facebook.com\/Nachofdezber","https:\/\/x.com\/NabercoDigital","https:\/\/www.instagram.com\/nachofdezber\/","https:\/\/www.youtube.com\/channel\/UCZP-2wLEB9Rv6erhFmqVnvg"],"address":{"@id":"https:\/\/candas365.es\/noticias\/#postaladdress","@type":"PostalAddress","streetAddress":"san antonio 4, san antonio 4","postalCode":"33430","addressLocality":"Cand\u00e1s","addressRegion":"Asturias","addressCountry":"ES"}},{"@type":"Person","@id":"https:\/\/candas365.es\/noticias\/author\/admin\/#author","url":"https:\/\/candas365.es\/noticias\/author\/admin\/","name":"Cand\u00e1s 365","image":{"@type":"ImageObject","@id":"https:\/\/candas365.es\/noticias\/el-precio-de-la-luz-se-triplicara-el-lunes-23-de-mayo\/#authorImage","url":"https:\/\/secure.gravatar.com\/avatar\/496a8e03d0c493ede1718b7934145dbdf8d89be1036b0eec9544e1094c9de390?s=96&d=mm&r=g","width":96,"height":96,"caption":"Cand\u00e1s 365"},"sameAs":["https:\/\/www.facebook.com\/carrenoactualidad","https:\/\/twitter.com\/nbasturias","https:\/\/www.instagram.com\/nachofdezber\/","https:\/\/www.youtube.com\/channel\/UCZP-2wLEB9Rv6erhFmqVnvg"]},{"@type":"WebPage","@id":"https:\/\/candas365.es\/noticias\/el-precio-de-la-luz-se-triplicara-el-lunes-23-de-mayo\/#webpage","url":"https:\/\/candas365.es\/noticias\/el-precio-de-la-luz-se-triplicara-el-lunes-23-de-mayo\/","name":"El precio de la luz se triplicar\u00e1 el lunes 23 de mayo | Cand\u00e1s 365","description":"(EP) - El precio promedio de la luz para los clientes de tarifa regulada vinculados al mercado mayorista subir\u00e1 este lunes un 181,88% con respecto","inLanguage":"es-ES","isPartOf":{"@id":"https:\/\/candas365.es\/noticias\/#website"},"breadcrumb":{"@id":"https:\/\/candas365.es\/noticias\/el-precio-de-la-luz-se-triplicara-el-lunes-23-de-mayo\/#breadcrumblist"},"author":{"@id":"https:\/\/candas365.es\/noticias\/author\/admin\/#author"},"creator":{"@id":"https:\/\/candas365.es\/noticias\/author\/admin\/#author"},"image":{"@type":"ImageObject","url":"https:\/\/candas365.es\/noticias\/wp-content\/uploads\/2023\/05\/precio-de-la-luz.jpg","@id":"https:\/\/candas365.es\/noticias\/el-precio-de-la-luz-se-triplicara-el-lunes-23-de-mayo\/#mainImage","width":991,"height":656,"caption":"Foto: David Zorrakino - Europa Press"},"primaryImageOfPage":{"@id":"https:\/\/candas365.es\/noticias\/el-precio-de-la-luz-se-triplicara-el-lunes-23-de-mayo\/#mainImage"},"datePublished":"2023-05-21T16:15:36+02:00","dateModified":"2023-05-21T16:15:36+02:00"},{"@type":"WebSite","@id":"https:\/\/candas365.es\/noticias\/#website","url":"https:\/\/candas365.es\/noticias\/","name":"Cand\u00e1s 365","alternateName":"Cand\u00e1s 365 Noticias","description":"Actualidad desde Carre\u00f1o para el mundo","inLanguage":"es-ES","publisher":{"@id":"https:\/\/candas365.es\/noticias\/#organization"}}]},"og:locale":"es_ES","og:site_name":"Cand\u00e1s 365","og:type":"article","og:title":"El precio de la luz se triplicar\u00e1 el lunes 23 de mayo | Cand\u00e1s 365","og:description":"(EP) - El precio promedio de la luz para los clientes de tarifa regulada vinculados al mercado mayorista subir\u00e1 este lunes un 181,88% con respecto","og:url":"https:\/\/candas365.es\/noticias\/el-precio-de-la-luz-se-triplicara-el-lunes-23-de-mayo\/","og:image":"https:\/\/candas365.es\/noticias\/wp-content\/uploads\/2023\/05\/precio-de-la-luz.jpg","og:image:secure_url":"https:\/\/candas365.es\/noticias\/wp-content\/uploads\/2023\/05\/precio-de-la-luz.jpg","og:image:width":991,"og:image:height":656,"article:published_time":"2023-05-21T14:15:36+00:00","article:modified_time":"2023-05-21T14:15:36+00:00","article:publisher":"https:\/\/www.facebook.com\/Nachofdezber","article:author":"https:\/\/www.facebook.com\/carrenoactualidad","twitter:card":"summary_large_image","twitter:site":"@NabercoDigital","twitter:title":"El precio de la luz se triplicar\u00e1 el lunes 23 de mayo | Cand\u00e1s 365","twitter:description":"(EP) - El precio promedio de la luz para los clientes de tarifa regulada vinculados al mercado mayorista subir\u00e1 este lunes un 181,88% con respecto","twitter:creator":"@nbasturias","twitter:image":"https:\/\/candas365.es\/noticias\/wp-content\/uploads\/2023\/05\/precio-de-la-luz.jpg","twitter:label1":"Escrito por","twitter:data1":"Cand\u00e1s 365","twitter:label2":"Tiempo de lectura estimado","twitter:data2":"2 minutos"},"aioseo_meta_data":{"post_id":"173820","title":null,"description":"(EP) - El precio promedio de la luz para los clientes de tarifa regulada vinculados al mercado mayorista subir\u00e1 este lunes un 181,88% con respecto","keywords":[],"keyphrases":{"focus":{"keyphrase":"luz","score":92,"analysis":{"keyphraseInTitle":{"score":9,"maxScore":9,"error":0},"keyphraseInDescription":{"score":9,"maxScore":9,"error":0},"keyphraseLength":{"score":9,"maxScore":9,"error":0,"length":1},"keyphraseInURL":{"score":1,"maxScore":5,"error":1},"keyphraseInIntroduction":{"score":9,"maxScore":9,"error":0},"keyphraseInSubHeadings":[],"keyphraseInImageAlt":{"score":9,"maxScore":9,"error":0}}},"additional":[{"keyphrase":"la luz","score":100,"analysis":{"keyphraseInDescription":{"score":9,"maxScore":9,"error":0},"keyphraseLength":{"score":9,"maxScore":9,"error":0,"length":2},"keyphraseInIntroduction":{"score":9,"maxScore":9,"error":0},"keyphraseInImageAlt":{"score":9,"maxScore":9,"error":0}}},{"keyphrase":"precio","score":100,"analysis":{"keyphraseInDescription":{"score":9,"maxScore":9,"error":0},"keyphraseLength":{"score":9,"maxScore":9,"error":0,"length":1},"keyphraseInIntroduction":{"score":9,"maxScore":9,"error":0},"keyphraseInImageAlt":{"score":9,"maxScore":9,"error":0}}}]},"primary_term":null,"canonical_url":null,"og_title":null,"og_description":null,"og_object_type":"default","og_image_type":"default","og_image_url":null,"og_image_width":null,"og_image_height":null,"og_image_custom_url":null,"og_image_custom_fields":null,"og_video":"","og_custom_url":null,"og_article_section":null,"og_article_tags":[],"twitter_use_og":false,"twitter_card":"default","twitter_image_type":"default","twitter_image_url":null,"twitter_image_custom_url":null,"twitter_image_custom_fields":null,"twitter_title":null,"twitter_description":null,"schema":{"blockGraphs":[],"customGraphs":[],"default":{"data":{"Article":[],"Course":[],"Dataset":[],"FAQPage":[],"Movie":[],"Person":[],"Product":[],"ProductReview":[],"Car":[],"Recipe":[],"Service":[],"SoftwareApplication":[],"WebPage":[]},"graphName":"","isEnabled":true},"graphs":[]},"schema_type":"default","schema_type_options":null,"pillar_content":false,"robots_default":true,"robots_noindex":false,"robots_noarchive":false,"robots_nosnippet":false,"robots_nofollow":false,"robots_noimageindex":false,"robots_noodp":false,"robots_notranslate":false,"robots_max_snippet":"-1","robots_max_videopreview":"-1","robots_max_imagepreview":"large","priority":null,"frequency":"default","location":null,"local_seo":null,"seo_analyzer_scan_date":"2025-09-01 20:47:31","breadcrumb_settings":null,"limit_modified_date":false,"reviewed_by":null,"open_ai":"{\"title\":{\"suggestions\":[],\"usage\":0},\"description\":{\"suggestions\":[],\"usage\":0}}","ai":null,"created":"2023-05-21 14:10:21","updated":"2025-09-01 20:47:31"},"aioseo_breadcrumb":"<div class=\"aioseo-breadcrumbs\"><span class=\"aioseo-breadcrumb\">\n\t<a href=\"https:\/\/candas365.es\/noticias\" title=\"Home\">Home<\/a>\n<\/span><span class=\"aioseo-breadcrumb-separator\">&ndash;<\/span><span class=\"aioseo-breadcrumb\">\n\t<a href=\"https:\/\/candas365.es\/noticias\/category\/destacadas\/\" title=\"Destacadas\">Destacadas<\/a>\n<\/span><span class=\"aioseo-breadcrumb-separator\">&ndash;<\/span><span class=\"aioseo-breadcrumb\">\n\tEl precio de la luz se triplicar\u00e1 el lunes 23 de mayo\n<\/span><\/div>","aioseo_breadcrumb_json":[{"label":"Home","link":"https:\/\/candas365.es\/noticias"},{"label":"Destacadas","link":"https:\/\/candas365.es\/noticias\/category\/destacadas\/"},{"label":"El precio de la luz se triplicar\u00e1 el lunes 23 de mayo","link":"https:\/\/candas365.es\/noticias\/el-precio-de-la-luz-se-triplicara-el-lunes-23-de-mayo\/"}],"_links":{"self":[{"href":"https:\/\/candas365.es\/noticias\/wp-json\/wp\/v2\/posts\/173820","targetHints":{"allow":["GET"]}}],"collection":[{"href":"https:\/\/candas365.es\/noticias\/wp-json\/wp\/v2\/posts"}],"about":[{"href":"https:\/\/candas365.es\/noticias\/wp-json\/wp\/v2\/types\/post"}],"author":[{"embeddable":true,"href":"https:\/\/candas365.es\/noticias\/wp-json\/wp\/v2\/users\/1"}],"replies":[{"embeddable":true,"href":"https:\/\/candas365.es\/noticias\/wp-json\/wp\/v2\/comments?post=173820"}],"version-history":[{"count":0,"href":"https:\/\/candas365.es\/noticias\/wp-json\/wp\/v2\/posts\/173820\/revisions"}],"wp:featuredmedia":[{"embeddable":true,"href":"https:\/\/candas365.es\/noticias\/wp-json\/wp\/v2\/media\/173821"}],"wp:attachment":[{"href":"https:\/\/candas365.es\/noticias\/wp-json\/wp\/v2\/media?parent=173820"}],"wp:term":[{"taxonomy":"category","embeddable":true,"href":"https:\/\/candas365.es\/noticias\/wp-json\/wp\/v2\/categories?post=173820"},{"taxonomy":"post_tag","embeddable":true,"href":"https:\/\/candas365.es\/noticias\/wp-json\/wp\/v2\/tags?post=173820"}],"curies":[{"name":"wp","href":"https:\/\/api.w.org\/{rel}","templated":true}]}}