{"id":173807,"date":"2023-05-20T17:31:47","date_gmt":"2023-05-20T15:31:47","guid":{"rendered":"https:\/\/candas365.es\/noticias\/?p=173807"},"modified":"2023-05-20T17:31:47","modified_gmt":"2023-05-20T15:31:47","slug":"vuelta-a-la-montana-central-de-asturias-junior-resumen-primera-etapa","status":"publish","type":"post","link":"https:\/\/candas365.es\/noticias\/vuelta-a-la-montana-central-de-asturias-junior-resumen-primera-etapa\/","title":{"rendered":"Vuelta a la Monta\u00f1a Central de Asturias Junior: Resumen primera etapa"},"content":{"rendered":"<p>El pasado jueves, se disput\u00f3 la primera etapa de la Vuelta a la Monta\u00f1a Central de Asturias Junior. Y nuestro compa\u00f1ero y director de <a href=\"https:\/\/www.facebook.com\/profile.php?id=100082914563602\" target=\"_blank\" rel=\"noopener\"><span style=\"color: #ff6600;\"><strong>\u00abLa Pr\u00f3rroga\u00bb David Y\u00e1\u00f1ez<\/strong><\/span><\/a>, estuvo presente en la <a href=\"https:\/\/candas365.es\/noticias\/category\/deporte\/\"><span style=\"color: #ff6600;\"><strong>prueba deportiva<\/strong><\/span><\/a>.<\/p>\n<figure id=\"attachment_173808\" aria-describedby=\"caption-attachment-173808\" style=\"width: 650px\" class=\"wp-caption aligncenter\"><img fetchpriority=\"high\" decoding=\"async\" class=\"wp-image-173808 size-large\" src=\"https:\/\/candas365.es\/noticias\/wp-content\/uploads\/2023\/05\/Montana-Central-de-Asturias-650x428.jpg\" alt=\"Monta\u00f1a Central de Asturias\" width=\"650\" height=\"428\" srcset=\"https:\/\/candas365.es\/noticias\/wp-content\/uploads\/2023\/05\/Montana-Central-de-Asturias-650x428.jpg 650w, https:\/\/candas365.es\/noticias\/wp-content\/uploads\/2023\/05\/Montana-Central-de-Asturias-360x237.jpg 360w, https:\/\/candas365.es\/noticias\/wp-content\/uploads\/2023\/05\/Montana-Central-de-Asturias-768x506.jpg 768w, https:\/\/candas365.es\/noticias\/wp-content\/uploads\/2023\/05\/Montana-Central-de-Asturias-150x99.jpg 150w, https:\/\/candas365.es\/noticias\/wp-content\/uploads\/2023\/05\/Montana-Central-de-Asturias-450x296.jpg 450w, https:\/\/candas365.es\/noticias\/wp-content\/uploads\/2023\/05\/Montana-Central-de-Asturias.jpg 1068w\" sizes=\"(max-width: 650px) 100vw, 650px\" \/><figcaption id=\"caption-attachment-173808\" class=\"wp-caption-text\">FOTO: David Y\u00e1\u00f1ez \/ LP<\/figcaption><\/figure>\n<p>Una primera etapa que part\u00eda a las 16:30 horas del Jueves desde la localidad allerana de Caba\u00f1aquinta bajo una soleada tarde y con 150 corredores en el pelot\u00f3n provenientes no solo de distintas comunidades espa\u00f1olas sino que llegaron desde pa\u00edses como Portugal, Brasil, Venezuela, Colombia o Hungr\u00eda entre otros.<\/p>\n<p>Tras unos kil\u00f3metros neutralizados por las calles de Caba\u00f1aquinta, se bajaba la bandera y surg\u00edan las primeras hostilidades camino del primer paso por la meta volante de Moreda donde pasaba en primer lugar <strong>Manuel Pe\u00f1as del Team Grupo Serman andaluz con una peque\u00f1a ventaja sobre el h\u00fangaro Bal\u00e1zs Pollner del Eolo Kometa<\/strong> que intentaba saltar del pelot\u00f3n donde se empezaba a presenciar nerviosismo en los equipos favoritos.<\/p>\n<p>El H\u00fangaro iniciaba la persecuci\u00f3n sobre el andaluz Pe\u00f1as y alcanzaba al mismo imponiendo un ritmo alto que le permit\u00eda pasar con 20 segundos de ventaja sobre el pelot\u00f3n en el segundo paso por Moreda, segunda meta volante del d\u00eda, logrando empatar a puntos en la clasificaci\u00f3n del premio de las Metas Volantes.<\/p>\n<p>Tras este segundo paso, el conjunto catal\u00e1n del Europa-Tadesan-Bluepower se pon\u00eda a trabajar y controlar la carrera y cuando quedaban 10 kil\u00f3metros para meta saltaban dos hombres, uno el catal\u00e1n<strong> Albert Roca del Europa-Tadesan-Bluepower y otro el salmantino del Eolo Kometa Miguel Dom\u00ednguez<\/strong> que intentaron que la fuga llegara al final de etapa pero vieron como a falta de 3 kil\u00f3metros para meta, el gran grupo los absorb\u00eda y empezaba a trabajar para llegar al sprint donde saltaba la sorpresa con la victoria del alicantino Junior de 1\u00ba <strong>H\u00e9ctor \u00c1lvarez del conjunto MX De La Uz \u2013 Lucta<\/strong> que sacaba dos tubulares al 2\u00ba clasificado Sergio Romeo del MMR \u2013 Academy.<\/p>\n<p>La segunda etapa entre <strong>Figaredo y MIeres con 102 kil\u00f3metros de recorrido y con el Alto de Carabanzo de 3\u00aa Categor\u00eda a 10 kil\u00f3metros del final de etapa en la calle Valeriano Miranda de la capital del Valle del Caudal<\/strong><\/p>\n","protected":false},"excerpt":{"rendered":"<p>El pasado jueves, se disput\u00f3 la primera etapa de la Vuelta a la Monta\u00f1a Central de Asturias Junior. Y nuestro compa\u00f1ero y director de \u00abLa Pr\u00f3rroga\u00bb David Y\u00e1\u00f1ez, estuvo presente en la prueba deportiva. Una primera etapa que part\u00eda a las 16:30 horas del Jueves desde la localidad allerana de Caba\u00f1aquinta bajo una soleada tarde<\/p>\n","protected":false},"author":1,"featured_media":173808,"comment_status":"closed","ping_status":"closed","sticky":false,"template":"","format":"standard","meta":{"footnotes":""},"categories":[319],"tags":[387],"class_list":{"0":"post-173807","1":"post","2":"type-post","3":"status-publish","4":"format-standard","5":"has-post-thumbnail","7":"category-deporte","8":"tag-deporte"},"aioseo_notices":[],"aioseo_head":"\n\t\t<!-- All in One SEO Pro 4.9.6.2 - aioseo.com -->\n\t<meta name=\"description\" content=\"El pasado jueves, se disput\u00f3 la primera etapa de la Vuelta a la Monta\u00f1a Central de Asturias Junior. Y nuestro compa\u00f1ero y director de &quot;La Pr\u00f3rroga&quot; David Y\u00e1\u00f1ez,\" \/>\n\t<meta name=\"robots\" content=\"max-image-preview:large\" \/>\n\t<meta name=\"author\" content=\"Cand\u00e1s 365\"\/>\n\t<meta name=\"google-site-verification\" content=\"UA-32230408-1\" \/>\n\t<meta name=\"msvalidate.01\" content=\"354F3CDFB2DA171B47FBE9ABF1F88D5\" \/>\n\t<meta name=\"keywords\" content=\"deporte\" \/>\n\t<link rel=\"canonical\" href=\"https:\/\/candas365.es\/noticias\/vuelta-a-la-montana-central-de-asturias-junior-resumen-primera-etapa\/\" \/>\n\t<meta name=\"generator\" content=\"All in One SEO Pro (AIOSEO) 4.9.6.2\" \/>\n\t\t<meta property=\"og:locale\" content=\"es_ES\" \/>\n\t\t<meta property=\"og:site_name\" content=\"Cand\u00e1s 365\" \/>\n\t\t<meta property=\"og:type\" content=\"article\" \/>\n\t\t<meta property=\"og:title\" content=\"Vuelta a la Monta\u00f1a Central de Asturias Junior: Resumen primera etapa | Cand\u00e1s 365\" \/>\n\t\t<meta property=\"og:description\" content=\"El pasado jueves, se disput\u00f3 la primera etapa de la Vuelta a la Monta\u00f1a Central de Asturias Junior. Y nuestro compa\u00f1ero y director de &quot;La Pr\u00f3rroga&quot; David Y\u00e1\u00f1ez,\" \/>\n\t\t<meta property=\"og:url\" content=\"https:\/\/candas365.es\/noticias\/vuelta-a-la-montana-central-de-asturias-junior-resumen-primera-etapa\/\" \/>\n\t\t<meta property=\"og:image\" content=\"https:\/\/candas365.es\/noticias\/wp-content\/uploads\/2023\/05\/Montana-Central-de-Asturias.jpg\" \/>\n\t\t<meta property=\"og:image:secure_url\" content=\"https:\/\/candas365.es\/noticias\/wp-content\/uploads\/2023\/05\/Montana-Central-de-Asturias.jpg\" \/>\n\t\t<meta property=\"og:image:width\" content=\"1068\" \/>\n\t\t<meta property=\"og:image:height\" content=\"703\" \/>\n\t\t<meta property=\"article:published_time\" content=\"2023-05-20T15:31:47+00:00\" \/>\n\t\t<meta property=\"article:modified_time\" content=\"2023-05-20T15:31:47+00:00\" \/>\n\t\t<meta property=\"article:publisher\" content=\"https:\/\/www.facebook.com\/Nachofdezber\" \/>\n\t\t<meta property=\"article:author\" content=\"https:\/\/www.facebook.com\/carrenoactualidad\" \/>\n\t\t<meta name=\"twitter:card\" content=\"summary_large_image\" \/>\n\t\t<meta name=\"twitter:site\" content=\"@NabercoDigital\" \/>\n\t\t<meta name=\"twitter:title\" content=\"Vuelta a la Monta\u00f1a Central de Asturias Junior: Resumen primera etapa | Cand\u00e1s 365\" \/>\n\t\t<meta name=\"twitter:description\" content=\"El pasado jueves, se disput\u00f3 la primera etapa de la Vuelta a la Monta\u00f1a Central de Asturias Junior. Y nuestro compa\u00f1ero y director de &quot;La Pr\u00f3rroga&quot; David Y\u00e1\u00f1ez,\" \/>\n\t\t<meta name=\"twitter:creator\" content=\"@nbasturias\" \/>\n\t\t<meta name=\"twitter:image\" content=\"https:\/\/candas365.es\/noticias\/wp-content\/uploads\/2023\/05\/Montana-Central-de-Asturias.jpg\" \/>\n\t\t<meta name=\"twitter:label1\" content=\"Escrito por\" \/>\n\t\t<meta name=\"twitter:data1\" content=\"Cand\u00e1s 365\" \/>\n\t\t<meta name=\"twitter:label2\" content=\"Tiempo de lectura estimado\" \/>\n\t\t<meta name=\"twitter:data2\" content=\"2 minutos\" \/>\n\t\t<script type=\"application\/ld+json\" class=\"aioseo-schema\">\n\t\t\t{\"@context\":\"https:\\\/\\\/schema.org\",\"@graph\":[{\"@type\":\"BreadcrumbList\",\"@id\":\"https:\\\/\\\/candas365.es\\\/noticias\\\/vuelta-a-la-montana-central-de-asturias-junior-resumen-primera-etapa\\\/#breadcrumblist\",\"itemListElement\":[{\"@type\":\"ListItem\",\"@id\":\"https:\\\/\\\/candas365.es\\\/noticias#listItem\",\"position\":1,\"name\":\"Home\",\"item\":\"https:\\\/\\\/candas365.es\\\/noticias\",\"nextItem\":{\"@type\":\"ListItem\",\"@id\":\"https:\\\/\\\/candas365.es\\\/noticias\\\/category\\\/deporte\\\/#listItem\",\"name\":\"Deporte\"}},{\"@type\":\"ListItem\",\"@id\":\"https:\\\/\\\/candas365.es\\\/noticias\\\/category\\\/deporte\\\/#listItem\",\"position\":2,\"name\":\"Deporte\",\"item\":\"https:\\\/\\\/candas365.es\\\/noticias\\\/category\\\/deporte\\\/\",\"nextItem\":{\"@type\":\"ListItem\",\"@id\":\"https:\\\/\\\/candas365.es\\\/noticias\\\/vuelta-a-la-montana-central-de-asturias-junior-resumen-primera-etapa\\\/#listItem\",\"name\":\"Vuelta a la Monta\\u00f1a Central de Asturias Junior: Resumen primera etapa\"},\"previousItem\":{\"@type\":\"ListItem\",\"@id\":\"https:\\\/\\\/candas365.es\\\/noticias#listItem\",\"name\":\"Home\"}},{\"@type\":\"ListItem\",\"@id\":\"https:\\\/\\\/candas365.es\\\/noticias\\\/vuelta-a-la-montana-central-de-asturias-junior-resumen-primera-etapa\\\/#listItem\",\"position\":3,\"name\":\"Vuelta a la Monta\\u00f1a Central de Asturias Junior: Resumen primera etapa\",\"previousItem\":{\"@type\":\"ListItem\",\"@id\":\"https:\\\/\\\/candas365.es\\\/noticias\\\/category\\\/deporte\\\/#listItem\",\"name\":\"Deporte\"}}]},{\"@type\":\"NewsArticle\",\"@id\":\"https:\\\/\\\/candas365.es\\\/noticias\\\/vuelta-a-la-montana-central-de-asturias-junior-resumen-primera-etapa\\\/#newsarticle\",\"name\":\"Vuelta a la Monta\\u00f1a Central de Asturias Junior: Resumen primera etapa | Cand\\u00e1s 365\",\"headline\":\"Vuelta a la Monta\\u00f1a Central de Asturias Junior: Resumen primera etapa\",\"author\":{\"@id\":\"https:\\\/\\\/candas365.es\\\/noticias\\\/author\\\/admin\\\/#author\"},\"publisher\":{\"@id\":\"https:\\\/\\\/candas365.es\\\/noticias\\\/#organization\"},\"image\":{\"@type\":\"ImageObject\",\"url\":\"https:\\\/\\\/candas365.es\\\/noticias\\\/wp-content\\\/uploads\\\/2023\\\/05\\\/Montana-Central-de-Asturias.jpg\",\"width\":1068,\"height\":703,\"caption\":\"FOTO: David Y\\u00e1\\u00f1ez \\\/ LP\"},\"datePublished\":\"2023-05-20T17:31:47+02:00\",\"dateModified\":\"2023-05-20T17:31:47+02:00\",\"inLanguage\":\"es-ES\",\"mainEntityOfPage\":{\"@id\":\"https:\\\/\\\/candas365.es\\\/noticias\\\/vuelta-a-la-montana-central-de-asturias-junior-resumen-primera-etapa\\\/#webpage\"},\"isPartOf\":{\"@id\":\"https:\\\/\\\/candas365.es\\\/noticias\\\/vuelta-a-la-montana-central-de-asturias-junior-resumen-primera-etapa\\\/#webpage\"},\"articleSection\":\"Deporte, deporte\",\"dateline\":\"Publicado el mayo 20, 2023.\"},{\"@type\":\"Organization\",\"@id\":\"https:\\\/\\\/candas365.es\\\/noticias\\\/#organization\",\"name\":\"Cand\\u00e1s 365\",\"description\":\"Cand\\u00e1s 365 es un diario digital independiente, fundado en 2012, con base en Asturias. Informamos con rigor sobre actualidad, sociedad, cultura y ocio, con una mirada local y global.\",\"url\":\"https:\\\/\\\/candas365.es\\\/noticias\\\/\",\"email\":\"info@candas365.es\",\"telephone\":\"+34652131393\",\"foundingDate\":\"2012-06-10\",\"logo\":{\"@type\":\"ImageObject\",\"url\":\"https:\\\/\\\/candas365.es\\\/noticias\\\/wp-content\\\/uploads\\\/2024\\\/09\\\/Candas-365-Redes.jpg\",\"@id\":\"https:\\\/\\\/candas365.es\\\/noticias\\\/vuelta-a-la-montana-central-de-asturias-junior-resumen-primera-etapa\\\/#organizationLogo\",\"width\":1152,\"height\":864,\"caption\":\"Cand\\u00e1s 365 Redes\"},\"image\":{\"@id\":\"https:\\\/\\\/candas365.es\\\/noticias\\\/vuelta-a-la-montana-central-de-asturias-junior-resumen-primera-etapa\\\/#organizationLogo\"},\"sameAs\":[\"https:\\\/\\\/www.facebook.com\\\/Nachofdezber\",\"https:\\\/\\\/x.com\\\/NabercoDigital\",\"https:\\\/\\\/www.instagram.com\\\/nachofdezber\\\/\",\"https:\\\/\\\/www.youtube.com\\\/channel\\\/UCZP-2wLEB9Rv6erhFmqVnvg\"],\"address\":{\"@id\":\"https:\\\/\\\/candas365.es\\\/noticias\\\/#postaladdress\",\"@type\":\"PostalAddress\",\"streetAddress\":\"san antonio 4, san antonio 4\",\"postalCode\":\"33430\",\"addressLocality\":\"Cand\\u00e1s\",\"addressRegion\":\"Asturias\",\"addressCountry\":\"ES\"}},{\"@type\":\"Person\",\"@id\":\"https:\\\/\\\/candas365.es\\\/noticias\\\/author\\\/admin\\\/#author\",\"url\":\"https:\\\/\\\/candas365.es\\\/noticias\\\/author\\\/admin\\\/\",\"name\":\"Cand\\u00e1s 365\",\"image\":{\"@type\":\"ImageObject\",\"@id\":\"https:\\\/\\\/candas365.es\\\/noticias\\\/vuelta-a-la-montana-central-de-asturias-junior-resumen-primera-etapa\\\/#authorImage\",\"url\":\"https:\\\/\\\/secure.gravatar.com\\\/avatar\\\/496a8e03d0c493ede1718b7934145dbdf8d89be1036b0eec9544e1094c9de390?s=96&d=mm&r=g\",\"width\":96,\"height\":96,\"caption\":\"Cand\\u00e1s 365\"},\"sameAs\":[\"https:\\\/\\\/www.facebook.com\\\/carrenoactualidad\",\"https:\\\/\\\/twitter.com\\\/nbasturias\",\"https:\\\/\\\/www.instagram.com\\\/nachofdezber\\\/\",\"https:\\\/\\\/www.youtube.com\\\/channel\\\/UCZP-2wLEB9Rv6erhFmqVnvg\"]},{\"@type\":\"WebPage\",\"@id\":\"https:\\\/\\\/candas365.es\\\/noticias\\\/vuelta-a-la-montana-central-de-asturias-junior-resumen-primera-etapa\\\/#webpage\",\"url\":\"https:\\\/\\\/candas365.es\\\/noticias\\\/vuelta-a-la-montana-central-de-asturias-junior-resumen-primera-etapa\\\/\",\"name\":\"Vuelta a la Monta\\u00f1a Central de Asturias Junior: Resumen primera etapa | Cand\\u00e1s 365\",\"description\":\"El pasado jueves, se disput\\u00f3 la primera etapa de la Vuelta a la Monta\\u00f1a Central de Asturias Junior. Y nuestro compa\\u00f1ero y director de \\\"La Pr\\u00f3rroga\\\" David Y\\u00e1\\u00f1ez,\",\"inLanguage\":\"es-ES\",\"isPartOf\":{\"@id\":\"https:\\\/\\\/candas365.es\\\/noticias\\\/#website\"},\"breadcrumb\":{\"@id\":\"https:\\\/\\\/candas365.es\\\/noticias\\\/vuelta-a-la-montana-central-de-asturias-junior-resumen-primera-etapa\\\/#breadcrumblist\"},\"author\":{\"@id\":\"https:\\\/\\\/candas365.es\\\/noticias\\\/author\\\/admin\\\/#author\"},\"creator\":{\"@id\":\"https:\\\/\\\/candas365.es\\\/noticias\\\/author\\\/admin\\\/#author\"},\"image\":{\"@type\":\"ImageObject\",\"url\":\"https:\\\/\\\/candas365.es\\\/noticias\\\/wp-content\\\/uploads\\\/2023\\\/05\\\/Montana-Central-de-Asturias.jpg\",\"@id\":\"https:\\\/\\\/candas365.es\\\/noticias\\\/vuelta-a-la-montana-central-de-asturias-junior-resumen-primera-etapa\\\/#mainImage\",\"width\":1068,\"height\":703,\"caption\":\"FOTO: David Y\\u00e1\\u00f1ez \\\/ LP\"},\"primaryImageOfPage\":{\"@id\":\"https:\\\/\\\/candas365.es\\\/noticias\\\/vuelta-a-la-montana-central-de-asturias-junior-resumen-primera-etapa\\\/#mainImage\"},\"datePublished\":\"2023-05-20T17:31:47+02:00\",\"dateModified\":\"2023-05-20T17:31:47+02:00\"},{\"@type\":\"WebSite\",\"@id\":\"https:\\\/\\\/candas365.es\\\/noticias\\\/#website\",\"url\":\"https:\\\/\\\/candas365.es\\\/noticias\\\/\",\"name\":\"Cand\\u00e1s 365\",\"alternateName\":\"Cand\\u00e1s 365 Noticias\",\"description\":\"Actualidad desde Carre\\u00f1o para el mundo\",\"inLanguage\":\"es-ES\",\"publisher\":{\"@id\":\"https:\\\/\\\/candas365.es\\\/noticias\\\/#organization\"}}]}\n\t\t<\/script>\n\t\t<!-- All in One SEO Pro -->\r\n\t\t<title>Vuelta a la Monta\u00f1a Central de Asturias Junior: Resumen primera etapa | Cand\u00e1s 365<\/title>\n\n","aioseo_head_json":{"title":"Vuelta a la Monta\u00f1a Central de Asturias Junior: Resumen primera etapa | Cand\u00e1s 365","description":"El pasado jueves, se disput\u00f3 la primera etapa de la Vuelta a la Monta\u00f1a Central de Asturias Junior. Y nuestro compa\u00f1ero y director de \"La Pr\u00f3rroga\" David Y\u00e1\u00f1ez,","canonical_url":"https:\/\/candas365.es\/noticias\/vuelta-a-la-montana-central-de-asturias-junior-resumen-primera-etapa\/","robots":"max-image-preview:large","keywords":"deporte","webmasterTools":{"google-site-verification":"UA-32230408-1","msvalidate.01":"354F3CDFB2DA171B47FBE9ABF1F88D5","miscellaneous":""},"schema":{"@context":"https:\/\/schema.org","@graph":[{"@type":"BreadcrumbList","@id":"https:\/\/candas365.es\/noticias\/vuelta-a-la-montana-central-de-asturias-junior-resumen-primera-etapa\/#breadcrumblist","itemListElement":[{"@type":"ListItem","@id":"https:\/\/candas365.es\/noticias#listItem","position":1,"name":"Home","item":"https:\/\/candas365.es\/noticias","nextItem":{"@type":"ListItem","@id":"https:\/\/candas365.es\/noticias\/category\/deporte\/#listItem","name":"Deporte"}},{"@type":"ListItem","@id":"https:\/\/candas365.es\/noticias\/category\/deporte\/#listItem","position":2,"name":"Deporte","item":"https:\/\/candas365.es\/noticias\/category\/deporte\/","nextItem":{"@type":"ListItem","@id":"https:\/\/candas365.es\/noticias\/vuelta-a-la-montana-central-de-asturias-junior-resumen-primera-etapa\/#listItem","name":"Vuelta a la Monta\u00f1a Central de Asturias Junior: Resumen primera etapa"},"previousItem":{"@type":"ListItem","@id":"https:\/\/candas365.es\/noticias#listItem","name":"Home"}},{"@type":"ListItem","@id":"https:\/\/candas365.es\/noticias\/vuelta-a-la-montana-central-de-asturias-junior-resumen-primera-etapa\/#listItem","position":3,"name":"Vuelta a la Monta\u00f1a Central de Asturias Junior: Resumen primera etapa","previousItem":{"@type":"ListItem","@id":"https:\/\/candas365.es\/noticias\/category\/deporte\/#listItem","name":"Deporte"}}]},{"@type":"NewsArticle","@id":"https:\/\/candas365.es\/noticias\/vuelta-a-la-montana-central-de-asturias-junior-resumen-primera-etapa\/#newsarticle","name":"Vuelta a la Monta\u00f1a Central de Asturias Junior: Resumen primera etapa | Cand\u00e1s 365","headline":"Vuelta a la Monta\u00f1a Central de Asturias Junior: Resumen primera etapa","author":{"@id":"https:\/\/candas365.es\/noticias\/author\/admin\/#author"},"publisher":{"@id":"https:\/\/candas365.es\/noticias\/#organization"},"image":{"@type":"ImageObject","url":"https:\/\/candas365.es\/noticias\/wp-content\/uploads\/2023\/05\/Montana-Central-de-Asturias.jpg","width":1068,"height":703,"caption":"FOTO: David Y\u00e1\u00f1ez \/ LP"},"datePublished":"2023-05-20T17:31:47+02:00","dateModified":"2023-05-20T17:31:47+02:00","inLanguage":"es-ES","mainEntityOfPage":{"@id":"https:\/\/candas365.es\/noticias\/vuelta-a-la-montana-central-de-asturias-junior-resumen-primera-etapa\/#webpage"},"isPartOf":{"@id":"https:\/\/candas365.es\/noticias\/vuelta-a-la-montana-central-de-asturias-junior-resumen-primera-etapa\/#webpage"},"articleSection":"Deporte, deporte","dateline":"Publicado el mayo 20, 2023."},{"@type":"Organization","@id":"https:\/\/candas365.es\/noticias\/#organization","name":"Cand\u00e1s 365","description":"Cand\u00e1s 365 es un diario digital independiente, fundado en 2012, con base en Asturias. Informamos con rigor sobre actualidad, sociedad, cultura y ocio, con una mirada local y global.","url":"https:\/\/candas365.es\/noticias\/","email":"info@candas365.es","telephone":"+34652131393","foundingDate":"2012-06-10","logo":{"@type":"ImageObject","url":"https:\/\/candas365.es\/noticias\/wp-content\/uploads\/2024\/09\/Candas-365-Redes.jpg","@id":"https:\/\/candas365.es\/noticias\/vuelta-a-la-montana-central-de-asturias-junior-resumen-primera-etapa\/#organizationLogo","width":1152,"height":864,"caption":"Cand\u00e1s 365 Redes"},"image":{"@id":"https:\/\/candas365.es\/noticias\/vuelta-a-la-montana-central-de-asturias-junior-resumen-primera-etapa\/#organizationLogo"},"sameAs":["https:\/\/www.facebook.com\/Nachofdezber","https:\/\/x.com\/NabercoDigital","https:\/\/www.instagram.com\/nachofdezber\/","https:\/\/www.youtube.com\/channel\/UCZP-2wLEB9Rv6erhFmqVnvg"],"address":{"@id":"https:\/\/candas365.es\/noticias\/#postaladdress","@type":"PostalAddress","streetAddress":"san antonio 4, san antonio 4","postalCode":"33430","addressLocality":"Cand\u00e1s","addressRegion":"Asturias","addressCountry":"ES"}},{"@type":"Person","@id":"https:\/\/candas365.es\/noticias\/author\/admin\/#author","url":"https:\/\/candas365.es\/noticias\/author\/admin\/","name":"Cand\u00e1s 365","image":{"@type":"ImageObject","@id":"https:\/\/candas365.es\/noticias\/vuelta-a-la-montana-central-de-asturias-junior-resumen-primera-etapa\/#authorImage","url":"https:\/\/secure.gravatar.com\/avatar\/496a8e03d0c493ede1718b7934145dbdf8d89be1036b0eec9544e1094c9de390?s=96&d=mm&r=g","width":96,"height":96,"caption":"Cand\u00e1s 365"},"sameAs":["https:\/\/www.facebook.com\/carrenoactualidad","https:\/\/twitter.com\/nbasturias","https:\/\/www.instagram.com\/nachofdezber\/","https:\/\/www.youtube.com\/channel\/UCZP-2wLEB9Rv6erhFmqVnvg"]},{"@type":"WebPage","@id":"https:\/\/candas365.es\/noticias\/vuelta-a-la-montana-central-de-asturias-junior-resumen-primera-etapa\/#webpage","url":"https:\/\/candas365.es\/noticias\/vuelta-a-la-montana-central-de-asturias-junior-resumen-primera-etapa\/","name":"Vuelta a la Monta\u00f1a Central de Asturias Junior: Resumen primera etapa | Cand\u00e1s 365","description":"El pasado jueves, se disput\u00f3 la primera etapa de la Vuelta a la Monta\u00f1a Central de Asturias Junior. Y nuestro compa\u00f1ero y director de \"La Pr\u00f3rroga\" David Y\u00e1\u00f1ez,","inLanguage":"es-ES","isPartOf":{"@id":"https:\/\/candas365.es\/noticias\/#website"},"breadcrumb":{"@id":"https:\/\/candas365.es\/noticias\/vuelta-a-la-montana-central-de-asturias-junior-resumen-primera-etapa\/#breadcrumblist"},"author":{"@id":"https:\/\/candas365.es\/noticias\/author\/admin\/#author"},"creator":{"@id":"https:\/\/candas365.es\/noticias\/author\/admin\/#author"},"image":{"@type":"ImageObject","url":"https:\/\/candas365.es\/noticias\/wp-content\/uploads\/2023\/05\/Montana-Central-de-Asturias.jpg","@id":"https:\/\/candas365.es\/noticias\/vuelta-a-la-montana-central-de-asturias-junior-resumen-primera-etapa\/#mainImage","width":1068,"height":703,"caption":"FOTO: David Y\u00e1\u00f1ez \/ LP"},"primaryImageOfPage":{"@id":"https:\/\/candas365.es\/noticias\/vuelta-a-la-montana-central-de-asturias-junior-resumen-primera-etapa\/#mainImage"},"datePublished":"2023-05-20T17:31:47+02:00","dateModified":"2023-05-20T17:31:47+02:00"},{"@type":"WebSite","@id":"https:\/\/candas365.es\/noticias\/#website","url":"https:\/\/candas365.es\/noticias\/","name":"Cand\u00e1s 365","alternateName":"Cand\u00e1s 365 Noticias","description":"Actualidad desde Carre\u00f1o para el mundo","inLanguage":"es-ES","publisher":{"@id":"https:\/\/candas365.es\/noticias\/#organization"}}]},"og:locale":"es_ES","og:site_name":"Cand\u00e1s 365","og:type":"article","og:title":"Vuelta a la Monta\u00f1a Central de Asturias Junior: Resumen primera etapa | Cand\u00e1s 365","og:description":"El pasado jueves, se disput\u00f3 la primera etapa de la Vuelta a la Monta\u00f1a Central de Asturias Junior. Y nuestro compa\u00f1ero y director de &quot;La Pr\u00f3rroga&quot; David Y\u00e1\u00f1ez,","og:url":"https:\/\/candas365.es\/noticias\/vuelta-a-la-montana-central-de-asturias-junior-resumen-primera-etapa\/","og:image":"https:\/\/candas365.es\/noticias\/wp-content\/uploads\/2023\/05\/Montana-Central-de-Asturias.jpg","og:image:secure_url":"https:\/\/candas365.es\/noticias\/wp-content\/uploads\/2023\/05\/Montana-Central-de-Asturias.jpg","og:image:width":1068,"og:image:height":703,"article:published_time":"2023-05-20T15:31:47+00:00","article:modified_time":"2023-05-20T15:31:47+00:00","article:publisher":"https:\/\/www.facebook.com\/Nachofdezber","article:author":"https:\/\/www.facebook.com\/carrenoactualidad","twitter:card":"summary_large_image","twitter:site":"@NabercoDigital","twitter:title":"Vuelta a la Monta\u00f1a Central de Asturias Junior: Resumen primera etapa | Cand\u00e1s 365","twitter:description":"El pasado jueves, se disput\u00f3 la primera etapa de la Vuelta a la Monta\u00f1a Central de Asturias Junior. Y nuestro compa\u00f1ero y director de &quot;La Pr\u00f3rroga&quot; David Y\u00e1\u00f1ez,","twitter:creator":"@nbasturias","twitter:image":"https:\/\/candas365.es\/noticias\/wp-content\/uploads\/2023\/05\/Montana-Central-de-Asturias.jpg","twitter:label1":"Escrito por","twitter:data1":"Cand\u00e1s 365","twitter:label2":"Tiempo de lectura estimado","twitter:data2":"2 minutos"},"aioseo_meta_data":{"post_id":"173807","title":null,"description":"El pasado jueves, se disput\u00f3 la primera etapa de la Vuelta a la Monta\u00f1a Central de Asturias Junior. Y nuestro compa\u00f1ero y director de \"La Pr\u00f3rroga\" David Y\u00e1\u00f1ez,","keywords":[],"keyphrases":{"focus":{"keyphrase":" Asturias ","score":92,"analysis":{"keyphraseInTitle":{"score":9,"maxScore":9,"error":0},"keyphraseInDescription":{"score":9,"maxScore":9,"error":0},"keyphraseLength":{"score":9,"maxScore":9,"error":0,"length":1},"keyphraseInURL":{"score":1,"maxScore":5,"error":1},"keyphraseInIntroduction":{"score":9,"maxScore":9,"error":0},"keyphraseInSubHeadings":[],"keyphraseInImageAlt":{"score":9,"maxScore":9,"error":0}}},"additional":[{"keyphrase":"Monta\u00f1a Central de Asturias ","score":100,"analysis":{"keyphraseInDescription":{"score":9,"maxScore":9,"error":0},"keyphraseLength":{"score":9,"maxScore":9,"error":0,"length":4},"keyphraseInIntroduction":{"score":9,"maxScore":9,"error":0},"keyphraseInImageAlt":{"score":9,"maxScore":9,"error":0}}}]},"primary_term":null,"canonical_url":null,"og_title":null,"og_description":null,"og_object_type":"default","og_image_type":"default","og_image_url":null,"og_image_width":null,"og_image_height":null,"og_image_custom_url":null,"og_image_custom_fields":null,"og_video":"","og_custom_url":null,"og_article_section":null,"og_article_tags":[],"twitter_use_og":false,"twitter_card":"default","twitter_image_type":"default","twitter_image_url":null,"twitter_image_custom_url":null,"twitter_image_custom_fields":null,"twitter_title":null,"twitter_description":null,"schema":{"blockGraphs":[],"customGraphs":[],"default":{"data":{"Article":[],"Course":[],"Dataset":[],"FAQPage":[],"Movie":[],"Person":[],"Product":[],"ProductReview":[],"Car":[],"Recipe":[],"Service":[],"SoftwareApplication":[],"WebPage":[]},"graphName":"","isEnabled":true},"graphs":[]},"schema_type":"default","schema_type_options":null,"pillar_content":false,"robots_default":true,"robots_noindex":false,"robots_noarchive":false,"robots_nosnippet":false,"robots_nofollow":false,"robots_noimageindex":false,"robots_noodp":false,"robots_notranslate":false,"robots_max_snippet":"-1","robots_max_videopreview":"-1","robots_max_imagepreview":"large","priority":null,"frequency":"default","location":null,"local_seo":null,"seo_analyzer_scan_date":"2025-09-01 20:47:26","breadcrumb_settings":null,"limit_modified_date":false,"reviewed_by":null,"open_ai":"{\"title\":{\"suggestions\":[],\"usage\":0},\"description\":{\"suggestions\":[],\"usage\":0}}","ai":null,"created":"2023-05-20 15:24:51","updated":"2025-09-01 20:47:26"},"aioseo_breadcrumb":"<div class=\"aioseo-breadcrumbs\"><span class=\"aioseo-breadcrumb\">\n\t<a href=\"https:\/\/candas365.es\/noticias\" title=\"Home\">Home<\/a>\n<\/span><span class=\"aioseo-breadcrumb-separator\">&ndash;<\/span><span class=\"aioseo-breadcrumb\">\n\t<a href=\"https:\/\/candas365.es\/noticias\/category\/deporte\/\" title=\"Deporte\">Deporte<\/a>\n<\/span><span class=\"aioseo-breadcrumb-separator\">&ndash;<\/span><span class=\"aioseo-breadcrumb\">\n\tVuelta a la Monta\u00f1a Central de Asturias Junior: Resumen primera etapa\n<\/span><\/div>","aioseo_breadcrumb_json":[{"label":"Home","link":"https:\/\/candas365.es\/noticias"},{"label":"Deporte","link":"https:\/\/candas365.es\/noticias\/category\/deporte\/"},{"label":"Vuelta a la Monta\u00f1a Central de Asturias Junior: Resumen primera etapa","link":"https:\/\/candas365.es\/noticias\/vuelta-a-la-montana-central-de-asturias-junior-resumen-primera-etapa\/"}],"_links":{"self":[{"href":"https:\/\/candas365.es\/noticias\/wp-json\/wp\/v2\/posts\/173807","targetHints":{"allow":["GET"]}}],"collection":[{"href":"https:\/\/candas365.es\/noticias\/wp-json\/wp\/v2\/posts"}],"about":[{"href":"https:\/\/candas365.es\/noticias\/wp-json\/wp\/v2\/types\/post"}],"author":[{"embeddable":true,"href":"https:\/\/candas365.es\/noticias\/wp-json\/wp\/v2\/users\/1"}],"replies":[{"embeddable":true,"href":"https:\/\/candas365.es\/noticias\/wp-json\/wp\/v2\/comments?post=173807"}],"version-history":[{"count":0,"href":"https:\/\/candas365.es\/noticias\/wp-json\/wp\/v2\/posts\/173807\/revisions"}],"wp:featuredmedia":[{"embeddable":true,"href":"https:\/\/candas365.es\/noticias\/wp-json\/wp\/v2\/media\/173808"}],"wp:attachment":[{"href":"https:\/\/candas365.es\/noticias\/wp-json\/wp\/v2\/media?parent=173807"}],"wp:term":[{"taxonomy":"category","embeddable":true,"href":"https:\/\/candas365.es\/noticias\/wp-json\/wp\/v2\/categories?post=173807"},{"taxonomy":"post_tag","embeddable":true,"href":"https:\/\/candas365.es\/noticias\/wp-json\/wp\/v2\/tags?post=173807"}],"curies":[{"name":"wp","href":"https:\/\/api.w.org\/{rel}","templated":true}]}}