{"id":173768,"date":"2023-05-17T02:02:07","date_gmt":"2023-05-17T00:02:07","guid":{"rendered":"https:\/\/candas365.es\/noticias\/?p=173768"},"modified":"2023-05-17T02:02:07","modified_gmt":"2023-05-17T00:02:07","slug":"cafe-que-ocurre-cuando-lo-tomamos","status":"publish","type":"post","link":"https:\/\/candas365.es\/noticias\/cafe-que-ocurre-cuando-lo-tomamos\/","title":{"rendered":"Caf\u00e9: \u00bfQu\u00e9 ocurre cuando lo tomamos?"},"content":{"rendered":"<p>(dpa) &#8211; Algunas personas no pueden funcionar a la ma\u00f1ana sin tomar una <span style=\"color: #ff6600;\"><a style=\"color: #ff6600;\" href=\"https:\/\/www.eldigitaldeasturias.com\/noticias\/category\/gastronomia\/\" target=\"_blank\" rel=\"noopener\"><strong>taza de caf\u00e9<\/strong><\/a><\/span>. Otras juran que les va mejor desde que dejaron el caf\u00e9. Lo que est\u00e1 claro es que el caf\u00e9 hace algo con nuestro cuerpo. Mejor dicho, es la cafe\u00edna, la sustancia estimulante que contiene.<\/p>\n<figure id=\"attachment_173769\" aria-describedby=\"caption-attachment-173769\" style=\"width: 650px\" class=\"wp-caption aligncenter\"><img fetchpriority=\"high\" decoding=\"async\" class=\"wp-image-173769 size-large\" src=\"https:\/\/candas365.es\/noticias\/wp-content\/uploads\/2023\/05\/personas-cafe-650x436.jpg\" alt=\"personas caf\u00e9\" width=\"650\" height=\"436\" srcset=\"https:\/\/candas365.es\/noticias\/wp-content\/uploads\/2023\/05\/personas-cafe-650x436.jpg 650w, https:\/\/candas365.es\/noticias\/wp-content\/uploads\/2023\/05\/personas-cafe-360x242.jpg 360w, https:\/\/candas365.es\/noticias\/wp-content\/uploads\/2023\/05\/personas-cafe-768x515.jpg 768w, https:\/\/candas365.es\/noticias\/wp-content\/uploads\/2023\/05\/personas-cafe-150x101.jpg 150w, https:\/\/candas365.es\/noticias\/wp-content\/uploads\/2023\/05\/personas-cafe-450x302.jpg 450w, https:\/\/candas365.es\/noticias\/wp-content\/uploads\/2023\/05\/personas-cafe.jpg 1012w\" sizes=\"(max-width: 650px) 100vw, 650px\" \/><figcaption id=\"caption-attachment-173769\" class=\"wp-caption-text\">Los cuerpos reaccionan de forma diferente al consumo de caf\u00e9: uno lo necesita para despertarse, el otro necesita ir r\u00e1pidamente al ba\u00f1o despu\u00e9s de beberlo. Foto: Zacharie Scheurer\/dpa<\/figcaption><\/figure>\n<p><strong>\u00abEl efecto de la cafe\u00edna es farmacol\u00f3gico\u00bb, dice el profesor Johannes Wechsler, presidente de la Asociaci\u00f3n de Nutricionistas Alemane<\/strong>s (BDEM). Eso quiere decir que el caf\u00e9 act\u00faa de manera similar a un medicamento.<\/p>\n<p>\u00abDe todas maneras, hay reacciones diferentes a la cafe\u00edna\u00bb, indica el experto en nutrici\u00f3n. Porque tambi\u00e9n los bebedores de caf\u00e9 son diferentes. \u00abCada cuerpo funciona de otra manera\u00bb, se\u00f1ala Harald Seitz, del Centro Federal de Nutrici\u00f3n (BZfE) en Alemania.<\/p>\n<h2>\u00bfQu\u00e9 sucede exactamente?<\/h2>\n<h3>\u00bfDespierta el caf\u00e9?<\/h3>\n<p>La cafe\u00edna, como compuesto qu\u00edmico, act\u00faa sobre el sistema nervioso central, explicae Seitz. \u00abTiene un efecto estimulante, es decir, puede aumentar la concentraci\u00f3n e impulsar el rendimiento y tambi\u00e9n ayudar a mantenerse despierto\u00bb, enumera.<\/p>\n<p>Seg\u00fan Wechsler, la cafe\u00edna aumenta la presi\u00f3n sangu\u00ednea y el pulso. <strong>\u00abLa te\u00edna en el t\u00e9 tiene el mismo efecto que el caf\u00e9, solo que con freno de mano. El t\u00e9 act\u00faa durante horas, pero menos masivamente. El caf\u00e9 act\u00faa de manera muy breve y muy r\u00e1pida\u00bb.<\/strong><\/p>\n<h3>\u00bfPor qu\u00e9 despu\u00e9s de tomar caf\u00e9 tengo que ir al ba\u00f1o?<\/h3>\n<p>El caf\u00e9 hace orinar. Eso lo pueden confirmar muchas personas que despu\u00e9s de un caf\u00e9 deben acudir r\u00e1pidamente al ba\u00f1o.<strong> \u00abLa cafe\u00edna estimula la circulaci\u00f3n\u00bb, apunta Wechsler. \u00abA ra\u00edz de eso, los ri\u00f1ones reciben un mayor flujo sangu\u00edneo\u00bb.<\/strong><\/p>\n<p>Como los ri\u00f1ones tienen la funci\u00f3n de filtrar la sangre, lo hacen m\u00e1s fuertemente y de esa manera producen m\u00e1s orina. <strong>As\u00ed pasa que uno tiene que orinar m\u00e1s urgentemente cuando tom\u00f3 caf\u00e9.<\/strong><\/p>\n<h3>\u00bfEs saludable el caf\u00e9?<\/h3>\n<p>El caf\u00e9 l\u00f3gicamente no es solo pura cafe\u00edna. \u00abCasi ning\u00fan otro alimento tiene tantas sustancias qu\u00edmicas b\u00e1sicas en s\u00ed como el caf\u00e9\u00bb, dice Wechsler.<\/p>\n<p>Por ejemplo, antioxidantes. \u00abSon sustancias que tienen un efecto protector en el cuerpo\u00bb, se\u00f1ala Seitz. \u00abNeutralizan los radicales libres que da\u00f1an nuestras c\u00e9lulas\u00bb.<\/p>\n<p>El caf\u00e9 supuestamente reduce el riesgo de padecer ciertos tipos de c\u00e1ncer. \u00abPero son estudios de largo plazo, en los que no se sabe con certeza si eso se puede atribuir solo al caf\u00e9\u00bb, matiza Seitz.<\/p>\n<p>Adem\u00e1s, se dice que consumir caf\u00e9 aumenta la calidad de vida de las personas que padecen de presi\u00f3n baja o de adinamia, es decir, un estado de agotamiento y apat\u00eda generalizados. \u00abA ellos les ayuda el caf\u00e9 como estimulante natural\u00bb, precisa Wechsler. Un estimulante impulsa la circulaci\u00f3n y el metabolismo.<\/p>\n<p><strong>Tomar caf\u00e9 con moderaci\u00f3n tambi\u00e9n tiene efectos positivos en cuanto al <a href=\"https:\/\/candas365.es\/noticias\/category\/salud\/\"><span style=\"color: #ff6600;\">riesgo de infarto card\u00edaco<\/span><\/a><\/strong>. En concreto, seg\u00fan el m\u00e9dico, pueden ser hasta tres tazas de caf\u00e9 de filtro por d\u00eda. \u00abUna cantidad mayor, en cambio, es perjudicial\u00bb, advierte Wechsler. Porque demasiada cafe\u00edna aumenta el colesterol, y este puede aumentar el riesgo de padecer enfermedades cardiovasculares.<\/p>\n<blockquote><p>Dos, tres tazas por d\u00eda son, en general, una buena medida para personas sanas, asegura Wechsler.<\/p><\/blockquote>\n<h2>\u00bfA qui\u00e9n puede hacerle da\u00f1o el caf\u00e9?<\/h2>\n<p>Quien tenga un est\u00f3mago sensible posiblemente tenga problemas para tolerar el caf\u00e9. Y es que las melanoidinas (sustancias que se forman durante el tostado del caf\u00e9) incentivan la producci\u00f3n de jugos g\u00e1stricos, lo que puede generar acidez. \u00abEstas personas deber\u00edan tomar su caf\u00e9 con leche, porque esta retiene las melanoidinas en el caf\u00e9\u00bb, aconseja Wechsler.<\/p>\n<p>Tambi\u00e9n las personas con la presi\u00f3n alta o con la predisposici\u00f3n a ella deber\u00edan tener cuidado con la cantidad de caf\u00e9. \u00abUna predisposici\u00f3n a la tensi\u00f3n alta puede verse reforzada por el caf\u00e9 y provocar as\u00ed una hipertensi\u00f3n\u00bb, dice el m\u00e9dico. \u00abQuien tenga la presi\u00f3n alta deber\u00eda consumir caf\u00e9 en dosis peque\u00f1as y ver c\u00f3mo reacciona\u00bb. Dado el caso, puede tener que mejor optar por el descafeinado.<\/p>\n<h2>\u00bfQu\u00e9 pasa con la acrilamida?<\/h2>\n<p>Se sospecha que la acrilamida es cancer\u00edgena. Dado que esta sustancia se genera como resultado del calentamiento, al igual que en muchos otros alimentos tambi\u00e9n est\u00e1 contenida en los granos de caf\u00e9 tostado.<\/p>\n<p>Por cierto, la cantidad de acrilamida por taza depende de cu\u00e1nto tiempo el l\u00edquido est\u00e1 en contacto con el caf\u00e9. Seg\u00fan el BZfE, el espresso contiene menos. El caf\u00e9 preparado con el m\u00e9todo de la prensa francesa contiene claramente m\u00e1s. Y el caf\u00e9 instant\u00e1neo es el que m\u00e1s contiene.<\/p>\n<h2>\u00bfPuede generar dependencia el caf\u00e9?<\/h2>\n<p>\u00abPuede presentarse un cierto acostumbramiento y cierto efecto adictivo con la cafe\u00edna, porque es una droga en el sentido m\u00e1s amplio\u00bb, dice Wechsler. \u00abPara el cuerpo humano es una droga si de su consumo saca provecho\u00bb.<\/p>\n<blockquote><p>Pero no es realmente una adicci\u00f3n, porque no se presentan s\u00edntomas de abstinencia en el caso del caf\u00e9. \u00abEs m\u00e1s bien una dependencia psicol\u00f3gica\u00bb, precisa.<\/p><\/blockquote>\n<p>\u00abNo est\u00e1 demostrada realmente una adicci\u00f3n f\u00edsica\u00bb, sostiene tambi\u00e9n Seitz. M\u00e1s bien es algo que pasa en la cabeza, agrega. De todas maneras, no descarta totalmente una dependencia f\u00edsica \u00absi durante un largo per\u00edodo de tiempo se consume much\u00edsimo\u00bb caf\u00e9. Aunque no se puede determinar cu\u00e1l ser\u00eda la cantidad necesaria para ello, dado que, como ya se dijo, cada cuerpo reacciona distinto.<\/p>\n<p><i class=\"lang-es\"><span class=\" readonly\" title=\"\">Por Christina Bachmann (dpa)<\/span><\/i><\/p>\n","protected":false},"excerpt":{"rendered":"<p>(dpa) &#8211; Algunas personas no pueden funcionar a la ma\u00f1ana sin tomar una taza de caf\u00e9. Otras juran que les va mejor desde que dejaron el caf\u00e9. Lo que est\u00e1 claro es que el caf\u00e9 hace algo con nuestro cuerpo. Mejor dicho, es la cafe\u00edna, la sustancia estimulante que contiene. \u00abEl efecto de la cafe\u00edna<\/p>\n","protected":false},"author":1,"featured_media":173769,"comment_status":"closed","ping_status":"closed","sticky":false,"template":"","format":"standard","meta":{"footnotes":""},"categories":[372],"tags":[378],"class_list":{"0":"post-173768","1":"post","2":"type-post","3":"status-publish","4":"format-standard","5":"has-post-thumbnail","7":"category-salud","8":"tag-salud"},"aioseo_notices":[],"aioseo_head":"\n\t\t<!-- All in One SEO Pro 4.9.6.2 - aioseo.com -->\n\t<meta name=\"description\" content=\"(dpa) - Algunas personas no pueden funcionar a la ma\u00f1ana sin tomar una taza de caf\u00e9. Otras juran que les va mejor desde que dejaron el caf\u00e9.\" \/>\n\t<meta name=\"robots\" content=\"max-image-preview:large\" \/>\n\t<meta name=\"author\" content=\"Cand\u00e1s 365\"\/>\n\t<meta name=\"google-site-verification\" content=\"UA-32230408-1\" \/>\n\t<meta name=\"msvalidate.01\" content=\"354F3CDFB2DA171B47FBE9ABF1F88D5\" \/>\n\t<meta name=\"keywords\" content=\"salud\" \/>\n\t<link rel=\"canonical\" href=\"https:\/\/candas365.es\/noticias\/cafe-que-ocurre-cuando-lo-tomamos\/\" \/>\n\t<meta name=\"generator\" content=\"All in One SEO Pro (AIOSEO) 4.9.6.2\" \/>\n\t\t<meta property=\"og:locale\" content=\"es_ES\" \/>\n\t\t<meta property=\"og:site_name\" content=\"Cand\u00e1s 365\" \/>\n\t\t<meta property=\"og:type\" content=\"article\" \/>\n\t\t<meta property=\"og:title\" content=\"Caf\u00e9: \u00bfQu\u00e9 ocurre cuando lo tomamos? | Cand\u00e1s 365\" \/>\n\t\t<meta property=\"og:description\" content=\"(dpa) - Algunas personas no pueden funcionar a la ma\u00f1ana sin tomar una taza de caf\u00e9. Otras juran que les va mejor desde que dejaron el caf\u00e9.\" \/>\n\t\t<meta property=\"og:url\" content=\"https:\/\/candas365.es\/noticias\/cafe-que-ocurre-cuando-lo-tomamos\/\" \/>\n\t\t<meta property=\"og:image\" content=\"https:\/\/candas365.es\/noticias\/wp-content\/uploads\/2023\/05\/personas-cafe.jpg\" \/>\n\t\t<meta property=\"og:image:secure_url\" content=\"https:\/\/candas365.es\/noticias\/wp-content\/uploads\/2023\/05\/personas-cafe.jpg\" \/>\n\t\t<meta property=\"og:image:width\" content=\"1012\" \/>\n\t\t<meta property=\"og:image:height\" content=\"679\" \/>\n\t\t<meta property=\"article:published_time\" content=\"2023-05-17T00:02:07+00:00\" \/>\n\t\t<meta property=\"article:modified_time\" content=\"2023-05-17T00:02:07+00:00\" \/>\n\t\t<meta property=\"article:publisher\" content=\"https:\/\/www.facebook.com\/Nachofdezber\" \/>\n\t\t<meta property=\"article:author\" content=\"https:\/\/www.facebook.com\/carrenoactualidad\" \/>\n\t\t<meta name=\"twitter:card\" content=\"summary_large_image\" \/>\n\t\t<meta name=\"twitter:site\" content=\"@NabercoDigital\" \/>\n\t\t<meta name=\"twitter:title\" content=\"Caf\u00e9: \u00bfQu\u00e9 ocurre cuando lo tomamos? | Cand\u00e1s 365\" \/>\n\t\t<meta name=\"twitter:description\" content=\"(dpa) - Algunas personas no pueden funcionar a la ma\u00f1ana sin tomar una taza de caf\u00e9. Otras juran que les va mejor desde que dejaron el caf\u00e9.\" \/>\n\t\t<meta name=\"twitter:creator\" content=\"@nbasturias\" \/>\n\t\t<meta name=\"twitter:image\" content=\"https:\/\/candas365.es\/noticias\/wp-content\/uploads\/2023\/05\/personas-cafe.jpg\" \/>\n\t\t<meta name=\"twitter:label1\" content=\"Escrito por\" \/>\n\t\t<meta name=\"twitter:data1\" content=\"Cand\u00e1s 365\" \/>\n\t\t<meta name=\"twitter:label2\" content=\"Tiempo de lectura estimado\" \/>\n\t\t<meta name=\"twitter:data2\" content=\"5 minutos\" \/>\n\t\t<script type=\"application\/ld+json\" class=\"aioseo-schema\">\n\t\t\t{\"@context\":\"https:\\\/\\\/schema.org\",\"@graph\":[{\"@type\":\"BreadcrumbList\",\"@id\":\"https:\\\/\\\/candas365.es\\\/noticias\\\/cafe-que-ocurre-cuando-lo-tomamos\\\/#breadcrumblist\",\"itemListElement\":[{\"@type\":\"ListItem\",\"@id\":\"https:\\\/\\\/candas365.es\\\/noticias#listItem\",\"position\":1,\"name\":\"Home\",\"item\":\"https:\\\/\\\/candas365.es\\\/noticias\",\"nextItem\":{\"@type\":\"ListItem\",\"@id\":\"https:\\\/\\\/candas365.es\\\/noticias\\\/category\\\/salud\\\/#listItem\",\"name\":\"Salud\"}},{\"@type\":\"ListItem\",\"@id\":\"https:\\\/\\\/candas365.es\\\/noticias\\\/category\\\/salud\\\/#listItem\",\"position\":2,\"name\":\"Salud\",\"item\":\"https:\\\/\\\/candas365.es\\\/noticias\\\/category\\\/salud\\\/\",\"nextItem\":{\"@type\":\"ListItem\",\"@id\":\"https:\\\/\\\/candas365.es\\\/noticias\\\/cafe-que-ocurre-cuando-lo-tomamos\\\/#listItem\",\"name\":\"Caf\\u00e9: \\u00bfQu\\u00e9 ocurre cuando lo tomamos?\"},\"previousItem\":{\"@type\":\"ListItem\",\"@id\":\"https:\\\/\\\/candas365.es\\\/noticias#listItem\",\"name\":\"Home\"}},{\"@type\":\"ListItem\",\"@id\":\"https:\\\/\\\/candas365.es\\\/noticias\\\/cafe-que-ocurre-cuando-lo-tomamos\\\/#listItem\",\"position\":3,\"name\":\"Caf\\u00e9: \\u00bfQu\\u00e9 ocurre cuando lo tomamos?\",\"previousItem\":{\"@type\":\"ListItem\",\"@id\":\"https:\\\/\\\/candas365.es\\\/noticias\\\/category\\\/salud\\\/#listItem\",\"name\":\"Salud\"}}]},{\"@type\":\"NewsArticle\",\"@id\":\"https:\\\/\\\/candas365.es\\\/noticias\\\/cafe-que-ocurre-cuando-lo-tomamos\\\/#newsarticle\",\"name\":\"Caf\\u00e9: \\u00bfQu\\u00e9 ocurre cuando lo tomamos? | Cand\\u00e1s 365\",\"headline\":\"Caf\\u00e9: \\u00bfQu\\u00e9 ocurre cuando lo tomamos?\",\"author\":{\"@id\":\"https:\\\/\\\/candas365.es\\\/noticias\\\/author\\\/admin\\\/#author\"},\"publisher\":{\"@id\":\"https:\\\/\\\/candas365.es\\\/noticias\\\/#organization\"},\"image\":{\"@type\":\"ImageObject\",\"url\":\"https:\\\/\\\/candas365.es\\\/noticias\\\/wp-content\\\/uploads\\\/2023\\\/05\\\/personas-cafe.jpg\",\"width\":1012,\"height\":679,\"caption\":\"Los cuerpos reaccionan de forma diferente al consumo de caf\\u00e9: uno lo necesita para despertarse, el otro necesita ir r\\u00e1pidamente al ba\\u00f1o despu\\u00e9s de beberlo. Foto: Zacharie Scheurer\\\/dpa\"},\"datePublished\":\"2023-05-17T02:02:07+02:00\",\"dateModified\":\"2023-05-17T02:02:07+02:00\",\"inLanguage\":\"es-ES\",\"mainEntityOfPage\":{\"@id\":\"https:\\\/\\\/candas365.es\\\/noticias\\\/cafe-que-ocurre-cuando-lo-tomamos\\\/#webpage\"},\"isPartOf\":{\"@id\":\"https:\\\/\\\/candas365.es\\\/noticias\\\/cafe-que-ocurre-cuando-lo-tomamos\\\/#webpage\"},\"articleSection\":\"Salud, Salud\",\"dateline\":\"Publicado el mayo 17, 2023.\"},{\"@type\":\"Organization\",\"@id\":\"https:\\\/\\\/candas365.es\\\/noticias\\\/#organization\",\"name\":\"Cand\\u00e1s 365\",\"description\":\"Cand\\u00e1s 365 es un diario digital independiente, fundado en 2012, con base en Asturias. Informamos con rigor sobre actualidad, sociedad, cultura y ocio, con una mirada local y global.\",\"url\":\"https:\\\/\\\/candas365.es\\\/noticias\\\/\",\"email\":\"info@candas365.es\",\"telephone\":\"+34652131393\",\"foundingDate\":\"2012-06-10\",\"logo\":{\"@type\":\"ImageObject\",\"url\":\"https:\\\/\\\/candas365.es\\\/noticias\\\/wp-content\\\/uploads\\\/2024\\\/09\\\/Candas-365-Redes.jpg\",\"@id\":\"https:\\\/\\\/candas365.es\\\/noticias\\\/cafe-que-ocurre-cuando-lo-tomamos\\\/#organizationLogo\",\"width\":1152,\"height\":864,\"caption\":\"Cand\\u00e1s 365 Redes\"},\"image\":{\"@id\":\"https:\\\/\\\/candas365.es\\\/noticias\\\/cafe-que-ocurre-cuando-lo-tomamos\\\/#organizationLogo\"},\"sameAs\":[\"https:\\\/\\\/www.facebook.com\\\/Nachofdezber\",\"https:\\\/\\\/x.com\\\/NabercoDigital\",\"https:\\\/\\\/www.instagram.com\\\/nachofdezber\\\/\",\"https:\\\/\\\/www.youtube.com\\\/channel\\\/UCZP-2wLEB9Rv6erhFmqVnvg\"],\"address\":{\"@id\":\"https:\\\/\\\/candas365.es\\\/noticias\\\/#postaladdress\",\"@type\":\"PostalAddress\",\"streetAddress\":\"san antonio 4, san antonio 4\",\"postalCode\":\"33430\",\"addressLocality\":\"Cand\\u00e1s\",\"addressRegion\":\"Asturias\",\"addressCountry\":\"ES\"}},{\"@type\":\"Person\",\"@id\":\"https:\\\/\\\/candas365.es\\\/noticias\\\/author\\\/admin\\\/#author\",\"url\":\"https:\\\/\\\/candas365.es\\\/noticias\\\/author\\\/admin\\\/\",\"name\":\"Cand\\u00e1s 365\",\"image\":{\"@type\":\"ImageObject\",\"@id\":\"https:\\\/\\\/candas365.es\\\/noticias\\\/cafe-que-ocurre-cuando-lo-tomamos\\\/#authorImage\",\"url\":\"https:\\\/\\\/secure.gravatar.com\\\/avatar\\\/496a8e03d0c493ede1718b7934145dbdf8d89be1036b0eec9544e1094c9de390?s=96&d=mm&r=g\",\"width\":96,\"height\":96,\"caption\":\"Cand\\u00e1s 365\"},\"sameAs\":[\"https:\\\/\\\/www.facebook.com\\\/carrenoactualidad\",\"https:\\\/\\\/twitter.com\\\/nbasturias\",\"https:\\\/\\\/www.instagram.com\\\/nachofdezber\\\/\",\"https:\\\/\\\/www.youtube.com\\\/channel\\\/UCZP-2wLEB9Rv6erhFmqVnvg\"]},{\"@type\":\"WebPage\",\"@id\":\"https:\\\/\\\/candas365.es\\\/noticias\\\/cafe-que-ocurre-cuando-lo-tomamos\\\/#webpage\",\"url\":\"https:\\\/\\\/candas365.es\\\/noticias\\\/cafe-que-ocurre-cuando-lo-tomamos\\\/\",\"name\":\"Caf\\u00e9: \\u00bfQu\\u00e9 ocurre cuando lo tomamos? | Cand\\u00e1s 365\",\"description\":\"(dpa) - Algunas personas no pueden funcionar a la ma\\u00f1ana sin tomar una taza de caf\\u00e9. Otras juran que les va mejor desde que dejaron el caf\\u00e9.\",\"inLanguage\":\"es-ES\",\"isPartOf\":{\"@id\":\"https:\\\/\\\/candas365.es\\\/noticias\\\/#website\"},\"breadcrumb\":{\"@id\":\"https:\\\/\\\/candas365.es\\\/noticias\\\/cafe-que-ocurre-cuando-lo-tomamos\\\/#breadcrumblist\"},\"author\":{\"@id\":\"https:\\\/\\\/candas365.es\\\/noticias\\\/author\\\/admin\\\/#author\"},\"creator\":{\"@id\":\"https:\\\/\\\/candas365.es\\\/noticias\\\/author\\\/admin\\\/#author\"},\"image\":{\"@type\":\"ImageObject\",\"url\":\"https:\\\/\\\/candas365.es\\\/noticias\\\/wp-content\\\/uploads\\\/2023\\\/05\\\/personas-cafe.jpg\",\"@id\":\"https:\\\/\\\/candas365.es\\\/noticias\\\/cafe-que-ocurre-cuando-lo-tomamos\\\/#mainImage\",\"width\":1012,\"height\":679,\"caption\":\"Los cuerpos reaccionan de forma diferente al consumo de caf\\u00e9: uno lo necesita para despertarse, el otro necesita ir r\\u00e1pidamente al ba\\u00f1o despu\\u00e9s de beberlo. Foto: Zacharie Scheurer\\\/dpa\"},\"primaryImageOfPage\":{\"@id\":\"https:\\\/\\\/candas365.es\\\/noticias\\\/cafe-que-ocurre-cuando-lo-tomamos\\\/#mainImage\"},\"datePublished\":\"2023-05-17T02:02:07+02:00\",\"dateModified\":\"2023-05-17T02:02:07+02:00\"},{\"@type\":\"WebSite\",\"@id\":\"https:\\\/\\\/candas365.es\\\/noticias\\\/#website\",\"url\":\"https:\\\/\\\/candas365.es\\\/noticias\\\/\",\"name\":\"Cand\\u00e1s 365\",\"alternateName\":\"Cand\\u00e1s 365 Noticias\",\"description\":\"Actualidad desde Carre\\u00f1o para el mundo\",\"inLanguage\":\"es-ES\",\"publisher\":{\"@id\":\"https:\\\/\\\/candas365.es\\\/noticias\\\/#organization\"}}]}\n\t\t<\/script>\n\t\t<!-- All in One SEO Pro -->\r\n\t\t<title>Caf\u00e9: \u00bfQu\u00e9 ocurre cuando lo tomamos? | Cand\u00e1s 365<\/title>\n\n","aioseo_head_json":{"title":"Caf\u00e9: \u00bfQu\u00e9 ocurre cuando lo tomamos? | Cand\u00e1s 365","description":"(dpa) - Algunas personas no pueden funcionar a la ma\u00f1ana sin tomar una taza de caf\u00e9. Otras juran que les va mejor desde que dejaron el caf\u00e9.","canonical_url":"https:\/\/candas365.es\/noticias\/cafe-que-ocurre-cuando-lo-tomamos\/","robots":"max-image-preview:large","keywords":"salud","webmasterTools":{"google-site-verification":"UA-32230408-1","msvalidate.01":"354F3CDFB2DA171B47FBE9ABF1F88D5","miscellaneous":""},"schema":{"@context":"https:\/\/schema.org","@graph":[{"@type":"BreadcrumbList","@id":"https:\/\/candas365.es\/noticias\/cafe-que-ocurre-cuando-lo-tomamos\/#breadcrumblist","itemListElement":[{"@type":"ListItem","@id":"https:\/\/candas365.es\/noticias#listItem","position":1,"name":"Home","item":"https:\/\/candas365.es\/noticias","nextItem":{"@type":"ListItem","@id":"https:\/\/candas365.es\/noticias\/category\/salud\/#listItem","name":"Salud"}},{"@type":"ListItem","@id":"https:\/\/candas365.es\/noticias\/category\/salud\/#listItem","position":2,"name":"Salud","item":"https:\/\/candas365.es\/noticias\/category\/salud\/","nextItem":{"@type":"ListItem","@id":"https:\/\/candas365.es\/noticias\/cafe-que-ocurre-cuando-lo-tomamos\/#listItem","name":"Caf\u00e9: \u00bfQu\u00e9 ocurre cuando lo tomamos?"},"previousItem":{"@type":"ListItem","@id":"https:\/\/candas365.es\/noticias#listItem","name":"Home"}},{"@type":"ListItem","@id":"https:\/\/candas365.es\/noticias\/cafe-que-ocurre-cuando-lo-tomamos\/#listItem","position":3,"name":"Caf\u00e9: \u00bfQu\u00e9 ocurre cuando lo tomamos?","previousItem":{"@type":"ListItem","@id":"https:\/\/candas365.es\/noticias\/category\/salud\/#listItem","name":"Salud"}}]},{"@type":"NewsArticle","@id":"https:\/\/candas365.es\/noticias\/cafe-que-ocurre-cuando-lo-tomamos\/#newsarticle","name":"Caf\u00e9: \u00bfQu\u00e9 ocurre cuando lo tomamos? | Cand\u00e1s 365","headline":"Caf\u00e9: \u00bfQu\u00e9 ocurre cuando lo tomamos?","author":{"@id":"https:\/\/candas365.es\/noticias\/author\/admin\/#author"},"publisher":{"@id":"https:\/\/candas365.es\/noticias\/#organization"},"image":{"@type":"ImageObject","url":"https:\/\/candas365.es\/noticias\/wp-content\/uploads\/2023\/05\/personas-cafe.jpg","width":1012,"height":679,"caption":"Los cuerpos reaccionan de forma diferente al consumo de caf\u00e9: uno lo necesita para despertarse, el otro necesita ir r\u00e1pidamente al ba\u00f1o despu\u00e9s de beberlo. Foto: Zacharie Scheurer\/dpa"},"datePublished":"2023-05-17T02:02:07+02:00","dateModified":"2023-05-17T02:02:07+02:00","inLanguage":"es-ES","mainEntityOfPage":{"@id":"https:\/\/candas365.es\/noticias\/cafe-que-ocurre-cuando-lo-tomamos\/#webpage"},"isPartOf":{"@id":"https:\/\/candas365.es\/noticias\/cafe-que-ocurre-cuando-lo-tomamos\/#webpage"},"articleSection":"Salud, Salud","dateline":"Publicado el mayo 17, 2023."},{"@type":"Organization","@id":"https:\/\/candas365.es\/noticias\/#organization","name":"Cand\u00e1s 365","description":"Cand\u00e1s 365 es un diario digital independiente, fundado en 2012, con base en Asturias. Informamos con rigor sobre actualidad, sociedad, cultura y ocio, con una mirada local y global.","url":"https:\/\/candas365.es\/noticias\/","email":"info@candas365.es","telephone":"+34652131393","foundingDate":"2012-06-10","logo":{"@type":"ImageObject","url":"https:\/\/candas365.es\/noticias\/wp-content\/uploads\/2024\/09\/Candas-365-Redes.jpg","@id":"https:\/\/candas365.es\/noticias\/cafe-que-ocurre-cuando-lo-tomamos\/#organizationLogo","width":1152,"height":864,"caption":"Cand\u00e1s 365 Redes"},"image":{"@id":"https:\/\/candas365.es\/noticias\/cafe-que-ocurre-cuando-lo-tomamos\/#organizationLogo"},"sameAs":["https:\/\/www.facebook.com\/Nachofdezber","https:\/\/x.com\/NabercoDigital","https:\/\/www.instagram.com\/nachofdezber\/","https:\/\/www.youtube.com\/channel\/UCZP-2wLEB9Rv6erhFmqVnvg"],"address":{"@id":"https:\/\/candas365.es\/noticias\/#postaladdress","@type":"PostalAddress","streetAddress":"san antonio 4, san antonio 4","postalCode":"33430","addressLocality":"Cand\u00e1s","addressRegion":"Asturias","addressCountry":"ES"}},{"@type":"Person","@id":"https:\/\/candas365.es\/noticias\/author\/admin\/#author","url":"https:\/\/candas365.es\/noticias\/author\/admin\/","name":"Cand\u00e1s 365","image":{"@type":"ImageObject","@id":"https:\/\/candas365.es\/noticias\/cafe-que-ocurre-cuando-lo-tomamos\/#authorImage","url":"https:\/\/secure.gravatar.com\/avatar\/496a8e03d0c493ede1718b7934145dbdf8d89be1036b0eec9544e1094c9de390?s=96&d=mm&r=g","width":96,"height":96,"caption":"Cand\u00e1s 365"},"sameAs":["https:\/\/www.facebook.com\/carrenoactualidad","https:\/\/twitter.com\/nbasturias","https:\/\/www.instagram.com\/nachofdezber\/","https:\/\/www.youtube.com\/channel\/UCZP-2wLEB9Rv6erhFmqVnvg"]},{"@type":"WebPage","@id":"https:\/\/candas365.es\/noticias\/cafe-que-ocurre-cuando-lo-tomamos\/#webpage","url":"https:\/\/candas365.es\/noticias\/cafe-que-ocurre-cuando-lo-tomamos\/","name":"Caf\u00e9: \u00bfQu\u00e9 ocurre cuando lo tomamos? | Cand\u00e1s 365","description":"(dpa) - Algunas personas no pueden funcionar a la ma\u00f1ana sin tomar una taza de caf\u00e9. Otras juran que les va mejor desde que dejaron el caf\u00e9.","inLanguage":"es-ES","isPartOf":{"@id":"https:\/\/candas365.es\/noticias\/#website"},"breadcrumb":{"@id":"https:\/\/candas365.es\/noticias\/cafe-que-ocurre-cuando-lo-tomamos\/#breadcrumblist"},"author":{"@id":"https:\/\/candas365.es\/noticias\/author\/admin\/#author"},"creator":{"@id":"https:\/\/candas365.es\/noticias\/author\/admin\/#author"},"image":{"@type":"ImageObject","url":"https:\/\/candas365.es\/noticias\/wp-content\/uploads\/2023\/05\/personas-cafe.jpg","@id":"https:\/\/candas365.es\/noticias\/cafe-que-ocurre-cuando-lo-tomamos\/#mainImage","width":1012,"height":679,"caption":"Los cuerpos reaccionan de forma diferente al consumo de caf\u00e9: uno lo necesita para despertarse, el otro necesita ir r\u00e1pidamente al ba\u00f1o despu\u00e9s de beberlo. Foto: Zacharie Scheurer\/dpa"},"primaryImageOfPage":{"@id":"https:\/\/candas365.es\/noticias\/cafe-que-ocurre-cuando-lo-tomamos\/#mainImage"},"datePublished":"2023-05-17T02:02:07+02:00","dateModified":"2023-05-17T02:02:07+02:00"},{"@type":"WebSite","@id":"https:\/\/candas365.es\/noticias\/#website","url":"https:\/\/candas365.es\/noticias\/","name":"Cand\u00e1s 365","alternateName":"Cand\u00e1s 365 Noticias","description":"Actualidad desde Carre\u00f1o para el mundo","inLanguage":"es-ES","publisher":{"@id":"https:\/\/candas365.es\/noticias\/#organization"}}]},"og:locale":"es_ES","og:site_name":"Cand\u00e1s 365","og:type":"article","og:title":"Caf\u00e9: \u00bfQu\u00e9 ocurre cuando lo tomamos? | Cand\u00e1s 365","og:description":"(dpa) - Algunas personas no pueden funcionar a la ma\u00f1ana sin tomar una taza de caf\u00e9. Otras juran que les va mejor desde que dejaron el caf\u00e9.","og:url":"https:\/\/candas365.es\/noticias\/cafe-que-ocurre-cuando-lo-tomamos\/","og:image":"https:\/\/candas365.es\/noticias\/wp-content\/uploads\/2023\/05\/personas-cafe.jpg","og:image:secure_url":"https:\/\/candas365.es\/noticias\/wp-content\/uploads\/2023\/05\/personas-cafe.jpg","og:image:width":1012,"og:image:height":679,"article:published_time":"2023-05-17T00:02:07+00:00","article:modified_time":"2023-05-17T00:02:07+00:00","article:publisher":"https:\/\/www.facebook.com\/Nachofdezber","article:author":"https:\/\/www.facebook.com\/carrenoactualidad","twitter:card":"summary_large_image","twitter:site":"@NabercoDigital","twitter:title":"Caf\u00e9: \u00bfQu\u00e9 ocurre cuando lo tomamos? | Cand\u00e1s 365","twitter:description":"(dpa) - Algunas personas no pueden funcionar a la ma\u00f1ana sin tomar una taza de caf\u00e9. Otras juran que les va mejor desde que dejaron el caf\u00e9.","twitter:creator":"@nbasturias","twitter:image":"https:\/\/candas365.es\/noticias\/wp-content\/uploads\/2023\/05\/personas-cafe.jpg","twitter:label1":"Escrito por","twitter:data1":"Cand\u00e1s 365","twitter:label2":"Tiempo de lectura estimado","twitter:data2":"5 minutos"},"aioseo_meta_data":{"post_id":"173768","title":null,"description":"(dpa) - Algunas personas no pueden funcionar a la ma\u00f1ana sin tomar una taza de caf\u00e9. Otras juran que les va mejor desde que dejaron el caf\u00e9.","keywords":[],"keyphrases":{"focus":{"keyphrase":"caf\u00e9","score":93,"analysis":{"keyphraseInTitle":{"score":9,"maxScore":9,"error":0},"keyphraseInDescription":{"score":9,"maxScore":9,"error":0},"keyphraseLength":{"score":9,"maxScore":9,"error":0,"length":1},"keyphraseInURL":{"score":1,"maxScore":5,"error":1},"keyphraseInIntroduction":{"score":9,"maxScore":9,"error":0},"keyphraseInSubHeadings":{"score":9,"maxScore":9,"error":0},"keyphraseInImageAlt":{"score":9,"maxScore":9,"error":0}}},"additional":[{"keyphrase":" personas ","score":100,"analysis":{"keyphraseInDescription":{"score":9,"maxScore":9,"error":0},"keyphraseLength":{"score":9,"maxScore":9,"error":0,"length":1},"keyphraseInIntroduction":{"score":9,"maxScore":9,"error":0},"keyphraseInImageAlt":{"score":9,"maxScore":9,"error":0}}},{"keyphrase":"taza de caf\u00e9","score":83,"analysis":{"keyphraseInDescription":{"score":9,"maxScore":9,"error":0},"keyphraseLength":{"score":9,"maxScore":9,"error":0,"length":3},"keyphraseInIntroduction":{"score":9,"maxScore":9,"error":0},"keyphraseInImageAlt":{"score":3,"maxScore":9,"error":1}}},{"keyphrase":"caf\u00e9","score":100,"analysis":{"keyphraseInDescription":{"score":9,"maxScore":9,"error":0},"keyphraseLength":{"score":9,"maxScore":9,"error":0,"length":1},"keyphraseInIntroduction":{"score":9,"maxScore":9,"error":0},"keyphraseInImageAlt":{"score":9,"maxScore":9,"error":0}}}]},"primary_term":null,"canonical_url":null,"og_title":null,"og_description":null,"og_object_type":"default","og_image_type":"default","og_image_url":null,"og_image_width":null,"og_image_height":null,"og_image_custom_url":null,"og_image_custom_fields":null,"og_video":"","og_custom_url":null,"og_article_section":null,"og_article_tags":[],"twitter_use_og":false,"twitter_card":"default","twitter_image_type":"default","twitter_image_url":null,"twitter_image_custom_url":null,"twitter_image_custom_fields":null,"twitter_title":null,"twitter_description":null,"schema":{"blockGraphs":[],"customGraphs":[],"default":{"data":{"Article":[],"Course":[],"Dataset":[],"FAQPage":[],"Movie":[],"Person":[],"Product":[],"ProductReview":[],"Car":[],"Recipe":[],"Service":[],"SoftwareApplication":[],"WebPage":[]},"graphName":"","isEnabled":true},"graphs":[]},"schema_type":"default","schema_type_options":null,"pillar_content":false,"robots_default":true,"robots_noindex":false,"robots_noarchive":false,"robots_nosnippet":false,"robots_nofollow":false,"robots_noimageindex":false,"robots_noodp":false,"robots_notranslate":false,"robots_max_snippet":"-1","robots_max_videopreview":"-1","robots_max_imagepreview":"large","priority":null,"frequency":"default","location":null,"local_seo":null,"seo_analyzer_scan_date":"2025-09-01 20:46:10","breadcrumb_settings":null,"limit_modified_date":false,"reviewed_by":null,"open_ai":"{\"title\":{\"suggestions\":[],\"usage\":0},\"description\":{\"suggestions\":[],\"usage\":0}}","ai":null,"created":"2023-05-16 23:54:31","updated":"2025-09-01 20:46:10"},"aioseo_breadcrumb":"<div class=\"aioseo-breadcrumbs\"><span class=\"aioseo-breadcrumb\">\n\t<a href=\"https:\/\/candas365.es\/noticias\" title=\"Home\">Home<\/a>\n<\/span><span class=\"aioseo-breadcrumb-separator\">&ndash;<\/span><span class=\"aioseo-breadcrumb\">\n\t<a href=\"https:\/\/candas365.es\/noticias\/category\/salud\/\" title=\"Salud\">Salud<\/a>\n<\/span><span class=\"aioseo-breadcrumb-separator\">&ndash;<\/span><span class=\"aioseo-breadcrumb\">\n\tCaf\u00e9: \u00bfQu\u00e9 ocurre cuando lo tomamos?\n<\/span><\/div>","aioseo_breadcrumb_json":[{"label":"Home","link":"https:\/\/candas365.es\/noticias"},{"label":"Salud","link":"https:\/\/candas365.es\/noticias\/category\/salud\/"},{"label":"Caf\u00e9: \u00bfQu\u00e9 ocurre cuando lo tomamos?","link":"https:\/\/candas365.es\/noticias\/cafe-que-ocurre-cuando-lo-tomamos\/"}],"_links":{"self":[{"href":"https:\/\/candas365.es\/noticias\/wp-json\/wp\/v2\/posts\/173768","targetHints":{"allow":["GET"]}}],"collection":[{"href":"https:\/\/candas365.es\/noticias\/wp-json\/wp\/v2\/posts"}],"about":[{"href":"https:\/\/candas365.es\/noticias\/wp-json\/wp\/v2\/types\/post"}],"author":[{"embeddable":true,"href":"https:\/\/candas365.es\/noticias\/wp-json\/wp\/v2\/users\/1"}],"replies":[{"embeddable":true,"href":"https:\/\/candas365.es\/noticias\/wp-json\/wp\/v2\/comments?post=173768"}],"version-history":[{"count":0,"href":"https:\/\/candas365.es\/noticias\/wp-json\/wp\/v2\/posts\/173768\/revisions"}],"wp:featuredmedia":[{"embeddable":true,"href":"https:\/\/candas365.es\/noticias\/wp-json\/wp\/v2\/media\/173769"}],"wp:attachment":[{"href":"https:\/\/candas365.es\/noticias\/wp-json\/wp\/v2\/media?parent=173768"}],"wp:term":[{"taxonomy":"category","embeddable":true,"href":"https:\/\/candas365.es\/noticias\/wp-json\/wp\/v2\/categories?post=173768"},{"taxonomy":"post_tag","embeddable":true,"href":"https:\/\/candas365.es\/noticias\/wp-json\/wp\/v2\/tags?post=173768"}],"curies":[{"name":"wp","href":"https:\/\/api.w.org\/{rel}","templated":true}]}}