{"id":173740,"date":"2023-05-16T20:13:50","date_gmt":"2023-05-16T18:13:50","guid":{"rendered":"https:\/\/candas365.es\/noticias\/?p=173740"},"modified":"2023-05-16T20:13:50","modified_gmt":"2023-05-16T18:13:50","slug":"dia-internacional-de-los-museos-en-candas-actividades-y-fechas","status":"publish","type":"post","link":"https:\/\/candas365.es\/noticias\/dia-internacional-de-los-museos-en-candas-actividades-y-fechas\/","title":{"rendered":"D\u00eda internacional de los Museos en Cand\u00e1s: Actividades y fechas"},"content":{"rendered":"<p><strong>Cand\u00e1s se suma al D\u00eda Internacional de los Museos<\/strong> bajo el lema \u00abMuseos, sostenibilidad y bienestar\u00bb, el <strong>Museo Ant\u00f3n<\/strong> participar\u00e1 en dicha conmemoraci\u00f3n a trav\u00e9s de una serie de actividades, seg\u00fan nos ha informado el <a href=\"https:\/\/www.ayto-carreno.es\/\" target=\"_blank\" rel=\"noopener\"><span style=\"color: #ff6600;\"><strong>Ayuntamiento de Carre\u00f1o<\/strong><\/span><\/a> en una nota de prensa remitida a <a href=\"https:\/\/candas365.es\/noticias\/\"><span style=\"color: #ff6600;\"><strong>nuestro diario digital<\/strong><\/span><\/a>.<\/p>\n<figure id=\"attachment_173741\" aria-describedby=\"caption-attachment-173741\" style=\"width: 639px\" class=\"wp-caption aligncenter\"><img fetchpriority=\"high\" decoding=\"async\" class=\"wp-image-173741 size-large\" src=\"https:\/\/candas365.es\/noticias\/wp-content\/uploads\/2023\/05\/Dia-internacional-de-los-Museos-en-Candas-639x480.jpg\" alt=\"D\u00eda internacional de los Museos en Cand\u00e1s\" width=\"639\" height=\"480\" srcset=\"https:\/\/candas365.es\/noticias\/wp-content\/uploads\/2023\/05\/Dia-internacional-de-los-Museos-en-Candas-639x480.jpg 639w, https:\/\/candas365.es\/noticias\/wp-content\/uploads\/2023\/05\/Dia-internacional-de-los-Museos-en-Candas-360x271.jpg 360w, https:\/\/candas365.es\/noticias\/wp-content\/uploads\/2023\/05\/Dia-internacional-de-los-Museos-en-Candas-768x577.jpg 768w, https:\/\/candas365.es\/noticias\/wp-content\/uploads\/2023\/05\/Dia-internacional-de-los-Museos-en-Candas-150x113.jpg 150w, https:\/\/candas365.es\/noticias\/wp-content\/uploads\/2023\/05\/Dia-internacional-de-los-Museos-en-Candas-450x338.jpg 450w, https:\/\/candas365.es\/noticias\/wp-content\/uploads\/2023\/05\/Dia-internacional-de-los-Museos-en-Candas.jpg 898w\" sizes=\"(max-width: 639px) 100vw, 639px\" \/><figcaption id=\"caption-attachment-173741\" class=\"wp-caption-text\">Foto: Cand\u00e1s 365 \/ N.Berm\u00fadez<\/figcaption><\/figure>\n<h2>Las actividades<\/h2>\n<ul>\n<li>El jueves d\u00eda 18 a las 18:30 horas tendr\u00e1 lugar en el Museo Ant\u00f3n una audici\u00f3n de guitarra y vihuela a cargo del alumnado de la Escuela Municipal de M\u00fasica Miguel Barrosa de Carre\u00f1o.<\/li>\n<li>El viernes, 19 a las 19:00 horas el Museo Ant\u00f3n acoge la inauguraci\u00f3n de la exposici\u00f3n \u201cGeometr\u00eda del caos\u201d, de Jes\u00fas U\u00f1a Gij\u00f3n, ganador de la Beca Ant\u00f3n de Ayuda a la Creaci\u00f3n Escult\u00f3rica de 2022 patrocinada por la Fundaci\u00f3n EDP.<\/li>\n<li>El s\u00e1bado d\u00eda 20 a las 19:00 horas, tendr\u00e1 lugar en el Museo Ant\u00f3n un concierto de m\u00fasica de c\u00e1mara a cargo del alumnado del conservatorio Juli\u00e1n Orb\u00f3n de Avil\u00e9s.<\/li>\n<\/ul>\n","protected":false},"excerpt":{"rendered":"<p>Cand\u00e1s se suma al D\u00eda Internacional de los Museos bajo el lema \u00abMuseos, sostenibilidad y bienestar\u00bb, el Museo Ant\u00f3n participar\u00e1 en dicha conmemoraci\u00f3n a trav\u00e9s de una serie de actividades, seg\u00fan nos ha informado el Ayuntamiento de Carre\u00f1o en una nota de prensa remitida a nuestro diario digital. Las actividades El jueves d\u00eda 18 a<\/p>\n","protected":false},"author":1,"featured_media":173741,"comment_status":"closed","ping_status":"closed","sticky":false,"template":"","format":"standard","meta":{"footnotes":""},"categories":[2],"tags":[366,430],"class_list":{"0":"post-173740","1":"post","2":"type-post","3":"status-publish","4":"format-standard","5":"has-post-thumbnail","7":"category-noticias-carreno","8":"tag-candas","9":"tag-cultura"},"aioseo_notices":[],"aioseo_head":"\n\t\t<!-- All in One SEO Pro 4.9.6.2 - aioseo.com -->\n\t<meta name=\"description\" content=\"Cand\u00e1s se suma al D\u00eda Internacional de los Museos bajo el lema &quot;Museos, sostenibilidad y bienestar&quot;, el Museo Ant\u00f3n participar\u00e1 en dicha conmemoraci\u00f3n\" \/>\n\t<meta name=\"robots\" content=\"max-image-preview:large\" \/>\n\t<meta name=\"author\" content=\"Cand\u00e1s 365\"\/>\n\t<meta name=\"google-site-verification\" content=\"UA-32230408-1\" \/>\n\t<meta name=\"msvalidate.01\" content=\"354F3CDFB2DA171B47FBE9ABF1F88D5\" \/>\n\t<meta name=\"keywords\" content=\"noticias carre\u00f1o\" \/>\n\t<link rel=\"canonical\" href=\"https:\/\/candas365.es\/noticias\/dia-internacional-de-los-museos-en-candas-actividades-y-fechas\/\" \/>\n\t<meta name=\"generator\" content=\"All in One SEO Pro (AIOSEO) 4.9.6.2\" \/>\n\t\t<meta property=\"og:locale\" content=\"es_ES\" \/>\n\t\t<meta property=\"og:site_name\" content=\"Cand\u00e1s 365\" \/>\n\t\t<meta property=\"og:type\" content=\"article\" \/>\n\t\t<meta property=\"og:title\" content=\"D\u00eda internacional de los Museos en Cand\u00e1s: Actividades y fechas | Cand\u00e1s 365\" \/>\n\t\t<meta property=\"og:description\" content=\"Cand\u00e1s se suma al D\u00eda Internacional de los Museos bajo el lema &quot;Museos, sostenibilidad y bienestar&quot;, el Museo Ant\u00f3n participar\u00e1 en dicha conmemoraci\u00f3n\" \/>\n\t\t<meta property=\"og:url\" content=\"https:\/\/candas365.es\/noticias\/dia-internacional-de-los-museos-en-candas-actividades-y-fechas\/\" \/>\n\t\t<meta property=\"og:image\" content=\"https:\/\/candas365.es\/noticias\/wp-content\/uploads\/2023\/05\/Dia-internacional-de-los-Museos-en-Candas.jpg\" \/>\n\t\t<meta property=\"og:image:secure_url\" content=\"https:\/\/candas365.es\/noticias\/wp-content\/uploads\/2023\/05\/Dia-internacional-de-los-Museos-en-Candas.jpg\" \/>\n\t\t<meta property=\"og:image:width\" content=\"898\" \/>\n\t\t<meta property=\"og:image:height\" content=\"675\" \/>\n\t\t<meta property=\"article:published_time\" content=\"2023-05-16T18:13:50+00:00\" \/>\n\t\t<meta property=\"article:modified_time\" content=\"2023-05-16T18:13:50+00:00\" \/>\n\t\t<meta property=\"article:publisher\" content=\"https:\/\/www.facebook.com\/Nachofdezber\" \/>\n\t\t<meta property=\"article:author\" content=\"https:\/\/www.facebook.com\/carrenoactualidad\" \/>\n\t\t<meta name=\"twitter:card\" content=\"summary_large_image\" \/>\n\t\t<meta name=\"twitter:site\" content=\"@NabercoDigital\" \/>\n\t\t<meta name=\"twitter:title\" content=\"D\u00eda internacional de los Museos en Cand\u00e1s: Actividades y fechas | Cand\u00e1s 365\" \/>\n\t\t<meta name=\"twitter:description\" content=\"Cand\u00e1s se suma al D\u00eda Internacional de los Museos bajo el lema &quot;Museos, sostenibilidad y bienestar&quot;, el Museo Ant\u00f3n participar\u00e1 en dicha conmemoraci\u00f3n\" \/>\n\t\t<meta name=\"twitter:creator\" content=\"@nbasturias\" \/>\n\t\t<meta name=\"twitter:image\" content=\"https:\/\/candas365.es\/noticias\/wp-content\/uploads\/2023\/05\/Dia-internacional-de-los-Museos-en-Candas.jpg\" \/>\n\t\t<meta name=\"twitter:label1\" content=\"Escrito por\" \/>\n\t\t<meta name=\"twitter:data1\" content=\"Cand\u00e1s 365\" \/>\n\t\t<meta name=\"twitter:label2\" content=\"Tiempo de lectura estimado\" \/>\n\t\t<meta name=\"twitter:data2\" content=\"1 minuto\" \/>\n\t\t<script type=\"application\/ld+json\" class=\"aioseo-schema\">\n\t\t\t{\"@context\":\"https:\\\/\\\/schema.org\",\"@graph\":[{\"@type\":\"BreadcrumbList\",\"@id\":\"https:\\\/\\\/candas365.es\\\/noticias\\\/dia-internacional-de-los-museos-en-candas-actividades-y-fechas\\\/#breadcrumblist\",\"itemListElement\":[{\"@type\":\"ListItem\",\"@id\":\"https:\\\/\\\/candas365.es\\\/noticias#listItem\",\"position\":1,\"name\":\"Home\",\"item\":\"https:\\\/\\\/candas365.es\\\/noticias\",\"nextItem\":{\"@type\":\"ListItem\",\"@id\":\"https:\\\/\\\/candas365.es\\\/noticias\\\/category\\\/noticias-carreno\\\/#listItem\",\"name\":\"Noticias Carre\\u00f1o\"}},{\"@type\":\"ListItem\",\"@id\":\"https:\\\/\\\/candas365.es\\\/noticias\\\/category\\\/noticias-carreno\\\/#listItem\",\"position\":2,\"name\":\"Noticias Carre\\u00f1o\",\"item\":\"https:\\\/\\\/candas365.es\\\/noticias\\\/category\\\/noticias-carreno\\\/\",\"nextItem\":{\"@type\":\"ListItem\",\"@id\":\"https:\\\/\\\/candas365.es\\\/noticias\\\/dia-internacional-de-los-museos-en-candas-actividades-y-fechas\\\/#listItem\",\"name\":\"D\\u00eda internacional de los Museos en Cand\\u00e1s: Actividades y fechas\"},\"previousItem\":{\"@type\":\"ListItem\",\"@id\":\"https:\\\/\\\/candas365.es\\\/noticias#listItem\",\"name\":\"Home\"}},{\"@type\":\"ListItem\",\"@id\":\"https:\\\/\\\/candas365.es\\\/noticias\\\/dia-internacional-de-los-museos-en-candas-actividades-y-fechas\\\/#listItem\",\"position\":3,\"name\":\"D\\u00eda internacional de los Museos en Cand\\u00e1s: Actividades y fechas\",\"previousItem\":{\"@type\":\"ListItem\",\"@id\":\"https:\\\/\\\/candas365.es\\\/noticias\\\/category\\\/noticias-carreno\\\/#listItem\",\"name\":\"Noticias Carre\\u00f1o\"}}]},{\"@type\":\"NewsArticle\",\"@id\":\"https:\\\/\\\/candas365.es\\\/noticias\\\/dia-internacional-de-los-museos-en-candas-actividades-y-fechas\\\/#newsarticle\",\"name\":\"D\\u00eda internacional de los Museos en Cand\\u00e1s: Actividades y fechas | Cand\\u00e1s 365\",\"headline\":\"D\\u00eda internacional de los Museos en Cand\\u00e1s: Actividades y fechas\",\"author\":{\"@id\":\"https:\\\/\\\/candas365.es\\\/noticias\\\/author\\\/admin\\\/#author\"},\"publisher\":{\"@id\":\"https:\\\/\\\/candas365.es\\\/noticias\\\/#organization\"},\"image\":{\"@type\":\"ImageObject\",\"url\":\"https:\\\/\\\/candas365.es\\\/noticias\\\/wp-content\\\/uploads\\\/2023\\\/05\\\/Dia-internacional-de-los-Museos-en-Candas.jpg\",\"width\":898,\"height\":675,\"caption\":\"Foto: Cand\\u00e1s 365 \\\/ N.Berm\\u00fadez\"},\"datePublished\":\"2023-05-16T20:13:50+02:00\",\"dateModified\":\"2023-05-16T20:13:50+02:00\",\"inLanguage\":\"es-ES\",\"mainEntityOfPage\":{\"@id\":\"https:\\\/\\\/candas365.es\\\/noticias\\\/dia-internacional-de-los-museos-en-candas-actividades-y-fechas\\\/#webpage\"},\"isPartOf\":{\"@id\":\"https:\\\/\\\/candas365.es\\\/noticias\\\/dia-internacional-de-los-museos-en-candas-actividades-y-fechas\\\/#webpage\"},\"articleSection\":\"Noticias Carre\\u00f1o, Cand\\u00e1s, cultura\",\"dateline\":\"Publicado el mayo 16, 2023.\"},{\"@type\":\"Organization\",\"@id\":\"https:\\\/\\\/candas365.es\\\/noticias\\\/#organization\",\"name\":\"Cand\\u00e1s 365\",\"description\":\"Cand\\u00e1s 365 es un diario digital independiente, fundado en 2012, con base en Asturias. Informamos con rigor sobre actualidad, sociedad, cultura y ocio, con una mirada local y global.\",\"url\":\"https:\\\/\\\/candas365.es\\\/noticias\\\/\",\"email\":\"info@candas365.es\",\"telephone\":\"+34652131393\",\"foundingDate\":\"2012-06-10\",\"logo\":{\"@type\":\"ImageObject\",\"url\":\"https:\\\/\\\/candas365.es\\\/noticias\\\/wp-content\\\/uploads\\\/2024\\\/09\\\/Candas-365-Redes.jpg\",\"@id\":\"https:\\\/\\\/candas365.es\\\/noticias\\\/dia-internacional-de-los-museos-en-candas-actividades-y-fechas\\\/#organizationLogo\",\"width\":1152,\"height\":864,\"caption\":\"Cand\\u00e1s 365 Redes\"},\"image\":{\"@id\":\"https:\\\/\\\/candas365.es\\\/noticias\\\/dia-internacional-de-los-museos-en-candas-actividades-y-fechas\\\/#organizationLogo\"},\"sameAs\":[\"https:\\\/\\\/www.facebook.com\\\/Nachofdezber\",\"https:\\\/\\\/x.com\\\/NabercoDigital\",\"https:\\\/\\\/www.instagram.com\\\/nachofdezber\\\/\",\"https:\\\/\\\/www.youtube.com\\\/channel\\\/UCZP-2wLEB9Rv6erhFmqVnvg\"],\"address\":{\"@id\":\"https:\\\/\\\/candas365.es\\\/noticias\\\/#postaladdress\",\"@type\":\"PostalAddress\",\"streetAddress\":\"san antonio 4, san antonio 4\",\"postalCode\":\"33430\",\"addressLocality\":\"Cand\\u00e1s\",\"addressRegion\":\"Asturias\",\"addressCountry\":\"ES\"}},{\"@type\":\"Person\",\"@id\":\"https:\\\/\\\/candas365.es\\\/noticias\\\/author\\\/admin\\\/#author\",\"url\":\"https:\\\/\\\/candas365.es\\\/noticias\\\/author\\\/admin\\\/\",\"name\":\"Cand\\u00e1s 365\",\"image\":{\"@type\":\"ImageObject\",\"@id\":\"https:\\\/\\\/candas365.es\\\/noticias\\\/dia-internacional-de-los-museos-en-candas-actividades-y-fechas\\\/#authorImage\",\"url\":\"https:\\\/\\\/secure.gravatar.com\\\/avatar\\\/496a8e03d0c493ede1718b7934145dbdf8d89be1036b0eec9544e1094c9de390?s=96&d=mm&r=g\",\"width\":96,\"height\":96,\"caption\":\"Cand\\u00e1s 365\"},\"sameAs\":[\"https:\\\/\\\/www.facebook.com\\\/carrenoactualidad\",\"https:\\\/\\\/twitter.com\\\/nbasturias\",\"https:\\\/\\\/www.instagram.com\\\/nachofdezber\\\/\",\"https:\\\/\\\/www.youtube.com\\\/channel\\\/UCZP-2wLEB9Rv6erhFmqVnvg\"]},{\"@type\":\"WebPage\",\"@id\":\"https:\\\/\\\/candas365.es\\\/noticias\\\/dia-internacional-de-los-museos-en-candas-actividades-y-fechas\\\/#webpage\",\"url\":\"https:\\\/\\\/candas365.es\\\/noticias\\\/dia-internacional-de-los-museos-en-candas-actividades-y-fechas\\\/\",\"name\":\"D\\u00eda internacional de los Museos en Cand\\u00e1s: Actividades y fechas | Cand\\u00e1s 365\",\"description\":\"Cand\\u00e1s se suma al D\\u00eda Internacional de los Museos bajo el lema \\\"Museos, sostenibilidad y bienestar\\\", el Museo Ant\\u00f3n participar\\u00e1 en dicha conmemoraci\\u00f3n\",\"inLanguage\":\"es-ES\",\"isPartOf\":{\"@id\":\"https:\\\/\\\/candas365.es\\\/noticias\\\/#website\"},\"breadcrumb\":{\"@id\":\"https:\\\/\\\/candas365.es\\\/noticias\\\/dia-internacional-de-los-museos-en-candas-actividades-y-fechas\\\/#breadcrumblist\"},\"author\":{\"@id\":\"https:\\\/\\\/candas365.es\\\/noticias\\\/author\\\/admin\\\/#author\"},\"creator\":{\"@id\":\"https:\\\/\\\/candas365.es\\\/noticias\\\/author\\\/admin\\\/#author\"},\"image\":{\"@type\":\"ImageObject\",\"url\":\"https:\\\/\\\/candas365.es\\\/noticias\\\/wp-content\\\/uploads\\\/2023\\\/05\\\/Dia-internacional-de-los-Museos-en-Candas.jpg\",\"@id\":\"https:\\\/\\\/candas365.es\\\/noticias\\\/dia-internacional-de-los-museos-en-candas-actividades-y-fechas\\\/#mainImage\",\"width\":898,\"height\":675,\"caption\":\"Foto: Cand\\u00e1s 365 \\\/ N.Berm\\u00fadez\"},\"primaryImageOfPage\":{\"@id\":\"https:\\\/\\\/candas365.es\\\/noticias\\\/dia-internacional-de-los-museos-en-candas-actividades-y-fechas\\\/#mainImage\"},\"datePublished\":\"2023-05-16T20:13:50+02:00\",\"dateModified\":\"2023-05-16T20:13:50+02:00\"},{\"@type\":\"WebSite\",\"@id\":\"https:\\\/\\\/candas365.es\\\/noticias\\\/#website\",\"url\":\"https:\\\/\\\/candas365.es\\\/noticias\\\/\",\"name\":\"Cand\\u00e1s 365\",\"alternateName\":\"Cand\\u00e1s 365 Noticias\",\"description\":\"Actualidad desde Carre\\u00f1o para el mundo\",\"inLanguage\":\"es-ES\",\"publisher\":{\"@id\":\"https:\\\/\\\/candas365.es\\\/noticias\\\/#organization\"}}]}\n\t\t<\/script>\n\t\t<!-- All in One SEO Pro -->\r\n\t\t<title>D\u00eda internacional de los Museos en Cand\u00e1s: Actividades y fechas | Cand\u00e1s 365<\/title>\n\n","aioseo_head_json":{"title":"D\u00eda internacional de los Museos en Cand\u00e1s: Actividades y fechas | Cand\u00e1s 365","description":"Cand\u00e1s se suma al D\u00eda Internacional de los Museos bajo el lema \"Museos, sostenibilidad y bienestar\", el Museo Ant\u00f3n participar\u00e1 en dicha conmemoraci\u00f3n","canonical_url":"https:\/\/candas365.es\/noticias\/dia-internacional-de-los-museos-en-candas-actividades-y-fechas\/","robots":"max-image-preview:large","keywords":"noticias carre\u00f1o","webmasterTools":{"google-site-verification":"UA-32230408-1","msvalidate.01":"354F3CDFB2DA171B47FBE9ABF1F88D5","miscellaneous":""},"schema":{"@context":"https:\/\/schema.org","@graph":[{"@type":"BreadcrumbList","@id":"https:\/\/candas365.es\/noticias\/dia-internacional-de-los-museos-en-candas-actividades-y-fechas\/#breadcrumblist","itemListElement":[{"@type":"ListItem","@id":"https:\/\/candas365.es\/noticias#listItem","position":1,"name":"Home","item":"https:\/\/candas365.es\/noticias","nextItem":{"@type":"ListItem","@id":"https:\/\/candas365.es\/noticias\/category\/noticias-carreno\/#listItem","name":"Noticias Carre\u00f1o"}},{"@type":"ListItem","@id":"https:\/\/candas365.es\/noticias\/category\/noticias-carreno\/#listItem","position":2,"name":"Noticias Carre\u00f1o","item":"https:\/\/candas365.es\/noticias\/category\/noticias-carreno\/","nextItem":{"@type":"ListItem","@id":"https:\/\/candas365.es\/noticias\/dia-internacional-de-los-museos-en-candas-actividades-y-fechas\/#listItem","name":"D\u00eda internacional de los Museos en Cand\u00e1s: Actividades y fechas"},"previousItem":{"@type":"ListItem","@id":"https:\/\/candas365.es\/noticias#listItem","name":"Home"}},{"@type":"ListItem","@id":"https:\/\/candas365.es\/noticias\/dia-internacional-de-los-museos-en-candas-actividades-y-fechas\/#listItem","position":3,"name":"D\u00eda internacional de los Museos en Cand\u00e1s: Actividades y fechas","previousItem":{"@type":"ListItem","@id":"https:\/\/candas365.es\/noticias\/category\/noticias-carreno\/#listItem","name":"Noticias Carre\u00f1o"}}]},{"@type":"NewsArticle","@id":"https:\/\/candas365.es\/noticias\/dia-internacional-de-los-museos-en-candas-actividades-y-fechas\/#newsarticle","name":"D\u00eda internacional de los Museos en Cand\u00e1s: Actividades y fechas | Cand\u00e1s 365","headline":"D\u00eda internacional de los Museos en Cand\u00e1s: Actividades y fechas","author":{"@id":"https:\/\/candas365.es\/noticias\/author\/admin\/#author"},"publisher":{"@id":"https:\/\/candas365.es\/noticias\/#organization"},"image":{"@type":"ImageObject","url":"https:\/\/candas365.es\/noticias\/wp-content\/uploads\/2023\/05\/Dia-internacional-de-los-Museos-en-Candas.jpg","width":898,"height":675,"caption":"Foto: Cand\u00e1s 365 \/ N.Berm\u00fadez"},"datePublished":"2023-05-16T20:13:50+02:00","dateModified":"2023-05-16T20:13:50+02:00","inLanguage":"es-ES","mainEntityOfPage":{"@id":"https:\/\/candas365.es\/noticias\/dia-internacional-de-los-museos-en-candas-actividades-y-fechas\/#webpage"},"isPartOf":{"@id":"https:\/\/candas365.es\/noticias\/dia-internacional-de-los-museos-en-candas-actividades-y-fechas\/#webpage"},"articleSection":"Noticias Carre\u00f1o, Cand\u00e1s, cultura","dateline":"Publicado el mayo 16, 2023."},{"@type":"Organization","@id":"https:\/\/candas365.es\/noticias\/#organization","name":"Cand\u00e1s 365","description":"Cand\u00e1s 365 es un diario digital independiente, fundado en 2012, con base en Asturias. Informamos con rigor sobre actualidad, sociedad, cultura y ocio, con una mirada local y global.","url":"https:\/\/candas365.es\/noticias\/","email":"info@candas365.es","telephone":"+34652131393","foundingDate":"2012-06-10","logo":{"@type":"ImageObject","url":"https:\/\/candas365.es\/noticias\/wp-content\/uploads\/2024\/09\/Candas-365-Redes.jpg","@id":"https:\/\/candas365.es\/noticias\/dia-internacional-de-los-museos-en-candas-actividades-y-fechas\/#organizationLogo","width":1152,"height":864,"caption":"Cand\u00e1s 365 Redes"},"image":{"@id":"https:\/\/candas365.es\/noticias\/dia-internacional-de-los-museos-en-candas-actividades-y-fechas\/#organizationLogo"},"sameAs":["https:\/\/www.facebook.com\/Nachofdezber","https:\/\/x.com\/NabercoDigital","https:\/\/www.instagram.com\/nachofdezber\/","https:\/\/www.youtube.com\/channel\/UCZP-2wLEB9Rv6erhFmqVnvg"],"address":{"@id":"https:\/\/candas365.es\/noticias\/#postaladdress","@type":"PostalAddress","streetAddress":"san antonio 4, san antonio 4","postalCode":"33430","addressLocality":"Cand\u00e1s","addressRegion":"Asturias","addressCountry":"ES"}},{"@type":"Person","@id":"https:\/\/candas365.es\/noticias\/author\/admin\/#author","url":"https:\/\/candas365.es\/noticias\/author\/admin\/","name":"Cand\u00e1s 365","image":{"@type":"ImageObject","@id":"https:\/\/candas365.es\/noticias\/dia-internacional-de-los-museos-en-candas-actividades-y-fechas\/#authorImage","url":"https:\/\/secure.gravatar.com\/avatar\/496a8e03d0c493ede1718b7934145dbdf8d89be1036b0eec9544e1094c9de390?s=96&d=mm&r=g","width":96,"height":96,"caption":"Cand\u00e1s 365"},"sameAs":["https:\/\/www.facebook.com\/carrenoactualidad","https:\/\/twitter.com\/nbasturias","https:\/\/www.instagram.com\/nachofdezber\/","https:\/\/www.youtube.com\/channel\/UCZP-2wLEB9Rv6erhFmqVnvg"]},{"@type":"WebPage","@id":"https:\/\/candas365.es\/noticias\/dia-internacional-de-los-museos-en-candas-actividades-y-fechas\/#webpage","url":"https:\/\/candas365.es\/noticias\/dia-internacional-de-los-museos-en-candas-actividades-y-fechas\/","name":"D\u00eda internacional de los Museos en Cand\u00e1s: Actividades y fechas | Cand\u00e1s 365","description":"Cand\u00e1s se suma al D\u00eda Internacional de los Museos bajo el lema \"Museos, sostenibilidad y bienestar\", el Museo Ant\u00f3n participar\u00e1 en dicha conmemoraci\u00f3n","inLanguage":"es-ES","isPartOf":{"@id":"https:\/\/candas365.es\/noticias\/#website"},"breadcrumb":{"@id":"https:\/\/candas365.es\/noticias\/dia-internacional-de-los-museos-en-candas-actividades-y-fechas\/#breadcrumblist"},"author":{"@id":"https:\/\/candas365.es\/noticias\/author\/admin\/#author"},"creator":{"@id":"https:\/\/candas365.es\/noticias\/author\/admin\/#author"},"image":{"@type":"ImageObject","url":"https:\/\/candas365.es\/noticias\/wp-content\/uploads\/2023\/05\/Dia-internacional-de-los-Museos-en-Candas.jpg","@id":"https:\/\/candas365.es\/noticias\/dia-internacional-de-los-museos-en-candas-actividades-y-fechas\/#mainImage","width":898,"height":675,"caption":"Foto: Cand\u00e1s 365 \/ N.Berm\u00fadez"},"primaryImageOfPage":{"@id":"https:\/\/candas365.es\/noticias\/dia-internacional-de-los-museos-en-candas-actividades-y-fechas\/#mainImage"},"datePublished":"2023-05-16T20:13:50+02:00","dateModified":"2023-05-16T20:13:50+02:00"},{"@type":"WebSite","@id":"https:\/\/candas365.es\/noticias\/#website","url":"https:\/\/candas365.es\/noticias\/","name":"Cand\u00e1s 365","alternateName":"Cand\u00e1s 365 Noticias","description":"Actualidad desde Carre\u00f1o para el mundo","inLanguage":"es-ES","publisher":{"@id":"https:\/\/candas365.es\/noticias\/#organization"}}]},"og:locale":"es_ES","og:site_name":"Cand\u00e1s 365","og:type":"article","og:title":"D\u00eda internacional de los Museos en Cand\u00e1s: Actividades y fechas | Cand\u00e1s 365","og:description":"Cand\u00e1s se suma al D\u00eda Internacional de los Museos bajo el lema &quot;Museos, sostenibilidad y bienestar&quot;, el Museo Ant\u00f3n participar\u00e1 en dicha conmemoraci\u00f3n","og:url":"https:\/\/candas365.es\/noticias\/dia-internacional-de-los-museos-en-candas-actividades-y-fechas\/","og:image":"https:\/\/candas365.es\/noticias\/wp-content\/uploads\/2023\/05\/Dia-internacional-de-los-Museos-en-Candas.jpg","og:image:secure_url":"https:\/\/candas365.es\/noticias\/wp-content\/uploads\/2023\/05\/Dia-internacional-de-los-Museos-en-Candas.jpg","og:image:width":898,"og:image:height":675,"article:published_time":"2023-05-16T18:13:50+00:00","article:modified_time":"2023-05-16T18:13:50+00:00","article:publisher":"https:\/\/www.facebook.com\/Nachofdezber","article:author":"https:\/\/www.facebook.com\/carrenoactualidad","twitter:card":"summary_large_image","twitter:site":"@NabercoDigital","twitter:title":"D\u00eda internacional de los Museos en Cand\u00e1s: Actividades y fechas | Cand\u00e1s 365","twitter:description":"Cand\u00e1s se suma al D\u00eda Internacional de los Museos bajo el lema &quot;Museos, sostenibilidad y bienestar&quot;, el Museo Ant\u00f3n participar\u00e1 en dicha conmemoraci\u00f3n","twitter:creator":"@nbasturias","twitter:image":"https:\/\/candas365.es\/noticias\/wp-content\/uploads\/2023\/05\/Dia-internacional-de-los-Museos-en-Candas.jpg","twitter:label1":"Escrito por","twitter:data1":"Cand\u00e1s 365","twitter:label2":"Tiempo de lectura estimado","twitter:data2":"1 minuto"},"aioseo_meta_data":{"post_id":"173740","title":null,"description":"Cand\u00e1s se suma al D\u00eda Internacional de los Museos bajo el lema \"Museos, sostenibilidad y bienestar\", el Museo Ant\u00f3n participar\u00e1 en dicha conmemoraci\u00f3n","keywords":[],"keyphrases":{"focus":{"keyphrase":"Cand\u00e1s","score":90,"analysis":{"keyphraseInTitle":{"score":9,"maxScore":9,"error":0},"keyphraseInDescription":{"score":9,"maxScore":9,"error":0},"keyphraseLength":{"score":9,"maxScore":9,"error":0,"length":1},"keyphraseInURL":{"score":5,"maxScore":5,"error":0},"keyphraseInIntroduction":{"score":9,"maxScore":9,"error":0},"keyphraseInSubHeadings":{"score":3,"maxScore":9,"error":1},"keyphraseInImageAlt":{"score":9,"maxScore":9,"error":0}}},"additional":[{"keyphrase":"Cand\u00e1s","score":100,"analysis":{"keyphraseInDescription":{"score":9,"maxScore":9,"error":0},"keyphraseLength":{"score":9,"maxScore":9,"error":0,"length":1},"keyphraseInIntroduction":{"score":9,"maxScore":9,"error":0},"keyphraseInImageAlt":{"score":9,"maxScore":9,"error":0}}},{"keyphrase":" D\u00eda Internacional ","score":100,"analysis":{"keyphraseInDescription":{"score":9,"maxScore":9,"error":0},"keyphraseLength":{"score":9,"maxScore":9,"error":0,"length":2},"keyphraseInIntroduction":{"score":9,"maxScore":9,"error":0},"keyphraseInImageAlt":{"score":9,"maxScore":9,"error":0}}},{"keyphrase":"Museos ","score":100,"analysis":{"keyphraseInDescription":{"score":9,"maxScore":9,"error":0},"keyphraseLength":{"score":9,"maxScore":9,"error":0,"length":1},"keyphraseInIntroduction":{"score":9,"maxScore":9,"error":0},"keyphraseInImageAlt":{"score":9,"maxScore":9,"error":0}}}]},"primary_term":null,"canonical_url":null,"og_title":null,"og_description":null,"og_object_type":"default","og_image_type":"default","og_image_url":null,"og_image_width":null,"og_image_height":null,"og_image_custom_url":null,"og_image_custom_fields":null,"og_video":"","og_custom_url":null,"og_article_section":null,"og_article_tags":[],"twitter_use_og":false,"twitter_card":"default","twitter_image_type":"default","twitter_image_url":null,"twitter_image_custom_url":null,"twitter_image_custom_fields":null,"twitter_title":null,"twitter_description":null,"schema":{"blockGraphs":[],"customGraphs":[],"default":{"data":{"Article":[],"Course":[],"Dataset":[],"FAQPage":[],"Movie":[],"Person":[],"Product":[],"ProductReview":[],"Car":[],"Recipe":[],"Service":[],"SoftwareApplication":[],"WebPage":[]},"graphName":"","isEnabled":true},"graphs":[]},"schema_type":"default","schema_type_options":null,"pillar_content":false,"robots_default":true,"robots_noindex":false,"robots_noarchive":false,"robots_nosnippet":false,"robots_nofollow":false,"robots_noimageindex":false,"robots_noodp":false,"robots_notranslate":false,"robots_max_snippet":"-1","robots_max_videopreview":"-1","robots_max_imagepreview":"large","priority":null,"frequency":"default","location":null,"local_seo":null,"seo_analyzer_scan_date":"2025-09-01 20:43:41","breadcrumb_settings":null,"limit_modified_date":false,"reviewed_by":null,"open_ai":"{\"title\":{\"suggestions\":[],\"usage\":0},\"description\":{\"suggestions\":[],\"usage\":0}}","ai":null,"created":"2023-05-16 17:48:26","updated":"2025-09-01 20:43:41"},"aioseo_breadcrumb":"<div class=\"aioseo-breadcrumbs\"><span class=\"aioseo-breadcrumb\">\n\t<a href=\"https:\/\/candas365.es\/noticias\" title=\"Home\">Home<\/a>\n<\/span><span class=\"aioseo-breadcrumb-separator\">&ndash;<\/span><span class=\"aioseo-breadcrumb\">\n\t<a href=\"https:\/\/candas365.es\/noticias\/category\/noticias-carreno\/\" title=\"Noticias Carre\u00f1o\">Noticias Carre\u00f1o<\/a>\n<\/span><span class=\"aioseo-breadcrumb-separator\">&ndash;<\/span><span class=\"aioseo-breadcrumb\">\n\tD\u00eda internacional de los Museos en Cand\u00e1s: Actividades y fechas\n<\/span><\/div>","aioseo_breadcrumb_json":[{"label":"Home","link":"https:\/\/candas365.es\/noticias"},{"label":"Noticias Carre\u00f1o","link":"https:\/\/candas365.es\/noticias\/category\/noticias-carreno\/"},{"label":"D\u00eda internacional de los Museos en Cand\u00e1s: Actividades y fechas","link":"https:\/\/candas365.es\/noticias\/dia-internacional-de-los-museos-en-candas-actividades-y-fechas\/"}],"_links":{"self":[{"href":"https:\/\/candas365.es\/noticias\/wp-json\/wp\/v2\/posts\/173740","targetHints":{"allow":["GET"]}}],"collection":[{"href":"https:\/\/candas365.es\/noticias\/wp-json\/wp\/v2\/posts"}],"about":[{"href":"https:\/\/candas365.es\/noticias\/wp-json\/wp\/v2\/types\/post"}],"author":[{"embeddable":true,"href":"https:\/\/candas365.es\/noticias\/wp-json\/wp\/v2\/users\/1"}],"replies":[{"embeddable":true,"href":"https:\/\/candas365.es\/noticias\/wp-json\/wp\/v2\/comments?post=173740"}],"version-history":[{"count":0,"href":"https:\/\/candas365.es\/noticias\/wp-json\/wp\/v2\/posts\/173740\/revisions"}],"wp:featuredmedia":[{"embeddable":true,"href":"https:\/\/candas365.es\/noticias\/wp-json\/wp\/v2\/media\/173741"}],"wp:attachment":[{"href":"https:\/\/candas365.es\/noticias\/wp-json\/wp\/v2\/media?parent=173740"}],"wp:term":[{"taxonomy":"category","embeddable":true,"href":"https:\/\/candas365.es\/noticias\/wp-json\/wp\/v2\/categories?post=173740"},{"taxonomy":"post_tag","embeddable":true,"href":"https:\/\/candas365.es\/noticias\/wp-json\/wp\/v2\/tags?post=173740"}],"curies":[{"name":"wp","href":"https:\/\/api.w.org\/{rel}","templated":true}]}}