{"id":173498,"date":"2023-05-06T14:41:45","date_gmt":"2023-05-06T12:41:45","guid":{"rendered":"https:\/\/candas365.es\/noticias\/?p=173498"},"modified":"2023-05-06T14:41:45","modified_gmt":"2023-05-06T12:41:45","slug":"periodontitis-sus-efectos-en-la-salud","status":"publish","type":"post","link":"https:\/\/candas365.es\/noticias\/periodontitis-sus-efectos-en-la-salud\/","title":{"rendered":"Periodontitis: Sus efectos en la salud"},"content":{"rendered":"<p>(dpa) &#8211; Sangrado de enc\u00edas, mal aliento, dientes flojos: quien sienta esto en su boca, posiblemente est\u00e9 afectado por una <strong>periodontitis<\/strong>, es decir, una infecci\u00f3n cr\u00f3nica del periodonto, el tejido que da soporte a los dientes, generada por bacterias.<\/p>\n<figure id=\"attachment_173499\" aria-describedby=\"caption-attachment-173499\" style=\"width: 650px\" class=\"wp-caption aligncenter\"><img fetchpriority=\"high\" decoding=\"async\" class=\"wp-image-173499 size-large\" src=\"https:\/\/candas365.es\/noticias\/wp-content\/uploads\/2023\/05\/periodontitis-salud-650x431.jpg\" alt=\"periodontitis salud\" width=\"650\" height=\"431\" srcset=\"https:\/\/candas365.es\/noticias\/wp-content\/uploads\/2023\/05\/periodontitis-salud-650x431.jpg 650w, https:\/\/candas365.es\/noticias\/wp-content\/uploads\/2023\/05\/periodontitis-salud-360x238.jpg 360w, https:\/\/candas365.es\/noticias\/wp-content\/uploads\/2023\/05\/periodontitis-salud-768x509.jpg 768w, https:\/\/candas365.es\/noticias\/wp-content\/uploads\/2023\/05\/periodontitis-salud-150x99.jpg 150w, https:\/\/candas365.es\/noticias\/wp-content\/uploads\/2023\/05\/periodontitis-salud-450x298.jpg 450w, https:\/\/candas365.es\/noticias\/wp-content\/uploads\/2023\/05\/periodontitis-salud.jpg 1001w\" sizes=\"(max-width: 650px) 100vw, 650px\" \/><figcaption id=\"caption-attachment-173499\" class=\"wp-caption-text\">La aceleraci\u00f3n del ritmo card\u00edaco es un s\u00edntoma que puede derivar de una endocarditis. El origen puede estar en una periodontitis no tratada. Foto: Christin Klose\/dpa<\/figcaption><\/figure>\n<p>Si no se trata, puede aumentar el riesgo de <a href=\"https:\/\/candas365.es\/noticias\/category\/salud\/\"><span style=\"color: #ff6600;\"><strong>enfermedades card\u00edacas<\/strong><\/span><\/a>, aseguran los expertos.<\/p>\n<p>Y esto se produce de la siguiente manera: las bacterias infecciosas ingresan al torrente sangu\u00edneo y alcanzan as\u00ed diferentes partes del cuerpo. <strong>Por ejemplo, el endocardio, la membrana que recubre el interior de las cavidades del coraz\u00f3n. Tambi\u00e9n ah\u00ed puede producirse una infecci\u00f3n, llamada endocarditis.<\/strong><\/p>\n<p>Pero las bacterias tambi\u00e9n pueden tener efecto en las arterias: los vasos sangu\u00edneos pierden elasticidad y sus paredes se vuelven m\u00e1s gruesas. <strong>As\u00ed aumenta el riesgo de padecer un infarto o un ACV.<\/strong><\/p>\n<p>La buena noticia es que no tiene por qu\u00e9 llegarse a esta situaci\u00f3n. Y es que la periodontitis se puede tratar. En muchos casos, basta con que el odont\u00f3logo limpie cuidadosamente las partes afectadas. <strong>Si la periodontitis est\u00e1 muy avanzada, puede ser necesaria una intervenci\u00f3n en la que se retire el tejido infectado.<\/strong><\/p>\n","protected":false},"excerpt":{"rendered":"<p>(dpa) &#8211; Sangrado de enc\u00edas, mal aliento, dientes flojos: quien sienta esto en su boca, posiblemente est\u00e9 afectado por una periodontitis, es decir, una infecci\u00f3n cr\u00f3nica del periodonto, el tejido que da soporte a los dientes, generada por bacterias. Si no se trata, puede aumentar el riesgo de enfermedades card\u00edacas, aseguran los expertos. Y esto<\/p>\n","protected":false},"author":1,"featured_media":173499,"comment_status":"closed","ping_status":"closed","sticky":false,"template":"","format":"standard","meta":{"footnotes":""},"categories":[372],"tags":[378],"class_list":{"0":"post-173498","1":"post","2":"type-post","3":"status-publish","4":"format-standard","5":"has-post-thumbnail","7":"category-salud","8":"tag-salud"},"aioseo_notices":[],"aioseo_head":"\n\t\t<!-- All in One SEO Pro 4.9.6.2 - aioseo.com -->\n\t<meta name=\"description\" content=\"(dpa) - Sangrado de enc\u00edas, mal aliento, dientes flojos: quien sienta esto en su boca, posiblemente est\u00e9 afectado por una periodontitis, es decir, una infecci\u00f3n\" \/>\n\t<meta name=\"robots\" content=\"max-image-preview:large\" \/>\n\t<meta name=\"author\" content=\"Cand\u00e1s 365\"\/>\n\t<meta name=\"google-site-verification\" content=\"UA-32230408-1\" \/>\n\t<meta name=\"msvalidate.01\" content=\"354F3CDFB2DA171B47FBE9ABF1F88D5\" \/>\n\t<meta name=\"keywords\" content=\"salud\" \/>\n\t<link rel=\"canonical\" href=\"https:\/\/candas365.es\/noticias\/periodontitis-sus-efectos-en-la-salud\/\" \/>\n\t<meta name=\"generator\" content=\"All in One SEO Pro (AIOSEO) 4.9.6.2\" \/>\n\t\t<meta property=\"og:locale\" content=\"es_ES\" \/>\n\t\t<meta property=\"og:site_name\" content=\"Cand\u00e1s 365\" \/>\n\t\t<meta property=\"og:type\" content=\"article\" \/>\n\t\t<meta property=\"og:title\" content=\"Periodontitis: Sus efectos en la salud | Cand\u00e1s 365\" \/>\n\t\t<meta property=\"og:description\" content=\"(dpa) - Sangrado de enc\u00edas, mal aliento, dientes flojos: quien sienta esto en su boca, posiblemente est\u00e9 afectado por una periodontitis, es decir, una infecci\u00f3n\" \/>\n\t\t<meta property=\"og:url\" content=\"https:\/\/candas365.es\/noticias\/periodontitis-sus-efectos-en-la-salud\/\" \/>\n\t\t<meta property=\"og:image\" content=\"https:\/\/candas365.es\/noticias\/wp-content\/uploads\/2023\/05\/periodontitis-salud.jpg\" \/>\n\t\t<meta property=\"og:image:secure_url\" content=\"https:\/\/candas365.es\/noticias\/wp-content\/uploads\/2023\/05\/periodontitis-salud.jpg\" \/>\n\t\t<meta property=\"og:image:width\" content=\"1001\" \/>\n\t\t<meta property=\"og:image:height\" content=\"663\" \/>\n\t\t<meta property=\"article:published_time\" content=\"2023-05-06T12:41:45+00:00\" \/>\n\t\t<meta property=\"article:modified_time\" content=\"2023-05-06T12:41:45+00:00\" \/>\n\t\t<meta property=\"article:publisher\" content=\"https:\/\/www.facebook.com\/Nachofdezber\" \/>\n\t\t<meta property=\"article:author\" content=\"https:\/\/www.facebook.com\/carrenoactualidad\" \/>\n\t\t<meta name=\"twitter:card\" content=\"summary_large_image\" \/>\n\t\t<meta name=\"twitter:site\" content=\"@NabercoDigital\" \/>\n\t\t<meta name=\"twitter:title\" content=\"Periodontitis: Sus efectos en la salud | Cand\u00e1s 365\" \/>\n\t\t<meta name=\"twitter:description\" content=\"(dpa) - Sangrado de enc\u00edas, mal aliento, dientes flojos: quien sienta esto en su boca, posiblemente est\u00e9 afectado por una periodontitis, es decir, una infecci\u00f3n\" \/>\n\t\t<meta name=\"twitter:creator\" content=\"@nbasturias\" \/>\n\t\t<meta name=\"twitter:image\" content=\"https:\/\/candas365.es\/noticias\/wp-content\/uploads\/2023\/05\/periodontitis-salud.jpg\" \/>\n\t\t<meta name=\"twitter:label1\" content=\"Escrito por\" \/>\n\t\t<meta name=\"twitter:data1\" content=\"Cand\u00e1s 365\" \/>\n\t\t<meta name=\"twitter:label2\" content=\"Tiempo de lectura estimado\" \/>\n\t\t<meta name=\"twitter:data2\" content=\"1 minuto\" \/>\n\t\t<script type=\"application\/ld+json\" class=\"aioseo-schema\">\n\t\t\t{\"@context\":\"https:\\\/\\\/schema.org\",\"@graph\":[{\"@type\":\"BreadcrumbList\",\"@id\":\"https:\\\/\\\/candas365.es\\\/noticias\\\/periodontitis-sus-efectos-en-la-salud\\\/#breadcrumblist\",\"itemListElement\":[{\"@type\":\"ListItem\",\"@id\":\"https:\\\/\\\/candas365.es\\\/noticias#listItem\",\"position\":1,\"name\":\"Home\",\"item\":\"https:\\\/\\\/candas365.es\\\/noticias\",\"nextItem\":{\"@type\":\"ListItem\",\"@id\":\"https:\\\/\\\/candas365.es\\\/noticias\\\/category\\\/salud\\\/#listItem\",\"name\":\"Salud\"}},{\"@type\":\"ListItem\",\"@id\":\"https:\\\/\\\/candas365.es\\\/noticias\\\/category\\\/salud\\\/#listItem\",\"position\":2,\"name\":\"Salud\",\"item\":\"https:\\\/\\\/candas365.es\\\/noticias\\\/category\\\/salud\\\/\",\"nextItem\":{\"@type\":\"ListItem\",\"@id\":\"https:\\\/\\\/candas365.es\\\/noticias\\\/periodontitis-sus-efectos-en-la-salud\\\/#listItem\",\"name\":\"Periodontitis: Sus efectos en la salud\"},\"previousItem\":{\"@type\":\"ListItem\",\"@id\":\"https:\\\/\\\/candas365.es\\\/noticias#listItem\",\"name\":\"Home\"}},{\"@type\":\"ListItem\",\"@id\":\"https:\\\/\\\/candas365.es\\\/noticias\\\/periodontitis-sus-efectos-en-la-salud\\\/#listItem\",\"position\":3,\"name\":\"Periodontitis: Sus efectos en la salud\",\"previousItem\":{\"@type\":\"ListItem\",\"@id\":\"https:\\\/\\\/candas365.es\\\/noticias\\\/category\\\/salud\\\/#listItem\",\"name\":\"Salud\"}}]},{\"@type\":\"NewsArticle\",\"@id\":\"https:\\\/\\\/candas365.es\\\/noticias\\\/periodontitis-sus-efectos-en-la-salud\\\/#newsarticle\",\"name\":\"Periodontitis: Sus efectos en la salud | Cand\\u00e1s 365\",\"headline\":\"Periodontitis: Sus efectos en la salud\",\"author\":{\"@id\":\"https:\\\/\\\/candas365.es\\\/noticias\\\/author\\\/admin\\\/#author\"},\"publisher\":{\"@id\":\"https:\\\/\\\/candas365.es\\\/noticias\\\/#organization\"},\"image\":{\"@type\":\"ImageObject\",\"url\":\"https:\\\/\\\/candas365.es\\\/noticias\\\/wp-content\\\/uploads\\\/2023\\\/05\\\/periodontitis-salud.jpg\",\"width\":1001,\"height\":663,\"caption\":\"La aceleraci\\u00f3n del ritmo card\\u00edaco es un s\\u00edntoma que puede derivar de una endocarditis. El origen puede estar en una periodontitis no tratada. Foto: Christin Klose\\\/dpa\"},\"datePublished\":\"2023-05-06T14:41:45+02:00\",\"dateModified\":\"2023-05-06T14:41:45+02:00\",\"inLanguage\":\"es-ES\",\"mainEntityOfPage\":{\"@id\":\"https:\\\/\\\/candas365.es\\\/noticias\\\/periodontitis-sus-efectos-en-la-salud\\\/#webpage\"},\"isPartOf\":{\"@id\":\"https:\\\/\\\/candas365.es\\\/noticias\\\/periodontitis-sus-efectos-en-la-salud\\\/#webpage\"},\"articleSection\":\"Salud, Salud\",\"dateline\":\"Publicado el mayo 6, 2023.\"},{\"@type\":\"Organization\",\"@id\":\"https:\\\/\\\/candas365.es\\\/noticias\\\/#organization\",\"name\":\"Cand\\u00e1s 365\",\"description\":\"Cand\\u00e1s 365 es un diario digital independiente, fundado en 2012, con base en Asturias. Informamos con rigor sobre actualidad, sociedad, cultura y ocio, con una mirada local y global.\",\"url\":\"https:\\\/\\\/candas365.es\\\/noticias\\\/\",\"email\":\"info@candas365.es\",\"telephone\":\"+34652131393\",\"foundingDate\":\"2012-06-10\",\"logo\":{\"@type\":\"ImageObject\",\"url\":\"https:\\\/\\\/candas365.es\\\/noticias\\\/wp-content\\\/uploads\\\/2024\\\/09\\\/Candas-365-Redes.jpg\",\"@id\":\"https:\\\/\\\/candas365.es\\\/noticias\\\/periodontitis-sus-efectos-en-la-salud\\\/#organizationLogo\",\"width\":1152,\"height\":864,\"caption\":\"Cand\\u00e1s 365 Redes\"},\"image\":{\"@id\":\"https:\\\/\\\/candas365.es\\\/noticias\\\/periodontitis-sus-efectos-en-la-salud\\\/#organizationLogo\"},\"sameAs\":[\"https:\\\/\\\/www.facebook.com\\\/Nachofdezber\",\"https:\\\/\\\/x.com\\\/NabercoDigital\",\"https:\\\/\\\/www.instagram.com\\\/nachofdezber\\\/\",\"https:\\\/\\\/www.youtube.com\\\/channel\\\/UCZP-2wLEB9Rv6erhFmqVnvg\"],\"address\":{\"@id\":\"https:\\\/\\\/candas365.es\\\/noticias\\\/#postaladdress\",\"@type\":\"PostalAddress\",\"streetAddress\":\"san antonio 4, san antonio 4\",\"postalCode\":\"33430\",\"addressLocality\":\"Cand\\u00e1s\",\"addressRegion\":\"Asturias\",\"addressCountry\":\"ES\"}},{\"@type\":\"Person\",\"@id\":\"https:\\\/\\\/candas365.es\\\/noticias\\\/author\\\/admin\\\/#author\",\"url\":\"https:\\\/\\\/candas365.es\\\/noticias\\\/author\\\/admin\\\/\",\"name\":\"Cand\\u00e1s 365\",\"image\":{\"@type\":\"ImageObject\",\"@id\":\"https:\\\/\\\/candas365.es\\\/noticias\\\/periodontitis-sus-efectos-en-la-salud\\\/#authorImage\",\"url\":\"https:\\\/\\\/secure.gravatar.com\\\/avatar\\\/496a8e03d0c493ede1718b7934145dbdf8d89be1036b0eec9544e1094c9de390?s=96&d=mm&r=g\",\"width\":96,\"height\":96,\"caption\":\"Cand\\u00e1s 365\"},\"sameAs\":[\"https:\\\/\\\/www.facebook.com\\\/carrenoactualidad\",\"https:\\\/\\\/twitter.com\\\/nbasturias\",\"https:\\\/\\\/www.instagram.com\\\/nachofdezber\\\/\",\"https:\\\/\\\/www.youtube.com\\\/channel\\\/UCZP-2wLEB9Rv6erhFmqVnvg\"]},{\"@type\":\"WebPage\",\"@id\":\"https:\\\/\\\/candas365.es\\\/noticias\\\/periodontitis-sus-efectos-en-la-salud\\\/#webpage\",\"url\":\"https:\\\/\\\/candas365.es\\\/noticias\\\/periodontitis-sus-efectos-en-la-salud\\\/\",\"name\":\"Periodontitis: Sus efectos en la salud | Cand\\u00e1s 365\",\"description\":\"(dpa) - Sangrado de enc\\u00edas, mal aliento, dientes flojos: quien sienta esto en su boca, posiblemente est\\u00e9 afectado por una periodontitis, es decir, una infecci\\u00f3n\",\"inLanguage\":\"es-ES\",\"isPartOf\":{\"@id\":\"https:\\\/\\\/candas365.es\\\/noticias\\\/#website\"},\"breadcrumb\":{\"@id\":\"https:\\\/\\\/candas365.es\\\/noticias\\\/periodontitis-sus-efectos-en-la-salud\\\/#breadcrumblist\"},\"author\":{\"@id\":\"https:\\\/\\\/candas365.es\\\/noticias\\\/author\\\/admin\\\/#author\"},\"creator\":{\"@id\":\"https:\\\/\\\/candas365.es\\\/noticias\\\/author\\\/admin\\\/#author\"},\"image\":{\"@type\":\"ImageObject\",\"url\":\"https:\\\/\\\/candas365.es\\\/noticias\\\/wp-content\\\/uploads\\\/2023\\\/05\\\/periodontitis-salud.jpg\",\"@id\":\"https:\\\/\\\/candas365.es\\\/noticias\\\/periodontitis-sus-efectos-en-la-salud\\\/#mainImage\",\"width\":1001,\"height\":663,\"caption\":\"La aceleraci\\u00f3n del ritmo card\\u00edaco es un s\\u00edntoma que puede derivar de una endocarditis. El origen puede estar en una periodontitis no tratada. Foto: Christin Klose\\\/dpa\"},\"primaryImageOfPage\":{\"@id\":\"https:\\\/\\\/candas365.es\\\/noticias\\\/periodontitis-sus-efectos-en-la-salud\\\/#mainImage\"},\"datePublished\":\"2023-05-06T14:41:45+02:00\",\"dateModified\":\"2023-05-06T14:41:45+02:00\"},{\"@type\":\"WebSite\",\"@id\":\"https:\\\/\\\/candas365.es\\\/noticias\\\/#website\",\"url\":\"https:\\\/\\\/candas365.es\\\/noticias\\\/\",\"name\":\"Cand\\u00e1s 365\",\"alternateName\":\"Cand\\u00e1s 365 Noticias\",\"description\":\"Actualidad desde Carre\\u00f1o para el mundo\",\"inLanguage\":\"es-ES\",\"publisher\":{\"@id\":\"https:\\\/\\\/candas365.es\\\/noticias\\\/#organization\"}}]}\n\t\t<\/script>\n\t\t<!-- All in One SEO Pro -->\r\n\t\t<title>Periodontitis: Sus efectos en la salud | Cand\u00e1s 365<\/title>\n\n","aioseo_head_json":{"title":"Periodontitis: Sus efectos en la salud | Cand\u00e1s 365","description":"(dpa) - Sangrado de enc\u00edas, mal aliento, dientes flojos: quien sienta esto en su boca, posiblemente est\u00e9 afectado por una periodontitis, es decir, una infecci\u00f3n","canonical_url":"https:\/\/candas365.es\/noticias\/periodontitis-sus-efectos-en-la-salud\/","robots":"max-image-preview:large","keywords":"salud","webmasterTools":{"google-site-verification":"UA-32230408-1","msvalidate.01":"354F3CDFB2DA171B47FBE9ABF1F88D5","miscellaneous":""},"schema":{"@context":"https:\/\/schema.org","@graph":[{"@type":"BreadcrumbList","@id":"https:\/\/candas365.es\/noticias\/periodontitis-sus-efectos-en-la-salud\/#breadcrumblist","itemListElement":[{"@type":"ListItem","@id":"https:\/\/candas365.es\/noticias#listItem","position":1,"name":"Home","item":"https:\/\/candas365.es\/noticias","nextItem":{"@type":"ListItem","@id":"https:\/\/candas365.es\/noticias\/category\/salud\/#listItem","name":"Salud"}},{"@type":"ListItem","@id":"https:\/\/candas365.es\/noticias\/category\/salud\/#listItem","position":2,"name":"Salud","item":"https:\/\/candas365.es\/noticias\/category\/salud\/","nextItem":{"@type":"ListItem","@id":"https:\/\/candas365.es\/noticias\/periodontitis-sus-efectos-en-la-salud\/#listItem","name":"Periodontitis: Sus efectos en la salud"},"previousItem":{"@type":"ListItem","@id":"https:\/\/candas365.es\/noticias#listItem","name":"Home"}},{"@type":"ListItem","@id":"https:\/\/candas365.es\/noticias\/periodontitis-sus-efectos-en-la-salud\/#listItem","position":3,"name":"Periodontitis: Sus efectos en la salud","previousItem":{"@type":"ListItem","@id":"https:\/\/candas365.es\/noticias\/category\/salud\/#listItem","name":"Salud"}}]},{"@type":"NewsArticle","@id":"https:\/\/candas365.es\/noticias\/periodontitis-sus-efectos-en-la-salud\/#newsarticle","name":"Periodontitis: Sus efectos en la salud | Cand\u00e1s 365","headline":"Periodontitis: Sus efectos en la salud","author":{"@id":"https:\/\/candas365.es\/noticias\/author\/admin\/#author"},"publisher":{"@id":"https:\/\/candas365.es\/noticias\/#organization"},"image":{"@type":"ImageObject","url":"https:\/\/candas365.es\/noticias\/wp-content\/uploads\/2023\/05\/periodontitis-salud.jpg","width":1001,"height":663,"caption":"La aceleraci\u00f3n del ritmo card\u00edaco es un s\u00edntoma que puede derivar de una endocarditis. El origen puede estar en una periodontitis no tratada. Foto: Christin Klose\/dpa"},"datePublished":"2023-05-06T14:41:45+02:00","dateModified":"2023-05-06T14:41:45+02:00","inLanguage":"es-ES","mainEntityOfPage":{"@id":"https:\/\/candas365.es\/noticias\/periodontitis-sus-efectos-en-la-salud\/#webpage"},"isPartOf":{"@id":"https:\/\/candas365.es\/noticias\/periodontitis-sus-efectos-en-la-salud\/#webpage"},"articleSection":"Salud, Salud","dateline":"Publicado el mayo 6, 2023."},{"@type":"Organization","@id":"https:\/\/candas365.es\/noticias\/#organization","name":"Cand\u00e1s 365","description":"Cand\u00e1s 365 es un diario digital independiente, fundado en 2012, con base en Asturias. Informamos con rigor sobre actualidad, sociedad, cultura y ocio, con una mirada local y global.","url":"https:\/\/candas365.es\/noticias\/","email":"info@candas365.es","telephone":"+34652131393","foundingDate":"2012-06-10","logo":{"@type":"ImageObject","url":"https:\/\/candas365.es\/noticias\/wp-content\/uploads\/2024\/09\/Candas-365-Redes.jpg","@id":"https:\/\/candas365.es\/noticias\/periodontitis-sus-efectos-en-la-salud\/#organizationLogo","width":1152,"height":864,"caption":"Cand\u00e1s 365 Redes"},"image":{"@id":"https:\/\/candas365.es\/noticias\/periodontitis-sus-efectos-en-la-salud\/#organizationLogo"},"sameAs":["https:\/\/www.facebook.com\/Nachofdezber","https:\/\/x.com\/NabercoDigital","https:\/\/www.instagram.com\/nachofdezber\/","https:\/\/www.youtube.com\/channel\/UCZP-2wLEB9Rv6erhFmqVnvg"],"address":{"@id":"https:\/\/candas365.es\/noticias\/#postaladdress","@type":"PostalAddress","streetAddress":"san antonio 4, san antonio 4","postalCode":"33430","addressLocality":"Cand\u00e1s","addressRegion":"Asturias","addressCountry":"ES"}},{"@type":"Person","@id":"https:\/\/candas365.es\/noticias\/author\/admin\/#author","url":"https:\/\/candas365.es\/noticias\/author\/admin\/","name":"Cand\u00e1s 365","image":{"@type":"ImageObject","@id":"https:\/\/candas365.es\/noticias\/periodontitis-sus-efectos-en-la-salud\/#authorImage","url":"https:\/\/secure.gravatar.com\/avatar\/496a8e03d0c493ede1718b7934145dbdf8d89be1036b0eec9544e1094c9de390?s=96&d=mm&r=g","width":96,"height":96,"caption":"Cand\u00e1s 365"},"sameAs":["https:\/\/www.facebook.com\/carrenoactualidad","https:\/\/twitter.com\/nbasturias","https:\/\/www.instagram.com\/nachofdezber\/","https:\/\/www.youtube.com\/channel\/UCZP-2wLEB9Rv6erhFmqVnvg"]},{"@type":"WebPage","@id":"https:\/\/candas365.es\/noticias\/periodontitis-sus-efectos-en-la-salud\/#webpage","url":"https:\/\/candas365.es\/noticias\/periodontitis-sus-efectos-en-la-salud\/","name":"Periodontitis: Sus efectos en la salud | Cand\u00e1s 365","description":"(dpa) - Sangrado de enc\u00edas, mal aliento, dientes flojos: quien sienta esto en su boca, posiblemente est\u00e9 afectado por una periodontitis, es decir, una infecci\u00f3n","inLanguage":"es-ES","isPartOf":{"@id":"https:\/\/candas365.es\/noticias\/#website"},"breadcrumb":{"@id":"https:\/\/candas365.es\/noticias\/periodontitis-sus-efectos-en-la-salud\/#breadcrumblist"},"author":{"@id":"https:\/\/candas365.es\/noticias\/author\/admin\/#author"},"creator":{"@id":"https:\/\/candas365.es\/noticias\/author\/admin\/#author"},"image":{"@type":"ImageObject","url":"https:\/\/candas365.es\/noticias\/wp-content\/uploads\/2023\/05\/periodontitis-salud.jpg","@id":"https:\/\/candas365.es\/noticias\/periodontitis-sus-efectos-en-la-salud\/#mainImage","width":1001,"height":663,"caption":"La aceleraci\u00f3n del ritmo card\u00edaco es un s\u00edntoma que puede derivar de una endocarditis. El origen puede estar en una periodontitis no tratada. Foto: Christin Klose\/dpa"},"primaryImageOfPage":{"@id":"https:\/\/candas365.es\/noticias\/periodontitis-sus-efectos-en-la-salud\/#mainImage"},"datePublished":"2023-05-06T14:41:45+02:00","dateModified":"2023-05-06T14:41:45+02:00"},{"@type":"WebSite","@id":"https:\/\/candas365.es\/noticias\/#website","url":"https:\/\/candas365.es\/noticias\/","name":"Cand\u00e1s 365","alternateName":"Cand\u00e1s 365 Noticias","description":"Actualidad desde Carre\u00f1o para el mundo","inLanguage":"es-ES","publisher":{"@id":"https:\/\/candas365.es\/noticias\/#organization"}}]},"og:locale":"es_ES","og:site_name":"Cand\u00e1s 365","og:type":"article","og:title":"Periodontitis: Sus efectos en la salud | Cand\u00e1s 365","og:description":"(dpa) - Sangrado de enc\u00edas, mal aliento, dientes flojos: quien sienta esto en su boca, posiblemente est\u00e9 afectado por una periodontitis, es decir, una infecci\u00f3n","og:url":"https:\/\/candas365.es\/noticias\/periodontitis-sus-efectos-en-la-salud\/","og:image":"https:\/\/candas365.es\/noticias\/wp-content\/uploads\/2023\/05\/periodontitis-salud.jpg","og:image:secure_url":"https:\/\/candas365.es\/noticias\/wp-content\/uploads\/2023\/05\/periodontitis-salud.jpg","og:image:width":1001,"og:image:height":663,"article:published_time":"2023-05-06T12:41:45+00:00","article:modified_time":"2023-05-06T12:41:45+00:00","article:publisher":"https:\/\/www.facebook.com\/Nachofdezber","article:author":"https:\/\/www.facebook.com\/carrenoactualidad","twitter:card":"summary_large_image","twitter:site":"@NabercoDigital","twitter:title":"Periodontitis: Sus efectos en la salud | Cand\u00e1s 365","twitter:description":"(dpa) - Sangrado de enc\u00edas, mal aliento, dientes flojos: quien sienta esto en su boca, posiblemente est\u00e9 afectado por una periodontitis, es decir, una infecci\u00f3n","twitter:creator":"@nbasturias","twitter:image":"https:\/\/candas365.es\/noticias\/wp-content\/uploads\/2023\/05\/periodontitis-salud.jpg","twitter:label1":"Escrito por","twitter:data1":"Cand\u00e1s 365","twitter:label2":"Tiempo de lectura estimado","twitter:data2":"1 minuto"},"aioseo_meta_data":{"post_id":"173498","title":null,"description":"(dpa) - Sangrado de enc\u00edas, mal aliento, dientes flojos: quien sienta esto en su boca, posiblemente est\u00e9 afectado por una periodontitis, es decir, una infecci\u00f3n","keywords":[],"keyphrases":{"focus":{"keyphrase":"periodontitis","score":92,"analysis":{"keyphraseInTitle":{"score":9,"maxScore":9,"error":0},"keyphraseInDescription":{"score":9,"maxScore":9,"error":0},"keyphraseLength":{"score":9,"maxScore":9,"error":0,"length":1},"keyphraseInURL":{"score":1,"maxScore":5,"error":1},"keyphraseInIntroduction":{"score":9,"maxScore":9,"error":0},"keyphraseInSubHeadings":[],"keyphraseInImageAlt":{"score":9,"maxScore":9,"error":0}}},"additional":[{"keyphrase":"periodontitis","score":100,"analysis":{"keyphraseInDescription":{"score":9,"maxScore":9,"error":0},"keyphraseLength":{"score":9,"maxScore":9,"error":0,"length":1},"keyphraseInIntroduction":{"score":9,"maxScore":9,"error":0},"keyphraseInImageAlt":{"score":9,"maxScore":9,"error":0}}},{"keyphrase":"salud","score":67,"analysis":{"keyphraseInDescription":{"score":3,"maxScore":9,"error":1},"keyphraseLength":{"score":9,"maxScore":9,"error":0,"length":1},"keyphraseInIntroduction":{"score":3,"maxScore":9,"error":1},"keyphraseInImageAlt":{"score":9,"maxScore":9,"error":0}}}]},"primary_term":null,"canonical_url":null,"og_title":null,"og_description":null,"og_object_type":"default","og_image_type":"default","og_image_url":null,"og_image_width":null,"og_image_height":null,"og_image_custom_url":null,"og_image_custom_fields":null,"og_video":"","og_custom_url":null,"og_article_section":null,"og_article_tags":[],"twitter_use_og":false,"twitter_card":"default","twitter_image_type":"default","twitter_image_url":null,"twitter_image_custom_url":null,"twitter_image_custom_fields":null,"twitter_title":null,"twitter_description":null,"schema":{"blockGraphs":[],"customGraphs":[],"default":{"data":{"Article":[],"Course":[],"Dataset":[],"FAQPage":[],"Movie":[],"Person":[],"Product":[],"ProductReview":[],"Car":[],"Recipe":[],"Service":[],"SoftwareApplication":[],"WebPage":[]},"graphName":"","isEnabled":true},"graphs":[]},"schema_type":"default","schema_type_options":null,"pillar_content":false,"robots_default":true,"robots_noindex":false,"robots_noarchive":false,"robots_nosnippet":false,"robots_nofollow":false,"robots_noimageindex":false,"robots_noodp":false,"robots_notranslate":false,"robots_max_snippet":"-1","robots_max_videopreview":"-1","robots_max_imagepreview":"large","priority":null,"frequency":"default","location":null,"local_seo":null,"seo_analyzer_scan_date":"2025-09-01 20:31:38","breadcrumb_settings":null,"limit_modified_date":false,"reviewed_by":null,"open_ai":"{\"title\":{\"suggestions\":[],\"usage\":0},\"description\":{\"suggestions\":[],\"usage\":0}}","ai":null,"created":"2023-05-06 12:35:14","updated":"2025-09-01 20:31:38"},"aioseo_breadcrumb":"<div class=\"aioseo-breadcrumbs\"><span class=\"aioseo-breadcrumb\">\n\t<a href=\"https:\/\/candas365.es\/noticias\" title=\"Home\">Home<\/a>\n<\/span><span class=\"aioseo-breadcrumb-separator\">&ndash;<\/span><span class=\"aioseo-breadcrumb\">\n\t<a href=\"https:\/\/candas365.es\/noticias\/category\/salud\/\" title=\"Salud\">Salud<\/a>\n<\/span><span class=\"aioseo-breadcrumb-separator\">&ndash;<\/span><span class=\"aioseo-breadcrumb\">\n\tPeriodontitis: Sus efectos en la salud\n<\/span><\/div>","aioseo_breadcrumb_json":[{"label":"Home","link":"https:\/\/candas365.es\/noticias"},{"label":"Salud","link":"https:\/\/candas365.es\/noticias\/category\/salud\/"},{"label":"Periodontitis: Sus efectos en la salud","link":"https:\/\/candas365.es\/noticias\/periodontitis-sus-efectos-en-la-salud\/"}],"_links":{"self":[{"href":"https:\/\/candas365.es\/noticias\/wp-json\/wp\/v2\/posts\/173498","targetHints":{"allow":["GET"]}}],"collection":[{"href":"https:\/\/candas365.es\/noticias\/wp-json\/wp\/v2\/posts"}],"about":[{"href":"https:\/\/candas365.es\/noticias\/wp-json\/wp\/v2\/types\/post"}],"author":[{"embeddable":true,"href":"https:\/\/candas365.es\/noticias\/wp-json\/wp\/v2\/users\/1"}],"replies":[{"embeddable":true,"href":"https:\/\/candas365.es\/noticias\/wp-json\/wp\/v2\/comments?post=173498"}],"version-history":[{"count":0,"href":"https:\/\/candas365.es\/noticias\/wp-json\/wp\/v2\/posts\/173498\/revisions"}],"wp:featuredmedia":[{"embeddable":true,"href":"https:\/\/candas365.es\/noticias\/wp-json\/wp\/v2\/media\/173499"}],"wp:attachment":[{"href":"https:\/\/candas365.es\/noticias\/wp-json\/wp\/v2\/media?parent=173498"}],"wp:term":[{"taxonomy":"category","embeddable":true,"href":"https:\/\/candas365.es\/noticias\/wp-json\/wp\/v2\/categories?post=173498"},{"taxonomy":"post_tag","embeddable":true,"href":"https:\/\/candas365.es\/noticias\/wp-json\/wp\/v2\/tags?post=173498"}],"curies":[{"name":"wp","href":"https:\/\/api.w.org\/{rel}","templated":true}]}}