{"id":173476,"date":"2023-05-06T01:31:33","date_gmt":"2023-05-05T23:31:33","guid":{"rendered":"https:\/\/candas365.es\/noticias\/?p=173476"},"modified":"2023-05-06T01:31:33","modified_gmt":"2023-05-05T23:31:33","slug":"lo-mas-destacado-de-la-auto-shanghai-en-china","status":"publish","type":"post","link":"https:\/\/candas365.es\/noticias\/lo-mas-destacado-de-la-auto-shanghai-en-china\/","title":{"rendered":"Lo m\u00e1s destacado de la Auto Shanghai en China"},"content":{"rendered":"<p>(dpa) &#8211; China es desde hace tiempo el <a href=\"https:\/\/candas365.es\/noticias\/category\/canal-empresas\/\"><span style=\"color: #ff6600;\"><strong>mayor mercado automovil\u00edstico del mundo<\/strong><\/span><\/a> y, por ello, est\u00e1 especialmente en el punto de mira de la <a href=\"https:\/\/eldigitaldeasturias.com\/magazine365\/category\/motor\/\" target=\"_blank\" rel=\"noopener\"><span style=\"color: #ff6600;\"><strong>industria del motor<\/strong><\/span><\/a>: mientras que en el resto del mundo los salones del autom\u00f3vil pierden cada vez m\u00e1s importancia, en la edici\u00f3n n\u00famero 20 de la feria \u00abAuto Shanghai\u00bb, <strong>celebrada del 18 al 27 de abril, el sector ofreci\u00f3 un gran espect\u00e1culo pirot\u00e9cnico de estrenos.<\/strong><\/p>\n<figure id=\"attachment_173477\" aria-describedby=\"caption-attachment-173477\" style=\"width: 650px\" class=\"wp-caption aligncenter\"><img fetchpriority=\"high\" decoding=\"async\" class=\"wp-image-173477 size-large\" src=\"https:\/\/candas365.es\/noticias\/wp-content\/uploads\/2023\/05\/Volkswagen-en-Shanghai-650x438.jpg\" alt=\"Volkswagen en Shangh\u00e1i\" width=\"650\" height=\"438\" srcset=\"https:\/\/candas365.es\/noticias\/wp-content\/uploads\/2023\/05\/Volkswagen-en-Shanghai-650x438.jpg 650w, https:\/\/candas365.es\/noticias\/wp-content\/uploads\/2023\/05\/Volkswagen-en-Shanghai-360x243.jpg 360w, https:\/\/candas365.es\/noticias\/wp-content\/uploads\/2023\/05\/Volkswagen-en-Shanghai-768x518.jpg 768w, https:\/\/candas365.es\/noticias\/wp-content\/uploads\/2023\/05\/Volkswagen-en-Shanghai-150x101.jpg 150w, https:\/\/candas365.es\/noticias\/wp-content\/uploads\/2023\/05\/Volkswagen-en-Shanghai-450x303.jpg 450w, https:\/\/candas365.es\/noticias\/wp-content\/uploads\/2023\/05\/Volkswagen-en-Shanghai.jpg 988w\" sizes=\"(max-width: 650px) 100vw, 650px\" \/><figcaption id=\"caption-attachment-173477\" class=\"wp-caption-text\">Volkswagen present\u00f3 en Shangh\u00e1i la berlina coup\u00e9 el\u00e9ctrica ID.7. Foto: Thomas Geiger\/dpa<\/figcaption><\/figure>\n<p>En el primer a\u00f1o tras las restricciones impuestas por la pandemia de coronavirus, los numerosos expositores extranjeros estuvieron presentes con algunas novedades, pero los fabricantes chinos han aprovechado la pausa pand\u00e9mica y han cobrado una fuerza inesperada.<\/p>\n<p>Mientras que en el pasado se les conoc\u00eda sobre todo por sus descaradas copias o burdas caricaturas sobre ruedas y, en el mejor de los casos, eran apreciados como proveedores de s\u00f3lidos modelos para el d\u00eda a d\u00eda, hoy sus estrenos no tienen nada que envidiar a los de Occidente.<\/p>\n<p>Por el contrario, las revelaciones de los fabricantes chinos hacen que muchos Volkswagen o Mercedes, Audi o Toyota nuevos parezcan sorprendentemente anticuados. Y a diferencia del pasado, ya no se trata de una cuesti\u00f3n regional.<\/p>\n<p>Despu\u00e9s de que los primeros modelos chinos desembarcaran en Europa, los pr\u00f3ximos ya est\u00e1n en marcha. Los modelos expuestos en Shangh\u00e1i circular\u00e1n pr\u00f3ximamente por ciudades europeas. A continuaci\u00f3n, una recopilaci\u00f3n de las principales novedades del sal\u00f3n del autom\u00f3vil m\u00e1s importante del a\u00f1o:<\/p>\n<h2>VW ID.7: un rayo de esperanza<\/h2>\n<p>Despu\u00e9s de que Volkswagen tuviera que enfrentarse a muchas cr\u00edticas por sus primeros modelos ID, el ID.7 est\u00e1 destinado a impulsar el posicionamiento de la gama. Como buque insignia de la familia y alternativa el\u00e9ctrica al Passat, la berlina coup\u00e9 de casi cinco metros de largo saldr\u00e1 a la venta en Europa a finales de a\u00f1o. El precio de partida del ID.7 ser\u00e1 \u00abbastante inferior a 60.000 euros\u00bb, subray\u00f3 la marca durante su presentaci\u00f3n en el Sal\u00f3n de Shangh\u00e1i.<\/p>\n<h2>Nio ES6: SUV inteligente para la clase media<\/h2>\n<p>Nio ampl\u00eda su gama: tras el debut en Europa del ET7 y el EL7, y pr\u00f3ximamente del ET5, la compa\u00f1\u00eda china ha desvelado en Shangh\u00e1i el cuarto posible candidato a ser importado en la Uni\u00f3n Europea. Se trata del ES6, modelo que, con menos de cinco metros de longitud y media generaci\u00f3n m\u00e1s adelante que el resto de la familia, saldr\u00e1 a la venta en China en el transcurso de este a\u00f1o. En Europa, podr\u00eda comenzar a competir en la clase media alta de los el\u00e9ctricos a finales de a\u00f1o.<\/p>\n<h2>Polestar 4: coup\u00e9 sin cristal trasero<\/h2>\n<p>Polestar tiene los ojos obstinadamente puestos en el futuro, y, en el nuevo Polestar 4, esta premisa puede tomarse al pie de la letra. Porque cuando el crossover coup\u00e9 el\u00e9ctrico salga a la venta en Europa a principios del pr\u00f3ximo a\u00f1o, ser\u00e1 un coche sin luneta trasera. En su lugar, solo hay c\u00e1maras que transmiten las im\u00e1genes captadas a una pantalla que sustituye al retrovisor.<\/p>\n<p>El resto de la tecnolog\u00eda es m\u00e1s convencional y procede del kit de Volvo y Geely: bater\u00edas de hasta 102 kWh para una autonom\u00eda m\u00e1xima de 560 kil\u00f3metros y motores de hasta 400 kW\/544 CV para cifras de velocidad inferiores a cuatro segundos.<\/p>\n<h2>SUV Mercedes-Maybach EQS: el\u00e9ctrico en esmoquin<\/h2>\n<p>Maybach se une ahora a las filas de los el\u00e9ctricos e incluso convierte el SUV EQS en un coloso de lujo. En el exterior destacan los listones verticales cromados de la parrilla y todo tipo de ornamentos deslumbrantes, mientras que el interior vuelve a equipar los ya acreditados sillones de sal\u00f3n en la parte trasera. La propulsi\u00f3n corre a cargo de dos motores el\u00e9ctricos, cuya potencia aumenta en torno a un 20 por ciento, hasta 484 kW\/658 CV. Mercedes promete una autonom\u00eda de unos 600 kil\u00f3metros.<\/p>\n<h2>Smart #3: el ejemplar raro de la feria<\/h2>\n<p>Mientras que en la planta francesa de Hambach se est\u00e1n fabricando las \u00faltimas unidades del Smart Fortwo, la marca perteneciente a Mercedes-Benz sigue creciendo bajo la influencia de su socio chino en la empresa conjunta con Geely. Smart presenta su segundo nuevo modelo en un a\u00f1o: el Smart #3. En formato de SUV coup\u00e9, el crossover debutar\u00e1 en Europa a finales de a\u00f1o con datos clave similares al Smart #1.<\/p>\n<p>Si bien los detalles solo ser\u00e1n revelados durante el estreno europeo en septiembre en el Sal\u00f3n IAA de M\u00fanich, se puede contar con una autonom\u00eda de m\u00e1s de 400 kil\u00f3metros y precios a partir de unos 50.000 euros.<\/p>\n<h2>Zeekr X: otro reci\u00e9n llegado<\/h2>\n<p>El Smart no viene solo, ya que el Zeekr X est\u00e1 construido sobre la misma plataforma. Junto con el Zeekr 001, al estilo del Porsche Taycan, el X llevar\u00e1 a la filial de Geely a Europa: este a\u00f1o a Suecia y los Pa\u00edses Bajos y en 2024 tambi\u00e9n a Alemania, seg\u00fan ha anunciado la empresa.<\/p>\n<p>Con una longitud de casi 4,50 metros y una autonom\u00eda de m\u00e1s de 400 kil\u00f3metros, el X compite con coches como el VW ID.3 o el Mercedes EQA. El coche muestra su influencia china sobre todo en el sistema de infoentretenimiento: a diferencia de la competencia, su gran pantalla t\u00e1ctil no est\u00e1 montada de manera fija, sino que se desplaza desde la consola central frente al pasajero con solo pulsar un bot\u00f3n.<\/p>\n<h2><strong>Ora Punk Cat: osada r\u00e9plica<\/strong><\/h2>\n<p>Como ninguna otra anteriormente, la edici\u00f3n 2023 del \u00abAuto Shanghai\u00bb representa la emancipaci\u00f3n de los fabricantes chinos y una nueva madurez en tecnolog\u00eda y dise\u00f1o. As\u00ed y todo, se sigue copiando.<\/p>\n<p>Quiz\u00e1 el plagio m\u00e1s audaz sea el de Ora, filial de Great Wall, que convierte el Volkswagen Escarabajo en un Punk Cat el\u00e9ctrico de cuatro puertas. A diferencia del Funky Cat, con un dise\u00f1o m\u00e1s independiente y a la venta en Europa desde principios de a\u00f1o, el clon del Escarabajo no tendr\u00e1 en este mercado ninguna oportunidad de \u00e9xito.<\/p>\n<p><i class=\"lang-es\"><span class=\" readonly\" title=\"\">Por Thomas Geiger (dpa)<\/span><\/i><\/p>\n","protected":false},"excerpt":{"rendered":"<p>(dpa) &#8211; China es desde hace tiempo el mayor mercado automovil\u00edstico del mundo y, por ello, est\u00e1 especialmente en el punto de mira de la industria del motor: mientras que en el resto del mundo los salones del autom\u00f3vil pierden cada vez m\u00e1s importancia, en la edici\u00f3n n\u00famero 20 de la feria \u00abAuto Shanghai\u00bb, celebrada<\/p>\n","protected":false},"author":1,"featured_media":173477,"comment_status":"closed","ping_status":"closed","sticky":false,"template":"","format":"standard","meta":{"footnotes":""},"categories":[142],"tags":[420],"class_list":{"0":"post-173476","1":"post","2":"type-post","3":"status-publish","4":"format-standard","5":"has-post-thumbnail","7":"category-revista","8":"tag-motor"},"aioseo_notices":[],"aioseo_head":"\n\t\t<!-- All in One SEO Pro 4.9.6.2 - aioseo.com -->\n\t<meta name=\"description\" content=\"(dpa) - China es desde hace tiempo el mayor mercado automovil\u00edstico del mundo y, por ello, est\u00e1 especialmente en el punto de mira de la industria del motor\" \/>\n\t<meta name=\"robots\" content=\"max-image-preview:large\" \/>\n\t<meta name=\"author\" content=\"Cand\u00e1s 365\"\/>\n\t<meta name=\"google-site-verification\" content=\"UA-32230408-1\" \/>\n\t<meta name=\"msvalidate.01\" content=\"354F3CDFB2DA171B47FBE9ABF1F88D5\" \/>\n\t<meta name=\"keywords\" content=\"revista\" \/>\n\t<link rel=\"canonical\" href=\"https:\/\/candas365.es\/noticias\/lo-mas-destacado-de-la-auto-shanghai-en-china\/\" \/>\n\t<meta name=\"generator\" content=\"All in One SEO Pro (AIOSEO) 4.9.6.2\" \/>\n\t\t<meta property=\"og:locale\" content=\"es_ES\" \/>\n\t\t<meta property=\"og:site_name\" content=\"Cand\u00e1s 365\" \/>\n\t\t<meta property=\"og:type\" content=\"article\" \/>\n\t\t<meta property=\"og:title\" content=\"Lo m\u00e1s destacado de la Auto Shanghai en China | Cand\u00e1s 365\" \/>\n\t\t<meta property=\"og:description\" content=\"(dpa) - China es desde hace tiempo el mayor mercado automovil\u00edstico del mundo y, por ello, est\u00e1 especialmente en el punto de mira de la industria del motor\" \/>\n\t\t<meta property=\"og:url\" content=\"https:\/\/candas365.es\/noticias\/lo-mas-destacado-de-la-auto-shanghai-en-china\/\" \/>\n\t\t<meta property=\"og:image\" content=\"https:\/\/candas365.es\/noticias\/wp-content\/uploads\/2023\/05\/Volkswagen-en-Shanghai.jpg\" \/>\n\t\t<meta property=\"og:image:secure_url\" content=\"https:\/\/candas365.es\/noticias\/wp-content\/uploads\/2023\/05\/Volkswagen-en-Shanghai.jpg\" \/>\n\t\t<meta property=\"og:image:width\" content=\"988\" \/>\n\t\t<meta property=\"og:image:height\" content=\"666\" \/>\n\t\t<meta property=\"article:published_time\" content=\"2023-05-05T23:31:33+00:00\" \/>\n\t\t<meta property=\"article:modified_time\" content=\"2023-05-05T23:31:33+00:00\" \/>\n\t\t<meta property=\"article:publisher\" content=\"https:\/\/www.facebook.com\/Nachofdezber\" \/>\n\t\t<meta property=\"article:author\" content=\"https:\/\/www.facebook.com\/carrenoactualidad\" \/>\n\t\t<meta name=\"twitter:card\" content=\"summary_large_image\" \/>\n\t\t<meta name=\"twitter:site\" content=\"@NabercoDigital\" \/>\n\t\t<meta name=\"twitter:title\" content=\"Lo m\u00e1s destacado de la Auto Shanghai en China | Cand\u00e1s 365\" \/>\n\t\t<meta name=\"twitter:description\" content=\"(dpa) - China es desde hace tiempo el mayor mercado automovil\u00edstico del mundo y, por ello, est\u00e1 especialmente en el punto de mira de la industria del motor\" \/>\n\t\t<meta name=\"twitter:creator\" content=\"@nbasturias\" \/>\n\t\t<meta name=\"twitter:image\" content=\"https:\/\/candas365.es\/noticias\/wp-content\/uploads\/2023\/05\/Volkswagen-en-Shanghai.jpg\" \/>\n\t\t<meta name=\"twitter:label1\" content=\"Escrito por\" \/>\n\t\t<meta name=\"twitter:data1\" content=\"Cand\u00e1s 365\" \/>\n\t\t<meta name=\"twitter:label2\" content=\"Tiempo de lectura estimado\" \/>\n\t\t<meta name=\"twitter:data2\" content=\"5 minutos\" \/>\n\t\t<script type=\"application\/ld+json\" class=\"aioseo-schema\">\n\t\t\t{\"@context\":\"https:\\\/\\\/schema.org\",\"@graph\":[{\"@type\":\"BreadcrumbList\",\"@id\":\"https:\\\/\\\/candas365.es\\\/noticias\\\/lo-mas-destacado-de-la-auto-shanghai-en-china\\\/#breadcrumblist\",\"itemListElement\":[{\"@type\":\"ListItem\",\"@id\":\"https:\\\/\\\/candas365.es\\\/noticias#listItem\",\"position\":1,\"name\":\"Home\",\"item\":\"https:\\\/\\\/candas365.es\\\/noticias\",\"nextItem\":{\"@type\":\"ListItem\",\"@id\":\"https:\\\/\\\/candas365.es\\\/noticias\\\/category\\\/revista\\\/#listItem\",\"name\":\"Revista\"}},{\"@type\":\"ListItem\",\"@id\":\"https:\\\/\\\/candas365.es\\\/noticias\\\/category\\\/revista\\\/#listItem\",\"position\":2,\"name\":\"Revista\",\"item\":\"https:\\\/\\\/candas365.es\\\/noticias\\\/category\\\/revista\\\/\",\"nextItem\":{\"@type\":\"ListItem\",\"@id\":\"https:\\\/\\\/candas365.es\\\/noticias\\\/lo-mas-destacado-de-la-auto-shanghai-en-china\\\/#listItem\",\"name\":\"Lo m\\u00e1s destacado de la Auto Shanghai en China\"},\"previousItem\":{\"@type\":\"ListItem\",\"@id\":\"https:\\\/\\\/candas365.es\\\/noticias#listItem\",\"name\":\"Home\"}},{\"@type\":\"ListItem\",\"@id\":\"https:\\\/\\\/candas365.es\\\/noticias\\\/lo-mas-destacado-de-la-auto-shanghai-en-china\\\/#listItem\",\"position\":3,\"name\":\"Lo m\\u00e1s destacado de la Auto Shanghai en China\",\"previousItem\":{\"@type\":\"ListItem\",\"@id\":\"https:\\\/\\\/candas365.es\\\/noticias\\\/category\\\/revista\\\/#listItem\",\"name\":\"Revista\"}}]},{\"@type\":\"NewsArticle\",\"@id\":\"https:\\\/\\\/candas365.es\\\/noticias\\\/lo-mas-destacado-de-la-auto-shanghai-en-china\\\/#newsarticle\",\"name\":\"Lo m\\u00e1s destacado de la Auto Shanghai en China | Cand\\u00e1s 365\",\"headline\":\"Lo m\\u00e1s destacado de la Auto Shanghai en China\",\"author\":{\"@id\":\"https:\\\/\\\/candas365.es\\\/noticias\\\/author\\\/admin\\\/#author\"},\"publisher\":{\"@id\":\"https:\\\/\\\/candas365.es\\\/noticias\\\/#organization\"},\"image\":{\"@type\":\"ImageObject\",\"url\":\"https:\\\/\\\/candas365.es\\\/noticias\\\/wp-content\\\/uploads\\\/2023\\\/05\\\/Volkswagen-en-Shanghai.jpg\",\"width\":988,\"height\":666,\"caption\":\"Volkswagen present\\u00f3 en Shangh\\u00e1i la berlina coup\\u00e9 el\\u00e9ctrica ID.7. Foto: Thomas Geiger\\\/dpa\"},\"datePublished\":\"2023-05-06T01:31:33+02:00\",\"dateModified\":\"2023-05-06T01:31:33+02:00\",\"inLanguage\":\"es-ES\",\"mainEntityOfPage\":{\"@id\":\"https:\\\/\\\/candas365.es\\\/noticias\\\/lo-mas-destacado-de-la-auto-shanghai-en-china\\\/#webpage\"},\"isPartOf\":{\"@id\":\"https:\\\/\\\/candas365.es\\\/noticias\\\/lo-mas-destacado-de-la-auto-shanghai-en-china\\\/#webpage\"},\"articleSection\":\"Revista, Motor\",\"dateline\":\"Publicado el mayo 6, 2023.\"},{\"@type\":\"Organization\",\"@id\":\"https:\\\/\\\/candas365.es\\\/noticias\\\/#organization\",\"name\":\"Cand\\u00e1s 365\",\"description\":\"Cand\\u00e1s 365 es un diario digital independiente, fundado en 2012, con base en Asturias. Informamos con rigor sobre actualidad, sociedad, cultura y ocio, con una mirada local y global.\",\"url\":\"https:\\\/\\\/candas365.es\\\/noticias\\\/\",\"email\":\"info@candas365.es\",\"telephone\":\"+34652131393\",\"foundingDate\":\"2012-06-10\",\"logo\":{\"@type\":\"ImageObject\",\"url\":\"https:\\\/\\\/candas365.es\\\/noticias\\\/wp-content\\\/uploads\\\/2024\\\/09\\\/Candas-365-Redes.jpg\",\"@id\":\"https:\\\/\\\/candas365.es\\\/noticias\\\/lo-mas-destacado-de-la-auto-shanghai-en-china\\\/#organizationLogo\",\"width\":1152,\"height\":864,\"caption\":\"Cand\\u00e1s 365 Redes\"},\"image\":{\"@id\":\"https:\\\/\\\/candas365.es\\\/noticias\\\/lo-mas-destacado-de-la-auto-shanghai-en-china\\\/#organizationLogo\"},\"sameAs\":[\"https:\\\/\\\/www.facebook.com\\\/Nachofdezber\",\"https:\\\/\\\/x.com\\\/NabercoDigital\",\"https:\\\/\\\/www.instagram.com\\\/nachofdezber\\\/\",\"https:\\\/\\\/www.youtube.com\\\/channel\\\/UCZP-2wLEB9Rv6erhFmqVnvg\"],\"address\":{\"@id\":\"https:\\\/\\\/candas365.es\\\/noticias\\\/#postaladdress\",\"@type\":\"PostalAddress\",\"streetAddress\":\"san antonio 4, san antonio 4\",\"postalCode\":\"33430\",\"addressLocality\":\"Cand\\u00e1s\",\"addressRegion\":\"Asturias\",\"addressCountry\":\"ES\"}},{\"@type\":\"Person\",\"@id\":\"https:\\\/\\\/candas365.es\\\/noticias\\\/author\\\/admin\\\/#author\",\"url\":\"https:\\\/\\\/candas365.es\\\/noticias\\\/author\\\/admin\\\/\",\"name\":\"Cand\\u00e1s 365\",\"image\":{\"@type\":\"ImageObject\",\"@id\":\"https:\\\/\\\/candas365.es\\\/noticias\\\/lo-mas-destacado-de-la-auto-shanghai-en-china\\\/#authorImage\",\"url\":\"https:\\\/\\\/secure.gravatar.com\\\/avatar\\\/496a8e03d0c493ede1718b7934145dbdf8d89be1036b0eec9544e1094c9de390?s=96&d=mm&r=g\",\"width\":96,\"height\":96,\"caption\":\"Cand\\u00e1s 365\"},\"sameAs\":[\"https:\\\/\\\/www.facebook.com\\\/carrenoactualidad\",\"https:\\\/\\\/twitter.com\\\/nbasturias\",\"https:\\\/\\\/www.instagram.com\\\/nachofdezber\\\/\",\"https:\\\/\\\/www.youtube.com\\\/channel\\\/UCZP-2wLEB9Rv6erhFmqVnvg\"]},{\"@type\":\"WebPage\",\"@id\":\"https:\\\/\\\/candas365.es\\\/noticias\\\/lo-mas-destacado-de-la-auto-shanghai-en-china\\\/#webpage\",\"url\":\"https:\\\/\\\/candas365.es\\\/noticias\\\/lo-mas-destacado-de-la-auto-shanghai-en-china\\\/\",\"name\":\"Lo m\\u00e1s destacado de la Auto Shanghai en China | Cand\\u00e1s 365\",\"description\":\"(dpa) - China es desde hace tiempo el mayor mercado automovil\\u00edstico del mundo y, por ello, est\\u00e1 especialmente en el punto de mira de la industria del motor\",\"inLanguage\":\"es-ES\",\"isPartOf\":{\"@id\":\"https:\\\/\\\/candas365.es\\\/noticias\\\/#website\"},\"breadcrumb\":{\"@id\":\"https:\\\/\\\/candas365.es\\\/noticias\\\/lo-mas-destacado-de-la-auto-shanghai-en-china\\\/#breadcrumblist\"},\"author\":{\"@id\":\"https:\\\/\\\/candas365.es\\\/noticias\\\/author\\\/admin\\\/#author\"},\"creator\":{\"@id\":\"https:\\\/\\\/candas365.es\\\/noticias\\\/author\\\/admin\\\/#author\"},\"image\":{\"@type\":\"ImageObject\",\"url\":\"https:\\\/\\\/candas365.es\\\/noticias\\\/wp-content\\\/uploads\\\/2023\\\/05\\\/Volkswagen-en-Shanghai.jpg\",\"@id\":\"https:\\\/\\\/candas365.es\\\/noticias\\\/lo-mas-destacado-de-la-auto-shanghai-en-china\\\/#mainImage\",\"width\":988,\"height\":666,\"caption\":\"Volkswagen present\\u00f3 en Shangh\\u00e1i la berlina coup\\u00e9 el\\u00e9ctrica ID.7. Foto: Thomas Geiger\\\/dpa\"},\"primaryImageOfPage\":{\"@id\":\"https:\\\/\\\/candas365.es\\\/noticias\\\/lo-mas-destacado-de-la-auto-shanghai-en-china\\\/#mainImage\"},\"datePublished\":\"2023-05-06T01:31:33+02:00\",\"dateModified\":\"2023-05-06T01:31:33+02:00\"},{\"@type\":\"WebSite\",\"@id\":\"https:\\\/\\\/candas365.es\\\/noticias\\\/#website\",\"url\":\"https:\\\/\\\/candas365.es\\\/noticias\\\/\",\"name\":\"Cand\\u00e1s 365\",\"alternateName\":\"Cand\\u00e1s 365 Noticias\",\"description\":\"Actualidad desde Carre\\u00f1o para el mundo\",\"inLanguage\":\"es-ES\",\"publisher\":{\"@id\":\"https:\\\/\\\/candas365.es\\\/noticias\\\/#organization\"}}]}\n\t\t<\/script>\n\t\t<!-- All in One SEO Pro -->\r\n\t\t<title>Lo m\u00e1s destacado de la Auto Shanghai en China | Cand\u00e1s 365<\/title>\n\n","aioseo_head_json":{"title":"Lo m\u00e1s destacado de la Auto Shanghai en China | Cand\u00e1s 365","description":"(dpa) - China es desde hace tiempo el mayor mercado automovil\u00edstico del mundo y, por ello, est\u00e1 especialmente en el punto de mira de la industria del motor","canonical_url":"https:\/\/candas365.es\/noticias\/lo-mas-destacado-de-la-auto-shanghai-en-china\/","robots":"max-image-preview:large","keywords":"revista","webmasterTools":{"google-site-verification":"UA-32230408-1","msvalidate.01":"354F3CDFB2DA171B47FBE9ABF1F88D5","miscellaneous":""},"schema":{"@context":"https:\/\/schema.org","@graph":[{"@type":"BreadcrumbList","@id":"https:\/\/candas365.es\/noticias\/lo-mas-destacado-de-la-auto-shanghai-en-china\/#breadcrumblist","itemListElement":[{"@type":"ListItem","@id":"https:\/\/candas365.es\/noticias#listItem","position":1,"name":"Home","item":"https:\/\/candas365.es\/noticias","nextItem":{"@type":"ListItem","@id":"https:\/\/candas365.es\/noticias\/category\/revista\/#listItem","name":"Revista"}},{"@type":"ListItem","@id":"https:\/\/candas365.es\/noticias\/category\/revista\/#listItem","position":2,"name":"Revista","item":"https:\/\/candas365.es\/noticias\/category\/revista\/","nextItem":{"@type":"ListItem","@id":"https:\/\/candas365.es\/noticias\/lo-mas-destacado-de-la-auto-shanghai-en-china\/#listItem","name":"Lo m\u00e1s destacado de la Auto Shanghai en China"},"previousItem":{"@type":"ListItem","@id":"https:\/\/candas365.es\/noticias#listItem","name":"Home"}},{"@type":"ListItem","@id":"https:\/\/candas365.es\/noticias\/lo-mas-destacado-de-la-auto-shanghai-en-china\/#listItem","position":3,"name":"Lo m\u00e1s destacado de la Auto Shanghai en China","previousItem":{"@type":"ListItem","@id":"https:\/\/candas365.es\/noticias\/category\/revista\/#listItem","name":"Revista"}}]},{"@type":"NewsArticle","@id":"https:\/\/candas365.es\/noticias\/lo-mas-destacado-de-la-auto-shanghai-en-china\/#newsarticle","name":"Lo m\u00e1s destacado de la Auto Shanghai en China | Cand\u00e1s 365","headline":"Lo m\u00e1s destacado de la Auto Shanghai en China","author":{"@id":"https:\/\/candas365.es\/noticias\/author\/admin\/#author"},"publisher":{"@id":"https:\/\/candas365.es\/noticias\/#organization"},"image":{"@type":"ImageObject","url":"https:\/\/candas365.es\/noticias\/wp-content\/uploads\/2023\/05\/Volkswagen-en-Shanghai.jpg","width":988,"height":666,"caption":"Volkswagen present\u00f3 en Shangh\u00e1i la berlina coup\u00e9 el\u00e9ctrica ID.7. Foto: Thomas Geiger\/dpa"},"datePublished":"2023-05-06T01:31:33+02:00","dateModified":"2023-05-06T01:31:33+02:00","inLanguage":"es-ES","mainEntityOfPage":{"@id":"https:\/\/candas365.es\/noticias\/lo-mas-destacado-de-la-auto-shanghai-en-china\/#webpage"},"isPartOf":{"@id":"https:\/\/candas365.es\/noticias\/lo-mas-destacado-de-la-auto-shanghai-en-china\/#webpage"},"articleSection":"Revista, Motor","dateline":"Publicado el mayo 6, 2023."},{"@type":"Organization","@id":"https:\/\/candas365.es\/noticias\/#organization","name":"Cand\u00e1s 365","description":"Cand\u00e1s 365 es un diario digital independiente, fundado en 2012, con base en Asturias. Informamos con rigor sobre actualidad, sociedad, cultura y ocio, con una mirada local y global.","url":"https:\/\/candas365.es\/noticias\/","email":"info@candas365.es","telephone":"+34652131393","foundingDate":"2012-06-10","logo":{"@type":"ImageObject","url":"https:\/\/candas365.es\/noticias\/wp-content\/uploads\/2024\/09\/Candas-365-Redes.jpg","@id":"https:\/\/candas365.es\/noticias\/lo-mas-destacado-de-la-auto-shanghai-en-china\/#organizationLogo","width":1152,"height":864,"caption":"Cand\u00e1s 365 Redes"},"image":{"@id":"https:\/\/candas365.es\/noticias\/lo-mas-destacado-de-la-auto-shanghai-en-china\/#organizationLogo"},"sameAs":["https:\/\/www.facebook.com\/Nachofdezber","https:\/\/x.com\/NabercoDigital","https:\/\/www.instagram.com\/nachofdezber\/","https:\/\/www.youtube.com\/channel\/UCZP-2wLEB9Rv6erhFmqVnvg"],"address":{"@id":"https:\/\/candas365.es\/noticias\/#postaladdress","@type":"PostalAddress","streetAddress":"san antonio 4, san antonio 4","postalCode":"33430","addressLocality":"Cand\u00e1s","addressRegion":"Asturias","addressCountry":"ES"}},{"@type":"Person","@id":"https:\/\/candas365.es\/noticias\/author\/admin\/#author","url":"https:\/\/candas365.es\/noticias\/author\/admin\/","name":"Cand\u00e1s 365","image":{"@type":"ImageObject","@id":"https:\/\/candas365.es\/noticias\/lo-mas-destacado-de-la-auto-shanghai-en-china\/#authorImage","url":"https:\/\/secure.gravatar.com\/avatar\/496a8e03d0c493ede1718b7934145dbdf8d89be1036b0eec9544e1094c9de390?s=96&d=mm&r=g","width":96,"height":96,"caption":"Cand\u00e1s 365"},"sameAs":["https:\/\/www.facebook.com\/carrenoactualidad","https:\/\/twitter.com\/nbasturias","https:\/\/www.instagram.com\/nachofdezber\/","https:\/\/www.youtube.com\/channel\/UCZP-2wLEB9Rv6erhFmqVnvg"]},{"@type":"WebPage","@id":"https:\/\/candas365.es\/noticias\/lo-mas-destacado-de-la-auto-shanghai-en-china\/#webpage","url":"https:\/\/candas365.es\/noticias\/lo-mas-destacado-de-la-auto-shanghai-en-china\/","name":"Lo m\u00e1s destacado de la Auto Shanghai en China | Cand\u00e1s 365","description":"(dpa) - China es desde hace tiempo el mayor mercado automovil\u00edstico del mundo y, por ello, est\u00e1 especialmente en el punto de mira de la industria del motor","inLanguage":"es-ES","isPartOf":{"@id":"https:\/\/candas365.es\/noticias\/#website"},"breadcrumb":{"@id":"https:\/\/candas365.es\/noticias\/lo-mas-destacado-de-la-auto-shanghai-en-china\/#breadcrumblist"},"author":{"@id":"https:\/\/candas365.es\/noticias\/author\/admin\/#author"},"creator":{"@id":"https:\/\/candas365.es\/noticias\/author\/admin\/#author"},"image":{"@type":"ImageObject","url":"https:\/\/candas365.es\/noticias\/wp-content\/uploads\/2023\/05\/Volkswagen-en-Shanghai.jpg","@id":"https:\/\/candas365.es\/noticias\/lo-mas-destacado-de-la-auto-shanghai-en-china\/#mainImage","width":988,"height":666,"caption":"Volkswagen present\u00f3 en Shangh\u00e1i la berlina coup\u00e9 el\u00e9ctrica ID.7. Foto: Thomas Geiger\/dpa"},"primaryImageOfPage":{"@id":"https:\/\/candas365.es\/noticias\/lo-mas-destacado-de-la-auto-shanghai-en-china\/#mainImage"},"datePublished":"2023-05-06T01:31:33+02:00","dateModified":"2023-05-06T01:31:33+02:00"},{"@type":"WebSite","@id":"https:\/\/candas365.es\/noticias\/#website","url":"https:\/\/candas365.es\/noticias\/","name":"Cand\u00e1s 365","alternateName":"Cand\u00e1s 365 Noticias","description":"Actualidad desde Carre\u00f1o para el mundo","inLanguage":"es-ES","publisher":{"@id":"https:\/\/candas365.es\/noticias\/#organization"}}]},"og:locale":"es_ES","og:site_name":"Cand\u00e1s 365","og:type":"article","og:title":"Lo m\u00e1s destacado de la Auto Shanghai en China | Cand\u00e1s 365","og:description":"(dpa) - China es desde hace tiempo el mayor mercado automovil\u00edstico del mundo y, por ello, est\u00e1 especialmente en el punto de mira de la industria del motor","og:url":"https:\/\/candas365.es\/noticias\/lo-mas-destacado-de-la-auto-shanghai-en-china\/","og:image":"https:\/\/candas365.es\/noticias\/wp-content\/uploads\/2023\/05\/Volkswagen-en-Shanghai.jpg","og:image:secure_url":"https:\/\/candas365.es\/noticias\/wp-content\/uploads\/2023\/05\/Volkswagen-en-Shanghai.jpg","og:image:width":988,"og:image:height":666,"article:published_time":"2023-05-05T23:31:33+00:00","article:modified_time":"2023-05-05T23:31:33+00:00","article:publisher":"https:\/\/www.facebook.com\/Nachofdezber","article:author":"https:\/\/www.facebook.com\/carrenoactualidad","twitter:card":"summary_large_image","twitter:site":"@NabercoDigital","twitter:title":"Lo m\u00e1s destacado de la Auto Shanghai en China | Cand\u00e1s 365","twitter:description":"(dpa) - China es desde hace tiempo el mayor mercado automovil\u00edstico del mundo y, por ello, est\u00e1 especialmente en el punto de mira de la industria del motor","twitter:creator":"@nbasturias","twitter:image":"https:\/\/candas365.es\/noticias\/wp-content\/uploads\/2023\/05\/Volkswagen-en-Shanghai.jpg","twitter:label1":"Escrito por","twitter:data1":"Cand\u00e1s 365","twitter:label2":"Tiempo de lectura estimado","twitter:data2":"5 minutos"},"aioseo_meta_data":{"post_id":"173476","title":null,"description":"(dpa) - China es desde hace tiempo el mayor mercado automovil\u00edstico del mundo y, por ello, est\u00e1 especialmente en el punto de mira de la industria del motor","keywords":[],"keyphrases":{"focus":{"keyphrase":" China ","score":83,"analysis":{"keyphraseInTitle":{"score":9,"maxScore":9,"error":0},"keyphraseInDescription":{"score":9,"maxScore":9,"error":0},"keyphraseLength":{"score":9,"maxScore":9,"error":0,"length":1},"keyphraseInURL":{"score":1,"maxScore":5,"error":1},"keyphraseInIntroduction":{"score":9,"maxScore":9,"error":0},"keyphraseInSubHeadings":{"score":3,"maxScore":9,"error":1},"keyphraseInImageAlt":{"score":9,"maxScore":9,"error":0}}},"additional":[{"keyphrase":" motor","score":100,"analysis":{"keyphraseInDescription":{"score":9,"maxScore":9,"error":0},"keyphraseLength":{"score":9,"maxScore":9,"error":0,"length":1},"keyphraseInIntroduction":{"score":9,"maxScore":9,"error":0},"keyphraseInImageAlt":{"score":9,"maxScore":9,"error":0}}},{"keyphrase":" China ","score":100,"analysis":{"keyphraseInDescription":{"score":9,"maxScore":9,"error":0},"keyphraseLength":{"score":9,"maxScore":9,"error":0,"length":1},"keyphraseInIntroduction":{"score":9,"maxScore":9,"error":0},"keyphraseInImageAlt":{"score":9,"maxScore":9,"error":0}}}]},"primary_term":null,"canonical_url":null,"og_title":null,"og_description":null,"og_object_type":"default","og_image_type":"default","og_image_url":null,"og_image_width":null,"og_image_height":null,"og_image_custom_url":null,"og_image_custom_fields":null,"og_video":"","og_custom_url":null,"og_article_section":null,"og_article_tags":[],"twitter_use_og":false,"twitter_card":"default","twitter_image_type":"default","twitter_image_url":null,"twitter_image_custom_url":null,"twitter_image_custom_fields":null,"twitter_title":null,"twitter_description":null,"schema":{"blockGraphs":[],"customGraphs":[],"default":{"data":{"Article":[],"Course":[],"Dataset":[],"FAQPage":[],"Movie":[],"Person":[],"Product":[],"ProductReview":[],"Car":[],"Recipe":[],"Service":[],"SoftwareApplication":[],"WebPage":[]},"graphName":"","isEnabled":true},"graphs":[]},"schema_type":"default","schema_type_options":null,"pillar_content":false,"robots_default":true,"robots_noindex":false,"robots_noarchive":false,"robots_nosnippet":false,"robots_nofollow":false,"robots_noimageindex":false,"robots_noodp":false,"robots_notranslate":false,"robots_max_snippet":"-1","robots_max_videopreview":"-1","robots_max_imagepreview":"large","priority":null,"frequency":"default","location":null,"local_seo":null,"seo_analyzer_scan_date":"2025-09-01 20:30:13","breadcrumb_settings":null,"limit_modified_date":false,"reviewed_by":null,"open_ai":"{\"title\":{\"suggestions\":[],\"usage\":0},\"description\":{\"suggestions\":[],\"usage\":0}}","ai":null,"created":"2023-05-05 23:17:54","updated":"2025-09-01 20:30:13"},"aioseo_breadcrumb":"<div class=\"aioseo-breadcrumbs\"><span class=\"aioseo-breadcrumb\">\n\t<a href=\"https:\/\/candas365.es\/noticias\" title=\"Home\">Home<\/a>\n<\/span><span class=\"aioseo-breadcrumb-separator\">&ndash;<\/span><span class=\"aioseo-breadcrumb\">\n\t<a href=\"https:\/\/candas365.es\/noticias\/category\/revista\/\" title=\"Revista\">Revista<\/a>\n<\/span><span class=\"aioseo-breadcrumb-separator\">&ndash;<\/span><span class=\"aioseo-breadcrumb\">\n\tLo m\u00e1s destacado de la Auto Shanghai en China\n<\/span><\/div>","aioseo_breadcrumb_json":[{"label":"Home","link":"https:\/\/candas365.es\/noticias"},{"label":"Revista","link":"https:\/\/candas365.es\/noticias\/category\/revista\/"},{"label":"Lo m\u00e1s destacado de la Auto Shanghai en China","link":"https:\/\/candas365.es\/noticias\/lo-mas-destacado-de-la-auto-shanghai-en-china\/"}],"_links":{"self":[{"href":"https:\/\/candas365.es\/noticias\/wp-json\/wp\/v2\/posts\/173476","targetHints":{"allow":["GET"]}}],"collection":[{"href":"https:\/\/candas365.es\/noticias\/wp-json\/wp\/v2\/posts"}],"about":[{"href":"https:\/\/candas365.es\/noticias\/wp-json\/wp\/v2\/types\/post"}],"author":[{"embeddable":true,"href":"https:\/\/candas365.es\/noticias\/wp-json\/wp\/v2\/users\/1"}],"replies":[{"embeddable":true,"href":"https:\/\/candas365.es\/noticias\/wp-json\/wp\/v2\/comments?post=173476"}],"version-history":[{"count":0,"href":"https:\/\/candas365.es\/noticias\/wp-json\/wp\/v2\/posts\/173476\/revisions"}],"wp:featuredmedia":[{"embeddable":true,"href":"https:\/\/candas365.es\/noticias\/wp-json\/wp\/v2\/media\/173477"}],"wp:attachment":[{"href":"https:\/\/candas365.es\/noticias\/wp-json\/wp\/v2\/media?parent=173476"}],"wp:term":[{"taxonomy":"category","embeddable":true,"href":"https:\/\/candas365.es\/noticias\/wp-json\/wp\/v2\/categories?post=173476"},{"taxonomy":"post_tag","embeddable":true,"href":"https:\/\/candas365.es\/noticias\/wp-json\/wp\/v2\/tags?post=173476"}],"curies":[{"name":"wp","href":"https:\/\/api.w.org\/{rel}","templated":true}]}}