{"id":173448,"date":"2023-05-04T19:39:11","date_gmt":"2023-05-04T17:39:11","guid":{"rendered":"https:\/\/candas365.es\/noticias\/?p=173448"},"modified":"2023-05-04T19:39:39","modified_gmt":"2023-05-04T17:39:39","slug":"de-ruta-por-la-costa-oeste-de-canada","status":"publish","type":"post","link":"https:\/\/candas365.es\/noticias\/de-ruta-por-la-costa-oeste-de-canada\/","title":{"rendered":"De ruta por la costa oeste de Canad\u00e1"},"content":{"rendered":"<p>(dpa) &#8211; Flavian Harry est\u00e1 parado en medio del bosque durante una ma\u00f1ana neblinosa y se\u00f1ala una casa venida abajo entre los matorrales. \u00ab<strong>Cuando era ni\u00f1o fui algunos a\u00f1os a la escuela en ese edificio\u00bb, cuenta en voz baja. \u00abNo tengo buenos recuerdos de ese lugar. All\u00ed pasaron muchas cosas malas\u00bb, asegura.<\/strong><\/p>\n<figure id=\"attachment_173451\" aria-describedby=\"caption-attachment-173451\" style=\"width: 650px\" class=\"wp-caption aligncenter\"><img fetchpriority=\"high\" decoding=\"async\" class=\"wp-image-173451 size-large\" src=\"https:\/\/candas365.es\/noticias\/wp-content\/uploads\/2023\/05\/costa-oeste-de-Canada-650x449.jpg\" alt=\"costa oeste de Canad\u00e1\" width=\"650\" height=\"449\" srcset=\"https:\/\/candas365.es\/noticias\/wp-content\/uploads\/2023\/05\/costa-oeste-de-Canada-650x449.jpg 650w, https:\/\/candas365.es\/noticias\/wp-content\/uploads\/2023\/05\/costa-oeste-de-Canada-360x249.jpg 360w, https:\/\/candas365.es\/noticias\/wp-content\/uploads\/2023\/05\/costa-oeste-de-Canada-768x531.jpg 768w, https:\/\/candas365.es\/noticias\/wp-content\/uploads\/2023\/05\/costa-oeste-de-Canada-150x104.jpg 150w, https:\/\/candas365.es\/noticias\/wp-content\/uploads\/2023\/05\/costa-oeste-de-Canada-450x311.jpg 450w, https:\/\/candas365.es\/noticias\/wp-content\/uploads\/2023\/05\/costa-oeste-de-Canada.jpg 980w\" sizes=\"(max-width: 650px) 100vw, 650px\" \/><figcaption id=\"caption-attachment-173451\" class=\"wp-caption-text\">\u00c1spera y escarpada: una playa cerca de Bamfield, en la costa oeste de la isla de Vancouver. Foto: J\u00f6rg Michel\/dpa<\/figcaption><\/figure>\n<p>Ya pasaron 50 a\u00f1os de esto, pero a veces Harry siente como si todo hubiera pasado ayer: los golpes, la violencia, el abuso. Al hombre de hoy 62 a\u00f1os no le gusta hablar sobre sus a\u00f1os en la escuela de jornada completa de Aupe. Pero al ver la ruina, no puede evitar los recuerdos.<\/p>\n<blockquote><p>Flavian Harry forma parte de la Homalco First Nation, un pueblo ind\u00edgena que vive en la costa oeste de Canad\u00e1. Al igual que le sucedi\u00f3 a muchos habitantes originarios del lugar, cuando Harry era ni\u00f1o y adolescente, buscaron \u00abreeducarlo\u00bb.<\/p><\/blockquote>\n<p>\u00abEn las escuelas buscaron robarnos nuestra cultura e idioma ind\u00edgenas. De ser necesario, con violencia\u00bb, cuenta Harry mientras avanza entre la espesura de los helechos en Aupe. Debe prestar atenci\u00f3n d\u00f3nde pisa. Los senderos desdibujados por las pisadas est\u00e1n llenos de excremento de osos. Harry mantiene los animales a una distancia prudencial aplaudiendo regularmente de forma sonora.<\/p>\n<p>Harry trabaja como capit\u00e1n y gu\u00eda tur\u00edstico para Homalco Tours, una agencia de viajes local. Hoy llev\u00f3 turistas a Aupe con su bote para contarles m\u00e1s sobre la historia y la cultura de los habitantes originarios de <span style=\"color: #ff6600;\"><a style=\"color: #ff6600;\" href=\"https:\/\/es.wikipedia.org\/wiki\/Canad%C3%A1\" target=\"_blank\" rel=\"noopener\"><strong>Canad\u00e1<\/strong><\/a><\/span>.<strong> Las salidas de Campbell River, en Vancouver Island, hacia el antiguo pueblo llevan unas cinco horas.<\/strong><\/p>\n<p>El lugar de su ni\u00f1ez se llamaba antes Church House y se ubica al final de un fiordo muy pintoresco entre la isla y tierra firme, en la provincia de British Columbia. Alguna vez vivieron en Aupe 200 personas.<strong> A fines de los 80, el lugar qued\u00f3 despoblado debido a su ubicaci\u00f3n apartada. Hoy en d\u00eda solo es posible encontrar all\u00ed casas derruidas, \u00e1rboles frutales salvajes y osos. Harry no se calla las experiencias traum\u00e1ticas de su pasado durante el recorrido<\/strong>.<\/p>\n<h2>La historia de las instalaciones de reeducaci\u00f3n<\/h2>\n<p>Se trata de uno de los cap\u00edtulos m\u00e1s oscuros de la historia de Canad\u00e1. Durante mucho tiempo, los ni\u00f1os ind\u00edgenas como Harry eran arrancados de sus familias y llevados a escuelas e internados, donde se los trataba de reeducar violentamente. Las \u00faltimas instalaciones de este tipo, creadas por el Estado y que sol\u00edan administrar las iglesias, cerraron en los a\u00f1os 90. Se estima que unos 150.000 ni\u00f1os fueron sometidos a este r\u00e9gimen forzado.<\/p>\n<p>La Comisi\u00f3n para la Verdad y la Reconciliaci\u00f3n de Canad\u00e1 estima que hasta 6.000 ni\u00f1os murieron en las instalaciones, la mayor\u00eda de ellos de enfermedades y abandono, a veces por efecto de la soledad y los malos tratos. <strong>Muchos de los ni\u00f1os muertos fueron sepultados de forma an\u00f3nima. Algunas de las fosas fueron encontradas reci\u00e9n ahora, lo que por supuesto gener\u00f3 titulares.<\/strong><\/p>\n<p>Pero Harry no quiere hablar solo de esto. Tambi\u00e9n quiere hablarle a sus hu\u00e9spedes del mundo cultural y espiritual de su pueblo, que ya viv\u00eda en las aguas cercanas al r\u00edo Campbell River cuando a\u00fan ning\u00fan europeo hab\u00eda puesto pie en la zona.<\/p>\n<figure id=\"attachment_173450\" aria-describedby=\"caption-attachment-173450\" style=\"width: 650px\" class=\"wp-caption aligncenter\"><img decoding=\"async\" class=\"wp-image-173450 size-large\" src=\"https:\/\/candas365.es\/noticias\/wp-content\/uploads\/2023\/05\/orca-650x423.jpg\" alt=\"orca\" width=\"650\" height=\"423\" srcset=\"https:\/\/candas365.es\/noticias\/wp-content\/uploads\/2023\/05\/orca-650x423.jpg 650w, https:\/\/candas365.es\/noticias\/wp-content\/uploads\/2023\/05\/orca-360x234.jpg 360w, https:\/\/candas365.es\/noticias\/wp-content\/uploads\/2023\/05\/orca-768x500.jpg 768w, https:\/\/candas365.es\/noticias\/wp-content\/uploads\/2023\/05\/orca-150x98.jpg 150w, https:\/\/candas365.es\/noticias\/wp-content\/uploads\/2023\/05\/orca-450x293.jpg 450w, https:\/\/candas365.es\/noticias\/wp-content\/uploads\/2023\/05\/orca.jpg 1002w\" sizes=\"(max-width: 650px) 100vw, 650px\" \/><figcaption id=\"caption-attachment-173450\" class=\"wp-caption-text\">Aparece una orca, animal sagrado para el pueblo Homalco. Foto: J\u00f6rg Michel\/dpa<\/figcaption><\/figure>\n<h2>Cerca de las orcas sagradas<\/h2>\n<p>\u00ab\u00a1Miren, miren!\u00bb, exclama de repente mientras conduce el bote a trav\u00e9s de los fiordos durante el viaje de regreso. En el horizonte, se ven emerger del agua unas enormes aletas dorsales: primero una, luego dos. Un grupo de orcas se reuni\u00f3 no muy lejos del barco para salir a cazar juntas. Majestuosamente, los animales se elevan varias veces por encima del agua para volver a desaparecer en las profundidades en alg\u00fan momento.<\/p>\n<p>\u00abPara nosotros, las orcas son animales sagrados\u00bb, dice Harry mientras frena el bote. En muchas culturas ind\u00edgenas, las orcas son consideradas guardianas de los mares y figuras espirituales por su comportamiento social y familiar. <strong>Los Homalco las llaman \u00abnanqam\u00bb, un vocablo que Harry usa varias veces en el d\u00eda.<\/strong><\/p>\n<p>Ya sean ballenas, osos o \u00e1guilas, la naturaleza, la fauna y los paisajes desempe\u00f1an, junto a la historia, un papel fundamental en las <a href=\"https:\/\/candas365.es\/noticias\/category\/turismo\/\" target=\"_blank\" rel=\"noopener\"><span style=\"color: #ff6600;\"><strong>excursiones guiadas<\/strong><\/span><\/a> por los ind\u00edgenas. Tambi\u00e9n se ofrecen experiencias culturales: <strong>hay museos y hoteles dirigidos por ind\u00edgenas. En ellos, los turistas pueden asistir a ceremonias tradicionales o ver trabajar a los artistas.<\/strong><\/p>\n<h2>El turismo como una oportunidad para los grupos ind\u00edgenas<\/h2>\n<p>Hasta hace unos pocos a\u00f1os, este tipo de ofertas eran raras. Pero cada vez m\u00e1s grupos ind\u00edgenas ven el turismo como una fuente de ingresos y una oportunidad de cuidar y preservar su cultura. Su asociaci\u00f3n de turismo estima que hay unos 2.000 operadores de turismo ind\u00edgenas en Canad\u00e1 y que alrededor de 20.000 personas viven de esto.<\/p>\n<p>Wisqii, del pueblo de los Huu-ay-aht, tambi\u00e9n forma parte de esto. Este hombre, de 50 a\u00f1os, vive en Barkley Sound, en la escarpada costa oeste de la isla de Vancouver, cerca de Bamfield. El viaje hasta all\u00ed no es nada f\u00e1cil: los visitantes pueden conducir desde Port Alberni por una carretera forestal sin asfaltar de 90 kil\u00f3metros o pueden utilizar un carguero que sale de all\u00ed tres veces por semana.<\/p>\n<p>Wisqii usa un sombrero tejido de corteza de cedro con parches naranjas. El naranja es considerado en Canad\u00e1 un s\u00edmbolo de las v\u00edctimas ind\u00edgenas de los internados y, al mismo tiempo, del deseo de perd\u00f3n y reconciliaci\u00f3n. <strong>\u00abEl turismo puede ayudarnos a tender puentes y llevar nuestras historias al mundo\u00bb, dice Wisqii convencido.<\/strong><\/p>\n<h2>Vistazos a un lugar espiritual<\/h2>\n<p>Por eso, tras largas discusiones, el pueblo se decidi\u00f3 a abrir uno de sus lugares sagrados a los visitantes: se trata del asentamiento hundido de Kiixin, considerado un centro espiritual. Es una de las pocas viviendas tradicionales de las First Nations en la isla de Vancouver donde a\u00fan se pueden apreciar restos arqueol\u00f3gicos del siglo XIX.<\/p>\n<figure id=\"attachment_173449\" aria-describedby=\"caption-attachment-173449\" style=\"width: 650px\" class=\"wp-caption aligncenter\"><img decoding=\"async\" class=\"wp-image-173449 size-large\" src=\"https:\/\/candas365.es\/noticias\/wp-content\/uploads\/2023\/05\/cultura-indigena-650x438.jpg\" alt=\"cultura ind\u00edgena\" width=\"650\" height=\"438\" srcset=\"https:\/\/candas365.es\/noticias\/wp-content\/uploads\/2023\/05\/cultura-indigena-650x438.jpg 650w, https:\/\/candas365.es\/noticias\/wp-content\/uploads\/2023\/05\/cultura-indigena-360x243.jpg 360w, https:\/\/candas365.es\/noticias\/wp-content\/uploads\/2023\/05\/cultura-indigena-768x518.jpg 768w, https:\/\/candas365.es\/noticias\/wp-content\/uploads\/2023\/05\/cultura-indigena-150x101.jpg 150w, https:\/\/candas365.es\/noticias\/wp-content\/uploads\/2023\/05\/cultura-indigena-450x303.jpg 450w, https:\/\/candas365.es\/noticias\/wp-content\/uploads\/2023\/05\/cultura-indigena.jpg 992w\" sizes=\"(max-width: 650px) 100vw, 650px\" \/><figcaption id=\"caption-attachment-173449\" class=\"wp-caption-text\">Se pueden encontrar vestigios de la cultura ind\u00edgena en muchos lugares de la isla de Vancouver, como este t\u00f3tem en Bamfield. Foto: J\u00f6rg Michel\/dpa<\/figcaption><\/figure>\n<p>Traducido, Kiixin quiere decir \u00aball\u00ed donde las olas se precipitan sobre los guijarros\u00bb, y ese nombre lo dice todo. El asentamiento hundido se encuentra en una pintoresca bah\u00eda, llena de guijarros, y se puede llegar a \u00e9l en bote o tras una caminata de una hora por la selva tropical. En los meses de verano, gu\u00edas como Wisqii llevan hasta all\u00ed a pie a un peque\u00f1o grupo de visitantes una vez al d\u00eda.<\/p>\n<p>Anta\u00f1o hab\u00eda all\u00ed casas de caciques y viviendas de cedro pintadas de colores. \u00abKiixin era el asentamiento del verano. Desde aqu\u00ed sal\u00edamos a cazar ballenas\u00bb, explica Wisqii. Clanes rivales libraron muchas batallas en este lugar de importancia estrat\u00e9gica.<\/p>\n<blockquote><p>Escondidos entre los arbustos, no lejos de la playa, algunos postes, vigas y travesa\u00f1os de los antiguos edificios sobrevivieron al paso del tiempo. Cubiertos de enredaderas y musgos, parecen testigos m\u00edsticos de un mundo desaparecido.<\/p><\/blockquote>\n<p>\u00abEsta construcci\u00f3n fue una vez una casa potlatch\u00bb, dice Wisqii y se\u00f1ala una superficie cubierta de pasto sobre la que se reconocen unos cimientos.<\/p>\n<p>Las fiestas potlatch eran reuniones en las que las First Nations celebraban su cultura y sus tradiciones familiares. Se prohibieron entre 1885 y 1951 como parte de la pol\u00edtica de asimilaci\u00f3n.<\/p>\n<p>Desde entonces, la conciencia cambi\u00f3 en Canad\u00e1, y muchos ind\u00edgenas vuelven a tener esperanzas en el futuro, en parte tambi\u00e9n gracias al turismo.<\/p>\n<h2>Informaci\u00f3n: turismo ind\u00edgena en al costa oeste de Canad\u00e1<\/h2>\n<p>Llegada: para llegar a la costa oeste de Canad\u00e1 se puede volar a los aeropuertos de Vancouver o Victoria. De Victoria a Campbell River son 260 kil\u00f3metros en auto, y luego 280 kil\u00f3metros a Bamfield, de ellos 90 kil\u00f3metros sobre gravilla.<\/p>\n<p>Llegada: los ciudadanos de los pa\u00edses de la UE necesitan un permiso de ingreso electr\u00f3nico eTA. Debe ser solicitado de manera online.<\/p>\n<p>Mejor \u00e9poca para viajar: el clima en las regiones costeras de British Columbia es templado y llueve mucho. La \u00e9poca ideal para viajar es a fines de septiembre.<\/p>\n<p>Turismo ind\u00edgena: la asociaci\u00f3n de operadores tur\u00edsticos ind\u00edgenas en British Columbia cuenta con el portal www.indigenousbc.com, donde hay informaci\u00f3n acerca de tours y alojamientos, entre ellos campings, tipis, hoteles y lodges.<\/p>\n<p>Cambio: 1 d\u00f3lar canadiense = 0,74 d\u00f3lares estadounidenses = 0,68 euros<\/p>\n<p>M\u00e1s informaci\u00f3n en Destination British Columbia, www.hellobc.com<\/p>\n<p><i class=\"lang-es\"><span class=\" readonly\" title=\"\">Por J\u00f6rg Michel (dpa)<\/span><\/i><\/p>\n","protected":false},"excerpt":{"rendered":"<p>(dpa) &#8211; Flavian Harry est\u00e1 parado en medio del bosque durante una ma\u00f1ana neblinosa y se\u00f1ala una casa venida abajo entre los matorrales. \u00abCuando era ni\u00f1o fui algunos a\u00f1os a la escuela en ese edificio\u00bb, cuenta en voz baja. \u00abNo tengo buenos recuerdos de ese lugar. All\u00ed pasaron muchas cosas malas\u00bb, asegura. Ya pasaron 50<\/p>\n","protected":false},"author":1,"featured_media":173451,"comment_status":"closed","ping_status":"closed","sticky":false,"template":"","format":"standard","meta":{"footnotes":""},"categories":[359],"tags":[412,411],"class_list":{"0":"post-173448","1":"post","2":"type-post","3":"status-publish","4":"format-standard","5":"has-post-thumbnail","7":"category-turismo","8":"tag-turismo","9":"tag-viajes"},"aioseo_notices":[],"aioseo_head":"\n\t\t<!-- All in One SEO Pro 4.9.6.2 - aioseo.com -->\n\t<meta name=\"description\" content=\"(dpa) - Flavian Harry est\u00e1 parado en medio del bosque durante una ma\u00f1ana neblinosa y se\u00f1ala una casa venida abajo entre los matorrales\" \/>\n\t<meta name=\"robots\" content=\"max-image-preview:large\" \/>\n\t<meta name=\"author\" content=\"Cand\u00e1s 365\"\/>\n\t<meta name=\"google-site-verification\" content=\"UA-32230408-1\" \/>\n\t<meta name=\"msvalidate.01\" content=\"354F3CDFB2DA171B47FBE9ABF1F88D5\" \/>\n\t<meta name=\"keywords\" content=\"turismo\" \/>\n\t<link rel=\"canonical\" href=\"https:\/\/candas365.es\/noticias\/de-ruta-por-la-costa-oeste-de-canada\/\" \/>\n\t<meta name=\"generator\" content=\"All in One SEO Pro (AIOSEO) 4.9.6.2\" \/>\n\t\t<meta property=\"og:locale\" content=\"es_ES\" \/>\n\t\t<meta property=\"og:site_name\" content=\"Cand\u00e1s 365\" \/>\n\t\t<meta property=\"og:type\" content=\"article\" \/>\n\t\t<meta property=\"og:title\" content=\"De ruta por la costa oeste de Canad\u00e1 | Cand\u00e1s 365\" \/>\n\t\t<meta property=\"og:description\" content=\"(dpa) - Flavian Harry est\u00e1 parado en medio del bosque durante una ma\u00f1ana neblinosa y se\u00f1ala una casa venida abajo entre los matorrales\" \/>\n\t\t<meta property=\"og:url\" content=\"https:\/\/candas365.es\/noticias\/de-ruta-por-la-costa-oeste-de-canada\/\" \/>\n\t\t<meta property=\"og:image\" content=\"https:\/\/candas365.es\/noticias\/wp-content\/uploads\/2023\/05\/costa-oeste-de-Canada.jpg\" \/>\n\t\t<meta property=\"og:image:secure_url\" content=\"https:\/\/candas365.es\/noticias\/wp-content\/uploads\/2023\/05\/costa-oeste-de-Canada.jpg\" \/>\n\t\t<meta property=\"og:image:width\" content=\"980\" \/>\n\t\t<meta property=\"og:image:height\" content=\"677\" \/>\n\t\t<meta property=\"article:published_time\" content=\"2023-05-04T17:39:11+00:00\" \/>\n\t\t<meta property=\"article:modified_time\" content=\"2023-05-04T17:39:39+00:00\" \/>\n\t\t<meta property=\"article:publisher\" content=\"https:\/\/www.facebook.com\/Nachofdezber\" \/>\n\t\t<meta property=\"article:author\" content=\"https:\/\/www.facebook.com\/carrenoactualidad\" \/>\n\t\t<meta name=\"twitter:card\" content=\"summary_large_image\" \/>\n\t\t<meta name=\"twitter:site\" content=\"@NabercoDigital\" \/>\n\t\t<meta name=\"twitter:title\" content=\"De ruta por la costa oeste de Canad\u00e1 | Cand\u00e1s 365\" \/>\n\t\t<meta name=\"twitter:description\" content=\"(dpa) - Flavian Harry est\u00e1 parado en medio del bosque durante una ma\u00f1ana neblinosa y se\u00f1ala una casa venida abajo entre los matorrales\" \/>\n\t\t<meta name=\"twitter:creator\" content=\"@nbasturias\" \/>\n\t\t<meta name=\"twitter:image\" content=\"https:\/\/candas365.es\/noticias\/wp-content\/uploads\/2023\/05\/costa-oeste-de-Canada.jpg\" \/>\n\t\t<meta name=\"twitter:label1\" content=\"Escrito por\" \/>\n\t\t<meta name=\"twitter:data1\" content=\"Cand\u00e1s 365\" \/>\n\t\t<meta name=\"twitter:label2\" content=\"Tiempo de lectura estimado\" \/>\n\t\t<meta name=\"twitter:data2\" content=\"8 minutos\" \/>\n\t\t<script type=\"application\/ld+json\" class=\"aioseo-schema\">\n\t\t\t{\"@context\":\"https:\\\/\\\/schema.org\",\"@graph\":[{\"@type\":\"BreadcrumbList\",\"@id\":\"https:\\\/\\\/candas365.es\\\/noticias\\\/de-ruta-por-la-costa-oeste-de-canada\\\/#breadcrumblist\",\"itemListElement\":[{\"@type\":\"ListItem\",\"@id\":\"https:\\\/\\\/candas365.es\\\/noticias#listItem\",\"position\":1,\"name\":\"Home\",\"item\":\"https:\\\/\\\/candas365.es\\\/noticias\",\"nextItem\":{\"@type\":\"ListItem\",\"@id\":\"https:\\\/\\\/candas365.es\\\/noticias\\\/category\\\/turismo\\\/#listItem\",\"name\":\"Turismo\"}},{\"@type\":\"ListItem\",\"@id\":\"https:\\\/\\\/candas365.es\\\/noticias\\\/category\\\/turismo\\\/#listItem\",\"position\":2,\"name\":\"Turismo\",\"item\":\"https:\\\/\\\/candas365.es\\\/noticias\\\/category\\\/turismo\\\/\",\"nextItem\":{\"@type\":\"ListItem\",\"@id\":\"https:\\\/\\\/candas365.es\\\/noticias\\\/de-ruta-por-la-costa-oeste-de-canada\\\/#listItem\",\"name\":\"De ruta por la costa oeste de Canad\\u00e1\"},\"previousItem\":{\"@type\":\"ListItem\",\"@id\":\"https:\\\/\\\/candas365.es\\\/noticias#listItem\",\"name\":\"Home\"}},{\"@type\":\"ListItem\",\"@id\":\"https:\\\/\\\/candas365.es\\\/noticias\\\/de-ruta-por-la-costa-oeste-de-canada\\\/#listItem\",\"position\":3,\"name\":\"De ruta por la costa oeste de Canad\\u00e1\",\"previousItem\":{\"@type\":\"ListItem\",\"@id\":\"https:\\\/\\\/candas365.es\\\/noticias\\\/category\\\/turismo\\\/#listItem\",\"name\":\"Turismo\"}}]},{\"@type\":\"NewsArticle\",\"@id\":\"https:\\\/\\\/candas365.es\\\/noticias\\\/de-ruta-por-la-costa-oeste-de-canada\\\/#newsarticle\",\"name\":\"De ruta por la costa oeste de Canad\\u00e1 | Cand\\u00e1s 365\",\"headline\":\"De ruta por la costa oeste de Canad\\u00e1\",\"author\":{\"@id\":\"https:\\\/\\\/candas365.es\\\/noticias\\\/author\\\/admin\\\/#author\"},\"publisher\":{\"@id\":\"https:\\\/\\\/candas365.es\\\/noticias\\\/#organization\"},\"image\":{\"@type\":\"ImageObject\",\"url\":\"https:\\\/\\\/candas365.es\\\/noticias\\\/wp-content\\\/uploads\\\/2023\\\/05\\\/costa-oeste-de-Canada.jpg\",\"width\":980,\"height\":677,\"caption\":\"\\u00c1spera y escarpada: una playa cerca de Bamfield, en la costa oeste de la isla de Vancouver. Foto: J\\u00f6rg Michel\\\/dpa\"},\"datePublished\":\"2023-05-04T19:39:11+02:00\",\"dateModified\":\"2023-05-04T19:39:39+02:00\",\"inLanguage\":\"es-ES\",\"mainEntityOfPage\":{\"@id\":\"https:\\\/\\\/candas365.es\\\/noticias\\\/de-ruta-por-la-costa-oeste-de-canada\\\/#webpage\"},\"isPartOf\":{\"@id\":\"https:\\\/\\\/candas365.es\\\/noticias\\\/de-ruta-por-la-costa-oeste-de-canada\\\/#webpage\"},\"articleSection\":\"Turismo, turismo, viajes\",\"dateline\":\"Publicado el mayo 4, 2023.\"},{\"@type\":\"Organization\",\"@id\":\"https:\\\/\\\/candas365.es\\\/noticias\\\/#organization\",\"name\":\"Cand\\u00e1s 365\",\"description\":\"Cand\\u00e1s 365 es un diario digital independiente, fundado en 2012, con base en Asturias. Informamos con rigor sobre actualidad, sociedad, cultura y ocio, con una mirada local y global.\",\"url\":\"https:\\\/\\\/candas365.es\\\/noticias\\\/\",\"email\":\"info@candas365.es\",\"telephone\":\"+34652131393\",\"foundingDate\":\"2012-06-10\",\"logo\":{\"@type\":\"ImageObject\",\"url\":\"https:\\\/\\\/candas365.es\\\/noticias\\\/wp-content\\\/uploads\\\/2024\\\/09\\\/Candas-365-Redes.jpg\",\"@id\":\"https:\\\/\\\/candas365.es\\\/noticias\\\/de-ruta-por-la-costa-oeste-de-canada\\\/#organizationLogo\",\"width\":1152,\"height\":864,\"caption\":\"Cand\\u00e1s 365 Redes\"},\"image\":{\"@id\":\"https:\\\/\\\/candas365.es\\\/noticias\\\/de-ruta-por-la-costa-oeste-de-canada\\\/#organizationLogo\"},\"sameAs\":[\"https:\\\/\\\/www.facebook.com\\\/Nachofdezber\",\"https:\\\/\\\/x.com\\\/NabercoDigital\",\"https:\\\/\\\/www.instagram.com\\\/nachofdezber\\\/\",\"https:\\\/\\\/www.youtube.com\\\/channel\\\/UCZP-2wLEB9Rv6erhFmqVnvg\"],\"address\":{\"@id\":\"https:\\\/\\\/candas365.es\\\/noticias\\\/#postaladdress\",\"@type\":\"PostalAddress\",\"streetAddress\":\"san antonio 4, san antonio 4\",\"postalCode\":\"33430\",\"addressLocality\":\"Cand\\u00e1s\",\"addressRegion\":\"Asturias\",\"addressCountry\":\"ES\"}},{\"@type\":\"Person\",\"@id\":\"https:\\\/\\\/candas365.es\\\/noticias\\\/author\\\/admin\\\/#author\",\"url\":\"https:\\\/\\\/candas365.es\\\/noticias\\\/author\\\/admin\\\/\",\"name\":\"Cand\\u00e1s 365\",\"image\":{\"@type\":\"ImageObject\",\"@id\":\"https:\\\/\\\/candas365.es\\\/noticias\\\/de-ruta-por-la-costa-oeste-de-canada\\\/#authorImage\",\"url\":\"https:\\\/\\\/secure.gravatar.com\\\/avatar\\\/496a8e03d0c493ede1718b7934145dbdf8d89be1036b0eec9544e1094c9de390?s=96&d=mm&r=g\",\"width\":96,\"height\":96,\"caption\":\"Cand\\u00e1s 365\"},\"sameAs\":[\"https:\\\/\\\/www.facebook.com\\\/carrenoactualidad\",\"https:\\\/\\\/twitter.com\\\/nbasturias\",\"https:\\\/\\\/www.instagram.com\\\/nachofdezber\\\/\",\"https:\\\/\\\/www.youtube.com\\\/channel\\\/UCZP-2wLEB9Rv6erhFmqVnvg\"]},{\"@type\":\"WebPage\",\"@id\":\"https:\\\/\\\/candas365.es\\\/noticias\\\/de-ruta-por-la-costa-oeste-de-canada\\\/#webpage\",\"url\":\"https:\\\/\\\/candas365.es\\\/noticias\\\/de-ruta-por-la-costa-oeste-de-canada\\\/\",\"name\":\"De ruta por la costa oeste de Canad\\u00e1 | Cand\\u00e1s 365\",\"description\":\"(dpa) - Flavian Harry est\\u00e1 parado en medio del bosque durante una ma\\u00f1ana neblinosa y se\\u00f1ala una casa venida abajo entre los matorrales\",\"inLanguage\":\"es-ES\",\"isPartOf\":{\"@id\":\"https:\\\/\\\/candas365.es\\\/noticias\\\/#website\"},\"breadcrumb\":{\"@id\":\"https:\\\/\\\/candas365.es\\\/noticias\\\/de-ruta-por-la-costa-oeste-de-canada\\\/#breadcrumblist\"},\"author\":{\"@id\":\"https:\\\/\\\/candas365.es\\\/noticias\\\/author\\\/admin\\\/#author\"},\"creator\":{\"@id\":\"https:\\\/\\\/candas365.es\\\/noticias\\\/author\\\/admin\\\/#author\"},\"image\":{\"@type\":\"ImageObject\",\"url\":\"https:\\\/\\\/candas365.es\\\/noticias\\\/wp-content\\\/uploads\\\/2023\\\/05\\\/costa-oeste-de-Canada.jpg\",\"@id\":\"https:\\\/\\\/candas365.es\\\/noticias\\\/de-ruta-por-la-costa-oeste-de-canada\\\/#mainImage\",\"width\":980,\"height\":677,\"caption\":\"\\u00c1spera y escarpada: una playa cerca de Bamfield, en la costa oeste de la isla de Vancouver. Foto: J\\u00f6rg Michel\\\/dpa\"},\"primaryImageOfPage\":{\"@id\":\"https:\\\/\\\/candas365.es\\\/noticias\\\/de-ruta-por-la-costa-oeste-de-canada\\\/#mainImage\"},\"datePublished\":\"2023-05-04T19:39:11+02:00\",\"dateModified\":\"2023-05-04T19:39:39+02:00\"},{\"@type\":\"WebSite\",\"@id\":\"https:\\\/\\\/candas365.es\\\/noticias\\\/#website\",\"url\":\"https:\\\/\\\/candas365.es\\\/noticias\\\/\",\"name\":\"Cand\\u00e1s 365\",\"alternateName\":\"Cand\\u00e1s 365 Noticias\",\"description\":\"Actualidad desde Carre\\u00f1o para el mundo\",\"inLanguage\":\"es-ES\",\"publisher\":{\"@id\":\"https:\\\/\\\/candas365.es\\\/noticias\\\/#organization\"}}]}\n\t\t<\/script>\n\t\t<!-- All in One SEO Pro -->\r\n\t\t<title>De ruta por la costa oeste de Canad\u00e1 | Cand\u00e1s 365<\/title>\n\n","aioseo_head_json":{"title":"De ruta por la costa oeste de Canad\u00e1 | Cand\u00e1s 365","description":"(dpa) - Flavian Harry est\u00e1 parado en medio del bosque durante una ma\u00f1ana neblinosa y se\u00f1ala una casa venida abajo entre los matorrales","canonical_url":"https:\/\/candas365.es\/noticias\/de-ruta-por-la-costa-oeste-de-canada\/","robots":"max-image-preview:large","keywords":"turismo","webmasterTools":{"google-site-verification":"UA-32230408-1","msvalidate.01":"354F3CDFB2DA171B47FBE9ABF1F88D5","miscellaneous":""},"schema":{"@context":"https:\/\/schema.org","@graph":[{"@type":"BreadcrumbList","@id":"https:\/\/candas365.es\/noticias\/de-ruta-por-la-costa-oeste-de-canada\/#breadcrumblist","itemListElement":[{"@type":"ListItem","@id":"https:\/\/candas365.es\/noticias#listItem","position":1,"name":"Home","item":"https:\/\/candas365.es\/noticias","nextItem":{"@type":"ListItem","@id":"https:\/\/candas365.es\/noticias\/category\/turismo\/#listItem","name":"Turismo"}},{"@type":"ListItem","@id":"https:\/\/candas365.es\/noticias\/category\/turismo\/#listItem","position":2,"name":"Turismo","item":"https:\/\/candas365.es\/noticias\/category\/turismo\/","nextItem":{"@type":"ListItem","@id":"https:\/\/candas365.es\/noticias\/de-ruta-por-la-costa-oeste-de-canada\/#listItem","name":"De ruta por la costa oeste de Canad\u00e1"},"previousItem":{"@type":"ListItem","@id":"https:\/\/candas365.es\/noticias#listItem","name":"Home"}},{"@type":"ListItem","@id":"https:\/\/candas365.es\/noticias\/de-ruta-por-la-costa-oeste-de-canada\/#listItem","position":3,"name":"De ruta por la costa oeste de Canad\u00e1","previousItem":{"@type":"ListItem","@id":"https:\/\/candas365.es\/noticias\/category\/turismo\/#listItem","name":"Turismo"}}]},{"@type":"NewsArticle","@id":"https:\/\/candas365.es\/noticias\/de-ruta-por-la-costa-oeste-de-canada\/#newsarticle","name":"De ruta por la costa oeste de Canad\u00e1 | Cand\u00e1s 365","headline":"De ruta por la costa oeste de Canad\u00e1","author":{"@id":"https:\/\/candas365.es\/noticias\/author\/admin\/#author"},"publisher":{"@id":"https:\/\/candas365.es\/noticias\/#organization"},"image":{"@type":"ImageObject","url":"https:\/\/candas365.es\/noticias\/wp-content\/uploads\/2023\/05\/costa-oeste-de-Canada.jpg","width":980,"height":677,"caption":"\u00c1spera y escarpada: una playa cerca de Bamfield, en la costa oeste de la isla de Vancouver. Foto: J\u00f6rg Michel\/dpa"},"datePublished":"2023-05-04T19:39:11+02:00","dateModified":"2023-05-04T19:39:39+02:00","inLanguage":"es-ES","mainEntityOfPage":{"@id":"https:\/\/candas365.es\/noticias\/de-ruta-por-la-costa-oeste-de-canada\/#webpage"},"isPartOf":{"@id":"https:\/\/candas365.es\/noticias\/de-ruta-por-la-costa-oeste-de-canada\/#webpage"},"articleSection":"Turismo, turismo, viajes","dateline":"Publicado el mayo 4, 2023."},{"@type":"Organization","@id":"https:\/\/candas365.es\/noticias\/#organization","name":"Cand\u00e1s 365","description":"Cand\u00e1s 365 es un diario digital independiente, fundado en 2012, con base en Asturias. Informamos con rigor sobre actualidad, sociedad, cultura y ocio, con una mirada local y global.","url":"https:\/\/candas365.es\/noticias\/","email":"info@candas365.es","telephone":"+34652131393","foundingDate":"2012-06-10","logo":{"@type":"ImageObject","url":"https:\/\/candas365.es\/noticias\/wp-content\/uploads\/2024\/09\/Candas-365-Redes.jpg","@id":"https:\/\/candas365.es\/noticias\/de-ruta-por-la-costa-oeste-de-canada\/#organizationLogo","width":1152,"height":864,"caption":"Cand\u00e1s 365 Redes"},"image":{"@id":"https:\/\/candas365.es\/noticias\/de-ruta-por-la-costa-oeste-de-canada\/#organizationLogo"},"sameAs":["https:\/\/www.facebook.com\/Nachofdezber","https:\/\/x.com\/NabercoDigital","https:\/\/www.instagram.com\/nachofdezber\/","https:\/\/www.youtube.com\/channel\/UCZP-2wLEB9Rv6erhFmqVnvg"],"address":{"@id":"https:\/\/candas365.es\/noticias\/#postaladdress","@type":"PostalAddress","streetAddress":"san antonio 4, san antonio 4","postalCode":"33430","addressLocality":"Cand\u00e1s","addressRegion":"Asturias","addressCountry":"ES"}},{"@type":"Person","@id":"https:\/\/candas365.es\/noticias\/author\/admin\/#author","url":"https:\/\/candas365.es\/noticias\/author\/admin\/","name":"Cand\u00e1s 365","image":{"@type":"ImageObject","@id":"https:\/\/candas365.es\/noticias\/de-ruta-por-la-costa-oeste-de-canada\/#authorImage","url":"https:\/\/secure.gravatar.com\/avatar\/496a8e03d0c493ede1718b7934145dbdf8d89be1036b0eec9544e1094c9de390?s=96&d=mm&r=g","width":96,"height":96,"caption":"Cand\u00e1s 365"},"sameAs":["https:\/\/www.facebook.com\/carrenoactualidad","https:\/\/twitter.com\/nbasturias","https:\/\/www.instagram.com\/nachofdezber\/","https:\/\/www.youtube.com\/channel\/UCZP-2wLEB9Rv6erhFmqVnvg"]},{"@type":"WebPage","@id":"https:\/\/candas365.es\/noticias\/de-ruta-por-la-costa-oeste-de-canada\/#webpage","url":"https:\/\/candas365.es\/noticias\/de-ruta-por-la-costa-oeste-de-canada\/","name":"De ruta por la costa oeste de Canad\u00e1 | Cand\u00e1s 365","description":"(dpa) - Flavian Harry est\u00e1 parado en medio del bosque durante una ma\u00f1ana neblinosa y se\u00f1ala una casa venida abajo entre los matorrales","inLanguage":"es-ES","isPartOf":{"@id":"https:\/\/candas365.es\/noticias\/#website"},"breadcrumb":{"@id":"https:\/\/candas365.es\/noticias\/de-ruta-por-la-costa-oeste-de-canada\/#breadcrumblist"},"author":{"@id":"https:\/\/candas365.es\/noticias\/author\/admin\/#author"},"creator":{"@id":"https:\/\/candas365.es\/noticias\/author\/admin\/#author"},"image":{"@type":"ImageObject","url":"https:\/\/candas365.es\/noticias\/wp-content\/uploads\/2023\/05\/costa-oeste-de-Canada.jpg","@id":"https:\/\/candas365.es\/noticias\/de-ruta-por-la-costa-oeste-de-canada\/#mainImage","width":980,"height":677,"caption":"\u00c1spera y escarpada: una playa cerca de Bamfield, en la costa oeste de la isla de Vancouver. Foto: J\u00f6rg Michel\/dpa"},"primaryImageOfPage":{"@id":"https:\/\/candas365.es\/noticias\/de-ruta-por-la-costa-oeste-de-canada\/#mainImage"},"datePublished":"2023-05-04T19:39:11+02:00","dateModified":"2023-05-04T19:39:39+02:00"},{"@type":"WebSite","@id":"https:\/\/candas365.es\/noticias\/#website","url":"https:\/\/candas365.es\/noticias\/","name":"Cand\u00e1s 365","alternateName":"Cand\u00e1s 365 Noticias","description":"Actualidad desde Carre\u00f1o para el mundo","inLanguage":"es-ES","publisher":{"@id":"https:\/\/candas365.es\/noticias\/#organization"}}]},"og:locale":"es_ES","og:site_name":"Cand\u00e1s 365","og:type":"article","og:title":"De ruta por la costa oeste de Canad\u00e1 | Cand\u00e1s 365","og:description":"(dpa) - Flavian Harry est\u00e1 parado en medio del bosque durante una ma\u00f1ana neblinosa y se\u00f1ala una casa venida abajo entre los matorrales","og:url":"https:\/\/candas365.es\/noticias\/de-ruta-por-la-costa-oeste-de-canada\/","og:image":"https:\/\/candas365.es\/noticias\/wp-content\/uploads\/2023\/05\/costa-oeste-de-Canada.jpg","og:image:secure_url":"https:\/\/candas365.es\/noticias\/wp-content\/uploads\/2023\/05\/costa-oeste-de-Canada.jpg","og:image:width":980,"og:image:height":677,"article:published_time":"2023-05-04T17:39:11+00:00","article:modified_time":"2023-05-04T17:39:39+00:00","article:publisher":"https:\/\/www.facebook.com\/Nachofdezber","article:author":"https:\/\/www.facebook.com\/carrenoactualidad","twitter:card":"summary_large_image","twitter:site":"@NabercoDigital","twitter:title":"De ruta por la costa oeste de Canad\u00e1 | Cand\u00e1s 365","twitter:description":"(dpa) - Flavian Harry est\u00e1 parado en medio del bosque durante una ma\u00f1ana neblinosa y se\u00f1ala una casa venida abajo entre los matorrales","twitter:creator":"@nbasturias","twitter:image":"https:\/\/candas365.es\/noticias\/wp-content\/uploads\/2023\/05\/costa-oeste-de-Canada.jpg","twitter:label1":"Escrito por","twitter:data1":"Cand\u00e1s 365","twitter:label2":"Tiempo de lectura estimado","twitter:data2":"8 minutos"},"aioseo_meta_data":{"post_id":"173448","title":null,"description":"(dpa) - Flavian Harry est\u00e1 parado en medio del bosque durante una ma\u00f1ana neblinosa y se\u00f1ala una casa venida abajo entre los matorrales","keywords":[],"keyphrases":{"focus":{"keyphrase":"Canad\u00e1","score":69,"analysis":{"keyphraseInTitle":{"score":9,"maxScore":9,"error":0},"keyphraseInDescription":{"score":3,"maxScore":9,"error":1},"keyphraseLength":{"score":9,"maxScore":9,"error":0,"length":1},"keyphraseInURL":{"score":5,"maxScore":5,"error":0},"keyphraseInIntroduction":{"score":3,"maxScore":9,"error":1},"keyphraseInSubHeadings":{"score":3,"maxScore":9,"error":1},"keyphraseInImageAlt":{"score":9,"maxScore":9,"error":0}}},"additional":[{"keyphrase":"Canad\u00e1","score":67,"analysis":{"keyphraseInDescription":{"score":3,"maxScore":9,"error":1},"keyphraseLength":{"score":9,"maxScore":9,"error":0,"length":1},"keyphraseInIntroduction":{"score":3,"maxScore":9,"error":1},"keyphraseInImageAlt":{"score":9,"maxScore":9,"error":0}}},{"keyphrase":"costa oeste ","score":67,"analysis":{"keyphraseInDescription":{"score":3,"maxScore":9,"error":1},"keyphraseLength":{"score":9,"maxScore":9,"error":0,"length":2},"keyphraseInIntroduction":{"score":3,"maxScore":9,"error":1},"keyphraseInImageAlt":{"score":9,"maxScore":9,"error":0}}}]},"primary_term":null,"canonical_url":null,"og_title":null,"og_description":null,"og_object_type":"default","og_image_type":"default","og_image_url":null,"og_image_width":null,"og_image_height":null,"og_image_custom_url":null,"og_image_custom_fields":null,"og_video":"","og_custom_url":null,"og_article_section":null,"og_article_tags":[],"twitter_use_og":false,"twitter_card":"default","twitter_image_type":"default","twitter_image_url":null,"twitter_image_custom_url":null,"twitter_image_custom_fields":null,"twitter_title":null,"twitter_description":null,"schema":{"blockGraphs":[],"customGraphs":[],"default":{"data":{"Article":[],"Course":[],"Dataset":[],"FAQPage":[],"Movie":[],"Person":[],"Product":[],"ProductReview":[],"Car":[],"Recipe":[],"Service":[],"SoftwareApplication":[],"WebPage":[]},"graphName":"","isEnabled":true},"graphs":[]},"schema_type":"default","schema_type_options":null,"pillar_content":false,"robots_default":true,"robots_noindex":false,"robots_noarchive":false,"robots_nosnippet":false,"robots_nofollow":false,"robots_noimageindex":false,"robots_noodp":false,"robots_notranslate":false,"robots_max_snippet":"-1","robots_max_videopreview":"-1","robots_max_imagepreview":"large","priority":null,"frequency":"default","location":null,"local_seo":null,"seo_analyzer_scan_date":"2025-09-01 20:28:15","breadcrumb_settings":null,"limit_modified_date":false,"reviewed_by":null,"open_ai":"{\"title\":{\"suggestions\":[],\"usage\":0},\"description\":{\"suggestions\":[],\"usage\":0}}","ai":null,"created":"2023-05-04 16:30:32","updated":"2025-09-01 20:28:15"},"aioseo_breadcrumb":"<div class=\"aioseo-breadcrumbs\"><span class=\"aioseo-breadcrumb\">\n\t<a href=\"https:\/\/candas365.es\/noticias\" title=\"Home\">Home<\/a>\n<\/span><span class=\"aioseo-breadcrumb-separator\">&ndash;<\/span><span class=\"aioseo-breadcrumb\">\n\t<a href=\"https:\/\/candas365.es\/noticias\/category\/turismo\/\" title=\"Turismo\">Turismo<\/a>\n<\/span><span class=\"aioseo-breadcrumb-separator\">&ndash;<\/span><span class=\"aioseo-breadcrumb\">\n\tDe ruta por la costa oeste de Canad\u00e1\n<\/span><\/div>","aioseo_breadcrumb_json":[{"label":"Home","link":"https:\/\/candas365.es\/noticias"},{"label":"Turismo","link":"https:\/\/candas365.es\/noticias\/category\/turismo\/"},{"label":"De ruta por la costa oeste de Canad\u00e1","link":"https:\/\/candas365.es\/noticias\/de-ruta-por-la-costa-oeste-de-canada\/"}],"_links":{"self":[{"href":"https:\/\/candas365.es\/noticias\/wp-json\/wp\/v2\/posts\/173448","targetHints":{"allow":["GET"]}}],"collection":[{"href":"https:\/\/candas365.es\/noticias\/wp-json\/wp\/v2\/posts"}],"about":[{"href":"https:\/\/candas365.es\/noticias\/wp-json\/wp\/v2\/types\/post"}],"author":[{"embeddable":true,"href":"https:\/\/candas365.es\/noticias\/wp-json\/wp\/v2\/users\/1"}],"replies":[{"embeddable":true,"href":"https:\/\/candas365.es\/noticias\/wp-json\/wp\/v2\/comments?post=173448"}],"version-history":[{"count":0,"href":"https:\/\/candas365.es\/noticias\/wp-json\/wp\/v2\/posts\/173448\/revisions"}],"wp:featuredmedia":[{"embeddable":true,"href":"https:\/\/candas365.es\/noticias\/wp-json\/wp\/v2\/media\/173451"}],"wp:attachment":[{"href":"https:\/\/candas365.es\/noticias\/wp-json\/wp\/v2\/media?parent=173448"}],"wp:term":[{"taxonomy":"category","embeddable":true,"href":"https:\/\/candas365.es\/noticias\/wp-json\/wp\/v2\/categories?post=173448"},{"taxonomy":"post_tag","embeddable":true,"href":"https:\/\/candas365.es\/noticias\/wp-json\/wp\/v2\/tags?post=173448"}],"curies":[{"name":"wp","href":"https:\/\/api.w.org\/{rel}","templated":true}]}}