{"id":173393,"date":"2023-04-28T19:47:33","date_gmt":"2023-04-28T17:47:33","guid":{"rendered":"https:\/\/candas365.es\/noticias\/?p=173393"},"modified":"2023-04-28T19:51:29","modified_gmt":"2023-04-28T17:51:29","slug":"vuelta-asturias-2023-howson-sorprende-en-las-calles-de-pola-de-lena","status":"publish","type":"post","link":"https:\/\/candas365.es\/noticias\/vuelta-asturias-2023-howson-sorprende-en-las-calles-de-pola-de-lena\/","title":{"rendered":"Vuelta Asturias 2023: Howson sorprende en las calles de Pola de Lena"},"content":{"rendered":"<p>La <strong>65 Vuelta Asturias<\/strong> ya tiene su primer vencedor de etapa, el Australiano <strong>Damien Howson<\/strong> del Q36.5 Pro Cycling Team.<\/p>\n<figure id=\"attachment_173394\" aria-describedby=\"caption-attachment-173394\" style=\"width: 650px\" class=\"wp-caption aligncenter\"><img fetchpriority=\"high\" decoding=\"async\" class=\"wp-image-173394 size-full\" src=\"https:\/\/candas365.es\/noticias\/wp-content\/uploads\/2023\/04\/Vuelta-Asturias.jpg\" alt=\"Vuelta Asturias\" width=\"650\" height=\"696\" srcset=\"https:\/\/candas365.es\/noticias\/wp-content\/uploads\/2023\/04\/Vuelta-Asturias.jpg 650w, https:\/\/candas365.es\/noticias\/wp-content\/uploads\/2023\/04\/Vuelta-Asturias-280x300.jpg 280w, https:\/\/candas365.es\/noticias\/wp-content\/uploads\/2023\/04\/Vuelta-Asturias-448x480.jpg 448w, https:\/\/candas365.es\/noticias\/wp-content\/uploads\/2023\/04\/Vuelta-Asturias-150x161.jpg 150w, https:\/\/candas365.es\/noticias\/wp-content\/uploads\/2023\/04\/Vuelta-Asturias-450x482.jpg 450w\" sizes=\"(max-width: 650px) 100vw, 650px\" \/><figcaption id=\"caption-attachment-173394\" class=\"wp-caption-text\">FOTO CEDIDA POR PRENSA VUELTA ASTURIAS<\/figcaption><\/figure>\n<p>Una <strong>primera etapa<\/strong> que part\u00eda al mediod\u00eda de hoy viernes desde los exteriores del Centro Comercial Los Prados bajo una soleada ma\u00f1ana y con 105 corredores en el pelot\u00f3n despu\u00e9s de estampar su firma en el control. Tras unos kil\u00f3metros neutralizados por las calles de Oviedo, se bajaba la bandera en la localidad sierense de Lugones donde saltaban 2 corredores, uno del Electro Hiper Europa Caldas, V\u00edctor Mart\u00ednez acompa\u00f1ado del corredor neozeland\u00e9s Olie Jones del Bolton Equities consiguiendo una peque\u00f1a ventaja.<\/p>\n<p>Kil\u00f3metros m\u00e1s tarde cuando se acercaban a la meta volante de Posada de Llanera antes de subir por segunda ocasi\u00f3n el Alto de la Miranda, se les un\u00eda el portugu\u00e9s Cesar Martingil del Aviludo \u2013 Loudetano y el brasile\u00f1o Nicol\u00e1s Sessler del Global 6. Pronto el cuarteto de escapados se quedaba en tres componentes que llegaron a tener casi 3 minutos de ventaja como m\u00e1xima referencia sobre un pelot\u00f3n que en los primeros compases de etapa marchaba muy controlado. Los tres corredores cabeza de carrera pasaban por el avituallamiento a la altura del Pozo Sot\u00f3n en Sotrondio con 2 minutos y 17 segundos sobre el gran grupo que ya circulaba en fila de uno comandado por tres hombres del equipo italiano del Eolo Kometa.<\/p>\n<p>Llegaban as\u00ed al inicio de la subida al Alto de la Colladona donde el espa\u00f1ol V\u00edctor Mart\u00ednez se descolgaba y dejaba a los otros dos compa\u00f1eros de escapada como cabeza de carrera ante el gran grupo donde empezaban a mandar los equipos de las primeras espadas a disputar el triunfo final en las calles de Pola de Lena. Una vez coronado el Alto de la Colladona se iniciaba el descenso hacia MIeres para encadenar las tres subidas finales, rompepiernas, donde se iba a dilucidar la victoria final.<\/p>\n<p>Los ciclistas que miraban de reojo al cielo encapotado que se estaba formando y temerosos de que la lluvia no apareciera, encaraban las rampas del Alto de Carabanzo con un ataque de Einer Rubio del Movistar Team pero que era r\u00e1pidamente contrarrestado por el italiano Lorenzo Fortunato del Eolo Kometa y por Roger Adri\u00e0 del Ken Pharma, a la postre tercer clasificado. Un ataque el del colombiano del Movistar Team que pon\u00eda en apuros a su compatriota y compa\u00f1ero de equipo, Iv\u00e1n Ramiro Sosa, \u00faltimo vencedor de la Vuelta Asturias.<\/p>\n<p>Por la pancarta del Alto de Carabanzo pasaba en primer lugar de un grupo de corredores, el italiano Lorenzo Fortunato que se lanzaba carretera abajo hacia las calles de la capital lenense donde estaba instalada la meta pero encontr\u00f3 un complicado rival en las piernas del australiano <strong>Damien Howson del Q36.5 Pro Cycling Team<\/strong> que super\u00f3 al italiano y a sus compa\u00f1eros de grupo consiguiendo unos metros de ventaja que a la postre le permitieron llevarse la victoria final y enfundarse el primer maillot de l\u00edder de la Vuelta Asturias 2023. Segundo seria el italiano del Eolo Kometa, Vincenzo Albanese a 8 segundos y tercero el catal\u00e1n Roger Adri\u00e0 del Ken Pharma a 10 segundos.<\/p>\n<p>Los dos hombres importantes del Movistar Team, Einer Rubio e Iv\u00e1n Ramiro Sosa, entrar\u00edan a 14 segundos en un peque\u00f1o grupo encabezado por el italiano Gianluca Brambilla del mismo conjunto que el ganador de etapa.<\/p>\n<p>Ma\u00f1ana segunda etapa entre <a href=\"https:\/\/candas365.es\/noticias\/\"><span style=\"color: #ff6600;\"><strong>Cand\u00e1s<\/strong><\/span><\/a> y Cangas del Narcea con 182 kil\u00f3metros de recorrido y 3 puertos en el camino, el \u00faltimo el Alto del Acebo a 16 kil\u00f3metros de meta,<\/p>\n<p>David Y\u00e1\u00f1ez<\/p>\n","protected":false},"excerpt":{"rendered":"<p>La 65 Vuelta Asturias ya tiene su primer vencedor de etapa, el Australiano Damien Howson del Q36.5 Pro Cycling Team. Una primera etapa que part\u00eda al mediod\u00eda de hoy viernes desde los exteriores del Centro Comercial Los Prados bajo una soleada ma\u00f1ana y con 105 corredores en el pelot\u00f3n despu\u00e9s de estampar su firma en<\/p>\n","protected":false},"author":1,"featured_media":173396,"comment_status":"closed","ping_status":"closed","sticky":false,"template":"","format":"standard","meta":{"footnotes":""},"categories":[319],"tags":[387],"class_list":{"0":"post-173393","1":"post","2":"type-post","3":"status-publish","4":"format-standard","5":"has-post-thumbnail","7":"category-deporte","8":"tag-deporte"},"aioseo_notices":[],"aioseo_head":"\n\t\t<!-- All in One SEO Pro 4.9.6.2 - aioseo.com -->\n\t<meta name=\"description\" content=\"La 65 Vuelta Asturias ya tiene su primer vencedor de etapa, el Australiano Damien Howson del Q36.5 Pro Cycling Team.\" \/>\n\t<meta name=\"robots\" content=\"max-image-preview:large\" \/>\n\t<meta name=\"author\" content=\"Cand\u00e1s 365\"\/>\n\t<meta name=\"google-site-verification\" content=\"UA-32230408-1\" \/>\n\t<meta name=\"msvalidate.01\" content=\"354F3CDFB2DA171B47FBE9ABF1F88D5\" \/>\n\t<meta name=\"keywords\" content=\"deporte\" \/>\n\t<link rel=\"canonical\" href=\"https:\/\/candas365.es\/noticias\/vuelta-asturias-2023-howson-sorprende-en-las-calles-de-pola-de-lena\/\" \/>\n\t<meta name=\"generator\" content=\"All in One SEO Pro (AIOSEO) 4.9.6.2\" \/>\n\t\t<meta property=\"og:locale\" content=\"es_ES\" \/>\n\t\t<meta property=\"og:site_name\" content=\"Cand\u00e1s 365\" \/>\n\t\t<meta property=\"og:type\" content=\"article\" \/>\n\t\t<meta property=\"og:title\" content=\"Vuelta Asturias 2023: Howson sorprende en las calles de Pola de Lena | Cand\u00e1s 365\" \/>\n\t\t<meta property=\"og:description\" content=\"La 65 Vuelta Asturias ya tiene su primer vencedor de etapa, el Australiano Damien Howson del Q36.5 Pro Cycling Team.\" \/>\n\t\t<meta property=\"og:url\" content=\"https:\/\/candas365.es\/noticias\/vuelta-asturias-2023-howson-sorprende-en-las-calles-de-pola-de-lena\/\" \/>\n\t\t<meta property=\"og:image\" content=\"https:\/\/candas365.es\/noticias\/wp-content\/uploads\/2023\/04\/Vuelta-Asturias-2023.jpg\" \/>\n\t\t<meta property=\"og:image:secure_url\" content=\"https:\/\/candas365.es\/noticias\/wp-content\/uploads\/2023\/04\/Vuelta-Asturias-2023.jpg\" \/>\n\t\t<meta property=\"og:image:width\" content=\"575\" \/>\n\t\t<meta property=\"og:image:height\" content=\"683\" \/>\n\t\t<meta property=\"article:published_time\" content=\"2023-04-28T17:47:33+00:00\" \/>\n\t\t<meta property=\"article:modified_time\" content=\"2023-04-28T17:51:29+00:00\" \/>\n\t\t<meta property=\"article:publisher\" content=\"https:\/\/www.facebook.com\/Nachofdezber\" \/>\n\t\t<meta property=\"article:author\" content=\"https:\/\/www.facebook.com\/carrenoactualidad\" \/>\n\t\t<meta name=\"twitter:card\" content=\"summary_large_image\" \/>\n\t\t<meta name=\"twitter:site\" content=\"@NabercoDigital\" \/>\n\t\t<meta name=\"twitter:title\" content=\"Vuelta Asturias 2023: Howson sorprende en las calles de Pola de Lena | Cand\u00e1s 365\" \/>\n\t\t<meta name=\"twitter:description\" content=\"La 65 Vuelta Asturias ya tiene su primer vencedor de etapa, el Australiano Damien Howson del Q36.5 Pro Cycling Team.\" \/>\n\t\t<meta name=\"twitter:creator\" content=\"@nbasturias\" \/>\n\t\t<meta name=\"twitter:image\" content=\"https:\/\/candas365.es\/noticias\/wp-content\/uploads\/2023\/04\/Vuelta-Asturias-2023.jpg\" \/>\n\t\t<meta name=\"twitter:label1\" content=\"Escrito por\" \/>\n\t\t<meta name=\"twitter:data1\" content=\"Cand\u00e1s 365\" \/>\n\t\t<meta name=\"twitter:label2\" content=\"Tiempo de lectura estimado\" \/>\n\t\t<meta name=\"twitter:data2\" content=\"3 minutos\" \/>\n\t\t<script type=\"application\/ld+json\" class=\"aioseo-schema\">\n\t\t\t{\"@context\":\"https:\\\/\\\/schema.org\",\"@graph\":[{\"@type\":\"BreadcrumbList\",\"@id\":\"https:\\\/\\\/candas365.es\\\/noticias\\\/vuelta-asturias-2023-howson-sorprende-en-las-calles-de-pola-de-lena\\\/#breadcrumblist\",\"itemListElement\":[{\"@type\":\"ListItem\",\"@id\":\"https:\\\/\\\/candas365.es\\\/noticias#listItem\",\"position\":1,\"name\":\"Home\",\"item\":\"https:\\\/\\\/candas365.es\\\/noticias\",\"nextItem\":{\"@type\":\"ListItem\",\"@id\":\"https:\\\/\\\/candas365.es\\\/noticias\\\/category\\\/deporte\\\/#listItem\",\"name\":\"Deporte\"}},{\"@type\":\"ListItem\",\"@id\":\"https:\\\/\\\/candas365.es\\\/noticias\\\/category\\\/deporte\\\/#listItem\",\"position\":2,\"name\":\"Deporte\",\"item\":\"https:\\\/\\\/candas365.es\\\/noticias\\\/category\\\/deporte\\\/\",\"nextItem\":{\"@type\":\"ListItem\",\"@id\":\"https:\\\/\\\/candas365.es\\\/noticias\\\/vuelta-asturias-2023-howson-sorprende-en-las-calles-de-pola-de-lena\\\/#listItem\",\"name\":\"Vuelta Asturias 2023: Howson sorprende en las calles de Pola de Lena\"},\"previousItem\":{\"@type\":\"ListItem\",\"@id\":\"https:\\\/\\\/candas365.es\\\/noticias#listItem\",\"name\":\"Home\"}},{\"@type\":\"ListItem\",\"@id\":\"https:\\\/\\\/candas365.es\\\/noticias\\\/vuelta-asturias-2023-howson-sorprende-en-las-calles-de-pola-de-lena\\\/#listItem\",\"position\":3,\"name\":\"Vuelta Asturias 2023: Howson sorprende en las calles de Pola de Lena\",\"previousItem\":{\"@type\":\"ListItem\",\"@id\":\"https:\\\/\\\/candas365.es\\\/noticias\\\/category\\\/deporte\\\/#listItem\",\"name\":\"Deporte\"}}]},{\"@type\":\"NewsArticle\",\"@id\":\"https:\\\/\\\/candas365.es\\\/noticias\\\/vuelta-asturias-2023-howson-sorprende-en-las-calles-de-pola-de-lena\\\/#newsarticle\",\"name\":\"Vuelta Asturias 2023: Howson sorprende en las calles de Pola de Lena | Cand\\u00e1s 365\",\"headline\":\"Vuelta Asturias 2023: Howson sorprende en las calles de Pola de Lena\",\"author\":{\"@id\":\"https:\\\/\\\/candas365.es\\\/noticias\\\/author\\\/admin\\\/#author\"},\"publisher\":{\"@id\":\"https:\\\/\\\/candas365.es\\\/noticias\\\/#organization\"},\"image\":{\"@type\":\"ImageObject\",\"url\":\"https:\\\/\\\/candas365.es\\\/noticias\\\/wp-content\\\/uploads\\\/2023\\\/04\\\/Vuelta-Asturias-2023.jpg\",\"width\":575,\"height\":683,\"caption\":\"FOTO CEDIDA POR PRENSA VUELTA ASTURIAS 2023\"},\"datePublished\":\"2023-04-28T19:47:33+02:00\",\"dateModified\":\"2023-04-28T19:51:29+02:00\",\"inLanguage\":\"es-ES\",\"mainEntityOfPage\":{\"@id\":\"https:\\\/\\\/candas365.es\\\/noticias\\\/vuelta-asturias-2023-howson-sorprende-en-las-calles-de-pola-de-lena\\\/#webpage\"},\"isPartOf\":{\"@id\":\"https:\\\/\\\/candas365.es\\\/noticias\\\/vuelta-asturias-2023-howson-sorprende-en-las-calles-de-pola-de-lena\\\/#webpage\"},\"articleSection\":\"Deporte, deporte\",\"dateline\":\"Publicado el abril 28, 2023.\"},{\"@type\":\"Organization\",\"@id\":\"https:\\\/\\\/candas365.es\\\/noticias\\\/#organization\",\"name\":\"Cand\\u00e1s 365\",\"description\":\"Cand\\u00e1s 365 es un diario digital independiente, fundado en 2012, con base en Asturias. Informamos con rigor sobre actualidad, sociedad, cultura y ocio, con una mirada local y global.\",\"url\":\"https:\\\/\\\/candas365.es\\\/noticias\\\/\",\"email\":\"info@candas365.es\",\"telephone\":\"+34652131393\",\"foundingDate\":\"2012-06-10\",\"logo\":{\"@type\":\"ImageObject\",\"url\":\"https:\\\/\\\/candas365.es\\\/noticias\\\/wp-content\\\/uploads\\\/2024\\\/09\\\/Candas-365-Redes.jpg\",\"@id\":\"https:\\\/\\\/candas365.es\\\/noticias\\\/vuelta-asturias-2023-howson-sorprende-en-las-calles-de-pola-de-lena\\\/#organizationLogo\",\"width\":1152,\"height\":864,\"caption\":\"Cand\\u00e1s 365 Redes\"},\"image\":{\"@id\":\"https:\\\/\\\/candas365.es\\\/noticias\\\/vuelta-asturias-2023-howson-sorprende-en-las-calles-de-pola-de-lena\\\/#organizationLogo\"},\"sameAs\":[\"https:\\\/\\\/www.facebook.com\\\/Nachofdezber\",\"https:\\\/\\\/x.com\\\/NabercoDigital\",\"https:\\\/\\\/www.instagram.com\\\/nachofdezber\\\/\",\"https:\\\/\\\/www.youtube.com\\\/channel\\\/UCZP-2wLEB9Rv6erhFmqVnvg\"],\"address\":{\"@id\":\"https:\\\/\\\/candas365.es\\\/noticias\\\/#postaladdress\",\"@type\":\"PostalAddress\",\"streetAddress\":\"san antonio 4, san antonio 4\",\"postalCode\":\"33430\",\"addressLocality\":\"Cand\\u00e1s\",\"addressRegion\":\"Asturias\",\"addressCountry\":\"ES\"}},{\"@type\":\"Person\",\"@id\":\"https:\\\/\\\/candas365.es\\\/noticias\\\/author\\\/admin\\\/#author\",\"url\":\"https:\\\/\\\/candas365.es\\\/noticias\\\/author\\\/admin\\\/\",\"name\":\"Cand\\u00e1s 365\",\"image\":{\"@type\":\"ImageObject\",\"@id\":\"https:\\\/\\\/candas365.es\\\/noticias\\\/vuelta-asturias-2023-howson-sorprende-en-las-calles-de-pola-de-lena\\\/#authorImage\",\"url\":\"https:\\\/\\\/secure.gravatar.com\\\/avatar\\\/496a8e03d0c493ede1718b7934145dbdf8d89be1036b0eec9544e1094c9de390?s=96&d=mm&r=g\",\"width\":96,\"height\":96,\"caption\":\"Cand\\u00e1s 365\"},\"sameAs\":[\"https:\\\/\\\/www.facebook.com\\\/carrenoactualidad\",\"https:\\\/\\\/twitter.com\\\/nbasturias\",\"https:\\\/\\\/www.instagram.com\\\/nachofdezber\\\/\",\"https:\\\/\\\/www.youtube.com\\\/channel\\\/UCZP-2wLEB9Rv6erhFmqVnvg\"]},{\"@type\":\"WebPage\",\"@id\":\"https:\\\/\\\/candas365.es\\\/noticias\\\/vuelta-asturias-2023-howson-sorprende-en-las-calles-de-pola-de-lena\\\/#webpage\",\"url\":\"https:\\\/\\\/candas365.es\\\/noticias\\\/vuelta-asturias-2023-howson-sorprende-en-las-calles-de-pola-de-lena\\\/\",\"name\":\"Vuelta Asturias 2023: Howson sorprende en las calles de Pola de Lena | Cand\\u00e1s 365\",\"description\":\"La 65 Vuelta Asturias ya tiene su primer vencedor de etapa, el Australiano Damien Howson del Q36.5 Pro Cycling Team.\",\"inLanguage\":\"es-ES\",\"isPartOf\":{\"@id\":\"https:\\\/\\\/candas365.es\\\/noticias\\\/#website\"},\"breadcrumb\":{\"@id\":\"https:\\\/\\\/candas365.es\\\/noticias\\\/vuelta-asturias-2023-howson-sorprende-en-las-calles-de-pola-de-lena\\\/#breadcrumblist\"},\"author\":{\"@id\":\"https:\\\/\\\/candas365.es\\\/noticias\\\/author\\\/admin\\\/#author\"},\"creator\":{\"@id\":\"https:\\\/\\\/candas365.es\\\/noticias\\\/author\\\/admin\\\/#author\"},\"image\":{\"@type\":\"ImageObject\",\"url\":\"https:\\\/\\\/candas365.es\\\/noticias\\\/wp-content\\\/uploads\\\/2023\\\/04\\\/Vuelta-Asturias-2023.jpg\",\"@id\":\"https:\\\/\\\/candas365.es\\\/noticias\\\/vuelta-asturias-2023-howson-sorprende-en-las-calles-de-pola-de-lena\\\/#mainImage\",\"width\":575,\"height\":683,\"caption\":\"FOTO CEDIDA POR PRENSA VUELTA ASTURIAS 2023\"},\"primaryImageOfPage\":{\"@id\":\"https:\\\/\\\/candas365.es\\\/noticias\\\/vuelta-asturias-2023-howson-sorprende-en-las-calles-de-pola-de-lena\\\/#mainImage\"},\"datePublished\":\"2023-04-28T19:47:33+02:00\",\"dateModified\":\"2023-04-28T19:51:29+02:00\"},{\"@type\":\"WebSite\",\"@id\":\"https:\\\/\\\/candas365.es\\\/noticias\\\/#website\",\"url\":\"https:\\\/\\\/candas365.es\\\/noticias\\\/\",\"name\":\"Cand\\u00e1s 365\",\"alternateName\":\"Cand\\u00e1s 365 Noticias\",\"description\":\"Actualidad desde Carre\\u00f1o para el mundo\",\"inLanguage\":\"es-ES\",\"publisher\":{\"@id\":\"https:\\\/\\\/candas365.es\\\/noticias\\\/#organization\"}}]}\n\t\t<\/script>\n\t\t<!-- All in One SEO Pro -->\r\n\t\t<title>Vuelta Asturias 2023: Howson sorprende en las calles de Pola de Lena | Cand\u00e1s 365<\/title>\n\n","aioseo_head_json":{"title":"Vuelta Asturias 2023: Howson sorprende en las calles de Pola de Lena | Cand\u00e1s 365","description":"La 65 Vuelta Asturias ya tiene su primer vencedor de etapa, el Australiano Damien Howson del Q36.5 Pro Cycling Team.","canonical_url":"https:\/\/candas365.es\/noticias\/vuelta-asturias-2023-howson-sorprende-en-las-calles-de-pola-de-lena\/","robots":"max-image-preview:large","keywords":"deporte","webmasterTools":{"google-site-verification":"UA-32230408-1","msvalidate.01":"354F3CDFB2DA171B47FBE9ABF1F88D5","miscellaneous":""},"schema":{"@context":"https:\/\/schema.org","@graph":[{"@type":"BreadcrumbList","@id":"https:\/\/candas365.es\/noticias\/vuelta-asturias-2023-howson-sorprende-en-las-calles-de-pola-de-lena\/#breadcrumblist","itemListElement":[{"@type":"ListItem","@id":"https:\/\/candas365.es\/noticias#listItem","position":1,"name":"Home","item":"https:\/\/candas365.es\/noticias","nextItem":{"@type":"ListItem","@id":"https:\/\/candas365.es\/noticias\/category\/deporte\/#listItem","name":"Deporte"}},{"@type":"ListItem","@id":"https:\/\/candas365.es\/noticias\/category\/deporte\/#listItem","position":2,"name":"Deporte","item":"https:\/\/candas365.es\/noticias\/category\/deporte\/","nextItem":{"@type":"ListItem","@id":"https:\/\/candas365.es\/noticias\/vuelta-asturias-2023-howson-sorprende-en-las-calles-de-pola-de-lena\/#listItem","name":"Vuelta Asturias 2023: Howson sorprende en las calles de Pola de Lena"},"previousItem":{"@type":"ListItem","@id":"https:\/\/candas365.es\/noticias#listItem","name":"Home"}},{"@type":"ListItem","@id":"https:\/\/candas365.es\/noticias\/vuelta-asturias-2023-howson-sorprende-en-las-calles-de-pola-de-lena\/#listItem","position":3,"name":"Vuelta Asturias 2023: Howson sorprende en las calles de Pola de Lena","previousItem":{"@type":"ListItem","@id":"https:\/\/candas365.es\/noticias\/category\/deporte\/#listItem","name":"Deporte"}}]},{"@type":"NewsArticle","@id":"https:\/\/candas365.es\/noticias\/vuelta-asturias-2023-howson-sorprende-en-las-calles-de-pola-de-lena\/#newsarticle","name":"Vuelta Asturias 2023: Howson sorprende en las calles de Pola de Lena | Cand\u00e1s 365","headline":"Vuelta Asturias 2023: Howson sorprende en las calles de Pola de Lena","author":{"@id":"https:\/\/candas365.es\/noticias\/author\/admin\/#author"},"publisher":{"@id":"https:\/\/candas365.es\/noticias\/#organization"},"image":{"@type":"ImageObject","url":"https:\/\/candas365.es\/noticias\/wp-content\/uploads\/2023\/04\/Vuelta-Asturias-2023.jpg","width":575,"height":683,"caption":"FOTO CEDIDA POR PRENSA VUELTA ASTURIAS 2023"},"datePublished":"2023-04-28T19:47:33+02:00","dateModified":"2023-04-28T19:51:29+02:00","inLanguage":"es-ES","mainEntityOfPage":{"@id":"https:\/\/candas365.es\/noticias\/vuelta-asturias-2023-howson-sorprende-en-las-calles-de-pola-de-lena\/#webpage"},"isPartOf":{"@id":"https:\/\/candas365.es\/noticias\/vuelta-asturias-2023-howson-sorprende-en-las-calles-de-pola-de-lena\/#webpage"},"articleSection":"Deporte, deporte","dateline":"Publicado el abril 28, 2023."},{"@type":"Organization","@id":"https:\/\/candas365.es\/noticias\/#organization","name":"Cand\u00e1s 365","description":"Cand\u00e1s 365 es un diario digital independiente, fundado en 2012, con base en Asturias. Informamos con rigor sobre actualidad, sociedad, cultura y ocio, con una mirada local y global.","url":"https:\/\/candas365.es\/noticias\/","email":"info@candas365.es","telephone":"+34652131393","foundingDate":"2012-06-10","logo":{"@type":"ImageObject","url":"https:\/\/candas365.es\/noticias\/wp-content\/uploads\/2024\/09\/Candas-365-Redes.jpg","@id":"https:\/\/candas365.es\/noticias\/vuelta-asturias-2023-howson-sorprende-en-las-calles-de-pola-de-lena\/#organizationLogo","width":1152,"height":864,"caption":"Cand\u00e1s 365 Redes"},"image":{"@id":"https:\/\/candas365.es\/noticias\/vuelta-asturias-2023-howson-sorprende-en-las-calles-de-pola-de-lena\/#organizationLogo"},"sameAs":["https:\/\/www.facebook.com\/Nachofdezber","https:\/\/x.com\/NabercoDigital","https:\/\/www.instagram.com\/nachofdezber\/","https:\/\/www.youtube.com\/channel\/UCZP-2wLEB9Rv6erhFmqVnvg"],"address":{"@id":"https:\/\/candas365.es\/noticias\/#postaladdress","@type":"PostalAddress","streetAddress":"san antonio 4, san antonio 4","postalCode":"33430","addressLocality":"Cand\u00e1s","addressRegion":"Asturias","addressCountry":"ES"}},{"@type":"Person","@id":"https:\/\/candas365.es\/noticias\/author\/admin\/#author","url":"https:\/\/candas365.es\/noticias\/author\/admin\/","name":"Cand\u00e1s 365","image":{"@type":"ImageObject","@id":"https:\/\/candas365.es\/noticias\/vuelta-asturias-2023-howson-sorprende-en-las-calles-de-pola-de-lena\/#authorImage","url":"https:\/\/secure.gravatar.com\/avatar\/496a8e03d0c493ede1718b7934145dbdf8d89be1036b0eec9544e1094c9de390?s=96&d=mm&r=g","width":96,"height":96,"caption":"Cand\u00e1s 365"},"sameAs":["https:\/\/www.facebook.com\/carrenoactualidad","https:\/\/twitter.com\/nbasturias","https:\/\/www.instagram.com\/nachofdezber\/","https:\/\/www.youtube.com\/channel\/UCZP-2wLEB9Rv6erhFmqVnvg"]},{"@type":"WebPage","@id":"https:\/\/candas365.es\/noticias\/vuelta-asturias-2023-howson-sorprende-en-las-calles-de-pola-de-lena\/#webpage","url":"https:\/\/candas365.es\/noticias\/vuelta-asturias-2023-howson-sorprende-en-las-calles-de-pola-de-lena\/","name":"Vuelta Asturias 2023: Howson sorprende en las calles de Pola de Lena | Cand\u00e1s 365","description":"La 65 Vuelta Asturias ya tiene su primer vencedor de etapa, el Australiano Damien Howson del Q36.5 Pro Cycling Team.","inLanguage":"es-ES","isPartOf":{"@id":"https:\/\/candas365.es\/noticias\/#website"},"breadcrumb":{"@id":"https:\/\/candas365.es\/noticias\/vuelta-asturias-2023-howson-sorprende-en-las-calles-de-pola-de-lena\/#breadcrumblist"},"author":{"@id":"https:\/\/candas365.es\/noticias\/author\/admin\/#author"},"creator":{"@id":"https:\/\/candas365.es\/noticias\/author\/admin\/#author"},"image":{"@type":"ImageObject","url":"https:\/\/candas365.es\/noticias\/wp-content\/uploads\/2023\/04\/Vuelta-Asturias-2023.jpg","@id":"https:\/\/candas365.es\/noticias\/vuelta-asturias-2023-howson-sorprende-en-las-calles-de-pola-de-lena\/#mainImage","width":575,"height":683,"caption":"FOTO CEDIDA POR PRENSA VUELTA ASTURIAS 2023"},"primaryImageOfPage":{"@id":"https:\/\/candas365.es\/noticias\/vuelta-asturias-2023-howson-sorprende-en-las-calles-de-pola-de-lena\/#mainImage"},"datePublished":"2023-04-28T19:47:33+02:00","dateModified":"2023-04-28T19:51:29+02:00"},{"@type":"WebSite","@id":"https:\/\/candas365.es\/noticias\/#website","url":"https:\/\/candas365.es\/noticias\/","name":"Cand\u00e1s 365","alternateName":"Cand\u00e1s 365 Noticias","description":"Actualidad desde Carre\u00f1o para el mundo","inLanguage":"es-ES","publisher":{"@id":"https:\/\/candas365.es\/noticias\/#organization"}}]},"og:locale":"es_ES","og:site_name":"Cand\u00e1s 365","og:type":"article","og:title":"Vuelta Asturias 2023: Howson sorprende en las calles de Pola de Lena | Cand\u00e1s 365","og:description":"La 65 Vuelta Asturias ya tiene su primer vencedor de etapa, el Australiano Damien Howson del Q36.5 Pro Cycling Team.","og:url":"https:\/\/candas365.es\/noticias\/vuelta-asturias-2023-howson-sorprende-en-las-calles-de-pola-de-lena\/","og:image":"https:\/\/candas365.es\/noticias\/wp-content\/uploads\/2023\/04\/Vuelta-Asturias-2023.jpg","og:image:secure_url":"https:\/\/candas365.es\/noticias\/wp-content\/uploads\/2023\/04\/Vuelta-Asturias-2023.jpg","og:image:width":575,"og:image:height":683,"article:published_time":"2023-04-28T17:47:33+00:00","article:modified_time":"2023-04-28T17:51:29+00:00","article:publisher":"https:\/\/www.facebook.com\/Nachofdezber","article:author":"https:\/\/www.facebook.com\/carrenoactualidad","twitter:card":"summary_large_image","twitter:site":"@NabercoDigital","twitter:title":"Vuelta Asturias 2023: Howson sorprende en las calles de Pola de Lena | Cand\u00e1s 365","twitter:description":"La 65 Vuelta Asturias ya tiene su primer vencedor de etapa, el Australiano Damien Howson del Q36.5 Pro Cycling Team.","twitter:creator":"@nbasturias","twitter:image":"https:\/\/candas365.es\/noticias\/wp-content\/uploads\/2023\/04\/Vuelta-Asturias-2023.jpg","twitter:label1":"Escrito por","twitter:data1":"Cand\u00e1s 365","twitter:label2":"Tiempo de lectura estimado","twitter:data2":"3 minutos"},"aioseo_meta_data":{"post_id":"173393","title":null,"description":"La 65 Vuelta Asturias ya tiene su primer vencedor de etapa, el Australiano Damien Howson del Q36.5 Pro Cycling Team.","keywords":[],"keyphrases":{"focus":{"keyphrase":"Vuelta Asturias","score":100,"analysis":{"keyphraseInTitle":{"score":9,"maxScore":9,"error":0},"keyphraseInDescription":{"score":9,"maxScore":9,"error":0},"keyphraseLength":{"score":9,"maxScore":9,"error":0,"length":2},"keyphraseInURL":{"score":5,"maxScore":5,"error":0},"keyphraseInIntroduction":{"score":9,"maxScore":9,"error":0},"keyphraseInSubHeadings":[],"keyphraseInImageAlt":{"score":9,"maxScore":9,"error":0}}},"additional":[{"keyphrase":"Vuelta Asturias","score":100,"analysis":{"keyphraseInDescription":{"score":9,"maxScore":9,"error":0},"keyphraseLength":{"score":9,"maxScore":9,"error":0,"length":2},"keyphraseInIntroduction":{"score":9,"maxScore":9,"error":0},"keyphraseInImageAlt":{"score":9,"maxScore":9,"error":0}}},{"keyphrase":"Howson","score":83,"analysis":{"keyphraseInDescription":{"score":9,"maxScore":9,"error":0},"keyphraseLength":{"score":9,"maxScore":9,"error":0,"length":1},"keyphraseInIntroduction":{"score":9,"maxScore":9,"error":0},"keyphraseInImageAlt":{"score":3,"maxScore":9,"error":1}}}]},"primary_term":null,"canonical_url":null,"og_title":null,"og_description":null,"og_object_type":"default","og_image_type":"default","og_image_url":null,"og_image_width":null,"og_image_height":null,"og_image_custom_url":null,"og_image_custom_fields":null,"og_video":"","og_custom_url":null,"og_article_section":null,"og_article_tags":[],"twitter_use_og":false,"twitter_card":"default","twitter_image_type":"default","twitter_image_url":null,"twitter_image_custom_url":null,"twitter_image_custom_fields":null,"twitter_title":null,"twitter_description":null,"schema":{"blockGraphs":[],"customGraphs":[],"default":{"data":{"Article":[],"Course":[],"Dataset":[],"FAQPage":[],"Movie":[],"Person":[],"Product":[],"ProductReview":[],"Car":[],"Recipe":[],"Service":[],"SoftwareApplication":[],"WebPage":[]},"graphName":"","isEnabled":true},"graphs":[]},"schema_type":"default","schema_type_options":null,"pillar_content":false,"robots_default":true,"robots_noindex":false,"robots_noarchive":false,"robots_nosnippet":false,"robots_nofollow":false,"robots_noimageindex":false,"robots_noodp":false,"robots_notranslate":false,"robots_max_snippet":"-1","robots_max_videopreview":"-1","robots_max_imagepreview":"large","priority":null,"frequency":"default","location":null,"local_seo":null,"seo_analyzer_scan_date":"2025-09-01 20:26:10","breadcrumb_settings":null,"limit_modified_date":false,"reviewed_by":null,"open_ai":"{\"title\":{\"suggestions\":[],\"usage\":0},\"description\":{\"suggestions\":[],\"usage\":0}}","ai":null,"created":"2023-04-28 17:39:25","updated":"2025-09-01 20:26:10"},"aioseo_breadcrumb":"<div class=\"aioseo-breadcrumbs\"><span class=\"aioseo-breadcrumb\">\n\t<a href=\"https:\/\/candas365.es\/noticias\" title=\"Home\">Home<\/a>\n<\/span><span class=\"aioseo-breadcrumb-separator\">&ndash;<\/span><span class=\"aioseo-breadcrumb\">\n\t<a href=\"https:\/\/candas365.es\/noticias\/category\/deporte\/\" title=\"Deporte\">Deporte<\/a>\n<\/span><span class=\"aioseo-breadcrumb-separator\">&ndash;<\/span><span class=\"aioseo-breadcrumb\">\n\tVuelta Asturias 2023: Howson sorprende en las calles de Pola de Lena\n<\/span><\/div>","aioseo_breadcrumb_json":[{"label":"Home","link":"https:\/\/candas365.es\/noticias"},{"label":"Deporte","link":"https:\/\/candas365.es\/noticias\/category\/deporte\/"},{"label":"Vuelta Asturias 2023: Howson sorprende en las calles de Pola de Lena","link":"https:\/\/candas365.es\/noticias\/vuelta-asturias-2023-howson-sorprende-en-las-calles-de-pola-de-lena\/"}],"_links":{"self":[{"href":"https:\/\/candas365.es\/noticias\/wp-json\/wp\/v2\/posts\/173393","targetHints":{"allow":["GET"]}}],"collection":[{"href":"https:\/\/candas365.es\/noticias\/wp-json\/wp\/v2\/posts"}],"about":[{"href":"https:\/\/candas365.es\/noticias\/wp-json\/wp\/v2\/types\/post"}],"author":[{"embeddable":true,"href":"https:\/\/candas365.es\/noticias\/wp-json\/wp\/v2\/users\/1"}],"replies":[{"embeddable":true,"href":"https:\/\/candas365.es\/noticias\/wp-json\/wp\/v2\/comments?post=173393"}],"version-history":[{"count":0,"href":"https:\/\/candas365.es\/noticias\/wp-json\/wp\/v2\/posts\/173393\/revisions"}],"wp:featuredmedia":[{"embeddable":true,"href":"https:\/\/candas365.es\/noticias\/wp-json\/wp\/v2\/media\/173396"}],"wp:attachment":[{"href":"https:\/\/candas365.es\/noticias\/wp-json\/wp\/v2\/media?parent=173393"}],"wp:term":[{"taxonomy":"category","embeddable":true,"href":"https:\/\/candas365.es\/noticias\/wp-json\/wp\/v2\/categories?post=173393"},{"taxonomy":"post_tag","embeddable":true,"href":"https:\/\/candas365.es\/noticias\/wp-json\/wp\/v2\/tags?post=173393"}],"curies":[{"name":"wp","href":"https:\/\/api.w.org\/{rel}","templated":true}]}}