{"id":173374,"date":"2023-04-28T06:42:43","date_gmt":"2023-04-28T04:42:43","guid":{"rendered":"https:\/\/candas365.es\/noticias\/?p=173374"},"modified":"2023-04-28T06:42:43","modified_gmt":"2023-04-28T04:42:43","slug":"consejos-para-organizar-eventos-sociales-y-profesionales","status":"publish","type":"post","link":"https:\/\/candas365.es\/noticias\/consejos-para-organizar-eventos-sociales-y-profesionales\/","title":{"rendered":"Consejos para organizar eventos sociales y profesionales"},"content":{"rendered":"<p>Los <strong>eventos sociales y profesionales<\/strong> en los que se presentan marcas, nuevas colecciones de moda, ferias y exposiciones o nuevos productos empresariales de todo tipo cada vez son m\u00e1s frecuentes tanto en Madrid como en el resto de Espa\u00f1a. <strong>Las empresas lo saben, los creadores tambi\u00e9n y los emprendedores o profesionales buscan siempre una <a title=\"agencia de eventos en Madrid\" href=\"https:\/\/www.4foreverything.com\/\" target=\"_blank\" rel=\"noopener\"><span style=\"color: #ff6600;\">agencia de eventos en Madrid<\/span><\/a> que sepa responder a sus necesidades<\/strong> y que les ofrezca todo aquello que desean o necesitan para brillar y lograr que sus invitados se sientan c\u00f3modos y disfruten de la experiencia.<\/p>\n<p><img fetchpriority=\"high\" decoding=\"async\" class=\"aligncenter wp-image-173377 size-full\" src=\"https:\/\/candas365.es\/noticias\/wp-content\/uploads\/2023\/04\/evento-empresa.jpg\" alt=\"evento empresa\" width=\"640\" height=\"360\" srcset=\"https:\/\/candas365.es\/noticias\/wp-content\/uploads\/2023\/04\/evento-empresa.jpg 640w, https:\/\/candas365.es\/noticias\/wp-content\/uploads\/2023\/04\/evento-empresa-360x203.jpg 360w, https:\/\/candas365.es\/noticias\/wp-content\/uploads\/2023\/04\/evento-empresa-150x84.jpg 150w, https:\/\/candas365.es\/noticias\/wp-content\/uploads\/2023\/04\/evento-empresa-450x253.jpg 450w\" sizes=\"(max-width: 640px) 100vw, 640px\" \/><\/p>\n<p>Un evento social y empresarial es una buena oportunidad para hacer negocios, nuevos contactos o para conocer o presentar las nuevas propuestas de empresas o entidades, ya sean deportivas, sociales o fundaciones; pero tambi\u00e9n puede ser una buena ocasi\u00f3n para reunirse con socios, colaboradores o trabajadores. Desde hace muchos a\u00f1os las convenciones y los eventos empresariales los hemos visto en series, pel\u00edculas o en las noticias; no hablamos de una moda puntual o de algo que se haya inventado ayer, pero lo que s\u00ed podemos afirmar es que el concepto de evento ha cambiado. Hoy en d\u00eda las nuevas tecnolog\u00edas, el dinamismo y la promoci\u00f3n y difusi\u00f3n tambi\u00e9n son necesarias, antes y despu\u00e9s del evento.<\/p>\n<h2>Medir los tiempos<\/h2>\n<p>Vivimos muy deprisa, y <strong>a las personas les gusta asistir a eventos o presentaciones que no les haga tener que cambiar su agenda y que no les reste tiempo en su vida personal o profesional.<\/strong> Elegir un buen d\u00eda, un buen horario, ser directos, tener detalles e intentar medir los tiempos es algo en lo que tambi\u00e9n deberemos pensar; h<strong>oy en d\u00eda \u00abmenos es m\u00e1s\u00bb y esa es otra realidad que ya pocos se atreven a negar<\/strong>, por tanto hay que centrarse en la previa, el evento y en el post evento, e intentar que todos los invitados acudan y disfruten de ese tiempo a nuestro lado sin prisas y sin mirar constantemente el reloj o el m\u00f3vil.<\/p>\n<h2>Difusi\u00f3n y selecci\u00f3n de invitados<\/h2>\n<p><strong>Notas de prensa, campa\u00f1as en redes sociales, generar expectaci\u00f3n y elegir a nuestros invitados es otro de los trabajos que podemos delegar a una agencia de eventos, pero deberemos trabajar con ellos mano a mano<\/strong> para evitar esos despistes y olvidos evitables, con una <strong>buena organizaci\u00f3n<\/strong> y un trabajo previo el evento tendr\u00e1 m\u00e1s \u00e9xito y podremos confirmar la asistencia de personas, y en el caso de que alguna persona rechace asistir por otros motivos o compromisos siempre podremos buscar a gente que cubra ese hueco con antelaci\u00f3n.<\/p>\n<p><img decoding=\"async\" class=\"aligncenter wp-image-173376 size-full\" src=\"https:\/\/candas365.es\/noticias\/wp-content\/uploads\/2023\/04\/evento.jpg\" alt=\"evento\" width=\"640\" height=\"427\" srcset=\"https:\/\/candas365.es\/noticias\/wp-content\/uploads\/2023\/04\/evento.jpg 640w, https:\/\/candas365.es\/noticias\/wp-content\/uploads\/2023\/04\/evento-360x240.jpg 360w, https:\/\/candas365.es\/noticias\/wp-content\/uploads\/2023\/04\/evento-150x100.jpg 150w, https:\/\/candas365.es\/noticias\/wp-content\/uploads\/2023\/04\/evento-450x300.jpg 450w\" sizes=\"(max-width: 640px) 100vw, 640px\" \/><\/p>\n<p>\u00bfA qui\u00e9n invitamos y con invitados podremos contar? Esa es una pregunta que muchas veces surge a la hora de realizar un evento empresarial o social. <strong>La lista puede ser extensa y quiz\u00e1s queramos contar con autoridades locales, regionales o nacionales; puede que tambi\u00e9n necesitemos la presencia de personas famosas para que ejerzan de madrinas o padrinos de nuestro evento<\/strong>, y luego tambi\u00e9n tenemos la opci\u00f3n de invitar a la competencia y empresas o personas del sector. <strong>Eso es una elecci\u00f3n personal y tambi\u00e9n depender\u00e1 del tipo de evento que queramos ofrecer y organizar.<\/strong><\/p>\n<h2>Ambiente acogedor y cercan\u00eda<\/h2>\n<p>Cuando celebramos un evento siempre es necesario <strong>crear un ambiente acogedor<\/strong>, cuidar de cada detalle y <strong>dedicar tiempo a las personas<\/strong>, pues no debemos olvidar que han venido a vernos; <strong>un aperitivo, un desayuno o agasajar a los asistentes con productos t\u00edpicos de nuestra tierra ayudar\u00e1 a que las personas puedan interactuar entre ellas y tambi\u00e9n nos servir\u00e1 para conocer las diferentes reacciones e impresiones de los asistentes.<\/strong><\/p>\n<p>El espacio o lugar elegido para el evento es algo que tambi\u00e9n debemos seleccionar con calma, pues no hablamos de una fiesta, boda o reuni\u00f3n de amigos. Hablamos de una fecha y d\u00eda especial para nuestra empresa o para nuestra fundaci\u00f3n, organizaci\u00f3n o entidad.<\/p>\n<p><img decoding=\"async\" class=\"aligncenter wp-image-173375 size-full\" src=\"https:\/\/candas365.es\/noticias\/wp-content\/uploads\/2023\/04\/comida-evento.jpg\" alt=\"comida evento\" width=\"640\" height=\"339\" srcset=\"https:\/\/candas365.es\/noticias\/wp-content\/uploads\/2023\/04\/comida-evento.jpg 640w, https:\/\/candas365.es\/noticias\/wp-content\/uploads\/2023\/04\/comida-evento-360x191.jpg 360w, https:\/\/candas365.es\/noticias\/wp-content\/uploads\/2023\/04\/comida-evento-150x79.jpg 150w, https:\/\/candas365.es\/noticias\/wp-content\/uploads\/2023\/04\/comida-evento-450x238.jpg 450w\" sizes=\"(max-width: 640px) 100vw, 640px\" \/><\/p>\n<h2>Broche final<\/h2>\n<p>Unas <strong>palabras sinceras y directas de agradecimiento<\/strong> tambi\u00e9n son necesarias en un evento o presentaci\u00f3n, en muchos casos se pueden nombrar a algunas personas que hayan sido parte de nuestra trayectoria, que hayan trabajado en la organizaci\u00f3n del evento o que lo hayan apoyado y contribuido para que todo fuera posible; <strong>cuando damos nombres tambi\u00e9n es importante intentar no olvidarse de las personas, generalizar siempre es bueno, pero tambi\u00e9n debemos resaltar la figura y presencia de algunos invitados.<\/strong><\/p>\n<blockquote><p>Un posado, foto de familia, realizar un video o reportaje conmemorativo y saber elegir el momento para poner fin al evento tambi\u00e9n es importante.<\/p><\/blockquote>\n<p>La <strong>contrataci\u00f3n de expertos en eventos<\/strong>, saber delegar, vivir la jornada o las diferentes jornadas dejando el estr\u00e9s a un lado y disfrutando de lo que estamos haciendo es tambi\u00e9n necesario.<\/p>\n<p>Para potenciar y crear marca los eventos profesionales, sociales o asociativos son fundamentales.<\/p>\n","protected":false},"excerpt":{"rendered":"<p>Los eventos sociales y profesionales en los que se presentan marcas, nuevas colecciones de moda, ferias y exposiciones o nuevos productos empresariales de todo tipo cada vez son m\u00e1s frecuentes tanto en Madrid como en el resto de Espa\u00f1a. Las empresas lo saben, los creadores tambi\u00e9n y los emprendedores o profesionales buscan siempre una agencia<\/p>\n","protected":false},"author":1,"featured_media":173377,"comment_status":"closed","ping_status":"closed","sticky":false,"template":"","format":"standard","meta":{"footnotes":""},"categories":[151],"tags":[],"class_list":{"0":"post-173374","1":"post","2":"type-post","3":"status-publish","4":"format-standard","5":"has-post-thumbnail","7":"category-canal-empresas"},"aioseo_notices":[],"aioseo_head":"\n\t\t<!-- All in One SEO Pro 4.9.6.2 - aioseo.com -->\n\t<meta name=\"description\" content=\"Los eventos sociales y profesionales en los que se presentan marcas, nuevas colecciones de moda, ferias y exposiciones o nuevos productos empresariales\" \/>\n\t<meta name=\"robots\" content=\"max-image-preview:large\" \/>\n\t<meta name=\"author\" content=\"Cand\u00e1s 365\"\/>\n\t<meta name=\"google-site-verification\" content=\"UA-32230408-1\" \/>\n\t<meta name=\"msvalidate.01\" content=\"354F3CDFB2DA171B47FBE9ABF1F88D5\" \/>\n\t<meta name=\"keywords\" content=\"canal empresas\" \/>\n\t<link rel=\"canonical\" href=\"https:\/\/candas365.es\/noticias\/consejos-para-organizar-eventos-sociales-y-profesionales\/\" \/>\n\t<meta name=\"generator\" content=\"All in One SEO Pro (AIOSEO) 4.9.6.2\" \/>\n\t\t<meta property=\"og:locale\" content=\"es_ES\" \/>\n\t\t<meta property=\"og:site_name\" content=\"Cand\u00e1s 365\" \/>\n\t\t<meta property=\"og:type\" content=\"article\" \/>\n\t\t<meta property=\"og:title\" content=\"Consejos para organizar eventos sociales y profesionales | Cand\u00e1s 365\" \/>\n\t\t<meta property=\"og:description\" content=\"Los eventos sociales y profesionales en los que se presentan marcas, nuevas colecciones de moda, ferias y exposiciones o nuevos productos empresariales\" \/>\n\t\t<meta property=\"og:url\" content=\"https:\/\/candas365.es\/noticias\/consejos-para-organizar-eventos-sociales-y-profesionales\/\" \/>\n\t\t<meta property=\"og:image\" content=\"https:\/\/candas365.es\/noticias\/wp-content\/uploads\/2023\/04\/evento-empresa.jpg\" \/>\n\t\t<meta property=\"og:image:secure_url\" content=\"https:\/\/candas365.es\/noticias\/wp-content\/uploads\/2023\/04\/evento-empresa.jpg\" \/>\n\t\t<meta property=\"og:image:width\" content=\"640\" \/>\n\t\t<meta property=\"og:image:height\" content=\"360\" \/>\n\t\t<meta property=\"article:published_time\" content=\"2023-04-28T04:42:43+00:00\" \/>\n\t\t<meta property=\"article:modified_time\" content=\"2023-04-28T04:42:43+00:00\" \/>\n\t\t<meta property=\"article:publisher\" content=\"https:\/\/www.facebook.com\/Nachofdezber\" \/>\n\t\t<meta property=\"article:author\" content=\"https:\/\/www.facebook.com\/carrenoactualidad\" \/>\n\t\t<meta name=\"twitter:card\" content=\"summary_large_image\" \/>\n\t\t<meta name=\"twitter:site\" content=\"@NabercoDigital\" \/>\n\t\t<meta name=\"twitter:title\" content=\"Consejos para organizar eventos sociales y profesionales | Cand\u00e1s 365\" \/>\n\t\t<meta name=\"twitter:description\" content=\"Los eventos sociales y profesionales en los que se presentan marcas, nuevas colecciones de moda, ferias y exposiciones o nuevos productos empresariales\" \/>\n\t\t<meta name=\"twitter:creator\" content=\"@nbasturias\" \/>\n\t\t<meta name=\"twitter:image\" content=\"https:\/\/candas365.es\/noticias\/wp-content\/uploads\/2023\/04\/evento-empresa.jpg\" \/>\n\t\t<meta name=\"twitter:label1\" content=\"Escrito por\" \/>\n\t\t<meta name=\"twitter:data1\" content=\"Cand\u00e1s 365\" \/>\n\t\t<meta name=\"twitter:label2\" content=\"Tiempo de lectura estimado\" \/>\n\t\t<meta name=\"twitter:data2\" content=\"4 minutos\" \/>\n\t\t<script type=\"application\/ld+json\" class=\"aioseo-schema\">\n\t\t\t{\"@context\":\"https:\\\/\\\/schema.org\",\"@graph\":[{\"@type\":\"BreadcrumbList\",\"@id\":\"https:\\\/\\\/candas365.es\\\/noticias\\\/consejos-para-organizar-eventos-sociales-y-profesionales\\\/#breadcrumblist\",\"itemListElement\":[{\"@type\":\"ListItem\",\"@id\":\"https:\\\/\\\/candas365.es\\\/noticias#listItem\",\"position\":1,\"name\":\"Home\",\"item\":\"https:\\\/\\\/candas365.es\\\/noticias\",\"nextItem\":{\"@type\":\"ListItem\",\"@id\":\"https:\\\/\\\/candas365.es\\\/noticias\\\/category\\\/canal-empresas\\\/#listItem\",\"name\":\"Canal Empresas\"}},{\"@type\":\"ListItem\",\"@id\":\"https:\\\/\\\/candas365.es\\\/noticias\\\/category\\\/canal-empresas\\\/#listItem\",\"position\":2,\"name\":\"Canal Empresas\",\"item\":\"https:\\\/\\\/candas365.es\\\/noticias\\\/category\\\/canal-empresas\\\/\",\"nextItem\":{\"@type\":\"ListItem\",\"@id\":\"https:\\\/\\\/candas365.es\\\/noticias\\\/consejos-para-organizar-eventos-sociales-y-profesionales\\\/#listItem\",\"name\":\"Consejos para organizar eventos sociales y profesionales\"},\"previousItem\":{\"@type\":\"ListItem\",\"@id\":\"https:\\\/\\\/candas365.es\\\/noticias#listItem\",\"name\":\"Home\"}},{\"@type\":\"ListItem\",\"@id\":\"https:\\\/\\\/candas365.es\\\/noticias\\\/consejos-para-organizar-eventos-sociales-y-profesionales\\\/#listItem\",\"position\":3,\"name\":\"Consejos para organizar eventos sociales y profesionales\",\"previousItem\":{\"@type\":\"ListItem\",\"@id\":\"https:\\\/\\\/candas365.es\\\/noticias\\\/category\\\/canal-empresas\\\/#listItem\",\"name\":\"Canal Empresas\"}}]},{\"@type\":\"NewsArticle\",\"@id\":\"https:\\\/\\\/candas365.es\\\/noticias\\\/consejos-para-organizar-eventos-sociales-y-profesionales\\\/#newsarticle\",\"name\":\"Consejos para organizar eventos sociales y profesionales | Cand\\u00e1s 365\",\"headline\":\"Consejos para organizar eventos sociales y profesionales\",\"author\":{\"@id\":\"https:\\\/\\\/candas365.es\\\/noticias\\\/author\\\/admin\\\/#author\"},\"publisher\":{\"@id\":\"https:\\\/\\\/candas365.es\\\/noticias\\\/#organization\"},\"image\":{\"@type\":\"ImageObject\",\"url\":\"https:\\\/\\\/candas365.es\\\/noticias\\\/wp-content\\\/uploads\\\/2023\\\/04\\\/evento-empresa.jpg\",\"width\":640,\"height\":360,\"caption\":\"evento empresa\"},\"datePublished\":\"2023-04-28T06:42:43+02:00\",\"dateModified\":\"2023-04-28T06:42:43+02:00\",\"inLanguage\":\"es-ES\",\"mainEntityOfPage\":{\"@id\":\"https:\\\/\\\/candas365.es\\\/noticias\\\/consejos-para-organizar-eventos-sociales-y-profesionales\\\/#webpage\"},\"isPartOf\":{\"@id\":\"https:\\\/\\\/candas365.es\\\/noticias\\\/consejos-para-organizar-eventos-sociales-y-profesionales\\\/#webpage\"},\"articleSection\":\"Canal Empresas\",\"dateline\":\"Publicado el abril 28, 2023.\"},{\"@type\":\"Organization\",\"@id\":\"https:\\\/\\\/candas365.es\\\/noticias\\\/#organization\",\"name\":\"Cand\\u00e1s 365\",\"description\":\"Cand\\u00e1s 365 es un diario digital independiente, fundado en 2012, con base en Asturias. Informamos con rigor sobre actualidad, sociedad, cultura y ocio, con una mirada local y global.\",\"url\":\"https:\\\/\\\/candas365.es\\\/noticias\\\/\",\"email\":\"info@candas365.es\",\"telephone\":\"+34652131393\",\"foundingDate\":\"2012-06-10\",\"logo\":{\"@type\":\"ImageObject\",\"url\":\"https:\\\/\\\/candas365.es\\\/noticias\\\/wp-content\\\/uploads\\\/2024\\\/09\\\/Candas-365-Redes.jpg\",\"@id\":\"https:\\\/\\\/candas365.es\\\/noticias\\\/consejos-para-organizar-eventos-sociales-y-profesionales\\\/#organizationLogo\",\"width\":1152,\"height\":864,\"caption\":\"Cand\\u00e1s 365 Redes\"},\"image\":{\"@id\":\"https:\\\/\\\/candas365.es\\\/noticias\\\/consejos-para-organizar-eventos-sociales-y-profesionales\\\/#organizationLogo\"},\"sameAs\":[\"https:\\\/\\\/www.facebook.com\\\/Nachofdezber\",\"https:\\\/\\\/x.com\\\/NabercoDigital\",\"https:\\\/\\\/www.instagram.com\\\/nachofdezber\\\/\",\"https:\\\/\\\/www.youtube.com\\\/channel\\\/UCZP-2wLEB9Rv6erhFmqVnvg\"],\"address\":{\"@id\":\"https:\\\/\\\/candas365.es\\\/noticias\\\/#postaladdress\",\"@type\":\"PostalAddress\",\"streetAddress\":\"san antonio 4, san antonio 4\",\"postalCode\":\"33430\",\"addressLocality\":\"Cand\\u00e1s\",\"addressRegion\":\"Asturias\",\"addressCountry\":\"ES\"}},{\"@type\":\"Person\",\"@id\":\"https:\\\/\\\/candas365.es\\\/noticias\\\/author\\\/admin\\\/#author\",\"url\":\"https:\\\/\\\/candas365.es\\\/noticias\\\/author\\\/admin\\\/\",\"name\":\"Cand\\u00e1s 365\",\"image\":{\"@type\":\"ImageObject\",\"@id\":\"https:\\\/\\\/candas365.es\\\/noticias\\\/consejos-para-organizar-eventos-sociales-y-profesionales\\\/#authorImage\",\"url\":\"https:\\\/\\\/secure.gravatar.com\\\/avatar\\\/496a8e03d0c493ede1718b7934145dbdf8d89be1036b0eec9544e1094c9de390?s=96&d=mm&r=g\",\"width\":96,\"height\":96,\"caption\":\"Cand\\u00e1s 365\"},\"sameAs\":[\"https:\\\/\\\/www.facebook.com\\\/carrenoactualidad\",\"https:\\\/\\\/twitter.com\\\/nbasturias\",\"https:\\\/\\\/www.instagram.com\\\/nachofdezber\\\/\",\"https:\\\/\\\/www.youtube.com\\\/channel\\\/UCZP-2wLEB9Rv6erhFmqVnvg\"]},{\"@type\":\"WebPage\",\"@id\":\"https:\\\/\\\/candas365.es\\\/noticias\\\/consejos-para-organizar-eventos-sociales-y-profesionales\\\/#webpage\",\"url\":\"https:\\\/\\\/candas365.es\\\/noticias\\\/consejos-para-organizar-eventos-sociales-y-profesionales\\\/\",\"name\":\"Consejos para organizar eventos sociales y profesionales | Cand\\u00e1s 365\",\"description\":\"Los eventos sociales y profesionales en los que se presentan marcas, nuevas colecciones de moda, ferias y exposiciones o nuevos productos empresariales\",\"inLanguage\":\"es-ES\",\"isPartOf\":{\"@id\":\"https:\\\/\\\/candas365.es\\\/noticias\\\/#website\"},\"breadcrumb\":{\"@id\":\"https:\\\/\\\/candas365.es\\\/noticias\\\/consejos-para-organizar-eventos-sociales-y-profesionales\\\/#breadcrumblist\"},\"author\":{\"@id\":\"https:\\\/\\\/candas365.es\\\/noticias\\\/author\\\/admin\\\/#author\"},\"creator\":{\"@id\":\"https:\\\/\\\/candas365.es\\\/noticias\\\/author\\\/admin\\\/#author\"},\"image\":{\"@type\":\"ImageObject\",\"url\":\"https:\\\/\\\/candas365.es\\\/noticias\\\/wp-content\\\/uploads\\\/2023\\\/04\\\/evento-empresa.jpg\",\"@id\":\"https:\\\/\\\/candas365.es\\\/noticias\\\/consejos-para-organizar-eventos-sociales-y-profesionales\\\/#mainImage\",\"width\":640,\"height\":360,\"caption\":\"evento empresa\"},\"primaryImageOfPage\":{\"@id\":\"https:\\\/\\\/candas365.es\\\/noticias\\\/consejos-para-organizar-eventos-sociales-y-profesionales\\\/#mainImage\"},\"datePublished\":\"2023-04-28T06:42:43+02:00\",\"dateModified\":\"2023-04-28T06:42:43+02:00\"},{\"@type\":\"WebSite\",\"@id\":\"https:\\\/\\\/candas365.es\\\/noticias\\\/#website\",\"url\":\"https:\\\/\\\/candas365.es\\\/noticias\\\/\",\"name\":\"Cand\\u00e1s 365\",\"alternateName\":\"Cand\\u00e1s 365 Noticias\",\"description\":\"Actualidad desde Carre\\u00f1o para el mundo\",\"inLanguage\":\"es-ES\",\"publisher\":{\"@id\":\"https:\\\/\\\/candas365.es\\\/noticias\\\/#organization\"}}]}\n\t\t<\/script>\n\t\t<!-- All in One SEO Pro -->\r\n\t\t<title>Consejos para organizar eventos sociales y profesionales | Cand\u00e1s 365<\/title>\n\n","aioseo_head_json":{"title":"Consejos para organizar eventos sociales y profesionales | Cand\u00e1s 365","description":"Los eventos sociales y profesionales en los que se presentan marcas, nuevas colecciones de moda, ferias y exposiciones o nuevos productos empresariales","canonical_url":"https:\/\/candas365.es\/noticias\/consejos-para-organizar-eventos-sociales-y-profesionales\/","robots":"max-image-preview:large","keywords":"canal empresas","webmasterTools":{"google-site-verification":"UA-32230408-1","msvalidate.01":"354F3CDFB2DA171B47FBE9ABF1F88D5","miscellaneous":""},"schema":{"@context":"https:\/\/schema.org","@graph":[{"@type":"BreadcrumbList","@id":"https:\/\/candas365.es\/noticias\/consejos-para-organizar-eventos-sociales-y-profesionales\/#breadcrumblist","itemListElement":[{"@type":"ListItem","@id":"https:\/\/candas365.es\/noticias#listItem","position":1,"name":"Home","item":"https:\/\/candas365.es\/noticias","nextItem":{"@type":"ListItem","@id":"https:\/\/candas365.es\/noticias\/category\/canal-empresas\/#listItem","name":"Canal Empresas"}},{"@type":"ListItem","@id":"https:\/\/candas365.es\/noticias\/category\/canal-empresas\/#listItem","position":2,"name":"Canal Empresas","item":"https:\/\/candas365.es\/noticias\/category\/canal-empresas\/","nextItem":{"@type":"ListItem","@id":"https:\/\/candas365.es\/noticias\/consejos-para-organizar-eventos-sociales-y-profesionales\/#listItem","name":"Consejos para organizar eventos sociales y profesionales"},"previousItem":{"@type":"ListItem","@id":"https:\/\/candas365.es\/noticias#listItem","name":"Home"}},{"@type":"ListItem","@id":"https:\/\/candas365.es\/noticias\/consejos-para-organizar-eventos-sociales-y-profesionales\/#listItem","position":3,"name":"Consejos para organizar eventos sociales y profesionales","previousItem":{"@type":"ListItem","@id":"https:\/\/candas365.es\/noticias\/category\/canal-empresas\/#listItem","name":"Canal Empresas"}}]},{"@type":"NewsArticle","@id":"https:\/\/candas365.es\/noticias\/consejos-para-organizar-eventos-sociales-y-profesionales\/#newsarticle","name":"Consejos para organizar eventos sociales y profesionales | Cand\u00e1s 365","headline":"Consejos para organizar eventos sociales y profesionales","author":{"@id":"https:\/\/candas365.es\/noticias\/author\/admin\/#author"},"publisher":{"@id":"https:\/\/candas365.es\/noticias\/#organization"},"image":{"@type":"ImageObject","url":"https:\/\/candas365.es\/noticias\/wp-content\/uploads\/2023\/04\/evento-empresa.jpg","width":640,"height":360,"caption":"evento empresa"},"datePublished":"2023-04-28T06:42:43+02:00","dateModified":"2023-04-28T06:42:43+02:00","inLanguage":"es-ES","mainEntityOfPage":{"@id":"https:\/\/candas365.es\/noticias\/consejos-para-organizar-eventos-sociales-y-profesionales\/#webpage"},"isPartOf":{"@id":"https:\/\/candas365.es\/noticias\/consejos-para-organizar-eventos-sociales-y-profesionales\/#webpage"},"articleSection":"Canal Empresas","dateline":"Publicado el abril 28, 2023."},{"@type":"Organization","@id":"https:\/\/candas365.es\/noticias\/#organization","name":"Cand\u00e1s 365","description":"Cand\u00e1s 365 es un diario digital independiente, fundado en 2012, con base en Asturias. Informamos con rigor sobre actualidad, sociedad, cultura y ocio, con una mirada local y global.","url":"https:\/\/candas365.es\/noticias\/","email":"info@candas365.es","telephone":"+34652131393","foundingDate":"2012-06-10","logo":{"@type":"ImageObject","url":"https:\/\/candas365.es\/noticias\/wp-content\/uploads\/2024\/09\/Candas-365-Redes.jpg","@id":"https:\/\/candas365.es\/noticias\/consejos-para-organizar-eventos-sociales-y-profesionales\/#organizationLogo","width":1152,"height":864,"caption":"Cand\u00e1s 365 Redes"},"image":{"@id":"https:\/\/candas365.es\/noticias\/consejos-para-organizar-eventos-sociales-y-profesionales\/#organizationLogo"},"sameAs":["https:\/\/www.facebook.com\/Nachofdezber","https:\/\/x.com\/NabercoDigital","https:\/\/www.instagram.com\/nachofdezber\/","https:\/\/www.youtube.com\/channel\/UCZP-2wLEB9Rv6erhFmqVnvg"],"address":{"@id":"https:\/\/candas365.es\/noticias\/#postaladdress","@type":"PostalAddress","streetAddress":"san antonio 4, san antonio 4","postalCode":"33430","addressLocality":"Cand\u00e1s","addressRegion":"Asturias","addressCountry":"ES"}},{"@type":"Person","@id":"https:\/\/candas365.es\/noticias\/author\/admin\/#author","url":"https:\/\/candas365.es\/noticias\/author\/admin\/","name":"Cand\u00e1s 365","image":{"@type":"ImageObject","@id":"https:\/\/candas365.es\/noticias\/consejos-para-organizar-eventos-sociales-y-profesionales\/#authorImage","url":"https:\/\/secure.gravatar.com\/avatar\/496a8e03d0c493ede1718b7934145dbdf8d89be1036b0eec9544e1094c9de390?s=96&d=mm&r=g","width":96,"height":96,"caption":"Cand\u00e1s 365"},"sameAs":["https:\/\/www.facebook.com\/carrenoactualidad","https:\/\/twitter.com\/nbasturias","https:\/\/www.instagram.com\/nachofdezber\/","https:\/\/www.youtube.com\/channel\/UCZP-2wLEB9Rv6erhFmqVnvg"]},{"@type":"WebPage","@id":"https:\/\/candas365.es\/noticias\/consejos-para-organizar-eventos-sociales-y-profesionales\/#webpage","url":"https:\/\/candas365.es\/noticias\/consejos-para-organizar-eventos-sociales-y-profesionales\/","name":"Consejos para organizar eventos sociales y profesionales | Cand\u00e1s 365","description":"Los eventos sociales y profesionales en los que se presentan marcas, nuevas colecciones de moda, ferias y exposiciones o nuevos productos empresariales","inLanguage":"es-ES","isPartOf":{"@id":"https:\/\/candas365.es\/noticias\/#website"},"breadcrumb":{"@id":"https:\/\/candas365.es\/noticias\/consejos-para-organizar-eventos-sociales-y-profesionales\/#breadcrumblist"},"author":{"@id":"https:\/\/candas365.es\/noticias\/author\/admin\/#author"},"creator":{"@id":"https:\/\/candas365.es\/noticias\/author\/admin\/#author"},"image":{"@type":"ImageObject","url":"https:\/\/candas365.es\/noticias\/wp-content\/uploads\/2023\/04\/evento-empresa.jpg","@id":"https:\/\/candas365.es\/noticias\/consejos-para-organizar-eventos-sociales-y-profesionales\/#mainImage","width":640,"height":360,"caption":"evento empresa"},"primaryImageOfPage":{"@id":"https:\/\/candas365.es\/noticias\/consejos-para-organizar-eventos-sociales-y-profesionales\/#mainImage"},"datePublished":"2023-04-28T06:42:43+02:00","dateModified":"2023-04-28T06:42:43+02:00"},{"@type":"WebSite","@id":"https:\/\/candas365.es\/noticias\/#website","url":"https:\/\/candas365.es\/noticias\/","name":"Cand\u00e1s 365","alternateName":"Cand\u00e1s 365 Noticias","description":"Actualidad desde Carre\u00f1o para el mundo","inLanguage":"es-ES","publisher":{"@id":"https:\/\/candas365.es\/noticias\/#organization"}}]},"og:locale":"es_ES","og:site_name":"Cand\u00e1s 365","og:type":"article","og:title":"Consejos para organizar eventos sociales y profesionales | Cand\u00e1s 365","og:description":"Los eventos sociales y profesionales en los que se presentan marcas, nuevas colecciones de moda, ferias y exposiciones o nuevos productos empresariales","og:url":"https:\/\/candas365.es\/noticias\/consejos-para-organizar-eventos-sociales-y-profesionales\/","og:image":"https:\/\/candas365.es\/noticias\/wp-content\/uploads\/2023\/04\/evento-empresa.jpg","og:image:secure_url":"https:\/\/candas365.es\/noticias\/wp-content\/uploads\/2023\/04\/evento-empresa.jpg","og:image:width":640,"og:image:height":360,"article:published_time":"2023-04-28T04:42:43+00:00","article:modified_time":"2023-04-28T04:42:43+00:00","article:publisher":"https:\/\/www.facebook.com\/Nachofdezber","article:author":"https:\/\/www.facebook.com\/carrenoactualidad","twitter:card":"summary_large_image","twitter:site":"@NabercoDigital","twitter:title":"Consejos para organizar eventos sociales y profesionales | Cand\u00e1s 365","twitter:description":"Los eventos sociales y profesionales en los que se presentan marcas, nuevas colecciones de moda, ferias y exposiciones o nuevos productos empresariales","twitter:creator":"@nbasturias","twitter:image":"https:\/\/candas365.es\/noticias\/wp-content\/uploads\/2023\/04\/evento-empresa.jpg","twitter:label1":"Escrito por","twitter:data1":"Cand\u00e1s 365","twitter:label2":"Tiempo de lectura estimado","twitter:data2":"4 minutos"},"aioseo_meta_data":{"post_id":"173374","title":null,"description":"Los eventos sociales y profesionales en los que se presentan marcas, nuevas colecciones de moda, ferias y exposiciones o nuevos productos empresariales","keywords":[],"keyphrases":{"focus":{"keyphrase":"eventos","score":73,"analysis":{"keyphraseInTitle":{"score":9,"maxScore":9,"error":0},"keyphraseInDescription":{"score":9,"maxScore":9,"error":0},"keyphraseLength":{"score":9,"maxScore":9,"error":0,"length":1},"keyphraseInURL":{"score":1,"maxScore":5,"error":1},"keyphraseInIntroduction":{"score":9,"maxScore":9,"error":0},"keyphraseInSubHeadings":{"score":3,"maxScore":9,"error":1},"keyphraseInImageAlt":{"score":3,"maxScore":9,"error":1}}},"additional":[{"keyphrase":"eventos sociales","score":83,"analysis":{"keyphraseInDescription":{"score":9,"maxScore":9,"error":0},"keyphraseLength":{"score":9,"maxScore":9,"error":0,"length":2},"keyphraseInIntroduction":{"score":9,"maxScore":9,"error":0},"keyphraseInImageAlt":{"score":3,"maxScore":9,"error":1}}},{"keyphrase":"profesionales ","score":83,"analysis":{"keyphraseInDescription":{"score":9,"maxScore":9,"error":0},"keyphraseLength":{"score":9,"maxScore":9,"error":0,"length":1},"keyphraseInIntroduction":{"score":9,"maxScore":9,"error":0},"keyphraseInImageAlt":{"score":3,"maxScore":9,"error":1}}},{"keyphrase":"eventos","score":83,"analysis":{"keyphraseInDescription":{"score":9,"maxScore":9,"error":0},"keyphraseLength":{"score":9,"maxScore":9,"error":0,"length":1},"keyphraseInIntroduction":{"score":9,"maxScore":9,"error":0},"keyphraseInImageAlt":{"score":3,"maxScore":9,"error":1}}}]},"primary_term":null,"canonical_url":null,"og_title":null,"og_description":null,"og_object_type":"default","og_image_type":"default","og_image_url":null,"og_image_width":null,"og_image_height":null,"og_image_custom_url":null,"og_image_custom_fields":null,"og_video":"","og_custom_url":null,"og_article_section":null,"og_article_tags":[],"twitter_use_og":false,"twitter_card":"default","twitter_image_type":"default","twitter_image_url":null,"twitter_image_custom_url":null,"twitter_image_custom_fields":null,"twitter_title":null,"twitter_description":null,"schema":{"blockGraphs":[],"customGraphs":[],"default":{"data":{"Article":[],"Course":[],"Dataset":[],"FAQPage":[],"Movie":[],"Person":[],"Product":[],"ProductReview":[],"Car":[],"Recipe":[],"Service":[],"SoftwareApplication":[],"WebPage":[]},"graphName":"","isEnabled":true},"graphs":[]},"schema_type":"default","schema_type_options":null,"pillar_content":false,"robots_default":true,"robots_noindex":false,"robots_noarchive":false,"robots_nosnippet":false,"robots_nofollow":false,"robots_noimageindex":false,"robots_noodp":false,"robots_notranslate":false,"robots_max_snippet":"-1","robots_max_videopreview":"-1","robots_max_imagepreview":"large","priority":null,"frequency":"default","location":null,"local_seo":null,"seo_analyzer_scan_date":"2025-09-01 20:25:19","breadcrumb_settings":null,"limit_modified_date":false,"reviewed_by":null,"open_ai":"{\"title\":{\"suggestions\":[],\"usage\":0},\"description\":{\"suggestions\":[],\"usage\":0}}","ai":null,"created":"2023-04-28 04:21:53","updated":"2025-09-01 20:25:19"},"aioseo_breadcrumb":"<div class=\"aioseo-breadcrumbs\"><span class=\"aioseo-breadcrumb\">\n\t<a href=\"https:\/\/candas365.es\/noticias\" title=\"Home\">Home<\/a>\n<\/span><span class=\"aioseo-breadcrumb-separator\">&ndash;<\/span><span class=\"aioseo-breadcrumb\">\n\t<a href=\"https:\/\/candas365.es\/noticias\/category\/canal-empresas\/\" title=\"Canal Empresas\">Canal Empresas<\/a>\n<\/span><span class=\"aioseo-breadcrumb-separator\">&ndash;<\/span><span class=\"aioseo-breadcrumb\">\n\tConsejos para organizar eventos sociales y profesionales\n<\/span><\/div>","aioseo_breadcrumb_json":[{"label":"Home","link":"https:\/\/candas365.es\/noticias"},{"label":"Canal Empresas","link":"https:\/\/candas365.es\/noticias\/category\/canal-empresas\/"},{"label":"Consejos para organizar eventos sociales y profesionales","link":"https:\/\/candas365.es\/noticias\/consejos-para-organizar-eventos-sociales-y-profesionales\/"}],"_links":{"self":[{"href":"https:\/\/candas365.es\/noticias\/wp-json\/wp\/v2\/posts\/173374","targetHints":{"allow":["GET"]}}],"collection":[{"href":"https:\/\/candas365.es\/noticias\/wp-json\/wp\/v2\/posts"}],"about":[{"href":"https:\/\/candas365.es\/noticias\/wp-json\/wp\/v2\/types\/post"}],"author":[{"embeddable":true,"href":"https:\/\/candas365.es\/noticias\/wp-json\/wp\/v2\/users\/1"}],"replies":[{"embeddable":true,"href":"https:\/\/candas365.es\/noticias\/wp-json\/wp\/v2\/comments?post=173374"}],"version-history":[{"count":0,"href":"https:\/\/candas365.es\/noticias\/wp-json\/wp\/v2\/posts\/173374\/revisions"}],"wp:featuredmedia":[{"embeddable":true,"href":"https:\/\/candas365.es\/noticias\/wp-json\/wp\/v2\/media\/173377"}],"wp:attachment":[{"href":"https:\/\/candas365.es\/noticias\/wp-json\/wp\/v2\/media?parent=173374"}],"wp:term":[{"taxonomy":"category","embeddable":true,"href":"https:\/\/candas365.es\/noticias\/wp-json\/wp\/v2\/categories?post=173374"},{"taxonomy":"post_tag","embeddable":true,"href":"https:\/\/candas365.es\/noticias\/wp-json\/wp\/v2\/tags?post=173374"}],"curies":[{"name":"wp","href":"https:\/\/api.w.org\/{rel}","templated":true}]}}