{"id":173335,"date":"2023-04-23T12:05:56","date_gmt":"2023-04-23T10:05:56","guid":{"rendered":"https:\/\/candas365.es\/noticias\/?p=173335"},"modified":"2023-04-23T12:05:56","modified_gmt":"2023-04-23T10:05:56","slug":"la-sintonia-oficial-de-la-vuelta-23","status":"publish","type":"post","link":"https:\/\/candas365.es\/noticias\/la-sintonia-oficial-de-la-vuelta-23\/","title":{"rendered":"La sinton\u00eda oficial de La Vuelta 23"},"content":{"rendered":"<p>(EP) &#8211; El d\u00fao Estopa, formado por los hermanos Jos\u00e9 Manuel y David Mu\u00f1oz, con su canci\u00f3n &#8216;Coraz\u00f3n sin salida&#8217; ser\u00e1n la sinton\u00eda oficial de <a href=\"https:\/\/candas365.es\/noticias\/category\/deporte\/\"><span style=\"color: #ff6600;\"><strong>La Vuelta 23,<\/strong><\/span><\/a> ronda espa\u00f1ola que se disputar\u00e1 en esta ocasi\u00f3n del 26 de agosto al 17 de septiembre entre Barcelona y Madrid, en una canci\u00f3n que es un \u00abcanto a la emoci\u00f3n y al optimismo\u00bb.<\/p>\n<figure id=\"attachment_173336\" aria-describedby=\"caption-attachment-173336\" style=\"width: 650px\" class=\"wp-caption aligncenter\"><img fetchpriority=\"high\" decoding=\"async\" class=\"wp-image-173336 size-large\" src=\"https:\/\/candas365.es\/noticias\/wp-content\/uploads\/2023\/04\/La-Vuelta-23-650x449.jpg\" alt=\"La Vuelta 23\" width=\"650\" height=\"449\" srcset=\"https:\/\/candas365.es\/noticias\/wp-content\/uploads\/2023\/04\/La-Vuelta-23-650x449.jpg 650w, https:\/\/candas365.es\/noticias\/wp-content\/uploads\/2023\/04\/La-Vuelta-23-360x249.jpg 360w, https:\/\/candas365.es\/noticias\/wp-content\/uploads\/2023\/04\/La-Vuelta-23-768x530.jpg 768w, https:\/\/candas365.es\/noticias\/wp-content\/uploads\/2023\/04\/La-Vuelta-23-150x104.jpg 150w, https:\/\/candas365.es\/noticias\/wp-content\/uploads\/2023\/04\/La-Vuelta-23-450x311.jpg 450w, https:\/\/candas365.es\/noticias\/wp-content\/uploads\/2023\/04\/La-Vuelta-23.jpg 959w\" sizes=\"(max-width: 650px) 100vw, 650px\" \/><figcaption id=\"caption-attachment-173336\" class=\"wp-caption-text\">Foto: Europa Press<\/figcaption><\/figure>\n<p>En el marco del Barcelona Open Banc Sabadell-70 Trofeo Conde de God\u00f3, torneo ATP 500 que se disputa en el RCTB-19899 de Barcelona, Unipublic desvel\u00f3 que el famoso d\u00fao de Cornell\u00e0 de Llobregat (Barcelona) ser\u00e1n los encargados, con la canci\u00f3n &#8216;Coraz\u00f3n sin salida&#8217; del disco &#8216;Fuego&#8217;, de llenar de m\u00fasica la ronda espa\u00f1ola desde, precisamente, su salida en Barcelona.<\/p>\n<p>\u00abLa Vuelta pasar\u00e1 por Cornell\u00e0 el 27 de agosto, y me encanta la pasi\u00f3n con la que habl\u00e1is (los Estopa) de Cornell\u00e0, y queremos que est\u00e9is con nosotros, hemos puesto la meta volante en Cornell\u00e0 para que ese d\u00eda disfrut\u00e9is con nosotros\u00bb, asegur\u00f3 el director de La Vuelta, Javier Guill\u00e9n.<\/p>\n<blockquote><p>El director de la ronda espa\u00f1ola asegur\u00f3 que el fichaje de los Estopa permite cerrar la perfecci\u00f3n de la salida de La Vuelta 23 desde la capital catalana. \u00abBarcelona es la salida perfecta de La Vuelta\u00bb, asegur\u00f3.<\/p><\/blockquote>\n<p>\u00abPoder decir que una de las tres grandes del ciclismo sale de una de las grandes ciudades del mundo, solo necesitaba un elemento m\u00e1s all\u00e1 de ciudad y deporte para definir esta salida, que es el acto art\u00edstico o cultural. Y Estopa cumple perfectamente con la posibilidad de alcanzar esa perfecci\u00f3n\u00bb, aleg\u00f3.<\/p>\n<p><strong>\u00bfPor qu\u00e9 Estopa? Porque, para Guill\u00e9n, son \u00ablos mejores\u00bb.<\/strong> \u00abQueremos estar con los mejores. Pero cas\u00e1is muy bien con La Vuelta y el ciclismo, ten\u00e9is esp\u00edritu ciclista por lo que trabaj\u00e1is, y sois gente espont\u00e1nea y cercana. Me identifico mucho con vosotros, no vais nada de divos\u00bb, les dedic\u00f3.<\/p>\n<p>Eso s\u00ed, crea un precedente peligroso. \u00abSois l\u00edderes, form\u00e1is parte de nuestro pelot\u00f3n de l\u00edderes porque La Vuelta ha contado con grandes artistas y cantantes, pero teneros a vosotros nos genera el problema de que posiblemente el a\u00f1o que viene no ser\u00e1 mejor, el list\u00f3n est\u00e1 muy alto\u00bb, reconoci\u00f3.<\/p>\n<p><strong>Por su parte, el cantante de Estopa David Mu\u00f1oz asegur\u00f3 que &#8216;Coraz\u00f3n sin salida&#8217;, que forma parte de su \u00faltimo trabajo &#8216;Fuego&#8217;, es una canci\u00f3n id\u00f3nea para La Vuelta<\/strong>. \u00abEs plenamente ciclista, plantea la vida como una carrera con sus subidas y bajadas, aderezado con el enemigo del tiempo, que va pasando y nunca va para atr\u00e1s, siempre hacia adelante. La ten\u00edamos a huevo, pensamos en esta canci\u00f3n para La Vuelta porque cuando la hicimos ya era de ciclismo\u00bb, aport\u00f3.<\/p>\n<p>Su hermano, el guitarrista del grupo Jos\u00e9 Manuel Mu\u00f1oz, a\u00f1adi\u00f3 que la canci\u00f3n habla de que el coraz\u00f3n \u00abse quiere salir del pecho\u00bb. <strong>\u00abQueda muy bien con la carrera. Somos grandes aficionados al ciclismo y de &#8216;Perico&#8217;. Pedro, &#8216;we love you'\u00bb, le dedic\u00f3 al exciclista Pedro &#8216;Perico&#8217; Delgado, desde hace a\u00f1os comentarista de La 1 de TVE, presente en el acto.<\/strong><\/p>\n<p>Una presentaci\u00f3n que abri\u00f3 el concejal de Deportes del Ayuntamiento de Barcelona, David Escud\u00e9. \u00abFaltaba la guinda al pastel, la banda sonora con la que hemos crecido muchos. Es quiz\u00e1 la \u00faltima de las grandes noticias de La Vuelta. Y tiene mucho sentido que sea Estopa quienes hayas compuesto la canci\u00f3n, porque son grandes seguidores del ciclismo. Les agradezco la disponibilidad desde el minuto 1\u00bb, manifest\u00f3.<\/p>\n<p><strong>La canci\u00f3n &#8216;Coraz\u00f3n sin salida&#8217; y el spot de La Vuelta 23 se emitir\u00e1n en los canales de RTVE desde ahora hasta el inicio de la ronda espa\u00f1ola<\/strong>. Un tema que destila \u00abfrescura, ingenio o imaginaci\u00f3n\u00bb adem\u00e1s de ser un \u00abcanto a la emoci\u00f3n y al optimismo\u00bb, obra de unos Estopa que publicaron su primer disco en 1999 y que han vendido m\u00e1s de 6 millones de discos en su carrera.<\/p>\n","protected":false},"excerpt":{"rendered":"<p>(EP) &#8211; El d\u00fao Estopa, formado por los hermanos Jos\u00e9 Manuel y David Mu\u00f1oz, con su canci\u00f3n &#8216;Coraz\u00f3n sin salida&#8217; ser\u00e1n la sinton\u00eda oficial de La Vuelta 23, ronda espa\u00f1ola que se disputar\u00e1 en esta ocasi\u00f3n del 26 de agosto al 17 de septiembre entre Barcelona y Madrid, en una canci\u00f3n que es un \u00abcanto<\/p>\n","protected":false},"author":1,"featured_media":173336,"comment_status":"closed","ping_status":"closed","sticky":false,"template":"","format":"standard","meta":{"footnotes":""},"categories":[319],"tags":[387],"class_list":{"0":"post-173335","1":"post","2":"type-post","3":"status-publish","4":"format-standard","5":"has-post-thumbnail","7":"category-deporte","8":"tag-deporte"},"aioseo_notices":[],"aioseo_head":"\n\t\t<!-- All in One SEO Pro 4.9.6.2 - aioseo.com -->\n\t<meta name=\"description\" content=\"(EP) - El d\u00fao Estopa, formado por los hermanos Jos\u00e9 Manuel y David Mu\u00f1oz, con su canci\u00f3n &#039;Coraz\u00f3n sin salida&#039; ser\u00e1n la sinton\u00eda oficial de La Vuelta 23\" \/>\n\t<meta name=\"robots\" content=\"max-image-preview:large\" \/>\n\t<meta name=\"author\" content=\"Cand\u00e1s 365\"\/>\n\t<meta name=\"google-site-verification\" content=\"UA-32230408-1\" \/>\n\t<meta name=\"msvalidate.01\" content=\"354F3CDFB2DA171B47FBE9ABF1F88D5\" \/>\n\t<meta name=\"keywords\" content=\"deporte\" \/>\n\t<link rel=\"canonical\" href=\"https:\/\/candas365.es\/noticias\/la-sintonia-oficial-de-la-vuelta-23\/\" \/>\n\t<meta name=\"generator\" content=\"All in One SEO Pro (AIOSEO) 4.9.6.2\" \/>\n\t\t<meta property=\"og:locale\" content=\"es_ES\" \/>\n\t\t<meta property=\"og:site_name\" content=\"Cand\u00e1s 365\" \/>\n\t\t<meta property=\"og:type\" content=\"article\" \/>\n\t\t<meta property=\"og:title\" content=\"La sinton\u00eda oficial de La Vuelta 23 | Cand\u00e1s 365\" \/>\n\t\t<meta property=\"og:description\" content=\"(EP) - El d\u00fao Estopa, formado por los hermanos Jos\u00e9 Manuel y David Mu\u00f1oz, con su canci\u00f3n &#039;Coraz\u00f3n sin salida&#039; ser\u00e1n la sinton\u00eda oficial de La Vuelta 23\" \/>\n\t\t<meta property=\"og:url\" content=\"https:\/\/candas365.es\/noticias\/la-sintonia-oficial-de-la-vuelta-23\/\" \/>\n\t\t<meta property=\"og:image\" content=\"https:\/\/candas365.es\/noticias\/wp-content\/uploads\/2023\/04\/La-Vuelta-23.jpg\" \/>\n\t\t<meta property=\"og:image:secure_url\" content=\"https:\/\/candas365.es\/noticias\/wp-content\/uploads\/2023\/04\/La-Vuelta-23.jpg\" \/>\n\t\t<meta property=\"og:image:width\" content=\"959\" \/>\n\t\t<meta property=\"og:image:height\" content=\"662\" \/>\n\t\t<meta property=\"article:published_time\" content=\"2023-04-23T10:05:56+00:00\" \/>\n\t\t<meta property=\"article:modified_time\" content=\"2023-04-23T10:05:56+00:00\" \/>\n\t\t<meta property=\"article:publisher\" content=\"https:\/\/www.facebook.com\/Nachofdezber\" \/>\n\t\t<meta property=\"article:author\" content=\"https:\/\/www.facebook.com\/carrenoactualidad\" \/>\n\t\t<meta name=\"twitter:card\" content=\"summary_large_image\" \/>\n\t\t<meta name=\"twitter:site\" content=\"@NabercoDigital\" \/>\n\t\t<meta name=\"twitter:title\" content=\"La sinton\u00eda oficial de La Vuelta 23 | Cand\u00e1s 365\" \/>\n\t\t<meta name=\"twitter:description\" content=\"(EP) - El d\u00fao Estopa, formado por los hermanos Jos\u00e9 Manuel y David Mu\u00f1oz, con su canci\u00f3n &#039;Coraz\u00f3n sin salida&#039; ser\u00e1n la sinton\u00eda oficial de La Vuelta 23\" \/>\n\t\t<meta name=\"twitter:creator\" content=\"@nbasturias\" \/>\n\t\t<meta name=\"twitter:image\" content=\"https:\/\/candas365.es\/noticias\/wp-content\/uploads\/2023\/04\/La-Vuelta-23.jpg\" \/>\n\t\t<meta name=\"twitter:label1\" content=\"Escrito por\" \/>\n\t\t<meta name=\"twitter:data1\" content=\"Cand\u00e1s 365\" \/>\n\t\t<meta name=\"twitter:label2\" content=\"Tiempo de lectura estimado\" \/>\n\t\t<meta name=\"twitter:data2\" content=\"3 minutos\" \/>\n\t\t<script type=\"application\/ld+json\" class=\"aioseo-schema\">\n\t\t\t{\"@context\":\"https:\\\/\\\/schema.org\",\"@graph\":[{\"@type\":\"BreadcrumbList\",\"@id\":\"https:\\\/\\\/candas365.es\\\/noticias\\\/la-sintonia-oficial-de-la-vuelta-23\\\/#breadcrumblist\",\"itemListElement\":[{\"@type\":\"ListItem\",\"@id\":\"https:\\\/\\\/candas365.es\\\/noticias#listItem\",\"position\":1,\"name\":\"Home\",\"item\":\"https:\\\/\\\/candas365.es\\\/noticias\",\"nextItem\":{\"@type\":\"ListItem\",\"@id\":\"https:\\\/\\\/candas365.es\\\/noticias\\\/category\\\/deporte\\\/#listItem\",\"name\":\"Deporte\"}},{\"@type\":\"ListItem\",\"@id\":\"https:\\\/\\\/candas365.es\\\/noticias\\\/category\\\/deporte\\\/#listItem\",\"position\":2,\"name\":\"Deporte\",\"item\":\"https:\\\/\\\/candas365.es\\\/noticias\\\/category\\\/deporte\\\/\",\"nextItem\":{\"@type\":\"ListItem\",\"@id\":\"https:\\\/\\\/candas365.es\\\/noticias\\\/la-sintonia-oficial-de-la-vuelta-23\\\/#listItem\",\"name\":\"La sinton\\u00eda oficial de La Vuelta 23\"},\"previousItem\":{\"@type\":\"ListItem\",\"@id\":\"https:\\\/\\\/candas365.es\\\/noticias#listItem\",\"name\":\"Home\"}},{\"@type\":\"ListItem\",\"@id\":\"https:\\\/\\\/candas365.es\\\/noticias\\\/la-sintonia-oficial-de-la-vuelta-23\\\/#listItem\",\"position\":3,\"name\":\"La sinton\\u00eda oficial de La Vuelta 23\",\"previousItem\":{\"@type\":\"ListItem\",\"@id\":\"https:\\\/\\\/candas365.es\\\/noticias\\\/category\\\/deporte\\\/#listItem\",\"name\":\"Deporte\"}}]},{\"@type\":\"NewsArticle\",\"@id\":\"https:\\\/\\\/candas365.es\\\/noticias\\\/la-sintonia-oficial-de-la-vuelta-23\\\/#newsarticle\",\"name\":\"La sinton\\u00eda oficial de La Vuelta 23 | Cand\\u00e1s 365\",\"headline\":\"La sinton\\u00eda oficial de La Vuelta 23\",\"author\":{\"@id\":\"https:\\\/\\\/candas365.es\\\/noticias\\\/author\\\/admin\\\/#author\"},\"publisher\":{\"@id\":\"https:\\\/\\\/candas365.es\\\/noticias\\\/#organization\"},\"image\":{\"@type\":\"ImageObject\",\"url\":\"https:\\\/\\\/candas365.es\\\/noticias\\\/wp-content\\\/uploads\\\/2023\\\/04\\\/La-Vuelta-23.jpg\",\"width\":959,\"height\":662,\"caption\":\"Foto: Europa Press\"},\"datePublished\":\"2023-04-23T12:05:56+02:00\",\"dateModified\":\"2023-04-23T12:05:56+02:00\",\"inLanguage\":\"es-ES\",\"mainEntityOfPage\":{\"@id\":\"https:\\\/\\\/candas365.es\\\/noticias\\\/la-sintonia-oficial-de-la-vuelta-23\\\/#webpage\"},\"isPartOf\":{\"@id\":\"https:\\\/\\\/candas365.es\\\/noticias\\\/la-sintonia-oficial-de-la-vuelta-23\\\/#webpage\"},\"articleSection\":\"Deporte, deporte\",\"dateline\":\"Publicado el abril 23, 2023.\"},{\"@type\":\"Organization\",\"@id\":\"https:\\\/\\\/candas365.es\\\/noticias\\\/#organization\",\"name\":\"Cand\\u00e1s 365\",\"description\":\"Cand\\u00e1s 365 es un diario digital independiente, fundado en 2012, con base en Asturias. Informamos con rigor sobre actualidad, sociedad, cultura y ocio, con una mirada local y global.\",\"url\":\"https:\\\/\\\/candas365.es\\\/noticias\\\/\",\"email\":\"info@candas365.es\",\"telephone\":\"+34652131393\",\"foundingDate\":\"2012-06-10\",\"logo\":{\"@type\":\"ImageObject\",\"url\":\"https:\\\/\\\/candas365.es\\\/noticias\\\/wp-content\\\/uploads\\\/2024\\\/09\\\/Candas-365-Redes.jpg\",\"@id\":\"https:\\\/\\\/candas365.es\\\/noticias\\\/la-sintonia-oficial-de-la-vuelta-23\\\/#organizationLogo\",\"width\":1152,\"height\":864,\"caption\":\"Cand\\u00e1s 365 Redes\"},\"image\":{\"@id\":\"https:\\\/\\\/candas365.es\\\/noticias\\\/la-sintonia-oficial-de-la-vuelta-23\\\/#organizationLogo\"},\"sameAs\":[\"https:\\\/\\\/www.facebook.com\\\/Nachofdezber\",\"https:\\\/\\\/x.com\\\/NabercoDigital\",\"https:\\\/\\\/www.instagram.com\\\/nachofdezber\\\/\",\"https:\\\/\\\/www.youtube.com\\\/channel\\\/UCZP-2wLEB9Rv6erhFmqVnvg\"],\"address\":{\"@id\":\"https:\\\/\\\/candas365.es\\\/noticias\\\/#postaladdress\",\"@type\":\"PostalAddress\",\"streetAddress\":\"san antonio 4, san antonio 4\",\"postalCode\":\"33430\",\"addressLocality\":\"Cand\\u00e1s\",\"addressRegion\":\"Asturias\",\"addressCountry\":\"ES\"}},{\"@type\":\"Person\",\"@id\":\"https:\\\/\\\/candas365.es\\\/noticias\\\/author\\\/admin\\\/#author\",\"url\":\"https:\\\/\\\/candas365.es\\\/noticias\\\/author\\\/admin\\\/\",\"name\":\"Cand\\u00e1s 365\",\"image\":{\"@type\":\"ImageObject\",\"@id\":\"https:\\\/\\\/candas365.es\\\/noticias\\\/la-sintonia-oficial-de-la-vuelta-23\\\/#authorImage\",\"url\":\"https:\\\/\\\/secure.gravatar.com\\\/avatar\\\/496a8e03d0c493ede1718b7934145dbdf8d89be1036b0eec9544e1094c9de390?s=96&d=mm&r=g\",\"width\":96,\"height\":96,\"caption\":\"Cand\\u00e1s 365\"},\"sameAs\":[\"https:\\\/\\\/www.facebook.com\\\/carrenoactualidad\",\"https:\\\/\\\/twitter.com\\\/nbasturias\",\"https:\\\/\\\/www.instagram.com\\\/nachofdezber\\\/\",\"https:\\\/\\\/www.youtube.com\\\/channel\\\/UCZP-2wLEB9Rv6erhFmqVnvg\"]},{\"@type\":\"WebPage\",\"@id\":\"https:\\\/\\\/candas365.es\\\/noticias\\\/la-sintonia-oficial-de-la-vuelta-23\\\/#webpage\",\"url\":\"https:\\\/\\\/candas365.es\\\/noticias\\\/la-sintonia-oficial-de-la-vuelta-23\\\/\",\"name\":\"La sinton\\u00eda oficial de La Vuelta 23 | Cand\\u00e1s 365\",\"description\":\"(EP) - El d\\u00fao Estopa, formado por los hermanos Jos\\u00e9 Manuel y David Mu\\u00f1oz, con su canci\\u00f3n 'Coraz\\u00f3n sin salida' ser\\u00e1n la sinton\\u00eda oficial de La Vuelta 23\",\"inLanguage\":\"es-ES\",\"isPartOf\":{\"@id\":\"https:\\\/\\\/candas365.es\\\/noticias\\\/#website\"},\"breadcrumb\":{\"@id\":\"https:\\\/\\\/candas365.es\\\/noticias\\\/la-sintonia-oficial-de-la-vuelta-23\\\/#breadcrumblist\"},\"author\":{\"@id\":\"https:\\\/\\\/candas365.es\\\/noticias\\\/author\\\/admin\\\/#author\"},\"creator\":{\"@id\":\"https:\\\/\\\/candas365.es\\\/noticias\\\/author\\\/admin\\\/#author\"},\"image\":{\"@type\":\"ImageObject\",\"url\":\"https:\\\/\\\/candas365.es\\\/noticias\\\/wp-content\\\/uploads\\\/2023\\\/04\\\/La-Vuelta-23.jpg\",\"@id\":\"https:\\\/\\\/candas365.es\\\/noticias\\\/la-sintonia-oficial-de-la-vuelta-23\\\/#mainImage\",\"width\":959,\"height\":662,\"caption\":\"Foto: Europa Press\"},\"primaryImageOfPage\":{\"@id\":\"https:\\\/\\\/candas365.es\\\/noticias\\\/la-sintonia-oficial-de-la-vuelta-23\\\/#mainImage\"},\"datePublished\":\"2023-04-23T12:05:56+02:00\",\"dateModified\":\"2023-04-23T12:05:56+02:00\"},{\"@type\":\"WebSite\",\"@id\":\"https:\\\/\\\/candas365.es\\\/noticias\\\/#website\",\"url\":\"https:\\\/\\\/candas365.es\\\/noticias\\\/\",\"name\":\"Cand\\u00e1s 365\",\"alternateName\":\"Cand\\u00e1s 365 Noticias\",\"description\":\"Actualidad desde Carre\\u00f1o para el mundo\",\"inLanguage\":\"es-ES\",\"publisher\":{\"@id\":\"https:\\\/\\\/candas365.es\\\/noticias\\\/#organization\"}}]}\n\t\t<\/script>\n\t\t<!-- All in One SEO Pro -->\r\n\t\t<title>La sinton\u00eda oficial de La Vuelta 23 | Cand\u00e1s 365<\/title>\n\n","aioseo_head_json":{"title":"La sinton\u00eda oficial de La Vuelta 23 | Cand\u00e1s 365","description":"(EP) - El d\u00fao Estopa, formado por los hermanos Jos\u00e9 Manuel y David Mu\u00f1oz, con su canci\u00f3n 'Coraz\u00f3n sin salida' ser\u00e1n la sinton\u00eda oficial de La Vuelta 23","canonical_url":"https:\/\/candas365.es\/noticias\/la-sintonia-oficial-de-la-vuelta-23\/","robots":"max-image-preview:large","keywords":"deporte","webmasterTools":{"google-site-verification":"UA-32230408-1","msvalidate.01":"354F3CDFB2DA171B47FBE9ABF1F88D5","miscellaneous":""},"schema":{"@context":"https:\/\/schema.org","@graph":[{"@type":"BreadcrumbList","@id":"https:\/\/candas365.es\/noticias\/la-sintonia-oficial-de-la-vuelta-23\/#breadcrumblist","itemListElement":[{"@type":"ListItem","@id":"https:\/\/candas365.es\/noticias#listItem","position":1,"name":"Home","item":"https:\/\/candas365.es\/noticias","nextItem":{"@type":"ListItem","@id":"https:\/\/candas365.es\/noticias\/category\/deporte\/#listItem","name":"Deporte"}},{"@type":"ListItem","@id":"https:\/\/candas365.es\/noticias\/category\/deporte\/#listItem","position":2,"name":"Deporte","item":"https:\/\/candas365.es\/noticias\/category\/deporte\/","nextItem":{"@type":"ListItem","@id":"https:\/\/candas365.es\/noticias\/la-sintonia-oficial-de-la-vuelta-23\/#listItem","name":"La sinton\u00eda oficial de La Vuelta 23"},"previousItem":{"@type":"ListItem","@id":"https:\/\/candas365.es\/noticias#listItem","name":"Home"}},{"@type":"ListItem","@id":"https:\/\/candas365.es\/noticias\/la-sintonia-oficial-de-la-vuelta-23\/#listItem","position":3,"name":"La sinton\u00eda oficial de La Vuelta 23","previousItem":{"@type":"ListItem","@id":"https:\/\/candas365.es\/noticias\/category\/deporte\/#listItem","name":"Deporte"}}]},{"@type":"NewsArticle","@id":"https:\/\/candas365.es\/noticias\/la-sintonia-oficial-de-la-vuelta-23\/#newsarticle","name":"La sinton\u00eda oficial de La Vuelta 23 | Cand\u00e1s 365","headline":"La sinton\u00eda oficial de La Vuelta 23","author":{"@id":"https:\/\/candas365.es\/noticias\/author\/admin\/#author"},"publisher":{"@id":"https:\/\/candas365.es\/noticias\/#organization"},"image":{"@type":"ImageObject","url":"https:\/\/candas365.es\/noticias\/wp-content\/uploads\/2023\/04\/La-Vuelta-23.jpg","width":959,"height":662,"caption":"Foto: Europa Press"},"datePublished":"2023-04-23T12:05:56+02:00","dateModified":"2023-04-23T12:05:56+02:00","inLanguage":"es-ES","mainEntityOfPage":{"@id":"https:\/\/candas365.es\/noticias\/la-sintonia-oficial-de-la-vuelta-23\/#webpage"},"isPartOf":{"@id":"https:\/\/candas365.es\/noticias\/la-sintonia-oficial-de-la-vuelta-23\/#webpage"},"articleSection":"Deporte, deporte","dateline":"Publicado el abril 23, 2023."},{"@type":"Organization","@id":"https:\/\/candas365.es\/noticias\/#organization","name":"Cand\u00e1s 365","description":"Cand\u00e1s 365 es un diario digital independiente, fundado en 2012, con base en Asturias. Informamos con rigor sobre actualidad, sociedad, cultura y ocio, con una mirada local y global.","url":"https:\/\/candas365.es\/noticias\/","email":"info@candas365.es","telephone":"+34652131393","foundingDate":"2012-06-10","logo":{"@type":"ImageObject","url":"https:\/\/candas365.es\/noticias\/wp-content\/uploads\/2024\/09\/Candas-365-Redes.jpg","@id":"https:\/\/candas365.es\/noticias\/la-sintonia-oficial-de-la-vuelta-23\/#organizationLogo","width":1152,"height":864,"caption":"Cand\u00e1s 365 Redes"},"image":{"@id":"https:\/\/candas365.es\/noticias\/la-sintonia-oficial-de-la-vuelta-23\/#organizationLogo"},"sameAs":["https:\/\/www.facebook.com\/Nachofdezber","https:\/\/x.com\/NabercoDigital","https:\/\/www.instagram.com\/nachofdezber\/","https:\/\/www.youtube.com\/channel\/UCZP-2wLEB9Rv6erhFmqVnvg"],"address":{"@id":"https:\/\/candas365.es\/noticias\/#postaladdress","@type":"PostalAddress","streetAddress":"san antonio 4, san antonio 4","postalCode":"33430","addressLocality":"Cand\u00e1s","addressRegion":"Asturias","addressCountry":"ES"}},{"@type":"Person","@id":"https:\/\/candas365.es\/noticias\/author\/admin\/#author","url":"https:\/\/candas365.es\/noticias\/author\/admin\/","name":"Cand\u00e1s 365","image":{"@type":"ImageObject","@id":"https:\/\/candas365.es\/noticias\/la-sintonia-oficial-de-la-vuelta-23\/#authorImage","url":"https:\/\/secure.gravatar.com\/avatar\/496a8e03d0c493ede1718b7934145dbdf8d89be1036b0eec9544e1094c9de390?s=96&d=mm&r=g","width":96,"height":96,"caption":"Cand\u00e1s 365"},"sameAs":["https:\/\/www.facebook.com\/carrenoactualidad","https:\/\/twitter.com\/nbasturias","https:\/\/www.instagram.com\/nachofdezber\/","https:\/\/www.youtube.com\/channel\/UCZP-2wLEB9Rv6erhFmqVnvg"]},{"@type":"WebPage","@id":"https:\/\/candas365.es\/noticias\/la-sintonia-oficial-de-la-vuelta-23\/#webpage","url":"https:\/\/candas365.es\/noticias\/la-sintonia-oficial-de-la-vuelta-23\/","name":"La sinton\u00eda oficial de La Vuelta 23 | Cand\u00e1s 365","description":"(EP) - El d\u00fao Estopa, formado por los hermanos Jos\u00e9 Manuel y David Mu\u00f1oz, con su canci\u00f3n 'Coraz\u00f3n sin salida' ser\u00e1n la sinton\u00eda oficial de La Vuelta 23","inLanguage":"es-ES","isPartOf":{"@id":"https:\/\/candas365.es\/noticias\/#website"},"breadcrumb":{"@id":"https:\/\/candas365.es\/noticias\/la-sintonia-oficial-de-la-vuelta-23\/#breadcrumblist"},"author":{"@id":"https:\/\/candas365.es\/noticias\/author\/admin\/#author"},"creator":{"@id":"https:\/\/candas365.es\/noticias\/author\/admin\/#author"},"image":{"@type":"ImageObject","url":"https:\/\/candas365.es\/noticias\/wp-content\/uploads\/2023\/04\/La-Vuelta-23.jpg","@id":"https:\/\/candas365.es\/noticias\/la-sintonia-oficial-de-la-vuelta-23\/#mainImage","width":959,"height":662,"caption":"Foto: Europa Press"},"primaryImageOfPage":{"@id":"https:\/\/candas365.es\/noticias\/la-sintonia-oficial-de-la-vuelta-23\/#mainImage"},"datePublished":"2023-04-23T12:05:56+02:00","dateModified":"2023-04-23T12:05:56+02:00"},{"@type":"WebSite","@id":"https:\/\/candas365.es\/noticias\/#website","url":"https:\/\/candas365.es\/noticias\/","name":"Cand\u00e1s 365","alternateName":"Cand\u00e1s 365 Noticias","description":"Actualidad desde Carre\u00f1o para el mundo","inLanguage":"es-ES","publisher":{"@id":"https:\/\/candas365.es\/noticias\/#organization"}}]},"og:locale":"es_ES","og:site_name":"Cand\u00e1s 365","og:type":"article","og:title":"La sinton\u00eda oficial de La Vuelta 23 | Cand\u00e1s 365","og:description":"(EP) - El d\u00fao Estopa, formado por los hermanos Jos\u00e9 Manuel y David Mu\u00f1oz, con su canci\u00f3n 'Coraz\u00f3n sin salida' ser\u00e1n la sinton\u00eda oficial de La Vuelta 23","og:url":"https:\/\/candas365.es\/noticias\/la-sintonia-oficial-de-la-vuelta-23\/","og:image":"https:\/\/candas365.es\/noticias\/wp-content\/uploads\/2023\/04\/La-Vuelta-23.jpg","og:image:secure_url":"https:\/\/candas365.es\/noticias\/wp-content\/uploads\/2023\/04\/La-Vuelta-23.jpg","og:image:width":959,"og:image:height":662,"article:published_time":"2023-04-23T10:05:56+00:00","article:modified_time":"2023-04-23T10:05:56+00:00","article:publisher":"https:\/\/www.facebook.com\/Nachofdezber","article:author":"https:\/\/www.facebook.com\/carrenoactualidad","twitter:card":"summary_large_image","twitter:site":"@NabercoDigital","twitter:title":"La sinton\u00eda oficial de La Vuelta 23 | Cand\u00e1s 365","twitter:description":"(EP) - El d\u00fao Estopa, formado por los hermanos Jos\u00e9 Manuel y David Mu\u00f1oz, con su canci\u00f3n 'Coraz\u00f3n sin salida' ser\u00e1n la sinton\u00eda oficial de La Vuelta 23","twitter:creator":"@nbasturias","twitter:image":"https:\/\/candas365.es\/noticias\/wp-content\/uploads\/2023\/04\/La-Vuelta-23.jpg","twitter:label1":"Escrito por","twitter:data1":"Cand\u00e1s 365","twitter:label2":"Tiempo de lectura estimado","twitter:data2":"3 minutos"},"aioseo_meta_data":{"post_id":"173335","title":null,"description":"(EP) - El d\u00fao Estopa, formado por los hermanos Jos\u00e9 Manuel y David Mu\u00f1oz, con su canci\u00f3n 'Coraz\u00f3n sin salida' ser\u00e1n la sinton\u00eda oficial de La Vuelta 23","keywords":[],"keyphrases":{"focus":{"keyphrase":"La Vuelta 23","score":92,"analysis":{"keyphraseInTitle":{"score":9,"maxScore":9,"error":0},"keyphraseInDescription":{"score":9,"maxScore":9,"error":0},"keyphraseLength":{"score":9,"maxScore":9,"error":0,"length":2},"keyphraseInURL":{"score":1,"maxScore":5,"error":1},"keyphraseInIntroduction":{"score":9,"maxScore":9,"error":0},"keyphraseInSubHeadings":[],"keyphraseInImageAlt":{"score":9,"maxScore":9,"error":0}}},"additional":[{"keyphrase":"La Vuelta 23","score":100,"analysis":{"keyphraseInDescription":{"score":9,"maxScore":9,"error":0},"keyphraseLength":{"score":9,"maxScore":9,"error":0,"length":2},"keyphraseInIntroduction":{"score":9,"maxScore":9,"error":0},"keyphraseInImageAlt":{"score":9,"maxScore":9,"error":0}}}]},"primary_term":null,"canonical_url":null,"og_title":null,"og_description":null,"og_object_type":"default","og_image_type":"default","og_image_url":null,"og_image_width":null,"og_image_height":null,"og_image_custom_url":null,"og_image_custom_fields":null,"og_video":"","og_custom_url":null,"og_article_section":null,"og_article_tags":[],"twitter_use_og":false,"twitter_card":"default","twitter_image_type":"default","twitter_image_url":null,"twitter_image_custom_url":null,"twitter_image_custom_fields":null,"twitter_title":null,"twitter_description":null,"schema":{"blockGraphs":[],"customGraphs":[],"default":{"data":{"Article":[],"Course":[],"Dataset":[],"FAQPage":[],"Movie":[],"Person":[],"Product":[],"ProductReview":[],"Car":[],"Recipe":[],"Service":[],"SoftwareApplication":[],"WebPage":[]},"graphName":"","isEnabled":true},"graphs":[]},"schema_type":"default","schema_type_options":null,"pillar_content":false,"robots_default":true,"robots_noindex":false,"robots_noarchive":false,"robots_nosnippet":false,"robots_nofollow":false,"robots_noimageindex":false,"robots_noodp":false,"robots_notranslate":false,"robots_max_snippet":"-1","robots_max_videopreview":"-1","robots_max_imagepreview":"large","priority":null,"frequency":"default","location":null,"local_seo":null,"seo_analyzer_scan_date":"2025-09-01 20:23:14","breadcrumb_settings":null,"limit_modified_date":false,"reviewed_by":null,"open_ai":"{\"title\":{\"suggestions\":[],\"usage\":0},\"description\":{\"suggestions\":[],\"usage\":0}}","ai":null,"created":"2023-04-23 10:01:14","updated":"2025-09-01 20:23:14"},"aioseo_breadcrumb":"<div class=\"aioseo-breadcrumbs\"><span class=\"aioseo-breadcrumb\">\n\t<a href=\"https:\/\/candas365.es\/noticias\" title=\"Home\">Home<\/a>\n<\/span><span class=\"aioseo-breadcrumb-separator\">&ndash;<\/span><span class=\"aioseo-breadcrumb\">\n\t<a href=\"https:\/\/candas365.es\/noticias\/category\/deporte\/\" title=\"Deporte\">Deporte<\/a>\n<\/span><span class=\"aioseo-breadcrumb-separator\">&ndash;<\/span><span class=\"aioseo-breadcrumb\">\n\tLa sinton\u00eda oficial de La Vuelta 23\n<\/span><\/div>","aioseo_breadcrumb_json":[{"label":"Home","link":"https:\/\/candas365.es\/noticias"},{"label":"Deporte","link":"https:\/\/candas365.es\/noticias\/category\/deporte\/"},{"label":"La sinton\u00eda oficial de La Vuelta 23","link":"https:\/\/candas365.es\/noticias\/la-sintonia-oficial-de-la-vuelta-23\/"}],"_links":{"self":[{"href":"https:\/\/candas365.es\/noticias\/wp-json\/wp\/v2\/posts\/173335","targetHints":{"allow":["GET"]}}],"collection":[{"href":"https:\/\/candas365.es\/noticias\/wp-json\/wp\/v2\/posts"}],"about":[{"href":"https:\/\/candas365.es\/noticias\/wp-json\/wp\/v2\/types\/post"}],"author":[{"embeddable":true,"href":"https:\/\/candas365.es\/noticias\/wp-json\/wp\/v2\/users\/1"}],"replies":[{"embeddable":true,"href":"https:\/\/candas365.es\/noticias\/wp-json\/wp\/v2\/comments?post=173335"}],"version-history":[{"count":0,"href":"https:\/\/candas365.es\/noticias\/wp-json\/wp\/v2\/posts\/173335\/revisions"}],"wp:featuredmedia":[{"embeddable":true,"href":"https:\/\/candas365.es\/noticias\/wp-json\/wp\/v2\/media\/173336"}],"wp:attachment":[{"href":"https:\/\/candas365.es\/noticias\/wp-json\/wp\/v2\/media?parent=173335"}],"wp:term":[{"taxonomy":"category","embeddable":true,"href":"https:\/\/candas365.es\/noticias\/wp-json\/wp\/v2\/categories?post=173335"},{"taxonomy":"post_tag","embeddable":true,"href":"https:\/\/candas365.es\/noticias\/wp-json\/wp\/v2\/tags?post=173335"}],"curies":[{"name":"wp","href":"https:\/\/api.w.org\/{rel}","templated":true}]}}