{"id":173288,"date":"2023-04-21T05:59:40","date_gmt":"2023-04-21T03:59:40","guid":{"rendered":"https:\/\/candas365.es\/noticias\/?p=173288"},"modified":"2023-04-21T05:59:40","modified_gmt":"2023-04-21T03:59:40","slug":"como-conseguir-el-look-rizado-a-largo-plazo","status":"publish","type":"post","link":"https:\/\/candas365.es\/noticias\/como-conseguir-el-look-rizado-a-largo-plazo\/","title":{"rendered":"\u00bfC\u00f3mo conseguir el \u00ablook\u00bb rizado a largo plazo?"},"content":{"rendered":"<p>(dpa) &#8211; Los peinados con ondas son muy populares, tambi\u00e9n entre quienes tienen el cabello lacio. Conlleva mucho tiempo y calor utilizar siempre un rizador. <strong>Pero quien aspire a mantener sus rizos durante m\u00e1s de un d\u00eda, puede pedirle ayuda a un peluquero. \u00abModern perm\u00bb (permanente moderna) es la palabra clave. \u00bfQu\u00e9 significa realmente?<\/strong><\/p>\n<figure id=\"attachment_173289\" aria-describedby=\"caption-attachment-173289\" style=\"width: 538px\" class=\"wp-caption aligncenter\"><img fetchpriority=\"high\" decoding=\"async\" class=\"wp-image-173289 size-full\" src=\"https:\/\/candas365.es\/noticias\/wp-content\/uploads\/2023\/04\/cabello-rizado.jpg\" alt=\"cabello rizado\" width=\"538\" height=\"601\" srcset=\"https:\/\/candas365.es\/noticias\/wp-content\/uploads\/2023\/04\/cabello-rizado.jpg 538w, https:\/\/candas365.es\/noticias\/wp-content\/uploads\/2023\/04\/cabello-rizado-269x300.jpg 269w, https:\/\/candas365.es\/noticias\/wp-content\/uploads\/2023\/04\/cabello-rizado-430x480.jpg 430w, https:\/\/candas365.es\/noticias\/wp-content\/uploads\/2023\/04\/cabello-rizado-150x168.jpg 150w, https:\/\/candas365.es\/noticias\/wp-content\/uploads\/2023\/04\/cabello-rizado-450x503.jpg 450w\" sizes=\"(max-width: 538px) 100vw, 538px\" \/><figcaption id=\"caption-attachment-173289\" class=\"wp-caption-text\">Mejor no cepillar: el pelo permanentado puede moldearse con un peine de p\u00faas anchas despu\u00e9s del lavado. Las cremas capilares aportan elasticidad. Foto: Zentralverband Friseurhandwerk\/dpa<\/figcaption><\/figure>\n<p>Bien desde el principio: <strong>\u00abSe trata de poder llevarle movimiento al cabello\u00bb, comenta Antonio Weinitschke de la asociaci\u00f3n central de peluquer\u00edas alemanas.<\/strong><\/p>\n<p>Y no son las miniondas de los &#8217;80, sino las ondas que parecen naturales. <strong>\u00abLos peluqueros emplean hoy en d\u00eda rulos m\u00e1s grandes y ondulantes m\u00e1s suaves\u00bb, dice. Pero el proceso contin\u00faa siendo el mismo: enroscar el pelo y dejar que act\u00fae el producto qu\u00edmico.<\/strong><\/p>\n<h2>As\u00ed funciona \u00abModern Perm\u00bb<\/h2>\n<p>Para que la onda permanezca en el cabello, necesita siempre una \u00abremodelaci\u00f3n qu\u00edmica\u00bb, seg\u00fan el peluquero. Consta de tres pasos.<\/p>\n<p><strong>En primer lugar, el pelo h\u00famedo se enrolla en ruleros<\/strong>. Su tama\u00f1o y el tipo determinar\u00e1n la forma posterior. A continuaci\u00f3n, se aplica un producto para ondas permanentes.<\/p>\n<p>\u00abAbre los puentes disulfuros del pelo para que adopte la forma del rulero\u00bb, explica Weinitschke. En los rizos peque\u00f1os hay que romper m\u00e1s puentes que en los grandes. En consecuencia, los rizos grandes exigen un poco menos el pelo.<\/p>\n<p><strong>Una vez enjuagado el cabello, se utiliza un agente fijador.<\/strong> Garantiza que los puentes disulfuros vuelvan a cerrarse o que se creen otros nuevos <strong>para mantener la curvatura artificial del cabello.<\/strong><\/p>\n<p>Pr\u00e1cticamente <strong>todo cabello puede ser rizado de esa manera<\/strong>, en la medida que est\u00e9 sano. \u00abSolamente hay que colocar los pelos en el rulero\u00bb, afirma Weinitschke. Y aportar algo de paciencia: la duraci\u00f3n para realizar una permanente pura es de unas dos horas.<\/p>\n<blockquote><p>Para empezar, Weinitschke recomienda un producto de ondulaci\u00f3n ligera que mantenga la forma del rizo durante unos dos meses. El resto de permanentes \u00abdeben repetirse al cabo de medio a\u00f1o o tres cuartos de a\u00f1o\u00bb.<\/p><\/blockquote>\n<p>Hasta entonces, al menos la mitad del cabello volver\u00e1 a estar lacio porque habr\u00e1 crecido. Con el pelo corto, la permanente se repite m\u00e1s r\u00e1pidamente. \u00abAl cabo de unos tres meses\u00bb, afirma este profesional de la peluquer\u00eda.<\/p>\n<h2>De las ondas al volumen<\/h2>\n<p>\u00abModern Perm\u00bb, la forma modernizada de la onda permanente, le brinda gran volumen al cabello, que hace recordar a los <a href=\"https:\/\/eldigitaldeasturias.com\/magazine365\/category\/moda\/\" target=\"_blank\" rel=\"noopener\"><span style=\"color: #ff6600;\"><strong>rulos naturales<\/strong><\/span><\/a> o las \u00abBeach Waves\u00bb, el pelo despeinado con ligeras ondas.<\/p>\n<p>\u00abLa variante moderna se adapta perfectamente a cabellos hasta el ment\u00f3n o el hombro\u00bb, comenta la experta en cosm\u00e9tica Ricarda Zill de la Asociaci\u00f3n de la Industria de Higiene Personal y Detergentes de Alemania.<\/p>\n<p><strong>En caso que las \u00abBeach Waves\u00bb sean demasiado salvajes o que el pelo traspase largamente los hombros, recomienda olas de volumen.<\/strong> En esta alternativa, el movimiento est\u00e1 en el peinado, especialmente en el cabello fino.<\/p>\n<p>\u00abEl tiempo de aplicaci\u00f3n es solo la mitad que con la permanente cl\u00e1sica o &#8216;Modern Perm'\u00bb, dice Zill. Esto hace que sea un poco m\u00e1s suave para el pelo, pero no dura tanto. \u00abDesaparece por s\u00ed solo al cabo de dos meses\u00bb, explica la experta.<\/p>\n<p>Una ventaja del peinado de ondas: los cabellos enrulados no se ven grasos ni se apelmazan tan r\u00e1pidamente como los lacios. Por eso, Zill recomienda no lavarlos m\u00e1s de dos a tres veces por semana, y lo \u00f3ptimo es hacerlo con champ\u00fa para ese tipo de pelo.<\/p>\n<p>\u00abMasajee suavemente el cuero cabelludo con el producto y distribuya la espuma con mucho cuidado por los largos y las puntas para que la estructura capilar no se vuelva \u00e1spera\u00bb, recomienda Zill. Como los rizos tienden a ser secos, los acondicionadores capilares resultan \u00fatiles.<\/p>\n<p>Despu\u00e9s, \u00absolo hay que presionar el pelo con la toalla para secarlo y no frotarlo\u00bb, dice la experta en cosm\u00e9tica. Los rizos se peinan con un peine ancho cuando est\u00e1n mojados. \u00abEn ning\u00fan caso deben cepillarse. Eso destruye el rizo\u00bb, advierte Zill.<\/p>\n<p>Los cabellos pueden secarse con el aire o bien con un difusor a baja temperatura. Adicionalmente, <strong>Zill recomienda que una vez por semana se realice una cura para el pelo, que se coloca antes de ir a dormir y se deja actuar durante la noche.<\/strong><\/p>\n<h2>Tensi\u00f3n para los rizos<\/h2>\n<p>Weinitschke comenta que, por muy bonitas que sean las modernas ondas en el cabello, en la cotidianidad la elasticidad de los rizos grandes desaparece r\u00e1pidamente.<\/p>\n<p>Los productos para el peinado pueden ayudar en este caso. En lugar de fijar el peinado con spray o gel, pueden utilizarse cremas capilares. \u00abEstas brindan firmeza y dan a los rizos un movimiento verdaderamente bonito\u00bb, afirma Zill.<\/p>\n<p>Tambi\u00e9n resultan de utilidad los aceites para el cabello. En el caso de cabellos gruesos y fuertes, Zill recomienda un producto con aceite de jojoba. Y, para el cabello fino, uno que contenga aceite de coco o aceites florales ligeros.<\/p>\n<blockquote><p>Por otra parte, quien quiera cambiar el color de la tintura de cabellos con ondas permanentes, deber\u00eda esperar un poco tras el tratamiento qu\u00edmico.<\/p><\/blockquote>\n<p>\u00abLos decolorantes o aclarantes fuertes pueden suponer un <span style=\"color: #ff6600;\"><a style=\"color: #ff6600;\" href=\"https:\/\/candas365.es\/noticias\/category\/salud\/\"><strong>estr\u00e9s adicional para el pelo<\/strong><\/a><\/span>\u00ab, dice Zill. Un tinte m\u00e1s suave es m\u00e1s adecuado. \u00abPara ello, el cuero cabelludo debe descansar durante al menos 48 horas\u00bb, dice Weinitschke.<\/p>\n<p><i class=\"lang-es\"><span class=\" readonly\" title=\"\">Por Evelyn Steinbach (dpa)<\/span><\/i><\/p>\n","protected":false},"excerpt":{"rendered":"<p>(dpa) &#8211; Los peinados con ondas son muy populares, tambi\u00e9n entre quienes tienen el cabello lacio. Conlleva mucho tiempo y calor utilizar siempre un rizador. Pero quien aspire a mantener sus rizos durante m\u00e1s de un d\u00eda, puede pedirle ayuda a un peluquero. \u00abModern perm\u00bb (permanente moderna) es la palabra clave. \u00bfQu\u00e9 significa realmente? Bien<\/p>\n","protected":false},"author":1,"featured_media":173289,"comment_status":"closed","ping_status":"closed","sticky":false,"template":"","format":"standard","meta":{"footnotes":""},"categories":[142],"tags":[435,408],"class_list":{"0":"post-173288","1":"post","2":"type-post","3":"status-publish","4":"format-standard","5":"has-post-thumbnail","7":"category-revista","8":"tag-moda","9":"tag-sociedad"},"aioseo_notices":[],"aioseo_head":"\n\t\t<!-- All in One SEO Pro 4.9.6.2 - aioseo.com -->\n\t<meta name=\"description\" content=\"(dpa) - Los peinados con ondas son muy populares, tambi\u00e9n entre quienes tienen el cabello lacio. Conlleva mucho tiempo y calor utilizar siempre un rizador\" \/>\n\t<meta name=\"robots\" content=\"max-image-preview:large\" \/>\n\t<meta name=\"author\" content=\"Cand\u00e1s 365\"\/>\n\t<meta name=\"google-site-verification\" content=\"UA-32230408-1\" \/>\n\t<meta name=\"msvalidate.01\" content=\"354F3CDFB2DA171B47FBE9ABF1F88D5\" \/>\n\t<meta name=\"keywords\" content=\"revista\" \/>\n\t<link rel=\"canonical\" href=\"https:\/\/candas365.es\/noticias\/como-conseguir-el-look-rizado-a-largo-plazo\/\" \/>\n\t<meta name=\"generator\" content=\"All in One SEO Pro (AIOSEO) 4.9.6.2\" \/>\n\t\t<meta property=\"og:locale\" content=\"es_ES\" \/>\n\t\t<meta property=\"og:site_name\" content=\"Cand\u00e1s 365\" \/>\n\t\t<meta property=\"og:type\" content=\"article\" \/>\n\t\t<meta property=\"og:title\" content=\"\u00bfC\u00f3mo conseguir el \u00ablook\u00bb rizado a largo plazo? | Cand\u00e1s 365\" \/>\n\t\t<meta property=\"og:description\" content=\"(dpa) - Los peinados con ondas son muy populares, tambi\u00e9n entre quienes tienen el cabello lacio. Conlleva mucho tiempo y calor utilizar siempre un rizador\" \/>\n\t\t<meta property=\"og:url\" content=\"https:\/\/candas365.es\/noticias\/como-conseguir-el-look-rizado-a-largo-plazo\/\" \/>\n\t\t<meta property=\"og:image\" content=\"https:\/\/candas365.es\/noticias\/wp-content\/uploads\/2023\/04\/cabello-rizado.jpg\" \/>\n\t\t<meta property=\"og:image:secure_url\" content=\"https:\/\/candas365.es\/noticias\/wp-content\/uploads\/2023\/04\/cabello-rizado.jpg\" \/>\n\t\t<meta property=\"og:image:width\" content=\"538\" \/>\n\t\t<meta property=\"og:image:height\" content=\"601\" \/>\n\t\t<meta property=\"article:published_time\" content=\"2023-04-21T03:59:40+00:00\" \/>\n\t\t<meta property=\"article:modified_time\" content=\"2023-04-21T03:59:40+00:00\" \/>\n\t\t<meta property=\"article:publisher\" content=\"https:\/\/www.facebook.com\/Nachofdezber\" \/>\n\t\t<meta property=\"article:author\" content=\"https:\/\/www.facebook.com\/carrenoactualidad\" \/>\n\t\t<meta name=\"twitter:card\" content=\"summary_large_image\" \/>\n\t\t<meta name=\"twitter:site\" content=\"@NabercoDigital\" \/>\n\t\t<meta name=\"twitter:title\" content=\"\u00bfC\u00f3mo conseguir el \u00ablook\u00bb rizado a largo plazo? | Cand\u00e1s 365\" \/>\n\t\t<meta name=\"twitter:description\" content=\"(dpa) - Los peinados con ondas son muy populares, tambi\u00e9n entre quienes tienen el cabello lacio. Conlleva mucho tiempo y calor utilizar siempre un rizador\" \/>\n\t\t<meta name=\"twitter:creator\" content=\"@nbasturias\" \/>\n\t\t<meta name=\"twitter:image\" content=\"https:\/\/candas365.es\/noticias\/wp-content\/uploads\/2023\/04\/cabello-rizado.jpg\" \/>\n\t\t<meta name=\"twitter:label1\" content=\"Escrito por\" \/>\n\t\t<meta name=\"twitter:data1\" content=\"Cand\u00e1s 365\" \/>\n\t\t<meta name=\"twitter:label2\" content=\"Tiempo de lectura estimado\" \/>\n\t\t<meta name=\"twitter:data2\" content=\"5 minutos\" \/>\n\t\t<script type=\"application\/ld+json\" class=\"aioseo-schema\">\n\t\t\t{\"@context\":\"https:\\\/\\\/schema.org\",\"@graph\":[{\"@type\":\"BreadcrumbList\",\"@id\":\"https:\\\/\\\/candas365.es\\\/noticias\\\/como-conseguir-el-look-rizado-a-largo-plazo\\\/#breadcrumblist\",\"itemListElement\":[{\"@type\":\"ListItem\",\"@id\":\"https:\\\/\\\/candas365.es\\\/noticias#listItem\",\"position\":1,\"name\":\"Home\",\"item\":\"https:\\\/\\\/candas365.es\\\/noticias\",\"nextItem\":{\"@type\":\"ListItem\",\"@id\":\"https:\\\/\\\/candas365.es\\\/noticias\\\/category\\\/revista\\\/#listItem\",\"name\":\"Revista\"}},{\"@type\":\"ListItem\",\"@id\":\"https:\\\/\\\/candas365.es\\\/noticias\\\/category\\\/revista\\\/#listItem\",\"position\":2,\"name\":\"Revista\",\"item\":\"https:\\\/\\\/candas365.es\\\/noticias\\\/category\\\/revista\\\/\",\"nextItem\":{\"@type\":\"ListItem\",\"@id\":\"https:\\\/\\\/candas365.es\\\/noticias\\\/como-conseguir-el-look-rizado-a-largo-plazo\\\/#listItem\",\"name\":\"\\u00bfC\\u00f3mo conseguir el \\u00ablook\\u00bb rizado a largo plazo?\"},\"previousItem\":{\"@type\":\"ListItem\",\"@id\":\"https:\\\/\\\/candas365.es\\\/noticias#listItem\",\"name\":\"Home\"}},{\"@type\":\"ListItem\",\"@id\":\"https:\\\/\\\/candas365.es\\\/noticias\\\/como-conseguir-el-look-rizado-a-largo-plazo\\\/#listItem\",\"position\":3,\"name\":\"\\u00bfC\\u00f3mo conseguir el \\u00ablook\\u00bb rizado a largo plazo?\",\"previousItem\":{\"@type\":\"ListItem\",\"@id\":\"https:\\\/\\\/candas365.es\\\/noticias\\\/category\\\/revista\\\/#listItem\",\"name\":\"Revista\"}}]},{\"@type\":\"NewsArticle\",\"@id\":\"https:\\\/\\\/candas365.es\\\/noticias\\\/como-conseguir-el-look-rizado-a-largo-plazo\\\/#newsarticle\",\"name\":\"\\u00bfC\\u00f3mo conseguir el \\u00ablook\\u00bb rizado a largo plazo? | Cand\\u00e1s 365\",\"headline\":\"\\u00bfC\\u00f3mo conseguir el \\u00ablook\\u00bb rizado a largo plazo?\",\"author\":{\"@id\":\"https:\\\/\\\/candas365.es\\\/noticias\\\/author\\\/admin\\\/#author\"},\"publisher\":{\"@id\":\"https:\\\/\\\/candas365.es\\\/noticias\\\/#organization\"},\"image\":{\"@type\":\"ImageObject\",\"url\":\"https:\\\/\\\/candas365.es\\\/noticias\\\/wp-content\\\/uploads\\\/2023\\\/04\\\/cabello-rizado.jpg\",\"width\":538,\"height\":601,\"caption\":\"Mejor no cepillar: el pelo permanentado puede moldearse con un peine de p\\u00faas anchas despu\\u00e9s del lavado. Las cremas capilares aportan elasticidad. Foto: Zentralverband Friseurhandwerk\\\/dpa\"},\"datePublished\":\"2023-04-21T05:59:40+02:00\",\"dateModified\":\"2023-04-21T05:59:40+02:00\",\"inLanguage\":\"es-ES\",\"mainEntityOfPage\":{\"@id\":\"https:\\\/\\\/candas365.es\\\/noticias\\\/como-conseguir-el-look-rizado-a-largo-plazo\\\/#webpage\"},\"isPartOf\":{\"@id\":\"https:\\\/\\\/candas365.es\\\/noticias\\\/como-conseguir-el-look-rizado-a-largo-plazo\\\/#webpage\"},\"articleSection\":\"Revista, moda, sociedad\",\"dateline\":\"Publicado el abril 21, 2023.\"},{\"@type\":\"Organization\",\"@id\":\"https:\\\/\\\/candas365.es\\\/noticias\\\/#organization\",\"name\":\"Cand\\u00e1s 365\",\"description\":\"Cand\\u00e1s 365 es un diario digital independiente, fundado en 2012, con base en Asturias. Informamos con rigor sobre actualidad, sociedad, cultura y ocio, con una mirada local y global.\",\"url\":\"https:\\\/\\\/candas365.es\\\/noticias\\\/\",\"email\":\"info@candas365.es\",\"telephone\":\"+34652131393\",\"foundingDate\":\"2012-06-10\",\"logo\":{\"@type\":\"ImageObject\",\"url\":\"https:\\\/\\\/candas365.es\\\/noticias\\\/wp-content\\\/uploads\\\/2024\\\/09\\\/Candas-365-Redes.jpg\",\"@id\":\"https:\\\/\\\/candas365.es\\\/noticias\\\/como-conseguir-el-look-rizado-a-largo-plazo\\\/#organizationLogo\",\"width\":1152,\"height\":864,\"caption\":\"Cand\\u00e1s 365 Redes\"},\"image\":{\"@id\":\"https:\\\/\\\/candas365.es\\\/noticias\\\/como-conseguir-el-look-rizado-a-largo-plazo\\\/#organizationLogo\"},\"sameAs\":[\"https:\\\/\\\/www.facebook.com\\\/Nachofdezber\",\"https:\\\/\\\/x.com\\\/NabercoDigital\",\"https:\\\/\\\/www.instagram.com\\\/nachofdezber\\\/\",\"https:\\\/\\\/www.youtube.com\\\/channel\\\/UCZP-2wLEB9Rv6erhFmqVnvg\"],\"address\":{\"@id\":\"https:\\\/\\\/candas365.es\\\/noticias\\\/#postaladdress\",\"@type\":\"PostalAddress\",\"streetAddress\":\"san antonio 4, san antonio 4\",\"postalCode\":\"33430\",\"addressLocality\":\"Cand\\u00e1s\",\"addressRegion\":\"Asturias\",\"addressCountry\":\"ES\"}},{\"@type\":\"Person\",\"@id\":\"https:\\\/\\\/candas365.es\\\/noticias\\\/author\\\/admin\\\/#author\",\"url\":\"https:\\\/\\\/candas365.es\\\/noticias\\\/author\\\/admin\\\/\",\"name\":\"Cand\\u00e1s 365\",\"image\":{\"@type\":\"ImageObject\",\"@id\":\"https:\\\/\\\/candas365.es\\\/noticias\\\/como-conseguir-el-look-rizado-a-largo-plazo\\\/#authorImage\",\"url\":\"https:\\\/\\\/secure.gravatar.com\\\/avatar\\\/496a8e03d0c493ede1718b7934145dbdf8d89be1036b0eec9544e1094c9de390?s=96&d=mm&r=g\",\"width\":96,\"height\":96,\"caption\":\"Cand\\u00e1s 365\"},\"sameAs\":[\"https:\\\/\\\/www.facebook.com\\\/carrenoactualidad\",\"https:\\\/\\\/twitter.com\\\/nbasturias\",\"https:\\\/\\\/www.instagram.com\\\/nachofdezber\\\/\",\"https:\\\/\\\/www.youtube.com\\\/channel\\\/UCZP-2wLEB9Rv6erhFmqVnvg\"]},{\"@type\":\"WebPage\",\"@id\":\"https:\\\/\\\/candas365.es\\\/noticias\\\/como-conseguir-el-look-rizado-a-largo-plazo\\\/#webpage\",\"url\":\"https:\\\/\\\/candas365.es\\\/noticias\\\/como-conseguir-el-look-rizado-a-largo-plazo\\\/\",\"name\":\"\\u00bfC\\u00f3mo conseguir el \\u00ablook\\u00bb rizado a largo plazo? | Cand\\u00e1s 365\",\"description\":\"(dpa) - Los peinados con ondas son muy populares, tambi\\u00e9n entre quienes tienen el cabello lacio. Conlleva mucho tiempo y calor utilizar siempre un rizador\",\"inLanguage\":\"es-ES\",\"isPartOf\":{\"@id\":\"https:\\\/\\\/candas365.es\\\/noticias\\\/#website\"},\"breadcrumb\":{\"@id\":\"https:\\\/\\\/candas365.es\\\/noticias\\\/como-conseguir-el-look-rizado-a-largo-plazo\\\/#breadcrumblist\"},\"author\":{\"@id\":\"https:\\\/\\\/candas365.es\\\/noticias\\\/author\\\/admin\\\/#author\"},\"creator\":{\"@id\":\"https:\\\/\\\/candas365.es\\\/noticias\\\/author\\\/admin\\\/#author\"},\"image\":{\"@type\":\"ImageObject\",\"url\":\"https:\\\/\\\/candas365.es\\\/noticias\\\/wp-content\\\/uploads\\\/2023\\\/04\\\/cabello-rizado.jpg\",\"@id\":\"https:\\\/\\\/candas365.es\\\/noticias\\\/como-conseguir-el-look-rizado-a-largo-plazo\\\/#mainImage\",\"width\":538,\"height\":601,\"caption\":\"Mejor no cepillar: el pelo permanentado puede moldearse con un peine de p\\u00faas anchas despu\\u00e9s del lavado. Las cremas capilares aportan elasticidad. Foto: Zentralverband Friseurhandwerk\\\/dpa\"},\"primaryImageOfPage\":{\"@id\":\"https:\\\/\\\/candas365.es\\\/noticias\\\/como-conseguir-el-look-rizado-a-largo-plazo\\\/#mainImage\"},\"datePublished\":\"2023-04-21T05:59:40+02:00\",\"dateModified\":\"2023-04-21T05:59:40+02:00\"},{\"@type\":\"WebSite\",\"@id\":\"https:\\\/\\\/candas365.es\\\/noticias\\\/#website\",\"url\":\"https:\\\/\\\/candas365.es\\\/noticias\\\/\",\"name\":\"Cand\\u00e1s 365\",\"alternateName\":\"Cand\\u00e1s 365 Noticias\",\"description\":\"Actualidad desde Carre\\u00f1o para el mundo\",\"inLanguage\":\"es-ES\",\"publisher\":{\"@id\":\"https:\\\/\\\/candas365.es\\\/noticias\\\/#organization\"}}]}\n\t\t<\/script>\n\t\t<!-- All in One SEO Pro -->\r\n\t\t<title>\u00bfC\u00f3mo conseguir el \u00ablook\u00bb rizado a largo plazo? | Cand\u00e1s 365<\/title>\n\n","aioseo_head_json":{"title":"\u00bfC\u00f3mo conseguir el \u00ablook\u00bb rizado a largo plazo? | Cand\u00e1s 365","description":"(dpa) - Los peinados con ondas son muy populares, tambi\u00e9n entre quienes tienen el cabello lacio. Conlleva mucho tiempo y calor utilizar siempre un rizador","canonical_url":"https:\/\/candas365.es\/noticias\/como-conseguir-el-look-rizado-a-largo-plazo\/","robots":"max-image-preview:large","keywords":"revista","webmasterTools":{"google-site-verification":"UA-32230408-1","msvalidate.01":"354F3CDFB2DA171B47FBE9ABF1F88D5","miscellaneous":""},"schema":{"@context":"https:\/\/schema.org","@graph":[{"@type":"BreadcrumbList","@id":"https:\/\/candas365.es\/noticias\/como-conseguir-el-look-rizado-a-largo-plazo\/#breadcrumblist","itemListElement":[{"@type":"ListItem","@id":"https:\/\/candas365.es\/noticias#listItem","position":1,"name":"Home","item":"https:\/\/candas365.es\/noticias","nextItem":{"@type":"ListItem","@id":"https:\/\/candas365.es\/noticias\/category\/revista\/#listItem","name":"Revista"}},{"@type":"ListItem","@id":"https:\/\/candas365.es\/noticias\/category\/revista\/#listItem","position":2,"name":"Revista","item":"https:\/\/candas365.es\/noticias\/category\/revista\/","nextItem":{"@type":"ListItem","@id":"https:\/\/candas365.es\/noticias\/como-conseguir-el-look-rizado-a-largo-plazo\/#listItem","name":"\u00bfC\u00f3mo conseguir el \u00ablook\u00bb rizado a largo plazo?"},"previousItem":{"@type":"ListItem","@id":"https:\/\/candas365.es\/noticias#listItem","name":"Home"}},{"@type":"ListItem","@id":"https:\/\/candas365.es\/noticias\/como-conseguir-el-look-rizado-a-largo-plazo\/#listItem","position":3,"name":"\u00bfC\u00f3mo conseguir el \u00ablook\u00bb rizado a largo plazo?","previousItem":{"@type":"ListItem","@id":"https:\/\/candas365.es\/noticias\/category\/revista\/#listItem","name":"Revista"}}]},{"@type":"NewsArticle","@id":"https:\/\/candas365.es\/noticias\/como-conseguir-el-look-rizado-a-largo-plazo\/#newsarticle","name":"\u00bfC\u00f3mo conseguir el \u00ablook\u00bb rizado a largo plazo? | Cand\u00e1s 365","headline":"\u00bfC\u00f3mo conseguir el \u00ablook\u00bb rizado a largo plazo?","author":{"@id":"https:\/\/candas365.es\/noticias\/author\/admin\/#author"},"publisher":{"@id":"https:\/\/candas365.es\/noticias\/#organization"},"image":{"@type":"ImageObject","url":"https:\/\/candas365.es\/noticias\/wp-content\/uploads\/2023\/04\/cabello-rizado.jpg","width":538,"height":601,"caption":"Mejor no cepillar: el pelo permanentado puede moldearse con un peine de p\u00faas anchas despu\u00e9s del lavado. Las cremas capilares aportan elasticidad. Foto: Zentralverband Friseurhandwerk\/dpa"},"datePublished":"2023-04-21T05:59:40+02:00","dateModified":"2023-04-21T05:59:40+02:00","inLanguage":"es-ES","mainEntityOfPage":{"@id":"https:\/\/candas365.es\/noticias\/como-conseguir-el-look-rizado-a-largo-plazo\/#webpage"},"isPartOf":{"@id":"https:\/\/candas365.es\/noticias\/como-conseguir-el-look-rizado-a-largo-plazo\/#webpage"},"articleSection":"Revista, moda, sociedad","dateline":"Publicado el abril 21, 2023."},{"@type":"Organization","@id":"https:\/\/candas365.es\/noticias\/#organization","name":"Cand\u00e1s 365","description":"Cand\u00e1s 365 es un diario digital independiente, fundado en 2012, con base en Asturias. Informamos con rigor sobre actualidad, sociedad, cultura y ocio, con una mirada local y global.","url":"https:\/\/candas365.es\/noticias\/","email":"info@candas365.es","telephone":"+34652131393","foundingDate":"2012-06-10","logo":{"@type":"ImageObject","url":"https:\/\/candas365.es\/noticias\/wp-content\/uploads\/2024\/09\/Candas-365-Redes.jpg","@id":"https:\/\/candas365.es\/noticias\/como-conseguir-el-look-rizado-a-largo-plazo\/#organizationLogo","width":1152,"height":864,"caption":"Cand\u00e1s 365 Redes"},"image":{"@id":"https:\/\/candas365.es\/noticias\/como-conseguir-el-look-rizado-a-largo-plazo\/#organizationLogo"},"sameAs":["https:\/\/www.facebook.com\/Nachofdezber","https:\/\/x.com\/NabercoDigital","https:\/\/www.instagram.com\/nachofdezber\/","https:\/\/www.youtube.com\/channel\/UCZP-2wLEB9Rv6erhFmqVnvg"],"address":{"@id":"https:\/\/candas365.es\/noticias\/#postaladdress","@type":"PostalAddress","streetAddress":"san antonio 4, san antonio 4","postalCode":"33430","addressLocality":"Cand\u00e1s","addressRegion":"Asturias","addressCountry":"ES"}},{"@type":"Person","@id":"https:\/\/candas365.es\/noticias\/author\/admin\/#author","url":"https:\/\/candas365.es\/noticias\/author\/admin\/","name":"Cand\u00e1s 365","image":{"@type":"ImageObject","@id":"https:\/\/candas365.es\/noticias\/como-conseguir-el-look-rizado-a-largo-plazo\/#authorImage","url":"https:\/\/secure.gravatar.com\/avatar\/496a8e03d0c493ede1718b7934145dbdf8d89be1036b0eec9544e1094c9de390?s=96&d=mm&r=g","width":96,"height":96,"caption":"Cand\u00e1s 365"},"sameAs":["https:\/\/www.facebook.com\/carrenoactualidad","https:\/\/twitter.com\/nbasturias","https:\/\/www.instagram.com\/nachofdezber\/","https:\/\/www.youtube.com\/channel\/UCZP-2wLEB9Rv6erhFmqVnvg"]},{"@type":"WebPage","@id":"https:\/\/candas365.es\/noticias\/como-conseguir-el-look-rizado-a-largo-plazo\/#webpage","url":"https:\/\/candas365.es\/noticias\/como-conseguir-el-look-rizado-a-largo-plazo\/","name":"\u00bfC\u00f3mo conseguir el \u00ablook\u00bb rizado a largo plazo? | Cand\u00e1s 365","description":"(dpa) - Los peinados con ondas son muy populares, tambi\u00e9n entre quienes tienen el cabello lacio. Conlleva mucho tiempo y calor utilizar siempre un rizador","inLanguage":"es-ES","isPartOf":{"@id":"https:\/\/candas365.es\/noticias\/#website"},"breadcrumb":{"@id":"https:\/\/candas365.es\/noticias\/como-conseguir-el-look-rizado-a-largo-plazo\/#breadcrumblist"},"author":{"@id":"https:\/\/candas365.es\/noticias\/author\/admin\/#author"},"creator":{"@id":"https:\/\/candas365.es\/noticias\/author\/admin\/#author"},"image":{"@type":"ImageObject","url":"https:\/\/candas365.es\/noticias\/wp-content\/uploads\/2023\/04\/cabello-rizado.jpg","@id":"https:\/\/candas365.es\/noticias\/como-conseguir-el-look-rizado-a-largo-plazo\/#mainImage","width":538,"height":601,"caption":"Mejor no cepillar: el pelo permanentado puede moldearse con un peine de p\u00faas anchas despu\u00e9s del lavado. Las cremas capilares aportan elasticidad. Foto: Zentralverband Friseurhandwerk\/dpa"},"primaryImageOfPage":{"@id":"https:\/\/candas365.es\/noticias\/como-conseguir-el-look-rizado-a-largo-plazo\/#mainImage"},"datePublished":"2023-04-21T05:59:40+02:00","dateModified":"2023-04-21T05:59:40+02:00"},{"@type":"WebSite","@id":"https:\/\/candas365.es\/noticias\/#website","url":"https:\/\/candas365.es\/noticias\/","name":"Cand\u00e1s 365","alternateName":"Cand\u00e1s 365 Noticias","description":"Actualidad desde Carre\u00f1o para el mundo","inLanguage":"es-ES","publisher":{"@id":"https:\/\/candas365.es\/noticias\/#organization"}}]},"og:locale":"es_ES","og:site_name":"Cand\u00e1s 365","og:type":"article","og:title":"\u00bfC\u00f3mo conseguir el \u00ablook\u00bb rizado a largo plazo? | Cand\u00e1s 365","og:description":"(dpa) - Los peinados con ondas son muy populares, tambi\u00e9n entre quienes tienen el cabello lacio. Conlleva mucho tiempo y calor utilizar siempre un rizador","og:url":"https:\/\/candas365.es\/noticias\/como-conseguir-el-look-rizado-a-largo-plazo\/","og:image":"https:\/\/candas365.es\/noticias\/wp-content\/uploads\/2023\/04\/cabello-rizado.jpg","og:image:secure_url":"https:\/\/candas365.es\/noticias\/wp-content\/uploads\/2023\/04\/cabello-rizado.jpg","og:image:width":538,"og:image:height":601,"article:published_time":"2023-04-21T03:59:40+00:00","article:modified_time":"2023-04-21T03:59:40+00:00","article:publisher":"https:\/\/www.facebook.com\/Nachofdezber","article:author":"https:\/\/www.facebook.com\/carrenoactualidad","twitter:card":"summary_large_image","twitter:site":"@NabercoDigital","twitter:title":"\u00bfC\u00f3mo conseguir el \u00ablook\u00bb rizado a largo plazo? | Cand\u00e1s 365","twitter:description":"(dpa) - Los peinados con ondas son muy populares, tambi\u00e9n entre quienes tienen el cabello lacio. Conlleva mucho tiempo y calor utilizar siempre un rizador","twitter:creator":"@nbasturias","twitter:image":"https:\/\/candas365.es\/noticias\/wp-content\/uploads\/2023\/04\/cabello-rizado.jpg","twitter:label1":"Escrito por","twitter:data1":"Cand\u00e1s 365","twitter:label2":"Tiempo de lectura estimado","twitter:data2":"5 minutos"},"aioseo_meta_data":{"post_id":"173288","title":null,"description":"(dpa) - Los peinados con ondas son muy populares, tambi\u00e9n entre quienes tienen el cabello lacio. Conlleva mucho tiempo y calor utilizar siempre un rizador","keywords":[],"keyphrases":{"focus":{"keyphrase":"rizado","score":63,"analysis":{"keyphraseInTitle":{"score":9,"maxScore":9,"error":0},"keyphraseInDescription":{"score":3,"maxScore":9,"error":1},"keyphraseLength":{"score":9,"maxScore":9,"error":0,"length":1},"keyphraseInURL":{"score":1,"maxScore":5,"error":1},"keyphraseInIntroduction":{"score":3,"maxScore":9,"error":1},"keyphraseInSubHeadings":{"score":3,"maxScore":9,"error":1},"keyphraseInImageAlt":{"score":9,"maxScore":9,"error":0}}},"additional":[{"keyphrase":"rizador","score":83,"analysis":{"keyphraseInDescription":{"score":9,"maxScore":9,"error":0},"keyphraseLength":{"score":9,"maxScore":9,"error":0,"length":1},"keyphraseInIntroduction":{"score":9,"maxScore":9,"error":0},"keyphraseInImageAlt":{"score":3,"maxScore":9,"error":1}}},{"keyphrase":"cabello ","score":100,"analysis":{"keyphraseInDescription":{"score":9,"maxScore":9,"error":0},"keyphraseLength":{"score":9,"maxScore":9,"error":0,"length":1},"keyphraseInIntroduction":{"score":9,"maxScore":9,"error":0},"keyphraseInImageAlt":{"score":9,"maxScore":9,"error":0}}}]},"primary_term":null,"canonical_url":null,"og_title":null,"og_description":null,"og_object_type":"default","og_image_type":"default","og_image_url":null,"og_image_width":null,"og_image_height":null,"og_image_custom_url":null,"og_image_custom_fields":null,"og_video":"","og_custom_url":null,"og_article_section":null,"og_article_tags":[],"twitter_use_og":false,"twitter_card":"default","twitter_image_type":"default","twitter_image_url":null,"twitter_image_custom_url":null,"twitter_image_custom_fields":null,"twitter_title":null,"twitter_description":null,"schema":{"blockGraphs":[],"customGraphs":[],"default":{"data":{"Article":[],"Course":[],"Dataset":[],"FAQPage":[],"Movie":[],"Person":[],"Product":[],"ProductReview":[],"Car":[],"Recipe":[],"Service":[],"SoftwareApplication":[],"WebPage":[]},"graphName":"","isEnabled":true},"graphs":[]},"schema_type":"default","schema_type_options":null,"pillar_content":false,"robots_default":true,"robots_noindex":false,"robots_noarchive":false,"robots_nosnippet":false,"robots_nofollow":false,"robots_noimageindex":false,"robots_noodp":false,"robots_notranslate":false,"robots_max_snippet":"-1","robots_max_videopreview":"-1","robots_max_imagepreview":"large","priority":null,"frequency":"default","location":null,"local_seo":null,"seo_analyzer_scan_date":"2025-09-01 20:21:14","breadcrumb_settings":null,"limit_modified_date":false,"reviewed_by":null,"open_ai":"{\"title\":{\"suggestions\":[],\"usage\":0},\"description\":{\"suggestions\":[],\"usage\":0}}","ai":null,"created":"2023-04-21 03:48:12","updated":"2025-09-01 20:21:14"},"aioseo_breadcrumb":"<div class=\"aioseo-breadcrumbs\"><span class=\"aioseo-breadcrumb\">\n\t<a href=\"https:\/\/candas365.es\/noticias\" title=\"Home\">Home<\/a>\n<\/span><span class=\"aioseo-breadcrumb-separator\">&ndash;<\/span><span class=\"aioseo-breadcrumb\">\n\t<a href=\"https:\/\/candas365.es\/noticias\/category\/revista\/\" title=\"Revista\">Revista<\/a>\n<\/span><span class=\"aioseo-breadcrumb-separator\">&ndash;<\/span><span class=\"aioseo-breadcrumb\">\n\t\u00bfC\u00f3mo conseguir el \u00ablook\u00bb rizado a largo plazo?\n<\/span><\/div>","aioseo_breadcrumb_json":[{"label":"Home","link":"https:\/\/candas365.es\/noticias"},{"label":"Revista","link":"https:\/\/candas365.es\/noticias\/category\/revista\/"},{"label":"\u00bfC\u00f3mo conseguir el \u00ablook\u00bb rizado a largo plazo?","link":"https:\/\/candas365.es\/noticias\/como-conseguir-el-look-rizado-a-largo-plazo\/"}],"_links":{"self":[{"href":"https:\/\/candas365.es\/noticias\/wp-json\/wp\/v2\/posts\/173288","targetHints":{"allow":["GET"]}}],"collection":[{"href":"https:\/\/candas365.es\/noticias\/wp-json\/wp\/v2\/posts"}],"about":[{"href":"https:\/\/candas365.es\/noticias\/wp-json\/wp\/v2\/types\/post"}],"author":[{"embeddable":true,"href":"https:\/\/candas365.es\/noticias\/wp-json\/wp\/v2\/users\/1"}],"replies":[{"embeddable":true,"href":"https:\/\/candas365.es\/noticias\/wp-json\/wp\/v2\/comments?post=173288"}],"version-history":[{"count":0,"href":"https:\/\/candas365.es\/noticias\/wp-json\/wp\/v2\/posts\/173288\/revisions"}],"wp:featuredmedia":[{"embeddable":true,"href":"https:\/\/candas365.es\/noticias\/wp-json\/wp\/v2\/media\/173289"}],"wp:attachment":[{"href":"https:\/\/candas365.es\/noticias\/wp-json\/wp\/v2\/media?parent=173288"}],"wp:term":[{"taxonomy":"category","embeddable":true,"href":"https:\/\/candas365.es\/noticias\/wp-json\/wp\/v2\/categories?post=173288"},{"taxonomy":"post_tag","embeddable":true,"href":"https:\/\/candas365.es\/noticias\/wp-json\/wp\/v2\/tags?post=173288"}],"curies":[{"name":"wp","href":"https:\/\/api.w.org\/{rel}","templated":true}]}}