{"id":173133,"date":"2023-04-11T20:38:46","date_gmt":"2023-04-11T18:38:46","guid":{"rendered":"https:\/\/candas365.es\/noticias\/?p=173133"},"modified":"2023-04-11T20:38:46","modified_gmt":"2023-04-11T18:38:46","slug":"berenjenas-rellenas-con-un-toque-oriental-y-salsa-citrica","status":"publish","type":"post","link":"https:\/\/candas365.es\/noticias\/berenjenas-rellenas-con-un-toque-oriental-y-salsa-citrica\/","title":{"rendered":"Berenjenas rellenas con un toque oriental y salsa c\u00edtrica"},"content":{"rendered":"<p>(dpa) &#8211; La <a href=\"https:\/\/www.eldigitaldeasturias.com\/noticias\/category\/gastronomia\/\" target=\"_blank\" rel=\"noopener\"><strong><span style=\"color: #ff6600;\">berenjena<\/span> <\/strong><\/a>en s\u00ed es, en mi opini\u00f3n, una verdura infrarrepresentada, porque realmente depende de su preparaci\u00f3n. <strong>Antes no me gustaba mucho hasta que en unas <a href=\"https:\/\/candas365.es\/noticias\/category\/turismo\/\"><span style=\"color: #ff6600;\">vacaciones<\/span><\/a> estuve en una fiesta de la berenjena en Cerde\u00f1a.<\/strong><\/p>\n<figure id=\"attachment_173134\" aria-describedby=\"caption-attachment-173134\" style=\"width: 548px\" class=\"wp-caption aligncenter\"><img fetchpriority=\"high\" decoding=\"async\" class=\"wp-image-173134 size-large\" src=\"https:\/\/candas365.es\/noticias\/wp-content\/uploads\/2023\/04\/Berenjenas-548x480.jpg\" alt=\"Berenjenas\" width=\"548\" height=\"480\" srcset=\"https:\/\/candas365.es\/noticias\/wp-content\/uploads\/2023\/04\/Berenjenas-548x480.jpg 548w, https:\/\/candas365.es\/noticias\/wp-content\/uploads\/2023\/04\/Berenjenas-342x300.jpg 342w, https:\/\/candas365.es\/noticias\/wp-content\/uploads\/2023\/04\/Berenjenas-150x131.jpg 150w, https:\/\/candas365.es\/noticias\/wp-content\/uploads\/2023\/04\/Berenjenas-450x394.jpg 450w, https:\/\/candas365.es\/noticias\/wp-content\/uploads\/2023\/04\/Berenjenas.jpg 728w\" sizes=\"(max-width: 548px) 100vw, 548px\" \/><figcaption id=\"caption-attachment-173134\" class=\"wp-caption-text\">La berenjena rellena se cubre con trocitos de queso feta y dados de tomate y se sirve con una salsa de yogur y lim\u00f3n. Foto: Doreen Hassek\/hauptstadtkueche.blogspot.com\/dpa<\/figcaption><\/figure>\n<p>All\u00ed me la sirvieron especialmente sabrosa. Desde entonces, soy una verdadera fan de esta verdura. Hoy les presento una receta muy oriental, lo que le da un toque muy especial.<\/p>\n<h2>Ingredientes para cuatro personas:<\/h2>\n<p>Para las berenjenas: 2 berenjenas grandes, 250 g de carne picada, 2 zanahorias medianas, 1\/2 atado de perejil, 1 cebolla grande, 2 dientes de ajo, 5 cucharadas de aceite de oliva, 1 lata peque\u00f1a de garbanzos, 2 cucharadas de pur\u00e9 de tomates, 2 cucharadas de ajvar, comino, sal y pimienta, piment\u00f3n en polvo, 100 ml de agua, 100 g de queso feta, 2 tomates.<\/p>\n<p>Para la salsa: 250 g de yogur (con 3,5 por ciento de grasa), jugo de medio lim\u00f3n, algo de ralladura de lim\u00f3n, sal<\/p>\n<h2>Preparaci\u00f3n:<\/h2>\n<p>1. Precalentar el horno a 220 grados. Mezclar en una fuente peque\u00f1a las tres cucharadas de aceite de oliva con sal.<\/p>\n<p>2. Cortar las berenjenas por la mitad a lo largo, cortar la superficie del corte en forma de reja, pincelar con la mezcla de aceite y sal y colocar sobre una fuente de horno cubierta con papel de hornear con la superficie de corte hacia abajo. Pincelar las mitades tambi\u00e9n por fuera con la mezcla y hornear unos 30 minutos en el centro del horno.<\/p>\n<p>3. Pelar y cortar finamente cebollas y ajo. Lavar las zanahorias y rallarlas. Picar el perejil. Filtrar los garbanzos y lavarlos con agua corriente. Lavar y cortar en dados los tomates.<\/p>\n<p>4. Calentar en una sart\u00e9n dos cucharaditas de aceite y rehogar brevemente las cebollas y el ajo, a\u00f1adir la carne picada as\u00ed como sal, pimienta y comino y sofre\u00edr ligeramente. A\u00f1adir las zanahorias y el perejil y dejar otros 5 minutos. Agregar el piment\u00f3n y el pur\u00e9 de tomate, rehogar y agregar 100 ml de agua.<\/p>\n<p>5. A\u00f1adir ajvar y garbanzos a los dem\u00e1s ingredientes en la sart\u00e9n y dejar cocer a fuego lento tapada hasta que salgan del horno las berenjenas.<\/p>\n<p>6. Mezclar yogur, jugo de lim\u00f3n, ralladura lim\u00f3n y sal para la salsa y apartar.<\/p>\n<p>7. Sacar las berenjenas del horno, sacar con una cuchara algo de la pulpa, de manera que se puedan rellenar. Ahora rellenar las mitades de berenjenas con la masa de carne picada y verduras y decorar con el queso de oveja desmenuzado y los dados de tomate y servir junto con la salsa.<\/p>\n<p><i class=\"lang-es\"><span class=\" readonly\" title=\"\">Por Doreen Hassek (dpa)<\/span><\/i><\/p>\n","protected":false},"excerpt":{"rendered":"<p>(dpa) &#8211; La berenjena en s\u00ed es, en mi opini\u00f3n, una verdura infrarrepresentada, porque realmente depende de su preparaci\u00f3n. Antes no me gustaba mucho hasta que en unas vacaciones estuve en una fiesta de la berenjena en Cerde\u00f1a. All\u00ed me la sirvieron especialmente sabrosa. Desde entonces, soy una verdadera fan de esta verdura. Hoy les<\/p>\n","protected":false},"author":1,"featured_media":173134,"comment_status":"closed","ping_status":"closed","sticky":false,"template":"","format":"standard","meta":{"footnotes":""},"categories":[142],"tags":[452],"class_list":{"0":"post-173133","1":"post","2":"type-post","3":"status-publish","4":"format-standard","5":"has-post-thumbnail","7":"category-revista","8":"tag-gastronomia"},"aioseo_notices":[],"aioseo_head":"\n\t\t<!-- All in One SEO Pro 4.9.6.2 - aioseo.com -->\n\t<meta name=\"description\" content=\"(dpa) - La berenjena en s\u00ed es, en mi opini\u00f3n, una verdura infrarrepresentada, porque realmente depende de su preparaci\u00f3n. Antes no me gustaba mucho hasta que en unas vacaciones estuve en una fiesta de la berenjena en Cerde\u00f1a. All\u00ed me la sirvieron especialmente sabrosa. Desde entonces, soy una verdadera fan de esta verdura. Hoy les(dpa) - La berenjena en s\u00ed es, en mi opini\u00f3n, una verdura infrarrepresentada, porque realmente depende de su preparaci\u00f3n. Antes no me gustaba mucho hasta que\" \/>\n\t<meta name=\"robots\" content=\"max-image-preview:large\" \/>\n\t<meta name=\"author\" content=\"Cand\u00e1s 365\"\/>\n\t<meta name=\"google-site-verification\" content=\"UA-32230408-1\" \/>\n\t<meta name=\"msvalidate.01\" content=\"354F3CDFB2DA171B47FBE9ABF1F88D5\" \/>\n\t<meta name=\"keywords\" content=\"revista\" \/>\n\t<link rel=\"canonical\" href=\"https:\/\/candas365.es\/noticias\/berenjenas-rellenas-con-un-toque-oriental-y-salsa-citrica\/\" \/>\n\t<meta name=\"generator\" content=\"All in One SEO Pro (AIOSEO) 4.9.6.2\" \/>\n\t\t<meta property=\"og:locale\" content=\"es_ES\" \/>\n\t\t<meta property=\"og:site_name\" content=\"Cand\u00e1s 365\" \/>\n\t\t<meta property=\"og:type\" content=\"article\" \/>\n\t\t<meta property=\"og:title\" content=\"Berenjenas rellenas con un toque oriental y salsa c\u00edtrica | Cand\u00e1s 365\" \/>\n\t\t<meta property=\"og:description\" content=\"(dpa) - La berenjena en s\u00ed es, en mi opini\u00f3n, una verdura infrarrepresentada, porque realmente depende de su preparaci\u00f3n. Antes no me gustaba mucho hasta que en unas vacaciones estuve en una fiesta de la berenjena en Cerde\u00f1a. All\u00ed me la sirvieron especialmente sabrosa. Desde entonces, soy una verdadera fan de esta verdura. Hoy les(dpa) - La berenjena en s\u00ed es, en mi opini\u00f3n, una verdura infrarrepresentada, porque realmente depende de su preparaci\u00f3n. Antes no me gustaba mucho hasta que\" \/>\n\t\t<meta property=\"og:url\" content=\"https:\/\/candas365.es\/noticias\/berenjenas-rellenas-con-un-toque-oriental-y-salsa-citrica\/\" \/>\n\t\t<meta property=\"og:image\" content=\"https:\/\/candas365.es\/noticias\/wp-content\/uploads\/2023\/04\/Berenjenas.jpg\" \/>\n\t\t<meta property=\"og:image:secure_url\" content=\"https:\/\/candas365.es\/noticias\/wp-content\/uploads\/2023\/04\/Berenjenas.jpg\" \/>\n\t\t<meta property=\"og:image:width\" content=\"728\" \/>\n\t\t<meta property=\"og:image:height\" content=\"638\" \/>\n\t\t<meta property=\"article:published_time\" content=\"2023-04-11T18:38:46+00:00\" \/>\n\t\t<meta property=\"article:modified_time\" content=\"2023-04-11T18:38:46+00:00\" \/>\n\t\t<meta property=\"article:publisher\" content=\"https:\/\/www.facebook.com\/Nachofdezber\" \/>\n\t\t<meta property=\"article:author\" content=\"https:\/\/www.facebook.com\/carrenoactualidad\" \/>\n\t\t<meta name=\"twitter:card\" content=\"summary_large_image\" \/>\n\t\t<meta name=\"twitter:site\" content=\"@NabercoDigital\" \/>\n\t\t<meta name=\"twitter:title\" content=\"Berenjenas rellenas con un toque oriental y salsa c\u00edtrica | Cand\u00e1s 365\" \/>\n\t\t<meta name=\"twitter:description\" content=\"(dpa) - La berenjena en s\u00ed es, en mi opini\u00f3n, una verdura infrarrepresentada, porque realmente depende de su preparaci\u00f3n. Antes no me gustaba mucho hasta que en unas vacaciones estuve en una fiesta de la berenjena en Cerde\u00f1a. All\u00ed me la sirvieron especialmente sabrosa. Desde entonces, soy una verdadera fan de esta verdura. Hoy les(dpa) - La berenjena en s\u00ed es, en mi opini\u00f3n, una verdura infrarrepresentada, porque realmente depende de su preparaci\u00f3n. Antes no me gustaba mucho hasta que\" \/>\n\t\t<meta name=\"twitter:creator\" content=\"@nbasturias\" \/>\n\t\t<meta name=\"twitter:image\" content=\"https:\/\/candas365.es\/noticias\/wp-content\/uploads\/2023\/04\/Berenjenas.jpg\" \/>\n\t\t<meta name=\"twitter:label1\" content=\"Escrito por\" \/>\n\t\t<meta name=\"twitter:data1\" content=\"Cand\u00e1s 365\" \/>\n\t\t<meta name=\"twitter:label2\" content=\"Tiempo de lectura estimado\" \/>\n\t\t<meta name=\"twitter:data2\" content=\"2 minutos\" \/>\n\t\t<script type=\"application\/ld+json\" class=\"aioseo-schema\">\n\t\t\t{\"@context\":\"https:\\\/\\\/schema.org\",\"@graph\":[{\"@type\":\"BreadcrumbList\",\"@id\":\"https:\\\/\\\/candas365.es\\\/noticias\\\/berenjenas-rellenas-con-un-toque-oriental-y-salsa-citrica\\\/#breadcrumblist\",\"itemListElement\":[{\"@type\":\"ListItem\",\"@id\":\"https:\\\/\\\/candas365.es\\\/noticias#listItem\",\"position\":1,\"name\":\"Home\",\"item\":\"https:\\\/\\\/candas365.es\\\/noticias\",\"nextItem\":{\"@type\":\"ListItem\",\"@id\":\"https:\\\/\\\/candas365.es\\\/noticias\\\/category\\\/revista\\\/#listItem\",\"name\":\"Revista\"}},{\"@type\":\"ListItem\",\"@id\":\"https:\\\/\\\/candas365.es\\\/noticias\\\/category\\\/revista\\\/#listItem\",\"position\":2,\"name\":\"Revista\",\"item\":\"https:\\\/\\\/candas365.es\\\/noticias\\\/category\\\/revista\\\/\",\"nextItem\":{\"@type\":\"ListItem\",\"@id\":\"https:\\\/\\\/candas365.es\\\/noticias\\\/berenjenas-rellenas-con-un-toque-oriental-y-salsa-citrica\\\/#listItem\",\"name\":\"Berenjenas rellenas con un toque oriental y salsa c\\u00edtrica\"},\"previousItem\":{\"@type\":\"ListItem\",\"@id\":\"https:\\\/\\\/candas365.es\\\/noticias#listItem\",\"name\":\"Home\"}},{\"@type\":\"ListItem\",\"@id\":\"https:\\\/\\\/candas365.es\\\/noticias\\\/berenjenas-rellenas-con-un-toque-oriental-y-salsa-citrica\\\/#listItem\",\"position\":3,\"name\":\"Berenjenas rellenas con un toque oriental y salsa c\\u00edtrica\",\"previousItem\":{\"@type\":\"ListItem\",\"@id\":\"https:\\\/\\\/candas365.es\\\/noticias\\\/category\\\/revista\\\/#listItem\",\"name\":\"Revista\"}}]},{\"@type\":\"NewsArticle\",\"@id\":\"https:\\\/\\\/candas365.es\\\/noticias\\\/berenjenas-rellenas-con-un-toque-oriental-y-salsa-citrica\\\/#newsarticle\",\"name\":\"Berenjenas rellenas con un toque oriental y salsa c\\u00edtrica | Cand\\u00e1s 365\",\"headline\":\"Berenjenas rellenas con un toque oriental y salsa c\\u00edtrica\",\"author\":{\"@id\":\"https:\\\/\\\/candas365.es\\\/noticias\\\/author\\\/admin\\\/#author\"},\"publisher\":{\"@id\":\"https:\\\/\\\/candas365.es\\\/noticias\\\/#organization\"},\"image\":{\"@type\":\"ImageObject\",\"url\":\"https:\\\/\\\/candas365.es\\\/noticias\\\/wp-content\\\/uploads\\\/2023\\\/04\\\/Berenjenas.jpg\",\"width\":728,\"height\":638,\"caption\":\"La berenjena rellena se cubre con trocitos de queso feta y dados de tomate y se sirve con una salsa de yogur y lim\\u00f3n. Foto: Doreen Hassek\\\/hauptstadtkueche.blogspot.com\\\/dpa\"},\"datePublished\":\"2023-04-11T20:38:46+02:00\",\"dateModified\":\"2023-04-11T20:38:46+02:00\",\"inLanguage\":\"es-ES\",\"mainEntityOfPage\":{\"@id\":\"https:\\\/\\\/candas365.es\\\/noticias\\\/berenjenas-rellenas-con-un-toque-oriental-y-salsa-citrica\\\/#webpage\"},\"isPartOf\":{\"@id\":\"https:\\\/\\\/candas365.es\\\/noticias\\\/berenjenas-rellenas-con-un-toque-oriental-y-salsa-citrica\\\/#webpage\"},\"articleSection\":\"Revista, Gastronom\\u00eda\",\"dateline\":\"Publicado el abril 11, 2023.\"},{\"@type\":\"Organization\",\"@id\":\"https:\\\/\\\/candas365.es\\\/noticias\\\/#organization\",\"name\":\"Cand\\u00e1s 365\",\"description\":\"Cand\\u00e1s 365 es un diario digital independiente, fundado en 2012, con base en Asturias. Informamos con rigor sobre actualidad, sociedad, cultura y ocio, con una mirada local y global.\",\"url\":\"https:\\\/\\\/candas365.es\\\/noticias\\\/\",\"email\":\"info@candas365.es\",\"telephone\":\"+34652131393\",\"foundingDate\":\"2012-06-10\",\"logo\":{\"@type\":\"ImageObject\",\"url\":\"https:\\\/\\\/candas365.es\\\/noticias\\\/wp-content\\\/uploads\\\/2024\\\/09\\\/Candas-365-Redes.jpg\",\"@id\":\"https:\\\/\\\/candas365.es\\\/noticias\\\/berenjenas-rellenas-con-un-toque-oriental-y-salsa-citrica\\\/#organizationLogo\",\"width\":1152,\"height\":864,\"caption\":\"Cand\\u00e1s 365 Redes\"},\"image\":{\"@id\":\"https:\\\/\\\/candas365.es\\\/noticias\\\/berenjenas-rellenas-con-un-toque-oriental-y-salsa-citrica\\\/#organizationLogo\"},\"sameAs\":[\"https:\\\/\\\/www.facebook.com\\\/Nachofdezber\",\"https:\\\/\\\/x.com\\\/NabercoDigital\",\"https:\\\/\\\/www.instagram.com\\\/nachofdezber\\\/\",\"https:\\\/\\\/www.youtube.com\\\/channel\\\/UCZP-2wLEB9Rv6erhFmqVnvg\"],\"address\":{\"@id\":\"https:\\\/\\\/candas365.es\\\/noticias\\\/#postaladdress\",\"@type\":\"PostalAddress\",\"streetAddress\":\"san antonio 4, san antonio 4\",\"postalCode\":\"33430\",\"addressLocality\":\"Cand\\u00e1s\",\"addressRegion\":\"Asturias\",\"addressCountry\":\"ES\"}},{\"@type\":\"Person\",\"@id\":\"https:\\\/\\\/candas365.es\\\/noticias\\\/author\\\/admin\\\/#author\",\"url\":\"https:\\\/\\\/candas365.es\\\/noticias\\\/author\\\/admin\\\/\",\"name\":\"Cand\\u00e1s 365\",\"image\":{\"@type\":\"ImageObject\",\"@id\":\"https:\\\/\\\/candas365.es\\\/noticias\\\/berenjenas-rellenas-con-un-toque-oriental-y-salsa-citrica\\\/#authorImage\",\"url\":\"https:\\\/\\\/secure.gravatar.com\\\/avatar\\\/496a8e03d0c493ede1718b7934145dbdf8d89be1036b0eec9544e1094c9de390?s=96&d=mm&r=g\",\"width\":96,\"height\":96,\"caption\":\"Cand\\u00e1s 365\"},\"sameAs\":[\"https:\\\/\\\/www.facebook.com\\\/carrenoactualidad\",\"https:\\\/\\\/twitter.com\\\/nbasturias\",\"https:\\\/\\\/www.instagram.com\\\/nachofdezber\\\/\",\"https:\\\/\\\/www.youtube.com\\\/channel\\\/UCZP-2wLEB9Rv6erhFmqVnvg\"]},{\"@type\":\"WebPage\",\"@id\":\"https:\\\/\\\/candas365.es\\\/noticias\\\/berenjenas-rellenas-con-un-toque-oriental-y-salsa-citrica\\\/#webpage\",\"url\":\"https:\\\/\\\/candas365.es\\\/noticias\\\/berenjenas-rellenas-con-un-toque-oriental-y-salsa-citrica\\\/\",\"name\":\"Berenjenas rellenas con un toque oriental y salsa c\\u00edtrica | Cand\\u00e1s 365\",\"description\":\"(dpa) - La berenjena en s\\u00ed es, en mi opini\\u00f3n, una verdura infrarrepresentada, porque realmente depende de su preparaci\\u00f3n. Antes no me gustaba mucho hasta que en unas vacaciones estuve en una fiesta de la berenjena en Cerde\\u00f1a. All\\u00ed me la sirvieron especialmente sabrosa. Desde entonces, soy una verdadera fan de esta verdura. Hoy les(dpa) - La berenjena en s\\u00ed es, en mi opini\\u00f3n, una verdura infrarrepresentada, porque realmente depende de su preparaci\\u00f3n. Antes no me gustaba mucho hasta que\",\"inLanguage\":\"es-ES\",\"isPartOf\":{\"@id\":\"https:\\\/\\\/candas365.es\\\/noticias\\\/#website\"},\"breadcrumb\":{\"@id\":\"https:\\\/\\\/candas365.es\\\/noticias\\\/berenjenas-rellenas-con-un-toque-oriental-y-salsa-citrica\\\/#breadcrumblist\"},\"author\":{\"@id\":\"https:\\\/\\\/candas365.es\\\/noticias\\\/author\\\/admin\\\/#author\"},\"creator\":{\"@id\":\"https:\\\/\\\/candas365.es\\\/noticias\\\/author\\\/admin\\\/#author\"},\"image\":{\"@type\":\"ImageObject\",\"url\":\"https:\\\/\\\/candas365.es\\\/noticias\\\/wp-content\\\/uploads\\\/2023\\\/04\\\/Berenjenas.jpg\",\"@id\":\"https:\\\/\\\/candas365.es\\\/noticias\\\/berenjenas-rellenas-con-un-toque-oriental-y-salsa-citrica\\\/#mainImage\",\"width\":728,\"height\":638,\"caption\":\"La berenjena rellena se cubre con trocitos de queso feta y dados de tomate y se sirve con una salsa de yogur y lim\\u00f3n. Foto: Doreen Hassek\\\/hauptstadtkueche.blogspot.com\\\/dpa\"},\"primaryImageOfPage\":{\"@id\":\"https:\\\/\\\/candas365.es\\\/noticias\\\/berenjenas-rellenas-con-un-toque-oriental-y-salsa-citrica\\\/#mainImage\"},\"datePublished\":\"2023-04-11T20:38:46+02:00\",\"dateModified\":\"2023-04-11T20:38:46+02:00\"},{\"@type\":\"WebSite\",\"@id\":\"https:\\\/\\\/candas365.es\\\/noticias\\\/#website\",\"url\":\"https:\\\/\\\/candas365.es\\\/noticias\\\/\",\"name\":\"Cand\\u00e1s 365\",\"alternateName\":\"Cand\\u00e1s 365 Noticias\",\"description\":\"Actualidad desde Carre\\u00f1o para el mundo\",\"inLanguage\":\"es-ES\",\"publisher\":{\"@id\":\"https:\\\/\\\/candas365.es\\\/noticias\\\/#organization\"}}]}\n\t\t<\/script>\n\t\t<!-- All in One SEO Pro -->\r\n\t\t<title>Berenjenas rellenas con un toque oriental y salsa c\u00edtrica | Cand\u00e1s 365<\/title>\n\n","aioseo_head_json":{"title":"Berenjenas rellenas con un toque oriental y salsa c\u00edtrica | Cand\u00e1s 365","description":"(dpa) - La berenjena en s\u00ed es, en mi opini\u00f3n, una verdura infrarrepresentada, porque realmente depende de su preparaci\u00f3n. Antes no me gustaba mucho hasta que en unas vacaciones estuve en una fiesta de la berenjena en Cerde\u00f1a. All\u00ed me la sirvieron especialmente sabrosa. Desde entonces, soy una verdadera fan de esta verdura. Hoy les(dpa) - La berenjena en s\u00ed es, en mi opini\u00f3n, una verdura infrarrepresentada, porque realmente depende de su preparaci\u00f3n. Antes no me gustaba mucho hasta que","canonical_url":"https:\/\/candas365.es\/noticias\/berenjenas-rellenas-con-un-toque-oriental-y-salsa-citrica\/","robots":"max-image-preview:large","keywords":"revista","webmasterTools":{"google-site-verification":"UA-32230408-1","msvalidate.01":"354F3CDFB2DA171B47FBE9ABF1F88D5","miscellaneous":""},"schema":{"@context":"https:\/\/schema.org","@graph":[{"@type":"BreadcrumbList","@id":"https:\/\/candas365.es\/noticias\/berenjenas-rellenas-con-un-toque-oriental-y-salsa-citrica\/#breadcrumblist","itemListElement":[{"@type":"ListItem","@id":"https:\/\/candas365.es\/noticias#listItem","position":1,"name":"Home","item":"https:\/\/candas365.es\/noticias","nextItem":{"@type":"ListItem","@id":"https:\/\/candas365.es\/noticias\/category\/revista\/#listItem","name":"Revista"}},{"@type":"ListItem","@id":"https:\/\/candas365.es\/noticias\/category\/revista\/#listItem","position":2,"name":"Revista","item":"https:\/\/candas365.es\/noticias\/category\/revista\/","nextItem":{"@type":"ListItem","@id":"https:\/\/candas365.es\/noticias\/berenjenas-rellenas-con-un-toque-oriental-y-salsa-citrica\/#listItem","name":"Berenjenas rellenas con un toque oriental y salsa c\u00edtrica"},"previousItem":{"@type":"ListItem","@id":"https:\/\/candas365.es\/noticias#listItem","name":"Home"}},{"@type":"ListItem","@id":"https:\/\/candas365.es\/noticias\/berenjenas-rellenas-con-un-toque-oriental-y-salsa-citrica\/#listItem","position":3,"name":"Berenjenas rellenas con un toque oriental y salsa c\u00edtrica","previousItem":{"@type":"ListItem","@id":"https:\/\/candas365.es\/noticias\/category\/revista\/#listItem","name":"Revista"}}]},{"@type":"NewsArticle","@id":"https:\/\/candas365.es\/noticias\/berenjenas-rellenas-con-un-toque-oriental-y-salsa-citrica\/#newsarticle","name":"Berenjenas rellenas con un toque oriental y salsa c\u00edtrica | Cand\u00e1s 365","headline":"Berenjenas rellenas con un toque oriental y salsa c\u00edtrica","author":{"@id":"https:\/\/candas365.es\/noticias\/author\/admin\/#author"},"publisher":{"@id":"https:\/\/candas365.es\/noticias\/#organization"},"image":{"@type":"ImageObject","url":"https:\/\/candas365.es\/noticias\/wp-content\/uploads\/2023\/04\/Berenjenas.jpg","width":728,"height":638,"caption":"La berenjena rellena se cubre con trocitos de queso feta y dados de tomate y se sirve con una salsa de yogur y lim\u00f3n. Foto: Doreen Hassek\/hauptstadtkueche.blogspot.com\/dpa"},"datePublished":"2023-04-11T20:38:46+02:00","dateModified":"2023-04-11T20:38:46+02:00","inLanguage":"es-ES","mainEntityOfPage":{"@id":"https:\/\/candas365.es\/noticias\/berenjenas-rellenas-con-un-toque-oriental-y-salsa-citrica\/#webpage"},"isPartOf":{"@id":"https:\/\/candas365.es\/noticias\/berenjenas-rellenas-con-un-toque-oriental-y-salsa-citrica\/#webpage"},"articleSection":"Revista, Gastronom\u00eda","dateline":"Publicado el abril 11, 2023."},{"@type":"Organization","@id":"https:\/\/candas365.es\/noticias\/#organization","name":"Cand\u00e1s 365","description":"Cand\u00e1s 365 es un diario digital independiente, fundado en 2012, con base en Asturias. Informamos con rigor sobre actualidad, sociedad, cultura y ocio, con una mirada local y global.","url":"https:\/\/candas365.es\/noticias\/","email":"info@candas365.es","telephone":"+34652131393","foundingDate":"2012-06-10","logo":{"@type":"ImageObject","url":"https:\/\/candas365.es\/noticias\/wp-content\/uploads\/2024\/09\/Candas-365-Redes.jpg","@id":"https:\/\/candas365.es\/noticias\/berenjenas-rellenas-con-un-toque-oriental-y-salsa-citrica\/#organizationLogo","width":1152,"height":864,"caption":"Cand\u00e1s 365 Redes"},"image":{"@id":"https:\/\/candas365.es\/noticias\/berenjenas-rellenas-con-un-toque-oriental-y-salsa-citrica\/#organizationLogo"},"sameAs":["https:\/\/www.facebook.com\/Nachofdezber","https:\/\/x.com\/NabercoDigital","https:\/\/www.instagram.com\/nachofdezber\/","https:\/\/www.youtube.com\/channel\/UCZP-2wLEB9Rv6erhFmqVnvg"],"address":{"@id":"https:\/\/candas365.es\/noticias\/#postaladdress","@type":"PostalAddress","streetAddress":"san antonio 4, san antonio 4","postalCode":"33430","addressLocality":"Cand\u00e1s","addressRegion":"Asturias","addressCountry":"ES"}},{"@type":"Person","@id":"https:\/\/candas365.es\/noticias\/author\/admin\/#author","url":"https:\/\/candas365.es\/noticias\/author\/admin\/","name":"Cand\u00e1s 365","image":{"@type":"ImageObject","@id":"https:\/\/candas365.es\/noticias\/berenjenas-rellenas-con-un-toque-oriental-y-salsa-citrica\/#authorImage","url":"https:\/\/secure.gravatar.com\/avatar\/496a8e03d0c493ede1718b7934145dbdf8d89be1036b0eec9544e1094c9de390?s=96&d=mm&r=g","width":96,"height":96,"caption":"Cand\u00e1s 365"},"sameAs":["https:\/\/www.facebook.com\/carrenoactualidad","https:\/\/twitter.com\/nbasturias","https:\/\/www.instagram.com\/nachofdezber\/","https:\/\/www.youtube.com\/channel\/UCZP-2wLEB9Rv6erhFmqVnvg"]},{"@type":"WebPage","@id":"https:\/\/candas365.es\/noticias\/berenjenas-rellenas-con-un-toque-oriental-y-salsa-citrica\/#webpage","url":"https:\/\/candas365.es\/noticias\/berenjenas-rellenas-con-un-toque-oriental-y-salsa-citrica\/","name":"Berenjenas rellenas con un toque oriental y salsa c\u00edtrica | Cand\u00e1s 365","description":"(dpa) - La berenjena en s\u00ed es, en mi opini\u00f3n, una verdura infrarrepresentada, porque realmente depende de su preparaci\u00f3n. Antes no me gustaba mucho hasta que en unas vacaciones estuve en una fiesta de la berenjena en Cerde\u00f1a. All\u00ed me la sirvieron especialmente sabrosa. Desde entonces, soy una verdadera fan de esta verdura. Hoy les(dpa) - La berenjena en s\u00ed es, en mi opini\u00f3n, una verdura infrarrepresentada, porque realmente depende de su preparaci\u00f3n. Antes no me gustaba mucho hasta que","inLanguage":"es-ES","isPartOf":{"@id":"https:\/\/candas365.es\/noticias\/#website"},"breadcrumb":{"@id":"https:\/\/candas365.es\/noticias\/berenjenas-rellenas-con-un-toque-oriental-y-salsa-citrica\/#breadcrumblist"},"author":{"@id":"https:\/\/candas365.es\/noticias\/author\/admin\/#author"},"creator":{"@id":"https:\/\/candas365.es\/noticias\/author\/admin\/#author"},"image":{"@type":"ImageObject","url":"https:\/\/candas365.es\/noticias\/wp-content\/uploads\/2023\/04\/Berenjenas.jpg","@id":"https:\/\/candas365.es\/noticias\/berenjenas-rellenas-con-un-toque-oriental-y-salsa-citrica\/#mainImage","width":728,"height":638,"caption":"La berenjena rellena se cubre con trocitos de queso feta y dados de tomate y se sirve con una salsa de yogur y lim\u00f3n. Foto: Doreen Hassek\/hauptstadtkueche.blogspot.com\/dpa"},"primaryImageOfPage":{"@id":"https:\/\/candas365.es\/noticias\/berenjenas-rellenas-con-un-toque-oriental-y-salsa-citrica\/#mainImage"},"datePublished":"2023-04-11T20:38:46+02:00","dateModified":"2023-04-11T20:38:46+02:00"},{"@type":"WebSite","@id":"https:\/\/candas365.es\/noticias\/#website","url":"https:\/\/candas365.es\/noticias\/","name":"Cand\u00e1s 365","alternateName":"Cand\u00e1s 365 Noticias","description":"Actualidad desde Carre\u00f1o para el mundo","inLanguage":"es-ES","publisher":{"@id":"https:\/\/candas365.es\/noticias\/#organization"}}]},"og:locale":"es_ES","og:site_name":"Cand\u00e1s 365","og:type":"article","og:title":"Berenjenas rellenas con un toque oriental y salsa c\u00edtrica | Cand\u00e1s 365","og:description":"(dpa) - La berenjena en s\u00ed es, en mi opini\u00f3n, una verdura infrarrepresentada, porque realmente depende de su preparaci\u00f3n. Antes no me gustaba mucho hasta que en unas vacaciones estuve en una fiesta de la berenjena en Cerde\u00f1a. All\u00ed me la sirvieron especialmente sabrosa. Desde entonces, soy una verdadera fan de esta verdura. Hoy les(dpa) - La berenjena en s\u00ed es, en mi opini\u00f3n, una verdura infrarrepresentada, porque realmente depende de su preparaci\u00f3n. Antes no me gustaba mucho hasta que","og:url":"https:\/\/candas365.es\/noticias\/berenjenas-rellenas-con-un-toque-oriental-y-salsa-citrica\/","og:image":"https:\/\/candas365.es\/noticias\/wp-content\/uploads\/2023\/04\/Berenjenas.jpg","og:image:secure_url":"https:\/\/candas365.es\/noticias\/wp-content\/uploads\/2023\/04\/Berenjenas.jpg","og:image:width":728,"og:image:height":638,"article:published_time":"2023-04-11T18:38:46+00:00","article:modified_time":"2023-04-11T18:38:46+00:00","article:publisher":"https:\/\/www.facebook.com\/Nachofdezber","article:author":"https:\/\/www.facebook.com\/carrenoactualidad","twitter:card":"summary_large_image","twitter:site":"@NabercoDigital","twitter:title":"Berenjenas rellenas con un toque oriental y salsa c\u00edtrica | Cand\u00e1s 365","twitter:description":"(dpa) - La berenjena en s\u00ed es, en mi opini\u00f3n, una verdura infrarrepresentada, porque realmente depende de su preparaci\u00f3n. Antes no me gustaba mucho hasta que en unas vacaciones estuve en una fiesta de la berenjena en Cerde\u00f1a. All\u00ed me la sirvieron especialmente sabrosa. Desde entonces, soy una verdadera fan de esta verdura. Hoy les(dpa) - La berenjena en s\u00ed es, en mi opini\u00f3n, una verdura infrarrepresentada, porque realmente depende de su preparaci\u00f3n. Antes no me gustaba mucho hasta que","twitter:creator":"@nbasturias","twitter:image":"https:\/\/candas365.es\/noticias\/wp-content\/uploads\/2023\/04\/Berenjenas.jpg","twitter:label1":"Escrito por","twitter:data1":"Cand\u00e1s 365","twitter:label2":"Tiempo de lectura estimado","twitter:data2":"2 minutos"},"aioseo_meta_data":{"post_id":"173133","title":null,"description":"#post_excerpt(dpa) - La berenjena en s\u00ed es, en mi opini\u00f3n, una verdura infrarrepresentada, porque realmente depende de su preparaci\u00f3n. Antes no me gustaba mucho hasta que","keywords":[],"keyphrases":{"focus":{"keyphrase":"berenjena","score":73,"analysis":{"keyphraseInTitle":{"score":3,"maxScore":9,"error":1},"keyphraseInDescription":{"score":9,"maxScore":9,"error":0},"keyphraseLength":{"score":9,"maxScore":9,"error":0,"length":1},"keyphraseInURL":{"score":1,"maxScore":5,"error":1},"keyphraseInIntroduction":{"score":9,"maxScore":9,"error":0},"keyphraseInSubHeadings":{"score":3,"maxScore":9,"error":1},"keyphraseInImageAlt":{"score":9,"maxScore":9,"error":0}}},"additional":[{"keyphrase":"berenjena","score":100,"analysis":{"keyphraseInDescription":{"score":9,"maxScore":9,"error":0},"keyphraseLength":{"score":9,"maxScore":9,"error":0,"length":1},"keyphraseInIntroduction":{"score":9,"maxScore":9,"error":0},"keyphraseInImageAlt":{"score":9,"maxScore":9,"error":0}}}]},"primary_term":null,"canonical_url":null,"og_title":null,"og_description":null,"og_object_type":"default","og_image_type":"default","og_image_url":null,"og_image_width":null,"og_image_height":null,"og_image_custom_url":null,"og_image_custom_fields":null,"og_video":"","og_custom_url":null,"og_article_section":null,"og_article_tags":[],"twitter_use_og":false,"twitter_card":"default","twitter_image_type":"default","twitter_image_url":null,"twitter_image_custom_url":null,"twitter_image_custom_fields":null,"twitter_title":null,"twitter_description":null,"schema":{"blockGraphs":[],"customGraphs":[],"default":{"data":{"Article":[],"Course":[],"Dataset":[],"FAQPage":[],"Movie":[],"Person":[],"Product":[],"ProductReview":[],"Car":[],"Recipe":[],"Service":[],"SoftwareApplication":[],"WebPage":[]},"graphName":"","isEnabled":true},"graphs":[]},"schema_type":"default","schema_type_options":null,"pillar_content":false,"robots_default":true,"robots_noindex":false,"robots_noarchive":false,"robots_nosnippet":false,"robots_nofollow":false,"robots_noimageindex":false,"robots_noodp":false,"robots_notranslate":false,"robots_max_snippet":"-1","robots_max_videopreview":"-1","robots_max_imagepreview":"large","priority":null,"frequency":"default","location":null,"local_seo":null,"seo_analyzer_scan_date":"2025-09-01 20:13:11","breadcrumb_settings":null,"limit_modified_date":false,"reviewed_by":null,"open_ai":"{\"title\":{\"suggestions\":[],\"usage\":0},\"description\":{\"suggestions\":[],\"usage\":0}}","ai":null,"created":"2023-04-11 18:32:57","updated":"2025-09-01 20:13:11"},"aioseo_breadcrumb":"<div class=\"aioseo-breadcrumbs\"><span class=\"aioseo-breadcrumb\">\n\t<a href=\"https:\/\/candas365.es\/noticias\" title=\"Home\">Home<\/a>\n<\/span><span class=\"aioseo-breadcrumb-separator\">&ndash;<\/span><span class=\"aioseo-breadcrumb\">\n\t<a href=\"https:\/\/candas365.es\/noticias\/category\/revista\/\" title=\"Revista\">Revista<\/a>\n<\/span><span class=\"aioseo-breadcrumb-separator\">&ndash;<\/span><span class=\"aioseo-breadcrumb\">\n\tBerenjenas rellenas con un toque oriental y salsa c\u00edtrica\n<\/span><\/div>","aioseo_breadcrumb_json":[{"label":"Home","link":"https:\/\/candas365.es\/noticias"},{"label":"Revista","link":"https:\/\/candas365.es\/noticias\/category\/revista\/"},{"label":"Berenjenas rellenas con un toque oriental y salsa c\u00edtrica","link":"https:\/\/candas365.es\/noticias\/berenjenas-rellenas-con-un-toque-oriental-y-salsa-citrica\/"}],"_links":{"self":[{"href":"https:\/\/candas365.es\/noticias\/wp-json\/wp\/v2\/posts\/173133","targetHints":{"allow":["GET"]}}],"collection":[{"href":"https:\/\/candas365.es\/noticias\/wp-json\/wp\/v2\/posts"}],"about":[{"href":"https:\/\/candas365.es\/noticias\/wp-json\/wp\/v2\/types\/post"}],"author":[{"embeddable":true,"href":"https:\/\/candas365.es\/noticias\/wp-json\/wp\/v2\/users\/1"}],"replies":[{"embeddable":true,"href":"https:\/\/candas365.es\/noticias\/wp-json\/wp\/v2\/comments?post=173133"}],"version-history":[{"count":0,"href":"https:\/\/candas365.es\/noticias\/wp-json\/wp\/v2\/posts\/173133\/revisions"}],"wp:featuredmedia":[{"embeddable":true,"href":"https:\/\/candas365.es\/noticias\/wp-json\/wp\/v2\/media\/173134"}],"wp:attachment":[{"href":"https:\/\/candas365.es\/noticias\/wp-json\/wp\/v2\/media?parent=173133"}],"wp:term":[{"taxonomy":"category","embeddable":true,"href":"https:\/\/candas365.es\/noticias\/wp-json\/wp\/v2\/categories?post=173133"},{"taxonomy":"post_tag","embeddable":true,"href":"https:\/\/candas365.es\/noticias\/wp-json\/wp\/v2\/tags?post=173133"}],"curies":[{"name":"wp","href":"https:\/\/api.w.org\/{rel}","templated":true}]}}