{"id":173098,"date":"2023-04-10T05:25:31","date_gmt":"2023-04-10T03:25:31","guid":{"rendered":"https:\/\/candas365.es\/noticias\/?p=173098"},"modified":"2023-04-10T05:25:31","modified_gmt":"2023-04-10T03:25:31","slug":"moda-alternativa-para-ellos-y-ellas","status":"publish","type":"post","link":"https:\/\/candas365.es\/noticias\/moda-alternativa-para-ellos-y-ellas\/","title":{"rendered":"Moda alternativa para ellos y ellas"},"content":{"rendered":"<p>Todos tenemos nuestro propio estilo, y <strong>la moda alternativa es uno de ellos para millones de personas<\/strong> en todo el mundo. No hablamos de una simple tendencia puntual, hablamos de una moda que se va ajustando a los tiempos, que se va reinventando cada d\u00eda y que hace que muchas personas se sientan bien tanto por dentro como por fuera. <strong>En <a title=\"uyuni.es\" href=\"https:\/\/uyuni.es\/blog\/22_bisuteria-etnica-natural-artesanal.html\" target=\"_blank\" rel=\"noopener\"><span style=\"color: #ff6600;\">uyuni.es<\/span><\/a> tienes un universo de opciones creadas para ti, lo \u00fanico que debes hacer es accede al sitio web que te hemos mencionado y comenzar a darle un nuevo aire a tu vida.<\/strong><\/p>\n<p><img fetchpriority=\"high\" decoding=\"async\" class=\"aligncenter wp-image-173099 size-large\" src=\"https:\/\/candas365.es\/noticias\/wp-content\/uploads\/2023\/04\/moda-alternativa-650x438.jpg\" alt=\"moda alternativa\" width=\"650\" height=\"438\" srcset=\"https:\/\/candas365.es\/noticias\/wp-content\/uploads\/2023\/04\/moda-alternativa-650x438.jpg 650w, https:\/\/candas365.es\/noticias\/wp-content\/uploads\/2023\/04\/moda-alternativa-360x243.jpg 360w, https:\/\/candas365.es\/noticias\/wp-content\/uploads\/2023\/04\/moda-alternativa-150x101.jpg 150w, https:\/\/candas365.es\/noticias\/wp-content\/uploads\/2023\/04\/moda-alternativa-450x304.jpg 450w, https:\/\/candas365.es\/noticias\/wp-content\/uploads\/2023\/04\/moda-alternativa.jpg 728w\" sizes=\"(max-width: 650px) 100vw, 650px\" \/><\/p>\n<h2>Somos lo que mostramos<\/h2>\n<p>Muchas personas son realmente \u00fanicas y tiene sus gustos muy claros a la hora de vestir o elegir complemento y eso les hace especiales y tambi\u00e9n mucho m\u00e1s atractivas; y tambi\u00e9n hay gente que se pone cualquier prenda para salir de casa o que renuncia a ser lo que desea ser por miedo a lo que puedan pensar los dem\u00e1s. <strong>\u00bfDeseas ser original? \u00bfDeseas vestir tal y como te pide el cuerpo? Pues ahora es el mejor momento para descubrir y comprar los anillos artesanales, bisuter\u00eda pulseras o pendientes \u00e9tnicos y naturales que encontrar\u00e1s en Uyuni.<\/strong><\/p>\n<p>Hablamos de <strong>productos de calidad<\/strong>, creados tanto para ellos como para ellas y que adem\u00e1s pueden ser un bonito y buen regalo para tu pareja, amigos o amigas o incluso para esos familiares a los que les gusta lucir bien y viven la vida siendo ellos mismos.<\/p>\n<h2>\u00bfQu\u00e9 propuestas son las m\u00e1s deseadas?<\/h2>\n<p>Tal y como te hemos comentado los collares, pulseras, anillos o pendientes artesanales de Uyuni son sin duda complementos llamativos y creados para las personas que quieran lucir bien y que adem\u00e1s quieran <strong>comprar un producto creado en diferentes pa\u00edses<\/strong>; Nepal, Tailandia, Bali y Colombia te acompa\u00f1ar\u00e1n con su esencia y colores all\u00e1 donde vayas.<\/p>\n<p><strong>Los productos de Uyuni tambi\u00e9n son perfectos para eventos, fiestas, para la temporada de verano o para cualquier otra \u00e9poca del a\u00f1o<\/strong>, pues su variedad y calidad son ideales para disfrutarlos en diferentes ocasiones y tambi\u00e9n llevarlos a la oficina, trabajo, universidad o durante cualquier momento del d\u00eda o de la noche.<\/p>\n<p>En el caso de que est\u00e9s buscando<strong> un bonito regalo<\/strong> te recomendamos <strong>sus pendientes de bisuter\u00eda \u00e9tnica<\/strong>, son accesorios muy vers\u00e1tiles y se adaptan a cualquier look, un regalo perfecto para la persona que m\u00e1s quieras, y para ti obviamente, pues siempre es bonito e importante renovarse y disfrutar de las nuevas opciones que puedes encontrar en la tienda online de Uyuni.<\/p>\n<h2>\u00bfDeseas bisuter\u00eda de calidad?<\/h2>\n<p>Pues no esperes ni un segundo m\u00e1s y descubre las propuestas que actualmente tiene <strong>la tienda online que te aportar\u00e1 un look insuperable<\/strong>, los colgantes de plata son de gran calidad y resistentes siempre que sepas cuidarlos y siempre que les des un buen uso, y adem\u00e1s son perfectos para el d\u00eda a d\u00eda;<strong> y en el caso de que quieras sorprende a tu chico, amigos especial o a un amigo o amiga tambi\u00e9n te recomendamos las pulseras y bisuter\u00eda \u00e9tnica tanto para ellos como para ellas, y tambi\u00e9n para ti.<\/strong><\/p>\n<h3>Comprar calidad, recibir originalidad<\/h3>\n<p>Comprar calidad y recibir en tu casa el producto o los productos que quieras tener es sencillo y seguro, <strong>lo \u00fanico que necesitas es acceder a uyuni.es<\/strong>, navegar por su sitio web e ir viendo todas las propuestas que ofrecen, tanto para hombre, mujer, ni\u00f1os o accesorios.<\/p>\n<p>Compras seguras, buenas referencias, muchos a\u00f1os de experiencia en el sector y propuestas para todos y para todas. Es momento de comprar y lucir bien los 365 d\u00edas del a\u00f1o.<strong> Tambi\u00e9n puedes seguir a Uyuni en sus redes sociales, y en caso de dudas a la hora de realizar tus pedidos o en el caso de que necesites asesoramiento tambi\u00e9n tienes disponibles varios m\u00e9todos de contacto.<\/strong><\/p>\n","protected":false},"excerpt":{"rendered":"<p>Todos tenemos nuestro propio estilo, y la moda alternativa es uno de ellos para millones de personas en todo el mundo. No hablamos de una simple tendencia puntual, hablamos de una moda que se va ajustando a los tiempos, que se va reinventando cada d\u00eda y que hace que muchas personas se sientan bien tanto<\/p>\n","protected":false},"author":1,"featured_media":173099,"comment_status":"closed","ping_status":"closed","sticky":false,"template":"","format":"standard","meta":{"footnotes":""},"categories":[142],"tags":[435],"class_list":{"0":"post-173098","1":"post","2":"type-post","3":"status-publish","4":"format-standard","5":"has-post-thumbnail","7":"category-revista","8":"tag-moda"},"aioseo_notices":[],"aioseo_head":"\n\t\t<!-- All in One SEO Pro 4.9.6.2 - aioseo.com -->\n\t<meta name=\"description\" content=\"Todos tenemos nuestro propio estilo, y la moda alternativa es uno de ellos para millones de personas en todo el mundo. No hablamos de una simple tendencia\" \/>\n\t<meta name=\"robots\" content=\"max-image-preview:large\" \/>\n\t<meta name=\"author\" content=\"Cand\u00e1s 365\"\/>\n\t<meta name=\"google-site-verification\" content=\"UA-32230408-1\" \/>\n\t<meta name=\"msvalidate.01\" content=\"354F3CDFB2DA171B47FBE9ABF1F88D5\" \/>\n\t<meta name=\"keywords\" content=\"revista\" \/>\n\t<link rel=\"canonical\" href=\"https:\/\/candas365.es\/noticias\/moda-alternativa-para-ellos-y-ellas\/\" \/>\n\t<meta name=\"generator\" content=\"All in One SEO Pro (AIOSEO) 4.9.6.2\" \/>\n\t\t<meta property=\"og:locale\" content=\"es_ES\" \/>\n\t\t<meta property=\"og:site_name\" content=\"Cand\u00e1s 365\" \/>\n\t\t<meta property=\"og:type\" content=\"article\" \/>\n\t\t<meta property=\"og:title\" content=\"Moda alternativa para ellos y ellas | Cand\u00e1s 365\" \/>\n\t\t<meta property=\"og:description\" content=\"Todos tenemos nuestro propio estilo, y la moda alternativa es uno de ellos para millones de personas en todo el mundo. No hablamos de una simple tendencia\" \/>\n\t\t<meta property=\"og:url\" content=\"https:\/\/candas365.es\/noticias\/moda-alternativa-para-ellos-y-ellas\/\" \/>\n\t\t<meta property=\"og:image\" content=\"https:\/\/candas365.es\/noticias\/wp-content\/uploads\/2023\/04\/moda-alternativa.jpg\" \/>\n\t\t<meta property=\"og:image:secure_url\" content=\"https:\/\/candas365.es\/noticias\/wp-content\/uploads\/2023\/04\/moda-alternativa.jpg\" \/>\n\t\t<meta property=\"og:image:width\" content=\"728\" \/>\n\t\t<meta property=\"og:image:height\" content=\"491\" \/>\n\t\t<meta property=\"article:published_time\" content=\"2023-04-10T03:25:31+00:00\" \/>\n\t\t<meta property=\"article:modified_time\" content=\"2023-04-10T03:25:31+00:00\" \/>\n\t\t<meta property=\"article:publisher\" content=\"https:\/\/www.facebook.com\/Nachofdezber\" \/>\n\t\t<meta property=\"article:author\" content=\"https:\/\/www.facebook.com\/carrenoactualidad\" \/>\n\t\t<meta name=\"twitter:card\" content=\"summary_large_image\" \/>\n\t\t<meta name=\"twitter:site\" content=\"@NabercoDigital\" \/>\n\t\t<meta name=\"twitter:title\" content=\"Moda alternativa para ellos y ellas | Cand\u00e1s 365\" \/>\n\t\t<meta name=\"twitter:description\" content=\"Todos tenemos nuestro propio estilo, y la moda alternativa es uno de ellos para millones de personas en todo el mundo. No hablamos de una simple tendencia\" \/>\n\t\t<meta name=\"twitter:creator\" content=\"@nbasturias\" \/>\n\t\t<meta name=\"twitter:image\" content=\"https:\/\/candas365.es\/noticias\/wp-content\/uploads\/2023\/04\/moda-alternativa.jpg\" \/>\n\t\t<meta name=\"twitter:label1\" content=\"Escrito por\" \/>\n\t\t<meta name=\"twitter:data1\" content=\"Cand\u00e1s 365\" \/>\n\t\t<meta name=\"twitter:label2\" content=\"Tiempo de lectura estimado\" \/>\n\t\t<meta name=\"twitter:data2\" content=\"3 minutos\" \/>\n\t\t<script type=\"application\/ld+json\" class=\"aioseo-schema\">\n\t\t\t{\"@context\":\"https:\\\/\\\/schema.org\",\"@graph\":[{\"@type\":\"BreadcrumbList\",\"@id\":\"https:\\\/\\\/candas365.es\\\/noticias\\\/moda-alternativa-para-ellos-y-ellas\\\/#breadcrumblist\",\"itemListElement\":[{\"@type\":\"ListItem\",\"@id\":\"https:\\\/\\\/candas365.es\\\/noticias#listItem\",\"position\":1,\"name\":\"Home\",\"item\":\"https:\\\/\\\/candas365.es\\\/noticias\",\"nextItem\":{\"@type\":\"ListItem\",\"@id\":\"https:\\\/\\\/candas365.es\\\/noticias\\\/category\\\/revista\\\/#listItem\",\"name\":\"Revista\"}},{\"@type\":\"ListItem\",\"@id\":\"https:\\\/\\\/candas365.es\\\/noticias\\\/category\\\/revista\\\/#listItem\",\"position\":2,\"name\":\"Revista\",\"item\":\"https:\\\/\\\/candas365.es\\\/noticias\\\/category\\\/revista\\\/\",\"nextItem\":{\"@type\":\"ListItem\",\"@id\":\"https:\\\/\\\/candas365.es\\\/noticias\\\/moda-alternativa-para-ellos-y-ellas\\\/#listItem\",\"name\":\"Moda alternativa para ellos y ellas\"},\"previousItem\":{\"@type\":\"ListItem\",\"@id\":\"https:\\\/\\\/candas365.es\\\/noticias#listItem\",\"name\":\"Home\"}},{\"@type\":\"ListItem\",\"@id\":\"https:\\\/\\\/candas365.es\\\/noticias\\\/moda-alternativa-para-ellos-y-ellas\\\/#listItem\",\"position\":3,\"name\":\"Moda alternativa para ellos y ellas\",\"previousItem\":{\"@type\":\"ListItem\",\"@id\":\"https:\\\/\\\/candas365.es\\\/noticias\\\/category\\\/revista\\\/#listItem\",\"name\":\"Revista\"}}]},{\"@type\":\"NewsArticle\",\"@id\":\"https:\\\/\\\/candas365.es\\\/noticias\\\/moda-alternativa-para-ellos-y-ellas\\\/#newsarticle\",\"name\":\"Moda alternativa para ellos y ellas | Cand\\u00e1s 365\",\"headline\":\"Moda alternativa para ellos y ellas\",\"author\":{\"@id\":\"https:\\\/\\\/candas365.es\\\/noticias\\\/author\\\/admin\\\/#author\"},\"publisher\":{\"@id\":\"https:\\\/\\\/candas365.es\\\/noticias\\\/#organization\"},\"image\":{\"@type\":\"ImageObject\",\"url\":\"https:\\\/\\\/candas365.es\\\/noticias\\\/wp-content\\\/uploads\\\/2023\\\/04\\\/moda-alternativa.jpg\",\"width\":728,\"height\":491,\"caption\":\"moda alternativa\"},\"datePublished\":\"2023-04-10T05:25:31+02:00\",\"dateModified\":\"2023-04-10T05:25:31+02:00\",\"inLanguage\":\"es-ES\",\"mainEntityOfPage\":{\"@id\":\"https:\\\/\\\/candas365.es\\\/noticias\\\/moda-alternativa-para-ellos-y-ellas\\\/#webpage\"},\"isPartOf\":{\"@id\":\"https:\\\/\\\/candas365.es\\\/noticias\\\/moda-alternativa-para-ellos-y-ellas\\\/#webpage\"},\"articleSection\":\"Revista, moda\",\"dateline\":\"Publicado el abril 10, 2023.\"},{\"@type\":\"Organization\",\"@id\":\"https:\\\/\\\/candas365.es\\\/noticias\\\/#organization\",\"name\":\"Cand\\u00e1s 365\",\"description\":\"Cand\\u00e1s 365 es un diario digital independiente, fundado en 2012, con base en Asturias. Informamos con rigor sobre actualidad, sociedad, cultura y ocio, con una mirada local y global.\",\"url\":\"https:\\\/\\\/candas365.es\\\/noticias\\\/\",\"email\":\"info@candas365.es\",\"telephone\":\"+34652131393\",\"foundingDate\":\"2012-06-10\",\"logo\":{\"@type\":\"ImageObject\",\"url\":\"https:\\\/\\\/candas365.es\\\/noticias\\\/wp-content\\\/uploads\\\/2024\\\/09\\\/Candas-365-Redes.jpg\",\"@id\":\"https:\\\/\\\/candas365.es\\\/noticias\\\/moda-alternativa-para-ellos-y-ellas\\\/#organizationLogo\",\"width\":1152,\"height\":864,\"caption\":\"Cand\\u00e1s 365 Redes\"},\"image\":{\"@id\":\"https:\\\/\\\/candas365.es\\\/noticias\\\/moda-alternativa-para-ellos-y-ellas\\\/#organizationLogo\"},\"sameAs\":[\"https:\\\/\\\/www.facebook.com\\\/Nachofdezber\",\"https:\\\/\\\/x.com\\\/NabercoDigital\",\"https:\\\/\\\/www.instagram.com\\\/nachofdezber\\\/\",\"https:\\\/\\\/www.youtube.com\\\/channel\\\/UCZP-2wLEB9Rv6erhFmqVnvg\"],\"address\":{\"@id\":\"https:\\\/\\\/candas365.es\\\/noticias\\\/#postaladdress\",\"@type\":\"PostalAddress\",\"streetAddress\":\"san antonio 4, san antonio 4\",\"postalCode\":\"33430\",\"addressLocality\":\"Cand\\u00e1s\",\"addressRegion\":\"Asturias\",\"addressCountry\":\"ES\"}},{\"@type\":\"Person\",\"@id\":\"https:\\\/\\\/candas365.es\\\/noticias\\\/author\\\/admin\\\/#author\",\"url\":\"https:\\\/\\\/candas365.es\\\/noticias\\\/author\\\/admin\\\/\",\"name\":\"Cand\\u00e1s 365\",\"image\":{\"@type\":\"ImageObject\",\"@id\":\"https:\\\/\\\/candas365.es\\\/noticias\\\/moda-alternativa-para-ellos-y-ellas\\\/#authorImage\",\"url\":\"https:\\\/\\\/secure.gravatar.com\\\/avatar\\\/496a8e03d0c493ede1718b7934145dbdf8d89be1036b0eec9544e1094c9de390?s=96&d=mm&r=g\",\"width\":96,\"height\":96,\"caption\":\"Cand\\u00e1s 365\"},\"sameAs\":[\"https:\\\/\\\/www.facebook.com\\\/carrenoactualidad\",\"https:\\\/\\\/twitter.com\\\/nbasturias\",\"https:\\\/\\\/www.instagram.com\\\/nachofdezber\\\/\",\"https:\\\/\\\/www.youtube.com\\\/channel\\\/UCZP-2wLEB9Rv6erhFmqVnvg\"]},{\"@type\":\"WebPage\",\"@id\":\"https:\\\/\\\/candas365.es\\\/noticias\\\/moda-alternativa-para-ellos-y-ellas\\\/#webpage\",\"url\":\"https:\\\/\\\/candas365.es\\\/noticias\\\/moda-alternativa-para-ellos-y-ellas\\\/\",\"name\":\"Moda alternativa para ellos y ellas | Cand\\u00e1s 365\",\"description\":\"Todos tenemos nuestro propio estilo, y la moda alternativa es uno de ellos para millones de personas en todo el mundo. No hablamos de una simple tendencia\",\"inLanguage\":\"es-ES\",\"isPartOf\":{\"@id\":\"https:\\\/\\\/candas365.es\\\/noticias\\\/#website\"},\"breadcrumb\":{\"@id\":\"https:\\\/\\\/candas365.es\\\/noticias\\\/moda-alternativa-para-ellos-y-ellas\\\/#breadcrumblist\"},\"author\":{\"@id\":\"https:\\\/\\\/candas365.es\\\/noticias\\\/author\\\/admin\\\/#author\"},\"creator\":{\"@id\":\"https:\\\/\\\/candas365.es\\\/noticias\\\/author\\\/admin\\\/#author\"},\"image\":{\"@type\":\"ImageObject\",\"url\":\"https:\\\/\\\/candas365.es\\\/noticias\\\/wp-content\\\/uploads\\\/2023\\\/04\\\/moda-alternativa.jpg\",\"@id\":\"https:\\\/\\\/candas365.es\\\/noticias\\\/moda-alternativa-para-ellos-y-ellas\\\/#mainImage\",\"width\":728,\"height\":491,\"caption\":\"moda alternativa\"},\"primaryImageOfPage\":{\"@id\":\"https:\\\/\\\/candas365.es\\\/noticias\\\/moda-alternativa-para-ellos-y-ellas\\\/#mainImage\"},\"datePublished\":\"2023-04-10T05:25:31+02:00\",\"dateModified\":\"2023-04-10T05:25:31+02:00\"},{\"@type\":\"WebSite\",\"@id\":\"https:\\\/\\\/candas365.es\\\/noticias\\\/#website\",\"url\":\"https:\\\/\\\/candas365.es\\\/noticias\\\/\",\"name\":\"Cand\\u00e1s 365\",\"alternateName\":\"Cand\\u00e1s 365 Noticias\",\"description\":\"Actualidad desde Carre\\u00f1o para el mundo\",\"inLanguage\":\"es-ES\",\"publisher\":{\"@id\":\"https:\\\/\\\/candas365.es\\\/noticias\\\/#organization\"}}]}\n\t\t<\/script>\n\t\t<!-- All in One SEO Pro -->\r\n\t\t<title>Moda alternativa para ellos y ellas | Cand\u00e1s 365<\/title>\n\n","aioseo_head_json":{"title":"Moda alternativa para ellos y ellas | Cand\u00e1s 365","description":"Todos tenemos nuestro propio estilo, y la moda alternativa es uno de ellos para millones de personas en todo el mundo. No hablamos de una simple tendencia","canonical_url":"https:\/\/candas365.es\/noticias\/moda-alternativa-para-ellos-y-ellas\/","robots":"max-image-preview:large","keywords":"revista","webmasterTools":{"google-site-verification":"UA-32230408-1","msvalidate.01":"354F3CDFB2DA171B47FBE9ABF1F88D5","miscellaneous":""},"schema":{"@context":"https:\/\/schema.org","@graph":[{"@type":"BreadcrumbList","@id":"https:\/\/candas365.es\/noticias\/moda-alternativa-para-ellos-y-ellas\/#breadcrumblist","itemListElement":[{"@type":"ListItem","@id":"https:\/\/candas365.es\/noticias#listItem","position":1,"name":"Home","item":"https:\/\/candas365.es\/noticias","nextItem":{"@type":"ListItem","@id":"https:\/\/candas365.es\/noticias\/category\/revista\/#listItem","name":"Revista"}},{"@type":"ListItem","@id":"https:\/\/candas365.es\/noticias\/category\/revista\/#listItem","position":2,"name":"Revista","item":"https:\/\/candas365.es\/noticias\/category\/revista\/","nextItem":{"@type":"ListItem","@id":"https:\/\/candas365.es\/noticias\/moda-alternativa-para-ellos-y-ellas\/#listItem","name":"Moda alternativa para ellos y ellas"},"previousItem":{"@type":"ListItem","@id":"https:\/\/candas365.es\/noticias#listItem","name":"Home"}},{"@type":"ListItem","@id":"https:\/\/candas365.es\/noticias\/moda-alternativa-para-ellos-y-ellas\/#listItem","position":3,"name":"Moda alternativa para ellos y ellas","previousItem":{"@type":"ListItem","@id":"https:\/\/candas365.es\/noticias\/category\/revista\/#listItem","name":"Revista"}}]},{"@type":"NewsArticle","@id":"https:\/\/candas365.es\/noticias\/moda-alternativa-para-ellos-y-ellas\/#newsarticle","name":"Moda alternativa para ellos y ellas | Cand\u00e1s 365","headline":"Moda alternativa para ellos y ellas","author":{"@id":"https:\/\/candas365.es\/noticias\/author\/admin\/#author"},"publisher":{"@id":"https:\/\/candas365.es\/noticias\/#organization"},"image":{"@type":"ImageObject","url":"https:\/\/candas365.es\/noticias\/wp-content\/uploads\/2023\/04\/moda-alternativa.jpg","width":728,"height":491,"caption":"moda alternativa"},"datePublished":"2023-04-10T05:25:31+02:00","dateModified":"2023-04-10T05:25:31+02:00","inLanguage":"es-ES","mainEntityOfPage":{"@id":"https:\/\/candas365.es\/noticias\/moda-alternativa-para-ellos-y-ellas\/#webpage"},"isPartOf":{"@id":"https:\/\/candas365.es\/noticias\/moda-alternativa-para-ellos-y-ellas\/#webpage"},"articleSection":"Revista, moda","dateline":"Publicado el abril 10, 2023."},{"@type":"Organization","@id":"https:\/\/candas365.es\/noticias\/#organization","name":"Cand\u00e1s 365","description":"Cand\u00e1s 365 es un diario digital independiente, fundado en 2012, con base en Asturias. Informamos con rigor sobre actualidad, sociedad, cultura y ocio, con una mirada local y global.","url":"https:\/\/candas365.es\/noticias\/","email":"info@candas365.es","telephone":"+34652131393","foundingDate":"2012-06-10","logo":{"@type":"ImageObject","url":"https:\/\/candas365.es\/noticias\/wp-content\/uploads\/2024\/09\/Candas-365-Redes.jpg","@id":"https:\/\/candas365.es\/noticias\/moda-alternativa-para-ellos-y-ellas\/#organizationLogo","width":1152,"height":864,"caption":"Cand\u00e1s 365 Redes"},"image":{"@id":"https:\/\/candas365.es\/noticias\/moda-alternativa-para-ellos-y-ellas\/#organizationLogo"},"sameAs":["https:\/\/www.facebook.com\/Nachofdezber","https:\/\/x.com\/NabercoDigital","https:\/\/www.instagram.com\/nachofdezber\/","https:\/\/www.youtube.com\/channel\/UCZP-2wLEB9Rv6erhFmqVnvg"],"address":{"@id":"https:\/\/candas365.es\/noticias\/#postaladdress","@type":"PostalAddress","streetAddress":"san antonio 4, san antonio 4","postalCode":"33430","addressLocality":"Cand\u00e1s","addressRegion":"Asturias","addressCountry":"ES"}},{"@type":"Person","@id":"https:\/\/candas365.es\/noticias\/author\/admin\/#author","url":"https:\/\/candas365.es\/noticias\/author\/admin\/","name":"Cand\u00e1s 365","image":{"@type":"ImageObject","@id":"https:\/\/candas365.es\/noticias\/moda-alternativa-para-ellos-y-ellas\/#authorImage","url":"https:\/\/secure.gravatar.com\/avatar\/496a8e03d0c493ede1718b7934145dbdf8d89be1036b0eec9544e1094c9de390?s=96&d=mm&r=g","width":96,"height":96,"caption":"Cand\u00e1s 365"},"sameAs":["https:\/\/www.facebook.com\/carrenoactualidad","https:\/\/twitter.com\/nbasturias","https:\/\/www.instagram.com\/nachofdezber\/","https:\/\/www.youtube.com\/channel\/UCZP-2wLEB9Rv6erhFmqVnvg"]},{"@type":"WebPage","@id":"https:\/\/candas365.es\/noticias\/moda-alternativa-para-ellos-y-ellas\/#webpage","url":"https:\/\/candas365.es\/noticias\/moda-alternativa-para-ellos-y-ellas\/","name":"Moda alternativa para ellos y ellas | Cand\u00e1s 365","description":"Todos tenemos nuestro propio estilo, y la moda alternativa es uno de ellos para millones de personas en todo el mundo. No hablamos de una simple tendencia","inLanguage":"es-ES","isPartOf":{"@id":"https:\/\/candas365.es\/noticias\/#website"},"breadcrumb":{"@id":"https:\/\/candas365.es\/noticias\/moda-alternativa-para-ellos-y-ellas\/#breadcrumblist"},"author":{"@id":"https:\/\/candas365.es\/noticias\/author\/admin\/#author"},"creator":{"@id":"https:\/\/candas365.es\/noticias\/author\/admin\/#author"},"image":{"@type":"ImageObject","url":"https:\/\/candas365.es\/noticias\/wp-content\/uploads\/2023\/04\/moda-alternativa.jpg","@id":"https:\/\/candas365.es\/noticias\/moda-alternativa-para-ellos-y-ellas\/#mainImage","width":728,"height":491,"caption":"moda alternativa"},"primaryImageOfPage":{"@id":"https:\/\/candas365.es\/noticias\/moda-alternativa-para-ellos-y-ellas\/#mainImage"},"datePublished":"2023-04-10T05:25:31+02:00","dateModified":"2023-04-10T05:25:31+02:00"},{"@type":"WebSite","@id":"https:\/\/candas365.es\/noticias\/#website","url":"https:\/\/candas365.es\/noticias\/","name":"Cand\u00e1s 365","alternateName":"Cand\u00e1s 365 Noticias","description":"Actualidad desde Carre\u00f1o para el mundo","inLanguage":"es-ES","publisher":{"@id":"https:\/\/candas365.es\/noticias\/#organization"}}]},"og:locale":"es_ES","og:site_name":"Cand\u00e1s 365","og:type":"article","og:title":"Moda alternativa para ellos y ellas | Cand\u00e1s 365","og:description":"Todos tenemos nuestro propio estilo, y la moda alternativa es uno de ellos para millones de personas en todo el mundo. No hablamos de una simple tendencia","og:url":"https:\/\/candas365.es\/noticias\/moda-alternativa-para-ellos-y-ellas\/","og:image":"https:\/\/candas365.es\/noticias\/wp-content\/uploads\/2023\/04\/moda-alternativa.jpg","og:image:secure_url":"https:\/\/candas365.es\/noticias\/wp-content\/uploads\/2023\/04\/moda-alternativa.jpg","og:image:width":728,"og:image:height":491,"article:published_time":"2023-04-10T03:25:31+00:00","article:modified_time":"2023-04-10T03:25:31+00:00","article:publisher":"https:\/\/www.facebook.com\/Nachofdezber","article:author":"https:\/\/www.facebook.com\/carrenoactualidad","twitter:card":"summary_large_image","twitter:site":"@NabercoDigital","twitter:title":"Moda alternativa para ellos y ellas | Cand\u00e1s 365","twitter:description":"Todos tenemos nuestro propio estilo, y la moda alternativa es uno de ellos para millones de personas en todo el mundo. No hablamos de una simple tendencia","twitter:creator":"@nbasturias","twitter:image":"https:\/\/candas365.es\/noticias\/wp-content\/uploads\/2023\/04\/moda-alternativa.jpg","twitter:label1":"Escrito por","twitter:data1":"Cand\u00e1s 365","twitter:label2":"Tiempo de lectura estimado","twitter:data2":"3 minutos"},"aioseo_meta_data":{"post_id":"173098","title":null,"description":"Todos tenemos nuestro propio estilo, y la moda alternativa es uno de ellos para millones de personas en todo el mundo. No hablamos de una simple tendencia","keywords":[],"keyphrases":{"focus":{"keyphrase":"moda ","score":83,"analysis":{"keyphraseInTitle":{"score":9,"maxScore":9,"error":0},"keyphraseInDescription":{"score":9,"maxScore":9,"error":0},"keyphraseLength":{"score":9,"maxScore":9,"error":0,"length":1},"keyphraseInURL":{"score":1,"maxScore":5,"error":1},"keyphraseInIntroduction":{"score":9,"maxScore":9,"error":0},"keyphraseInSubHeadings":{"score":3,"maxScore":9,"error":1},"keyphraseInImageAlt":{"score":9,"maxScore":9,"error":0}}},"additional":[{"keyphrase":"la moda alternativa","score":83,"analysis":{"keyphraseInDescription":{"score":9,"maxScore":9,"error":0},"keyphraseLength":{"score":9,"maxScore":9,"error":0,"length":3},"keyphraseInIntroduction":{"score":9,"maxScore":9,"error":0},"keyphraseInImageAlt":{"score":3,"maxScore":9,"error":1}}},{"keyphrase":"moda alternativa","score":100,"analysis":{"keyphraseInDescription":{"score":9,"maxScore":9,"error":0},"keyphraseLength":{"score":9,"maxScore":9,"error":0,"length":2},"keyphraseInIntroduction":{"score":9,"maxScore":9,"error":0},"keyphraseInImageAlt":{"score":9,"maxScore":9,"error":0}}},{"keyphrase":"moda ","score":100,"analysis":{"keyphraseInDescription":{"score":9,"maxScore":9,"error":0},"keyphraseLength":{"score":9,"maxScore":9,"error":0,"length":1},"keyphraseInIntroduction":{"score":9,"maxScore":9,"error":0},"keyphraseInImageAlt":{"score":9,"maxScore":9,"error":0}}}]},"primary_term":null,"canonical_url":null,"og_title":null,"og_description":null,"og_object_type":"default","og_image_type":"default","og_image_url":null,"og_image_width":null,"og_image_height":null,"og_image_custom_url":null,"og_image_custom_fields":null,"og_video":"","og_custom_url":null,"og_article_section":null,"og_article_tags":[],"twitter_use_og":false,"twitter_card":"default","twitter_image_type":"default","twitter_image_url":null,"twitter_image_custom_url":null,"twitter_image_custom_fields":null,"twitter_title":null,"twitter_description":null,"schema":{"blockGraphs":[],"customGraphs":[],"default":{"data":{"Article":[],"Course":[],"Dataset":[],"FAQPage":[],"Movie":[],"Person":[],"Product":[],"ProductReview":[],"Car":[],"Recipe":[],"Service":[],"SoftwareApplication":[],"WebPage":[]},"graphName":"Article","isEnabled":true},"graphs":[]},"schema_type":"default","schema_type_options":null,"pillar_content":false,"robots_default":true,"robots_noindex":false,"robots_noarchive":false,"robots_nosnippet":false,"robots_nofollow":false,"robots_noimageindex":false,"robots_noodp":false,"robots_notranslate":false,"robots_max_snippet":"-1","robots_max_videopreview":"-1","robots_max_imagepreview":"large","priority":null,"frequency":"default","location":null,"local_seo":null,"seo_analyzer_scan_date":"2025-09-01 20:11:08","breadcrumb_settings":null,"limit_modified_date":false,"reviewed_by":null,"open_ai":"{\"title\":{\"suggestions\":[],\"usage\":0},\"description\":{\"suggestions\":[],\"usage\":0}}","ai":null,"created":"2023-04-10 03:13:32","updated":"2025-09-01 20:11:08"},"aioseo_breadcrumb":"<div class=\"aioseo-breadcrumbs\"><span class=\"aioseo-breadcrumb\">\n\t<a href=\"https:\/\/candas365.es\/noticias\" title=\"Home\">Home<\/a>\n<\/span><span class=\"aioseo-breadcrumb-separator\">&ndash;<\/span><span class=\"aioseo-breadcrumb\">\n\t<a href=\"https:\/\/candas365.es\/noticias\/category\/revista\/\" title=\"Revista\">Revista<\/a>\n<\/span><span class=\"aioseo-breadcrumb-separator\">&ndash;<\/span><span class=\"aioseo-breadcrumb\">\n\tModa alternativa para ellos y ellas\n<\/span><\/div>","aioseo_breadcrumb_json":[{"label":"Home","link":"https:\/\/candas365.es\/noticias"},{"label":"Revista","link":"https:\/\/candas365.es\/noticias\/category\/revista\/"},{"label":"Moda alternativa para ellos y ellas","link":"https:\/\/candas365.es\/noticias\/moda-alternativa-para-ellos-y-ellas\/"}],"_links":{"self":[{"href":"https:\/\/candas365.es\/noticias\/wp-json\/wp\/v2\/posts\/173098","targetHints":{"allow":["GET"]}}],"collection":[{"href":"https:\/\/candas365.es\/noticias\/wp-json\/wp\/v2\/posts"}],"about":[{"href":"https:\/\/candas365.es\/noticias\/wp-json\/wp\/v2\/types\/post"}],"author":[{"embeddable":true,"href":"https:\/\/candas365.es\/noticias\/wp-json\/wp\/v2\/users\/1"}],"replies":[{"embeddable":true,"href":"https:\/\/candas365.es\/noticias\/wp-json\/wp\/v2\/comments?post=173098"}],"version-history":[{"count":0,"href":"https:\/\/candas365.es\/noticias\/wp-json\/wp\/v2\/posts\/173098\/revisions"}],"wp:featuredmedia":[{"embeddable":true,"href":"https:\/\/candas365.es\/noticias\/wp-json\/wp\/v2\/media\/173099"}],"wp:attachment":[{"href":"https:\/\/candas365.es\/noticias\/wp-json\/wp\/v2\/media?parent=173098"}],"wp:term":[{"taxonomy":"category","embeddable":true,"href":"https:\/\/candas365.es\/noticias\/wp-json\/wp\/v2\/categories?post=173098"},{"taxonomy":"post_tag","embeddable":true,"href":"https:\/\/candas365.es\/noticias\/wp-json\/wp\/v2\/tags?post=173098"}],"curies":[{"name":"wp","href":"https:\/\/api.w.org\/{rel}","templated":true}]}}