{"id":172913,"date":"2023-04-05T05:45:58","date_gmt":"2023-04-05T03:45:58","guid":{"rendered":"https:\/\/candas365.es\/noticias\/?p=172913"},"modified":"2023-04-05T05:45:58","modified_gmt":"2023-04-05T03:45:58","slug":"senda-del-faro-en-candas","status":"publish","type":"post","link":"https:\/\/candas365.es\/noticias\/senda-del-faro-en-candas\/","title":{"rendered":"Senda del Faro en Cand\u00e1s"},"content":{"rendered":"<p>Uno de los muchos lugares que realmente vale la pena visitar, ya seas turista o residente, en <a href=\"https:\/\/candas365.es\/noticias\/category\/noticias-carreno\/\"><span style=\"color: #ff6600;\"><strong>Cand\u00e1s<\/strong><\/span><\/a> es la senda que lleva desde la Capilla de San Antonio hasta el Faro de Cand\u00e1s, es un lugar en el que podr\u00e1s sentirte en pleno contacto con la naturaleza y a la vez sentir el sonido del mar.<\/p>\n<figure id=\"attachment_172914\" aria-describedby=\"caption-attachment-172914\" style=\"width: 634px\" class=\"wp-caption aligncenter\"><img fetchpriority=\"high\" decoding=\"async\" class=\"wp-image-172914 size-large\" src=\"https:\/\/candas365.es\/noticias\/wp-content\/uploads\/2023\/04\/Senda-del-Faro-634x480.jpg\" alt=\"Senda del Faro\" width=\"634\" height=\"480\" srcset=\"https:\/\/candas365.es\/noticias\/wp-content\/uploads\/2023\/04\/Senda-del-Faro-634x480.jpg 634w, https:\/\/candas365.es\/noticias\/wp-content\/uploads\/2023\/04\/Senda-del-Faro-360x273.jpg 360w, https:\/\/candas365.es\/noticias\/wp-content\/uploads\/2023\/04\/Senda-del-Faro-768x581.jpg 768w, https:\/\/candas365.es\/noticias\/wp-content\/uploads\/2023\/04\/Senda-del-Faro-150x114.jpg 150w, https:\/\/candas365.es\/noticias\/wp-content\/uploads\/2023\/04\/Senda-del-Faro-450x341.jpg 450w, https:\/\/candas365.es\/noticias\/wp-content\/uploads\/2023\/04\/Senda-del-Faro.jpg 885w\" sizes=\"(max-width: 634px) 100vw, 634px\" \/><figcaption id=\"caption-attachment-172914\" class=\"wp-caption-text\">Goto: N.Berm\u00fadez \/ Cand\u00e1s 365<\/figcaption><\/figure>\n<p>El camino que te mostramos es de unos pocos metros y te llevar\u00e1 a una zona con mesas, palmeras, miradores y unas vistas espectaculares de la costa de Cand\u00e1s, Goz\u00f3n y Gij\u00f3n.<\/p>\n","protected":false},"excerpt":{"rendered":"<p>Uno de los muchos lugares que realmente vale la pena visitar, ya seas turista o residente, en Cand\u00e1s es la senda que lleva desde la Capilla de San Antonio hasta el Faro de Cand\u00e1s, es un lugar en el que podr\u00e1s sentirte en pleno contacto con la naturaleza y a la vez sentir el sonido<\/p>\n","protected":false},"author":1,"featured_media":172914,"comment_status":"closed","ping_status":"closed","sticky":false,"template":"","format":"image","meta":{"footnotes":""},"categories":[528],"tags":[366,412],"class_list":{"0":"post-172913","1":"post","2":"type-post","3":"status-publish","4":"format-image","5":"has-post-thumbnail","7":"category-galeria-365","8":"tag-candas","9":"tag-turismo","10":"post_format-post-format-image"},"aioseo_notices":[],"aioseo_head":"\n\t\t<!-- All in One SEO Pro 4.9.6.2 - aioseo.com -->\n\t<meta name=\"description\" content=\"Uno de los muchos lugares que realmente vale la pena visitar, ya seas turista o residente, en Cand\u00e1s es la senda que lleva desde la Capilla de San Antonio\" \/>\n\t<meta name=\"robots\" content=\"max-image-preview:large\" \/>\n\t<meta name=\"author\" content=\"Cand\u00e1s 365\"\/>\n\t<meta name=\"google-site-verification\" content=\"UA-32230408-1\" \/>\n\t<meta name=\"msvalidate.01\" content=\"354F3CDFB2DA171B47FBE9ABF1F88D5\" \/>\n\t<meta name=\"keywords\" content=\"galer\u00eda 365\" \/>\n\t<link rel=\"canonical\" href=\"https:\/\/candas365.es\/noticias\/senda-del-faro-en-candas\/\" \/>\n\t<meta name=\"generator\" content=\"All in One SEO Pro (AIOSEO) 4.9.6.2\" \/>\n\t\t<meta property=\"og:locale\" content=\"es_ES\" \/>\n\t\t<meta property=\"og:site_name\" content=\"Cand\u00e1s 365\" \/>\n\t\t<meta property=\"og:type\" content=\"article\" \/>\n\t\t<meta property=\"og:title\" content=\"Senda del Faro en Cand\u00e1s | Cand\u00e1s 365\" \/>\n\t\t<meta property=\"og:description\" content=\"Uno de los muchos lugares que realmente vale la pena visitar, ya seas turista o residente, en Cand\u00e1s es la senda que lleva desde la Capilla de San Antonio\" \/>\n\t\t<meta property=\"og:url\" content=\"https:\/\/candas365.es\/noticias\/senda-del-faro-en-candas\/\" \/>\n\t\t<meta property=\"og:image\" content=\"https:\/\/candas365.es\/noticias\/wp-content\/uploads\/2023\/04\/Senda-del-Faro.jpg\" \/>\n\t\t<meta property=\"og:image:secure_url\" content=\"https:\/\/candas365.es\/noticias\/wp-content\/uploads\/2023\/04\/Senda-del-Faro.jpg\" \/>\n\t\t<meta property=\"og:image:width\" content=\"885\" \/>\n\t\t<meta property=\"og:image:height\" content=\"670\" \/>\n\t\t<meta property=\"article:published_time\" content=\"2023-04-05T03:45:58+00:00\" \/>\n\t\t<meta property=\"article:modified_time\" content=\"2023-04-05T03:45:58+00:00\" \/>\n\t\t<meta property=\"article:publisher\" content=\"https:\/\/www.facebook.com\/Nachofdezber\" \/>\n\t\t<meta property=\"article:author\" content=\"https:\/\/www.facebook.com\/carrenoactualidad\" \/>\n\t\t<meta name=\"twitter:card\" content=\"summary_large_image\" \/>\n\t\t<meta name=\"twitter:site\" content=\"@NabercoDigital\" \/>\n\t\t<meta name=\"twitter:title\" content=\"Senda del Faro en Cand\u00e1s | Cand\u00e1s 365\" \/>\n\t\t<meta name=\"twitter:description\" content=\"Uno de los muchos lugares que realmente vale la pena visitar, ya seas turista o residente, en Cand\u00e1s es la senda que lleva desde la Capilla de San Antonio\" \/>\n\t\t<meta name=\"twitter:creator\" content=\"@nbasturias\" \/>\n\t\t<meta name=\"twitter:image\" content=\"https:\/\/candas365.es\/noticias\/wp-content\/uploads\/2023\/04\/Senda-del-Faro.jpg\" \/>\n\t\t<meta name=\"twitter:label1\" content=\"Escrito por\" \/>\n\t\t<meta name=\"twitter:data1\" content=\"Cand\u00e1s 365\" \/>\n\t\t<meta name=\"twitter:label2\" content=\"Tiempo de lectura estimado\" \/>\n\t\t<meta name=\"twitter:data2\" content=\"1 minuto\" \/>\n\t\t<script type=\"application\/ld+json\" class=\"aioseo-schema\">\n\t\t\t{\"@context\":\"https:\\\/\\\/schema.org\",\"@graph\":[{\"@type\":\"BreadcrumbList\",\"@id\":\"https:\\\/\\\/candas365.es\\\/noticias\\\/senda-del-faro-en-candas\\\/#breadcrumblist\",\"itemListElement\":[{\"@type\":\"ListItem\",\"@id\":\"https:\\\/\\\/candas365.es\\\/noticias#listItem\",\"position\":1,\"name\":\"Home\",\"item\":\"https:\\\/\\\/candas365.es\\\/noticias\",\"nextItem\":{\"@type\":\"ListItem\",\"@id\":\"https:\\\/\\\/candas365.es\\\/noticias\\\/category\\\/galeria-365\\\/#listItem\",\"name\":\"Galer\\u00eda 365\"}},{\"@type\":\"ListItem\",\"@id\":\"https:\\\/\\\/candas365.es\\\/noticias\\\/category\\\/galeria-365\\\/#listItem\",\"position\":2,\"name\":\"Galer\\u00eda 365\",\"item\":\"https:\\\/\\\/candas365.es\\\/noticias\\\/category\\\/galeria-365\\\/\",\"nextItem\":{\"@type\":\"ListItem\",\"@id\":\"https:\\\/\\\/candas365.es\\\/noticias\\\/senda-del-faro-en-candas\\\/#listItem\",\"name\":\"Senda del Faro en Cand\\u00e1s\"},\"previousItem\":{\"@type\":\"ListItem\",\"@id\":\"https:\\\/\\\/candas365.es\\\/noticias#listItem\",\"name\":\"Home\"}},{\"@type\":\"ListItem\",\"@id\":\"https:\\\/\\\/candas365.es\\\/noticias\\\/senda-del-faro-en-candas\\\/#listItem\",\"position\":3,\"name\":\"Senda del Faro en Cand\\u00e1s\",\"previousItem\":{\"@type\":\"ListItem\",\"@id\":\"https:\\\/\\\/candas365.es\\\/noticias\\\/category\\\/galeria-365\\\/#listItem\",\"name\":\"Galer\\u00eda 365\"}}]},{\"@type\":\"NewsArticle\",\"@id\":\"https:\\\/\\\/candas365.es\\\/noticias\\\/senda-del-faro-en-candas\\\/#newsarticle\",\"name\":\"Senda del Faro en Cand\\u00e1s | Cand\\u00e1s 365\",\"headline\":\"Senda del Faro en Cand\\u00e1s\",\"author\":{\"@id\":\"https:\\\/\\\/candas365.es\\\/noticias\\\/author\\\/admin\\\/#author\"},\"publisher\":{\"@id\":\"https:\\\/\\\/candas365.es\\\/noticias\\\/#organization\"},\"image\":{\"@type\":\"ImageObject\",\"url\":\"https:\\\/\\\/candas365.es\\\/noticias\\\/wp-content\\\/uploads\\\/2023\\\/04\\\/Senda-del-Faro.jpg\",\"width\":885,\"height\":670,\"caption\":\"Foto: N.Berm\\u00fadez \\\/ Cand\\u00e1s 365\"},\"datePublished\":\"2023-04-05T05:45:58+02:00\",\"dateModified\":\"2023-04-05T05:45:58+02:00\",\"inLanguage\":\"es-ES\",\"mainEntityOfPage\":{\"@id\":\"https:\\\/\\\/candas365.es\\\/noticias\\\/senda-del-faro-en-candas\\\/#webpage\"},\"isPartOf\":{\"@id\":\"https:\\\/\\\/candas365.es\\\/noticias\\\/senda-del-faro-en-candas\\\/#webpage\"},\"articleSection\":\"Galer\\u00eda 365, Cand\\u00e1s, turismo, Imagen\",\"dateline\":\"Publicado el abril 5, 2023.\"},{\"@type\":\"Organization\",\"@id\":\"https:\\\/\\\/candas365.es\\\/noticias\\\/#organization\",\"name\":\"Cand\\u00e1s 365\",\"description\":\"Cand\\u00e1s 365 es un diario digital independiente, fundado en 2012, con base en Asturias. Informamos con rigor sobre actualidad, sociedad, cultura y ocio, con una mirada local y global.\",\"url\":\"https:\\\/\\\/candas365.es\\\/noticias\\\/\",\"email\":\"info@candas365.es\",\"telephone\":\"+34652131393\",\"foundingDate\":\"2012-06-10\",\"logo\":{\"@type\":\"ImageObject\",\"url\":\"https:\\\/\\\/candas365.es\\\/noticias\\\/wp-content\\\/uploads\\\/2024\\\/09\\\/Candas-365-Redes.jpg\",\"@id\":\"https:\\\/\\\/candas365.es\\\/noticias\\\/senda-del-faro-en-candas\\\/#organizationLogo\",\"width\":1152,\"height\":864,\"caption\":\"Cand\\u00e1s 365 Redes\"},\"image\":{\"@id\":\"https:\\\/\\\/candas365.es\\\/noticias\\\/senda-del-faro-en-candas\\\/#organizationLogo\"},\"sameAs\":[\"https:\\\/\\\/www.facebook.com\\\/Nachofdezber\",\"https:\\\/\\\/x.com\\\/NabercoDigital\",\"https:\\\/\\\/www.instagram.com\\\/nachofdezber\\\/\",\"https:\\\/\\\/www.youtube.com\\\/channel\\\/UCZP-2wLEB9Rv6erhFmqVnvg\"],\"address\":{\"@id\":\"https:\\\/\\\/candas365.es\\\/noticias\\\/#postaladdress\",\"@type\":\"PostalAddress\",\"streetAddress\":\"san antonio 4, san antonio 4\",\"postalCode\":\"33430\",\"addressLocality\":\"Cand\\u00e1s\",\"addressRegion\":\"Asturias\",\"addressCountry\":\"ES\"}},{\"@type\":\"Person\",\"@id\":\"https:\\\/\\\/candas365.es\\\/noticias\\\/author\\\/admin\\\/#author\",\"url\":\"https:\\\/\\\/candas365.es\\\/noticias\\\/author\\\/admin\\\/\",\"name\":\"Cand\\u00e1s 365\",\"image\":{\"@type\":\"ImageObject\",\"@id\":\"https:\\\/\\\/candas365.es\\\/noticias\\\/senda-del-faro-en-candas\\\/#authorImage\",\"url\":\"https:\\\/\\\/secure.gravatar.com\\\/avatar\\\/496a8e03d0c493ede1718b7934145dbdf8d89be1036b0eec9544e1094c9de390?s=96&d=mm&r=g\",\"width\":96,\"height\":96,\"caption\":\"Cand\\u00e1s 365\"},\"sameAs\":[\"https:\\\/\\\/www.facebook.com\\\/carrenoactualidad\",\"https:\\\/\\\/twitter.com\\\/nbasturias\",\"https:\\\/\\\/www.instagram.com\\\/nachofdezber\\\/\",\"https:\\\/\\\/www.youtube.com\\\/channel\\\/UCZP-2wLEB9Rv6erhFmqVnvg\"]},{\"@type\":\"WebPage\",\"@id\":\"https:\\\/\\\/candas365.es\\\/noticias\\\/senda-del-faro-en-candas\\\/#webpage\",\"url\":\"https:\\\/\\\/candas365.es\\\/noticias\\\/senda-del-faro-en-candas\\\/\",\"name\":\"Senda del Faro en Cand\\u00e1s | Cand\\u00e1s 365\",\"description\":\"Uno de los muchos lugares que realmente vale la pena visitar, ya seas turista o residente, en Cand\\u00e1s es la senda que lleva desde la Capilla de San Antonio\",\"inLanguage\":\"es-ES\",\"isPartOf\":{\"@id\":\"https:\\\/\\\/candas365.es\\\/noticias\\\/#website\"},\"breadcrumb\":{\"@id\":\"https:\\\/\\\/candas365.es\\\/noticias\\\/senda-del-faro-en-candas\\\/#breadcrumblist\"},\"author\":{\"@id\":\"https:\\\/\\\/candas365.es\\\/noticias\\\/author\\\/admin\\\/#author\"},\"creator\":{\"@id\":\"https:\\\/\\\/candas365.es\\\/noticias\\\/author\\\/admin\\\/#author\"},\"image\":{\"@type\":\"ImageObject\",\"url\":\"https:\\\/\\\/candas365.es\\\/noticias\\\/wp-content\\\/uploads\\\/2023\\\/04\\\/Senda-del-Faro.jpg\",\"@id\":\"https:\\\/\\\/candas365.es\\\/noticias\\\/senda-del-faro-en-candas\\\/#mainImage\",\"width\":885,\"height\":670,\"caption\":\"Foto: N.Berm\\u00fadez \\\/ Cand\\u00e1s 365\"},\"primaryImageOfPage\":{\"@id\":\"https:\\\/\\\/candas365.es\\\/noticias\\\/senda-del-faro-en-candas\\\/#mainImage\"},\"datePublished\":\"2023-04-05T05:45:58+02:00\",\"dateModified\":\"2023-04-05T05:45:58+02:00\"},{\"@type\":\"WebSite\",\"@id\":\"https:\\\/\\\/candas365.es\\\/noticias\\\/#website\",\"url\":\"https:\\\/\\\/candas365.es\\\/noticias\\\/\",\"name\":\"Cand\\u00e1s 365\",\"alternateName\":\"Cand\\u00e1s 365 Noticias\",\"description\":\"Actualidad desde Carre\\u00f1o para el mundo\",\"inLanguage\":\"es-ES\",\"publisher\":{\"@id\":\"https:\\\/\\\/candas365.es\\\/noticias\\\/#organization\"}}]}\n\t\t<\/script>\n\t\t<!-- All in One SEO Pro -->\r\n\t\t<title>Senda del Faro en Cand\u00e1s | Cand\u00e1s 365<\/title>\n\n","aioseo_head_json":{"title":"Senda del Faro en Cand\u00e1s | Cand\u00e1s 365","description":"Uno de los muchos lugares que realmente vale la pena visitar, ya seas turista o residente, en Cand\u00e1s es la senda que lleva desde la Capilla de San Antonio","canonical_url":"https:\/\/candas365.es\/noticias\/senda-del-faro-en-candas\/","robots":"max-image-preview:large","keywords":"galer\u00eda 365","webmasterTools":{"google-site-verification":"UA-32230408-1","msvalidate.01":"354F3CDFB2DA171B47FBE9ABF1F88D5","miscellaneous":""},"schema":{"@context":"https:\/\/schema.org","@graph":[{"@type":"BreadcrumbList","@id":"https:\/\/candas365.es\/noticias\/senda-del-faro-en-candas\/#breadcrumblist","itemListElement":[{"@type":"ListItem","@id":"https:\/\/candas365.es\/noticias#listItem","position":1,"name":"Home","item":"https:\/\/candas365.es\/noticias","nextItem":{"@type":"ListItem","@id":"https:\/\/candas365.es\/noticias\/category\/galeria-365\/#listItem","name":"Galer\u00eda 365"}},{"@type":"ListItem","@id":"https:\/\/candas365.es\/noticias\/category\/galeria-365\/#listItem","position":2,"name":"Galer\u00eda 365","item":"https:\/\/candas365.es\/noticias\/category\/galeria-365\/","nextItem":{"@type":"ListItem","@id":"https:\/\/candas365.es\/noticias\/senda-del-faro-en-candas\/#listItem","name":"Senda del Faro en Cand\u00e1s"},"previousItem":{"@type":"ListItem","@id":"https:\/\/candas365.es\/noticias#listItem","name":"Home"}},{"@type":"ListItem","@id":"https:\/\/candas365.es\/noticias\/senda-del-faro-en-candas\/#listItem","position":3,"name":"Senda del Faro en Cand\u00e1s","previousItem":{"@type":"ListItem","@id":"https:\/\/candas365.es\/noticias\/category\/galeria-365\/#listItem","name":"Galer\u00eda 365"}}]},{"@type":"NewsArticle","@id":"https:\/\/candas365.es\/noticias\/senda-del-faro-en-candas\/#newsarticle","name":"Senda del Faro en Cand\u00e1s | Cand\u00e1s 365","headline":"Senda del Faro en Cand\u00e1s","author":{"@id":"https:\/\/candas365.es\/noticias\/author\/admin\/#author"},"publisher":{"@id":"https:\/\/candas365.es\/noticias\/#organization"},"image":{"@type":"ImageObject","url":"https:\/\/candas365.es\/noticias\/wp-content\/uploads\/2023\/04\/Senda-del-Faro.jpg","width":885,"height":670,"caption":"Foto: N.Berm\u00fadez \/ Cand\u00e1s 365"},"datePublished":"2023-04-05T05:45:58+02:00","dateModified":"2023-04-05T05:45:58+02:00","inLanguage":"es-ES","mainEntityOfPage":{"@id":"https:\/\/candas365.es\/noticias\/senda-del-faro-en-candas\/#webpage"},"isPartOf":{"@id":"https:\/\/candas365.es\/noticias\/senda-del-faro-en-candas\/#webpage"},"articleSection":"Galer\u00eda 365, Cand\u00e1s, turismo, Imagen","dateline":"Publicado el abril 5, 2023."},{"@type":"Organization","@id":"https:\/\/candas365.es\/noticias\/#organization","name":"Cand\u00e1s 365","description":"Cand\u00e1s 365 es un diario digital independiente, fundado en 2012, con base en Asturias. Informamos con rigor sobre actualidad, sociedad, cultura y ocio, con una mirada local y global.","url":"https:\/\/candas365.es\/noticias\/","email":"info@candas365.es","telephone":"+34652131393","foundingDate":"2012-06-10","logo":{"@type":"ImageObject","url":"https:\/\/candas365.es\/noticias\/wp-content\/uploads\/2024\/09\/Candas-365-Redes.jpg","@id":"https:\/\/candas365.es\/noticias\/senda-del-faro-en-candas\/#organizationLogo","width":1152,"height":864,"caption":"Cand\u00e1s 365 Redes"},"image":{"@id":"https:\/\/candas365.es\/noticias\/senda-del-faro-en-candas\/#organizationLogo"},"sameAs":["https:\/\/www.facebook.com\/Nachofdezber","https:\/\/x.com\/NabercoDigital","https:\/\/www.instagram.com\/nachofdezber\/","https:\/\/www.youtube.com\/channel\/UCZP-2wLEB9Rv6erhFmqVnvg"],"address":{"@id":"https:\/\/candas365.es\/noticias\/#postaladdress","@type":"PostalAddress","streetAddress":"san antonio 4, san antonio 4","postalCode":"33430","addressLocality":"Cand\u00e1s","addressRegion":"Asturias","addressCountry":"ES"}},{"@type":"Person","@id":"https:\/\/candas365.es\/noticias\/author\/admin\/#author","url":"https:\/\/candas365.es\/noticias\/author\/admin\/","name":"Cand\u00e1s 365","image":{"@type":"ImageObject","@id":"https:\/\/candas365.es\/noticias\/senda-del-faro-en-candas\/#authorImage","url":"https:\/\/secure.gravatar.com\/avatar\/496a8e03d0c493ede1718b7934145dbdf8d89be1036b0eec9544e1094c9de390?s=96&d=mm&r=g","width":96,"height":96,"caption":"Cand\u00e1s 365"},"sameAs":["https:\/\/www.facebook.com\/carrenoactualidad","https:\/\/twitter.com\/nbasturias","https:\/\/www.instagram.com\/nachofdezber\/","https:\/\/www.youtube.com\/channel\/UCZP-2wLEB9Rv6erhFmqVnvg"]},{"@type":"WebPage","@id":"https:\/\/candas365.es\/noticias\/senda-del-faro-en-candas\/#webpage","url":"https:\/\/candas365.es\/noticias\/senda-del-faro-en-candas\/","name":"Senda del Faro en Cand\u00e1s | Cand\u00e1s 365","description":"Uno de los muchos lugares que realmente vale la pena visitar, ya seas turista o residente, en Cand\u00e1s es la senda que lleva desde la Capilla de San Antonio","inLanguage":"es-ES","isPartOf":{"@id":"https:\/\/candas365.es\/noticias\/#website"},"breadcrumb":{"@id":"https:\/\/candas365.es\/noticias\/senda-del-faro-en-candas\/#breadcrumblist"},"author":{"@id":"https:\/\/candas365.es\/noticias\/author\/admin\/#author"},"creator":{"@id":"https:\/\/candas365.es\/noticias\/author\/admin\/#author"},"image":{"@type":"ImageObject","url":"https:\/\/candas365.es\/noticias\/wp-content\/uploads\/2023\/04\/Senda-del-Faro.jpg","@id":"https:\/\/candas365.es\/noticias\/senda-del-faro-en-candas\/#mainImage","width":885,"height":670,"caption":"Foto: N.Berm\u00fadez \/ Cand\u00e1s 365"},"primaryImageOfPage":{"@id":"https:\/\/candas365.es\/noticias\/senda-del-faro-en-candas\/#mainImage"},"datePublished":"2023-04-05T05:45:58+02:00","dateModified":"2023-04-05T05:45:58+02:00"},{"@type":"WebSite","@id":"https:\/\/candas365.es\/noticias\/#website","url":"https:\/\/candas365.es\/noticias\/","name":"Cand\u00e1s 365","alternateName":"Cand\u00e1s 365 Noticias","description":"Actualidad desde Carre\u00f1o para el mundo","inLanguage":"es-ES","publisher":{"@id":"https:\/\/candas365.es\/noticias\/#organization"}}]},"og:locale":"es_ES","og:site_name":"Cand\u00e1s 365","og:type":"article","og:title":"Senda del Faro en Cand\u00e1s | Cand\u00e1s 365","og:description":"Uno de los muchos lugares que realmente vale la pena visitar, ya seas turista o residente, en Cand\u00e1s es la senda que lleva desde la Capilla de San Antonio","og:url":"https:\/\/candas365.es\/noticias\/senda-del-faro-en-candas\/","og:image":"https:\/\/candas365.es\/noticias\/wp-content\/uploads\/2023\/04\/Senda-del-Faro.jpg","og:image:secure_url":"https:\/\/candas365.es\/noticias\/wp-content\/uploads\/2023\/04\/Senda-del-Faro.jpg","og:image:width":885,"og:image:height":670,"article:published_time":"2023-04-05T03:45:58+00:00","article:modified_time":"2023-04-05T03:45:58+00:00","article:publisher":"https:\/\/www.facebook.com\/Nachofdezber","article:author":"https:\/\/www.facebook.com\/carrenoactualidad","twitter:card":"summary_large_image","twitter:site":"@NabercoDigital","twitter:title":"Senda del Faro en Cand\u00e1s | Cand\u00e1s 365","twitter:description":"Uno de los muchos lugares que realmente vale la pena visitar, ya seas turista o residente, en Cand\u00e1s es la senda que lleva desde la Capilla de San Antonio","twitter:creator":"@nbasturias","twitter:image":"https:\/\/candas365.es\/noticias\/wp-content\/uploads\/2023\/04\/Senda-del-Faro.jpg","twitter:label1":"Escrito por","twitter:data1":"Cand\u00e1s 365","twitter:label2":"Tiempo de lectura estimado","twitter:data2":"1 minuto"},"aioseo_meta_data":{"post_id":"172913","title":null,"description":"Uno de los muchos lugares que realmente vale la pena visitar, ya seas turista o residente, en Cand\u00e1s es la senda que lleva desde la Capilla de San Antonio","keywords":[],"keyphrases":{"focus":{"keyphrase":"Cand\u00e1s","score":88,"analysis":{"keyphraseInTitle":{"score":9,"maxScore":9,"error":0},"keyphraseInDescription":{"score":9,"maxScore":9,"error":0},"keyphraseLength":{"score":9,"maxScore":9,"error":0,"length":1},"keyphraseInURL":{"score":5,"maxScore":5,"error":0},"keyphraseInIntroduction":{"score":9,"maxScore":9,"error":0},"keyphraseInSubHeadings":[],"keyphraseInImageAlt":{"score":3,"maxScore":9,"error":1}}},"additional":[{"keyphrase":"la senda","score":83,"analysis":{"keyphraseInDescription":{"score":9,"maxScore":9,"error":0},"keyphraseLength":{"score":9,"maxScore":9,"error":0,"length":2},"keyphraseInIntroduction":{"score":9,"maxScore":9,"error":0},"keyphraseInImageAlt":{"score":3,"maxScore":9,"error":1}}},{"keyphrase":"senda","score":100,"analysis":{"keyphraseInDescription":{"score":9,"maxScore":9,"error":0},"keyphraseLength":{"score":9,"maxScore":9,"error":0,"length":1},"keyphraseInIntroduction":{"score":9,"maxScore":9,"error":0},"keyphraseInImageAlt":{"score":9,"maxScore":9,"error":0}}},{"keyphrase":"Cand\u00e1s","score":83,"analysis":{"keyphraseInDescription":{"score":9,"maxScore":9,"error":0},"keyphraseLength":{"score":9,"maxScore":9,"error":0,"length":1},"keyphraseInIntroduction":{"score":9,"maxScore":9,"error":0},"keyphraseInImageAlt":{"score":3,"maxScore":9,"error":1}}}]},"primary_term":null,"canonical_url":null,"og_title":null,"og_description":null,"og_object_type":"default","og_image_type":"default","og_image_url":null,"og_image_width":null,"og_image_height":null,"og_image_custom_url":null,"og_image_custom_fields":null,"og_video":"","og_custom_url":null,"og_article_section":null,"og_article_tags":[],"twitter_use_og":false,"twitter_card":"default","twitter_image_type":"default","twitter_image_url":null,"twitter_image_custom_url":null,"twitter_image_custom_fields":null,"twitter_title":null,"twitter_description":null,"schema":{"blockGraphs":[],"customGraphs":[],"default":{"data":{"Article":[],"Course":[],"Dataset":[],"FAQPage":[],"Movie":[],"Person":[],"Product":[],"ProductReview":[],"Car":[],"Recipe":[],"Service":[],"SoftwareApplication":[],"WebPage":[]},"graphName":"Article","isEnabled":true},"graphs":[]},"schema_type":"default","schema_type_options":null,"pillar_content":false,"robots_default":true,"robots_noindex":false,"robots_noarchive":false,"robots_nosnippet":false,"robots_nofollow":false,"robots_noimageindex":false,"robots_noodp":false,"robots_notranslate":false,"robots_max_snippet":"-1","robots_max_videopreview":"-1","robots_max_imagepreview":"large","priority":null,"frequency":"default","location":null,"local_seo":null,"seo_analyzer_scan_date":"2025-09-01 20:00:19","breadcrumb_settings":null,"limit_modified_date":false,"reviewed_by":null,"open_ai":"{\"title\":{\"suggestions\":[],\"usage\":0},\"description\":{\"suggestions\":[],\"usage\":0}}","ai":null,"created":"2023-04-05 03:41:57","updated":"2025-09-01 20:00:19"},"aioseo_breadcrumb":"<div class=\"aioseo-breadcrumbs\"><span class=\"aioseo-breadcrumb\">\n\t<a href=\"https:\/\/candas365.es\/noticias\" title=\"Home\">Home<\/a>\n<\/span><span class=\"aioseo-breadcrumb-separator\">&ndash;<\/span><span class=\"aioseo-breadcrumb\">\n\t<a href=\"https:\/\/candas365.es\/noticias\/category\/galeria-365\/\" title=\"Galer\u00eda 365\">Galer\u00eda 365<\/a>\n<\/span><span class=\"aioseo-breadcrumb-separator\">&ndash;<\/span><span class=\"aioseo-breadcrumb\">\n\tSenda del Faro en Cand\u00e1s\n<\/span><\/div>","aioseo_breadcrumb_json":[{"label":"Home","link":"https:\/\/candas365.es\/noticias"},{"label":"Galer\u00eda 365","link":"https:\/\/candas365.es\/noticias\/category\/galeria-365\/"},{"label":"Senda del Faro en Cand\u00e1s","link":"https:\/\/candas365.es\/noticias\/senda-del-faro-en-candas\/"}],"_links":{"self":[{"href":"https:\/\/candas365.es\/noticias\/wp-json\/wp\/v2\/posts\/172913","targetHints":{"allow":["GET"]}}],"collection":[{"href":"https:\/\/candas365.es\/noticias\/wp-json\/wp\/v2\/posts"}],"about":[{"href":"https:\/\/candas365.es\/noticias\/wp-json\/wp\/v2\/types\/post"}],"author":[{"embeddable":true,"href":"https:\/\/candas365.es\/noticias\/wp-json\/wp\/v2\/users\/1"}],"replies":[{"embeddable":true,"href":"https:\/\/candas365.es\/noticias\/wp-json\/wp\/v2\/comments?post=172913"}],"version-history":[{"count":0,"href":"https:\/\/candas365.es\/noticias\/wp-json\/wp\/v2\/posts\/172913\/revisions"}],"wp:featuredmedia":[{"embeddable":true,"href":"https:\/\/candas365.es\/noticias\/wp-json\/wp\/v2\/media\/172914"}],"wp:attachment":[{"href":"https:\/\/candas365.es\/noticias\/wp-json\/wp\/v2\/media?parent=172913"}],"wp:term":[{"taxonomy":"category","embeddable":true,"href":"https:\/\/candas365.es\/noticias\/wp-json\/wp\/v2\/categories?post=172913"},{"taxonomy":"post_tag","embeddable":true,"href":"https:\/\/candas365.es\/noticias\/wp-json\/wp\/v2\/tags?post=172913"}],"curies":[{"name":"wp","href":"https:\/\/api.w.org\/{rel}","templated":true}]}}