{"id":172717,"date":"2023-03-31T03:38:47","date_gmt":"2023-03-31T01:38:47","guid":{"rendered":"https:\/\/candas365.es\/noticias\/?p=172717"},"modified":"2023-03-31T03:38:47","modified_gmt":"2023-03-31T01:38:47","slug":"delicias-opticas-la-fotografia-gastronomica-vive-de-los-detalles","status":"publish","type":"post","link":"https:\/\/candas365.es\/noticias\/delicias-opticas-la-fotografia-gastronomica-vive-de-los-detalles\/","title":{"rendered":"Delicias \u00f3pticas: la fotograf\u00eda gastron\u00f3mica vive de los detalles"},"content":{"rendered":"<p>(dpa) &#8211; Gotas perladas brillan en las hojas de la lechuga, una entrada que luce fresca. Al espectador se le hace agua en la boca pese a que <a href=\"https:\/\/candas365.es\/noticias\/category\/revista\/\" target=\"_blank\" rel=\"noopener\"><span style=\"color: #ff6600;\"><strong>solo se trata de una foto<\/strong><\/span><\/a>.<\/p>\n<figure id=\"attachment_172718\" aria-describedby=\"caption-attachment-172718\" style=\"width: 650px\" class=\"wp-caption aligncenter\"><img fetchpriority=\"high\" decoding=\"async\" class=\"wp-image-172718 size-large\" src=\"https:\/\/candas365.es\/noticias\/wp-content\/uploads\/2023\/03\/fotografia-gastronomica-650x424.jpg\" alt=\"fotograf\u00eda gastron\u00f3mica\" width=\"650\" height=\"424\" srcset=\"https:\/\/candas365.es\/noticias\/wp-content\/uploads\/2023\/03\/fotografia-gastronomica-650x424.jpg 650w, https:\/\/candas365.es\/noticias\/wp-content\/uploads\/2023\/03\/fotografia-gastronomica-360x235.jpg 360w, https:\/\/candas365.es\/noticias\/wp-content\/uploads\/2023\/03\/fotografia-gastronomica-768x501.jpg 768w, https:\/\/candas365.es\/noticias\/wp-content\/uploads\/2023\/03\/fotografia-gastronomica-150x98.jpg 150w, https:\/\/candas365.es\/noticias\/wp-content\/uploads\/2023\/03\/fotografia-gastronomica-450x293.jpg 450w, https:\/\/candas365.es\/noticias\/wp-content\/uploads\/2023\/03\/fotografia-gastronomica.jpg 1009w\" sizes=\"(max-width: 650px) 100vw, 650px\" \/><figcaption id=\"caption-attachment-172718\" class=\"wp-caption-text\">Estos gofres cuidadosamente decorados tienen un aspecto sencillamente delicioso. Foto: Christin Klose\/dpa<\/figcaption><\/figure>\n<p>La fotograf\u00eda gastron\u00f3mica bien hecha exhibe alimentos y comidas de forma perfecta, como arte, una publicaci\u00f3n en redes sociales o simplemente como un bello recuerdo. Pero las buenas fotograf\u00edas de alimentos demandan pr\u00e1ctica.<\/p>\n<p>Thomas Sixt, experimentado cocinero y fot\u00f3grafo, considera que la clave para obtener buenos resultados es divertirse mientras se toman fotos.<\/p>\n<p>Hace casi 30 a\u00f1os que cocina profesionalmente, y desde hace m\u00e1s de 20 a\u00f1os tambi\u00e9n fotograf\u00eda sus platos. \u00abCualquiera que haga fotos con pasi\u00f3n, se inspire constantemente y se pregunte c\u00f3mo lo hubiera fotografiado \u00e9l mismo, est\u00e1 en constante desarrollo\u00bb, dice Sixt.<\/p>\n<h2>La organizaci\u00f3n es parte del proceso<\/h2>\n<p>Christine Bruns, de la revista especializada \u00abc&#8217;t Fotografie\u00bb, tambi\u00e9n considera cruciales tres cosas en la fotograf\u00eda de alimentos: divertirse con la comida, divertirse con la fotograf\u00eda y divertirse con la organizaci\u00f3n.<\/p>\n<blockquote><p>\u00abEl resto viene por s\u00ed solo cuando los fot\u00f3grafos aficionados se ocupan intensamente del tema, se dejan inspirar, tienen paciencia y tambi\u00e9n aceptan sugerencias para mejorar\u00bb, dice Bruns.<\/p><\/blockquote>\n<p>La experta se\u00f1ala que una buena foto gastron\u00f3mica demanda, adem\u00e1s de la comida en s\u00ed, un trabajo fotogr\u00e1fico completo con la luz, la apertura, el recorte, el \u00e1ngulo de la toma, el fondo, la composici\u00f3n y el dise\u00f1o de la imagen, o el juego con colores y contrastes.<\/p>\n<p>Sixt recomienda mirar la comida con detenimiento antes de tomar la fotograf\u00eda y pensar cu\u00e1l ser\u00eda la mejor forma de presentarlo.<\/p>\n<p>\u00abLa tendencia en fotograf\u00eda se inclina hacia los detalles, pero con un entorno como la mesa, el mantel, la decoraci\u00f3n y los cubiertos se puede expresar un poco m\u00e1s\u00bb, dice el cocinero y fot\u00f3grafo.<\/p>\n<h2>Elementos decorativos en n\u00famero impar<\/h2>\n<p>Bruns dice que el n\u00famero de elementos tambi\u00e9n es importante. \u00abEs mejor colocar tres elementos como muffins o patatas en el plato que dos o cuatro. Un n\u00famero impar corresponde m\u00e1s a nuestra visi\u00f3n, nos resulta agradable\u00bb, dice la experta.<\/p>\n<p>No es decisivo si se toma la imagen desde arriba, de adelante o de costado, seg\u00fan Bruns. \u00abTiene que ajustarse a la comida y el mensaje. Una porci\u00f3n de tarta sobre el que acaba de caer az\u00facar glaseada es mejor escenificarla de frente, un guiso abundante en una cacerola, m\u00e1s bien desde arriba\u00bb, explica.<\/p>\n<p>El chef profesional Sixt prepara primero la mesa con un fondo adecuado, vajilla, cubiertos y telas. <strong>La decoraci\u00f3n debe ir a juego con el plato. Para los muffins, por ejemplo, puede ser m\u00e1s colorida; para el sushi, m\u00e1s sobria a fin de lograr un mejor efecto.<\/strong><\/p>\n<p>Bruns aconseja tambi\u00e9n pensar y decorar el escenario exacto antes de tomar la fotograf\u00eda. Esto incluye una disposici\u00f3n adecuada de la vajilla, diversos accesorios y una buena iluminaci\u00f3n. \u00abPrefiero la luz suave y natural de los laterales, as\u00ed que lo ideal es un lugar cerca de una ventana\u00bb, dice.<\/p>\n<p>Solo quedan unos pocos minutos<\/p>\n<blockquote><p>Tras la preparaci\u00f3n, Sixt fotograf\u00eda los alimentos lo antes posible.<\/p><\/blockquote>\n<p>\u00abUn filete asado rosado solo garantiza un resultado \u00f3ptimo ante la c\u00e1mara dos o tres minutos despu\u00e9s de cortarlo\u00bb, explica el chef. \u00abUna bonita lechuga de hojas de colores reacciona con el vinagre y empieza a deteriorarse a los diez minutos\u00bb, detalla.<\/p>\n<p>Por eso, subraya, la planificaci\u00f3n es determinante en la fotograf\u00eda gastron\u00f3mica, tambi\u00e9n en un restaurante. \u00bfEst\u00e1 prevista una mesa decorada o hay una ventana que brinde una vista bella?<\/p>\n<p>\u00abHay <a href=\"https:\/\/eldigitaldeasturias.com\/magazine365\/category\/sabores\/\" target=\"_blank\" rel=\"noopener\"><span style=\"color: #ff6600;\"><strong>restaurantes<\/strong><\/span><\/a> que proh\u00edben tomar fotos, pero en la mayor\u00eda de ellos la fotograf\u00eda est\u00e1 permitida\u00bb, dice Sixt. \u00abRecomiendo preguntar antes y hacer fotos discretamente para no molestar a otros comensales\u00bb, sugiere.<\/p>\n<p>Esto es tambi\u00e9n importante para Bruns. Ella asegura que nunca tomar\u00eda fotograf\u00edas de otros comensales porque ellos, comprensiblemente, solo quieren disfrutar de su comida. Si fuera necesario, se podr\u00eda utilizar una peque\u00f1a luz LED de superficie o un reflector brillante como ayuda t\u00e9cnica en el restaurante.<\/p>\n<h2>El tel\u00e9fono m\u00f3vil es una soluci\u00f3n intermedia<\/h2>\n<p>Sixt solo utiliza su smartphone para hacer fotos de recuerdo. Las fotos profesionales las toma con su equipo profesional, con objetivo de distancia focal fija, tr\u00edpode y preferiblemente a la luz del d\u00eda.<\/p>\n<p>El cocinero se\u00f1ala tambi\u00e9n sin embargo que el tel\u00e9fono m\u00f3vil es la mejor c\u00e1mara que siempre se lleva consigo y que permite hacer pruebas en el tema de la fotograf\u00eda gastron\u00f3mica.<strong> Los smartphones de alta calidad permiten tomar fotos buenas, optimizadas mediante el software.<\/strong><\/p>\n<blockquote><p>Adem\u00e1s, afirma Bruns, los smartphones suelen venir con aplicaciones de edici\u00f3n fotogr\u00e1fica adecuadas que incluyen filtros y acceso directo a las plataformas de redes sociales.<\/p><\/blockquote>\n<p>\u00abPara una foto r\u00e1pida, la calidad es suficiente, pero para fotos de alta calidad, los fot\u00f3grafos aficionados deber\u00edan adquirir un equipo de c\u00e1mara y dedicar tiempo a aprender\u00bb, sostiene.<\/p>\n<p>Sixt tiene una opini\u00f3n similar. \u00abLa comida fotografiada con c\u00e1maras digitales me parece m\u00e1s aut\u00e9ntica, los detalles y el aspecto son mejores\u00bb, dice el chef.<\/p>\n<p>Mientras tanto, tambi\u00e9n trabaja con un sistema de flash indirecto. Solo utiliza una caja de luz con luz constante para la iluminaci\u00f3n especial de las fotos de productos, por ejemplo de ollas.<\/p>\n<p><strong>Bruns recomienda c\u00e1maras con objetivos de 50 a 90 mil\u00edmetros para hacer muy buenas <a href=\"https:\/\/www.facebook.com\/candas365digital\/photos\" target=\"_blank\" rel=\"noopener\"><span style=\"color: #ff6600;\">fotos<\/span><\/a> de alimentos.<\/strong> Con ellos se puede reproducir bien el desenfoque. \u00abLos smartphones solo calculan el desenfoque y no hacen zoom, por lo que las fotos salen menos brillantes\u00bb, explica.<\/p>\n<p>Consejos para la fotograf\u00eda gastron\u00f3mica del cocinero profesional <strong>Thomas Sixt<\/strong>:<\/p>\n<ul>\n<li>1. Encuentre el \u00abpor qu\u00e9\u00bb hacer fotos y cree las im\u00e1genes con alegr\u00eda.<\/li>\n<li>2. Planifique las fotos y el montaje, pero sin dejar de hacer fotos flexibles a la situaci\u00f3n.<\/li>\n<li>3. El debate entre el smartphone o la c\u00e1mara no es la cuesti\u00f3n decisiva, \u00a1lo importante es que al fot\u00f3grafo le gusten las fotos despu\u00e9s!<\/li>\n<li>4. El fot\u00f3grafo toma la foto, no la c\u00e1mara ni el smartphone.<\/li>\n<li>5. Fotograf\u00ede de forma selectiva, no vale la pena fotografiar todas las comidas.<\/li>\n<li>6. Mucha luz y luz diurna suele ser mejor que poca luz y luz artificial.<\/li>\n<li>7. Las porciones m\u00e1s peque\u00f1as en el plato suelen tener un mayor efecto en las fotos.<\/li>\n<li>8. Preste atenci\u00f3n a la situaci\u00f3n lum\u00ednica y s\u00e1quele el m\u00e1ximo partido.<\/li>\n<li>9. Un tr\u00edpode suele ser \u00fatil.<\/li>\n<li>10. Piense en los detalles antes de hacer la foto: \u00bfqu\u00e9 puede hacer que la foto sea especial?<\/li>\n<\/ul>\n<p><i class=\"lang-es\"><span class=\" readonly\" title=\"\">Por Fabian Hoberg (dpa)<\/span><\/i><\/p>\n","protected":false},"excerpt":{"rendered":"<p>(dpa) &#8211; Gotas perladas brillan en las hojas de la lechuga, una entrada que luce fresca. Al espectador se le hace agua en la boca pese a que solo se trata de una foto. La fotograf\u00eda gastron\u00f3mica bien hecha exhibe alimentos y comidas de forma perfecta, como arte, una publicaci\u00f3n en redes sociales o simplemente<\/p>\n","protected":false},"author":1,"featured_media":172718,"comment_status":"closed","ping_status":"closed","sticky":false,"template":"","format":"standard","meta":{"footnotes":""},"categories":[142],"tags":[452,465],"class_list":{"0":"post-172717","1":"post","2":"type-post","3":"status-publish","4":"format-standard","5":"has-post-thumbnail","7":"category-revista","8":"tag-gastronomia","9":"tag-ocio"},"aioseo_notices":[],"aioseo_head":"\n\t\t<!-- All in One SEO Pro 4.9.6.2 - aioseo.com -->\n\t<meta name=\"description\" content=\"(dpa) - Gotas perladas brillan en las hojas de la lechuga, una entrada que luce fresca. Al espectador se le hace agua en la boca pese a que solo se trata\" \/>\n\t<meta name=\"robots\" content=\"max-image-preview:large\" \/>\n\t<meta name=\"author\" content=\"Cand\u00e1s 365\"\/>\n\t<meta name=\"google-site-verification\" content=\"UA-32230408-1\" \/>\n\t<meta name=\"msvalidate.01\" content=\"354F3CDFB2DA171B47FBE9ABF1F88D5\" \/>\n\t<meta name=\"keywords\" content=\"revista\" \/>\n\t<link rel=\"canonical\" href=\"https:\/\/candas365.es\/noticias\/delicias-opticas-la-fotografia-gastronomica-vive-de-los-detalles\/\" \/>\n\t<meta name=\"generator\" content=\"All in One SEO Pro (AIOSEO) 4.9.6.2\" \/>\n\t\t<meta property=\"og:locale\" content=\"es_ES\" \/>\n\t\t<meta property=\"og:site_name\" content=\"Cand\u00e1s 365\" \/>\n\t\t<meta property=\"og:type\" content=\"article\" \/>\n\t\t<meta property=\"og:title\" content=\"Delicias \u00f3pticas: la fotograf\u00eda gastron\u00f3mica vive de los detalles | Cand\u00e1s 365\" \/>\n\t\t<meta property=\"og:description\" content=\"(dpa) - Gotas perladas brillan en las hojas de la lechuga, una entrada que luce fresca. Al espectador se le hace agua en la boca pese a que solo se trata\" \/>\n\t\t<meta property=\"og:url\" content=\"https:\/\/candas365.es\/noticias\/delicias-opticas-la-fotografia-gastronomica-vive-de-los-detalles\/\" \/>\n\t\t<meta property=\"og:image\" content=\"https:\/\/candas365.es\/noticias\/wp-content\/uploads\/2023\/03\/fotografia-gastronomica.jpg\" \/>\n\t\t<meta property=\"og:image:secure_url\" content=\"https:\/\/candas365.es\/noticias\/wp-content\/uploads\/2023\/03\/fotografia-gastronomica.jpg\" \/>\n\t\t<meta property=\"og:image:width\" content=\"1009\" \/>\n\t\t<meta property=\"og:image:height\" content=\"658\" \/>\n\t\t<meta property=\"article:published_time\" content=\"2023-03-31T01:38:47+00:00\" \/>\n\t\t<meta property=\"article:modified_time\" content=\"2023-03-31T01:38:47+00:00\" \/>\n\t\t<meta property=\"article:publisher\" content=\"https:\/\/www.facebook.com\/Nachofdezber\" \/>\n\t\t<meta property=\"article:author\" content=\"https:\/\/www.facebook.com\/carrenoactualidad\" \/>\n\t\t<meta name=\"twitter:card\" content=\"summary_large_image\" \/>\n\t\t<meta name=\"twitter:site\" content=\"@NabercoDigital\" \/>\n\t\t<meta name=\"twitter:title\" content=\"Delicias \u00f3pticas: la fotograf\u00eda gastron\u00f3mica vive de los detalles | Cand\u00e1s 365\" \/>\n\t\t<meta name=\"twitter:description\" content=\"(dpa) - Gotas perladas brillan en las hojas de la lechuga, una entrada que luce fresca. Al espectador se le hace agua en la boca pese a que solo se trata\" \/>\n\t\t<meta name=\"twitter:creator\" content=\"@nbasturias\" \/>\n\t\t<meta name=\"twitter:image\" content=\"https:\/\/candas365.es\/noticias\/wp-content\/uploads\/2023\/03\/fotografia-gastronomica.jpg\" \/>\n\t\t<meta name=\"twitter:label1\" content=\"Escrito por\" \/>\n\t\t<meta name=\"twitter:data1\" content=\"Cand\u00e1s 365\" \/>\n\t\t<meta name=\"twitter:label2\" content=\"Tiempo de lectura estimado\" \/>\n\t\t<meta name=\"twitter:data2\" content=\"6 minutos\" \/>\n\t\t<script type=\"application\/ld+json\" class=\"aioseo-schema\">\n\t\t\t{\"@context\":\"https:\\\/\\\/schema.org\",\"@graph\":[{\"@type\":\"BreadcrumbList\",\"@id\":\"https:\\\/\\\/candas365.es\\\/noticias\\\/delicias-opticas-la-fotografia-gastronomica-vive-de-los-detalles\\\/#breadcrumblist\",\"itemListElement\":[{\"@type\":\"ListItem\",\"@id\":\"https:\\\/\\\/candas365.es\\\/noticias#listItem\",\"position\":1,\"name\":\"Home\",\"item\":\"https:\\\/\\\/candas365.es\\\/noticias\",\"nextItem\":{\"@type\":\"ListItem\",\"@id\":\"https:\\\/\\\/candas365.es\\\/noticias\\\/category\\\/revista\\\/#listItem\",\"name\":\"Revista\"}},{\"@type\":\"ListItem\",\"@id\":\"https:\\\/\\\/candas365.es\\\/noticias\\\/category\\\/revista\\\/#listItem\",\"position\":2,\"name\":\"Revista\",\"item\":\"https:\\\/\\\/candas365.es\\\/noticias\\\/category\\\/revista\\\/\",\"nextItem\":{\"@type\":\"ListItem\",\"@id\":\"https:\\\/\\\/candas365.es\\\/noticias\\\/delicias-opticas-la-fotografia-gastronomica-vive-de-los-detalles\\\/#listItem\",\"name\":\"Delicias \\u00f3pticas: la fotograf\\u00eda gastron\\u00f3mica vive de los detalles\"},\"previousItem\":{\"@type\":\"ListItem\",\"@id\":\"https:\\\/\\\/candas365.es\\\/noticias#listItem\",\"name\":\"Home\"}},{\"@type\":\"ListItem\",\"@id\":\"https:\\\/\\\/candas365.es\\\/noticias\\\/delicias-opticas-la-fotografia-gastronomica-vive-de-los-detalles\\\/#listItem\",\"position\":3,\"name\":\"Delicias \\u00f3pticas: la fotograf\\u00eda gastron\\u00f3mica vive de los detalles\",\"previousItem\":{\"@type\":\"ListItem\",\"@id\":\"https:\\\/\\\/candas365.es\\\/noticias\\\/category\\\/revista\\\/#listItem\",\"name\":\"Revista\"}}]},{\"@type\":\"NewsArticle\",\"@id\":\"https:\\\/\\\/candas365.es\\\/noticias\\\/delicias-opticas-la-fotografia-gastronomica-vive-de-los-detalles\\\/#newsarticle\",\"name\":\"Delicias \\u00f3pticas: la fotograf\\u00eda gastron\\u00f3mica vive de los detalles | Cand\\u00e1s 365\",\"headline\":\"Delicias \\u00f3pticas: la fotograf\\u00eda gastron\\u00f3mica vive de los detalles\",\"author\":{\"@id\":\"https:\\\/\\\/candas365.es\\\/noticias\\\/author\\\/admin\\\/#author\"},\"publisher\":{\"@id\":\"https:\\\/\\\/candas365.es\\\/noticias\\\/#organization\"},\"image\":{\"@type\":\"ImageObject\",\"url\":\"https:\\\/\\\/candas365.es\\\/noticias\\\/wp-content\\\/uploads\\\/2023\\\/03\\\/fotografia-gastronomica.jpg\",\"width\":1009,\"height\":658,\"caption\":\"Estos gofres cuidadosamente decorados tienen un aspecto sencillamente delicioso. Foto: Christin Klose\\\/dpa\"},\"datePublished\":\"2023-03-31T03:38:47+02:00\",\"dateModified\":\"2023-03-31T03:38:47+02:00\",\"inLanguage\":\"es-ES\",\"mainEntityOfPage\":{\"@id\":\"https:\\\/\\\/candas365.es\\\/noticias\\\/delicias-opticas-la-fotografia-gastronomica-vive-de-los-detalles\\\/#webpage\"},\"isPartOf\":{\"@id\":\"https:\\\/\\\/candas365.es\\\/noticias\\\/delicias-opticas-la-fotografia-gastronomica-vive-de-los-detalles\\\/#webpage\"},\"articleSection\":\"Revista, Gastronom\\u00eda, Ocio\",\"dateline\":\"Publicado el marzo 31, 2023.\"},{\"@type\":\"Organization\",\"@id\":\"https:\\\/\\\/candas365.es\\\/noticias\\\/#organization\",\"name\":\"Cand\\u00e1s 365\",\"description\":\"Cand\\u00e1s 365 es un diario digital independiente, fundado en 2012, con base en Asturias. Informamos con rigor sobre actualidad, sociedad, cultura y ocio, con una mirada local y global.\",\"url\":\"https:\\\/\\\/candas365.es\\\/noticias\\\/\",\"email\":\"info@candas365.es\",\"telephone\":\"+34652131393\",\"foundingDate\":\"2012-06-10\",\"logo\":{\"@type\":\"ImageObject\",\"url\":\"https:\\\/\\\/candas365.es\\\/noticias\\\/wp-content\\\/uploads\\\/2024\\\/09\\\/Candas-365-Redes.jpg\",\"@id\":\"https:\\\/\\\/candas365.es\\\/noticias\\\/delicias-opticas-la-fotografia-gastronomica-vive-de-los-detalles\\\/#organizationLogo\",\"width\":1152,\"height\":864,\"caption\":\"Cand\\u00e1s 365 Redes\"},\"image\":{\"@id\":\"https:\\\/\\\/candas365.es\\\/noticias\\\/delicias-opticas-la-fotografia-gastronomica-vive-de-los-detalles\\\/#organizationLogo\"},\"sameAs\":[\"https:\\\/\\\/www.facebook.com\\\/Nachofdezber\",\"https:\\\/\\\/x.com\\\/NabercoDigital\",\"https:\\\/\\\/www.instagram.com\\\/nachofdezber\\\/\",\"https:\\\/\\\/www.youtube.com\\\/channel\\\/UCZP-2wLEB9Rv6erhFmqVnvg\"],\"address\":{\"@id\":\"https:\\\/\\\/candas365.es\\\/noticias\\\/#postaladdress\",\"@type\":\"PostalAddress\",\"streetAddress\":\"san antonio 4, san antonio 4\",\"postalCode\":\"33430\",\"addressLocality\":\"Cand\\u00e1s\",\"addressRegion\":\"Asturias\",\"addressCountry\":\"ES\"}},{\"@type\":\"Person\",\"@id\":\"https:\\\/\\\/candas365.es\\\/noticias\\\/author\\\/admin\\\/#author\",\"url\":\"https:\\\/\\\/candas365.es\\\/noticias\\\/author\\\/admin\\\/\",\"name\":\"Cand\\u00e1s 365\",\"image\":{\"@type\":\"ImageObject\",\"@id\":\"https:\\\/\\\/candas365.es\\\/noticias\\\/delicias-opticas-la-fotografia-gastronomica-vive-de-los-detalles\\\/#authorImage\",\"url\":\"https:\\\/\\\/secure.gravatar.com\\\/avatar\\\/496a8e03d0c493ede1718b7934145dbdf8d89be1036b0eec9544e1094c9de390?s=96&d=mm&r=g\",\"width\":96,\"height\":96,\"caption\":\"Cand\\u00e1s 365\"},\"sameAs\":[\"https:\\\/\\\/www.facebook.com\\\/carrenoactualidad\",\"https:\\\/\\\/twitter.com\\\/nbasturias\",\"https:\\\/\\\/www.instagram.com\\\/nachofdezber\\\/\",\"https:\\\/\\\/www.youtube.com\\\/channel\\\/UCZP-2wLEB9Rv6erhFmqVnvg\"]},{\"@type\":\"WebPage\",\"@id\":\"https:\\\/\\\/candas365.es\\\/noticias\\\/delicias-opticas-la-fotografia-gastronomica-vive-de-los-detalles\\\/#webpage\",\"url\":\"https:\\\/\\\/candas365.es\\\/noticias\\\/delicias-opticas-la-fotografia-gastronomica-vive-de-los-detalles\\\/\",\"name\":\"Delicias \\u00f3pticas: la fotograf\\u00eda gastron\\u00f3mica vive de los detalles | Cand\\u00e1s 365\",\"description\":\"(dpa) - Gotas perladas brillan en las hojas de la lechuga, una entrada que luce fresca. Al espectador se le hace agua en la boca pese a que solo se trata\",\"inLanguage\":\"es-ES\",\"isPartOf\":{\"@id\":\"https:\\\/\\\/candas365.es\\\/noticias\\\/#website\"},\"breadcrumb\":{\"@id\":\"https:\\\/\\\/candas365.es\\\/noticias\\\/delicias-opticas-la-fotografia-gastronomica-vive-de-los-detalles\\\/#breadcrumblist\"},\"author\":{\"@id\":\"https:\\\/\\\/candas365.es\\\/noticias\\\/author\\\/admin\\\/#author\"},\"creator\":{\"@id\":\"https:\\\/\\\/candas365.es\\\/noticias\\\/author\\\/admin\\\/#author\"},\"image\":{\"@type\":\"ImageObject\",\"url\":\"https:\\\/\\\/candas365.es\\\/noticias\\\/wp-content\\\/uploads\\\/2023\\\/03\\\/fotografia-gastronomica.jpg\",\"@id\":\"https:\\\/\\\/candas365.es\\\/noticias\\\/delicias-opticas-la-fotografia-gastronomica-vive-de-los-detalles\\\/#mainImage\",\"width\":1009,\"height\":658,\"caption\":\"Estos gofres cuidadosamente decorados tienen un aspecto sencillamente delicioso. Foto: Christin Klose\\\/dpa\"},\"primaryImageOfPage\":{\"@id\":\"https:\\\/\\\/candas365.es\\\/noticias\\\/delicias-opticas-la-fotografia-gastronomica-vive-de-los-detalles\\\/#mainImage\"},\"datePublished\":\"2023-03-31T03:38:47+02:00\",\"dateModified\":\"2023-03-31T03:38:47+02:00\"},{\"@type\":\"WebSite\",\"@id\":\"https:\\\/\\\/candas365.es\\\/noticias\\\/#website\",\"url\":\"https:\\\/\\\/candas365.es\\\/noticias\\\/\",\"name\":\"Cand\\u00e1s 365\",\"alternateName\":\"Cand\\u00e1s 365 Noticias\",\"description\":\"Actualidad desde Carre\\u00f1o para el mundo\",\"inLanguage\":\"es-ES\",\"publisher\":{\"@id\":\"https:\\\/\\\/candas365.es\\\/noticias\\\/#organization\"}}]}\n\t\t<\/script>\n\t\t<!-- All in One SEO Pro -->\r\n\t\t<title>Delicias \u00f3pticas: la fotograf\u00eda gastron\u00f3mica vive de los detalles | Cand\u00e1s 365<\/title>\n\n","aioseo_head_json":{"title":"Delicias \u00f3pticas: la fotograf\u00eda gastron\u00f3mica vive de los detalles | Cand\u00e1s 365","description":"(dpa) - Gotas perladas brillan en las hojas de la lechuga, una entrada que luce fresca. Al espectador se le hace agua en la boca pese a que solo se trata","canonical_url":"https:\/\/candas365.es\/noticias\/delicias-opticas-la-fotografia-gastronomica-vive-de-los-detalles\/","robots":"max-image-preview:large","keywords":"revista","webmasterTools":{"google-site-verification":"UA-32230408-1","msvalidate.01":"354F3CDFB2DA171B47FBE9ABF1F88D5","miscellaneous":""},"schema":{"@context":"https:\/\/schema.org","@graph":[{"@type":"BreadcrumbList","@id":"https:\/\/candas365.es\/noticias\/delicias-opticas-la-fotografia-gastronomica-vive-de-los-detalles\/#breadcrumblist","itemListElement":[{"@type":"ListItem","@id":"https:\/\/candas365.es\/noticias#listItem","position":1,"name":"Home","item":"https:\/\/candas365.es\/noticias","nextItem":{"@type":"ListItem","@id":"https:\/\/candas365.es\/noticias\/category\/revista\/#listItem","name":"Revista"}},{"@type":"ListItem","@id":"https:\/\/candas365.es\/noticias\/category\/revista\/#listItem","position":2,"name":"Revista","item":"https:\/\/candas365.es\/noticias\/category\/revista\/","nextItem":{"@type":"ListItem","@id":"https:\/\/candas365.es\/noticias\/delicias-opticas-la-fotografia-gastronomica-vive-de-los-detalles\/#listItem","name":"Delicias \u00f3pticas: la fotograf\u00eda gastron\u00f3mica vive de los detalles"},"previousItem":{"@type":"ListItem","@id":"https:\/\/candas365.es\/noticias#listItem","name":"Home"}},{"@type":"ListItem","@id":"https:\/\/candas365.es\/noticias\/delicias-opticas-la-fotografia-gastronomica-vive-de-los-detalles\/#listItem","position":3,"name":"Delicias \u00f3pticas: la fotograf\u00eda gastron\u00f3mica vive de los detalles","previousItem":{"@type":"ListItem","@id":"https:\/\/candas365.es\/noticias\/category\/revista\/#listItem","name":"Revista"}}]},{"@type":"NewsArticle","@id":"https:\/\/candas365.es\/noticias\/delicias-opticas-la-fotografia-gastronomica-vive-de-los-detalles\/#newsarticle","name":"Delicias \u00f3pticas: la fotograf\u00eda gastron\u00f3mica vive de los detalles | Cand\u00e1s 365","headline":"Delicias \u00f3pticas: la fotograf\u00eda gastron\u00f3mica vive de los detalles","author":{"@id":"https:\/\/candas365.es\/noticias\/author\/admin\/#author"},"publisher":{"@id":"https:\/\/candas365.es\/noticias\/#organization"},"image":{"@type":"ImageObject","url":"https:\/\/candas365.es\/noticias\/wp-content\/uploads\/2023\/03\/fotografia-gastronomica.jpg","width":1009,"height":658,"caption":"Estos gofres cuidadosamente decorados tienen un aspecto sencillamente delicioso. Foto: Christin Klose\/dpa"},"datePublished":"2023-03-31T03:38:47+02:00","dateModified":"2023-03-31T03:38:47+02:00","inLanguage":"es-ES","mainEntityOfPage":{"@id":"https:\/\/candas365.es\/noticias\/delicias-opticas-la-fotografia-gastronomica-vive-de-los-detalles\/#webpage"},"isPartOf":{"@id":"https:\/\/candas365.es\/noticias\/delicias-opticas-la-fotografia-gastronomica-vive-de-los-detalles\/#webpage"},"articleSection":"Revista, Gastronom\u00eda, Ocio","dateline":"Publicado el marzo 31, 2023."},{"@type":"Organization","@id":"https:\/\/candas365.es\/noticias\/#organization","name":"Cand\u00e1s 365","description":"Cand\u00e1s 365 es un diario digital independiente, fundado en 2012, con base en Asturias. Informamos con rigor sobre actualidad, sociedad, cultura y ocio, con una mirada local y global.","url":"https:\/\/candas365.es\/noticias\/","email":"info@candas365.es","telephone":"+34652131393","foundingDate":"2012-06-10","logo":{"@type":"ImageObject","url":"https:\/\/candas365.es\/noticias\/wp-content\/uploads\/2024\/09\/Candas-365-Redes.jpg","@id":"https:\/\/candas365.es\/noticias\/delicias-opticas-la-fotografia-gastronomica-vive-de-los-detalles\/#organizationLogo","width":1152,"height":864,"caption":"Cand\u00e1s 365 Redes"},"image":{"@id":"https:\/\/candas365.es\/noticias\/delicias-opticas-la-fotografia-gastronomica-vive-de-los-detalles\/#organizationLogo"},"sameAs":["https:\/\/www.facebook.com\/Nachofdezber","https:\/\/x.com\/NabercoDigital","https:\/\/www.instagram.com\/nachofdezber\/","https:\/\/www.youtube.com\/channel\/UCZP-2wLEB9Rv6erhFmqVnvg"],"address":{"@id":"https:\/\/candas365.es\/noticias\/#postaladdress","@type":"PostalAddress","streetAddress":"san antonio 4, san antonio 4","postalCode":"33430","addressLocality":"Cand\u00e1s","addressRegion":"Asturias","addressCountry":"ES"}},{"@type":"Person","@id":"https:\/\/candas365.es\/noticias\/author\/admin\/#author","url":"https:\/\/candas365.es\/noticias\/author\/admin\/","name":"Cand\u00e1s 365","image":{"@type":"ImageObject","@id":"https:\/\/candas365.es\/noticias\/delicias-opticas-la-fotografia-gastronomica-vive-de-los-detalles\/#authorImage","url":"https:\/\/secure.gravatar.com\/avatar\/496a8e03d0c493ede1718b7934145dbdf8d89be1036b0eec9544e1094c9de390?s=96&d=mm&r=g","width":96,"height":96,"caption":"Cand\u00e1s 365"},"sameAs":["https:\/\/www.facebook.com\/carrenoactualidad","https:\/\/twitter.com\/nbasturias","https:\/\/www.instagram.com\/nachofdezber\/","https:\/\/www.youtube.com\/channel\/UCZP-2wLEB9Rv6erhFmqVnvg"]},{"@type":"WebPage","@id":"https:\/\/candas365.es\/noticias\/delicias-opticas-la-fotografia-gastronomica-vive-de-los-detalles\/#webpage","url":"https:\/\/candas365.es\/noticias\/delicias-opticas-la-fotografia-gastronomica-vive-de-los-detalles\/","name":"Delicias \u00f3pticas: la fotograf\u00eda gastron\u00f3mica vive de los detalles | Cand\u00e1s 365","description":"(dpa) - Gotas perladas brillan en las hojas de la lechuga, una entrada que luce fresca. Al espectador se le hace agua en la boca pese a que solo se trata","inLanguage":"es-ES","isPartOf":{"@id":"https:\/\/candas365.es\/noticias\/#website"},"breadcrumb":{"@id":"https:\/\/candas365.es\/noticias\/delicias-opticas-la-fotografia-gastronomica-vive-de-los-detalles\/#breadcrumblist"},"author":{"@id":"https:\/\/candas365.es\/noticias\/author\/admin\/#author"},"creator":{"@id":"https:\/\/candas365.es\/noticias\/author\/admin\/#author"},"image":{"@type":"ImageObject","url":"https:\/\/candas365.es\/noticias\/wp-content\/uploads\/2023\/03\/fotografia-gastronomica.jpg","@id":"https:\/\/candas365.es\/noticias\/delicias-opticas-la-fotografia-gastronomica-vive-de-los-detalles\/#mainImage","width":1009,"height":658,"caption":"Estos gofres cuidadosamente decorados tienen un aspecto sencillamente delicioso. Foto: Christin Klose\/dpa"},"primaryImageOfPage":{"@id":"https:\/\/candas365.es\/noticias\/delicias-opticas-la-fotografia-gastronomica-vive-de-los-detalles\/#mainImage"},"datePublished":"2023-03-31T03:38:47+02:00","dateModified":"2023-03-31T03:38:47+02:00"},{"@type":"WebSite","@id":"https:\/\/candas365.es\/noticias\/#website","url":"https:\/\/candas365.es\/noticias\/","name":"Cand\u00e1s 365","alternateName":"Cand\u00e1s 365 Noticias","description":"Actualidad desde Carre\u00f1o para el mundo","inLanguage":"es-ES","publisher":{"@id":"https:\/\/candas365.es\/noticias\/#organization"}}]},"og:locale":"es_ES","og:site_name":"Cand\u00e1s 365","og:type":"article","og:title":"Delicias \u00f3pticas: la fotograf\u00eda gastron\u00f3mica vive de los detalles | Cand\u00e1s 365","og:description":"(dpa) - Gotas perladas brillan en las hojas de la lechuga, una entrada que luce fresca. Al espectador se le hace agua en la boca pese a que solo se trata","og:url":"https:\/\/candas365.es\/noticias\/delicias-opticas-la-fotografia-gastronomica-vive-de-los-detalles\/","og:image":"https:\/\/candas365.es\/noticias\/wp-content\/uploads\/2023\/03\/fotografia-gastronomica.jpg","og:image:secure_url":"https:\/\/candas365.es\/noticias\/wp-content\/uploads\/2023\/03\/fotografia-gastronomica.jpg","og:image:width":1009,"og:image:height":658,"article:published_time":"2023-03-31T01:38:47+00:00","article:modified_time":"2023-03-31T01:38:47+00:00","article:publisher":"https:\/\/www.facebook.com\/Nachofdezber","article:author":"https:\/\/www.facebook.com\/carrenoactualidad","twitter:card":"summary_large_image","twitter:site":"@NabercoDigital","twitter:title":"Delicias \u00f3pticas: la fotograf\u00eda gastron\u00f3mica vive de los detalles | Cand\u00e1s 365","twitter:description":"(dpa) - Gotas perladas brillan en las hojas de la lechuga, una entrada que luce fresca. Al espectador se le hace agua en la boca pese a que solo se trata","twitter:creator":"@nbasturias","twitter:image":"https:\/\/candas365.es\/noticias\/wp-content\/uploads\/2023\/03\/fotografia-gastronomica.jpg","twitter:label1":"Escrito por","twitter:data1":"Cand\u00e1s 365","twitter:label2":"Tiempo de lectura estimado","twitter:data2":"6 minutos"},"aioseo_meta_data":{"post_id":"172717","title":null,"description":"(dpa) - Gotas perladas brillan en las hojas de la lechuga, una entrada que luce fresca. Al espectador se le hace agua en la boca pese a que solo se trata","keywords":[],"keyphrases":{"focus":{"keyphrase":"fotograf\u00eda","score":63,"analysis":{"keyphraseInTitle":{"score":9,"maxScore":9,"error":0},"keyphraseInDescription":{"score":3,"maxScore":9,"error":1},"keyphraseLength":{"score":9,"maxScore":9,"error":0,"length":1},"keyphraseInURL":{"score":1,"maxScore":5,"error":1},"keyphraseInIntroduction":{"score":3,"maxScore":9,"error":1},"keyphraseInSubHeadings":{"score":3,"maxScore":9,"error":1},"keyphraseInImageAlt":{"score":9,"maxScore":9,"error":0}}},"additional":[{"keyphrase":"fotograf\u00eda gastron\u00f3mica ","score":67,"analysis":{"keyphraseInDescription":{"score":3,"maxScore":9,"error":1},"keyphraseLength":{"score":9,"maxScore":9,"error":0,"length":2},"keyphraseInIntroduction":{"score":3,"maxScore":9,"error":1},"keyphraseInImageAlt":{"score":9,"maxScore":9,"error":0}}},{"keyphrase":"espectador","score":83,"analysis":{"keyphraseInDescription":{"score":9,"maxScore":9,"error":0},"keyphraseLength":{"score":9,"maxScore":9,"error":0,"length":1},"keyphraseInIntroduction":{"score":9,"maxScore":9,"error":0},"keyphraseInImageAlt":{"score":3,"maxScore":9,"error":1}}}]},"primary_term":null,"canonical_url":null,"og_title":null,"og_description":null,"og_object_type":"default","og_image_type":"default","og_image_url":null,"og_image_width":null,"og_image_height":null,"og_image_custom_url":null,"og_image_custom_fields":null,"og_video":"","og_custom_url":null,"og_article_section":null,"og_article_tags":[],"twitter_use_og":false,"twitter_card":"default","twitter_image_type":"default","twitter_image_url":null,"twitter_image_custom_url":null,"twitter_image_custom_fields":null,"twitter_title":null,"twitter_description":null,"schema":{"blockGraphs":[],"customGraphs":[],"default":{"data":{"Article":[],"Course":[],"Dataset":[],"FAQPage":[],"Movie":[],"Person":[],"Product":[],"ProductReview":[],"Car":[],"Recipe":[],"Service":[],"SoftwareApplication":[],"WebPage":[]},"graphName":"Article","isEnabled":true},"graphs":[]},"schema_type":"default","schema_type_options":null,"pillar_content":false,"robots_default":true,"robots_noindex":false,"robots_noarchive":false,"robots_nosnippet":false,"robots_nofollow":false,"robots_noimageindex":false,"robots_noodp":false,"robots_notranslate":false,"robots_max_snippet":"-1","robots_max_videopreview":"-1","robots_max_imagepreview":"large","priority":null,"frequency":"default","location":null,"local_seo":null,"seo_analyzer_scan_date":"2025-09-01 19:54:59","breadcrumb_settings":null,"limit_modified_date":false,"reviewed_by":null,"open_ai":"{\"title\":{\"suggestions\":[],\"usage\":0},\"description\":{\"suggestions\":[],\"usage\":0}}","ai":null,"created":"2023-03-31 01:28:00","updated":"2025-09-01 19:54:59"},"aioseo_breadcrumb":"<div class=\"aioseo-breadcrumbs\"><span class=\"aioseo-breadcrumb\">\n\t<a href=\"https:\/\/candas365.es\/noticias\" title=\"Home\">Home<\/a>\n<\/span><span class=\"aioseo-breadcrumb-separator\">&ndash;<\/span><span class=\"aioseo-breadcrumb\">\n\t<a href=\"https:\/\/candas365.es\/noticias\/category\/revista\/\" title=\"Revista\">Revista<\/a>\n<\/span><span class=\"aioseo-breadcrumb-separator\">&ndash;<\/span><span class=\"aioseo-breadcrumb\">\n\tDelicias \u00f3pticas: la fotograf\u00eda gastron\u00f3mica vive de los detalles\n<\/span><\/div>","aioseo_breadcrumb_json":[{"label":"Home","link":"https:\/\/candas365.es\/noticias"},{"label":"Revista","link":"https:\/\/candas365.es\/noticias\/category\/revista\/"},{"label":"Delicias \u00f3pticas: la fotograf\u00eda gastron\u00f3mica vive de los detalles","link":"https:\/\/candas365.es\/noticias\/delicias-opticas-la-fotografia-gastronomica-vive-de-los-detalles\/"}],"_links":{"self":[{"href":"https:\/\/candas365.es\/noticias\/wp-json\/wp\/v2\/posts\/172717","targetHints":{"allow":["GET"]}}],"collection":[{"href":"https:\/\/candas365.es\/noticias\/wp-json\/wp\/v2\/posts"}],"about":[{"href":"https:\/\/candas365.es\/noticias\/wp-json\/wp\/v2\/types\/post"}],"author":[{"embeddable":true,"href":"https:\/\/candas365.es\/noticias\/wp-json\/wp\/v2\/users\/1"}],"replies":[{"embeddable":true,"href":"https:\/\/candas365.es\/noticias\/wp-json\/wp\/v2\/comments?post=172717"}],"version-history":[{"count":0,"href":"https:\/\/candas365.es\/noticias\/wp-json\/wp\/v2\/posts\/172717\/revisions"}],"wp:featuredmedia":[{"embeddable":true,"href":"https:\/\/candas365.es\/noticias\/wp-json\/wp\/v2\/media\/172718"}],"wp:attachment":[{"href":"https:\/\/candas365.es\/noticias\/wp-json\/wp\/v2\/media?parent=172717"}],"wp:term":[{"taxonomy":"category","embeddable":true,"href":"https:\/\/candas365.es\/noticias\/wp-json\/wp\/v2\/categories?post=172717"},{"taxonomy":"post_tag","embeddable":true,"href":"https:\/\/candas365.es\/noticias\/wp-json\/wp\/v2\/tags?post=172717"}],"curies":[{"name":"wp","href":"https:\/\/api.w.org\/{rel}","templated":true}]}}