{"id":172650,"date":"2023-03-29T10:28:09","date_gmt":"2023-03-29T08:28:09","guid":{"rendered":"https:\/\/candas365.es\/noticias\/?p=172650"},"modified":"2023-03-29T10:34:42","modified_gmt":"2023-03-29T08:34:42","slug":"la-importancia-de-la-refrigeracion-industrial-de-alimentos","status":"publish","type":"post","link":"https:\/\/candas365.es\/noticias\/la-importancia-de-la-refrigeracion-industrial-de-alimentos\/","title":{"rendered":"La importancia de la refrigeraci\u00f3n industrial de alimentos"},"content":{"rendered":"<p>Son muchas las empresas que cada d\u00eda <strong>crean y producen alimentos que necesitan una buena refrigeraci\u00f3n e incluso maquinaria que les permita congelarlos para que lleguen en buen estado a sus clientes<\/strong>, y tambi\u00e9n son cada d\u00eda m\u00e1s las empresas o emprendedores que invierten y saben los beneficios de<span style=\"color: #000000;\">\u00a0<strong><a title=\"la refrigeracion industrial\" href=\"https:\/\/www.grupodisco.com\/\" target=\"_blank\" rel=\"noopener\"><span style=\"color: #ff6600;\">la refrigeracion industrial<\/span><\/a>.<\/strong><\/span><\/p>\n<p><img fetchpriority=\"high\" decoding=\"async\" class=\"aligncenter wp-image-172651 size-full\" src=\"https:\/\/candas365.es\/noticias\/wp-content\/uploads\/2023\/03\/alimentos.jpg\" alt=\"alimentos\" width=\"640\" height=\"407\" srcset=\"https:\/\/candas365.es\/noticias\/wp-content\/uploads\/2023\/03\/alimentos.jpg 640w, https:\/\/candas365.es\/noticias\/wp-content\/uploads\/2023\/03\/alimentos-360x229.jpg 360w, https:\/\/candas365.es\/noticias\/wp-content\/uploads\/2023\/03\/alimentos-150x95.jpg 150w, https:\/\/candas365.es\/noticias\/wp-content\/uploads\/2023\/03\/alimentos-450x286.jpg 450w\" sizes=\"(max-width: 640px) 100vw, 640px\" \/><\/p>\n<p>Las empresas del sector alimentario son las que llenan los supermercados, peque\u00f1os y medianos negocios e incluso tambi\u00e9n son las que llevan sus alimentos a centros escolares, de mayores o a empresas que ofrecen a clientes o trabajadores diferentes propuestas, ya sea para desayunar, comer o cenar. <strong>Y por tanto esos alimentos deben cumplir con una serie de requisitos y deben estar siempre en buen estado.<\/strong><\/p>\n<p>Por suerte la tecnolog\u00eda ha evolucionado y <strong>ahora es posible mantener en perfecto estado cualquier tipo de alimento gracias a los servicios que ofrece la <a title=\"empresa Sistemas Aut\u00f3nomos\" href=\"https:\/\/sistemasautonomos.com\/\" target=\"_blank\" rel=\"noopener\"><span style=\"color: #ff6600;\">empresa Sistemas Aut\u00f3nomos<\/span><\/a>.<\/strong> Hablamos de una empresa l\u00edder en su sector que ofrece una gran variedad soluciones tanto a la hora de <strong>renovar maquinaria<\/strong> como a la hora de<strong> cambiar piezas o realizar tareas de revisi\u00f3n y mantenimiento para que todo funcione a la perfecci\u00f3n.<\/strong><\/p>\n<h2>Renovarse y actualizarse<\/h2>\n<p>Invertir en calidad y en maquinaria es esencial para cualquier empresa; siempre es importante contar con todo lo necesario para poder ofrecer buenos productos y un servicio de calidad a los clientes y tambi\u00e9n para poder abrir nuevos mercados o aumentar las ventas.<\/p>\n<p>El mundo de la alimentaci\u00f3n es delicado, y por eso es importante ser responsable a la hora de producir y conservar los productos que se van elaborando y almacenando. <strong>Un <a title=\"compresor de frio Copeland\" href=\"https:\/\/sistemasautonomos.com\/servicios\/compresores-copeland\/\" target=\"_blank\" rel=\"noopener\"><span style=\"color: #ff6600;\">compresor de frio Copeland<\/span><\/a> es una muy buena opci\u00f3n cuando deseamos darle ese plus de calidad a nuestra marca o empresa y cuando queremos ofrecer productos frescos, congelados y en perfecto estado.<\/strong><\/p>\n<p><iframe title=\"YouTube video player\" src=\"https:\/\/www.youtube.com\/embed\/Ez4X8ajJ7lE\" width=\"640\" height=\"315\" frameborder=\"0\" allowfullscreen=\"allowfullscreen\"><span data-mce-type=\"bookmark\" style=\"display: inline-block; width: 0px; overflow: hidden; line-height: 0;\" class=\"mce_SELRES_start\">\ufeff<\/span><\/iframe><\/p>\n<h2>Confiar en expertos<\/h2>\n<p>Hasta hace unos a\u00f1os en muchas empresas o negocios se produc\u00edan alimentos para la semana o para el d\u00eda, todo depend\u00eda del nivel de pedidos, clientes y tambi\u00e9n de los productos que se elaboraban y de las zonas en las que se vend\u00edan lo que se iba elaborando. Hoy en d\u00eda los tiempos han cambiando y los mercados tambi\u00e9n, y ahora es posible tener clientes tanto en nuestra provincia, pa\u00eds o incluso en el extranjero. \u00bfC\u00f3mo conservar esos alimentos y productos en buen estado para que lleguen en las mejores condiciones a los puntos de entrega? <strong>Confiando en una empresa que lleva m\u00e1s de cuarenta a\u00f1os ofreciendo un servicio que se adapta a todas las necesidades y que adem\u00e1s es experta en <a title=\"mantenimiento de compresores industriales\" href=\"https:\/\/sistemasautonomos.com\/servicios\/\" target=\"_blank\" rel=\"noopener\"><span style=\"color: #ff6600;\">mantenimiento de compresores industriales<\/span><\/a> y esa empresa es Sistemas Aut\u00f3nomos.<\/strong><\/p>\n<p>Cuando tenemos <strong>una empresa que produce alimentos<\/strong> que necesitan ser conservados a una determinada temperatura no podemos poner en riesgos ni la cadena de producci\u00f3n y conservaci\u00f3n, ni la calidad de los mismos;de ah\u00ed la importancia de trabajar con expertos que puedan ofrecernos soluciones reales y efectivas a todas las necesidades o aver\u00edas que puedan surgir. <strong>Un buen mantenimiento de los sistemas de refrigeraci\u00f3n<\/strong>, disponer de piezas de recambio o adquirir nuevos equipos es necesario tanto para crecer como para poder ofrecer un servicio de calidad que nos posicione en el mercado y que nos ayude a aumentar nuestras ventas y prestigio.<\/p>\n<p>En el mundo de la alimentaci\u00f3n, como en el resto de sectores <strong>siempre es importante contar con expertos que sepan asesorarnos<\/strong>, que revisen nuestras instalaciones y maquinaria y que nos ayuden a detectar esos peque\u00f1os fallos o aver\u00edas que pueden alterar nuestro trabajo.<\/p>\n<p>En el caso de que necesites revisar el estado de tu maquinaria, quieras realizar una revisi\u00f3n o busques nuevas opciones para poder producir m\u00e1s y conservar tus alimentos y productos en buen estado no lo dudes, <strong>la respuesta a tus necesidades te las ofrece Sistemas Aut\u00f3nomos.<\/strong><\/p>\n","protected":false},"excerpt":{"rendered":"<p>Son muchas las empresas que cada d\u00eda crean y producen alimentos que necesitan una buena refrigeraci\u00f3n e incluso maquinaria que les permita congelarlos para que lleguen en buen estado a sus clientes, y tambi\u00e9n son cada d\u00eda m\u00e1s las empresas o emprendedores que invierten y saben los beneficios de\u00a0la refrigeracion industrial. Las empresas del sector<\/p>\n","protected":false},"author":1,"featured_media":172651,"comment_status":"closed","ping_status":"closed","sticky":false,"template":"","format":"standard","meta":{"footnotes":""},"categories":[151],"tags":[383],"class_list":{"0":"post-172650","1":"post","2":"type-post","3":"status-publish","4":"format-standard","5":"has-post-thumbnail","7":"category-canal-empresas","8":"tag-empresas"},"aioseo_notices":[],"aioseo_head":"\n\t\t<!-- All in One SEO Pro 4.9.6.2 - aioseo.com -->\n\t<meta name=\"description\" content=\"Son muchas las empresas que cada d\u00eda crean y producen alimentos que necesitan una buena refrigeraci\u00f3n e incluso maquinaria que les permita congelarlos\" \/>\n\t<meta name=\"robots\" content=\"max-image-preview:large\" \/>\n\t<meta name=\"author\" content=\"Cand\u00e1s 365\"\/>\n\t<meta name=\"google-site-verification\" content=\"UA-32230408-1\" \/>\n\t<meta name=\"msvalidate.01\" content=\"354F3CDFB2DA171B47FBE9ABF1F88D5\" \/>\n\t<meta name=\"keywords\" content=\"canal empresas\" \/>\n\t<link rel=\"canonical\" href=\"https:\/\/candas365.es\/noticias\/la-importancia-de-la-refrigeracion-industrial-de-alimentos\/\" \/>\n\t<meta name=\"generator\" content=\"All in One SEO Pro (AIOSEO) 4.9.6.2\" \/>\n\t\t<meta property=\"og:locale\" content=\"es_ES\" \/>\n\t\t<meta property=\"og:site_name\" content=\"Cand\u00e1s 365\" \/>\n\t\t<meta property=\"og:type\" content=\"article\" \/>\n\t\t<meta property=\"og:title\" content=\"La importancia de la refrigeraci\u00f3n industrial de alimentos | Cand\u00e1s 365\" \/>\n\t\t<meta property=\"og:description\" content=\"Son muchas las empresas que cada d\u00eda crean y producen alimentos que necesitan una buena refrigeraci\u00f3n e incluso maquinaria que les permita congelarlos\" \/>\n\t\t<meta property=\"og:url\" content=\"https:\/\/candas365.es\/noticias\/la-importancia-de-la-refrigeracion-industrial-de-alimentos\/\" \/>\n\t\t<meta property=\"og:image\" content=\"https:\/\/candas365.es\/noticias\/wp-content\/uploads\/2023\/03\/alimentos.jpg\" \/>\n\t\t<meta property=\"og:image:secure_url\" content=\"https:\/\/candas365.es\/noticias\/wp-content\/uploads\/2023\/03\/alimentos.jpg\" \/>\n\t\t<meta property=\"og:image:width\" content=\"640\" \/>\n\t\t<meta property=\"og:image:height\" content=\"407\" \/>\n\t\t<meta property=\"article:published_time\" content=\"2023-03-29T08:28:09+00:00\" \/>\n\t\t<meta property=\"article:modified_time\" content=\"2023-03-29T08:34:42+00:00\" \/>\n\t\t<meta property=\"article:publisher\" content=\"https:\/\/www.facebook.com\/Nachofdezber\" \/>\n\t\t<meta property=\"article:author\" content=\"https:\/\/www.facebook.com\/carrenoactualidad\" \/>\n\t\t<meta name=\"twitter:card\" content=\"summary_large_image\" \/>\n\t\t<meta name=\"twitter:site\" content=\"@NabercoDigital\" \/>\n\t\t<meta name=\"twitter:title\" content=\"La importancia de la refrigeraci\u00f3n industrial de alimentos | Cand\u00e1s 365\" \/>\n\t\t<meta name=\"twitter:description\" content=\"Son muchas las empresas que cada d\u00eda crean y producen alimentos que necesitan una buena refrigeraci\u00f3n e incluso maquinaria que les permita congelarlos\" \/>\n\t\t<meta name=\"twitter:creator\" content=\"@nbasturias\" \/>\n\t\t<meta name=\"twitter:image\" content=\"https:\/\/candas365.es\/noticias\/wp-content\/uploads\/2023\/03\/alimentos.jpg\" \/>\n\t\t<meta name=\"twitter:label1\" content=\"Escrito por\" \/>\n\t\t<meta name=\"twitter:data1\" content=\"Cand\u00e1s 365\" \/>\n\t\t<meta name=\"twitter:label2\" content=\"Tiempo de lectura estimado\" \/>\n\t\t<meta name=\"twitter:data2\" content=\"3 minutos\" \/>\n\t\t<script type=\"application\/ld+json\" class=\"aioseo-schema\">\n\t\t\t{\"@context\":\"https:\\\/\\\/schema.org\",\"@graph\":[{\"@type\":\"BreadcrumbList\",\"@id\":\"https:\\\/\\\/candas365.es\\\/noticias\\\/la-importancia-de-la-refrigeracion-industrial-de-alimentos\\\/#breadcrumblist\",\"itemListElement\":[{\"@type\":\"ListItem\",\"@id\":\"https:\\\/\\\/candas365.es\\\/noticias#listItem\",\"position\":1,\"name\":\"Home\",\"item\":\"https:\\\/\\\/candas365.es\\\/noticias\",\"nextItem\":{\"@type\":\"ListItem\",\"@id\":\"https:\\\/\\\/candas365.es\\\/noticias\\\/category\\\/canal-empresas\\\/#listItem\",\"name\":\"Canal Empresas\"}},{\"@type\":\"ListItem\",\"@id\":\"https:\\\/\\\/candas365.es\\\/noticias\\\/category\\\/canal-empresas\\\/#listItem\",\"position\":2,\"name\":\"Canal Empresas\",\"item\":\"https:\\\/\\\/candas365.es\\\/noticias\\\/category\\\/canal-empresas\\\/\",\"nextItem\":{\"@type\":\"ListItem\",\"@id\":\"https:\\\/\\\/candas365.es\\\/noticias\\\/la-importancia-de-la-refrigeracion-industrial-de-alimentos\\\/#listItem\",\"name\":\"La importancia de la refrigeraci\\u00f3n industrial de alimentos\"},\"previousItem\":{\"@type\":\"ListItem\",\"@id\":\"https:\\\/\\\/candas365.es\\\/noticias#listItem\",\"name\":\"Home\"}},{\"@type\":\"ListItem\",\"@id\":\"https:\\\/\\\/candas365.es\\\/noticias\\\/la-importancia-de-la-refrigeracion-industrial-de-alimentos\\\/#listItem\",\"position\":3,\"name\":\"La importancia de la refrigeraci\\u00f3n industrial de alimentos\",\"previousItem\":{\"@type\":\"ListItem\",\"@id\":\"https:\\\/\\\/candas365.es\\\/noticias\\\/category\\\/canal-empresas\\\/#listItem\",\"name\":\"Canal Empresas\"}}]},{\"@type\":\"NewsArticle\",\"@id\":\"https:\\\/\\\/candas365.es\\\/noticias\\\/la-importancia-de-la-refrigeracion-industrial-de-alimentos\\\/#newsarticle\",\"name\":\"La importancia de la refrigeraci\\u00f3n industrial de alimentos | Cand\\u00e1s 365\",\"headline\":\"La importancia de la refrigeraci\\u00f3n industrial de alimentos\",\"author\":{\"@id\":\"https:\\\/\\\/candas365.es\\\/noticias\\\/author\\\/admin\\\/#author\"},\"publisher\":{\"@id\":\"https:\\\/\\\/candas365.es\\\/noticias\\\/#organization\"},\"image\":{\"@type\":\"ImageObject\",\"url\":\"https:\\\/\\\/candas365.es\\\/noticias\\\/wp-content\\\/uploads\\\/2023\\\/03\\\/alimentos.jpg\",\"width\":640,\"height\":407,\"caption\":\"alimentos\"},\"datePublished\":\"2023-03-29T10:28:09+02:00\",\"dateModified\":\"2023-03-29T10:34:42+02:00\",\"inLanguage\":\"es-ES\",\"mainEntityOfPage\":{\"@id\":\"https:\\\/\\\/candas365.es\\\/noticias\\\/la-importancia-de-la-refrigeracion-industrial-de-alimentos\\\/#webpage\"},\"isPartOf\":{\"@id\":\"https:\\\/\\\/candas365.es\\\/noticias\\\/la-importancia-de-la-refrigeracion-industrial-de-alimentos\\\/#webpage\"},\"articleSection\":\"Canal Empresas, empresas\",\"dateline\":\"Publicado el marzo 29, 2023.\"},{\"@type\":\"Organization\",\"@id\":\"https:\\\/\\\/candas365.es\\\/noticias\\\/#organization\",\"name\":\"Cand\\u00e1s 365\",\"description\":\"Cand\\u00e1s 365 es un diario digital independiente, fundado en 2012, con base en Asturias. Informamos con rigor sobre actualidad, sociedad, cultura y ocio, con una mirada local y global.\",\"url\":\"https:\\\/\\\/candas365.es\\\/noticias\\\/\",\"email\":\"info@candas365.es\",\"telephone\":\"+34652131393\",\"foundingDate\":\"2012-06-10\",\"logo\":{\"@type\":\"ImageObject\",\"url\":\"https:\\\/\\\/candas365.es\\\/noticias\\\/wp-content\\\/uploads\\\/2024\\\/09\\\/Candas-365-Redes.jpg\",\"@id\":\"https:\\\/\\\/candas365.es\\\/noticias\\\/la-importancia-de-la-refrigeracion-industrial-de-alimentos\\\/#organizationLogo\",\"width\":1152,\"height\":864,\"caption\":\"Cand\\u00e1s 365 Redes\"},\"image\":{\"@id\":\"https:\\\/\\\/candas365.es\\\/noticias\\\/la-importancia-de-la-refrigeracion-industrial-de-alimentos\\\/#organizationLogo\"},\"sameAs\":[\"https:\\\/\\\/www.facebook.com\\\/Nachofdezber\",\"https:\\\/\\\/x.com\\\/NabercoDigital\",\"https:\\\/\\\/www.instagram.com\\\/nachofdezber\\\/\",\"https:\\\/\\\/www.youtube.com\\\/channel\\\/UCZP-2wLEB9Rv6erhFmqVnvg\"],\"address\":{\"@id\":\"https:\\\/\\\/candas365.es\\\/noticias\\\/#postaladdress\",\"@type\":\"PostalAddress\",\"streetAddress\":\"san antonio 4, san antonio 4\",\"postalCode\":\"33430\",\"addressLocality\":\"Cand\\u00e1s\",\"addressRegion\":\"Asturias\",\"addressCountry\":\"ES\"}},{\"@type\":\"Person\",\"@id\":\"https:\\\/\\\/candas365.es\\\/noticias\\\/author\\\/admin\\\/#author\",\"url\":\"https:\\\/\\\/candas365.es\\\/noticias\\\/author\\\/admin\\\/\",\"name\":\"Cand\\u00e1s 365\",\"image\":{\"@type\":\"ImageObject\",\"@id\":\"https:\\\/\\\/candas365.es\\\/noticias\\\/la-importancia-de-la-refrigeracion-industrial-de-alimentos\\\/#authorImage\",\"url\":\"https:\\\/\\\/secure.gravatar.com\\\/avatar\\\/496a8e03d0c493ede1718b7934145dbdf8d89be1036b0eec9544e1094c9de390?s=96&d=mm&r=g\",\"width\":96,\"height\":96,\"caption\":\"Cand\\u00e1s 365\"},\"sameAs\":[\"https:\\\/\\\/www.facebook.com\\\/carrenoactualidad\",\"https:\\\/\\\/twitter.com\\\/nbasturias\",\"https:\\\/\\\/www.instagram.com\\\/nachofdezber\\\/\",\"https:\\\/\\\/www.youtube.com\\\/channel\\\/UCZP-2wLEB9Rv6erhFmqVnvg\"]},{\"@type\":\"WebPage\",\"@id\":\"https:\\\/\\\/candas365.es\\\/noticias\\\/la-importancia-de-la-refrigeracion-industrial-de-alimentos\\\/#webpage\",\"url\":\"https:\\\/\\\/candas365.es\\\/noticias\\\/la-importancia-de-la-refrigeracion-industrial-de-alimentos\\\/\",\"name\":\"La importancia de la refrigeraci\\u00f3n industrial de alimentos | Cand\\u00e1s 365\",\"description\":\"Son muchas las empresas que cada d\\u00eda crean y producen alimentos que necesitan una buena refrigeraci\\u00f3n e incluso maquinaria que les permita congelarlos\",\"inLanguage\":\"es-ES\",\"isPartOf\":{\"@id\":\"https:\\\/\\\/candas365.es\\\/noticias\\\/#website\"},\"breadcrumb\":{\"@id\":\"https:\\\/\\\/candas365.es\\\/noticias\\\/la-importancia-de-la-refrigeracion-industrial-de-alimentos\\\/#breadcrumblist\"},\"author\":{\"@id\":\"https:\\\/\\\/candas365.es\\\/noticias\\\/author\\\/admin\\\/#author\"},\"creator\":{\"@id\":\"https:\\\/\\\/candas365.es\\\/noticias\\\/author\\\/admin\\\/#author\"},\"image\":{\"@type\":\"ImageObject\",\"url\":\"https:\\\/\\\/candas365.es\\\/noticias\\\/wp-content\\\/uploads\\\/2023\\\/03\\\/alimentos.jpg\",\"@id\":\"https:\\\/\\\/candas365.es\\\/noticias\\\/la-importancia-de-la-refrigeracion-industrial-de-alimentos\\\/#mainImage\",\"width\":640,\"height\":407,\"caption\":\"alimentos\"},\"primaryImageOfPage\":{\"@id\":\"https:\\\/\\\/candas365.es\\\/noticias\\\/la-importancia-de-la-refrigeracion-industrial-de-alimentos\\\/#mainImage\"},\"datePublished\":\"2023-03-29T10:28:09+02:00\",\"dateModified\":\"2023-03-29T10:34:42+02:00\"},{\"@type\":\"WebSite\",\"@id\":\"https:\\\/\\\/candas365.es\\\/noticias\\\/#website\",\"url\":\"https:\\\/\\\/candas365.es\\\/noticias\\\/\",\"name\":\"Cand\\u00e1s 365\",\"alternateName\":\"Cand\\u00e1s 365 Noticias\",\"description\":\"Actualidad desde Carre\\u00f1o para el mundo\",\"inLanguage\":\"es-ES\",\"publisher\":{\"@id\":\"https:\\\/\\\/candas365.es\\\/noticias\\\/#organization\"}}]}\n\t\t<\/script>\n\t\t<!-- All in One SEO Pro -->\r\n\t\t<title>La importancia de la refrigeraci\u00f3n industrial de alimentos | Cand\u00e1s 365<\/title>\n\n","aioseo_head_json":{"title":"La importancia de la refrigeraci\u00f3n industrial de alimentos | Cand\u00e1s 365","description":"Son muchas las empresas que cada d\u00eda crean y producen alimentos que necesitan una buena refrigeraci\u00f3n e incluso maquinaria que les permita congelarlos","canonical_url":"https:\/\/candas365.es\/noticias\/la-importancia-de-la-refrigeracion-industrial-de-alimentos\/","robots":"max-image-preview:large","keywords":"canal empresas","webmasterTools":{"google-site-verification":"UA-32230408-1","msvalidate.01":"354F3CDFB2DA171B47FBE9ABF1F88D5","miscellaneous":""},"schema":{"@context":"https:\/\/schema.org","@graph":[{"@type":"BreadcrumbList","@id":"https:\/\/candas365.es\/noticias\/la-importancia-de-la-refrigeracion-industrial-de-alimentos\/#breadcrumblist","itemListElement":[{"@type":"ListItem","@id":"https:\/\/candas365.es\/noticias#listItem","position":1,"name":"Home","item":"https:\/\/candas365.es\/noticias","nextItem":{"@type":"ListItem","@id":"https:\/\/candas365.es\/noticias\/category\/canal-empresas\/#listItem","name":"Canal Empresas"}},{"@type":"ListItem","@id":"https:\/\/candas365.es\/noticias\/category\/canal-empresas\/#listItem","position":2,"name":"Canal Empresas","item":"https:\/\/candas365.es\/noticias\/category\/canal-empresas\/","nextItem":{"@type":"ListItem","@id":"https:\/\/candas365.es\/noticias\/la-importancia-de-la-refrigeracion-industrial-de-alimentos\/#listItem","name":"La importancia de la refrigeraci\u00f3n industrial de alimentos"},"previousItem":{"@type":"ListItem","@id":"https:\/\/candas365.es\/noticias#listItem","name":"Home"}},{"@type":"ListItem","@id":"https:\/\/candas365.es\/noticias\/la-importancia-de-la-refrigeracion-industrial-de-alimentos\/#listItem","position":3,"name":"La importancia de la refrigeraci\u00f3n industrial de alimentos","previousItem":{"@type":"ListItem","@id":"https:\/\/candas365.es\/noticias\/category\/canal-empresas\/#listItem","name":"Canal Empresas"}}]},{"@type":"NewsArticle","@id":"https:\/\/candas365.es\/noticias\/la-importancia-de-la-refrigeracion-industrial-de-alimentos\/#newsarticle","name":"La importancia de la refrigeraci\u00f3n industrial de alimentos | Cand\u00e1s 365","headline":"La importancia de la refrigeraci\u00f3n industrial de alimentos","author":{"@id":"https:\/\/candas365.es\/noticias\/author\/admin\/#author"},"publisher":{"@id":"https:\/\/candas365.es\/noticias\/#organization"},"image":{"@type":"ImageObject","url":"https:\/\/candas365.es\/noticias\/wp-content\/uploads\/2023\/03\/alimentos.jpg","width":640,"height":407,"caption":"alimentos"},"datePublished":"2023-03-29T10:28:09+02:00","dateModified":"2023-03-29T10:34:42+02:00","inLanguage":"es-ES","mainEntityOfPage":{"@id":"https:\/\/candas365.es\/noticias\/la-importancia-de-la-refrigeracion-industrial-de-alimentos\/#webpage"},"isPartOf":{"@id":"https:\/\/candas365.es\/noticias\/la-importancia-de-la-refrigeracion-industrial-de-alimentos\/#webpage"},"articleSection":"Canal Empresas, empresas","dateline":"Publicado el marzo 29, 2023."},{"@type":"Organization","@id":"https:\/\/candas365.es\/noticias\/#organization","name":"Cand\u00e1s 365","description":"Cand\u00e1s 365 es un diario digital independiente, fundado en 2012, con base en Asturias. Informamos con rigor sobre actualidad, sociedad, cultura y ocio, con una mirada local y global.","url":"https:\/\/candas365.es\/noticias\/","email":"info@candas365.es","telephone":"+34652131393","foundingDate":"2012-06-10","logo":{"@type":"ImageObject","url":"https:\/\/candas365.es\/noticias\/wp-content\/uploads\/2024\/09\/Candas-365-Redes.jpg","@id":"https:\/\/candas365.es\/noticias\/la-importancia-de-la-refrigeracion-industrial-de-alimentos\/#organizationLogo","width":1152,"height":864,"caption":"Cand\u00e1s 365 Redes"},"image":{"@id":"https:\/\/candas365.es\/noticias\/la-importancia-de-la-refrigeracion-industrial-de-alimentos\/#organizationLogo"},"sameAs":["https:\/\/www.facebook.com\/Nachofdezber","https:\/\/x.com\/NabercoDigital","https:\/\/www.instagram.com\/nachofdezber\/","https:\/\/www.youtube.com\/channel\/UCZP-2wLEB9Rv6erhFmqVnvg"],"address":{"@id":"https:\/\/candas365.es\/noticias\/#postaladdress","@type":"PostalAddress","streetAddress":"san antonio 4, san antonio 4","postalCode":"33430","addressLocality":"Cand\u00e1s","addressRegion":"Asturias","addressCountry":"ES"}},{"@type":"Person","@id":"https:\/\/candas365.es\/noticias\/author\/admin\/#author","url":"https:\/\/candas365.es\/noticias\/author\/admin\/","name":"Cand\u00e1s 365","image":{"@type":"ImageObject","@id":"https:\/\/candas365.es\/noticias\/la-importancia-de-la-refrigeracion-industrial-de-alimentos\/#authorImage","url":"https:\/\/secure.gravatar.com\/avatar\/496a8e03d0c493ede1718b7934145dbdf8d89be1036b0eec9544e1094c9de390?s=96&d=mm&r=g","width":96,"height":96,"caption":"Cand\u00e1s 365"},"sameAs":["https:\/\/www.facebook.com\/carrenoactualidad","https:\/\/twitter.com\/nbasturias","https:\/\/www.instagram.com\/nachofdezber\/","https:\/\/www.youtube.com\/channel\/UCZP-2wLEB9Rv6erhFmqVnvg"]},{"@type":"WebPage","@id":"https:\/\/candas365.es\/noticias\/la-importancia-de-la-refrigeracion-industrial-de-alimentos\/#webpage","url":"https:\/\/candas365.es\/noticias\/la-importancia-de-la-refrigeracion-industrial-de-alimentos\/","name":"La importancia de la refrigeraci\u00f3n industrial de alimentos | Cand\u00e1s 365","description":"Son muchas las empresas que cada d\u00eda crean y producen alimentos que necesitan una buena refrigeraci\u00f3n e incluso maquinaria que les permita congelarlos","inLanguage":"es-ES","isPartOf":{"@id":"https:\/\/candas365.es\/noticias\/#website"},"breadcrumb":{"@id":"https:\/\/candas365.es\/noticias\/la-importancia-de-la-refrigeracion-industrial-de-alimentos\/#breadcrumblist"},"author":{"@id":"https:\/\/candas365.es\/noticias\/author\/admin\/#author"},"creator":{"@id":"https:\/\/candas365.es\/noticias\/author\/admin\/#author"},"image":{"@type":"ImageObject","url":"https:\/\/candas365.es\/noticias\/wp-content\/uploads\/2023\/03\/alimentos.jpg","@id":"https:\/\/candas365.es\/noticias\/la-importancia-de-la-refrigeracion-industrial-de-alimentos\/#mainImage","width":640,"height":407,"caption":"alimentos"},"primaryImageOfPage":{"@id":"https:\/\/candas365.es\/noticias\/la-importancia-de-la-refrigeracion-industrial-de-alimentos\/#mainImage"},"datePublished":"2023-03-29T10:28:09+02:00","dateModified":"2023-03-29T10:34:42+02:00"},{"@type":"WebSite","@id":"https:\/\/candas365.es\/noticias\/#website","url":"https:\/\/candas365.es\/noticias\/","name":"Cand\u00e1s 365","alternateName":"Cand\u00e1s 365 Noticias","description":"Actualidad desde Carre\u00f1o para el mundo","inLanguage":"es-ES","publisher":{"@id":"https:\/\/candas365.es\/noticias\/#organization"}}]},"og:locale":"es_ES","og:site_name":"Cand\u00e1s 365","og:type":"article","og:title":"La importancia de la refrigeraci\u00f3n industrial de alimentos | Cand\u00e1s 365","og:description":"Son muchas las empresas que cada d\u00eda crean y producen alimentos que necesitan una buena refrigeraci\u00f3n e incluso maquinaria que les permita congelarlos","og:url":"https:\/\/candas365.es\/noticias\/la-importancia-de-la-refrigeracion-industrial-de-alimentos\/","og:image":"https:\/\/candas365.es\/noticias\/wp-content\/uploads\/2023\/03\/alimentos.jpg","og:image:secure_url":"https:\/\/candas365.es\/noticias\/wp-content\/uploads\/2023\/03\/alimentos.jpg","og:image:width":640,"og:image:height":407,"article:published_time":"2023-03-29T08:28:09+00:00","article:modified_time":"2023-03-29T08:34:42+00:00","article:publisher":"https:\/\/www.facebook.com\/Nachofdezber","article:author":"https:\/\/www.facebook.com\/carrenoactualidad","twitter:card":"summary_large_image","twitter:site":"@NabercoDigital","twitter:title":"La importancia de la refrigeraci\u00f3n industrial de alimentos | Cand\u00e1s 365","twitter:description":"Son muchas las empresas que cada d\u00eda crean y producen alimentos que necesitan una buena refrigeraci\u00f3n e incluso maquinaria que les permita congelarlos","twitter:creator":"@nbasturias","twitter:image":"https:\/\/candas365.es\/noticias\/wp-content\/uploads\/2023\/03\/alimentos.jpg","twitter:label1":"Escrito por","twitter:data1":"Cand\u00e1s 365","twitter:label2":"Tiempo de lectura estimado","twitter:data2":"3 minutos"},"aioseo_meta_data":{"post_id":"172650","title":null,"description":"Son muchas las empresas que cada d\u00eda crean y producen alimentos que necesitan una buena refrigeraci\u00f3n e incluso maquinaria que les permita congelarlos","keywords":[],"keyphrases":{"focus":{"keyphrase":"alimentos","score":90,"analysis":{"keyphraseInTitle":{"score":9,"maxScore":9,"error":0},"keyphraseInDescription":{"score":9,"maxScore":9,"error":0},"keyphraseLength":{"score":9,"maxScore":9,"error":0,"length":1},"keyphraseInURL":{"score":5,"maxScore":5,"error":0},"keyphraseInIntroduction":{"score":9,"maxScore":9,"error":0},"keyphraseInSubHeadings":{"score":3,"maxScore":9,"error":1},"keyphraseInImageAlt":{"score":9,"maxScore":9,"error":0}}},"additional":[{"keyphrase":"alimentos","score":100,"analysis":{"keyphraseInDescription":{"score":9,"maxScore":9,"error":0},"keyphraseLength":{"score":9,"maxScore":9,"error":0,"length":1},"keyphraseInIntroduction":{"score":9,"maxScore":9,"error":0},"keyphraseInImageAlt":{"score":9,"maxScore":9,"error":0}}},{"keyphrase":"refrigeraci\u00f3n ","score":83,"analysis":{"keyphraseInDescription":{"score":9,"maxScore":9,"error":0},"keyphraseLength":{"score":9,"maxScore":9,"error":0,"length":1},"keyphraseInIntroduction":{"score":9,"maxScore":9,"error":0},"keyphraseInImageAlt":{"score":3,"maxScore":9,"error":1}}}]},"primary_term":null,"canonical_url":null,"og_title":null,"og_description":null,"og_object_type":"default","og_image_type":"default","og_image_url":null,"og_image_width":null,"og_image_height":null,"og_image_custom_url":null,"og_image_custom_fields":null,"og_video":"","og_custom_url":null,"og_article_section":null,"og_article_tags":[],"twitter_use_og":false,"twitter_card":"default","twitter_image_type":"default","twitter_image_url":null,"twitter_image_custom_url":null,"twitter_image_custom_fields":null,"twitter_title":null,"twitter_description":null,"schema":{"blockGraphs":[],"customGraphs":[],"default":{"data":{"Article":[],"Course":[],"Dataset":[],"FAQPage":[],"Movie":[],"Person":[],"Product":[],"ProductReview":[],"Car":[],"Recipe":[],"Service":[],"SoftwareApplication":[],"WebPage":[]},"graphName":"Article","isEnabled":true},"graphs":[]},"schema_type":"default","schema_type_options":null,"pillar_content":false,"robots_default":true,"robots_noindex":false,"robots_noarchive":false,"robots_nosnippet":false,"robots_nofollow":false,"robots_noimageindex":false,"robots_noodp":false,"robots_notranslate":false,"robots_max_snippet":"-1","robots_max_videopreview":"-1","robots_max_imagepreview":"large","priority":null,"frequency":"default","location":null,"local_seo":null,"seo_analyzer_scan_date":"2025-09-01 19:52:18","breadcrumb_settings":null,"limit_modified_date":false,"reviewed_by":null,"open_ai":"{\"title\":{\"suggestions\":[],\"usage\":0},\"description\":{\"suggestions\":[],\"usage\":0}}","ai":null,"created":"2023-03-29 07:45:00","updated":"2025-09-01 19:52:18"},"aioseo_breadcrumb":"<div class=\"aioseo-breadcrumbs\"><span class=\"aioseo-breadcrumb\">\n\t<a href=\"https:\/\/candas365.es\/noticias\" title=\"Home\">Home<\/a>\n<\/span><span class=\"aioseo-breadcrumb-separator\">&ndash;<\/span><span class=\"aioseo-breadcrumb\">\n\t<a href=\"https:\/\/candas365.es\/noticias\/category\/canal-empresas\/\" title=\"Canal Empresas\">Canal Empresas<\/a>\n<\/span><span class=\"aioseo-breadcrumb-separator\">&ndash;<\/span><span class=\"aioseo-breadcrumb\">\n\tLa importancia de la refrigeraci\u00f3n industrial de alimentos\n<\/span><\/div>","aioseo_breadcrumb_json":[{"label":"Home","link":"https:\/\/candas365.es\/noticias"},{"label":"Canal Empresas","link":"https:\/\/candas365.es\/noticias\/category\/canal-empresas\/"},{"label":"La importancia de la refrigeraci\u00f3n industrial de alimentos","link":"https:\/\/candas365.es\/noticias\/la-importancia-de-la-refrigeracion-industrial-de-alimentos\/"}],"_links":{"self":[{"href":"https:\/\/candas365.es\/noticias\/wp-json\/wp\/v2\/posts\/172650","targetHints":{"allow":["GET"]}}],"collection":[{"href":"https:\/\/candas365.es\/noticias\/wp-json\/wp\/v2\/posts"}],"about":[{"href":"https:\/\/candas365.es\/noticias\/wp-json\/wp\/v2\/types\/post"}],"author":[{"embeddable":true,"href":"https:\/\/candas365.es\/noticias\/wp-json\/wp\/v2\/users\/1"}],"replies":[{"embeddable":true,"href":"https:\/\/candas365.es\/noticias\/wp-json\/wp\/v2\/comments?post=172650"}],"version-history":[{"count":0,"href":"https:\/\/candas365.es\/noticias\/wp-json\/wp\/v2\/posts\/172650\/revisions"}],"wp:featuredmedia":[{"embeddable":true,"href":"https:\/\/candas365.es\/noticias\/wp-json\/wp\/v2\/media\/172651"}],"wp:attachment":[{"href":"https:\/\/candas365.es\/noticias\/wp-json\/wp\/v2\/media?parent=172650"}],"wp:term":[{"taxonomy":"category","embeddable":true,"href":"https:\/\/candas365.es\/noticias\/wp-json\/wp\/v2\/categories?post=172650"},{"taxonomy":"post_tag","embeddable":true,"href":"https:\/\/candas365.es\/noticias\/wp-json\/wp\/v2\/tags?post=172650"}],"curies":[{"name":"wp","href":"https:\/\/api.w.org\/{rel}","templated":true}]}}