{"id":172646,"date":"2023-03-28T21:45:23","date_gmt":"2023-03-28T19:45:23","guid":{"rendered":"https:\/\/candas365.es\/noticias\/?p=172646"},"modified":"2023-03-28T21:46:06","modified_gmt":"2023-03-28T19:46:06","slug":"seminario-elaboracion-de-quesos-en-la-llariega-de-el-regueral","status":"publish","type":"post","link":"https:\/\/candas365.es\/noticias\/seminario-elaboracion-de-quesos-en-la-llariega-de-el-regueral\/","title":{"rendered":"Seminario \u201cElaboraci\u00f3n de Quesos\u201d en \u201cLa Llariega\u201d de El Regueral"},"content":{"rendered":"<p>El <span style=\"color: #ff6600;\"><a style=\"color: #ff6600;\" href=\"https:\/\/www.ayto-carreno.es\/\" target=\"_blank\" rel=\"noopener\"><strong>Ayuntamiento de Carre\u00f1o<\/strong><\/a><\/span> ha informado de la actividad desarrollada en la Escuela de Sabores \u201cLa Llariega\u201d de <span style=\"color: #ff6600;\"><a style=\"color: #ff6600;\" href=\"https:\/\/candas365.es\/noticias\/category\/noticias-carreno\/\"><strong>El Regueral<\/strong><\/a><\/span>, ayer lunes acogi\u00f3 el seminario \u201cElaboraci\u00f3n de Quesos\u201d<\/p>\n<figure id=\"attachment_172647\" aria-describedby=\"caption-attachment-172647\" style=\"width: 650px\" class=\"wp-caption alignleft\"><img fetchpriority=\"high\" decoding=\"async\" class=\"wp-image-172647 size-large\" src=\"https:\/\/candas365.es\/noticias\/wp-content\/uploads\/2023\/03\/quesos-650x472.jpg\" alt=\"quesos\" width=\"650\" height=\"472\" srcset=\"https:\/\/candas365.es\/noticias\/wp-content\/uploads\/2023\/03\/quesos-650x472.jpg 650w, https:\/\/candas365.es\/noticias\/wp-content\/uploads\/2023\/03\/quesos-360x261.jpg 360w, https:\/\/candas365.es\/noticias\/wp-content\/uploads\/2023\/03\/quesos-768x558.jpg 768w, https:\/\/candas365.es\/noticias\/wp-content\/uploads\/2023\/03\/quesos-150x109.jpg 150w, https:\/\/candas365.es\/noticias\/wp-content\/uploads\/2023\/03\/quesos-450x327.jpg 450w, https:\/\/candas365.es\/noticias\/wp-content\/uploads\/2023\/03\/quesos.jpg 803w\" sizes=\"(max-width: 650px) 100vw, 650px\" \/><figcaption id=\"caption-attachment-172647\" class=\"wp-caption-text\">FOTO; PRENSA AYUNTAMIENTO DE CARRE\u00d1O<\/figcaption><\/figure>\n<p>El objetivo de este seminario, dirigido a personas <span style=\"color: #ff6600;\"><a style=\"color: #ff6600;\" href=\"https:\/\/www.eldigitaldeasturias.com\/noticias\/category\/gastronomia\/\" target=\"_blank\" rel=\"noopener\"><strong>amantes de los quesos<\/strong><\/a><\/span>, es un primer acercamiento con el que dar a conocer la riqueza, variedad y calidad mar de quesos que atesora Asturias. Adem\u00e1s de descubrir sus caracter\u00edsticas y cualidades y\/o saber, distinguir que tipo de queso es ideal para cada momento del d\u00eda y cu\u00e1l es su maridaje perfecto.<\/p>\n<p>Por lo que, conjugando la teor\u00eda con la pr\u00e1ctica,<strong> bajo las directrices de la quesera artesanal Isaura Souza Ordiales, las 14 personas participantes en el Seminario, de una forma f\u00e1cil y divertida, se adentraron en el mundo de los quesos artesanos asturianos, en su elaboraci\u00f3n y en una cata final.<\/strong><\/p>\n<p>Durante 17 a\u00f1os Souza, Medalla de Asturias 2022, presidi\u00f3 la Asociaci\u00f3n de Queseros Artesanos de Asturias, formada por m\u00e1s 40 queser\u00edas. Hace 27 a\u00f1os puso en Nava en marcha una peque\u00f1a industria artesana en la que elabora una amplia variedad de quesos. Siendo esta la primera queser\u00eda registrada en el Consejo de la Producci\u00f3n Agraria Ecol\u00f3gica (Copae).<\/p>\n<p>La Asociaci\u00f3n de Queseros de Asturias, define a nuestra comunidad como \u201cAsturias pa\u00eds de quesos\u201d. Se trata de la mancha quesera m\u00e1s grande de Europa, y probablemente una de las m\u00e1s grandes del mundo con una tradici\u00f3n muy arraigada a lo largo y ancho de su singular territorio desde tiempos ancestrales. Con m\u00e1s de 40 tipos de quesos diferentes y todas sus variedades seg\u00fan tipos de leche, y algunos casi extinguidos.<\/p>\n<p>La jornada comenz\u00f3 con una rese\u00f1a en relaci\u00f3n a las diferentes marcas de calidad de los quesos asturianos, as\u00ed como de las queser\u00edas que se est\u00e1n haciendo un hueco en el mercado local, nacional e internacional, tanto consiguiendo premios en concursos como gan\u00e1ndose al p\u00fabico. Las diferentes marcas de calidad, las tres incluidas en la Marca \u201cAlimentos del Para\u00edso\u201d son:<\/p>\n<ul>\n<li>Denominaci\u00f3n de Origen, ostentando esta marca los quesos Cabrales, Gamoneu, Afuega\u2019l Pitu, Cas\u00edn,..<\/li>\n<li>Indicaci\u00f3n Geogr\u00e1fica Protegida, IPG, por ejemplo, el queso de Beyos.<\/li>\n<li>Queso Artesano, impulsada por la Asociaci\u00f3n de Queseros Artesanos en el a\u00f1o 2014.<\/li>\n<\/ul>\n<p>Durante la impartici\u00f3n del seminario el alumnado trabaj\u00f3 los diferentes pasos necesarios a la hora de elaboraci\u00f3n de un queso:<\/p>\n<p>Materia prima, esta es fundamentalmente la leche ya sea de vaca, oveja o cabra. En ocasiones y dependiendo de sus caracter\u00edsticas es necesario a\u00f1adir un fermento para elaborar queso. Se explicaron los diferentes tipos de leches, cualidades, adem\u00e1s de c\u00f3mo conseguir el cuajo.<\/p>\n<p>La elaboraci\u00f3n. En este caso se habl\u00f3 de:<\/p>\n<ul>\n<li>Adici\u00f3n de Fermentos.<\/li>\n<li>Tipos de Coagulaci\u00f3n de la Leche.<\/li>\n<li>Tratamiento de la Cuajada.<\/li>\n<li>Moldeado, prensado y salado.<\/li>\n<li>La Maduraci\u00f3n de los quesos.<\/li>\n<\/ul>\n<p>Finalmente, <strong>la jornada finaliz\u00f3 con una cata de cinco quesos asturianos, Ov\u00edn, Franson, Afuega&#8217;l Pitu Rojo, Valle Oscuru y Azul Casirines marinados con sidra ecol\u00f3gica y\/o vino de Cangas en funci\u00f3n de sus cualidades.<\/strong><\/p>\n<p>La impartici\u00f3n de diferentes seminarios, con duraci\u00f3n de un d\u00eda, organizados por el Ayuntamiento de Carre\u00f1o, dentro del programa cultural \u201cCursos Extensi\u00f3n Cultural 2022-2023\u201d continuar\u00e1 con la impartici\u00f3n del \u201cSeminario de Jabones\u201d en el Centro Polivalente \u201cLa Baraga\u00f1a\u201d de Cand\u00e1s.<\/p>\n","protected":false},"excerpt":{"rendered":"<p>El Ayuntamiento de Carre\u00f1o ha informado de la actividad desarrollada en la Escuela de Sabores \u201cLa Llariega\u201d de El Regueral, ayer lunes acogi\u00f3 el seminario \u201cElaboraci\u00f3n de Quesos\u201d El objetivo de este seminario, dirigido a personas amantes de los quesos, es un primer acercamiento con el que dar a conocer la riqueza, variedad y calidad<\/p>\n","protected":false},"author":1,"featured_media":172647,"comment_status":"closed","ping_status":"closed","sticky":false,"template":"","format":"standard","meta":{"footnotes":""},"categories":[2],"tags":[365,452],"class_list":{"0":"post-172646","1":"post","2":"type-post","3":"status-publish","4":"format-standard","5":"has-post-thumbnail","7":"category-noticias-carreno","8":"tag-carreno","9":"tag-gastronomia"},"aioseo_notices":[],"aioseo_head":"\n\t\t<!-- All in One SEO Pro 4.9.6.2 - aioseo.com -->\n\t<meta name=\"description\" content=\"El Ayuntamiento de Carre\u00f1o ha informado de la actividad desarrollada en la Escuela de Sabores \u201cLa Llariega\u201d de El Regueral, ayer lunes acogi\u00f3 el seminario\" \/>\n\t<meta name=\"robots\" content=\"max-image-preview:large\" \/>\n\t<meta name=\"author\" content=\"Cand\u00e1s 365\"\/>\n\t<meta name=\"google-site-verification\" content=\"UA-32230408-1\" \/>\n\t<meta name=\"msvalidate.01\" content=\"354F3CDFB2DA171B47FBE9ABF1F88D5\" \/>\n\t<meta name=\"keywords\" content=\"noticias carre\u00f1o\" \/>\n\t<link rel=\"canonical\" href=\"https:\/\/candas365.es\/noticias\/seminario-elaboracion-de-quesos-en-la-llariega-de-el-regueral\/\" \/>\n\t<meta name=\"generator\" content=\"All in One SEO Pro (AIOSEO) 4.9.6.2\" \/>\n\t\t<meta property=\"og:locale\" content=\"es_ES\" \/>\n\t\t<meta property=\"og:site_name\" content=\"Cand\u00e1s 365\" \/>\n\t\t<meta property=\"og:type\" content=\"article\" \/>\n\t\t<meta property=\"og:title\" content=\"Seminario \u201cElaboraci\u00f3n de Quesos\u201d en \u201cLa Llariega\u201d de El Regueral | Cand\u00e1s 365\" \/>\n\t\t<meta property=\"og:description\" content=\"El Ayuntamiento de Carre\u00f1o ha informado de la actividad desarrollada en la Escuela de Sabores \u201cLa Llariega\u201d de El Regueral, ayer lunes acogi\u00f3 el seminario\" \/>\n\t\t<meta property=\"og:url\" content=\"https:\/\/candas365.es\/noticias\/seminario-elaboracion-de-quesos-en-la-llariega-de-el-regueral\/\" \/>\n\t\t<meta property=\"og:image\" content=\"https:\/\/candas365.es\/noticias\/wp-content\/uploads\/2023\/03\/quesos.jpg\" \/>\n\t\t<meta property=\"og:image:secure_url\" content=\"https:\/\/candas365.es\/noticias\/wp-content\/uploads\/2023\/03\/quesos.jpg\" \/>\n\t\t<meta property=\"og:image:width\" content=\"803\" \/>\n\t\t<meta property=\"og:image:height\" content=\"583\" \/>\n\t\t<meta property=\"article:published_time\" content=\"2023-03-28T19:45:23+00:00\" \/>\n\t\t<meta property=\"article:modified_time\" content=\"2023-03-28T19:46:06+00:00\" \/>\n\t\t<meta property=\"article:publisher\" content=\"https:\/\/www.facebook.com\/Nachofdezber\" \/>\n\t\t<meta property=\"article:author\" content=\"https:\/\/www.facebook.com\/carrenoactualidad\" \/>\n\t\t<meta name=\"twitter:card\" content=\"summary_large_image\" \/>\n\t\t<meta name=\"twitter:site\" content=\"@NabercoDigital\" \/>\n\t\t<meta name=\"twitter:title\" content=\"Seminario \u201cElaboraci\u00f3n de Quesos\u201d en \u201cLa Llariega\u201d de El Regueral | Cand\u00e1s 365\" \/>\n\t\t<meta name=\"twitter:description\" content=\"El Ayuntamiento de Carre\u00f1o ha informado de la actividad desarrollada en la Escuela de Sabores \u201cLa Llariega\u201d de El Regueral, ayer lunes acogi\u00f3 el seminario\" \/>\n\t\t<meta name=\"twitter:creator\" content=\"@nbasturias\" \/>\n\t\t<meta name=\"twitter:image\" content=\"https:\/\/candas365.es\/noticias\/wp-content\/uploads\/2023\/03\/quesos.jpg\" \/>\n\t\t<meta name=\"twitter:label1\" content=\"Escrito por\" \/>\n\t\t<meta name=\"twitter:data1\" content=\"Cand\u00e1s 365\" \/>\n\t\t<meta name=\"twitter:label2\" content=\"Tiempo de lectura estimado\" \/>\n\t\t<meta name=\"twitter:data2\" content=\"3 minutos\" \/>\n\t\t<script type=\"application\/ld+json\" class=\"aioseo-schema\">\n\t\t\t{\"@context\":\"https:\\\/\\\/schema.org\",\"@graph\":[{\"@type\":\"BreadcrumbList\",\"@id\":\"https:\\\/\\\/candas365.es\\\/noticias\\\/seminario-elaboracion-de-quesos-en-la-llariega-de-el-regueral\\\/#breadcrumblist\",\"itemListElement\":[{\"@type\":\"ListItem\",\"@id\":\"https:\\\/\\\/candas365.es\\\/noticias#listItem\",\"position\":1,\"name\":\"Home\",\"item\":\"https:\\\/\\\/candas365.es\\\/noticias\",\"nextItem\":{\"@type\":\"ListItem\",\"@id\":\"https:\\\/\\\/candas365.es\\\/noticias\\\/category\\\/noticias-carreno\\\/#listItem\",\"name\":\"Noticias Carre\\u00f1o\"}},{\"@type\":\"ListItem\",\"@id\":\"https:\\\/\\\/candas365.es\\\/noticias\\\/category\\\/noticias-carreno\\\/#listItem\",\"position\":2,\"name\":\"Noticias Carre\\u00f1o\",\"item\":\"https:\\\/\\\/candas365.es\\\/noticias\\\/category\\\/noticias-carreno\\\/\",\"nextItem\":{\"@type\":\"ListItem\",\"@id\":\"https:\\\/\\\/candas365.es\\\/noticias\\\/seminario-elaboracion-de-quesos-en-la-llariega-de-el-regueral\\\/#listItem\",\"name\":\"Seminario \\u201cElaboraci\\u00f3n de Quesos\\u201d en \\u201cLa Llariega\\u201d de El Regueral\"},\"previousItem\":{\"@type\":\"ListItem\",\"@id\":\"https:\\\/\\\/candas365.es\\\/noticias#listItem\",\"name\":\"Home\"}},{\"@type\":\"ListItem\",\"@id\":\"https:\\\/\\\/candas365.es\\\/noticias\\\/seminario-elaboracion-de-quesos-en-la-llariega-de-el-regueral\\\/#listItem\",\"position\":3,\"name\":\"Seminario \\u201cElaboraci\\u00f3n de Quesos\\u201d en \\u201cLa Llariega\\u201d de El Regueral\",\"previousItem\":{\"@type\":\"ListItem\",\"@id\":\"https:\\\/\\\/candas365.es\\\/noticias\\\/category\\\/noticias-carreno\\\/#listItem\",\"name\":\"Noticias Carre\\u00f1o\"}}]},{\"@type\":\"NewsArticle\",\"@id\":\"https:\\\/\\\/candas365.es\\\/noticias\\\/seminario-elaboracion-de-quesos-en-la-llariega-de-el-regueral\\\/#newsarticle\",\"name\":\"Seminario \\u201cElaboraci\\u00f3n de Quesos\\u201d en \\u201cLa Llariega\\u201d de El Regueral | Cand\\u00e1s 365\",\"headline\":\"Seminario \\u201cElaboraci\\u00f3n de Quesos\\u201d en \\u201cLa Llariega\\u201d de El Regueral\",\"author\":{\"@id\":\"https:\\\/\\\/candas365.es\\\/noticias\\\/author\\\/admin\\\/#author\"},\"publisher\":{\"@id\":\"https:\\\/\\\/candas365.es\\\/noticias\\\/#organization\"},\"image\":{\"@type\":\"ImageObject\",\"url\":\"https:\\\/\\\/candas365.es\\\/noticias\\\/wp-content\\\/uploads\\\/2023\\\/03\\\/quesos.jpg\",\"width\":803,\"height\":583,\"caption\":\"FOTO; PRENSA AYUNTAMIENTO DE CARRE\\u00d1O\"},\"datePublished\":\"2023-03-28T21:45:23+02:00\",\"dateModified\":\"2023-03-28T21:46:06+02:00\",\"inLanguage\":\"es-ES\",\"mainEntityOfPage\":{\"@id\":\"https:\\\/\\\/candas365.es\\\/noticias\\\/seminario-elaboracion-de-quesos-en-la-llariega-de-el-regueral\\\/#webpage\"},\"isPartOf\":{\"@id\":\"https:\\\/\\\/candas365.es\\\/noticias\\\/seminario-elaboracion-de-quesos-en-la-llariega-de-el-regueral\\\/#webpage\"},\"articleSection\":\"Noticias Carre\\u00f1o, Carre\\u00f1o, Gastronom\\u00eda\",\"dateline\":\"Publicado el marzo 28, 2023.\"},{\"@type\":\"Organization\",\"@id\":\"https:\\\/\\\/candas365.es\\\/noticias\\\/#organization\",\"name\":\"Cand\\u00e1s 365\",\"description\":\"Cand\\u00e1s 365 es un diario digital independiente, fundado en 2012, con base en Asturias. Informamos con rigor sobre actualidad, sociedad, cultura y ocio, con una mirada local y global.\",\"url\":\"https:\\\/\\\/candas365.es\\\/noticias\\\/\",\"email\":\"info@candas365.es\",\"telephone\":\"+34652131393\",\"foundingDate\":\"2012-06-10\",\"logo\":{\"@type\":\"ImageObject\",\"url\":\"https:\\\/\\\/candas365.es\\\/noticias\\\/wp-content\\\/uploads\\\/2024\\\/09\\\/Candas-365-Redes.jpg\",\"@id\":\"https:\\\/\\\/candas365.es\\\/noticias\\\/seminario-elaboracion-de-quesos-en-la-llariega-de-el-regueral\\\/#organizationLogo\",\"width\":1152,\"height\":864,\"caption\":\"Cand\\u00e1s 365 Redes\"},\"image\":{\"@id\":\"https:\\\/\\\/candas365.es\\\/noticias\\\/seminario-elaboracion-de-quesos-en-la-llariega-de-el-regueral\\\/#organizationLogo\"},\"sameAs\":[\"https:\\\/\\\/www.facebook.com\\\/Nachofdezber\",\"https:\\\/\\\/x.com\\\/NabercoDigital\",\"https:\\\/\\\/www.instagram.com\\\/nachofdezber\\\/\",\"https:\\\/\\\/www.youtube.com\\\/channel\\\/UCZP-2wLEB9Rv6erhFmqVnvg\"],\"address\":{\"@id\":\"https:\\\/\\\/candas365.es\\\/noticias\\\/#postaladdress\",\"@type\":\"PostalAddress\",\"streetAddress\":\"san antonio 4, san antonio 4\",\"postalCode\":\"33430\",\"addressLocality\":\"Cand\\u00e1s\",\"addressRegion\":\"Asturias\",\"addressCountry\":\"ES\"}},{\"@type\":\"Person\",\"@id\":\"https:\\\/\\\/candas365.es\\\/noticias\\\/author\\\/admin\\\/#author\",\"url\":\"https:\\\/\\\/candas365.es\\\/noticias\\\/author\\\/admin\\\/\",\"name\":\"Cand\\u00e1s 365\",\"image\":{\"@type\":\"ImageObject\",\"@id\":\"https:\\\/\\\/candas365.es\\\/noticias\\\/seminario-elaboracion-de-quesos-en-la-llariega-de-el-regueral\\\/#authorImage\",\"url\":\"https:\\\/\\\/secure.gravatar.com\\\/avatar\\\/496a8e03d0c493ede1718b7934145dbdf8d89be1036b0eec9544e1094c9de390?s=96&d=mm&r=g\",\"width\":96,\"height\":96,\"caption\":\"Cand\\u00e1s 365\"},\"sameAs\":[\"https:\\\/\\\/www.facebook.com\\\/carrenoactualidad\",\"https:\\\/\\\/twitter.com\\\/nbasturias\",\"https:\\\/\\\/www.instagram.com\\\/nachofdezber\\\/\",\"https:\\\/\\\/www.youtube.com\\\/channel\\\/UCZP-2wLEB9Rv6erhFmqVnvg\"]},{\"@type\":\"WebPage\",\"@id\":\"https:\\\/\\\/candas365.es\\\/noticias\\\/seminario-elaboracion-de-quesos-en-la-llariega-de-el-regueral\\\/#webpage\",\"url\":\"https:\\\/\\\/candas365.es\\\/noticias\\\/seminario-elaboracion-de-quesos-en-la-llariega-de-el-regueral\\\/\",\"name\":\"Seminario \\u201cElaboraci\\u00f3n de Quesos\\u201d en \\u201cLa Llariega\\u201d de El Regueral | Cand\\u00e1s 365\",\"description\":\"El Ayuntamiento de Carre\\u00f1o ha informado de la actividad desarrollada en la Escuela de Sabores \\u201cLa Llariega\\u201d de El Regueral, ayer lunes acogi\\u00f3 el seminario\",\"inLanguage\":\"es-ES\",\"isPartOf\":{\"@id\":\"https:\\\/\\\/candas365.es\\\/noticias\\\/#website\"},\"breadcrumb\":{\"@id\":\"https:\\\/\\\/candas365.es\\\/noticias\\\/seminario-elaboracion-de-quesos-en-la-llariega-de-el-regueral\\\/#breadcrumblist\"},\"author\":{\"@id\":\"https:\\\/\\\/candas365.es\\\/noticias\\\/author\\\/admin\\\/#author\"},\"creator\":{\"@id\":\"https:\\\/\\\/candas365.es\\\/noticias\\\/author\\\/admin\\\/#author\"},\"image\":{\"@type\":\"ImageObject\",\"url\":\"https:\\\/\\\/candas365.es\\\/noticias\\\/wp-content\\\/uploads\\\/2023\\\/03\\\/quesos.jpg\",\"@id\":\"https:\\\/\\\/candas365.es\\\/noticias\\\/seminario-elaboracion-de-quesos-en-la-llariega-de-el-regueral\\\/#mainImage\",\"width\":803,\"height\":583,\"caption\":\"FOTO; PRENSA AYUNTAMIENTO DE CARRE\\u00d1O\"},\"primaryImageOfPage\":{\"@id\":\"https:\\\/\\\/candas365.es\\\/noticias\\\/seminario-elaboracion-de-quesos-en-la-llariega-de-el-regueral\\\/#mainImage\"},\"datePublished\":\"2023-03-28T21:45:23+02:00\",\"dateModified\":\"2023-03-28T21:46:06+02:00\"},{\"@type\":\"WebSite\",\"@id\":\"https:\\\/\\\/candas365.es\\\/noticias\\\/#website\",\"url\":\"https:\\\/\\\/candas365.es\\\/noticias\\\/\",\"name\":\"Cand\\u00e1s 365\",\"alternateName\":\"Cand\\u00e1s 365 Noticias\",\"description\":\"Actualidad desde Carre\\u00f1o para el mundo\",\"inLanguage\":\"es-ES\",\"publisher\":{\"@id\":\"https:\\\/\\\/candas365.es\\\/noticias\\\/#organization\"}}]}\n\t\t<\/script>\n\t\t<!-- All in One SEO Pro -->\r\n\t\t<title>Seminario \u201cElaboraci\u00f3n de Quesos\u201d en \u201cLa Llariega\u201d de El Regueral | Cand\u00e1s 365<\/title>\n\n","aioseo_head_json":{"title":"Seminario \u201cElaboraci\u00f3n de Quesos\u201d en \u201cLa Llariega\u201d de El Regueral | Cand\u00e1s 365","description":"El Ayuntamiento de Carre\u00f1o ha informado de la actividad desarrollada en la Escuela de Sabores \u201cLa Llariega\u201d de El Regueral, ayer lunes acogi\u00f3 el seminario","canonical_url":"https:\/\/candas365.es\/noticias\/seminario-elaboracion-de-quesos-en-la-llariega-de-el-regueral\/","robots":"max-image-preview:large","keywords":"noticias carre\u00f1o","webmasterTools":{"google-site-verification":"UA-32230408-1","msvalidate.01":"354F3CDFB2DA171B47FBE9ABF1F88D5","miscellaneous":""},"schema":{"@context":"https:\/\/schema.org","@graph":[{"@type":"BreadcrumbList","@id":"https:\/\/candas365.es\/noticias\/seminario-elaboracion-de-quesos-en-la-llariega-de-el-regueral\/#breadcrumblist","itemListElement":[{"@type":"ListItem","@id":"https:\/\/candas365.es\/noticias#listItem","position":1,"name":"Home","item":"https:\/\/candas365.es\/noticias","nextItem":{"@type":"ListItem","@id":"https:\/\/candas365.es\/noticias\/category\/noticias-carreno\/#listItem","name":"Noticias Carre\u00f1o"}},{"@type":"ListItem","@id":"https:\/\/candas365.es\/noticias\/category\/noticias-carreno\/#listItem","position":2,"name":"Noticias Carre\u00f1o","item":"https:\/\/candas365.es\/noticias\/category\/noticias-carreno\/","nextItem":{"@type":"ListItem","@id":"https:\/\/candas365.es\/noticias\/seminario-elaboracion-de-quesos-en-la-llariega-de-el-regueral\/#listItem","name":"Seminario \u201cElaboraci\u00f3n de Quesos\u201d en \u201cLa Llariega\u201d de El Regueral"},"previousItem":{"@type":"ListItem","@id":"https:\/\/candas365.es\/noticias#listItem","name":"Home"}},{"@type":"ListItem","@id":"https:\/\/candas365.es\/noticias\/seminario-elaboracion-de-quesos-en-la-llariega-de-el-regueral\/#listItem","position":3,"name":"Seminario \u201cElaboraci\u00f3n de Quesos\u201d en \u201cLa Llariega\u201d de El Regueral","previousItem":{"@type":"ListItem","@id":"https:\/\/candas365.es\/noticias\/category\/noticias-carreno\/#listItem","name":"Noticias Carre\u00f1o"}}]},{"@type":"NewsArticle","@id":"https:\/\/candas365.es\/noticias\/seminario-elaboracion-de-quesos-en-la-llariega-de-el-regueral\/#newsarticle","name":"Seminario \u201cElaboraci\u00f3n de Quesos\u201d en \u201cLa Llariega\u201d de El Regueral | Cand\u00e1s 365","headline":"Seminario \u201cElaboraci\u00f3n de Quesos\u201d en \u201cLa Llariega\u201d de El Regueral","author":{"@id":"https:\/\/candas365.es\/noticias\/author\/admin\/#author"},"publisher":{"@id":"https:\/\/candas365.es\/noticias\/#organization"},"image":{"@type":"ImageObject","url":"https:\/\/candas365.es\/noticias\/wp-content\/uploads\/2023\/03\/quesos.jpg","width":803,"height":583,"caption":"FOTO; PRENSA AYUNTAMIENTO DE CARRE\u00d1O"},"datePublished":"2023-03-28T21:45:23+02:00","dateModified":"2023-03-28T21:46:06+02:00","inLanguage":"es-ES","mainEntityOfPage":{"@id":"https:\/\/candas365.es\/noticias\/seminario-elaboracion-de-quesos-en-la-llariega-de-el-regueral\/#webpage"},"isPartOf":{"@id":"https:\/\/candas365.es\/noticias\/seminario-elaboracion-de-quesos-en-la-llariega-de-el-regueral\/#webpage"},"articleSection":"Noticias Carre\u00f1o, Carre\u00f1o, Gastronom\u00eda","dateline":"Publicado el marzo 28, 2023."},{"@type":"Organization","@id":"https:\/\/candas365.es\/noticias\/#organization","name":"Cand\u00e1s 365","description":"Cand\u00e1s 365 es un diario digital independiente, fundado en 2012, con base en Asturias. Informamos con rigor sobre actualidad, sociedad, cultura y ocio, con una mirada local y global.","url":"https:\/\/candas365.es\/noticias\/","email":"info@candas365.es","telephone":"+34652131393","foundingDate":"2012-06-10","logo":{"@type":"ImageObject","url":"https:\/\/candas365.es\/noticias\/wp-content\/uploads\/2024\/09\/Candas-365-Redes.jpg","@id":"https:\/\/candas365.es\/noticias\/seminario-elaboracion-de-quesos-en-la-llariega-de-el-regueral\/#organizationLogo","width":1152,"height":864,"caption":"Cand\u00e1s 365 Redes"},"image":{"@id":"https:\/\/candas365.es\/noticias\/seminario-elaboracion-de-quesos-en-la-llariega-de-el-regueral\/#organizationLogo"},"sameAs":["https:\/\/www.facebook.com\/Nachofdezber","https:\/\/x.com\/NabercoDigital","https:\/\/www.instagram.com\/nachofdezber\/","https:\/\/www.youtube.com\/channel\/UCZP-2wLEB9Rv6erhFmqVnvg"],"address":{"@id":"https:\/\/candas365.es\/noticias\/#postaladdress","@type":"PostalAddress","streetAddress":"san antonio 4, san antonio 4","postalCode":"33430","addressLocality":"Cand\u00e1s","addressRegion":"Asturias","addressCountry":"ES"}},{"@type":"Person","@id":"https:\/\/candas365.es\/noticias\/author\/admin\/#author","url":"https:\/\/candas365.es\/noticias\/author\/admin\/","name":"Cand\u00e1s 365","image":{"@type":"ImageObject","@id":"https:\/\/candas365.es\/noticias\/seminario-elaboracion-de-quesos-en-la-llariega-de-el-regueral\/#authorImage","url":"https:\/\/secure.gravatar.com\/avatar\/496a8e03d0c493ede1718b7934145dbdf8d89be1036b0eec9544e1094c9de390?s=96&d=mm&r=g","width":96,"height":96,"caption":"Cand\u00e1s 365"},"sameAs":["https:\/\/www.facebook.com\/carrenoactualidad","https:\/\/twitter.com\/nbasturias","https:\/\/www.instagram.com\/nachofdezber\/","https:\/\/www.youtube.com\/channel\/UCZP-2wLEB9Rv6erhFmqVnvg"]},{"@type":"WebPage","@id":"https:\/\/candas365.es\/noticias\/seminario-elaboracion-de-quesos-en-la-llariega-de-el-regueral\/#webpage","url":"https:\/\/candas365.es\/noticias\/seminario-elaboracion-de-quesos-en-la-llariega-de-el-regueral\/","name":"Seminario \u201cElaboraci\u00f3n de Quesos\u201d en \u201cLa Llariega\u201d de El Regueral | Cand\u00e1s 365","description":"El Ayuntamiento de Carre\u00f1o ha informado de la actividad desarrollada en la Escuela de Sabores \u201cLa Llariega\u201d de El Regueral, ayer lunes acogi\u00f3 el seminario","inLanguage":"es-ES","isPartOf":{"@id":"https:\/\/candas365.es\/noticias\/#website"},"breadcrumb":{"@id":"https:\/\/candas365.es\/noticias\/seminario-elaboracion-de-quesos-en-la-llariega-de-el-regueral\/#breadcrumblist"},"author":{"@id":"https:\/\/candas365.es\/noticias\/author\/admin\/#author"},"creator":{"@id":"https:\/\/candas365.es\/noticias\/author\/admin\/#author"},"image":{"@type":"ImageObject","url":"https:\/\/candas365.es\/noticias\/wp-content\/uploads\/2023\/03\/quesos.jpg","@id":"https:\/\/candas365.es\/noticias\/seminario-elaboracion-de-quesos-en-la-llariega-de-el-regueral\/#mainImage","width":803,"height":583,"caption":"FOTO; PRENSA AYUNTAMIENTO DE CARRE\u00d1O"},"primaryImageOfPage":{"@id":"https:\/\/candas365.es\/noticias\/seminario-elaboracion-de-quesos-en-la-llariega-de-el-regueral\/#mainImage"},"datePublished":"2023-03-28T21:45:23+02:00","dateModified":"2023-03-28T21:46:06+02:00"},{"@type":"WebSite","@id":"https:\/\/candas365.es\/noticias\/#website","url":"https:\/\/candas365.es\/noticias\/","name":"Cand\u00e1s 365","alternateName":"Cand\u00e1s 365 Noticias","description":"Actualidad desde Carre\u00f1o para el mundo","inLanguage":"es-ES","publisher":{"@id":"https:\/\/candas365.es\/noticias\/#organization"}}]},"og:locale":"es_ES","og:site_name":"Cand\u00e1s 365","og:type":"article","og:title":"Seminario \u201cElaboraci\u00f3n de Quesos\u201d en \u201cLa Llariega\u201d de El Regueral | Cand\u00e1s 365","og:description":"El Ayuntamiento de Carre\u00f1o ha informado de la actividad desarrollada en la Escuela de Sabores \u201cLa Llariega\u201d de El Regueral, ayer lunes acogi\u00f3 el seminario","og:url":"https:\/\/candas365.es\/noticias\/seminario-elaboracion-de-quesos-en-la-llariega-de-el-regueral\/","og:image":"https:\/\/candas365.es\/noticias\/wp-content\/uploads\/2023\/03\/quesos.jpg","og:image:secure_url":"https:\/\/candas365.es\/noticias\/wp-content\/uploads\/2023\/03\/quesos.jpg","og:image:width":803,"og:image:height":583,"article:published_time":"2023-03-28T19:45:23+00:00","article:modified_time":"2023-03-28T19:46:06+00:00","article:publisher":"https:\/\/www.facebook.com\/Nachofdezber","article:author":"https:\/\/www.facebook.com\/carrenoactualidad","twitter:card":"summary_large_image","twitter:site":"@NabercoDigital","twitter:title":"Seminario \u201cElaboraci\u00f3n de Quesos\u201d en \u201cLa Llariega\u201d de El Regueral | Cand\u00e1s 365","twitter:description":"El Ayuntamiento de Carre\u00f1o ha informado de la actividad desarrollada en la Escuela de Sabores \u201cLa Llariega\u201d de El Regueral, ayer lunes acogi\u00f3 el seminario","twitter:creator":"@nbasturias","twitter:image":"https:\/\/candas365.es\/noticias\/wp-content\/uploads\/2023\/03\/quesos.jpg","twitter:label1":"Escrito por","twitter:data1":"Cand\u00e1s 365","twitter:label2":"Tiempo de lectura estimado","twitter:data2":"3 minutos"},"aioseo_meta_data":{"post_id":"172646","title":null,"description":"El Ayuntamiento de Carre\u00f1o ha informado de la actividad desarrollada en la Escuela de Sabores \u201cLa Llariega\u201d de El Regueral, ayer lunes acogi\u00f3 el seminario","keywords":[],"keyphrases":{"focus":{"keyphrase":"El Regueral","score":88,"analysis":{"keyphraseInTitle":{"score":9,"maxScore":9,"error":0},"keyphraseInDescription":{"score":9,"maxScore":9,"error":0},"keyphraseLength":{"score":9,"maxScore":9,"error":0,"length":2},"keyphraseInURL":{"score":5,"maxScore":5,"error":0},"keyphraseInIntroduction":{"score":9,"maxScore":9,"error":0},"keyphraseInSubHeadings":[],"keyphraseInImageAlt":{"score":3,"maxScore":9,"error":1}}},"additional":[{"keyphrase":"\u201cLa Llariega\u201d ","score":83,"analysis":{"keyphraseInDescription":{"score":9,"maxScore":9,"error":0},"keyphraseLength":{"score":9,"maxScore":9,"error":0,"length":2},"keyphraseInIntroduction":{"score":9,"maxScore":9,"error":0},"keyphraseInImageAlt":{"score":3,"maxScore":9,"error":1}}},{"keyphrase":"El Regueral","score":83,"analysis":{"keyphraseInDescription":{"score":9,"maxScore":9,"error":0},"keyphraseLength":{"score":9,"maxScore":9,"error":0,"length":2},"keyphraseInIntroduction":{"score":9,"maxScore":9,"error":0},"keyphraseInImageAlt":{"score":3,"maxScore":9,"error":1}}}]},"primary_term":null,"canonical_url":null,"og_title":null,"og_description":null,"og_object_type":"default","og_image_type":"default","og_image_url":null,"og_image_width":null,"og_image_height":null,"og_image_custom_url":null,"og_image_custom_fields":null,"og_video":"","og_custom_url":null,"og_article_section":null,"og_article_tags":[],"twitter_use_og":false,"twitter_card":"default","twitter_image_type":"default","twitter_image_url":null,"twitter_image_custom_url":null,"twitter_image_custom_fields":null,"twitter_title":null,"twitter_description":null,"schema":{"blockGraphs":[],"customGraphs":[],"default":{"data":{"Article":[],"Course":[],"Dataset":[],"FAQPage":[],"Movie":[],"Person":[],"Product":[],"ProductReview":[],"Car":[],"Recipe":[],"Service":[],"SoftwareApplication":[],"WebPage":[]},"graphName":"Article","isEnabled":true},"graphs":[]},"schema_type":"default","schema_type_options":null,"pillar_content":false,"robots_default":true,"robots_noindex":false,"robots_noarchive":false,"robots_nosnippet":false,"robots_nofollow":false,"robots_noimageindex":false,"robots_noodp":false,"robots_notranslate":false,"robots_max_snippet":"-1","robots_max_videopreview":"-1","robots_max_imagepreview":"large","priority":null,"frequency":"default","location":null,"local_seo":null,"seo_analyzer_scan_date":"2025-09-01 19:51:41","breadcrumb_settings":null,"limit_modified_date":false,"reviewed_by":null,"open_ai":"{\"title\":{\"suggestions\":[],\"usage\":0},\"description\":{\"suggestions\":[],\"usage\":0}}","ai":null,"created":"2023-03-28 19:37:22","updated":"2025-09-01 19:51:41"},"aioseo_breadcrumb":"<div class=\"aioseo-breadcrumbs\"><span class=\"aioseo-breadcrumb\">\n\t<a href=\"https:\/\/candas365.es\/noticias\" title=\"Home\">Home<\/a>\n<\/span><span class=\"aioseo-breadcrumb-separator\">&ndash;<\/span><span class=\"aioseo-breadcrumb\">\n\t<a href=\"https:\/\/candas365.es\/noticias\/category\/noticias-carreno\/\" title=\"Noticias Carre\u00f1o\">Noticias Carre\u00f1o<\/a>\n<\/span><span class=\"aioseo-breadcrumb-separator\">&ndash;<\/span><span class=\"aioseo-breadcrumb\">\n\tSeminario \u201cElaboraci\u00f3n de Quesos\u201d en \u201cLa Llariega\u201d de El Regueral\n<\/span><\/div>","aioseo_breadcrumb_json":[{"label":"Home","link":"https:\/\/candas365.es\/noticias"},{"label":"Noticias Carre\u00f1o","link":"https:\/\/candas365.es\/noticias\/category\/noticias-carreno\/"},{"label":"Seminario \u201cElaboraci\u00f3n de Quesos\u201d en \u201cLa Llariega\u201d de El Regueral","link":"https:\/\/candas365.es\/noticias\/seminario-elaboracion-de-quesos-en-la-llariega-de-el-regueral\/"}],"_links":{"self":[{"href":"https:\/\/candas365.es\/noticias\/wp-json\/wp\/v2\/posts\/172646","targetHints":{"allow":["GET"]}}],"collection":[{"href":"https:\/\/candas365.es\/noticias\/wp-json\/wp\/v2\/posts"}],"about":[{"href":"https:\/\/candas365.es\/noticias\/wp-json\/wp\/v2\/types\/post"}],"author":[{"embeddable":true,"href":"https:\/\/candas365.es\/noticias\/wp-json\/wp\/v2\/users\/1"}],"replies":[{"embeddable":true,"href":"https:\/\/candas365.es\/noticias\/wp-json\/wp\/v2\/comments?post=172646"}],"version-history":[{"count":0,"href":"https:\/\/candas365.es\/noticias\/wp-json\/wp\/v2\/posts\/172646\/revisions"}],"wp:featuredmedia":[{"embeddable":true,"href":"https:\/\/candas365.es\/noticias\/wp-json\/wp\/v2\/media\/172647"}],"wp:attachment":[{"href":"https:\/\/candas365.es\/noticias\/wp-json\/wp\/v2\/media?parent=172646"}],"wp:term":[{"taxonomy":"category","embeddable":true,"href":"https:\/\/candas365.es\/noticias\/wp-json\/wp\/v2\/categories?post=172646"},{"taxonomy":"post_tag","embeddable":true,"href":"https:\/\/candas365.es\/noticias\/wp-json\/wp\/v2\/tags?post=172646"}],"curies":[{"name":"wp","href":"https:\/\/api.w.org\/{rel}","templated":true}]}}