{"id":172574,"date":"2023-03-26T19:54:29","date_gmt":"2023-03-26T17:54:29","guid":{"rendered":"https:\/\/candas365.es\/noticias\/?p=172574"},"modified":"2023-03-26T19:54:29","modified_gmt":"2023-03-26T17:54:29","slug":"anorexia-atletica-cuando-el-deporte-causa-un-trastorno-alimentario","status":"publish","type":"post","link":"https:\/\/candas365.es\/noticias\/anorexia-atletica-cuando-el-deporte-causa-un-trastorno-alimentario\/","title":{"rendered":"\u00abAnorexia atl\u00e9tica\u00bb, cuando el deporte causa un trastorno alimentario"},"content":{"rendered":"<p>(dpa) &#8211; Cuando la exgimnasta alemana <strong>Kim Bui<\/strong> entrena hoy en d\u00eda a j\u00f3venes atletas, <strong>la preparaci\u00f3n no se limita \u00fanicamente a la <span style=\"color: #ff6600;\"><a style=\"color: #ff6600;\" href=\"https:\/\/www.eldigitaldeasturias.com\/noticias\/category\/deportes\/\" target=\"_blank\" rel=\"noopener\">parte deportiva<\/a><\/span>.<\/strong><\/p>\n<figure id=\"attachment_172575\" aria-describedby=\"caption-attachment-172575\" style=\"width: 650px\" class=\"wp-caption aligncenter\"><img fetchpriority=\"high\" decoding=\"async\" class=\"wp-image-172575 size-large\" src=\"https:\/\/candas365.es\/noticias\/wp-content\/uploads\/2023\/03\/Kim-Bui-650x431.jpg\" alt=\"Kim Bui\" width=\"650\" height=\"431\" srcset=\"https:\/\/candas365.es\/noticias\/wp-content\/uploads\/2023\/03\/Kim-Bui-650x431.jpg 650w, https:\/\/candas365.es\/noticias\/wp-content\/uploads\/2023\/03\/Kim-Bui-360x239.jpg 360w, https:\/\/candas365.es\/noticias\/wp-content\/uploads\/2023\/03\/Kim-Bui-768x510.jpg 768w, https:\/\/candas365.es\/noticias\/wp-content\/uploads\/2023\/03\/Kim-Bui-150x100.jpg 150w, https:\/\/candas365.es\/noticias\/wp-content\/uploads\/2023\/03\/Kim-Bui-450x299.jpg 450w, https:\/\/candas365.es\/noticias\/wp-content\/uploads\/2023\/03\/Kim-Bui.jpg 1002w\" sizes=\"(max-width: 650px) 100vw, 650px\" \/><figcaption id=\"caption-attachment-172575\" class=\"wp-caption-text\">La exgimnasta alemana Kim Bui, entrenando en las barras asim\u00e9tricas. Ahora ha hablado abiertamente sobre sus trastornos alimentarios. Foto: Rolf Vennenbernd\/dpa<\/figcaption><\/figure>\n<p>La entrenadora tambi\u00e9n quiere hacer hincapi\u00e9 sobre un tema que sigue siendo tab\u00fa en el deporte de competici\u00f3n. <strong>\u00abCuando ten\u00eda 15 a\u00f1os, empec\u00e9 a vomitar. Ten\u00eda que sacar todo de mi cuerpo, no pod\u00eda engordar\u00bb, cuenta. En un documental de la televisi\u00f3n alemana ARD, Bui revela una serie de detalles sobre la bulimia que sufri\u00f3 en sus a\u00f1os de competencia.<\/strong><\/p>\n<p>La exdeportista, de 34 a\u00f1os, no es la \u00fanica que sali\u00f3 a contar su historia. El piloto finland\u00e9s de F\u00f3rmula 1 Valtteri Bottas, la tenista francesa Caroline Garcia y la atleta suiza Lena H\u00e4cki-Gro\u00df tambi\u00e9n hicieron p\u00fablico recientemente que estaban afectados por trastornos alimentarios.<\/p>\n<blockquote><p>\u00abLos entrenamientos me enfermaron f\u00edsica y mentalmente\u00bb, confes\u00f3 Bottas en la televisi\u00f3n finlandesa. Dijo que en aquella \u00e9poca com\u00eda principalmente br\u00f3coli. \u00abSe me fue de las manos y se convirti\u00f3 en una adicci\u00f3n\u00bb, se\u00f1al\u00f3.<\/p><\/blockquote>\n<p>\u00abLos atletas que practican deporte de competici\u00f3n tienen un mayor riesgo de desarrollar <a href=\"https:\/\/candas365.es\/noticias\/category\/salud\/\"><span style=\"color: #ff6600;\"><strong>trastornos alimentario<\/strong>s<\/span><\/a>\u00ab, declar\u00f3 a dpa el m\u00e9dico deport\u00f3logo germano Wilhelm Bloch.<\/p>\n<p>Seg\u00fan el especialista, entre el diez y el veinte por ciento de todos los atletas se ven afectados. <strong>Los deportes en los que el peso y la est\u00e9tica desempe\u00f1an un papel importante, como la gimnasia r\u00edtmica, los saltos de esqu\u00ed o los deportes de resistencia como las carreras de fondo, son especialmente susceptibles.<\/strong><\/p>\n<p>El debate sobre los trastornos alimentarios en los deportes de alto rendimiento no es nuevo. Hace unos 20 a\u00f1os, las im\u00e1genes del demacrado saltador de esqu\u00ed alem\u00e1n Sven Hannawald provocaron discusiones.<strong> \u00abTen\u00eda que ser as\u00ed, porque en mi opini\u00f3n, el peso era la receta del \u00e9xito\u00bb, apunta hoy el exatleta.<\/strong><\/p>\n<p>Por su parte, la Federaci\u00f3n Mundial de Esqu\u00ed introdujo en 2004 una norma sobre el \u00edndice de masa corporal (IMC). Un IMC demasiado bajo, que se calcula a partir del peso y la altura, conlleva un acortamiento de la longitud de los esqu\u00eds.<\/p>\n<p>\u00abMe gustar\u00eda que m\u00e1s deportes prestaran atenci\u00f3n a esto e introdujeran tambi\u00e9n ciertos l\u00edmites de peso\u00bb, destaca Bloch. \u00abPero no en todos los deportes es tan f\u00e1cil, como en el salto de esqu\u00ed con la longitud del esqu\u00ed. En el atletismo ya resulta mucho m\u00e1s dif\u00edcil\u00bb, agrega.<\/p>\n<blockquote><p>Bloch comenta que sobre todo en el atletismo se est\u00e1 viendo una tendencia de atletas cada vez m\u00e1s delgados.<\/p><\/blockquote>\n<p>\u00abCuando los atletas entran en una competici\u00f3n con un IMC de 15 o 16, se trata de un n\u00famero cr\u00edtico, y, a largo plazo, representa un peligro para su salud\u00bb, explica el cient\u00edfico de la Escuela Superior de Deportes de Alemania de Colonia.<strong> El cuadro cl\u00ednico detr\u00e1s de esto es la \u00abanorexia atl\u00e9tica\u00bb.<\/strong><\/p>\n<blockquote><p>\u00abLa anorexia atl\u00e9tica se define por el hecho de que ingiero muy poca energ\u00eda, el cuerpo va perdiendo masa y entonces llego a un nivel cr\u00edtico en cuanto a mi masa corporal para poder rendir mejor\u00bb, detalla Bloch.<\/p><\/blockquote>\n<p>Perder peso para alcanzar el m\u00e1ximo rendimiento atl\u00e9tico puede tener consecuencias duraderas: la ausencia de menstruaci\u00f3n debido a un equilibrio hormonal alterado, problemas con los huesos, m\u00e1s riesgo de sufrir osteoporosis y una mayor susceptibilidad a las lesiones. Pero tambi\u00e9n problemas gastrointestinales o da\u00f1os org\u00e1nicos e incluso depresi\u00f3n. Por eso es tan importante educar a atletas y entrenadores sobre los trastornos alimentarios, subraya Bloch.<\/p>\n<p>La Confederaci\u00f3n Alemana de Deportes Ol\u00edmpicos (DOSB), por ejemplo, quiere contribuir para reducir el n\u00famero de casos. \u00abComo organizaci\u00f3n paraguas, tenemos que volar muy alto, lo que significa que tenemos que elevar el nivel de conocimientos en todo el sistema y ayudar a mejorar la cooperaci\u00f3n en las redes\u00bb, dijo Birte Steven-Vitense, jefa de gesti\u00f3n sanitaria de la DOSB.<\/p>\n<p>La experta destaca que las conferencias dirigidas a m\u00e9dicos deport\u00f3logos, nutricionistas y entrenadores, pero tambi\u00e9n al personal directivo, tienen por objeto educar a la poblaci\u00f3n sobre los trastornos alimentarios.<\/p>\n<p>En su momento, Kim Bui tambi\u00e9n recibi\u00f3 ayuda por parte de un entrenador, que not\u00f3 un cambio en el comportamiento de su pupila y le dijo que buscara ayuda. \u00abFue duro, pero tambi\u00e9n aliviador\u00bb, dijo Bui, que se someti\u00f3 a un tratamiento.<\/p>\n<p>La DOSB quiere detectar los problemas en una fase temprana durante los ex\u00e1menes m\u00e9dicos anuales obligatorios para todos los atletas que integran una selecci\u00f3n. <strong>La confederaci\u00f3n cuenta con 27 centros m\u00e9dicos en todo el <a href=\"https:\/\/naberco.es\/\" target=\"_blank\" rel=\"noopener\"><span style=\"color: #ff6600;\">pa\u00eds<\/span><\/a>.<\/strong><\/p>\n<p>\u00abEl sistema existe desde hace muchos a\u00f1os y sirve para mantener sanos a los deportistas\u00bb, explica el psic\u00f3logo Steven-Vitense. Aunque la sospecha de un trastorno alimentario no siempre conduce directamente a la incapacidad para practicar deporte, en todos los casos se deriva al deportista a personal especializado, agrega.<\/p>\n<p>Incluso los mejores sistemas y nuestro trabajo nunca podr\u00e1n prevenir al cien por ciento los trastornos alimentarios. Pero mediante enfoques preventivos y medidas de formaci\u00f3n, podemos concientizar a todos los niveles y, con suerte, reducir el n\u00famero de casos\u00bb, afirm\u00f3 Steven-Vitense.<\/p>\n<p>Los nuevos descubrimientos cient\u00edficos tambi\u00e9n deben incorporarse al trabajo. <strong>En la actualidad, el DOSB de la ciudad de Tubinga, en el sur de Alemania, utiliza cuestionarios sobre nutrici\u00f3n en los controles de los atletas.<\/strong> Los resultados que se obtengan ayudar\u00e1n a abordar en el futuro los trastornos alimentarios relacionados al deporte de alta competici\u00f3n.<\/p>\n<p><i class=\"lang-es\"><span class=\" readonly\" title=\"\">Por Jana Glose (dpa)<\/span><\/i><\/p>\n","protected":false},"excerpt":{"rendered":"<p>(dpa) &#8211; Cuando la exgimnasta alemana Kim Bui entrena hoy en d\u00eda a j\u00f3venes atletas, la preparaci\u00f3n no se limita \u00fanicamente a la parte deportiva. La entrenadora tambi\u00e9n quiere hacer hincapi\u00e9 sobre un tema que sigue siendo tab\u00fa en el deporte de competici\u00f3n. \u00abCuando ten\u00eda 15 a\u00f1os, empec\u00e9 a vomitar. Ten\u00eda que sacar todo de<\/p>\n","protected":false},"author":1,"featured_media":172575,"comment_status":"closed","ping_status":"closed","sticky":false,"template":"","format":"standard","meta":{"footnotes":""},"categories":[319],"tags":[387],"class_list":{"0":"post-172574","1":"post","2":"type-post","3":"status-publish","4":"format-standard","5":"has-post-thumbnail","7":"category-deporte","8":"tag-deporte"},"aioseo_notices":[],"aioseo_head":"\n\t\t<!-- All in One SEO Pro 4.9.6.2 - aioseo.com -->\n\t<meta name=\"description\" content=\"(dpa) - Cuando la exgimnasta alemana Kim Bui entrena hoy en d\u00eda a j\u00f3venes atletas, la preparaci\u00f3n no se limita \u00fanicamente a la parte deportiva.\" \/>\n\t<meta name=\"robots\" content=\"max-image-preview:large\" \/>\n\t<meta name=\"author\" content=\"Cand\u00e1s 365\"\/>\n\t<meta name=\"google-site-verification\" content=\"UA-32230408-1\" \/>\n\t<meta name=\"msvalidate.01\" content=\"354F3CDFB2DA171B47FBE9ABF1F88D5\" \/>\n\t<meta name=\"keywords\" content=\"deporte\" \/>\n\t<link rel=\"canonical\" href=\"https:\/\/candas365.es\/noticias\/anorexia-atletica-cuando-el-deporte-causa-un-trastorno-alimentario\/\" \/>\n\t<meta name=\"generator\" content=\"All in One SEO Pro (AIOSEO) 4.9.6.2\" \/>\n\t\t<meta property=\"og:locale\" content=\"es_ES\" \/>\n\t\t<meta property=\"og:site_name\" content=\"Cand\u00e1s 365\" \/>\n\t\t<meta property=\"og:type\" content=\"article\" \/>\n\t\t<meta property=\"og:title\" content=\"\u00abAnorexia atl\u00e9tica\u00bb, cuando el deporte causa un trastorno alimentario | Cand\u00e1s 365\" \/>\n\t\t<meta property=\"og:description\" content=\"(dpa) - Cuando la exgimnasta alemana Kim Bui entrena hoy en d\u00eda a j\u00f3venes atletas, la preparaci\u00f3n no se limita \u00fanicamente a la parte deportiva.\" \/>\n\t\t<meta property=\"og:url\" content=\"https:\/\/candas365.es\/noticias\/anorexia-atletica-cuando-el-deporte-causa-un-trastorno-alimentario\/\" \/>\n\t\t<meta property=\"og:image\" content=\"https:\/\/candas365.es\/noticias\/wp-content\/uploads\/2023\/03\/Kim-Bui.jpg\" \/>\n\t\t<meta property=\"og:image:secure_url\" content=\"https:\/\/candas365.es\/noticias\/wp-content\/uploads\/2023\/03\/Kim-Bui.jpg\" \/>\n\t\t<meta property=\"og:image:width\" content=\"1002\" \/>\n\t\t<meta property=\"og:image:height\" content=\"665\" \/>\n\t\t<meta property=\"article:published_time\" content=\"2023-03-26T17:54:29+00:00\" \/>\n\t\t<meta property=\"article:modified_time\" content=\"2023-03-26T17:54:29+00:00\" \/>\n\t\t<meta property=\"article:publisher\" content=\"https:\/\/www.facebook.com\/Nachofdezber\" \/>\n\t\t<meta property=\"article:author\" content=\"https:\/\/www.facebook.com\/carrenoactualidad\" \/>\n\t\t<meta name=\"twitter:card\" content=\"summary_large_image\" \/>\n\t\t<meta name=\"twitter:site\" content=\"@NabercoDigital\" \/>\n\t\t<meta name=\"twitter:title\" content=\"\u00abAnorexia atl\u00e9tica\u00bb, cuando el deporte causa un trastorno alimentario | Cand\u00e1s 365\" \/>\n\t\t<meta name=\"twitter:description\" content=\"(dpa) - Cuando la exgimnasta alemana Kim Bui entrena hoy en d\u00eda a j\u00f3venes atletas, la preparaci\u00f3n no se limita \u00fanicamente a la parte deportiva.\" \/>\n\t\t<meta name=\"twitter:creator\" content=\"@nbasturias\" \/>\n\t\t<meta name=\"twitter:image\" content=\"https:\/\/candas365.es\/noticias\/wp-content\/uploads\/2023\/03\/Kim-Bui.jpg\" \/>\n\t\t<meta name=\"twitter:label1\" content=\"Escrito por\" \/>\n\t\t<meta name=\"twitter:data1\" content=\"Cand\u00e1s 365\" \/>\n\t\t<meta name=\"twitter:label2\" content=\"Tiempo de lectura estimado\" \/>\n\t\t<meta name=\"twitter:data2\" content=\"5 minutos\" \/>\n\t\t<script type=\"application\/ld+json\" class=\"aioseo-schema\">\n\t\t\t{\"@context\":\"https:\\\/\\\/schema.org\",\"@graph\":[{\"@type\":\"BreadcrumbList\",\"@id\":\"https:\\\/\\\/candas365.es\\\/noticias\\\/anorexia-atletica-cuando-el-deporte-causa-un-trastorno-alimentario\\\/#breadcrumblist\",\"itemListElement\":[{\"@type\":\"ListItem\",\"@id\":\"https:\\\/\\\/candas365.es\\\/noticias#listItem\",\"position\":1,\"name\":\"Home\",\"item\":\"https:\\\/\\\/candas365.es\\\/noticias\",\"nextItem\":{\"@type\":\"ListItem\",\"@id\":\"https:\\\/\\\/candas365.es\\\/noticias\\\/category\\\/deporte\\\/#listItem\",\"name\":\"Deporte\"}},{\"@type\":\"ListItem\",\"@id\":\"https:\\\/\\\/candas365.es\\\/noticias\\\/category\\\/deporte\\\/#listItem\",\"position\":2,\"name\":\"Deporte\",\"item\":\"https:\\\/\\\/candas365.es\\\/noticias\\\/category\\\/deporte\\\/\",\"nextItem\":{\"@type\":\"ListItem\",\"@id\":\"https:\\\/\\\/candas365.es\\\/noticias\\\/anorexia-atletica-cuando-el-deporte-causa-un-trastorno-alimentario\\\/#listItem\",\"name\":\"\\u00abAnorexia atl\\u00e9tica\\u00bb, cuando el deporte causa un trastorno alimentario\"},\"previousItem\":{\"@type\":\"ListItem\",\"@id\":\"https:\\\/\\\/candas365.es\\\/noticias#listItem\",\"name\":\"Home\"}},{\"@type\":\"ListItem\",\"@id\":\"https:\\\/\\\/candas365.es\\\/noticias\\\/anorexia-atletica-cuando-el-deporte-causa-un-trastorno-alimentario\\\/#listItem\",\"position\":3,\"name\":\"\\u00abAnorexia atl\\u00e9tica\\u00bb, cuando el deporte causa un trastorno alimentario\",\"previousItem\":{\"@type\":\"ListItem\",\"@id\":\"https:\\\/\\\/candas365.es\\\/noticias\\\/category\\\/deporte\\\/#listItem\",\"name\":\"Deporte\"}}]},{\"@type\":\"NewsArticle\",\"@id\":\"https:\\\/\\\/candas365.es\\\/noticias\\\/anorexia-atletica-cuando-el-deporte-causa-un-trastorno-alimentario\\\/#newsarticle\",\"name\":\"\\u00abAnorexia atl\\u00e9tica\\u00bb, cuando el deporte causa un trastorno alimentario | Cand\\u00e1s 365\",\"headline\":\"\\u00abAnorexia atl\\u00e9tica\\u00bb, cuando el deporte causa un trastorno alimentario\",\"author\":{\"@id\":\"https:\\\/\\\/candas365.es\\\/noticias\\\/author\\\/admin\\\/#author\"},\"publisher\":{\"@id\":\"https:\\\/\\\/candas365.es\\\/noticias\\\/#organization\"},\"image\":{\"@type\":\"ImageObject\",\"url\":\"https:\\\/\\\/candas365.es\\\/noticias\\\/wp-content\\\/uploads\\\/2023\\\/03\\\/Kim-Bui.jpg\",\"width\":1002,\"height\":665,\"caption\":\"La exgimnasta alemana Kim Bui, entrenando en las barras asim\\u00e9tricas. Ahora ha hablado abiertamente sobre sus trastornos alimentarios. Foto: Rolf Vennenbernd\\\/dpa\"},\"datePublished\":\"2023-03-26T19:54:29+02:00\",\"dateModified\":\"2023-03-26T19:54:29+02:00\",\"inLanguage\":\"es-ES\",\"mainEntityOfPage\":{\"@id\":\"https:\\\/\\\/candas365.es\\\/noticias\\\/anorexia-atletica-cuando-el-deporte-causa-un-trastorno-alimentario\\\/#webpage\"},\"isPartOf\":{\"@id\":\"https:\\\/\\\/candas365.es\\\/noticias\\\/anorexia-atletica-cuando-el-deporte-causa-un-trastorno-alimentario\\\/#webpage\"},\"articleSection\":\"Deporte, deporte\",\"dateline\":\"Publicado el marzo 26, 2023.\"},{\"@type\":\"Organization\",\"@id\":\"https:\\\/\\\/candas365.es\\\/noticias\\\/#organization\",\"name\":\"Cand\\u00e1s 365\",\"description\":\"Cand\\u00e1s 365 es un diario digital independiente, fundado en 2012, con base en Asturias. Informamos con rigor sobre actualidad, sociedad, cultura y ocio, con una mirada local y global.\",\"url\":\"https:\\\/\\\/candas365.es\\\/noticias\\\/\",\"email\":\"info@candas365.es\",\"telephone\":\"+34652131393\",\"foundingDate\":\"2012-06-10\",\"logo\":{\"@type\":\"ImageObject\",\"url\":\"https:\\\/\\\/candas365.es\\\/noticias\\\/wp-content\\\/uploads\\\/2024\\\/09\\\/Candas-365-Redes.jpg\",\"@id\":\"https:\\\/\\\/candas365.es\\\/noticias\\\/anorexia-atletica-cuando-el-deporte-causa-un-trastorno-alimentario\\\/#organizationLogo\",\"width\":1152,\"height\":864,\"caption\":\"Cand\\u00e1s 365 Redes\"},\"image\":{\"@id\":\"https:\\\/\\\/candas365.es\\\/noticias\\\/anorexia-atletica-cuando-el-deporte-causa-un-trastorno-alimentario\\\/#organizationLogo\"},\"sameAs\":[\"https:\\\/\\\/www.facebook.com\\\/Nachofdezber\",\"https:\\\/\\\/x.com\\\/NabercoDigital\",\"https:\\\/\\\/www.instagram.com\\\/nachofdezber\\\/\",\"https:\\\/\\\/www.youtube.com\\\/channel\\\/UCZP-2wLEB9Rv6erhFmqVnvg\"],\"address\":{\"@id\":\"https:\\\/\\\/candas365.es\\\/noticias\\\/#postaladdress\",\"@type\":\"PostalAddress\",\"streetAddress\":\"san antonio 4, san antonio 4\",\"postalCode\":\"33430\",\"addressLocality\":\"Cand\\u00e1s\",\"addressRegion\":\"Asturias\",\"addressCountry\":\"ES\"}},{\"@type\":\"Person\",\"@id\":\"https:\\\/\\\/candas365.es\\\/noticias\\\/author\\\/admin\\\/#author\",\"url\":\"https:\\\/\\\/candas365.es\\\/noticias\\\/author\\\/admin\\\/\",\"name\":\"Cand\\u00e1s 365\",\"image\":{\"@type\":\"ImageObject\",\"@id\":\"https:\\\/\\\/candas365.es\\\/noticias\\\/anorexia-atletica-cuando-el-deporte-causa-un-trastorno-alimentario\\\/#authorImage\",\"url\":\"https:\\\/\\\/secure.gravatar.com\\\/avatar\\\/496a8e03d0c493ede1718b7934145dbdf8d89be1036b0eec9544e1094c9de390?s=96&d=mm&r=g\",\"width\":96,\"height\":96,\"caption\":\"Cand\\u00e1s 365\"},\"sameAs\":[\"https:\\\/\\\/www.facebook.com\\\/carrenoactualidad\",\"https:\\\/\\\/twitter.com\\\/nbasturias\",\"https:\\\/\\\/www.instagram.com\\\/nachofdezber\\\/\",\"https:\\\/\\\/www.youtube.com\\\/channel\\\/UCZP-2wLEB9Rv6erhFmqVnvg\"]},{\"@type\":\"WebPage\",\"@id\":\"https:\\\/\\\/candas365.es\\\/noticias\\\/anorexia-atletica-cuando-el-deporte-causa-un-trastorno-alimentario\\\/#webpage\",\"url\":\"https:\\\/\\\/candas365.es\\\/noticias\\\/anorexia-atletica-cuando-el-deporte-causa-un-trastorno-alimentario\\\/\",\"name\":\"\\u00abAnorexia atl\\u00e9tica\\u00bb, cuando el deporte causa un trastorno alimentario | Cand\\u00e1s 365\",\"description\":\"(dpa) - Cuando la exgimnasta alemana Kim Bui entrena hoy en d\\u00eda a j\\u00f3venes atletas, la preparaci\\u00f3n no se limita \\u00fanicamente a la parte deportiva.\",\"inLanguage\":\"es-ES\",\"isPartOf\":{\"@id\":\"https:\\\/\\\/candas365.es\\\/noticias\\\/#website\"},\"breadcrumb\":{\"@id\":\"https:\\\/\\\/candas365.es\\\/noticias\\\/anorexia-atletica-cuando-el-deporte-causa-un-trastorno-alimentario\\\/#breadcrumblist\"},\"author\":{\"@id\":\"https:\\\/\\\/candas365.es\\\/noticias\\\/author\\\/admin\\\/#author\"},\"creator\":{\"@id\":\"https:\\\/\\\/candas365.es\\\/noticias\\\/author\\\/admin\\\/#author\"},\"image\":{\"@type\":\"ImageObject\",\"url\":\"https:\\\/\\\/candas365.es\\\/noticias\\\/wp-content\\\/uploads\\\/2023\\\/03\\\/Kim-Bui.jpg\",\"@id\":\"https:\\\/\\\/candas365.es\\\/noticias\\\/anorexia-atletica-cuando-el-deporte-causa-un-trastorno-alimentario\\\/#mainImage\",\"width\":1002,\"height\":665,\"caption\":\"La exgimnasta alemana Kim Bui, entrenando en las barras asim\\u00e9tricas. Ahora ha hablado abiertamente sobre sus trastornos alimentarios. Foto: Rolf Vennenbernd\\\/dpa\"},\"primaryImageOfPage\":{\"@id\":\"https:\\\/\\\/candas365.es\\\/noticias\\\/anorexia-atletica-cuando-el-deporte-causa-un-trastorno-alimentario\\\/#mainImage\"},\"datePublished\":\"2023-03-26T19:54:29+02:00\",\"dateModified\":\"2023-03-26T19:54:29+02:00\"},{\"@type\":\"WebSite\",\"@id\":\"https:\\\/\\\/candas365.es\\\/noticias\\\/#website\",\"url\":\"https:\\\/\\\/candas365.es\\\/noticias\\\/\",\"name\":\"Cand\\u00e1s 365\",\"alternateName\":\"Cand\\u00e1s 365 Noticias\",\"description\":\"Actualidad desde Carre\\u00f1o para el mundo\",\"inLanguage\":\"es-ES\",\"publisher\":{\"@id\":\"https:\\\/\\\/candas365.es\\\/noticias\\\/#organization\"}}]}\n\t\t<\/script>\n\t\t<!-- All in One SEO Pro -->\r\n\t\t<title>\u00abAnorexia atl\u00e9tica\u00bb, cuando el deporte causa un trastorno alimentario | Cand\u00e1s 365<\/title>\n\n","aioseo_head_json":{"title":"\u00abAnorexia atl\u00e9tica\u00bb, cuando el deporte causa un trastorno alimentario | Cand\u00e1s 365","description":"(dpa) - Cuando la exgimnasta alemana Kim Bui entrena hoy en d\u00eda a j\u00f3venes atletas, la preparaci\u00f3n no se limita \u00fanicamente a la parte deportiva.","canonical_url":"https:\/\/candas365.es\/noticias\/anorexia-atletica-cuando-el-deporte-causa-un-trastorno-alimentario\/","robots":"max-image-preview:large","keywords":"deporte","webmasterTools":{"google-site-verification":"UA-32230408-1","msvalidate.01":"354F3CDFB2DA171B47FBE9ABF1F88D5","miscellaneous":""},"schema":{"@context":"https:\/\/schema.org","@graph":[{"@type":"BreadcrumbList","@id":"https:\/\/candas365.es\/noticias\/anorexia-atletica-cuando-el-deporte-causa-un-trastorno-alimentario\/#breadcrumblist","itemListElement":[{"@type":"ListItem","@id":"https:\/\/candas365.es\/noticias#listItem","position":1,"name":"Home","item":"https:\/\/candas365.es\/noticias","nextItem":{"@type":"ListItem","@id":"https:\/\/candas365.es\/noticias\/category\/deporte\/#listItem","name":"Deporte"}},{"@type":"ListItem","@id":"https:\/\/candas365.es\/noticias\/category\/deporte\/#listItem","position":2,"name":"Deporte","item":"https:\/\/candas365.es\/noticias\/category\/deporte\/","nextItem":{"@type":"ListItem","@id":"https:\/\/candas365.es\/noticias\/anorexia-atletica-cuando-el-deporte-causa-un-trastorno-alimentario\/#listItem","name":"\u00abAnorexia atl\u00e9tica\u00bb, cuando el deporte causa un trastorno alimentario"},"previousItem":{"@type":"ListItem","@id":"https:\/\/candas365.es\/noticias#listItem","name":"Home"}},{"@type":"ListItem","@id":"https:\/\/candas365.es\/noticias\/anorexia-atletica-cuando-el-deporte-causa-un-trastorno-alimentario\/#listItem","position":3,"name":"\u00abAnorexia atl\u00e9tica\u00bb, cuando el deporte causa un trastorno alimentario","previousItem":{"@type":"ListItem","@id":"https:\/\/candas365.es\/noticias\/category\/deporte\/#listItem","name":"Deporte"}}]},{"@type":"NewsArticle","@id":"https:\/\/candas365.es\/noticias\/anorexia-atletica-cuando-el-deporte-causa-un-trastorno-alimentario\/#newsarticle","name":"\u00abAnorexia atl\u00e9tica\u00bb, cuando el deporte causa un trastorno alimentario | Cand\u00e1s 365","headline":"\u00abAnorexia atl\u00e9tica\u00bb, cuando el deporte causa un trastorno alimentario","author":{"@id":"https:\/\/candas365.es\/noticias\/author\/admin\/#author"},"publisher":{"@id":"https:\/\/candas365.es\/noticias\/#organization"},"image":{"@type":"ImageObject","url":"https:\/\/candas365.es\/noticias\/wp-content\/uploads\/2023\/03\/Kim-Bui.jpg","width":1002,"height":665,"caption":"La exgimnasta alemana Kim Bui, entrenando en las barras asim\u00e9tricas. Ahora ha hablado abiertamente sobre sus trastornos alimentarios. Foto: Rolf Vennenbernd\/dpa"},"datePublished":"2023-03-26T19:54:29+02:00","dateModified":"2023-03-26T19:54:29+02:00","inLanguage":"es-ES","mainEntityOfPage":{"@id":"https:\/\/candas365.es\/noticias\/anorexia-atletica-cuando-el-deporte-causa-un-trastorno-alimentario\/#webpage"},"isPartOf":{"@id":"https:\/\/candas365.es\/noticias\/anorexia-atletica-cuando-el-deporte-causa-un-trastorno-alimentario\/#webpage"},"articleSection":"Deporte, deporte","dateline":"Publicado el marzo 26, 2023."},{"@type":"Organization","@id":"https:\/\/candas365.es\/noticias\/#organization","name":"Cand\u00e1s 365","description":"Cand\u00e1s 365 es un diario digital independiente, fundado en 2012, con base en Asturias. Informamos con rigor sobre actualidad, sociedad, cultura y ocio, con una mirada local y global.","url":"https:\/\/candas365.es\/noticias\/","email":"info@candas365.es","telephone":"+34652131393","foundingDate":"2012-06-10","logo":{"@type":"ImageObject","url":"https:\/\/candas365.es\/noticias\/wp-content\/uploads\/2024\/09\/Candas-365-Redes.jpg","@id":"https:\/\/candas365.es\/noticias\/anorexia-atletica-cuando-el-deporte-causa-un-trastorno-alimentario\/#organizationLogo","width":1152,"height":864,"caption":"Cand\u00e1s 365 Redes"},"image":{"@id":"https:\/\/candas365.es\/noticias\/anorexia-atletica-cuando-el-deporte-causa-un-trastorno-alimentario\/#organizationLogo"},"sameAs":["https:\/\/www.facebook.com\/Nachofdezber","https:\/\/x.com\/NabercoDigital","https:\/\/www.instagram.com\/nachofdezber\/","https:\/\/www.youtube.com\/channel\/UCZP-2wLEB9Rv6erhFmqVnvg"],"address":{"@id":"https:\/\/candas365.es\/noticias\/#postaladdress","@type":"PostalAddress","streetAddress":"san antonio 4, san antonio 4","postalCode":"33430","addressLocality":"Cand\u00e1s","addressRegion":"Asturias","addressCountry":"ES"}},{"@type":"Person","@id":"https:\/\/candas365.es\/noticias\/author\/admin\/#author","url":"https:\/\/candas365.es\/noticias\/author\/admin\/","name":"Cand\u00e1s 365","image":{"@type":"ImageObject","@id":"https:\/\/candas365.es\/noticias\/anorexia-atletica-cuando-el-deporte-causa-un-trastorno-alimentario\/#authorImage","url":"https:\/\/secure.gravatar.com\/avatar\/496a8e03d0c493ede1718b7934145dbdf8d89be1036b0eec9544e1094c9de390?s=96&d=mm&r=g","width":96,"height":96,"caption":"Cand\u00e1s 365"},"sameAs":["https:\/\/www.facebook.com\/carrenoactualidad","https:\/\/twitter.com\/nbasturias","https:\/\/www.instagram.com\/nachofdezber\/","https:\/\/www.youtube.com\/channel\/UCZP-2wLEB9Rv6erhFmqVnvg"]},{"@type":"WebPage","@id":"https:\/\/candas365.es\/noticias\/anorexia-atletica-cuando-el-deporte-causa-un-trastorno-alimentario\/#webpage","url":"https:\/\/candas365.es\/noticias\/anorexia-atletica-cuando-el-deporte-causa-un-trastorno-alimentario\/","name":"\u00abAnorexia atl\u00e9tica\u00bb, cuando el deporte causa un trastorno alimentario | Cand\u00e1s 365","description":"(dpa) - Cuando la exgimnasta alemana Kim Bui entrena hoy en d\u00eda a j\u00f3venes atletas, la preparaci\u00f3n no se limita \u00fanicamente a la parte deportiva.","inLanguage":"es-ES","isPartOf":{"@id":"https:\/\/candas365.es\/noticias\/#website"},"breadcrumb":{"@id":"https:\/\/candas365.es\/noticias\/anorexia-atletica-cuando-el-deporte-causa-un-trastorno-alimentario\/#breadcrumblist"},"author":{"@id":"https:\/\/candas365.es\/noticias\/author\/admin\/#author"},"creator":{"@id":"https:\/\/candas365.es\/noticias\/author\/admin\/#author"},"image":{"@type":"ImageObject","url":"https:\/\/candas365.es\/noticias\/wp-content\/uploads\/2023\/03\/Kim-Bui.jpg","@id":"https:\/\/candas365.es\/noticias\/anorexia-atletica-cuando-el-deporte-causa-un-trastorno-alimentario\/#mainImage","width":1002,"height":665,"caption":"La exgimnasta alemana Kim Bui, entrenando en las barras asim\u00e9tricas. Ahora ha hablado abiertamente sobre sus trastornos alimentarios. Foto: Rolf Vennenbernd\/dpa"},"primaryImageOfPage":{"@id":"https:\/\/candas365.es\/noticias\/anorexia-atletica-cuando-el-deporte-causa-un-trastorno-alimentario\/#mainImage"},"datePublished":"2023-03-26T19:54:29+02:00","dateModified":"2023-03-26T19:54:29+02:00"},{"@type":"WebSite","@id":"https:\/\/candas365.es\/noticias\/#website","url":"https:\/\/candas365.es\/noticias\/","name":"Cand\u00e1s 365","alternateName":"Cand\u00e1s 365 Noticias","description":"Actualidad desde Carre\u00f1o para el mundo","inLanguage":"es-ES","publisher":{"@id":"https:\/\/candas365.es\/noticias\/#organization"}}]},"og:locale":"es_ES","og:site_name":"Cand\u00e1s 365","og:type":"article","og:title":"\u00abAnorexia atl\u00e9tica\u00bb, cuando el deporte causa un trastorno alimentario | Cand\u00e1s 365","og:description":"(dpa) - Cuando la exgimnasta alemana Kim Bui entrena hoy en d\u00eda a j\u00f3venes atletas, la preparaci\u00f3n no se limita \u00fanicamente a la parte deportiva.","og:url":"https:\/\/candas365.es\/noticias\/anorexia-atletica-cuando-el-deporte-causa-un-trastorno-alimentario\/","og:image":"https:\/\/candas365.es\/noticias\/wp-content\/uploads\/2023\/03\/Kim-Bui.jpg","og:image:secure_url":"https:\/\/candas365.es\/noticias\/wp-content\/uploads\/2023\/03\/Kim-Bui.jpg","og:image:width":1002,"og:image:height":665,"article:published_time":"2023-03-26T17:54:29+00:00","article:modified_time":"2023-03-26T17:54:29+00:00","article:publisher":"https:\/\/www.facebook.com\/Nachofdezber","article:author":"https:\/\/www.facebook.com\/carrenoactualidad","twitter:card":"summary_large_image","twitter:site":"@NabercoDigital","twitter:title":"\u00abAnorexia atl\u00e9tica\u00bb, cuando el deporte causa un trastorno alimentario | Cand\u00e1s 365","twitter:description":"(dpa) - Cuando la exgimnasta alemana Kim Bui entrena hoy en d\u00eda a j\u00f3venes atletas, la preparaci\u00f3n no se limita \u00fanicamente a la parte deportiva.","twitter:creator":"@nbasturias","twitter:image":"https:\/\/candas365.es\/noticias\/wp-content\/uploads\/2023\/03\/Kim-Bui.jpg","twitter:label1":"Escrito por","twitter:data1":"Cand\u00e1s 365","twitter:label2":"Tiempo de lectura estimado","twitter:data2":"5 minutos"},"aioseo_meta_data":{"post_id":"172574","title":null,"description":"(dpa) - Cuando la exgimnasta alemana Kim Bui entrena hoy en d\u00eda a j\u00f3venes atletas, la preparaci\u00f3n no se limita \u00fanicamente a la parte deportiva.","keywords":[],"keyphrases":{"focus":{"keyphrase":"Kim Bui","score":80,"analysis":{"keyphraseInTitle":{"score":3,"maxScore":9,"error":1},"keyphraseInDescription":{"score":9,"maxScore":9,"error":0},"keyphraseLength":{"score":9,"maxScore":9,"error":0,"length":2},"keyphraseInURL":{"score":1,"maxScore":5,"error":1},"keyphraseInIntroduction":{"score":9,"maxScore":9,"error":0},"keyphraseInSubHeadings":[],"keyphraseInImageAlt":{"score":9,"maxScore":9,"error":0}}},"additional":[{"keyphrase":"Kim Bui","score":100,"analysis":{"keyphraseInDescription":{"score":9,"maxScore":9,"error":0},"keyphraseLength":{"score":9,"maxScore":9,"error":0,"length":2},"keyphraseInIntroduction":{"score":9,"maxScore":9,"error":0},"keyphraseInImageAlt":{"score":9,"maxScore":9,"error":0}}},{"keyphrase":"deportiva","score":83,"analysis":{"keyphraseInDescription":{"score":9,"maxScore":9,"error":0},"keyphraseLength":{"score":9,"maxScore":9,"error":0,"length":1},"keyphraseInIntroduction":{"score":9,"maxScore":9,"error":0},"keyphraseInImageAlt":{"score":3,"maxScore":9,"error":1}}}]},"primary_term":null,"canonical_url":null,"og_title":null,"og_description":null,"og_object_type":"default","og_image_type":"default","og_image_url":null,"og_image_width":null,"og_image_height":null,"og_image_custom_url":null,"og_image_custom_fields":null,"og_video":"","og_custom_url":null,"og_article_section":null,"og_article_tags":[],"twitter_use_og":false,"twitter_card":"default","twitter_image_type":"default","twitter_image_url":null,"twitter_image_custom_url":null,"twitter_image_custom_fields":null,"twitter_title":null,"twitter_description":null,"schema":{"blockGraphs":[],"customGraphs":[],"default":{"data":{"Article":[],"Course":[],"Dataset":[],"FAQPage":[],"Movie":[],"Person":[],"Product":[],"ProductReview":[],"Car":[],"Recipe":[],"Service":[],"SoftwareApplication":[],"WebPage":[]},"graphName":"Article","isEnabled":true},"graphs":[]},"schema_type":"default","schema_type_options":null,"pillar_content":false,"robots_default":true,"robots_noindex":false,"robots_noarchive":false,"robots_nosnippet":false,"robots_nofollow":false,"robots_noimageindex":false,"robots_noodp":false,"robots_notranslate":false,"robots_max_snippet":"-1","robots_max_videopreview":"-1","robots_max_imagepreview":"large","priority":null,"frequency":"default","location":null,"local_seo":null,"seo_analyzer_scan_date":"2025-09-01 19:46:33","breadcrumb_settings":null,"limit_modified_date":false,"reviewed_by":null,"open_ai":"{\"title\":{\"suggestions\":[],\"usage\":0},\"description\":{\"suggestions\":[],\"usage\":0}}","ai":null,"created":"2023-03-26 17:40:36","updated":"2025-09-01 19:46:33"},"aioseo_breadcrumb":"<div class=\"aioseo-breadcrumbs\"><span class=\"aioseo-breadcrumb\">\n\t<a href=\"https:\/\/candas365.es\/noticias\" title=\"Home\">Home<\/a>\n<\/span><span class=\"aioseo-breadcrumb-separator\">&ndash;<\/span><span class=\"aioseo-breadcrumb\">\n\t<a href=\"https:\/\/candas365.es\/noticias\/category\/deporte\/\" title=\"Deporte\">Deporte<\/a>\n<\/span><span class=\"aioseo-breadcrumb-separator\">&ndash;<\/span><span class=\"aioseo-breadcrumb\">\n\t\u00abAnorexia atl\u00e9tica\u00bb, cuando el deporte causa un trastorno alimentario\n<\/span><\/div>","aioseo_breadcrumb_json":[{"label":"Home","link":"https:\/\/candas365.es\/noticias"},{"label":"Deporte","link":"https:\/\/candas365.es\/noticias\/category\/deporte\/"},{"label":"\u00abAnorexia atl\u00e9tica\u00bb, cuando el deporte causa un trastorno alimentario","link":"https:\/\/candas365.es\/noticias\/anorexia-atletica-cuando-el-deporte-causa-un-trastorno-alimentario\/"}],"_links":{"self":[{"href":"https:\/\/candas365.es\/noticias\/wp-json\/wp\/v2\/posts\/172574","targetHints":{"allow":["GET"]}}],"collection":[{"href":"https:\/\/candas365.es\/noticias\/wp-json\/wp\/v2\/posts"}],"about":[{"href":"https:\/\/candas365.es\/noticias\/wp-json\/wp\/v2\/types\/post"}],"author":[{"embeddable":true,"href":"https:\/\/candas365.es\/noticias\/wp-json\/wp\/v2\/users\/1"}],"replies":[{"embeddable":true,"href":"https:\/\/candas365.es\/noticias\/wp-json\/wp\/v2\/comments?post=172574"}],"version-history":[{"count":0,"href":"https:\/\/candas365.es\/noticias\/wp-json\/wp\/v2\/posts\/172574\/revisions"}],"wp:featuredmedia":[{"embeddable":true,"href":"https:\/\/candas365.es\/noticias\/wp-json\/wp\/v2\/media\/172575"}],"wp:attachment":[{"href":"https:\/\/candas365.es\/noticias\/wp-json\/wp\/v2\/media?parent=172574"}],"wp:term":[{"taxonomy":"category","embeddable":true,"href":"https:\/\/candas365.es\/noticias\/wp-json\/wp\/v2\/categories?post=172574"},{"taxonomy":"post_tag","embeddable":true,"href":"https:\/\/candas365.es\/noticias\/wp-json\/wp\/v2\/tags?post=172574"}],"curies":[{"name":"wp","href":"https:\/\/api.w.org\/{rel}","templated":true}]}}