{"id":172400,"date":"2023-03-15T12:51:50","date_gmt":"2023-03-15T11:51:50","guid":{"rendered":"https:\/\/candas365.es\/noticias\/?p=172400"},"modified":"2023-03-15T12:51:50","modified_gmt":"2023-03-15T11:51:50","slug":"la-literatura-asturiana-sera-promocionada-en-reino-unido","status":"publish","type":"post","link":"https:\/\/candas365.es\/noticias\/la-literatura-asturiana-sera-promocionada-en-reino-unido\/","title":{"rendered":"La literatura asturiana ser\u00e1 promocionada en Reino Unido"},"content":{"rendered":"<p>El Gobierno del Principado de Asturias, a trav\u00e9s de la Direcci\u00f3n General de Pol\u00edtica Lling\u00fc\u00edstica, colabora con el proyecto acad\u00e9mico Changing the Translation Landscape from Multilingual Spain: Cultural Diplomacy and the UK Publishing Industry (Cambiar el paisaje de la traducci\u00f3n de la Espa\u00f1a multiling\u00fce: diplomacia cultural y la industria editorial brit\u00e1nica), dirigido por la profesora Olga Castro, de la Universidad de Warwick (Reino Unido), que busca estudiar y promocionar la traducci\u00f3n de literatura desde las distintas lenguas de Espa\u00f1a dentro del pa\u00eds brit\u00e1nico.<\/p>\n<p><img fetchpriority=\"high\" decoding=\"async\" class=\"aligncenter wp-image-172401 size-full\" src=\"https:\/\/candas365.es\/noticias\/wp-content\/uploads\/2023\/03\/Reino-Unido.jpg\" alt=\"Reino Unido\" width=\"640\" height=\"427\" srcset=\"https:\/\/candas365.es\/noticias\/wp-content\/uploads\/2023\/03\/Reino-Unido.jpg 640w, https:\/\/candas365.es\/noticias\/wp-content\/uploads\/2023\/03\/Reino-Unido-360x240.jpg 360w, https:\/\/candas365.es\/noticias\/wp-content\/uploads\/2023\/03\/Reino-Unido-150x100.jpg 150w, https:\/\/candas365.es\/noticias\/wp-content\/uploads\/2023\/03\/Reino-Unido-450x300.jpg 450w\" sizes=\"(max-width: 640px) 100vw, 640px\" \/><\/p>\n<p>Esta iniciativa pretende difundir la literatura que se produce en la comunidad m\u00e1s actual m\u00e1s all\u00e1 de las fronteras del Principado y despertar el inter\u00e9s de las editoriales brit\u00e1nicas por obras escritas en asturiano.<\/p>\n<p>En este marco, el 20 de abril se celebrar\u00e1 una mesa redonda en la Feria del Libro de Londres titulada Less Translated Literatures from Spain: Asturian, Basque, Galician (Literaturas espa\u00f1olas menos traducidas: asturiano, vasco, gallego). El acto contar\u00e1 con la intervenci\u00f3n del autor y traductor gallego Xes\u00fas Fraga, la editora Susie Wilde, del sello gal\u00e9s Parthian Books, y Robin Munby, traductor literario brit\u00e1nico afincado en Espa\u00f1a, autor de traducciones in\u00e9ditas del asturiano al ingl\u00e9s.<\/p>\n<p>Al d\u00eda siguiente, viernes 21 de abril, tendr\u00e1 lugar en el Instituto Cervantes de Londres el acto Riveting Writing from Multilingual Spain. Translators from Asturian, Basque, Catalan, Galician and Spanish (Literatura apasionante de la Espa\u00f1a multiling\u00fce. Traductores del asturiano, vasco, catal\u00e1n, gallego y espa\u00f1ol), una actividad que incluir\u00e1 la presentaci\u00f3n de la revista The Riveter, publicada por el organismo European Literature Network. El nuevo n\u00famero incluye traducciones al ingl\u00e9s de textos asturianos de autores como Pablo Tex\u00f3n y Claudia Elena Men\u00e9ndez, as\u00ed como un art\u00edculo de Robin Munby que ofrece su perspectiva sobre la traducci\u00f3n entre dichos idiomas.<\/p>\n","protected":false},"excerpt":{"rendered":"<p>El Gobierno del Principado de Asturias, a trav\u00e9s de la Direcci\u00f3n General de Pol\u00edtica Lling\u00fc\u00edstica, colabora con el proyecto acad\u00e9mico Changing the Translation Landscape from Multilingual Spain: Cultural Diplomacy and the UK Publishing Industry (Cambiar el paisaje de la traducci\u00f3n de la Espa\u00f1a multiling\u00fce: diplomacia cultural y la industria editorial brit\u00e1nica), dirigido por la profesora<\/p>\n","protected":false},"author":1,"featured_media":172401,"comment_status":"closed","ping_status":"closed","sticky":false,"template":"","format":"standard","meta":{"footnotes":""},"categories":[7],"tags":[380,430],"class_list":{"0":"post-172400","1":"post","2":"type-post","3":"status-publish","4":"format-standard","5":"has-post-thumbnail","7":"category-asturias","8":"tag-asturias","9":"tag-cultura"},"aioseo_notices":[],"aioseo_head":"\n\t\t<!-- All in One SEO Pro 4.9.6.2 - aioseo.com -->\n\t<meta name=\"description\" content=\"El Gobierno del Principado de Asturias, a trav\u00e9s de la Direcci\u00f3n General de Pol\u00edtica Lling\u00fc\u00edstica, colabora con el proyecto acad\u00e9mico\" \/>\n\t<meta name=\"robots\" content=\"max-image-preview:large\" \/>\n\t<meta name=\"author\" content=\"Cand\u00e1s 365\"\/>\n\t<meta name=\"google-site-verification\" content=\"UA-32230408-1\" \/>\n\t<meta name=\"msvalidate.01\" content=\"354F3CDFB2DA171B47FBE9ABF1F88D5\" \/>\n\t<meta name=\"keywords\" content=\"asturias\" \/>\n\t<link rel=\"canonical\" href=\"https:\/\/candas365.es\/noticias\/la-literatura-asturiana-sera-promocionada-en-reino-unido\/\" \/>\n\t<meta name=\"generator\" content=\"All in One SEO Pro (AIOSEO) 4.9.6.2\" \/>\n\t\t<meta property=\"og:locale\" content=\"es_ES\" \/>\n\t\t<meta property=\"og:site_name\" content=\"Cand\u00e1s 365\" \/>\n\t\t<meta property=\"og:type\" content=\"article\" \/>\n\t\t<meta property=\"og:title\" content=\"La literatura asturiana ser\u00e1 promocionada en Reino Unido | Cand\u00e1s 365\" \/>\n\t\t<meta property=\"og:description\" content=\"El Gobierno del Principado de Asturias, a trav\u00e9s de la Direcci\u00f3n General de Pol\u00edtica Lling\u00fc\u00edstica, colabora con el proyecto acad\u00e9mico\" \/>\n\t\t<meta property=\"og:url\" content=\"https:\/\/candas365.es\/noticias\/la-literatura-asturiana-sera-promocionada-en-reino-unido\/\" \/>\n\t\t<meta property=\"og:image\" content=\"https:\/\/candas365.es\/noticias\/wp-content\/uploads\/2023\/03\/Reino-Unido.jpg\" \/>\n\t\t<meta property=\"og:image:secure_url\" content=\"https:\/\/candas365.es\/noticias\/wp-content\/uploads\/2023\/03\/Reino-Unido.jpg\" \/>\n\t\t<meta property=\"og:image:width\" content=\"640\" \/>\n\t\t<meta property=\"og:image:height\" content=\"427\" \/>\n\t\t<meta property=\"article:published_time\" content=\"2023-03-15T11:51:50+00:00\" \/>\n\t\t<meta property=\"article:modified_time\" content=\"2023-03-15T11:51:50+00:00\" \/>\n\t\t<meta property=\"article:publisher\" content=\"https:\/\/www.facebook.com\/Nachofdezber\" \/>\n\t\t<meta property=\"article:author\" content=\"https:\/\/www.facebook.com\/carrenoactualidad\" \/>\n\t\t<meta name=\"twitter:card\" content=\"summary_large_image\" \/>\n\t\t<meta name=\"twitter:site\" content=\"@NabercoDigital\" \/>\n\t\t<meta name=\"twitter:title\" content=\"La literatura asturiana ser\u00e1 promocionada en Reino Unido | Cand\u00e1s 365\" \/>\n\t\t<meta name=\"twitter:description\" content=\"El Gobierno del Principado de Asturias, a trav\u00e9s de la Direcci\u00f3n General de Pol\u00edtica Lling\u00fc\u00edstica, colabora con el proyecto acad\u00e9mico\" \/>\n\t\t<meta name=\"twitter:creator\" content=\"@nbasturias\" \/>\n\t\t<meta name=\"twitter:image\" content=\"https:\/\/candas365.es\/noticias\/wp-content\/uploads\/2023\/03\/Reino-Unido.jpg\" \/>\n\t\t<meta name=\"twitter:label1\" content=\"Escrito por\" \/>\n\t\t<meta name=\"twitter:data1\" content=\"Cand\u00e1s 365\" \/>\n\t\t<meta name=\"twitter:label2\" content=\"Tiempo de lectura estimado\" \/>\n\t\t<meta name=\"twitter:data2\" content=\"2 minutos\" \/>\n\t\t<script type=\"application\/ld+json\" class=\"aioseo-schema\">\n\t\t\t{\"@context\":\"https:\\\/\\\/schema.org\",\"@graph\":[{\"@type\":\"BreadcrumbList\",\"@id\":\"https:\\\/\\\/candas365.es\\\/noticias\\\/la-literatura-asturiana-sera-promocionada-en-reino-unido\\\/#breadcrumblist\",\"itemListElement\":[{\"@type\":\"ListItem\",\"@id\":\"https:\\\/\\\/candas365.es\\\/noticias#listItem\",\"position\":1,\"name\":\"Home\",\"item\":\"https:\\\/\\\/candas365.es\\\/noticias\",\"nextItem\":{\"@type\":\"ListItem\",\"@id\":\"https:\\\/\\\/candas365.es\\\/noticias\\\/category\\\/asturias\\\/#listItem\",\"name\":\"Asturias\"}},{\"@type\":\"ListItem\",\"@id\":\"https:\\\/\\\/candas365.es\\\/noticias\\\/category\\\/asturias\\\/#listItem\",\"position\":2,\"name\":\"Asturias\",\"item\":\"https:\\\/\\\/candas365.es\\\/noticias\\\/category\\\/asturias\\\/\",\"nextItem\":{\"@type\":\"ListItem\",\"@id\":\"https:\\\/\\\/candas365.es\\\/noticias\\\/la-literatura-asturiana-sera-promocionada-en-reino-unido\\\/#listItem\",\"name\":\"La literatura asturiana ser\\u00e1 promocionada en Reino Unido\"},\"previousItem\":{\"@type\":\"ListItem\",\"@id\":\"https:\\\/\\\/candas365.es\\\/noticias#listItem\",\"name\":\"Home\"}},{\"@type\":\"ListItem\",\"@id\":\"https:\\\/\\\/candas365.es\\\/noticias\\\/la-literatura-asturiana-sera-promocionada-en-reino-unido\\\/#listItem\",\"position\":3,\"name\":\"La literatura asturiana ser\\u00e1 promocionada en Reino Unido\",\"previousItem\":{\"@type\":\"ListItem\",\"@id\":\"https:\\\/\\\/candas365.es\\\/noticias\\\/category\\\/asturias\\\/#listItem\",\"name\":\"Asturias\"}}]},{\"@type\":\"NewsArticle\",\"@id\":\"https:\\\/\\\/candas365.es\\\/noticias\\\/la-literatura-asturiana-sera-promocionada-en-reino-unido\\\/#newsarticle\",\"name\":\"La literatura asturiana ser\\u00e1 promocionada en Reino Unido | Cand\\u00e1s 365\",\"headline\":\"La literatura asturiana ser\\u00e1 promocionada en Reino Unido\",\"author\":{\"@id\":\"https:\\\/\\\/candas365.es\\\/noticias\\\/author\\\/admin\\\/#author\"},\"publisher\":{\"@id\":\"https:\\\/\\\/candas365.es\\\/noticias\\\/#organization\"},\"image\":{\"@type\":\"ImageObject\",\"url\":\"https:\\\/\\\/candas365.es\\\/noticias\\\/wp-content\\\/uploads\\\/2023\\\/03\\\/Reino-Unido.jpg\",\"width\":640,\"height\":427,\"caption\":\"Reino Unido\"},\"datePublished\":\"2023-03-15T12:51:50+01:00\",\"dateModified\":\"2023-03-15T12:51:50+01:00\",\"inLanguage\":\"es-ES\",\"mainEntityOfPage\":{\"@id\":\"https:\\\/\\\/candas365.es\\\/noticias\\\/la-literatura-asturiana-sera-promocionada-en-reino-unido\\\/#webpage\"},\"isPartOf\":{\"@id\":\"https:\\\/\\\/candas365.es\\\/noticias\\\/la-literatura-asturiana-sera-promocionada-en-reino-unido\\\/#webpage\"},\"articleSection\":\"Asturias, Asturias, cultura\",\"dateline\":\"Publicado el marzo 15, 2023.\"},{\"@type\":\"Organization\",\"@id\":\"https:\\\/\\\/candas365.es\\\/noticias\\\/#organization\",\"name\":\"Cand\\u00e1s 365\",\"description\":\"Cand\\u00e1s 365 es un diario digital independiente, fundado en 2012, con base en Asturias. Informamos con rigor sobre actualidad, sociedad, cultura y ocio, con una mirada local y global.\",\"url\":\"https:\\\/\\\/candas365.es\\\/noticias\\\/\",\"email\":\"info@candas365.es\",\"telephone\":\"+34652131393\",\"foundingDate\":\"2012-06-10\",\"logo\":{\"@type\":\"ImageObject\",\"url\":\"https:\\\/\\\/candas365.es\\\/noticias\\\/wp-content\\\/uploads\\\/2024\\\/09\\\/Candas-365-Redes.jpg\",\"@id\":\"https:\\\/\\\/candas365.es\\\/noticias\\\/la-literatura-asturiana-sera-promocionada-en-reino-unido\\\/#organizationLogo\",\"width\":1152,\"height\":864,\"caption\":\"Cand\\u00e1s 365 Redes\"},\"image\":{\"@id\":\"https:\\\/\\\/candas365.es\\\/noticias\\\/la-literatura-asturiana-sera-promocionada-en-reino-unido\\\/#organizationLogo\"},\"sameAs\":[\"https:\\\/\\\/www.facebook.com\\\/Nachofdezber\",\"https:\\\/\\\/x.com\\\/NabercoDigital\",\"https:\\\/\\\/www.instagram.com\\\/nachofdezber\\\/\",\"https:\\\/\\\/www.youtube.com\\\/channel\\\/UCZP-2wLEB9Rv6erhFmqVnvg\"],\"address\":{\"@id\":\"https:\\\/\\\/candas365.es\\\/noticias\\\/#postaladdress\",\"@type\":\"PostalAddress\",\"streetAddress\":\"san antonio 4, san antonio 4\",\"postalCode\":\"33430\",\"addressLocality\":\"Cand\\u00e1s\",\"addressRegion\":\"Asturias\",\"addressCountry\":\"ES\"}},{\"@type\":\"Person\",\"@id\":\"https:\\\/\\\/candas365.es\\\/noticias\\\/author\\\/admin\\\/#author\",\"url\":\"https:\\\/\\\/candas365.es\\\/noticias\\\/author\\\/admin\\\/\",\"name\":\"Cand\\u00e1s 365\",\"image\":{\"@type\":\"ImageObject\",\"@id\":\"https:\\\/\\\/candas365.es\\\/noticias\\\/la-literatura-asturiana-sera-promocionada-en-reino-unido\\\/#authorImage\",\"url\":\"https:\\\/\\\/secure.gravatar.com\\\/avatar\\\/496a8e03d0c493ede1718b7934145dbdf8d89be1036b0eec9544e1094c9de390?s=96&d=mm&r=g\",\"width\":96,\"height\":96,\"caption\":\"Cand\\u00e1s 365\"},\"sameAs\":[\"https:\\\/\\\/www.facebook.com\\\/carrenoactualidad\",\"https:\\\/\\\/twitter.com\\\/nbasturias\",\"https:\\\/\\\/www.instagram.com\\\/nachofdezber\\\/\",\"https:\\\/\\\/www.youtube.com\\\/channel\\\/UCZP-2wLEB9Rv6erhFmqVnvg\"]},{\"@type\":\"WebPage\",\"@id\":\"https:\\\/\\\/candas365.es\\\/noticias\\\/la-literatura-asturiana-sera-promocionada-en-reino-unido\\\/#webpage\",\"url\":\"https:\\\/\\\/candas365.es\\\/noticias\\\/la-literatura-asturiana-sera-promocionada-en-reino-unido\\\/\",\"name\":\"La literatura asturiana ser\\u00e1 promocionada en Reino Unido | Cand\\u00e1s 365\",\"description\":\"El Gobierno del Principado de Asturias, a trav\\u00e9s de la Direcci\\u00f3n General de Pol\\u00edtica Lling\\u00fc\\u00edstica, colabora con el proyecto acad\\u00e9mico\",\"inLanguage\":\"es-ES\",\"isPartOf\":{\"@id\":\"https:\\\/\\\/candas365.es\\\/noticias\\\/#website\"},\"breadcrumb\":{\"@id\":\"https:\\\/\\\/candas365.es\\\/noticias\\\/la-literatura-asturiana-sera-promocionada-en-reino-unido\\\/#breadcrumblist\"},\"author\":{\"@id\":\"https:\\\/\\\/candas365.es\\\/noticias\\\/author\\\/admin\\\/#author\"},\"creator\":{\"@id\":\"https:\\\/\\\/candas365.es\\\/noticias\\\/author\\\/admin\\\/#author\"},\"image\":{\"@type\":\"ImageObject\",\"url\":\"https:\\\/\\\/candas365.es\\\/noticias\\\/wp-content\\\/uploads\\\/2023\\\/03\\\/Reino-Unido.jpg\",\"@id\":\"https:\\\/\\\/candas365.es\\\/noticias\\\/la-literatura-asturiana-sera-promocionada-en-reino-unido\\\/#mainImage\",\"width\":640,\"height\":427,\"caption\":\"Reino Unido\"},\"primaryImageOfPage\":{\"@id\":\"https:\\\/\\\/candas365.es\\\/noticias\\\/la-literatura-asturiana-sera-promocionada-en-reino-unido\\\/#mainImage\"},\"datePublished\":\"2023-03-15T12:51:50+01:00\",\"dateModified\":\"2023-03-15T12:51:50+01:00\"},{\"@type\":\"WebSite\",\"@id\":\"https:\\\/\\\/candas365.es\\\/noticias\\\/#website\",\"url\":\"https:\\\/\\\/candas365.es\\\/noticias\\\/\",\"name\":\"Cand\\u00e1s 365\",\"alternateName\":\"Cand\\u00e1s 365 Noticias\",\"description\":\"Actualidad desde Carre\\u00f1o para el mundo\",\"inLanguage\":\"es-ES\",\"publisher\":{\"@id\":\"https:\\\/\\\/candas365.es\\\/noticias\\\/#organization\"}}]}\n\t\t<\/script>\n\t\t<!-- All in One SEO Pro -->\r\n\t\t<title>La literatura asturiana ser\u00e1 promocionada en Reino Unido | Cand\u00e1s 365<\/title>\n\n","aioseo_head_json":{"title":"La literatura asturiana ser\u00e1 promocionada en Reino Unido | Cand\u00e1s 365","description":"El Gobierno del Principado de Asturias, a trav\u00e9s de la Direcci\u00f3n General de Pol\u00edtica Lling\u00fc\u00edstica, colabora con el proyecto acad\u00e9mico","canonical_url":"https:\/\/candas365.es\/noticias\/la-literatura-asturiana-sera-promocionada-en-reino-unido\/","robots":"max-image-preview:large","keywords":"asturias","webmasterTools":{"google-site-verification":"UA-32230408-1","msvalidate.01":"354F3CDFB2DA171B47FBE9ABF1F88D5","miscellaneous":""},"schema":{"@context":"https:\/\/schema.org","@graph":[{"@type":"BreadcrumbList","@id":"https:\/\/candas365.es\/noticias\/la-literatura-asturiana-sera-promocionada-en-reino-unido\/#breadcrumblist","itemListElement":[{"@type":"ListItem","@id":"https:\/\/candas365.es\/noticias#listItem","position":1,"name":"Home","item":"https:\/\/candas365.es\/noticias","nextItem":{"@type":"ListItem","@id":"https:\/\/candas365.es\/noticias\/category\/asturias\/#listItem","name":"Asturias"}},{"@type":"ListItem","@id":"https:\/\/candas365.es\/noticias\/category\/asturias\/#listItem","position":2,"name":"Asturias","item":"https:\/\/candas365.es\/noticias\/category\/asturias\/","nextItem":{"@type":"ListItem","@id":"https:\/\/candas365.es\/noticias\/la-literatura-asturiana-sera-promocionada-en-reino-unido\/#listItem","name":"La literatura asturiana ser\u00e1 promocionada en Reino Unido"},"previousItem":{"@type":"ListItem","@id":"https:\/\/candas365.es\/noticias#listItem","name":"Home"}},{"@type":"ListItem","@id":"https:\/\/candas365.es\/noticias\/la-literatura-asturiana-sera-promocionada-en-reino-unido\/#listItem","position":3,"name":"La literatura asturiana ser\u00e1 promocionada en Reino Unido","previousItem":{"@type":"ListItem","@id":"https:\/\/candas365.es\/noticias\/category\/asturias\/#listItem","name":"Asturias"}}]},{"@type":"NewsArticle","@id":"https:\/\/candas365.es\/noticias\/la-literatura-asturiana-sera-promocionada-en-reino-unido\/#newsarticle","name":"La literatura asturiana ser\u00e1 promocionada en Reino Unido | Cand\u00e1s 365","headline":"La literatura asturiana ser\u00e1 promocionada en Reino Unido","author":{"@id":"https:\/\/candas365.es\/noticias\/author\/admin\/#author"},"publisher":{"@id":"https:\/\/candas365.es\/noticias\/#organization"},"image":{"@type":"ImageObject","url":"https:\/\/candas365.es\/noticias\/wp-content\/uploads\/2023\/03\/Reino-Unido.jpg","width":640,"height":427,"caption":"Reino Unido"},"datePublished":"2023-03-15T12:51:50+01:00","dateModified":"2023-03-15T12:51:50+01:00","inLanguage":"es-ES","mainEntityOfPage":{"@id":"https:\/\/candas365.es\/noticias\/la-literatura-asturiana-sera-promocionada-en-reino-unido\/#webpage"},"isPartOf":{"@id":"https:\/\/candas365.es\/noticias\/la-literatura-asturiana-sera-promocionada-en-reino-unido\/#webpage"},"articleSection":"Asturias, Asturias, cultura","dateline":"Publicado el marzo 15, 2023."},{"@type":"Organization","@id":"https:\/\/candas365.es\/noticias\/#organization","name":"Cand\u00e1s 365","description":"Cand\u00e1s 365 es un diario digital independiente, fundado en 2012, con base en Asturias. Informamos con rigor sobre actualidad, sociedad, cultura y ocio, con una mirada local y global.","url":"https:\/\/candas365.es\/noticias\/","email":"info@candas365.es","telephone":"+34652131393","foundingDate":"2012-06-10","logo":{"@type":"ImageObject","url":"https:\/\/candas365.es\/noticias\/wp-content\/uploads\/2024\/09\/Candas-365-Redes.jpg","@id":"https:\/\/candas365.es\/noticias\/la-literatura-asturiana-sera-promocionada-en-reino-unido\/#organizationLogo","width":1152,"height":864,"caption":"Cand\u00e1s 365 Redes"},"image":{"@id":"https:\/\/candas365.es\/noticias\/la-literatura-asturiana-sera-promocionada-en-reino-unido\/#organizationLogo"},"sameAs":["https:\/\/www.facebook.com\/Nachofdezber","https:\/\/x.com\/NabercoDigital","https:\/\/www.instagram.com\/nachofdezber\/","https:\/\/www.youtube.com\/channel\/UCZP-2wLEB9Rv6erhFmqVnvg"],"address":{"@id":"https:\/\/candas365.es\/noticias\/#postaladdress","@type":"PostalAddress","streetAddress":"san antonio 4, san antonio 4","postalCode":"33430","addressLocality":"Cand\u00e1s","addressRegion":"Asturias","addressCountry":"ES"}},{"@type":"Person","@id":"https:\/\/candas365.es\/noticias\/author\/admin\/#author","url":"https:\/\/candas365.es\/noticias\/author\/admin\/","name":"Cand\u00e1s 365","image":{"@type":"ImageObject","@id":"https:\/\/candas365.es\/noticias\/la-literatura-asturiana-sera-promocionada-en-reino-unido\/#authorImage","url":"https:\/\/secure.gravatar.com\/avatar\/496a8e03d0c493ede1718b7934145dbdf8d89be1036b0eec9544e1094c9de390?s=96&d=mm&r=g","width":96,"height":96,"caption":"Cand\u00e1s 365"},"sameAs":["https:\/\/www.facebook.com\/carrenoactualidad","https:\/\/twitter.com\/nbasturias","https:\/\/www.instagram.com\/nachofdezber\/","https:\/\/www.youtube.com\/channel\/UCZP-2wLEB9Rv6erhFmqVnvg"]},{"@type":"WebPage","@id":"https:\/\/candas365.es\/noticias\/la-literatura-asturiana-sera-promocionada-en-reino-unido\/#webpage","url":"https:\/\/candas365.es\/noticias\/la-literatura-asturiana-sera-promocionada-en-reino-unido\/","name":"La literatura asturiana ser\u00e1 promocionada en Reino Unido | Cand\u00e1s 365","description":"El Gobierno del Principado de Asturias, a trav\u00e9s de la Direcci\u00f3n General de Pol\u00edtica Lling\u00fc\u00edstica, colabora con el proyecto acad\u00e9mico","inLanguage":"es-ES","isPartOf":{"@id":"https:\/\/candas365.es\/noticias\/#website"},"breadcrumb":{"@id":"https:\/\/candas365.es\/noticias\/la-literatura-asturiana-sera-promocionada-en-reino-unido\/#breadcrumblist"},"author":{"@id":"https:\/\/candas365.es\/noticias\/author\/admin\/#author"},"creator":{"@id":"https:\/\/candas365.es\/noticias\/author\/admin\/#author"},"image":{"@type":"ImageObject","url":"https:\/\/candas365.es\/noticias\/wp-content\/uploads\/2023\/03\/Reino-Unido.jpg","@id":"https:\/\/candas365.es\/noticias\/la-literatura-asturiana-sera-promocionada-en-reino-unido\/#mainImage","width":640,"height":427,"caption":"Reino Unido"},"primaryImageOfPage":{"@id":"https:\/\/candas365.es\/noticias\/la-literatura-asturiana-sera-promocionada-en-reino-unido\/#mainImage"},"datePublished":"2023-03-15T12:51:50+01:00","dateModified":"2023-03-15T12:51:50+01:00"},{"@type":"WebSite","@id":"https:\/\/candas365.es\/noticias\/#website","url":"https:\/\/candas365.es\/noticias\/","name":"Cand\u00e1s 365","alternateName":"Cand\u00e1s 365 Noticias","description":"Actualidad desde Carre\u00f1o para el mundo","inLanguage":"es-ES","publisher":{"@id":"https:\/\/candas365.es\/noticias\/#organization"}}]},"og:locale":"es_ES","og:site_name":"Cand\u00e1s 365","og:type":"article","og:title":"La literatura asturiana ser\u00e1 promocionada en Reino Unido | Cand\u00e1s 365","og:description":"El Gobierno del Principado de Asturias, a trav\u00e9s de la Direcci\u00f3n General de Pol\u00edtica Lling\u00fc\u00edstica, colabora con el proyecto acad\u00e9mico","og:url":"https:\/\/candas365.es\/noticias\/la-literatura-asturiana-sera-promocionada-en-reino-unido\/","og:image":"https:\/\/candas365.es\/noticias\/wp-content\/uploads\/2023\/03\/Reino-Unido.jpg","og:image:secure_url":"https:\/\/candas365.es\/noticias\/wp-content\/uploads\/2023\/03\/Reino-Unido.jpg","og:image:width":640,"og:image:height":427,"article:published_time":"2023-03-15T11:51:50+00:00","article:modified_time":"2023-03-15T11:51:50+00:00","article:publisher":"https:\/\/www.facebook.com\/Nachofdezber","article:author":"https:\/\/www.facebook.com\/carrenoactualidad","twitter:card":"summary_large_image","twitter:site":"@NabercoDigital","twitter:title":"La literatura asturiana ser\u00e1 promocionada en Reino Unido | Cand\u00e1s 365","twitter:description":"El Gobierno del Principado de Asturias, a trav\u00e9s de la Direcci\u00f3n General de Pol\u00edtica Lling\u00fc\u00edstica, colabora con el proyecto acad\u00e9mico","twitter:creator":"@nbasturias","twitter:image":"https:\/\/candas365.es\/noticias\/wp-content\/uploads\/2023\/03\/Reino-Unido.jpg","twitter:label1":"Escrito por","twitter:data1":"Cand\u00e1s 365","twitter:label2":"Tiempo de lectura estimado","twitter:data2":"2 minutos"},"aioseo_meta_data":{"post_id":"172400","title":null,"description":"El Gobierno del Principado de Asturias, a trav\u00e9s de la Direcci\u00f3n General de Pol\u00edtica Lling\u00fc\u00edstica, colabora con el proyecto acad\u00e9mico","keywords":[],"keyphrases":{"focus":{"keyphrase":"Reino Unido","score":80,"analysis":{"keyphraseInTitle":{"score":9,"maxScore":9,"error":0},"keyphraseInDescription":{"score":3,"maxScore":9,"error":1},"keyphraseLength":{"score":9,"maxScore":9,"error":0,"length":2},"keyphraseInURL":{"score":1,"maxScore":5,"error":1},"keyphraseInIntroduction":{"score":9,"maxScore":9,"error":0},"keyphraseInSubHeadings":[],"keyphraseInImageAlt":{"score":9,"maxScore":9,"error":0}}},"additional":[{"keyphrase":"Asturias","score":83,"analysis":{"keyphraseInDescription":{"score":9,"maxScore":9,"error":0},"keyphraseLength":{"score":9,"maxScore":9,"error":0,"length":1},"keyphraseInIntroduction":{"score":9,"maxScore":9,"error":0},"keyphraseInImageAlt":{"score":3,"maxScore":9,"error":1}}},{"keyphrase":"Reino Unido","score":83,"analysis":{"keyphraseInDescription":{"score":3,"maxScore":9,"error":1},"keyphraseLength":{"score":9,"maxScore":9,"error":0,"length":2},"keyphraseInIntroduction":{"score":9,"maxScore":9,"error":0},"keyphraseInImageAlt":{"score":9,"maxScore":9,"error":0}}}]},"primary_term":null,"canonical_url":null,"og_title":null,"og_description":null,"og_object_type":"default","og_image_type":"default","og_image_url":null,"og_image_width":null,"og_image_height":null,"og_image_custom_url":null,"og_image_custom_fields":null,"og_video":"","og_custom_url":null,"og_article_section":null,"og_article_tags":[],"twitter_use_og":false,"twitter_card":"default","twitter_image_type":"default","twitter_image_url":null,"twitter_image_custom_url":null,"twitter_image_custom_fields":null,"twitter_title":null,"twitter_description":null,"schema":{"blockGraphs":[],"customGraphs":[],"default":{"data":{"Article":[],"Course":[],"Dataset":[],"FAQPage":[],"Movie":[],"Person":[],"Product":[],"ProductReview":[],"Car":[],"Recipe":[],"Service":[],"SoftwareApplication":[],"WebPage":[]},"graphName":"Article","isEnabled":true},"graphs":[]},"schema_type":"default","schema_type_options":null,"pillar_content":false,"robots_default":true,"robots_noindex":false,"robots_noarchive":false,"robots_nosnippet":false,"robots_nofollow":false,"robots_noimageindex":false,"robots_noodp":false,"robots_notranslate":false,"robots_max_snippet":"-1","robots_max_videopreview":"-1","robots_max_imagepreview":"large","priority":null,"frequency":"default","location":null,"local_seo":null,"seo_analyzer_scan_date":"2025-09-01 19:37:41","breadcrumb_settings":null,"limit_modified_date":false,"reviewed_by":null,"open_ai":"{\"title\":{\"suggestions\":[],\"usage\":0},\"description\":{\"suggestions\":[],\"usage\":0}}","ai":null,"created":"2023-03-15 11:47:49","updated":"2025-09-01 19:37:41"},"aioseo_breadcrumb":"<div class=\"aioseo-breadcrumbs\"><span class=\"aioseo-breadcrumb\">\n\t<a href=\"https:\/\/candas365.es\/noticias\" title=\"Home\">Home<\/a>\n<\/span><span class=\"aioseo-breadcrumb-separator\">&ndash;<\/span><span class=\"aioseo-breadcrumb\">\n\t<a href=\"https:\/\/candas365.es\/noticias\/category\/asturias\/\" title=\"Asturias\">Asturias<\/a>\n<\/span><span class=\"aioseo-breadcrumb-separator\">&ndash;<\/span><span class=\"aioseo-breadcrumb\">\n\tLa literatura asturiana ser\u00e1 promocionada en Reino Unido\n<\/span><\/div>","aioseo_breadcrumb_json":[{"label":"Home","link":"https:\/\/candas365.es\/noticias"},{"label":"Asturias","link":"https:\/\/candas365.es\/noticias\/category\/asturias\/"},{"label":"La literatura asturiana ser\u00e1 promocionada en Reino Unido","link":"https:\/\/candas365.es\/noticias\/la-literatura-asturiana-sera-promocionada-en-reino-unido\/"}],"_links":{"self":[{"href":"https:\/\/candas365.es\/noticias\/wp-json\/wp\/v2\/posts\/172400","targetHints":{"allow":["GET"]}}],"collection":[{"href":"https:\/\/candas365.es\/noticias\/wp-json\/wp\/v2\/posts"}],"about":[{"href":"https:\/\/candas365.es\/noticias\/wp-json\/wp\/v2\/types\/post"}],"author":[{"embeddable":true,"href":"https:\/\/candas365.es\/noticias\/wp-json\/wp\/v2\/users\/1"}],"replies":[{"embeddable":true,"href":"https:\/\/candas365.es\/noticias\/wp-json\/wp\/v2\/comments?post=172400"}],"version-history":[{"count":0,"href":"https:\/\/candas365.es\/noticias\/wp-json\/wp\/v2\/posts\/172400\/revisions"}],"wp:featuredmedia":[{"embeddable":true,"href":"https:\/\/candas365.es\/noticias\/wp-json\/wp\/v2\/media\/172401"}],"wp:attachment":[{"href":"https:\/\/candas365.es\/noticias\/wp-json\/wp\/v2\/media?parent=172400"}],"wp:term":[{"taxonomy":"category","embeddable":true,"href":"https:\/\/candas365.es\/noticias\/wp-json\/wp\/v2\/categories?post=172400"},{"taxonomy":"post_tag","embeddable":true,"href":"https:\/\/candas365.es\/noticias\/wp-json\/wp\/v2\/tags?post=172400"}],"curies":[{"name":"wp","href":"https:\/\/api.w.org\/{rel}","templated":true}]}}