{"id":172378,"date":"2023-03-14T22:07:09","date_gmt":"2023-03-14T21:07:09","guid":{"rendered":"https:\/\/candas365.es\/noticias\/?p=172378"},"modified":"2023-03-14T22:07:09","modified_gmt":"2023-03-14T21:07:09","slug":"derrota-del-real-madrid-contra-el-anadolu-efes","status":"publish","type":"post","link":"https:\/\/candas365.es\/noticias\/derrota-del-real-madrid-contra-el-anadolu-efes\/","title":{"rendered":"Derrota del Real Madrid contra el Anadolu Efes"},"content":{"rendered":"<p>(EP) &#8211; El Real Madrid ha ca\u00eddo este martes ante el Anadolu Efes (90-89) en el Sinan Erdem Sports Hall en la vig\u00e9sima cuarta jornada de la fase regular de la Euroliga, un duelo en el que los de Chus Mateo fueron capaces de remontar la desventaja de 17 puntos con la que llegaron al final del tercer cuarto frente a un rival que gestion\u00f3 a la perfecci\u00f3n el \u00faltimo minuto.<\/p>\n<figure id=\"attachment_172379\" aria-describedby=\"caption-attachment-172379\" style=\"width: 650px\" class=\"wp-caption aligncenter\"><img fetchpriority=\"high\" decoding=\"async\" class=\"wp-image-172379 size-large\" src=\"https:\/\/candas365.es\/noticias\/wp-content\/uploads\/2023\/03\/Real-Madrid-650x467.jpg\" alt=\"Real Madrid\" width=\"650\" height=\"467\" srcset=\"https:\/\/candas365.es\/noticias\/wp-content\/uploads\/2023\/03\/Real-Madrid-650x467.jpg 650w, https:\/\/candas365.es\/noticias\/wp-content\/uploads\/2023\/03\/Real-Madrid-360x259.jpg 360w, https:\/\/candas365.es\/noticias\/wp-content\/uploads\/2023\/03\/Real-Madrid-768x552.jpg 768w, https:\/\/candas365.es\/noticias\/wp-content\/uploads\/2023\/03\/Real-Madrid-150x108.jpg 150w, https:\/\/candas365.es\/noticias\/wp-content\/uploads\/2023\/03\/Real-Madrid-450x324.jpg 450w, https:\/\/candas365.es\/noticias\/wp-content\/uploads\/2023\/03\/Real-Madrid.jpg 925w\" sizes=\"(max-width: 650px) 100vw, 650px\" \/><figcaption id=\"caption-attachment-172379\" class=\"wp-caption-text\">FOTO: ACB PHOTO\/EMILIO COBOS \/ EP<\/figcaption><\/figure>\n<p>El conjunto blanco, que arranc\u00f3 el encuentro mandando, neutraliz\u00f3 su mal tercer cuarto con un excepcional \u00faltimo parcial, liderado por Sergio Rodr\u00edguez (14 puntos), y nunca perdi\u00f3 la esperanza, llegando a mandar a falta de menos de dos minutos para el final.<\/p>\n<p>Sin embargo, la experiencia de Shane Larkin (18 puntos, 8 asistencias y 22 de valoraci\u00f3n) le impidi\u00f3 completar la gesta, todo en un partido en el que tambi\u00e9n brillaron Dzanan Musa (16 puntos) y Gabriel Deck (15) en el cuadro madridista.<\/p>\n<p>En la reedici\u00f3n de la \u00faltima final de la Euroliga, un duelo aplazado por el terremoto de Turqu\u00eda del mes de febrero, los de Chus Mateo llevaron la iniciativa en el primer tramo del choque y encontraron su ritmo, llevando al vigente campe\u00f3n, obligado a reaccionar para no verse fuera a las primeras de cambio de la competici\u00f3n que ha ganado en las dos \u00faltimas ediciones, a remolque.<\/p>\n<p>Con canastas f\u00e1ciles y con Gabriel Deck como principal arma ofensiva (9 puntos), los madridistas fueron haci\u00e9ndose con una peque\u00f1a renta que afianzaron manteniendo a raya a hombres importantes como Will Clyburn, incapaz de anotar en el primer cuarto (18-24).<\/p>\n<p>Un triple del base Shane Larkin y otra canasta del p\u00edvot Bryant Dunston acercaron a los de Ergin Ataman mediado el segundo parcial (27-29), pero un oportuno tiempo muerto alej\u00f3 el peligro para el cuadro blanco, ocho arriba.<\/p>\n<p>Sin embargo, una antideportiva de Alberto Abalde sobre Tibor Pleiss precipit\u00f3 la reacci\u00f3n de los turcos; el p\u00edvot alem\u00e1n anot\u00f3 los dos tiros libres y Larkin, desde la l\u00ednea de tres redujo la distancia, que qued\u00f3 neutralizada con un parcial de 11-0 que permiti\u00f3 al equipo local marcharse por delante al descanso (42-39).<\/p>\n<p>La din\u00e1mica se mantuvo en la reanudaci\u00f3n, en la que cuatro triples consecutivos del cuadro otomano pusieron las cosas m\u00e1s cuesta arriba a los de Chus Mateo, que despidieron el tercer cuarto con una desventaja de 17 puntos (75-58).<\/p>\n<p>Aun as\u00ed, no arrojaron la toalla y respondieron mordiendo, con Rudy Fern\u00e1ndez inaugurando el parcial definitivo con un tiro de tres que inici\u00f3 la reacci\u00f3n blanca, que consigui\u00f3 reducir la diferencia a siete tantos antes de que Ataman la frenase con un tiempo muerto (79-72). Sergio Rodr\u00edguez, de tres, meti\u00f3 el miedo al Sinan Erdem Sports Hall, que celebr\u00f3 a lo grande que Elijah Bryant rompiese la sequ\u00eda tras el parcial de 0-12.<\/p>\n<p>El base canario apret\u00f3 todo con un triple cuando quedaban solo dos minutos, y Guerschon Yabusele, tambi\u00e9n desde la l\u00ednea de tres, remont\u00f3 para el Real Madrid (83-84). Larkin devolvi\u00f3 a falta de un minuto la iniciativa a los turcos (86-84), que ya no dejaron escapar la victoria. Con ello, salvan el primer &#8216;match ball&#8217; y se mantienen vivos en la m\u00e1xima competici\u00f3n continental; los madridistas, por su parte, se alejan del liderato antes de recibir al Armani Mil\u00e1n.<\/p>\n<h2>FICHA T\u00c9CNICA.<\/h2>\n<p>RESULTADO: ANADOLU EFES, 90 &#8211; REAL MADRID, 89 (42-39, al descanso).<\/p>\n<p>EQUIPOS.<\/p>\n<p>ANADOLU EFES: Micic (10), Bryant (17), Clyburn (15), Singleton (11) y Pleiss (11) &#8211;quinteto inicial&#8211;; Larkin (18), Gazi (-), Dunston (8) y M&#8217;Baye (-).<\/p>\n<p>REAL MADRID: Hanga (2), Hezonja (8), Deck (15), Musa (16) y Tavares (13) &#8211;quinteto inicial&#8211;; Sergio Rodr\u00edguez (14), Causeur (3), Cornelie (2), Abalde (-), Rudy Fern\u00e1ndez (3), Poirier (5) y Yabusele (8).<\/p>\n<p>PARCIALES: 18-24, 24-15, 35-21 y 13-29.<\/p>\n<p>\u00c1RBITROS: Belosevic, Paternico y Majkic. Eliminaron a Bryant Dunston por parte de Anadolu Efes.<\/p>\n<p>PABELL\u00d3N: Sinan Erdem Sports Hall.<\/p>\n","protected":false},"excerpt":{"rendered":"<p>(EP) &#8211; El Real Madrid ha ca\u00eddo este martes ante el Anadolu Efes (90-89) en el Sinan Erdem Sports Hall en la vig\u00e9sima cuarta jornada de la fase regular de la Euroliga, un duelo en el que los de Chus Mateo fueron capaces de remontar la desventaja de 17 puntos con la que llegaron al<\/p>\n","protected":false},"author":1,"featured_media":172379,"comment_status":"closed","ping_status":"closed","sticky":false,"template":"","format":"standard","meta":{"footnotes":""},"categories":[319],"tags":[387],"class_list":{"0":"post-172378","1":"post","2":"type-post","3":"status-publish","4":"format-standard","5":"has-post-thumbnail","7":"category-deporte","8":"tag-deporte"},"aioseo_notices":[],"aioseo_head":"\n\t\t<!-- All in One SEO Pro 4.9.6.2 - aioseo.com -->\n\t<meta name=\"description\" content=\"(EP) - El Real Madrid ha ca\u00eddo este martes ante el Anadolu Efes (90-89) en el Sinan Erdem Sports Hall en la vig\u00e9sima cuarta jornada de la fase regular\" \/>\n\t<meta name=\"robots\" content=\"max-image-preview:large\" \/>\n\t<meta name=\"author\" content=\"Cand\u00e1s 365\"\/>\n\t<meta name=\"google-site-verification\" content=\"UA-32230408-1\" \/>\n\t<meta name=\"msvalidate.01\" content=\"354F3CDFB2DA171B47FBE9ABF1F88D5\" \/>\n\t<meta name=\"keywords\" content=\"deporte\" \/>\n\t<link rel=\"canonical\" href=\"https:\/\/candas365.es\/noticias\/derrota-del-real-madrid-contra-el-anadolu-efes\/\" \/>\n\t<meta name=\"generator\" content=\"All in One SEO Pro (AIOSEO) 4.9.6.2\" \/>\n\t\t<meta property=\"og:locale\" content=\"es_ES\" \/>\n\t\t<meta property=\"og:site_name\" content=\"Cand\u00e1s 365\" \/>\n\t\t<meta property=\"og:type\" content=\"article\" \/>\n\t\t<meta property=\"og:title\" content=\"Derrota del Real Madrid contra el Anadolu Efes | Cand\u00e1s 365\" \/>\n\t\t<meta property=\"og:description\" content=\"(EP) - El Real Madrid ha ca\u00eddo este martes ante el Anadolu Efes (90-89) en el Sinan Erdem Sports Hall en la vig\u00e9sima cuarta jornada de la fase regular\" \/>\n\t\t<meta property=\"og:url\" content=\"https:\/\/candas365.es\/noticias\/derrota-del-real-madrid-contra-el-anadolu-efes\/\" \/>\n\t\t<meta property=\"og:image\" content=\"https:\/\/candas365.es\/noticias\/wp-content\/uploads\/2023\/03\/Real-Madrid.jpg\" \/>\n\t\t<meta property=\"og:image:secure_url\" content=\"https:\/\/candas365.es\/noticias\/wp-content\/uploads\/2023\/03\/Real-Madrid.jpg\" \/>\n\t\t<meta property=\"og:image:width\" content=\"925\" \/>\n\t\t<meta property=\"og:image:height\" content=\"665\" \/>\n\t\t<meta property=\"article:published_time\" content=\"2023-03-14T21:07:09+00:00\" \/>\n\t\t<meta property=\"article:modified_time\" content=\"2023-03-14T21:07:09+00:00\" \/>\n\t\t<meta property=\"article:publisher\" content=\"https:\/\/www.facebook.com\/Nachofdezber\" \/>\n\t\t<meta property=\"article:author\" content=\"https:\/\/www.facebook.com\/carrenoactualidad\" \/>\n\t\t<meta name=\"twitter:card\" content=\"summary_large_image\" \/>\n\t\t<meta name=\"twitter:site\" content=\"@NabercoDigital\" \/>\n\t\t<meta name=\"twitter:title\" content=\"Derrota del Real Madrid contra el Anadolu Efes | Cand\u00e1s 365\" \/>\n\t\t<meta name=\"twitter:description\" content=\"(EP) - El Real Madrid ha ca\u00eddo este martes ante el Anadolu Efes (90-89) en el Sinan Erdem Sports Hall en la vig\u00e9sima cuarta jornada de la fase regular\" \/>\n\t\t<meta name=\"twitter:creator\" content=\"@nbasturias\" \/>\n\t\t<meta name=\"twitter:image\" content=\"https:\/\/candas365.es\/noticias\/wp-content\/uploads\/2023\/03\/Real-Madrid.jpg\" \/>\n\t\t<meta name=\"twitter:label1\" content=\"Escrito por\" \/>\n\t\t<meta name=\"twitter:data1\" content=\"Cand\u00e1s 365\" \/>\n\t\t<meta name=\"twitter:label2\" content=\"Tiempo de lectura estimado\" \/>\n\t\t<meta name=\"twitter:data2\" content=\"3 minutos\" \/>\n\t\t<script type=\"application\/ld+json\" class=\"aioseo-schema\">\n\t\t\t{\"@context\":\"https:\\\/\\\/schema.org\",\"@graph\":[{\"@type\":\"BreadcrumbList\",\"@id\":\"https:\\\/\\\/candas365.es\\\/noticias\\\/derrota-del-real-madrid-contra-el-anadolu-efes\\\/#breadcrumblist\",\"itemListElement\":[{\"@type\":\"ListItem\",\"@id\":\"https:\\\/\\\/candas365.es\\\/noticias#listItem\",\"position\":1,\"name\":\"Home\",\"item\":\"https:\\\/\\\/candas365.es\\\/noticias\",\"nextItem\":{\"@type\":\"ListItem\",\"@id\":\"https:\\\/\\\/candas365.es\\\/noticias\\\/category\\\/deporte\\\/#listItem\",\"name\":\"Deporte\"}},{\"@type\":\"ListItem\",\"@id\":\"https:\\\/\\\/candas365.es\\\/noticias\\\/category\\\/deporte\\\/#listItem\",\"position\":2,\"name\":\"Deporte\",\"item\":\"https:\\\/\\\/candas365.es\\\/noticias\\\/category\\\/deporte\\\/\",\"nextItem\":{\"@type\":\"ListItem\",\"@id\":\"https:\\\/\\\/candas365.es\\\/noticias\\\/derrota-del-real-madrid-contra-el-anadolu-efes\\\/#listItem\",\"name\":\"Derrota del Real Madrid contra el Anadolu Efes\"},\"previousItem\":{\"@type\":\"ListItem\",\"@id\":\"https:\\\/\\\/candas365.es\\\/noticias#listItem\",\"name\":\"Home\"}},{\"@type\":\"ListItem\",\"@id\":\"https:\\\/\\\/candas365.es\\\/noticias\\\/derrota-del-real-madrid-contra-el-anadolu-efes\\\/#listItem\",\"position\":3,\"name\":\"Derrota del Real Madrid contra el Anadolu Efes\",\"previousItem\":{\"@type\":\"ListItem\",\"@id\":\"https:\\\/\\\/candas365.es\\\/noticias\\\/category\\\/deporte\\\/#listItem\",\"name\":\"Deporte\"}}]},{\"@type\":\"NewsArticle\",\"@id\":\"https:\\\/\\\/candas365.es\\\/noticias\\\/derrota-del-real-madrid-contra-el-anadolu-efes\\\/#newsarticle\",\"name\":\"Derrota del Real Madrid contra el Anadolu Efes | Cand\\u00e1s 365\",\"headline\":\"Derrota del Real Madrid contra el Anadolu Efes\",\"author\":{\"@id\":\"https:\\\/\\\/candas365.es\\\/noticias\\\/author\\\/admin\\\/#author\"},\"publisher\":{\"@id\":\"https:\\\/\\\/candas365.es\\\/noticias\\\/#organization\"},\"image\":{\"@type\":\"ImageObject\",\"url\":\"https:\\\/\\\/candas365.es\\\/noticias\\\/wp-content\\\/uploads\\\/2023\\\/03\\\/Real-Madrid.jpg\",\"width\":925,\"height\":665,\"caption\":\"FOTO: ACB PHOTO\\\/EMILIO COBOS \\\/ EP\"},\"datePublished\":\"2023-03-14T22:07:09+01:00\",\"dateModified\":\"2023-03-14T22:07:09+01:00\",\"inLanguage\":\"es-ES\",\"mainEntityOfPage\":{\"@id\":\"https:\\\/\\\/candas365.es\\\/noticias\\\/derrota-del-real-madrid-contra-el-anadolu-efes\\\/#webpage\"},\"isPartOf\":{\"@id\":\"https:\\\/\\\/candas365.es\\\/noticias\\\/derrota-del-real-madrid-contra-el-anadolu-efes\\\/#webpage\"},\"articleSection\":\"Deporte, deporte\",\"dateline\":\"Publicado el marzo 14, 2023.\"},{\"@type\":\"Organization\",\"@id\":\"https:\\\/\\\/candas365.es\\\/noticias\\\/#organization\",\"name\":\"Cand\\u00e1s 365\",\"description\":\"Cand\\u00e1s 365 es un diario digital independiente, fundado en 2012, con base en Asturias. Informamos con rigor sobre actualidad, sociedad, cultura y ocio, con una mirada local y global.\",\"url\":\"https:\\\/\\\/candas365.es\\\/noticias\\\/\",\"email\":\"info@candas365.es\",\"telephone\":\"+34652131393\",\"foundingDate\":\"2012-06-10\",\"logo\":{\"@type\":\"ImageObject\",\"url\":\"https:\\\/\\\/candas365.es\\\/noticias\\\/wp-content\\\/uploads\\\/2024\\\/09\\\/Candas-365-Redes.jpg\",\"@id\":\"https:\\\/\\\/candas365.es\\\/noticias\\\/derrota-del-real-madrid-contra-el-anadolu-efes\\\/#organizationLogo\",\"width\":1152,\"height\":864,\"caption\":\"Cand\\u00e1s 365 Redes\"},\"image\":{\"@id\":\"https:\\\/\\\/candas365.es\\\/noticias\\\/derrota-del-real-madrid-contra-el-anadolu-efes\\\/#organizationLogo\"},\"sameAs\":[\"https:\\\/\\\/www.facebook.com\\\/Nachofdezber\",\"https:\\\/\\\/x.com\\\/NabercoDigital\",\"https:\\\/\\\/www.instagram.com\\\/nachofdezber\\\/\",\"https:\\\/\\\/www.youtube.com\\\/channel\\\/UCZP-2wLEB9Rv6erhFmqVnvg\"],\"address\":{\"@id\":\"https:\\\/\\\/candas365.es\\\/noticias\\\/#postaladdress\",\"@type\":\"PostalAddress\",\"streetAddress\":\"san antonio 4, san antonio 4\",\"postalCode\":\"33430\",\"addressLocality\":\"Cand\\u00e1s\",\"addressRegion\":\"Asturias\",\"addressCountry\":\"ES\"}},{\"@type\":\"Person\",\"@id\":\"https:\\\/\\\/candas365.es\\\/noticias\\\/author\\\/admin\\\/#author\",\"url\":\"https:\\\/\\\/candas365.es\\\/noticias\\\/author\\\/admin\\\/\",\"name\":\"Cand\\u00e1s 365\",\"image\":{\"@type\":\"ImageObject\",\"@id\":\"https:\\\/\\\/candas365.es\\\/noticias\\\/derrota-del-real-madrid-contra-el-anadolu-efes\\\/#authorImage\",\"url\":\"https:\\\/\\\/secure.gravatar.com\\\/avatar\\\/496a8e03d0c493ede1718b7934145dbdf8d89be1036b0eec9544e1094c9de390?s=96&d=mm&r=g\",\"width\":96,\"height\":96,\"caption\":\"Cand\\u00e1s 365\"},\"sameAs\":[\"https:\\\/\\\/www.facebook.com\\\/carrenoactualidad\",\"https:\\\/\\\/twitter.com\\\/nbasturias\",\"https:\\\/\\\/www.instagram.com\\\/nachofdezber\\\/\",\"https:\\\/\\\/www.youtube.com\\\/channel\\\/UCZP-2wLEB9Rv6erhFmqVnvg\"]},{\"@type\":\"WebPage\",\"@id\":\"https:\\\/\\\/candas365.es\\\/noticias\\\/derrota-del-real-madrid-contra-el-anadolu-efes\\\/#webpage\",\"url\":\"https:\\\/\\\/candas365.es\\\/noticias\\\/derrota-del-real-madrid-contra-el-anadolu-efes\\\/\",\"name\":\"Derrota del Real Madrid contra el Anadolu Efes | Cand\\u00e1s 365\",\"description\":\"(EP) - El Real Madrid ha ca\\u00eddo este martes ante el Anadolu Efes (90-89) en el Sinan Erdem Sports Hall en la vig\\u00e9sima cuarta jornada de la fase regular\",\"inLanguage\":\"es-ES\",\"isPartOf\":{\"@id\":\"https:\\\/\\\/candas365.es\\\/noticias\\\/#website\"},\"breadcrumb\":{\"@id\":\"https:\\\/\\\/candas365.es\\\/noticias\\\/derrota-del-real-madrid-contra-el-anadolu-efes\\\/#breadcrumblist\"},\"author\":{\"@id\":\"https:\\\/\\\/candas365.es\\\/noticias\\\/author\\\/admin\\\/#author\"},\"creator\":{\"@id\":\"https:\\\/\\\/candas365.es\\\/noticias\\\/author\\\/admin\\\/#author\"},\"image\":{\"@type\":\"ImageObject\",\"url\":\"https:\\\/\\\/candas365.es\\\/noticias\\\/wp-content\\\/uploads\\\/2023\\\/03\\\/Real-Madrid.jpg\",\"@id\":\"https:\\\/\\\/candas365.es\\\/noticias\\\/derrota-del-real-madrid-contra-el-anadolu-efes\\\/#mainImage\",\"width\":925,\"height\":665,\"caption\":\"FOTO: ACB PHOTO\\\/EMILIO COBOS \\\/ EP\"},\"primaryImageOfPage\":{\"@id\":\"https:\\\/\\\/candas365.es\\\/noticias\\\/derrota-del-real-madrid-contra-el-anadolu-efes\\\/#mainImage\"},\"datePublished\":\"2023-03-14T22:07:09+01:00\",\"dateModified\":\"2023-03-14T22:07:09+01:00\"},{\"@type\":\"WebSite\",\"@id\":\"https:\\\/\\\/candas365.es\\\/noticias\\\/#website\",\"url\":\"https:\\\/\\\/candas365.es\\\/noticias\\\/\",\"name\":\"Cand\\u00e1s 365\",\"alternateName\":\"Cand\\u00e1s 365 Noticias\",\"description\":\"Actualidad desde Carre\\u00f1o para el mundo\",\"inLanguage\":\"es-ES\",\"publisher\":{\"@id\":\"https:\\\/\\\/candas365.es\\\/noticias\\\/#organization\"}}]}\n\t\t<\/script>\n\t\t<!-- All in One SEO Pro -->\r\n\t\t<title>Derrota del Real Madrid contra el Anadolu Efes | Cand\u00e1s 365<\/title>\n\n","aioseo_head_json":{"title":"Derrota del Real Madrid contra el Anadolu Efes | Cand\u00e1s 365","description":"(EP) - El Real Madrid ha ca\u00eddo este martes ante el Anadolu Efes (90-89) en el Sinan Erdem Sports Hall en la vig\u00e9sima cuarta jornada de la fase regular","canonical_url":"https:\/\/candas365.es\/noticias\/derrota-del-real-madrid-contra-el-anadolu-efes\/","robots":"max-image-preview:large","keywords":"deporte","webmasterTools":{"google-site-verification":"UA-32230408-1","msvalidate.01":"354F3CDFB2DA171B47FBE9ABF1F88D5","miscellaneous":""},"schema":{"@context":"https:\/\/schema.org","@graph":[{"@type":"BreadcrumbList","@id":"https:\/\/candas365.es\/noticias\/derrota-del-real-madrid-contra-el-anadolu-efes\/#breadcrumblist","itemListElement":[{"@type":"ListItem","@id":"https:\/\/candas365.es\/noticias#listItem","position":1,"name":"Home","item":"https:\/\/candas365.es\/noticias","nextItem":{"@type":"ListItem","@id":"https:\/\/candas365.es\/noticias\/category\/deporte\/#listItem","name":"Deporte"}},{"@type":"ListItem","@id":"https:\/\/candas365.es\/noticias\/category\/deporte\/#listItem","position":2,"name":"Deporte","item":"https:\/\/candas365.es\/noticias\/category\/deporte\/","nextItem":{"@type":"ListItem","@id":"https:\/\/candas365.es\/noticias\/derrota-del-real-madrid-contra-el-anadolu-efes\/#listItem","name":"Derrota del Real Madrid contra el Anadolu Efes"},"previousItem":{"@type":"ListItem","@id":"https:\/\/candas365.es\/noticias#listItem","name":"Home"}},{"@type":"ListItem","@id":"https:\/\/candas365.es\/noticias\/derrota-del-real-madrid-contra-el-anadolu-efes\/#listItem","position":3,"name":"Derrota del Real Madrid contra el Anadolu Efes","previousItem":{"@type":"ListItem","@id":"https:\/\/candas365.es\/noticias\/category\/deporte\/#listItem","name":"Deporte"}}]},{"@type":"NewsArticle","@id":"https:\/\/candas365.es\/noticias\/derrota-del-real-madrid-contra-el-anadolu-efes\/#newsarticle","name":"Derrota del Real Madrid contra el Anadolu Efes | Cand\u00e1s 365","headline":"Derrota del Real Madrid contra el Anadolu Efes","author":{"@id":"https:\/\/candas365.es\/noticias\/author\/admin\/#author"},"publisher":{"@id":"https:\/\/candas365.es\/noticias\/#organization"},"image":{"@type":"ImageObject","url":"https:\/\/candas365.es\/noticias\/wp-content\/uploads\/2023\/03\/Real-Madrid.jpg","width":925,"height":665,"caption":"FOTO: ACB PHOTO\/EMILIO COBOS \/ EP"},"datePublished":"2023-03-14T22:07:09+01:00","dateModified":"2023-03-14T22:07:09+01:00","inLanguage":"es-ES","mainEntityOfPage":{"@id":"https:\/\/candas365.es\/noticias\/derrota-del-real-madrid-contra-el-anadolu-efes\/#webpage"},"isPartOf":{"@id":"https:\/\/candas365.es\/noticias\/derrota-del-real-madrid-contra-el-anadolu-efes\/#webpage"},"articleSection":"Deporte, deporte","dateline":"Publicado el marzo 14, 2023."},{"@type":"Organization","@id":"https:\/\/candas365.es\/noticias\/#organization","name":"Cand\u00e1s 365","description":"Cand\u00e1s 365 es un diario digital independiente, fundado en 2012, con base en Asturias. Informamos con rigor sobre actualidad, sociedad, cultura y ocio, con una mirada local y global.","url":"https:\/\/candas365.es\/noticias\/","email":"info@candas365.es","telephone":"+34652131393","foundingDate":"2012-06-10","logo":{"@type":"ImageObject","url":"https:\/\/candas365.es\/noticias\/wp-content\/uploads\/2024\/09\/Candas-365-Redes.jpg","@id":"https:\/\/candas365.es\/noticias\/derrota-del-real-madrid-contra-el-anadolu-efes\/#organizationLogo","width":1152,"height":864,"caption":"Cand\u00e1s 365 Redes"},"image":{"@id":"https:\/\/candas365.es\/noticias\/derrota-del-real-madrid-contra-el-anadolu-efes\/#organizationLogo"},"sameAs":["https:\/\/www.facebook.com\/Nachofdezber","https:\/\/x.com\/NabercoDigital","https:\/\/www.instagram.com\/nachofdezber\/","https:\/\/www.youtube.com\/channel\/UCZP-2wLEB9Rv6erhFmqVnvg"],"address":{"@id":"https:\/\/candas365.es\/noticias\/#postaladdress","@type":"PostalAddress","streetAddress":"san antonio 4, san antonio 4","postalCode":"33430","addressLocality":"Cand\u00e1s","addressRegion":"Asturias","addressCountry":"ES"}},{"@type":"Person","@id":"https:\/\/candas365.es\/noticias\/author\/admin\/#author","url":"https:\/\/candas365.es\/noticias\/author\/admin\/","name":"Cand\u00e1s 365","image":{"@type":"ImageObject","@id":"https:\/\/candas365.es\/noticias\/derrota-del-real-madrid-contra-el-anadolu-efes\/#authorImage","url":"https:\/\/secure.gravatar.com\/avatar\/496a8e03d0c493ede1718b7934145dbdf8d89be1036b0eec9544e1094c9de390?s=96&d=mm&r=g","width":96,"height":96,"caption":"Cand\u00e1s 365"},"sameAs":["https:\/\/www.facebook.com\/carrenoactualidad","https:\/\/twitter.com\/nbasturias","https:\/\/www.instagram.com\/nachofdezber\/","https:\/\/www.youtube.com\/channel\/UCZP-2wLEB9Rv6erhFmqVnvg"]},{"@type":"WebPage","@id":"https:\/\/candas365.es\/noticias\/derrota-del-real-madrid-contra-el-anadolu-efes\/#webpage","url":"https:\/\/candas365.es\/noticias\/derrota-del-real-madrid-contra-el-anadolu-efes\/","name":"Derrota del Real Madrid contra el Anadolu Efes | Cand\u00e1s 365","description":"(EP) - El Real Madrid ha ca\u00eddo este martes ante el Anadolu Efes (90-89) en el Sinan Erdem Sports Hall en la vig\u00e9sima cuarta jornada de la fase regular","inLanguage":"es-ES","isPartOf":{"@id":"https:\/\/candas365.es\/noticias\/#website"},"breadcrumb":{"@id":"https:\/\/candas365.es\/noticias\/derrota-del-real-madrid-contra-el-anadolu-efes\/#breadcrumblist"},"author":{"@id":"https:\/\/candas365.es\/noticias\/author\/admin\/#author"},"creator":{"@id":"https:\/\/candas365.es\/noticias\/author\/admin\/#author"},"image":{"@type":"ImageObject","url":"https:\/\/candas365.es\/noticias\/wp-content\/uploads\/2023\/03\/Real-Madrid.jpg","@id":"https:\/\/candas365.es\/noticias\/derrota-del-real-madrid-contra-el-anadolu-efes\/#mainImage","width":925,"height":665,"caption":"FOTO: ACB PHOTO\/EMILIO COBOS \/ EP"},"primaryImageOfPage":{"@id":"https:\/\/candas365.es\/noticias\/derrota-del-real-madrid-contra-el-anadolu-efes\/#mainImage"},"datePublished":"2023-03-14T22:07:09+01:00","dateModified":"2023-03-14T22:07:09+01:00"},{"@type":"WebSite","@id":"https:\/\/candas365.es\/noticias\/#website","url":"https:\/\/candas365.es\/noticias\/","name":"Cand\u00e1s 365","alternateName":"Cand\u00e1s 365 Noticias","description":"Actualidad desde Carre\u00f1o para el mundo","inLanguage":"es-ES","publisher":{"@id":"https:\/\/candas365.es\/noticias\/#organization"}}]},"og:locale":"es_ES","og:site_name":"Cand\u00e1s 365","og:type":"article","og:title":"Derrota del Real Madrid contra el Anadolu Efes | Cand\u00e1s 365","og:description":"(EP) - El Real Madrid ha ca\u00eddo este martes ante el Anadolu Efes (90-89) en el Sinan Erdem Sports Hall en la vig\u00e9sima cuarta jornada de la fase regular","og:url":"https:\/\/candas365.es\/noticias\/derrota-del-real-madrid-contra-el-anadolu-efes\/","og:image":"https:\/\/candas365.es\/noticias\/wp-content\/uploads\/2023\/03\/Real-Madrid.jpg","og:image:secure_url":"https:\/\/candas365.es\/noticias\/wp-content\/uploads\/2023\/03\/Real-Madrid.jpg","og:image:width":925,"og:image:height":665,"article:published_time":"2023-03-14T21:07:09+00:00","article:modified_time":"2023-03-14T21:07:09+00:00","article:publisher":"https:\/\/www.facebook.com\/Nachofdezber","article:author":"https:\/\/www.facebook.com\/carrenoactualidad","twitter:card":"summary_large_image","twitter:site":"@NabercoDigital","twitter:title":"Derrota del Real Madrid contra el Anadolu Efes | Cand\u00e1s 365","twitter:description":"(EP) - El Real Madrid ha ca\u00eddo este martes ante el Anadolu Efes (90-89) en el Sinan Erdem Sports Hall en la vig\u00e9sima cuarta jornada de la fase regular","twitter:creator":"@nbasturias","twitter:image":"https:\/\/candas365.es\/noticias\/wp-content\/uploads\/2023\/03\/Real-Madrid.jpg","twitter:label1":"Escrito por","twitter:data1":"Cand\u00e1s 365","twitter:label2":"Tiempo de lectura estimado","twitter:data2":"3 minutos"},"aioseo_meta_data":{"post_id":"172378","title":null,"description":"(EP) - El Real Madrid ha ca\u00eddo este martes ante el Anadolu Efes (90-89) en el Sinan Erdem Sports Hall en la vig\u00e9sima cuarta jornada de la fase regular","keywords":[],"keyphrases":{"focus":{"keyphrase":"Real Madrid","score":83,"analysis":{"keyphraseInTitle":{"score":9,"maxScore":9,"error":0},"keyphraseInDescription":{"score":9,"maxScore":9,"error":0},"keyphraseLength":{"score":9,"maxScore":9,"error":0,"length":2},"keyphraseInURL":{"score":1,"maxScore":5,"error":1},"keyphraseInIntroduction":{"score":9,"maxScore":9,"error":0},"keyphraseInSubHeadings":{"score":3,"maxScore":9,"error":1},"keyphraseInImageAlt":{"score":9,"maxScore":9,"error":0}}},"additional":[{"keyphrase":"Anadolu Efes","score":83,"analysis":{"keyphraseInDescription":{"score":9,"maxScore":9,"error":0},"keyphraseLength":{"score":9,"maxScore":9,"error":0,"length":2},"keyphraseInIntroduction":{"score":9,"maxScore":9,"error":0},"keyphraseInImageAlt":{"score":3,"maxScore":9,"error":1}}},{"keyphrase":"Madrid","score":100,"analysis":{"keyphraseInDescription":{"score":9,"maxScore":9,"error":0},"keyphraseLength":{"score":9,"maxScore":9,"error":0,"length":1},"keyphraseInIntroduction":{"score":9,"maxScore":9,"error":0},"keyphraseInImageAlt":{"score":9,"maxScore":9,"error":0}}},{"keyphrase":"Real Madrid","score":100,"analysis":{"keyphraseInDescription":{"score":9,"maxScore":9,"error":0},"keyphraseLength":{"score":9,"maxScore":9,"error":0,"length":2},"keyphraseInIntroduction":{"score":9,"maxScore":9,"error":0},"keyphraseInImageAlt":{"score":9,"maxScore":9,"error":0}}}]},"primary_term":null,"canonical_url":null,"og_title":null,"og_description":null,"og_object_type":"default","og_image_type":"default","og_image_url":null,"og_image_width":null,"og_image_height":null,"og_image_custom_url":null,"og_image_custom_fields":null,"og_video":"","og_custom_url":null,"og_article_section":null,"og_article_tags":[],"twitter_use_og":false,"twitter_card":"default","twitter_image_type":"default","twitter_image_url":null,"twitter_image_custom_url":null,"twitter_image_custom_fields":null,"twitter_title":null,"twitter_description":null,"schema":{"blockGraphs":[],"customGraphs":[],"default":{"data":{"Article":[],"Course":[],"Dataset":[],"FAQPage":[],"Movie":[],"Person":[],"Product":[],"ProductReview":[],"Car":[],"Recipe":[],"Service":[],"SoftwareApplication":[],"WebPage":[]},"graphName":"Article","isEnabled":true},"graphs":[]},"schema_type":"default","schema_type_options":null,"pillar_content":false,"robots_default":true,"robots_noindex":false,"robots_noarchive":false,"robots_nosnippet":false,"robots_nofollow":false,"robots_noimageindex":false,"robots_noodp":false,"robots_notranslate":false,"robots_max_snippet":"-1","robots_max_videopreview":"-1","robots_max_imagepreview":"large","priority":null,"frequency":"default","location":null,"local_seo":null,"seo_analyzer_scan_date":"2025-09-01 19:37:26","breadcrumb_settings":null,"limit_modified_date":false,"reviewed_by":null,"open_ai":"{\"title\":{\"suggestions\":[],\"usage\":0},\"description\":{\"suggestions\":[],\"usage\":0}}","ai":null,"created":"2023-03-14 21:02:36","updated":"2025-09-01 19:37:26"},"aioseo_breadcrumb":"<div class=\"aioseo-breadcrumbs\"><span class=\"aioseo-breadcrumb\">\n\t<a href=\"https:\/\/candas365.es\/noticias\" title=\"Home\">Home<\/a>\n<\/span><span class=\"aioseo-breadcrumb-separator\">&ndash;<\/span><span class=\"aioseo-breadcrumb\">\n\t<a href=\"https:\/\/candas365.es\/noticias\/category\/deporte\/\" title=\"Deporte\">Deporte<\/a>\n<\/span><span class=\"aioseo-breadcrumb-separator\">&ndash;<\/span><span class=\"aioseo-breadcrumb\">\n\tDerrota del Real Madrid contra el Anadolu Efes\n<\/span><\/div>","aioseo_breadcrumb_json":[{"label":"Home","link":"https:\/\/candas365.es\/noticias"},{"label":"Deporte","link":"https:\/\/candas365.es\/noticias\/category\/deporte\/"},{"label":"Derrota del Real Madrid contra el Anadolu Efes","link":"https:\/\/candas365.es\/noticias\/derrota-del-real-madrid-contra-el-anadolu-efes\/"}],"_links":{"self":[{"href":"https:\/\/candas365.es\/noticias\/wp-json\/wp\/v2\/posts\/172378","targetHints":{"allow":["GET"]}}],"collection":[{"href":"https:\/\/candas365.es\/noticias\/wp-json\/wp\/v2\/posts"}],"about":[{"href":"https:\/\/candas365.es\/noticias\/wp-json\/wp\/v2\/types\/post"}],"author":[{"embeddable":true,"href":"https:\/\/candas365.es\/noticias\/wp-json\/wp\/v2\/users\/1"}],"replies":[{"embeddable":true,"href":"https:\/\/candas365.es\/noticias\/wp-json\/wp\/v2\/comments?post=172378"}],"version-history":[{"count":0,"href":"https:\/\/candas365.es\/noticias\/wp-json\/wp\/v2\/posts\/172378\/revisions"}],"wp:featuredmedia":[{"embeddable":true,"href":"https:\/\/candas365.es\/noticias\/wp-json\/wp\/v2\/media\/172379"}],"wp:attachment":[{"href":"https:\/\/candas365.es\/noticias\/wp-json\/wp\/v2\/media?parent=172378"}],"wp:term":[{"taxonomy":"category","embeddable":true,"href":"https:\/\/candas365.es\/noticias\/wp-json\/wp\/v2\/categories?post=172378"},{"taxonomy":"post_tag","embeddable":true,"href":"https:\/\/candas365.es\/noticias\/wp-json\/wp\/v2\/tags?post=172378"}],"curies":[{"name":"wp","href":"https:\/\/api.w.org\/{rel}","templated":true}]}}