{"id":172077,"date":"2023-03-01T23:29:06","date_gmt":"2023-03-01T22:29:06","guid":{"rendered":"https:\/\/candas365.es\/noticias\/?p=172077"},"modified":"2023-03-01T23:29:06","modified_gmt":"2023-03-01T22:29:06","slug":"dinamarca-abre-su-bunker-nuclear-de-la-era-de-la-guerra-fria","status":"publish","type":"post","link":"https:\/\/candas365.es\/noticias\/dinamarca-abre-su-bunker-nuclear-de-la-era-de-la-guerra-fria\/","title":{"rendered":"Dinamarca abre su b\u00fanker nuclear de la era de la Guerra Fr\u00eda"},"content":{"rendered":"<p>(dpa) &#8211; Un antiguo b\u00fanker nuclear escondido en los bosques del norte de <a href=\"https:\/\/es.wikipedia.org\/wiki\/Dinamarca\" target=\"_blank\" rel=\"noopener\"><span style=\"color: #ff6600;\"><strong>Dinamarca<\/strong><\/span><\/a> abri\u00f3 este mes por primera vez sus puertas al p\u00fablico desde que fue construido en secreto en la d\u00e9cada de 1960 y <strong>los <a href=\"https:\/\/candas365.es\/noticias\/category\/turismo\/\"><span style=\"color: #ff6600;\">visitantes<\/span><\/a> pueden recorrer este importante hito de la Guerra Fr\u00eda<\/strong>.<\/p>\n<figure id=\"attachment_172078\" aria-describedby=\"caption-attachment-172078\" style=\"width: 650px\" class=\"wp-caption aligncenter\"><img fetchpriority=\"high\" decoding=\"async\" class=\"wp-image-172078 size-large\" src=\"https:\/\/candas365.es\/noticias\/wp-content\/uploads\/2023\/03\/bunker-650x439.jpg\" alt=\"b\u00fanker\" width=\"650\" height=\"439\" srcset=\"https:\/\/candas365.es\/noticias\/wp-content\/uploads\/2023\/03\/bunker-650x439.jpg 650w, https:\/\/candas365.es\/noticias\/wp-content\/uploads\/2023\/03\/bunker-360x243.jpg 360w, https:\/\/candas365.es\/noticias\/wp-content\/uploads\/2023\/03\/bunker-768x518.jpg 768w, https:\/\/candas365.es\/noticias\/wp-content\/uploads\/2023\/03\/bunker-150x101.jpg 150w, https:\/\/candas365.es\/noticias\/wp-content\/uploads\/2023\/03\/bunker-450x304.jpg 450w, https:\/\/candas365.es\/noticias\/wp-content\/uploads\/2023\/03\/bunker.jpg 984w\" sizes=\"(max-width: 650px) 100vw, 650px\" \/><figcaption id=\"caption-attachment-172078\" class=\"wp-caption-text\">Ocultos bajo una discreta casa en medio de un bosque hay enormes salas y t\u00faneles subterr\u00e1neos, dise\u00f1ados para proteger a los funcionarios del gobierno dan\u00e9s y a la realeza en caso de ataque nuclear durante la Guerra Fr\u00eda. Foto: Lars Horn\/Baghuset und Nordjyske Museer\/dpa<\/figcaption><\/figure>\n<p>El b\u00fanker llamado Regan Vest, que se conserva \u00edntegro con su inconfundible estilo dan\u00e9s de dise\u00f1o interior, <strong>fue creado como refugio nuclear para el Gobierno y la realeza para el caso de que recrudeciera la Guerra Fr\u00eda.<\/strong><\/p>\n<p>El refugio est\u00e1 ubicado en la zona boscosa de Rold Skov, en la pen\u00ednsula danesa de Jutland. El b\u00fanker y el museo que lo acompa\u00f1a dan una idea de la atm\u00f3sfera de temor que se viv\u00eda en los a\u00f1os 80, como tambi\u00e9n de los preparativos diarios que se hac\u00edan ante el riesgo de un ataque nuclear.<\/p>\n<p>Solo se puede acceder al museo y al b\u00fanker, <strong>abiertos al p\u00fablico por primera vez desde el 13 de febrero, como parte de una visita guiada que debe reservarse con antelaci\u00f3n, seg\u00fan informan las autoridades de Turismo.<\/strong><\/p>\n<p>Los boletos de la visita guiada cuestan 35 euros (unos 37 d\u00f3lares). Y por 69 euros se puede acceder a una visita que incluye un plato b\u00e1sico dan\u00e9s de <a href=\"https:\/\/www.eldigitaldeasturias.com\/noticias\/category\/gastronomia\/\" target=\"_blank\" rel=\"noopener\"><span style=\"color: #ff6600;\"><strong>sandwiches sm\u00f8rrebr\u00f8d<\/strong><\/span><\/a> en el comedor del b\u00fanker.<\/p>\n","protected":false},"excerpt":{"rendered":"<p>(dpa) &#8211; Un antiguo b\u00fanker nuclear escondido en los bosques del norte de Dinamarca abri\u00f3 este mes por primera vez sus puertas al p\u00fablico desde que fue construido en secreto en la d\u00e9cada de 1960 y los visitantes pueden recorrer este importante hito de la Guerra Fr\u00eda. El b\u00fanker llamado Regan Vest, que se conserva<\/p>\n","protected":false},"author":1,"featured_media":172078,"comment_status":"closed","ping_status":"closed","sticky":false,"template":"","format":"standard","meta":{"footnotes":""},"categories":[359],"tags":[412,411],"class_list":{"0":"post-172077","1":"post","2":"type-post","3":"status-publish","4":"format-standard","5":"has-post-thumbnail","7":"category-turismo","8":"tag-turismo","9":"tag-viajes"},"aioseo_notices":[],"aioseo_head":"\n\t\t<!-- All in One SEO Pro 4.9.6.2 - aioseo.com -->\n\t<meta name=\"description\" content=\"(dpa) - Un antiguo b\u00fanker nuclear escondido en los bosques del norte de Dinamarca abri\u00f3 este mes por primera vez sus puertas al p\u00fablico desde que fue construido\" \/>\n\t<meta name=\"robots\" content=\"max-image-preview:large\" \/>\n\t<meta name=\"author\" content=\"Cand\u00e1s 365\"\/>\n\t<meta name=\"google-site-verification\" content=\"UA-32230408-1\" \/>\n\t<meta name=\"msvalidate.01\" content=\"354F3CDFB2DA171B47FBE9ABF1F88D5\" \/>\n\t<meta name=\"keywords\" content=\"turismo\" \/>\n\t<link rel=\"canonical\" href=\"https:\/\/candas365.es\/noticias\/dinamarca-abre-su-bunker-nuclear-de-la-era-de-la-guerra-fria\/\" \/>\n\t<meta name=\"generator\" content=\"All in One SEO Pro (AIOSEO) 4.9.6.2\" \/>\n\t\t<meta property=\"og:locale\" content=\"es_ES\" \/>\n\t\t<meta property=\"og:site_name\" content=\"Cand\u00e1s 365\" \/>\n\t\t<meta property=\"og:type\" content=\"article\" \/>\n\t\t<meta property=\"og:title\" content=\"Dinamarca abre su b\u00fanker nuclear de la era de la Guerra Fr\u00eda | Cand\u00e1s 365\" \/>\n\t\t<meta property=\"og:description\" content=\"(dpa) - Un antiguo b\u00fanker nuclear escondido en los bosques del norte de Dinamarca abri\u00f3 este mes por primera vez sus puertas al p\u00fablico desde que fue construido\" \/>\n\t\t<meta property=\"og:url\" content=\"https:\/\/candas365.es\/noticias\/dinamarca-abre-su-bunker-nuclear-de-la-era-de-la-guerra-fria\/\" \/>\n\t\t<meta property=\"og:image\" content=\"https:\/\/candas365.es\/noticias\/wp-content\/uploads\/2023\/03\/bunker.jpg\" \/>\n\t\t<meta property=\"og:image:secure_url\" content=\"https:\/\/candas365.es\/noticias\/wp-content\/uploads\/2023\/03\/bunker.jpg\" \/>\n\t\t<meta property=\"og:image:width\" content=\"984\" \/>\n\t\t<meta property=\"og:image:height\" content=\"664\" \/>\n\t\t<meta property=\"article:published_time\" content=\"2023-03-01T22:29:06+00:00\" \/>\n\t\t<meta property=\"article:modified_time\" content=\"2023-03-01T22:29:06+00:00\" \/>\n\t\t<meta property=\"article:publisher\" content=\"https:\/\/www.facebook.com\/Nachofdezber\" \/>\n\t\t<meta property=\"article:author\" content=\"https:\/\/www.facebook.com\/carrenoactualidad\" \/>\n\t\t<meta name=\"twitter:card\" content=\"summary_large_image\" \/>\n\t\t<meta name=\"twitter:site\" content=\"@NabercoDigital\" \/>\n\t\t<meta name=\"twitter:title\" content=\"Dinamarca abre su b\u00fanker nuclear de la era de la Guerra Fr\u00eda | Cand\u00e1s 365\" \/>\n\t\t<meta name=\"twitter:description\" content=\"(dpa) - Un antiguo b\u00fanker nuclear escondido en los bosques del norte de Dinamarca abri\u00f3 este mes por primera vez sus puertas al p\u00fablico desde que fue construido\" \/>\n\t\t<meta name=\"twitter:creator\" content=\"@nbasturias\" \/>\n\t\t<meta name=\"twitter:image\" content=\"https:\/\/candas365.es\/noticias\/wp-content\/uploads\/2023\/03\/bunker.jpg\" \/>\n\t\t<meta name=\"twitter:label1\" content=\"Escrito por\" \/>\n\t\t<meta name=\"twitter:data1\" content=\"Cand\u00e1s 365\" \/>\n\t\t<meta name=\"twitter:label2\" content=\"Tiempo de lectura estimado\" \/>\n\t\t<meta name=\"twitter:data2\" content=\"1 minuto\" \/>\n\t\t<script type=\"application\/ld+json\" class=\"aioseo-schema\">\n\t\t\t{\"@context\":\"https:\\\/\\\/schema.org\",\"@graph\":[{\"@type\":\"BreadcrumbList\",\"@id\":\"https:\\\/\\\/candas365.es\\\/noticias\\\/dinamarca-abre-su-bunker-nuclear-de-la-era-de-la-guerra-fria\\\/#breadcrumblist\",\"itemListElement\":[{\"@type\":\"ListItem\",\"@id\":\"https:\\\/\\\/candas365.es\\\/noticias#listItem\",\"position\":1,\"name\":\"Home\",\"item\":\"https:\\\/\\\/candas365.es\\\/noticias\",\"nextItem\":{\"@type\":\"ListItem\",\"@id\":\"https:\\\/\\\/candas365.es\\\/noticias\\\/category\\\/turismo\\\/#listItem\",\"name\":\"Turismo\"}},{\"@type\":\"ListItem\",\"@id\":\"https:\\\/\\\/candas365.es\\\/noticias\\\/category\\\/turismo\\\/#listItem\",\"position\":2,\"name\":\"Turismo\",\"item\":\"https:\\\/\\\/candas365.es\\\/noticias\\\/category\\\/turismo\\\/\",\"nextItem\":{\"@type\":\"ListItem\",\"@id\":\"https:\\\/\\\/candas365.es\\\/noticias\\\/dinamarca-abre-su-bunker-nuclear-de-la-era-de-la-guerra-fria\\\/#listItem\",\"name\":\"Dinamarca abre su b\\u00fanker nuclear de la era de la Guerra Fr\\u00eda\"},\"previousItem\":{\"@type\":\"ListItem\",\"@id\":\"https:\\\/\\\/candas365.es\\\/noticias#listItem\",\"name\":\"Home\"}},{\"@type\":\"ListItem\",\"@id\":\"https:\\\/\\\/candas365.es\\\/noticias\\\/dinamarca-abre-su-bunker-nuclear-de-la-era-de-la-guerra-fria\\\/#listItem\",\"position\":3,\"name\":\"Dinamarca abre su b\\u00fanker nuclear de la era de la Guerra Fr\\u00eda\",\"previousItem\":{\"@type\":\"ListItem\",\"@id\":\"https:\\\/\\\/candas365.es\\\/noticias\\\/category\\\/turismo\\\/#listItem\",\"name\":\"Turismo\"}}]},{\"@type\":\"NewsArticle\",\"@id\":\"https:\\\/\\\/candas365.es\\\/noticias\\\/dinamarca-abre-su-bunker-nuclear-de-la-era-de-la-guerra-fria\\\/#newsarticle\",\"name\":\"Dinamarca abre su b\\u00fanker nuclear de la era de la Guerra Fr\\u00eda | Cand\\u00e1s 365\",\"headline\":\"Dinamarca abre su b\\u00fanker nuclear de la era de la Guerra Fr\\u00eda\",\"author\":{\"@id\":\"https:\\\/\\\/candas365.es\\\/noticias\\\/author\\\/admin\\\/#author\"},\"publisher\":{\"@id\":\"https:\\\/\\\/candas365.es\\\/noticias\\\/#organization\"},\"image\":{\"@type\":\"ImageObject\",\"url\":\"https:\\\/\\\/candas365.es\\\/noticias\\\/wp-content\\\/uploads\\\/2023\\\/03\\\/bunker.jpg\",\"width\":984,\"height\":664,\"caption\":\"Ocultos bajo una discreta casa en medio de un bosque hay enormes salas y t\\u00faneles subterr\\u00e1neos, dise\\u00f1ados para proteger a los funcionarios del gobierno dan\\u00e9s y a la realeza en caso de ataque nuclear durante la Guerra Fr\\u00eda. Foto: Lars Horn\\\/Baghuset und Nordjyske Museer\\\/dpa\"},\"datePublished\":\"2023-03-01T23:29:06+01:00\",\"dateModified\":\"2023-03-01T23:29:06+01:00\",\"inLanguage\":\"es-ES\",\"mainEntityOfPage\":{\"@id\":\"https:\\\/\\\/candas365.es\\\/noticias\\\/dinamarca-abre-su-bunker-nuclear-de-la-era-de-la-guerra-fria\\\/#webpage\"},\"isPartOf\":{\"@id\":\"https:\\\/\\\/candas365.es\\\/noticias\\\/dinamarca-abre-su-bunker-nuclear-de-la-era-de-la-guerra-fria\\\/#webpage\"},\"articleSection\":\"Turismo, turismo, viajes\",\"dateline\":\"Publicado el marzo 1, 2023.\"},{\"@type\":\"Organization\",\"@id\":\"https:\\\/\\\/candas365.es\\\/noticias\\\/#organization\",\"name\":\"Cand\\u00e1s 365\",\"description\":\"Cand\\u00e1s 365 es un diario digital independiente, fundado en 2012, con base en Asturias. Informamos con rigor sobre actualidad, sociedad, cultura y ocio, con una mirada local y global.\",\"url\":\"https:\\\/\\\/candas365.es\\\/noticias\\\/\",\"email\":\"info@candas365.es\",\"telephone\":\"+34652131393\",\"foundingDate\":\"2012-06-10\",\"logo\":{\"@type\":\"ImageObject\",\"url\":\"https:\\\/\\\/candas365.es\\\/noticias\\\/wp-content\\\/uploads\\\/2024\\\/09\\\/Candas-365-Redes.jpg\",\"@id\":\"https:\\\/\\\/candas365.es\\\/noticias\\\/dinamarca-abre-su-bunker-nuclear-de-la-era-de-la-guerra-fria\\\/#organizationLogo\",\"width\":1152,\"height\":864,\"caption\":\"Cand\\u00e1s 365 Redes\"},\"image\":{\"@id\":\"https:\\\/\\\/candas365.es\\\/noticias\\\/dinamarca-abre-su-bunker-nuclear-de-la-era-de-la-guerra-fria\\\/#organizationLogo\"},\"sameAs\":[\"https:\\\/\\\/www.facebook.com\\\/Nachofdezber\",\"https:\\\/\\\/x.com\\\/NabercoDigital\",\"https:\\\/\\\/www.instagram.com\\\/nachofdezber\\\/\",\"https:\\\/\\\/www.youtube.com\\\/channel\\\/UCZP-2wLEB9Rv6erhFmqVnvg\"],\"address\":{\"@id\":\"https:\\\/\\\/candas365.es\\\/noticias\\\/#postaladdress\",\"@type\":\"PostalAddress\",\"streetAddress\":\"san antonio 4, san antonio 4\",\"postalCode\":\"33430\",\"addressLocality\":\"Cand\\u00e1s\",\"addressRegion\":\"Asturias\",\"addressCountry\":\"ES\"}},{\"@type\":\"Person\",\"@id\":\"https:\\\/\\\/candas365.es\\\/noticias\\\/author\\\/admin\\\/#author\",\"url\":\"https:\\\/\\\/candas365.es\\\/noticias\\\/author\\\/admin\\\/\",\"name\":\"Cand\\u00e1s 365\",\"image\":{\"@type\":\"ImageObject\",\"@id\":\"https:\\\/\\\/candas365.es\\\/noticias\\\/dinamarca-abre-su-bunker-nuclear-de-la-era-de-la-guerra-fria\\\/#authorImage\",\"url\":\"https:\\\/\\\/secure.gravatar.com\\\/avatar\\\/496a8e03d0c493ede1718b7934145dbdf8d89be1036b0eec9544e1094c9de390?s=96&d=mm&r=g\",\"width\":96,\"height\":96,\"caption\":\"Cand\\u00e1s 365\"},\"sameAs\":[\"https:\\\/\\\/www.facebook.com\\\/carrenoactualidad\",\"https:\\\/\\\/twitter.com\\\/nbasturias\",\"https:\\\/\\\/www.instagram.com\\\/nachofdezber\\\/\",\"https:\\\/\\\/www.youtube.com\\\/channel\\\/UCZP-2wLEB9Rv6erhFmqVnvg\"]},{\"@type\":\"WebPage\",\"@id\":\"https:\\\/\\\/candas365.es\\\/noticias\\\/dinamarca-abre-su-bunker-nuclear-de-la-era-de-la-guerra-fria\\\/#webpage\",\"url\":\"https:\\\/\\\/candas365.es\\\/noticias\\\/dinamarca-abre-su-bunker-nuclear-de-la-era-de-la-guerra-fria\\\/\",\"name\":\"Dinamarca abre su b\\u00fanker nuclear de la era de la Guerra Fr\\u00eda | Cand\\u00e1s 365\",\"description\":\"(dpa) - Un antiguo b\\u00fanker nuclear escondido en los bosques del norte de Dinamarca abri\\u00f3 este mes por primera vez sus puertas al p\\u00fablico desde que fue construido\",\"inLanguage\":\"es-ES\",\"isPartOf\":{\"@id\":\"https:\\\/\\\/candas365.es\\\/noticias\\\/#website\"},\"breadcrumb\":{\"@id\":\"https:\\\/\\\/candas365.es\\\/noticias\\\/dinamarca-abre-su-bunker-nuclear-de-la-era-de-la-guerra-fria\\\/#breadcrumblist\"},\"author\":{\"@id\":\"https:\\\/\\\/candas365.es\\\/noticias\\\/author\\\/admin\\\/#author\"},\"creator\":{\"@id\":\"https:\\\/\\\/candas365.es\\\/noticias\\\/author\\\/admin\\\/#author\"},\"image\":{\"@type\":\"ImageObject\",\"url\":\"https:\\\/\\\/candas365.es\\\/noticias\\\/wp-content\\\/uploads\\\/2023\\\/03\\\/bunker.jpg\",\"@id\":\"https:\\\/\\\/candas365.es\\\/noticias\\\/dinamarca-abre-su-bunker-nuclear-de-la-era-de-la-guerra-fria\\\/#mainImage\",\"width\":984,\"height\":664,\"caption\":\"Ocultos bajo una discreta casa en medio de un bosque hay enormes salas y t\\u00faneles subterr\\u00e1neos, dise\\u00f1ados para proteger a los funcionarios del gobierno dan\\u00e9s y a la realeza en caso de ataque nuclear durante la Guerra Fr\\u00eda. Foto: Lars Horn\\\/Baghuset und Nordjyske Museer\\\/dpa\"},\"primaryImageOfPage\":{\"@id\":\"https:\\\/\\\/candas365.es\\\/noticias\\\/dinamarca-abre-su-bunker-nuclear-de-la-era-de-la-guerra-fria\\\/#mainImage\"},\"datePublished\":\"2023-03-01T23:29:06+01:00\",\"dateModified\":\"2023-03-01T23:29:06+01:00\"},{\"@type\":\"WebSite\",\"@id\":\"https:\\\/\\\/candas365.es\\\/noticias\\\/#website\",\"url\":\"https:\\\/\\\/candas365.es\\\/noticias\\\/\",\"name\":\"Cand\\u00e1s 365\",\"alternateName\":\"Cand\\u00e1s 365 Noticias\",\"description\":\"Actualidad desde Carre\\u00f1o para el mundo\",\"inLanguage\":\"es-ES\",\"publisher\":{\"@id\":\"https:\\\/\\\/candas365.es\\\/noticias\\\/#organization\"}}]}\n\t\t<\/script>\n\t\t<!-- All in One SEO Pro -->\r\n\t\t<title>Dinamarca abre su b\u00fanker nuclear de la era de la Guerra Fr\u00eda | Cand\u00e1s 365<\/title>\n\n","aioseo_head_json":{"title":"Dinamarca abre su b\u00fanker nuclear de la era de la Guerra Fr\u00eda | Cand\u00e1s 365","description":"(dpa) - Un antiguo b\u00fanker nuclear escondido en los bosques del norte de Dinamarca abri\u00f3 este mes por primera vez sus puertas al p\u00fablico desde que fue construido","canonical_url":"https:\/\/candas365.es\/noticias\/dinamarca-abre-su-bunker-nuclear-de-la-era-de-la-guerra-fria\/","robots":"max-image-preview:large","keywords":"turismo","webmasterTools":{"google-site-verification":"UA-32230408-1","msvalidate.01":"354F3CDFB2DA171B47FBE9ABF1F88D5","miscellaneous":""},"schema":{"@context":"https:\/\/schema.org","@graph":[{"@type":"BreadcrumbList","@id":"https:\/\/candas365.es\/noticias\/dinamarca-abre-su-bunker-nuclear-de-la-era-de-la-guerra-fria\/#breadcrumblist","itemListElement":[{"@type":"ListItem","@id":"https:\/\/candas365.es\/noticias#listItem","position":1,"name":"Home","item":"https:\/\/candas365.es\/noticias","nextItem":{"@type":"ListItem","@id":"https:\/\/candas365.es\/noticias\/category\/turismo\/#listItem","name":"Turismo"}},{"@type":"ListItem","@id":"https:\/\/candas365.es\/noticias\/category\/turismo\/#listItem","position":2,"name":"Turismo","item":"https:\/\/candas365.es\/noticias\/category\/turismo\/","nextItem":{"@type":"ListItem","@id":"https:\/\/candas365.es\/noticias\/dinamarca-abre-su-bunker-nuclear-de-la-era-de-la-guerra-fria\/#listItem","name":"Dinamarca abre su b\u00fanker nuclear de la era de la Guerra Fr\u00eda"},"previousItem":{"@type":"ListItem","@id":"https:\/\/candas365.es\/noticias#listItem","name":"Home"}},{"@type":"ListItem","@id":"https:\/\/candas365.es\/noticias\/dinamarca-abre-su-bunker-nuclear-de-la-era-de-la-guerra-fria\/#listItem","position":3,"name":"Dinamarca abre su b\u00fanker nuclear de la era de la Guerra Fr\u00eda","previousItem":{"@type":"ListItem","@id":"https:\/\/candas365.es\/noticias\/category\/turismo\/#listItem","name":"Turismo"}}]},{"@type":"NewsArticle","@id":"https:\/\/candas365.es\/noticias\/dinamarca-abre-su-bunker-nuclear-de-la-era-de-la-guerra-fria\/#newsarticle","name":"Dinamarca abre su b\u00fanker nuclear de la era de la Guerra Fr\u00eda | Cand\u00e1s 365","headline":"Dinamarca abre su b\u00fanker nuclear de la era de la Guerra Fr\u00eda","author":{"@id":"https:\/\/candas365.es\/noticias\/author\/admin\/#author"},"publisher":{"@id":"https:\/\/candas365.es\/noticias\/#organization"},"image":{"@type":"ImageObject","url":"https:\/\/candas365.es\/noticias\/wp-content\/uploads\/2023\/03\/bunker.jpg","width":984,"height":664,"caption":"Ocultos bajo una discreta casa en medio de un bosque hay enormes salas y t\u00faneles subterr\u00e1neos, dise\u00f1ados para proteger a los funcionarios del gobierno dan\u00e9s y a la realeza en caso de ataque nuclear durante la Guerra Fr\u00eda. Foto: Lars Horn\/Baghuset und Nordjyske Museer\/dpa"},"datePublished":"2023-03-01T23:29:06+01:00","dateModified":"2023-03-01T23:29:06+01:00","inLanguage":"es-ES","mainEntityOfPage":{"@id":"https:\/\/candas365.es\/noticias\/dinamarca-abre-su-bunker-nuclear-de-la-era-de-la-guerra-fria\/#webpage"},"isPartOf":{"@id":"https:\/\/candas365.es\/noticias\/dinamarca-abre-su-bunker-nuclear-de-la-era-de-la-guerra-fria\/#webpage"},"articleSection":"Turismo, turismo, viajes","dateline":"Publicado el marzo 1, 2023."},{"@type":"Organization","@id":"https:\/\/candas365.es\/noticias\/#organization","name":"Cand\u00e1s 365","description":"Cand\u00e1s 365 es un diario digital independiente, fundado en 2012, con base en Asturias. Informamos con rigor sobre actualidad, sociedad, cultura y ocio, con una mirada local y global.","url":"https:\/\/candas365.es\/noticias\/","email":"info@candas365.es","telephone":"+34652131393","foundingDate":"2012-06-10","logo":{"@type":"ImageObject","url":"https:\/\/candas365.es\/noticias\/wp-content\/uploads\/2024\/09\/Candas-365-Redes.jpg","@id":"https:\/\/candas365.es\/noticias\/dinamarca-abre-su-bunker-nuclear-de-la-era-de-la-guerra-fria\/#organizationLogo","width":1152,"height":864,"caption":"Cand\u00e1s 365 Redes"},"image":{"@id":"https:\/\/candas365.es\/noticias\/dinamarca-abre-su-bunker-nuclear-de-la-era-de-la-guerra-fria\/#organizationLogo"},"sameAs":["https:\/\/www.facebook.com\/Nachofdezber","https:\/\/x.com\/NabercoDigital","https:\/\/www.instagram.com\/nachofdezber\/","https:\/\/www.youtube.com\/channel\/UCZP-2wLEB9Rv6erhFmqVnvg"],"address":{"@id":"https:\/\/candas365.es\/noticias\/#postaladdress","@type":"PostalAddress","streetAddress":"san antonio 4, san antonio 4","postalCode":"33430","addressLocality":"Cand\u00e1s","addressRegion":"Asturias","addressCountry":"ES"}},{"@type":"Person","@id":"https:\/\/candas365.es\/noticias\/author\/admin\/#author","url":"https:\/\/candas365.es\/noticias\/author\/admin\/","name":"Cand\u00e1s 365","image":{"@type":"ImageObject","@id":"https:\/\/candas365.es\/noticias\/dinamarca-abre-su-bunker-nuclear-de-la-era-de-la-guerra-fria\/#authorImage","url":"https:\/\/secure.gravatar.com\/avatar\/496a8e03d0c493ede1718b7934145dbdf8d89be1036b0eec9544e1094c9de390?s=96&d=mm&r=g","width":96,"height":96,"caption":"Cand\u00e1s 365"},"sameAs":["https:\/\/www.facebook.com\/carrenoactualidad","https:\/\/twitter.com\/nbasturias","https:\/\/www.instagram.com\/nachofdezber\/","https:\/\/www.youtube.com\/channel\/UCZP-2wLEB9Rv6erhFmqVnvg"]},{"@type":"WebPage","@id":"https:\/\/candas365.es\/noticias\/dinamarca-abre-su-bunker-nuclear-de-la-era-de-la-guerra-fria\/#webpage","url":"https:\/\/candas365.es\/noticias\/dinamarca-abre-su-bunker-nuclear-de-la-era-de-la-guerra-fria\/","name":"Dinamarca abre su b\u00fanker nuclear de la era de la Guerra Fr\u00eda | Cand\u00e1s 365","description":"(dpa) - Un antiguo b\u00fanker nuclear escondido en los bosques del norte de Dinamarca abri\u00f3 este mes por primera vez sus puertas al p\u00fablico desde que fue construido","inLanguage":"es-ES","isPartOf":{"@id":"https:\/\/candas365.es\/noticias\/#website"},"breadcrumb":{"@id":"https:\/\/candas365.es\/noticias\/dinamarca-abre-su-bunker-nuclear-de-la-era-de-la-guerra-fria\/#breadcrumblist"},"author":{"@id":"https:\/\/candas365.es\/noticias\/author\/admin\/#author"},"creator":{"@id":"https:\/\/candas365.es\/noticias\/author\/admin\/#author"},"image":{"@type":"ImageObject","url":"https:\/\/candas365.es\/noticias\/wp-content\/uploads\/2023\/03\/bunker.jpg","@id":"https:\/\/candas365.es\/noticias\/dinamarca-abre-su-bunker-nuclear-de-la-era-de-la-guerra-fria\/#mainImage","width":984,"height":664,"caption":"Ocultos bajo una discreta casa en medio de un bosque hay enormes salas y t\u00faneles subterr\u00e1neos, dise\u00f1ados para proteger a los funcionarios del gobierno dan\u00e9s y a la realeza en caso de ataque nuclear durante la Guerra Fr\u00eda. Foto: Lars Horn\/Baghuset und Nordjyske Museer\/dpa"},"primaryImageOfPage":{"@id":"https:\/\/candas365.es\/noticias\/dinamarca-abre-su-bunker-nuclear-de-la-era-de-la-guerra-fria\/#mainImage"},"datePublished":"2023-03-01T23:29:06+01:00","dateModified":"2023-03-01T23:29:06+01:00"},{"@type":"WebSite","@id":"https:\/\/candas365.es\/noticias\/#website","url":"https:\/\/candas365.es\/noticias\/","name":"Cand\u00e1s 365","alternateName":"Cand\u00e1s 365 Noticias","description":"Actualidad desde Carre\u00f1o para el mundo","inLanguage":"es-ES","publisher":{"@id":"https:\/\/candas365.es\/noticias\/#organization"}}]},"og:locale":"es_ES","og:site_name":"Cand\u00e1s 365","og:type":"article","og:title":"Dinamarca abre su b\u00fanker nuclear de la era de la Guerra Fr\u00eda | Cand\u00e1s 365","og:description":"(dpa) - Un antiguo b\u00fanker nuclear escondido en los bosques del norte de Dinamarca abri\u00f3 este mes por primera vez sus puertas al p\u00fablico desde que fue construido","og:url":"https:\/\/candas365.es\/noticias\/dinamarca-abre-su-bunker-nuclear-de-la-era-de-la-guerra-fria\/","og:image":"https:\/\/candas365.es\/noticias\/wp-content\/uploads\/2023\/03\/bunker.jpg","og:image:secure_url":"https:\/\/candas365.es\/noticias\/wp-content\/uploads\/2023\/03\/bunker.jpg","og:image:width":984,"og:image:height":664,"article:published_time":"2023-03-01T22:29:06+00:00","article:modified_time":"2023-03-01T22:29:06+00:00","article:publisher":"https:\/\/www.facebook.com\/Nachofdezber","article:author":"https:\/\/www.facebook.com\/carrenoactualidad","twitter:card":"summary_large_image","twitter:site":"@NabercoDigital","twitter:title":"Dinamarca abre su b\u00fanker nuclear de la era de la Guerra Fr\u00eda | Cand\u00e1s 365","twitter:description":"(dpa) - Un antiguo b\u00fanker nuclear escondido en los bosques del norte de Dinamarca abri\u00f3 este mes por primera vez sus puertas al p\u00fablico desde que fue construido","twitter:creator":"@nbasturias","twitter:image":"https:\/\/candas365.es\/noticias\/wp-content\/uploads\/2023\/03\/bunker.jpg","twitter:label1":"Escrito por","twitter:data1":"Cand\u00e1s 365","twitter:label2":"Tiempo de lectura estimado","twitter:data2":"1 minuto"},"aioseo_meta_data":{"post_id":"172077","title":null,"description":"(dpa) - Un antiguo b\u00fanker nuclear escondido en los bosques del norte de Dinamarca abri\u00f3 este mes por primera vez sus puertas al p\u00fablico desde que fue construido","keywords":[],"keyphrases":{"focus":{"keyphrase":" b\u00fanker ","score":92,"analysis":{"keyphraseInTitle":{"score":9,"maxScore":9,"error":0},"keyphraseInDescription":{"score":9,"maxScore":9,"error":0},"keyphraseLength":{"score":9,"maxScore":9,"error":0,"length":1},"keyphraseInURL":{"score":1,"maxScore":5,"error":1},"keyphraseInIntroduction":{"score":9,"maxScore":9,"error":0},"keyphraseInSubHeadings":[],"keyphraseInImageAlt":{"score":9,"maxScore":9,"error":0}}},"additional":[{"keyphrase":"Dinamarca ","score":83,"analysis":{"keyphraseInDescription":{"score":9,"maxScore":9,"error":0},"keyphraseLength":{"score":9,"maxScore":9,"error":0,"length":1},"keyphraseInIntroduction":{"score":9,"maxScore":9,"error":0},"keyphraseInImageAlt":{"score":3,"maxScore":9,"error":1}}},{"keyphrase":" b\u00fanker nuclear ","score":100,"analysis":{"keyphraseInDescription":{"score":9,"maxScore":9,"error":0},"keyphraseLength":{"score":9,"maxScore":9,"error":0,"length":2},"keyphraseInIntroduction":{"score":9,"maxScore":9,"error":0},"keyphraseInImageAlt":{"score":9,"maxScore":9,"error":0}}},{"keyphrase":" b\u00fanker ","score":100,"analysis":{"keyphraseInDescription":{"score":9,"maxScore":9,"error":0},"keyphraseLength":{"score":9,"maxScore":9,"error":0,"length":1},"keyphraseInIntroduction":{"score":9,"maxScore":9,"error":0},"keyphraseInImageAlt":{"score":9,"maxScore":9,"error":0}}}]},"primary_term":null,"canonical_url":null,"og_title":null,"og_description":null,"og_object_type":"default","og_image_type":"default","og_image_url":null,"og_image_width":null,"og_image_height":null,"og_image_custom_url":null,"og_image_custom_fields":null,"og_video":"","og_custom_url":null,"og_article_section":null,"og_article_tags":[],"twitter_use_og":false,"twitter_card":"default","twitter_image_type":"default","twitter_image_url":null,"twitter_image_custom_url":null,"twitter_image_custom_fields":null,"twitter_title":null,"twitter_description":null,"schema":{"blockGraphs":[],"customGraphs":[],"default":{"data":{"Article":[],"Course":[],"Dataset":[],"FAQPage":[],"Movie":[],"Person":[],"Product":[],"ProductReview":[],"Car":[],"Recipe":[],"Service":[],"SoftwareApplication":[],"WebPage":[]},"graphName":"Article","isEnabled":true},"graphs":[]},"schema_type":"default","schema_type_options":null,"pillar_content":false,"robots_default":true,"robots_noindex":false,"robots_noarchive":false,"robots_nosnippet":false,"robots_nofollow":false,"robots_noimageindex":false,"robots_noodp":false,"robots_notranslate":false,"robots_max_snippet":"-1","robots_max_videopreview":"-1","robots_max_imagepreview":"large","priority":null,"frequency":"default","location":null,"local_seo":null,"seo_analyzer_scan_date":"2025-09-01 19:16:16","breadcrumb_settings":null,"limit_modified_date":false,"reviewed_by":null,"open_ai":"{\"title\":{\"suggestions\":[],\"usage\":0},\"description\":{\"suggestions\":[],\"usage\":0}}","ai":null,"created":"2023-03-01 22:21:00","updated":"2025-09-01 19:16:16"},"aioseo_breadcrumb":"<div class=\"aioseo-breadcrumbs\"><span class=\"aioseo-breadcrumb\">\n\t<a href=\"https:\/\/candas365.es\/noticias\" title=\"Home\">Home<\/a>\n<\/span><span class=\"aioseo-breadcrumb-separator\">&ndash;<\/span><span class=\"aioseo-breadcrumb\">\n\t<a href=\"https:\/\/candas365.es\/noticias\/category\/turismo\/\" title=\"Turismo\">Turismo<\/a>\n<\/span><span class=\"aioseo-breadcrumb-separator\">&ndash;<\/span><span class=\"aioseo-breadcrumb\">\n\tDinamarca abre su b\u00fanker nuclear de la era de la Guerra Fr\u00eda\n<\/span><\/div>","aioseo_breadcrumb_json":[{"label":"Home","link":"https:\/\/candas365.es\/noticias"},{"label":"Turismo","link":"https:\/\/candas365.es\/noticias\/category\/turismo\/"},{"label":"Dinamarca abre su b\u00fanker nuclear de la era de la Guerra Fr\u00eda","link":"https:\/\/candas365.es\/noticias\/dinamarca-abre-su-bunker-nuclear-de-la-era-de-la-guerra-fria\/"}],"_links":{"self":[{"href":"https:\/\/candas365.es\/noticias\/wp-json\/wp\/v2\/posts\/172077","targetHints":{"allow":["GET"]}}],"collection":[{"href":"https:\/\/candas365.es\/noticias\/wp-json\/wp\/v2\/posts"}],"about":[{"href":"https:\/\/candas365.es\/noticias\/wp-json\/wp\/v2\/types\/post"}],"author":[{"embeddable":true,"href":"https:\/\/candas365.es\/noticias\/wp-json\/wp\/v2\/users\/1"}],"replies":[{"embeddable":true,"href":"https:\/\/candas365.es\/noticias\/wp-json\/wp\/v2\/comments?post=172077"}],"version-history":[{"count":0,"href":"https:\/\/candas365.es\/noticias\/wp-json\/wp\/v2\/posts\/172077\/revisions"}],"wp:featuredmedia":[{"embeddable":true,"href":"https:\/\/candas365.es\/noticias\/wp-json\/wp\/v2\/media\/172078"}],"wp:attachment":[{"href":"https:\/\/candas365.es\/noticias\/wp-json\/wp\/v2\/media?parent=172077"}],"wp:term":[{"taxonomy":"category","embeddable":true,"href":"https:\/\/candas365.es\/noticias\/wp-json\/wp\/v2\/categories?post=172077"},{"taxonomy":"post_tag","embeddable":true,"href":"https:\/\/candas365.es\/noticias\/wp-json\/wp\/v2\/tags?post=172077"}],"curies":[{"name":"wp","href":"https:\/\/api.w.org\/{rel}","templated":true}]}}