{"id":171986,"date":"2023-02-26T01:09:23","date_gmt":"2023-02-26T00:09:23","guid":{"rendered":"https:\/\/candas365.es\/noticias\/?p=171986"},"modified":"2023-02-26T01:09:23","modified_gmt":"2023-02-26T00:09:23","slug":"vivir-en-times-square-la-era-postcovid-podria-cambiar-a-manhattan","status":"publish","type":"post","link":"https:\/\/candas365.es\/noticias\/vivir-en-times-square-la-era-postcovid-podria-cambiar-a-manhattan\/","title":{"rendered":"\u00bfVivir en Times Square? La era postcovid podr\u00eda cambiar a Manhattan"},"content":{"rendered":"<p>(dpa) &#8211; La ciudad de <span style=\"color: #ff6600;\"><a style=\"color: #ff6600;\" href=\"https:\/\/es.wikipedia.org\/wiki\/Nueva_York\" target=\"_blank\" rel=\"noopener\"><strong>Nueva York<\/strong><\/a> <\/span>sufre, por un lado, una emergencia habitacional por la escasez de viviendas asequibles, mientras que por otro lado cuenta con gigantescos espacios de oficinas vac\u00edos en el centro.<strong> La soluci\u00f3n parece cercana, pero nada es tan f\u00e1cil como se supone.<\/strong><\/p>\n<figure id=\"attachment_171987\" aria-describedby=\"caption-attachment-171987\" style=\"width: 647px\" class=\"wp-caption aligncenter\"><img fetchpriority=\"high\" decoding=\"async\" class=\"wp-image-171987 size-large\" src=\"https:\/\/candas365.es\/noticias\/wp-content\/uploads\/2023\/02\/Times-Square-647x480.jpg\" alt=\"Times Square\" width=\"647\" height=\"480\" srcset=\"https:\/\/candas365.es\/noticias\/wp-content\/uploads\/2023\/02\/Times-Square-647x480.jpg 647w, https:\/\/candas365.es\/noticias\/wp-content\/uploads\/2023\/02\/Times-Square-360x267.jpg 360w, https:\/\/candas365.es\/noticias\/wp-content\/uploads\/2023\/02\/Times-Square-768x570.jpg 768w, https:\/\/candas365.es\/noticias\/wp-content\/uploads\/2023\/02\/Times-Square-150x111.jpg 150w, https:\/\/candas365.es\/noticias\/wp-content\/uploads\/2023\/02\/Times-Square-450x334.jpg 450w, https:\/\/candas365.es\/noticias\/wp-content\/uploads\/2023\/02\/Times-Square.jpg 893w\" sizes=\"(max-width: 647px) 100vw, 647px\" \/><figcaption id=\"caption-attachment-171987\" class=\"wp-caption-text\">Times Square, en el cruce de Broadway y Seventh Avenue. Foto: Benno Schwinghammer\/dpa<\/figcaption><\/figure>\n<p>El coraz\u00f3n de la metr\u00f3poli mundial luce realmente diferente.<strong> Quien pasea actualmente por la Tercera Avenida en el Midtown de Manhattan se sorprende por la ausencia de traj\u00edn en las calles.<\/strong><\/p>\n<p>Numerosos edificios de oficinas quedaron en gran parte vac\u00edos en el centro de Nueva York tras la <strong><a href=\"https:\/\/candas365.es\/noticias\/category\/salud\/\"><span style=\"color: #ff6600;\">pandemia de coronavirus<\/span><\/a><\/strong>. Al mismo tiempo, el mercado inmobiliario de viviendas residenciales est\u00e1 saturado y los valores de los alquileres estallan.<\/p>\n<blockquote><p>La idea ahora es abrir el distrito de oficinas y empresas para el uso residencial, pero existen algunos obst\u00e1culos.<\/p><\/blockquote>\n<p><strong>\u00abHay una crisis habitacional, la ciudad de Nueva York necesita unas 500.000 viviendas nuevas para mantener el ritmo de la demanda\u00bb, dice John Sanchez<\/strong>, de la iniciativa \u00ab5 Borough Housing\u00bb, que quiere ofrecer viviendas asequibles en la metr\u00f3poli de la costa este norteamericana.<\/p>\n<p>\u00abY cada vez hay m\u00e1s oficinas vac\u00edas y creemos que es una oportunidad para convertirlas en viviendas y combatir as\u00ed la crisis\u00bb, sostiene.<\/p>\n<p>La iniciativa est\u00e1 enfocada especialmente en lograr que los edificios de Manhattan sean accesibles para los neoyorquinos de todos los niveles sociales. \u00abEs hora de que Manhattan asuma su responsabilidad de ofrecer viviendas asequibles\u00bb, subraya Sanchez.<\/p>\n<p>Incentivos fiscales para los propietarios de viviendas y la modificaci\u00f3n de leyes, que actualmente limitan los espacios para viviendas en algunas partes del Midtown, podr\u00edan ayudar a generar un alivio real de la tensi\u00f3n en la situaci\u00f3n inmobiliaria en toda Nueva York.<\/p>\n<p>La situaci\u00f3n es catastr\u00f3fica en la \u00abciudad que nunca duerme\u00bb. <strong>Quien quiera vivir pagando precios aceptables, es decir no m\u00e1s de 2.500 d\u00f3lares (unos 2.320 euros) por mes por una vivienda de dos habitaciones, de 40 metros cuadrados, debe realizar una extensa b\u00fasqueda.<\/strong><\/p>\n<p>Seg\u00fan informaci\u00f3n de la firma de bienes ra\u00edces DouglasElliman, el alquiler medio en Manhattan se situ\u00f3 en diciembre en 5.243 d\u00f3lares, un 18 por ciento m\u00e1s que en 2021.<\/p>\n<blockquote><p>La demanda extrema se choca con una oferta muy reducida en la ciudad de ocho millones de habitantes.<\/p><\/blockquote>\n<p>Al mismo tiempo, un estudio de investigadores de la Universidad de Columbia hall\u00f3 que el aumento del <a href=\"https:\/\/eldigitaldeasturias.com\/magazine365\/category\/internet\/\" target=\"_blank\" rel=\"noopener\"><span style=\"color: #ff6600;\"><strong>teletrabajo desde el hogar<\/strong><\/span><\/a> tras la pandemia de coronavirus hizo caer notablemente el valor y los ingresos de los edificios de oficinas. Muchas compa\u00f1\u00edas ya no necesitan un espacio tan caro y reducen la superficie de sus oficinas.<\/p>\n<p>Algunos sectores del Midtown, como la Tercera Avenida, donde se levantan m\u00e1s que nada viejos edificios que datan de 1950 a 1980, lo est\u00e1n pasando doblemente mal, porque las empresas se est\u00e1n trasladando a edificios m\u00e1s modernos, muchas de ellas al nuevo distrito de Hudson Yards, en el oeste de Manhattan.<\/p>\n<p>Por ello, el alcalde Eric Adams tiene un plan ambicioso. <strong>\u00abEn las pr\u00f3ximas semanas comenzaremos el trabajo con el objetivo de generar m\u00e1s viviendas, incluidos pisos de alquiler controlado en Midtown Manhattan, donde la zonificaci\u00f3n actual solo permite espacios de fabricaci\u00f3n y oficinas\u00bb, comunic\u00f3 su oficina hace unos d\u00edas.<\/strong><\/p>\n<p>De esta forma, <strong>se podr\u00edan habilitar unas 20.000 nuevas viviendas en el coraz\u00f3n de Nueva York, cerca de Times Square<\/strong>. Un ejemplo de una transformaci\u00f3n de este tipo tuvo lugar a pocos kil\u00f3metros de distancia: en el Downtown de Manhattan, en el extremo sur de la pen\u00ednsula, muchas oficinas se convirtieron en viviendas de lujo tras los atentados del 11 de septiembre de 2001.<\/p>\n<p>Pero en Midtown, adem\u00e1s de regulaciones vigentes desde hace d\u00e9cadas que deben ser removidas y la necesidad de una financiaci\u00f3n integral, hay un problema log\u00edstico.<\/p>\n<p>A diferencia del Downtown, la transformaci\u00f3n de muchos edificios de oficinas es dif\u00edcil all\u00ed. Muchos fueron construidos con amplios espacios con pocas ventanas y, por ello, poca luz natural. Resulta un desaf\u00edo, en muchos casos, recortar las superficies para adaptarlas a las dimensiones y requisitos de una vivienda residencial.<\/p>\n<p>Otros edificios, en cambio, podr\u00edan ser transformados con relativa facilidad para ofrecer, con ayuda de la ciudad, nuevos hogares a decenas de miles de personas. <strong>Uno de los muchos pasos necesarios para contrarrestar la crisis de la vivienda en Nueva York y dar un nuevo impulso a Midtown.<\/strong><\/p>\n<p>John S\u00e1nchez, por ejemplo, podr\u00eda imaginarse mud\u00e1ndose. Si todo sale como idealmente prev\u00e9 \u00ab5 Borough Housing\u00bb, pronto habr\u00e1 viviendas asequibles en pleno centro de la principal metr\u00f3poli de negocios de Estados Unidos. \u00abMi mujer y yo nos plantear\u00edamos mudarnos a Midtown\u00bb, afirma.<\/p>\n<p><i class=\"lang-es\"><span class=\" readonly\" title=\"\">Por Benno Schwinghammer (dpa)<\/span><\/i><\/p>\n","protected":false},"excerpt":{"rendered":"<p>(dpa) &#8211; La ciudad de Nueva York sufre, por un lado, una emergencia habitacional por la escasez de viviendas asequibles, mientras que por otro lado cuenta con gigantescos espacios de oficinas vac\u00edos en el centro. La soluci\u00f3n parece cercana, pero nada es tan f\u00e1cil como se supone. El coraz\u00f3n de la metr\u00f3poli mundial luce realmente<\/p>\n","protected":false},"author":1,"featured_media":171987,"comment_status":"closed","ping_status":"closed","sticky":false,"template":"","format":"standard","meta":{"footnotes":""},"categories":[143],"tags":[423,422,408],"class_list":{"0":"post-171986","1":"post","2":"type-post","3":"status-publish","4":"format-standard","5":"has-post-thumbnail","7":"category-sociedad","8":"tag-hogar","9":"tag-reportajes","10":"tag-sociedad"},"aioseo_notices":[],"aioseo_head":"\n\t\t<!-- All in One SEO Pro 4.9.6.2 - aioseo.com -->\n\t<meta name=\"description\" content=\"(dpa) - La ciudad de Nueva York sufre, por un lado, una emergencia habitacional por la escasez de viviendas asequibles, mientras que por otro lado\" \/>\n\t<meta name=\"robots\" content=\"max-image-preview:large\" \/>\n\t<meta name=\"author\" content=\"Cand\u00e1s 365\"\/>\n\t<meta name=\"google-site-verification\" content=\"UA-32230408-1\" \/>\n\t<meta name=\"msvalidate.01\" content=\"354F3CDFB2DA171B47FBE9ABF1F88D5\" \/>\n\t<meta name=\"keywords\" content=\"sociedad\" \/>\n\t<link rel=\"canonical\" href=\"https:\/\/candas365.es\/noticias\/vivir-en-times-square-la-era-postcovid-podria-cambiar-a-manhattan\/\" \/>\n\t<meta name=\"generator\" content=\"All in One SEO Pro (AIOSEO) 4.9.6.2\" \/>\n\t\t<meta property=\"og:locale\" content=\"es_ES\" \/>\n\t\t<meta property=\"og:site_name\" content=\"Cand\u00e1s 365\" \/>\n\t\t<meta property=\"og:type\" content=\"article\" \/>\n\t\t<meta property=\"og:title\" content=\"\u00bfVivir en Times Square? La era postcovid podr\u00eda cambiar a Manhattan | Cand\u00e1s 365\" \/>\n\t\t<meta property=\"og:description\" content=\"(dpa) - La ciudad de Nueva York sufre, por un lado, una emergencia habitacional por la escasez de viviendas asequibles, mientras que por otro lado\" \/>\n\t\t<meta property=\"og:url\" content=\"https:\/\/candas365.es\/noticias\/vivir-en-times-square-la-era-postcovid-podria-cambiar-a-manhattan\/\" \/>\n\t\t<meta property=\"og:image\" content=\"https:\/\/candas365.es\/noticias\/wp-content\/uploads\/2023\/02\/Times-Square.jpg\" \/>\n\t\t<meta property=\"og:image:secure_url\" content=\"https:\/\/candas365.es\/noticias\/wp-content\/uploads\/2023\/02\/Times-Square.jpg\" \/>\n\t\t<meta property=\"og:image:width\" content=\"893\" \/>\n\t\t<meta property=\"og:image:height\" content=\"663\" \/>\n\t\t<meta property=\"article:published_time\" content=\"2023-02-26T00:09:23+00:00\" \/>\n\t\t<meta property=\"article:modified_time\" content=\"2023-02-26T00:09:23+00:00\" \/>\n\t\t<meta property=\"article:publisher\" content=\"https:\/\/www.facebook.com\/Nachofdezber\" \/>\n\t\t<meta property=\"article:author\" content=\"https:\/\/www.facebook.com\/carrenoactualidad\" \/>\n\t\t<meta name=\"twitter:card\" content=\"summary_large_image\" \/>\n\t\t<meta name=\"twitter:site\" content=\"@NabercoDigital\" \/>\n\t\t<meta name=\"twitter:title\" content=\"\u00bfVivir en Times Square? La era postcovid podr\u00eda cambiar a Manhattan | Cand\u00e1s 365\" \/>\n\t\t<meta name=\"twitter:description\" content=\"(dpa) - La ciudad de Nueva York sufre, por un lado, una emergencia habitacional por la escasez de viviendas asequibles, mientras que por otro lado\" \/>\n\t\t<meta name=\"twitter:creator\" content=\"@nbasturias\" \/>\n\t\t<meta name=\"twitter:image\" content=\"https:\/\/candas365.es\/noticias\/wp-content\/uploads\/2023\/02\/Times-Square.jpg\" \/>\n\t\t<meta name=\"twitter:label1\" content=\"Escrito por\" \/>\n\t\t<meta name=\"twitter:data1\" content=\"Cand\u00e1s 365\" \/>\n\t\t<meta name=\"twitter:label2\" content=\"Tiempo de lectura estimado\" \/>\n\t\t<meta name=\"twitter:data2\" content=\"4 minutos\" \/>\n\t\t<script type=\"application\/ld+json\" class=\"aioseo-schema\">\n\t\t\t{\"@context\":\"https:\\\/\\\/schema.org\",\"@graph\":[{\"@type\":\"BreadcrumbList\",\"@id\":\"https:\\\/\\\/candas365.es\\\/noticias\\\/vivir-en-times-square-la-era-postcovid-podria-cambiar-a-manhattan\\\/#breadcrumblist\",\"itemListElement\":[{\"@type\":\"ListItem\",\"@id\":\"https:\\\/\\\/candas365.es\\\/noticias#listItem\",\"position\":1,\"name\":\"Home\",\"item\":\"https:\\\/\\\/candas365.es\\\/noticias\",\"nextItem\":{\"@type\":\"ListItem\",\"@id\":\"https:\\\/\\\/candas365.es\\\/noticias\\\/category\\\/sociedad\\\/#listItem\",\"name\":\"Sociedad\"}},{\"@type\":\"ListItem\",\"@id\":\"https:\\\/\\\/candas365.es\\\/noticias\\\/category\\\/sociedad\\\/#listItem\",\"position\":2,\"name\":\"Sociedad\",\"item\":\"https:\\\/\\\/candas365.es\\\/noticias\\\/category\\\/sociedad\\\/\",\"nextItem\":{\"@type\":\"ListItem\",\"@id\":\"https:\\\/\\\/candas365.es\\\/noticias\\\/vivir-en-times-square-la-era-postcovid-podria-cambiar-a-manhattan\\\/#listItem\",\"name\":\"\\u00bfVivir en Times Square? La era postcovid podr\\u00eda cambiar a Manhattan\"},\"previousItem\":{\"@type\":\"ListItem\",\"@id\":\"https:\\\/\\\/candas365.es\\\/noticias#listItem\",\"name\":\"Home\"}},{\"@type\":\"ListItem\",\"@id\":\"https:\\\/\\\/candas365.es\\\/noticias\\\/vivir-en-times-square-la-era-postcovid-podria-cambiar-a-manhattan\\\/#listItem\",\"position\":3,\"name\":\"\\u00bfVivir en Times Square? La era postcovid podr\\u00eda cambiar a Manhattan\",\"previousItem\":{\"@type\":\"ListItem\",\"@id\":\"https:\\\/\\\/candas365.es\\\/noticias\\\/category\\\/sociedad\\\/#listItem\",\"name\":\"Sociedad\"}}]},{\"@type\":\"NewsArticle\",\"@id\":\"https:\\\/\\\/candas365.es\\\/noticias\\\/vivir-en-times-square-la-era-postcovid-podria-cambiar-a-manhattan\\\/#newsarticle\",\"name\":\"\\u00bfVivir en Times Square? La era postcovid podr\\u00eda cambiar a Manhattan | Cand\\u00e1s 365\",\"headline\":\"\\u00bfVivir en Times Square? La era postcovid podr\\u00eda cambiar a Manhattan\",\"author\":{\"@id\":\"https:\\\/\\\/candas365.es\\\/noticias\\\/author\\\/admin\\\/#author\"},\"publisher\":{\"@id\":\"https:\\\/\\\/candas365.es\\\/noticias\\\/#organization\"},\"image\":{\"@type\":\"ImageObject\",\"url\":\"https:\\\/\\\/candas365.es\\\/noticias\\\/wp-content\\\/uploads\\\/2023\\\/02\\\/Times-Square.jpg\",\"width\":893,\"height\":663,\"caption\":\"Times Square, en el cruce de Broadway y Seventh Avenue. Foto: Benno Schwinghammer\\\/dpa\"},\"datePublished\":\"2023-02-26T01:09:23+01:00\",\"dateModified\":\"2023-02-26T01:09:23+01:00\",\"inLanguage\":\"es-ES\",\"mainEntityOfPage\":{\"@id\":\"https:\\\/\\\/candas365.es\\\/noticias\\\/vivir-en-times-square-la-era-postcovid-podria-cambiar-a-manhattan\\\/#webpage\"},\"isPartOf\":{\"@id\":\"https:\\\/\\\/candas365.es\\\/noticias\\\/vivir-en-times-square-la-era-postcovid-podria-cambiar-a-manhattan\\\/#webpage\"},\"articleSection\":\"Sociedad, Hogar, Reportajes, sociedad\",\"dateline\":\"Publicado el febrero 26, 2023.\"},{\"@type\":\"Organization\",\"@id\":\"https:\\\/\\\/candas365.es\\\/noticias\\\/#organization\",\"name\":\"Cand\\u00e1s 365\",\"description\":\"Cand\\u00e1s 365 es un diario digital independiente, fundado en 2012, con base en Asturias. Informamos con rigor sobre actualidad, sociedad, cultura y ocio, con una mirada local y global.\",\"url\":\"https:\\\/\\\/candas365.es\\\/noticias\\\/\",\"email\":\"info@candas365.es\",\"telephone\":\"+34652131393\",\"foundingDate\":\"2012-06-10\",\"logo\":{\"@type\":\"ImageObject\",\"url\":\"https:\\\/\\\/candas365.es\\\/noticias\\\/wp-content\\\/uploads\\\/2024\\\/09\\\/Candas-365-Redes.jpg\",\"@id\":\"https:\\\/\\\/candas365.es\\\/noticias\\\/vivir-en-times-square-la-era-postcovid-podria-cambiar-a-manhattan\\\/#organizationLogo\",\"width\":1152,\"height\":864,\"caption\":\"Cand\\u00e1s 365 Redes\"},\"image\":{\"@id\":\"https:\\\/\\\/candas365.es\\\/noticias\\\/vivir-en-times-square-la-era-postcovid-podria-cambiar-a-manhattan\\\/#organizationLogo\"},\"sameAs\":[\"https:\\\/\\\/www.facebook.com\\\/Nachofdezber\",\"https:\\\/\\\/x.com\\\/NabercoDigital\",\"https:\\\/\\\/www.instagram.com\\\/nachofdezber\\\/\",\"https:\\\/\\\/www.youtube.com\\\/channel\\\/UCZP-2wLEB9Rv6erhFmqVnvg\"],\"address\":{\"@id\":\"https:\\\/\\\/candas365.es\\\/noticias\\\/#postaladdress\",\"@type\":\"PostalAddress\",\"streetAddress\":\"san antonio 4, san antonio 4\",\"postalCode\":\"33430\",\"addressLocality\":\"Cand\\u00e1s\",\"addressRegion\":\"Asturias\",\"addressCountry\":\"ES\"}},{\"@type\":\"Person\",\"@id\":\"https:\\\/\\\/candas365.es\\\/noticias\\\/author\\\/admin\\\/#author\",\"url\":\"https:\\\/\\\/candas365.es\\\/noticias\\\/author\\\/admin\\\/\",\"name\":\"Cand\\u00e1s 365\",\"image\":{\"@type\":\"ImageObject\",\"@id\":\"https:\\\/\\\/candas365.es\\\/noticias\\\/vivir-en-times-square-la-era-postcovid-podria-cambiar-a-manhattan\\\/#authorImage\",\"url\":\"https:\\\/\\\/secure.gravatar.com\\\/avatar\\\/496a8e03d0c493ede1718b7934145dbdf8d89be1036b0eec9544e1094c9de390?s=96&d=mm&r=g\",\"width\":96,\"height\":96,\"caption\":\"Cand\\u00e1s 365\"},\"sameAs\":[\"https:\\\/\\\/www.facebook.com\\\/carrenoactualidad\",\"https:\\\/\\\/twitter.com\\\/nbasturias\",\"https:\\\/\\\/www.instagram.com\\\/nachofdezber\\\/\",\"https:\\\/\\\/www.youtube.com\\\/channel\\\/UCZP-2wLEB9Rv6erhFmqVnvg\"]},{\"@type\":\"WebPage\",\"@id\":\"https:\\\/\\\/candas365.es\\\/noticias\\\/vivir-en-times-square-la-era-postcovid-podria-cambiar-a-manhattan\\\/#webpage\",\"url\":\"https:\\\/\\\/candas365.es\\\/noticias\\\/vivir-en-times-square-la-era-postcovid-podria-cambiar-a-manhattan\\\/\",\"name\":\"\\u00bfVivir en Times Square? La era postcovid podr\\u00eda cambiar a Manhattan | Cand\\u00e1s 365\",\"description\":\"(dpa) - La ciudad de Nueva York sufre, por un lado, una emergencia habitacional por la escasez de viviendas asequibles, mientras que por otro lado\",\"inLanguage\":\"es-ES\",\"isPartOf\":{\"@id\":\"https:\\\/\\\/candas365.es\\\/noticias\\\/#website\"},\"breadcrumb\":{\"@id\":\"https:\\\/\\\/candas365.es\\\/noticias\\\/vivir-en-times-square-la-era-postcovid-podria-cambiar-a-manhattan\\\/#breadcrumblist\"},\"author\":{\"@id\":\"https:\\\/\\\/candas365.es\\\/noticias\\\/author\\\/admin\\\/#author\"},\"creator\":{\"@id\":\"https:\\\/\\\/candas365.es\\\/noticias\\\/author\\\/admin\\\/#author\"},\"image\":{\"@type\":\"ImageObject\",\"url\":\"https:\\\/\\\/candas365.es\\\/noticias\\\/wp-content\\\/uploads\\\/2023\\\/02\\\/Times-Square.jpg\",\"@id\":\"https:\\\/\\\/candas365.es\\\/noticias\\\/vivir-en-times-square-la-era-postcovid-podria-cambiar-a-manhattan\\\/#mainImage\",\"width\":893,\"height\":663,\"caption\":\"Times Square, en el cruce de Broadway y Seventh Avenue. Foto: Benno Schwinghammer\\\/dpa\"},\"primaryImageOfPage\":{\"@id\":\"https:\\\/\\\/candas365.es\\\/noticias\\\/vivir-en-times-square-la-era-postcovid-podria-cambiar-a-manhattan\\\/#mainImage\"},\"datePublished\":\"2023-02-26T01:09:23+01:00\",\"dateModified\":\"2023-02-26T01:09:23+01:00\"},{\"@type\":\"WebSite\",\"@id\":\"https:\\\/\\\/candas365.es\\\/noticias\\\/#website\",\"url\":\"https:\\\/\\\/candas365.es\\\/noticias\\\/\",\"name\":\"Cand\\u00e1s 365\",\"alternateName\":\"Cand\\u00e1s 365 Noticias\",\"description\":\"Actualidad desde Carre\\u00f1o para el mundo\",\"inLanguage\":\"es-ES\",\"publisher\":{\"@id\":\"https:\\\/\\\/candas365.es\\\/noticias\\\/#organization\"}}]}\n\t\t<\/script>\n\t\t<!-- All in One SEO Pro -->\r\n\t\t<title>\u00bfVivir en Times Square? La era postcovid podr\u00eda cambiar a Manhattan | Cand\u00e1s 365<\/title>\n\n","aioseo_head_json":{"title":"\u00bfVivir en Times Square? La era postcovid podr\u00eda cambiar a Manhattan | Cand\u00e1s 365","description":"(dpa) - La ciudad de Nueva York sufre, por un lado, una emergencia habitacional por la escasez de viviendas asequibles, mientras que por otro lado","canonical_url":"https:\/\/candas365.es\/noticias\/vivir-en-times-square-la-era-postcovid-podria-cambiar-a-manhattan\/","robots":"max-image-preview:large","keywords":"sociedad","webmasterTools":{"google-site-verification":"UA-32230408-1","msvalidate.01":"354F3CDFB2DA171B47FBE9ABF1F88D5","miscellaneous":""},"schema":{"@context":"https:\/\/schema.org","@graph":[{"@type":"BreadcrumbList","@id":"https:\/\/candas365.es\/noticias\/vivir-en-times-square-la-era-postcovid-podria-cambiar-a-manhattan\/#breadcrumblist","itemListElement":[{"@type":"ListItem","@id":"https:\/\/candas365.es\/noticias#listItem","position":1,"name":"Home","item":"https:\/\/candas365.es\/noticias","nextItem":{"@type":"ListItem","@id":"https:\/\/candas365.es\/noticias\/category\/sociedad\/#listItem","name":"Sociedad"}},{"@type":"ListItem","@id":"https:\/\/candas365.es\/noticias\/category\/sociedad\/#listItem","position":2,"name":"Sociedad","item":"https:\/\/candas365.es\/noticias\/category\/sociedad\/","nextItem":{"@type":"ListItem","@id":"https:\/\/candas365.es\/noticias\/vivir-en-times-square-la-era-postcovid-podria-cambiar-a-manhattan\/#listItem","name":"\u00bfVivir en Times Square? La era postcovid podr\u00eda cambiar a Manhattan"},"previousItem":{"@type":"ListItem","@id":"https:\/\/candas365.es\/noticias#listItem","name":"Home"}},{"@type":"ListItem","@id":"https:\/\/candas365.es\/noticias\/vivir-en-times-square-la-era-postcovid-podria-cambiar-a-manhattan\/#listItem","position":3,"name":"\u00bfVivir en Times Square? La era postcovid podr\u00eda cambiar a Manhattan","previousItem":{"@type":"ListItem","@id":"https:\/\/candas365.es\/noticias\/category\/sociedad\/#listItem","name":"Sociedad"}}]},{"@type":"NewsArticle","@id":"https:\/\/candas365.es\/noticias\/vivir-en-times-square-la-era-postcovid-podria-cambiar-a-manhattan\/#newsarticle","name":"\u00bfVivir en Times Square? La era postcovid podr\u00eda cambiar a Manhattan | Cand\u00e1s 365","headline":"\u00bfVivir en Times Square? La era postcovid podr\u00eda cambiar a Manhattan","author":{"@id":"https:\/\/candas365.es\/noticias\/author\/admin\/#author"},"publisher":{"@id":"https:\/\/candas365.es\/noticias\/#organization"},"image":{"@type":"ImageObject","url":"https:\/\/candas365.es\/noticias\/wp-content\/uploads\/2023\/02\/Times-Square.jpg","width":893,"height":663,"caption":"Times Square, en el cruce de Broadway y Seventh Avenue. Foto: Benno Schwinghammer\/dpa"},"datePublished":"2023-02-26T01:09:23+01:00","dateModified":"2023-02-26T01:09:23+01:00","inLanguage":"es-ES","mainEntityOfPage":{"@id":"https:\/\/candas365.es\/noticias\/vivir-en-times-square-la-era-postcovid-podria-cambiar-a-manhattan\/#webpage"},"isPartOf":{"@id":"https:\/\/candas365.es\/noticias\/vivir-en-times-square-la-era-postcovid-podria-cambiar-a-manhattan\/#webpage"},"articleSection":"Sociedad, Hogar, Reportajes, sociedad","dateline":"Publicado el febrero 26, 2023."},{"@type":"Organization","@id":"https:\/\/candas365.es\/noticias\/#organization","name":"Cand\u00e1s 365","description":"Cand\u00e1s 365 es un diario digital independiente, fundado en 2012, con base en Asturias. Informamos con rigor sobre actualidad, sociedad, cultura y ocio, con una mirada local y global.","url":"https:\/\/candas365.es\/noticias\/","email":"info@candas365.es","telephone":"+34652131393","foundingDate":"2012-06-10","logo":{"@type":"ImageObject","url":"https:\/\/candas365.es\/noticias\/wp-content\/uploads\/2024\/09\/Candas-365-Redes.jpg","@id":"https:\/\/candas365.es\/noticias\/vivir-en-times-square-la-era-postcovid-podria-cambiar-a-manhattan\/#organizationLogo","width":1152,"height":864,"caption":"Cand\u00e1s 365 Redes"},"image":{"@id":"https:\/\/candas365.es\/noticias\/vivir-en-times-square-la-era-postcovid-podria-cambiar-a-manhattan\/#organizationLogo"},"sameAs":["https:\/\/www.facebook.com\/Nachofdezber","https:\/\/x.com\/NabercoDigital","https:\/\/www.instagram.com\/nachofdezber\/","https:\/\/www.youtube.com\/channel\/UCZP-2wLEB9Rv6erhFmqVnvg"],"address":{"@id":"https:\/\/candas365.es\/noticias\/#postaladdress","@type":"PostalAddress","streetAddress":"san antonio 4, san antonio 4","postalCode":"33430","addressLocality":"Cand\u00e1s","addressRegion":"Asturias","addressCountry":"ES"}},{"@type":"Person","@id":"https:\/\/candas365.es\/noticias\/author\/admin\/#author","url":"https:\/\/candas365.es\/noticias\/author\/admin\/","name":"Cand\u00e1s 365","image":{"@type":"ImageObject","@id":"https:\/\/candas365.es\/noticias\/vivir-en-times-square-la-era-postcovid-podria-cambiar-a-manhattan\/#authorImage","url":"https:\/\/secure.gravatar.com\/avatar\/496a8e03d0c493ede1718b7934145dbdf8d89be1036b0eec9544e1094c9de390?s=96&d=mm&r=g","width":96,"height":96,"caption":"Cand\u00e1s 365"},"sameAs":["https:\/\/www.facebook.com\/carrenoactualidad","https:\/\/twitter.com\/nbasturias","https:\/\/www.instagram.com\/nachofdezber\/","https:\/\/www.youtube.com\/channel\/UCZP-2wLEB9Rv6erhFmqVnvg"]},{"@type":"WebPage","@id":"https:\/\/candas365.es\/noticias\/vivir-en-times-square-la-era-postcovid-podria-cambiar-a-manhattan\/#webpage","url":"https:\/\/candas365.es\/noticias\/vivir-en-times-square-la-era-postcovid-podria-cambiar-a-manhattan\/","name":"\u00bfVivir en Times Square? La era postcovid podr\u00eda cambiar a Manhattan | Cand\u00e1s 365","description":"(dpa) - La ciudad de Nueva York sufre, por un lado, una emergencia habitacional por la escasez de viviendas asequibles, mientras que por otro lado","inLanguage":"es-ES","isPartOf":{"@id":"https:\/\/candas365.es\/noticias\/#website"},"breadcrumb":{"@id":"https:\/\/candas365.es\/noticias\/vivir-en-times-square-la-era-postcovid-podria-cambiar-a-manhattan\/#breadcrumblist"},"author":{"@id":"https:\/\/candas365.es\/noticias\/author\/admin\/#author"},"creator":{"@id":"https:\/\/candas365.es\/noticias\/author\/admin\/#author"},"image":{"@type":"ImageObject","url":"https:\/\/candas365.es\/noticias\/wp-content\/uploads\/2023\/02\/Times-Square.jpg","@id":"https:\/\/candas365.es\/noticias\/vivir-en-times-square-la-era-postcovid-podria-cambiar-a-manhattan\/#mainImage","width":893,"height":663,"caption":"Times Square, en el cruce de Broadway y Seventh Avenue. Foto: Benno Schwinghammer\/dpa"},"primaryImageOfPage":{"@id":"https:\/\/candas365.es\/noticias\/vivir-en-times-square-la-era-postcovid-podria-cambiar-a-manhattan\/#mainImage"},"datePublished":"2023-02-26T01:09:23+01:00","dateModified":"2023-02-26T01:09:23+01:00"},{"@type":"WebSite","@id":"https:\/\/candas365.es\/noticias\/#website","url":"https:\/\/candas365.es\/noticias\/","name":"Cand\u00e1s 365","alternateName":"Cand\u00e1s 365 Noticias","description":"Actualidad desde Carre\u00f1o para el mundo","inLanguage":"es-ES","publisher":{"@id":"https:\/\/candas365.es\/noticias\/#organization"}}]},"og:locale":"es_ES","og:site_name":"Cand\u00e1s 365","og:type":"article","og:title":"\u00bfVivir en Times Square? La era postcovid podr\u00eda cambiar a Manhattan | Cand\u00e1s 365","og:description":"(dpa) - La ciudad de Nueva York sufre, por un lado, una emergencia habitacional por la escasez de viviendas asequibles, mientras que por otro lado","og:url":"https:\/\/candas365.es\/noticias\/vivir-en-times-square-la-era-postcovid-podria-cambiar-a-manhattan\/","og:image":"https:\/\/candas365.es\/noticias\/wp-content\/uploads\/2023\/02\/Times-Square.jpg","og:image:secure_url":"https:\/\/candas365.es\/noticias\/wp-content\/uploads\/2023\/02\/Times-Square.jpg","og:image:width":893,"og:image:height":663,"article:published_time":"2023-02-26T00:09:23+00:00","article:modified_time":"2023-02-26T00:09:23+00:00","article:publisher":"https:\/\/www.facebook.com\/Nachofdezber","article:author":"https:\/\/www.facebook.com\/carrenoactualidad","twitter:card":"summary_large_image","twitter:site":"@NabercoDigital","twitter:title":"\u00bfVivir en Times Square? La era postcovid podr\u00eda cambiar a Manhattan | Cand\u00e1s 365","twitter:description":"(dpa) - La ciudad de Nueva York sufre, por un lado, una emergencia habitacional por la escasez de viviendas asequibles, mientras que por otro lado","twitter:creator":"@nbasturias","twitter:image":"https:\/\/candas365.es\/noticias\/wp-content\/uploads\/2023\/02\/Times-Square.jpg","twitter:label1":"Escrito por","twitter:data1":"Cand\u00e1s 365","twitter:label2":"Tiempo de lectura estimado","twitter:data2":"4 minutos"},"aioseo_meta_data":{"post_id":"171986","title":null,"description":"(dpa) - La ciudad de Nueva York sufre, por un lado, una emergencia habitacional por la escasez de viviendas asequibles, mientras que por otro lado","keywords":[],"keyphrases":{"focus":{"keyphrase":"Times Square","score":68,"analysis":{"keyphraseInTitle":{"score":9,"maxScore":9,"error":0},"keyphraseInDescription":{"score":3,"maxScore":9,"error":1},"keyphraseLength":{"score":9,"maxScore":9,"error":0,"length":2},"keyphraseInURL":{"score":1,"maxScore":5,"error":1},"keyphraseInIntroduction":{"score":3,"maxScore":9,"error":1},"keyphraseInSubHeadings":[],"keyphraseInImageAlt":{"score":9,"maxScore":9,"error":0}}},"additional":[{"keyphrase":"Nueva York ","score":83,"analysis":{"keyphraseInDescription":{"score":9,"maxScore":9,"error":0},"keyphraseLength":{"score":9,"maxScore":9,"error":0,"length":2},"keyphraseInIntroduction":{"score":9,"maxScore":9,"error":0},"keyphraseInImageAlt":{"score":3,"maxScore":9,"error":1}}},{"keyphrase":"viviendas","score":83,"analysis":{"keyphraseInDescription":{"score":9,"maxScore":9,"error":0},"keyphraseLength":{"score":9,"maxScore":9,"error":0,"length":1},"keyphraseInIntroduction":{"score":9,"maxScore":9,"error":0},"keyphraseInImageAlt":{"score":3,"maxScore":9,"error":1}}},{"keyphrase":"Times Square","score":67,"analysis":{"keyphraseInDescription":{"score":3,"maxScore":9,"error":1},"keyphraseLength":{"score":9,"maxScore":9,"error":0,"length":2},"keyphraseInIntroduction":{"score":3,"maxScore":9,"error":1},"keyphraseInImageAlt":{"score":9,"maxScore":9,"error":0}}},{"keyphrase":"ciudad","score":83,"analysis":{"keyphraseInDescription":{"score":9,"maxScore":9,"error":0},"keyphraseLength":{"score":9,"maxScore":9,"error":0,"length":1},"keyphraseInIntroduction":{"score":9,"maxScore":9,"error":0},"keyphraseInImageAlt":{"score":3,"maxScore":9,"error":1}}}]},"primary_term":null,"canonical_url":null,"og_title":null,"og_description":null,"og_object_type":"default","og_image_type":"default","og_image_url":null,"og_image_width":null,"og_image_height":null,"og_image_custom_url":null,"og_image_custom_fields":null,"og_video":"","og_custom_url":null,"og_article_section":null,"og_article_tags":[],"twitter_use_og":false,"twitter_card":"default","twitter_image_type":"default","twitter_image_url":null,"twitter_image_custom_url":null,"twitter_image_custom_fields":null,"twitter_title":null,"twitter_description":null,"schema":{"blockGraphs":[],"customGraphs":[],"default":{"data":{"Article":[],"Course":[],"Dataset":[],"FAQPage":[],"Movie":[],"Person":[],"Product":[],"ProductReview":[],"Car":[],"Recipe":[],"Service":[],"SoftwareApplication":[],"WebPage":[]},"graphName":"Article","isEnabled":true},"graphs":[]},"schema_type":"default","schema_type_options":null,"pillar_content":false,"robots_default":true,"robots_noindex":false,"robots_noarchive":false,"robots_nosnippet":false,"robots_nofollow":false,"robots_noimageindex":false,"robots_noodp":false,"robots_notranslate":false,"robots_max_snippet":"-1","robots_max_videopreview":"-1","robots_max_imagepreview":"large","priority":null,"frequency":"default","location":null,"local_seo":null,"seo_analyzer_scan_date":"2025-09-01 19:08:34","breadcrumb_settings":null,"limit_modified_date":false,"reviewed_by":null,"open_ai":null,"ai":null,"created":"2023-02-25 23:58:02","updated":"2025-09-01 19:08:34"},"aioseo_breadcrumb":"<div class=\"aioseo-breadcrumbs\"><span class=\"aioseo-breadcrumb\">\n\t<a href=\"https:\/\/candas365.es\/noticias\" title=\"Home\">Home<\/a>\n<\/span><span class=\"aioseo-breadcrumb-separator\">&ndash;<\/span><span class=\"aioseo-breadcrumb\">\n\t<a href=\"https:\/\/candas365.es\/noticias\/category\/sociedad\/\" title=\"Sociedad\">Sociedad<\/a>\n<\/span><span class=\"aioseo-breadcrumb-separator\">&ndash;<\/span><span class=\"aioseo-breadcrumb\">\n\t\u00bfVivir en Times Square? La era postcovid podr\u00eda cambiar a Manhattan\n<\/span><\/div>","aioseo_breadcrumb_json":[{"label":"Home","link":"https:\/\/candas365.es\/noticias"},{"label":"Sociedad","link":"https:\/\/candas365.es\/noticias\/category\/sociedad\/"},{"label":"\u00bfVivir en Times Square? La era postcovid podr\u00eda cambiar a Manhattan","link":"https:\/\/candas365.es\/noticias\/vivir-en-times-square-la-era-postcovid-podria-cambiar-a-manhattan\/"}],"_links":{"self":[{"href":"https:\/\/candas365.es\/noticias\/wp-json\/wp\/v2\/posts\/171986","targetHints":{"allow":["GET"]}}],"collection":[{"href":"https:\/\/candas365.es\/noticias\/wp-json\/wp\/v2\/posts"}],"about":[{"href":"https:\/\/candas365.es\/noticias\/wp-json\/wp\/v2\/types\/post"}],"author":[{"embeddable":true,"href":"https:\/\/candas365.es\/noticias\/wp-json\/wp\/v2\/users\/1"}],"replies":[{"embeddable":true,"href":"https:\/\/candas365.es\/noticias\/wp-json\/wp\/v2\/comments?post=171986"}],"version-history":[{"count":0,"href":"https:\/\/candas365.es\/noticias\/wp-json\/wp\/v2\/posts\/171986\/revisions"}],"wp:featuredmedia":[{"embeddable":true,"href":"https:\/\/candas365.es\/noticias\/wp-json\/wp\/v2\/media\/171987"}],"wp:attachment":[{"href":"https:\/\/candas365.es\/noticias\/wp-json\/wp\/v2\/media?parent=171986"}],"wp:term":[{"taxonomy":"category","embeddable":true,"href":"https:\/\/candas365.es\/noticias\/wp-json\/wp\/v2\/categories?post=171986"},{"taxonomy":"post_tag","embeddable":true,"href":"https:\/\/candas365.es\/noticias\/wp-json\/wp\/v2\/tags?post=171986"}],"curies":[{"name":"wp","href":"https:\/\/api.w.org\/{rel}","templated":true}]}}