{"id":171909,"date":"2023-02-20T19:09:44","date_gmt":"2023-02-20T18:09:44","guid":{"rendered":"https:\/\/candas365.es\/noticias\/?p=171909"},"modified":"2023-02-20T19:10:15","modified_gmt":"2023-02-20T18:10:15","slug":"samana-sueno-caribeno-en-la-republica-dominicana","status":"publish","type":"post","link":"https:\/\/candas365.es\/noticias\/samana-sueno-caribeno-en-la-republica-dominicana\/","title":{"rendered":"Saman\u00e1, sue\u00f1o caribe\u00f1o en la Rep\u00fablica Dominicana"},"content":{"rendered":"<p>(dpa) &#8211; Saman\u00e1 es considerada uno de los secretos mejor guardados de la <span style=\"color: #ff6600;\"><strong><a style=\"color: #ff6600;\" href=\"https:\/\/es.wikipedia.org\/wiki\/Rep%C3%BAblica_Dominicana\" target=\"_blank\" rel=\"noopener\">Rep\u00fablica Dominicana<\/a><\/strong><\/span>: alejada del turismo de masas, <strong>la pen\u00ednsula del noreste ofrece naturaleza salvaje, pero tambi\u00e9n playas caribe\u00f1as de ensue\u00f1o, combinadas con el sabor de Bacard\u00ed.<\/strong><\/p>\n<figure id=\"attachment_171912\" aria-describedby=\"caption-attachment-171912\" style=\"width: 650px\" class=\"wp-caption aligncenter\"><img fetchpriority=\"high\" decoding=\"async\" class=\"wp-image-171912 size-large\" src=\"https:\/\/candas365.es\/noticias\/wp-content\/uploads\/2023\/02\/Samana-650x480.jpg\" alt=\"Saman\u00e1\" width=\"650\" height=\"480\" srcset=\"https:\/\/candas365.es\/noticias\/wp-content\/uploads\/2023\/02\/Samana-650x480.jpg 650w, https:\/\/candas365.es\/noticias\/wp-content\/uploads\/2023\/02\/Samana-360x266.jpg 360w, https:\/\/candas365.es\/noticias\/wp-content\/uploads\/2023\/02\/Samana-768x567.jpg 768w, https:\/\/candas365.es\/noticias\/wp-content\/uploads\/2023\/02\/Samana-150x111.jpg 150w, https:\/\/candas365.es\/noticias\/wp-content\/uploads\/2023\/02\/Samana-450x332.jpg 450w, https:\/\/candas365.es\/noticias\/wp-content\/uploads\/2023\/02\/Samana.jpg 892w\" sizes=\"(max-width: 650px) 100vw, 650px\" \/><figcaption id=\"caption-attachment-171912\" class=\"wp-caption-text\">Playa Rinc\u00f3n es de las m\u00e1s bellas de Saman\u00e1. Foto: Michael Juhran\/dpa<\/figcaption><\/figure>\n<p>Pedro avanza lentamente por el estrecho sendero, imperturbable, sin mirar ni a derecha ni a izquierda. Probablemente, este animal podr\u00eda recorrer el camino con los ojos cerrados. Si no fuera por las empinadas cuestas plagadas de piedras que exigen un juego de patas coordinado al subir y un paso cuidadoso al bajar.<\/p>\n<p>Este caballo posiblemente entienda que su cena nocturna ser\u00e1 especialmente generosa si conduce a su jinete con seguridad y suavidad por los <a href=\"https:\/\/candas365.es\/noticias\/category\/turismo\/\"><span style=\"color: #ff6600;\"><strong>senderos de trekking<\/strong><\/span><\/a> densamente bordeados de \u00e1rboles y matorrales.<\/p>\n<p>En realidad, pensamos llegar a pie a la cascada de El Lim\u00f3n. Pero justo al principio del sendero est\u00e1 la estaci\u00f3n de alquiler de caballos y, r\u00e1pidamente, nos convencen de que aceptemos la propuesta.<\/p>\n<p><strong>\u00bfQuiz\u00e1s el terreno sea dif\u00edcilmente transitable a pie despu\u00e9s de la lluvia de ayer? \u00abCon un caballo, avanza seguro por el camino\u00bb, promocionan los gu\u00edas<\/strong>. Y, adem\u00e1s, dicen que siempre se puede recorrer el sendero de vuelta por cuenta propia.<\/p>\n<p>El salto El Lim\u00f3n se encuentra ubicado en el coraz\u00f3n de Saman\u00e1. <strong>Esta pen\u00ednsula en el noreste de la Rep\u00fablica Dominicana ofrece mucho m\u00e1s que las playas que se extienden a lo largo de kil\u00f3metros, y donde se suceden las palmeras por las cuales se volvi\u00f3 famosa la naci\u00f3n caribe\u00f1a.<\/strong><\/p>\n<p>Luego de tres cuartos de hora, Pedro ya cumpli\u00f3 con su trabajo. Ahora ser\u00e1 necesario transitar a pie el \u00faltimo tramo del camino de bosque selv\u00e1tico.<\/p>\n<p>Primero se oye un potente rugido y luego la vista se abre hacia una cascada. Las masas de agua asemejan densos y largos hilos de telara\u00f1a mientras se precipitan por una pared rocosa, enmarcada por frondosas hojas verdes.<\/p>\n<p>El salto cae en una especie de piscina natural. El primer impulso es tirarse de cabeza a refrescarse. \u00bfQu\u00e9 puede haber m\u00e1s lindo en un clima tropical que un ba\u00f1o que baje la temperatura corporal?<\/p>\n<p>El siguiente punto del programa para el d\u00eda ser\u00eda en realidad la tirolesa de Samar\u00e1, que permite sobrevolar los \u00e1rboles a una velocidad de hasta 65 kil\u00f3metros por hora, colgando de una cuerda a hasta 100 metros de altura. Suena emocionante y se ve espectacular.<\/p>\n<p>Pero, quiz\u00e1s sea mejor probarla otro d\u00eda. Como el tiempo apremia, nos saltamos la aventura de la tirolesa y nos concentramos en un recorrido llamado \u00abMonkeyland\u00bb, con unas tres docenas de monos ardilla.<\/p>\n<p>Con papayas y sand\u00edas, el gu\u00eda Simson crea entusiasmo entre la multitud de monos que se abalanzan de repente sobre las frutas y convierten a los visitantes del parque en meros asientos de picnic. Cualquier superficie sirve como asiento, ya sea la cabeza, el hombro, el brazo o la c\u00e1mara de los turistas, lo que da lugar a algunas situaciones muy c\u00f3micas.<\/p>\n<p>Al arribar a Playa Rinc\u00f3n, nos queda absolutamente claro que Saman\u00e1 tambi\u00e9n dispone de unas playas de ensue\u00f1o. Sonidos de merengue nos llegan desde un peque\u00f1o restaurante, pero, aparte de un barco pesquero, apenas se ve gente en la bah\u00eda de tres kil\u00f3metros de largo.<\/p>\n<blockquote><p>\u00abEl panorama es distinto en el fin de semana\u00bb, dice Carlos Romero, quien trabaja en el ministerio de Turismo en pos del desarrollo de Saman\u00e1. \u00abEntonces es tiempo de fiesta para los j\u00f3venes y de picnic para las familias\u00bb, explica.<\/p><\/blockquote>\n<p>La amplia bah\u00eda, protegida del viento y con sus suaves arenas, se convierte entonces en un punto de encuentro para los lugare\u00f1os. Los vendedores de la playa ofrecen pan de coco y barbacoas, mientras que algunos ni\u00f1os hacen sus primeros intentos de nadar en un arroyo afluente y poco profundo.<\/p>\n<figure id=\"attachment_171910\" aria-describedby=\"caption-attachment-171910\" style=\"width: 650px\" class=\"wp-caption aligncenter\"><img decoding=\"async\" class=\"wp-image-171910 size-large\" src=\"https:\/\/candas365.es\/noticias\/wp-content\/uploads\/2023\/02\/Los-Haitises-650x480.jpg\" alt=\"Los Haitises\" width=\"650\" height=\"480\" srcset=\"https:\/\/candas365.es\/noticias\/wp-content\/uploads\/2023\/02\/Los-Haitises-650x480.jpg 650w, https:\/\/candas365.es\/noticias\/wp-content\/uploads\/2023\/02\/Los-Haitises-360x266.jpg 360w, https:\/\/candas365.es\/noticias\/wp-content\/uploads\/2023\/02\/Los-Haitises-768x567.jpg 768w, https:\/\/candas365.es\/noticias\/wp-content\/uploads\/2023\/02\/Los-Haitises-150x111.jpg 150w, https:\/\/candas365.es\/noticias\/wp-content\/uploads\/2023\/02\/Los-Haitises-450x332.jpg 450w, https:\/\/candas365.es\/noticias\/wp-content\/uploads\/2023\/02\/Los-Haitises.jpg 896w\" sizes=\"(max-width: 650px) 100vw, 650px\" \/><figcaption id=\"caption-attachment-171910\" class=\"wp-caption-text\">En el Parque Nacional Los Haitises crecen densos manglares. Foto: Michael Juhran\/dpa<\/figcaption><\/figure>\n<p>Otro d\u00eda, en Santa B\u00e1rbara de Saman\u00e1, hacemos un tour en catamar\u00e1n por el Parque Nacional Los Haitises. Tras 40 minutos en mar abierto, el barco serpentea por un paisaje repleto de escarpadas islas c\u00e1rsticas que sirven de nido a diversas especies de aves y de lugar protegido para criar a sus polluelos.<\/p>\n<p>Pel\u00edcanos, garzas y otras aves marinas pasan planeando cerca de los visitantes. Especialmente llamativos son los machos de fragata, que se\u00f1alan su disposici\u00f3n a aparearse con sus brillantes bolsas rojas en la garganta y compiten por el favor de las hembras. El catamar\u00e1n se detiene en una bah\u00eda bordeada de manglares.<\/p>\n<p>La propietaria de la agencia de excursiones, Ileana Messina, no pierde la oportunidad de acompa\u00f1ar personalmente a sus clientes por las grutas y la Cueva de la Arena, de casi un kil\u00f3metro de longitud.<\/p>\n<p><strong>La mujer explica los pictogramas, petroglifos y relieves que en su d\u00eda dejaron los ind\u00edgenas ta\u00ednos durante sus expediciones de pesca.<\/strong> Pr\u00e1cticamente ning\u00fan visitante se habr\u00eda esperado encontrar semejante universo de maravillas justo enfrente de las playas de palmeras.<\/p>\n<figure id=\"attachment_171911\" aria-describedby=\"caption-attachment-171911\" style=\"width: 650px\" class=\"wp-caption aligncenter\"><img decoding=\"async\" class=\"wp-image-171911 size-large\" src=\"https:\/\/candas365.es\/noticias\/wp-content\/uploads\/2023\/02\/Cayo-Levantado-650x367.jpg\" alt=\"Cayo Levantado\" width=\"650\" height=\"367\" srcset=\"https:\/\/candas365.es\/noticias\/wp-content\/uploads\/2023\/02\/Cayo-Levantado-650x367.jpg 650w, https:\/\/candas365.es\/noticias\/wp-content\/uploads\/2023\/02\/Cayo-Levantado-360x203.jpg 360w, https:\/\/candas365.es\/noticias\/wp-content\/uploads\/2023\/02\/Cayo-Levantado-768x434.jpg 768w, https:\/\/candas365.es\/noticias\/wp-content\/uploads\/2023\/02\/Cayo-Levantado-150x85.jpg 150w, https:\/\/candas365.es\/noticias\/wp-content\/uploads\/2023\/02\/Cayo-Levantado-450x254.jpg 450w, https:\/\/candas365.es\/noticias\/wp-content\/uploads\/2023\/02\/Cayo-Levantado.jpg 1105w\" sizes=\"(max-width: 650px) 100vw, 650px\" \/><figcaption id=\"caption-attachment-171911\" class=\"wp-caption-text\">Cayo Levantado se vende como \u00abisla Bacardi\u00bb. Foto: Michael Juhran\/dpa<\/figcaption><\/figure>\n<p>En el viaje de vuelta, <strong>la tripulaci\u00f3n del barco aviva el relajado ambiente a bordo sirviendo ron con cola y tambi\u00e9n <a href=\"https:\/\/eldigitaldeasturias.com\/magazine365\/category\/sabores\/\" target=\"_blank\" rel=\"noopener\"><span style=\"color: #ff6600;\">carne de coco<\/span><\/a><\/strong>, lo que hace que la traves\u00eda hasta la isla de Cayo Levantado sea muy entretenida.<\/p>\n<blockquote><p>De hecho, se la vende como \u00abisla Bacard\u00ed\u00bb. Aqu\u00ed, entre palmeras, arena blanca como la nieve y aguas azul turquesa, se asegura que se rodaron anuncios para la productora de ron en 1970.<\/p><\/blockquote>\n<p>Los pasajeros tambi\u00e9n sienten algo parecido a una sensaci\u00f3n Bacard\u00ed: al menos, el ron servido en el barco abre el apetito para el almuerzo playero en la isla.<\/p>\n<h2>Informaci\u00f3n sobre Saman\u00e1<\/h2>\n<p>Llegada: los vuelos llegan a Santo Domingo, y desde all\u00ed son dos horas en veh\u00edculo de alquiler o en bus hasta Saman\u00e1.<\/p>\n<p>\u00c9poca ideal para una visita:<strong> Saman\u00e1 es un destino para todo el a\u00f1o, con <a href=\"https:\/\/www.eldigitaldeasturias.com\/noticias\/category\/el-tiempo\/\" target=\"_blank\" rel=\"noopener\"><span style=\"color: #ff6600;\">temperaturas<\/span><\/a> tropicales casi constantes en torno a los 30 grados<\/strong>. Especialmente populares son los meses de enero a junio, cuando llueve menos.<\/p>\n<p>M\u00e1s informaci\u00f3n: www.godominicanrepublic.com<\/p>\n<p><i class=\"lang-es\"><span class=\" readonly\" title=\"\">Por Michael Juhran (dpa)<\/span><\/i><\/p>\n","protected":false},"excerpt":{"rendered":"<p>(dpa) &#8211; Saman\u00e1 es considerada uno de los secretos mejor guardados de la Rep\u00fablica Dominicana: alejada del turismo de masas, la pen\u00ednsula del noreste ofrece naturaleza salvaje, pero tambi\u00e9n playas caribe\u00f1as de ensue\u00f1o, combinadas con el sabor de Bacard\u00ed. Pedro avanza lentamente por el estrecho sendero, imperturbable, sin mirar ni a derecha ni a izquierda.<\/p>\n","protected":false},"author":1,"featured_media":171912,"comment_status":"closed","ping_status":"closed","sticky":false,"template":"","format":"standard","meta":{"footnotes":""},"categories":[359],"tags":[412,411],"class_list":{"0":"post-171909","1":"post","2":"type-post","3":"status-publish","4":"format-standard","5":"has-post-thumbnail","7":"category-turismo","8":"tag-turismo","9":"tag-viajes"},"aioseo_notices":[],"aioseo_head":"\n\t\t<!-- All in One SEO Pro 4.9.6.2 - aioseo.com -->\n\t<meta name=\"description\" content=\"(dpa) - Saman\u00e1 es considerada uno de los secretos mejor guardados de la Rep\u00fablica Dominicana: alejada del turismo de masas, la pen\u00ednsula del noreste\" \/>\n\t<meta name=\"robots\" content=\"max-image-preview:large\" \/>\n\t<meta name=\"author\" content=\"Cand\u00e1s 365\"\/>\n\t<meta name=\"google-site-verification\" content=\"UA-32230408-1\" \/>\n\t<meta name=\"msvalidate.01\" content=\"354F3CDFB2DA171B47FBE9ABF1F88D5\" \/>\n\t<meta name=\"keywords\" content=\"turismo\" \/>\n\t<link rel=\"canonical\" href=\"https:\/\/candas365.es\/noticias\/samana-sueno-caribeno-en-la-republica-dominicana\/\" \/>\n\t<meta name=\"generator\" content=\"All in One SEO Pro (AIOSEO) 4.9.6.2\" \/>\n\t\t<meta property=\"og:locale\" content=\"es_ES\" \/>\n\t\t<meta property=\"og:site_name\" content=\"Cand\u00e1s 365\" \/>\n\t\t<meta property=\"og:type\" content=\"article\" \/>\n\t\t<meta property=\"og:title\" content=\"Saman\u00e1, sue\u00f1o caribe\u00f1o en la Rep\u00fablica Dominicana | Cand\u00e1s 365\" \/>\n\t\t<meta property=\"og:description\" content=\"(dpa) - Saman\u00e1 es considerada uno de los secretos mejor guardados de la Rep\u00fablica Dominicana: alejada del turismo de masas, la pen\u00ednsula del noreste\" \/>\n\t\t<meta property=\"og:url\" content=\"https:\/\/candas365.es\/noticias\/samana-sueno-caribeno-en-la-republica-dominicana\/\" \/>\n\t\t<meta property=\"og:image\" content=\"https:\/\/candas365.es\/noticias\/wp-content\/uploads\/2023\/02\/Samana.jpg\" \/>\n\t\t<meta property=\"og:image:secure_url\" content=\"https:\/\/candas365.es\/noticias\/wp-content\/uploads\/2023\/02\/Samana.jpg\" \/>\n\t\t<meta property=\"og:image:width\" content=\"892\" \/>\n\t\t<meta property=\"og:image:height\" content=\"659\" \/>\n\t\t<meta property=\"article:published_time\" content=\"2023-02-20T18:09:44+00:00\" \/>\n\t\t<meta property=\"article:modified_time\" content=\"2023-02-20T18:10:15+00:00\" \/>\n\t\t<meta property=\"article:publisher\" content=\"https:\/\/www.facebook.com\/Nachofdezber\" \/>\n\t\t<meta property=\"article:author\" content=\"https:\/\/www.facebook.com\/carrenoactualidad\" \/>\n\t\t<meta name=\"twitter:card\" content=\"summary_large_image\" \/>\n\t\t<meta name=\"twitter:site\" content=\"@NabercoDigital\" \/>\n\t\t<meta name=\"twitter:title\" content=\"Saman\u00e1, sue\u00f1o caribe\u00f1o en la Rep\u00fablica Dominicana | Cand\u00e1s 365\" \/>\n\t\t<meta name=\"twitter:description\" content=\"(dpa) - Saman\u00e1 es considerada uno de los secretos mejor guardados de la Rep\u00fablica Dominicana: alejada del turismo de masas, la pen\u00ednsula del noreste\" \/>\n\t\t<meta name=\"twitter:creator\" content=\"@nbasturias\" \/>\n\t\t<meta name=\"twitter:image\" content=\"https:\/\/candas365.es\/noticias\/wp-content\/uploads\/2023\/02\/Samana.jpg\" \/>\n\t\t<meta name=\"twitter:label1\" content=\"Escrito por\" \/>\n\t\t<meta name=\"twitter:data1\" content=\"Cand\u00e1s 365\" \/>\n\t\t<meta name=\"twitter:label2\" content=\"Tiempo de lectura estimado\" \/>\n\t\t<meta name=\"twitter:data2\" content=\"5 minutos\" \/>\n\t\t<script type=\"application\/ld+json\" class=\"aioseo-schema\">\n\t\t\t{\"@context\":\"https:\\\/\\\/schema.org\",\"@graph\":[{\"@type\":\"BreadcrumbList\",\"@id\":\"https:\\\/\\\/candas365.es\\\/noticias\\\/samana-sueno-caribeno-en-la-republica-dominicana\\\/#breadcrumblist\",\"itemListElement\":[{\"@type\":\"ListItem\",\"@id\":\"https:\\\/\\\/candas365.es\\\/noticias#listItem\",\"position\":1,\"name\":\"Home\",\"item\":\"https:\\\/\\\/candas365.es\\\/noticias\",\"nextItem\":{\"@type\":\"ListItem\",\"@id\":\"https:\\\/\\\/candas365.es\\\/noticias\\\/category\\\/turismo\\\/#listItem\",\"name\":\"Turismo\"}},{\"@type\":\"ListItem\",\"@id\":\"https:\\\/\\\/candas365.es\\\/noticias\\\/category\\\/turismo\\\/#listItem\",\"position\":2,\"name\":\"Turismo\",\"item\":\"https:\\\/\\\/candas365.es\\\/noticias\\\/category\\\/turismo\\\/\",\"nextItem\":{\"@type\":\"ListItem\",\"@id\":\"https:\\\/\\\/candas365.es\\\/noticias\\\/samana-sueno-caribeno-en-la-republica-dominicana\\\/#listItem\",\"name\":\"Saman\\u00e1, sue\\u00f1o caribe\\u00f1o en la Rep\\u00fablica Dominicana\"},\"previousItem\":{\"@type\":\"ListItem\",\"@id\":\"https:\\\/\\\/candas365.es\\\/noticias#listItem\",\"name\":\"Home\"}},{\"@type\":\"ListItem\",\"@id\":\"https:\\\/\\\/candas365.es\\\/noticias\\\/samana-sueno-caribeno-en-la-republica-dominicana\\\/#listItem\",\"position\":3,\"name\":\"Saman\\u00e1, sue\\u00f1o caribe\\u00f1o en la Rep\\u00fablica Dominicana\",\"previousItem\":{\"@type\":\"ListItem\",\"@id\":\"https:\\\/\\\/candas365.es\\\/noticias\\\/category\\\/turismo\\\/#listItem\",\"name\":\"Turismo\"}}]},{\"@type\":\"NewsArticle\",\"@id\":\"https:\\\/\\\/candas365.es\\\/noticias\\\/samana-sueno-caribeno-en-la-republica-dominicana\\\/#newsarticle\",\"name\":\"Saman\\u00e1, sue\\u00f1o caribe\\u00f1o en la Rep\\u00fablica Dominicana | Cand\\u00e1s 365\",\"headline\":\"Saman\\u00e1, sue\\u00f1o caribe\\u00f1o en la Rep\\u00fablica Dominicana\",\"author\":{\"@id\":\"https:\\\/\\\/candas365.es\\\/noticias\\\/author\\\/admin\\\/#author\"},\"publisher\":{\"@id\":\"https:\\\/\\\/candas365.es\\\/noticias\\\/#organization\"},\"image\":{\"@type\":\"ImageObject\",\"url\":\"https:\\\/\\\/candas365.es\\\/noticias\\\/wp-content\\\/uploads\\\/2023\\\/02\\\/Samana.jpg\",\"width\":892,\"height\":659,\"caption\":\"Playa Rinc\\u00f3n es de las m\\u00e1s bellas de Saman\\u00e1. Foto: Michael Juhran\\\/dpa\"},\"datePublished\":\"2023-02-20T19:09:44+01:00\",\"dateModified\":\"2023-02-20T19:10:15+01:00\",\"inLanguage\":\"es-ES\",\"mainEntityOfPage\":{\"@id\":\"https:\\\/\\\/candas365.es\\\/noticias\\\/samana-sueno-caribeno-en-la-republica-dominicana\\\/#webpage\"},\"isPartOf\":{\"@id\":\"https:\\\/\\\/candas365.es\\\/noticias\\\/samana-sueno-caribeno-en-la-republica-dominicana\\\/#webpage\"},\"articleSection\":\"Turismo, turismo, viajes\",\"dateline\":\"Publicado el febrero 20, 2023.\"},{\"@type\":\"Organization\",\"@id\":\"https:\\\/\\\/candas365.es\\\/noticias\\\/#organization\",\"name\":\"Cand\\u00e1s 365\",\"description\":\"Cand\\u00e1s 365 es un diario digital independiente, fundado en 2012, con base en Asturias. Informamos con rigor sobre actualidad, sociedad, cultura y ocio, con una mirada local y global.\",\"url\":\"https:\\\/\\\/candas365.es\\\/noticias\\\/\",\"email\":\"info@candas365.es\",\"telephone\":\"+34652131393\",\"foundingDate\":\"2012-06-10\",\"logo\":{\"@type\":\"ImageObject\",\"url\":\"https:\\\/\\\/candas365.es\\\/noticias\\\/wp-content\\\/uploads\\\/2024\\\/09\\\/Candas-365-Redes.jpg\",\"@id\":\"https:\\\/\\\/candas365.es\\\/noticias\\\/samana-sueno-caribeno-en-la-republica-dominicana\\\/#organizationLogo\",\"width\":1152,\"height\":864,\"caption\":\"Cand\\u00e1s 365 Redes\"},\"image\":{\"@id\":\"https:\\\/\\\/candas365.es\\\/noticias\\\/samana-sueno-caribeno-en-la-republica-dominicana\\\/#organizationLogo\"},\"sameAs\":[\"https:\\\/\\\/www.facebook.com\\\/Nachofdezber\",\"https:\\\/\\\/x.com\\\/NabercoDigital\",\"https:\\\/\\\/www.instagram.com\\\/nachofdezber\\\/\",\"https:\\\/\\\/www.youtube.com\\\/channel\\\/UCZP-2wLEB9Rv6erhFmqVnvg\"],\"address\":{\"@id\":\"https:\\\/\\\/candas365.es\\\/noticias\\\/#postaladdress\",\"@type\":\"PostalAddress\",\"streetAddress\":\"san antonio 4, san antonio 4\",\"postalCode\":\"33430\",\"addressLocality\":\"Cand\\u00e1s\",\"addressRegion\":\"Asturias\",\"addressCountry\":\"ES\"}},{\"@type\":\"Person\",\"@id\":\"https:\\\/\\\/candas365.es\\\/noticias\\\/author\\\/admin\\\/#author\",\"url\":\"https:\\\/\\\/candas365.es\\\/noticias\\\/author\\\/admin\\\/\",\"name\":\"Cand\\u00e1s 365\",\"image\":{\"@type\":\"ImageObject\",\"@id\":\"https:\\\/\\\/candas365.es\\\/noticias\\\/samana-sueno-caribeno-en-la-republica-dominicana\\\/#authorImage\",\"url\":\"https:\\\/\\\/secure.gravatar.com\\\/avatar\\\/496a8e03d0c493ede1718b7934145dbdf8d89be1036b0eec9544e1094c9de390?s=96&d=mm&r=g\",\"width\":96,\"height\":96,\"caption\":\"Cand\\u00e1s 365\"},\"sameAs\":[\"https:\\\/\\\/www.facebook.com\\\/carrenoactualidad\",\"https:\\\/\\\/twitter.com\\\/nbasturias\",\"https:\\\/\\\/www.instagram.com\\\/nachofdezber\\\/\",\"https:\\\/\\\/www.youtube.com\\\/channel\\\/UCZP-2wLEB9Rv6erhFmqVnvg\"]},{\"@type\":\"WebPage\",\"@id\":\"https:\\\/\\\/candas365.es\\\/noticias\\\/samana-sueno-caribeno-en-la-republica-dominicana\\\/#webpage\",\"url\":\"https:\\\/\\\/candas365.es\\\/noticias\\\/samana-sueno-caribeno-en-la-republica-dominicana\\\/\",\"name\":\"Saman\\u00e1, sue\\u00f1o caribe\\u00f1o en la Rep\\u00fablica Dominicana | Cand\\u00e1s 365\",\"description\":\"(dpa) - Saman\\u00e1 es considerada uno de los secretos mejor guardados de la Rep\\u00fablica Dominicana: alejada del turismo de masas, la pen\\u00ednsula del noreste\",\"inLanguage\":\"es-ES\",\"isPartOf\":{\"@id\":\"https:\\\/\\\/candas365.es\\\/noticias\\\/#website\"},\"breadcrumb\":{\"@id\":\"https:\\\/\\\/candas365.es\\\/noticias\\\/samana-sueno-caribeno-en-la-republica-dominicana\\\/#breadcrumblist\"},\"author\":{\"@id\":\"https:\\\/\\\/candas365.es\\\/noticias\\\/author\\\/admin\\\/#author\"},\"creator\":{\"@id\":\"https:\\\/\\\/candas365.es\\\/noticias\\\/author\\\/admin\\\/#author\"},\"image\":{\"@type\":\"ImageObject\",\"url\":\"https:\\\/\\\/candas365.es\\\/noticias\\\/wp-content\\\/uploads\\\/2023\\\/02\\\/Samana.jpg\",\"@id\":\"https:\\\/\\\/candas365.es\\\/noticias\\\/samana-sueno-caribeno-en-la-republica-dominicana\\\/#mainImage\",\"width\":892,\"height\":659,\"caption\":\"Playa Rinc\\u00f3n es de las m\\u00e1s bellas de Saman\\u00e1. Foto: Michael Juhran\\\/dpa\"},\"primaryImageOfPage\":{\"@id\":\"https:\\\/\\\/candas365.es\\\/noticias\\\/samana-sueno-caribeno-en-la-republica-dominicana\\\/#mainImage\"},\"datePublished\":\"2023-02-20T19:09:44+01:00\",\"dateModified\":\"2023-02-20T19:10:15+01:00\"},{\"@type\":\"WebSite\",\"@id\":\"https:\\\/\\\/candas365.es\\\/noticias\\\/#website\",\"url\":\"https:\\\/\\\/candas365.es\\\/noticias\\\/\",\"name\":\"Cand\\u00e1s 365\",\"alternateName\":\"Cand\\u00e1s 365 Noticias\",\"description\":\"Actualidad desde Carre\\u00f1o para el mundo\",\"inLanguage\":\"es-ES\",\"publisher\":{\"@id\":\"https:\\\/\\\/candas365.es\\\/noticias\\\/#organization\"}}]}\n\t\t<\/script>\n\t\t<!-- All in One SEO Pro -->\r\n\t\t<title>Saman\u00e1, sue\u00f1o caribe\u00f1o en la Rep\u00fablica Dominicana | Cand\u00e1s 365<\/title>\n\n","aioseo_head_json":{"title":"Saman\u00e1, sue\u00f1o caribe\u00f1o en la Rep\u00fablica Dominicana | Cand\u00e1s 365","description":"(dpa) - Saman\u00e1 es considerada uno de los secretos mejor guardados de la Rep\u00fablica Dominicana: alejada del turismo de masas, la pen\u00ednsula del noreste","canonical_url":"https:\/\/candas365.es\/noticias\/samana-sueno-caribeno-en-la-republica-dominicana\/","robots":"max-image-preview:large","keywords":"turismo","webmasterTools":{"google-site-verification":"UA-32230408-1","msvalidate.01":"354F3CDFB2DA171B47FBE9ABF1F88D5","miscellaneous":""},"schema":{"@context":"https:\/\/schema.org","@graph":[{"@type":"BreadcrumbList","@id":"https:\/\/candas365.es\/noticias\/samana-sueno-caribeno-en-la-republica-dominicana\/#breadcrumblist","itemListElement":[{"@type":"ListItem","@id":"https:\/\/candas365.es\/noticias#listItem","position":1,"name":"Home","item":"https:\/\/candas365.es\/noticias","nextItem":{"@type":"ListItem","@id":"https:\/\/candas365.es\/noticias\/category\/turismo\/#listItem","name":"Turismo"}},{"@type":"ListItem","@id":"https:\/\/candas365.es\/noticias\/category\/turismo\/#listItem","position":2,"name":"Turismo","item":"https:\/\/candas365.es\/noticias\/category\/turismo\/","nextItem":{"@type":"ListItem","@id":"https:\/\/candas365.es\/noticias\/samana-sueno-caribeno-en-la-republica-dominicana\/#listItem","name":"Saman\u00e1, sue\u00f1o caribe\u00f1o en la Rep\u00fablica Dominicana"},"previousItem":{"@type":"ListItem","@id":"https:\/\/candas365.es\/noticias#listItem","name":"Home"}},{"@type":"ListItem","@id":"https:\/\/candas365.es\/noticias\/samana-sueno-caribeno-en-la-republica-dominicana\/#listItem","position":3,"name":"Saman\u00e1, sue\u00f1o caribe\u00f1o en la Rep\u00fablica Dominicana","previousItem":{"@type":"ListItem","@id":"https:\/\/candas365.es\/noticias\/category\/turismo\/#listItem","name":"Turismo"}}]},{"@type":"NewsArticle","@id":"https:\/\/candas365.es\/noticias\/samana-sueno-caribeno-en-la-republica-dominicana\/#newsarticle","name":"Saman\u00e1, sue\u00f1o caribe\u00f1o en la Rep\u00fablica Dominicana | Cand\u00e1s 365","headline":"Saman\u00e1, sue\u00f1o caribe\u00f1o en la Rep\u00fablica Dominicana","author":{"@id":"https:\/\/candas365.es\/noticias\/author\/admin\/#author"},"publisher":{"@id":"https:\/\/candas365.es\/noticias\/#organization"},"image":{"@type":"ImageObject","url":"https:\/\/candas365.es\/noticias\/wp-content\/uploads\/2023\/02\/Samana.jpg","width":892,"height":659,"caption":"Playa Rinc\u00f3n es de las m\u00e1s bellas de Saman\u00e1. Foto: Michael Juhran\/dpa"},"datePublished":"2023-02-20T19:09:44+01:00","dateModified":"2023-02-20T19:10:15+01:00","inLanguage":"es-ES","mainEntityOfPage":{"@id":"https:\/\/candas365.es\/noticias\/samana-sueno-caribeno-en-la-republica-dominicana\/#webpage"},"isPartOf":{"@id":"https:\/\/candas365.es\/noticias\/samana-sueno-caribeno-en-la-republica-dominicana\/#webpage"},"articleSection":"Turismo, turismo, viajes","dateline":"Publicado el febrero 20, 2023."},{"@type":"Organization","@id":"https:\/\/candas365.es\/noticias\/#organization","name":"Cand\u00e1s 365","description":"Cand\u00e1s 365 es un diario digital independiente, fundado en 2012, con base en Asturias. Informamos con rigor sobre actualidad, sociedad, cultura y ocio, con una mirada local y global.","url":"https:\/\/candas365.es\/noticias\/","email":"info@candas365.es","telephone":"+34652131393","foundingDate":"2012-06-10","logo":{"@type":"ImageObject","url":"https:\/\/candas365.es\/noticias\/wp-content\/uploads\/2024\/09\/Candas-365-Redes.jpg","@id":"https:\/\/candas365.es\/noticias\/samana-sueno-caribeno-en-la-republica-dominicana\/#organizationLogo","width":1152,"height":864,"caption":"Cand\u00e1s 365 Redes"},"image":{"@id":"https:\/\/candas365.es\/noticias\/samana-sueno-caribeno-en-la-republica-dominicana\/#organizationLogo"},"sameAs":["https:\/\/www.facebook.com\/Nachofdezber","https:\/\/x.com\/NabercoDigital","https:\/\/www.instagram.com\/nachofdezber\/","https:\/\/www.youtube.com\/channel\/UCZP-2wLEB9Rv6erhFmqVnvg"],"address":{"@id":"https:\/\/candas365.es\/noticias\/#postaladdress","@type":"PostalAddress","streetAddress":"san antonio 4, san antonio 4","postalCode":"33430","addressLocality":"Cand\u00e1s","addressRegion":"Asturias","addressCountry":"ES"}},{"@type":"Person","@id":"https:\/\/candas365.es\/noticias\/author\/admin\/#author","url":"https:\/\/candas365.es\/noticias\/author\/admin\/","name":"Cand\u00e1s 365","image":{"@type":"ImageObject","@id":"https:\/\/candas365.es\/noticias\/samana-sueno-caribeno-en-la-republica-dominicana\/#authorImage","url":"https:\/\/secure.gravatar.com\/avatar\/496a8e03d0c493ede1718b7934145dbdf8d89be1036b0eec9544e1094c9de390?s=96&d=mm&r=g","width":96,"height":96,"caption":"Cand\u00e1s 365"},"sameAs":["https:\/\/www.facebook.com\/carrenoactualidad","https:\/\/twitter.com\/nbasturias","https:\/\/www.instagram.com\/nachofdezber\/","https:\/\/www.youtube.com\/channel\/UCZP-2wLEB9Rv6erhFmqVnvg"]},{"@type":"WebPage","@id":"https:\/\/candas365.es\/noticias\/samana-sueno-caribeno-en-la-republica-dominicana\/#webpage","url":"https:\/\/candas365.es\/noticias\/samana-sueno-caribeno-en-la-republica-dominicana\/","name":"Saman\u00e1, sue\u00f1o caribe\u00f1o en la Rep\u00fablica Dominicana | Cand\u00e1s 365","description":"(dpa) - Saman\u00e1 es considerada uno de los secretos mejor guardados de la Rep\u00fablica Dominicana: alejada del turismo de masas, la pen\u00ednsula del noreste","inLanguage":"es-ES","isPartOf":{"@id":"https:\/\/candas365.es\/noticias\/#website"},"breadcrumb":{"@id":"https:\/\/candas365.es\/noticias\/samana-sueno-caribeno-en-la-republica-dominicana\/#breadcrumblist"},"author":{"@id":"https:\/\/candas365.es\/noticias\/author\/admin\/#author"},"creator":{"@id":"https:\/\/candas365.es\/noticias\/author\/admin\/#author"},"image":{"@type":"ImageObject","url":"https:\/\/candas365.es\/noticias\/wp-content\/uploads\/2023\/02\/Samana.jpg","@id":"https:\/\/candas365.es\/noticias\/samana-sueno-caribeno-en-la-republica-dominicana\/#mainImage","width":892,"height":659,"caption":"Playa Rinc\u00f3n es de las m\u00e1s bellas de Saman\u00e1. Foto: Michael Juhran\/dpa"},"primaryImageOfPage":{"@id":"https:\/\/candas365.es\/noticias\/samana-sueno-caribeno-en-la-republica-dominicana\/#mainImage"},"datePublished":"2023-02-20T19:09:44+01:00","dateModified":"2023-02-20T19:10:15+01:00"},{"@type":"WebSite","@id":"https:\/\/candas365.es\/noticias\/#website","url":"https:\/\/candas365.es\/noticias\/","name":"Cand\u00e1s 365","alternateName":"Cand\u00e1s 365 Noticias","description":"Actualidad desde Carre\u00f1o para el mundo","inLanguage":"es-ES","publisher":{"@id":"https:\/\/candas365.es\/noticias\/#organization"}}]},"og:locale":"es_ES","og:site_name":"Cand\u00e1s 365","og:type":"article","og:title":"Saman\u00e1, sue\u00f1o caribe\u00f1o en la Rep\u00fablica Dominicana | Cand\u00e1s 365","og:description":"(dpa) - Saman\u00e1 es considerada uno de los secretos mejor guardados de la Rep\u00fablica Dominicana: alejada del turismo de masas, la pen\u00ednsula del noreste","og:url":"https:\/\/candas365.es\/noticias\/samana-sueno-caribeno-en-la-republica-dominicana\/","og:image":"https:\/\/candas365.es\/noticias\/wp-content\/uploads\/2023\/02\/Samana.jpg","og:image:secure_url":"https:\/\/candas365.es\/noticias\/wp-content\/uploads\/2023\/02\/Samana.jpg","og:image:width":892,"og:image:height":659,"article:published_time":"2023-02-20T18:09:44+00:00","article:modified_time":"2023-02-20T18:10:15+00:00","article:publisher":"https:\/\/www.facebook.com\/Nachofdezber","article:author":"https:\/\/www.facebook.com\/carrenoactualidad","twitter:card":"summary_large_image","twitter:site":"@NabercoDigital","twitter:title":"Saman\u00e1, sue\u00f1o caribe\u00f1o en la Rep\u00fablica Dominicana | Cand\u00e1s 365","twitter:description":"(dpa) - Saman\u00e1 es considerada uno de los secretos mejor guardados de la Rep\u00fablica Dominicana: alejada del turismo de masas, la pen\u00ednsula del noreste","twitter:creator":"@nbasturias","twitter:image":"https:\/\/candas365.es\/noticias\/wp-content\/uploads\/2023\/02\/Samana.jpg","twitter:label1":"Escrito por","twitter:data1":"Cand\u00e1s 365","twitter:label2":"Tiempo de lectura estimado","twitter:data2":"5 minutos"},"aioseo_meta_data":{"post_id":"171909","title":null,"description":"(dpa) - Saman\u00e1 es considerada uno de los secretos mejor guardados de la Rep\u00fablica Dominicana: alejada del turismo de masas, la pen\u00ednsula del noreste","keywords":[],"keyphrases":{"focus":{"keyphrase":"Saman\u00e1","score":100,"analysis":{"keyphraseInTitle":{"score":9,"maxScore":9,"error":0},"keyphraseInDescription":{"score":9,"maxScore":9,"error":0},"keyphraseLength":{"score":9,"maxScore":9,"error":0,"length":1},"keyphraseInURL":{"score":5,"maxScore":5,"error":0},"keyphraseInIntroduction":{"score":9,"maxScore":9,"error":0},"keyphraseInSubHeadings":{"score":9,"maxScore":9,"error":0},"keyphraseInImageAlt":{"score":9,"maxScore":9,"error":0}}},"additional":[{"keyphrase":" turismo ","score":100,"analysis":{"keyphraseInDescription":{"score":9,"maxScore":9,"error":0},"keyphraseLength":{"score":9,"maxScore":9,"error":0,"length":1},"keyphraseInIntroduction":{"score":9,"maxScore":9,"error":0},"keyphraseInImageAlt":{"score":9,"maxScore":9,"error":0}}},{"keyphrase":"Rep\u00fablica Dominicana","score":83,"analysis":{"keyphraseInDescription":{"score":9,"maxScore":9,"error":0},"keyphraseLength":{"score":9,"maxScore":9,"error":0,"length":2},"keyphraseInIntroduction":{"score":9,"maxScore":9,"error":0},"keyphraseInImageAlt":{"score":3,"maxScore":9,"error":1}}}]},"primary_term":null,"canonical_url":null,"og_title":null,"og_description":null,"og_object_type":"default","og_image_type":"default","og_image_url":null,"og_image_width":null,"og_image_height":null,"og_image_custom_url":null,"og_image_custom_fields":null,"og_video":"","og_custom_url":null,"og_article_section":null,"og_article_tags":[],"twitter_use_og":false,"twitter_card":"default","twitter_image_type":"default","twitter_image_url":null,"twitter_image_custom_url":null,"twitter_image_custom_fields":null,"twitter_title":null,"twitter_description":null,"schema":{"blockGraphs":[],"customGraphs":[],"default":{"data":{"Article":[],"Course":[],"Dataset":[],"FAQPage":[],"Movie":[],"Person":[],"Product":[],"ProductReview":[],"Car":[],"Recipe":[],"Service":[],"SoftwareApplication":[],"WebPage":[]},"graphName":"Article","isEnabled":true},"graphs":[]},"schema_type":"default","schema_type_options":null,"pillar_content":false,"robots_default":true,"robots_noindex":false,"robots_noarchive":false,"robots_nosnippet":false,"robots_nofollow":false,"robots_noimageindex":false,"robots_noodp":false,"robots_notranslate":false,"robots_max_snippet":"-1","robots_max_videopreview":"-1","robots_max_imagepreview":"large","priority":null,"frequency":"default","location":null,"local_seo":null,"seo_analyzer_scan_date":"2025-09-01 19:04:14","breadcrumb_settings":null,"limit_modified_date":false,"reviewed_by":null,"open_ai":null,"ai":null,"created":"2023-02-20 17:53:38","updated":"2025-09-01 19:04:14"},"aioseo_breadcrumb":"<div class=\"aioseo-breadcrumbs\"><span class=\"aioseo-breadcrumb\">\n\t<a href=\"https:\/\/candas365.es\/noticias\" title=\"Home\">Home<\/a>\n<\/span><span class=\"aioseo-breadcrumb-separator\">&ndash;<\/span><span class=\"aioseo-breadcrumb\">\n\t<a href=\"https:\/\/candas365.es\/noticias\/category\/turismo\/\" title=\"Turismo\">Turismo<\/a>\n<\/span><span class=\"aioseo-breadcrumb-separator\">&ndash;<\/span><span class=\"aioseo-breadcrumb\">\n\tSaman\u00e1, sue\u00f1o caribe\u00f1o en la Rep\u00fablica Dominicana\n<\/span><\/div>","aioseo_breadcrumb_json":[{"label":"Home","link":"https:\/\/candas365.es\/noticias"},{"label":"Turismo","link":"https:\/\/candas365.es\/noticias\/category\/turismo\/"},{"label":"Saman\u00e1, sue\u00f1o caribe\u00f1o en la Rep\u00fablica Dominicana","link":"https:\/\/candas365.es\/noticias\/samana-sueno-caribeno-en-la-republica-dominicana\/"}],"_links":{"self":[{"href":"https:\/\/candas365.es\/noticias\/wp-json\/wp\/v2\/posts\/171909","targetHints":{"allow":["GET"]}}],"collection":[{"href":"https:\/\/candas365.es\/noticias\/wp-json\/wp\/v2\/posts"}],"about":[{"href":"https:\/\/candas365.es\/noticias\/wp-json\/wp\/v2\/types\/post"}],"author":[{"embeddable":true,"href":"https:\/\/candas365.es\/noticias\/wp-json\/wp\/v2\/users\/1"}],"replies":[{"embeddable":true,"href":"https:\/\/candas365.es\/noticias\/wp-json\/wp\/v2\/comments?post=171909"}],"version-history":[{"count":0,"href":"https:\/\/candas365.es\/noticias\/wp-json\/wp\/v2\/posts\/171909\/revisions"}],"wp:featuredmedia":[{"embeddable":true,"href":"https:\/\/candas365.es\/noticias\/wp-json\/wp\/v2\/media\/171912"}],"wp:attachment":[{"href":"https:\/\/candas365.es\/noticias\/wp-json\/wp\/v2\/media?parent=171909"}],"wp:term":[{"taxonomy":"category","embeddable":true,"href":"https:\/\/candas365.es\/noticias\/wp-json\/wp\/v2\/categories?post=171909"},{"taxonomy":"post_tag","embeddable":true,"href":"https:\/\/candas365.es\/noticias\/wp-json\/wp\/v2\/tags?post=171909"}],"curies":[{"name":"wp","href":"https:\/\/api.w.org\/{rel}","templated":true}]}}