{"id":171857,"date":"2023-02-15T03:20:06","date_gmt":"2023-02-15T02:20:06","guid":{"rendered":"https:\/\/candas365.es\/noticias\/?p=171857"},"modified":"2023-02-15T03:20:06","modified_gmt":"2023-02-15T02:20:06","slug":"estos-son-los-sintomas-de-la-enfermedad-de-graves-basedow","status":"publish","type":"post","link":"https:\/\/candas365.es\/noticias\/estos-son-los-sintomas-de-la-enfermedad-de-graves-basedow\/","title":{"rendered":"Estos son los s\u00edntomas de la enfermedad de Graves-Basedow"},"content":{"rendered":"<p>(dpa) &#8211; La <a href=\"https:\/\/candas365.es\/noticias\/category\/salud\/\"><span style=\"color: #ff6600;\"><strong>enfermedad<\/strong><\/span><\/a> autoinmune de Graves-Basedow muchas veces no se reconoce directamente, alertan los expertos. Aqu\u00ed ofrecemos un panorama de esta enfermedad de la tiroides y de c\u00f3mo se manifiesta.<\/p>\n<figure id=\"attachment_171858\" aria-describedby=\"caption-attachment-171858\" style=\"width: 650px\" class=\"wp-caption aligncenter\"><img fetchpriority=\"high\" decoding=\"async\" class=\"wp-image-171858 size-large\" src=\"https:\/\/candas365.es\/noticias\/wp-content\/uploads\/2023\/02\/Graves-Basedow-650x434.jpg\" alt=\"Graves-Basedow\" width=\"650\" height=\"434\" srcset=\"https:\/\/candas365.es\/noticias\/wp-content\/uploads\/2023\/02\/Graves-Basedow-650x434.jpg 650w, https:\/\/candas365.es\/noticias\/wp-content\/uploads\/2023\/02\/Graves-Basedow-360x240.jpg 360w, https:\/\/candas365.es\/noticias\/wp-content\/uploads\/2023\/02\/Graves-Basedow-768x513.jpg 768w, https:\/\/candas365.es\/noticias\/wp-content\/uploads\/2023\/02\/Graves-Basedow-150x100.jpg 150w, https:\/\/candas365.es\/noticias\/wp-content\/uploads\/2023\/02\/Graves-Basedow-450x300.jpg 450w, https:\/\/candas365.es\/noticias\/wp-content\/uploads\/2023\/02\/Graves-Basedow.jpg 1001w\" sizes=\"(max-width: 650px) 100vw, 650px\" \/><figcaption id=\"caption-attachment-171858\" class=\"wp-caption-text\">La enfermedad de Graves-Basedow genera hipertiroidismo. Foto: Christin Klose\/dpa<\/figcaption><\/figure>\n<h2>Qu\u00e9 es exactamente la enfermedad de Graves-Basedow<\/h2>\n<p><strong>Graves-Basedow es una enfermedad autoinmune. Es decir que el sistema inmunol\u00f3gico atenta contra el propio organismo.<\/strong> En el caso de Graves-Basedow, produce anticuerpos, que tienen efecto directo sobre la gl\u00e1ndula tiroides, que produce hormonas en exceso. Entonces se genera hipertiroidismo.<\/p>\n<p>La enfermedad puede desarrollarse en la infancia, pero generalmente aparece por primera vez entre los 11 y los 15 a\u00f1os. Afecta m\u00e1s a las ni\u00f1as que a los ni\u00f1os.<\/p>\n<h2>Qu\u00e9 s\u00edntomas indican Graves-Basedow<\/h2>\n<p>Los s\u00edntomas son m\u00faltiples. Si el ni\u00f1o est\u00e1 m\u00e1s cansado de lo habitual puede ser un indicio. Tambi\u00e9n la calidad del sue\u00f1o y la capacidad de concentraci\u00f3n suelen verse afectadas en el caso de Graves-Basedow, a lo que se suma ansiedad e irritabilidad.<\/p>\n<blockquote><p>Otros posibles s\u00edntomas son fuerte sudoraci\u00f3n y deposiciones m\u00e1s frecuentes o diarrea. En los afectados muchas veces se eleva el pulso y tambi\u00e9n puede presentarse un temblor de manos.<\/p><\/blockquote>\n<p>Tambi\u00e9n en los ojos se puede detectar la enfermedad: se pueden producir hinchazones o inflamaciones, que hacen que los ojos se vean saltones y provoquen una sensaci\u00f3n de presi\u00f3n.<\/p>\n<h2>Qui\u00e9n se ve afectado por Graves-Basedow<\/h2>\n<p>El riesgo de enfermar de Graves-Basedow no solo es mayor si la enfermedad ya se present\u00f3 en la familia.<strong> Tambi\u00e9n otras enfermedades autoinmunes aumentan la probabilidad. Por ejemplo, la diabetes del tipo 1, el reuma y la tiroiditis de Hashimoto.<\/strong><\/p>\n<p>La buena noticia: Graves-Basedow se puede controlar f\u00e1cilmente con medicaci\u00f3n para la tiroides.<\/p>\n","protected":false},"excerpt":{"rendered":"<p>(dpa) &#8211; La enfermedad autoinmune de Graves-Basedow muchas veces no se reconoce directamente, alertan los expertos. Aqu\u00ed ofrecemos un panorama de esta enfermedad de la tiroides y de c\u00f3mo se manifiesta. Qu\u00e9 es exactamente la enfermedad de Graves-Basedow Graves-Basedow es una enfermedad autoinmune. Es decir que el sistema inmunol\u00f3gico atenta contra el propio organismo. En<\/p>\n","protected":false},"author":1,"featured_media":171858,"comment_status":"closed","ping_status":"closed","sticky":false,"template":"","format":"standard","meta":{"footnotes":""},"categories":[372],"tags":[378],"class_list":{"0":"post-171857","1":"post","2":"type-post","3":"status-publish","4":"format-standard","5":"has-post-thumbnail","7":"category-salud","8":"tag-salud"},"aioseo_notices":[],"aioseo_head":"\n\t\t<!-- All in One SEO Pro 4.9.6.2 - aioseo.com -->\n\t<meta name=\"description\" content=\"(dpa) - La enfermedad autoinmune de Graves-Basedow muchas veces no se reconoce directamente, alertan los expertos. Aqu\u00ed ofrecemos un panorama de esta enfermedad\" \/>\n\t<meta name=\"robots\" content=\"max-image-preview:large\" \/>\n\t<meta name=\"author\" content=\"Cand\u00e1s 365\"\/>\n\t<meta name=\"google-site-verification\" content=\"UA-32230408-1\" \/>\n\t<meta name=\"msvalidate.01\" content=\"354F3CDFB2DA171B47FBE9ABF1F88D5\" \/>\n\t<meta name=\"keywords\" content=\"salud\" \/>\n\t<link rel=\"canonical\" href=\"https:\/\/candas365.es\/noticias\/estos-son-los-sintomas-de-la-enfermedad-de-graves-basedow\/\" \/>\n\t<meta name=\"generator\" content=\"All in One SEO Pro (AIOSEO) 4.9.6.2\" \/>\n\t\t<meta property=\"og:locale\" content=\"es_ES\" \/>\n\t\t<meta property=\"og:site_name\" content=\"Cand\u00e1s 365\" \/>\n\t\t<meta property=\"og:type\" content=\"article\" \/>\n\t\t<meta property=\"og:title\" content=\"Estos son los s\u00edntomas de la enfermedad de Graves-Basedow | Cand\u00e1s 365\" \/>\n\t\t<meta property=\"og:description\" content=\"(dpa) - La enfermedad autoinmune de Graves-Basedow muchas veces no se reconoce directamente, alertan los expertos. Aqu\u00ed ofrecemos un panorama de esta enfermedad\" \/>\n\t\t<meta property=\"og:url\" content=\"https:\/\/candas365.es\/noticias\/estos-son-los-sintomas-de-la-enfermedad-de-graves-basedow\/\" \/>\n\t\t<meta property=\"og:image\" content=\"https:\/\/candas365.es\/noticias\/wp-content\/uploads\/2023\/02\/Graves-Basedow.jpg\" \/>\n\t\t<meta property=\"og:image:secure_url\" content=\"https:\/\/candas365.es\/noticias\/wp-content\/uploads\/2023\/02\/Graves-Basedow.jpg\" \/>\n\t\t<meta property=\"og:image:width\" content=\"1001\" \/>\n\t\t<meta property=\"og:image:height\" content=\"668\" \/>\n\t\t<meta property=\"article:published_time\" content=\"2023-02-15T02:20:06+00:00\" \/>\n\t\t<meta property=\"article:modified_time\" content=\"2023-02-15T02:20:06+00:00\" \/>\n\t\t<meta property=\"article:publisher\" content=\"https:\/\/www.facebook.com\/Nachofdezber\" \/>\n\t\t<meta property=\"article:author\" content=\"https:\/\/www.facebook.com\/carrenoactualidad\" \/>\n\t\t<meta name=\"twitter:card\" content=\"summary_large_image\" \/>\n\t\t<meta name=\"twitter:site\" content=\"@NabercoDigital\" \/>\n\t\t<meta name=\"twitter:title\" content=\"Estos son los s\u00edntomas de la enfermedad de Graves-Basedow | Cand\u00e1s 365\" \/>\n\t\t<meta name=\"twitter:description\" content=\"(dpa) - La enfermedad autoinmune de Graves-Basedow muchas veces no se reconoce directamente, alertan los expertos. Aqu\u00ed ofrecemos un panorama de esta enfermedad\" \/>\n\t\t<meta name=\"twitter:creator\" content=\"@nbasturias\" \/>\n\t\t<meta name=\"twitter:image\" content=\"https:\/\/candas365.es\/noticias\/wp-content\/uploads\/2023\/02\/Graves-Basedow.jpg\" \/>\n\t\t<meta name=\"twitter:label1\" content=\"Escrito por\" \/>\n\t\t<meta name=\"twitter:data1\" content=\"Cand\u00e1s 365\" \/>\n\t\t<meta name=\"twitter:label2\" content=\"Tiempo de lectura estimado\" \/>\n\t\t<meta name=\"twitter:data2\" content=\"2 minutos\" \/>\n\t\t<script type=\"application\/ld+json\" class=\"aioseo-schema\">\n\t\t\t{\"@context\":\"https:\\\/\\\/schema.org\",\"@graph\":[{\"@type\":\"BreadcrumbList\",\"@id\":\"https:\\\/\\\/candas365.es\\\/noticias\\\/estos-son-los-sintomas-de-la-enfermedad-de-graves-basedow\\\/#breadcrumblist\",\"itemListElement\":[{\"@type\":\"ListItem\",\"@id\":\"https:\\\/\\\/candas365.es\\\/noticias#listItem\",\"position\":1,\"name\":\"Home\",\"item\":\"https:\\\/\\\/candas365.es\\\/noticias\",\"nextItem\":{\"@type\":\"ListItem\",\"@id\":\"https:\\\/\\\/candas365.es\\\/noticias\\\/category\\\/salud\\\/#listItem\",\"name\":\"Salud\"}},{\"@type\":\"ListItem\",\"@id\":\"https:\\\/\\\/candas365.es\\\/noticias\\\/category\\\/salud\\\/#listItem\",\"position\":2,\"name\":\"Salud\",\"item\":\"https:\\\/\\\/candas365.es\\\/noticias\\\/category\\\/salud\\\/\",\"nextItem\":{\"@type\":\"ListItem\",\"@id\":\"https:\\\/\\\/candas365.es\\\/noticias\\\/estos-son-los-sintomas-de-la-enfermedad-de-graves-basedow\\\/#listItem\",\"name\":\"Estos son los s\\u00edntomas de la enfermedad de Graves-Basedow\"},\"previousItem\":{\"@type\":\"ListItem\",\"@id\":\"https:\\\/\\\/candas365.es\\\/noticias#listItem\",\"name\":\"Home\"}},{\"@type\":\"ListItem\",\"@id\":\"https:\\\/\\\/candas365.es\\\/noticias\\\/estos-son-los-sintomas-de-la-enfermedad-de-graves-basedow\\\/#listItem\",\"position\":3,\"name\":\"Estos son los s\\u00edntomas de la enfermedad de Graves-Basedow\",\"previousItem\":{\"@type\":\"ListItem\",\"@id\":\"https:\\\/\\\/candas365.es\\\/noticias\\\/category\\\/salud\\\/#listItem\",\"name\":\"Salud\"}}]},{\"@type\":\"NewsArticle\",\"@id\":\"https:\\\/\\\/candas365.es\\\/noticias\\\/estos-son-los-sintomas-de-la-enfermedad-de-graves-basedow\\\/#newsarticle\",\"name\":\"Estos son los s\\u00edntomas de la enfermedad de Graves-Basedow | Cand\\u00e1s 365\",\"headline\":\"Estos son los s\\u00edntomas de la enfermedad de Graves-Basedow\",\"author\":{\"@id\":\"https:\\\/\\\/candas365.es\\\/noticias\\\/author\\\/admin\\\/#author\"},\"publisher\":{\"@id\":\"https:\\\/\\\/candas365.es\\\/noticias\\\/#organization\"},\"image\":{\"@type\":\"ImageObject\",\"url\":\"https:\\\/\\\/candas365.es\\\/noticias\\\/wp-content\\\/uploads\\\/2023\\\/02\\\/Graves-Basedow.jpg\",\"width\":1001,\"height\":668,\"caption\":\"La enfermedad de Graves-Basedow genera hipertiroidismo. Foto: Christin Klose\\\/dpa\"},\"datePublished\":\"2023-02-15T03:20:06+01:00\",\"dateModified\":\"2023-02-15T03:20:06+01:00\",\"inLanguage\":\"es-ES\",\"mainEntityOfPage\":{\"@id\":\"https:\\\/\\\/candas365.es\\\/noticias\\\/estos-son-los-sintomas-de-la-enfermedad-de-graves-basedow\\\/#webpage\"},\"isPartOf\":{\"@id\":\"https:\\\/\\\/candas365.es\\\/noticias\\\/estos-son-los-sintomas-de-la-enfermedad-de-graves-basedow\\\/#webpage\"},\"articleSection\":\"Salud, Salud\",\"dateline\":\"Publicado el febrero 15, 2023.\"},{\"@type\":\"Organization\",\"@id\":\"https:\\\/\\\/candas365.es\\\/noticias\\\/#organization\",\"name\":\"Cand\\u00e1s 365\",\"description\":\"Cand\\u00e1s 365 es un diario digital independiente, fundado en 2012, con base en Asturias. Informamos con rigor sobre actualidad, sociedad, cultura y ocio, con una mirada local y global.\",\"url\":\"https:\\\/\\\/candas365.es\\\/noticias\\\/\",\"email\":\"info@candas365.es\",\"telephone\":\"+34652131393\",\"foundingDate\":\"2012-06-10\",\"logo\":{\"@type\":\"ImageObject\",\"url\":\"https:\\\/\\\/candas365.es\\\/noticias\\\/wp-content\\\/uploads\\\/2024\\\/09\\\/Candas-365-Redes.jpg\",\"@id\":\"https:\\\/\\\/candas365.es\\\/noticias\\\/estos-son-los-sintomas-de-la-enfermedad-de-graves-basedow\\\/#organizationLogo\",\"width\":1152,\"height\":864,\"caption\":\"Cand\\u00e1s 365 Redes\"},\"image\":{\"@id\":\"https:\\\/\\\/candas365.es\\\/noticias\\\/estos-son-los-sintomas-de-la-enfermedad-de-graves-basedow\\\/#organizationLogo\"},\"sameAs\":[\"https:\\\/\\\/www.facebook.com\\\/Nachofdezber\",\"https:\\\/\\\/x.com\\\/NabercoDigital\",\"https:\\\/\\\/www.instagram.com\\\/nachofdezber\\\/\",\"https:\\\/\\\/www.youtube.com\\\/channel\\\/UCZP-2wLEB9Rv6erhFmqVnvg\"],\"address\":{\"@id\":\"https:\\\/\\\/candas365.es\\\/noticias\\\/#postaladdress\",\"@type\":\"PostalAddress\",\"streetAddress\":\"san antonio 4, san antonio 4\",\"postalCode\":\"33430\",\"addressLocality\":\"Cand\\u00e1s\",\"addressRegion\":\"Asturias\",\"addressCountry\":\"ES\"}},{\"@type\":\"Person\",\"@id\":\"https:\\\/\\\/candas365.es\\\/noticias\\\/author\\\/admin\\\/#author\",\"url\":\"https:\\\/\\\/candas365.es\\\/noticias\\\/author\\\/admin\\\/\",\"name\":\"Cand\\u00e1s 365\",\"image\":{\"@type\":\"ImageObject\",\"@id\":\"https:\\\/\\\/candas365.es\\\/noticias\\\/estos-son-los-sintomas-de-la-enfermedad-de-graves-basedow\\\/#authorImage\",\"url\":\"https:\\\/\\\/secure.gravatar.com\\\/avatar\\\/496a8e03d0c493ede1718b7934145dbdf8d89be1036b0eec9544e1094c9de390?s=96&d=mm&r=g\",\"width\":96,\"height\":96,\"caption\":\"Cand\\u00e1s 365\"},\"sameAs\":[\"https:\\\/\\\/www.facebook.com\\\/carrenoactualidad\",\"https:\\\/\\\/twitter.com\\\/nbasturias\",\"https:\\\/\\\/www.instagram.com\\\/nachofdezber\\\/\",\"https:\\\/\\\/www.youtube.com\\\/channel\\\/UCZP-2wLEB9Rv6erhFmqVnvg\"]},{\"@type\":\"WebPage\",\"@id\":\"https:\\\/\\\/candas365.es\\\/noticias\\\/estos-son-los-sintomas-de-la-enfermedad-de-graves-basedow\\\/#webpage\",\"url\":\"https:\\\/\\\/candas365.es\\\/noticias\\\/estos-son-los-sintomas-de-la-enfermedad-de-graves-basedow\\\/\",\"name\":\"Estos son los s\\u00edntomas de la enfermedad de Graves-Basedow | Cand\\u00e1s 365\",\"description\":\"(dpa) - La enfermedad autoinmune de Graves-Basedow muchas veces no se reconoce directamente, alertan los expertos. Aqu\\u00ed ofrecemos un panorama de esta enfermedad\",\"inLanguage\":\"es-ES\",\"isPartOf\":{\"@id\":\"https:\\\/\\\/candas365.es\\\/noticias\\\/#website\"},\"breadcrumb\":{\"@id\":\"https:\\\/\\\/candas365.es\\\/noticias\\\/estos-son-los-sintomas-de-la-enfermedad-de-graves-basedow\\\/#breadcrumblist\"},\"author\":{\"@id\":\"https:\\\/\\\/candas365.es\\\/noticias\\\/author\\\/admin\\\/#author\"},\"creator\":{\"@id\":\"https:\\\/\\\/candas365.es\\\/noticias\\\/author\\\/admin\\\/#author\"},\"image\":{\"@type\":\"ImageObject\",\"url\":\"https:\\\/\\\/candas365.es\\\/noticias\\\/wp-content\\\/uploads\\\/2023\\\/02\\\/Graves-Basedow.jpg\",\"@id\":\"https:\\\/\\\/candas365.es\\\/noticias\\\/estos-son-los-sintomas-de-la-enfermedad-de-graves-basedow\\\/#mainImage\",\"width\":1001,\"height\":668,\"caption\":\"La enfermedad de Graves-Basedow genera hipertiroidismo. Foto: Christin Klose\\\/dpa\"},\"primaryImageOfPage\":{\"@id\":\"https:\\\/\\\/candas365.es\\\/noticias\\\/estos-son-los-sintomas-de-la-enfermedad-de-graves-basedow\\\/#mainImage\"},\"datePublished\":\"2023-02-15T03:20:06+01:00\",\"dateModified\":\"2023-02-15T03:20:06+01:00\"},{\"@type\":\"WebSite\",\"@id\":\"https:\\\/\\\/candas365.es\\\/noticias\\\/#website\",\"url\":\"https:\\\/\\\/candas365.es\\\/noticias\\\/\",\"name\":\"Cand\\u00e1s 365\",\"alternateName\":\"Cand\\u00e1s 365 Noticias\",\"description\":\"Actualidad desde Carre\\u00f1o para el mundo\",\"inLanguage\":\"es-ES\",\"publisher\":{\"@id\":\"https:\\\/\\\/candas365.es\\\/noticias\\\/#organization\"}}]}\n\t\t<\/script>\n\t\t<!-- All in One SEO Pro -->\r\n\t\t<title>Estos son los s\u00edntomas de la enfermedad de Graves-Basedow | Cand\u00e1s 365<\/title>\n\n","aioseo_head_json":{"title":"Estos son los s\u00edntomas de la enfermedad de Graves-Basedow | Cand\u00e1s 365","description":"(dpa) - La enfermedad autoinmune de Graves-Basedow muchas veces no se reconoce directamente, alertan los expertos. Aqu\u00ed ofrecemos un panorama de esta enfermedad","canonical_url":"https:\/\/candas365.es\/noticias\/estos-son-los-sintomas-de-la-enfermedad-de-graves-basedow\/","robots":"max-image-preview:large","keywords":"salud","webmasterTools":{"google-site-verification":"UA-32230408-1","msvalidate.01":"354F3CDFB2DA171B47FBE9ABF1F88D5","miscellaneous":""},"schema":{"@context":"https:\/\/schema.org","@graph":[{"@type":"BreadcrumbList","@id":"https:\/\/candas365.es\/noticias\/estos-son-los-sintomas-de-la-enfermedad-de-graves-basedow\/#breadcrumblist","itemListElement":[{"@type":"ListItem","@id":"https:\/\/candas365.es\/noticias#listItem","position":1,"name":"Home","item":"https:\/\/candas365.es\/noticias","nextItem":{"@type":"ListItem","@id":"https:\/\/candas365.es\/noticias\/category\/salud\/#listItem","name":"Salud"}},{"@type":"ListItem","@id":"https:\/\/candas365.es\/noticias\/category\/salud\/#listItem","position":2,"name":"Salud","item":"https:\/\/candas365.es\/noticias\/category\/salud\/","nextItem":{"@type":"ListItem","@id":"https:\/\/candas365.es\/noticias\/estos-son-los-sintomas-de-la-enfermedad-de-graves-basedow\/#listItem","name":"Estos son los s\u00edntomas de la enfermedad de Graves-Basedow"},"previousItem":{"@type":"ListItem","@id":"https:\/\/candas365.es\/noticias#listItem","name":"Home"}},{"@type":"ListItem","@id":"https:\/\/candas365.es\/noticias\/estos-son-los-sintomas-de-la-enfermedad-de-graves-basedow\/#listItem","position":3,"name":"Estos son los s\u00edntomas de la enfermedad de Graves-Basedow","previousItem":{"@type":"ListItem","@id":"https:\/\/candas365.es\/noticias\/category\/salud\/#listItem","name":"Salud"}}]},{"@type":"NewsArticle","@id":"https:\/\/candas365.es\/noticias\/estos-son-los-sintomas-de-la-enfermedad-de-graves-basedow\/#newsarticle","name":"Estos son los s\u00edntomas de la enfermedad de Graves-Basedow | Cand\u00e1s 365","headline":"Estos son los s\u00edntomas de la enfermedad de Graves-Basedow","author":{"@id":"https:\/\/candas365.es\/noticias\/author\/admin\/#author"},"publisher":{"@id":"https:\/\/candas365.es\/noticias\/#organization"},"image":{"@type":"ImageObject","url":"https:\/\/candas365.es\/noticias\/wp-content\/uploads\/2023\/02\/Graves-Basedow.jpg","width":1001,"height":668,"caption":"La enfermedad de Graves-Basedow genera hipertiroidismo. Foto: Christin Klose\/dpa"},"datePublished":"2023-02-15T03:20:06+01:00","dateModified":"2023-02-15T03:20:06+01:00","inLanguage":"es-ES","mainEntityOfPage":{"@id":"https:\/\/candas365.es\/noticias\/estos-son-los-sintomas-de-la-enfermedad-de-graves-basedow\/#webpage"},"isPartOf":{"@id":"https:\/\/candas365.es\/noticias\/estos-son-los-sintomas-de-la-enfermedad-de-graves-basedow\/#webpage"},"articleSection":"Salud, Salud","dateline":"Publicado el febrero 15, 2023."},{"@type":"Organization","@id":"https:\/\/candas365.es\/noticias\/#organization","name":"Cand\u00e1s 365","description":"Cand\u00e1s 365 es un diario digital independiente, fundado en 2012, con base en Asturias. Informamos con rigor sobre actualidad, sociedad, cultura y ocio, con una mirada local y global.","url":"https:\/\/candas365.es\/noticias\/","email":"info@candas365.es","telephone":"+34652131393","foundingDate":"2012-06-10","logo":{"@type":"ImageObject","url":"https:\/\/candas365.es\/noticias\/wp-content\/uploads\/2024\/09\/Candas-365-Redes.jpg","@id":"https:\/\/candas365.es\/noticias\/estos-son-los-sintomas-de-la-enfermedad-de-graves-basedow\/#organizationLogo","width":1152,"height":864,"caption":"Cand\u00e1s 365 Redes"},"image":{"@id":"https:\/\/candas365.es\/noticias\/estos-son-los-sintomas-de-la-enfermedad-de-graves-basedow\/#organizationLogo"},"sameAs":["https:\/\/www.facebook.com\/Nachofdezber","https:\/\/x.com\/NabercoDigital","https:\/\/www.instagram.com\/nachofdezber\/","https:\/\/www.youtube.com\/channel\/UCZP-2wLEB9Rv6erhFmqVnvg"],"address":{"@id":"https:\/\/candas365.es\/noticias\/#postaladdress","@type":"PostalAddress","streetAddress":"san antonio 4, san antonio 4","postalCode":"33430","addressLocality":"Cand\u00e1s","addressRegion":"Asturias","addressCountry":"ES"}},{"@type":"Person","@id":"https:\/\/candas365.es\/noticias\/author\/admin\/#author","url":"https:\/\/candas365.es\/noticias\/author\/admin\/","name":"Cand\u00e1s 365","image":{"@type":"ImageObject","@id":"https:\/\/candas365.es\/noticias\/estos-son-los-sintomas-de-la-enfermedad-de-graves-basedow\/#authorImage","url":"https:\/\/secure.gravatar.com\/avatar\/496a8e03d0c493ede1718b7934145dbdf8d89be1036b0eec9544e1094c9de390?s=96&d=mm&r=g","width":96,"height":96,"caption":"Cand\u00e1s 365"},"sameAs":["https:\/\/www.facebook.com\/carrenoactualidad","https:\/\/twitter.com\/nbasturias","https:\/\/www.instagram.com\/nachofdezber\/","https:\/\/www.youtube.com\/channel\/UCZP-2wLEB9Rv6erhFmqVnvg"]},{"@type":"WebPage","@id":"https:\/\/candas365.es\/noticias\/estos-son-los-sintomas-de-la-enfermedad-de-graves-basedow\/#webpage","url":"https:\/\/candas365.es\/noticias\/estos-son-los-sintomas-de-la-enfermedad-de-graves-basedow\/","name":"Estos son los s\u00edntomas de la enfermedad de Graves-Basedow | Cand\u00e1s 365","description":"(dpa) - La enfermedad autoinmune de Graves-Basedow muchas veces no se reconoce directamente, alertan los expertos. Aqu\u00ed ofrecemos un panorama de esta enfermedad","inLanguage":"es-ES","isPartOf":{"@id":"https:\/\/candas365.es\/noticias\/#website"},"breadcrumb":{"@id":"https:\/\/candas365.es\/noticias\/estos-son-los-sintomas-de-la-enfermedad-de-graves-basedow\/#breadcrumblist"},"author":{"@id":"https:\/\/candas365.es\/noticias\/author\/admin\/#author"},"creator":{"@id":"https:\/\/candas365.es\/noticias\/author\/admin\/#author"},"image":{"@type":"ImageObject","url":"https:\/\/candas365.es\/noticias\/wp-content\/uploads\/2023\/02\/Graves-Basedow.jpg","@id":"https:\/\/candas365.es\/noticias\/estos-son-los-sintomas-de-la-enfermedad-de-graves-basedow\/#mainImage","width":1001,"height":668,"caption":"La enfermedad de Graves-Basedow genera hipertiroidismo. Foto: Christin Klose\/dpa"},"primaryImageOfPage":{"@id":"https:\/\/candas365.es\/noticias\/estos-son-los-sintomas-de-la-enfermedad-de-graves-basedow\/#mainImage"},"datePublished":"2023-02-15T03:20:06+01:00","dateModified":"2023-02-15T03:20:06+01:00"},{"@type":"WebSite","@id":"https:\/\/candas365.es\/noticias\/#website","url":"https:\/\/candas365.es\/noticias\/","name":"Cand\u00e1s 365","alternateName":"Cand\u00e1s 365 Noticias","description":"Actualidad desde Carre\u00f1o para el mundo","inLanguage":"es-ES","publisher":{"@id":"https:\/\/candas365.es\/noticias\/#organization"}}]},"og:locale":"es_ES","og:site_name":"Cand\u00e1s 365","og:type":"article","og:title":"Estos son los s\u00edntomas de la enfermedad de Graves-Basedow | Cand\u00e1s 365","og:description":"(dpa) - La enfermedad autoinmune de Graves-Basedow muchas veces no se reconoce directamente, alertan los expertos. Aqu\u00ed ofrecemos un panorama de esta enfermedad","og:url":"https:\/\/candas365.es\/noticias\/estos-son-los-sintomas-de-la-enfermedad-de-graves-basedow\/","og:image":"https:\/\/candas365.es\/noticias\/wp-content\/uploads\/2023\/02\/Graves-Basedow.jpg","og:image:secure_url":"https:\/\/candas365.es\/noticias\/wp-content\/uploads\/2023\/02\/Graves-Basedow.jpg","og:image:width":1001,"og:image:height":668,"article:published_time":"2023-02-15T02:20:06+00:00","article:modified_time":"2023-02-15T02:20:06+00:00","article:publisher":"https:\/\/www.facebook.com\/Nachofdezber","article:author":"https:\/\/www.facebook.com\/carrenoactualidad","twitter:card":"summary_large_image","twitter:site":"@NabercoDigital","twitter:title":"Estos son los s\u00edntomas de la enfermedad de Graves-Basedow | Cand\u00e1s 365","twitter:description":"(dpa) - La enfermedad autoinmune de Graves-Basedow muchas veces no se reconoce directamente, alertan los expertos. Aqu\u00ed ofrecemos un panorama de esta enfermedad","twitter:creator":"@nbasturias","twitter:image":"https:\/\/candas365.es\/noticias\/wp-content\/uploads\/2023\/02\/Graves-Basedow.jpg","twitter:label1":"Escrito por","twitter:data1":"Cand\u00e1s 365","twitter:label2":"Tiempo de lectura estimado","twitter:data2":"2 minutos"},"aioseo_meta_data":{"post_id":"171857","title":null,"description":"(dpa) - La enfermedad autoinmune de Graves-Basedow muchas veces no se reconoce directamente, alertan los expertos. Aqu\u00ed ofrecemos un panorama de esta enfermedad","keywords":[],"keyphrases":{"focus":{"keyphrase":" Graves-Basedow","score":83,"analysis":{"keyphraseInTitle":{"score":9,"maxScore":9,"error":0},"keyphraseInDescription":{"score":9,"maxScore":9,"error":0},"keyphraseLength":{"score":9,"maxScore":9,"error":0,"length":1},"keyphraseInURL":{"score":1,"maxScore":5,"error":1},"keyphraseInIntroduction":{"score":9,"maxScore":9,"error":0},"keyphraseInSubHeadings":{"score":3,"maxScore":9,"error":1},"keyphraseInImageAlt":{"score":9,"maxScore":9,"error":0}}},"additional":[{"keyphrase":"enfermedad ","score":83,"analysis":{"keyphraseInDescription":{"score":9,"maxScore":9,"error":0},"keyphraseLength":{"score":9,"maxScore":9,"error":0,"length":1},"keyphraseInIntroduction":{"score":9,"maxScore":9,"error":0},"keyphraseInImageAlt":{"score":3,"maxScore":9,"error":1}}},{"keyphrase":" Graves-Basedow","score":100,"analysis":{"keyphraseInDescription":{"score":9,"maxScore":9,"error":0},"keyphraseLength":{"score":9,"maxScore":9,"error":0,"length":1},"keyphraseInIntroduction":{"score":9,"maxScore":9,"error":0},"keyphraseInImageAlt":{"score":9,"maxScore":9,"error":0}}},{"keyphrase":"enfermedad autoinmune","score":83,"analysis":{"keyphraseInDescription":{"score":9,"maxScore":9,"error":0},"keyphraseLength":{"score":9,"maxScore":9,"error":0,"length":2},"keyphraseInIntroduction":{"score":9,"maxScore":9,"error":0},"keyphraseInImageAlt":{"score":3,"maxScore":9,"error":1}}}]},"primary_term":null,"canonical_url":null,"og_title":null,"og_description":null,"og_object_type":"default","og_image_type":"default","og_image_url":null,"og_image_width":null,"og_image_height":null,"og_image_custom_url":null,"og_image_custom_fields":null,"og_video":"","og_custom_url":null,"og_article_section":null,"og_article_tags":[],"twitter_use_og":false,"twitter_card":"default","twitter_image_type":"default","twitter_image_url":null,"twitter_image_custom_url":null,"twitter_image_custom_fields":null,"twitter_title":null,"twitter_description":null,"schema":{"blockGraphs":[],"customGraphs":[],"default":{"data":{"Article":[],"Course":[],"Dataset":[],"FAQPage":[],"Movie":[],"Person":[],"Product":[],"ProductReview":[],"Car":[],"Recipe":[],"Service":[],"SoftwareApplication":[],"WebPage":[]},"graphName":"Article","isEnabled":true},"graphs":[]},"schema_type":"default","schema_type_options":null,"pillar_content":false,"robots_default":true,"robots_noindex":false,"robots_noarchive":false,"robots_nosnippet":false,"robots_nofollow":false,"robots_noimageindex":false,"robots_noodp":false,"robots_notranslate":false,"robots_max_snippet":"-1","robots_max_videopreview":"-1","robots_max_imagepreview":"large","priority":null,"frequency":"default","location":null,"local_seo":null,"seo_analyzer_scan_date":"2025-09-01 19:00:11","breadcrumb_settings":null,"limit_modified_date":false,"reviewed_by":null,"open_ai":null,"ai":null,"created":"2023-02-15 02:14:26","updated":"2025-09-01 19:00:11"},"aioseo_breadcrumb":"<div class=\"aioseo-breadcrumbs\"><span class=\"aioseo-breadcrumb\">\n\t<a href=\"https:\/\/candas365.es\/noticias\" title=\"Home\">Home<\/a>\n<\/span><span class=\"aioseo-breadcrumb-separator\">&ndash;<\/span><span class=\"aioseo-breadcrumb\">\n\t<a href=\"https:\/\/candas365.es\/noticias\/category\/salud\/\" title=\"Salud\">Salud<\/a>\n<\/span><span class=\"aioseo-breadcrumb-separator\">&ndash;<\/span><span class=\"aioseo-breadcrumb\">\n\tEstos son los s\u00edntomas de la enfermedad de Graves-Basedow\n<\/span><\/div>","aioseo_breadcrumb_json":[{"label":"Home","link":"https:\/\/candas365.es\/noticias"},{"label":"Salud","link":"https:\/\/candas365.es\/noticias\/category\/salud\/"},{"label":"Estos son los s\u00edntomas de la enfermedad de Graves-Basedow","link":"https:\/\/candas365.es\/noticias\/estos-son-los-sintomas-de-la-enfermedad-de-graves-basedow\/"}],"_links":{"self":[{"href":"https:\/\/candas365.es\/noticias\/wp-json\/wp\/v2\/posts\/171857","targetHints":{"allow":["GET"]}}],"collection":[{"href":"https:\/\/candas365.es\/noticias\/wp-json\/wp\/v2\/posts"}],"about":[{"href":"https:\/\/candas365.es\/noticias\/wp-json\/wp\/v2\/types\/post"}],"author":[{"embeddable":true,"href":"https:\/\/candas365.es\/noticias\/wp-json\/wp\/v2\/users\/1"}],"replies":[{"embeddable":true,"href":"https:\/\/candas365.es\/noticias\/wp-json\/wp\/v2\/comments?post=171857"}],"version-history":[{"count":0,"href":"https:\/\/candas365.es\/noticias\/wp-json\/wp\/v2\/posts\/171857\/revisions"}],"wp:featuredmedia":[{"embeddable":true,"href":"https:\/\/candas365.es\/noticias\/wp-json\/wp\/v2\/media\/171858"}],"wp:attachment":[{"href":"https:\/\/candas365.es\/noticias\/wp-json\/wp\/v2\/media?parent=171857"}],"wp:term":[{"taxonomy":"category","embeddable":true,"href":"https:\/\/candas365.es\/noticias\/wp-json\/wp\/v2\/categories?post=171857"},{"taxonomy":"post_tag","embeddable":true,"href":"https:\/\/candas365.es\/noticias\/wp-json\/wp\/v2\/tags?post=171857"}],"curies":[{"name":"wp","href":"https:\/\/api.w.org\/{rel}","templated":true}]}}