{"id":171851,"date":"2023-02-15T03:01:33","date_gmt":"2023-02-15T02:01:33","guid":{"rendered":"https:\/\/candas365.es\/noticias\/?p=171851"},"modified":"2023-02-15T03:01:33","modified_gmt":"2023-02-15T02:01:33","slug":"aumenta-el-numero-de-fallecidos-por-los-incendios-en-chile","status":"publish","type":"post","link":"https:\/\/candas365.es\/noticias\/aumenta-el-numero-de-fallecidos-por-los-incendios-en-chile\/","title":{"rendered":"Aumenta el n\u00famero de fallecidos por los incendios en Chile"},"content":{"rendered":"<p>(EP) &#8211; El Gobierno de Chile ha confirmado este martes la muerte de un trabajador forestal que estaba ayudando en las operaciones de extinci\u00f3n de los<span style=\"color: #ff6600;\"> <a style=\"color: #ff6600;\" href=\"https:\/\/candas365.es\/noticias\/bomberos-y-especialistas-extranjeros-se-unen-contra-los-incendios-en-chile\/\"><strong>incendios que est\u00e1n asolando el sur de Chile<\/strong><\/a><\/span>, elevando as\u00ed a 25 el n\u00famero total de fallecidos desde que tuvieran inicio.<\/p>\n<p><img fetchpriority=\"high\" decoding=\"async\" class=\"aligncenter wp-image-171852 size-full\" src=\"https:\/\/candas365.es\/noticias\/wp-content\/uploads\/2023\/02\/Urgente.jpg\" alt=\"Urgente\" width=\"640\" height=\"400\" srcset=\"https:\/\/candas365.es\/noticias\/wp-content\/uploads\/2023\/02\/Urgente.jpg 640w, https:\/\/candas365.es\/noticias\/wp-content\/uploads\/2023\/02\/Urgente-360x225.jpg 360w, https:\/\/candas365.es\/noticias\/wp-content\/uploads\/2023\/02\/Urgente-150x94.jpg 150w, https:\/\/candas365.es\/noticias\/wp-content\/uploads\/2023\/02\/Urgente-450x281.jpg 450w\" sizes=\"(max-width: 640px) 100vw, 640px\" \/><\/p>\n<p>La ministra del Interior chilena, Carolina Toh\u00e1, ha informado de que durante la jornada del lunes el trabajador forestal perdi\u00f3 la vida despu\u00e9s de que un \u00e1rbol le cayera encima, seg\u00fan ha recogido &#8216;Bio Bio Chile&#8217;.<\/p>\n<p>\u00abF\u00e9lix P\u00e9rez Pereira era trabajador de una empresa privada del \u00e1mbito forestal, que en un accidente en el d\u00eda de ayer falleci\u00f3 producto de un \u00e1rbol que se derrumb\u00f3 mientras estaba construyendo cortafuegos\u00bb, ha agregado Toh\u00e1 en declaraciones a la prensa.<\/p>\n<blockquote><p>Con la muerte del trabajador ha aumentado a 25 el n\u00famero de personas fallecidas a causa de los incendios registrados en distintos puntos del pa\u00eds, repartidos en las regiones de \u00d1uble, Biob\u00edo y La Araucan\u00eda.<\/p><\/blockquote>\n<p>Asimismo, las autoridades chilenas han procedido a la detenci\u00f3n de 38 personas, entre ellas cinco menores de edad y 33 adultos, por su supuesta involucraci\u00f3n en los incendios forestales, que ya han quemado m\u00e1s de 425.000 hect\u00e1reas.<\/p>\n","protected":false},"excerpt":{"rendered":"<p>(EP) &#8211; El Gobierno de Chile ha confirmado este martes la muerte de un trabajador forestal que estaba ayudando en las operaciones de extinci\u00f3n de los incendios que est\u00e1n asolando el sur de Chile, elevando as\u00ed a 25 el n\u00famero total de fallecidos desde que tuvieran inicio. La ministra del Interior chilena, Carolina Toh\u00e1, ha<\/p>\n","protected":false},"author":1,"featured_media":171852,"comment_status":"closed","ping_status":"closed","sticky":false,"template":"","format":"standard","meta":{"footnotes":""},"categories":[487],"tags":[517,418,391],"class_list":{"0":"post-171851","1":"post","2":"type-post","3":"status-publish","4":"format-standard","5":"has-post-thumbnail","7":"category-sucesos","8":"tag-chile","9":"tag-internacional","10":"tag-sucesos"},"aioseo_notices":[],"aioseo_head":"\n\t\t<!-- All in One SEO Pro 4.9.6.2 - aioseo.com -->\n\t<meta name=\"description\" content=\"(EP) - El Gobierno de Chile ha confirmado este martes la muerte de un trabajador forestal que estaba ayudando en las operaciones de extinci\u00f3n de los incendios\" \/>\n\t<meta name=\"robots\" content=\"max-image-preview:large\" \/>\n\t<meta name=\"author\" content=\"Cand\u00e1s 365\"\/>\n\t<meta name=\"google-site-verification\" content=\"UA-32230408-1\" \/>\n\t<meta name=\"msvalidate.01\" content=\"354F3CDFB2DA171B47FBE9ABF1F88D5\" \/>\n\t<meta name=\"keywords\" content=\"sucesos\" \/>\n\t<link rel=\"canonical\" href=\"https:\/\/candas365.es\/noticias\/aumenta-el-numero-de-fallecidos-por-los-incendios-en-chile\/\" \/>\n\t<meta name=\"generator\" content=\"All in One SEO Pro (AIOSEO) 4.9.6.2\" \/>\n\t\t<meta property=\"og:locale\" content=\"es_ES\" \/>\n\t\t<meta property=\"og:site_name\" content=\"Cand\u00e1s 365\" \/>\n\t\t<meta property=\"og:type\" content=\"article\" \/>\n\t\t<meta property=\"og:title\" content=\"Aumenta el n\u00famero de fallecidos por los incendios en Chile | Cand\u00e1s 365\" \/>\n\t\t<meta property=\"og:description\" content=\"(EP) - El Gobierno de Chile ha confirmado este martes la muerte de un trabajador forestal que estaba ayudando en las operaciones de extinci\u00f3n de los incendios\" \/>\n\t\t<meta property=\"og:url\" content=\"https:\/\/candas365.es\/noticias\/aumenta-el-numero-de-fallecidos-por-los-incendios-en-chile\/\" \/>\n\t\t<meta property=\"og:image\" content=\"https:\/\/candas365.es\/noticias\/wp-content\/uploads\/2023\/02\/Urgente.jpg\" \/>\n\t\t<meta property=\"og:image:secure_url\" content=\"https:\/\/candas365.es\/noticias\/wp-content\/uploads\/2023\/02\/Urgente.jpg\" \/>\n\t\t<meta property=\"og:image:width\" content=\"640\" \/>\n\t\t<meta property=\"og:image:height\" content=\"400\" \/>\n\t\t<meta property=\"article:published_time\" content=\"2023-02-15T02:01:33+00:00\" \/>\n\t\t<meta property=\"article:modified_time\" content=\"2023-02-15T02:01:33+00:00\" \/>\n\t\t<meta property=\"article:publisher\" content=\"https:\/\/www.facebook.com\/Nachofdezber\" \/>\n\t\t<meta property=\"article:author\" content=\"https:\/\/www.facebook.com\/carrenoactualidad\" \/>\n\t\t<meta name=\"twitter:card\" content=\"summary_large_image\" \/>\n\t\t<meta name=\"twitter:site\" content=\"@NabercoDigital\" \/>\n\t\t<meta name=\"twitter:title\" content=\"Aumenta el n\u00famero de fallecidos por los incendios en Chile | Cand\u00e1s 365\" \/>\n\t\t<meta name=\"twitter:description\" content=\"(EP) - El Gobierno de Chile ha confirmado este martes la muerte de un trabajador forestal que estaba ayudando en las operaciones de extinci\u00f3n de los incendios\" \/>\n\t\t<meta name=\"twitter:creator\" content=\"@nbasturias\" \/>\n\t\t<meta name=\"twitter:image\" content=\"https:\/\/candas365.es\/noticias\/wp-content\/uploads\/2023\/02\/Urgente.jpg\" \/>\n\t\t<meta name=\"twitter:label1\" content=\"Escrito por\" \/>\n\t\t<meta name=\"twitter:data1\" content=\"Cand\u00e1s 365\" \/>\n\t\t<meta name=\"twitter:label2\" content=\"Tiempo de lectura estimado\" \/>\n\t\t<meta name=\"twitter:data2\" content=\"1 minuto\" \/>\n\t\t<script type=\"application\/ld+json\" class=\"aioseo-schema\">\n\t\t\t{\"@context\":\"https:\\\/\\\/schema.org\",\"@graph\":[{\"@type\":\"BreadcrumbList\",\"@id\":\"https:\\\/\\\/candas365.es\\\/noticias\\\/aumenta-el-numero-de-fallecidos-por-los-incendios-en-chile\\\/#breadcrumblist\",\"itemListElement\":[{\"@type\":\"ListItem\",\"@id\":\"https:\\\/\\\/candas365.es\\\/noticias#listItem\",\"position\":1,\"name\":\"Home\",\"item\":\"https:\\\/\\\/candas365.es\\\/noticias\",\"nextItem\":{\"@type\":\"ListItem\",\"@id\":\"https:\\\/\\\/candas365.es\\\/noticias\\\/category\\\/sucesos\\\/#listItem\",\"name\":\"Sucesos\"}},{\"@type\":\"ListItem\",\"@id\":\"https:\\\/\\\/candas365.es\\\/noticias\\\/category\\\/sucesos\\\/#listItem\",\"position\":2,\"name\":\"Sucesos\",\"item\":\"https:\\\/\\\/candas365.es\\\/noticias\\\/category\\\/sucesos\\\/\",\"nextItem\":{\"@type\":\"ListItem\",\"@id\":\"https:\\\/\\\/candas365.es\\\/noticias\\\/aumenta-el-numero-de-fallecidos-por-los-incendios-en-chile\\\/#listItem\",\"name\":\"Aumenta el n\\u00famero de fallecidos por los incendios en Chile\"},\"previousItem\":{\"@type\":\"ListItem\",\"@id\":\"https:\\\/\\\/candas365.es\\\/noticias#listItem\",\"name\":\"Home\"}},{\"@type\":\"ListItem\",\"@id\":\"https:\\\/\\\/candas365.es\\\/noticias\\\/aumenta-el-numero-de-fallecidos-por-los-incendios-en-chile\\\/#listItem\",\"position\":3,\"name\":\"Aumenta el n\\u00famero de fallecidos por los incendios en Chile\",\"previousItem\":{\"@type\":\"ListItem\",\"@id\":\"https:\\\/\\\/candas365.es\\\/noticias\\\/category\\\/sucesos\\\/#listItem\",\"name\":\"Sucesos\"}}]},{\"@type\":\"NewsArticle\",\"@id\":\"https:\\\/\\\/candas365.es\\\/noticias\\\/aumenta-el-numero-de-fallecidos-por-los-incendios-en-chile\\\/#newsarticle\",\"name\":\"Aumenta el n\\u00famero de fallecidos por los incendios en Chile | Cand\\u00e1s 365\",\"headline\":\"Aumenta el n\\u00famero de fallecidos por los incendios en Chile\",\"author\":{\"@id\":\"https:\\\/\\\/candas365.es\\\/noticias\\\/author\\\/admin\\\/#author\"},\"publisher\":{\"@id\":\"https:\\\/\\\/candas365.es\\\/noticias\\\/#organization\"},\"image\":{\"@type\":\"ImageObject\",\"url\":\"https:\\\/\\\/candas365.es\\\/noticias\\\/wp-content\\\/uploads\\\/2023\\\/02\\\/Urgente.jpg\",\"width\":640,\"height\":400,\"caption\":\"Urgente\"},\"datePublished\":\"2023-02-15T03:01:33+01:00\",\"dateModified\":\"2023-02-15T03:01:33+01:00\",\"inLanguage\":\"es-ES\",\"mainEntityOfPage\":{\"@id\":\"https:\\\/\\\/candas365.es\\\/noticias\\\/aumenta-el-numero-de-fallecidos-por-los-incendios-en-chile\\\/#webpage\"},\"isPartOf\":{\"@id\":\"https:\\\/\\\/candas365.es\\\/noticias\\\/aumenta-el-numero-de-fallecidos-por-los-incendios-en-chile\\\/#webpage\"},\"articleSection\":\"Sucesos, Chile, Internacional, sucesos\",\"dateline\":\"Publicado el febrero 15, 2023.\"},{\"@type\":\"Organization\",\"@id\":\"https:\\\/\\\/candas365.es\\\/noticias\\\/#organization\",\"name\":\"Cand\\u00e1s 365\",\"description\":\"Cand\\u00e1s 365 es un diario digital independiente, fundado en 2012, con base en Asturias. Informamos con rigor sobre actualidad, sociedad, cultura y ocio, con una mirada local y global.\",\"url\":\"https:\\\/\\\/candas365.es\\\/noticias\\\/\",\"email\":\"info@candas365.es\",\"telephone\":\"+34652131393\",\"foundingDate\":\"2012-06-10\",\"logo\":{\"@type\":\"ImageObject\",\"url\":\"https:\\\/\\\/candas365.es\\\/noticias\\\/wp-content\\\/uploads\\\/2024\\\/09\\\/Candas-365-Redes.jpg\",\"@id\":\"https:\\\/\\\/candas365.es\\\/noticias\\\/aumenta-el-numero-de-fallecidos-por-los-incendios-en-chile\\\/#organizationLogo\",\"width\":1152,\"height\":864,\"caption\":\"Cand\\u00e1s 365 Redes\"},\"image\":{\"@id\":\"https:\\\/\\\/candas365.es\\\/noticias\\\/aumenta-el-numero-de-fallecidos-por-los-incendios-en-chile\\\/#organizationLogo\"},\"sameAs\":[\"https:\\\/\\\/www.facebook.com\\\/Nachofdezber\",\"https:\\\/\\\/x.com\\\/NabercoDigital\",\"https:\\\/\\\/www.instagram.com\\\/nachofdezber\\\/\",\"https:\\\/\\\/www.youtube.com\\\/channel\\\/UCZP-2wLEB9Rv6erhFmqVnvg\"],\"address\":{\"@id\":\"https:\\\/\\\/candas365.es\\\/noticias\\\/#postaladdress\",\"@type\":\"PostalAddress\",\"streetAddress\":\"san antonio 4, san antonio 4\",\"postalCode\":\"33430\",\"addressLocality\":\"Cand\\u00e1s\",\"addressRegion\":\"Asturias\",\"addressCountry\":\"ES\"}},{\"@type\":\"Person\",\"@id\":\"https:\\\/\\\/candas365.es\\\/noticias\\\/author\\\/admin\\\/#author\",\"url\":\"https:\\\/\\\/candas365.es\\\/noticias\\\/author\\\/admin\\\/\",\"name\":\"Cand\\u00e1s 365\",\"image\":{\"@type\":\"ImageObject\",\"@id\":\"https:\\\/\\\/candas365.es\\\/noticias\\\/aumenta-el-numero-de-fallecidos-por-los-incendios-en-chile\\\/#authorImage\",\"url\":\"https:\\\/\\\/secure.gravatar.com\\\/avatar\\\/496a8e03d0c493ede1718b7934145dbdf8d89be1036b0eec9544e1094c9de390?s=96&d=mm&r=g\",\"width\":96,\"height\":96,\"caption\":\"Cand\\u00e1s 365\"},\"sameAs\":[\"https:\\\/\\\/www.facebook.com\\\/carrenoactualidad\",\"https:\\\/\\\/twitter.com\\\/nbasturias\",\"https:\\\/\\\/www.instagram.com\\\/nachofdezber\\\/\",\"https:\\\/\\\/www.youtube.com\\\/channel\\\/UCZP-2wLEB9Rv6erhFmqVnvg\"]},{\"@type\":\"WebPage\",\"@id\":\"https:\\\/\\\/candas365.es\\\/noticias\\\/aumenta-el-numero-de-fallecidos-por-los-incendios-en-chile\\\/#webpage\",\"url\":\"https:\\\/\\\/candas365.es\\\/noticias\\\/aumenta-el-numero-de-fallecidos-por-los-incendios-en-chile\\\/\",\"name\":\"Aumenta el n\\u00famero de fallecidos por los incendios en Chile | Cand\\u00e1s 365\",\"description\":\"(EP) - El Gobierno de Chile ha confirmado este martes la muerte de un trabajador forestal que estaba ayudando en las operaciones de extinci\\u00f3n de los incendios\",\"inLanguage\":\"es-ES\",\"isPartOf\":{\"@id\":\"https:\\\/\\\/candas365.es\\\/noticias\\\/#website\"},\"breadcrumb\":{\"@id\":\"https:\\\/\\\/candas365.es\\\/noticias\\\/aumenta-el-numero-de-fallecidos-por-los-incendios-en-chile\\\/#breadcrumblist\"},\"author\":{\"@id\":\"https:\\\/\\\/candas365.es\\\/noticias\\\/author\\\/admin\\\/#author\"},\"creator\":{\"@id\":\"https:\\\/\\\/candas365.es\\\/noticias\\\/author\\\/admin\\\/#author\"},\"image\":{\"@type\":\"ImageObject\",\"url\":\"https:\\\/\\\/candas365.es\\\/noticias\\\/wp-content\\\/uploads\\\/2023\\\/02\\\/Urgente.jpg\",\"@id\":\"https:\\\/\\\/candas365.es\\\/noticias\\\/aumenta-el-numero-de-fallecidos-por-los-incendios-en-chile\\\/#mainImage\",\"width\":640,\"height\":400,\"caption\":\"Urgente\"},\"primaryImageOfPage\":{\"@id\":\"https:\\\/\\\/candas365.es\\\/noticias\\\/aumenta-el-numero-de-fallecidos-por-los-incendios-en-chile\\\/#mainImage\"},\"datePublished\":\"2023-02-15T03:01:33+01:00\",\"dateModified\":\"2023-02-15T03:01:33+01:00\"},{\"@type\":\"WebSite\",\"@id\":\"https:\\\/\\\/candas365.es\\\/noticias\\\/#website\",\"url\":\"https:\\\/\\\/candas365.es\\\/noticias\\\/\",\"name\":\"Cand\\u00e1s 365\",\"alternateName\":\"Cand\\u00e1s 365 Noticias\",\"description\":\"Actualidad desde Carre\\u00f1o para el mundo\",\"inLanguage\":\"es-ES\",\"publisher\":{\"@id\":\"https:\\\/\\\/candas365.es\\\/noticias\\\/#organization\"}}]}\n\t\t<\/script>\n\t\t<!-- All in One SEO Pro -->\r\n\t\t<title>Aumenta el n\u00famero de fallecidos por los incendios en Chile | Cand\u00e1s 365<\/title>\n\n","aioseo_head_json":{"title":"Aumenta el n\u00famero de fallecidos por los incendios en Chile | Cand\u00e1s 365","description":"(EP) - El Gobierno de Chile ha confirmado este martes la muerte de un trabajador forestal que estaba ayudando en las operaciones de extinci\u00f3n de los incendios","canonical_url":"https:\/\/candas365.es\/noticias\/aumenta-el-numero-de-fallecidos-por-los-incendios-en-chile\/","robots":"max-image-preview:large","keywords":"sucesos","webmasterTools":{"google-site-verification":"UA-32230408-1","msvalidate.01":"354F3CDFB2DA171B47FBE9ABF1F88D5","miscellaneous":""},"schema":{"@context":"https:\/\/schema.org","@graph":[{"@type":"BreadcrumbList","@id":"https:\/\/candas365.es\/noticias\/aumenta-el-numero-de-fallecidos-por-los-incendios-en-chile\/#breadcrumblist","itemListElement":[{"@type":"ListItem","@id":"https:\/\/candas365.es\/noticias#listItem","position":1,"name":"Home","item":"https:\/\/candas365.es\/noticias","nextItem":{"@type":"ListItem","@id":"https:\/\/candas365.es\/noticias\/category\/sucesos\/#listItem","name":"Sucesos"}},{"@type":"ListItem","@id":"https:\/\/candas365.es\/noticias\/category\/sucesos\/#listItem","position":2,"name":"Sucesos","item":"https:\/\/candas365.es\/noticias\/category\/sucesos\/","nextItem":{"@type":"ListItem","@id":"https:\/\/candas365.es\/noticias\/aumenta-el-numero-de-fallecidos-por-los-incendios-en-chile\/#listItem","name":"Aumenta el n\u00famero de fallecidos por los incendios en Chile"},"previousItem":{"@type":"ListItem","@id":"https:\/\/candas365.es\/noticias#listItem","name":"Home"}},{"@type":"ListItem","@id":"https:\/\/candas365.es\/noticias\/aumenta-el-numero-de-fallecidos-por-los-incendios-en-chile\/#listItem","position":3,"name":"Aumenta el n\u00famero de fallecidos por los incendios en Chile","previousItem":{"@type":"ListItem","@id":"https:\/\/candas365.es\/noticias\/category\/sucesos\/#listItem","name":"Sucesos"}}]},{"@type":"NewsArticle","@id":"https:\/\/candas365.es\/noticias\/aumenta-el-numero-de-fallecidos-por-los-incendios-en-chile\/#newsarticle","name":"Aumenta el n\u00famero de fallecidos por los incendios en Chile | Cand\u00e1s 365","headline":"Aumenta el n\u00famero de fallecidos por los incendios en Chile","author":{"@id":"https:\/\/candas365.es\/noticias\/author\/admin\/#author"},"publisher":{"@id":"https:\/\/candas365.es\/noticias\/#organization"},"image":{"@type":"ImageObject","url":"https:\/\/candas365.es\/noticias\/wp-content\/uploads\/2023\/02\/Urgente.jpg","width":640,"height":400,"caption":"Urgente"},"datePublished":"2023-02-15T03:01:33+01:00","dateModified":"2023-02-15T03:01:33+01:00","inLanguage":"es-ES","mainEntityOfPage":{"@id":"https:\/\/candas365.es\/noticias\/aumenta-el-numero-de-fallecidos-por-los-incendios-en-chile\/#webpage"},"isPartOf":{"@id":"https:\/\/candas365.es\/noticias\/aumenta-el-numero-de-fallecidos-por-los-incendios-en-chile\/#webpage"},"articleSection":"Sucesos, Chile, Internacional, sucesos","dateline":"Publicado el febrero 15, 2023."},{"@type":"Organization","@id":"https:\/\/candas365.es\/noticias\/#organization","name":"Cand\u00e1s 365","description":"Cand\u00e1s 365 es un diario digital independiente, fundado en 2012, con base en Asturias. Informamos con rigor sobre actualidad, sociedad, cultura y ocio, con una mirada local y global.","url":"https:\/\/candas365.es\/noticias\/","email":"info@candas365.es","telephone":"+34652131393","foundingDate":"2012-06-10","logo":{"@type":"ImageObject","url":"https:\/\/candas365.es\/noticias\/wp-content\/uploads\/2024\/09\/Candas-365-Redes.jpg","@id":"https:\/\/candas365.es\/noticias\/aumenta-el-numero-de-fallecidos-por-los-incendios-en-chile\/#organizationLogo","width":1152,"height":864,"caption":"Cand\u00e1s 365 Redes"},"image":{"@id":"https:\/\/candas365.es\/noticias\/aumenta-el-numero-de-fallecidos-por-los-incendios-en-chile\/#organizationLogo"},"sameAs":["https:\/\/www.facebook.com\/Nachofdezber","https:\/\/x.com\/NabercoDigital","https:\/\/www.instagram.com\/nachofdezber\/","https:\/\/www.youtube.com\/channel\/UCZP-2wLEB9Rv6erhFmqVnvg"],"address":{"@id":"https:\/\/candas365.es\/noticias\/#postaladdress","@type":"PostalAddress","streetAddress":"san antonio 4, san antonio 4","postalCode":"33430","addressLocality":"Cand\u00e1s","addressRegion":"Asturias","addressCountry":"ES"}},{"@type":"Person","@id":"https:\/\/candas365.es\/noticias\/author\/admin\/#author","url":"https:\/\/candas365.es\/noticias\/author\/admin\/","name":"Cand\u00e1s 365","image":{"@type":"ImageObject","@id":"https:\/\/candas365.es\/noticias\/aumenta-el-numero-de-fallecidos-por-los-incendios-en-chile\/#authorImage","url":"https:\/\/secure.gravatar.com\/avatar\/496a8e03d0c493ede1718b7934145dbdf8d89be1036b0eec9544e1094c9de390?s=96&d=mm&r=g","width":96,"height":96,"caption":"Cand\u00e1s 365"},"sameAs":["https:\/\/www.facebook.com\/carrenoactualidad","https:\/\/twitter.com\/nbasturias","https:\/\/www.instagram.com\/nachofdezber\/","https:\/\/www.youtube.com\/channel\/UCZP-2wLEB9Rv6erhFmqVnvg"]},{"@type":"WebPage","@id":"https:\/\/candas365.es\/noticias\/aumenta-el-numero-de-fallecidos-por-los-incendios-en-chile\/#webpage","url":"https:\/\/candas365.es\/noticias\/aumenta-el-numero-de-fallecidos-por-los-incendios-en-chile\/","name":"Aumenta el n\u00famero de fallecidos por los incendios en Chile | Cand\u00e1s 365","description":"(EP) - El Gobierno de Chile ha confirmado este martes la muerte de un trabajador forestal que estaba ayudando en las operaciones de extinci\u00f3n de los incendios","inLanguage":"es-ES","isPartOf":{"@id":"https:\/\/candas365.es\/noticias\/#website"},"breadcrumb":{"@id":"https:\/\/candas365.es\/noticias\/aumenta-el-numero-de-fallecidos-por-los-incendios-en-chile\/#breadcrumblist"},"author":{"@id":"https:\/\/candas365.es\/noticias\/author\/admin\/#author"},"creator":{"@id":"https:\/\/candas365.es\/noticias\/author\/admin\/#author"},"image":{"@type":"ImageObject","url":"https:\/\/candas365.es\/noticias\/wp-content\/uploads\/2023\/02\/Urgente.jpg","@id":"https:\/\/candas365.es\/noticias\/aumenta-el-numero-de-fallecidos-por-los-incendios-en-chile\/#mainImage","width":640,"height":400,"caption":"Urgente"},"primaryImageOfPage":{"@id":"https:\/\/candas365.es\/noticias\/aumenta-el-numero-de-fallecidos-por-los-incendios-en-chile\/#mainImage"},"datePublished":"2023-02-15T03:01:33+01:00","dateModified":"2023-02-15T03:01:33+01:00"},{"@type":"WebSite","@id":"https:\/\/candas365.es\/noticias\/#website","url":"https:\/\/candas365.es\/noticias\/","name":"Cand\u00e1s 365","alternateName":"Cand\u00e1s 365 Noticias","description":"Actualidad desde Carre\u00f1o para el mundo","inLanguage":"es-ES","publisher":{"@id":"https:\/\/candas365.es\/noticias\/#organization"}}]},"og:locale":"es_ES","og:site_name":"Cand\u00e1s 365","og:type":"article","og:title":"Aumenta el n\u00famero de fallecidos por los incendios en Chile | Cand\u00e1s 365","og:description":"(EP) - El Gobierno de Chile ha confirmado este martes la muerte de un trabajador forestal que estaba ayudando en las operaciones de extinci\u00f3n de los incendios","og:url":"https:\/\/candas365.es\/noticias\/aumenta-el-numero-de-fallecidos-por-los-incendios-en-chile\/","og:image":"https:\/\/candas365.es\/noticias\/wp-content\/uploads\/2023\/02\/Urgente.jpg","og:image:secure_url":"https:\/\/candas365.es\/noticias\/wp-content\/uploads\/2023\/02\/Urgente.jpg","og:image:width":640,"og:image:height":400,"article:published_time":"2023-02-15T02:01:33+00:00","article:modified_time":"2023-02-15T02:01:33+00:00","article:publisher":"https:\/\/www.facebook.com\/Nachofdezber","article:author":"https:\/\/www.facebook.com\/carrenoactualidad","twitter:card":"summary_large_image","twitter:site":"@NabercoDigital","twitter:title":"Aumenta el n\u00famero de fallecidos por los incendios en Chile | Cand\u00e1s 365","twitter:description":"(EP) - El Gobierno de Chile ha confirmado este martes la muerte de un trabajador forestal que estaba ayudando en las operaciones de extinci\u00f3n de los incendios","twitter:creator":"@nbasturias","twitter:image":"https:\/\/candas365.es\/noticias\/wp-content\/uploads\/2023\/02\/Urgente.jpg","twitter:label1":"Escrito por","twitter:data1":"Cand\u00e1s 365","twitter:label2":"Tiempo de lectura estimado","twitter:data2":"1 minuto"},"aioseo_meta_data":{"post_id":"171851","title":null,"description":"(EP) - El Gobierno de Chile ha confirmado este martes la muerte de un trabajador forestal que estaba ayudando en las operaciones de extinci\u00f3n de los incendios","keywords":[],"keyphrases":{"focus":{"keyphrase":" Chile ","score":92,"analysis":{"keyphraseInTitle":{"score":9,"maxScore":9,"error":0},"keyphraseInDescription":{"score":9,"maxScore":9,"error":0},"keyphraseLength":{"score":9,"maxScore":9,"error":0,"length":1},"keyphraseInURL":{"score":1,"maxScore":5,"error":1},"keyphraseInIntroduction":{"score":9,"maxScore":9,"error":0},"keyphraseInSubHeadings":[],"keyphraseInImageAlt":{"score":9,"maxScore":9,"error":0}}},"additional":[{"keyphrase":"incendios","score":83,"analysis":{"keyphraseInDescription":{"score":9,"maxScore":9,"error":0},"keyphraseLength":{"score":9,"maxScore":9,"error":0,"length":1},"keyphraseInIntroduction":{"score":9,"maxScore":9,"error":0},"keyphraseInImageAlt":{"score":3,"maxScore":9,"error":1}}}]},"primary_term":null,"canonical_url":null,"og_title":null,"og_description":null,"og_object_type":"default","og_image_type":"default","og_image_url":null,"og_image_width":null,"og_image_height":null,"og_image_custom_url":null,"og_image_custom_fields":null,"og_video":"","og_custom_url":null,"og_article_section":null,"og_article_tags":[],"twitter_use_og":false,"twitter_card":"default","twitter_image_type":"default","twitter_image_url":null,"twitter_image_custom_url":null,"twitter_image_custom_fields":null,"twitter_title":null,"twitter_description":null,"schema":{"blockGraphs":[],"customGraphs":[],"default":{"data":{"Article":[],"Course":[],"Dataset":[],"FAQPage":[],"Movie":[],"Person":[],"Product":[],"ProductReview":[],"Car":[],"Recipe":[],"Service":[],"SoftwareApplication":[],"WebPage":[]},"graphName":"Article","isEnabled":true},"graphs":[]},"schema_type":"default","schema_type_options":null,"pillar_content":false,"robots_default":true,"robots_noindex":false,"robots_noarchive":false,"robots_nosnippet":false,"robots_nofollow":false,"robots_noimageindex":false,"robots_noodp":false,"robots_notranslate":false,"robots_max_snippet":"-1","robots_max_videopreview":"-1","robots_max_imagepreview":"large","priority":null,"frequency":"default","location":null,"local_seo":null,"seo_analyzer_scan_date":"2025-09-01 18:58:22","breadcrumb_settings":null,"limit_modified_date":false,"reviewed_by":null,"open_ai":null,"ai":null,"created":"2023-02-15 01:58:49","updated":"2025-09-01 18:58:22"},"aioseo_breadcrumb":"<div class=\"aioseo-breadcrumbs\"><span class=\"aioseo-breadcrumb\">\n\t<a href=\"https:\/\/candas365.es\/noticias\" title=\"Home\">Home<\/a>\n<\/span><span class=\"aioseo-breadcrumb-separator\">&ndash;<\/span><span class=\"aioseo-breadcrumb\">\n\t<a href=\"https:\/\/candas365.es\/noticias\/category\/sucesos\/\" title=\"Sucesos\">Sucesos<\/a>\n<\/span><span class=\"aioseo-breadcrumb-separator\">&ndash;<\/span><span class=\"aioseo-breadcrumb\">\n\tAumenta el n\u00famero de fallecidos por los incendios en Chile\n<\/span><\/div>","aioseo_breadcrumb_json":[{"label":"Home","link":"https:\/\/candas365.es\/noticias"},{"label":"Sucesos","link":"https:\/\/candas365.es\/noticias\/category\/sucesos\/"},{"label":"Aumenta el n\u00famero de fallecidos por los incendios en Chile","link":"https:\/\/candas365.es\/noticias\/aumenta-el-numero-de-fallecidos-por-los-incendios-en-chile\/"}],"_links":{"self":[{"href":"https:\/\/candas365.es\/noticias\/wp-json\/wp\/v2\/posts\/171851","targetHints":{"allow":["GET"]}}],"collection":[{"href":"https:\/\/candas365.es\/noticias\/wp-json\/wp\/v2\/posts"}],"about":[{"href":"https:\/\/candas365.es\/noticias\/wp-json\/wp\/v2\/types\/post"}],"author":[{"embeddable":true,"href":"https:\/\/candas365.es\/noticias\/wp-json\/wp\/v2\/users\/1"}],"replies":[{"embeddable":true,"href":"https:\/\/candas365.es\/noticias\/wp-json\/wp\/v2\/comments?post=171851"}],"version-history":[{"count":0,"href":"https:\/\/candas365.es\/noticias\/wp-json\/wp\/v2\/posts\/171851\/revisions"}],"wp:featuredmedia":[{"embeddable":true,"href":"https:\/\/candas365.es\/noticias\/wp-json\/wp\/v2\/media\/171852"}],"wp:attachment":[{"href":"https:\/\/candas365.es\/noticias\/wp-json\/wp\/v2\/media?parent=171851"}],"wp:term":[{"taxonomy":"category","embeddable":true,"href":"https:\/\/candas365.es\/noticias\/wp-json\/wp\/v2\/categories?post=171851"},{"taxonomy":"post_tag","embeddable":true,"href":"https:\/\/candas365.es\/noticias\/wp-json\/wp\/v2\/tags?post=171851"}],"curies":[{"name":"wp","href":"https:\/\/api.w.org\/{rel}","templated":true}]}}