{"id":171848,"date":"2023-02-15T02:55:48","date_gmt":"2023-02-15T01:55:48","guid":{"rendered":"https:\/\/candas365.es\/noticias\/?p=171848"},"modified":"2023-02-15T02:55:48","modified_gmt":"2023-02-15T01:55:48","slug":"asesinado-un-periodista-en-la-ciudad-paraguaya-de-pedro-juan-caballero","status":"publish","type":"post","link":"https:\/\/candas365.es\/noticias\/asesinado-un-periodista-en-la-ciudad-paraguaya-de-pedro-juan-caballero\/","title":{"rendered":"Asesinado un periodista en la ciudad paraguaya de Pedro Juan Caballero"},"content":{"rendered":"<p>(EP) &#8211; El periodista Alexander \u00c1lvarez ha <a href=\"https:\/\/candas365.es\/noticias\/category\/sucesos\/\" target=\"_blank\" rel=\"noopener\"><span style=\"color: #ff6600;\"><strong>muerto por disparos<\/strong><\/span><\/a> este martes en la ciudad paraguaya de Pedro Juan Caballero, en la regi\u00f3n de Amambay, localizada en la frontera con Brasil.<\/p>\n<figure id=\"attachment_171849\" aria-describedby=\"caption-attachment-171849\" style=\"width: 578px\" class=\"wp-caption aligncenter\"><img fetchpriority=\"high\" decoding=\"async\" class=\"wp-image-171849 size-large\" src=\"https:\/\/candas365.es\/noticias\/wp-content\/uploads\/2023\/02\/periodista-578x480.jpg\" alt=\"periodista\" width=\"578\" height=\"480\" srcset=\"https:\/\/candas365.es\/noticias\/wp-content\/uploads\/2023\/02\/periodista-578x480.jpg 578w, https:\/\/candas365.es\/noticias\/wp-content\/uploads\/2023\/02\/periodista-360x300.jpg 360w, https:\/\/candas365.es\/noticias\/wp-content\/uploads\/2023\/02\/periodista-150x125.jpg 150w, https:\/\/candas365.es\/noticias\/wp-content\/uploads\/2023\/02\/periodista-450x374.jpg 450w, https:\/\/candas365.es\/noticias\/wp-content\/uploads\/2023\/02\/periodista.jpg 671w\" sizes=\"(max-width: 578px) 100vw, 578px\" \/><figcaption id=\"caption-attachment-171849\" class=\"wp-caption-text\">FOTO: MINISTERIO DEL INTERIOR DE PARAGUAY<\/figcaption><\/figure>\n<p>Seg\u00fan un informe preliminar, el reportero se encontraba dentro de su veh\u00edculo cuando varios desconocidos le dispararon desde una motocicleta, recoge la emisora Monumental 1080 AM.<\/p>\n<p>El comandante de la Polic\u00eda de Amambay, Jorge Villadet, ha se\u00f1alado que no se descarta que el asesinato tuviera como trasfondo una equivocaci\u00f3n de objetivo por parte del autor, sin proporcionar m\u00e1s detalles.<\/p>\n<p>Su compa\u00f1ero Ra\u00fal Ortiz ha se\u00f1alado que \u00c1lvarez no recib\u00eda ninguna amenaza, por lo que desconocen el motivo del ataque. \u00abNo sabemos cu\u00e1l es el trasfondo. \u00c9l no comunic\u00f3, no inform\u00f3 nada de si alguna vez tuvo alg\u00fan incidente con alguien\u00bb, seg\u00fan ha informado la emisora ABC.<\/p>\n<p>\u00abNuestro compa\u00f1ero no presentaba programas con pol\u00e9micas, temas relacionados al narcotr\u00e1fico o de zona de frontera\u00bb, ha se\u00f1alado su compa\u00f1ero, antes de agregar que su muerte \u00abes un golpe\u00bb contra su \u00abpasi\u00f3n, el periodismo\u00bb.<\/p>\n","protected":false},"excerpt":{"rendered":"<p>(EP) &#8211; El periodista Alexander \u00c1lvarez ha muerto por disparos este martes en la ciudad paraguaya de Pedro Juan Caballero, en la regi\u00f3n de Amambay, localizada en la frontera con Brasil. Seg\u00fan un informe preliminar, el reportero se encontraba dentro de su veh\u00edculo cuando varios desconocidos le dispararon desde una motocicleta, recoge la emisora Monumental<\/p>\n","protected":false},"author":1,"featured_media":171849,"comment_status":"closed","ping_status":"closed","sticky":false,"template":"","format":"standard","meta":{"footnotes":""},"categories":[487],"tags":[525,391],"class_list":{"0":"post-171848","1":"post","2":"type-post","3":"status-publish","4":"format-standard","5":"has-post-thumbnail","7":"category-sucesos","8":"tag-paraguay","9":"tag-sucesos"},"aioseo_notices":[],"aioseo_head":"\n\t\t<!-- All in One SEO Pro 4.9.6.2 - aioseo.com -->\n\t<meta name=\"description\" content=\"(EP) - El periodista Alexander \u00c1lvarez ha muerto por disparos este martes en la ciudad paraguaya de Pedro Juan Caballero, en la regi\u00f3n de Amambay,\" \/>\n\t<meta name=\"robots\" content=\"max-image-preview:large\" \/>\n\t<meta name=\"author\" content=\"Cand\u00e1s 365\"\/>\n\t<meta name=\"google-site-verification\" content=\"UA-32230408-1\" \/>\n\t<meta name=\"msvalidate.01\" content=\"354F3CDFB2DA171B47FBE9ABF1F88D5\" \/>\n\t<meta name=\"keywords\" content=\"sucesos\" \/>\n\t<link rel=\"canonical\" href=\"https:\/\/candas365.es\/noticias\/asesinado-un-periodista-en-la-ciudad-paraguaya-de-pedro-juan-caballero\/\" \/>\n\t<meta name=\"generator\" content=\"All in One SEO Pro (AIOSEO) 4.9.6.2\" \/>\n\t\t<meta property=\"og:locale\" content=\"es_ES\" \/>\n\t\t<meta property=\"og:site_name\" content=\"Cand\u00e1s 365\" \/>\n\t\t<meta property=\"og:type\" content=\"article\" \/>\n\t\t<meta property=\"og:title\" content=\"Asesinado un periodista en la ciudad paraguaya de Pedro Juan Caballero | Cand\u00e1s 365\" \/>\n\t\t<meta property=\"og:description\" content=\"(EP) - El periodista Alexander \u00c1lvarez ha muerto por disparos este martes en la ciudad paraguaya de Pedro Juan Caballero, en la regi\u00f3n de Amambay,\" \/>\n\t\t<meta property=\"og:url\" content=\"https:\/\/candas365.es\/noticias\/asesinado-un-periodista-en-la-ciudad-paraguaya-de-pedro-juan-caballero\/\" \/>\n\t\t<meta property=\"og:image\" content=\"https:\/\/candas365.es\/noticias\/wp-content\/uploads\/2023\/02\/periodista.jpg\" \/>\n\t\t<meta property=\"og:image:secure_url\" content=\"https:\/\/candas365.es\/noticias\/wp-content\/uploads\/2023\/02\/periodista.jpg\" \/>\n\t\t<meta property=\"og:image:width\" content=\"671\" \/>\n\t\t<meta property=\"og:image:height\" content=\"557\" \/>\n\t\t<meta property=\"article:published_time\" content=\"2023-02-15T01:55:48+00:00\" \/>\n\t\t<meta property=\"article:modified_time\" content=\"2023-02-15T01:55:48+00:00\" \/>\n\t\t<meta property=\"article:publisher\" content=\"https:\/\/www.facebook.com\/Nachofdezber\" \/>\n\t\t<meta property=\"article:author\" content=\"https:\/\/www.facebook.com\/carrenoactualidad\" \/>\n\t\t<meta name=\"twitter:card\" content=\"summary_large_image\" \/>\n\t\t<meta name=\"twitter:site\" content=\"@NabercoDigital\" \/>\n\t\t<meta name=\"twitter:title\" content=\"Asesinado un periodista en la ciudad paraguaya de Pedro Juan Caballero | Cand\u00e1s 365\" \/>\n\t\t<meta name=\"twitter:description\" content=\"(EP) - El periodista Alexander \u00c1lvarez ha muerto por disparos este martes en la ciudad paraguaya de Pedro Juan Caballero, en la regi\u00f3n de Amambay,\" \/>\n\t\t<meta name=\"twitter:creator\" content=\"@nbasturias\" \/>\n\t\t<meta name=\"twitter:image\" content=\"https:\/\/candas365.es\/noticias\/wp-content\/uploads\/2023\/02\/periodista.jpg\" \/>\n\t\t<meta name=\"twitter:label1\" content=\"Escrito por\" \/>\n\t\t<meta name=\"twitter:data1\" content=\"Cand\u00e1s 365\" \/>\n\t\t<meta name=\"twitter:label2\" content=\"Tiempo de lectura estimado\" \/>\n\t\t<meta name=\"twitter:data2\" content=\"1 minuto\" \/>\n\t\t<script type=\"application\/ld+json\" class=\"aioseo-schema\">\n\t\t\t{\"@context\":\"https:\\\/\\\/schema.org\",\"@graph\":[{\"@type\":\"BreadcrumbList\",\"@id\":\"https:\\\/\\\/candas365.es\\\/noticias\\\/asesinado-un-periodista-en-la-ciudad-paraguaya-de-pedro-juan-caballero\\\/#breadcrumblist\",\"itemListElement\":[{\"@type\":\"ListItem\",\"@id\":\"https:\\\/\\\/candas365.es\\\/noticias#listItem\",\"position\":1,\"name\":\"Home\",\"item\":\"https:\\\/\\\/candas365.es\\\/noticias\",\"nextItem\":{\"@type\":\"ListItem\",\"@id\":\"https:\\\/\\\/candas365.es\\\/noticias\\\/category\\\/sucesos\\\/#listItem\",\"name\":\"Sucesos\"}},{\"@type\":\"ListItem\",\"@id\":\"https:\\\/\\\/candas365.es\\\/noticias\\\/category\\\/sucesos\\\/#listItem\",\"position\":2,\"name\":\"Sucesos\",\"item\":\"https:\\\/\\\/candas365.es\\\/noticias\\\/category\\\/sucesos\\\/\",\"nextItem\":{\"@type\":\"ListItem\",\"@id\":\"https:\\\/\\\/candas365.es\\\/noticias\\\/asesinado-un-periodista-en-la-ciudad-paraguaya-de-pedro-juan-caballero\\\/#listItem\",\"name\":\"Asesinado un periodista en la ciudad paraguaya de Pedro Juan Caballero\"},\"previousItem\":{\"@type\":\"ListItem\",\"@id\":\"https:\\\/\\\/candas365.es\\\/noticias#listItem\",\"name\":\"Home\"}},{\"@type\":\"ListItem\",\"@id\":\"https:\\\/\\\/candas365.es\\\/noticias\\\/asesinado-un-periodista-en-la-ciudad-paraguaya-de-pedro-juan-caballero\\\/#listItem\",\"position\":3,\"name\":\"Asesinado un periodista en la ciudad paraguaya de Pedro Juan Caballero\",\"previousItem\":{\"@type\":\"ListItem\",\"@id\":\"https:\\\/\\\/candas365.es\\\/noticias\\\/category\\\/sucesos\\\/#listItem\",\"name\":\"Sucesos\"}}]},{\"@type\":\"NewsArticle\",\"@id\":\"https:\\\/\\\/candas365.es\\\/noticias\\\/asesinado-un-periodista-en-la-ciudad-paraguaya-de-pedro-juan-caballero\\\/#newsarticle\",\"name\":\"Asesinado un periodista en la ciudad paraguaya de Pedro Juan Caballero | Cand\\u00e1s 365\",\"headline\":\"Asesinado un periodista en la ciudad paraguaya de Pedro Juan Caballero\",\"author\":{\"@id\":\"https:\\\/\\\/candas365.es\\\/noticias\\\/author\\\/admin\\\/#author\"},\"publisher\":{\"@id\":\"https:\\\/\\\/candas365.es\\\/noticias\\\/#organization\"},\"image\":{\"@type\":\"ImageObject\",\"url\":\"https:\\\/\\\/candas365.es\\\/noticias\\\/wp-content\\\/uploads\\\/2023\\\/02\\\/periodista.jpg\",\"width\":671,\"height\":557,\"caption\":\"FOTO: MINISTERIO DEL INTERIOR DE PARAGUAY\"},\"datePublished\":\"2023-02-15T02:55:48+01:00\",\"dateModified\":\"2023-02-15T02:55:48+01:00\",\"inLanguage\":\"es-ES\",\"mainEntityOfPage\":{\"@id\":\"https:\\\/\\\/candas365.es\\\/noticias\\\/asesinado-un-periodista-en-la-ciudad-paraguaya-de-pedro-juan-caballero\\\/#webpage\"},\"isPartOf\":{\"@id\":\"https:\\\/\\\/candas365.es\\\/noticias\\\/asesinado-un-periodista-en-la-ciudad-paraguaya-de-pedro-juan-caballero\\\/#webpage\"},\"articleSection\":\"Sucesos, Paraguay, sucesos\",\"dateline\":\"Publicado el febrero 15, 2023.\"},{\"@type\":\"Organization\",\"@id\":\"https:\\\/\\\/candas365.es\\\/noticias\\\/#organization\",\"name\":\"Cand\\u00e1s 365\",\"description\":\"Cand\\u00e1s 365 es un diario digital independiente, fundado en 2012, con base en Asturias. Informamos con rigor sobre actualidad, sociedad, cultura y ocio, con una mirada local y global.\",\"url\":\"https:\\\/\\\/candas365.es\\\/noticias\\\/\",\"email\":\"info@candas365.es\",\"telephone\":\"+34652131393\",\"foundingDate\":\"2012-06-10\",\"logo\":{\"@type\":\"ImageObject\",\"url\":\"https:\\\/\\\/candas365.es\\\/noticias\\\/wp-content\\\/uploads\\\/2024\\\/09\\\/Candas-365-Redes.jpg\",\"@id\":\"https:\\\/\\\/candas365.es\\\/noticias\\\/asesinado-un-periodista-en-la-ciudad-paraguaya-de-pedro-juan-caballero\\\/#organizationLogo\",\"width\":1152,\"height\":864,\"caption\":\"Cand\\u00e1s 365 Redes\"},\"image\":{\"@id\":\"https:\\\/\\\/candas365.es\\\/noticias\\\/asesinado-un-periodista-en-la-ciudad-paraguaya-de-pedro-juan-caballero\\\/#organizationLogo\"},\"sameAs\":[\"https:\\\/\\\/www.facebook.com\\\/Nachofdezber\",\"https:\\\/\\\/x.com\\\/NabercoDigital\",\"https:\\\/\\\/www.instagram.com\\\/nachofdezber\\\/\",\"https:\\\/\\\/www.youtube.com\\\/channel\\\/UCZP-2wLEB9Rv6erhFmqVnvg\"],\"address\":{\"@id\":\"https:\\\/\\\/candas365.es\\\/noticias\\\/#postaladdress\",\"@type\":\"PostalAddress\",\"streetAddress\":\"san antonio 4, san antonio 4\",\"postalCode\":\"33430\",\"addressLocality\":\"Cand\\u00e1s\",\"addressRegion\":\"Asturias\",\"addressCountry\":\"ES\"}},{\"@type\":\"Person\",\"@id\":\"https:\\\/\\\/candas365.es\\\/noticias\\\/author\\\/admin\\\/#author\",\"url\":\"https:\\\/\\\/candas365.es\\\/noticias\\\/author\\\/admin\\\/\",\"name\":\"Cand\\u00e1s 365\",\"image\":{\"@type\":\"ImageObject\",\"@id\":\"https:\\\/\\\/candas365.es\\\/noticias\\\/asesinado-un-periodista-en-la-ciudad-paraguaya-de-pedro-juan-caballero\\\/#authorImage\",\"url\":\"https:\\\/\\\/secure.gravatar.com\\\/avatar\\\/496a8e03d0c493ede1718b7934145dbdf8d89be1036b0eec9544e1094c9de390?s=96&d=mm&r=g\",\"width\":96,\"height\":96,\"caption\":\"Cand\\u00e1s 365\"},\"sameAs\":[\"https:\\\/\\\/www.facebook.com\\\/carrenoactualidad\",\"https:\\\/\\\/twitter.com\\\/nbasturias\",\"https:\\\/\\\/www.instagram.com\\\/nachofdezber\\\/\",\"https:\\\/\\\/www.youtube.com\\\/channel\\\/UCZP-2wLEB9Rv6erhFmqVnvg\"]},{\"@type\":\"WebPage\",\"@id\":\"https:\\\/\\\/candas365.es\\\/noticias\\\/asesinado-un-periodista-en-la-ciudad-paraguaya-de-pedro-juan-caballero\\\/#webpage\",\"url\":\"https:\\\/\\\/candas365.es\\\/noticias\\\/asesinado-un-periodista-en-la-ciudad-paraguaya-de-pedro-juan-caballero\\\/\",\"name\":\"Asesinado un periodista en la ciudad paraguaya de Pedro Juan Caballero | Cand\\u00e1s 365\",\"description\":\"(EP) - El periodista Alexander \\u00c1lvarez ha muerto por disparos este martes en la ciudad paraguaya de Pedro Juan Caballero, en la regi\\u00f3n de Amambay,\",\"inLanguage\":\"es-ES\",\"isPartOf\":{\"@id\":\"https:\\\/\\\/candas365.es\\\/noticias\\\/#website\"},\"breadcrumb\":{\"@id\":\"https:\\\/\\\/candas365.es\\\/noticias\\\/asesinado-un-periodista-en-la-ciudad-paraguaya-de-pedro-juan-caballero\\\/#breadcrumblist\"},\"author\":{\"@id\":\"https:\\\/\\\/candas365.es\\\/noticias\\\/author\\\/admin\\\/#author\"},\"creator\":{\"@id\":\"https:\\\/\\\/candas365.es\\\/noticias\\\/author\\\/admin\\\/#author\"},\"image\":{\"@type\":\"ImageObject\",\"url\":\"https:\\\/\\\/candas365.es\\\/noticias\\\/wp-content\\\/uploads\\\/2023\\\/02\\\/periodista.jpg\",\"@id\":\"https:\\\/\\\/candas365.es\\\/noticias\\\/asesinado-un-periodista-en-la-ciudad-paraguaya-de-pedro-juan-caballero\\\/#mainImage\",\"width\":671,\"height\":557,\"caption\":\"FOTO: MINISTERIO DEL INTERIOR DE PARAGUAY\"},\"primaryImageOfPage\":{\"@id\":\"https:\\\/\\\/candas365.es\\\/noticias\\\/asesinado-un-periodista-en-la-ciudad-paraguaya-de-pedro-juan-caballero\\\/#mainImage\"},\"datePublished\":\"2023-02-15T02:55:48+01:00\",\"dateModified\":\"2023-02-15T02:55:48+01:00\"},{\"@type\":\"WebSite\",\"@id\":\"https:\\\/\\\/candas365.es\\\/noticias\\\/#website\",\"url\":\"https:\\\/\\\/candas365.es\\\/noticias\\\/\",\"name\":\"Cand\\u00e1s 365\",\"alternateName\":\"Cand\\u00e1s 365 Noticias\",\"description\":\"Actualidad desde Carre\\u00f1o para el mundo\",\"inLanguage\":\"es-ES\",\"publisher\":{\"@id\":\"https:\\\/\\\/candas365.es\\\/noticias\\\/#organization\"}}]}\n\t\t<\/script>\n\t\t<!-- All in One SEO Pro -->\r\n\t\t<title>Asesinado un periodista en la ciudad paraguaya de Pedro Juan Caballero | Cand\u00e1s 365<\/title>\n\n","aioseo_head_json":{"title":"Asesinado un periodista en la ciudad paraguaya de Pedro Juan Caballero | Cand\u00e1s 365","description":"(EP) - El periodista Alexander \u00c1lvarez ha muerto por disparos este martes en la ciudad paraguaya de Pedro Juan Caballero, en la regi\u00f3n de Amambay,","canonical_url":"https:\/\/candas365.es\/noticias\/asesinado-un-periodista-en-la-ciudad-paraguaya-de-pedro-juan-caballero\/","robots":"max-image-preview:large","keywords":"sucesos","webmasterTools":{"google-site-verification":"UA-32230408-1","msvalidate.01":"354F3CDFB2DA171B47FBE9ABF1F88D5","miscellaneous":""},"schema":{"@context":"https:\/\/schema.org","@graph":[{"@type":"BreadcrumbList","@id":"https:\/\/candas365.es\/noticias\/asesinado-un-periodista-en-la-ciudad-paraguaya-de-pedro-juan-caballero\/#breadcrumblist","itemListElement":[{"@type":"ListItem","@id":"https:\/\/candas365.es\/noticias#listItem","position":1,"name":"Home","item":"https:\/\/candas365.es\/noticias","nextItem":{"@type":"ListItem","@id":"https:\/\/candas365.es\/noticias\/category\/sucesos\/#listItem","name":"Sucesos"}},{"@type":"ListItem","@id":"https:\/\/candas365.es\/noticias\/category\/sucesos\/#listItem","position":2,"name":"Sucesos","item":"https:\/\/candas365.es\/noticias\/category\/sucesos\/","nextItem":{"@type":"ListItem","@id":"https:\/\/candas365.es\/noticias\/asesinado-un-periodista-en-la-ciudad-paraguaya-de-pedro-juan-caballero\/#listItem","name":"Asesinado un periodista en la ciudad paraguaya de Pedro Juan Caballero"},"previousItem":{"@type":"ListItem","@id":"https:\/\/candas365.es\/noticias#listItem","name":"Home"}},{"@type":"ListItem","@id":"https:\/\/candas365.es\/noticias\/asesinado-un-periodista-en-la-ciudad-paraguaya-de-pedro-juan-caballero\/#listItem","position":3,"name":"Asesinado un periodista en la ciudad paraguaya de Pedro Juan Caballero","previousItem":{"@type":"ListItem","@id":"https:\/\/candas365.es\/noticias\/category\/sucesos\/#listItem","name":"Sucesos"}}]},{"@type":"NewsArticle","@id":"https:\/\/candas365.es\/noticias\/asesinado-un-periodista-en-la-ciudad-paraguaya-de-pedro-juan-caballero\/#newsarticle","name":"Asesinado un periodista en la ciudad paraguaya de Pedro Juan Caballero | Cand\u00e1s 365","headline":"Asesinado un periodista en la ciudad paraguaya de Pedro Juan Caballero","author":{"@id":"https:\/\/candas365.es\/noticias\/author\/admin\/#author"},"publisher":{"@id":"https:\/\/candas365.es\/noticias\/#organization"},"image":{"@type":"ImageObject","url":"https:\/\/candas365.es\/noticias\/wp-content\/uploads\/2023\/02\/periodista.jpg","width":671,"height":557,"caption":"FOTO: MINISTERIO DEL INTERIOR DE PARAGUAY"},"datePublished":"2023-02-15T02:55:48+01:00","dateModified":"2023-02-15T02:55:48+01:00","inLanguage":"es-ES","mainEntityOfPage":{"@id":"https:\/\/candas365.es\/noticias\/asesinado-un-periodista-en-la-ciudad-paraguaya-de-pedro-juan-caballero\/#webpage"},"isPartOf":{"@id":"https:\/\/candas365.es\/noticias\/asesinado-un-periodista-en-la-ciudad-paraguaya-de-pedro-juan-caballero\/#webpage"},"articleSection":"Sucesos, Paraguay, sucesos","dateline":"Publicado el febrero 15, 2023."},{"@type":"Organization","@id":"https:\/\/candas365.es\/noticias\/#organization","name":"Cand\u00e1s 365","description":"Cand\u00e1s 365 es un diario digital independiente, fundado en 2012, con base en Asturias. Informamos con rigor sobre actualidad, sociedad, cultura y ocio, con una mirada local y global.","url":"https:\/\/candas365.es\/noticias\/","email":"info@candas365.es","telephone":"+34652131393","foundingDate":"2012-06-10","logo":{"@type":"ImageObject","url":"https:\/\/candas365.es\/noticias\/wp-content\/uploads\/2024\/09\/Candas-365-Redes.jpg","@id":"https:\/\/candas365.es\/noticias\/asesinado-un-periodista-en-la-ciudad-paraguaya-de-pedro-juan-caballero\/#organizationLogo","width":1152,"height":864,"caption":"Cand\u00e1s 365 Redes"},"image":{"@id":"https:\/\/candas365.es\/noticias\/asesinado-un-periodista-en-la-ciudad-paraguaya-de-pedro-juan-caballero\/#organizationLogo"},"sameAs":["https:\/\/www.facebook.com\/Nachofdezber","https:\/\/x.com\/NabercoDigital","https:\/\/www.instagram.com\/nachofdezber\/","https:\/\/www.youtube.com\/channel\/UCZP-2wLEB9Rv6erhFmqVnvg"],"address":{"@id":"https:\/\/candas365.es\/noticias\/#postaladdress","@type":"PostalAddress","streetAddress":"san antonio 4, san antonio 4","postalCode":"33430","addressLocality":"Cand\u00e1s","addressRegion":"Asturias","addressCountry":"ES"}},{"@type":"Person","@id":"https:\/\/candas365.es\/noticias\/author\/admin\/#author","url":"https:\/\/candas365.es\/noticias\/author\/admin\/","name":"Cand\u00e1s 365","image":{"@type":"ImageObject","@id":"https:\/\/candas365.es\/noticias\/asesinado-un-periodista-en-la-ciudad-paraguaya-de-pedro-juan-caballero\/#authorImage","url":"https:\/\/secure.gravatar.com\/avatar\/496a8e03d0c493ede1718b7934145dbdf8d89be1036b0eec9544e1094c9de390?s=96&d=mm&r=g","width":96,"height":96,"caption":"Cand\u00e1s 365"},"sameAs":["https:\/\/www.facebook.com\/carrenoactualidad","https:\/\/twitter.com\/nbasturias","https:\/\/www.instagram.com\/nachofdezber\/","https:\/\/www.youtube.com\/channel\/UCZP-2wLEB9Rv6erhFmqVnvg"]},{"@type":"WebPage","@id":"https:\/\/candas365.es\/noticias\/asesinado-un-periodista-en-la-ciudad-paraguaya-de-pedro-juan-caballero\/#webpage","url":"https:\/\/candas365.es\/noticias\/asesinado-un-periodista-en-la-ciudad-paraguaya-de-pedro-juan-caballero\/","name":"Asesinado un periodista en la ciudad paraguaya de Pedro Juan Caballero | Cand\u00e1s 365","description":"(EP) - El periodista Alexander \u00c1lvarez ha muerto por disparos este martes en la ciudad paraguaya de Pedro Juan Caballero, en la regi\u00f3n de Amambay,","inLanguage":"es-ES","isPartOf":{"@id":"https:\/\/candas365.es\/noticias\/#website"},"breadcrumb":{"@id":"https:\/\/candas365.es\/noticias\/asesinado-un-periodista-en-la-ciudad-paraguaya-de-pedro-juan-caballero\/#breadcrumblist"},"author":{"@id":"https:\/\/candas365.es\/noticias\/author\/admin\/#author"},"creator":{"@id":"https:\/\/candas365.es\/noticias\/author\/admin\/#author"},"image":{"@type":"ImageObject","url":"https:\/\/candas365.es\/noticias\/wp-content\/uploads\/2023\/02\/periodista.jpg","@id":"https:\/\/candas365.es\/noticias\/asesinado-un-periodista-en-la-ciudad-paraguaya-de-pedro-juan-caballero\/#mainImage","width":671,"height":557,"caption":"FOTO: MINISTERIO DEL INTERIOR DE PARAGUAY"},"primaryImageOfPage":{"@id":"https:\/\/candas365.es\/noticias\/asesinado-un-periodista-en-la-ciudad-paraguaya-de-pedro-juan-caballero\/#mainImage"},"datePublished":"2023-02-15T02:55:48+01:00","dateModified":"2023-02-15T02:55:48+01:00"},{"@type":"WebSite","@id":"https:\/\/candas365.es\/noticias\/#website","url":"https:\/\/candas365.es\/noticias\/","name":"Cand\u00e1s 365","alternateName":"Cand\u00e1s 365 Noticias","description":"Actualidad desde Carre\u00f1o para el mundo","inLanguage":"es-ES","publisher":{"@id":"https:\/\/candas365.es\/noticias\/#organization"}}]},"og:locale":"es_ES","og:site_name":"Cand\u00e1s 365","og:type":"article","og:title":"Asesinado un periodista en la ciudad paraguaya de Pedro Juan Caballero | Cand\u00e1s 365","og:description":"(EP) - El periodista Alexander \u00c1lvarez ha muerto por disparos este martes en la ciudad paraguaya de Pedro Juan Caballero, en la regi\u00f3n de Amambay,","og:url":"https:\/\/candas365.es\/noticias\/asesinado-un-periodista-en-la-ciudad-paraguaya-de-pedro-juan-caballero\/","og:image":"https:\/\/candas365.es\/noticias\/wp-content\/uploads\/2023\/02\/periodista.jpg","og:image:secure_url":"https:\/\/candas365.es\/noticias\/wp-content\/uploads\/2023\/02\/periodista.jpg","og:image:width":671,"og:image:height":557,"article:published_time":"2023-02-15T01:55:48+00:00","article:modified_time":"2023-02-15T01:55:48+00:00","article:publisher":"https:\/\/www.facebook.com\/Nachofdezber","article:author":"https:\/\/www.facebook.com\/carrenoactualidad","twitter:card":"summary_large_image","twitter:site":"@NabercoDigital","twitter:title":"Asesinado un periodista en la ciudad paraguaya de Pedro Juan Caballero | Cand\u00e1s 365","twitter:description":"(EP) - El periodista Alexander \u00c1lvarez ha muerto por disparos este martes en la ciudad paraguaya de Pedro Juan Caballero, en la regi\u00f3n de Amambay,","twitter:creator":"@nbasturias","twitter:image":"https:\/\/candas365.es\/noticias\/wp-content\/uploads\/2023\/02\/periodista.jpg","twitter:label1":"Escrito por","twitter:data1":"Cand\u00e1s 365","twitter:label2":"Tiempo de lectura estimado","twitter:data2":"1 minuto"},"aioseo_meta_data":{"post_id":"171848","title":null,"description":"(EP) - El periodista Alexander \u00c1lvarez ha muerto por disparos este martes en la ciudad paraguaya de Pedro Juan Caballero, en la regi\u00f3n de Amambay,","keywords":[],"keyphrases":{"focus":{"keyphrase":"periodista","score":92,"analysis":{"keyphraseInTitle":{"score":9,"maxScore":9,"error":0},"keyphraseInDescription":{"score":9,"maxScore":9,"error":0},"keyphraseLength":{"score":9,"maxScore":9,"error":0,"length":1},"keyphraseInURL":{"score":1,"maxScore":5,"error":1},"keyphraseInIntroduction":{"score":9,"maxScore":9,"error":0},"keyphraseInSubHeadings":[],"keyphraseInImageAlt":{"score":9,"maxScore":9,"error":0}}},"additional":[{"keyphrase":"Pedro Juan Caballero","score":83,"analysis":{"keyphraseInDescription":{"score":9,"maxScore":9,"error":0},"keyphraseLength":{"score":9,"maxScore":9,"error":0,"length":3},"keyphraseInIntroduction":{"score":9,"maxScore":9,"error":0},"keyphraseInImageAlt":{"score":3,"maxScore":9,"error":1}}}]},"primary_term":null,"canonical_url":null,"og_title":null,"og_description":null,"og_object_type":"default","og_image_type":"default","og_image_url":null,"og_image_width":null,"og_image_height":null,"og_image_custom_url":null,"og_image_custom_fields":null,"og_video":"","og_custom_url":null,"og_article_section":null,"og_article_tags":[],"twitter_use_og":false,"twitter_card":"default","twitter_image_type":"default","twitter_image_url":null,"twitter_image_custom_url":null,"twitter_image_custom_fields":null,"twitter_title":null,"twitter_description":null,"schema":{"blockGraphs":[],"customGraphs":[],"default":{"data":{"Article":[],"Course":[],"Dataset":[],"FAQPage":[],"Movie":[],"Person":[],"Product":[],"ProductReview":[],"Car":[],"Recipe":[],"Service":[],"SoftwareApplication":[],"WebPage":[]},"graphName":"Article","isEnabled":true},"graphs":[]},"schema_type":"default","schema_type_options":null,"pillar_content":false,"robots_default":true,"robots_noindex":false,"robots_noarchive":false,"robots_nosnippet":false,"robots_nofollow":false,"robots_noimageindex":false,"robots_noodp":false,"robots_notranslate":false,"robots_max_snippet":"-1","robots_max_videopreview":"-1","robots_max_imagepreview":"large","priority":null,"frequency":"default","location":null,"local_seo":null,"seo_analyzer_scan_date":"2025-09-01 18:58:21","breadcrumb_settings":null,"limit_modified_date":false,"reviewed_by":null,"open_ai":null,"ai":null,"created":"2023-02-15 01:50:42","updated":"2025-09-01 18:58:21"},"aioseo_breadcrumb":"<div class=\"aioseo-breadcrumbs\"><span class=\"aioseo-breadcrumb\">\n\t<a href=\"https:\/\/candas365.es\/noticias\" title=\"Home\">Home<\/a>\n<\/span><span class=\"aioseo-breadcrumb-separator\">&ndash;<\/span><span class=\"aioseo-breadcrumb\">\n\t<a href=\"https:\/\/candas365.es\/noticias\/category\/sucesos\/\" title=\"Sucesos\">Sucesos<\/a>\n<\/span><span class=\"aioseo-breadcrumb-separator\">&ndash;<\/span><span class=\"aioseo-breadcrumb\">\n\tAsesinado un periodista en la ciudad paraguaya de Pedro Juan Caballero\n<\/span><\/div>","aioseo_breadcrumb_json":[{"label":"Home","link":"https:\/\/candas365.es\/noticias"},{"label":"Sucesos","link":"https:\/\/candas365.es\/noticias\/category\/sucesos\/"},{"label":"Asesinado un periodista en la ciudad paraguaya de Pedro Juan Caballero","link":"https:\/\/candas365.es\/noticias\/asesinado-un-periodista-en-la-ciudad-paraguaya-de-pedro-juan-caballero\/"}],"_links":{"self":[{"href":"https:\/\/candas365.es\/noticias\/wp-json\/wp\/v2\/posts\/171848","targetHints":{"allow":["GET"]}}],"collection":[{"href":"https:\/\/candas365.es\/noticias\/wp-json\/wp\/v2\/posts"}],"about":[{"href":"https:\/\/candas365.es\/noticias\/wp-json\/wp\/v2\/types\/post"}],"author":[{"embeddable":true,"href":"https:\/\/candas365.es\/noticias\/wp-json\/wp\/v2\/users\/1"}],"replies":[{"embeddable":true,"href":"https:\/\/candas365.es\/noticias\/wp-json\/wp\/v2\/comments?post=171848"}],"version-history":[{"count":0,"href":"https:\/\/candas365.es\/noticias\/wp-json\/wp\/v2\/posts\/171848\/revisions"}],"wp:featuredmedia":[{"embeddable":true,"href":"https:\/\/candas365.es\/noticias\/wp-json\/wp\/v2\/media\/171849"}],"wp:attachment":[{"href":"https:\/\/candas365.es\/noticias\/wp-json\/wp\/v2\/media?parent=171848"}],"wp:term":[{"taxonomy":"category","embeddable":true,"href":"https:\/\/candas365.es\/noticias\/wp-json\/wp\/v2\/categories?post=171848"},{"taxonomy":"post_tag","embeddable":true,"href":"https:\/\/candas365.es\/noticias\/wp-json\/wp\/v2\/tags?post=171848"}],"curies":[{"name":"wp","href":"https:\/\/api.w.org\/{rel}","templated":true}]}}