{"id":171726,"date":"2023-02-10T16:07:16","date_gmt":"2023-02-10T15:07:16","guid":{"rendered":"https:\/\/candas365.es\/noticias\/?p=171726"},"modified":"2023-02-10T16:07:38","modified_gmt":"2023-02-10T15:07:38","slug":"los-premios-goya-celebran-manana-sabado-en-sevilla","status":"publish","type":"post","link":"https:\/\/candas365.es\/noticias\/los-premios-goya-celebran-manana-sabado-en-sevilla\/","title":{"rendered":"Los Premios Goya se celebran ma\u00f1ana s\u00e1bado en Sevilla"},"content":{"rendered":"<p>(EP) &#8211; Los Premios Goya celebran este s\u00e1bado 11 de febrero en el Auditorio Andaluc\u00eda de Sevilla una nueva gala que viene marcada por las recientes denuncias de agresi\u00f3n sexual en los Premios Feroz &#8211;de ah\u00ed que se haya implantado un protocolo antiacoso&#8211; y la presencia de representantes pol\u00edticos, en especial el presidente del Gobierno, Pedro S\u00e1nchez, y su hom\u00f3logo en la oposici\u00f3n, Alberto N\u00fa\u00f1ez Feijo\u00f3.<\/p>\n<figure id=\"attachment_171727\" aria-describedby=\"caption-attachment-171727\" style=\"width: 565px\" class=\"wp-caption aligncenter\"><img fetchpriority=\"high\" decoding=\"async\" class=\"wp-image-171727 size-large\" src=\"https:\/\/candas365.es\/noticias\/wp-content\/uploads\/2023\/02\/Premios-Goya-565x480.jpg\" alt=\"Premios Goya\" width=\"565\" height=\"480\" srcset=\"https:\/\/candas365.es\/noticias\/wp-content\/uploads\/2023\/02\/Premios-Goya-565x480.jpg 565w, https:\/\/candas365.es\/noticias\/wp-content\/uploads\/2023\/02\/Premios-Goya-353x300.jpg 353w, https:\/\/candas365.es\/noticias\/wp-content\/uploads\/2023\/02\/Premios-Goya-150x127.jpg 150w, https:\/\/candas365.es\/noticias\/wp-content\/uploads\/2023\/02\/Premios-Goya-450x382.jpg 450w, https:\/\/candas365.es\/noticias\/wp-content\/uploads\/2023\/02\/Premios-Goya.jpg 664w\" sizes=\"(max-width: 565px) 100vw, 565px\" \/><figcaption id=\"caption-attachment-171727\" class=\"wp-caption-text\">FOTO: ALBERTO ORTEGA \/ Europa Press<\/figcaption><\/figure>\n<p>En concreto, este pasado jueves se avanz\u00f3 este protocolo, que incluir\u00e1 equipo especializado ante agresiones sexuales y \u00abespacios seguros\u00bb para atender casos. Entre otras acciones, incluye la formaci\u00f3n espec\u00edfica para el personal y una descripci\u00f3n detallada de los pasos a seguir para cada una de las tipolog\u00edas de violencia, agresi\u00f3n sexual, acoso sexual o intromisi\u00f3n que pudiera sufrir alguna de las personas asistentes al evento.<\/p>\n<p>Tambi\u00e9n se ha referido a esta situaci\u00f3n el presidente de la Academia de Cine, Fernando M\u00e9ndez-Leite, en una entrevista con Europa Press en la que mostraba su deseo de tener \u00abuna gala segura en la que nadie pueda hacer lo que no se debe\u00bb. Adem\u00e1s, tambi\u00e9n ha explicado la dificultad de poner en marcha un protocolo.<\/p>\n<p>\u00abEs complicado de organizar, pero hay mucha gente detr\u00e1s y se trata de que, en el momento de que haya cualquier sospecha de cualquier actuaci\u00f3n de este tipo, se corte radicalmente\u00bb, ha se\u00f1alado. El presidente de la Academia de Cine se ha mostrado \u00abpreocupado\u00bb por lo ocurrido en los Premios Feroz porque \u00abla repercusi\u00f3n afecta no solo a los Goya, sino al cine espa\u00f1ol\u00bb.<\/p>\n<p>Las agresiones en el cine han llegado incluso al plano pol\u00edtico, con Unidas Podemos se\u00f1alando que contempla incluir en la Ley del Cine \u00abm\u00e1s prevenci\u00f3n\u00bb para evitar casos. \u00abVamos a hablarlo con el Ministerio de Cultura y con el Grupo Socialista y veremos, ahora que est\u00e1 en marcha el tema de la Ley del Cine, si a lo mejor poner m\u00e1s prevenci\u00f3n en este tema podr\u00eda ser una buena idea\u00bb, ha explicado a Europa Press la portavoz de la Comisi\u00f3n de Cultura de En Com\u00fa Podem, Mar Garc\u00eda Puig.<\/p>\n<p>Garc\u00eda Puig considera que este tipo de iniciativas legislativas podr\u00edan tener m\u00e1s impacto \u00abm\u00e1s all\u00e1 de otras decisiones puntuales que muchas veces no llegan a trascender fuera del Parlamento\u00bb, ha afirmado despu\u00e9s de resaltar la importancia de poner en marcha \u00abmedidas transversales\u00bb para el sector.<\/p>\n<p>Por primera vez en una gala de los Goya se ver\u00e1n las caras el presidente del Gobierno y el l\u00edder de la oposici\u00f3n. En este caso, Pedro S\u00e1nchez &#8211;anunciando su presencia a trav\u00e9s de Twitter tras ver en un cine &#8216;As bestas&#8217;&#8211; y N\u00fa\u00f1ez-Feijoo &#8211;con un lapsus entre medias de confundir los Oscar con los Goya&#8211; quienes han confirmado a lo largo de esta semana su asistencia. A ellos se suma la habitual presencia del ministro de Cultura y Deporte, Miquel Iceta, en otro a\u00f1o m\u00e1s que no habr\u00e1 presencia mon\u00e1rquica.<\/p>\n<p>Tambi\u00e9n ser\u00e1 una gala especial tras cumplirse 20 a\u00f1os de los pol\u00e9micos Goya del &#8216;No a la guerra&#8217;. Para M\u00e9ndez-Leite, en aquella ocasi\u00f3n hubo \u00abuna especie de cuasi unanimidad\u00bb del cine espa\u00f1ol en esa reclamaci\u00f3n, si bien tuvo \u00abefectos negativos\u00bb por la imagen que gener\u00f3 al sector.<\/p>\n<p>\u00abSe cre\u00f3 una imagen del cine espa\u00f1ol por la que parec\u00eda estar solo pendiente de cuestiones pol\u00edticas, cuando eso no es as\u00ed. El cine espa\u00f1ol somos muchas personas y de todos los que trabajamos en este oficio cada uno tiene su pensamiento y cada uno reacciona de manera determinada en la manera pol\u00edtica en la que vive\u00bb, ha afirmado.<\/p>\n<h2>REIVINDICACI\u00d3N DEL CORTO<\/h2>\n<p>Por el momento, las \u00fanicas reivindicaciones anunciadas ser\u00e1n las del sector del cortometraje, que lanzar\u00e1 este s\u00e1bado en los Premios Goya la campa\u00f1a &#8216;Ponte la chapa: El corto es cine&#8217;, para reivindicar que \u00abel corto es cine\u00bb, a trav\u00e9s del reparto de chapas.<\/p>\n<p>La acci\u00f3n busca el apoyo de la industria para fomentar la creaci\u00f3n de un organismo que coordine los asuntos del sector \u00abpara competir en igualdad de condiciones con los pa\u00edses del entorno\u00bb y conseguir una inversi\u00f3n anual de televisiones y plataformas de un uno por ciento destinado a la compra de los derechos de las cintas cortas.<\/p>\n<h2>FAVORITAS<\/h2>\n<p>En cuanto a la terna de favoritas, para esta edici\u00f3n, est\u00e1n arriba la cinta &#8216;As Bestas&#8217;, de Rodrigo Sorogoyen, al acaparar 17 nominaciones, mientras que &#8216;Modelo 77&#8217; de Alberto Rodr\u00edguez, con 16, y &#8216;Alcarr\u00e0s&#8217;, de Carla Sim\u00f3n y &#8216;Cinco lobitos&#8217;, de Alauda Ruiz de Az\u00faa, con once nominaciones, copan los siguientes puestos en cuanto a reconocimientos.<\/p>\n<p>De todas ellas, solo tres cintas competir\u00e1n en las principales categor\u00edas, tanto a mejor direcci\u00f3n como pel\u00edcula. En la categor\u00eda de mejor direcci\u00f3n &#8216;As bestas&#8217;, &#8216;Modelo 77&#8217; y &#8216;Alcarr\u00e0s&#8217; estar\u00e1n acompa\u00f1adas por Pilar Palomero, con su nuevo trabajo &#8216;La maternal&#8217;, adem\u00e1s de por Carlos Vermut con &#8216;Mant\u00edcora&#8217;.<\/p>\n<p>En mejor pel\u00edcula s\u00ed estar\u00e1n junto a Alauda Ruiz de Az\u00faa por &#8216;Cinco lobitos&#8217;, que da el relevo a Carlos Vermut &#8211;el resto de cintas se mantienen en esta categor\u00eda&#8211;. Juntando las dos categor\u00edas, se da una paridad entre los nominados, con el mismo n\u00famero de directores y directoras.<\/p>\n<p>Adem\u00e1s de ellas, &#8216;Cerdita&#8217; y &#8216;Los renglones torcidos de Dios&#8217; re\u00fanen seis nominaciones, &#8216;En los m\u00e1rgenes&#8217; e &#8216;Irati&#8217;, cinco; &#8216;Mant\u00edcora&#8217;, cuatro y &#8216;La maternal&#8217;, &#8216;La piedad&#8217; y &#8216;Un a\u00f1o, una noche&#8217;, tres. Por categor\u00edas, en mejor actor protagonista optar\u00e1n al premio Denis Men\u00f3chet (&#8216;As bestas&#8217;), Luis Tosar (&#8216;En los m\u00e1rgenes&#8217;), Nacho S\u00e1nchez (&#8216;Mant\u00edcora&#8217;), Javier Guti\u00e9rrez (&#8216;Modelo 77&#8217;) y Miguel Herr\u00e1n (&#8216;Modelo 77&#8217;).<\/p>\n<p>En cuanto a actriz protagonista, optar\u00e1n Marina Fo\u00efs (&#8216;As bestas&#8217;), Laia Costa (&#8216;Cinco lobitos&#8217;), Anna Castillo (&#8216;Girasoles silvestres&#8217;), B\u00e1rbara Lennie (&#8216;Los renglones torcidos de Dios&#8217;) y Vicky Luengo (&#8216;Suro&#8217;).<\/p>\n<p>Para mejores actrices de reparto, repite Pen\u00e9lope Cruz &#8211;la m\u00e1s nominada entre las actrices espa\u00f1olas, que suma una m\u00e1s a sus 13 previas&#8211; por &#8216;En los m\u00e1rgenes&#8217;, y estar\u00e1 acompa\u00f1ada de Carmen Machi (&#8216;Cerdita&#8217;), Susi S\u00e1nchez (&#8216;Cinco lobitos&#8217;), Marie Colomb (&#8216;As bestas&#8217;) y \u00c1ngela Cervantes (&#8216;La maternal&#8217;).<\/p>\n<p>Para actor de reparto, Diego Anido y Luis Zahera por &#8216;As bestas&#8217; estar\u00e1n en la misma categor\u00eda que Ram\u00f3n Barea (&#8216;Cinco lobitos&#8217;), Fernando Tejero (&#8216;Modelo 77&#8217;) y Jes\u00fas Carroza (&#8216;Modelo 77&#8217;). Se da la circunstancia de que el total elenco de actores de &#8216;Cinco lobitos&#8217; est\u00e1 en las cuatro categor\u00edas.<\/p>\n<h2>LA NOCHE DE RAM\u00d3N BAREA<\/h2>\n<p>Ser\u00e1 una gala de curiosidades, como por ejemplo el estreno en la alfombra roja como nominado del actor Ram\u00f3n Barea, tras m\u00e1s de 100 pel\u00edculas. \u00abEstoy un poco nervioso pero prefer\u00eda estar vi\u00e9ndolos desde el sof\u00e1 de mi casa, vi\u00e9ndome desde all\u00ed\u00bb, ha asegurado, en declaraciones a Europa Press, al tiempo que ha confesado que solo ha estado una vez en la gala y fue entregando un premio junto a Bel\u00e9n Cuesta, algo que le pareci\u00f3 \u00ababurrido\u00bb.<\/p>\n<p>Otros datos relevantes de cara a la gala, presentada por los actores Antonio de la Torre y Clara Lago, ser\u00e1 el hecho de que haya por primera vez tres actores franceses nominados en distintas categor\u00edas que opt\u00e1n al cabez\u00f3n; la nominaci\u00f3n para un film en lengua de signos en la categor\u00eda de cortometrajes &#8211;&#8216;Sorda&#8217;&#8211; o la presencia de Ferm\u00edn Muguruza por su nominaci\u00f3n a &#8216;Black is Beltza II: Ainhoa&#8217;, que ha levantado cr\u00edticas de Vox al lamentar que se \u00abhomenajee a un filoetarra\u00bb.<\/p>\n","protected":false},"excerpt":{"rendered":"<p>(EP) &#8211; Los Premios Goya celebran este s\u00e1bado 11 de febrero en el Auditorio Andaluc\u00eda de Sevilla una nueva gala que viene marcada por las recientes denuncias de agresi\u00f3n sexual en los Premios Feroz &#8211;de ah\u00ed que se haya implantado un protocolo antiacoso&#8211; y la presencia de representantes pol\u00edticos, en especial el presidente del Gobierno,<\/p>\n","protected":false},"author":1,"featured_media":171727,"comment_status":"closed","ping_status":"closed","sticky":false,"template":"","format":"standard","meta":{"footnotes":""},"categories":[1],"tags":[430],"class_list":{"0":"post-171726","1":"post","2":"type-post","3":"status-publish","4":"format-standard","5":"has-post-thumbnail","7":"category-agenda","8":"tag-cultura"},"aioseo_notices":[],"aioseo_head":"\n\t\t<!-- All in One SEO Pro 4.9.6.2 - aioseo.com -->\n\t<meta name=\"description\" content=\"(EP) - Los Premios Goya celebran este s\u00e1bado 11 de febrero en el Auditorio Andaluc\u00eda de Sevilla una nueva gala que viene marcada por las recientes denuncias\" \/>\n\t<meta name=\"robots\" content=\"max-image-preview:large\" \/>\n\t<meta name=\"author\" content=\"Cand\u00e1s 365\"\/>\n\t<meta name=\"google-site-verification\" content=\"UA-32230408-1\" \/>\n\t<meta name=\"msvalidate.01\" content=\"354F3CDFB2DA171B47FBE9ABF1F88D5\" \/>\n\t<meta name=\"keywords\" content=\"agenda\" \/>\n\t<link rel=\"canonical\" href=\"https:\/\/candas365.es\/noticias\/los-premios-goya-celebran-manana-sabado-en-sevilla\/\" \/>\n\t<meta name=\"generator\" content=\"All in One SEO Pro (AIOSEO) 4.9.6.2\" \/>\n\t\t<meta property=\"og:locale\" content=\"es_ES\" \/>\n\t\t<meta property=\"og:site_name\" content=\"Cand\u00e1s 365\" \/>\n\t\t<meta property=\"og:type\" content=\"article\" \/>\n\t\t<meta property=\"og:title\" content=\"Los Premios Goya se celebran ma\u00f1ana s\u00e1bado en Sevilla | Cand\u00e1s 365\" \/>\n\t\t<meta property=\"og:description\" content=\"(EP) - Los Premios Goya celebran este s\u00e1bado 11 de febrero en el Auditorio Andaluc\u00eda de Sevilla una nueva gala que viene marcada por las recientes denuncias\" \/>\n\t\t<meta property=\"og:url\" content=\"https:\/\/candas365.es\/noticias\/los-premios-goya-celebran-manana-sabado-en-sevilla\/\" \/>\n\t\t<meta property=\"og:image\" content=\"https:\/\/candas365.es\/noticias\/wp-content\/uploads\/2023\/02\/Premios-Goya.jpg\" \/>\n\t\t<meta property=\"og:image:secure_url\" content=\"https:\/\/candas365.es\/noticias\/wp-content\/uploads\/2023\/02\/Premios-Goya.jpg\" \/>\n\t\t<meta property=\"og:image:width\" content=\"664\" \/>\n\t\t<meta property=\"og:image:height\" content=\"564\" \/>\n\t\t<meta property=\"article:published_time\" content=\"2023-02-10T15:07:16+00:00\" \/>\n\t\t<meta property=\"article:modified_time\" content=\"2023-02-10T15:07:38+00:00\" \/>\n\t\t<meta property=\"article:publisher\" content=\"https:\/\/www.facebook.com\/Nachofdezber\" \/>\n\t\t<meta property=\"article:author\" content=\"https:\/\/www.facebook.com\/carrenoactualidad\" \/>\n\t\t<meta name=\"twitter:card\" content=\"summary_large_image\" \/>\n\t\t<meta name=\"twitter:site\" content=\"@NabercoDigital\" \/>\n\t\t<meta name=\"twitter:title\" content=\"Los Premios Goya se celebran ma\u00f1ana s\u00e1bado en Sevilla | Cand\u00e1s 365\" \/>\n\t\t<meta name=\"twitter:description\" content=\"(EP) - Los Premios Goya celebran este s\u00e1bado 11 de febrero en el Auditorio Andaluc\u00eda de Sevilla una nueva gala que viene marcada por las recientes denuncias\" \/>\n\t\t<meta name=\"twitter:creator\" content=\"@nbasturias\" \/>\n\t\t<meta name=\"twitter:image\" content=\"https:\/\/candas365.es\/noticias\/wp-content\/uploads\/2023\/02\/Premios-Goya.jpg\" \/>\n\t\t<meta name=\"twitter:label1\" content=\"Escrito por\" \/>\n\t\t<meta name=\"twitter:data1\" content=\"Cand\u00e1s 365\" \/>\n\t\t<meta name=\"twitter:label2\" content=\"Tiempo de lectura estimado\" \/>\n\t\t<meta name=\"twitter:data2\" content=\"7 minutos\" \/>\n\t\t<script type=\"application\/ld+json\" class=\"aioseo-schema\">\n\t\t\t{\"@context\":\"https:\\\/\\\/schema.org\",\"@graph\":[{\"@type\":\"BreadcrumbList\",\"@id\":\"https:\\\/\\\/candas365.es\\\/noticias\\\/los-premios-goya-celebran-manana-sabado-en-sevilla\\\/#breadcrumblist\",\"itemListElement\":[{\"@type\":\"ListItem\",\"@id\":\"https:\\\/\\\/candas365.es\\\/noticias#listItem\",\"position\":1,\"name\":\"Home\",\"item\":\"https:\\\/\\\/candas365.es\\\/noticias\",\"nextItem\":{\"@type\":\"ListItem\",\"@id\":\"https:\\\/\\\/candas365.es\\\/noticias\\\/category\\\/agenda\\\/#listItem\",\"name\":\"Agenda\"}},{\"@type\":\"ListItem\",\"@id\":\"https:\\\/\\\/candas365.es\\\/noticias\\\/category\\\/agenda\\\/#listItem\",\"position\":2,\"name\":\"Agenda\",\"item\":\"https:\\\/\\\/candas365.es\\\/noticias\\\/category\\\/agenda\\\/\",\"nextItem\":{\"@type\":\"ListItem\",\"@id\":\"https:\\\/\\\/candas365.es\\\/noticias\\\/los-premios-goya-celebran-manana-sabado-en-sevilla\\\/#listItem\",\"name\":\"Los Premios Goya se celebran ma\\u00f1ana s\\u00e1bado en Sevilla\"},\"previousItem\":{\"@type\":\"ListItem\",\"@id\":\"https:\\\/\\\/candas365.es\\\/noticias#listItem\",\"name\":\"Home\"}},{\"@type\":\"ListItem\",\"@id\":\"https:\\\/\\\/candas365.es\\\/noticias\\\/los-premios-goya-celebran-manana-sabado-en-sevilla\\\/#listItem\",\"position\":3,\"name\":\"Los Premios Goya se celebran ma\\u00f1ana s\\u00e1bado en Sevilla\",\"previousItem\":{\"@type\":\"ListItem\",\"@id\":\"https:\\\/\\\/candas365.es\\\/noticias\\\/category\\\/agenda\\\/#listItem\",\"name\":\"Agenda\"}}]},{\"@type\":\"NewsArticle\",\"@id\":\"https:\\\/\\\/candas365.es\\\/noticias\\\/los-premios-goya-celebran-manana-sabado-en-sevilla\\\/#newsarticle\",\"name\":\"Los Premios Goya se celebran ma\\u00f1ana s\\u00e1bado en Sevilla | Cand\\u00e1s 365\",\"headline\":\"Los Premios Goya se celebran ma\\u00f1ana s\\u00e1bado en Sevilla\",\"author\":{\"@id\":\"https:\\\/\\\/candas365.es\\\/noticias\\\/author\\\/admin\\\/#author\"},\"publisher\":{\"@id\":\"https:\\\/\\\/candas365.es\\\/noticias\\\/#organization\"},\"image\":{\"@type\":\"ImageObject\",\"url\":\"https:\\\/\\\/candas365.es\\\/noticias\\\/wp-content\\\/uploads\\\/2023\\\/02\\\/Premios-Goya.jpg\",\"width\":664,\"height\":564,\"caption\":\"FOTO: ALBERTO ORTEGA \\\/ Europa Press\"},\"datePublished\":\"2023-02-10T16:07:16+01:00\",\"dateModified\":\"2023-02-10T16:07:38+01:00\",\"inLanguage\":\"es-ES\",\"mainEntityOfPage\":{\"@id\":\"https:\\\/\\\/candas365.es\\\/noticias\\\/los-premios-goya-celebran-manana-sabado-en-sevilla\\\/#webpage\"},\"isPartOf\":{\"@id\":\"https:\\\/\\\/candas365.es\\\/noticias\\\/los-premios-goya-celebran-manana-sabado-en-sevilla\\\/#webpage\"},\"articleSection\":\"Agenda, cultura\",\"dateline\":\"Publicado el febrero 10, 2023.\"},{\"@type\":\"Organization\",\"@id\":\"https:\\\/\\\/candas365.es\\\/noticias\\\/#organization\",\"name\":\"Cand\\u00e1s 365\",\"description\":\"Cand\\u00e1s 365 es un diario digital independiente, fundado en 2012, con base en Asturias. Informamos con rigor sobre actualidad, sociedad, cultura y ocio, con una mirada local y global.\",\"url\":\"https:\\\/\\\/candas365.es\\\/noticias\\\/\",\"email\":\"info@candas365.es\",\"telephone\":\"+34652131393\",\"foundingDate\":\"2012-06-10\",\"logo\":{\"@type\":\"ImageObject\",\"url\":\"https:\\\/\\\/candas365.es\\\/noticias\\\/wp-content\\\/uploads\\\/2024\\\/09\\\/Candas-365-Redes.jpg\",\"@id\":\"https:\\\/\\\/candas365.es\\\/noticias\\\/los-premios-goya-celebran-manana-sabado-en-sevilla\\\/#organizationLogo\",\"width\":1152,\"height\":864,\"caption\":\"Cand\\u00e1s 365 Redes\"},\"image\":{\"@id\":\"https:\\\/\\\/candas365.es\\\/noticias\\\/los-premios-goya-celebran-manana-sabado-en-sevilla\\\/#organizationLogo\"},\"sameAs\":[\"https:\\\/\\\/www.facebook.com\\\/Nachofdezber\",\"https:\\\/\\\/x.com\\\/NabercoDigital\",\"https:\\\/\\\/www.instagram.com\\\/nachofdezber\\\/\",\"https:\\\/\\\/www.youtube.com\\\/channel\\\/UCZP-2wLEB9Rv6erhFmqVnvg\"],\"address\":{\"@id\":\"https:\\\/\\\/candas365.es\\\/noticias\\\/#postaladdress\",\"@type\":\"PostalAddress\",\"streetAddress\":\"san antonio 4, san antonio 4\",\"postalCode\":\"33430\",\"addressLocality\":\"Cand\\u00e1s\",\"addressRegion\":\"Asturias\",\"addressCountry\":\"ES\"}},{\"@type\":\"Person\",\"@id\":\"https:\\\/\\\/candas365.es\\\/noticias\\\/author\\\/admin\\\/#author\",\"url\":\"https:\\\/\\\/candas365.es\\\/noticias\\\/author\\\/admin\\\/\",\"name\":\"Cand\\u00e1s 365\",\"image\":{\"@type\":\"ImageObject\",\"@id\":\"https:\\\/\\\/candas365.es\\\/noticias\\\/los-premios-goya-celebran-manana-sabado-en-sevilla\\\/#authorImage\",\"url\":\"https:\\\/\\\/secure.gravatar.com\\\/avatar\\\/496a8e03d0c493ede1718b7934145dbdf8d89be1036b0eec9544e1094c9de390?s=96&d=mm&r=g\",\"width\":96,\"height\":96,\"caption\":\"Cand\\u00e1s 365\"},\"sameAs\":[\"https:\\\/\\\/www.facebook.com\\\/carrenoactualidad\",\"https:\\\/\\\/twitter.com\\\/nbasturias\",\"https:\\\/\\\/www.instagram.com\\\/nachofdezber\\\/\",\"https:\\\/\\\/www.youtube.com\\\/channel\\\/UCZP-2wLEB9Rv6erhFmqVnvg\"]},{\"@type\":\"WebPage\",\"@id\":\"https:\\\/\\\/candas365.es\\\/noticias\\\/los-premios-goya-celebran-manana-sabado-en-sevilla\\\/#webpage\",\"url\":\"https:\\\/\\\/candas365.es\\\/noticias\\\/los-premios-goya-celebran-manana-sabado-en-sevilla\\\/\",\"name\":\"Los Premios Goya se celebran ma\\u00f1ana s\\u00e1bado en Sevilla | Cand\\u00e1s 365\",\"description\":\"(EP) - Los Premios Goya celebran este s\\u00e1bado 11 de febrero en el Auditorio Andaluc\\u00eda de Sevilla una nueva gala que viene marcada por las recientes denuncias\",\"inLanguage\":\"es-ES\",\"isPartOf\":{\"@id\":\"https:\\\/\\\/candas365.es\\\/noticias\\\/#website\"},\"breadcrumb\":{\"@id\":\"https:\\\/\\\/candas365.es\\\/noticias\\\/los-premios-goya-celebran-manana-sabado-en-sevilla\\\/#breadcrumblist\"},\"author\":{\"@id\":\"https:\\\/\\\/candas365.es\\\/noticias\\\/author\\\/admin\\\/#author\"},\"creator\":{\"@id\":\"https:\\\/\\\/candas365.es\\\/noticias\\\/author\\\/admin\\\/#author\"},\"image\":{\"@type\":\"ImageObject\",\"url\":\"https:\\\/\\\/candas365.es\\\/noticias\\\/wp-content\\\/uploads\\\/2023\\\/02\\\/Premios-Goya.jpg\",\"@id\":\"https:\\\/\\\/candas365.es\\\/noticias\\\/los-premios-goya-celebran-manana-sabado-en-sevilla\\\/#mainImage\",\"width\":664,\"height\":564,\"caption\":\"FOTO: ALBERTO ORTEGA \\\/ Europa Press\"},\"primaryImageOfPage\":{\"@id\":\"https:\\\/\\\/candas365.es\\\/noticias\\\/los-premios-goya-celebran-manana-sabado-en-sevilla\\\/#mainImage\"},\"datePublished\":\"2023-02-10T16:07:16+01:00\",\"dateModified\":\"2023-02-10T16:07:38+01:00\"},{\"@type\":\"WebSite\",\"@id\":\"https:\\\/\\\/candas365.es\\\/noticias\\\/#website\",\"url\":\"https:\\\/\\\/candas365.es\\\/noticias\\\/\",\"name\":\"Cand\\u00e1s 365\",\"alternateName\":\"Cand\\u00e1s 365 Noticias\",\"description\":\"Actualidad desde Carre\\u00f1o para el mundo\",\"inLanguage\":\"es-ES\",\"publisher\":{\"@id\":\"https:\\\/\\\/candas365.es\\\/noticias\\\/#organization\"}}]}\n\t\t<\/script>\n\t\t<!-- All in One SEO Pro -->\r\n\t\t<title>Los Premios Goya se celebran ma\u00f1ana s\u00e1bado en Sevilla | Cand\u00e1s 365<\/title>\n\n","aioseo_head_json":{"title":"Los Premios Goya se celebran ma\u00f1ana s\u00e1bado en Sevilla | Cand\u00e1s 365","description":"(EP) - Los Premios Goya celebran este s\u00e1bado 11 de febrero en el Auditorio Andaluc\u00eda de Sevilla una nueva gala que viene marcada por las recientes denuncias","canonical_url":"https:\/\/candas365.es\/noticias\/los-premios-goya-celebran-manana-sabado-en-sevilla\/","robots":"max-image-preview:large","keywords":"agenda","webmasterTools":{"google-site-verification":"UA-32230408-1","msvalidate.01":"354F3CDFB2DA171B47FBE9ABF1F88D5","miscellaneous":""},"schema":{"@context":"https:\/\/schema.org","@graph":[{"@type":"BreadcrumbList","@id":"https:\/\/candas365.es\/noticias\/los-premios-goya-celebran-manana-sabado-en-sevilla\/#breadcrumblist","itemListElement":[{"@type":"ListItem","@id":"https:\/\/candas365.es\/noticias#listItem","position":1,"name":"Home","item":"https:\/\/candas365.es\/noticias","nextItem":{"@type":"ListItem","@id":"https:\/\/candas365.es\/noticias\/category\/agenda\/#listItem","name":"Agenda"}},{"@type":"ListItem","@id":"https:\/\/candas365.es\/noticias\/category\/agenda\/#listItem","position":2,"name":"Agenda","item":"https:\/\/candas365.es\/noticias\/category\/agenda\/","nextItem":{"@type":"ListItem","@id":"https:\/\/candas365.es\/noticias\/los-premios-goya-celebran-manana-sabado-en-sevilla\/#listItem","name":"Los Premios Goya se celebran ma\u00f1ana s\u00e1bado en Sevilla"},"previousItem":{"@type":"ListItem","@id":"https:\/\/candas365.es\/noticias#listItem","name":"Home"}},{"@type":"ListItem","@id":"https:\/\/candas365.es\/noticias\/los-premios-goya-celebran-manana-sabado-en-sevilla\/#listItem","position":3,"name":"Los Premios Goya se celebran ma\u00f1ana s\u00e1bado en Sevilla","previousItem":{"@type":"ListItem","@id":"https:\/\/candas365.es\/noticias\/category\/agenda\/#listItem","name":"Agenda"}}]},{"@type":"NewsArticle","@id":"https:\/\/candas365.es\/noticias\/los-premios-goya-celebran-manana-sabado-en-sevilla\/#newsarticle","name":"Los Premios Goya se celebran ma\u00f1ana s\u00e1bado en Sevilla | Cand\u00e1s 365","headline":"Los Premios Goya se celebran ma\u00f1ana s\u00e1bado en Sevilla","author":{"@id":"https:\/\/candas365.es\/noticias\/author\/admin\/#author"},"publisher":{"@id":"https:\/\/candas365.es\/noticias\/#organization"},"image":{"@type":"ImageObject","url":"https:\/\/candas365.es\/noticias\/wp-content\/uploads\/2023\/02\/Premios-Goya.jpg","width":664,"height":564,"caption":"FOTO: ALBERTO ORTEGA \/ Europa Press"},"datePublished":"2023-02-10T16:07:16+01:00","dateModified":"2023-02-10T16:07:38+01:00","inLanguage":"es-ES","mainEntityOfPage":{"@id":"https:\/\/candas365.es\/noticias\/los-premios-goya-celebran-manana-sabado-en-sevilla\/#webpage"},"isPartOf":{"@id":"https:\/\/candas365.es\/noticias\/los-premios-goya-celebran-manana-sabado-en-sevilla\/#webpage"},"articleSection":"Agenda, cultura","dateline":"Publicado el febrero 10, 2023."},{"@type":"Organization","@id":"https:\/\/candas365.es\/noticias\/#organization","name":"Cand\u00e1s 365","description":"Cand\u00e1s 365 es un diario digital independiente, fundado en 2012, con base en Asturias. Informamos con rigor sobre actualidad, sociedad, cultura y ocio, con una mirada local y global.","url":"https:\/\/candas365.es\/noticias\/","email":"info@candas365.es","telephone":"+34652131393","foundingDate":"2012-06-10","logo":{"@type":"ImageObject","url":"https:\/\/candas365.es\/noticias\/wp-content\/uploads\/2024\/09\/Candas-365-Redes.jpg","@id":"https:\/\/candas365.es\/noticias\/los-premios-goya-celebran-manana-sabado-en-sevilla\/#organizationLogo","width":1152,"height":864,"caption":"Cand\u00e1s 365 Redes"},"image":{"@id":"https:\/\/candas365.es\/noticias\/los-premios-goya-celebran-manana-sabado-en-sevilla\/#organizationLogo"},"sameAs":["https:\/\/www.facebook.com\/Nachofdezber","https:\/\/x.com\/NabercoDigital","https:\/\/www.instagram.com\/nachofdezber\/","https:\/\/www.youtube.com\/channel\/UCZP-2wLEB9Rv6erhFmqVnvg"],"address":{"@id":"https:\/\/candas365.es\/noticias\/#postaladdress","@type":"PostalAddress","streetAddress":"san antonio 4, san antonio 4","postalCode":"33430","addressLocality":"Cand\u00e1s","addressRegion":"Asturias","addressCountry":"ES"}},{"@type":"Person","@id":"https:\/\/candas365.es\/noticias\/author\/admin\/#author","url":"https:\/\/candas365.es\/noticias\/author\/admin\/","name":"Cand\u00e1s 365","image":{"@type":"ImageObject","@id":"https:\/\/candas365.es\/noticias\/los-premios-goya-celebran-manana-sabado-en-sevilla\/#authorImage","url":"https:\/\/secure.gravatar.com\/avatar\/496a8e03d0c493ede1718b7934145dbdf8d89be1036b0eec9544e1094c9de390?s=96&d=mm&r=g","width":96,"height":96,"caption":"Cand\u00e1s 365"},"sameAs":["https:\/\/www.facebook.com\/carrenoactualidad","https:\/\/twitter.com\/nbasturias","https:\/\/www.instagram.com\/nachofdezber\/","https:\/\/www.youtube.com\/channel\/UCZP-2wLEB9Rv6erhFmqVnvg"]},{"@type":"WebPage","@id":"https:\/\/candas365.es\/noticias\/los-premios-goya-celebran-manana-sabado-en-sevilla\/#webpage","url":"https:\/\/candas365.es\/noticias\/los-premios-goya-celebran-manana-sabado-en-sevilla\/","name":"Los Premios Goya se celebran ma\u00f1ana s\u00e1bado en Sevilla | Cand\u00e1s 365","description":"(EP) - Los Premios Goya celebran este s\u00e1bado 11 de febrero en el Auditorio Andaluc\u00eda de Sevilla una nueva gala que viene marcada por las recientes denuncias","inLanguage":"es-ES","isPartOf":{"@id":"https:\/\/candas365.es\/noticias\/#website"},"breadcrumb":{"@id":"https:\/\/candas365.es\/noticias\/los-premios-goya-celebran-manana-sabado-en-sevilla\/#breadcrumblist"},"author":{"@id":"https:\/\/candas365.es\/noticias\/author\/admin\/#author"},"creator":{"@id":"https:\/\/candas365.es\/noticias\/author\/admin\/#author"},"image":{"@type":"ImageObject","url":"https:\/\/candas365.es\/noticias\/wp-content\/uploads\/2023\/02\/Premios-Goya.jpg","@id":"https:\/\/candas365.es\/noticias\/los-premios-goya-celebran-manana-sabado-en-sevilla\/#mainImage","width":664,"height":564,"caption":"FOTO: ALBERTO ORTEGA \/ Europa Press"},"primaryImageOfPage":{"@id":"https:\/\/candas365.es\/noticias\/los-premios-goya-celebran-manana-sabado-en-sevilla\/#mainImage"},"datePublished":"2023-02-10T16:07:16+01:00","dateModified":"2023-02-10T16:07:38+01:00"},{"@type":"WebSite","@id":"https:\/\/candas365.es\/noticias\/#website","url":"https:\/\/candas365.es\/noticias\/","name":"Cand\u00e1s 365","alternateName":"Cand\u00e1s 365 Noticias","description":"Actualidad desde Carre\u00f1o para el mundo","inLanguage":"es-ES","publisher":{"@id":"https:\/\/candas365.es\/noticias\/#organization"}}]},"og:locale":"es_ES","og:site_name":"Cand\u00e1s 365","og:type":"article","og:title":"Los Premios Goya se celebran ma\u00f1ana s\u00e1bado en Sevilla | Cand\u00e1s 365","og:description":"(EP) - Los Premios Goya celebran este s\u00e1bado 11 de febrero en el Auditorio Andaluc\u00eda de Sevilla una nueva gala que viene marcada por las recientes denuncias","og:url":"https:\/\/candas365.es\/noticias\/los-premios-goya-celebran-manana-sabado-en-sevilla\/","og:image":"https:\/\/candas365.es\/noticias\/wp-content\/uploads\/2023\/02\/Premios-Goya.jpg","og:image:secure_url":"https:\/\/candas365.es\/noticias\/wp-content\/uploads\/2023\/02\/Premios-Goya.jpg","og:image:width":664,"og:image:height":564,"article:published_time":"2023-02-10T15:07:16+00:00","article:modified_time":"2023-02-10T15:07:38+00:00","article:publisher":"https:\/\/www.facebook.com\/Nachofdezber","article:author":"https:\/\/www.facebook.com\/carrenoactualidad","twitter:card":"summary_large_image","twitter:site":"@NabercoDigital","twitter:title":"Los Premios Goya se celebran ma\u00f1ana s\u00e1bado en Sevilla | Cand\u00e1s 365","twitter:description":"(EP) - Los Premios Goya celebran este s\u00e1bado 11 de febrero en el Auditorio Andaluc\u00eda de Sevilla una nueva gala que viene marcada por las recientes denuncias","twitter:creator":"@nbasturias","twitter:image":"https:\/\/candas365.es\/noticias\/wp-content\/uploads\/2023\/02\/Premios-Goya.jpg","twitter:label1":"Escrito por","twitter:data1":"Cand\u00e1s 365","twitter:label2":"Tiempo de lectura estimado","twitter:data2":"7 minutos"},"aioseo_meta_data":{"post_id":"171726","title":null,"description":"(EP) - Los Premios Goya celebran este s\u00e1bado 11 de febrero en el Auditorio Andaluc\u00eda de Sevilla una nueva gala que viene marcada por las recientes denuncias","keywords":[],"keyphrases":{"focus":{"keyphrase":"Goya ","score":90,"analysis":{"keyphraseInTitle":{"score":9,"maxScore":9,"error":0},"keyphraseInDescription":{"score":9,"maxScore":9,"error":0},"keyphraseLength":{"score":9,"maxScore":9,"error":0,"length":1},"keyphraseInURL":{"score":5,"maxScore":5,"error":0},"keyphraseInIntroduction":{"score":9,"maxScore":9,"error":0},"keyphraseInSubHeadings":{"score":3,"maxScore":9,"error":1},"keyphraseInImageAlt":{"score":9,"maxScore":9,"error":0}}},"additional":[{"keyphrase":"Premios Goya ","score":100,"analysis":{"keyphraseInDescription":{"score":9,"maxScore":9,"error":0},"keyphraseLength":{"score":9,"maxScore":9,"error":0,"length":2},"keyphraseInIntroduction":{"score":9,"maxScore":9,"error":0},"keyphraseInImageAlt":{"score":9,"maxScore":9,"error":0}}},{"keyphrase":"Goya ","score":100,"analysis":{"keyphraseInDescription":{"score":9,"maxScore":9,"error":0},"keyphraseLength":{"score":9,"maxScore":9,"error":0,"length":1},"keyphraseInIntroduction":{"score":9,"maxScore":9,"error":0},"keyphraseInImageAlt":{"score":9,"maxScore":9,"error":0}}}]},"primary_term":null,"canonical_url":null,"og_title":null,"og_description":null,"og_object_type":"default","og_image_type":"default","og_image_url":null,"og_image_width":null,"og_image_height":null,"og_image_custom_url":null,"og_image_custom_fields":null,"og_video":"","og_custom_url":null,"og_article_section":null,"og_article_tags":[],"twitter_use_og":false,"twitter_card":"default","twitter_image_type":"default","twitter_image_url":null,"twitter_image_custom_url":null,"twitter_image_custom_fields":null,"twitter_title":null,"twitter_description":null,"schema":{"blockGraphs":[],"customGraphs":[],"default":{"data":{"Article":[],"Course":[],"Dataset":[],"FAQPage":[],"Movie":[],"Person":[],"Product":[],"ProductReview":[],"Car":[],"Recipe":[],"Service":[],"SoftwareApplication":[],"WebPage":[]},"graphName":"Article","isEnabled":true},"graphs":[]},"schema_type":"default","schema_type_options":null,"pillar_content":false,"robots_default":true,"robots_noindex":false,"robots_noarchive":false,"robots_nosnippet":false,"robots_nofollow":false,"robots_noimageindex":false,"robots_noodp":false,"robots_notranslate":false,"robots_max_snippet":"-1","robots_max_videopreview":"-1","robots_max_imagepreview":"large","priority":null,"frequency":"default","location":null,"local_seo":null,"seo_analyzer_scan_date":"2025-09-01 18:52:10","breadcrumb_settings":null,"limit_modified_date":false,"reviewed_by":null,"open_ai":null,"ai":null,"created":"2023-02-10 15:02:29","updated":"2025-09-01 18:52:10"},"aioseo_breadcrumb":"<div class=\"aioseo-breadcrumbs\"><span class=\"aioseo-breadcrumb\">\n\t<a href=\"https:\/\/candas365.es\/noticias\" title=\"Home\">Home<\/a>\n<\/span><span class=\"aioseo-breadcrumb-separator\">&ndash;<\/span><span class=\"aioseo-breadcrumb\">\n\t<a href=\"https:\/\/candas365.es\/noticias\/category\/agenda\/\" title=\"Agenda\">Agenda<\/a>\n<\/span><span class=\"aioseo-breadcrumb-separator\">&ndash;<\/span><span class=\"aioseo-breadcrumb\">\n\tLos Premios Goya se celebran ma\u00f1ana s\u00e1bado en Sevilla\n<\/span><\/div>","aioseo_breadcrumb_json":[{"label":"Home","link":"https:\/\/candas365.es\/noticias"},{"label":"Agenda","link":"https:\/\/candas365.es\/noticias\/category\/agenda\/"},{"label":"Los Premios Goya se celebran ma\u00f1ana s\u00e1bado en Sevilla","link":"https:\/\/candas365.es\/noticias\/los-premios-goya-celebran-manana-sabado-en-sevilla\/"}],"_links":{"self":[{"href":"https:\/\/candas365.es\/noticias\/wp-json\/wp\/v2\/posts\/171726","targetHints":{"allow":["GET"]}}],"collection":[{"href":"https:\/\/candas365.es\/noticias\/wp-json\/wp\/v2\/posts"}],"about":[{"href":"https:\/\/candas365.es\/noticias\/wp-json\/wp\/v2\/types\/post"}],"author":[{"embeddable":true,"href":"https:\/\/candas365.es\/noticias\/wp-json\/wp\/v2\/users\/1"}],"replies":[{"embeddable":true,"href":"https:\/\/candas365.es\/noticias\/wp-json\/wp\/v2\/comments?post=171726"}],"version-history":[{"count":0,"href":"https:\/\/candas365.es\/noticias\/wp-json\/wp\/v2\/posts\/171726\/revisions"}],"wp:featuredmedia":[{"embeddable":true,"href":"https:\/\/candas365.es\/noticias\/wp-json\/wp\/v2\/media\/171727"}],"wp:attachment":[{"href":"https:\/\/candas365.es\/noticias\/wp-json\/wp\/v2\/media?parent=171726"}],"wp:term":[{"taxonomy":"category","embeddable":true,"href":"https:\/\/candas365.es\/noticias\/wp-json\/wp\/v2\/categories?post=171726"},{"taxonomy":"post_tag","embeddable":true,"href":"https:\/\/candas365.es\/noticias\/wp-json\/wp\/v2\/tags?post=171726"}],"curies":[{"name":"wp","href":"https:\/\/api.w.org\/{rel}","templated":true}]}}