{"id":171694,"date":"2023-02-08T00:40:27","date_gmt":"2023-02-07T23:40:27","guid":{"rendered":"https:\/\/candas365.es\/noticias\/?p=171694"},"modified":"2023-02-08T00:40:27","modified_gmt":"2023-02-07T23:40:27","slug":"longevidad-reemplaza-la-dieta-nordica-a-la-nutricion-mediterranea","status":"publish","type":"post","link":"https:\/\/candas365.es\/noticias\/longevidad-reemplaza-la-dieta-nordica-a-la-nutricion-mediterranea\/","title":{"rendered":"Longevidad: \u00bfreemplaza la dieta n\u00f3rdica a la nutrici\u00f3n mediterr\u00e1nea?"},"content":{"rendered":"<p>(dpa) &#8211; Siempre se dijo que la <a href=\"https:\/\/www.eldigitaldeasturias.com\/noticias\/category\/gastronomia\/\" target=\"_blank\" rel=\"noopener\"><span style=\"color: #ff6600;\"><strong>dieta mediterr\u00e1nea<\/strong><\/span><\/a> es una de las m\u00e1s sanas del planeta. Sin embargo, parece que el Mediterr\u00e1neo est\u00e1 comenzando a ver tambalear sus cimientos por cierta competencia: muchos vuelven sus miradas hacia Escandinavia cuando de nutrici\u00f3n se trata.<\/p>\n<figure id=\"attachment_171695\" aria-describedby=\"caption-attachment-171695\" style=\"width: 650px\" class=\"wp-caption aligncenter\"><img fetchpriority=\"high\" decoding=\"async\" class=\"wp-image-171695 size-large\" src=\"https:\/\/candas365.es\/noticias\/wp-content\/uploads\/2023\/02\/dieta-650x434.jpg\" alt=\"dieta\" width=\"650\" height=\"434\" srcset=\"https:\/\/candas365.es\/noticias\/wp-content\/uploads\/2023\/02\/dieta-650x434.jpg 650w, https:\/\/candas365.es\/noticias\/wp-content\/uploads\/2023\/02\/dieta-360x240.jpg 360w, https:\/\/candas365.es\/noticias\/wp-content\/uploads\/2023\/02\/dieta-768x513.jpg 768w, https:\/\/candas365.es\/noticias\/wp-content\/uploads\/2023\/02\/dieta-150x100.jpg 150w, https:\/\/candas365.es\/noticias\/wp-content\/uploads\/2023\/02\/dieta-450x300.jpg 450w, https:\/\/candas365.es\/noticias\/wp-content\/uploads\/2023\/02\/dieta.jpg 1001w\" sizes=\"(max-width: 650px) 100vw, 650px\" \/><figcaption id=\"caption-attachment-171695\" class=\"wp-caption-text\">Las verduras de ra\u00edz como las remolachas son ingredientes habituales de la dieta n\u00f3rdica. Foto: Zacharie Scheurer\/dpa<\/figcaption><\/figure>\n<p><strong>Algunos la conocen como \u00abnew nordic diet\u00bb, otros como \u00abdieta vikinga\u00bb<\/strong>. \u00bfEn qu\u00e9 consiste concretamente? \u00bfY realmente es tan buena en t\u00e9rminos de nutrici\u00f3n, salud y expectativa de vida como para desplazar un modo de alimentaci\u00f3n tan alabado como el mediterr\u00e1neo?<\/p>\n<p>La cocina n\u00f3rdica se basa fundamentalmente en los alimentos regionales y las recetas tradicionales de los pa\u00edses del norte europeo. Fue desarrollada en 2010 por un comit\u00e9 llamado \u00abNordic Food Policy Lab\u00bb. <strong>El objetivo de esa iniciativa de los jefes de Estado de los pa\u00edses n\u00f3rdicos era, en ese momento, llevar m\u00e1s productos regionales y sustentables a la mesa de sus habitantes.<\/strong><\/p>\n<blockquote><p>\u00abSe trata sobre todo de alimentos vegetales y no procesados que se encuentran en los pa\u00edses del norte de Europa\u00bb, explica Carolin Groth, especialista en temas de nutrici\u00f3n.<\/p><\/blockquote>\n<p>Una parte constitutiva de la alimentaci\u00f3n n\u00f3rdica son los cereales integrales, fundamentalmente el centeno, la cebada y la avena. Otro elemento importante son las verduras de ra\u00edz como las remolachas y las zanahorias, as\u00ed como frutas del tipo de las bayas o especies locales como las manzanas y peras. <strong>\u00abLas nueces, los hongos y las legumbres tambi\u00e9n est\u00e1n incluidas en su men\u00fa\u00bb, enumera Groth.<\/strong><\/p>\n<p>Estos alimentos vegetales se complementan con pescados grasos, como el salm\u00f3n y la caballa, y productos l\u00e1cteos de bajo contenido graso. Los aceites de la cocina n\u00f3rdica suelen ser de colza, girasol y lino. Rara vez hay carne en el men\u00fa, indica Groth, por lo general solo se consume alg\u00fan producto c\u00e1rnico una vez por semana.<\/p>\n<blockquote><p>\u00abDe todos modos, no hay una clara diferencia con la cocina t\u00edpica del Mediterr\u00e1neo, porque la idea de base de ambos modos de alimentaci\u00f3n es bastante similar\u00bb, dice Groth.<\/p><\/blockquote>\n<p>La dieta mediterr\u00e1nea tambi\u00e9n abarca muchos alimentos de origen vegetal: adem\u00e1s de las verduras, la fruta, los frutos secos, las semillas, las legumbres, los cereales, el pescado y el aceite de oliva son los ingredientes principales, precisa Groth. Carne y productos l\u00e1cteos se ingieren tambi\u00e9n en menor grado.<\/p>\n<p>Todo ello aporta al organismo vitaminas, minerales, fibra y sustancias vegetales secundarias. Adem\u00e1s, el pescado y las grasas vegetales proporcionan un buen aporte de \u00e1cidos grasos saludables. <strong>\u00abEl hecho de que se consuma poca carne en ambas dietas es positivo desde el punto de vista de la salud\u00bb, afirma Groth.<\/strong><\/p>\n<p>El especialista en nutrici\u00f3n Johannes Wechsler, en cambio, es claramente de otra opini\u00f3n. <strong>\u00c9l sostiene que el modo de alimentaci\u00f3n de los pa\u00edses escandinavos no est\u00e1n de ning\u00fan modo a la altura de la dieta mediterr\u00e1nea. \u00abNo pondr\u00eda las manos en el fuego por el modo de alimentaci\u00f3n n\u00f3rdico porque faltan evidencias cient\u00edficas\u00bb, se\u00f1ala.<\/strong><\/p>\n<p>En su opini\u00f3n, para poder establecer alg\u00fan tipo de conclusi\u00f3n o fundamento de este modo de vida deber\u00eda contarse con hechos o indicadores, por ejemplo, de que los escandinavos tienen una mayor esperanza de vida que los pobladores de pa\u00edses del sur.<\/p>\n<p>\u00abSin embargo, la expectativa de vida de los pa\u00edses del norte de Europa es pr\u00e1cticamente id\u00e9ntica a la expectativa del sur europeo, es de unos 85 a\u00f1os, un a\u00f1o m\u00e1s o menos da aqu\u00ed igual\u00bb, opina.<\/p>\n<p>Las tasas de mortalidad dentro de la Uni\u00f3n Europea tambi\u00e9n son bastante similares. Y para Wechsler dependen m\u00e1s de la atenci\u00f3n m\u00e9dica en las respectivas regiones que del tipo de alimentaci\u00f3n. Tomando estos datos como gu\u00eda, poco valdr\u00eda hacer un cambio de dieta para vivir m\u00e1s.<\/p>\n<p>Wechsler asegura adem\u00e1s que la dieta n\u00f3rdica no es suficiente desde el punto de vista de los nutrientes que requiere el organismo. <strong>\u00abEs m\u00e1s bien pobre en vitaminas y fibras y contiene mucha grasa. Un noruego come pocas naranjas y poca ensalada. Ah\u00ed en el norte no crece ese tipo de cosas\u00bb, se\u00f1ala. Wechsler est\u00e1 convencido adem\u00e1s de que en la cocina n\u00f3rdica faltan las fibras contenidas, por ejemplo, en los panes integrales oscuros.<\/strong><\/p>\n<blockquote><p>El punto que tienen a favor, sin embargo, es la alta ingesta de grasas omega-3. \u00abSe come mucho pescado y poca carne\u00bb.<\/p><\/blockquote>\n<p>Sea en el norte, en el sur o en cualquier otra parte del mundo, \u00bfcu\u00e1l ser\u00eda entonces el modo saludable de alimentaci\u00f3n ideal? Ninguna recomendaci\u00f3n seria insiste en que es absolutamente indispensable desde un punto de vista cient\u00edfico renunciar a un buen asado argentino o unos sabrosos tamales mexicanos.<\/p>\n<p>Hay modos de alimentarse que son parte de la cultura. \u00abLo que marca el quiebre no es qu\u00e9 se come, sino cu\u00e1nto o cu\u00e1ntas veces\u00bb, dice el Dr. Wechsler. <strong>\u00abTodos los asados son saludables mientras el comensal no ingiera todos los d\u00edas unas porciones inconmensurables\u00bb, indica.<\/strong><\/p>\n<p>Wechsler recomendar\u00eda m\u00e1s bien elegir un modo de alimentaci\u00f3n que est\u00e9 por encima de la dieta mediterr\u00e1nea y la n\u00f3rdica. \u00abUn modo razonable de alimentarse ser\u00eda gui\u00e1ndose por principios b\u00e1sicos cient\u00edficos, y esos principios son los mismos si uno vive en Helsinki o en Roma\u00bb, asegura el especialista.<\/p>\n<p>En su opini\u00f3n, <a href=\"https:\/\/candas365.es\/noticias\/category\/salud\/\"><span style=\"color: #ff6600;\"><strong>la alimentaci\u00f3n ideal<\/strong> <\/span><\/a>deber\u00eda contener pocas grasas y poca sal, poca prote\u00edna animal y tambi\u00e9n escasa grasa animal. Aconseja asimismo no ingerir tantos monosac\u00e1ridos como el az\u00facar y colesterol solo con moderaci\u00f3n. En su lugar m\u00e1s vale comer muchas verduras, ensaladas, fibras y grasas omega-3, por ejemplo, a trav\u00e9s de pescado dos veces por semana.<\/p>\n<p>\u00abPero hay algo mucho m\u00e1s importante que la alimentaci\u00f3n: el balance energ\u00e9tico\u00bb, apunta Wechsler. \u00abToda alimentaci\u00f3n exagerada es nociva\u00bb. Si una persona come demasiada sal y grasas, aumentar\u00e1 su riesgo a padecer enfermedades card\u00edacas o accidentes cerebrovasculares. Hay un aspecto acerca de la expectativa de vida en el cual este experto est\u00e1 muy seguro: \u00ab\u00a1A\u00fan tenemos mucha vida por ganar!\u00bb.<\/p>\n<p><i class=\"lang-es\"><span class=\" readonly\" title=\"\">Por Angelika Mayr (dpa)<\/span><\/i><\/p>\n","protected":false},"excerpt":{"rendered":"<p>(dpa) &#8211; Siempre se dijo que la dieta mediterr\u00e1nea es una de las m\u00e1s sanas del planeta. Sin embargo, parece que el Mediterr\u00e1neo est\u00e1 comenzando a ver tambalear sus cimientos por cierta competencia: muchos vuelven sus miradas hacia Escandinavia cuando de nutrici\u00f3n se trata. Algunos la conocen como \u00abnew nordic diet\u00bb, otros como \u00abdieta vikinga\u00bb.<\/p>\n","protected":false},"author":1,"featured_media":171695,"comment_status":"closed","ping_status":"closed","sticky":false,"template":"","format":"standard","meta":{"footnotes":""},"categories":[372],"tags":[452,378],"class_list":{"0":"post-171694","1":"post","2":"type-post","3":"status-publish","4":"format-standard","5":"has-post-thumbnail","7":"category-salud","8":"tag-gastronomia","9":"tag-salud"},"aioseo_notices":[],"aioseo_head":"\n\t\t<!-- All in One SEO Pro 4.9.6.2 - aioseo.com -->\n\t<meta name=\"description\" content=\"(dpa) - Siempre se dijo que la dieta mediterr\u00e1nea es una de las m\u00e1s sanas del planeta. Sin embargo, parece que el Mediterr\u00e1neo est\u00e1 comenzando a ver tambalear\" \/>\n\t<meta name=\"robots\" content=\"max-image-preview:large\" \/>\n\t<meta name=\"author\" content=\"Cand\u00e1s 365\"\/>\n\t<meta name=\"google-site-verification\" content=\"UA-32230408-1\" \/>\n\t<meta name=\"msvalidate.01\" content=\"354F3CDFB2DA171B47FBE9ABF1F88D5\" \/>\n\t<meta name=\"keywords\" content=\"salud\" \/>\n\t<link rel=\"canonical\" href=\"https:\/\/candas365.es\/noticias\/longevidad-reemplaza-la-dieta-nordica-a-la-nutricion-mediterranea\/\" \/>\n\t<meta name=\"generator\" content=\"All in One SEO Pro (AIOSEO) 4.9.6.2\" \/>\n\t\t<meta property=\"og:locale\" content=\"es_ES\" \/>\n\t\t<meta property=\"og:site_name\" content=\"Cand\u00e1s 365\" \/>\n\t\t<meta property=\"og:type\" content=\"article\" \/>\n\t\t<meta property=\"og:title\" content=\"Longevidad: \u00bfreemplaza la dieta n\u00f3rdica a la nutrici\u00f3n mediterr\u00e1nea? | Cand\u00e1s 365\" \/>\n\t\t<meta property=\"og:description\" content=\"(dpa) - Siempre se dijo que la dieta mediterr\u00e1nea es una de las m\u00e1s sanas del planeta. Sin embargo, parece que el Mediterr\u00e1neo est\u00e1 comenzando a ver tambalear\" \/>\n\t\t<meta property=\"og:url\" content=\"https:\/\/candas365.es\/noticias\/longevidad-reemplaza-la-dieta-nordica-a-la-nutricion-mediterranea\/\" \/>\n\t\t<meta property=\"og:image\" content=\"https:\/\/candas365.es\/noticias\/wp-content\/uploads\/2023\/02\/dieta.jpg\" \/>\n\t\t<meta property=\"og:image:secure_url\" content=\"https:\/\/candas365.es\/noticias\/wp-content\/uploads\/2023\/02\/dieta.jpg\" \/>\n\t\t<meta property=\"og:image:width\" content=\"1001\" \/>\n\t\t<meta property=\"og:image:height\" content=\"668\" \/>\n\t\t<meta property=\"article:published_time\" content=\"2023-02-07T23:40:27+00:00\" \/>\n\t\t<meta property=\"article:modified_time\" content=\"2023-02-07T23:40:27+00:00\" \/>\n\t\t<meta property=\"article:publisher\" content=\"https:\/\/www.facebook.com\/Nachofdezber\" \/>\n\t\t<meta property=\"article:author\" content=\"https:\/\/www.facebook.com\/carrenoactualidad\" \/>\n\t\t<meta name=\"twitter:card\" content=\"summary_large_image\" \/>\n\t\t<meta name=\"twitter:site\" content=\"@NabercoDigital\" \/>\n\t\t<meta name=\"twitter:title\" content=\"Longevidad: \u00bfreemplaza la dieta n\u00f3rdica a la nutrici\u00f3n mediterr\u00e1nea? | Cand\u00e1s 365\" \/>\n\t\t<meta name=\"twitter:description\" content=\"(dpa) - Siempre se dijo que la dieta mediterr\u00e1nea es una de las m\u00e1s sanas del planeta. Sin embargo, parece que el Mediterr\u00e1neo est\u00e1 comenzando a ver tambalear\" \/>\n\t\t<meta name=\"twitter:creator\" content=\"@nbasturias\" \/>\n\t\t<meta name=\"twitter:image\" content=\"https:\/\/candas365.es\/noticias\/wp-content\/uploads\/2023\/02\/dieta.jpg\" \/>\n\t\t<meta name=\"twitter:label1\" content=\"Escrito por\" \/>\n\t\t<meta name=\"twitter:data1\" content=\"Cand\u00e1s 365\" \/>\n\t\t<meta name=\"twitter:label2\" content=\"Tiempo de lectura estimado\" \/>\n\t\t<meta name=\"twitter:data2\" content=\"5 minutos\" \/>\n\t\t<script type=\"application\/ld+json\" class=\"aioseo-schema\">\n\t\t\t{\"@context\":\"https:\\\/\\\/schema.org\",\"@graph\":[{\"@type\":\"BreadcrumbList\",\"@id\":\"https:\\\/\\\/candas365.es\\\/noticias\\\/longevidad-reemplaza-la-dieta-nordica-a-la-nutricion-mediterranea\\\/#breadcrumblist\",\"itemListElement\":[{\"@type\":\"ListItem\",\"@id\":\"https:\\\/\\\/candas365.es\\\/noticias#listItem\",\"position\":1,\"name\":\"Home\",\"item\":\"https:\\\/\\\/candas365.es\\\/noticias\",\"nextItem\":{\"@type\":\"ListItem\",\"@id\":\"https:\\\/\\\/candas365.es\\\/noticias\\\/category\\\/salud\\\/#listItem\",\"name\":\"Salud\"}},{\"@type\":\"ListItem\",\"@id\":\"https:\\\/\\\/candas365.es\\\/noticias\\\/category\\\/salud\\\/#listItem\",\"position\":2,\"name\":\"Salud\",\"item\":\"https:\\\/\\\/candas365.es\\\/noticias\\\/category\\\/salud\\\/\",\"nextItem\":{\"@type\":\"ListItem\",\"@id\":\"https:\\\/\\\/candas365.es\\\/noticias\\\/longevidad-reemplaza-la-dieta-nordica-a-la-nutricion-mediterranea\\\/#listItem\",\"name\":\"Longevidad: \\u00bfreemplaza la dieta n\\u00f3rdica a la nutrici\\u00f3n mediterr\\u00e1nea?\"},\"previousItem\":{\"@type\":\"ListItem\",\"@id\":\"https:\\\/\\\/candas365.es\\\/noticias#listItem\",\"name\":\"Home\"}},{\"@type\":\"ListItem\",\"@id\":\"https:\\\/\\\/candas365.es\\\/noticias\\\/longevidad-reemplaza-la-dieta-nordica-a-la-nutricion-mediterranea\\\/#listItem\",\"position\":3,\"name\":\"Longevidad: \\u00bfreemplaza la dieta n\\u00f3rdica a la nutrici\\u00f3n mediterr\\u00e1nea?\",\"previousItem\":{\"@type\":\"ListItem\",\"@id\":\"https:\\\/\\\/candas365.es\\\/noticias\\\/category\\\/salud\\\/#listItem\",\"name\":\"Salud\"}}]},{\"@type\":\"NewsArticle\",\"@id\":\"https:\\\/\\\/candas365.es\\\/noticias\\\/longevidad-reemplaza-la-dieta-nordica-a-la-nutricion-mediterranea\\\/#newsarticle\",\"name\":\"Longevidad: \\u00bfreemplaza la dieta n\\u00f3rdica a la nutrici\\u00f3n mediterr\\u00e1nea? | Cand\\u00e1s 365\",\"headline\":\"Longevidad: \\u00bfreemplaza la dieta n\\u00f3rdica a la nutrici\\u00f3n mediterr\\u00e1nea?\",\"author\":{\"@id\":\"https:\\\/\\\/candas365.es\\\/noticias\\\/author\\\/admin\\\/#author\"},\"publisher\":{\"@id\":\"https:\\\/\\\/candas365.es\\\/noticias\\\/#organization\"},\"image\":{\"@type\":\"ImageObject\",\"url\":\"https:\\\/\\\/candas365.es\\\/noticias\\\/wp-content\\\/uploads\\\/2023\\\/02\\\/dieta.jpg\",\"width\":1001,\"height\":668,\"caption\":\"Las verduras de ra\\u00edz como las remolachas son ingredientes habituales de la dieta n\\u00f3rdica. Foto: Zacharie Scheurer\\\/dpa\"},\"datePublished\":\"2023-02-08T00:40:27+01:00\",\"dateModified\":\"2023-02-08T00:40:27+01:00\",\"inLanguage\":\"es-ES\",\"mainEntityOfPage\":{\"@id\":\"https:\\\/\\\/candas365.es\\\/noticias\\\/longevidad-reemplaza-la-dieta-nordica-a-la-nutricion-mediterranea\\\/#webpage\"},\"isPartOf\":{\"@id\":\"https:\\\/\\\/candas365.es\\\/noticias\\\/longevidad-reemplaza-la-dieta-nordica-a-la-nutricion-mediterranea\\\/#webpage\"},\"articleSection\":\"Salud, Gastronom\\u00eda, Salud\",\"dateline\":\"Publicado el febrero 8, 2023.\"},{\"@type\":\"Organization\",\"@id\":\"https:\\\/\\\/candas365.es\\\/noticias\\\/#organization\",\"name\":\"Cand\\u00e1s 365\",\"description\":\"Cand\\u00e1s 365 es un diario digital independiente, fundado en 2012, con base en Asturias. Informamos con rigor sobre actualidad, sociedad, cultura y ocio, con una mirada local y global.\",\"url\":\"https:\\\/\\\/candas365.es\\\/noticias\\\/\",\"email\":\"info@candas365.es\",\"telephone\":\"+34652131393\",\"foundingDate\":\"2012-06-10\",\"logo\":{\"@type\":\"ImageObject\",\"url\":\"https:\\\/\\\/candas365.es\\\/noticias\\\/wp-content\\\/uploads\\\/2024\\\/09\\\/Candas-365-Redes.jpg\",\"@id\":\"https:\\\/\\\/candas365.es\\\/noticias\\\/longevidad-reemplaza-la-dieta-nordica-a-la-nutricion-mediterranea\\\/#organizationLogo\",\"width\":1152,\"height\":864,\"caption\":\"Cand\\u00e1s 365 Redes\"},\"image\":{\"@id\":\"https:\\\/\\\/candas365.es\\\/noticias\\\/longevidad-reemplaza-la-dieta-nordica-a-la-nutricion-mediterranea\\\/#organizationLogo\"},\"sameAs\":[\"https:\\\/\\\/www.facebook.com\\\/Nachofdezber\",\"https:\\\/\\\/x.com\\\/NabercoDigital\",\"https:\\\/\\\/www.instagram.com\\\/nachofdezber\\\/\",\"https:\\\/\\\/www.youtube.com\\\/channel\\\/UCZP-2wLEB9Rv6erhFmqVnvg\"],\"address\":{\"@id\":\"https:\\\/\\\/candas365.es\\\/noticias\\\/#postaladdress\",\"@type\":\"PostalAddress\",\"streetAddress\":\"san antonio 4, san antonio 4\",\"postalCode\":\"33430\",\"addressLocality\":\"Cand\\u00e1s\",\"addressRegion\":\"Asturias\",\"addressCountry\":\"ES\"}},{\"@type\":\"Person\",\"@id\":\"https:\\\/\\\/candas365.es\\\/noticias\\\/author\\\/admin\\\/#author\",\"url\":\"https:\\\/\\\/candas365.es\\\/noticias\\\/author\\\/admin\\\/\",\"name\":\"Cand\\u00e1s 365\",\"image\":{\"@type\":\"ImageObject\",\"@id\":\"https:\\\/\\\/candas365.es\\\/noticias\\\/longevidad-reemplaza-la-dieta-nordica-a-la-nutricion-mediterranea\\\/#authorImage\",\"url\":\"https:\\\/\\\/secure.gravatar.com\\\/avatar\\\/496a8e03d0c493ede1718b7934145dbdf8d89be1036b0eec9544e1094c9de390?s=96&d=mm&r=g\",\"width\":96,\"height\":96,\"caption\":\"Cand\\u00e1s 365\"},\"sameAs\":[\"https:\\\/\\\/www.facebook.com\\\/carrenoactualidad\",\"https:\\\/\\\/twitter.com\\\/nbasturias\",\"https:\\\/\\\/www.instagram.com\\\/nachofdezber\\\/\",\"https:\\\/\\\/www.youtube.com\\\/channel\\\/UCZP-2wLEB9Rv6erhFmqVnvg\"]},{\"@type\":\"WebPage\",\"@id\":\"https:\\\/\\\/candas365.es\\\/noticias\\\/longevidad-reemplaza-la-dieta-nordica-a-la-nutricion-mediterranea\\\/#webpage\",\"url\":\"https:\\\/\\\/candas365.es\\\/noticias\\\/longevidad-reemplaza-la-dieta-nordica-a-la-nutricion-mediterranea\\\/\",\"name\":\"Longevidad: \\u00bfreemplaza la dieta n\\u00f3rdica a la nutrici\\u00f3n mediterr\\u00e1nea? | Cand\\u00e1s 365\",\"description\":\"(dpa) - Siempre se dijo que la dieta mediterr\\u00e1nea es una de las m\\u00e1s sanas del planeta. Sin embargo, parece que el Mediterr\\u00e1neo est\\u00e1 comenzando a ver tambalear\",\"inLanguage\":\"es-ES\",\"isPartOf\":{\"@id\":\"https:\\\/\\\/candas365.es\\\/noticias\\\/#website\"},\"breadcrumb\":{\"@id\":\"https:\\\/\\\/candas365.es\\\/noticias\\\/longevidad-reemplaza-la-dieta-nordica-a-la-nutricion-mediterranea\\\/#breadcrumblist\"},\"author\":{\"@id\":\"https:\\\/\\\/candas365.es\\\/noticias\\\/author\\\/admin\\\/#author\"},\"creator\":{\"@id\":\"https:\\\/\\\/candas365.es\\\/noticias\\\/author\\\/admin\\\/#author\"},\"image\":{\"@type\":\"ImageObject\",\"url\":\"https:\\\/\\\/candas365.es\\\/noticias\\\/wp-content\\\/uploads\\\/2023\\\/02\\\/dieta.jpg\",\"@id\":\"https:\\\/\\\/candas365.es\\\/noticias\\\/longevidad-reemplaza-la-dieta-nordica-a-la-nutricion-mediterranea\\\/#mainImage\",\"width\":1001,\"height\":668,\"caption\":\"Las verduras de ra\\u00edz como las remolachas son ingredientes habituales de la dieta n\\u00f3rdica. Foto: Zacharie Scheurer\\\/dpa\"},\"primaryImageOfPage\":{\"@id\":\"https:\\\/\\\/candas365.es\\\/noticias\\\/longevidad-reemplaza-la-dieta-nordica-a-la-nutricion-mediterranea\\\/#mainImage\"},\"datePublished\":\"2023-02-08T00:40:27+01:00\",\"dateModified\":\"2023-02-08T00:40:27+01:00\"},{\"@type\":\"WebSite\",\"@id\":\"https:\\\/\\\/candas365.es\\\/noticias\\\/#website\",\"url\":\"https:\\\/\\\/candas365.es\\\/noticias\\\/\",\"name\":\"Cand\\u00e1s 365\",\"alternateName\":\"Cand\\u00e1s 365 Noticias\",\"description\":\"Actualidad desde Carre\\u00f1o para el mundo\",\"inLanguage\":\"es-ES\",\"publisher\":{\"@id\":\"https:\\\/\\\/candas365.es\\\/noticias\\\/#organization\"}}]}\n\t\t<\/script>\n\t\t<!-- All in One SEO Pro -->\r\n\t\t<title>Longevidad: \u00bfreemplaza la dieta n\u00f3rdica a la nutrici\u00f3n mediterr\u00e1nea? | Cand\u00e1s 365<\/title>\n\n","aioseo_head_json":{"title":"Longevidad: \u00bfreemplaza la dieta n\u00f3rdica a la nutrici\u00f3n mediterr\u00e1nea? | Cand\u00e1s 365","description":"(dpa) - Siempre se dijo que la dieta mediterr\u00e1nea es una de las m\u00e1s sanas del planeta. Sin embargo, parece que el Mediterr\u00e1neo est\u00e1 comenzando a ver tambalear","canonical_url":"https:\/\/candas365.es\/noticias\/longevidad-reemplaza-la-dieta-nordica-a-la-nutricion-mediterranea\/","robots":"max-image-preview:large","keywords":"salud","webmasterTools":{"google-site-verification":"UA-32230408-1","msvalidate.01":"354F3CDFB2DA171B47FBE9ABF1F88D5","miscellaneous":""},"schema":{"@context":"https:\/\/schema.org","@graph":[{"@type":"BreadcrumbList","@id":"https:\/\/candas365.es\/noticias\/longevidad-reemplaza-la-dieta-nordica-a-la-nutricion-mediterranea\/#breadcrumblist","itemListElement":[{"@type":"ListItem","@id":"https:\/\/candas365.es\/noticias#listItem","position":1,"name":"Home","item":"https:\/\/candas365.es\/noticias","nextItem":{"@type":"ListItem","@id":"https:\/\/candas365.es\/noticias\/category\/salud\/#listItem","name":"Salud"}},{"@type":"ListItem","@id":"https:\/\/candas365.es\/noticias\/category\/salud\/#listItem","position":2,"name":"Salud","item":"https:\/\/candas365.es\/noticias\/category\/salud\/","nextItem":{"@type":"ListItem","@id":"https:\/\/candas365.es\/noticias\/longevidad-reemplaza-la-dieta-nordica-a-la-nutricion-mediterranea\/#listItem","name":"Longevidad: \u00bfreemplaza la dieta n\u00f3rdica a la nutrici\u00f3n mediterr\u00e1nea?"},"previousItem":{"@type":"ListItem","@id":"https:\/\/candas365.es\/noticias#listItem","name":"Home"}},{"@type":"ListItem","@id":"https:\/\/candas365.es\/noticias\/longevidad-reemplaza-la-dieta-nordica-a-la-nutricion-mediterranea\/#listItem","position":3,"name":"Longevidad: \u00bfreemplaza la dieta n\u00f3rdica a la nutrici\u00f3n mediterr\u00e1nea?","previousItem":{"@type":"ListItem","@id":"https:\/\/candas365.es\/noticias\/category\/salud\/#listItem","name":"Salud"}}]},{"@type":"NewsArticle","@id":"https:\/\/candas365.es\/noticias\/longevidad-reemplaza-la-dieta-nordica-a-la-nutricion-mediterranea\/#newsarticle","name":"Longevidad: \u00bfreemplaza la dieta n\u00f3rdica a la nutrici\u00f3n mediterr\u00e1nea? | Cand\u00e1s 365","headline":"Longevidad: \u00bfreemplaza la dieta n\u00f3rdica a la nutrici\u00f3n mediterr\u00e1nea?","author":{"@id":"https:\/\/candas365.es\/noticias\/author\/admin\/#author"},"publisher":{"@id":"https:\/\/candas365.es\/noticias\/#organization"},"image":{"@type":"ImageObject","url":"https:\/\/candas365.es\/noticias\/wp-content\/uploads\/2023\/02\/dieta.jpg","width":1001,"height":668,"caption":"Las verduras de ra\u00edz como las remolachas son ingredientes habituales de la dieta n\u00f3rdica. Foto: Zacharie Scheurer\/dpa"},"datePublished":"2023-02-08T00:40:27+01:00","dateModified":"2023-02-08T00:40:27+01:00","inLanguage":"es-ES","mainEntityOfPage":{"@id":"https:\/\/candas365.es\/noticias\/longevidad-reemplaza-la-dieta-nordica-a-la-nutricion-mediterranea\/#webpage"},"isPartOf":{"@id":"https:\/\/candas365.es\/noticias\/longevidad-reemplaza-la-dieta-nordica-a-la-nutricion-mediterranea\/#webpage"},"articleSection":"Salud, Gastronom\u00eda, Salud","dateline":"Publicado el febrero 8, 2023."},{"@type":"Organization","@id":"https:\/\/candas365.es\/noticias\/#organization","name":"Cand\u00e1s 365","description":"Cand\u00e1s 365 es un diario digital independiente, fundado en 2012, con base en Asturias. Informamos con rigor sobre actualidad, sociedad, cultura y ocio, con una mirada local y global.","url":"https:\/\/candas365.es\/noticias\/","email":"info@candas365.es","telephone":"+34652131393","foundingDate":"2012-06-10","logo":{"@type":"ImageObject","url":"https:\/\/candas365.es\/noticias\/wp-content\/uploads\/2024\/09\/Candas-365-Redes.jpg","@id":"https:\/\/candas365.es\/noticias\/longevidad-reemplaza-la-dieta-nordica-a-la-nutricion-mediterranea\/#organizationLogo","width":1152,"height":864,"caption":"Cand\u00e1s 365 Redes"},"image":{"@id":"https:\/\/candas365.es\/noticias\/longevidad-reemplaza-la-dieta-nordica-a-la-nutricion-mediterranea\/#organizationLogo"},"sameAs":["https:\/\/www.facebook.com\/Nachofdezber","https:\/\/x.com\/NabercoDigital","https:\/\/www.instagram.com\/nachofdezber\/","https:\/\/www.youtube.com\/channel\/UCZP-2wLEB9Rv6erhFmqVnvg"],"address":{"@id":"https:\/\/candas365.es\/noticias\/#postaladdress","@type":"PostalAddress","streetAddress":"san antonio 4, san antonio 4","postalCode":"33430","addressLocality":"Cand\u00e1s","addressRegion":"Asturias","addressCountry":"ES"}},{"@type":"Person","@id":"https:\/\/candas365.es\/noticias\/author\/admin\/#author","url":"https:\/\/candas365.es\/noticias\/author\/admin\/","name":"Cand\u00e1s 365","image":{"@type":"ImageObject","@id":"https:\/\/candas365.es\/noticias\/longevidad-reemplaza-la-dieta-nordica-a-la-nutricion-mediterranea\/#authorImage","url":"https:\/\/secure.gravatar.com\/avatar\/496a8e03d0c493ede1718b7934145dbdf8d89be1036b0eec9544e1094c9de390?s=96&d=mm&r=g","width":96,"height":96,"caption":"Cand\u00e1s 365"},"sameAs":["https:\/\/www.facebook.com\/carrenoactualidad","https:\/\/twitter.com\/nbasturias","https:\/\/www.instagram.com\/nachofdezber\/","https:\/\/www.youtube.com\/channel\/UCZP-2wLEB9Rv6erhFmqVnvg"]},{"@type":"WebPage","@id":"https:\/\/candas365.es\/noticias\/longevidad-reemplaza-la-dieta-nordica-a-la-nutricion-mediterranea\/#webpage","url":"https:\/\/candas365.es\/noticias\/longevidad-reemplaza-la-dieta-nordica-a-la-nutricion-mediterranea\/","name":"Longevidad: \u00bfreemplaza la dieta n\u00f3rdica a la nutrici\u00f3n mediterr\u00e1nea? | Cand\u00e1s 365","description":"(dpa) - Siempre se dijo que la dieta mediterr\u00e1nea es una de las m\u00e1s sanas del planeta. Sin embargo, parece que el Mediterr\u00e1neo est\u00e1 comenzando a ver tambalear","inLanguage":"es-ES","isPartOf":{"@id":"https:\/\/candas365.es\/noticias\/#website"},"breadcrumb":{"@id":"https:\/\/candas365.es\/noticias\/longevidad-reemplaza-la-dieta-nordica-a-la-nutricion-mediterranea\/#breadcrumblist"},"author":{"@id":"https:\/\/candas365.es\/noticias\/author\/admin\/#author"},"creator":{"@id":"https:\/\/candas365.es\/noticias\/author\/admin\/#author"},"image":{"@type":"ImageObject","url":"https:\/\/candas365.es\/noticias\/wp-content\/uploads\/2023\/02\/dieta.jpg","@id":"https:\/\/candas365.es\/noticias\/longevidad-reemplaza-la-dieta-nordica-a-la-nutricion-mediterranea\/#mainImage","width":1001,"height":668,"caption":"Las verduras de ra\u00edz como las remolachas son ingredientes habituales de la dieta n\u00f3rdica. Foto: Zacharie Scheurer\/dpa"},"primaryImageOfPage":{"@id":"https:\/\/candas365.es\/noticias\/longevidad-reemplaza-la-dieta-nordica-a-la-nutricion-mediterranea\/#mainImage"},"datePublished":"2023-02-08T00:40:27+01:00","dateModified":"2023-02-08T00:40:27+01:00"},{"@type":"WebSite","@id":"https:\/\/candas365.es\/noticias\/#website","url":"https:\/\/candas365.es\/noticias\/","name":"Cand\u00e1s 365","alternateName":"Cand\u00e1s 365 Noticias","description":"Actualidad desde Carre\u00f1o para el mundo","inLanguage":"es-ES","publisher":{"@id":"https:\/\/candas365.es\/noticias\/#organization"}}]},"og:locale":"es_ES","og:site_name":"Cand\u00e1s 365","og:type":"article","og:title":"Longevidad: \u00bfreemplaza la dieta n\u00f3rdica a la nutrici\u00f3n mediterr\u00e1nea? | Cand\u00e1s 365","og:description":"(dpa) - Siempre se dijo que la dieta mediterr\u00e1nea es una de las m\u00e1s sanas del planeta. Sin embargo, parece que el Mediterr\u00e1neo est\u00e1 comenzando a ver tambalear","og:url":"https:\/\/candas365.es\/noticias\/longevidad-reemplaza-la-dieta-nordica-a-la-nutricion-mediterranea\/","og:image":"https:\/\/candas365.es\/noticias\/wp-content\/uploads\/2023\/02\/dieta.jpg","og:image:secure_url":"https:\/\/candas365.es\/noticias\/wp-content\/uploads\/2023\/02\/dieta.jpg","og:image:width":1001,"og:image:height":668,"article:published_time":"2023-02-07T23:40:27+00:00","article:modified_time":"2023-02-07T23:40:27+00:00","article:publisher":"https:\/\/www.facebook.com\/Nachofdezber","article:author":"https:\/\/www.facebook.com\/carrenoactualidad","twitter:card":"summary_large_image","twitter:site":"@NabercoDigital","twitter:title":"Longevidad: \u00bfreemplaza la dieta n\u00f3rdica a la nutrici\u00f3n mediterr\u00e1nea? | Cand\u00e1s 365","twitter:description":"(dpa) - Siempre se dijo que la dieta mediterr\u00e1nea es una de las m\u00e1s sanas del planeta. Sin embargo, parece que el Mediterr\u00e1neo est\u00e1 comenzando a ver tambalear","twitter:creator":"@nbasturias","twitter:image":"https:\/\/candas365.es\/noticias\/wp-content\/uploads\/2023\/02\/dieta.jpg","twitter:label1":"Escrito por","twitter:data1":"Cand\u00e1s 365","twitter:label2":"Tiempo de lectura estimado","twitter:data2":"5 minutos"},"aioseo_meta_data":{"post_id":"171694","title":null,"description":"(dpa) - Siempre se dijo que la dieta mediterr\u00e1nea es una de las m\u00e1s sanas del planeta. Sin embargo, parece que el Mediterr\u00e1neo est\u00e1 comenzando a ver tambalear","keywords":[],"keyphrases":{"focus":{"keyphrase":"dieta","score":92,"analysis":{"keyphraseInTitle":{"score":9,"maxScore":9,"error":0},"keyphraseInDescription":{"score":9,"maxScore":9,"error":0},"keyphraseLength":{"score":9,"maxScore":9,"error":0,"length":1},"keyphraseInURL":{"score":1,"maxScore":5,"error":1},"keyphraseInIntroduction":{"score":9,"maxScore":9,"error":0},"keyphraseInSubHeadings":[],"keyphraseInImageAlt":{"score":9,"maxScore":9,"error":0}}},"additional":[{"keyphrase":"dieta mediterr\u00e1nea ","score":100,"analysis":{"keyphraseInDescription":{"score":9,"maxScore":9,"error":0},"keyphraseLength":{"score":9,"maxScore":9,"error":0,"length":2},"keyphraseInIntroduction":{"score":9,"maxScore":9,"error":0},"keyphraseInImageAlt":{"score":9,"maxScore":9,"error":0}}},{"keyphrase":"dieta","score":100,"analysis":{"keyphraseInDescription":{"score":9,"maxScore":9,"error":0},"keyphraseLength":{"score":9,"maxScore":9,"error":0,"length":1},"keyphraseInIntroduction":{"score":9,"maxScore":9,"error":0},"keyphraseInImageAlt":{"score":9,"maxScore":9,"error":0}}}]},"primary_term":null,"canonical_url":null,"og_title":null,"og_description":null,"og_object_type":"default","og_image_type":"default","og_image_url":null,"og_image_width":null,"og_image_height":null,"og_image_custom_url":null,"og_image_custom_fields":null,"og_video":"","og_custom_url":null,"og_article_section":null,"og_article_tags":[],"twitter_use_og":false,"twitter_card":"default","twitter_image_type":"default","twitter_image_url":null,"twitter_image_custom_url":null,"twitter_image_custom_fields":null,"twitter_title":null,"twitter_description":null,"schema":{"blockGraphs":[],"customGraphs":[],"default":{"data":{"Article":[],"Course":[],"Dataset":[],"FAQPage":[],"Movie":[],"Person":[],"Product":[],"ProductReview":[],"Car":[],"Recipe":[],"Service":[],"SoftwareApplication":[],"WebPage":[]},"graphName":"Article","isEnabled":true},"graphs":[]},"schema_type":"default","schema_type_options":null,"pillar_content":false,"robots_default":true,"robots_noindex":false,"robots_noarchive":false,"robots_nosnippet":false,"robots_nofollow":false,"robots_noimageindex":false,"robots_noodp":false,"robots_notranslate":false,"robots_max_snippet":"-1","robots_max_videopreview":"-1","robots_max_imagepreview":"large","priority":null,"frequency":"default","location":null,"local_seo":null,"seo_analyzer_scan_date":"2025-09-01 18:50:14","breadcrumb_settings":null,"limit_modified_date":false,"reviewed_by":null,"open_ai":null,"ai":null,"created":"2023-02-07 23:33:03","updated":"2025-09-01 18:50:14"},"aioseo_breadcrumb":"<div class=\"aioseo-breadcrumbs\"><span class=\"aioseo-breadcrumb\">\n\t<a href=\"https:\/\/candas365.es\/noticias\" title=\"Home\">Home<\/a>\n<\/span><span class=\"aioseo-breadcrumb-separator\">&ndash;<\/span><span class=\"aioseo-breadcrumb\">\n\t<a href=\"https:\/\/candas365.es\/noticias\/category\/salud\/\" title=\"Salud\">Salud<\/a>\n<\/span><span class=\"aioseo-breadcrumb-separator\">&ndash;<\/span><span class=\"aioseo-breadcrumb\">\n\tLongevidad: \u00bfreemplaza la dieta n\u00f3rdica a la nutrici\u00f3n mediterr\u00e1nea?\n<\/span><\/div>","aioseo_breadcrumb_json":[{"label":"Home","link":"https:\/\/candas365.es\/noticias"},{"label":"Salud","link":"https:\/\/candas365.es\/noticias\/category\/salud\/"},{"label":"Longevidad: \u00bfreemplaza la dieta n\u00f3rdica a la nutrici\u00f3n mediterr\u00e1nea?","link":"https:\/\/candas365.es\/noticias\/longevidad-reemplaza-la-dieta-nordica-a-la-nutricion-mediterranea\/"}],"_links":{"self":[{"href":"https:\/\/candas365.es\/noticias\/wp-json\/wp\/v2\/posts\/171694","targetHints":{"allow":["GET"]}}],"collection":[{"href":"https:\/\/candas365.es\/noticias\/wp-json\/wp\/v2\/posts"}],"about":[{"href":"https:\/\/candas365.es\/noticias\/wp-json\/wp\/v2\/types\/post"}],"author":[{"embeddable":true,"href":"https:\/\/candas365.es\/noticias\/wp-json\/wp\/v2\/users\/1"}],"replies":[{"embeddable":true,"href":"https:\/\/candas365.es\/noticias\/wp-json\/wp\/v2\/comments?post=171694"}],"version-history":[{"count":0,"href":"https:\/\/candas365.es\/noticias\/wp-json\/wp\/v2\/posts\/171694\/revisions"}],"wp:featuredmedia":[{"embeddable":true,"href":"https:\/\/candas365.es\/noticias\/wp-json\/wp\/v2\/media\/171695"}],"wp:attachment":[{"href":"https:\/\/candas365.es\/noticias\/wp-json\/wp\/v2\/media?parent=171694"}],"wp:term":[{"taxonomy":"category","embeddable":true,"href":"https:\/\/candas365.es\/noticias\/wp-json\/wp\/v2\/categories?post=171694"},{"taxonomy":"post_tag","embeddable":true,"href":"https:\/\/candas365.es\/noticias\/wp-json\/wp\/v2\/tags?post=171694"}],"curies":[{"name":"wp","href":"https:\/\/api.w.org\/{rel}","templated":true}]}}