{"id":171664,"date":"2023-02-06T21:44:24","date_gmt":"2023-02-06T20:44:24","guid":{"rendered":"https:\/\/candas365.es\/noticias\/?p=171664"},"modified":"2023-02-06T21:44:24","modified_gmt":"2023-02-06T20:44:24","slug":"la-ultima-de-froilan-desalojado-un-after-por-exceso-de-aforo-en-madrid","status":"publish","type":"post","link":"https:\/\/candas365.es\/noticias\/la-ultima-de-froilan-desalojado-un-after-por-exceso-de-aforo-en-madrid\/","title":{"rendered":"La \u00ab\u00faltima\u00bb de Froil\u00e1n: Desalojado un \u00abafter\u00bb por exceso de aforo en Madrid"},"content":{"rendered":"<p>(EP) &#8211; Agentes de la <a href=\"https:\/\/candas365.es\/noticias\/category\/sucesos\/\"><span style=\"color: #ff6600;\"><strong>Polic\u00eda Municipal de Madrid<\/strong><\/span><\/a> desalojaron este domingo un establecimiento con licencia para sauna que operaba como sala de fiestas y &#8216;after&#8217; en el distrito de Tetu\u00e1n, donde, <strong>a pesar de que el aforo del lugar era de 99, se congregaban 229 personas, entre ellas el hijo de la Infanta Elena y nieto del rey Juan Carlos I, Felipe Juan Froil\u00e1n de Marichalar y Borb\u00f3n.<\/strong><\/p>\n<figure id=\"attachment_171665\" aria-describedby=\"caption-attachment-171665\" style=\"width: 650px\" class=\"wp-caption aligncenter\"><img fetchpriority=\"high\" decoding=\"async\" class=\"wp-image-171665 size-large\" src=\"https:\/\/candas365.es\/noticias\/wp-content\/uploads\/2023\/02\/Madrid-650x435.jpg\" alt=\"Madrid\" width=\"650\" height=\"435\" srcset=\"https:\/\/candas365.es\/noticias\/wp-content\/uploads\/2023\/02\/Madrid-650x435.jpg 650w, https:\/\/candas365.es\/noticias\/wp-content\/uploads\/2023\/02\/Madrid-360x241.jpg 360w, https:\/\/candas365.es\/noticias\/wp-content\/uploads\/2023\/02\/Madrid-150x100.jpg 150w, https:\/\/candas365.es\/noticias\/wp-content\/uploads\/2023\/02\/Madrid-450x301.jpg 450w, https:\/\/candas365.es\/noticias\/wp-content\/uploads\/2023\/02\/Madrid.jpg 667w\" sizes=\"(max-width: 650px) 100vw, 650px\" \/><figcaption id=\"caption-attachment-171665\" class=\"wp-caption-text\">FOTO: POLIC\u00cdA MUNICIPAL DE MADRID \/ Europa Press<\/figcaption><\/figure>\n<p>Seg\u00fan la informaci\u00f3n publicada por &#8216;El Mundo&#8217; y de acuerdo con las fuentes consultadas por Europa Press, agentes de paisano se personaron en el local, ubicado en el n\u00famero 64 de la calle Orense, tras la llamada de vecinos que se quejaban del ruido y el continuo trasiego de personas a altas horas de la madrugada.<\/p>\n<blockquote><p>Tras entrevistarse con el titular del establecimiento, los polic\u00edas procedieron a la inspecci\u00f3n de la sala, la cual ten\u00eda licencia para actividades de sauna y relajaci\u00f3n con barra.<\/p><\/blockquote>\n<p>Una vez en su interior, comprobaron que en esos momentos el local operaba como sala de fiesta y discoteca, con varios compartimentos reservados que, pese a tener una capacidad para dos personas, albergaban hasta diez y 20 en algunos casos, las cuales se encontraban consumiendo alcohol y fumando cachimbas.<\/p>\n<p>Asimismo, se procedi\u00f3 al cacheo de varios clientes que mostraban una actitud nerviosa y trataban de huir del lugar, y se comprob\u00f3 que portaban sustancias estupefacientes. Uno de ellos, incluso, llevaba un cuchillo consigo. La barra del establecimiento contaba con su propio DJ y en ella se vend\u00edan tambi\u00e9n bebidas alcoh\u00f3licas, seg\u00fan el relato de los agentes.<\/p>\n<h2>PRESENCIA DE MENORES<\/h2>\n<p>Ante la aglomeraci\u00f3n de personas y el riesgo que ello supon\u00eda, los agentes procedieron al desalojo de los asistentes, entre los que identific\u00f3 a varios menores.<\/p>\n<p>A las denuncias formuladas contra el establecimiento por desarrollar un actividad distinta a la que le autorizaba su licencia, as\u00ed como por la presencia de menores y el exceso del aforo, se han sumado las actas levantadas a los clientes a los que se intervino la droga y el cuchillo.<\/p>\n<p>Asimismo, <strong>otras fuentes consultadas por Europa Press han confirmado la presencia de Felipe Juan Froil\u00e1n de Todos los Santos de Marichalar y Borb\u00f3n entre los asistentes al &#8216;after&#8217;.<\/strong><\/p>\n","protected":false},"excerpt":{"rendered":"<p>(EP) &#8211; Agentes de la Polic\u00eda Municipal de Madrid desalojaron este domingo un establecimiento con licencia para sauna que operaba como sala de fiestas y &#8216;after&#8217; en el distrito de Tetu\u00e1n, donde, a pesar de que el aforo del lugar era de 99, se congregaban 229 personas, entre ellas el hijo de la Infanta Elena<\/p>\n","protected":false},"author":1,"featured_media":171665,"comment_status":"closed","ping_status":"closed","sticky":false,"template":"","format":"standard","meta":{"footnotes":""},"categories":[487],"tags":[391],"class_list":{"0":"post-171664","1":"post","2":"type-post","3":"status-publish","4":"format-standard","5":"has-post-thumbnail","7":"category-sucesos","8":"tag-sucesos"},"aioseo_notices":[],"aioseo_head":"\n\t\t<!-- All in One SEO Pro 4.9.6.2 - aioseo.com -->\n\t<meta name=\"description\" content=\"(EP) - Agentes de la Polic\u00eda Municipal de Madrid desalojaron este domingo un establecimiento con licencia para sauna que operaba como sala de fiestas\" \/>\n\t<meta name=\"robots\" content=\"max-image-preview:large\" \/>\n\t<meta name=\"author\" content=\"Cand\u00e1s 365\"\/>\n\t<meta name=\"google-site-verification\" content=\"UA-32230408-1\" \/>\n\t<meta name=\"msvalidate.01\" content=\"354F3CDFB2DA171B47FBE9ABF1F88D5\" \/>\n\t<meta name=\"keywords\" content=\"sucesos\" \/>\n\t<link rel=\"canonical\" href=\"https:\/\/candas365.es\/noticias\/la-ultima-de-froilan-desalojado-un-after-por-exceso-de-aforo-en-madrid\/\" \/>\n\t<meta name=\"generator\" content=\"All in One SEO Pro (AIOSEO) 4.9.6.2\" \/>\n\t\t<meta property=\"og:locale\" content=\"es_ES\" \/>\n\t\t<meta property=\"og:site_name\" content=\"Cand\u00e1s 365\" \/>\n\t\t<meta property=\"og:type\" content=\"article\" \/>\n\t\t<meta property=\"og:title\" content=\"La \u00ab\u00faltima\u00bb de Froil\u00e1n: Desalojado un \u00abafter\u00bb por exceso de aforo en Madrid | Cand\u00e1s 365\" \/>\n\t\t<meta property=\"og:description\" content=\"(EP) - Agentes de la Polic\u00eda Municipal de Madrid desalojaron este domingo un establecimiento con licencia para sauna que operaba como sala de fiestas\" \/>\n\t\t<meta property=\"og:url\" content=\"https:\/\/candas365.es\/noticias\/la-ultima-de-froilan-desalojado-un-after-por-exceso-de-aforo-en-madrid\/\" \/>\n\t\t<meta property=\"og:image\" content=\"https:\/\/candas365.es\/noticias\/wp-content\/uploads\/2023\/02\/Madrid.jpg\" \/>\n\t\t<meta property=\"og:image:secure_url\" content=\"https:\/\/candas365.es\/noticias\/wp-content\/uploads\/2023\/02\/Madrid.jpg\" \/>\n\t\t<meta property=\"og:image:width\" content=\"667\" \/>\n\t\t<meta property=\"og:image:height\" content=\"446\" \/>\n\t\t<meta property=\"article:published_time\" content=\"2023-02-06T20:44:24+00:00\" \/>\n\t\t<meta property=\"article:modified_time\" content=\"2023-02-06T20:44:24+00:00\" \/>\n\t\t<meta property=\"article:publisher\" content=\"https:\/\/www.facebook.com\/Nachofdezber\" \/>\n\t\t<meta property=\"article:author\" content=\"https:\/\/www.facebook.com\/carrenoactualidad\" \/>\n\t\t<meta name=\"twitter:card\" content=\"summary_large_image\" \/>\n\t\t<meta name=\"twitter:site\" content=\"@NabercoDigital\" \/>\n\t\t<meta name=\"twitter:title\" content=\"La \u00ab\u00faltima\u00bb de Froil\u00e1n: Desalojado un \u00abafter\u00bb por exceso de aforo en Madrid | Cand\u00e1s 365\" \/>\n\t\t<meta name=\"twitter:description\" content=\"(EP) - Agentes de la Polic\u00eda Municipal de Madrid desalojaron este domingo un establecimiento con licencia para sauna que operaba como sala de fiestas\" \/>\n\t\t<meta name=\"twitter:creator\" content=\"@nbasturias\" \/>\n\t\t<meta name=\"twitter:image\" content=\"https:\/\/candas365.es\/noticias\/wp-content\/uploads\/2023\/02\/Madrid.jpg\" \/>\n\t\t<meta name=\"twitter:label1\" content=\"Escrito por\" \/>\n\t\t<meta name=\"twitter:data1\" content=\"Cand\u00e1s 365\" \/>\n\t\t<meta name=\"twitter:label2\" content=\"Tiempo de lectura estimado\" \/>\n\t\t<meta name=\"twitter:data2\" content=\"2 minutos\" \/>\n\t\t<script type=\"application\/ld+json\" class=\"aioseo-schema\">\n\t\t\t{\"@context\":\"https:\\\/\\\/schema.org\",\"@graph\":[{\"@type\":\"BreadcrumbList\",\"@id\":\"https:\\\/\\\/candas365.es\\\/noticias\\\/la-ultima-de-froilan-desalojado-un-after-por-exceso-de-aforo-en-madrid\\\/#breadcrumblist\",\"itemListElement\":[{\"@type\":\"ListItem\",\"@id\":\"https:\\\/\\\/candas365.es\\\/noticias#listItem\",\"position\":1,\"name\":\"Home\",\"item\":\"https:\\\/\\\/candas365.es\\\/noticias\",\"nextItem\":{\"@type\":\"ListItem\",\"@id\":\"https:\\\/\\\/candas365.es\\\/noticias\\\/category\\\/sucesos\\\/#listItem\",\"name\":\"Sucesos\"}},{\"@type\":\"ListItem\",\"@id\":\"https:\\\/\\\/candas365.es\\\/noticias\\\/category\\\/sucesos\\\/#listItem\",\"position\":2,\"name\":\"Sucesos\",\"item\":\"https:\\\/\\\/candas365.es\\\/noticias\\\/category\\\/sucesos\\\/\",\"nextItem\":{\"@type\":\"ListItem\",\"@id\":\"https:\\\/\\\/candas365.es\\\/noticias\\\/la-ultima-de-froilan-desalojado-un-after-por-exceso-de-aforo-en-madrid\\\/#listItem\",\"name\":\"La \\u00ab\\u00faltima\\u00bb de Froil\\u00e1n: Desalojado un \\u00abafter\\u00bb por exceso de aforo en Madrid\"},\"previousItem\":{\"@type\":\"ListItem\",\"@id\":\"https:\\\/\\\/candas365.es\\\/noticias#listItem\",\"name\":\"Home\"}},{\"@type\":\"ListItem\",\"@id\":\"https:\\\/\\\/candas365.es\\\/noticias\\\/la-ultima-de-froilan-desalojado-un-after-por-exceso-de-aforo-en-madrid\\\/#listItem\",\"position\":3,\"name\":\"La \\u00ab\\u00faltima\\u00bb de Froil\\u00e1n: Desalojado un \\u00abafter\\u00bb por exceso de aforo en Madrid\",\"previousItem\":{\"@type\":\"ListItem\",\"@id\":\"https:\\\/\\\/candas365.es\\\/noticias\\\/category\\\/sucesos\\\/#listItem\",\"name\":\"Sucesos\"}}]},{\"@type\":\"NewsArticle\",\"@id\":\"https:\\\/\\\/candas365.es\\\/noticias\\\/la-ultima-de-froilan-desalojado-un-after-por-exceso-de-aforo-en-madrid\\\/#newsarticle\",\"name\":\"La \\u00ab\\u00faltima\\u00bb de Froil\\u00e1n: Desalojado un \\u00abafter\\u00bb por exceso de aforo en Madrid | Cand\\u00e1s 365\",\"headline\":\"La \\u00ab\\u00faltima\\u00bb de Froil\\u00e1n: Desalojado un \\u00abafter\\u00bb por exceso de aforo en Madrid\",\"author\":{\"@id\":\"https:\\\/\\\/candas365.es\\\/noticias\\\/author\\\/admin\\\/#author\"},\"publisher\":{\"@id\":\"https:\\\/\\\/candas365.es\\\/noticias\\\/#organization\"},\"image\":{\"@type\":\"ImageObject\",\"url\":\"https:\\\/\\\/candas365.es\\\/noticias\\\/wp-content\\\/uploads\\\/2023\\\/02\\\/Madrid.jpg\",\"width\":667,\"height\":446,\"caption\":\"FOTO: POLIC\\u00cdA MUNICIPAL DE MADRID \\\/ Europa Press\"},\"datePublished\":\"2023-02-06T21:44:24+01:00\",\"dateModified\":\"2023-02-06T21:44:24+01:00\",\"inLanguage\":\"es-ES\",\"mainEntityOfPage\":{\"@id\":\"https:\\\/\\\/candas365.es\\\/noticias\\\/la-ultima-de-froilan-desalojado-un-after-por-exceso-de-aforo-en-madrid\\\/#webpage\"},\"isPartOf\":{\"@id\":\"https:\\\/\\\/candas365.es\\\/noticias\\\/la-ultima-de-froilan-desalojado-un-after-por-exceso-de-aforo-en-madrid\\\/#webpage\"},\"articleSection\":\"Sucesos, sucesos\",\"dateline\":\"Publicado el febrero 6, 2023.\"},{\"@type\":\"Organization\",\"@id\":\"https:\\\/\\\/candas365.es\\\/noticias\\\/#organization\",\"name\":\"Cand\\u00e1s 365\",\"description\":\"Cand\\u00e1s 365 es un diario digital independiente, fundado en 2012, con base en Asturias. Informamos con rigor sobre actualidad, sociedad, cultura y ocio, con una mirada local y global.\",\"url\":\"https:\\\/\\\/candas365.es\\\/noticias\\\/\",\"email\":\"info@candas365.es\",\"telephone\":\"+34652131393\",\"foundingDate\":\"2012-06-10\",\"logo\":{\"@type\":\"ImageObject\",\"url\":\"https:\\\/\\\/candas365.es\\\/noticias\\\/wp-content\\\/uploads\\\/2024\\\/09\\\/Candas-365-Redes.jpg\",\"@id\":\"https:\\\/\\\/candas365.es\\\/noticias\\\/la-ultima-de-froilan-desalojado-un-after-por-exceso-de-aforo-en-madrid\\\/#organizationLogo\",\"width\":1152,\"height\":864,\"caption\":\"Cand\\u00e1s 365 Redes\"},\"image\":{\"@id\":\"https:\\\/\\\/candas365.es\\\/noticias\\\/la-ultima-de-froilan-desalojado-un-after-por-exceso-de-aforo-en-madrid\\\/#organizationLogo\"},\"sameAs\":[\"https:\\\/\\\/www.facebook.com\\\/Nachofdezber\",\"https:\\\/\\\/x.com\\\/NabercoDigital\",\"https:\\\/\\\/www.instagram.com\\\/nachofdezber\\\/\",\"https:\\\/\\\/www.youtube.com\\\/channel\\\/UCZP-2wLEB9Rv6erhFmqVnvg\"],\"address\":{\"@id\":\"https:\\\/\\\/candas365.es\\\/noticias\\\/#postaladdress\",\"@type\":\"PostalAddress\",\"streetAddress\":\"san antonio 4, san antonio 4\",\"postalCode\":\"33430\",\"addressLocality\":\"Cand\\u00e1s\",\"addressRegion\":\"Asturias\",\"addressCountry\":\"ES\"}},{\"@type\":\"Person\",\"@id\":\"https:\\\/\\\/candas365.es\\\/noticias\\\/author\\\/admin\\\/#author\",\"url\":\"https:\\\/\\\/candas365.es\\\/noticias\\\/author\\\/admin\\\/\",\"name\":\"Cand\\u00e1s 365\",\"image\":{\"@type\":\"ImageObject\",\"@id\":\"https:\\\/\\\/candas365.es\\\/noticias\\\/la-ultima-de-froilan-desalojado-un-after-por-exceso-de-aforo-en-madrid\\\/#authorImage\",\"url\":\"https:\\\/\\\/secure.gravatar.com\\\/avatar\\\/496a8e03d0c493ede1718b7934145dbdf8d89be1036b0eec9544e1094c9de390?s=96&d=mm&r=g\",\"width\":96,\"height\":96,\"caption\":\"Cand\\u00e1s 365\"},\"sameAs\":[\"https:\\\/\\\/www.facebook.com\\\/carrenoactualidad\",\"https:\\\/\\\/twitter.com\\\/nbasturias\",\"https:\\\/\\\/www.instagram.com\\\/nachofdezber\\\/\",\"https:\\\/\\\/www.youtube.com\\\/channel\\\/UCZP-2wLEB9Rv6erhFmqVnvg\"]},{\"@type\":\"WebPage\",\"@id\":\"https:\\\/\\\/candas365.es\\\/noticias\\\/la-ultima-de-froilan-desalojado-un-after-por-exceso-de-aforo-en-madrid\\\/#webpage\",\"url\":\"https:\\\/\\\/candas365.es\\\/noticias\\\/la-ultima-de-froilan-desalojado-un-after-por-exceso-de-aforo-en-madrid\\\/\",\"name\":\"La \\u00ab\\u00faltima\\u00bb de Froil\\u00e1n: Desalojado un \\u00abafter\\u00bb por exceso de aforo en Madrid | Cand\\u00e1s 365\",\"description\":\"(EP) - Agentes de la Polic\\u00eda Municipal de Madrid desalojaron este domingo un establecimiento con licencia para sauna que operaba como sala de fiestas\",\"inLanguage\":\"es-ES\",\"isPartOf\":{\"@id\":\"https:\\\/\\\/candas365.es\\\/noticias\\\/#website\"},\"breadcrumb\":{\"@id\":\"https:\\\/\\\/candas365.es\\\/noticias\\\/la-ultima-de-froilan-desalojado-un-after-por-exceso-de-aforo-en-madrid\\\/#breadcrumblist\"},\"author\":{\"@id\":\"https:\\\/\\\/candas365.es\\\/noticias\\\/author\\\/admin\\\/#author\"},\"creator\":{\"@id\":\"https:\\\/\\\/candas365.es\\\/noticias\\\/author\\\/admin\\\/#author\"},\"image\":{\"@type\":\"ImageObject\",\"url\":\"https:\\\/\\\/candas365.es\\\/noticias\\\/wp-content\\\/uploads\\\/2023\\\/02\\\/Madrid.jpg\",\"@id\":\"https:\\\/\\\/candas365.es\\\/noticias\\\/la-ultima-de-froilan-desalojado-un-after-por-exceso-de-aforo-en-madrid\\\/#mainImage\",\"width\":667,\"height\":446,\"caption\":\"FOTO: POLIC\\u00cdA MUNICIPAL DE MADRID \\\/ Europa Press\"},\"primaryImageOfPage\":{\"@id\":\"https:\\\/\\\/candas365.es\\\/noticias\\\/la-ultima-de-froilan-desalojado-un-after-por-exceso-de-aforo-en-madrid\\\/#mainImage\"},\"datePublished\":\"2023-02-06T21:44:24+01:00\",\"dateModified\":\"2023-02-06T21:44:24+01:00\"},{\"@type\":\"WebSite\",\"@id\":\"https:\\\/\\\/candas365.es\\\/noticias\\\/#website\",\"url\":\"https:\\\/\\\/candas365.es\\\/noticias\\\/\",\"name\":\"Cand\\u00e1s 365\",\"alternateName\":\"Cand\\u00e1s 365 Noticias\",\"description\":\"Actualidad desde Carre\\u00f1o para el mundo\",\"inLanguage\":\"es-ES\",\"publisher\":{\"@id\":\"https:\\\/\\\/candas365.es\\\/noticias\\\/#organization\"}}]}\n\t\t<\/script>\n\t\t<!-- All in One SEO Pro -->\r\n\t\t<title>La \u00ab\u00faltima\u00bb de Froil\u00e1n: Desalojado un \u00abafter\u00bb por exceso de aforo en Madrid | Cand\u00e1s 365<\/title>\n\n","aioseo_head_json":{"title":"La \u00ab\u00faltima\u00bb de Froil\u00e1n: Desalojado un \u00abafter\u00bb por exceso de aforo en Madrid | Cand\u00e1s 365","description":"(EP) - Agentes de la Polic\u00eda Municipal de Madrid desalojaron este domingo un establecimiento con licencia para sauna que operaba como sala de fiestas","canonical_url":"https:\/\/candas365.es\/noticias\/la-ultima-de-froilan-desalojado-un-after-por-exceso-de-aforo-en-madrid\/","robots":"max-image-preview:large","keywords":"sucesos","webmasterTools":{"google-site-verification":"UA-32230408-1","msvalidate.01":"354F3CDFB2DA171B47FBE9ABF1F88D5","miscellaneous":""},"schema":{"@context":"https:\/\/schema.org","@graph":[{"@type":"BreadcrumbList","@id":"https:\/\/candas365.es\/noticias\/la-ultima-de-froilan-desalojado-un-after-por-exceso-de-aforo-en-madrid\/#breadcrumblist","itemListElement":[{"@type":"ListItem","@id":"https:\/\/candas365.es\/noticias#listItem","position":1,"name":"Home","item":"https:\/\/candas365.es\/noticias","nextItem":{"@type":"ListItem","@id":"https:\/\/candas365.es\/noticias\/category\/sucesos\/#listItem","name":"Sucesos"}},{"@type":"ListItem","@id":"https:\/\/candas365.es\/noticias\/category\/sucesos\/#listItem","position":2,"name":"Sucesos","item":"https:\/\/candas365.es\/noticias\/category\/sucesos\/","nextItem":{"@type":"ListItem","@id":"https:\/\/candas365.es\/noticias\/la-ultima-de-froilan-desalojado-un-after-por-exceso-de-aforo-en-madrid\/#listItem","name":"La \u00ab\u00faltima\u00bb de Froil\u00e1n: Desalojado un \u00abafter\u00bb por exceso de aforo en Madrid"},"previousItem":{"@type":"ListItem","@id":"https:\/\/candas365.es\/noticias#listItem","name":"Home"}},{"@type":"ListItem","@id":"https:\/\/candas365.es\/noticias\/la-ultima-de-froilan-desalojado-un-after-por-exceso-de-aforo-en-madrid\/#listItem","position":3,"name":"La \u00ab\u00faltima\u00bb de Froil\u00e1n: Desalojado un \u00abafter\u00bb por exceso de aforo en Madrid","previousItem":{"@type":"ListItem","@id":"https:\/\/candas365.es\/noticias\/category\/sucesos\/#listItem","name":"Sucesos"}}]},{"@type":"NewsArticle","@id":"https:\/\/candas365.es\/noticias\/la-ultima-de-froilan-desalojado-un-after-por-exceso-de-aforo-en-madrid\/#newsarticle","name":"La \u00ab\u00faltima\u00bb de Froil\u00e1n: Desalojado un \u00abafter\u00bb por exceso de aforo en Madrid | Cand\u00e1s 365","headline":"La \u00ab\u00faltima\u00bb de Froil\u00e1n: Desalojado un \u00abafter\u00bb por exceso de aforo en Madrid","author":{"@id":"https:\/\/candas365.es\/noticias\/author\/admin\/#author"},"publisher":{"@id":"https:\/\/candas365.es\/noticias\/#organization"},"image":{"@type":"ImageObject","url":"https:\/\/candas365.es\/noticias\/wp-content\/uploads\/2023\/02\/Madrid.jpg","width":667,"height":446,"caption":"FOTO: POLIC\u00cdA MUNICIPAL DE MADRID \/ Europa Press"},"datePublished":"2023-02-06T21:44:24+01:00","dateModified":"2023-02-06T21:44:24+01:00","inLanguage":"es-ES","mainEntityOfPage":{"@id":"https:\/\/candas365.es\/noticias\/la-ultima-de-froilan-desalojado-un-after-por-exceso-de-aforo-en-madrid\/#webpage"},"isPartOf":{"@id":"https:\/\/candas365.es\/noticias\/la-ultima-de-froilan-desalojado-un-after-por-exceso-de-aforo-en-madrid\/#webpage"},"articleSection":"Sucesos, sucesos","dateline":"Publicado el febrero 6, 2023."},{"@type":"Organization","@id":"https:\/\/candas365.es\/noticias\/#organization","name":"Cand\u00e1s 365","description":"Cand\u00e1s 365 es un diario digital independiente, fundado en 2012, con base en Asturias. Informamos con rigor sobre actualidad, sociedad, cultura y ocio, con una mirada local y global.","url":"https:\/\/candas365.es\/noticias\/","email":"info@candas365.es","telephone":"+34652131393","foundingDate":"2012-06-10","logo":{"@type":"ImageObject","url":"https:\/\/candas365.es\/noticias\/wp-content\/uploads\/2024\/09\/Candas-365-Redes.jpg","@id":"https:\/\/candas365.es\/noticias\/la-ultima-de-froilan-desalojado-un-after-por-exceso-de-aforo-en-madrid\/#organizationLogo","width":1152,"height":864,"caption":"Cand\u00e1s 365 Redes"},"image":{"@id":"https:\/\/candas365.es\/noticias\/la-ultima-de-froilan-desalojado-un-after-por-exceso-de-aforo-en-madrid\/#organizationLogo"},"sameAs":["https:\/\/www.facebook.com\/Nachofdezber","https:\/\/x.com\/NabercoDigital","https:\/\/www.instagram.com\/nachofdezber\/","https:\/\/www.youtube.com\/channel\/UCZP-2wLEB9Rv6erhFmqVnvg"],"address":{"@id":"https:\/\/candas365.es\/noticias\/#postaladdress","@type":"PostalAddress","streetAddress":"san antonio 4, san antonio 4","postalCode":"33430","addressLocality":"Cand\u00e1s","addressRegion":"Asturias","addressCountry":"ES"}},{"@type":"Person","@id":"https:\/\/candas365.es\/noticias\/author\/admin\/#author","url":"https:\/\/candas365.es\/noticias\/author\/admin\/","name":"Cand\u00e1s 365","image":{"@type":"ImageObject","@id":"https:\/\/candas365.es\/noticias\/la-ultima-de-froilan-desalojado-un-after-por-exceso-de-aforo-en-madrid\/#authorImage","url":"https:\/\/secure.gravatar.com\/avatar\/496a8e03d0c493ede1718b7934145dbdf8d89be1036b0eec9544e1094c9de390?s=96&d=mm&r=g","width":96,"height":96,"caption":"Cand\u00e1s 365"},"sameAs":["https:\/\/www.facebook.com\/carrenoactualidad","https:\/\/twitter.com\/nbasturias","https:\/\/www.instagram.com\/nachofdezber\/","https:\/\/www.youtube.com\/channel\/UCZP-2wLEB9Rv6erhFmqVnvg"]},{"@type":"WebPage","@id":"https:\/\/candas365.es\/noticias\/la-ultima-de-froilan-desalojado-un-after-por-exceso-de-aforo-en-madrid\/#webpage","url":"https:\/\/candas365.es\/noticias\/la-ultima-de-froilan-desalojado-un-after-por-exceso-de-aforo-en-madrid\/","name":"La \u00ab\u00faltima\u00bb de Froil\u00e1n: Desalojado un \u00abafter\u00bb por exceso de aforo en Madrid | Cand\u00e1s 365","description":"(EP) - Agentes de la Polic\u00eda Municipal de Madrid desalojaron este domingo un establecimiento con licencia para sauna que operaba como sala de fiestas","inLanguage":"es-ES","isPartOf":{"@id":"https:\/\/candas365.es\/noticias\/#website"},"breadcrumb":{"@id":"https:\/\/candas365.es\/noticias\/la-ultima-de-froilan-desalojado-un-after-por-exceso-de-aforo-en-madrid\/#breadcrumblist"},"author":{"@id":"https:\/\/candas365.es\/noticias\/author\/admin\/#author"},"creator":{"@id":"https:\/\/candas365.es\/noticias\/author\/admin\/#author"},"image":{"@type":"ImageObject","url":"https:\/\/candas365.es\/noticias\/wp-content\/uploads\/2023\/02\/Madrid.jpg","@id":"https:\/\/candas365.es\/noticias\/la-ultima-de-froilan-desalojado-un-after-por-exceso-de-aforo-en-madrid\/#mainImage","width":667,"height":446,"caption":"FOTO: POLIC\u00cdA MUNICIPAL DE MADRID \/ Europa Press"},"primaryImageOfPage":{"@id":"https:\/\/candas365.es\/noticias\/la-ultima-de-froilan-desalojado-un-after-por-exceso-de-aforo-en-madrid\/#mainImage"},"datePublished":"2023-02-06T21:44:24+01:00","dateModified":"2023-02-06T21:44:24+01:00"},{"@type":"WebSite","@id":"https:\/\/candas365.es\/noticias\/#website","url":"https:\/\/candas365.es\/noticias\/","name":"Cand\u00e1s 365","alternateName":"Cand\u00e1s 365 Noticias","description":"Actualidad desde Carre\u00f1o para el mundo","inLanguage":"es-ES","publisher":{"@id":"https:\/\/candas365.es\/noticias\/#organization"}}]},"og:locale":"es_ES","og:site_name":"Cand\u00e1s 365","og:type":"article","og:title":"La \u00ab\u00faltima\u00bb de Froil\u00e1n: Desalojado un \u00abafter\u00bb por exceso de aforo en Madrid | Cand\u00e1s 365","og:description":"(EP) - Agentes de la Polic\u00eda Municipal de Madrid desalojaron este domingo un establecimiento con licencia para sauna que operaba como sala de fiestas","og:url":"https:\/\/candas365.es\/noticias\/la-ultima-de-froilan-desalojado-un-after-por-exceso-de-aforo-en-madrid\/","og:image":"https:\/\/candas365.es\/noticias\/wp-content\/uploads\/2023\/02\/Madrid.jpg","og:image:secure_url":"https:\/\/candas365.es\/noticias\/wp-content\/uploads\/2023\/02\/Madrid.jpg","og:image:width":667,"og:image:height":446,"article:published_time":"2023-02-06T20:44:24+00:00","article:modified_time":"2023-02-06T20:44:24+00:00","article:publisher":"https:\/\/www.facebook.com\/Nachofdezber","article:author":"https:\/\/www.facebook.com\/carrenoactualidad","twitter:card":"summary_large_image","twitter:site":"@NabercoDigital","twitter:title":"La \u00ab\u00faltima\u00bb de Froil\u00e1n: Desalojado un \u00abafter\u00bb por exceso de aforo en Madrid | Cand\u00e1s 365","twitter:description":"(EP) - Agentes de la Polic\u00eda Municipal de Madrid desalojaron este domingo un establecimiento con licencia para sauna que operaba como sala de fiestas","twitter:creator":"@nbasturias","twitter:image":"https:\/\/candas365.es\/noticias\/wp-content\/uploads\/2023\/02\/Madrid.jpg","twitter:label1":"Escrito por","twitter:data1":"Cand\u00e1s 365","twitter:label2":"Tiempo de lectura estimado","twitter:data2":"2 minutos"},"aioseo_meta_data":{"post_id":"171664","title":null,"description":"(EP) - Agentes de la Polic\u00eda Municipal de Madrid desalojaron este domingo un establecimiento con licencia para sauna que operaba como sala de fiestas","keywords":[],"keyphrases":{"focus":{"keyphrase":"Madrid ","score":83,"analysis":{"keyphraseInTitle":{"score":9,"maxScore":9,"error":0},"keyphraseInDescription":{"score":9,"maxScore":9,"error":0},"keyphraseLength":{"score":9,"maxScore":9,"error":0,"length":1},"keyphraseInURL":{"score":1,"maxScore":5,"error":1},"keyphraseInIntroduction":{"score":9,"maxScore":9,"error":0},"keyphraseInSubHeadings":{"score":3,"maxScore":9,"error":1},"keyphraseInImageAlt":{"score":9,"maxScore":9,"error":0}}},"additional":[{"keyphrase":"la Polic\u00eda","score":83,"analysis":{"keyphraseInDescription":{"score":9,"maxScore":9,"error":0},"keyphraseLength":{"score":9,"maxScore":9,"error":0,"length":2},"keyphraseInIntroduction":{"score":9,"maxScore":9,"error":0},"keyphraseInImageAlt":{"score":3,"maxScore":9,"error":1}}},{"keyphrase":"domingo","score":83,"analysis":{"keyphraseInDescription":{"score":9,"maxScore":9,"error":0},"keyphraseLength":{"score":9,"maxScore":9,"error":0,"length":1},"keyphraseInIntroduction":{"score":9,"maxScore":9,"error":0},"keyphraseInImageAlt":{"score":3,"maxScore":9,"error":1}}}]},"primary_term":null,"canonical_url":null,"og_title":null,"og_description":null,"og_object_type":"default","og_image_type":"default","og_image_url":null,"og_image_width":null,"og_image_height":null,"og_image_custom_url":null,"og_image_custom_fields":null,"og_video":"","og_custom_url":null,"og_article_section":null,"og_article_tags":[],"twitter_use_og":false,"twitter_card":"default","twitter_image_type":"default","twitter_image_url":null,"twitter_image_custom_url":null,"twitter_image_custom_fields":null,"twitter_title":null,"twitter_description":null,"schema":{"blockGraphs":[],"customGraphs":[],"default":{"data":{"Article":[],"Course":[],"Dataset":[],"FAQPage":[],"Movie":[],"Person":[],"Product":[],"ProductReview":[],"Car":[],"Recipe":[],"Service":[],"SoftwareApplication":[],"WebPage":[]},"graphName":"Article","isEnabled":true},"graphs":[]},"schema_type":"default","schema_type_options":null,"pillar_content":false,"robots_default":true,"robots_noindex":false,"robots_noarchive":false,"robots_nosnippet":false,"robots_nofollow":false,"robots_noimageindex":false,"robots_noodp":false,"robots_notranslate":false,"robots_max_snippet":"-1","robots_max_videopreview":"-1","robots_max_imagepreview":"large","priority":null,"frequency":"default","location":null,"local_seo":null,"seo_analyzer_scan_date":"2025-09-01 18:48:22","breadcrumb_settings":null,"limit_modified_date":false,"reviewed_by":null,"open_ai":null,"ai":null,"created":"2023-02-06 20:38:40","updated":"2025-09-01 18:48:22"},"aioseo_breadcrumb":"<div class=\"aioseo-breadcrumbs\"><span class=\"aioseo-breadcrumb\">\n\t<a href=\"https:\/\/candas365.es\/noticias\" title=\"Home\">Home<\/a>\n<\/span><span class=\"aioseo-breadcrumb-separator\">&ndash;<\/span><span class=\"aioseo-breadcrumb\">\n\t<a href=\"https:\/\/candas365.es\/noticias\/category\/sucesos\/\" title=\"Sucesos\">Sucesos<\/a>\n<\/span><span class=\"aioseo-breadcrumb-separator\">&ndash;<\/span><span class=\"aioseo-breadcrumb\">\n\tLa \u00ab\u00faltima\u00bb de Froil\u00e1n: Desalojado un \u00abafter\u00bb por exceso de aforo en Madrid\n<\/span><\/div>","aioseo_breadcrumb_json":[{"label":"Home","link":"https:\/\/candas365.es\/noticias"},{"label":"Sucesos","link":"https:\/\/candas365.es\/noticias\/category\/sucesos\/"},{"label":"La \u00ab\u00faltima\u00bb de Froil\u00e1n: Desalojado un \u00abafter\u00bb por exceso de aforo en Madrid","link":"https:\/\/candas365.es\/noticias\/la-ultima-de-froilan-desalojado-un-after-por-exceso-de-aforo-en-madrid\/"}],"_links":{"self":[{"href":"https:\/\/candas365.es\/noticias\/wp-json\/wp\/v2\/posts\/171664","targetHints":{"allow":["GET"]}}],"collection":[{"href":"https:\/\/candas365.es\/noticias\/wp-json\/wp\/v2\/posts"}],"about":[{"href":"https:\/\/candas365.es\/noticias\/wp-json\/wp\/v2\/types\/post"}],"author":[{"embeddable":true,"href":"https:\/\/candas365.es\/noticias\/wp-json\/wp\/v2\/users\/1"}],"replies":[{"embeddable":true,"href":"https:\/\/candas365.es\/noticias\/wp-json\/wp\/v2\/comments?post=171664"}],"version-history":[{"count":0,"href":"https:\/\/candas365.es\/noticias\/wp-json\/wp\/v2\/posts\/171664\/revisions"}],"wp:featuredmedia":[{"embeddable":true,"href":"https:\/\/candas365.es\/noticias\/wp-json\/wp\/v2\/media\/171665"}],"wp:attachment":[{"href":"https:\/\/candas365.es\/noticias\/wp-json\/wp\/v2\/media?parent=171664"}],"wp:term":[{"taxonomy":"category","embeddable":true,"href":"https:\/\/candas365.es\/noticias\/wp-json\/wp\/v2\/categories?post=171664"},{"taxonomy":"post_tag","embeddable":true,"href":"https:\/\/candas365.es\/noticias\/wp-json\/wp\/v2\/tags?post=171664"}],"curies":[{"name":"wp","href":"https:\/\/api.w.org\/{rel}","templated":true}]}}