{"id":171652,"date":"2023-02-06T17:38:26","date_gmt":"2023-02-06T16:38:26","guid":{"rendered":"https:\/\/candas365.es\/noticias\/?p=171652"},"modified":"2023-02-06T17:38:26","modified_gmt":"2023-02-06T16:38:26","slug":"pau-gasol-sera-embajador-global-del-mundial-2023-de-baloncesto","status":"publish","type":"post","link":"https:\/\/candas365.es\/noticias\/pau-gasol-sera-embajador-global-del-mundial-2023-de-baloncesto\/","title":{"rendered":"Pau Gasol ser\u00e1 embajador global del Mundial 2023 de baloncesto"},"content":{"rendered":"<p>(EP) &#8211; El exjugador espa\u00f1ol <strong><span style=\"color: #ff6600;\"><a style=\"color: #ff6600;\" href=\"https:\/\/es.wikipedia.org\/wiki\/Pau_Gasol\" target=\"_blank\" rel=\"noopener\">Pau Gasol<\/a><\/span> ser\u00e1 embajador global del Mundial 2023 de baloncesto, que se disputar\u00e1 entre Filipinas, Jap\u00f3n e Indonesia<\/strong> a finales de agosto y principios de septiembre, y compartir\u00e1, que se sepa de momento, este puesto honor\u00edfico con el argentino Luis Scola.<\/p>\n<figure id=\"attachment_171653\" aria-describedby=\"caption-attachment-171653\" style=\"width: 650px\" class=\"wp-caption aligncenter\"><img fetchpriority=\"high\" decoding=\"async\" class=\"wp-image-171653 size-large\" src=\"https:\/\/candas365.es\/noticias\/wp-content\/uploads\/2023\/02\/Gasol-650x266.jpg\" alt=\"Gasol\" width=\"650\" height=\"266\" srcset=\"https:\/\/candas365.es\/noticias\/wp-content\/uploads\/2023\/02\/Gasol-650x266.jpg 650w, https:\/\/candas365.es\/noticias\/wp-content\/uploads\/2023\/02\/Gasol-360x148.jpg 360w, https:\/\/candas365.es\/noticias\/wp-content\/uploads\/2023\/02\/Gasol-768x315.jpg 768w, https:\/\/candas365.es\/noticias\/wp-content\/uploads\/2023\/02\/Gasol-150x61.jpg 150w, https:\/\/candas365.es\/noticias\/wp-content\/uploads\/2023\/02\/Gasol-450x184.jpg 450w, https:\/\/candas365.es\/noticias\/wp-content\/uploads\/2023\/02\/Gasol.jpg 998w\" sizes=\"(max-width: 650px) 100vw, 650px\" \/><figcaption id=\"caption-attachment-171653\" class=\"wp-caption-text\">FOTO: FIBA \/ Europa Press<\/figcaption><\/figure>\n<p>\u00abPau Gasol, icono del baloncesto internacional, ha sido nombrado embajador global de la Copa del Mundo de Baloncesto FIBA 2023. El evento m\u00e1s emblem\u00e1tico de la FIBA arrancar\u00e1 dentro de 200 d\u00edas en Filipinas, Jap\u00f3n e Indonesia, y contar\u00e1 con la presencia de un Gasol que conoce el torneo a la perfecci\u00f3n\u00bb, anunci\u00f3 la FIBA en un comunicado.<\/p>\n<p>De cara al pr\u00f3ximo campeonato mundial, el de Sant Boi de Llobregat (Barcelona) se une al tambi\u00e9n retirada y hist\u00f3rico p\u00edvot argentino Luis Scola como embajadores globales de la Copa del Mundo.<\/p>\n<blockquote><p>\u00abLa Copa del Mundo es el trofeo m\u00e1s dif\u00edcil de ganar en el baloncesto. El equipo vencedor necesita car\u00e1cter, qu\u00edmica y compa\u00f1eros que te levanten cuando te vienes abajo\u00bb, record\u00f3 Pau Gasol de cara a la pr\u00f3xima cita mundialista.<\/p><\/blockquote>\n<p>\u00abEs un gran honor para m\u00ed formar parte de un equipo tan impresionante de leyendas del baloncesto y de unirme a Luis Scola, una aut\u00e9ntica leyenda y uno de mis rivales m\u00e1s duros, en este papel como embajador global de la Copa del Mundo 2023\u00bb, se sincer\u00f3.<\/p>\n<p>El mayor de los hermanos Gasol, que se retir\u00f3 en octubre de 2021 tras un \u00faltimo paso por un FC Barcelona en el que creci\u00f3 a nivel deportivo, cuenta en su palmar\u00e9s con un Mundial, el ganado por la selecci\u00f3n espa\u00f1ola en la cita de Jap\u00f3n 2006.<\/p>\n<p>Fue la c\u00faspide de &#8216;La Familia&#8217; pero Pau Gasol ya destac\u00f3 en su primera Copa del Mundo, en 2002 en Indian\u00e1polis, llevando a Espa\u00f1a a alcanzar el quinto puesto y terminando el torneo como sexto m\u00e1ximo anotador con una media de m\u00e1s de 19 puntos por partido.<\/p>\n<p>En su \u00faltima aparici\u00f3n mundialista,<strong> la Copa del Mundo celebrada en 2014 en Espa\u00f1a, Pau Gasol lider\u00f3 al combinado nacional en una racha de seis victorias seguidas hasta la eliminaci\u00f3n en cuartos de final ante Francia, siendo una vez m\u00e1s parte del quinteto ideal del torneo.<\/strong><\/p>\n<p>En total, particip\u00f3 en tres Copas del Mundo, cinco Juegos Ol\u00edmpicos y siete FIBA EuroBaskets. Ayud\u00f3 a Espa\u00f1a a ganar la medalla de plata en los Juegos Ol\u00edmpicos de 2008 y 2012 y el bronce en los de 2016 en R\u00edo de Janeiro.<\/p>\n<p><strong>Tras retirarse, particip\u00f3 como embajador de la Copa del Mundo de Baloncesto Femenino FIBA 2022 y estuvo presente en S\u00eddney<\/strong>, apoyando y promocionando el baloncesto femenino. Tambi\u00e9n es miembro de la Comisi\u00f3n de Atletas del Comit\u00e9 Ol\u00edmpico Internacional, adem\u00e1s de asesor, inversor y activista en proyectos vinculados al deporte y el bienestar.<\/p>\n","protected":false},"excerpt":{"rendered":"<p>(EP) &#8211; El exjugador espa\u00f1ol Pau Gasol ser\u00e1 embajador global del Mundial 2023 de baloncesto, que se disputar\u00e1 entre Filipinas, Jap\u00f3n e Indonesia a finales de agosto y principios de septiembre, y compartir\u00e1, que se sepa de momento, este puesto honor\u00edfico con el argentino Luis Scola. \u00abPau Gasol, icono del baloncesto internacional, ha sido nombrado<\/p>\n","protected":false},"author":1,"featured_media":171653,"comment_status":"closed","ping_status":"closed","sticky":false,"template":"","format":"standard","meta":{"footnotes":""},"categories":[319],"tags":[387],"class_list":{"0":"post-171652","1":"post","2":"type-post","3":"status-publish","4":"format-standard","5":"has-post-thumbnail","7":"category-deporte","8":"tag-deporte"},"aioseo_notices":[],"aioseo_head":"\n\t\t<!-- All in One SEO Pro 4.9.6.2 - aioseo.com -->\n\t<meta name=\"description\" content=\"(EP) - El exjugador espa\u00f1ol Pau Gasol ser\u00e1 embajador global del Mundial 2023 de baloncesto, que se disputar\u00e1 entre Filipinas, Jap\u00f3n e Indonesia\" \/>\n\t<meta name=\"robots\" content=\"max-image-preview:large\" \/>\n\t<meta name=\"author\" content=\"Cand\u00e1s 365\"\/>\n\t<meta name=\"google-site-verification\" content=\"UA-32230408-1\" \/>\n\t<meta name=\"msvalidate.01\" content=\"354F3CDFB2DA171B47FBE9ABF1F88D5\" \/>\n\t<meta name=\"keywords\" content=\"deporte\" \/>\n\t<link rel=\"canonical\" href=\"https:\/\/candas365.es\/noticias\/pau-gasol-sera-embajador-global-del-mundial-2023-de-baloncesto\/\" \/>\n\t<meta name=\"generator\" content=\"All in One SEO Pro (AIOSEO) 4.9.6.2\" \/>\n\t\t<meta property=\"og:locale\" content=\"es_ES\" \/>\n\t\t<meta property=\"og:site_name\" content=\"Cand\u00e1s 365\" \/>\n\t\t<meta property=\"og:type\" content=\"article\" \/>\n\t\t<meta property=\"og:title\" content=\"Pau Gasol ser\u00e1 embajador global del Mundial 2023 de baloncesto | Cand\u00e1s 365\" \/>\n\t\t<meta property=\"og:description\" content=\"(EP) - El exjugador espa\u00f1ol Pau Gasol ser\u00e1 embajador global del Mundial 2023 de baloncesto, que se disputar\u00e1 entre Filipinas, Jap\u00f3n e Indonesia\" \/>\n\t\t<meta property=\"og:url\" content=\"https:\/\/candas365.es\/noticias\/pau-gasol-sera-embajador-global-del-mundial-2023-de-baloncesto\/\" \/>\n\t\t<meta property=\"og:image\" content=\"https:\/\/candas365.es\/noticias\/wp-content\/uploads\/2023\/02\/Gasol.jpg\" \/>\n\t\t<meta property=\"og:image:secure_url\" content=\"https:\/\/candas365.es\/noticias\/wp-content\/uploads\/2023\/02\/Gasol.jpg\" \/>\n\t\t<meta property=\"og:image:width\" content=\"998\" \/>\n\t\t<meta property=\"og:image:height\" content=\"409\" \/>\n\t\t<meta property=\"article:published_time\" content=\"2023-02-06T16:38:26+00:00\" \/>\n\t\t<meta property=\"article:modified_time\" content=\"2023-02-06T16:38:26+00:00\" \/>\n\t\t<meta property=\"article:publisher\" content=\"https:\/\/www.facebook.com\/Nachofdezber\" \/>\n\t\t<meta property=\"article:author\" content=\"https:\/\/www.facebook.com\/carrenoactualidad\" \/>\n\t\t<meta name=\"twitter:card\" content=\"summary_large_image\" \/>\n\t\t<meta name=\"twitter:site\" content=\"@NabercoDigital\" \/>\n\t\t<meta name=\"twitter:title\" content=\"Pau Gasol ser\u00e1 embajador global del Mundial 2023 de baloncesto | Cand\u00e1s 365\" \/>\n\t\t<meta name=\"twitter:description\" content=\"(EP) - El exjugador espa\u00f1ol Pau Gasol ser\u00e1 embajador global del Mundial 2023 de baloncesto, que se disputar\u00e1 entre Filipinas, Jap\u00f3n e Indonesia\" \/>\n\t\t<meta name=\"twitter:creator\" content=\"@nbasturias\" \/>\n\t\t<meta name=\"twitter:image\" content=\"https:\/\/candas365.es\/noticias\/wp-content\/uploads\/2023\/02\/Gasol.jpg\" \/>\n\t\t<meta name=\"twitter:label1\" content=\"Escrito por\" \/>\n\t\t<meta name=\"twitter:data1\" content=\"Cand\u00e1s 365\" \/>\n\t\t<meta name=\"twitter:label2\" content=\"Tiempo de lectura estimado\" \/>\n\t\t<meta name=\"twitter:data2\" content=\"2 minutos\" \/>\n\t\t<script type=\"application\/ld+json\" class=\"aioseo-schema\">\n\t\t\t{\"@context\":\"https:\\\/\\\/schema.org\",\"@graph\":[{\"@type\":\"BreadcrumbList\",\"@id\":\"https:\\\/\\\/candas365.es\\\/noticias\\\/pau-gasol-sera-embajador-global-del-mundial-2023-de-baloncesto\\\/#breadcrumblist\",\"itemListElement\":[{\"@type\":\"ListItem\",\"@id\":\"https:\\\/\\\/candas365.es\\\/noticias#listItem\",\"position\":1,\"name\":\"Home\",\"item\":\"https:\\\/\\\/candas365.es\\\/noticias\",\"nextItem\":{\"@type\":\"ListItem\",\"@id\":\"https:\\\/\\\/candas365.es\\\/noticias\\\/category\\\/deporte\\\/#listItem\",\"name\":\"Deporte\"}},{\"@type\":\"ListItem\",\"@id\":\"https:\\\/\\\/candas365.es\\\/noticias\\\/category\\\/deporte\\\/#listItem\",\"position\":2,\"name\":\"Deporte\",\"item\":\"https:\\\/\\\/candas365.es\\\/noticias\\\/category\\\/deporte\\\/\",\"nextItem\":{\"@type\":\"ListItem\",\"@id\":\"https:\\\/\\\/candas365.es\\\/noticias\\\/pau-gasol-sera-embajador-global-del-mundial-2023-de-baloncesto\\\/#listItem\",\"name\":\"Pau Gasol ser\\u00e1 embajador global del Mundial 2023 de baloncesto\"},\"previousItem\":{\"@type\":\"ListItem\",\"@id\":\"https:\\\/\\\/candas365.es\\\/noticias#listItem\",\"name\":\"Home\"}},{\"@type\":\"ListItem\",\"@id\":\"https:\\\/\\\/candas365.es\\\/noticias\\\/pau-gasol-sera-embajador-global-del-mundial-2023-de-baloncesto\\\/#listItem\",\"position\":3,\"name\":\"Pau Gasol ser\\u00e1 embajador global del Mundial 2023 de baloncesto\",\"previousItem\":{\"@type\":\"ListItem\",\"@id\":\"https:\\\/\\\/candas365.es\\\/noticias\\\/category\\\/deporte\\\/#listItem\",\"name\":\"Deporte\"}}]},{\"@type\":\"NewsArticle\",\"@id\":\"https:\\\/\\\/candas365.es\\\/noticias\\\/pau-gasol-sera-embajador-global-del-mundial-2023-de-baloncesto\\\/#newsarticle\",\"name\":\"Pau Gasol ser\\u00e1 embajador global del Mundial 2023 de baloncesto | Cand\\u00e1s 365\",\"headline\":\"Pau Gasol ser\\u00e1 embajador global del Mundial 2023 de baloncesto\",\"author\":{\"@id\":\"https:\\\/\\\/candas365.es\\\/noticias\\\/author\\\/admin\\\/#author\"},\"publisher\":{\"@id\":\"https:\\\/\\\/candas365.es\\\/noticias\\\/#organization\"},\"image\":{\"@type\":\"ImageObject\",\"url\":\"https:\\\/\\\/candas365.es\\\/noticias\\\/wp-content\\\/uploads\\\/2023\\\/02\\\/Gasol.jpg\",\"width\":998,\"height\":409,\"caption\":\"FOTO: FIBA \\\/ Europa Press\"},\"datePublished\":\"2023-02-06T17:38:26+01:00\",\"dateModified\":\"2023-02-06T17:38:26+01:00\",\"inLanguage\":\"es-ES\",\"mainEntityOfPage\":{\"@id\":\"https:\\\/\\\/candas365.es\\\/noticias\\\/pau-gasol-sera-embajador-global-del-mundial-2023-de-baloncesto\\\/#webpage\"},\"isPartOf\":{\"@id\":\"https:\\\/\\\/candas365.es\\\/noticias\\\/pau-gasol-sera-embajador-global-del-mundial-2023-de-baloncesto\\\/#webpage\"},\"articleSection\":\"Deporte, deporte\",\"dateline\":\"Publicado el febrero 6, 2023.\"},{\"@type\":\"Organization\",\"@id\":\"https:\\\/\\\/candas365.es\\\/noticias\\\/#organization\",\"name\":\"Cand\\u00e1s 365\",\"description\":\"Cand\\u00e1s 365 es un diario digital independiente, fundado en 2012, con base en Asturias. Informamos con rigor sobre actualidad, sociedad, cultura y ocio, con una mirada local y global.\",\"url\":\"https:\\\/\\\/candas365.es\\\/noticias\\\/\",\"email\":\"info@candas365.es\",\"telephone\":\"+34652131393\",\"foundingDate\":\"2012-06-10\",\"logo\":{\"@type\":\"ImageObject\",\"url\":\"https:\\\/\\\/candas365.es\\\/noticias\\\/wp-content\\\/uploads\\\/2024\\\/09\\\/Candas-365-Redes.jpg\",\"@id\":\"https:\\\/\\\/candas365.es\\\/noticias\\\/pau-gasol-sera-embajador-global-del-mundial-2023-de-baloncesto\\\/#organizationLogo\",\"width\":1152,\"height\":864,\"caption\":\"Cand\\u00e1s 365 Redes\"},\"image\":{\"@id\":\"https:\\\/\\\/candas365.es\\\/noticias\\\/pau-gasol-sera-embajador-global-del-mundial-2023-de-baloncesto\\\/#organizationLogo\"},\"sameAs\":[\"https:\\\/\\\/www.facebook.com\\\/Nachofdezber\",\"https:\\\/\\\/x.com\\\/NabercoDigital\",\"https:\\\/\\\/www.instagram.com\\\/nachofdezber\\\/\",\"https:\\\/\\\/www.youtube.com\\\/channel\\\/UCZP-2wLEB9Rv6erhFmqVnvg\"],\"address\":{\"@id\":\"https:\\\/\\\/candas365.es\\\/noticias\\\/#postaladdress\",\"@type\":\"PostalAddress\",\"streetAddress\":\"san antonio 4, san antonio 4\",\"postalCode\":\"33430\",\"addressLocality\":\"Cand\\u00e1s\",\"addressRegion\":\"Asturias\",\"addressCountry\":\"ES\"}},{\"@type\":\"Person\",\"@id\":\"https:\\\/\\\/candas365.es\\\/noticias\\\/author\\\/admin\\\/#author\",\"url\":\"https:\\\/\\\/candas365.es\\\/noticias\\\/author\\\/admin\\\/\",\"name\":\"Cand\\u00e1s 365\",\"image\":{\"@type\":\"ImageObject\",\"@id\":\"https:\\\/\\\/candas365.es\\\/noticias\\\/pau-gasol-sera-embajador-global-del-mundial-2023-de-baloncesto\\\/#authorImage\",\"url\":\"https:\\\/\\\/secure.gravatar.com\\\/avatar\\\/496a8e03d0c493ede1718b7934145dbdf8d89be1036b0eec9544e1094c9de390?s=96&d=mm&r=g\",\"width\":96,\"height\":96,\"caption\":\"Cand\\u00e1s 365\"},\"sameAs\":[\"https:\\\/\\\/www.facebook.com\\\/carrenoactualidad\",\"https:\\\/\\\/twitter.com\\\/nbasturias\",\"https:\\\/\\\/www.instagram.com\\\/nachofdezber\\\/\",\"https:\\\/\\\/www.youtube.com\\\/channel\\\/UCZP-2wLEB9Rv6erhFmqVnvg\"]},{\"@type\":\"WebPage\",\"@id\":\"https:\\\/\\\/candas365.es\\\/noticias\\\/pau-gasol-sera-embajador-global-del-mundial-2023-de-baloncesto\\\/#webpage\",\"url\":\"https:\\\/\\\/candas365.es\\\/noticias\\\/pau-gasol-sera-embajador-global-del-mundial-2023-de-baloncesto\\\/\",\"name\":\"Pau Gasol ser\\u00e1 embajador global del Mundial 2023 de baloncesto | Cand\\u00e1s 365\",\"description\":\"(EP) - El exjugador espa\\u00f1ol Pau Gasol ser\\u00e1 embajador global del Mundial 2023 de baloncesto, que se disputar\\u00e1 entre Filipinas, Jap\\u00f3n e Indonesia\",\"inLanguage\":\"es-ES\",\"isPartOf\":{\"@id\":\"https:\\\/\\\/candas365.es\\\/noticias\\\/#website\"},\"breadcrumb\":{\"@id\":\"https:\\\/\\\/candas365.es\\\/noticias\\\/pau-gasol-sera-embajador-global-del-mundial-2023-de-baloncesto\\\/#breadcrumblist\"},\"author\":{\"@id\":\"https:\\\/\\\/candas365.es\\\/noticias\\\/author\\\/admin\\\/#author\"},\"creator\":{\"@id\":\"https:\\\/\\\/candas365.es\\\/noticias\\\/author\\\/admin\\\/#author\"},\"image\":{\"@type\":\"ImageObject\",\"url\":\"https:\\\/\\\/candas365.es\\\/noticias\\\/wp-content\\\/uploads\\\/2023\\\/02\\\/Gasol.jpg\",\"@id\":\"https:\\\/\\\/candas365.es\\\/noticias\\\/pau-gasol-sera-embajador-global-del-mundial-2023-de-baloncesto\\\/#mainImage\",\"width\":998,\"height\":409,\"caption\":\"FOTO: FIBA \\\/ Europa Press\"},\"primaryImageOfPage\":{\"@id\":\"https:\\\/\\\/candas365.es\\\/noticias\\\/pau-gasol-sera-embajador-global-del-mundial-2023-de-baloncesto\\\/#mainImage\"},\"datePublished\":\"2023-02-06T17:38:26+01:00\",\"dateModified\":\"2023-02-06T17:38:26+01:00\"},{\"@type\":\"WebSite\",\"@id\":\"https:\\\/\\\/candas365.es\\\/noticias\\\/#website\",\"url\":\"https:\\\/\\\/candas365.es\\\/noticias\\\/\",\"name\":\"Cand\\u00e1s 365\",\"alternateName\":\"Cand\\u00e1s 365 Noticias\",\"description\":\"Actualidad desde Carre\\u00f1o para el mundo\",\"inLanguage\":\"es-ES\",\"publisher\":{\"@id\":\"https:\\\/\\\/candas365.es\\\/noticias\\\/#organization\"}}]}\n\t\t<\/script>\n\t\t<!-- All in One SEO Pro -->\r\n\t\t<title>Pau Gasol ser\u00e1 embajador global del Mundial 2023 de baloncesto | Cand\u00e1s 365<\/title>\n\n","aioseo_head_json":{"title":"Pau Gasol ser\u00e1 embajador global del Mundial 2023 de baloncesto | Cand\u00e1s 365","description":"(EP) - El exjugador espa\u00f1ol Pau Gasol ser\u00e1 embajador global del Mundial 2023 de baloncesto, que se disputar\u00e1 entre Filipinas, Jap\u00f3n e Indonesia","canonical_url":"https:\/\/candas365.es\/noticias\/pau-gasol-sera-embajador-global-del-mundial-2023-de-baloncesto\/","robots":"max-image-preview:large","keywords":"deporte","webmasterTools":{"google-site-verification":"UA-32230408-1","msvalidate.01":"354F3CDFB2DA171B47FBE9ABF1F88D5","miscellaneous":""},"schema":{"@context":"https:\/\/schema.org","@graph":[{"@type":"BreadcrumbList","@id":"https:\/\/candas365.es\/noticias\/pau-gasol-sera-embajador-global-del-mundial-2023-de-baloncesto\/#breadcrumblist","itemListElement":[{"@type":"ListItem","@id":"https:\/\/candas365.es\/noticias#listItem","position":1,"name":"Home","item":"https:\/\/candas365.es\/noticias","nextItem":{"@type":"ListItem","@id":"https:\/\/candas365.es\/noticias\/category\/deporte\/#listItem","name":"Deporte"}},{"@type":"ListItem","@id":"https:\/\/candas365.es\/noticias\/category\/deporte\/#listItem","position":2,"name":"Deporte","item":"https:\/\/candas365.es\/noticias\/category\/deporte\/","nextItem":{"@type":"ListItem","@id":"https:\/\/candas365.es\/noticias\/pau-gasol-sera-embajador-global-del-mundial-2023-de-baloncesto\/#listItem","name":"Pau Gasol ser\u00e1 embajador global del Mundial 2023 de baloncesto"},"previousItem":{"@type":"ListItem","@id":"https:\/\/candas365.es\/noticias#listItem","name":"Home"}},{"@type":"ListItem","@id":"https:\/\/candas365.es\/noticias\/pau-gasol-sera-embajador-global-del-mundial-2023-de-baloncesto\/#listItem","position":3,"name":"Pau Gasol ser\u00e1 embajador global del Mundial 2023 de baloncesto","previousItem":{"@type":"ListItem","@id":"https:\/\/candas365.es\/noticias\/category\/deporte\/#listItem","name":"Deporte"}}]},{"@type":"NewsArticle","@id":"https:\/\/candas365.es\/noticias\/pau-gasol-sera-embajador-global-del-mundial-2023-de-baloncesto\/#newsarticle","name":"Pau Gasol ser\u00e1 embajador global del Mundial 2023 de baloncesto | Cand\u00e1s 365","headline":"Pau Gasol ser\u00e1 embajador global del Mundial 2023 de baloncesto","author":{"@id":"https:\/\/candas365.es\/noticias\/author\/admin\/#author"},"publisher":{"@id":"https:\/\/candas365.es\/noticias\/#organization"},"image":{"@type":"ImageObject","url":"https:\/\/candas365.es\/noticias\/wp-content\/uploads\/2023\/02\/Gasol.jpg","width":998,"height":409,"caption":"FOTO: FIBA \/ Europa Press"},"datePublished":"2023-02-06T17:38:26+01:00","dateModified":"2023-02-06T17:38:26+01:00","inLanguage":"es-ES","mainEntityOfPage":{"@id":"https:\/\/candas365.es\/noticias\/pau-gasol-sera-embajador-global-del-mundial-2023-de-baloncesto\/#webpage"},"isPartOf":{"@id":"https:\/\/candas365.es\/noticias\/pau-gasol-sera-embajador-global-del-mundial-2023-de-baloncesto\/#webpage"},"articleSection":"Deporte, deporte","dateline":"Publicado el febrero 6, 2023."},{"@type":"Organization","@id":"https:\/\/candas365.es\/noticias\/#organization","name":"Cand\u00e1s 365","description":"Cand\u00e1s 365 es un diario digital independiente, fundado en 2012, con base en Asturias. Informamos con rigor sobre actualidad, sociedad, cultura y ocio, con una mirada local y global.","url":"https:\/\/candas365.es\/noticias\/","email":"info@candas365.es","telephone":"+34652131393","foundingDate":"2012-06-10","logo":{"@type":"ImageObject","url":"https:\/\/candas365.es\/noticias\/wp-content\/uploads\/2024\/09\/Candas-365-Redes.jpg","@id":"https:\/\/candas365.es\/noticias\/pau-gasol-sera-embajador-global-del-mundial-2023-de-baloncesto\/#organizationLogo","width":1152,"height":864,"caption":"Cand\u00e1s 365 Redes"},"image":{"@id":"https:\/\/candas365.es\/noticias\/pau-gasol-sera-embajador-global-del-mundial-2023-de-baloncesto\/#organizationLogo"},"sameAs":["https:\/\/www.facebook.com\/Nachofdezber","https:\/\/x.com\/NabercoDigital","https:\/\/www.instagram.com\/nachofdezber\/","https:\/\/www.youtube.com\/channel\/UCZP-2wLEB9Rv6erhFmqVnvg"],"address":{"@id":"https:\/\/candas365.es\/noticias\/#postaladdress","@type":"PostalAddress","streetAddress":"san antonio 4, san antonio 4","postalCode":"33430","addressLocality":"Cand\u00e1s","addressRegion":"Asturias","addressCountry":"ES"}},{"@type":"Person","@id":"https:\/\/candas365.es\/noticias\/author\/admin\/#author","url":"https:\/\/candas365.es\/noticias\/author\/admin\/","name":"Cand\u00e1s 365","image":{"@type":"ImageObject","@id":"https:\/\/candas365.es\/noticias\/pau-gasol-sera-embajador-global-del-mundial-2023-de-baloncesto\/#authorImage","url":"https:\/\/secure.gravatar.com\/avatar\/496a8e03d0c493ede1718b7934145dbdf8d89be1036b0eec9544e1094c9de390?s=96&d=mm&r=g","width":96,"height":96,"caption":"Cand\u00e1s 365"},"sameAs":["https:\/\/www.facebook.com\/carrenoactualidad","https:\/\/twitter.com\/nbasturias","https:\/\/www.instagram.com\/nachofdezber\/","https:\/\/www.youtube.com\/channel\/UCZP-2wLEB9Rv6erhFmqVnvg"]},{"@type":"WebPage","@id":"https:\/\/candas365.es\/noticias\/pau-gasol-sera-embajador-global-del-mundial-2023-de-baloncesto\/#webpage","url":"https:\/\/candas365.es\/noticias\/pau-gasol-sera-embajador-global-del-mundial-2023-de-baloncesto\/","name":"Pau Gasol ser\u00e1 embajador global del Mundial 2023 de baloncesto | Cand\u00e1s 365","description":"(EP) - El exjugador espa\u00f1ol Pau Gasol ser\u00e1 embajador global del Mundial 2023 de baloncesto, que se disputar\u00e1 entre Filipinas, Jap\u00f3n e Indonesia","inLanguage":"es-ES","isPartOf":{"@id":"https:\/\/candas365.es\/noticias\/#website"},"breadcrumb":{"@id":"https:\/\/candas365.es\/noticias\/pau-gasol-sera-embajador-global-del-mundial-2023-de-baloncesto\/#breadcrumblist"},"author":{"@id":"https:\/\/candas365.es\/noticias\/author\/admin\/#author"},"creator":{"@id":"https:\/\/candas365.es\/noticias\/author\/admin\/#author"},"image":{"@type":"ImageObject","url":"https:\/\/candas365.es\/noticias\/wp-content\/uploads\/2023\/02\/Gasol.jpg","@id":"https:\/\/candas365.es\/noticias\/pau-gasol-sera-embajador-global-del-mundial-2023-de-baloncesto\/#mainImage","width":998,"height":409,"caption":"FOTO: FIBA \/ Europa Press"},"primaryImageOfPage":{"@id":"https:\/\/candas365.es\/noticias\/pau-gasol-sera-embajador-global-del-mundial-2023-de-baloncesto\/#mainImage"},"datePublished":"2023-02-06T17:38:26+01:00","dateModified":"2023-02-06T17:38:26+01:00"},{"@type":"WebSite","@id":"https:\/\/candas365.es\/noticias\/#website","url":"https:\/\/candas365.es\/noticias\/","name":"Cand\u00e1s 365","alternateName":"Cand\u00e1s 365 Noticias","description":"Actualidad desde Carre\u00f1o para el mundo","inLanguage":"es-ES","publisher":{"@id":"https:\/\/candas365.es\/noticias\/#organization"}}]},"og:locale":"es_ES","og:site_name":"Cand\u00e1s 365","og:type":"article","og:title":"Pau Gasol ser\u00e1 embajador global del Mundial 2023 de baloncesto | Cand\u00e1s 365","og:description":"(EP) - El exjugador espa\u00f1ol Pau Gasol ser\u00e1 embajador global del Mundial 2023 de baloncesto, que se disputar\u00e1 entre Filipinas, Jap\u00f3n e Indonesia","og:url":"https:\/\/candas365.es\/noticias\/pau-gasol-sera-embajador-global-del-mundial-2023-de-baloncesto\/","og:image":"https:\/\/candas365.es\/noticias\/wp-content\/uploads\/2023\/02\/Gasol.jpg","og:image:secure_url":"https:\/\/candas365.es\/noticias\/wp-content\/uploads\/2023\/02\/Gasol.jpg","og:image:width":998,"og:image:height":409,"article:published_time":"2023-02-06T16:38:26+00:00","article:modified_time":"2023-02-06T16:38:26+00:00","article:publisher":"https:\/\/www.facebook.com\/Nachofdezber","article:author":"https:\/\/www.facebook.com\/carrenoactualidad","twitter:card":"summary_large_image","twitter:site":"@NabercoDigital","twitter:title":"Pau Gasol ser\u00e1 embajador global del Mundial 2023 de baloncesto | Cand\u00e1s 365","twitter:description":"(EP) - El exjugador espa\u00f1ol Pau Gasol ser\u00e1 embajador global del Mundial 2023 de baloncesto, que se disputar\u00e1 entre Filipinas, Jap\u00f3n e Indonesia","twitter:creator":"@nbasturias","twitter:image":"https:\/\/candas365.es\/noticias\/wp-content\/uploads\/2023\/02\/Gasol.jpg","twitter:label1":"Escrito por","twitter:data1":"Cand\u00e1s 365","twitter:label2":"Tiempo de lectura estimado","twitter:data2":"2 minutos"},"aioseo_meta_data":{"post_id":"171652","title":null,"description":"(EP) - El exjugador espa\u00f1ol Pau Gasol ser\u00e1 embajador global del Mundial 2023 de baloncesto, que se disputar\u00e1 entre Filipinas, Jap\u00f3n e Indonesia","keywords":[],"keyphrases":{"focus":{"keyphrase":"Gasol","score":92,"analysis":{"keyphraseInTitle":{"score":9,"maxScore":9,"error":0},"keyphraseInDescription":{"score":9,"maxScore":9,"error":0},"keyphraseLength":{"score":9,"maxScore":9,"error":0,"length":1},"keyphraseInURL":{"score":1,"maxScore":5,"error":1},"keyphraseInIntroduction":{"score":9,"maxScore":9,"error":0},"keyphraseInSubHeadings":[],"keyphraseInImageAlt":{"score":9,"maxScore":9,"error":0}}},"additional":[{"keyphrase":"Pau Gasol","score":83,"analysis":{"keyphraseInDescription":{"score":9,"maxScore":9,"error":0},"keyphraseLength":{"score":9,"maxScore":9,"error":0,"length":2},"keyphraseInIntroduction":{"score":9,"maxScore":9,"error":0},"keyphraseInImageAlt":{"score":3,"maxScore":9,"error":1}}},{"keyphrase":"Gasol","score":100,"analysis":{"keyphraseInDescription":{"score":9,"maxScore":9,"error":0},"keyphraseLength":{"score":9,"maxScore":9,"error":0,"length":1},"keyphraseInIntroduction":{"score":9,"maxScore":9,"error":0},"keyphraseInImageAlt":{"score":9,"maxScore":9,"error":0}}},{"keyphrase":"Mundial 2023 ","score":83,"analysis":{"keyphraseInDescription":{"score":9,"maxScore":9,"error":0},"keyphraseLength":{"score":9,"maxScore":9,"error":0,"length":1},"keyphraseInIntroduction":{"score":9,"maxScore":9,"error":0},"keyphraseInImageAlt":{"score":3,"maxScore":9,"error":1}}}]},"primary_term":null,"canonical_url":null,"og_title":null,"og_description":null,"og_object_type":"default","og_image_type":"default","og_image_url":null,"og_image_width":null,"og_image_height":null,"og_image_custom_url":null,"og_image_custom_fields":null,"og_video":"","og_custom_url":null,"og_article_section":null,"og_article_tags":[],"twitter_use_og":false,"twitter_card":"default","twitter_image_type":"default","twitter_image_url":null,"twitter_image_custom_url":null,"twitter_image_custom_fields":null,"twitter_title":null,"twitter_description":null,"schema":{"blockGraphs":[],"customGraphs":[],"default":{"data":{"Article":[],"Course":[],"Dataset":[],"FAQPage":[],"Movie":[],"Person":[],"Product":[],"ProductReview":[],"Car":[],"Recipe":[],"Service":[],"SoftwareApplication":[],"WebPage":[]},"graphName":"Article","isEnabled":true},"graphs":[]},"schema_type":"default","schema_type_options":null,"pillar_content":false,"robots_default":true,"robots_noindex":false,"robots_noarchive":false,"robots_nosnippet":false,"robots_nofollow":false,"robots_noimageindex":false,"robots_noodp":false,"robots_notranslate":false,"robots_max_snippet":"-1","robots_max_videopreview":"-1","robots_max_imagepreview":"large","priority":null,"frequency":"default","location":null,"local_seo":null,"seo_analyzer_scan_date":"2025-09-01 18:48:20","breadcrumb_settings":null,"limit_modified_date":false,"reviewed_by":null,"open_ai":null,"ai":null,"created":"2023-02-06 16:22:26","updated":"2025-09-01 18:48:20"},"aioseo_breadcrumb":"<div class=\"aioseo-breadcrumbs\"><span class=\"aioseo-breadcrumb\">\n\t<a href=\"https:\/\/candas365.es\/noticias\" title=\"Home\">Home<\/a>\n<\/span><span class=\"aioseo-breadcrumb-separator\">&ndash;<\/span><span class=\"aioseo-breadcrumb\">\n\t<a href=\"https:\/\/candas365.es\/noticias\/category\/deporte\/\" title=\"Deporte\">Deporte<\/a>\n<\/span><span class=\"aioseo-breadcrumb-separator\">&ndash;<\/span><span class=\"aioseo-breadcrumb\">\n\tPau Gasol ser\u00e1 embajador global del Mundial 2023 de baloncesto\n<\/span><\/div>","aioseo_breadcrumb_json":[{"label":"Home","link":"https:\/\/candas365.es\/noticias"},{"label":"Deporte","link":"https:\/\/candas365.es\/noticias\/category\/deporte\/"},{"label":"Pau Gasol ser\u00e1 embajador global del Mundial 2023 de baloncesto","link":"https:\/\/candas365.es\/noticias\/pau-gasol-sera-embajador-global-del-mundial-2023-de-baloncesto\/"}],"_links":{"self":[{"href":"https:\/\/candas365.es\/noticias\/wp-json\/wp\/v2\/posts\/171652","targetHints":{"allow":["GET"]}}],"collection":[{"href":"https:\/\/candas365.es\/noticias\/wp-json\/wp\/v2\/posts"}],"about":[{"href":"https:\/\/candas365.es\/noticias\/wp-json\/wp\/v2\/types\/post"}],"author":[{"embeddable":true,"href":"https:\/\/candas365.es\/noticias\/wp-json\/wp\/v2\/users\/1"}],"replies":[{"embeddable":true,"href":"https:\/\/candas365.es\/noticias\/wp-json\/wp\/v2\/comments?post=171652"}],"version-history":[{"count":0,"href":"https:\/\/candas365.es\/noticias\/wp-json\/wp\/v2\/posts\/171652\/revisions"}],"wp:featuredmedia":[{"embeddable":true,"href":"https:\/\/candas365.es\/noticias\/wp-json\/wp\/v2\/media\/171653"}],"wp:attachment":[{"href":"https:\/\/candas365.es\/noticias\/wp-json\/wp\/v2\/media?parent=171652"}],"wp:term":[{"taxonomy":"category","embeddable":true,"href":"https:\/\/candas365.es\/noticias\/wp-json\/wp\/v2\/categories?post=171652"},{"taxonomy":"post_tag","embeddable":true,"href":"https:\/\/candas365.es\/noticias\/wp-json\/wp\/v2\/tags?post=171652"}],"curies":[{"name":"wp","href":"https:\/\/api.w.org\/{rel}","templated":true}]}}