{"id":171315,"date":"2023-01-23T23:20:54","date_gmt":"2023-01-23T22:20:54","guid":{"rendered":"https:\/\/candas365.es\/noticias\/?p=171315"},"modified":"2023-01-23T23:20:54","modified_gmt":"2023-01-23T22:20:54","slug":"maduro-apoyamos-la-iniciativa-de-crear-una-moneda-latinoamericana-y-caribena","status":"publish","type":"post","link":"https:\/\/candas365.es\/noticias\/maduro-apoyamos-la-iniciativa-de-crear-una-moneda-latinoamericana-y-caribena\/","title":{"rendered":"Maduro: \u00abApoyamos la iniciativa de crear una moneda latinoamericana y caribe\u00f1a\u00bb"},"content":{"rendered":"<p>(EP) &#8211; El presidente de Venezuela, Nicol\u00e1s Maduro, ha expresado este lunes su apoyo a la propuesta de Argentina y Brasil de impulsar una<a href=\"https:\/\/candas365.es\/noticias\/brasil-y-argentina-estudian-poner-en-circulacion-una-moneda-comun\/\"><span style=\"color: #ff6600;\"><strong> moneda com\u00fan<\/strong><\/span><\/a> y reducir as\u00ed la dependencia del d\u00f3lar.<\/p>\n<figure id=\"attachment_171316\" aria-describedby=\"caption-attachment-171316\" style=\"width: 650px\" class=\"wp-caption aligncenter\"><img fetchpriority=\"high\" decoding=\"async\" class=\"wp-image-171316 size-large\" src=\"https:\/\/candas365.es\/noticias\/wp-content\/uploads\/2023\/01\/Maduro-650x431.jpg\" alt=\"Maduro\" width=\"650\" height=\"431\" srcset=\"https:\/\/candas365.es\/noticias\/wp-content\/uploads\/2023\/01\/Maduro-650x431.jpg 650w, https:\/\/candas365.es\/noticias\/wp-content\/uploads\/2023\/01\/Maduro-360x239.jpg 360w, https:\/\/candas365.es\/noticias\/wp-content\/uploads\/2023\/01\/Maduro-768x509.jpg 768w, https:\/\/candas365.es\/noticias\/wp-content\/uploads\/2023\/01\/Maduro-150x99.jpg 150w, https:\/\/candas365.es\/noticias\/wp-content\/uploads\/2023\/01\/Maduro-450x298.jpg 450w, https:\/\/candas365.es\/noticias\/wp-content\/uploads\/2023\/01\/Maduro.jpg 890w\" sizes=\"(max-width: 650px) 100vw, 650px\" \/><figcaption id=\"caption-attachment-171316\" class=\"wp-caption-text\">FOTO:PRESIDENCIA DE VENEZUELA \/ Europa Press<\/figcaption><\/figure>\n<p><strong>\u00abYo anuncio que Venezuela est\u00e1 preparada y apoyamos la iniciativa de crear una moneda latinoamericana y caribe\u00f1a\u00bb, ha afirmado Maduro<\/strong> durante su intervenci\u00f3n en una manifestaci\u00f3n contra las sanciones estadounidenses.<\/p>\n<blockquote><p>\u00ab\u00a1Independencia! \u00a1Uni\u00f3n y liberaci\u00f3n de Am\u00e9rica Latina y del Caribe!\u00bb, ha a\u00f1adido el mandatario venezolano, seg\u00fan recogen medios p\u00fablicos del pa\u00eds caribe\u00f1o.<\/p><\/blockquote>\n<p>Tambi\u00e9n ha participado en la multitudinaria manifestaci\u00f3n el primer vicepresidente del Partido Socialista Unido de Venezuela (PSUV), Diosdado Cabello, quien ha recordado que pese al cambio de discurso en Washington, Estados Unidos no ha levantado ninguna sanci\u00f3n. <strong>\u00abAl contrario han venido sumando sanciones, han ido incrementado las presiones contra nuestro pa\u00eds, la amenaza, el bloqueo, es el imperio actuando\u00bb, ha apuntado.<\/strong><\/p>\n<p>Miles de personas han participado en una manifestaci\u00f3n por el centro de Caracas convocada por el oficialismo en recuerdo de la movilizaci\u00f3n que el 23 de enero de 1958 puso fin a la dictadura de Marcos P\u00e9rez Jim\u00e9nez, para condenar el \u00abbloqueo\u00bb estadounidense y para exigir la devoluci\u00f3n de los activos embargados en el extranjero.<\/p>\n<p>El presidente de Brasil, Luiz In\u00e1cio Lula da Silva, y su hom\u00f3logo argentino, Alberto Fern\u00e1ndez, se han reunido este lunes en Buenos Aires y han anunciado la creaci\u00f3n de una mesa de negociaci\u00f3n al m\u00e1s alto nivel para tratar la puesta en circulaci\u00f3n de una moneda com\u00fan para impulsar el comercio exterior y las transacciones entre ambos pa\u00edses, con la vista puesta en ampliar esta uni\u00f3n al resto de pa\u00edses de Am\u00e9rica Latina \u00aba largo plazo\u00bb y evitar que la pol\u00edtica comercial de la regi\u00f3n dependa del d\u00f3lar estadounidense.<\/p>\n<p>Lula ha explicado que, de momento, la moneda de uso que ser\u00eda conocida como &#8216;Sur&#8217; es solamente un proyecto que esperan que pongan en marcha \u00abpr\u00f3ximamente\u00bb los equipos econ\u00f3micos de los gobiernos de Argentina y Brasil.<\/p>\n","protected":false},"excerpt":{"rendered":"<p>(EP) &#8211; El presidente de Venezuela, Nicol\u00e1s Maduro, ha expresado este lunes su apoyo a la propuesta de Argentina y Brasil de impulsar una moneda com\u00fan y reducir as\u00ed la dependencia del d\u00f3lar. \u00abYo anuncio que Venezuela est\u00e1 preparada y apoyamos la iniciativa de crear una moneda latinoamericana y caribe\u00f1a\u00bb, ha afirmado Maduro durante su<\/p>\n","protected":false},"author":1,"featured_media":171316,"comment_status":"closed","ping_status":"closed","sticky":false,"template":"","format":"standard","meta":{"footnotes":""},"categories":[485],"tags":[437,432],"class_list":{"0":"post-171315","1":"post","2":"type-post","3":"status-publish","4":"format-standard","5":"has-post-thumbnail","7":"category-internacional","8":"tag-economia","9":"tag-venezuela"},"aioseo_notices":[],"aioseo_head":"\n\t\t<!-- All in One SEO Pro 4.9.6.2 - aioseo.com -->\n\t<meta name=\"description\" content=\"(EP) - El presidente de Venezuela, Nicol\u00e1s Maduro, ha expresado este lunes su apoyo a la propuesta de Argentina y Brasil de impulsar una moneda com\u00fan\" \/>\n\t<meta name=\"robots\" content=\"max-image-preview:large\" \/>\n\t<meta name=\"author\" content=\"Cand\u00e1s 365\"\/>\n\t<meta name=\"google-site-verification\" content=\"UA-32230408-1\" \/>\n\t<meta name=\"msvalidate.01\" content=\"354F3CDFB2DA171B47FBE9ABF1F88D5\" \/>\n\t<meta name=\"keywords\" content=\"internacional\" \/>\n\t<link rel=\"canonical\" href=\"https:\/\/candas365.es\/noticias\/maduro-apoyamos-la-iniciativa-de-crear-una-moneda-latinoamericana-y-caribena\/\" \/>\n\t<meta name=\"generator\" content=\"All in One SEO Pro (AIOSEO) 4.9.6.2\" \/>\n\t\t<meta property=\"og:locale\" content=\"es_ES\" \/>\n\t\t<meta property=\"og:site_name\" content=\"Cand\u00e1s 365\" \/>\n\t\t<meta property=\"og:type\" content=\"article\" \/>\n\t\t<meta property=\"og:title\" content=\"Maduro: \u00abApoyamos la iniciativa de crear una moneda latinoamericana y caribe\u00f1a\u00bb | Cand\u00e1s 365\" \/>\n\t\t<meta property=\"og:description\" content=\"(EP) - El presidente de Venezuela, Nicol\u00e1s Maduro, ha expresado este lunes su apoyo a la propuesta de Argentina y Brasil de impulsar una moneda com\u00fan\" \/>\n\t\t<meta property=\"og:url\" content=\"https:\/\/candas365.es\/noticias\/maduro-apoyamos-la-iniciativa-de-crear-una-moneda-latinoamericana-y-caribena\/\" \/>\n\t\t<meta property=\"og:image\" content=\"https:\/\/candas365.es\/noticias\/wp-content\/uploads\/2023\/01\/Maduro.jpg\" \/>\n\t\t<meta property=\"og:image:secure_url\" content=\"https:\/\/candas365.es\/noticias\/wp-content\/uploads\/2023\/01\/Maduro.jpg\" \/>\n\t\t<meta property=\"og:image:width\" content=\"890\" \/>\n\t\t<meta property=\"og:image:height\" content=\"590\" \/>\n\t\t<meta property=\"article:published_time\" content=\"2023-01-23T22:20:54+00:00\" \/>\n\t\t<meta property=\"article:modified_time\" content=\"2023-01-23T22:20:54+00:00\" \/>\n\t\t<meta property=\"article:publisher\" content=\"https:\/\/www.facebook.com\/Nachofdezber\" \/>\n\t\t<meta property=\"article:author\" content=\"https:\/\/www.facebook.com\/carrenoactualidad\" \/>\n\t\t<meta name=\"twitter:card\" content=\"summary_large_image\" \/>\n\t\t<meta name=\"twitter:site\" content=\"@NabercoDigital\" \/>\n\t\t<meta name=\"twitter:title\" content=\"Maduro: \u00abApoyamos la iniciativa de crear una moneda latinoamericana y caribe\u00f1a\u00bb | Cand\u00e1s 365\" \/>\n\t\t<meta name=\"twitter:description\" content=\"(EP) - El presidente de Venezuela, Nicol\u00e1s Maduro, ha expresado este lunes su apoyo a la propuesta de Argentina y Brasil de impulsar una moneda com\u00fan\" \/>\n\t\t<meta name=\"twitter:creator\" content=\"@nbasturias\" \/>\n\t\t<meta name=\"twitter:image\" content=\"https:\/\/candas365.es\/noticias\/wp-content\/uploads\/2023\/01\/Maduro.jpg\" \/>\n\t\t<meta name=\"twitter:label1\" content=\"Escrito por\" \/>\n\t\t<meta name=\"twitter:data1\" content=\"Cand\u00e1s 365\" \/>\n\t\t<meta name=\"twitter:label2\" content=\"Tiempo de lectura estimado\" \/>\n\t\t<meta name=\"twitter:data2\" content=\"2 minutos\" \/>\n\t\t<script type=\"application\/ld+json\" class=\"aioseo-schema\">\n\t\t\t{\"@context\":\"https:\\\/\\\/schema.org\",\"@graph\":[{\"@type\":\"BreadcrumbList\",\"@id\":\"https:\\\/\\\/candas365.es\\\/noticias\\\/maduro-apoyamos-la-iniciativa-de-crear-una-moneda-latinoamericana-y-caribena\\\/#breadcrumblist\",\"itemListElement\":[{\"@type\":\"ListItem\",\"@id\":\"https:\\\/\\\/candas365.es\\\/noticias#listItem\",\"position\":1,\"name\":\"Home\",\"item\":\"https:\\\/\\\/candas365.es\\\/noticias\",\"nextItem\":{\"@type\":\"ListItem\",\"@id\":\"https:\\\/\\\/candas365.es\\\/noticias\\\/category\\\/internacional\\\/#listItem\",\"name\":\"Internacional\"}},{\"@type\":\"ListItem\",\"@id\":\"https:\\\/\\\/candas365.es\\\/noticias\\\/category\\\/internacional\\\/#listItem\",\"position\":2,\"name\":\"Internacional\",\"item\":\"https:\\\/\\\/candas365.es\\\/noticias\\\/category\\\/internacional\\\/\",\"nextItem\":{\"@type\":\"ListItem\",\"@id\":\"https:\\\/\\\/candas365.es\\\/noticias\\\/maduro-apoyamos-la-iniciativa-de-crear-una-moneda-latinoamericana-y-caribena\\\/#listItem\",\"name\":\"Maduro: \\u00abApoyamos la iniciativa de crear una moneda latinoamericana y caribe\\u00f1a\\u00bb\"},\"previousItem\":{\"@type\":\"ListItem\",\"@id\":\"https:\\\/\\\/candas365.es\\\/noticias#listItem\",\"name\":\"Home\"}},{\"@type\":\"ListItem\",\"@id\":\"https:\\\/\\\/candas365.es\\\/noticias\\\/maduro-apoyamos-la-iniciativa-de-crear-una-moneda-latinoamericana-y-caribena\\\/#listItem\",\"position\":3,\"name\":\"Maduro: \\u00abApoyamos la iniciativa de crear una moneda latinoamericana y caribe\\u00f1a\\u00bb\",\"previousItem\":{\"@type\":\"ListItem\",\"@id\":\"https:\\\/\\\/candas365.es\\\/noticias\\\/category\\\/internacional\\\/#listItem\",\"name\":\"Internacional\"}}]},{\"@type\":\"NewsArticle\",\"@id\":\"https:\\\/\\\/candas365.es\\\/noticias\\\/maduro-apoyamos-la-iniciativa-de-crear-una-moneda-latinoamericana-y-caribena\\\/#newsarticle\",\"name\":\"Maduro: \\u00abApoyamos la iniciativa de crear una moneda latinoamericana y caribe\\u00f1a\\u00bb | Cand\\u00e1s 365\",\"headline\":\"Maduro: \\u00abApoyamos la iniciativa de crear una moneda latinoamericana y caribe\\u00f1a\\u00bb\",\"author\":{\"@id\":\"https:\\\/\\\/candas365.es\\\/noticias\\\/author\\\/admin\\\/#author\"},\"publisher\":{\"@id\":\"https:\\\/\\\/candas365.es\\\/noticias\\\/#organization\"},\"image\":{\"@type\":\"ImageObject\",\"url\":\"https:\\\/\\\/candas365.es\\\/noticias\\\/wp-content\\\/uploads\\\/2023\\\/01\\\/Maduro.jpg\",\"width\":890,\"height\":590,\"caption\":\"FOTO:PRESIDENCIA DE VENEZUELA \\\/ Europa Press\"},\"datePublished\":\"2023-01-23T23:20:54+01:00\",\"dateModified\":\"2023-01-23T23:20:54+01:00\",\"inLanguage\":\"es-ES\",\"mainEntityOfPage\":{\"@id\":\"https:\\\/\\\/candas365.es\\\/noticias\\\/maduro-apoyamos-la-iniciativa-de-crear-una-moneda-latinoamericana-y-caribena\\\/#webpage\"},\"isPartOf\":{\"@id\":\"https:\\\/\\\/candas365.es\\\/noticias\\\/maduro-apoyamos-la-iniciativa-de-crear-una-moneda-latinoamericana-y-caribena\\\/#webpage\"},\"articleSection\":\"Internacional, Econom\\u00eda, Venezuela\",\"dateline\":\"Publicado el enero 23, 2023.\"},{\"@type\":\"Organization\",\"@id\":\"https:\\\/\\\/candas365.es\\\/noticias\\\/#organization\",\"name\":\"Cand\\u00e1s 365\",\"description\":\"Cand\\u00e1s 365 es un diario digital independiente, fundado en 2012, con base en Asturias. Informamos con rigor sobre actualidad, sociedad, cultura y ocio, con una mirada local y global.\",\"url\":\"https:\\\/\\\/candas365.es\\\/noticias\\\/\",\"email\":\"info@candas365.es\",\"telephone\":\"+34652131393\",\"foundingDate\":\"2012-06-10\",\"logo\":{\"@type\":\"ImageObject\",\"url\":\"https:\\\/\\\/candas365.es\\\/noticias\\\/wp-content\\\/uploads\\\/2024\\\/09\\\/Candas-365-Redes.jpg\",\"@id\":\"https:\\\/\\\/candas365.es\\\/noticias\\\/maduro-apoyamos-la-iniciativa-de-crear-una-moneda-latinoamericana-y-caribena\\\/#organizationLogo\",\"width\":1152,\"height\":864,\"caption\":\"Cand\\u00e1s 365 Redes\"},\"image\":{\"@id\":\"https:\\\/\\\/candas365.es\\\/noticias\\\/maduro-apoyamos-la-iniciativa-de-crear-una-moneda-latinoamericana-y-caribena\\\/#organizationLogo\"},\"sameAs\":[\"https:\\\/\\\/www.facebook.com\\\/Nachofdezber\",\"https:\\\/\\\/x.com\\\/NabercoDigital\",\"https:\\\/\\\/www.instagram.com\\\/nachofdezber\\\/\",\"https:\\\/\\\/www.youtube.com\\\/channel\\\/UCZP-2wLEB9Rv6erhFmqVnvg\"],\"address\":{\"@id\":\"https:\\\/\\\/candas365.es\\\/noticias\\\/#postaladdress\",\"@type\":\"PostalAddress\",\"streetAddress\":\"san antonio 4, san antonio 4\",\"postalCode\":\"33430\",\"addressLocality\":\"Cand\\u00e1s\",\"addressRegion\":\"Asturias\",\"addressCountry\":\"ES\"}},{\"@type\":\"Person\",\"@id\":\"https:\\\/\\\/candas365.es\\\/noticias\\\/author\\\/admin\\\/#author\",\"url\":\"https:\\\/\\\/candas365.es\\\/noticias\\\/author\\\/admin\\\/\",\"name\":\"Cand\\u00e1s 365\",\"image\":{\"@type\":\"ImageObject\",\"@id\":\"https:\\\/\\\/candas365.es\\\/noticias\\\/maduro-apoyamos-la-iniciativa-de-crear-una-moneda-latinoamericana-y-caribena\\\/#authorImage\",\"url\":\"https:\\\/\\\/secure.gravatar.com\\\/avatar\\\/496a8e03d0c493ede1718b7934145dbdf8d89be1036b0eec9544e1094c9de390?s=96&d=mm&r=g\",\"width\":96,\"height\":96,\"caption\":\"Cand\\u00e1s 365\"},\"sameAs\":[\"https:\\\/\\\/www.facebook.com\\\/carrenoactualidad\",\"https:\\\/\\\/twitter.com\\\/nbasturias\",\"https:\\\/\\\/www.instagram.com\\\/nachofdezber\\\/\",\"https:\\\/\\\/www.youtube.com\\\/channel\\\/UCZP-2wLEB9Rv6erhFmqVnvg\"]},{\"@type\":\"WebPage\",\"@id\":\"https:\\\/\\\/candas365.es\\\/noticias\\\/maduro-apoyamos-la-iniciativa-de-crear-una-moneda-latinoamericana-y-caribena\\\/#webpage\",\"url\":\"https:\\\/\\\/candas365.es\\\/noticias\\\/maduro-apoyamos-la-iniciativa-de-crear-una-moneda-latinoamericana-y-caribena\\\/\",\"name\":\"Maduro: \\u00abApoyamos la iniciativa de crear una moneda latinoamericana y caribe\\u00f1a\\u00bb | Cand\\u00e1s 365\",\"description\":\"(EP) - El presidente de Venezuela, Nicol\\u00e1s Maduro, ha expresado este lunes su apoyo a la propuesta de Argentina y Brasil de impulsar una moneda com\\u00fan\",\"inLanguage\":\"es-ES\",\"isPartOf\":{\"@id\":\"https:\\\/\\\/candas365.es\\\/noticias\\\/#website\"},\"breadcrumb\":{\"@id\":\"https:\\\/\\\/candas365.es\\\/noticias\\\/maduro-apoyamos-la-iniciativa-de-crear-una-moneda-latinoamericana-y-caribena\\\/#breadcrumblist\"},\"author\":{\"@id\":\"https:\\\/\\\/candas365.es\\\/noticias\\\/author\\\/admin\\\/#author\"},\"creator\":{\"@id\":\"https:\\\/\\\/candas365.es\\\/noticias\\\/author\\\/admin\\\/#author\"},\"image\":{\"@type\":\"ImageObject\",\"url\":\"https:\\\/\\\/candas365.es\\\/noticias\\\/wp-content\\\/uploads\\\/2023\\\/01\\\/Maduro.jpg\",\"@id\":\"https:\\\/\\\/candas365.es\\\/noticias\\\/maduro-apoyamos-la-iniciativa-de-crear-una-moneda-latinoamericana-y-caribena\\\/#mainImage\",\"width\":890,\"height\":590,\"caption\":\"FOTO:PRESIDENCIA DE VENEZUELA \\\/ Europa Press\"},\"primaryImageOfPage\":{\"@id\":\"https:\\\/\\\/candas365.es\\\/noticias\\\/maduro-apoyamos-la-iniciativa-de-crear-una-moneda-latinoamericana-y-caribena\\\/#mainImage\"},\"datePublished\":\"2023-01-23T23:20:54+01:00\",\"dateModified\":\"2023-01-23T23:20:54+01:00\"},{\"@type\":\"WebSite\",\"@id\":\"https:\\\/\\\/candas365.es\\\/noticias\\\/#website\",\"url\":\"https:\\\/\\\/candas365.es\\\/noticias\\\/\",\"name\":\"Cand\\u00e1s 365\",\"alternateName\":\"Cand\\u00e1s 365 Noticias\",\"description\":\"Actualidad desde Carre\\u00f1o para el mundo\",\"inLanguage\":\"es-ES\",\"publisher\":{\"@id\":\"https:\\\/\\\/candas365.es\\\/noticias\\\/#organization\"}}]}\n\t\t<\/script>\n\t\t<!-- All in One SEO Pro -->\r\n\t\t<title>Maduro: \u00abApoyamos la iniciativa de crear una moneda latinoamericana y caribe\u00f1a\u00bb | Cand\u00e1s 365<\/title>\n\n","aioseo_head_json":{"title":"Maduro: \u00abApoyamos la iniciativa de crear una moneda latinoamericana y caribe\u00f1a\u00bb | Cand\u00e1s 365","description":"(EP) - El presidente de Venezuela, Nicol\u00e1s Maduro, ha expresado este lunes su apoyo a la propuesta de Argentina y Brasil de impulsar una moneda com\u00fan","canonical_url":"https:\/\/candas365.es\/noticias\/maduro-apoyamos-la-iniciativa-de-crear-una-moneda-latinoamericana-y-caribena\/","robots":"max-image-preview:large","keywords":"internacional","webmasterTools":{"google-site-verification":"UA-32230408-1","msvalidate.01":"354F3CDFB2DA171B47FBE9ABF1F88D5","miscellaneous":""},"schema":{"@context":"https:\/\/schema.org","@graph":[{"@type":"BreadcrumbList","@id":"https:\/\/candas365.es\/noticias\/maduro-apoyamos-la-iniciativa-de-crear-una-moneda-latinoamericana-y-caribena\/#breadcrumblist","itemListElement":[{"@type":"ListItem","@id":"https:\/\/candas365.es\/noticias#listItem","position":1,"name":"Home","item":"https:\/\/candas365.es\/noticias","nextItem":{"@type":"ListItem","@id":"https:\/\/candas365.es\/noticias\/category\/internacional\/#listItem","name":"Internacional"}},{"@type":"ListItem","@id":"https:\/\/candas365.es\/noticias\/category\/internacional\/#listItem","position":2,"name":"Internacional","item":"https:\/\/candas365.es\/noticias\/category\/internacional\/","nextItem":{"@type":"ListItem","@id":"https:\/\/candas365.es\/noticias\/maduro-apoyamos-la-iniciativa-de-crear-una-moneda-latinoamericana-y-caribena\/#listItem","name":"Maduro: \u00abApoyamos la iniciativa de crear una moneda latinoamericana y caribe\u00f1a\u00bb"},"previousItem":{"@type":"ListItem","@id":"https:\/\/candas365.es\/noticias#listItem","name":"Home"}},{"@type":"ListItem","@id":"https:\/\/candas365.es\/noticias\/maduro-apoyamos-la-iniciativa-de-crear-una-moneda-latinoamericana-y-caribena\/#listItem","position":3,"name":"Maduro: \u00abApoyamos la iniciativa de crear una moneda latinoamericana y caribe\u00f1a\u00bb","previousItem":{"@type":"ListItem","@id":"https:\/\/candas365.es\/noticias\/category\/internacional\/#listItem","name":"Internacional"}}]},{"@type":"NewsArticle","@id":"https:\/\/candas365.es\/noticias\/maduro-apoyamos-la-iniciativa-de-crear-una-moneda-latinoamericana-y-caribena\/#newsarticle","name":"Maduro: \u00abApoyamos la iniciativa de crear una moneda latinoamericana y caribe\u00f1a\u00bb | Cand\u00e1s 365","headline":"Maduro: \u00abApoyamos la iniciativa de crear una moneda latinoamericana y caribe\u00f1a\u00bb","author":{"@id":"https:\/\/candas365.es\/noticias\/author\/admin\/#author"},"publisher":{"@id":"https:\/\/candas365.es\/noticias\/#organization"},"image":{"@type":"ImageObject","url":"https:\/\/candas365.es\/noticias\/wp-content\/uploads\/2023\/01\/Maduro.jpg","width":890,"height":590,"caption":"FOTO:PRESIDENCIA DE VENEZUELA \/ Europa Press"},"datePublished":"2023-01-23T23:20:54+01:00","dateModified":"2023-01-23T23:20:54+01:00","inLanguage":"es-ES","mainEntityOfPage":{"@id":"https:\/\/candas365.es\/noticias\/maduro-apoyamos-la-iniciativa-de-crear-una-moneda-latinoamericana-y-caribena\/#webpage"},"isPartOf":{"@id":"https:\/\/candas365.es\/noticias\/maduro-apoyamos-la-iniciativa-de-crear-una-moneda-latinoamericana-y-caribena\/#webpage"},"articleSection":"Internacional, Econom\u00eda, Venezuela","dateline":"Publicado el enero 23, 2023."},{"@type":"Organization","@id":"https:\/\/candas365.es\/noticias\/#organization","name":"Cand\u00e1s 365","description":"Cand\u00e1s 365 es un diario digital independiente, fundado en 2012, con base en Asturias. Informamos con rigor sobre actualidad, sociedad, cultura y ocio, con una mirada local y global.","url":"https:\/\/candas365.es\/noticias\/","email":"info@candas365.es","telephone":"+34652131393","foundingDate":"2012-06-10","logo":{"@type":"ImageObject","url":"https:\/\/candas365.es\/noticias\/wp-content\/uploads\/2024\/09\/Candas-365-Redes.jpg","@id":"https:\/\/candas365.es\/noticias\/maduro-apoyamos-la-iniciativa-de-crear-una-moneda-latinoamericana-y-caribena\/#organizationLogo","width":1152,"height":864,"caption":"Cand\u00e1s 365 Redes"},"image":{"@id":"https:\/\/candas365.es\/noticias\/maduro-apoyamos-la-iniciativa-de-crear-una-moneda-latinoamericana-y-caribena\/#organizationLogo"},"sameAs":["https:\/\/www.facebook.com\/Nachofdezber","https:\/\/x.com\/NabercoDigital","https:\/\/www.instagram.com\/nachofdezber\/","https:\/\/www.youtube.com\/channel\/UCZP-2wLEB9Rv6erhFmqVnvg"],"address":{"@id":"https:\/\/candas365.es\/noticias\/#postaladdress","@type":"PostalAddress","streetAddress":"san antonio 4, san antonio 4","postalCode":"33430","addressLocality":"Cand\u00e1s","addressRegion":"Asturias","addressCountry":"ES"}},{"@type":"Person","@id":"https:\/\/candas365.es\/noticias\/author\/admin\/#author","url":"https:\/\/candas365.es\/noticias\/author\/admin\/","name":"Cand\u00e1s 365","image":{"@type":"ImageObject","@id":"https:\/\/candas365.es\/noticias\/maduro-apoyamos-la-iniciativa-de-crear-una-moneda-latinoamericana-y-caribena\/#authorImage","url":"https:\/\/secure.gravatar.com\/avatar\/496a8e03d0c493ede1718b7934145dbdf8d89be1036b0eec9544e1094c9de390?s=96&d=mm&r=g","width":96,"height":96,"caption":"Cand\u00e1s 365"},"sameAs":["https:\/\/www.facebook.com\/carrenoactualidad","https:\/\/twitter.com\/nbasturias","https:\/\/www.instagram.com\/nachofdezber\/","https:\/\/www.youtube.com\/channel\/UCZP-2wLEB9Rv6erhFmqVnvg"]},{"@type":"WebPage","@id":"https:\/\/candas365.es\/noticias\/maduro-apoyamos-la-iniciativa-de-crear-una-moneda-latinoamericana-y-caribena\/#webpage","url":"https:\/\/candas365.es\/noticias\/maduro-apoyamos-la-iniciativa-de-crear-una-moneda-latinoamericana-y-caribena\/","name":"Maduro: \u00abApoyamos la iniciativa de crear una moneda latinoamericana y caribe\u00f1a\u00bb | Cand\u00e1s 365","description":"(EP) - El presidente de Venezuela, Nicol\u00e1s Maduro, ha expresado este lunes su apoyo a la propuesta de Argentina y Brasil de impulsar una moneda com\u00fan","inLanguage":"es-ES","isPartOf":{"@id":"https:\/\/candas365.es\/noticias\/#website"},"breadcrumb":{"@id":"https:\/\/candas365.es\/noticias\/maduro-apoyamos-la-iniciativa-de-crear-una-moneda-latinoamericana-y-caribena\/#breadcrumblist"},"author":{"@id":"https:\/\/candas365.es\/noticias\/author\/admin\/#author"},"creator":{"@id":"https:\/\/candas365.es\/noticias\/author\/admin\/#author"},"image":{"@type":"ImageObject","url":"https:\/\/candas365.es\/noticias\/wp-content\/uploads\/2023\/01\/Maduro.jpg","@id":"https:\/\/candas365.es\/noticias\/maduro-apoyamos-la-iniciativa-de-crear-una-moneda-latinoamericana-y-caribena\/#mainImage","width":890,"height":590,"caption":"FOTO:PRESIDENCIA DE VENEZUELA \/ Europa Press"},"primaryImageOfPage":{"@id":"https:\/\/candas365.es\/noticias\/maduro-apoyamos-la-iniciativa-de-crear-una-moneda-latinoamericana-y-caribena\/#mainImage"},"datePublished":"2023-01-23T23:20:54+01:00","dateModified":"2023-01-23T23:20:54+01:00"},{"@type":"WebSite","@id":"https:\/\/candas365.es\/noticias\/#website","url":"https:\/\/candas365.es\/noticias\/","name":"Cand\u00e1s 365","alternateName":"Cand\u00e1s 365 Noticias","description":"Actualidad desde Carre\u00f1o para el mundo","inLanguage":"es-ES","publisher":{"@id":"https:\/\/candas365.es\/noticias\/#organization"}}]},"og:locale":"es_ES","og:site_name":"Cand\u00e1s 365","og:type":"article","og:title":"Maduro: \u00abApoyamos la iniciativa de crear una moneda latinoamericana y caribe\u00f1a\u00bb | Cand\u00e1s 365","og:description":"(EP) - El presidente de Venezuela, Nicol\u00e1s Maduro, ha expresado este lunes su apoyo a la propuesta de Argentina y Brasil de impulsar una moneda com\u00fan","og:url":"https:\/\/candas365.es\/noticias\/maduro-apoyamos-la-iniciativa-de-crear-una-moneda-latinoamericana-y-caribena\/","og:image":"https:\/\/candas365.es\/noticias\/wp-content\/uploads\/2023\/01\/Maduro.jpg","og:image:secure_url":"https:\/\/candas365.es\/noticias\/wp-content\/uploads\/2023\/01\/Maduro.jpg","og:image:width":890,"og:image:height":590,"article:published_time":"2023-01-23T22:20:54+00:00","article:modified_time":"2023-01-23T22:20:54+00:00","article:publisher":"https:\/\/www.facebook.com\/Nachofdezber","article:author":"https:\/\/www.facebook.com\/carrenoactualidad","twitter:card":"summary_large_image","twitter:site":"@NabercoDigital","twitter:title":"Maduro: \u00abApoyamos la iniciativa de crear una moneda latinoamericana y caribe\u00f1a\u00bb | Cand\u00e1s 365","twitter:description":"(EP) - El presidente de Venezuela, Nicol\u00e1s Maduro, ha expresado este lunes su apoyo a la propuesta de Argentina y Brasil de impulsar una moneda com\u00fan","twitter:creator":"@nbasturias","twitter:image":"https:\/\/candas365.es\/noticias\/wp-content\/uploads\/2023\/01\/Maduro.jpg","twitter:label1":"Escrito por","twitter:data1":"Cand\u00e1s 365","twitter:label2":"Tiempo de lectura estimado","twitter:data2":"2 minutos"},"aioseo_meta_data":{"post_id":"171315","title":null,"description":"(EP) - El presidente de Venezuela, Nicol\u00e1s Maduro, ha expresado este lunes su apoyo a la propuesta de Argentina y Brasil de impulsar una moneda com\u00fan","keywords":[],"keyphrases":{"focus":{"keyphrase":"Maduro","score":92,"analysis":{"keyphraseInTitle":{"score":9,"maxScore":9,"error":0},"keyphraseInDescription":{"score":9,"maxScore":9,"error":0},"keyphraseLength":{"score":9,"maxScore":9,"error":0,"length":1},"keyphraseInURL":{"score":1,"maxScore":5,"error":1},"keyphraseInIntroduction":{"score":9,"maxScore":9,"error":0},"keyphraseInSubHeadings":[],"keyphraseInImageAlt":{"score":9,"maxScore":9,"error":0}}},"additional":[{"keyphrase":"Maduro","score":100,"analysis":{"keyphraseInDescription":{"score":9,"maxScore":9,"error":0},"keyphraseLength":{"score":9,"maxScore":9,"error":0,"length":1},"keyphraseInIntroduction":{"score":9,"maxScore":9,"error":0},"keyphraseInImageAlt":{"score":9,"maxScore":9,"error":0}}}]},"primary_term":null,"canonical_url":null,"og_title":null,"og_description":null,"og_object_type":"default","og_image_type":"default","og_image_url":null,"og_image_width":null,"og_image_height":null,"og_image_custom_url":null,"og_image_custom_fields":null,"og_video":"","og_custom_url":null,"og_article_section":null,"og_article_tags":[],"twitter_use_og":false,"twitter_card":"default","twitter_image_type":"default","twitter_image_url":null,"twitter_image_custom_url":null,"twitter_image_custom_fields":null,"twitter_title":null,"twitter_description":null,"schema":{"blockGraphs":[],"customGraphs":[],"default":{"data":{"Article":[],"Course":[],"Dataset":[],"FAQPage":[],"Movie":[],"Person":[],"Product":[],"ProductReview":[],"Car":[],"Recipe":[],"Service":[],"SoftwareApplication":[],"WebPage":[]},"graphName":"Article","isEnabled":true},"graphs":[]},"schema_type":"default","schema_type_options":null,"pillar_content":false,"robots_default":true,"robots_noindex":false,"robots_noarchive":false,"robots_nosnippet":false,"robots_nofollow":false,"robots_noimageindex":false,"robots_noodp":false,"robots_notranslate":false,"robots_max_snippet":"-1","robots_max_videopreview":"-1","robots_max_imagepreview":"large","priority":null,"frequency":"default","location":null,"local_seo":null,"seo_analyzer_scan_date":"2025-09-01 18:25:54","breadcrumb_settings":null,"limit_modified_date":false,"reviewed_by":null,"open_ai":null,"ai":null,"created":"2023-01-23 22:14:55","updated":"2025-09-01 18:25:54"},"aioseo_breadcrumb":"<div class=\"aioseo-breadcrumbs\"><span class=\"aioseo-breadcrumb\">\n\t<a href=\"https:\/\/candas365.es\/noticias\" title=\"Home\">Home<\/a>\n<\/span><span class=\"aioseo-breadcrumb-separator\">&ndash;<\/span><span class=\"aioseo-breadcrumb\">\n\t<a href=\"https:\/\/candas365.es\/noticias\/category\/internacional\/\" title=\"Internacional\">Internacional<\/a>\n<\/span><span class=\"aioseo-breadcrumb-separator\">&ndash;<\/span><span class=\"aioseo-breadcrumb\">\n\tMaduro: \u00abApoyamos la iniciativa de crear una moneda latinoamericana y caribe\u00f1a\u00bb\n<\/span><\/div>","aioseo_breadcrumb_json":[{"label":"Home","link":"https:\/\/candas365.es\/noticias"},{"label":"Internacional","link":"https:\/\/candas365.es\/noticias\/category\/internacional\/"},{"label":"Maduro: \u00abApoyamos la iniciativa de crear una moneda latinoamericana y caribe\u00f1a\u00bb","link":"https:\/\/candas365.es\/noticias\/maduro-apoyamos-la-iniciativa-de-crear-una-moneda-latinoamericana-y-caribena\/"}],"_links":{"self":[{"href":"https:\/\/candas365.es\/noticias\/wp-json\/wp\/v2\/posts\/171315","targetHints":{"allow":["GET"]}}],"collection":[{"href":"https:\/\/candas365.es\/noticias\/wp-json\/wp\/v2\/posts"}],"about":[{"href":"https:\/\/candas365.es\/noticias\/wp-json\/wp\/v2\/types\/post"}],"author":[{"embeddable":true,"href":"https:\/\/candas365.es\/noticias\/wp-json\/wp\/v2\/users\/1"}],"replies":[{"embeddable":true,"href":"https:\/\/candas365.es\/noticias\/wp-json\/wp\/v2\/comments?post=171315"}],"version-history":[{"count":0,"href":"https:\/\/candas365.es\/noticias\/wp-json\/wp\/v2\/posts\/171315\/revisions"}],"wp:featuredmedia":[{"embeddable":true,"href":"https:\/\/candas365.es\/noticias\/wp-json\/wp\/v2\/media\/171316"}],"wp:attachment":[{"href":"https:\/\/candas365.es\/noticias\/wp-json\/wp\/v2\/media?parent=171315"}],"wp:term":[{"taxonomy":"category","embeddable":true,"href":"https:\/\/candas365.es\/noticias\/wp-json\/wp\/v2\/categories?post=171315"},{"taxonomy":"post_tag","embeddable":true,"href":"https:\/\/candas365.es\/noticias\/wp-json\/wp\/v2\/tags?post=171315"}],"curies":[{"name":"wp","href":"https:\/\/api.w.org\/{rel}","templated":true}]}}