{"id":171300,"date":"2023-01-23T18:29:53","date_gmt":"2023-01-23T17:29:53","guid":{"rendered":"https:\/\/candas365.es\/noticias\/?p=171300"},"modified":"2023-01-23T18:29:53","modified_gmt":"2023-01-23T17:29:53","slug":"dublin-a-pie-cinco-caminatas-por-la-capital-de-irlanda","status":"publish","type":"post","link":"https:\/\/candas365.es\/noticias\/dublin-a-pie-cinco-caminatas-por-la-capital-de-irlanda\/","title":{"rendered":"Dubl\u00edn a pie: cinco caminatas por la capital de Irlanda"},"content":{"rendered":"<p>(dpa) &#8211; Los paseos a pie viven un renacimiento gracias a la pandemia.<strong> Y como en Dubl\u00edn la urbanidad y la naturaleza est\u00e1n conectadas de forma tan impresionante<\/strong>, merece la pena recorrer caminando la capital de Irlanda.<\/p>\n<figure id=\"attachment_171303\" aria-describedby=\"caption-attachment-171303\" style=\"width: 650px\" class=\"wp-caption aligncenter\"><img fetchpriority=\"high\" decoding=\"async\" class=\"wp-image-171303 size-large\" src=\"https:\/\/candas365.es\/noticias\/wp-content\/uploads\/2023\/01\/Dublin-1-650x430.jpg\" alt=\"Dubl\u00edn\" width=\"650\" height=\"430\" srcset=\"https:\/\/candas365.es\/noticias\/wp-content\/uploads\/2023\/01\/Dublin-1-650x430.jpg 650w, https:\/\/candas365.es\/noticias\/wp-content\/uploads\/2023\/01\/Dublin-1-360x238.jpg 360w, https:\/\/candas365.es\/noticias\/wp-content\/uploads\/2023\/01\/Dublin-1-768x508.jpg 768w, https:\/\/candas365.es\/noticias\/wp-content\/uploads\/2023\/01\/Dublin-1-150x99.jpg 150w, https:\/\/candas365.es\/noticias\/wp-content\/uploads\/2023\/01\/Dublin-1-450x298.jpg 450w, https:\/\/candas365.es\/noticias\/wp-content\/uploads\/2023\/01\/Dublin-1.jpg 1010w\" sizes=\"(max-width: 650px) 100vw, 650px\" \/><figcaption id=\"caption-attachment-171303\" class=\"wp-caption-text\">El Gran Canal comunica a Dubl\u00edn con el interior de la isla. Foto: Frank Baumgart\/dpa<\/figcaption><\/figure>\n<h2>Cinco paseos por el rock, la poes\u00eda y los r\u00e9cords recomendables:<\/h2>\n<h2>1. De U2 al faro<\/h2>\n<p>El Windmill Studio, en el que grabaron los Rolling Stones, David Bowie, Ed Sheeran, Phil Lynott, Glen Hansard y U2, es un buen punto de inicio para pasear por el centro de la ciudad.<\/p>\n<p>A trav\u00e9s de los parques Ringsend y Sean Moore se llega a la playa. El paseo se dirige hacia el este alrededor de la bah\u00eda de Dubl\u00edn. Atraviesa el Parque Natural de Irishtown, algunas colinas onduladas y la playa de Shellybanks.<\/p>\n<p>Pasa tambi\u00e9n junto a las emblem\u00e1ticas chimeneas de 207 metros de altura con franjas rojas y blancas de la antigua central el\u00e9ctrica de Poolbeg.<\/p>\n<p>A lo largo del paseo mar\u00edtimo, se llega a la Gran Muralla Sur, que fue el dique m\u00e1s largo del mundo cuando se termin\u00f3 en 1731. En el extremo final, el Faro de Poolbeg, indica a los grandes transbordadores y cargueros el camino hacia el puerto de Dubl\u00edn, seg\u00fan la frase ga\u00e9lica \u00ablas mo shl\u00ed\u00bb (\u00abilumina mi camino\u00bb).<\/p>\n<p>Hay que recorrer cerca de dos kil\u00f3metros sobre la muralla para llegar hasta el faro, un camino que solo se puede hacer los d\u00edas que no hay tormenta.<\/p>\n<p>Punto de partida: Windmill Lane Studio, 20 Ringsend Road.\u00a0 Extensi\u00f3n: 12 kil\u00f3metros (ida y vuelta).\u00a0Duraci\u00f3n: tres horas de caminata.<\/p>\n<h2>2. Por senderos po\u00e9ticos hacia el mar<\/h2>\n<p>Para llegar hay que tomar primero el tren de\u00a0cercan\u00edas DART hasta Dalkey. Tarda unos 25 minutos y cuesta algo menos de seis euros (6,50 d\u00f3lares).<\/p>\n<p>Es dinero bien invertido, porque Dalkey es el comienzo de un paseo po\u00e9tico, que puede ir precedido de una visita guiada por el Castle &amp; Heritage Centre.\u00a0Se pueden seguir los pasos de los escritores Maeve Binchy, James Joyce, Emma Donoghue y Flann O&#8217;Brien por la ciudad costera.<\/p>\n<p>O se puede comenzar directamente a andar hacia Killiney. El camino lleva\u00a0desde la estaci\u00f3n colina abajo, deja a la derecha el legendario pub Finnegan&#8217;s y luego dobla a la derecha por la calle Coliemore, en la que hay bellas caba\u00f1as y grandes residencias,\u00a0hasta llegar al peque\u00f1o puerto.<\/p>\n<p>Si se contin\u00faa por la misma calle se llega hasta el peque\u00f1o parque Dillon y, justo detr\u00e1s, al parque Sorrento, que es m\u00e1s bien un mirador.<\/p>\n<p>Aqu\u00ed se hace patente el encanto mediterr\u00e1neo de esta franja costera. Plantas y arbustos sure\u00f1os, enormes flores y aguas cristalinas de color turquesa son lo que evocan las asociaciones con el Golfo de N\u00e1poles frente a una enorme hilera de mansiones. <strong>No es de extra\u00f1ar que algunos famosos vivan entre Dalkey y Killiney: las vistas son impresionantes.<\/strong><\/p>\n<p>Al sur de la colina Sorrento, se puede avanzar en direcci\u00f3n al agua por la calle Vico hasta la calle Strathmore, donde se puede bajar a la\u00a0playa de piedra de Killiney. El regreso a Dubl\u00edn es en tren.<\/p>\n<p>Punto de partida: estaci\u00f3n DART de Dalkey (desde Dubl\u00edn, por ejemplo, desde la estaci\u00f3n de Tara Street); punto final: estaci\u00f3n DART de Killiney.\u00a0Longitud: 6 kil\u00f3metros. Duraci\u00f3n del recorrido: entre 1,5 y 2 horas.<\/p>\n<figure id=\"attachment_171301\" aria-describedby=\"caption-attachment-171301\" style=\"width: 650px\" class=\"wp-caption aligncenter\"><img decoding=\"async\" class=\"wp-image-171301 size-large\" src=\"https:\/\/candas365.es\/noticias\/wp-content\/uploads\/2023\/01\/Dalkey-650x471.jpg\" alt=\"Dalkey\" width=\"650\" height=\"471\" srcset=\"https:\/\/candas365.es\/noticias\/wp-content\/uploads\/2023\/01\/Dalkey-650x471.jpg 650w, https:\/\/candas365.es\/noticias\/wp-content\/uploads\/2023\/01\/Dalkey-360x261.jpg 360w, https:\/\/candas365.es\/noticias\/wp-content\/uploads\/2023\/01\/Dalkey-768x556.jpg 768w, https:\/\/candas365.es\/noticias\/wp-content\/uploads\/2023\/01\/Dalkey-150x109.jpg 150w, https:\/\/candas365.es\/noticias\/wp-content\/uploads\/2023\/01\/Dalkey-450x326.jpg 450w, https:\/\/candas365.es\/noticias\/wp-content\/uploads\/2023\/01\/Dalkey.jpg 922w\" sizes=\"(max-width: 650px) 100vw, 650px\" \/><figcaption id=\"caption-attachment-171301\" class=\"wp-caption-text\">Con un poco de suerte se llega a ver delfines en Dalkey. Foto: John Fahy\/Dalkey Photos\/dpa<\/figcaption><\/figure>\n<h2>3. En los acantilados de la pen\u00ednsula de Howth Head<\/h2>\n<p>Esta vez, se debe tomar el tren de cercan\u00edas DART para salir del centro de la ciudad en direcci\u00f3n al norte, lo que permite ver el lado m\u00e1s agreste de la ciudad, hasta la localidad de Howth.<\/p>\n<p>Tras pasar por helader\u00edas, tiendas de recuerdos, restaurantes de pescado, un puerto n\u00e1utico y una feria, se sale a la naturaleza.<strong> La elecci\u00f3n de uno de los cuatros caminos que parten desde la estaci\u00f3n depende de la condici\u00f3n y el tiempo.\u00a0<\/strong><\/p>\n<p>El sendero m\u00e1s corto recorre la pen\u00ednsula Howth Head y, tras unos cientos de metros, serpentea a\u00a0trav\u00e9s de los mares de helechos de la isla y abraza los acantilados junto a las personas que quieren caminar hasta un peque\u00f1o caf\u00e9. En los d\u00edas calurosos, la vista hacia el mar desaparece en una densa niebla en la que solo se oyen las aves marinas.<\/p>\n<p>Punto de partida y llegada: La estaci\u00f3n del tren DART de Howth (desde Dubl\u00edn, por ejemplo, desde la estaci\u00f3n Tara Street o la estaci\u00f3n Connolly). Longitud: entre 6 y 12 kil\u00f3metros. Duraci\u00f3n: entre 1,5 y 3 horas.<\/p>\n<h2>4. Un f\u00e9nix en la ciudad<\/h2>\n<p>El parque F\u00e9nix, de 707 hect\u00e1reas y ubicado en el extremo noroeste de Dubl\u00edn, es considerado el parque urbano m\u00e1s grande de Europa y supera por mucho el Hyde Park de Londres (142 hect\u00e1reas) o el Central Park de Nueva York (345 hect\u00e1reas).<\/p>\n<blockquote><p>Se puede llegar a pie al parque desde la cervecer\u00eda Guinness, por ejemplo, o la estaci\u00f3n Heuston.<\/p><\/blockquote>\n<p>El parque est\u00e1 dividido por la avenida Chesterfield y, seg\u00fan las ganas, el clima y el tiempo, se puede optar por recorridos cortos o m\u00e1s largos.<\/p>\n<p>En el parque se pasa junto al Monumento a Wellington, un enorme obelisco que conmemora las victorias militares del pasado, y peque\u00f1os carteles ovalados que explican d\u00f3nde cayeron las bombas alemanas en 1941, o cu\u00e1ntos clubes de cr\u00edquet hab\u00eda (20) y cu\u00e1ntos siguen existiendo (2).<\/p>\n<p><strong>El zool\u00f3gico de Dubl\u00edn se encuentra a la derecha, al principio del parque. Vale la pena visitarlo en cualquier momento del a\u00f1o<\/strong>, pero en especial durante las \u00abWild Lights\u00bb, cuando entre fines de octubre y principios de enero el zoo\u00a0se convierte en un sue\u00f1o de luces, faroles y sonidos de animales.<\/p>\n<p>El enorme parque alberga asimismo un gran club de polo y la residencia oficial del presidente irland\u00e9s, denominada \u00c1ras an Uachtar\u00e1in, donde una de las luces m\u00e1s famosas de Irlanda brilla en una ventana del piso superior. <strong>All\u00ed, un faro simb\u00f3lico se\u00f1ala el camino de regreso a los emigrantes irlandeses y a sus descendientes, d\u00e1ndoles la bienvenida a casa.<\/strong><\/p>\n<p>Punto de partida: esquina del Tribunal Penal de Justicia y la avenida Chesterfield. Longitud: entre 8 y 14 kil\u00f3metros. Duraci\u00f3n: de 2 a 4 horas, o m\u00e1s a\u00fan si se visita el zoo.<\/p>\n<figure id=\"attachment_171302\" aria-describedby=\"caption-attachment-171302\" style=\"width: 650px\" class=\"wp-caption aligncenter\"><img decoding=\"async\" class=\"wp-image-171302 size-large\" src=\"https:\/\/candas365.es\/noticias\/wp-content\/uploads\/2023\/01\/Merrion-Square-Park-650x413.jpg\" alt=\"Merrion Square Park\" width=\"650\" height=\"413\" srcset=\"https:\/\/candas365.es\/noticias\/wp-content\/uploads\/2023\/01\/Merrion-Square-Park-650x413.jpg 650w, https:\/\/candas365.es\/noticias\/wp-content\/uploads\/2023\/01\/Merrion-Square-Park-360x229.jpg 360w, https:\/\/candas365.es\/noticias\/wp-content\/uploads\/2023\/01\/Merrion-Square-Park-768x488.jpg 768w, https:\/\/candas365.es\/noticias\/wp-content\/uploads\/2023\/01\/Merrion-Square-Park-150x95.jpg 150w, https:\/\/candas365.es\/noticias\/wp-content\/uploads\/2023\/01\/Merrion-Square-Park-450x286.jpg 450w, https:\/\/candas365.es\/noticias\/wp-content\/uploads\/2023\/01\/Merrion-Square-Park.jpg 1055w\" sizes=\"(max-width: 650px) 100vw, 650px\" \/><figcaption id=\"caption-attachment-171302\" class=\"wp-caption-text\">En el Merrion Square Park, en el centro de Dubl\u00edn, se encuentra una estatua del escritor Oscar Wilde. Foto: Mareike Graepel\/dpa<\/figcaption><\/figure>\n<h2>5. A\u00a0lo largo del Gran Canal<\/h2>\n<p>Este paseo comienza detr\u00e1s de los edificios de la sede europea de Google. Junto a las calles Clanwilliam y Warrington Place, bajo la acera, detr\u00e1s de un peque\u00f1o muro, discurre un camino a lo largo del Gran Canal, cantado en muchas canciones y mencionado en otros tantos libros. Se construy\u00f3 en el siglo XIX y conecta la ciudad con el interior.<\/p>\n<p>Se puede dar un paseo relajado y rom\u00e1ntico a la sombra de los \u00e1rboles o, seg\u00fan el tiempo, resguardarse de las gotas de lluvia a lo largo del canal hacia el oeste.<\/p>\n<p>Pasados innumerables pubs y restaurantes peque\u00f1os y grandes -mexicanos, indios, americanos, irlandeses-, la ruta conduce al barrio de Portobello. En las tardes y noches templadas, es una zona con un ambiente similar al de \u00c1msterdam.<\/p>\n<p>Si se gira a la derecha hacia el centro de la ciudad en la escuela de idiomas Atlas, situada a orillas del canal, se encuentra f\u00e1cilmente el parque St. Stephen&#8217;s Green y la calle Grafton, una popular calle comercial.<\/p>\n<p>En tanto, si desde all\u00ed se decide caminar un poco m\u00e1s hacia el este se puede llegar hasta el parque Merrion Square para visitar la estatua de Oscar Wilde.<\/p>\n<p>Punto de partida: esquina del Gran Canal con la calle Clanwilliam Place. Longitud:\u00a06,5 kil\u00f3metros. Duraci\u00f3n: de 1,5 a 2 horas.<\/p>\n<h3>Informaci\u00f3n sobre Dubl\u00edn<\/h3>\n<p>Se llega con conexiones a\u00e9reas desde numerosas ciudades de Europa. La oficina de turismo Visit Dublin ofrece m\u00e1s de 20 opciones de paseos a pie y en bicicleta por la ciudad y sus alrededores en el siguiente link:\u00a0 www.visitdublin.com\/guides\/dublin-walks-and-cycles<\/p>\n<p>Para mayor informaci\u00f3n, visitar las p\u00e1ginas web www.ireland.com\u00a0 y www.visitdublin.com.<\/p>\n<p><i class=\"lang-es\"><span class=\" readonly\" title=\"\">Por Mareike Graepel (dpa)<\/span><\/i><\/p>\n","protected":false},"excerpt":{"rendered":"<p>(dpa) &#8211; Los paseos a pie viven un renacimiento gracias a la pandemia. Y como en Dubl\u00edn la urbanidad y la naturaleza est\u00e1n conectadas de forma tan impresionante, merece la pena recorrer caminando la capital de Irlanda. Cinco paseos por el rock, la poes\u00eda y los r\u00e9cords recomendables: 1. De U2 al faro El Windmill<\/p>\n","protected":false},"author":1,"featured_media":171303,"comment_status":"closed","ping_status":"closed","sticky":false,"template":"","format":"standard","meta":{"footnotes":""},"categories":[359],"tags":[412,411],"class_list":{"0":"post-171300","1":"post","2":"type-post","3":"status-publish","4":"format-standard","5":"has-post-thumbnail","7":"category-turismo","8":"tag-turismo","9":"tag-viajes"},"aioseo_notices":[],"aioseo_head":"\n\t\t<!-- All in One SEO Pro 4.9.6.2 - aioseo.com -->\n\t<meta name=\"description\" content=\"(dpa) - Los paseos a pie viven un renacimiento gracias a la pandemia. Y como en Dubl\u00edn la urbanidad y la naturaleza est\u00e1n conectadas de forma tan impresionante\" \/>\n\t<meta name=\"robots\" content=\"max-image-preview:large\" \/>\n\t<meta name=\"author\" content=\"Cand\u00e1s 365\"\/>\n\t<meta name=\"google-site-verification\" content=\"UA-32230408-1\" \/>\n\t<meta name=\"msvalidate.01\" content=\"354F3CDFB2DA171B47FBE9ABF1F88D5\" \/>\n\t<meta name=\"keywords\" content=\"turismo\" \/>\n\t<link rel=\"canonical\" href=\"https:\/\/candas365.es\/noticias\/dublin-a-pie-cinco-caminatas-por-la-capital-de-irlanda\/\" \/>\n\t<meta name=\"generator\" content=\"All in One SEO Pro (AIOSEO) 4.9.6.2\" \/>\n\t\t<meta property=\"og:locale\" content=\"es_ES\" \/>\n\t\t<meta property=\"og:site_name\" content=\"Cand\u00e1s 365\" \/>\n\t\t<meta property=\"og:type\" content=\"article\" \/>\n\t\t<meta property=\"og:title\" content=\"Dubl\u00edn a pie: cinco caminatas por la capital de Irlanda | Cand\u00e1s 365\" \/>\n\t\t<meta property=\"og:description\" content=\"(dpa) - Los paseos a pie viven un renacimiento gracias a la pandemia. Y como en Dubl\u00edn la urbanidad y la naturaleza est\u00e1n conectadas de forma tan impresionante\" \/>\n\t\t<meta property=\"og:url\" content=\"https:\/\/candas365.es\/noticias\/dublin-a-pie-cinco-caminatas-por-la-capital-de-irlanda\/\" \/>\n\t\t<meta property=\"og:image\" content=\"https:\/\/candas365.es\/noticias\/wp-content\/uploads\/2023\/01\/Dublin-1.jpg\" \/>\n\t\t<meta property=\"og:image:secure_url\" content=\"https:\/\/candas365.es\/noticias\/wp-content\/uploads\/2023\/01\/Dublin-1.jpg\" \/>\n\t\t<meta property=\"og:image:width\" content=\"1010\" \/>\n\t\t<meta property=\"og:image:height\" content=\"668\" \/>\n\t\t<meta property=\"article:published_time\" content=\"2023-01-23T17:29:53+00:00\" \/>\n\t\t<meta property=\"article:modified_time\" content=\"2023-01-23T17:29:53+00:00\" \/>\n\t\t<meta property=\"article:publisher\" content=\"https:\/\/www.facebook.com\/Nachofdezber\" \/>\n\t\t<meta property=\"article:author\" content=\"https:\/\/www.facebook.com\/carrenoactualidad\" \/>\n\t\t<meta name=\"twitter:card\" content=\"summary_large_image\" \/>\n\t\t<meta name=\"twitter:site\" content=\"@NabercoDigital\" \/>\n\t\t<meta name=\"twitter:title\" content=\"Dubl\u00edn a pie: cinco caminatas por la capital de Irlanda | Cand\u00e1s 365\" \/>\n\t\t<meta name=\"twitter:description\" content=\"(dpa) - Los paseos a pie viven un renacimiento gracias a la pandemia. Y como en Dubl\u00edn la urbanidad y la naturaleza est\u00e1n conectadas de forma tan impresionante\" \/>\n\t\t<meta name=\"twitter:creator\" content=\"@nbasturias\" \/>\n\t\t<meta name=\"twitter:image\" content=\"https:\/\/candas365.es\/noticias\/wp-content\/uploads\/2023\/01\/Dublin-1.jpg\" \/>\n\t\t<meta name=\"twitter:label1\" content=\"Escrito por\" \/>\n\t\t<meta name=\"twitter:data1\" content=\"Cand\u00e1s 365\" \/>\n\t\t<meta name=\"twitter:label2\" content=\"Tiempo de lectura estimado\" \/>\n\t\t<meta name=\"twitter:data2\" content=\"7 minutos\" \/>\n\t\t<script type=\"application\/ld+json\" class=\"aioseo-schema\">\n\t\t\t{\"@context\":\"https:\\\/\\\/schema.org\",\"@graph\":[{\"@type\":\"BreadcrumbList\",\"@id\":\"https:\\\/\\\/candas365.es\\\/noticias\\\/dublin-a-pie-cinco-caminatas-por-la-capital-de-irlanda\\\/#breadcrumblist\",\"itemListElement\":[{\"@type\":\"ListItem\",\"@id\":\"https:\\\/\\\/candas365.es\\\/noticias#listItem\",\"position\":1,\"name\":\"Home\",\"item\":\"https:\\\/\\\/candas365.es\\\/noticias\",\"nextItem\":{\"@type\":\"ListItem\",\"@id\":\"https:\\\/\\\/candas365.es\\\/noticias\\\/category\\\/turismo\\\/#listItem\",\"name\":\"Turismo\"}},{\"@type\":\"ListItem\",\"@id\":\"https:\\\/\\\/candas365.es\\\/noticias\\\/category\\\/turismo\\\/#listItem\",\"position\":2,\"name\":\"Turismo\",\"item\":\"https:\\\/\\\/candas365.es\\\/noticias\\\/category\\\/turismo\\\/\",\"nextItem\":{\"@type\":\"ListItem\",\"@id\":\"https:\\\/\\\/candas365.es\\\/noticias\\\/dublin-a-pie-cinco-caminatas-por-la-capital-de-irlanda\\\/#listItem\",\"name\":\"Dubl\\u00edn a pie: cinco caminatas por la capital de Irlanda\"},\"previousItem\":{\"@type\":\"ListItem\",\"@id\":\"https:\\\/\\\/candas365.es\\\/noticias#listItem\",\"name\":\"Home\"}},{\"@type\":\"ListItem\",\"@id\":\"https:\\\/\\\/candas365.es\\\/noticias\\\/dublin-a-pie-cinco-caminatas-por-la-capital-de-irlanda\\\/#listItem\",\"position\":3,\"name\":\"Dubl\\u00edn a pie: cinco caminatas por la capital de Irlanda\",\"previousItem\":{\"@type\":\"ListItem\",\"@id\":\"https:\\\/\\\/candas365.es\\\/noticias\\\/category\\\/turismo\\\/#listItem\",\"name\":\"Turismo\"}}]},{\"@type\":\"NewsArticle\",\"@id\":\"https:\\\/\\\/candas365.es\\\/noticias\\\/dublin-a-pie-cinco-caminatas-por-la-capital-de-irlanda\\\/#newsarticle\",\"name\":\"Dubl\\u00edn a pie: cinco caminatas por la capital de Irlanda | Cand\\u00e1s 365\",\"headline\":\"Dubl\\u00edn a pie: cinco caminatas por la capital de Irlanda\",\"author\":{\"@id\":\"https:\\\/\\\/candas365.es\\\/noticias\\\/author\\\/admin\\\/#author\"},\"publisher\":{\"@id\":\"https:\\\/\\\/candas365.es\\\/noticias\\\/#organization\"},\"image\":{\"@type\":\"ImageObject\",\"url\":\"https:\\\/\\\/candas365.es\\\/noticias\\\/wp-content\\\/uploads\\\/2023\\\/01\\\/Dublin-1.jpg\",\"width\":1010,\"height\":668,\"caption\":\"El Gran Canal comunica a Dubl\\u00edn con el interior de la isla. Foto: Frank Baumgart\\\/dpa\"},\"datePublished\":\"2023-01-23T18:29:53+01:00\",\"dateModified\":\"2023-01-23T18:29:53+01:00\",\"inLanguage\":\"es-ES\",\"mainEntityOfPage\":{\"@id\":\"https:\\\/\\\/candas365.es\\\/noticias\\\/dublin-a-pie-cinco-caminatas-por-la-capital-de-irlanda\\\/#webpage\"},\"isPartOf\":{\"@id\":\"https:\\\/\\\/candas365.es\\\/noticias\\\/dublin-a-pie-cinco-caminatas-por-la-capital-de-irlanda\\\/#webpage\"},\"articleSection\":\"Turismo, turismo, viajes\",\"dateline\":\"Publicado el enero 23, 2023.\"},{\"@type\":\"Organization\",\"@id\":\"https:\\\/\\\/candas365.es\\\/noticias\\\/#organization\",\"name\":\"Cand\\u00e1s 365\",\"description\":\"Cand\\u00e1s 365 es un diario digital independiente, fundado en 2012, con base en Asturias. Informamos con rigor sobre actualidad, sociedad, cultura y ocio, con una mirada local y global.\",\"url\":\"https:\\\/\\\/candas365.es\\\/noticias\\\/\",\"email\":\"info@candas365.es\",\"telephone\":\"+34652131393\",\"foundingDate\":\"2012-06-10\",\"logo\":{\"@type\":\"ImageObject\",\"url\":\"https:\\\/\\\/candas365.es\\\/noticias\\\/wp-content\\\/uploads\\\/2024\\\/09\\\/Candas-365-Redes.jpg\",\"@id\":\"https:\\\/\\\/candas365.es\\\/noticias\\\/dublin-a-pie-cinco-caminatas-por-la-capital-de-irlanda\\\/#organizationLogo\",\"width\":1152,\"height\":864,\"caption\":\"Cand\\u00e1s 365 Redes\"},\"image\":{\"@id\":\"https:\\\/\\\/candas365.es\\\/noticias\\\/dublin-a-pie-cinco-caminatas-por-la-capital-de-irlanda\\\/#organizationLogo\"},\"sameAs\":[\"https:\\\/\\\/www.facebook.com\\\/Nachofdezber\",\"https:\\\/\\\/x.com\\\/NabercoDigital\",\"https:\\\/\\\/www.instagram.com\\\/nachofdezber\\\/\",\"https:\\\/\\\/www.youtube.com\\\/channel\\\/UCZP-2wLEB9Rv6erhFmqVnvg\"],\"address\":{\"@id\":\"https:\\\/\\\/candas365.es\\\/noticias\\\/#postaladdress\",\"@type\":\"PostalAddress\",\"streetAddress\":\"san antonio 4, san antonio 4\",\"postalCode\":\"33430\",\"addressLocality\":\"Cand\\u00e1s\",\"addressRegion\":\"Asturias\",\"addressCountry\":\"ES\"}},{\"@type\":\"Person\",\"@id\":\"https:\\\/\\\/candas365.es\\\/noticias\\\/author\\\/admin\\\/#author\",\"url\":\"https:\\\/\\\/candas365.es\\\/noticias\\\/author\\\/admin\\\/\",\"name\":\"Cand\\u00e1s 365\",\"image\":{\"@type\":\"ImageObject\",\"@id\":\"https:\\\/\\\/candas365.es\\\/noticias\\\/dublin-a-pie-cinco-caminatas-por-la-capital-de-irlanda\\\/#authorImage\",\"url\":\"https:\\\/\\\/secure.gravatar.com\\\/avatar\\\/496a8e03d0c493ede1718b7934145dbdf8d89be1036b0eec9544e1094c9de390?s=96&d=mm&r=g\",\"width\":96,\"height\":96,\"caption\":\"Cand\\u00e1s 365\"},\"sameAs\":[\"https:\\\/\\\/www.facebook.com\\\/carrenoactualidad\",\"https:\\\/\\\/twitter.com\\\/nbasturias\",\"https:\\\/\\\/www.instagram.com\\\/nachofdezber\\\/\",\"https:\\\/\\\/www.youtube.com\\\/channel\\\/UCZP-2wLEB9Rv6erhFmqVnvg\"]},{\"@type\":\"WebPage\",\"@id\":\"https:\\\/\\\/candas365.es\\\/noticias\\\/dublin-a-pie-cinco-caminatas-por-la-capital-de-irlanda\\\/#webpage\",\"url\":\"https:\\\/\\\/candas365.es\\\/noticias\\\/dublin-a-pie-cinco-caminatas-por-la-capital-de-irlanda\\\/\",\"name\":\"Dubl\\u00edn a pie: cinco caminatas por la capital de Irlanda | Cand\\u00e1s 365\",\"description\":\"(dpa) - Los paseos a pie viven un renacimiento gracias a la pandemia. Y como en Dubl\\u00edn la urbanidad y la naturaleza est\\u00e1n conectadas de forma tan impresionante\",\"inLanguage\":\"es-ES\",\"isPartOf\":{\"@id\":\"https:\\\/\\\/candas365.es\\\/noticias\\\/#website\"},\"breadcrumb\":{\"@id\":\"https:\\\/\\\/candas365.es\\\/noticias\\\/dublin-a-pie-cinco-caminatas-por-la-capital-de-irlanda\\\/#breadcrumblist\"},\"author\":{\"@id\":\"https:\\\/\\\/candas365.es\\\/noticias\\\/author\\\/admin\\\/#author\"},\"creator\":{\"@id\":\"https:\\\/\\\/candas365.es\\\/noticias\\\/author\\\/admin\\\/#author\"},\"image\":{\"@type\":\"ImageObject\",\"url\":\"https:\\\/\\\/candas365.es\\\/noticias\\\/wp-content\\\/uploads\\\/2023\\\/01\\\/Dublin-1.jpg\",\"@id\":\"https:\\\/\\\/candas365.es\\\/noticias\\\/dublin-a-pie-cinco-caminatas-por-la-capital-de-irlanda\\\/#mainImage\",\"width\":1010,\"height\":668,\"caption\":\"El Gran Canal comunica a Dubl\\u00edn con el interior de la isla. Foto: Frank Baumgart\\\/dpa\"},\"primaryImageOfPage\":{\"@id\":\"https:\\\/\\\/candas365.es\\\/noticias\\\/dublin-a-pie-cinco-caminatas-por-la-capital-de-irlanda\\\/#mainImage\"},\"datePublished\":\"2023-01-23T18:29:53+01:00\",\"dateModified\":\"2023-01-23T18:29:53+01:00\"},{\"@type\":\"WebSite\",\"@id\":\"https:\\\/\\\/candas365.es\\\/noticias\\\/#website\",\"url\":\"https:\\\/\\\/candas365.es\\\/noticias\\\/\",\"name\":\"Cand\\u00e1s 365\",\"alternateName\":\"Cand\\u00e1s 365 Noticias\",\"description\":\"Actualidad desde Carre\\u00f1o para el mundo\",\"inLanguage\":\"es-ES\",\"publisher\":{\"@id\":\"https:\\\/\\\/candas365.es\\\/noticias\\\/#organization\"}}]}\n\t\t<\/script>\n\t\t<!-- All in One SEO Pro -->\r\n\t\t<title>Dubl\u00edn a pie: cinco caminatas por la capital de Irlanda | Cand\u00e1s 365<\/title>\n\n","aioseo_head_json":{"title":"Dubl\u00edn a pie: cinco caminatas por la capital de Irlanda | Cand\u00e1s 365","description":"(dpa) - Los paseos a pie viven un renacimiento gracias a la pandemia. Y como en Dubl\u00edn la urbanidad y la naturaleza est\u00e1n conectadas de forma tan impresionante","canonical_url":"https:\/\/candas365.es\/noticias\/dublin-a-pie-cinco-caminatas-por-la-capital-de-irlanda\/","robots":"max-image-preview:large","keywords":"turismo","webmasterTools":{"google-site-verification":"UA-32230408-1","msvalidate.01":"354F3CDFB2DA171B47FBE9ABF1F88D5","miscellaneous":""},"schema":{"@context":"https:\/\/schema.org","@graph":[{"@type":"BreadcrumbList","@id":"https:\/\/candas365.es\/noticias\/dublin-a-pie-cinco-caminatas-por-la-capital-de-irlanda\/#breadcrumblist","itemListElement":[{"@type":"ListItem","@id":"https:\/\/candas365.es\/noticias#listItem","position":1,"name":"Home","item":"https:\/\/candas365.es\/noticias","nextItem":{"@type":"ListItem","@id":"https:\/\/candas365.es\/noticias\/category\/turismo\/#listItem","name":"Turismo"}},{"@type":"ListItem","@id":"https:\/\/candas365.es\/noticias\/category\/turismo\/#listItem","position":2,"name":"Turismo","item":"https:\/\/candas365.es\/noticias\/category\/turismo\/","nextItem":{"@type":"ListItem","@id":"https:\/\/candas365.es\/noticias\/dublin-a-pie-cinco-caminatas-por-la-capital-de-irlanda\/#listItem","name":"Dubl\u00edn a pie: cinco caminatas por la capital de Irlanda"},"previousItem":{"@type":"ListItem","@id":"https:\/\/candas365.es\/noticias#listItem","name":"Home"}},{"@type":"ListItem","@id":"https:\/\/candas365.es\/noticias\/dublin-a-pie-cinco-caminatas-por-la-capital-de-irlanda\/#listItem","position":3,"name":"Dubl\u00edn a pie: cinco caminatas por la capital de Irlanda","previousItem":{"@type":"ListItem","@id":"https:\/\/candas365.es\/noticias\/category\/turismo\/#listItem","name":"Turismo"}}]},{"@type":"NewsArticle","@id":"https:\/\/candas365.es\/noticias\/dublin-a-pie-cinco-caminatas-por-la-capital-de-irlanda\/#newsarticle","name":"Dubl\u00edn a pie: cinco caminatas por la capital de Irlanda | Cand\u00e1s 365","headline":"Dubl\u00edn a pie: cinco caminatas por la capital de Irlanda","author":{"@id":"https:\/\/candas365.es\/noticias\/author\/admin\/#author"},"publisher":{"@id":"https:\/\/candas365.es\/noticias\/#organization"},"image":{"@type":"ImageObject","url":"https:\/\/candas365.es\/noticias\/wp-content\/uploads\/2023\/01\/Dublin-1.jpg","width":1010,"height":668,"caption":"El Gran Canal comunica a Dubl\u00edn con el interior de la isla. Foto: Frank Baumgart\/dpa"},"datePublished":"2023-01-23T18:29:53+01:00","dateModified":"2023-01-23T18:29:53+01:00","inLanguage":"es-ES","mainEntityOfPage":{"@id":"https:\/\/candas365.es\/noticias\/dublin-a-pie-cinco-caminatas-por-la-capital-de-irlanda\/#webpage"},"isPartOf":{"@id":"https:\/\/candas365.es\/noticias\/dublin-a-pie-cinco-caminatas-por-la-capital-de-irlanda\/#webpage"},"articleSection":"Turismo, turismo, viajes","dateline":"Publicado el enero 23, 2023."},{"@type":"Organization","@id":"https:\/\/candas365.es\/noticias\/#organization","name":"Cand\u00e1s 365","description":"Cand\u00e1s 365 es un diario digital independiente, fundado en 2012, con base en Asturias. Informamos con rigor sobre actualidad, sociedad, cultura y ocio, con una mirada local y global.","url":"https:\/\/candas365.es\/noticias\/","email":"info@candas365.es","telephone":"+34652131393","foundingDate":"2012-06-10","logo":{"@type":"ImageObject","url":"https:\/\/candas365.es\/noticias\/wp-content\/uploads\/2024\/09\/Candas-365-Redes.jpg","@id":"https:\/\/candas365.es\/noticias\/dublin-a-pie-cinco-caminatas-por-la-capital-de-irlanda\/#organizationLogo","width":1152,"height":864,"caption":"Cand\u00e1s 365 Redes"},"image":{"@id":"https:\/\/candas365.es\/noticias\/dublin-a-pie-cinco-caminatas-por-la-capital-de-irlanda\/#organizationLogo"},"sameAs":["https:\/\/www.facebook.com\/Nachofdezber","https:\/\/x.com\/NabercoDigital","https:\/\/www.instagram.com\/nachofdezber\/","https:\/\/www.youtube.com\/channel\/UCZP-2wLEB9Rv6erhFmqVnvg"],"address":{"@id":"https:\/\/candas365.es\/noticias\/#postaladdress","@type":"PostalAddress","streetAddress":"san antonio 4, san antonio 4","postalCode":"33430","addressLocality":"Cand\u00e1s","addressRegion":"Asturias","addressCountry":"ES"}},{"@type":"Person","@id":"https:\/\/candas365.es\/noticias\/author\/admin\/#author","url":"https:\/\/candas365.es\/noticias\/author\/admin\/","name":"Cand\u00e1s 365","image":{"@type":"ImageObject","@id":"https:\/\/candas365.es\/noticias\/dublin-a-pie-cinco-caminatas-por-la-capital-de-irlanda\/#authorImage","url":"https:\/\/secure.gravatar.com\/avatar\/496a8e03d0c493ede1718b7934145dbdf8d89be1036b0eec9544e1094c9de390?s=96&d=mm&r=g","width":96,"height":96,"caption":"Cand\u00e1s 365"},"sameAs":["https:\/\/www.facebook.com\/carrenoactualidad","https:\/\/twitter.com\/nbasturias","https:\/\/www.instagram.com\/nachofdezber\/","https:\/\/www.youtube.com\/channel\/UCZP-2wLEB9Rv6erhFmqVnvg"]},{"@type":"WebPage","@id":"https:\/\/candas365.es\/noticias\/dublin-a-pie-cinco-caminatas-por-la-capital-de-irlanda\/#webpage","url":"https:\/\/candas365.es\/noticias\/dublin-a-pie-cinco-caminatas-por-la-capital-de-irlanda\/","name":"Dubl\u00edn a pie: cinco caminatas por la capital de Irlanda | Cand\u00e1s 365","description":"(dpa) - Los paseos a pie viven un renacimiento gracias a la pandemia. Y como en Dubl\u00edn la urbanidad y la naturaleza est\u00e1n conectadas de forma tan impresionante","inLanguage":"es-ES","isPartOf":{"@id":"https:\/\/candas365.es\/noticias\/#website"},"breadcrumb":{"@id":"https:\/\/candas365.es\/noticias\/dublin-a-pie-cinco-caminatas-por-la-capital-de-irlanda\/#breadcrumblist"},"author":{"@id":"https:\/\/candas365.es\/noticias\/author\/admin\/#author"},"creator":{"@id":"https:\/\/candas365.es\/noticias\/author\/admin\/#author"},"image":{"@type":"ImageObject","url":"https:\/\/candas365.es\/noticias\/wp-content\/uploads\/2023\/01\/Dublin-1.jpg","@id":"https:\/\/candas365.es\/noticias\/dublin-a-pie-cinco-caminatas-por-la-capital-de-irlanda\/#mainImage","width":1010,"height":668,"caption":"El Gran Canal comunica a Dubl\u00edn con el interior de la isla. Foto: Frank Baumgart\/dpa"},"primaryImageOfPage":{"@id":"https:\/\/candas365.es\/noticias\/dublin-a-pie-cinco-caminatas-por-la-capital-de-irlanda\/#mainImage"},"datePublished":"2023-01-23T18:29:53+01:00","dateModified":"2023-01-23T18:29:53+01:00"},{"@type":"WebSite","@id":"https:\/\/candas365.es\/noticias\/#website","url":"https:\/\/candas365.es\/noticias\/","name":"Cand\u00e1s 365","alternateName":"Cand\u00e1s 365 Noticias","description":"Actualidad desde Carre\u00f1o para el mundo","inLanguage":"es-ES","publisher":{"@id":"https:\/\/candas365.es\/noticias\/#organization"}}]},"og:locale":"es_ES","og:site_name":"Cand\u00e1s 365","og:type":"article","og:title":"Dubl\u00edn a pie: cinco caminatas por la capital de Irlanda | Cand\u00e1s 365","og:description":"(dpa) - Los paseos a pie viven un renacimiento gracias a la pandemia. Y como en Dubl\u00edn la urbanidad y la naturaleza est\u00e1n conectadas de forma tan impresionante","og:url":"https:\/\/candas365.es\/noticias\/dublin-a-pie-cinco-caminatas-por-la-capital-de-irlanda\/","og:image":"https:\/\/candas365.es\/noticias\/wp-content\/uploads\/2023\/01\/Dublin-1.jpg","og:image:secure_url":"https:\/\/candas365.es\/noticias\/wp-content\/uploads\/2023\/01\/Dublin-1.jpg","og:image:width":1010,"og:image:height":668,"article:published_time":"2023-01-23T17:29:53+00:00","article:modified_time":"2023-01-23T17:29:53+00:00","article:publisher":"https:\/\/www.facebook.com\/Nachofdezber","article:author":"https:\/\/www.facebook.com\/carrenoactualidad","twitter:card":"summary_large_image","twitter:site":"@NabercoDigital","twitter:title":"Dubl\u00edn a pie: cinco caminatas por la capital de Irlanda | Cand\u00e1s 365","twitter:description":"(dpa) - Los paseos a pie viven un renacimiento gracias a la pandemia. Y como en Dubl\u00edn la urbanidad y la naturaleza est\u00e1n conectadas de forma tan impresionante","twitter:creator":"@nbasturias","twitter:image":"https:\/\/candas365.es\/noticias\/wp-content\/uploads\/2023\/01\/Dublin-1.jpg","twitter:label1":"Escrito por","twitter:data1":"Cand\u00e1s 365","twitter:label2":"Tiempo de lectura estimado","twitter:data2":"7 minutos"},"aioseo_meta_data":{"post_id":"171300","title":null,"description":"(dpa) - Los paseos a pie viven un renacimiento gracias a la pandemia. Y como en Dubl\u00edn la urbanidad y la naturaleza est\u00e1n conectadas de forma tan impresionante","keywords":[],"keyphrases":{"focus":{"keyphrase":"Dubl\u00edn","score":83,"analysis":{"keyphraseInTitle":{"score":9,"maxScore":9,"error":0},"keyphraseInDescription":{"score":9,"maxScore":9,"error":0},"keyphraseLength":{"score":9,"maxScore":9,"error":0,"length":1},"keyphraseInURL":{"score":1,"maxScore":5,"error":1},"keyphraseInIntroduction":{"score":9,"maxScore":9,"error":0},"keyphraseInSubHeadings":{"score":3,"maxScore":9,"error":1},"keyphraseInImageAlt":{"score":9,"maxScore":9,"error":0}}},"additional":[{"keyphrase":"Dubl\u00edn","score":100,"analysis":{"keyphraseInDescription":{"score":9,"maxScore":9,"error":0},"keyphraseLength":{"score":9,"maxScore":9,"error":0,"length":1},"keyphraseInIntroduction":{"score":9,"maxScore":9,"error":0},"keyphraseInImageAlt":{"score":9,"maxScore":9,"error":0}}},{"keyphrase":"paseos a pie","score":83,"analysis":{"keyphraseInDescription":{"score":9,"maxScore":9,"error":0},"keyphraseLength":{"score":9,"maxScore":9,"error":0,"length":3},"keyphraseInIntroduction":{"score":9,"maxScore":9,"error":0},"keyphraseInImageAlt":{"score":3,"maxScore":9,"error":1}}},{"keyphrase":"paseos","score":83,"analysis":{"keyphraseInDescription":{"score":9,"maxScore":9,"error":0},"keyphraseLength":{"score":9,"maxScore":9,"error":0,"length":1},"keyphraseInIntroduction":{"score":9,"maxScore":9,"error":0},"keyphraseInImageAlt":{"score":3,"maxScore":9,"error":1}}}]},"primary_term":null,"canonical_url":null,"og_title":null,"og_description":null,"og_object_type":"default","og_image_type":"default","og_image_url":null,"og_image_width":null,"og_image_height":null,"og_image_custom_url":null,"og_image_custom_fields":null,"og_video":"","og_custom_url":null,"og_article_section":null,"og_article_tags":[],"twitter_use_og":false,"twitter_card":"default","twitter_image_type":"default","twitter_image_url":null,"twitter_image_custom_url":null,"twitter_image_custom_fields":null,"twitter_title":null,"twitter_description":null,"schema":{"blockGraphs":[],"customGraphs":[],"default":{"data":{"Article":[],"Course":[],"Dataset":[],"FAQPage":[],"Movie":[],"Person":[],"Product":[],"ProductReview":[],"Car":[],"Recipe":[],"Service":[],"SoftwareApplication":[],"WebPage":[]},"graphName":"Article","isEnabled":true},"graphs":[]},"schema_type":"default","schema_type_options":null,"pillar_content":false,"robots_default":true,"robots_noindex":false,"robots_noarchive":false,"robots_nosnippet":false,"robots_nofollow":false,"robots_noimageindex":false,"robots_noodp":false,"robots_notranslate":false,"robots_max_snippet":"-1","robots_max_videopreview":"-1","robots_max_imagepreview":"large","priority":null,"frequency":"default","location":null,"local_seo":null,"seo_analyzer_scan_date":"2025-09-01 18:23:50","breadcrumb_settings":null,"limit_modified_date":false,"reviewed_by":null,"open_ai":null,"ai":null,"created":"2023-01-23 17:17:57","updated":"2025-09-01 18:23:50"},"aioseo_breadcrumb":"<div class=\"aioseo-breadcrumbs\"><span class=\"aioseo-breadcrumb\">\n\t<a href=\"https:\/\/candas365.es\/noticias\" title=\"Home\">Home<\/a>\n<\/span><span class=\"aioseo-breadcrumb-separator\">&ndash;<\/span><span class=\"aioseo-breadcrumb\">\n\t<a href=\"https:\/\/candas365.es\/noticias\/category\/turismo\/\" title=\"Turismo\">Turismo<\/a>\n<\/span><span class=\"aioseo-breadcrumb-separator\">&ndash;<\/span><span class=\"aioseo-breadcrumb\">\n\tDubl\u00edn a pie: cinco caminatas por la capital de Irlanda\n<\/span><\/div>","aioseo_breadcrumb_json":[{"label":"Home","link":"https:\/\/candas365.es\/noticias"},{"label":"Turismo","link":"https:\/\/candas365.es\/noticias\/category\/turismo\/"},{"label":"Dubl\u00edn a pie: cinco caminatas por la capital de Irlanda","link":"https:\/\/candas365.es\/noticias\/dublin-a-pie-cinco-caminatas-por-la-capital-de-irlanda\/"}],"_links":{"self":[{"href":"https:\/\/candas365.es\/noticias\/wp-json\/wp\/v2\/posts\/171300","targetHints":{"allow":["GET"]}}],"collection":[{"href":"https:\/\/candas365.es\/noticias\/wp-json\/wp\/v2\/posts"}],"about":[{"href":"https:\/\/candas365.es\/noticias\/wp-json\/wp\/v2\/types\/post"}],"author":[{"embeddable":true,"href":"https:\/\/candas365.es\/noticias\/wp-json\/wp\/v2\/users\/1"}],"replies":[{"embeddable":true,"href":"https:\/\/candas365.es\/noticias\/wp-json\/wp\/v2\/comments?post=171300"}],"version-history":[{"count":0,"href":"https:\/\/candas365.es\/noticias\/wp-json\/wp\/v2\/posts\/171300\/revisions"}],"wp:featuredmedia":[{"embeddable":true,"href":"https:\/\/candas365.es\/noticias\/wp-json\/wp\/v2\/media\/171303"}],"wp:attachment":[{"href":"https:\/\/candas365.es\/noticias\/wp-json\/wp\/v2\/media?parent=171300"}],"wp:term":[{"taxonomy":"category","embeddable":true,"href":"https:\/\/candas365.es\/noticias\/wp-json\/wp\/v2\/categories?post=171300"},{"taxonomy":"post_tag","embeddable":true,"href":"https:\/\/candas365.es\/noticias\/wp-json\/wp\/v2\/tags?post=171300"}],"curies":[{"name":"wp","href":"https:\/\/api.w.org\/{rel}","templated":true}]}}