{"id":171265,"date":"2023-01-22T21:21:59","date_gmt":"2023-01-22T20:21:59","guid":{"rendered":"https:\/\/candas365.es\/noticias\/?p=171265"},"modified":"2023-01-22T21:21:59","modified_gmt":"2023-01-22T20:21:59","slug":"varios-detenidos-por-una-rina-tumultuaria-en-palma-de-mallorca","status":"publish","type":"post","link":"https:\/\/candas365.es\/noticias\/varios-detenidos-por-una-rina-tumultuaria-en-palma-de-mallorca\/","title":{"rendered":"Varios detenidos por una \u00abri\u00f1a tumultuaria\u00bb en Palma de Mallorca"},"content":{"rendered":"<p>(EP) &#8211; La Polic\u00eda Nacional ha detenido a tres j\u00f3venes, dos hombres, de origen espa\u00f1ol y brasile\u00f1o, de 22 y 19 a\u00f1os de edad, y un menor de edad, como presuntos autores de un <a href=\"https:\/\/candas365.es\/noticias\/category\/sucesos\/\"><span style=\"color: #ff6600;\"><strong>delito de ri\u00f1a tumultuaria<\/strong><\/span><\/a>, con lanzamientos de sillas y armas blancas, en Palma.<\/p>\n<figure id=\"attachment_171266\" aria-describedby=\"caption-attachment-171266\" style=\"width: 650px\" class=\"wp-caption aligncenter\"><img fetchpriority=\"high\" decoding=\"async\" class=\"wp-image-171266 size-large\" src=\"https:\/\/candas365.es\/noticias\/wp-content\/uploads\/2023\/01\/detenido-1-650x398.jpg\" alt=\"detenido\" width=\"650\" height=\"398\" srcset=\"https:\/\/candas365.es\/noticias\/wp-content\/uploads\/2023\/01\/detenido-1-650x398.jpg 650w, https:\/\/candas365.es\/noticias\/wp-content\/uploads\/2023\/01\/detenido-1-360x220.jpg 360w, https:\/\/candas365.es\/noticias\/wp-content\/uploads\/2023\/01\/detenido-1-768x470.jpg 768w, https:\/\/candas365.es\/noticias\/wp-content\/uploads\/2023\/01\/detenido-1-150x92.jpg 150w, https:\/\/candas365.es\/noticias\/wp-content\/uploads\/2023\/01\/detenido-1-450x275.jpg 450w, https:\/\/candas365.es\/noticias\/wp-content\/uploads\/2023\/01\/detenido-1.jpg 1075w\" sizes=\"(max-width: 650px) 100vw, 650px\" \/><figcaption id=\"caption-attachment-171266\" class=\"wp-caption-text\">Foto: POLIC\u00cdA NACIONAL \/ Europa Press<\/figcaption><\/figure>\n<p>Seg\u00fan ha informado la Polic\u00eda en una nota de prensa, agentes del Cuerpo Nacional detuvieron el pasado jueves a dos varones, de origen espa\u00f1ol y brasile\u00f1o, de 22 y 19 a\u00f1os de edad, y a un menor de edad, como presuntos autores de un delito de ri\u00f1a tumultuaria ocurrida en la plaza de Espa\u00f1a, donde un grupo de j\u00f3venes acometi\u00f3 a otro grupo, llegando un chico a ser apu\u00f1alado sufriendo una herida de arma blanca en el abdomen que requiri\u00f3 puntos de sutura.<\/p>\n<p>A su vez, los agentes identificaron a un menor inimputable, de menos de 14 a\u00f1os, como presunto autor del apu\u00f1alamiento, por lo que se dio cuenta a Fiscal\u00eda de Menores, al no poder proceder a su detenci\u00f3n y requerir actuaciones de protecci\u00f3n hacia el mismo.<\/p>\n<p>Los hechos ocurrieron en la noche del pasado 2 de enero, en la plaza de Espa\u00f1a, cuando un grupo de j\u00f3venes comenz\u00f3 a tirar petardos cerca de otro grupo de personas, recrimin\u00e1ndoles un chico los hechos y pidi\u00e9ndoles que dejaran de tirarles petardos.<\/p>\n<p>El grupo de j\u00f3venes que arrojaba los petardos respondi\u00f3 con fuerte agresividad hacia el chico y sus acompa\u00f1antes, tir\u00e1ndoles sillas de un establecimiento y golpe\u00e1ndoles con patadas y pu\u00f1etazos, llegando a mostrar uno de ellos un cuchillo de cocina que llevaba en el interior de una de sus mangas.<\/p>\n<p>En un momento un joven perteneciente al grupo agresor hizo uso de un arma blanca y asest\u00f3 una pu\u00f1alada en el abdomen al chico que les hab\u00eda recriminado el lanzamiento de petardos, comenzando a sangrar por la zona.<\/p>\n<p>Al lugar acudieron varias patrullas de seguridad ciudadana de la Polic\u00eda Nacional que auxili\u00f3 al herido y recab\u00f3 informaci\u00f3n, llevando a cabo una batida por las inmediaciones ya que los agresores huyeron del lugar instantes despu\u00e9s de la agresi\u00f3n.<\/p>\n<p>El grupo de Polic\u00eda Judicial de la comisar\u00eda de distrito Centro de la Polic\u00eda Nacional realiz\u00f3 la investigaci\u00f3n, logrando identificar a los integrantes del grupo agresor, procediendo el pasado jueves a la detenci\u00f3n de tres j\u00f3venes en la barriada de Santa Catalina, en dos locales diferentes, siendo dos establecimientos ocupados, como presuntos autores de un delito de ri\u00f1a tumultuaria.<\/p>\n<p>Los agentes identificaron al presunto autor del apu\u00f1alamiento, trat\u00e1ndose de un menor de menos de 14 a\u00f1os y con el que se han llevado a cabo actuaciones de protecci\u00f3n al ser inimputable, dando cuenta de los hechos a la Fiscal\u00eda de Menores.<\/p>\n<p>La investigaci\u00f3n sigue abierta a la espera de la detenci\u00f3n del resto de los miembros del grupo que ya han sido identificados.<\/p>\n","protected":false},"excerpt":{"rendered":"<p>(EP) &#8211; La Polic\u00eda Nacional ha detenido a tres j\u00f3venes, dos hombres, de origen espa\u00f1ol y brasile\u00f1o, de 22 y 19 a\u00f1os de edad, y un menor de edad, como presuntos autores de un delito de ri\u00f1a tumultuaria, con lanzamientos de sillas y armas blancas, en Palma. Seg\u00fan ha informado la Polic\u00eda en una nota<\/p>\n","protected":false},"author":1,"featured_media":171266,"comment_status":"closed","ping_status":"closed","sticky":false,"template":"","format":"standard","meta":{"footnotes":""},"categories":[487],"tags":[391],"class_list":{"0":"post-171265","1":"post","2":"type-post","3":"status-publish","4":"format-standard","5":"has-post-thumbnail","7":"category-sucesos","8":"tag-sucesos"},"aioseo_notices":[],"aioseo_head":"\n\t\t<!-- All in One SEO Pro 4.9.6.2 - aioseo.com -->\n\t<meta name=\"description\" content=\"(EP) - La Polic\u00eda Nacional ha detenido a tres j\u00f3venes, dos hombres, de origen espa\u00f1ol y brasile\u00f1o, de 22 y 19 a\u00f1os de edad, y un menor de edad\" \/>\n\t<meta name=\"robots\" content=\"max-image-preview:large\" \/>\n\t<meta name=\"author\" content=\"Cand\u00e1s 365\"\/>\n\t<meta name=\"google-site-verification\" content=\"UA-32230408-1\" \/>\n\t<meta name=\"msvalidate.01\" content=\"354F3CDFB2DA171B47FBE9ABF1F88D5\" \/>\n\t<meta name=\"keywords\" content=\"sucesos\" \/>\n\t<link rel=\"canonical\" href=\"https:\/\/candas365.es\/noticias\/varios-detenidos-por-una-rina-tumultuaria-en-palma-de-mallorca\/\" \/>\n\t<meta name=\"generator\" content=\"All in One SEO Pro (AIOSEO) 4.9.6.2\" \/>\n\t\t<meta property=\"og:locale\" content=\"es_ES\" \/>\n\t\t<meta property=\"og:site_name\" content=\"Cand\u00e1s 365\" \/>\n\t\t<meta property=\"og:type\" content=\"article\" \/>\n\t\t<meta property=\"og:title\" content=\"Varios detenidos por una \u00abri\u00f1a tumultuaria\u00bb en Palma de Mallorca | Cand\u00e1s 365\" \/>\n\t\t<meta property=\"og:description\" content=\"(EP) - La Polic\u00eda Nacional ha detenido a tres j\u00f3venes, dos hombres, de origen espa\u00f1ol y brasile\u00f1o, de 22 y 19 a\u00f1os de edad, y un menor de edad\" \/>\n\t\t<meta property=\"og:url\" content=\"https:\/\/candas365.es\/noticias\/varios-detenidos-por-una-rina-tumultuaria-en-palma-de-mallorca\/\" \/>\n\t\t<meta property=\"og:image\" content=\"https:\/\/candas365.es\/noticias\/wp-content\/uploads\/2023\/01\/detenido-1.jpg\" \/>\n\t\t<meta property=\"og:image:secure_url\" content=\"https:\/\/candas365.es\/noticias\/wp-content\/uploads\/2023\/01\/detenido-1.jpg\" \/>\n\t\t<meta property=\"og:image:width\" content=\"1075\" \/>\n\t\t<meta property=\"og:image:height\" content=\"658\" \/>\n\t\t<meta property=\"article:published_time\" content=\"2023-01-22T20:21:59+00:00\" \/>\n\t\t<meta property=\"article:modified_time\" content=\"2023-01-22T20:21:59+00:00\" \/>\n\t\t<meta property=\"article:publisher\" content=\"https:\/\/www.facebook.com\/Nachofdezber\" \/>\n\t\t<meta property=\"article:author\" content=\"https:\/\/www.facebook.com\/carrenoactualidad\" \/>\n\t\t<meta name=\"twitter:card\" content=\"summary_large_image\" \/>\n\t\t<meta name=\"twitter:site\" content=\"@NabercoDigital\" \/>\n\t\t<meta name=\"twitter:title\" content=\"Varios detenidos por una \u00abri\u00f1a tumultuaria\u00bb en Palma de Mallorca | Cand\u00e1s 365\" \/>\n\t\t<meta name=\"twitter:description\" content=\"(EP) - La Polic\u00eda Nacional ha detenido a tres j\u00f3venes, dos hombres, de origen espa\u00f1ol y brasile\u00f1o, de 22 y 19 a\u00f1os de edad, y un menor de edad\" \/>\n\t\t<meta name=\"twitter:creator\" content=\"@nbasturias\" \/>\n\t\t<meta name=\"twitter:image\" content=\"https:\/\/candas365.es\/noticias\/wp-content\/uploads\/2023\/01\/detenido-1.jpg\" \/>\n\t\t<meta name=\"twitter:label1\" content=\"Escrito por\" \/>\n\t\t<meta name=\"twitter:data1\" content=\"Cand\u00e1s 365\" \/>\n\t\t<meta name=\"twitter:label2\" content=\"Tiempo de lectura estimado\" \/>\n\t\t<meta name=\"twitter:data2\" content=\"3 minutos\" \/>\n\t\t<script type=\"application\/ld+json\" class=\"aioseo-schema\">\n\t\t\t{\"@context\":\"https:\\\/\\\/schema.org\",\"@graph\":[{\"@type\":\"BreadcrumbList\",\"@id\":\"https:\\\/\\\/candas365.es\\\/noticias\\\/varios-detenidos-por-una-rina-tumultuaria-en-palma-de-mallorca\\\/#breadcrumblist\",\"itemListElement\":[{\"@type\":\"ListItem\",\"@id\":\"https:\\\/\\\/candas365.es\\\/noticias#listItem\",\"position\":1,\"name\":\"Home\",\"item\":\"https:\\\/\\\/candas365.es\\\/noticias\",\"nextItem\":{\"@type\":\"ListItem\",\"@id\":\"https:\\\/\\\/candas365.es\\\/noticias\\\/category\\\/sucesos\\\/#listItem\",\"name\":\"Sucesos\"}},{\"@type\":\"ListItem\",\"@id\":\"https:\\\/\\\/candas365.es\\\/noticias\\\/category\\\/sucesos\\\/#listItem\",\"position\":2,\"name\":\"Sucesos\",\"item\":\"https:\\\/\\\/candas365.es\\\/noticias\\\/category\\\/sucesos\\\/\",\"nextItem\":{\"@type\":\"ListItem\",\"@id\":\"https:\\\/\\\/candas365.es\\\/noticias\\\/varios-detenidos-por-una-rina-tumultuaria-en-palma-de-mallorca\\\/#listItem\",\"name\":\"Varios detenidos por una \\u00abri\\u00f1a tumultuaria\\u00bb en Palma de Mallorca\"},\"previousItem\":{\"@type\":\"ListItem\",\"@id\":\"https:\\\/\\\/candas365.es\\\/noticias#listItem\",\"name\":\"Home\"}},{\"@type\":\"ListItem\",\"@id\":\"https:\\\/\\\/candas365.es\\\/noticias\\\/varios-detenidos-por-una-rina-tumultuaria-en-palma-de-mallorca\\\/#listItem\",\"position\":3,\"name\":\"Varios detenidos por una \\u00abri\\u00f1a tumultuaria\\u00bb en Palma de Mallorca\",\"previousItem\":{\"@type\":\"ListItem\",\"@id\":\"https:\\\/\\\/candas365.es\\\/noticias\\\/category\\\/sucesos\\\/#listItem\",\"name\":\"Sucesos\"}}]},{\"@type\":\"NewsArticle\",\"@id\":\"https:\\\/\\\/candas365.es\\\/noticias\\\/varios-detenidos-por-una-rina-tumultuaria-en-palma-de-mallorca\\\/#newsarticle\",\"name\":\"Varios detenidos por una \\u00abri\\u00f1a tumultuaria\\u00bb en Palma de Mallorca | Cand\\u00e1s 365\",\"headline\":\"Varios detenidos por una \\u00abri\\u00f1a tumultuaria\\u00bb en Palma de Mallorca\",\"author\":{\"@id\":\"https:\\\/\\\/candas365.es\\\/noticias\\\/author\\\/admin\\\/#author\"},\"publisher\":{\"@id\":\"https:\\\/\\\/candas365.es\\\/noticias\\\/#organization\"},\"image\":{\"@type\":\"ImageObject\",\"url\":\"https:\\\/\\\/candas365.es\\\/noticias\\\/wp-content\\\/uploads\\\/2023\\\/01\\\/detenido-1.jpg\",\"width\":1075,\"height\":658,\"caption\":\"Foto: POLIC\\u00cdA NACIONAL \\\/ Europa Press\"},\"datePublished\":\"2023-01-22T21:21:59+01:00\",\"dateModified\":\"2023-01-22T21:21:59+01:00\",\"inLanguage\":\"es-ES\",\"mainEntityOfPage\":{\"@id\":\"https:\\\/\\\/candas365.es\\\/noticias\\\/varios-detenidos-por-una-rina-tumultuaria-en-palma-de-mallorca\\\/#webpage\"},\"isPartOf\":{\"@id\":\"https:\\\/\\\/candas365.es\\\/noticias\\\/varios-detenidos-por-una-rina-tumultuaria-en-palma-de-mallorca\\\/#webpage\"},\"articleSection\":\"Sucesos, sucesos\",\"dateline\":\"Publicado el enero 22, 2023.\"},{\"@type\":\"Organization\",\"@id\":\"https:\\\/\\\/candas365.es\\\/noticias\\\/#organization\",\"name\":\"Cand\\u00e1s 365\",\"description\":\"Cand\\u00e1s 365 es un diario digital independiente, fundado en 2012, con base en Asturias. Informamos con rigor sobre actualidad, sociedad, cultura y ocio, con una mirada local y global.\",\"url\":\"https:\\\/\\\/candas365.es\\\/noticias\\\/\",\"email\":\"info@candas365.es\",\"telephone\":\"+34652131393\",\"foundingDate\":\"2012-06-10\",\"logo\":{\"@type\":\"ImageObject\",\"url\":\"https:\\\/\\\/candas365.es\\\/noticias\\\/wp-content\\\/uploads\\\/2024\\\/09\\\/Candas-365-Redes.jpg\",\"@id\":\"https:\\\/\\\/candas365.es\\\/noticias\\\/varios-detenidos-por-una-rina-tumultuaria-en-palma-de-mallorca\\\/#organizationLogo\",\"width\":1152,\"height\":864,\"caption\":\"Cand\\u00e1s 365 Redes\"},\"image\":{\"@id\":\"https:\\\/\\\/candas365.es\\\/noticias\\\/varios-detenidos-por-una-rina-tumultuaria-en-palma-de-mallorca\\\/#organizationLogo\"},\"sameAs\":[\"https:\\\/\\\/www.facebook.com\\\/Nachofdezber\",\"https:\\\/\\\/x.com\\\/NabercoDigital\",\"https:\\\/\\\/www.instagram.com\\\/nachofdezber\\\/\",\"https:\\\/\\\/www.youtube.com\\\/channel\\\/UCZP-2wLEB9Rv6erhFmqVnvg\"],\"address\":{\"@id\":\"https:\\\/\\\/candas365.es\\\/noticias\\\/#postaladdress\",\"@type\":\"PostalAddress\",\"streetAddress\":\"san antonio 4, san antonio 4\",\"postalCode\":\"33430\",\"addressLocality\":\"Cand\\u00e1s\",\"addressRegion\":\"Asturias\",\"addressCountry\":\"ES\"}},{\"@type\":\"Person\",\"@id\":\"https:\\\/\\\/candas365.es\\\/noticias\\\/author\\\/admin\\\/#author\",\"url\":\"https:\\\/\\\/candas365.es\\\/noticias\\\/author\\\/admin\\\/\",\"name\":\"Cand\\u00e1s 365\",\"image\":{\"@type\":\"ImageObject\",\"@id\":\"https:\\\/\\\/candas365.es\\\/noticias\\\/varios-detenidos-por-una-rina-tumultuaria-en-palma-de-mallorca\\\/#authorImage\",\"url\":\"https:\\\/\\\/secure.gravatar.com\\\/avatar\\\/496a8e03d0c493ede1718b7934145dbdf8d89be1036b0eec9544e1094c9de390?s=96&d=mm&r=g\",\"width\":96,\"height\":96,\"caption\":\"Cand\\u00e1s 365\"},\"sameAs\":[\"https:\\\/\\\/www.facebook.com\\\/carrenoactualidad\",\"https:\\\/\\\/twitter.com\\\/nbasturias\",\"https:\\\/\\\/www.instagram.com\\\/nachofdezber\\\/\",\"https:\\\/\\\/www.youtube.com\\\/channel\\\/UCZP-2wLEB9Rv6erhFmqVnvg\"]},{\"@type\":\"WebPage\",\"@id\":\"https:\\\/\\\/candas365.es\\\/noticias\\\/varios-detenidos-por-una-rina-tumultuaria-en-palma-de-mallorca\\\/#webpage\",\"url\":\"https:\\\/\\\/candas365.es\\\/noticias\\\/varios-detenidos-por-una-rina-tumultuaria-en-palma-de-mallorca\\\/\",\"name\":\"Varios detenidos por una \\u00abri\\u00f1a tumultuaria\\u00bb en Palma de Mallorca | Cand\\u00e1s 365\",\"description\":\"(EP) - La Polic\\u00eda Nacional ha detenido a tres j\\u00f3venes, dos hombres, de origen espa\\u00f1ol y brasile\\u00f1o, de 22 y 19 a\\u00f1os de edad, y un menor de edad\",\"inLanguage\":\"es-ES\",\"isPartOf\":{\"@id\":\"https:\\\/\\\/candas365.es\\\/noticias\\\/#website\"},\"breadcrumb\":{\"@id\":\"https:\\\/\\\/candas365.es\\\/noticias\\\/varios-detenidos-por-una-rina-tumultuaria-en-palma-de-mallorca\\\/#breadcrumblist\"},\"author\":{\"@id\":\"https:\\\/\\\/candas365.es\\\/noticias\\\/author\\\/admin\\\/#author\"},\"creator\":{\"@id\":\"https:\\\/\\\/candas365.es\\\/noticias\\\/author\\\/admin\\\/#author\"},\"image\":{\"@type\":\"ImageObject\",\"url\":\"https:\\\/\\\/candas365.es\\\/noticias\\\/wp-content\\\/uploads\\\/2023\\\/01\\\/detenido-1.jpg\",\"@id\":\"https:\\\/\\\/candas365.es\\\/noticias\\\/varios-detenidos-por-una-rina-tumultuaria-en-palma-de-mallorca\\\/#mainImage\",\"width\":1075,\"height\":658,\"caption\":\"Foto: POLIC\\u00cdA NACIONAL \\\/ Europa Press\"},\"primaryImageOfPage\":{\"@id\":\"https:\\\/\\\/candas365.es\\\/noticias\\\/varios-detenidos-por-una-rina-tumultuaria-en-palma-de-mallorca\\\/#mainImage\"},\"datePublished\":\"2023-01-22T21:21:59+01:00\",\"dateModified\":\"2023-01-22T21:21:59+01:00\"},{\"@type\":\"WebSite\",\"@id\":\"https:\\\/\\\/candas365.es\\\/noticias\\\/#website\",\"url\":\"https:\\\/\\\/candas365.es\\\/noticias\\\/\",\"name\":\"Cand\\u00e1s 365\",\"alternateName\":\"Cand\\u00e1s 365 Noticias\",\"description\":\"Actualidad desde Carre\\u00f1o para el mundo\",\"inLanguage\":\"es-ES\",\"publisher\":{\"@id\":\"https:\\\/\\\/candas365.es\\\/noticias\\\/#organization\"}}]}\n\t\t<\/script>\n\t\t<!-- All in One SEO Pro -->\r\n\t\t<title>Varios detenidos por una \u00abri\u00f1a tumultuaria\u00bb en Palma de Mallorca | Cand\u00e1s 365<\/title>\n\n","aioseo_head_json":{"title":"Varios detenidos por una \u00abri\u00f1a tumultuaria\u00bb en Palma de Mallorca | Cand\u00e1s 365","description":"(EP) - La Polic\u00eda Nacional ha detenido a tres j\u00f3venes, dos hombres, de origen espa\u00f1ol y brasile\u00f1o, de 22 y 19 a\u00f1os de edad, y un menor de edad","canonical_url":"https:\/\/candas365.es\/noticias\/varios-detenidos-por-una-rina-tumultuaria-en-palma-de-mallorca\/","robots":"max-image-preview:large","keywords":"sucesos","webmasterTools":{"google-site-verification":"UA-32230408-1","msvalidate.01":"354F3CDFB2DA171B47FBE9ABF1F88D5","miscellaneous":""},"schema":{"@context":"https:\/\/schema.org","@graph":[{"@type":"BreadcrumbList","@id":"https:\/\/candas365.es\/noticias\/varios-detenidos-por-una-rina-tumultuaria-en-palma-de-mallorca\/#breadcrumblist","itemListElement":[{"@type":"ListItem","@id":"https:\/\/candas365.es\/noticias#listItem","position":1,"name":"Home","item":"https:\/\/candas365.es\/noticias","nextItem":{"@type":"ListItem","@id":"https:\/\/candas365.es\/noticias\/category\/sucesos\/#listItem","name":"Sucesos"}},{"@type":"ListItem","@id":"https:\/\/candas365.es\/noticias\/category\/sucesos\/#listItem","position":2,"name":"Sucesos","item":"https:\/\/candas365.es\/noticias\/category\/sucesos\/","nextItem":{"@type":"ListItem","@id":"https:\/\/candas365.es\/noticias\/varios-detenidos-por-una-rina-tumultuaria-en-palma-de-mallorca\/#listItem","name":"Varios detenidos por una \u00abri\u00f1a tumultuaria\u00bb en Palma de Mallorca"},"previousItem":{"@type":"ListItem","@id":"https:\/\/candas365.es\/noticias#listItem","name":"Home"}},{"@type":"ListItem","@id":"https:\/\/candas365.es\/noticias\/varios-detenidos-por-una-rina-tumultuaria-en-palma-de-mallorca\/#listItem","position":3,"name":"Varios detenidos por una \u00abri\u00f1a tumultuaria\u00bb en Palma de Mallorca","previousItem":{"@type":"ListItem","@id":"https:\/\/candas365.es\/noticias\/category\/sucesos\/#listItem","name":"Sucesos"}}]},{"@type":"NewsArticle","@id":"https:\/\/candas365.es\/noticias\/varios-detenidos-por-una-rina-tumultuaria-en-palma-de-mallorca\/#newsarticle","name":"Varios detenidos por una \u00abri\u00f1a tumultuaria\u00bb en Palma de Mallorca | Cand\u00e1s 365","headline":"Varios detenidos por una \u00abri\u00f1a tumultuaria\u00bb en Palma de Mallorca","author":{"@id":"https:\/\/candas365.es\/noticias\/author\/admin\/#author"},"publisher":{"@id":"https:\/\/candas365.es\/noticias\/#organization"},"image":{"@type":"ImageObject","url":"https:\/\/candas365.es\/noticias\/wp-content\/uploads\/2023\/01\/detenido-1.jpg","width":1075,"height":658,"caption":"Foto: POLIC\u00cdA NACIONAL \/ Europa Press"},"datePublished":"2023-01-22T21:21:59+01:00","dateModified":"2023-01-22T21:21:59+01:00","inLanguage":"es-ES","mainEntityOfPage":{"@id":"https:\/\/candas365.es\/noticias\/varios-detenidos-por-una-rina-tumultuaria-en-palma-de-mallorca\/#webpage"},"isPartOf":{"@id":"https:\/\/candas365.es\/noticias\/varios-detenidos-por-una-rina-tumultuaria-en-palma-de-mallorca\/#webpage"},"articleSection":"Sucesos, sucesos","dateline":"Publicado el enero 22, 2023."},{"@type":"Organization","@id":"https:\/\/candas365.es\/noticias\/#organization","name":"Cand\u00e1s 365","description":"Cand\u00e1s 365 es un diario digital independiente, fundado en 2012, con base en Asturias. Informamos con rigor sobre actualidad, sociedad, cultura y ocio, con una mirada local y global.","url":"https:\/\/candas365.es\/noticias\/","email":"info@candas365.es","telephone":"+34652131393","foundingDate":"2012-06-10","logo":{"@type":"ImageObject","url":"https:\/\/candas365.es\/noticias\/wp-content\/uploads\/2024\/09\/Candas-365-Redes.jpg","@id":"https:\/\/candas365.es\/noticias\/varios-detenidos-por-una-rina-tumultuaria-en-palma-de-mallorca\/#organizationLogo","width":1152,"height":864,"caption":"Cand\u00e1s 365 Redes"},"image":{"@id":"https:\/\/candas365.es\/noticias\/varios-detenidos-por-una-rina-tumultuaria-en-palma-de-mallorca\/#organizationLogo"},"sameAs":["https:\/\/www.facebook.com\/Nachofdezber","https:\/\/x.com\/NabercoDigital","https:\/\/www.instagram.com\/nachofdezber\/","https:\/\/www.youtube.com\/channel\/UCZP-2wLEB9Rv6erhFmqVnvg"],"address":{"@id":"https:\/\/candas365.es\/noticias\/#postaladdress","@type":"PostalAddress","streetAddress":"san antonio 4, san antonio 4","postalCode":"33430","addressLocality":"Cand\u00e1s","addressRegion":"Asturias","addressCountry":"ES"}},{"@type":"Person","@id":"https:\/\/candas365.es\/noticias\/author\/admin\/#author","url":"https:\/\/candas365.es\/noticias\/author\/admin\/","name":"Cand\u00e1s 365","image":{"@type":"ImageObject","@id":"https:\/\/candas365.es\/noticias\/varios-detenidos-por-una-rina-tumultuaria-en-palma-de-mallorca\/#authorImage","url":"https:\/\/secure.gravatar.com\/avatar\/496a8e03d0c493ede1718b7934145dbdf8d89be1036b0eec9544e1094c9de390?s=96&d=mm&r=g","width":96,"height":96,"caption":"Cand\u00e1s 365"},"sameAs":["https:\/\/www.facebook.com\/carrenoactualidad","https:\/\/twitter.com\/nbasturias","https:\/\/www.instagram.com\/nachofdezber\/","https:\/\/www.youtube.com\/channel\/UCZP-2wLEB9Rv6erhFmqVnvg"]},{"@type":"WebPage","@id":"https:\/\/candas365.es\/noticias\/varios-detenidos-por-una-rina-tumultuaria-en-palma-de-mallorca\/#webpage","url":"https:\/\/candas365.es\/noticias\/varios-detenidos-por-una-rina-tumultuaria-en-palma-de-mallorca\/","name":"Varios detenidos por una \u00abri\u00f1a tumultuaria\u00bb en Palma de Mallorca | Cand\u00e1s 365","description":"(EP) - La Polic\u00eda Nacional ha detenido a tres j\u00f3venes, dos hombres, de origen espa\u00f1ol y brasile\u00f1o, de 22 y 19 a\u00f1os de edad, y un menor de edad","inLanguage":"es-ES","isPartOf":{"@id":"https:\/\/candas365.es\/noticias\/#website"},"breadcrumb":{"@id":"https:\/\/candas365.es\/noticias\/varios-detenidos-por-una-rina-tumultuaria-en-palma-de-mallorca\/#breadcrumblist"},"author":{"@id":"https:\/\/candas365.es\/noticias\/author\/admin\/#author"},"creator":{"@id":"https:\/\/candas365.es\/noticias\/author\/admin\/#author"},"image":{"@type":"ImageObject","url":"https:\/\/candas365.es\/noticias\/wp-content\/uploads\/2023\/01\/detenido-1.jpg","@id":"https:\/\/candas365.es\/noticias\/varios-detenidos-por-una-rina-tumultuaria-en-palma-de-mallorca\/#mainImage","width":1075,"height":658,"caption":"Foto: POLIC\u00cdA NACIONAL \/ Europa Press"},"primaryImageOfPage":{"@id":"https:\/\/candas365.es\/noticias\/varios-detenidos-por-una-rina-tumultuaria-en-palma-de-mallorca\/#mainImage"},"datePublished":"2023-01-22T21:21:59+01:00","dateModified":"2023-01-22T21:21:59+01:00"},{"@type":"WebSite","@id":"https:\/\/candas365.es\/noticias\/#website","url":"https:\/\/candas365.es\/noticias\/","name":"Cand\u00e1s 365","alternateName":"Cand\u00e1s 365 Noticias","description":"Actualidad desde Carre\u00f1o para el mundo","inLanguage":"es-ES","publisher":{"@id":"https:\/\/candas365.es\/noticias\/#organization"}}]},"og:locale":"es_ES","og:site_name":"Cand\u00e1s 365","og:type":"article","og:title":"Varios detenidos por una \u00abri\u00f1a tumultuaria\u00bb en Palma de Mallorca | Cand\u00e1s 365","og:description":"(EP) - La Polic\u00eda Nacional ha detenido a tres j\u00f3venes, dos hombres, de origen espa\u00f1ol y brasile\u00f1o, de 22 y 19 a\u00f1os de edad, y un menor de edad","og:url":"https:\/\/candas365.es\/noticias\/varios-detenidos-por-una-rina-tumultuaria-en-palma-de-mallorca\/","og:image":"https:\/\/candas365.es\/noticias\/wp-content\/uploads\/2023\/01\/detenido-1.jpg","og:image:secure_url":"https:\/\/candas365.es\/noticias\/wp-content\/uploads\/2023\/01\/detenido-1.jpg","og:image:width":1075,"og:image:height":658,"article:published_time":"2023-01-22T20:21:59+00:00","article:modified_time":"2023-01-22T20:21:59+00:00","article:publisher":"https:\/\/www.facebook.com\/Nachofdezber","article:author":"https:\/\/www.facebook.com\/carrenoactualidad","twitter:card":"summary_large_image","twitter:site":"@NabercoDigital","twitter:title":"Varios detenidos por una \u00abri\u00f1a tumultuaria\u00bb en Palma de Mallorca | Cand\u00e1s 365","twitter:description":"(EP) - La Polic\u00eda Nacional ha detenido a tres j\u00f3venes, dos hombres, de origen espa\u00f1ol y brasile\u00f1o, de 22 y 19 a\u00f1os de edad, y un menor de edad","twitter:creator":"@nbasturias","twitter:image":"https:\/\/candas365.es\/noticias\/wp-content\/uploads\/2023\/01\/detenido-1.jpg","twitter:label1":"Escrito por","twitter:data1":"Cand\u00e1s 365","twitter:label2":"Tiempo de lectura estimado","twitter:data2":"3 minutos"},"aioseo_meta_data":{"post_id":"171265","title":null,"description":"(EP) - La Polic\u00eda Nacional ha detenido a tres j\u00f3venes, dos hombres, de origen espa\u00f1ol y brasile\u00f1o, de 22 y 19 a\u00f1os de edad, y un menor de edad","keywords":[],"keyphrases":{"focus":{"keyphrase":"detenido","score":80,"analysis":{"keyphraseInTitle":{"score":3,"maxScore":9,"error":1},"keyphraseInDescription":{"score":9,"maxScore":9,"error":0},"keyphraseLength":{"score":9,"maxScore":9,"error":0,"length":1},"keyphraseInURL":{"score":1,"maxScore":5,"error":1},"keyphraseInIntroduction":{"score":9,"maxScore":9,"error":0},"keyphraseInSubHeadings":[],"keyphraseInImageAlt":{"score":9,"maxScore":9,"error":0}}},"additional":[{"keyphrase":"detenido","score":100,"analysis":{"keyphraseInDescription":{"score":9,"maxScore":9,"error":0},"keyphraseLength":{"score":9,"maxScore":9,"error":0,"length":1},"keyphraseInIntroduction":{"score":9,"maxScore":9,"error":0},"keyphraseInImageAlt":{"score":9,"maxScore":9,"error":0}}},{"keyphrase":"La Polic\u00eda Nacional","score":83,"analysis":{"keyphraseInDescription":{"score":9,"maxScore":9,"error":0},"keyphraseLength":{"score":9,"maxScore":9,"error":0,"length":3},"keyphraseInIntroduction":{"score":9,"maxScore":9,"error":0},"keyphraseInImageAlt":{"score":3,"maxScore":9,"error":1}}}]},"primary_term":null,"canonical_url":null,"og_title":null,"og_description":null,"og_object_type":"default","og_image_type":"default","og_image_url":null,"og_image_width":null,"og_image_height":null,"og_image_custom_url":null,"og_image_custom_fields":null,"og_video":"","og_custom_url":null,"og_article_section":null,"og_article_tags":[],"twitter_use_og":false,"twitter_card":"default","twitter_image_type":"default","twitter_image_url":null,"twitter_image_custom_url":null,"twitter_image_custom_fields":null,"twitter_title":null,"twitter_description":null,"schema":{"blockGraphs":[],"customGraphs":[],"default":{"data":{"Article":[],"Course":[],"Dataset":[],"FAQPage":[],"Movie":[],"Person":[],"Product":[],"ProductReview":[],"Car":[],"Recipe":[],"Service":[],"SoftwareApplication":[],"WebPage":[]},"graphName":"Article","isEnabled":true},"graphs":[]},"schema_type":"default","schema_type_options":null,"pillar_content":false,"robots_default":true,"robots_noindex":false,"robots_noarchive":false,"robots_nosnippet":false,"robots_nofollow":false,"robots_noimageindex":false,"robots_noodp":false,"robots_notranslate":false,"robots_max_snippet":"-1","robots_max_videopreview":"-1","robots_max_imagepreview":"large","priority":null,"frequency":"default","location":null,"local_seo":null,"seo_analyzer_scan_date":"2025-09-01 18:21:16","breadcrumb_settings":null,"limit_modified_date":false,"reviewed_by":null,"open_ai":null,"ai":null,"created":"2023-01-22 20:17:06","updated":"2025-09-01 18:21:16"},"aioseo_breadcrumb":"<div class=\"aioseo-breadcrumbs\"><span class=\"aioseo-breadcrumb\">\n\t<a href=\"https:\/\/candas365.es\/noticias\" title=\"Home\">Home<\/a>\n<\/span><span class=\"aioseo-breadcrumb-separator\">&ndash;<\/span><span class=\"aioseo-breadcrumb\">\n\t<a href=\"https:\/\/candas365.es\/noticias\/category\/sucesos\/\" title=\"Sucesos\">Sucesos<\/a>\n<\/span><span class=\"aioseo-breadcrumb-separator\">&ndash;<\/span><span class=\"aioseo-breadcrumb\">\n\tVarios detenidos por una \u00abri\u00f1a tumultuaria\u00bb en Palma de Mallorca\n<\/span><\/div>","aioseo_breadcrumb_json":[{"label":"Home","link":"https:\/\/candas365.es\/noticias"},{"label":"Sucesos","link":"https:\/\/candas365.es\/noticias\/category\/sucesos\/"},{"label":"Varios detenidos por una \u00abri\u00f1a tumultuaria\u00bb en Palma de Mallorca","link":"https:\/\/candas365.es\/noticias\/varios-detenidos-por-una-rina-tumultuaria-en-palma-de-mallorca\/"}],"_links":{"self":[{"href":"https:\/\/candas365.es\/noticias\/wp-json\/wp\/v2\/posts\/171265","targetHints":{"allow":["GET"]}}],"collection":[{"href":"https:\/\/candas365.es\/noticias\/wp-json\/wp\/v2\/posts"}],"about":[{"href":"https:\/\/candas365.es\/noticias\/wp-json\/wp\/v2\/types\/post"}],"author":[{"embeddable":true,"href":"https:\/\/candas365.es\/noticias\/wp-json\/wp\/v2\/users\/1"}],"replies":[{"embeddable":true,"href":"https:\/\/candas365.es\/noticias\/wp-json\/wp\/v2\/comments?post=171265"}],"version-history":[{"count":0,"href":"https:\/\/candas365.es\/noticias\/wp-json\/wp\/v2\/posts\/171265\/revisions"}],"wp:featuredmedia":[{"embeddable":true,"href":"https:\/\/candas365.es\/noticias\/wp-json\/wp\/v2\/media\/171266"}],"wp:attachment":[{"href":"https:\/\/candas365.es\/noticias\/wp-json\/wp\/v2\/media?parent=171265"}],"wp:term":[{"taxonomy":"category","embeddable":true,"href":"https:\/\/candas365.es\/noticias\/wp-json\/wp\/v2\/categories?post=171265"},{"taxonomy":"post_tag","embeddable":true,"href":"https:\/\/candas365.es\/noticias\/wp-json\/wp\/v2\/tags?post=171265"}],"curies":[{"name":"wp","href":"https:\/\/api.w.org\/{rel}","templated":true}]}}