{"id":171233,"date":"2023-01-21T20:15:40","date_gmt":"2023-01-21T19:15:40","guid":{"rendered":"https:\/\/candas365.es\/noticias\/?p=171233"},"modified":"2023-01-21T20:15:40","modified_gmt":"2023-01-21T19:15:40","slug":"cierran-machu-picchu-indefinidamente-por-las-protestas-contra-boluarte","status":"publish","type":"post","link":"https:\/\/candas365.es\/noticias\/cierran-machu-picchu-indefinidamente-por-las-protestas-contra-boluarte\/","title":{"rendered":"Cierran Machu Picchu \u00abindefinidamente\u00bb por las protestas contra Boluarte"},"content":{"rendered":"<p>(EP) &#8211; La Direcci\u00f3n Desconcentrada de Cultura de Cusco ha anunciado la suspensi\u00f3n de las visitas tur\u00edsticas a la ciudadela incaica de <span style=\"color: #ff6600;\"><strong><a style=\"color: #ff6600;\" href=\"https:\/\/es.wikipedia.org\/wiki\/Machu_Picchu\">Machu Picchu<\/a><\/strong><\/span> debido a la inestabilidad pol\u00edtica vinculada a las protestas contra la presidenta Dina Boluarte.<\/p>\n<figure id=\"attachment_171234\" aria-describedby=\"caption-attachment-171234\" style=\"width: 650px\" class=\"wp-caption aligncenter\"><img fetchpriority=\"high\" decoding=\"async\" class=\"wp-image-171234 size-large\" src=\"https:\/\/candas365.es\/noticias\/wp-content\/uploads\/2023\/01\/Machu-Picchu-650x436.jpg\" alt=\"Machu Picchu\" width=\"650\" height=\"436\" srcset=\"https:\/\/candas365.es\/noticias\/wp-content\/uploads\/2023\/01\/Machu-Picchu-650x436.jpg 650w, https:\/\/candas365.es\/noticias\/wp-content\/uploads\/2023\/01\/Machu-Picchu-360x241.jpg 360w, https:\/\/candas365.es\/noticias\/wp-content\/uploads\/2023\/01\/Machu-Picchu-768x515.jpg 768w, https:\/\/candas365.es\/noticias\/wp-content\/uploads\/2023\/01\/Machu-Picchu-150x101.jpg 150w, https:\/\/candas365.es\/noticias\/wp-content\/uploads\/2023\/01\/Machu-Picchu-450x302.jpg 450w, https:\/\/candas365.es\/noticias\/wp-content\/uploads\/2023\/01\/Machu-Picchu.jpg 995w\" sizes=\"(max-width: 650px) 100vw, 650px\" \/><figcaption id=\"caption-attachment-171234\" class=\"wp-caption-text\">FOTO: PROMPER\u00da \/ Europa Press<\/figcaption><\/figure>\n<p><strong>La medida busca preservar el patrimonio hist\u00f3rico, ya que el distrito inici\u00f3 un paro indefinido desde este s\u00e1bado, 21 de enero.<\/strong> Quienes hayan adquirido ya las entradas podr\u00e1n utilizarlas hasta un mes despu\u00e9s de que terminen las protestas y se dar\u00e1n facilidades para la devoluci\u00f3n de lo ya abonado.<\/p>\n<p>El Frente de Defensa de los Intereses de Machu Picchu, convocante del paro indefinido, ha anunciado el cierre de todos los locales comerciales de la zona para exigir la renuncia de la presidenta Dina Boluarte y ha constituido una olla com\u00fan para todo el distrito para hacer frente al desabastecimiento de alimentos.<\/p>\n<p><strong>En los \u00faltimos d\u00edas se han producido <a href=\"https:\/\/candas365.es\/noticias\/category\/sucesos\/\"><span style=\"color: #ff6600;\">enfrentamientos violentos<\/span><\/a> en el distrito de Ollantaytambo<\/strong>, donde se encuentra la estaci\u00f3n de tren que lleva a Machu Picchu.<\/p>\n<p>M\u00e1s de 2.000 turistas visitaban cada d\u00eda Machu Picchu antes de las protestas, mientras que la cifra se ha reducido a unos 500, lo que supone un enorme da\u00f1o para la econom\u00eda de la regi\u00f3n.<\/p>\n","protected":false},"excerpt":{"rendered":"<p>(EP) &#8211; La Direcci\u00f3n Desconcentrada de Cultura de Cusco ha anunciado la suspensi\u00f3n de las visitas tur\u00edsticas a la ciudadela incaica de Machu Picchu debido a la inestabilidad pol\u00edtica vinculada a las protestas contra la presidenta Dina Boluarte. La medida busca preservar el patrimonio hist\u00f3rico, ya que el distrito inici\u00f3 un paro indefinido desde este<\/p>\n","protected":false},"author":1,"featured_media":171234,"comment_status":"closed","ping_status":"closed","sticky":false,"template":"","format":"standard","meta":{"footnotes":""},"categories":[485],"tags":[482],"class_list":{"0":"post-171233","1":"post","2":"type-post","3":"status-publish","4":"format-standard","5":"has-post-thumbnail","7":"category-internacional","8":"tag-peru"},"aioseo_notices":[],"aioseo_head":"\n\t\t<!-- All in One SEO Pro 4.9.6.2 - aioseo.com -->\n\t<meta name=\"description\" content=\"(EP) - La Direcci\u00f3n Desconcentrada de Cultura de Cusco ha anunciado la suspensi\u00f3n de las visitas tur\u00edsticas a la ciudadela incaica de Machu Picchu\" \/>\n\t<meta name=\"robots\" content=\"max-image-preview:large\" \/>\n\t<meta name=\"author\" content=\"Cand\u00e1s 365\"\/>\n\t<meta name=\"google-site-verification\" content=\"UA-32230408-1\" \/>\n\t<meta name=\"msvalidate.01\" content=\"354F3CDFB2DA171B47FBE9ABF1F88D5\" \/>\n\t<meta name=\"keywords\" content=\"internacional\" \/>\n\t<link rel=\"canonical\" href=\"https:\/\/candas365.es\/noticias\/cierran-machu-picchu-indefinidamente-por-las-protestas-contra-boluarte\/\" \/>\n\t<meta name=\"generator\" content=\"All in One SEO Pro (AIOSEO) 4.9.6.2\" \/>\n\t\t<meta property=\"og:locale\" content=\"es_ES\" \/>\n\t\t<meta property=\"og:site_name\" content=\"Cand\u00e1s 365\" \/>\n\t\t<meta property=\"og:type\" content=\"article\" \/>\n\t\t<meta property=\"og:title\" content=\"Cierran Machu Picchu \u00abindefinidamente\u00bb por las protestas contra Boluarte | Cand\u00e1s 365\" \/>\n\t\t<meta property=\"og:description\" content=\"(EP) - La Direcci\u00f3n Desconcentrada de Cultura de Cusco ha anunciado la suspensi\u00f3n de las visitas tur\u00edsticas a la ciudadela incaica de Machu Picchu\" \/>\n\t\t<meta property=\"og:url\" content=\"https:\/\/candas365.es\/noticias\/cierran-machu-picchu-indefinidamente-por-las-protestas-contra-boluarte\/\" \/>\n\t\t<meta property=\"og:image\" content=\"https:\/\/candas365.es\/noticias\/wp-content\/uploads\/2023\/01\/Machu-Picchu.jpg\" \/>\n\t\t<meta property=\"og:image:secure_url\" content=\"https:\/\/candas365.es\/noticias\/wp-content\/uploads\/2023\/01\/Machu-Picchu.jpg\" \/>\n\t\t<meta property=\"og:image:width\" content=\"995\" \/>\n\t\t<meta property=\"og:image:height\" content=\"667\" \/>\n\t\t<meta property=\"article:published_time\" content=\"2023-01-21T19:15:40+00:00\" \/>\n\t\t<meta property=\"article:modified_time\" content=\"2023-01-21T19:15:40+00:00\" \/>\n\t\t<meta property=\"article:publisher\" content=\"https:\/\/www.facebook.com\/Nachofdezber\" \/>\n\t\t<meta property=\"article:author\" content=\"https:\/\/www.facebook.com\/carrenoactualidad\" \/>\n\t\t<meta name=\"twitter:card\" content=\"summary_large_image\" \/>\n\t\t<meta name=\"twitter:site\" content=\"@NabercoDigital\" \/>\n\t\t<meta name=\"twitter:title\" content=\"Cierran Machu Picchu \u00abindefinidamente\u00bb por las protestas contra Boluarte | Cand\u00e1s 365\" \/>\n\t\t<meta name=\"twitter:description\" content=\"(EP) - La Direcci\u00f3n Desconcentrada de Cultura de Cusco ha anunciado la suspensi\u00f3n de las visitas tur\u00edsticas a la ciudadela incaica de Machu Picchu\" \/>\n\t\t<meta name=\"twitter:creator\" content=\"@nbasturias\" \/>\n\t\t<meta name=\"twitter:image\" content=\"https:\/\/candas365.es\/noticias\/wp-content\/uploads\/2023\/01\/Machu-Picchu.jpg\" \/>\n\t\t<meta name=\"twitter:label1\" content=\"Escrito por\" \/>\n\t\t<meta name=\"twitter:data1\" content=\"Cand\u00e1s 365\" \/>\n\t\t<meta name=\"twitter:label2\" content=\"Tiempo de lectura estimado\" \/>\n\t\t<meta name=\"twitter:data2\" content=\"1 minuto\" \/>\n\t\t<script type=\"application\/ld+json\" class=\"aioseo-schema\">\n\t\t\t{\"@context\":\"https:\\\/\\\/schema.org\",\"@graph\":[{\"@type\":\"BreadcrumbList\",\"@id\":\"https:\\\/\\\/candas365.es\\\/noticias\\\/cierran-machu-picchu-indefinidamente-por-las-protestas-contra-boluarte\\\/#breadcrumblist\",\"itemListElement\":[{\"@type\":\"ListItem\",\"@id\":\"https:\\\/\\\/candas365.es\\\/noticias#listItem\",\"position\":1,\"name\":\"Home\",\"item\":\"https:\\\/\\\/candas365.es\\\/noticias\",\"nextItem\":{\"@type\":\"ListItem\",\"@id\":\"https:\\\/\\\/candas365.es\\\/noticias\\\/category\\\/internacional\\\/#listItem\",\"name\":\"Internacional\"}},{\"@type\":\"ListItem\",\"@id\":\"https:\\\/\\\/candas365.es\\\/noticias\\\/category\\\/internacional\\\/#listItem\",\"position\":2,\"name\":\"Internacional\",\"item\":\"https:\\\/\\\/candas365.es\\\/noticias\\\/category\\\/internacional\\\/\",\"nextItem\":{\"@type\":\"ListItem\",\"@id\":\"https:\\\/\\\/candas365.es\\\/noticias\\\/cierran-machu-picchu-indefinidamente-por-las-protestas-contra-boluarte\\\/#listItem\",\"name\":\"Cierran Machu Picchu \\u00abindefinidamente\\u00bb por las protestas contra Boluarte\"},\"previousItem\":{\"@type\":\"ListItem\",\"@id\":\"https:\\\/\\\/candas365.es\\\/noticias#listItem\",\"name\":\"Home\"}},{\"@type\":\"ListItem\",\"@id\":\"https:\\\/\\\/candas365.es\\\/noticias\\\/cierran-machu-picchu-indefinidamente-por-las-protestas-contra-boluarte\\\/#listItem\",\"position\":3,\"name\":\"Cierran Machu Picchu \\u00abindefinidamente\\u00bb por las protestas contra Boluarte\",\"previousItem\":{\"@type\":\"ListItem\",\"@id\":\"https:\\\/\\\/candas365.es\\\/noticias\\\/category\\\/internacional\\\/#listItem\",\"name\":\"Internacional\"}}]},{\"@type\":\"NewsArticle\",\"@id\":\"https:\\\/\\\/candas365.es\\\/noticias\\\/cierran-machu-picchu-indefinidamente-por-las-protestas-contra-boluarte\\\/#newsarticle\",\"name\":\"Cierran Machu Picchu \\u00abindefinidamente\\u00bb por las protestas contra Boluarte | Cand\\u00e1s 365\",\"headline\":\"Cierran Machu Picchu \\u00abindefinidamente\\u00bb por las protestas contra Boluarte\",\"author\":{\"@id\":\"https:\\\/\\\/candas365.es\\\/noticias\\\/author\\\/admin\\\/#author\"},\"publisher\":{\"@id\":\"https:\\\/\\\/candas365.es\\\/noticias\\\/#organization\"},\"image\":{\"@type\":\"ImageObject\",\"url\":\"https:\\\/\\\/candas365.es\\\/noticias\\\/wp-content\\\/uploads\\\/2023\\\/01\\\/Machu-Picchu.jpg\",\"width\":995,\"height\":667,\"caption\":\"FOTO: PROMPER\\u00da \\\/ Europa Press\"},\"datePublished\":\"2023-01-21T20:15:40+01:00\",\"dateModified\":\"2023-01-21T20:15:40+01:00\",\"inLanguage\":\"es-ES\",\"mainEntityOfPage\":{\"@id\":\"https:\\\/\\\/candas365.es\\\/noticias\\\/cierran-machu-picchu-indefinidamente-por-las-protestas-contra-boluarte\\\/#webpage\"},\"isPartOf\":{\"@id\":\"https:\\\/\\\/candas365.es\\\/noticias\\\/cierran-machu-picchu-indefinidamente-por-las-protestas-contra-boluarte\\\/#webpage\"},\"articleSection\":\"Internacional, Per\\u00fa\",\"dateline\":\"Publicado el enero 21, 2023.\"},{\"@type\":\"Organization\",\"@id\":\"https:\\\/\\\/candas365.es\\\/noticias\\\/#organization\",\"name\":\"Cand\\u00e1s 365\",\"description\":\"Cand\\u00e1s 365 es un diario digital independiente, fundado en 2012, con base en Asturias. Informamos con rigor sobre actualidad, sociedad, cultura y ocio, con una mirada local y global.\",\"url\":\"https:\\\/\\\/candas365.es\\\/noticias\\\/\",\"email\":\"info@candas365.es\",\"telephone\":\"+34652131393\",\"foundingDate\":\"2012-06-10\",\"logo\":{\"@type\":\"ImageObject\",\"url\":\"https:\\\/\\\/candas365.es\\\/noticias\\\/wp-content\\\/uploads\\\/2024\\\/09\\\/Candas-365-Redes.jpg\",\"@id\":\"https:\\\/\\\/candas365.es\\\/noticias\\\/cierran-machu-picchu-indefinidamente-por-las-protestas-contra-boluarte\\\/#organizationLogo\",\"width\":1152,\"height\":864,\"caption\":\"Cand\\u00e1s 365 Redes\"},\"image\":{\"@id\":\"https:\\\/\\\/candas365.es\\\/noticias\\\/cierran-machu-picchu-indefinidamente-por-las-protestas-contra-boluarte\\\/#organizationLogo\"},\"sameAs\":[\"https:\\\/\\\/www.facebook.com\\\/Nachofdezber\",\"https:\\\/\\\/x.com\\\/NabercoDigital\",\"https:\\\/\\\/www.instagram.com\\\/nachofdezber\\\/\",\"https:\\\/\\\/www.youtube.com\\\/channel\\\/UCZP-2wLEB9Rv6erhFmqVnvg\"],\"address\":{\"@id\":\"https:\\\/\\\/candas365.es\\\/noticias\\\/#postaladdress\",\"@type\":\"PostalAddress\",\"streetAddress\":\"san antonio 4, san antonio 4\",\"postalCode\":\"33430\",\"addressLocality\":\"Cand\\u00e1s\",\"addressRegion\":\"Asturias\",\"addressCountry\":\"ES\"}},{\"@type\":\"Person\",\"@id\":\"https:\\\/\\\/candas365.es\\\/noticias\\\/author\\\/admin\\\/#author\",\"url\":\"https:\\\/\\\/candas365.es\\\/noticias\\\/author\\\/admin\\\/\",\"name\":\"Cand\\u00e1s 365\",\"image\":{\"@type\":\"ImageObject\",\"@id\":\"https:\\\/\\\/candas365.es\\\/noticias\\\/cierran-machu-picchu-indefinidamente-por-las-protestas-contra-boluarte\\\/#authorImage\",\"url\":\"https:\\\/\\\/secure.gravatar.com\\\/avatar\\\/496a8e03d0c493ede1718b7934145dbdf8d89be1036b0eec9544e1094c9de390?s=96&d=mm&r=g\",\"width\":96,\"height\":96,\"caption\":\"Cand\\u00e1s 365\"},\"sameAs\":[\"https:\\\/\\\/www.facebook.com\\\/carrenoactualidad\",\"https:\\\/\\\/twitter.com\\\/nbasturias\",\"https:\\\/\\\/www.instagram.com\\\/nachofdezber\\\/\",\"https:\\\/\\\/www.youtube.com\\\/channel\\\/UCZP-2wLEB9Rv6erhFmqVnvg\"]},{\"@type\":\"WebPage\",\"@id\":\"https:\\\/\\\/candas365.es\\\/noticias\\\/cierran-machu-picchu-indefinidamente-por-las-protestas-contra-boluarte\\\/#webpage\",\"url\":\"https:\\\/\\\/candas365.es\\\/noticias\\\/cierran-machu-picchu-indefinidamente-por-las-protestas-contra-boluarte\\\/\",\"name\":\"Cierran Machu Picchu \\u00abindefinidamente\\u00bb por las protestas contra Boluarte | Cand\\u00e1s 365\",\"description\":\"(EP) - La Direcci\\u00f3n Desconcentrada de Cultura de Cusco ha anunciado la suspensi\\u00f3n de las visitas tur\\u00edsticas a la ciudadela incaica de Machu Picchu\",\"inLanguage\":\"es-ES\",\"isPartOf\":{\"@id\":\"https:\\\/\\\/candas365.es\\\/noticias\\\/#website\"},\"breadcrumb\":{\"@id\":\"https:\\\/\\\/candas365.es\\\/noticias\\\/cierran-machu-picchu-indefinidamente-por-las-protestas-contra-boluarte\\\/#breadcrumblist\"},\"author\":{\"@id\":\"https:\\\/\\\/candas365.es\\\/noticias\\\/author\\\/admin\\\/#author\"},\"creator\":{\"@id\":\"https:\\\/\\\/candas365.es\\\/noticias\\\/author\\\/admin\\\/#author\"},\"image\":{\"@type\":\"ImageObject\",\"url\":\"https:\\\/\\\/candas365.es\\\/noticias\\\/wp-content\\\/uploads\\\/2023\\\/01\\\/Machu-Picchu.jpg\",\"@id\":\"https:\\\/\\\/candas365.es\\\/noticias\\\/cierran-machu-picchu-indefinidamente-por-las-protestas-contra-boluarte\\\/#mainImage\",\"width\":995,\"height\":667,\"caption\":\"FOTO: PROMPER\\u00da \\\/ Europa Press\"},\"primaryImageOfPage\":{\"@id\":\"https:\\\/\\\/candas365.es\\\/noticias\\\/cierran-machu-picchu-indefinidamente-por-las-protestas-contra-boluarte\\\/#mainImage\"},\"datePublished\":\"2023-01-21T20:15:40+01:00\",\"dateModified\":\"2023-01-21T20:15:40+01:00\"},{\"@type\":\"WebSite\",\"@id\":\"https:\\\/\\\/candas365.es\\\/noticias\\\/#website\",\"url\":\"https:\\\/\\\/candas365.es\\\/noticias\\\/\",\"name\":\"Cand\\u00e1s 365\",\"alternateName\":\"Cand\\u00e1s 365 Noticias\",\"description\":\"Actualidad desde Carre\\u00f1o para el mundo\",\"inLanguage\":\"es-ES\",\"publisher\":{\"@id\":\"https:\\\/\\\/candas365.es\\\/noticias\\\/#organization\"}}]}\n\t\t<\/script>\n\t\t<!-- All in One SEO Pro -->\r\n\t\t<title>Cierran Machu Picchu \u00abindefinidamente\u00bb por las protestas contra Boluarte | Cand\u00e1s 365<\/title>\n\n","aioseo_head_json":{"title":"Cierran Machu Picchu \u00abindefinidamente\u00bb por las protestas contra Boluarte | Cand\u00e1s 365","description":"(EP) - La Direcci\u00f3n Desconcentrada de Cultura de Cusco ha anunciado la suspensi\u00f3n de las visitas tur\u00edsticas a la ciudadela incaica de Machu Picchu","canonical_url":"https:\/\/candas365.es\/noticias\/cierran-machu-picchu-indefinidamente-por-las-protestas-contra-boluarte\/","robots":"max-image-preview:large","keywords":"internacional","webmasterTools":{"google-site-verification":"UA-32230408-1","msvalidate.01":"354F3CDFB2DA171B47FBE9ABF1F88D5","miscellaneous":""},"schema":{"@context":"https:\/\/schema.org","@graph":[{"@type":"BreadcrumbList","@id":"https:\/\/candas365.es\/noticias\/cierran-machu-picchu-indefinidamente-por-las-protestas-contra-boluarte\/#breadcrumblist","itemListElement":[{"@type":"ListItem","@id":"https:\/\/candas365.es\/noticias#listItem","position":1,"name":"Home","item":"https:\/\/candas365.es\/noticias","nextItem":{"@type":"ListItem","@id":"https:\/\/candas365.es\/noticias\/category\/internacional\/#listItem","name":"Internacional"}},{"@type":"ListItem","@id":"https:\/\/candas365.es\/noticias\/category\/internacional\/#listItem","position":2,"name":"Internacional","item":"https:\/\/candas365.es\/noticias\/category\/internacional\/","nextItem":{"@type":"ListItem","@id":"https:\/\/candas365.es\/noticias\/cierran-machu-picchu-indefinidamente-por-las-protestas-contra-boluarte\/#listItem","name":"Cierran Machu Picchu \u00abindefinidamente\u00bb por las protestas contra Boluarte"},"previousItem":{"@type":"ListItem","@id":"https:\/\/candas365.es\/noticias#listItem","name":"Home"}},{"@type":"ListItem","@id":"https:\/\/candas365.es\/noticias\/cierran-machu-picchu-indefinidamente-por-las-protestas-contra-boluarte\/#listItem","position":3,"name":"Cierran Machu Picchu \u00abindefinidamente\u00bb por las protestas contra Boluarte","previousItem":{"@type":"ListItem","@id":"https:\/\/candas365.es\/noticias\/category\/internacional\/#listItem","name":"Internacional"}}]},{"@type":"NewsArticle","@id":"https:\/\/candas365.es\/noticias\/cierran-machu-picchu-indefinidamente-por-las-protestas-contra-boluarte\/#newsarticle","name":"Cierran Machu Picchu \u00abindefinidamente\u00bb por las protestas contra Boluarte | Cand\u00e1s 365","headline":"Cierran Machu Picchu \u00abindefinidamente\u00bb por las protestas contra Boluarte","author":{"@id":"https:\/\/candas365.es\/noticias\/author\/admin\/#author"},"publisher":{"@id":"https:\/\/candas365.es\/noticias\/#organization"},"image":{"@type":"ImageObject","url":"https:\/\/candas365.es\/noticias\/wp-content\/uploads\/2023\/01\/Machu-Picchu.jpg","width":995,"height":667,"caption":"FOTO: PROMPER\u00da \/ Europa Press"},"datePublished":"2023-01-21T20:15:40+01:00","dateModified":"2023-01-21T20:15:40+01:00","inLanguage":"es-ES","mainEntityOfPage":{"@id":"https:\/\/candas365.es\/noticias\/cierran-machu-picchu-indefinidamente-por-las-protestas-contra-boluarte\/#webpage"},"isPartOf":{"@id":"https:\/\/candas365.es\/noticias\/cierran-machu-picchu-indefinidamente-por-las-protestas-contra-boluarte\/#webpage"},"articleSection":"Internacional, Per\u00fa","dateline":"Publicado el enero 21, 2023."},{"@type":"Organization","@id":"https:\/\/candas365.es\/noticias\/#organization","name":"Cand\u00e1s 365","description":"Cand\u00e1s 365 es un diario digital independiente, fundado en 2012, con base en Asturias. Informamos con rigor sobre actualidad, sociedad, cultura y ocio, con una mirada local y global.","url":"https:\/\/candas365.es\/noticias\/","email":"info@candas365.es","telephone":"+34652131393","foundingDate":"2012-06-10","logo":{"@type":"ImageObject","url":"https:\/\/candas365.es\/noticias\/wp-content\/uploads\/2024\/09\/Candas-365-Redes.jpg","@id":"https:\/\/candas365.es\/noticias\/cierran-machu-picchu-indefinidamente-por-las-protestas-contra-boluarte\/#organizationLogo","width":1152,"height":864,"caption":"Cand\u00e1s 365 Redes"},"image":{"@id":"https:\/\/candas365.es\/noticias\/cierran-machu-picchu-indefinidamente-por-las-protestas-contra-boluarte\/#organizationLogo"},"sameAs":["https:\/\/www.facebook.com\/Nachofdezber","https:\/\/x.com\/NabercoDigital","https:\/\/www.instagram.com\/nachofdezber\/","https:\/\/www.youtube.com\/channel\/UCZP-2wLEB9Rv6erhFmqVnvg"],"address":{"@id":"https:\/\/candas365.es\/noticias\/#postaladdress","@type":"PostalAddress","streetAddress":"san antonio 4, san antonio 4","postalCode":"33430","addressLocality":"Cand\u00e1s","addressRegion":"Asturias","addressCountry":"ES"}},{"@type":"Person","@id":"https:\/\/candas365.es\/noticias\/author\/admin\/#author","url":"https:\/\/candas365.es\/noticias\/author\/admin\/","name":"Cand\u00e1s 365","image":{"@type":"ImageObject","@id":"https:\/\/candas365.es\/noticias\/cierran-machu-picchu-indefinidamente-por-las-protestas-contra-boluarte\/#authorImage","url":"https:\/\/secure.gravatar.com\/avatar\/496a8e03d0c493ede1718b7934145dbdf8d89be1036b0eec9544e1094c9de390?s=96&d=mm&r=g","width":96,"height":96,"caption":"Cand\u00e1s 365"},"sameAs":["https:\/\/www.facebook.com\/carrenoactualidad","https:\/\/twitter.com\/nbasturias","https:\/\/www.instagram.com\/nachofdezber\/","https:\/\/www.youtube.com\/channel\/UCZP-2wLEB9Rv6erhFmqVnvg"]},{"@type":"WebPage","@id":"https:\/\/candas365.es\/noticias\/cierran-machu-picchu-indefinidamente-por-las-protestas-contra-boluarte\/#webpage","url":"https:\/\/candas365.es\/noticias\/cierran-machu-picchu-indefinidamente-por-las-protestas-contra-boluarte\/","name":"Cierran Machu Picchu \u00abindefinidamente\u00bb por las protestas contra Boluarte | Cand\u00e1s 365","description":"(EP) - La Direcci\u00f3n Desconcentrada de Cultura de Cusco ha anunciado la suspensi\u00f3n de las visitas tur\u00edsticas a la ciudadela incaica de Machu Picchu","inLanguage":"es-ES","isPartOf":{"@id":"https:\/\/candas365.es\/noticias\/#website"},"breadcrumb":{"@id":"https:\/\/candas365.es\/noticias\/cierran-machu-picchu-indefinidamente-por-las-protestas-contra-boluarte\/#breadcrumblist"},"author":{"@id":"https:\/\/candas365.es\/noticias\/author\/admin\/#author"},"creator":{"@id":"https:\/\/candas365.es\/noticias\/author\/admin\/#author"},"image":{"@type":"ImageObject","url":"https:\/\/candas365.es\/noticias\/wp-content\/uploads\/2023\/01\/Machu-Picchu.jpg","@id":"https:\/\/candas365.es\/noticias\/cierran-machu-picchu-indefinidamente-por-las-protestas-contra-boluarte\/#mainImage","width":995,"height":667,"caption":"FOTO: PROMPER\u00da \/ Europa Press"},"primaryImageOfPage":{"@id":"https:\/\/candas365.es\/noticias\/cierran-machu-picchu-indefinidamente-por-las-protestas-contra-boluarte\/#mainImage"},"datePublished":"2023-01-21T20:15:40+01:00","dateModified":"2023-01-21T20:15:40+01:00"},{"@type":"WebSite","@id":"https:\/\/candas365.es\/noticias\/#website","url":"https:\/\/candas365.es\/noticias\/","name":"Cand\u00e1s 365","alternateName":"Cand\u00e1s 365 Noticias","description":"Actualidad desde Carre\u00f1o para el mundo","inLanguage":"es-ES","publisher":{"@id":"https:\/\/candas365.es\/noticias\/#organization"}}]},"og:locale":"es_ES","og:site_name":"Cand\u00e1s 365","og:type":"article","og:title":"Cierran Machu Picchu \u00abindefinidamente\u00bb por las protestas contra Boluarte | Cand\u00e1s 365","og:description":"(EP) - La Direcci\u00f3n Desconcentrada de Cultura de Cusco ha anunciado la suspensi\u00f3n de las visitas tur\u00edsticas a la ciudadela incaica de Machu Picchu","og:url":"https:\/\/candas365.es\/noticias\/cierran-machu-picchu-indefinidamente-por-las-protestas-contra-boluarte\/","og:image":"https:\/\/candas365.es\/noticias\/wp-content\/uploads\/2023\/01\/Machu-Picchu.jpg","og:image:secure_url":"https:\/\/candas365.es\/noticias\/wp-content\/uploads\/2023\/01\/Machu-Picchu.jpg","og:image:width":995,"og:image:height":667,"article:published_time":"2023-01-21T19:15:40+00:00","article:modified_time":"2023-01-21T19:15:40+00:00","article:publisher":"https:\/\/www.facebook.com\/Nachofdezber","article:author":"https:\/\/www.facebook.com\/carrenoactualidad","twitter:card":"summary_large_image","twitter:site":"@NabercoDigital","twitter:title":"Cierran Machu Picchu \u00abindefinidamente\u00bb por las protestas contra Boluarte | Cand\u00e1s 365","twitter:description":"(EP) - La Direcci\u00f3n Desconcentrada de Cultura de Cusco ha anunciado la suspensi\u00f3n de las visitas tur\u00edsticas a la ciudadela incaica de Machu Picchu","twitter:creator":"@nbasturias","twitter:image":"https:\/\/candas365.es\/noticias\/wp-content\/uploads\/2023\/01\/Machu-Picchu.jpg","twitter:label1":"Escrito por","twitter:data1":"Cand\u00e1s 365","twitter:label2":"Tiempo de lectura estimado","twitter:data2":"1 minuto"},"aioseo_meta_data":{"post_id":"171233","title":null,"description":"(EP) - La Direcci\u00f3n Desconcentrada de Cultura de Cusco ha anunciado la suspensi\u00f3n de las visitas tur\u00edsticas a la ciudadela incaica de Machu Picchu","keywords":[],"keyphrases":{"focus":{"keyphrase":"Machu Picchu ","score":92,"analysis":{"keyphraseInTitle":{"score":9,"maxScore":9,"error":0},"keyphraseInDescription":{"score":9,"maxScore":9,"error":0},"keyphraseLength":{"score":9,"maxScore":9,"error":0,"length":2},"keyphraseInURL":{"score":1,"maxScore":5,"error":1},"keyphraseInIntroduction":{"score":9,"maxScore":9,"error":0},"keyphraseInSubHeadings":[],"keyphraseInImageAlt":{"score":9,"maxScore":9,"error":0}}},"additional":[{"keyphrase":"Machu Picchu ","score":100,"analysis":{"keyphraseInDescription":{"score":9,"maxScore":9,"error":0},"keyphraseLength":{"score":9,"maxScore":9,"error":0,"length":2},"keyphraseInIntroduction":{"score":9,"maxScore":9,"error":0},"keyphraseInImageAlt":{"score":9,"maxScore":9,"error":0}}}]},"primary_term":null,"canonical_url":null,"og_title":null,"og_description":null,"og_object_type":"default","og_image_type":"default","og_image_url":null,"og_image_width":null,"og_image_height":null,"og_image_custom_url":null,"og_image_custom_fields":null,"og_video":"","og_custom_url":null,"og_article_section":null,"og_article_tags":[],"twitter_use_og":false,"twitter_card":"default","twitter_image_type":"default","twitter_image_url":null,"twitter_image_custom_url":null,"twitter_image_custom_fields":null,"twitter_title":null,"twitter_description":null,"schema":{"blockGraphs":[],"customGraphs":[],"default":{"data":{"Article":[],"Course":[],"Dataset":[],"FAQPage":[],"Movie":[],"Person":[],"Product":[],"ProductReview":[],"Car":[],"Recipe":[],"Service":[],"SoftwareApplication":[],"WebPage":[]},"graphName":"Article","isEnabled":true},"graphs":[]},"schema_type":"default","schema_type_options":null,"pillar_content":false,"robots_default":true,"robots_noindex":false,"robots_noarchive":false,"robots_nosnippet":false,"robots_nofollow":false,"robots_noimageindex":false,"robots_noodp":false,"robots_notranslate":false,"robots_max_snippet":"-1","robots_max_videopreview":"-1","robots_max_imagepreview":"large","priority":null,"frequency":"default","location":null,"local_seo":null,"seo_analyzer_scan_date":"2025-09-01 18:19:54","breadcrumb_settings":null,"limit_modified_date":false,"reviewed_by":null,"open_ai":null,"ai":null,"created":"2023-01-21 19:06:41","updated":"2025-09-01 18:19:54"},"aioseo_breadcrumb":"<div class=\"aioseo-breadcrumbs\"><span class=\"aioseo-breadcrumb\">\n\t<a href=\"https:\/\/candas365.es\/noticias\" title=\"Home\">Home<\/a>\n<\/span><span class=\"aioseo-breadcrumb-separator\">&ndash;<\/span><span class=\"aioseo-breadcrumb\">\n\t<a href=\"https:\/\/candas365.es\/noticias\/category\/internacional\/\" title=\"Internacional\">Internacional<\/a>\n<\/span><span class=\"aioseo-breadcrumb-separator\">&ndash;<\/span><span class=\"aioseo-breadcrumb\">\n\tCierran Machu Picchu \u00abindefinidamente\u00bb por las protestas contra Boluarte\n<\/span><\/div>","aioseo_breadcrumb_json":[{"label":"Home","link":"https:\/\/candas365.es\/noticias"},{"label":"Internacional","link":"https:\/\/candas365.es\/noticias\/category\/internacional\/"},{"label":"Cierran Machu Picchu \u00abindefinidamente\u00bb por las protestas contra Boluarte","link":"https:\/\/candas365.es\/noticias\/cierran-machu-picchu-indefinidamente-por-las-protestas-contra-boluarte\/"}],"_links":{"self":[{"href":"https:\/\/candas365.es\/noticias\/wp-json\/wp\/v2\/posts\/171233","targetHints":{"allow":["GET"]}}],"collection":[{"href":"https:\/\/candas365.es\/noticias\/wp-json\/wp\/v2\/posts"}],"about":[{"href":"https:\/\/candas365.es\/noticias\/wp-json\/wp\/v2\/types\/post"}],"author":[{"embeddable":true,"href":"https:\/\/candas365.es\/noticias\/wp-json\/wp\/v2\/users\/1"}],"replies":[{"embeddable":true,"href":"https:\/\/candas365.es\/noticias\/wp-json\/wp\/v2\/comments?post=171233"}],"version-history":[{"count":0,"href":"https:\/\/candas365.es\/noticias\/wp-json\/wp\/v2\/posts\/171233\/revisions"}],"wp:featuredmedia":[{"embeddable":true,"href":"https:\/\/candas365.es\/noticias\/wp-json\/wp\/v2\/media\/171234"}],"wp:attachment":[{"href":"https:\/\/candas365.es\/noticias\/wp-json\/wp\/v2\/media?parent=171233"}],"wp:term":[{"taxonomy":"category","embeddable":true,"href":"https:\/\/candas365.es\/noticias\/wp-json\/wp\/v2\/categories?post=171233"},{"taxonomy":"post_tag","embeddable":true,"href":"https:\/\/candas365.es\/noticias\/wp-json\/wp\/v2\/tags?post=171233"}],"curies":[{"name":"wp","href":"https:\/\/api.w.org\/{rel}","templated":true}]}}