{"id":171192,"date":"2023-01-20T21:54:03","date_gmt":"2023-01-20T20:54:03","guid":{"rendered":"https:\/\/candas365.es\/noticias\/?p=171192"},"modified":"2023-01-20T21:54:03","modified_gmt":"2023-01-20T20:54:03","slug":"salamanca-y-los-cabos-desarrollaran-acciones-conjuntas-de-promocion-turistica","status":"publish","type":"post","link":"https:\/\/candas365.es\/noticias\/salamanca-y-los-cabos-desarrollaran-acciones-conjuntas-de-promocion-turistica\/","title":{"rendered":"Salamanca y Los Cabos desarrollar\u00e1n acciones conjuntas de promoci\u00f3n tur\u00edstica"},"content":{"rendered":"<p>(EP) &#8211; El alcalde de Salamanca, Carlos Garc\u00eda Carbayo, y la directora de Turismo del Ayuntamiento del municipio de Los Cabos (M\u00e9xico), Donna Lauren Jefrries, en representaci\u00f3n de su alcalde, \u00d3scar Leggs Castro, han firmado este viernes en la Feria Internacional de Turismo (Fitur) un acuerdo de colaboraci\u00f3n que \u00absienta las bases para el desarrollo de proyectos en materia tur\u00edstica, acad\u00e9mica y cultural\u00bb.<\/p>\n<figure id=\"attachment_171193\" aria-describedby=\"caption-attachment-171193\" style=\"width: 650px\" class=\"wp-caption aligncenter\"><img fetchpriority=\"high\" decoding=\"async\" class=\"wp-image-171193 size-large\" src=\"https:\/\/candas365.es\/noticias\/wp-content\/uploads\/2023\/01\/Los-Cabos-1-650x470.jpg\" alt=\"Los Cabos\" width=\"650\" height=\"470\" srcset=\"https:\/\/candas365.es\/noticias\/wp-content\/uploads\/2023\/01\/Los-Cabos-1-650x470.jpg 650w, https:\/\/candas365.es\/noticias\/wp-content\/uploads\/2023\/01\/Los-Cabos-1-360x260.jpg 360w, https:\/\/candas365.es\/noticias\/wp-content\/uploads\/2023\/01\/Los-Cabos-1-768x556.jpg 768w, https:\/\/candas365.es\/noticias\/wp-content\/uploads\/2023\/01\/Los-Cabos-1-150x109.jpg 150w, https:\/\/candas365.es\/noticias\/wp-content\/uploads\/2023\/01\/Los-Cabos-1-450x326.jpg 450w, https:\/\/candas365.es\/noticias\/wp-content\/uploads\/2023\/01\/Los-Cabos-1.jpg 893w\" sizes=\"(max-width: 650px) 100vw, 650px\" \/><figcaption id=\"caption-attachment-171193\" class=\"wp-caption-text\">FOTO: AYUNTAMIENTO DE SALAMANCA \/ Europa Press<\/figcaption><\/figure>\n<p>La r\u00fabrica ha tenido lugar en la sala polivalente del expositor de Castilla y Le\u00f3n en Fitur con el objetivo de ambas partes de \u00abpotenciar sus capacidades de aprovechamiento de sus respectivos mercados locales y establecer iniciativas conjuntas de expansi\u00f3n hacia otros mercados nacionales e internacionales\u00bb.<\/p>\n<p>El acuerdo se centra en diez modalidades de cooperaci\u00f3n, entre las que se incluye el intercambio de informaci\u00f3n, la realizaci\u00f3n de estudios y estrategias, la participaci\u00f3n en eventos tur\u00edsticos regionales, nacionales e internacionales, el fomento del turismo sostenible y de los intercambios estudiantes y de promoci\u00f3n de las universidades de ambas partes, ha rese\u00f1ado el Ayuntamiento de Salamanca en la informaci\u00f3n recogida por Europa Press.<\/p>\n<p>Igualmente, contempla la promoci\u00f3n de actividades de turismo social, cultural, medioambiental y educativo y el desarrollo de acciones de promoci\u00f3n conjunta digitales, tanto en redes sociales como en web, el intercambio de informaci\u00f3n de eventos culturales y promociones cruzadas, as\u00ed como otras f\u00f3rmulas de cooperaci\u00f3n que se acuerden durante el desarrollo del convenio.<\/p>\n<p>\u00abEstas modalidades de colaboraci\u00f3n se concretar\u00e1n en proyectos espec\u00edficos, con objetivos, cronogramas de trabajo, mecanismos de evaluaci\u00f3n y de difusi\u00f3n de resultados, y calendarios para su desarrollo\u00bb, ha puntualizado la entidad salmantina tras la firma del acuerdo.<\/p>\n","protected":false},"excerpt":{"rendered":"<p>(EP) &#8211; El alcalde de Salamanca, Carlos Garc\u00eda Carbayo, y la directora de Turismo del Ayuntamiento del municipio de Los Cabos (M\u00e9xico), Donna Lauren Jefrries, en representaci\u00f3n de su alcalde, \u00d3scar Leggs Castro, han firmado este viernes en la Feria Internacional de Turismo (Fitur) un acuerdo de colaboraci\u00f3n que \u00absienta las bases para el desarrollo<\/p>\n","protected":false},"author":1,"featured_media":171193,"comment_status":"closed","ping_status":"closed","sticky":false,"template":"","format":"standard","meta":{"footnotes":""},"categories":[359],"tags":[412],"class_list":{"0":"post-171192","1":"post","2":"type-post","3":"status-publish","4":"format-standard","5":"has-post-thumbnail","7":"category-turismo","8":"tag-turismo"},"aioseo_notices":[],"aioseo_head":"\n\t\t<!-- All in One SEO Pro 4.9.6.2 - aioseo.com -->\n\t<meta name=\"description\" content=\"(EP) - El alcalde de Salamanca, Carlos Garc\u00eda Carbayo, y la directora de Turismo del Ayuntamiento del municipio de Los Cabos (M\u00e9xico)\" \/>\n\t<meta name=\"robots\" content=\"max-image-preview:large\" \/>\n\t<meta name=\"author\" content=\"Cand\u00e1s 365\"\/>\n\t<meta name=\"google-site-verification\" content=\"UA-32230408-1\" \/>\n\t<meta name=\"msvalidate.01\" content=\"354F3CDFB2DA171B47FBE9ABF1F88D5\" \/>\n\t<meta name=\"keywords\" content=\"turismo\" \/>\n\t<link rel=\"canonical\" href=\"https:\/\/candas365.es\/noticias\/salamanca-y-los-cabos-desarrollaran-acciones-conjuntas-de-promocion-turistica\/\" \/>\n\t<meta name=\"generator\" content=\"All in One SEO Pro (AIOSEO) 4.9.6.2\" \/>\n\t\t<meta property=\"og:locale\" content=\"es_ES\" \/>\n\t\t<meta property=\"og:site_name\" content=\"Cand\u00e1s 365\" \/>\n\t\t<meta property=\"og:type\" content=\"article\" \/>\n\t\t<meta property=\"og:title\" content=\"Salamanca y Los Cabos desarrollar\u00e1n acciones conjuntas de promoci\u00f3n tur\u00edstica | Cand\u00e1s 365\" \/>\n\t\t<meta property=\"og:description\" content=\"(EP) - El alcalde de Salamanca, Carlos Garc\u00eda Carbayo, y la directora de Turismo del Ayuntamiento del municipio de Los Cabos (M\u00e9xico)\" \/>\n\t\t<meta property=\"og:url\" content=\"https:\/\/candas365.es\/noticias\/salamanca-y-los-cabos-desarrollaran-acciones-conjuntas-de-promocion-turistica\/\" \/>\n\t\t<meta property=\"og:image\" content=\"https:\/\/candas365.es\/noticias\/wp-content\/uploads\/2023\/01\/Los-Cabos-1.jpg\" \/>\n\t\t<meta property=\"og:image:secure_url\" content=\"https:\/\/candas365.es\/noticias\/wp-content\/uploads\/2023\/01\/Los-Cabos-1.jpg\" \/>\n\t\t<meta property=\"og:image:width\" content=\"893\" \/>\n\t\t<meta property=\"og:image:height\" content=\"646\" \/>\n\t\t<meta property=\"article:published_time\" content=\"2023-01-20T20:54:03+00:00\" \/>\n\t\t<meta property=\"article:modified_time\" content=\"2023-01-20T20:54:03+00:00\" \/>\n\t\t<meta property=\"article:publisher\" content=\"https:\/\/www.facebook.com\/Nachofdezber\" \/>\n\t\t<meta property=\"article:author\" content=\"https:\/\/www.facebook.com\/carrenoactualidad\" \/>\n\t\t<meta name=\"twitter:card\" content=\"summary_large_image\" \/>\n\t\t<meta name=\"twitter:site\" content=\"@NabercoDigital\" \/>\n\t\t<meta name=\"twitter:title\" content=\"Salamanca y Los Cabos desarrollar\u00e1n acciones conjuntas de promoci\u00f3n tur\u00edstica | Cand\u00e1s 365\" \/>\n\t\t<meta name=\"twitter:description\" content=\"(EP) - El alcalde de Salamanca, Carlos Garc\u00eda Carbayo, y la directora de Turismo del Ayuntamiento del municipio de Los Cabos (M\u00e9xico)\" \/>\n\t\t<meta name=\"twitter:creator\" content=\"@nbasturias\" \/>\n\t\t<meta name=\"twitter:image\" content=\"https:\/\/candas365.es\/noticias\/wp-content\/uploads\/2023\/01\/Los-Cabos-1.jpg\" \/>\n\t\t<meta name=\"twitter:label1\" content=\"Escrito por\" \/>\n\t\t<meta name=\"twitter:data1\" content=\"Cand\u00e1s 365\" \/>\n\t\t<meta name=\"twitter:label2\" content=\"Tiempo de lectura estimado\" \/>\n\t\t<meta name=\"twitter:data2\" content=\"2 minutos\" \/>\n\t\t<script type=\"application\/ld+json\" class=\"aioseo-schema\">\n\t\t\t{\"@context\":\"https:\\\/\\\/schema.org\",\"@graph\":[{\"@type\":\"BreadcrumbList\",\"@id\":\"https:\\\/\\\/candas365.es\\\/noticias\\\/salamanca-y-los-cabos-desarrollaran-acciones-conjuntas-de-promocion-turistica\\\/#breadcrumblist\",\"itemListElement\":[{\"@type\":\"ListItem\",\"@id\":\"https:\\\/\\\/candas365.es\\\/noticias#listItem\",\"position\":1,\"name\":\"Home\",\"item\":\"https:\\\/\\\/candas365.es\\\/noticias\",\"nextItem\":{\"@type\":\"ListItem\",\"@id\":\"https:\\\/\\\/candas365.es\\\/noticias\\\/category\\\/turismo\\\/#listItem\",\"name\":\"Turismo\"}},{\"@type\":\"ListItem\",\"@id\":\"https:\\\/\\\/candas365.es\\\/noticias\\\/category\\\/turismo\\\/#listItem\",\"position\":2,\"name\":\"Turismo\",\"item\":\"https:\\\/\\\/candas365.es\\\/noticias\\\/category\\\/turismo\\\/\",\"nextItem\":{\"@type\":\"ListItem\",\"@id\":\"https:\\\/\\\/candas365.es\\\/noticias\\\/salamanca-y-los-cabos-desarrollaran-acciones-conjuntas-de-promocion-turistica\\\/#listItem\",\"name\":\"Salamanca y Los Cabos desarrollar\\u00e1n acciones conjuntas de promoci\\u00f3n tur\\u00edstica\"},\"previousItem\":{\"@type\":\"ListItem\",\"@id\":\"https:\\\/\\\/candas365.es\\\/noticias#listItem\",\"name\":\"Home\"}},{\"@type\":\"ListItem\",\"@id\":\"https:\\\/\\\/candas365.es\\\/noticias\\\/salamanca-y-los-cabos-desarrollaran-acciones-conjuntas-de-promocion-turistica\\\/#listItem\",\"position\":3,\"name\":\"Salamanca y Los Cabos desarrollar\\u00e1n acciones conjuntas de promoci\\u00f3n tur\\u00edstica\",\"previousItem\":{\"@type\":\"ListItem\",\"@id\":\"https:\\\/\\\/candas365.es\\\/noticias\\\/category\\\/turismo\\\/#listItem\",\"name\":\"Turismo\"}}]},{\"@type\":\"NewsArticle\",\"@id\":\"https:\\\/\\\/candas365.es\\\/noticias\\\/salamanca-y-los-cabos-desarrollaran-acciones-conjuntas-de-promocion-turistica\\\/#newsarticle\",\"name\":\"Salamanca y Los Cabos desarrollar\\u00e1n acciones conjuntas de promoci\\u00f3n tur\\u00edstica | Cand\\u00e1s 365\",\"headline\":\"Salamanca y Los Cabos desarrollar\\u00e1n acciones conjuntas de promoci\\u00f3n tur\\u00edstica\",\"author\":{\"@id\":\"https:\\\/\\\/candas365.es\\\/noticias\\\/author\\\/admin\\\/#author\"},\"publisher\":{\"@id\":\"https:\\\/\\\/candas365.es\\\/noticias\\\/#organization\"},\"image\":{\"@type\":\"ImageObject\",\"url\":\"https:\\\/\\\/candas365.es\\\/noticias\\\/wp-content\\\/uploads\\\/2023\\\/01\\\/Los-Cabos-1.jpg\",\"width\":893,\"height\":646,\"caption\":\"FOTO: AYUNTAMIENTO DE SALAMANCA \\\/ Europa Press\"},\"datePublished\":\"2023-01-20T21:54:03+01:00\",\"dateModified\":\"2023-01-20T21:54:03+01:00\",\"inLanguage\":\"es-ES\",\"mainEntityOfPage\":{\"@id\":\"https:\\\/\\\/candas365.es\\\/noticias\\\/salamanca-y-los-cabos-desarrollaran-acciones-conjuntas-de-promocion-turistica\\\/#webpage\"},\"isPartOf\":{\"@id\":\"https:\\\/\\\/candas365.es\\\/noticias\\\/salamanca-y-los-cabos-desarrollaran-acciones-conjuntas-de-promocion-turistica\\\/#webpage\"},\"articleSection\":\"Turismo, turismo\",\"dateline\":\"Publicado el enero 20, 2023.\"},{\"@type\":\"Organization\",\"@id\":\"https:\\\/\\\/candas365.es\\\/noticias\\\/#organization\",\"name\":\"Cand\\u00e1s 365\",\"description\":\"Cand\\u00e1s 365 es un diario digital independiente, fundado en 2012, con base en Asturias. Informamos con rigor sobre actualidad, sociedad, cultura y ocio, con una mirada local y global.\",\"url\":\"https:\\\/\\\/candas365.es\\\/noticias\\\/\",\"email\":\"info@candas365.es\",\"telephone\":\"+34652131393\",\"foundingDate\":\"2012-06-10\",\"logo\":{\"@type\":\"ImageObject\",\"url\":\"https:\\\/\\\/candas365.es\\\/noticias\\\/wp-content\\\/uploads\\\/2024\\\/09\\\/Candas-365-Redes.jpg\",\"@id\":\"https:\\\/\\\/candas365.es\\\/noticias\\\/salamanca-y-los-cabos-desarrollaran-acciones-conjuntas-de-promocion-turistica\\\/#organizationLogo\",\"width\":1152,\"height\":864,\"caption\":\"Cand\\u00e1s 365 Redes\"},\"image\":{\"@id\":\"https:\\\/\\\/candas365.es\\\/noticias\\\/salamanca-y-los-cabos-desarrollaran-acciones-conjuntas-de-promocion-turistica\\\/#organizationLogo\"},\"sameAs\":[\"https:\\\/\\\/www.facebook.com\\\/Nachofdezber\",\"https:\\\/\\\/x.com\\\/NabercoDigital\",\"https:\\\/\\\/www.instagram.com\\\/nachofdezber\\\/\",\"https:\\\/\\\/www.youtube.com\\\/channel\\\/UCZP-2wLEB9Rv6erhFmqVnvg\"],\"address\":{\"@id\":\"https:\\\/\\\/candas365.es\\\/noticias\\\/#postaladdress\",\"@type\":\"PostalAddress\",\"streetAddress\":\"san antonio 4, san antonio 4\",\"postalCode\":\"33430\",\"addressLocality\":\"Cand\\u00e1s\",\"addressRegion\":\"Asturias\",\"addressCountry\":\"ES\"}},{\"@type\":\"Person\",\"@id\":\"https:\\\/\\\/candas365.es\\\/noticias\\\/author\\\/admin\\\/#author\",\"url\":\"https:\\\/\\\/candas365.es\\\/noticias\\\/author\\\/admin\\\/\",\"name\":\"Cand\\u00e1s 365\",\"image\":{\"@type\":\"ImageObject\",\"@id\":\"https:\\\/\\\/candas365.es\\\/noticias\\\/salamanca-y-los-cabos-desarrollaran-acciones-conjuntas-de-promocion-turistica\\\/#authorImage\",\"url\":\"https:\\\/\\\/secure.gravatar.com\\\/avatar\\\/496a8e03d0c493ede1718b7934145dbdf8d89be1036b0eec9544e1094c9de390?s=96&d=mm&r=g\",\"width\":96,\"height\":96,\"caption\":\"Cand\\u00e1s 365\"},\"sameAs\":[\"https:\\\/\\\/www.facebook.com\\\/carrenoactualidad\",\"https:\\\/\\\/twitter.com\\\/nbasturias\",\"https:\\\/\\\/www.instagram.com\\\/nachofdezber\\\/\",\"https:\\\/\\\/www.youtube.com\\\/channel\\\/UCZP-2wLEB9Rv6erhFmqVnvg\"]},{\"@type\":\"WebPage\",\"@id\":\"https:\\\/\\\/candas365.es\\\/noticias\\\/salamanca-y-los-cabos-desarrollaran-acciones-conjuntas-de-promocion-turistica\\\/#webpage\",\"url\":\"https:\\\/\\\/candas365.es\\\/noticias\\\/salamanca-y-los-cabos-desarrollaran-acciones-conjuntas-de-promocion-turistica\\\/\",\"name\":\"Salamanca y Los Cabos desarrollar\\u00e1n acciones conjuntas de promoci\\u00f3n tur\\u00edstica | Cand\\u00e1s 365\",\"description\":\"(EP) - El alcalde de Salamanca, Carlos Garc\\u00eda Carbayo, y la directora de Turismo del Ayuntamiento del municipio de Los Cabos (M\\u00e9xico)\",\"inLanguage\":\"es-ES\",\"isPartOf\":{\"@id\":\"https:\\\/\\\/candas365.es\\\/noticias\\\/#website\"},\"breadcrumb\":{\"@id\":\"https:\\\/\\\/candas365.es\\\/noticias\\\/salamanca-y-los-cabos-desarrollaran-acciones-conjuntas-de-promocion-turistica\\\/#breadcrumblist\"},\"author\":{\"@id\":\"https:\\\/\\\/candas365.es\\\/noticias\\\/author\\\/admin\\\/#author\"},\"creator\":{\"@id\":\"https:\\\/\\\/candas365.es\\\/noticias\\\/author\\\/admin\\\/#author\"},\"image\":{\"@type\":\"ImageObject\",\"url\":\"https:\\\/\\\/candas365.es\\\/noticias\\\/wp-content\\\/uploads\\\/2023\\\/01\\\/Los-Cabos-1.jpg\",\"@id\":\"https:\\\/\\\/candas365.es\\\/noticias\\\/salamanca-y-los-cabos-desarrollaran-acciones-conjuntas-de-promocion-turistica\\\/#mainImage\",\"width\":893,\"height\":646,\"caption\":\"FOTO: AYUNTAMIENTO DE SALAMANCA \\\/ Europa Press\"},\"primaryImageOfPage\":{\"@id\":\"https:\\\/\\\/candas365.es\\\/noticias\\\/salamanca-y-los-cabos-desarrollaran-acciones-conjuntas-de-promocion-turistica\\\/#mainImage\"},\"datePublished\":\"2023-01-20T21:54:03+01:00\",\"dateModified\":\"2023-01-20T21:54:03+01:00\"},{\"@type\":\"WebSite\",\"@id\":\"https:\\\/\\\/candas365.es\\\/noticias\\\/#website\",\"url\":\"https:\\\/\\\/candas365.es\\\/noticias\\\/\",\"name\":\"Cand\\u00e1s 365\",\"alternateName\":\"Cand\\u00e1s 365 Noticias\",\"description\":\"Actualidad desde Carre\\u00f1o para el mundo\",\"inLanguage\":\"es-ES\",\"publisher\":{\"@id\":\"https:\\\/\\\/candas365.es\\\/noticias\\\/#organization\"}}]}\n\t\t<\/script>\n\t\t<!-- All in One SEO Pro -->\r\n\t\t<title>Salamanca y Los Cabos desarrollar\u00e1n acciones conjuntas de promoci\u00f3n tur\u00edstica | Cand\u00e1s 365<\/title>\n\n","aioseo_head_json":{"title":"Salamanca y Los Cabos desarrollar\u00e1n acciones conjuntas de promoci\u00f3n tur\u00edstica | Cand\u00e1s 365","description":"(EP) - El alcalde de Salamanca, Carlos Garc\u00eda Carbayo, y la directora de Turismo del Ayuntamiento del municipio de Los Cabos (M\u00e9xico)","canonical_url":"https:\/\/candas365.es\/noticias\/salamanca-y-los-cabos-desarrollaran-acciones-conjuntas-de-promocion-turistica\/","robots":"max-image-preview:large","keywords":"turismo","webmasterTools":{"google-site-verification":"UA-32230408-1","msvalidate.01":"354F3CDFB2DA171B47FBE9ABF1F88D5","miscellaneous":""},"schema":{"@context":"https:\/\/schema.org","@graph":[{"@type":"BreadcrumbList","@id":"https:\/\/candas365.es\/noticias\/salamanca-y-los-cabos-desarrollaran-acciones-conjuntas-de-promocion-turistica\/#breadcrumblist","itemListElement":[{"@type":"ListItem","@id":"https:\/\/candas365.es\/noticias#listItem","position":1,"name":"Home","item":"https:\/\/candas365.es\/noticias","nextItem":{"@type":"ListItem","@id":"https:\/\/candas365.es\/noticias\/category\/turismo\/#listItem","name":"Turismo"}},{"@type":"ListItem","@id":"https:\/\/candas365.es\/noticias\/category\/turismo\/#listItem","position":2,"name":"Turismo","item":"https:\/\/candas365.es\/noticias\/category\/turismo\/","nextItem":{"@type":"ListItem","@id":"https:\/\/candas365.es\/noticias\/salamanca-y-los-cabos-desarrollaran-acciones-conjuntas-de-promocion-turistica\/#listItem","name":"Salamanca y Los Cabos desarrollar\u00e1n acciones conjuntas de promoci\u00f3n tur\u00edstica"},"previousItem":{"@type":"ListItem","@id":"https:\/\/candas365.es\/noticias#listItem","name":"Home"}},{"@type":"ListItem","@id":"https:\/\/candas365.es\/noticias\/salamanca-y-los-cabos-desarrollaran-acciones-conjuntas-de-promocion-turistica\/#listItem","position":3,"name":"Salamanca y Los Cabos desarrollar\u00e1n acciones conjuntas de promoci\u00f3n tur\u00edstica","previousItem":{"@type":"ListItem","@id":"https:\/\/candas365.es\/noticias\/category\/turismo\/#listItem","name":"Turismo"}}]},{"@type":"NewsArticle","@id":"https:\/\/candas365.es\/noticias\/salamanca-y-los-cabos-desarrollaran-acciones-conjuntas-de-promocion-turistica\/#newsarticle","name":"Salamanca y Los Cabos desarrollar\u00e1n acciones conjuntas de promoci\u00f3n tur\u00edstica | Cand\u00e1s 365","headline":"Salamanca y Los Cabos desarrollar\u00e1n acciones conjuntas de promoci\u00f3n tur\u00edstica","author":{"@id":"https:\/\/candas365.es\/noticias\/author\/admin\/#author"},"publisher":{"@id":"https:\/\/candas365.es\/noticias\/#organization"},"image":{"@type":"ImageObject","url":"https:\/\/candas365.es\/noticias\/wp-content\/uploads\/2023\/01\/Los-Cabos-1.jpg","width":893,"height":646,"caption":"FOTO: AYUNTAMIENTO DE SALAMANCA \/ Europa Press"},"datePublished":"2023-01-20T21:54:03+01:00","dateModified":"2023-01-20T21:54:03+01:00","inLanguage":"es-ES","mainEntityOfPage":{"@id":"https:\/\/candas365.es\/noticias\/salamanca-y-los-cabos-desarrollaran-acciones-conjuntas-de-promocion-turistica\/#webpage"},"isPartOf":{"@id":"https:\/\/candas365.es\/noticias\/salamanca-y-los-cabos-desarrollaran-acciones-conjuntas-de-promocion-turistica\/#webpage"},"articleSection":"Turismo, turismo","dateline":"Publicado el enero 20, 2023."},{"@type":"Organization","@id":"https:\/\/candas365.es\/noticias\/#organization","name":"Cand\u00e1s 365","description":"Cand\u00e1s 365 es un diario digital independiente, fundado en 2012, con base en Asturias. Informamos con rigor sobre actualidad, sociedad, cultura y ocio, con una mirada local y global.","url":"https:\/\/candas365.es\/noticias\/","email":"info@candas365.es","telephone":"+34652131393","foundingDate":"2012-06-10","logo":{"@type":"ImageObject","url":"https:\/\/candas365.es\/noticias\/wp-content\/uploads\/2024\/09\/Candas-365-Redes.jpg","@id":"https:\/\/candas365.es\/noticias\/salamanca-y-los-cabos-desarrollaran-acciones-conjuntas-de-promocion-turistica\/#organizationLogo","width":1152,"height":864,"caption":"Cand\u00e1s 365 Redes"},"image":{"@id":"https:\/\/candas365.es\/noticias\/salamanca-y-los-cabos-desarrollaran-acciones-conjuntas-de-promocion-turistica\/#organizationLogo"},"sameAs":["https:\/\/www.facebook.com\/Nachofdezber","https:\/\/x.com\/NabercoDigital","https:\/\/www.instagram.com\/nachofdezber\/","https:\/\/www.youtube.com\/channel\/UCZP-2wLEB9Rv6erhFmqVnvg"],"address":{"@id":"https:\/\/candas365.es\/noticias\/#postaladdress","@type":"PostalAddress","streetAddress":"san antonio 4, san antonio 4","postalCode":"33430","addressLocality":"Cand\u00e1s","addressRegion":"Asturias","addressCountry":"ES"}},{"@type":"Person","@id":"https:\/\/candas365.es\/noticias\/author\/admin\/#author","url":"https:\/\/candas365.es\/noticias\/author\/admin\/","name":"Cand\u00e1s 365","image":{"@type":"ImageObject","@id":"https:\/\/candas365.es\/noticias\/salamanca-y-los-cabos-desarrollaran-acciones-conjuntas-de-promocion-turistica\/#authorImage","url":"https:\/\/secure.gravatar.com\/avatar\/496a8e03d0c493ede1718b7934145dbdf8d89be1036b0eec9544e1094c9de390?s=96&d=mm&r=g","width":96,"height":96,"caption":"Cand\u00e1s 365"},"sameAs":["https:\/\/www.facebook.com\/carrenoactualidad","https:\/\/twitter.com\/nbasturias","https:\/\/www.instagram.com\/nachofdezber\/","https:\/\/www.youtube.com\/channel\/UCZP-2wLEB9Rv6erhFmqVnvg"]},{"@type":"WebPage","@id":"https:\/\/candas365.es\/noticias\/salamanca-y-los-cabos-desarrollaran-acciones-conjuntas-de-promocion-turistica\/#webpage","url":"https:\/\/candas365.es\/noticias\/salamanca-y-los-cabos-desarrollaran-acciones-conjuntas-de-promocion-turistica\/","name":"Salamanca y Los Cabos desarrollar\u00e1n acciones conjuntas de promoci\u00f3n tur\u00edstica | Cand\u00e1s 365","description":"(EP) - El alcalde de Salamanca, Carlos Garc\u00eda Carbayo, y la directora de Turismo del Ayuntamiento del municipio de Los Cabos (M\u00e9xico)","inLanguage":"es-ES","isPartOf":{"@id":"https:\/\/candas365.es\/noticias\/#website"},"breadcrumb":{"@id":"https:\/\/candas365.es\/noticias\/salamanca-y-los-cabos-desarrollaran-acciones-conjuntas-de-promocion-turistica\/#breadcrumblist"},"author":{"@id":"https:\/\/candas365.es\/noticias\/author\/admin\/#author"},"creator":{"@id":"https:\/\/candas365.es\/noticias\/author\/admin\/#author"},"image":{"@type":"ImageObject","url":"https:\/\/candas365.es\/noticias\/wp-content\/uploads\/2023\/01\/Los-Cabos-1.jpg","@id":"https:\/\/candas365.es\/noticias\/salamanca-y-los-cabos-desarrollaran-acciones-conjuntas-de-promocion-turistica\/#mainImage","width":893,"height":646,"caption":"FOTO: AYUNTAMIENTO DE SALAMANCA \/ Europa Press"},"primaryImageOfPage":{"@id":"https:\/\/candas365.es\/noticias\/salamanca-y-los-cabos-desarrollaran-acciones-conjuntas-de-promocion-turistica\/#mainImage"},"datePublished":"2023-01-20T21:54:03+01:00","dateModified":"2023-01-20T21:54:03+01:00"},{"@type":"WebSite","@id":"https:\/\/candas365.es\/noticias\/#website","url":"https:\/\/candas365.es\/noticias\/","name":"Cand\u00e1s 365","alternateName":"Cand\u00e1s 365 Noticias","description":"Actualidad desde Carre\u00f1o para el mundo","inLanguage":"es-ES","publisher":{"@id":"https:\/\/candas365.es\/noticias\/#organization"}}]},"og:locale":"es_ES","og:site_name":"Cand\u00e1s 365","og:type":"article","og:title":"Salamanca y Los Cabos desarrollar\u00e1n acciones conjuntas de promoci\u00f3n tur\u00edstica | Cand\u00e1s 365","og:description":"(EP) - El alcalde de Salamanca, Carlos Garc\u00eda Carbayo, y la directora de Turismo del Ayuntamiento del municipio de Los Cabos (M\u00e9xico)","og:url":"https:\/\/candas365.es\/noticias\/salamanca-y-los-cabos-desarrollaran-acciones-conjuntas-de-promocion-turistica\/","og:image":"https:\/\/candas365.es\/noticias\/wp-content\/uploads\/2023\/01\/Los-Cabos-1.jpg","og:image:secure_url":"https:\/\/candas365.es\/noticias\/wp-content\/uploads\/2023\/01\/Los-Cabos-1.jpg","og:image:width":893,"og:image:height":646,"article:published_time":"2023-01-20T20:54:03+00:00","article:modified_time":"2023-01-20T20:54:03+00:00","article:publisher":"https:\/\/www.facebook.com\/Nachofdezber","article:author":"https:\/\/www.facebook.com\/carrenoactualidad","twitter:card":"summary_large_image","twitter:site":"@NabercoDigital","twitter:title":"Salamanca y Los Cabos desarrollar\u00e1n acciones conjuntas de promoci\u00f3n tur\u00edstica | Cand\u00e1s 365","twitter:description":"(EP) - El alcalde de Salamanca, Carlos Garc\u00eda Carbayo, y la directora de Turismo del Ayuntamiento del municipio de Los Cabos (M\u00e9xico)","twitter:creator":"@nbasturias","twitter:image":"https:\/\/candas365.es\/noticias\/wp-content\/uploads\/2023\/01\/Los-Cabos-1.jpg","twitter:label1":"Escrito por","twitter:data1":"Cand\u00e1s 365","twitter:label2":"Tiempo de lectura estimado","twitter:data2":"2 minutos"},"aioseo_meta_data":{"post_id":"171192","title":null,"description":"(EP) - El alcalde de Salamanca, Carlos Garc\u00eda Carbayo, y la directora de Turismo del Ayuntamiento del municipio de Los Cabos (M\u00e9xico)","keywords":[],"keyphrases":{"focus":{"keyphrase":"Los Cabos","score":92,"analysis":{"keyphraseInTitle":{"score":9,"maxScore":9,"error":0},"keyphraseInDescription":{"score":9,"maxScore":9,"error":0},"keyphraseLength":{"score":9,"maxScore":9,"error":0,"length":2},"keyphraseInURL":{"score":1,"maxScore":5,"error":1},"keyphraseInIntroduction":{"score":9,"maxScore":9,"error":0},"keyphraseInSubHeadings":[],"keyphraseInImageAlt":{"score":9,"maxScore":9,"error":0}}},"additional":[{"keyphrase":"Los Cabos","score":100,"analysis":{"keyphraseInDescription":{"score":9,"maxScore":9,"error":0},"keyphraseLength":{"score":9,"maxScore":9,"error":0,"length":2},"keyphraseInIntroduction":{"score":9,"maxScore":9,"error":0},"keyphraseInImageAlt":{"score":9,"maxScore":9,"error":0}}},{"keyphrase":"Salamanca","score":83,"analysis":{"keyphraseInDescription":{"score":9,"maxScore":9,"error":0},"keyphraseLength":{"score":9,"maxScore":9,"error":0,"length":1},"keyphraseInIntroduction":{"score":9,"maxScore":9,"error":0},"keyphraseInImageAlt":{"score":3,"maxScore":9,"error":1}}}]},"primary_term":null,"canonical_url":null,"og_title":null,"og_description":null,"og_object_type":"default","og_image_type":"default","og_image_url":null,"og_image_width":null,"og_image_height":null,"og_image_custom_url":null,"og_image_custom_fields":null,"og_video":"","og_custom_url":null,"og_article_section":null,"og_article_tags":[],"twitter_use_og":false,"twitter_card":"default","twitter_image_type":"default","twitter_image_url":null,"twitter_image_custom_url":null,"twitter_image_custom_fields":null,"twitter_title":null,"twitter_description":null,"schema":{"blockGraphs":[],"customGraphs":[],"default":{"data":{"Article":[],"Course":[],"Dataset":[],"FAQPage":[],"Movie":[],"Person":[],"Product":[],"ProductReview":[],"Car":[],"Recipe":[],"Service":[],"SoftwareApplication":[],"WebPage":[]},"graphName":"Article","isEnabled":true},"graphs":[]},"schema_type":"default","schema_type_options":null,"pillar_content":false,"robots_default":true,"robots_noindex":false,"robots_noarchive":false,"robots_nosnippet":false,"robots_nofollow":false,"robots_noimageindex":false,"robots_noodp":false,"robots_notranslate":false,"robots_max_snippet":"-1","robots_max_videopreview":"-1","robots_max_imagepreview":"large","priority":null,"frequency":"default","location":null,"local_seo":null,"seo_analyzer_scan_date":"2025-09-01 18:17:46","breadcrumb_settings":null,"limit_modified_date":false,"reviewed_by":null,"open_ai":null,"ai":null,"created":"2023-01-20 20:50:11","updated":"2025-09-01 18:17:46"},"aioseo_breadcrumb":"<div class=\"aioseo-breadcrumbs\"><span class=\"aioseo-breadcrumb\">\n\t<a href=\"https:\/\/candas365.es\/noticias\" title=\"Home\">Home<\/a>\n<\/span><span class=\"aioseo-breadcrumb-separator\">&ndash;<\/span><span class=\"aioseo-breadcrumb\">\n\t<a href=\"https:\/\/candas365.es\/noticias\/category\/turismo\/\" title=\"Turismo\">Turismo<\/a>\n<\/span><span class=\"aioseo-breadcrumb-separator\">&ndash;<\/span><span class=\"aioseo-breadcrumb\">\n\tSalamanca y Los Cabos desarrollar\u00e1n acciones conjuntas de promoci\u00f3n tur\u00edstica\n<\/span><\/div>","aioseo_breadcrumb_json":[{"label":"Home","link":"https:\/\/candas365.es\/noticias"},{"label":"Turismo","link":"https:\/\/candas365.es\/noticias\/category\/turismo\/"},{"label":"Salamanca y Los Cabos desarrollar\u00e1n acciones conjuntas de promoci\u00f3n tur\u00edstica","link":"https:\/\/candas365.es\/noticias\/salamanca-y-los-cabos-desarrollaran-acciones-conjuntas-de-promocion-turistica\/"}],"_links":{"self":[{"href":"https:\/\/candas365.es\/noticias\/wp-json\/wp\/v2\/posts\/171192","targetHints":{"allow":["GET"]}}],"collection":[{"href":"https:\/\/candas365.es\/noticias\/wp-json\/wp\/v2\/posts"}],"about":[{"href":"https:\/\/candas365.es\/noticias\/wp-json\/wp\/v2\/types\/post"}],"author":[{"embeddable":true,"href":"https:\/\/candas365.es\/noticias\/wp-json\/wp\/v2\/users\/1"}],"replies":[{"embeddable":true,"href":"https:\/\/candas365.es\/noticias\/wp-json\/wp\/v2\/comments?post=171192"}],"version-history":[{"count":0,"href":"https:\/\/candas365.es\/noticias\/wp-json\/wp\/v2\/posts\/171192\/revisions"}],"wp:featuredmedia":[{"embeddable":true,"href":"https:\/\/candas365.es\/noticias\/wp-json\/wp\/v2\/media\/171193"}],"wp:attachment":[{"href":"https:\/\/candas365.es\/noticias\/wp-json\/wp\/v2\/media?parent=171192"}],"wp:term":[{"taxonomy":"category","embeddable":true,"href":"https:\/\/candas365.es\/noticias\/wp-json\/wp\/v2\/categories?post=171192"},{"taxonomy":"post_tag","embeddable":true,"href":"https:\/\/candas365.es\/noticias\/wp-json\/wp\/v2\/tags?post=171192"}],"curies":[{"name":"wp","href":"https:\/\/api.w.org\/{rel}","templated":true}]}}